{"id":168433,"date":"2021-09-22T17:00:32","date_gmt":"2021-09-22T15:00:32","guid":{"rendered":"https:\/\/dicodusport.fr\/blog\/?p=168433"},"modified":"2021-09-22T19:26:08","modified_gmt":"2021-09-22T17:26:08","slug":"flandres-2021-allemagne-tony-martin-championne-du-monde-relais-mixte","status":"publish","type":"post","link":"https:\/\/dicodusport.fr\/blog\/flandres-2021-allemagne-tony-martin-championne-du-monde-relais-mixte\/","title":{"rendered":"Flandres 2021 : L&rsquo;Allemagne de Tony Martin championne du monde sur le relais mixte"},"content":{"rendered":"<p style=\"text-align: justify;\"><strong><em><a href=\"https:\/\/dicodusport.fr\/blog\/championnats-monde-cyclisme-sur-route-2021-programme-complet\/\">CYCLISME SUR ROUTE &#8211; CHAMPIONNATS DU MONDE 2021<\/a> &#8211; L&rsquo;Allemagne sur le toit du monde ! Ce mercredi, Tony Martin, qui disputait sa derni\u00e8re course en carri\u00e8re, Max Walscheid, Nikias Arndt, Lisa Brennauer, Lisa Klein et Mieke Kr\u00f6ger ont d\u00e9croch\u00e9 le titre mondial du relais mixte. La Mannschaft a devanc\u00e9 les Pays-Bas et l&rsquo;Italie.<\/em><\/strong><\/p>\n<p style=\"text-align: justify;\">L&rsquo;Allemagne reine du chrono par \u00e9quipes ! Ce mercredi, les Allemands ont donc rafl\u00e9 le titre mondial du relais mixte. Apr\u00e8s l&rsquo;argent en 2019 dans le Yorkshire, la Mannschaft a offert une derni\u00e8re course d&rsquo;anthologie \u00e0 un certain <strong>Tony Martin<\/strong>, quadruple champion du monde en individuel, et qui met aujourd&rsquo;hui un terme \u00e0 sa carri\u00e8re, \u00e0 l&rsquo;\u00e2ge de 36 ans. Martin ainsi que <strong>Nikias Arndt<\/strong> et <strong>Max Walscheid<\/strong> ont r\u00e9alis\u00e9 un excellent premier relais sur les 22,5 km du parcours belge, mais \u00e9taient devanc\u00e9s de 20 secondes par les Italiens emmen\u00e9s par <strong>Filippo Ganna<\/strong>, <strong>Edoardo Affini<\/strong> et <strong>Matteo Sobrero<\/strong>, au moment de passer la main aux dames.<\/p>\n<blockquote class=\"twitter-tweet\">\n<p dir=\"ltr\" lang=\"en\">LEGEND.<a href=\"https:\/\/twitter.com\/tonymartin85?ref_src=twsrc%5Etfw\">@tonymartin85<\/a> &#x1f1e9;&#x1f1ea; completes his last event as a professional cyclist! &#x1f64c;<a href=\"https:\/\/twitter.com\/hashtag\/Flanders2021?src=hash&amp;ref_src=twsrc%5Etfw\">#Flanders2021<\/a> <a href=\"https:\/\/t.co\/JZRph8Ugbo\">pic.twitter.com\/JZRph8Ugbo<\/a><\/p>\n<p>\u2014 UCI (@UCI_cycling) <a href=\"https:\/\/twitter.com\/UCI_cycling\/status\/1440683189895249921?ref_src=twsrc%5Etfw\">September 22, 2021<\/a><\/p><\/blockquote>\n<p><script async src=\"https:\/\/platform.twitter.com\/widgets.js\" charset=\"utf-8\"><\/script><\/p>\n<h2 style=\"text-align: justify;\"><strong>Les Italiennes craquent, pas les Allemandes<\/strong><\/h2>\n<p style=\"text-align: justify;\">Mais sur les 22 km de trac\u00e9 r\u00e9serv\u00e9 aux dames, les Italiennes ont marqu\u00e9 le pas. <strong>Elisa Longo Borghini<\/strong>, <strong>Marta Cavalli<\/strong> et <strong>Elena Cecchini<\/strong> ne sont pas parvenues \u00e0 r\u00e9sister aux Allemandes, <strong>Brennauer<\/strong>, <strong>Klein<\/strong> et <strong>Kr\u00f6ger<\/strong>. Ces derni\u00e8res avaient d\u00e9j\u00e0 r\u00e9cup\u00e9r\u00e9 35 secondes sur les Transalpines, et occupaient donc la t\u00eate au pointage interm\u00e9diaire \u00e0 mi-parcours, avec 15 secondes d&rsquo;avance sur l&rsquo;Italie et les Pays-Bas. Sur la ligne d&rsquo;arriv\u00e9e, l&rsquo;Allemagne devan\u00e7ait finalement les N\u00e9erlandaises <strong>Annemiek van Vleuten<\/strong>, <strong>Ellen van Dijk<\/strong> et <strong>Riejanne Markus<\/strong>, qui ont survol\u00e9 le trac\u00e9 f\u00e9minin. Les Pays-Bas deuxi\u00e8mes donc, devant l&rsquo;Italie, qui aura conserv\u00e9 sa place sur le podium pour cinq petits centi\u00e8mes de seconde face \u00e0 la Suisse de <strong>K\u00fcng<\/strong> et <strong>Reusser<\/strong>. Un moindre mal, pour une Squadra Azzura championne d&rsquo;Europe en titre.<\/p>\n<p style=\"text-align: justify;\">C\u00f4t\u00e9 Fran\u00e7ais, pas de surprise. <strong>Marion Borras<\/strong>, <strong>Clara Copponi<\/strong>, <strong>Coralie Demay<\/strong>, <strong>Benjamin Thomas<\/strong>, <strong>Valentin Tabellion<\/strong> et <strong>Thomas Denis<\/strong> doivent se contenter d&rsquo;une 9\u00e8me place d\u00e9cevante, \u00e0 2:51 des vainqueurs du jour.<\/p>\n<h2><strong>\u00c0 lire aussi\u00a0<\/strong><\/h2>\n<ul>\n<li style=\"text-align: justify;\"><a href=\"https:\/\/dicodusport.fr\/blog\/championnats-monde-cyclisme-classement-relais-mixte\/\"><strong>Le classement du relais mixte<\/strong><\/a><\/li>\n<li style=\"text-align: justify;\"><a href=\"https:\/\/dicodusport.fr\/blog\/championnats-du-monde-cyclisme-sur-route-2021-tableau-des-medailles\/\"><strong>Le tableau des m\u00e9dailles<\/strong><\/a><\/li>\n<\/ul>\n","protected":false},"excerpt":{"rendered":"<p>CYCLISME SUR ROUTE &#8211; CHAMPIONNATS DU MONDE 2021 &#8211; L&rsquo;Allemagne sur le toit du monde ! Ce mercredi, Tony Martin, qui disputait sa derni\u00e8re course en carri\u00e8re, Max Walscheid, Nikias Arndt, Lisa Brennauer, Lisa Klein et Mieke Kr\u00f6ger ont d\u00e9croch\u00e9 le titre mondial du relais mixte. La Mannschaft a devanc\u00e9 les Pays-Bas et l&rsquo;Italie.<\/p>\n","protected":false},"author":48,"featured_media":168486,"comment_status":"open","ping_status":"closed","sticky":false,"template":"","format":"standard","meta":{"_acf_changed":false,"_daextam_enable_autolinks":"","footnotes":""},"categories":[46994],"tags":[3119,10812,24],"class_list":["post-168433","post","type-post","status-publish","format-standard","has-post-thumbnail","hentry","category-cyclisme-sur-route","tag-actualite-cyclisme","tag-championnats-du-monde-de-cyclisme","tag-sport"],"acf":[],"yoast_head":"<!-- This site is optimized with the Yoast SEO Premium plugin v26.7 (Yoast SEO v26.7) - https:\/\/yoast.com\/wordpress\/plugins\/seo\/ -->\n<title>Flandres 2021 : L&#039;Allemagne de Tony Martin championne du monde sur le relais mixte<\/title>\n<meta name=\"description\" content=\"CYCLISME SUR ROUTE - CHAMPIONNATS DU MONDE 2021 - L&#039;Allemagne sur le toit du monde ! La Mannschaft a devanc\u00e9 les Pays-Bas et l&#039;Italie sur le relais mixte.\" \/>\n<meta name=\"robots\" content=\"index, follow, max-snippet:-1, max-image-preview:large, max-video-preview:-1\" \/>\n<link rel=\"canonical\" href=\"https:\/\/dicodusport.fr\/blog\/flandres-2021-allemagne-tony-martin-championne-du-monde-relais-mixte\/\" \/>\n<meta property=\"og:locale\" content=\"fr_FR\" \/>\n<meta property=\"og:type\" content=\"article\" \/>\n<meta property=\"og:title\" content=\"Flandres 2021 : L&#039;Allemagne de Tony Martin championne du monde sur le relais mixte\" \/>\n<meta property=\"og:description\" content=\"CYCLISME SUR ROUTE - CHAMPIONNATS DU MONDE 2021 - L&#039;Allemagne sur le toit du monde ! La Mannschaft a devanc\u00e9 les Pays-Bas et l&#039;Italie sur le relais mixte.\" \/>\n<meta property=\"og:url\" content=\"https:\/\/dicodusport.fr\/blog\/flandres-2021-allemagne-tony-martin-championne-du-monde-relais-mixte\/\" \/>\n<meta property=\"og:site_name\" content=\"Dicodusport\" \/>\n<meta property=\"article:publisher\" content=\"https:\/\/www.facebook.com\/dicodusport\" \/>\n<meta property=\"article:author\" content=\"https:\/\/www.facebook.com\/groups\/LesRoisDuPeloton\" \/>\n<meta property=\"article:published_time\" content=\"2021-09-22T15:00:32+00:00\" \/>\n<meta property=\"article:modified_time\" content=\"2021-09-22T17:26:08+00:00\" \/>\n<meta property=\"og:image\" content=\"https:\/\/dicodusport.fr\/blog\/wp-content\/uploads\/2021\/09\/Cyclisme-Flandres-2021-LAllemagne-de-Tony-Martin-championne-du-monde-sur-le-relais-mixte.png\" \/>\n\t<meta property=\"og:image:width\" content=\"800\" \/>\n\t<meta property=\"og:image:height\" content=\"445\" \/>\n\t<meta property=\"og:image:type\" content=\"image\/png\" \/>\n<meta name=\"author\" content=\"Emilien Descampiaux\" \/>\n<meta name=\"twitter:card\" content=\"summary_large_image\" \/>\n<meta name=\"twitter:title\" content=\"Flandres 2021 : L&#039;Allemagne de Tony Martin championne du monde sur le relais mixte\" \/>\n<meta name=\"twitter:creator\" content=\"@https:\/\/twitter.com\/LRoisDuPeloton\" \/>\n<meta name=\"twitter:site\" content=\"@dicodusport\" \/>\n<script type=\"application\/ld+json\" class=\"yoast-schema-graph\">{\"@context\":\"https:\/\/schema.org\",\"@graph\":[{\"@type\":\"NewsArticle\",\"@id\":\"https:\/\/dicodusport.fr\/blog\/flandres-2021-allemagne-tony-martin-championne-du-monde-relais-mixte\/#article\",\"isPartOf\":{\"@id\":\"https:\/\/dicodusport.fr\/blog\/flandres-2021-allemagne-tony-martin-championne-du-monde-relais-mixte\/\"},\"author\":{\"name\":\"Emilien Descampiaux\",\"@id\":\"https:\/\/dicodusport.fr\/blog\/#\/schema\/person\/6db4bae06b171592211be385b32876a7\"},\"headline\":\"Flandres 2021 : L&rsquo;Allemagne de Tony Martin championne du monde sur le relais mixte\",\"datePublished\":\"2021-09-22T15:00:32+00:00\",\"dateModified\":\"2021-09-22T17:26:08+00:00\",\"mainEntityOfPage\":{\"@id\":\"https:\/\/dicodusport.fr\/blog\/flandres-2021-allemagne-tony-martin-championne-du-monde-relais-mixte\/\"},\"wordCount\":405,\"commentCount\":0,\"publisher\":{\"@id\":\"https:\/\/dicodusport.fr\/blog\/#organization\"},\"image\":{\"@id\":\"https:\/\/dicodusport.fr\/blog\/flandres-2021-allemagne-tony-martin-championne-du-monde-relais-mixte\/#primaryimage\"},\"thumbnailUrl\":\"https:\/\/dicodusport.fr\/blog\/wp-content\/uploads\/2021\/09\/Cyclisme-Flandres-2021-LAllemagne-de-Tony-Martin-championne-du-monde-sur-le-relais-mixte.png\",\"keywords\":[\"Actualit\u00e9 Cyclisme\",\"Championnats du monde de cyclisme\",\"sport\"],\"articleSection\":[\"Cyclisme sur route\"],\"inLanguage\":\"fr-FR\",\"potentialAction\":[{\"@type\":\"CommentAction\",\"name\":\"Comment\",\"target\":[\"https:\/\/dicodusport.fr\/blog\/flandres-2021-allemagne-tony-martin-championne-du-monde-relais-mixte\/#respond\"]}],\"copyrightYear\":\"2021\",\"copyrightHolder\":{\"@id\":\"https:\/\/dicodusport.fr\/blog\/#organization\"}},{\"@type\":\"WebPage\",\"@id\":\"https:\/\/dicodusport.fr\/blog\/flandres-2021-allemagne-tony-martin-championne-du-monde-relais-mixte\/\",\"url\":\"https:\/\/dicodusport.fr\/blog\/flandres-2021-allemagne-tony-martin-championne-du-monde-relais-mixte\/\",\"name\":\"Flandres 2021 : L'Allemagne de Tony Martin championne du monde sur le relais mixte\",\"isPartOf\":{\"@id\":\"https:\/\/dicodusport.fr\/blog\/#website\"},\"primaryImageOfPage\":{\"@id\":\"https:\/\/dicodusport.fr\/blog\/flandres-2021-allemagne-tony-martin-championne-du-monde-relais-mixte\/#primaryimage\"},\"image\":{\"@id\":\"https:\/\/dicodusport.fr\/blog\/flandres-2021-allemagne-tony-martin-championne-du-monde-relais-mixte\/#primaryimage\"},\"thumbnailUrl\":\"https:\/\/dicodusport.fr\/blog\/wp-content\/uploads\/2021\/09\/Cyclisme-Flandres-2021-LAllemagne-de-Tony-Martin-championne-du-monde-sur-le-relais-mixte.png\",\"datePublished\":\"2021-09-22T15:00:32+00:00\",\"dateModified\":\"2021-09-22T17:26:08+00:00\",\"description\":\"CYCLISME SUR ROUTE - CHAMPIONNATS DU MONDE 2021 - L'Allemagne sur le toit du monde ! La Mannschaft a devanc\u00e9 les Pays-Bas et l'Italie sur le relais mixte.\",\"breadcrumb\":{\"@id\":\"https:\/\/dicodusport.fr\/blog\/flandres-2021-allemagne-tony-martin-championne-du-monde-relais-mixte\/#breadcrumb\"},\"inLanguage\":\"fr-FR\",\"potentialAction\":[{\"@type\":\"ReadAction\",\"target\":[\"https:\/\/dicodusport.fr\/blog\/flandres-2021-allemagne-tony-martin-championne-du-monde-relais-mixte\/\"]}]},{\"@type\":\"ImageObject\",\"inLanguage\":\"fr-FR\",\"@id\":\"https:\/\/dicodusport.fr\/blog\/flandres-2021-allemagne-tony-martin-championne-du-monde-relais-mixte\/#primaryimage\",\"url\":\"https:\/\/dicodusport.fr\/blog\/wp-content\/uploads\/2021\/09\/Cyclisme-Flandres-2021-LAllemagne-de-Tony-Martin-championne-du-monde-sur-le-relais-mixte.png\",\"contentUrl\":\"https:\/\/dicodusport.fr\/blog\/wp-content\/uploads\/2021\/09\/Cyclisme-Flandres-2021-LAllemagne-de-Tony-Martin-championne-du-monde-sur-le-relais-mixte.png\",\"width\":800,\"height\":445,\"caption\":\"Cyclisme - Flandres 2021 L'Allemagne de Tony Martin championne du monde sur le relais mixte\"},{\"@type\":\"BreadcrumbList\",\"@id\":\"https:\/\/dicodusport.fr\/blog\/flandres-2021-allemagne-tony-martin-championne-du-monde-relais-mixte\/#breadcrumb\",\"itemListElement\":[{\"@type\":\"ListItem\",\"position\":1,\"name\":\"Accueil\",\"item\":\"https:\/\/dicodusport.fr\/blog\/\"},{\"@type\":\"ListItem\",\"position\":2,\"name\":\"Flandres 2021 : L&rsquo;Allemagne de Tony Martin championne du monde sur le relais mixte\"}]},{\"@type\":\"WebSite\",\"@id\":\"https:\/\/dicodusport.fr\/blog\/#website\",\"url\":\"https:\/\/dicodusport.fr\/blog\/\",\"name\":\"Dicodusport\",\"description\":\"L&#039;encyclop\u00e9die de l&#039;actualit\u00e9 sportive\",\"publisher\":{\"@id\":\"https:\/\/dicodusport.fr\/blog\/#organization\"},\"potentialAction\":[{\"@type\":\"SearchAction\",\"target\":{\"@type\":\"EntryPoint\",\"urlTemplate\":\"https:\/\/dicodusport.fr\/blog\/?s={search_term_string}\"},\"query-input\":{\"@type\":\"PropertyValueSpecification\",\"valueRequired\":true,\"valueName\":\"search_term_string\"}}],\"inLanguage\":\"fr-FR\"},{\"@type\":\"NewsMediaOrganization\",\"@id\":\"https:\/\/dicodusport.fr\/blog\/#organization\",\"name\":\"Dicodusport\",\"url\":\"https:\/\/dicodusport.fr\/blog\/\",\"logo\":{\"@type\":\"ImageObject\",\"inLanguage\":\"fr-FR\",\"@id\":\"https:\/\/dicodusport.fr\/blog\/#\/schema\/logo\/image\/\",\"url\":\"https:\/\/dicodusport.fr\/blog\/wp-content\/uploads\/2020\/06\/cropped-LOGO-DICODUSPORT-2020-SANS-FOND-SANS-TEXTE.png\",\"contentUrl\":\"https:\/\/dicodusport.fr\/blog\/wp-content\/uploads\/2020\/06\/cropped-LOGO-DICODUSPORT-2020-SANS-FOND-SANS-TEXTE.png\",\"width\":512,\"height\":512,\"caption\":\"Dicodusport\"},\"image\":{\"@id\":\"https:\/\/dicodusport.fr\/blog\/#\/schema\/logo\/image\/\"},\"sameAs\":[\"https:\/\/www.facebook.com\/dicodusport\",\"https:\/\/x.com\/dicodusport\",\"https:\/\/www.instagram.com\/dicodusport\/\",\"https:\/\/www.youtube.com\/channel\/UC7V2KZ5sd3htJivAbA4ZG3w\"],\"description\":\"Dicodusport est l'encyclop\u00e9die de l'actualit\u00e9 sportive.\",\"email\":\"bonjour@dicodusport.fr\",\"legalName\":\"DICODUSPORT\",\"foundingDate\":\"2018-01-14\",\"vatID\":\"FR71834470973\",\"taxID\":\"83447097300043\",\"numberOfEmployees\":{\"@type\":\"QuantitativeValue\",\"minValue\":\"1\",\"maxValue\":\"10\"}},{\"@type\":\"Person\",\"@id\":\"https:\/\/dicodusport.fr\/blog\/#\/schema\/person\/6db4bae06b171592211be385b32876a7\",\"name\":\"Emilien Descampiaux\",\"image\":{\"@type\":\"ImageObject\",\"inLanguage\":\"fr-FR\",\"@id\":\"https:\/\/dicodusport.fr\/blog\/#\/schema\/person\/image\/\",\"url\":\"https:\/\/dicodusport.fr\/blog\/wp-content\/uploads\/2021\/05\/Emilien-Descampiaux-150x150.jpg\",\"contentUrl\":\"https:\/\/dicodusport.fr\/blog\/wp-content\/uploads\/2021\/05\/Emilien-Descampiaux-150x150.jpg\",\"caption\":\"Emilien Descampiaux\"},\"description\":\"Journaliste\/r\u00e9dacteur depuis 2014 - Fan de la classe de Frank Vandenbroucke, je vis cyclisme (et de ses paysages) depuis plus de 20 ans. Je suis tr\u00e8s impliqu\u00e9 sur mes diff\u00e9rents r\u00e9seaux sociaux pour partager ma passion sur le monde et l'Histoire de la bicyclette avec ma voix sur les images en noir et blanc du succ\u00e8s de Rik Van Steenbergen lors du Ronde sur le V\u00e9lodrome de Gand.\",\"sameAs\":[\"https:\/\/www.facebook.com\/groups\/LesRoisDuPeloton\",\"https:\/\/x.com\/https:\/\/twitter.com\/LRoisDuPeloton\"],\"url\":\"https:\/\/dicodusport.fr\/blog\/author\/emiliend\/\"}]}<\/script>\n<!-- \/ Yoast SEO Premium plugin. -->","yoast_head_json":{"title":"Flandres 2021 : L'Allemagne de Tony Martin championne du monde sur le relais mixte","description":"CYCLISME SUR ROUTE - CHAMPIONNATS DU MONDE 2021 - L'Allemagne sur le toit du monde ! La Mannschaft a devanc\u00e9 les Pays-Bas et l'Italie sur le relais mixte.","robots":{"index":"index","follow":"follow","max-snippet":"max-snippet:-1","max-image-preview":"max-image-preview:large","max-video-preview":"max-video-preview:-1"},"canonical":"https:\/\/dicodusport.fr\/blog\/flandres-2021-allemagne-tony-martin-championne-du-monde-relais-mixte\/","og_locale":"fr_FR","og_type":"article","og_title":"Flandres 2021 : L'Allemagne de Tony Martin championne du monde sur le relais mixte","og_description":"CYCLISME SUR ROUTE - CHAMPIONNATS DU MONDE 2021 - L'Allemagne sur le toit du monde ! La Mannschaft a devanc\u00e9 les Pays-Bas et l'Italie sur le relais mixte.","og_url":"https:\/\/dicodusport.fr\/blog\/flandres-2021-allemagne-tony-martin-championne-du-monde-relais-mixte\/","og_site_name":"Dicodusport","article_publisher":"https:\/\/www.facebook.com\/dicodusport","article_author":"https:\/\/www.facebook.com\/groups\/LesRoisDuPeloton","article_published_time":"2021-09-22T15:00:32+00:00","article_modified_time":"2021-09-22T17:26:08+00:00","og_image":[{"width":800,"height":445,"url":"https:\/\/dicodusport.fr\/blog\/wp-content\/uploads\/2021\/09\/Cyclisme-Flandres-2021-LAllemagne-de-Tony-Martin-championne-du-monde-sur-le-relais-mixte.png","type":"image\/png"}],"author":"Emilien Descampiaux","twitter_card":"summary_large_image","twitter_title":"Flandres 2021 : L'Allemagne de Tony Martin championne du monde sur le relais mixte","twitter_creator":"@https:\/\/twitter.com\/LRoisDuPeloton","twitter_site":"@dicodusport","schema":{"@context":"https:\/\/schema.org","@graph":[{"@type":"NewsArticle","@id":"https:\/\/dicodusport.fr\/blog\/flandres-2021-allemagne-tony-martin-championne-du-monde-relais-mixte\/#article","isPartOf":{"@id":"https:\/\/dicodusport.fr\/blog\/flandres-2021-allemagne-tony-martin-championne-du-monde-relais-mixte\/"},"author":{"name":"Emilien Descampiaux","@id":"https:\/\/dicodusport.fr\/blog\/#\/schema\/person\/6db4bae06b171592211be385b32876a7"},"headline":"Flandres 2021 : L&rsquo;Allemagne de Tony Martin championne du monde sur le relais mixte","datePublished":"2021-09-22T15:00:32+00:00","dateModified":"2021-09-22T17:26:08+00:00","mainEntityOfPage":{"@id":"https:\/\/dicodusport.fr\/blog\/flandres-2021-allemagne-tony-martin-championne-du-monde-relais-mixte\/"},"wordCount":405,"commentCount":0,"publisher":{"@id":"https:\/\/dicodusport.fr\/blog\/#organization"},"image":{"@id":"https:\/\/dicodusport.fr\/blog\/flandres-2021-allemagne-tony-martin-championne-du-monde-relais-mixte\/#primaryimage"},"thumbnailUrl":"https:\/\/dicodusport.fr\/blog\/wp-content\/uploads\/2021\/09\/Cyclisme-Flandres-2021-LAllemagne-de-Tony-Martin-championne-du-monde-sur-le-relais-mixte.png","keywords":["Actualit\u00e9 Cyclisme","Championnats du monde de cyclisme","sport"],"articleSection":["Cyclisme sur route"],"inLanguage":"fr-FR","potentialAction":[{"@type":"CommentAction","name":"Comment","target":["https:\/\/dicodusport.fr\/blog\/flandres-2021-allemagne-tony-martin-championne-du-monde-relais-mixte\/#respond"]}],"copyrightYear":"2021","copyrightHolder":{"@id":"https:\/\/dicodusport.fr\/blog\/#organization"}},{"@type":"WebPage","@id":"https:\/\/dicodusport.fr\/blog\/flandres-2021-allemagne-tony-martin-championne-du-monde-relais-mixte\/","url":"https:\/\/dicodusport.fr\/blog\/flandres-2021-allemagne-tony-martin-championne-du-monde-relais-mixte\/","name":"Flandres 2021 : L'Allemagne de Tony Martin championne du monde sur le relais mixte","isPartOf":{"@id":"https:\/\/dicodusport.fr\/blog\/#website"},"primaryImageOfPage":{"@id":"https:\/\/dicodusport.fr\/blog\/flandres-2021-allemagne-tony-martin-championne-du-monde-relais-mixte\/#primaryimage"},"image":{"@id":"https:\/\/dicodusport.fr\/blog\/flandres-2021-allemagne-tony-martin-championne-du-monde-relais-mixte\/#primaryimage"},"thumbnailUrl":"https:\/\/dicodusport.fr\/blog\/wp-content\/uploads\/2021\/09\/Cyclisme-Flandres-2021-LAllemagne-de-Tony-Martin-championne-du-monde-sur-le-relais-mixte.png","datePublished":"2021-09-22T15:00:32+00:00","dateModified":"2021-09-22T17:26:08+00:00","description":"CYCLISME SUR ROUTE - CHAMPIONNATS DU MONDE 2021 - L'Allemagne sur le toit du monde ! La Mannschaft a devanc\u00e9 les Pays-Bas et l'Italie sur le relais mixte.","breadcrumb":{"@id":"https:\/\/dicodusport.fr\/blog\/flandres-2021-allemagne-tony-martin-championne-du-monde-relais-mixte\/#breadcrumb"},"inLanguage":"fr-FR","potentialAction":[{"@type":"ReadAction","target":["https:\/\/dicodusport.fr\/blog\/flandres-2021-allemagne-tony-martin-championne-du-monde-relais-mixte\/"]}]},{"@type":"ImageObject","inLanguage":"fr-FR","@id":"https:\/\/dicodusport.fr\/blog\/flandres-2021-allemagne-tony-martin-championne-du-monde-relais-mixte\/#primaryimage","url":"https:\/\/dicodusport.fr\/blog\/wp-content\/uploads\/2021\/09\/Cyclisme-Flandres-2021-LAllemagne-de-Tony-Martin-championne-du-monde-sur-le-relais-mixte.png","contentUrl":"https:\/\/dicodusport.fr\/blog\/wp-content\/uploads\/2021\/09\/Cyclisme-Flandres-2021-LAllemagne-de-Tony-Martin-championne-du-monde-sur-le-relais-mixte.png","width":800,"height":445,"caption":"Cyclisme - Flandres 2021 L'Allemagne de Tony Martin championne du monde sur le relais mixte"},{"@type":"BreadcrumbList","@id":"https:\/\/dicodusport.fr\/blog\/flandres-2021-allemagne-tony-martin-championne-du-monde-relais-mixte\/#breadcrumb","itemListElement":[{"@type":"ListItem","position":1,"name":"Accueil","item":"https:\/\/dicodusport.fr\/blog\/"},{"@type":"ListItem","position":2,"name":"Flandres 2021 : L&rsquo;Allemagne de Tony Martin championne du monde sur le relais mixte"}]},{"@type":"WebSite","@id":"https:\/\/dicodusport.fr\/blog\/#website","url":"https:\/\/dicodusport.fr\/blog\/","name":"Dicodusport","description":"L&#039;encyclop\u00e9die de l&#039;actualit\u00e9 sportive","publisher":{"@id":"https:\/\/dicodusport.fr\/blog\/#organization"},"potentialAction":[{"@type":"SearchAction","target":{"@type":"EntryPoint","urlTemplate":"https:\/\/dicodusport.fr\/blog\/?s={search_term_string}"},"query-input":{"@type":"PropertyValueSpecification","valueRequired":true,"valueName":"search_term_string"}}],"inLanguage":"fr-FR"},{"@type":"NewsMediaOrganization","@id":"https:\/\/dicodusport.fr\/blog\/#organization","name":"Dicodusport","url":"https:\/\/dicodusport.fr\/blog\/","logo":{"@type":"ImageObject","inLanguage":"fr-FR","@id":"https:\/\/dicodusport.fr\/blog\/#\/schema\/logo\/image\/","url":"https:\/\/dicodusport.fr\/blog\/wp-content\/uploads\/2020\/06\/cropped-LOGO-DICODUSPORT-2020-SANS-FOND-SANS-TEXTE.png","contentUrl":"https:\/\/dicodusport.fr\/blog\/wp-content\/uploads\/2020\/06\/cropped-LOGO-DICODUSPORT-2020-SANS-FOND-SANS-TEXTE.png","width":512,"height":512,"caption":"Dicodusport"},"image":{"@id":"https:\/\/dicodusport.fr\/blog\/#\/schema\/logo\/image\/"},"sameAs":["https:\/\/www.facebook.com\/dicodusport","https:\/\/x.com\/dicodusport","https:\/\/www.instagram.com\/dicodusport\/","https:\/\/www.youtube.com\/channel\/UC7V2KZ5sd3htJivAbA4ZG3w"],"description":"Dicodusport est l'encyclop\u00e9die de l'actualit\u00e9 sportive.","email":"bonjour@dicodusport.fr","legalName":"DICODUSPORT","foundingDate":"2018-01-14","vatID":"FR71834470973","taxID":"83447097300043","numberOfEmployees":{"@type":"QuantitativeValue","minValue":"1","maxValue":"10"}},{"@type":"Person","@id":"https:\/\/dicodusport.fr\/blog\/#\/schema\/person\/6db4bae06b171592211be385b32876a7","name":"Emilien Descampiaux","image":{"@type":"ImageObject","inLanguage":"fr-FR","@id":"https:\/\/dicodusport.fr\/blog\/#\/schema\/person\/image\/","url":"https:\/\/dicodusport.fr\/blog\/wp-content\/uploads\/2021\/05\/Emilien-Descampiaux-150x150.jpg","contentUrl":"https:\/\/dicodusport.fr\/blog\/wp-content\/uploads\/2021\/05\/Emilien-Descampiaux-150x150.jpg","caption":"Emilien Descampiaux"},"description":"Journaliste\/r\u00e9dacteur depuis 2014 - Fan de la classe de Frank Vandenbroucke, je vis cyclisme (et de ses paysages) depuis plus de 20 ans. Je suis tr\u00e8s impliqu\u00e9 sur mes diff\u00e9rents r\u00e9seaux sociaux pour partager ma passion sur le monde et l'Histoire de la bicyclette avec ma voix sur les images en noir et blanc du succ\u00e8s de Rik Van Steenbergen lors du Ronde sur le V\u00e9lodrome de Gand.","sameAs":["https:\/\/www.facebook.com\/groups\/LesRoisDuPeloton","https:\/\/x.com\/https:\/\/twitter.com\/LRoisDuPeloton"],"url":"https:\/\/dicodusport.fr\/blog\/author\/emiliend\/"}]}},"_links":{"self":[{"href":"https:\/\/dicodusport.fr\/blog\/wp-json\/wp\/v2\/posts\/168433","targetHints":{"allow":["GET"]}}],"collection":[{"href":"https:\/\/dicodusport.fr\/blog\/wp-json\/wp\/v2\/posts"}],"about":[{"href":"https:\/\/dicodusport.fr\/blog\/wp-json\/wp\/v2\/types\/post"}],"author":[{"embeddable":true,"href":"https:\/\/dicodusport.fr\/blog\/wp-json\/wp\/v2\/users\/48"}],"replies":[{"embeddable":true,"href":"https:\/\/dicodusport.fr\/blog\/wp-json\/wp\/v2\/comments?post=168433"}],"version-history":[{"count":0,"href":"https:\/\/dicodusport.fr\/blog\/wp-json\/wp\/v2\/posts\/168433\/revisions"}],"wp:featuredmedia":[{"embeddable":true,"href":"https:\/\/dicodusport.fr\/blog\/wp-json\/wp\/v2\/media\/168486"}],"wp:attachment":[{"href":"https:\/\/dicodusport.fr\/blog\/wp-json\/wp\/v2\/media?parent=168433"}],"wp:term":[{"taxonomy":"category","embeddable":true,"href":"https:\/\/dicodusport.fr\/blog\/wp-json\/wp\/v2\/categories?post=168433"},{"taxonomy":"post_tag","embeddable":true,"href":"https:\/\/dicodusport.fr\/blog\/wp-json\/wp\/v2\/tags?post=168433"}],"curies":[{"name":"wp","href":"https:\/\/api.w.org\/{rel}","templated":true}]}}