{"id":168827,"date":"2021-09-24T17:36:49","date_gmt":"2021-09-24T15:36:49","guid":{"rendered":"https:\/\/dicodusport.fr\/blog\/?p=168827"},"modified":"2022-01-30T15:30:37","modified_gmt":"2022-01-30T14:30:37","slug":"flandres-2021-filippo-baroncini-sacre-champion-du-monde-espoirs","status":"publish","type":"post","link":"https:\/\/dicodusport.fr\/blog\/flandres-2021-filippo-baroncini-sacre-champion-du-monde-espoirs\/","title":{"rendered":"Flandres 2021 &#8211; Filippo Baroncini sacr\u00e9 champion du monde espoirs"},"content":{"rendered":"<p style=\"text-align: justify;\"><span class=\"tojvnm2t a6sixzi8 abs2jz4q a8s20v7p t1p8iaqh k5wvi7nf q3lfd5jv pk4s997a bipmatt0 cebpdrjk qowsmv63 owwhemhu dp1hu0rb dhp61c6y iyyx5f41\"><em><strong><a href=\"https:\/\/dicodusport.fr\/blog\/actualites\/cyclisme\/championnats-monde-cyclisme-sur-route-2021\/\">CYCLISME SUR ROUTE &#8211; CHAMPIONNATS DU MONDE 2021<\/a> &#8211; Deuxi\u00e8me aux championnats d&rsquo;Europe, Filippo Baroncini\u00a0 (Italie) a \u00e9t\u00e9 sacr\u00e9 champion du monde chez les espoirs en partant seul \u00e0 6 kilom\u00e8tres de l&rsquo;arriv\u00e9e ce vendredi, \u00e0 Louvain.<\/strong><\/em><\/span><\/p>\n<h2 style=\"text-align: justify;\">Un d\u00e9but de course chaotique<\/h2>\n<p style=\"text-align: justify;\">D&rsquo;abord, le d\u00e9part fictif dans Anvers a \u00e9t\u00e9 marqu\u00e9 par de nombreux accrochages et de nombreuses chutes provoquant le retard du d\u00e9part r\u00e9el. Ensuite, apr\u00e8s plusieurs tentatives d&rsquo;\u00e9chapp\u00e9e, trois coureurs ont r\u00e9ussi \u00e0 sortir du peloton : <strong>Gleb Karpenko<\/strong> (Estonie), <strong>Logan Currie<\/strong> (Nouvelle-Z\u00e9lande) et <strong>Adam Ward<\/strong> (Irlande). Leur avance est mont\u00e9e \u00e0 4 minutes 45 dans la portion plate pour rejoindre le circuit de Louvain.<\/p>\n<p style=\"text-align: justify;\">\u00c0 l&rsquo;approche de Louvain, le rythme est mont\u00e9 au sein du peloton pour faire passer l&rsquo;\u00e9cart sous les 4 minutes. \u00c0 peine arriv\u00e9 dans le circuit flandrien apr\u00e8s la mi-course <strong>Karpenko<\/strong> a explos\u00e9 dans le Smeysberg alors que l&rsquo;\u00e9cart est descendu sous les 2 minutes.<\/p>\n<p style=\"text-align: justify;\">Dans le Moskesstraat, <strong>Currie<\/strong> s&rsquo;est d\u00e9barrass\u00e9 de <strong>Ward<\/strong> au train. L&rsquo;Irlandais n&rsquo;a alors plus pris de relais depuis plusieurs kilom\u00e8tres. Mais, le N\u00e9o-Z\u00e9landais a subi un mauvais aiguillage et a perdu sa position en t\u00eate de la course. De son c\u00f4t\u00e9, <strong>Filippo Baroncini<\/strong> (Italie) a \u00e9t\u00e9 victime d&rsquo;une chute, mais l&rsquo;Italien est vite reparti pour revenir dans le peloton. C\u00f4t\u00e9 fran\u00e7ais, <strong>Hugo Page<\/strong> (France) a profit\u00e9 d&rsquo;un secteur pav\u00e9 pour partir seul en avant de la course, mais le Fran\u00e7ais a \u00e9t\u00e9 vite repris par un peloton qui a perdu beaucoup de coureurs avec l&rsquo;accumulation des difficult\u00e9s.<\/p>\n<h2 style=\"text-align: justify;\">L&rsquo;Italie placent ses pions<\/h2>\n<p style=\"text-align: justify;\">Sur la partie pour revenir sur Louvain, 9 coureurs se sont extirp\u00e9s \u00e0 l&rsquo;avant de la course : <strong>Luca Colnaghi<\/strong> (Italie), <strong>Daan Hoole<\/strong> (Pays-Bas), <strong>Anders Halland Johannessen<\/strong> (Norv\u00e8ge), <strong>Tom\u00e1\u0161 Kopeck\u00fd<\/strong> (Tch\u00e9quie), <strong>Jarrad Drizners<\/strong> (Australie), <strong>Mauro Schmid<\/strong> (Suisse), <strong>Kevin Vermaerke<\/strong> (Etats-Unis), <strong>Finn Fisher-Black<\/strong> (Nouvelle-Z\u00e9lande) et <strong>F\u00e1bio Costa<\/strong> (Portugal). <strong>Kevin Vauquelin<\/strong> (France) et <strong>Yevgeniy Fedorov<\/strong> (Kazakhstan) sont sortis \u00e0 contre-temps en chasse derri\u00e8re mais ont r\u00e9ussi \u00e0 faire la jonction sur le circuit final. La Belgique et le Danemark ont \u00e9t\u00e9 pi\u00e9g\u00e9s et sont alors oblig\u00e9s de rouler en t\u00eate du peloton.<\/p>\n<p style=\"text-align: justify;\">Suite \u00e0 une acc\u00e9l\u00e9ration de <strong>Schmid<\/strong> dans le Wijnpers, le groupe de t\u00eate a perdu <strong>Fisher-Black<\/strong>. Le Suisse a produit un nouvel effort dans Sint-Antoniusberg pour se retrouver seul devant. Ses anciens compagnons de fugue se sont enterr\u00e9s et le peloton emmen\u00e9 par les N\u00e9erlandais est revenu.<\/p>\n<h2>Filippo Baroncini, le m\u00eame sch\u00e9ma que chez les juniors<\/h2>\n<p style=\"text-align: justify;\"><strong>Schmid <\/strong>est alors\u00a0repris par <strong>Arthur Kluckers<\/strong> (Luxembourg) dans la seconde mont\u00e9e du Wijnpers. Mais ce duo a \u00e9t\u00e9 d\u00e9bord\u00e9 par la puissante attaque de <strong>Filippo Baroncini<\/strong> (Italie). Le natif de Lugo a r\u00e9ussi au moment de son attaque \u00e0 se d\u00e9faire de <strong>Paul Penho\u00ebt <\/strong>(France). Le Transalpin a profit\u00e9 dans le final de la protection de ses \u00e9quipiers pour couper les relais. L&rsquo;Italien a r\u00e9ussi \u00e0 r\u00e9sister au retour du peloton sur les 6 derniers kilom\u00e8tres. <strong>Biniam Girmay Hailu<\/strong> (Eythr\u00e9e) a r\u00e9gl\u00e9 le groupe de chasse devant <strong>Olaf Kooij<\/strong> (Pays-Bas). <strong>Thibau Nys<\/strong> (Belgique) a fini 6e tandis que <strong>Paul Penho\u00ebt<\/strong> (France) a pris la 8e place.<\/p>\n<blockquote class=\"twitter-tweet\">\n<p dir=\"ltr\" lang=\"fr\">&#x1f3c6;&#x1f1ee;&#x1f1f9;&#x1f30d; FILIPPO BARONCINI CHAMPION DU MONDE U23 !!<\/p>\n<p>Au terme d&rsquo;une course intense, l&rsquo;Italien devance l&rsquo;Erythr\u00e9en Biniam Girmay sur le podium des mondiaux ! <a href=\"https:\/\/twitter.com\/hashtag\/Flanders2021?src=hash&amp;ref_src=twsrc%5Etfw\">#Flanders2021<\/a> <a href=\"https:\/\/t.co\/sOZeiBVNWM\">pic.twitter.com\/sOZeiBVNWM<\/a><\/p>\n<p>\u2014 francetvsport (@francetvsport) <a href=\"https:\/\/twitter.com\/francetvsport\/status\/1441428347972734976?ref_src=twsrc%5Etfw\">September 24, 2021<\/a><\/p><\/blockquote>\n<p><script async src=\"https:\/\/platform.twitter.com\/widgets.js\" charset=\"utf-8\"><\/script><\/p>\n<p style=\"text-align: justify;\"><strong>Filippo Baroncini<\/strong> est devenu le 6e italien \u00e0 \u00eatre couronn\u00e9 dans cette cat\u00e9gorie apr\u00e8s Giuliano Figueras (1996), Ivan Basso (1998), Leonardo Giordani (1999), Francesco Chicchi (2002) et Samuele Battistella (2019).<strong> Biniam Girmay Hailu<\/strong>, quant \u00e0 lui, a apport\u00e9 la deuxi\u00e8me m\u00e9daille au continent africain chez les espoirs, apr\u00e8s Louis Meintjes, \u00e9galement 2e en 2013.<\/p>\n<h2><strong>\u00c0 lire aussi<\/strong><\/h2>\n<ul>\n<li style=\"text-align: justify;\"><a href=\"https:\/\/dicodusport.fr\/blog\/cyclisme-championnats-du-monde-2021-classement-course-en-ligne-espoirs-hommes\/\"><strong>Le classement de la course en ligne espoirs hommes<\/strong><\/a><\/li>\n<li><a href=\"https:\/\/dicodusport.fr\/blog\/championnats-du-monde-cyclisme-sur-route-2021-tableau-des-medailles\/\"><strong>Le tableau des m\u00e9dailles<\/strong><\/a><\/li>\n<\/ul>\n","protected":false},"excerpt":{"rendered":"<p>CYCLISME SUR ROUTE &#8211; CHAMPIONNATS DU MONDE 2021 &#8211; Deuxi\u00e8me aux championnats d&rsquo;Europe, Filippo Baroncini\u00a0 (Italie) a \u00e9t\u00e9 sacr\u00e9 champion du monde chez les espoirs en partant seul \u00e0 6 kilom\u00e8tres de l&rsquo;arriv\u00e9e ce vendredi, \u00e0 Louvain.<\/p>\n","protected":false},"author":48,"featured_media":168845,"comment_status":"open","ping_status":"closed","sticky":false,"template":"","format":"standard","meta":{"_acf_changed":false,"_daextam_enable_autolinks":"","footnotes":""},"categories":[46994],"tags":[3119,10812],"class_list":["post-168827","post","type-post","status-publish","format-standard","has-post-thumbnail","hentry","category-cyclisme-sur-route","tag-actualite-cyclisme","tag-championnats-du-monde-de-cyclisme"],"acf":[],"yoast_head":"<!-- This site is optimized with the Yoast SEO Premium plugin v26.7 (Yoast SEO v26.7) - https:\/\/yoast.com\/wordpress\/plugins\/seo\/ -->\n<title>Flandres 2021 - Filippo Baroncini sacr\u00e9 champion du monde espoirs<\/title>\n<meta name=\"description\" content=\"CYCLISME SUR ROUTE - CHAMPIONNATS DU MONDE 2021 - Filippo Baroncini\u00a0 (Italie) a \u00e9t\u00e9 sacr\u00e9 champion du monde chez les espoirs, ce vendredi.\" \/>\n<meta name=\"robots\" content=\"index, follow, max-snippet:-1, max-image-preview:large, max-video-preview:-1\" \/>\n<link rel=\"canonical\" href=\"https:\/\/dicodusport.fr\/blog\/flandres-2021-filippo-baroncini-sacre-champion-du-monde-espoirs\/\" \/>\n<meta property=\"og:locale\" content=\"fr_FR\" \/>\n<meta property=\"og:type\" content=\"article\" \/>\n<meta property=\"og:title\" content=\"Flandres 2021 - Filippo Baroncini sacr\u00e9 champion du monde espoirs\" \/>\n<meta property=\"og:description\" content=\"CYCLISME SUR ROUTE - CHAMPIONNATS DU MONDE 2021 - Filippo Baroncini\u00a0 (Italie) a \u00e9t\u00e9 sacr\u00e9 champion du monde chez les espoirs, ce vendredi.\" \/>\n<meta property=\"og:url\" content=\"https:\/\/dicodusport.fr\/blog\/flandres-2021-filippo-baroncini-sacre-champion-du-monde-espoirs\/\" \/>\n<meta property=\"og:site_name\" content=\"Dicodusport\" \/>\n<meta property=\"article:publisher\" content=\"https:\/\/www.facebook.com\/dicodusport\" \/>\n<meta property=\"article:author\" content=\"https:\/\/www.facebook.com\/groups\/LesRoisDuPeloton\" \/>\n<meta property=\"article:published_time\" content=\"2021-09-24T15:36:49+00:00\" \/>\n<meta property=\"article:modified_time\" content=\"2022-01-30T14:30:37+00:00\" \/>\n<meta property=\"og:image\" content=\"https:\/\/dicodusport.fr\/blog\/wp-content\/uploads\/2021\/09\/Cyclisme-Flandres-2021-Filippo-Baroncini-sacre-champion-du-monde-espoirs.png\" \/>\n\t<meta property=\"og:image:width\" content=\"800\" \/>\n\t<meta property=\"og:image:height\" content=\"445\" \/>\n\t<meta property=\"og:image:type\" content=\"image\/png\" \/>\n<meta name=\"author\" content=\"Emilien Descampiaux\" \/>\n<meta name=\"twitter:card\" content=\"summary_large_image\" \/>\n<meta name=\"twitter:title\" content=\"Flandres 2021 - Filippo Baroncini sacr\u00e9 champion du monde espoirs\" \/>\n<meta name=\"twitter:creator\" content=\"@https:\/\/twitter.com\/LRoisDuPeloton\" \/>\n<meta name=\"twitter:site\" content=\"@dicodusport\" \/>\n<script type=\"application\/ld+json\" class=\"yoast-schema-graph\">{\"@context\":\"https:\/\/schema.org\",\"@graph\":[{\"@type\":\"NewsArticle\",\"@id\":\"https:\/\/dicodusport.fr\/blog\/flandres-2021-filippo-baroncini-sacre-champion-du-monde-espoirs\/#article\",\"isPartOf\":{\"@id\":\"https:\/\/dicodusport.fr\/blog\/flandres-2021-filippo-baroncini-sacre-champion-du-monde-espoirs\/\"},\"author\":{\"name\":\"Emilien Descampiaux\",\"@id\":\"https:\/\/dicodusport.fr\/blog\/#\/schema\/person\/6db4bae06b171592211be385b32876a7\"},\"headline\":\"Flandres 2021 &#8211; Filippo Baroncini sacr\u00e9 champion du monde espoirs\",\"datePublished\":\"2021-09-24T15:36:49+00:00\",\"dateModified\":\"2022-01-30T14:30:37+00:00\",\"mainEntityOfPage\":{\"@id\":\"https:\/\/dicodusport.fr\/blog\/flandres-2021-filippo-baroncini-sacre-champion-du-monde-espoirs\/\"},\"wordCount\":674,\"commentCount\":0,\"publisher\":{\"@id\":\"https:\/\/dicodusport.fr\/blog\/#organization\"},\"image\":{\"@id\":\"https:\/\/dicodusport.fr\/blog\/flandres-2021-filippo-baroncini-sacre-champion-du-monde-espoirs\/#primaryimage\"},\"thumbnailUrl\":\"https:\/\/dicodusport.fr\/blog\/wp-content\/uploads\/2021\/09\/Cyclisme-Flandres-2021-Filippo-Baroncini-sacre-champion-du-monde-espoirs.png\",\"keywords\":[\"Actualit\u00e9 Cyclisme\",\"Championnats du monde de cyclisme\"],\"articleSection\":[\"Cyclisme sur route\"],\"inLanguage\":\"fr-FR\",\"potentialAction\":[{\"@type\":\"CommentAction\",\"name\":\"Comment\",\"target\":[\"https:\/\/dicodusport.fr\/blog\/flandres-2021-filippo-baroncini-sacre-champion-du-monde-espoirs\/#respond\"]}],\"copyrightYear\":\"2021\",\"copyrightHolder\":{\"@id\":\"https:\/\/dicodusport.fr\/blog\/#organization\"}},{\"@type\":\"WebPage\",\"@id\":\"https:\/\/dicodusport.fr\/blog\/flandres-2021-filippo-baroncini-sacre-champion-du-monde-espoirs\/\",\"url\":\"https:\/\/dicodusport.fr\/blog\/flandres-2021-filippo-baroncini-sacre-champion-du-monde-espoirs\/\",\"name\":\"Flandres 2021 - Filippo Baroncini sacr\u00e9 champion du monde espoirs\",\"isPartOf\":{\"@id\":\"https:\/\/dicodusport.fr\/blog\/#website\"},\"primaryImageOfPage\":{\"@id\":\"https:\/\/dicodusport.fr\/blog\/flandres-2021-filippo-baroncini-sacre-champion-du-monde-espoirs\/#primaryimage\"},\"image\":{\"@id\":\"https:\/\/dicodusport.fr\/blog\/flandres-2021-filippo-baroncini-sacre-champion-du-monde-espoirs\/#primaryimage\"},\"thumbnailUrl\":\"https:\/\/dicodusport.fr\/blog\/wp-content\/uploads\/2021\/09\/Cyclisme-Flandres-2021-Filippo-Baroncini-sacre-champion-du-monde-espoirs.png\",\"datePublished\":\"2021-09-24T15:36:49+00:00\",\"dateModified\":\"2022-01-30T14:30:37+00:00\",\"description\":\"CYCLISME SUR ROUTE - CHAMPIONNATS DU MONDE 2021 - Filippo Baroncini\u00a0 (Italie) a \u00e9t\u00e9 sacr\u00e9 champion du monde chez les espoirs, ce vendredi.\",\"breadcrumb\":{\"@id\":\"https:\/\/dicodusport.fr\/blog\/flandres-2021-filippo-baroncini-sacre-champion-du-monde-espoirs\/#breadcrumb\"},\"inLanguage\":\"fr-FR\",\"potentialAction\":[{\"@type\":\"ReadAction\",\"target\":[\"https:\/\/dicodusport.fr\/blog\/flandres-2021-filippo-baroncini-sacre-champion-du-monde-espoirs\/\"]}]},{\"@type\":\"ImageObject\",\"inLanguage\":\"fr-FR\",\"@id\":\"https:\/\/dicodusport.fr\/blog\/flandres-2021-filippo-baroncini-sacre-champion-du-monde-espoirs\/#primaryimage\",\"url\":\"https:\/\/dicodusport.fr\/blog\/wp-content\/uploads\/2021\/09\/Cyclisme-Flandres-2021-Filippo-Baroncini-sacre-champion-du-monde-espoirs.png\",\"contentUrl\":\"https:\/\/dicodusport.fr\/blog\/wp-content\/uploads\/2021\/09\/Cyclisme-Flandres-2021-Filippo-Baroncini-sacre-champion-du-monde-espoirs.png\",\"width\":800,\"height\":445,\"caption\":\"Cyclisme - Flandres 2021 - Filippo Baroncini sacr\u00e9 champion du monde espoirs\"},{\"@type\":\"BreadcrumbList\",\"@id\":\"https:\/\/dicodusport.fr\/blog\/flandres-2021-filippo-baroncini-sacre-champion-du-monde-espoirs\/#breadcrumb\",\"itemListElement\":[{\"@type\":\"ListItem\",\"position\":1,\"name\":\"Accueil\",\"item\":\"https:\/\/dicodusport.fr\/blog\/\"},{\"@type\":\"ListItem\",\"position\":2,\"name\":\"Flandres 2021 &#8211; Filippo Baroncini sacr\u00e9 champion du monde espoirs\"}]},{\"@type\":\"WebSite\",\"@id\":\"https:\/\/dicodusport.fr\/blog\/#website\",\"url\":\"https:\/\/dicodusport.fr\/blog\/\",\"name\":\"Dicodusport\",\"description\":\"L&#039;encyclop\u00e9die de l&#039;actualit\u00e9 sportive\",\"publisher\":{\"@id\":\"https:\/\/dicodusport.fr\/blog\/#organization\"},\"potentialAction\":[{\"@type\":\"SearchAction\",\"target\":{\"@type\":\"EntryPoint\",\"urlTemplate\":\"https:\/\/dicodusport.fr\/blog\/?s={search_term_string}\"},\"query-input\":{\"@type\":\"PropertyValueSpecification\",\"valueRequired\":true,\"valueName\":\"search_term_string\"}}],\"inLanguage\":\"fr-FR\"},{\"@type\":\"NewsMediaOrganization\",\"@id\":\"https:\/\/dicodusport.fr\/blog\/#organization\",\"name\":\"Dicodusport\",\"url\":\"https:\/\/dicodusport.fr\/blog\/\",\"logo\":{\"@type\":\"ImageObject\",\"inLanguage\":\"fr-FR\",\"@id\":\"https:\/\/dicodusport.fr\/blog\/#\/schema\/logo\/image\/\",\"url\":\"https:\/\/dicodusport.fr\/blog\/wp-content\/uploads\/2020\/06\/cropped-LOGO-DICODUSPORT-2020-SANS-FOND-SANS-TEXTE.png\",\"contentUrl\":\"https:\/\/dicodusport.fr\/blog\/wp-content\/uploads\/2020\/06\/cropped-LOGO-DICODUSPORT-2020-SANS-FOND-SANS-TEXTE.png\",\"width\":512,\"height\":512,\"caption\":\"Dicodusport\"},\"image\":{\"@id\":\"https:\/\/dicodusport.fr\/blog\/#\/schema\/logo\/image\/\"},\"sameAs\":[\"https:\/\/www.facebook.com\/dicodusport\",\"https:\/\/x.com\/dicodusport\",\"https:\/\/www.instagram.com\/dicodusport\/\",\"https:\/\/www.youtube.com\/channel\/UC7V2KZ5sd3htJivAbA4ZG3w\"],\"description\":\"Dicodusport est l'encyclop\u00e9die de l'actualit\u00e9 sportive.\",\"email\":\"bonjour@dicodusport.fr\",\"legalName\":\"DICODUSPORT\",\"foundingDate\":\"2018-01-14\",\"vatID\":\"FR71834470973\",\"taxID\":\"83447097300043\",\"numberOfEmployees\":{\"@type\":\"QuantitativeValue\",\"minValue\":\"1\",\"maxValue\":\"10\"}},{\"@type\":\"Person\",\"@id\":\"https:\/\/dicodusport.fr\/blog\/#\/schema\/person\/6db4bae06b171592211be385b32876a7\",\"name\":\"Emilien Descampiaux\",\"image\":{\"@type\":\"ImageObject\",\"inLanguage\":\"fr-FR\",\"@id\":\"https:\/\/dicodusport.fr\/blog\/#\/schema\/person\/image\/\",\"url\":\"https:\/\/dicodusport.fr\/blog\/wp-content\/uploads\/2021\/05\/Emilien-Descampiaux-150x150.jpg\",\"contentUrl\":\"https:\/\/dicodusport.fr\/blog\/wp-content\/uploads\/2021\/05\/Emilien-Descampiaux-150x150.jpg\",\"caption\":\"Emilien Descampiaux\"},\"description\":\"Journaliste\/r\u00e9dacteur depuis 2014 - Fan de la classe de Frank Vandenbroucke, je vis cyclisme (et de ses paysages) depuis plus de 20 ans. Je suis tr\u00e8s impliqu\u00e9 sur mes diff\u00e9rents r\u00e9seaux sociaux pour partager ma passion sur le monde et l'Histoire de la bicyclette avec ma voix sur les images en noir et blanc du succ\u00e8s de Rik Van Steenbergen lors du Ronde sur le V\u00e9lodrome de Gand.\",\"sameAs\":[\"https:\/\/www.facebook.com\/groups\/LesRoisDuPeloton\",\"https:\/\/x.com\/https:\/\/twitter.com\/LRoisDuPeloton\"],\"url\":\"https:\/\/dicodusport.fr\/blog\/author\/emiliend\/\"}]}<\/script>\n<!-- \/ Yoast SEO Premium plugin. -->","yoast_head_json":{"title":"Flandres 2021 - Filippo Baroncini sacr\u00e9 champion du monde espoirs","description":"CYCLISME SUR ROUTE - CHAMPIONNATS DU MONDE 2021 - Filippo Baroncini\u00a0 (Italie) a \u00e9t\u00e9 sacr\u00e9 champion du monde chez les espoirs, ce vendredi.","robots":{"index":"index","follow":"follow","max-snippet":"max-snippet:-1","max-image-preview":"max-image-preview:large","max-video-preview":"max-video-preview:-1"},"canonical":"https:\/\/dicodusport.fr\/blog\/flandres-2021-filippo-baroncini-sacre-champion-du-monde-espoirs\/","og_locale":"fr_FR","og_type":"article","og_title":"Flandres 2021 - Filippo Baroncini sacr\u00e9 champion du monde espoirs","og_description":"CYCLISME SUR ROUTE - CHAMPIONNATS DU MONDE 2021 - Filippo Baroncini\u00a0 (Italie) a \u00e9t\u00e9 sacr\u00e9 champion du monde chez les espoirs, ce vendredi.","og_url":"https:\/\/dicodusport.fr\/blog\/flandres-2021-filippo-baroncini-sacre-champion-du-monde-espoirs\/","og_site_name":"Dicodusport","article_publisher":"https:\/\/www.facebook.com\/dicodusport","article_author":"https:\/\/www.facebook.com\/groups\/LesRoisDuPeloton","article_published_time":"2021-09-24T15:36:49+00:00","article_modified_time":"2022-01-30T14:30:37+00:00","og_image":[{"width":800,"height":445,"url":"https:\/\/dicodusport.fr\/blog\/wp-content\/uploads\/2021\/09\/Cyclisme-Flandres-2021-Filippo-Baroncini-sacre-champion-du-monde-espoirs.png","type":"image\/png"}],"author":"Emilien Descampiaux","twitter_card":"summary_large_image","twitter_title":"Flandres 2021 - Filippo Baroncini sacr\u00e9 champion du monde espoirs","twitter_creator":"@https:\/\/twitter.com\/LRoisDuPeloton","twitter_site":"@dicodusport","schema":{"@context":"https:\/\/schema.org","@graph":[{"@type":"NewsArticle","@id":"https:\/\/dicodusport.fr\/blog\/flandres-2021-filippo-baroncini-sacre-champion-du-monde-espoirs\/#article","isPartOf":{"@id":"https:\/\/dicodusport.fr\/blog\/flandres-2021-filippo-baroncini-sacre-champion-du-monde-espoirs\/"},"author":{"name":"Emilien Descampiaux","@id":"https:\/\/dicodusport.fr\/blog\/#\/schema\/person\/6db4bae06b171592211be385b32876a7"},"headline":"Flandres 2021 &#8211; Filippo Baroncini sacr\u00e9 champion du monde espoirs","datePublished":"2021-09-24T15:36:49+00:00","dateModified":"2022-01-30T14:30:37+00:00","mainEntityOfPage":{"@id":"https:\/\/dicodusport.fr\/blog\/flandres-2021-filippo-baroncini-sacre-champion-du-monde-espoirs\/"},"wordCount":674,"commentCount":0,"publisher":{"@id":"https:\/\/dicodusport.fr\/blog\/#organization"},"image":{"@id":"https:\/\/dicodusport.fr\/blog\/flandres-2021-filippo-baroncini-sacre-champion-du-monde-espoirs\/#primaryimage"},"thumbnailUrl":"https:\/\/dicodusport.fr\/blog\/wp-content\/uploads\/2021\/09\/Cyclisme-Flandres-2021-Filippo-Baroncini-sacre-champion-du-monde-espoirs.png","keywords":["Actualit\u00e9 Cyclisme","Championnats du monde de cyclisme"],"articleSection":["Cyclisme sur route"],"inLanguage":"fr-FR","potentialAction":[{"@type":"CommentAction","name":"Comment","target":["https:\/\/dicodusport.fr\/blog\/flandres-2021-filippo-baroncini-sacre-champion-du-monde-espoirs\/#respond"]}],"copyrightYear":"2021","copyrightHolder":{"@id":"https:\/\/dicodusport.fr\/blog\/#organization"}},{"@type":"WebPage","@id":"https:\/\/dicodusport.fr\/blog\/flandres-2021-filippo-baroncini-sacre-champion-du-monde-espoirs\/","url":"https:\/\/dicodusport.fr\/blog\/flandres-2021-filippo-baroncini-sacre-champion-du-monde-espoirs\/","name":"Flandres 2021 - Filippo Baroncini sacr\u00e9 champion du monde espoirs","isPartOf":{"@id":"https:\/\/dicodusport.fr\/blog\/#website"},"primaryImageOfPage":{"@id":"https:\/\/dicodusport.fr\/blog\/flandres-2021-filippo-baroncini-sacre-champion-du-monde-espoirs\/#primaryimage"},"image":{"@id":"https:\/\/dicodusport.fr\/blog\/flandres-2021-filippo-baroncini-sacre-champion-du-monde-espoirs\/#primaryimage"},"thumbnailUrl":"https:\/\/dicodusport.fr\/blog\/wp-content\/uploads\/2021\/09\/Cyclisme-Flandres-2021-Filippo-Baroncini-sacre-champion-du-monde-espoirs.png","datePublished":"2021-09-24T15:36:49+00:00","dateModified":"2022-01-30T14:30:37+00:00","description":"CYCLISME SUR ROUTE - CHAMPIONNATS DU MONDE 2021 - Filippo Baroncini\u00a0 (Italie) a \u00e9t\u00e9 sacr\u00e9 champion du monde chez les espoirs, ce vendredi.","breadcrumb":{"@id":"https:\/\/dicodusport.fr\/blog\/flandres-2021-filippo-baroncini-sacre-champion-du-monde-espoirs\/#breadcrumb"},"inLanguage":"fr-FR","potentialAction":[{"@type":"ReadAction","target":["https:\/\/dicodusport.fr\/blog\/flandres-2021-filippo-baroncini-sacre-champion-du-monde-espoirs\/"]}]},{"@type":"ImageObject","inLanguage":"fr-FR","@id":"https:\/\/dicodusport.fr\/blog\/flandres-2021-filippo-baroncini-sacre-champion-du-monde-espoirs\/#primaryimage","url":"https:\/\/dicodusport.fr\/blog\/wp-content\/uploads\/2021\/09\/Cyclisme-Flandres-2021-Filippo-Baroncini-sacre-champion-du-monde-espoirs.png","contentUrl":"https:\/\/dicodusport.fr\/blog\/wp-content\/uploads\/2021\/09\/Cyclisme-Flandres-2021-Filippo-Baroncini-sacre-champion-du-monde-espoirs.png","width":800,"height":445,"caption":"Cyclisme - Flandres 2021 - Filippo Baroncini sacr\u00e9 champion du monde espoirs"},{"@type":"BreadcrumbList","@id":"https:\/\/dicodusport.fr\/blog\/flandres-2021-filippo-baroncini-sacre-champion-du-monde-espoirs\/#breadcrumb","itemListElement":[{"@type":"ListItem","position":1,"name":"Accueil","item":"https:\/\/dicodusport.fr\/blog\/"},{"@type":"ListItem","position":2,"name":"Flandres 2021 &#8211; Filippo Baroncini sacr\u00e9 champion du monde espoirs"}]},{"@type":"WebSite","@id":"https:\/\/dicodusport.fr\/blog\/#website","url":"https:\/\/dicodusport.fr\/blog\/","name":"Dicodusport","description":"L&#039;encyclop\u00e9die de l&#039;actualit\u00e9 sportive","publisher":{"@id":"https:\/\/dicodusport.fr\/blog\/#organization"},"potentialAction":[{"@type":"SearchAction","target":{"@type":"EntryPoint","urlTemplate":"https:\/\/dicodusport.fr\/blog\/?s={search_term_string}"},"query-input":{"@type":"PropertyValueSpecification","valueRequired":true,"valueName":"search_term_string"}}],"inLanguage":"fr-FR"},{"@type":"NewsMediaOrganization","@id":"https:\/\/dicodusport.fr\/blog\/#organization","name":"Dicodusport","url":"https:\/\/dicodusport.fr\/blog\/","logo":{"@type":"ImageObject","inLanguage":"fr-FR","@id":"https:\/\/dicodusport.fr\/blog\/#\/schema\/logo\/image\/","url":"https:\/\/dicodusport.fr\/blog\/wp-content\/uploads\/2020\/06\/cropped-LOGO-DICODUSPORT-2020-SANS-FOND-SANS-TEXTE.png","contentUrl":"https:\/\/dicodusport.fr\/blog\/wp-content\/uploads\/2020\/06\/cropped-LOGO-DICODUSPORT-2020-SANS-FOND-SANS-TEXTE.png","width":512,"height":512,"caption":"Dicodusport"},"image":{"@id":"https:\/\/dicodusport.fr\/blog\/#\/schema\/logo\/image\/"},"sameAs":["https:\/\/www.facebook.com\/dicodusport","https:\/\/x.com\/dicodusport","https:\/\/www.instagram.com\/dicodusport\/","https:\/\/www.youtube.com\/channel\/UC7V2KZ5sd3htJivAbA4ZG3w"],"description":"Dicodusport est l'encyclop\u00e9die de l'actualit\u00e9 sportive.","email":"bonjour@dicodusport.fr","legalName":"DICODUSPORT","foundingDate":"2018-01-14","vatID":"FR71834470973","taxID":"83447097300043","numberOfEmployees":{"@type":"QuantitativeValue","minValue":"1","maxValue":"10"}},{"@type":"Person","@id":"https:\/\/dicodusport.fr\/blog\/#\/schema\/person\/6db4bae06b171592211be385b32876a7","name":"Emilien Descampiaux","image":{"@type":"ImageObject","inLanguage":"fr-FR","@id":"https:\/\/dicodusport.fr\/blog\/#\/schema\/person\/image\/","url":"https:\/\/dicodusport.fr\/blog\/wp-content\/uploads\/2021\/05\/Emilien-Descampiaux-150x150.jpg","contentUrl":"https:\/\/dicodusport.fr\/blog\/wp-content\/uploads\/2021\/05\/Emilien-Descampiaux-150x150.jpg","caption":"Emilien Descampiaux"},"description":"Journaliste\/r\u00e9dacteur depuis 2014 - Fan de la classe de Frank Vandenbroucke, je vis cyclisme (et de ses paysages) depuis plus de 20 ans. Je suis tr\u00e8s impliqu\u00e9 sur mes diff\u00e9rents r\u00e9seaux sociaux pour partager ma passion sur le monde et l'Histoire de la bicyclette avec ma voix sur les images en noir et blanc du succ\u00e8s de Rik Van Steenbergen lors du Ronde sur le V\u00e9lodrome de Gand.","sameAs":["https:\/\/www.facebook.com\/groups\/LesRoisDuPeloton","https:\/\/x.com\/https:\/\/twitter.com\/LRoisDuPeloton"],"url":"https:\/\/dicodusport.fr\/blog\/author\/emiliend\/"}]}},"_links":{"self":[{"href":"https:\/\/dicodusport.fr\/blog\/wp-json\/wp\/v2\/posts\/168827","targetHints":{"allow":["GET"]}}],"collection":[{"href":"https:\/\/dicodusport.fr\/blog\/wp-json\/wp\/v2\/posts"}],"about":[{"href":"https:\/\/dicodusport.fr\/blog\/wp-json\/wp\/v2\/types\/post"}],"author":[{"embeddable":true,"href":"https:\/\/dicodusport.fr\/blog\/wp-json\/wp\/v2\/users\/48"}],"replies":[{"embeddable":true,"href":"https:\/\/dicodusport.fr\/blog\/wp-json\/wp\/v2\/comments?post=168827"}],"version-history":[{"count":0,"href":"https:\/\/dicodusport.fr\/blog\/wp-json\/wp\/v2\/posts\/168827\/revisions"}],"wp:featuredmedia":[{"embeddable":true,"href":"https:\/\/dicodusport.fr\/blog\/wp-json\/wp\/v2\/media\/168845"}],"wp:attachment":[{"href":"https:\/\/dicodusport.fr\/blog\/wp-json\/wp\/v2\/media?parent=168827"}],"wp:term":[{"taxonomy":"category","embeddable":true,"href":"https:\/\/dicodusport.fr\/blog\/wp-json\/wp\/v2\/categories?post=168827"},{"taxonomy":"post_tag","embeddable":true,"href":"https:\/\/dicodusport.fr\/blog\/wp-json\/wp\/v2\/tags?post=168827"}],"curies":[{"name":"wp","href":"https:\/\/api.w.org\/{rel}","templated":true}]}}