{"id":169034,"date":"2021-09-25T17:55:06","date_gmt":"2021-09-25T15:55:06","guid":{"rendered":"https:\/\/dicodusport.fr\/blog\/?p=169034&#038;preview=true&#038;preview_id=169034"},"modified":"2021-09-25T20:02:54","modified_gmt":"2021-09-25T18:02:54","slug":"romain-gregoire-on-sauve-les-meubles-avec-cette-medaille","status":"publish","type":"post","link":"https:\/\/dicodusport.fr\/blog\/romain-gregoire-on-sauve-les-meubles-avec-cette-medaille\/","title":{"rendered":"Romain Gr\u00e9goire : \u00ab\u00a0On sauve les meubles avec cette m\u00e9daille\u00a0\u00bb"},"content":{"rendered":"<p style=\"text-align: justify;\"><strong><em>CYCLISME &#8211; <a href=\"https:\/\/dicodusport.fr\/blog\/flandres-2021-romain-gregoire-argent-juniors-hagenes-sacre\/\">Vice-champion du monde derri\u00e8re le Norv\u00e9gien Per Strand Hagenes<\/a>, Romain Gr\u00e9goire \u00e9tait malgr\u00e9 tout un peu d\u00e9\u00e7u \u00e0 l&rsquo;arriv\u00e9e.<\/em><\/strong><\/p>\n<p style=\"text-align: justify;\">Lors du championnat d&rsquo;Europe, le jeune Fran\u00e7ais avait devanc\u00e9 le Norv\u00e9gien mais en Flandres, Per Strand Hagenes a pris sa revanche. \u00c0 l&rsquo;arriv\u00e9e, <strong>Romain G\u00e9goire<\/strong> \u00e9tait un peu frustr\u00e9 comme il l&rsquo;a expliqu\u00e9 pour le compte Rel\u00e8ve FFC :<\/p>\n<blockquote>\n<p style=\"text-align: justify;\">Un sentiment mitig\u00e9 parce qu&rsquo;on a vraiment fait une belle course avec l&rsquo;\u00e9quipe, on s&rsquo;est retrouv\u00e9 \u00e0 trois dans le bon groupe. Pierre \u00e9tait vraiment bien, c&rsquo;\u00e9tait notre grosse carte pour aller chercher le maillot. Et finalement il y a eu cette chute \u00e0 6 kilom\u00e8tres de l&rsquo;arriv\u00e9e et moi qui prends la cassure avec le Norv\u00e9gien. On sauve les meubles avec une m\u00e9daille d&rsquo;argent mais on \u00e9tait venu pour le maillot donc \u00e0 chaud il y a de la frustration.<\/p>\n<\/blockquote>\n<p style=\"text-align: justify;\"><strong>Romain Gr\u00e9goire<\/strong>, form\u00e9 \u00e0 l&rsquo;AC Bisontine et pensionnaire de l&rsquo;\u00e9quipe U19 d&rsquo;AG2R Citro\u00ebn, termine une saison exceptionnelle avec les titres de champion de France et d&rsquo;Europe et une deuxi\u00e8me place sur les mondiaux.<\/p>\n<blockquote class=\"twitter-tweet\">\n<p dir=\"ltr\" lang=\"fr\">&#x1f4ac; <a href=\"https:\/\/twitter.com\/GrgoireRomain2?ref_src=twsrc%5Etfw\">@GrgoireRomain2<\/a> : \u00ab\u00a0On sauve les meubles avec cette m\u00e9daille &#x1f948; mais on \u00e9tait venu pour le maillot.\u00a0\u00bb <a href=\"https:\/\/twitter.com\/hashtag\/Flanders2021?src=hash&amp;ref_src=twsrc%5Etfw\">#Flanders2021<\/a> <a href=\"https:\/\/t.co\/yIuLPREJcZ\">pic.twitter.com\/yIuLPREJcZ<\/a><\/p>\n<p>\u2014 La Rel\u00e8ve FFC (@ReleveFFC) <a href=\"https:\/\/twitter.com\/ReleveFFC\/status\/1441380842769580032?ref_src=twsrc%5Etfw\">September 24, 2021<\/a><\/p><\/blockquote>\n<p><script async src=\"https:\/\/platform.twitter.com\/widgets.js\" charset=\"utf-8\"><\/script><\/p>\n","protected":false},"excerpt":{"rendered":"<p>CYCLISME &#8211; Vice-champion du monde derri\u00e8re le Norv\u00e9gien Per Strand Hagenes, Romain Gr\u00e9goire \u00e9tait malgr\u00e9 tout un peu d\u00e9\u00e7u \u00e0 l&rsquo;arriv\u00e9e.<\/p>\n","protected":false},"author":1,"featured_media":169035,"comment_status":"open","ping_status":"closed","sticky":false,"template":"","format":"standard","meta":{"_acf_changed":false,"_daextam_enable_autolinks":"","footnotes":""},"categories":[46994],"tags":[574,19485],"class_list":["post-169034","post","type-post","status-publish","format-standard","has-post-thumbnail","hentry","category-cyclisme-sur-route","tag-cyclisme","tag-romain-gregoire"],"acf":[],"yoast_head":"<!-- This site is optimized with the Yoast SEO Premium plugin v26.7 (Yoast SEO v26.7) - https:\/\/yoast.com\/wordpress\/plugins\/seo\/ -->\n<title>Romain Gr\u00e9goire : &quot;On sauve les meubles avec cette m\u00e9daille&quot;<\/title>\n<meta name=\"description\" content=\"Vice-champion du monde derri\u00e8re le Norv\u00e9gien Per Strand Hagenes, Romain Gr\u00e9goire \u00e9tait malgr\u00e9 tout un peu d\u00e9\u00e7u \u00e0 l&#039;arriv\u00e9e.\" \/>\n<meta name=\"robots\" content=\"index, follow, max-snippet:-1, max-image-preview:large, max-video-preview:-1\" \/>\n<link rel=\"canonical\" href=\"https:\/\/dicodusport.fr\/blog\/romain-gregoire-on-sauve-les-meubles-avec-cette-medaille\/\" \/>\n<meta property=\"og:locale\" content=\"fr_FR\" \/>\n<meta property=\"og:type\" content=\"article\" \/>\n<meta property=\"og:title\" content=\"Romain Gr\u00e9goire : &quot;On sauve les meubles avec cette m\u00e9daille&quot;\" \/>\n<meta property=\"og:description\" content=\"Vice-champion du monde derri\u00e8re le Norv\u00e9gien Per Strand Hagenes, Romain Gr\u00e9goire \u00e9tait malgr\u00e9 tout un peu d\u00e9\u00e7u \u00e0 l&#039;arriv\u00e9e.\" \/>\n<meta property=\"og:url\" content=\"https:\/\/dicodusport.fr\/blog\/romain-gregoire-on-sauve-les-meubles-avec-cette-medaille\/\" \/>\n<meta property=\"og:site_name\" content=\"Dicodusport\" \/>\n<meta property=\"article:publisher\" content=\"https:\/\/www.facebook.com\/dicodusport\" \/>\n<meta property=\"article:author\" content=\"https:\/\/www.facebook.com\/dicodusport\" \/>\n<meta property=\"article:published_time\" content=\"2021-09-25T15:55:06+00:00\" \/>\n<meta property=\"article:modified_time\" content=\"2021-09-25T18:02:54+00:00\" \/>\n<meta property=\"og:image\" content=\"https:\/\/dicodusport.fr\/blog\/wp-content\/uploads\/2021\/09\/Romain-Gre\u0301goire-On-sauve-les-meubles-avec-cette-me\u0301daille.png\" \/>\n\t<meta property=\"og:image:width\" content=\"800\" \/>\n\t<meta property=\"og:image:height\" content=\"445\" \/>\n\t<meta property=\"og:image:type\" content=\"image\/png\" \/>\n<meta name=\"author\" content=\"Nicolas Jacquemard\" \/>\n<meta name=\"twitter:card\" content=\"summary_large_image\" \/>\n<meta name=\"twitter:title\" content=\"Romain Gr\u00e9goire : &quot;On sauve les meubles avec cette m\u00e9daille&quot;\" \/>\n<meta name=\"twitter:creator\" content=\"@https:\/\/twitter.com\/Nico_Jacquemard\" \/>\n<meta name=\"twitter:site\" content=\"@dicodusport\" \/>\n<script type=\"application\/ld+json\" class=\"yoast-schema-graph\">{\"@context\":\"https:\/\/schema.org\",\"@graph\":[{\"@type\":\"NewsArticle\",\"@id\":\"https:\/\/dicodusport.fr\/blog\/romain-gregoire-on-sauve-les-meubles-avec-cette-medaille\/#article\",\"isPartOf\":{\"@id\":\"https:\/\/dicodusport.fr\/blog\/romain-gregoire-on-sauve-les-meubles-avec-cette-medaille\/\"},\"author\":{\"name\":\"Nicolas Jacquemard\",\"@id\":\"https:\/\/dicodusport.fr\/blog\/#\/schema\/person\/55dcb50ad410894e431ed812bbb70191\"},\"headline\":\"Romain Gr\u00e9goire : \u00ab\u00a0On sauve les meubles avec cette m\u00e9daille\u00a0\u00bb\",\"datePublished\":\"2021-09-25T15:55:06+00:00\",\"dateModified\":\"2021-09-25T18:02:54+00:00\",\"mainEntityOfPage\":{\"@id\":\"https:\/\/dicodusport.fr\/blog\/romain-gregoire-on-sauve-les-meubles-avec-cette-medaille\/\"},\"wordCount\":241,\"commentCount\":0,\"publisher\":{\"@id\":\"https:\/\/dicodusport.fr\/blog\/#organization\"},\"image\":{\"@id\":\"https:\/\/dicodusport.fr\/blog\/romain-gregoire-on-sauve-les-meubles-avec-cette-medaille\/#primaryimage\"},\"thumbnailUrl\":\"https:\/\/dicodusport.fr\/blog\/wp-content\/uploads\/2021\/09\/Romain-Gre\u0301goire-On-sauve-les-meubles-avec-cette-me\u0301daille.png\",\"keywords\":[\"Cyclisme\",\"Romain Gr\u00e9goire\"],\"articleSection\":[\"Cyclisme sur route\"],\"inLanguage\":\"fr-FR\",\"potentialAction\":[{\"@type\":\"CommentAction\",\"name\":\"Comment\",\"target\":[\"https:\/\/dicodusport.fr\/blog\/romain-gregoire-on-sauve-les-meubles-avec-cette-medaille\/#respond\"]}],\"copyrightYear\":\"2021\",\"copyrightHolder\":{\"@id\":\"https:\/\/dicodusport.fr\/blog\/#organization\"}},{\"@type\":\"WebPage\",\"@id\":\"https:\/\/dicodusport.fr\/blog\/romain-gregoire-on-sauve-les-meubles-avec-cette-medaille\/\",\"url\":\"https:\/\/dicodusport.fr\/blog\/romain-gregoire-on-sauve-les-meubles-avec-cette-medaille\/\",\"name\":\"Romain Gr\u00e9goire : \\\"On sauve les meubles avec cette m\u00e9daille\\\"\",\"isPartOf\":{\"@id\":\"https:\/\/dicodusport.fr\/blog\/#website\"},\"primaryImageOfPage\":{\"@id\":\"https:\/\/dicodusport.fr\/blog\/romain-gregoire-on-sauve-les-meubles-avec-cette-medaille\/#primaryimage\"},\"image\":{\"@id\":\"https:\/\/dicodusport.fr\/blog\/romain-gregoire-on-sauve-les-meubles-avec-cette-medaille\/#primaryimage\"},\"thumbnailUrl\":\"https:\/\/dicodusport.fr\/blog\/wp-content\/uploads\/2021\/09\/Romain-Gre\u0301goire-On-sauve-les-meubles-avec-cette-me\u0301daille.png\",\"datePublished\":\"2021-09-25T15:55:06+00:00\",\"dateModified\":\"2021-09-25T18:02:54+00:00\",\"description\":\"Vice-champion du monde derri\u00e8re le Norv\u00e9gien Per Strand Hagenes, Romain Gr\u00e9goire \u00e9tait malgr\u00e9 tout un peu d\u00e9\u00e7u \u00e0 l'arriv\u00e9e.\",\"breadcrumb\":{\"@id\":\"https:\/\/dicodusport.fr\/blog\/romain-gregoire-on-sauve-les-meubles-avec-cette-medaille\/#breadcrumb\"},\"inLanguage\":\"fr-FR\",\"potentialAction\":[{\"@type\":\"ReadAction\",\"target\":[\"https:\/\/dicodusport.fr\/blog\/romain-gregoire-on-sauve-les-meubles-avec-cette-medaille\/\"]}]},{\"@type\":\"ImageObject\",\"inLanguage\":\"fr-FR\",\"@id\":\"https:\/\/dicodusport.fr\/blog\/romain-gregoire-on-sauve-les-meubles-avec-cette-medaille\/#primaryimage\",\"url\":\"https:\/\/dicodusport.fr\/blog\/wp-content\/uploads\/2021\/09\/Romain-Gre\u0301goire-On-sauve-les-meubles-avec-cette-me\u0301daille.png\",\"contentUrl\":\"https:\/\/dicodusport.fr\/blog\/wp-content\/uploads\/2021\/09\/Romain-Gre\u0301goire-On-sauve-les-meubles-avec-cette-me\u0301daille.png\",\"width\":800,\"height\":445},{\"@type\":\"BreadcrumbList\",\"@id\":\"https:\/\/dicodusport.fr\/blog\/romain-gregoire-on-sauve-les-meubles-avec-cette-medaille\/#breadcrumb\",\"itemListElement\":[{\"@type\":\"ListItem\",\"position\":1,\"name\":\"Accueil\",\"item\":\"https:\/\/dicodusport.fr\/blog\/\"},{\"@type\":\"ListItem\",\"position\":2,\"name\":\"Romain Gr\u00e9goire : \u00ab\u00a0On sauve les meubles avec cette m\u00e9daille\u00a0\u00bb\"}]},{\"@type\":\"WebSite\",\"@id\":\"https:\/\/dicodusport.fr\/blog\/#website\",\"url\":\"https:\/\/dicodusport.fr\/blog\/\",\"name\":\"Dicodusport\",\"description\":\"L&#039;encyclop\u00e9die de l&#039;actualit\u00e9 sportive\",\"publisher\":{\"@id\":\"https:\/\/dicodusport.fr\/blog\/#organization\"},\"potentialAction\":[{\"@type\":\"SearchAction\",\"target\":{\"@type\":\"EntryPoint\",\"urlTemplate\":\"https:\/\/dicodusport.fr\/blog\/?s={search_term_string}\"},\"query-input\":{\"@type\":\"PropertyValueSpecification\",\"valueRequired\":true,\"valueName\":\"search_term_string\"}}],\"inLanguage\":\"fr-FR\"},{\"@type\":\"NewsMediaOrganization\",\"@id\":\"https:\/\/dicodusport.fr\/blog\/#organization\",\"name\":\"Dicodusport\",\"url\":\"https:\/\/dicodusport.fr\/blog\/\",\"logo\":{\"@type\":\"ImageObject\",\"inLanguage\":\"fr-FR\",\"@id\":\"https:\/\/dicodusport.fr\/blog\/#\/schema\/logo\/image\/\",\"url\":\"https:\/\/dicodusport.fr\/blog\/wp-content\/uploads\/2020\/06\/cropped-LOGO-DICODUSPORT-2020-SANS-FOND-SANS-TEXTE.png\",\"contentUrl\":\"https:\/\/dicodusport.fr\/blog\/wp-content\/uploads\/2020\/06\/cropped-LOGO-DICODUSPORT-2020-SANS-FOND-SANS-TEXTE.png\",\"width\":512,\"height\":512,\"caption\":\"Dicodusport\"},\"image\":{\"@id\":\"https:\/\/dicodusport.fr\/blog\/#\/schema\/logo\/image\/\"},\"sameAs\":[\"https:\/\/www.facebook.com\/dicodusport\",\"https:\/\/x.com\/dicodusport\",\"https:\/\/www.instagram.com\/dicodusport\/\",\"https:\/\/www.youtube.com\/channel\/UC7V2KZ5sd3htJivAbA4ZG3w\"],\"description\":\"Dicodusport est l'encyclop\u00e9die de l'actualit\u00e9 sportive.\",\"email\":\"bonjour@dicodusport.fr\",\"legalName\":\"DICODUSPORT\",\"foundingDate\":\"2018-01-14\",\"vatID\":\"FR71834470973\",\"taxID\":\"83447097300043\",\"numberOfEmployees\":{\"@type\":\"QuantitativeValue\",\"minValue\":\"1\",\"maxValue\":\"10\"}},{\"@type\":\"Person\",\"@id\":\"https:\/\/dicodusport.fr\/blog\/#\/schema\/person\/55dcb50ad410894e431ed812bbb70191\",\"name\":\"Nicolas Jacquemard\",\"image\":{\"@type\":\"ImageObject\",\"inLanguage\":\"fr-FR\",\"@id\":\"https:\/\/dicodusport.fr\/blog\/#\/schema\/person\/image\/\",\"url\":\"https:\/\/dicodusport.fr\/blog\/wp-content\/uploads\/2021\/05\/Nicolas-Jacquemard-150x150.jpeg\",\"contentUrl\":\"https:\/\/dicodusport.fr\/blog\/wp-content\/uploads\/2021\/05\/Nicolas-Jacquemard-150x150.jpeg\",\"caption\":\"Nicolas Jacquemard\"},\"description\":\"Passionn\u00e9 de sport et entrepreneur depuis mes 18 ans, la cr\u00e9ation de Dicodusport m'a sembl\u00e9 \u00e9vidente pour participer \u00e0 la m\u00e9diatisation d'un plus grand nombre de sports. Le chemin est long mais avec une \u00e9quipe des plus motiv\u00e9es et les Jeux Olympiques de Paris 2024 en point de mire, nous y arriverons ! Journaliste dans le monde du sport depuis plus de 5 ans, je traite aussi bien de football, de rugby, de biathlon que de cyclisme.\",\"sameAs\":[\"https:\/\/www.facebook.com\/dicodusport\",\"https:\/\/x.com\/https:\/\/twitter.com\/Nico_Jacquemard\"],\"url\":\"https:\/\/dicodusport.fr\/blog\/author\/dicodusport\/\"}]}<\/script>\n<!-- \/ Yoast SEO Premium plugin. -->","yoast_head_json":{"title":"Romain Gr\u00e9goire : \"On sauve les meubles avec cette m\u00e9daille\"","description":"Vice-champion du monde derri\u00e8re le Norv\u00e9gien Per Strand Hagenes, Romain Gr\u00e9goire \u00e9tait malgr\u00e9 tout un peu d\u00e9\u00e7u \u00e0 l'arriv\u00e9e.","robots":{"index":"index","follow":"follow","max-snippet":"max-snippet:-1","max-image-preview":"max-image-preview:large","max-video-preview":"max-video-preview:-1"},"canonical":"https:\/\/dicodusport.fr\/blog\/romain-gregoire-on-sauve-les-meubles-avec-cette-medaille\/","og_locale":"fr_FR","og_type":"article","og_title":"Romain Gr\u00e9goire : \"On sauve les meubles avec cette m\u00e9daille\"","og_description":"Vice-champion du monde derri\u00e8re le Norv\u00e9gien Per Strand Hagenes, Romain Gr\u00e9goire \u00e9tait malgr\u00e9 tout un peu d\u00e9\u00e7u \u00e0 l'arriv\u00e9e.","og_url":"https:\/\/dicodusport.fr\/blog\/romain-gregoire-on-sauve-les-meubles-avec-cette-medaille\/","og_site_name":"Dicodusport","article_publisher":"https:\/\/www.facebook.com\/dicodusport","article_author":"https:\/\/www.facebook.com\/dicodusport","article_published_time":"2021-09-25T15:55:06+00:00","article_modified_time":"2021-09-25T18:02:54+00:00","og_image":[{"width":800,"height":445,"url":"https:\/\/dicodusport.fr\/blog\/wp-content\/uploads\/2021\/09\/Romain-Gre\u0301goire-On-sauve-les-meubles-avec-cette-me\u0301daille.png","type":"image\/png"}],"author":"Nicolas Jacquemard","twitter_card":"summary_large_image","twitter_title":"Romain Gr\u00e9goire : \"On sauve les meubles avec cette m\u00e9daille\"","twitter_creator":"@https:\/\/twitter.com\/Nico_Jacquemard","twitter_site":"@dicodusport","schema":{"@context":"https:\/\/schema.org","@graph":[{"@type":"NewsArticle","@id":"https:\/\/dicodusport.fr\/blog\/romain-gregoire-on-sauve-les-meubles-avec-cette-medaille\/#article","isPartOf":{"@id":"https:\/\/dicodusport.fr\/blog\/romain-gregoire-on-sauve-les-meubles-avec-cette-medaille\/"},"author":{"name":"Nicolas Jacquemard","@id":"https:\/\/dicodusport.fr\/blog\/#\/schema\/person\/55dcb50ad410894e431ed812bbb70191"},"headline":"Romain Gr\u00e9goire : \u00ab\u00a0On sauve les meubles avec cette m\u00e9daille\u00a0\u00bb","datePublished":"2021-09-25T15:55:06+00:00","dateModified":"2021-09-25T18:02:54+00:00","mainEntityOfPage":{"@id":"https:\/\/dicodusport.fr\/blog\/romain-gregoire-on-sauve-les-meubles-avec-cette-medaille\/"},"wordCount":241,"commentCount":0,"publisher":{"@id":"https:\/\/dicodusport.fr\/blog\/#organization"},"image":{"@id":"https:\/\/dicodusport.fr\/blog\/romain-gregoire-on-sauve-les-meubles-avec-cette-medaille\/#primaryimage"},"thumbnailUrl":"https:\/\/dicodusport.fr\/blog\/wp-content\/uploads\/2021\/09\/Romain-Gre\u0301goire-On-sauve-les-meubles-avec-cette-me\u0301daille.png","keywords":["Cyclisme","Romain Gr\u00e9goire"],"articleSection":["Cyclisme sur route"],"inLanguage":"fr-FR","potentialAction":[{"@type":"CommentAction","name":"Comment","target":["https:\/\/dicodusport.fr\/blog\/romain-gregoire-on-sauve-les-meubles-avec-cette-medaille\/#respond"]}],"copyrightYear":"2021","copyrightHolder":{"@id":"https:\/\/dicodusport.fr\/blog\/#organization"}},{"@type":"WebPage","@id":"https:\/\/dicodusport.fr\/blog\/romain-gregoire-on-sauve-les-meubles-avec-cette-medaille\/","url":"https:\/\/dicodusport.fr\/blog\/romain-gregoire-on-sauve-les-meubles-avec-cette-medaille\/","name":"Romain Gr\u00e9goire : \"On sauve les meubles avec cette m\u00e9daille\"","isPartOf":{"@id":"https:\/\/dicodusport.fr\/blog\/#website"},"primaryImageOfPage":{"@id":"https:\/\/dicodusport.fr\/blog\/romain-gregoire-on-sauve-les-meubles-avec-cette-medaille\/#primaryimage"},"image":{"@id":"https:\/\/dicodusport.fr\/blog\/romain-gregoire-on-sauve-les-meubles-avec-cette-medaille\/#primaryimage"},"thumbnailUrl":"https:\/\/dicodusport.fr\/blog\/wp-content\/uploads\/2021\/09\/Romain-Gre\u0301goire-On-sauve-les-meubles-avec-cette-me\u0301daille.png","datePublished":"2021-09-25T15:55:06+00:00","dateModified":"2021-09-25T18:02:54+00:00","description":"Vice-champion du monde derri\u00e8re le Norv\u00e9gien Per Strand Hagenes, Romain Gr\u00e9goire \u00e9tait malgr\u00e9 tout un peu d\u00e9\u00e7u \u00e0 l'arriv\u00e9e.","breadcrumb":{"@id":"https:\/\/dicodusport.fr\/blog\/romain-gregoire-on-sauve-les-meubles-avec-cette-medaille\/#breadcrumb"},"inLanguage":"fr-FR","potentialAction":[{"@type":"ReadAction","target":["https:\/\/dicodusport.fr\/blog\/romain-gregoire-on-sauve-les-meubles-avec-cette-medaille\/"]}]},{"@type":"ImageObject","inLanguage":"fr-FR","@id":"https:\/\/dicodusport.fr\/blog\/romain-gregoire-on-sauve-les-meubles-avec-cette-medaille\/#primaryimage","url":"https:\/\/dicodusport.fr\/blog\/wp-content\/uploads\/2021\/09\/Romain-Gre\u0301goire-On-sauve-les-meubles-avec-cette-me\u0301daille.png","contentUrl":"https:\/\/dicodusport.fr\/blog\/wp-content\/uploads\/2021\/09\/Romain-Gre\u0301goire-On-sauve-les-meubles-avec-cette-me\u0301daille.png","width":800,"height":445},{"@type":"BreadcrumbList","@id":"https:\/\/dicodusport.fr\/blog\/romain-gregoire-on-sauve-les-meubles-avec-cette-medaille\/#breadcrumb","itemListElement":[{"@type":"ListItem","position":1,"name":"Accueil","item":"https:\/\/dicodusport.fr\/blog\/"},{"@type":"ListItem","position":2,"name":"Romain Gr\u00e9goire : \u00ab\u00a0On sauve les meubles avec cette m\u00e9daille\u00a0\u00bb"}]},{"@type":"WebSite","@id":"https:\/\/dicodusport.fr\/blog\/#website","url":"https:\/\/dicodusport.fr\/blog\/","name":"Dicodusport","description":"L&#039;encyclop\u00e9die de l&#039;actualit\u00e9 sportive","publisher":{"@id":"https:\/\/dicodusport.fr\/blog\/#organization"},"potentialAction":[{"@type":"SearchAction","target":{"@type":"EntryPoint","urlTemplate":"https:\/\/dicodusport.fr\/blog\/?s={search_term_string}"},"query-input":{"@type":"PropertyValueSpecification","valueRequired":true,"valueName":"search_term_string"}}],"inLanguage":"fr-FR"},{"@type":"NewsMediaOrganization","@id":"https:\/\/dicodusport.fr\/blog\/#organization","name":"Dicodusport","url":"https:\/\/dicodusport.fr\/blog\/","logo":{"@type":"ImageObject","inLanguage":"fr-FR","@id":"https:\/\/dicodusport.fr\/blog\/#\/schema\/logo\/image\/","url":"https:\/\/dicodusport.fr\/blog\/wp-content\/uploads\/2020\/06\/cropped-LOGO-DICODUSPORT-2020-SANS-FOND-SANS-TEXTE.png","contentUrl":"https:\/\/dicodusport.fr\/blog\/wp-content\/uploads\/2020\/06\/cropped-LOGO-DICODUSPORT-2020-SANS-FOND-SANS-TEXTE.png","width":512,"height":512,"caption":"Dicodusport"},"image":{"@id":"https:\/\/dicodusport.fr\/blog\/#\/schema\/logo\/image\/"},"sameAs":["https:\/\/www.facebook.com\/dicodusport","https:\/\/x.com\/dicodusport","https:\/\/www.instagram.com\/dicodusport\/","https:\/\/www.youtube.com\/channel\/UC7V2KZ5sd3htJivAbA4ZG3w"],"description":"Dicodusport est l'encyclop\u00e9die de l'actualit\u00e9 sportive.","email":"bonjour@dicodusport.fr","legalName":"DICODUSPORT","foundingDate":"2018-01-14","vatID":"FR71834470973","taxID":"83447097300043","numberOfEmployees":{"@type":"QuantitativeValue","minValue":"1","maxValue":"10"}},{"@type":"Person","@id":"https:\/\/dicodusport.fr\/blog\/#\/schema\/person\/55dcb50ad410894e431ed812bbb70191","name":"Nicolas Jacquemard","image":{"@type":"ImageObject","inLanguage":"fr-FR","@id":"https:\/\/dicodusport.fr\/blog\/#\/schema\/person\/image\/","url":"https:\/\/dicodusport.fr\/blog\/wp-content\/uploads\/2021\/05\/Nicolas-Jacquemard-150x150.jpeg","contentUrl":"https:\/\/dicodusport.fr\/blog\/wp-content\/uploads\/2021\/05\/Nicolas-Jacquemard-150x150.jpeg","caption":"Nicolas Jacquemard"},"description":"Passionn\u00e9 de sport et entrepreneur depuis mes 18 ans, la cr\u00e9ation de Dicodusport m'a sembl\u00e9 \u00e9vidente pour participer \u00e0 la m\u00e9diatisation d'un plus grand nombre de sports. Le chemin est long mais avec une \u00e9quipe des plus motiv\u00e9es et les Jeux Olympiques de Paris 2024 en point de mire, nous y arriverons ! Journaliste dans le monde du sport depuis plus de 5 ans, je traite aussi bien de football, de rugby, de biathlon que de cyclisme.","sameAs":["https:\/\/www.facebook.com\/dicodusport","https:\/\/x.com\/https:\/\/twitter.com\/Nico_Jacquemard"],"url":"https:\/\/dicodusport.fr\/blog\/author\/dicodusport\/"}]}},"_links":{"self":[{"href":"https:\/\/dicodusport.fr\/blog\/wp-json\/wp\/v2\/posts\/169034","targetHints":{"allow":["GET"]}}],"collection":[{"href":"https:\/\/dicodusport.fr\/blog\/wp-json\/wp\/v2\/posts"}],"about":[{"href":"https:\/\/dicodusport.fr\/blog\/wp-json\/wp\/v2\/types\/post"}],"author":[{"embeddable":true,"href":"https:\/\/dicodusport.fr\/blog\/wp-json\/wp\/v2\/users\/1"}],"replies":[{"embeddable":true,"href":"https:\/\/dicodusport.fr\/blog\/wp-json\/wp\/v2\/comments?post=169034"}],"version-history":[{"count":0,"href":"https:\/\/dicodusport.fr\/blog\/wp-json\/wp\/v2\/posts\/169034\/revisions"}],"wp:featuredmedia":[{"embeddable":true,"href":"https:\/\/dicodusport.fr\/blog\/wp-json\/wp\/v2\/media\/169035"}],"wp:attachment":[{"href":"https:\/\/dicodusport.fr\/blog\/wp-json\/wp\/v2\/media?parent=169034"}],"wp:term":[{"taxonomy":"category","embeddable":true,"href":"https:\/\/dicodusport.fr\/blog\/wp-json\/wp\/v2\/categories?post=169034"},{"taxonomy":"post_tag","embeddable":true,"href":"https:\/\/dicodusport.fr\/blog\/wp-json\/wp\/v2\/tags?post=169034"}],"curies":[{"name":"wp","href":"https:\/\/api.w.org\/{rel}","templated":true}]}}