{"id":169317,"date":"2021-09-26T16:42:58","date_gmt":"2021-09-26T14:42:58","guid":{"rendered":"https:\/\/dicodusport.fr\/blog\/?p=169317"},"modified":"2023-07-01T13:43:39","modified_gmt":"2023-07-01T11:43:39","slug":"flandres-2021-julian-alaphilippe-conserve-son-titre-de-champion-du-monde","status":"publish","type":"post","link":"https:\/\/dicodusport.fr\/blog\/flandres-2021-julian-alaphilippe-conserve-son-titre-de-champion-du-monde\/","title":{"rendered":"Flandres 2021 : Julian Alaphilippe conserve son titre de champion du monde"},"content":{"rendered":"<p style=\"text-align: justify;\"><span class=\"tojvnm2t a6sixzi8 abs2jz4q a8s20v7p t1p8iaqh k5wvi7nf q3lfd5jv pk4s997a bipmatt0 cebpdrjk qowsmv63 owwhemhu dp1hu0rb dhp61c6y iyyx5f41\"><em><strong><a href=\"https:\/\/dicodusport.fr\/blog\/actualites\/cyclisme\/championnats-monde-cyclisme-sur-route-2021\/\">CYCLISME SUR ROUTE &#8211; CHAMPIONNATS DU MONDE 2021<\/a> &#8211; IL L&rsquo;A ENCORE FAIT ! Apr\u00e8s \u00eatre sorti \u00e0 18 kilom\u00e8tres de l&rsquo;arriv\u00e9e, Julian Alaphilippe a gard\u00e9 son titre de champion du monde, en gagnant en solitaire ce dimanche \u00e0 Louvain. Dylan van Baarle (Pays-Bas) et Michael Valgren (Danemark) compl\u00e8tent le podium.<br \/>\n<\/strong><\/em><\/span><\/p>\n<p style=\"text-align: justify;\">D&rsquo;abord, 8 coureurs ont form\u00e9 l&rsquo;\u00e9chapp\u00e9e matinale apr\u00e8s une dizaine de kilom\u00e8tres de course <strong>Jambaljamts Sainbayar<\/strong> (Mongolie), <strong>Kim Magnusson<\/strong> (Su\u00e8de), <strong>Oskar Nisu<\/strong> (Estonie), <strong>Rory Townsend<\/strong> (Irlande), <strong>Patrick Gamper<\/strong> (Autriche), <strong>Pavel Kochetkov<\/strong> (Russie), <strong>Joel Levi Burbano<\/strong> (\u00c9quateur) et <strong>Jos\u00e9 Tito Hern\u00e1ndez<\/strong> (Colombie). La Belgique et le Danemark par l&rsquo;interm\u00e9diaire de Bjerg et de Declercq, ont laiss\u00e9 jusqu&rsquo;\u00e0 6 minutes d&rsquo;avance aux fuyards. Dans le peloton, on a eu le droit aux habituelles chutes avec comme victimes <strong>Ethan Hayter<\/strong> (Grande-Bretagne) et <strong>Andrea Bagioli<\/strong> (Italie) dans un premier temps puis l&rsquo;ancien champion du monde <strong>Mads Pedersen<\/strong> (Danemark) avec <strong>Matteo Trentin<\/strong> et <strong>Davide Ballerini<\/strong> (Italie) \u00e0 185 kilom\u00e8tres du terme. Le Danois abandonna quelques kilom\u00e8tres plus tard.<\/p>\n<h2 style=\"text-align: justify;\">La France met le feu aux poudres<\/h2>\n<p style=\"text-align: justify;\">Ensuite, dans le premier passage du circuit flandrien, <strong>Beno\u00eet Cosnefroy<\/strong> (France), <strong>Remco Evenepoel<\/strong> (Belgique) et <strong>Magnus Cort Nielsen<\/strong> (Danemark) ont profit\u00e9 des rampes du Smeysberg pour prendre quelques longueurs sur le peloton.<\/p>\n<p style=\"text-align: justify;\">Un groupe s&rsquo;est ensuite form\u00e9 avec <strong>Kasper Asgreen<\/strong> (Danemark), <strong>Tim Declercq<\/strong> (Belgique),<strong> Jan Tratnik, Primoz Roglic<\/strong> (Slov\u00e9nie), <strong>Arnaud D\u00e9mare<\/strong> (France), <strong>Ben Swift<\/strong> (Grande-Bretagne), <strong>Pascal Eenkhoorn<\/strong> (Pays-Bas), <strong>Stefan Bissegger<\/strong> (Suisse), <strong>Markus Hoelgaard<\/strong> (Norv\u00e8ge), <strong>Nathan Haas<\/strong> (Australie), <strong>Imanol Erviti<\/strong> (Espagne) et <strong>Brandon McNulty<\/strong> (\u00c9tats-Unis). Pi\u00e9g\u00e9e avec une minute de retard sur le contre, l&rsquo;Italie est alors oblig\u00e9e de rouler pour une poursuite de 50 kilom\u00e8tres.<\/p>\n<h2 style=\"text-align: justify;\">Les Fran\u00e7ais continuent le travail de sape<\/h2>\n<p style=\"text-align: justify;\">Puis, le groupe de contre est repris dans le circuit de Louvain \u00e0 133 kilom\u00e8tres de l&rsquo;arriv\u00e9e, tandis que l&rsquo;\u00e9chapp\u00e9e matinale a \u00e9t\u00e9 reprise peu de temps apr\u00e8s. Mal plac\u00e9, <strong>Mathieu van der Poel<\/strong> (Pays-Bas) est contraint de faire rouler Bauke Mollema pour le ramener dans le peloton principal. Du c\u00f4t\u00e9 des Belges, on a \u00e9tir\u00e9 le peloton sur le circuit de Louvain. Des sprinteurs comme <strong>Caleb Ewan<\/strong> (Australie) et <strong>Fernando Gaviria<\/strong> (Colombie) ont \u00e9t\u00e9 l\u00e2ch\u00e9s.<\/p>\n<p style=\"text-align: justify;\">\u00c0 la sortie de Louvain, 11 coureurs sont sortis : <strong>Valentin Madouas<\/strong> (France), <strong>Remco Evenepoel<\/strong> (Belgique), <strong>Jan Tratnik<\/strong> (Slov\u00e9nie), <strong>Andrea Bagioli<\/strong> (Italie), <strong>Dylan van Baarle<\/strong> (Pays-Bas), <strong>Mads W\u00fcrtz-Schmidt<\/strong> (Danemark), <strong>Ivan Garcia Cortina<\/strong> (Espagne), <strong>Robert Stannard<\/strong> (Australie), <strong>Nils Politt<\/strong> (Allemagne), <strong>Ramsus Tiller<\/strong> (Norv\u00e8ge) et<strong> Neilson Powless<\/strong> (\u00c9tats-Unis). Derri\u00e8re, la Belgique et la France ont contr\u00f4l\u00e9 l&rsquo;\u00e9cart. Mais, le circuit flandrien a permis une s\u00e9lection dans le groupe de devant avec 5 coureurs qui se sont d\u00e9gag\u00e9s : <strong>Madouas, Evenepoel, Bagioli, Powless <\/strong>et <strong>van Baarle<\/strong>.<\/p>\n<h2 style=\"text-align: justify;\">Intenable Julian Alaphilippe<\/h2>\n<p style=\"text-align: justify;\">Dans le Moskesstraat, \u00e0 une trentaine de secondes, <strong>Julian Alaphilippe<\/strong> (France) s&rsquo;est d\u00e9voil\u00e9 avec <strong>Wout van Aert, Jasper Stuyven<\/strong> (Belgique),<strong> Florian S\u00e9n\u00e9chal<\/strong> (France), <strong>Zdenek Stybar<\/strong> (Tch\u00e9quie), <strong>Giacomo Nizzolo, Sonny Colbrelli<\/strong> (Italie), <strong>Tom Pidcock<\/strong> (Grande-Bretagne), <strong>Matej Mohoric<\/strong> (Slov\u00e9nie), <strong>Markus Hoelgaard<\/strong> (Norv\u00e8ge), <strong>Michael Valgren<\/strong> (Danemark) et <strong>Mathieu van der Poel<\/strong> (Pays-Bas) pour faire la jonction avec la t\u00eate de la course. <strong>Julian Alaphilippe<\/strong> (France) a pos\u00e9 une grosse attaque dans le Smeysberg \u00e0 moins de 50 kilom\u00e8tres du terme avec <strong>Sonny Colbrelli<\/strong> (Italie) dans son sillage, mais les Belges ont neutralis\u00e9 cette offensive.<\/p>\n<p style=\"text-align: justify;\">Par la suite, gr\u00e2ce \u00e0 un gros travail de <strong>Remco Evenepoel<\/strong>, le groupe de 17 coureurs a continu\u00e9 de creuser son avance sur le reste de la concurrence pour p\u00e9n\u00e9trer sur le circuit final de Louvain \u00e0 faire deux fois. Le prodige belge a \u00e9t\u00e9 l\u00e2ch\u00e9 du groupe de t\u00eate \u00e0 26 kilom\u00e8tres de l&rsquo;arriv\u00e9e.<\/p>\n<h2 style=\"text-align: justify;\">La quatri\u00e8me attaque fut la bonne<\/h2>\n<p style=\"text-align: justify;\">Avec un \u00e9norme relais de Valentin Madouas, <strong>Julian Alaphilippe<\/strong> a de nouveau port\u00e9 une violente attaque dans le Wijnpers \u00e0 22 kilom\u00e8tres du terme, mais ses adversaires sont revenus au fur et \u00e0 mesure. Mais, le tenant du titre a de nouveau attaqu\u00e9 six kilom\u00e8tres plus loin dans le Sint-Antoniusberg.<\/p>\n<blockquote class=\"twitter-tweet\">\n<p dir=\"ltr\" lang=\"fr\">Pour d\u00e9fendre son titre, Alaphilippe \ud83c\uddeb\ud83c\uddf7 attaque encore et encore ! Le Fran\u00e7ais est en t\u00eate \u00e0 15km de la fin <a href=\"https:\/\/twitter.com\/hashtag\/LesRP?src=hash&amp;ref_src=twsrc%5Etfw\">#LesRP<\/a> <a href=\"https:\/\/twitter.com\/hashtag\/Flanders2021?src=hash&amp;ref_src=twsrc%5Etfw\">#Flanders2021<\/a> <a href=\"https:\/\/t.co\/4Lr4d4FwuM\">pic.twitter.com\/4Lr4d4FwuM<\/a><\/p>\n<p>\u2014 Eurosport France (@Eurosport_FR) <a href=\"https:\/\/twitter.com\/Eurosport_FR\/status\/1442132091450404864?ref_src=twsrc%5Etfw\">September 26, 2021<\/a><\/p><\/blockquote>\n<p><script async src=\"https:\/\/platform.twitter.com\/widgets.js\" charset=\"utf-8\"><\/script><\/p>\n<p style=\"text-align: justify;\">\u00c0 l&rsquo;entame du dernier tour, <strong>Alaphilippe<\/strong> avait \u00e0 ses trousses un quatuor en chasse compos\u00e9 de <strong>Jasper Stuyven<\/strong> (Belgique), <strong>Neilson Powless<\/strong> (\u00c9tats-Unis), <strong>Michael Valgren<\/strong> (Danemark) et <strong>Dylan van Baarle<\/strong> (Pays-Bas). Au troisi\u00e8me \u00e9chelon, <strong>Giacomo Nizzolo<\/strong> (Italie) est contraint de mener la chasse pour le champion d&rsquo;Europe <strong>Sonny Colbrelli<\/strong>.<\/p>\n<p style=\"text-align: justify;\">Finalement, <strong>Julian Alaphilippe<\/strong> (France) s&rsquo;est impos\u00e9 en solitaire apr\u00e8s un gros travail collectif. Dylan van Baarle (Pays-Bas) a pris la m\u00e9daille d&rsquo;argent au sprint \u00e0 32 secondes en devan\u00e7ant <strong>Michael Valgren<\/strong> (Danemark). Incroyable d\u00e9ception pour la Belgique avec la 4e place pour <strong>Jasper Stuyven<\/strong> devant<strong> Neilson Powless<\/strong>.<\/p>\n<blockquote class=\"twitter-tweet\">\n<p dir=\"ltr\" lang=\"fr\">\ud83e\udd29\ud83c\uddeb\ud83c\uddf7 ENCORE UNE FOIS : CHAMPION DU MOOOOOOOOONDE !!!!!!!!!!! Nouveau chef-d&rsquo;\u0153uvre et incroyable doubl\u00e9 pour Alaphilippe ! \ud83c\uddeb\ud83c\uddf7\ud83e\udd29<\/p>\n<p>Bravo Julian, et bravo les Bleus \ud83d\udc4f <a href=\"https:\/\/twitter.com\/hashtag\/LesRP?src=hash&amp;ref_src=twsrc%5Etfw\">#LesRP<\/a> <a href=\"https:\/\/twitter.com\/hashtag\/Flanders21?src=hash&amp;ref_src=twsrc%5Etfw\">#Flanders21<\/a> <a href=\"https:\/\/t.co\/cumTjJVSm7\">pic.twitter.com\/cumTjJVSm7<\/a><\/p>\n<p>\u2014 Eurosport France (@Eurosport_FR) <a href=\"https:\/\/twitter.com\/Eurosport_FR\/status\/1442137576232599563?ref_src=twsrc%5Etfw\">September 26, 2021<\/a><\/p><\/blockquote>\n<p><script async src=\"https:\/\/platform.twitter.com\/widgets.js\" charset=\"utf-8\"><\/script><\/p>\n<p style=\"text-align: justify;\"><strong>Julian Alaphilippe<\/strong> est devenu le 7e coureur \u00e0 garder son titre mondial apr\u00e8s Georges Ronsse (1928 et 1929), Rik Van Steenbergen (1956 et 1957), Rik Van Looy (1960 et 1961), Gianni Bugno (1991 et 1992), Paolo Bettini (2006 et 2007) et Peter Sagan (2015 et 2016). Le coureur de la Deceuninck &#8211; Quick-Step a apport\u00e9 un 10e maillot arc-en-ciel \u00e0 la France apr\u00e8s Georges Speicher (1933), Antonin Magne (1936), Louison Bobet (1954), Andr\u00e9 Darrigade (1959), Jean Stablinski (1962), Bernard Hinault (1980), Luc Leblanc (1994), Laurent Brochard (1997) et lui-m\u00eame l&rsquo;an dernier.<\/p>\n<h2><strong>\u00c0 lire aussi<\/strong><\/h2>\n<ul>\n<li style=\"text-align: justify;\"><a href=\"https:\/\/dicodusport.fr\/blog\/championnats-du-monde-2021-cyclisme-classement-course-en-ligne-elites-hommes\/\"><strong>Le classement de la course en ligne \u00e9lites hommes<\/strong><\/a><\/li>\n<li><a href=\"https:\/\/dicodusport.fr\/blog\/championnats-du-monde-cyclisme-sur-route-2021-tableau-des-medailles\/\"><strong>Le tableau des m\u00e9dailles<\/strong><\/a><\/li>\n<\/ul>\n","protected":false},"excerpt":{"rendered":"<p>CYCLISME SUR ROUTE &#8211; CHAMPIONNATS DU MONDE 2021 &#8211; IL L&rsquo;A ENCORE FAIT ! Apr\u00e8s \u00eatre sorti \u00e0 18 kilom\u00e8tres de l&rsquo;arriv\u00e9e, Julian Alaphilippe a gard\u00e9 son titre de champion du monde, en gagnant en solitaire ce dimanche \u00e0 Louvain.<\/p>\n","protected":false},"author":48,"featured_media":169367,"comment_status":"open","ping_status":"closed","sticky":false,"template":"","format":"standard","meta":{"_acf_changed":false,"_daextam_enable_autolinks":"","footnotes":""},"categories":[46994],"tags":[3119,10812,24],"class_list":["post-169317","post","type-post","status-publish","format-standard","has-post-thumbnail","hentry","category-cyclisme-sur-route","tag-actualite-cyclisme","tag-championnats-du-monde-de-cyclisme","tag-sport"],"acf":[],"yoast_head":"<!-- This site is optimized with the Yoast SEO Premium plugin v26.7 (Yoast SEO v26.7) - https:\/\/yoast.com\/wordpress\/plugins\/seo\/ -->\n<title>Flandres 2021 : Julian Alaphilippe conserve son titre de champion du monde<\/title>\n<meta name=\"description\" content=\"CYCLISME SUR ROUTE - CHAMPIONNATS DU MONDE 2021 - Apr\u00e8s \u00eatre sorti \u00e0 18 kilom\u00e8tres de l&#039;arriv\u00e9e, Julian Alaphilippe a gard\u00e9 son titre de champion du monde.\" \/>\n<meta name=\"robots\" content=\"index, follow, max-snippet:-1, max-image-preview:large, max-video-preview:-1\" \/>\n<link rel=\"canonical\" href=\"https:\/\/dicodusport.fr\/blog\/flandres-2021-julian-alaphilippe-conserve-son-titre-de-champion-du-monde\/\" \/>\n<meta property=\"og:locale\" content=\"fr_FR\" \/>\n<meta property=\"og:type\" content=\"article\" \/>\n<meta property=\"og:title\" content=\"Flandres 2021 : Julian Alaphilippe conserve son titre de champion du monde\" \/>\n<meta property=\"og:description\" content=\"CYCLISME SUR ROUTE - CHAMPIONNATS DU MONDE 2021 - Apr\u00e8s \u00eatre sorti \u00e0 18 kilom\u00e8tres de l&#039;arriv\u00e9e, Julian Alaphilippe a gard\u00e9 son titre de champion du monde.\" \/>\n<meta property=\"og:url\" content=\"https:\/\/dicodusport.fr\/blog\/flandres-2021-julian-alaphilippe-conserve-son-titre-de-champion-du-monde\/\" \/>\n<meta property=\"og:site_name\" content=\"Dicodusport\" \/>\n<meta property=\"article:publisher\" content=\"https:\/\/www.facebook.com\/dicodusport\" \/>\n<meta property=\"article:author\" content=\"https:\/\/www.facebook.com\/groups\/LesRoisDuPeloton\" \/>\n<meta property=\"article:published_time\" content=\"2021-09-26T14:42:58+00:00\" \/>\n<meta property=\"article:modified_time\" content=\"2023-07-01T11:43:39+00:00\" \/>\n<meta property=\"og:image\" content=\"https:\/\/dicodusport.fr\/blog\/wp-content\/uploads\/2021\/09\/Cyclisme-Flandres-2021-Julian-Alaphilippe-conserve-son-titre-de-champion-du-monde.png\" \/>\n\t<meta property=\"og:image:width\" content=\"800\" \/>\n\t<meta property=\"og:image:height\" content=\"445\" \/>\n\t<meta property=\"og:image:type\" content=\"image\/png\" \/>\n<meta name=\"author\" content=\"Emilien Descampiaux\" \/>\n<meta name=\"twitter:card\" content=\"summary_large_image\" \/>\n<meta name=\"twitter:title\" content=\"Flandres 2021 : Julian Alaphilippe conserve son titre de champion du monde\" \/>\n<meta name=\"twitter:creator\" content=\"@https:\/\/twitter.com\/LRoisDuPeloton\" \/>\n<meta name=\"twitter:site\" content=\"@dicodusport\" \/>\n<script type=\"application\/ld+json\" class=\"yoast-schema-graph\">{\"@context\":\"https:\/\/schema.org\",\"@graph\":[{\"@type\":\"NewsArticle\",\"@id\":\"https:\/\/dicodusport.fr\/blog\/flandres-2021-julian-alaphilippe-conserve-son-titre-de-champion-du-monde\/#article\",\"isPartOf\":{\"@id\":\"https:\/\/dicodusport.fr\/blog\/flandres-2021-julian-alaphilippe-conserve-son-titre-de-champion-du-monde\/\"},\"author\":{\"name\":\"Emilien Descampiaux\",\"@id\":\"https:\/\/dicodusport.fr\/blog\/#\/schema\/person\/6db4bae06b171592211be385b32876a7\"},\"headline\":\"Flandres 2021 : Julian Alaphilippe conserve son titre de champion du monde\",\"datePublished\":\"2021-09-26T14:42:58+00:00\",\"dateModified\":\"2023-07-01T11:43:39+00:00\",\"mainEntityOfPage\":{\"@id\":\"https:\/\/dicodusport.fr\/blog\/flandres-2021-julian-alaphilippe-conserve-son-titre-de-champion-du-monde\/\"},\"wordCount\":941,\"commentCount\":0,\"publisher\":{\"@id\":\"https:\/\/dicodusport.fr\/blog\/#organization\"},\"image\":{\"@id\":\"https:\/\/dicodusport.fr\/blog\/flandres-2021-julian-alaphilippe-conserve-son-titre-de-champion-du-monde\/#primaryimage\"},\"thumbnailUrl\":\"https:\/\/dicodusport.fr\/blog\/wp-content\/uploads\/2021\/09\/Cyclisme-Flandres-2021-Julian-Alaphilippe-conserve-son-titre-de-champion-du-monde.png\",\"keywords\":[\"Actualit\u00e9 Cyclisme\",\"Championnats du monde de cyclisme\",\"sport\"],\"articleSection\":[\"Cyclisme sur route\"],\"inLanguage\":\"fr-FR\",\"potentialAction\":[{\"@type\":\"CommentAction\",\"name\":\"Comment\",\"target\":[\"https:\/\/dicodusport.fr\/blog\/flandres-2021-julian-alaphilippe-conserve-son-titre-de-champion-du-monde\/#respond\"]}],\"copyrightYear\":\"2021\",\"copyrightHolder\":{\"@id\":\"https:\/\/dicodusport.fr\/blog\/#organization\"}},{\"@type\":\"WebPage\",\"@id\":\"https:\/\/dicodusport.fr\/blog\/flandres-2021-julian-alaphilippe-conserve-son-titre-de-champion-du-monde\/\",\"url\":\"https:\/\/dicodusport.fr\/blog\/flandres-2021-julian-alaphilippe-conserve-son-titre-de-champion-du-monde\/\",\"name\":\"Flandres 2021 : Julian Alaphilippe conserve son titre de champion du monde\",\"isPartOf\":{\"@id\":\"https:\/\/dicodusport.fr\/blog\/#website\"},\"primaryImageOfPage\":{\"@id\":\"https:\/\/dicodusport.fr\/blog\/flandres-2021-julian-alaphilippe-conserve-son-titre-de-champion-du-monde\/#primaryimage\"},\"image\":{\"@id\":\"https:\/\/dicodusport.fr\/blog\/flandres-2021-julian-alaphilippe-conserve-son-titre-de-champion-du-monde\/#primaryimage\"},\"thumbnailUrl\":\"https:\/\/dicodusport.fr\/blog\/wp-content\/uploads\/2021\/09\/Cyclisme-Flandres-2021-Julian-Alaphilippe-conserve-son-titre-de-champion-du-monde.png\",\"datePublished\":\"2021-09-26T14:42:58+00:00\",\"dateModified\":\"2023-07-01T11:43:39+00:00\",\"description\":\"CYCLISME SUR ROUTE - CHAMPIONNATS DU MONDE 2021 - Apr\u00e8s \u00eatre sorti \u00e0 18 kilom\u00e8tres de l'arriv\u00e9e, Julian Alaphilippe a gard\u00e9 son titre de champion du monde.\",\"breadcrumb\":{\"@id\":\"https:\/\/dicodusport.fr\/blog\/flandres-2021-julian-alaphilippe-conserve-son-titre-de-champion-du-monde\/#breadcrumb\"},\"inLanguage\":\"fr-FR\",\"potentialAction\":[{\"@type\":\"ReadAction\",\"target\":[\"https:\/\/dicodusport.fr\/blog\/flandres-2021-julian-alaphilippe-conserve-son-titre-de-champion-du-monde\/\"]}]},{\"@type\":\"ImageObject\",\"inLanguage\":\"fr-FR\",\"@id\":\"https:\/\/dicodusport.fr\/blog\/flandres-2021-julian-alaphilippe-conserve-son-titre-de-champion-du-monde\/#primaryimage\",\"url\":\"https:\/\/dicodusport.fr\/blog\/wp-content\/uploads\/2021\/09\/Cyclisme-Flandres-2021-Julian-Alaphilippe-conserve-son-titre-de-champion-du-monde.png\",\"contentUrl\":\"https:\/\/dicodusport.fr\/blog\/wp-content\/uploads\/2021\/09\/Cyclisme-Flandres-2021-Julian-Alaphilippe-conserve-son-titre-de-champion-du-monde.png\",\"width\":800,\"height\":445,\"caption\":\"Julian Alaphilippe, roi du monde, encore - Photo Icon Sport\"},{\"@type\":\"BreadcrumbList\",\"@id\":\"https:\/\/dicodusport.fr\/blog\/flandres-2021-julian-alaphilippe-conserve-son-titre-de-champion-du-monde\/#breadcrumb\",\"itemListElement\":[{\"@type\":\"ListItem\",\"position\":1,\"name\":\"Accueil\",\"item\":\"https:\/\/dicodusport.fr\/blog\/\"},{\"@type\":\"ListItem\",\"position\":2,\"name\":\"Flandres 2021 : Julian Alaphilippe conserve son titre de champion du monde\"}]},{\"@type\":\"WebSite\",\"@id\":\"https:\/\/dicodusport.fr\/blog\/#website\",\"url\":\"https:\/\/dicodusport.fr\/blog\/\",\"name\":\"Dicodusport\",\"description\":\"L&#039;encyclop\u00e9die de l&#039;actualit\u00e9 sportive\",\"publisher\":{\"@id\":\"https:\/\/dicodusport.fr\/blog\/#organization\"},\"potentialAction\":[{\"@type\":\"SearchAction\",\"target\":{\"@type\":\"EntryPoint\",\"urlTemplate\":\"https:\/\/dicodusport.fr\/blog\/?s={search_term_string}\"},\"query-input\":{\"@type\":\"PropertyValueSpecification\",\"valueRequired\":true,\"valueName\":\"search_term_string\"}}],\"inLanguage\":\"fr-FR\"},{\"@type\":\"NewsMediaOrganization\",\"@id\":\"https:\/\/dicodusport.fr\/blog\/#organization\",\"name\":\"Dicodusport\",\"url\":\"https:\/\/dicodusport.fr\/blog\/\",\"logo\":{\"@type\":\"ImageObject\",\"inLanguage\":\"fr-FR\",\"@id\":\"https:\/\/dicodusport.fr\/blog\/#\/schema\/logo\/image\/\",\"url\":\"https:\/\/dicodusport.fr\/blog\/wp-content\/uploads\/2020\/06\/cropped-LOGO-DICODUSPORT-2020-SANS-FOND-SANS-TEXTE.png\",\"contentUrl\":\"https:\/\/dicodusport.fr\/blog\/wp-content\/uploads\/2020\/06\/cropped-LOGO-DICODUSPORT-2020-SANS-FOND-SANS-TEXTE.png\",\"width\":512,\"height\":512,\"caption\":\"Dicodusport\"},\"image\":{\"@id\":\"https:\/\/dicodusport.fr\/blog\/#\/schema\/logo\/image\/\"},\"sameAs\":[\"https:\/\/www.facebook.com\/dicodusport\",\"https:\/\/x.com\/dicodusport\",\"https:\/\/www.instagram.com\/dicodusport\/\",\"https:\/\/www.youtube.com\/channel\/UC7V2KZ5sd3htJivAbA4ZG3w\"],\"description\":\"Dicodusport est l'encyclop\u00e9die de l'actualit\u00e9 sportive.\",\"email\":\"bonjour@dicodusport.fr\",\"legalName\":\"DICODUSPORT\",\"foundingDate\":\"2018-01-14\",\"vatID\":\"FR71834470973\",\"taxID\":\"83447097300043\",\"numberOfEmployees\":{\"@type\":\"QuantitativeValue\",\"minValue\":\"1\",\"maxValue\":\"10\"}},{\"@type\":\"Person\",\"@id\":\"https:\/\/dicodusport.fr\/blog\/#\/schema\/person\/6db4bae06b171592211be385b32876a7\",\"name\":\"Emilien Descampiaux\",\"image\":{\"@type\":\"ImageObject\",\"inLanguage\":\"fr-FR\",\"@id\":\"https:\/\/dicodusport.fr\/blog\/#\/schema\/person\/image\/\",\"url\":\"https:\/\/dicodusport.fr\/blog\/wp-content\/uploads\/2021\/05\/Emilien-Descampiaux-150x150.jpg\",\"contentUrl\":\"https:\/\/dicodusport.fr\/blog\/wp-content\/uploads\/2021\/05\/Emilien-Descampiaux-150x150.jpg\",\"caption\":\"Emilien Descampiaux\"},\"description\":\"Journaliste\/r\u00e9dacteur depuis 2014 - Fan de la classe de Frank Vandenbroucke, je vis cyclisme (et de ses paysages) depuis plus de 20 ans. Je suis tr\u00e8s impliqu\u00e9 sur mes diff\u00e9rents r\u00e9seaux sociaux pour partager ma passion sur le monde et l'Histoire de la bicyclette avec ma voix sur les images en noir et blanc du succ\u00e8s de Rik Van Steenbergen lors du Ronde sur le V\u00e9lodrome de Gand.\",\"sameAs\":[\"https:\/\/www.facebook.com\/groups\/LesRoisDuPeloton\",\"https:\/\/x.com\/https:\/\/twitter.com\/LRoisDuPeloton\"],\"url\":\"https:\/\/dicodusport.fr\/blog\/author\/emiliend\/\"}]}<\/script>\n<!-- \/ Yoast SEO Premium plugin. -->","yoast_head_json":{"title":"Flandres 2021 : Julian Alaphilippe conserve son titre de champion du monde","description":"CYCLISME SUR ROUTE - CHAMPIONNATS DU MONDE 2021 - Apr\u00e8s \u00eatre sorti \u00e0 18 kilom\u00e8tres de l'arriv\u00e9e, Julian Alaphilippe a gard\u00e9 son titre de champion du monde.","robots":{"index":"index","follow":"follow","max-snippet":"max-snippet:-1","max-image-preview":"max-image-preview:large","max-video-preview":"max-video-preview:-1"},"canonical":"https:\/\/dicodusport.fr\/blog\/flandres-2021-julian-alaphilippe-conserve-son-titre-de-champion-du-monde\/","og_locale":"fr_FR","og_type":"article","og_title":"Flandres 2021 : Julian Alaphilippe conserve son titre de champion du monde","og_description":"CYCLISME SUR ROUTE - CHAMPIONNATS DU MONDE 2021 - Apr\u00e8s \u00eatre sorti \u00e0 18 kilom\u00e8tres de l'arriv\u00e9e, Julian Alaphilippe a gard\u00e9 son titre de champion du monde.","og_url":"https:\/\/dicodusport.fr\/blog\/flandres-2021-julian-alaphilippe-conserve-son-titre-de-champion-du-monde\/","og_site_name":"Dicodusport","article_publisher":"https:\/\/www.facebook.com\/dicodusport","article_author":"https:\/\/www.facebook.com\/groups\/LesRoisDuPeloton","article_published_time":"2021-09-26T14:42:58+00:00","article_modified_time":"2023-07-01T11:43:39+00:00","og_image":[{"width":800,"height":445,"url":"https:\/\/dicodusport.fr\/blog\/wp-content\/uploads\/2021\/09\/Cyclisme-Flandres-2021-Julian-Alaphilippe-conserve-son-titre-de-champion-du-monde.png","type":"image\/png"}],"author":"Emilien Descampiaux","twitter_card":"summary_large_image","twitter_title":"Flandres 2021 : Julian Alaphilippe conserve son titre de champion du monde","twitter_creator":"@https:\/\/twitter.com\/LRoisDuPeloton","twitter_site":"@dicodusport","schema":{"@context":"https:\/\/schema.org","@graph":[{"@type":"NewsArticle","@id":"https:\/\/dicodusport.fr\/blog\/flandres-2021-julian-alaphilippe-conserve-son-titre-de-champion-du-monde\/#article","isPartOf":{"@id":"https:\/\/dicodusport.fr\/blog\/flandres-2021-julian-alaphilippe-conserve-son-titre-de-champion-du-monde\/"},"author":{"name":"Emilien Descampiaux","@id":"https:\/\/dicodusport.fr\/blog\/#\/schema\/person\/6db4bae06b171592211be385b32876a7"},"headline":"Flandres 2021 : Julian Alaphilippe conserve son titre de champion du monde","datePublished":"2021-09-26T14:42:58+00:00","dateModified":"2023-07-01T11:43:39+00:00","mainEntityOfPage":{"@id":"https:\/\/dicodusport.fr\/blog\/flandres-2021-julian-alaphilippe-conserve-son-titre-de-champion-du-monde\/"},"wordCount":941,"commentCount":0,"publisher":{"@id":"https:\/\/dicodusport.fr\/blog\/#organization"},"image":{"@id":"https:\/\/dicodusport.fr\/blog\/flandres-2021-julian-alaphilippe-conserve-son-titre-de-champion-du-monde\/#primaryimage"},"thumbnailUrl":"https:\/\/dicodusport.fr\/blog\/wp-content\/uploads\/2021\/09\/Cyclisme-Flandres-2021-Julian-Alaphilippe-conserve-son-titre-de-champion-du-monde.png","keywords":["Actualit\u00e9 Cyclisme","Championnats du monde de cyclisme","sport"],"articleSection":["Cyclisme sur route"],"inLanguage":"fr-FR","potentialAction":[{"@type":"CommentAction","name":"Comment","target":["https:\/\/dicodusport.fr\/blog\/flandres-2021-julian-alaphilippe-conserve-son-titre-de-champion-du-monde\/#respond"]}],"copyrightYear":"2021","copyrightHolder":{"@id":"https:\/\/dicodusport.fr\/blog\/#organization"}},{"@type":"WebPage","@id":"https:\/\/dicodusport.fr\/blog\/flandres-2021-julian-alaphilippe-conserve-son-titre-de-champion-du-monde\/","url":"https:\/\/dicodusport.fr\/blog\/flandres-2021-julian-alaphilippe-conserve-son-titre-de-champion-du-monde\/","name":"Flandres 2021 : Julian Alaphilippe conserve son titre de champion du monde","isPartOf":{"@id":"https:\/\/dicodusport.fr\/blog\/#website"},"primaryImageOfPage":{"@id":"https:\/\/dicodusport.fr\/blog\/flandres-2021-julian-alaphilippe-conserve-son-titre-de-champion-du-monde\/#primaryimage"},"image":{"@id":"https:\/\/dicodusport.fr\/blog\/flandres-2021-julian-alaphilippe-conserve-son-titre-de-champion-du-monde\/#primaryimage"},"thumbnailUrl":"https:\/\/dicodusport.fr\/blog\/wp-content\/uploads\/2021\/09\/Cyclisme-Flandres-2021-Julian-Alaphilippe-conserve-son-titre-de-champion-du-monde.png","datePublished":"2021-09-26T14:42:58+00:00","dateModified":"2023-07-01T11:43:39+00:00","description":"CYCLISME SUR ROUTE - CHAMPIONNATS DU MONDE 2021 - Apr\u00e8s \u00eatre sorti \u00e0 18 kilom\u00e8tres de l'arriv\u00e9e, Julian Alaphilippe a gard\u00e9 son titre de champion du monde.","breadcrumb":{"@id":"https:\/\/dicodusport.fr\/blog\/flandres-2021-julian-alaphilippe-conserve-son-titre-de-champion-du-monde\/#breadcrumb"},"inLanguage":"fr-FR","potentialAction":[{"@type":"ReadAction","target":["https:\/\/dicodusport.fr\/blog\/flandres-2021-julian-alaphilippe-conserve-son-titre-de-champion-du-monde\/"]}]},{"@type":"ImageObject","inLanguage":"fr-FR","@id":"https:\/\/dicodusport.fr\/blog\/flandres-2021-julian-alaphilippe-conserve-son-titre-de-champion-du-monde\/#primaryimage","url":"https:\/\/dicodusport.fr\/blog\/wp-content\/uploads\/2021\/09\/Cyclisme-Flandres-2021-Julian-Alaphilippe-conserve-son-titre-de-champion-du-monde.png","contentUrl":"https:\/\/dicodusport.fr\/blog\/wp-content\/uploads\/2021\/09\/Cyclisme-Flandres-2021-Julian-Alaphilippe-conserve-son-titre-de-champion-du-monde.png","width":800,"height":445,"caption":"Julian Alaphilippe, roi du monde, encore - Photo Icon Sport"},{"@type":"BreadcrumbList","@id":"https:\/\/dicodusport.fr\/blog\/flandres-2021-julian-alaphilippe-conserve-son-titre-de-champion-du-monde\/#breadcrumb","itemListElement":[{"@type":"ListItem","position":1,"name":"Accueil","item":"https:\/\/dicodusport.fr\/blog\/"},{"@type":"ListItem","position":2,"name":"Flandres 2021 : Julian Alaphilippe conserve son titre de champion du monde"}]},{"@type":"WebSite","@id":"https:\/\/dicodusport.fr\/blog\/#website","url":"https:\/\/dicodusport.fr\/blog\/","name":"Dicodusport","description":"L&#039;encyclop\u00e9die de l&#039;actualit\u00e9 sportive","publisher":{"@id":"https:\/\/dicodusport.fr\/blog\/#organization"},"potentialAction":[{"@type":"SearchAction","target":{"@type":"EntryPoint","urlTemplate":"https:\/\/dicodusport.fr\/blog\/?s={search_term_string}"},"query-input":{"@type":"PropertyValueSpecification","valueRequired":true,"valueName":"search_term_string"}}],"inLanguage":"fr-FR"},{"@type":"NewsMediaOrganization","@id":"https:\/\/dicodusport.fr\/blog\/#organization","name":"Dicodusport","url":"https:\/\/dicodusport.fr\/blog\/","logo":{"@type":"ImageObject","inLanguage":"fr-FR","@id":"https:\/\/dicodusport.fr\/blog\/#\/schema\/logo\/image\/","url":"https:\/\/dicodusport.fr\/blog\/wp-content\/uploads\/2020\/06\/cropped-LOGO-DICODUSPORT-2020-SANS-FOND-SANS-TEXTE.png","contentUrl":"https:\/\/dicodusport.fr\/blog\/wp-content\/uploads\/2020\/06\/cropped-LOGO-DICODUSPORT-2020-SANS-FOND-SANS-TEXTE.png","width":512,"height":512,"caption":"Dicodusport"},"image":{"@id":"https:\/\/dicodusport.fr\/blog\/#\/schema\/logo\/image\/"},"sameAs":["https:\/\/www.facebook.com\/dicodusport","https:\/\/x.com\/dicodusport","https:\/\/www.instagram.com\/dicodusport\/","https:\/\/www.youtube.com\/channel\/UC7V2KZ5sd3htJivAbA4ZG3w"],"description":"Dicodusport est l'encyclop\u00e9die de l'actualit\u00e9 sportive.","email":"bonjour@dicodusport.fr","legalName":"DICODUSPORT","foundingDate":"2018-01-14","vatID":"FR71834470973","taxID":"83447097300043","numberOfEmployees":{"@type":"QuantitativeValue","minValue":"1","maxValue":"10"}},{"@type":"Person","@id":"https:\/\/dicodusport.fr\/blog\/#\/schema\/person\/6db4bae06b171592211be385b32876a7","name":"Emilien Descampiaux","image":{"@type":"ImageObject","inLanguage":"fr-FR","@id":"https:\/\/dicodusport.fr\/blog\/#\/schema\/person\/image\/","url":"https:\/\/dicodusport.fr\/blog\/wp-content\/uploads\/2021\/05\/Emilien-Descampiaux-150x150.jpg","contentUrl":"https:\/\/dicodusport.fr\/blog\/wp-content\/uploads\/2021\/05\/Emilien-Descampiaux-150x150.jpg","caption":"Emilien Descampiaux"},"description":"Journaliste\/r\u00e9dacteur depuis 2014 - Fan de la classe de Frank Vandenbroucke, je vis cyclisme (et de ses paysages) depuis plus de 20 ans. Je suis tr\u00e8s impliqu\u00e9 sur mes diff\u00e9rents r\u00e9seaux sociaux pour partager ma passion sur le monde et l'Histoire de la bicyclette avec ma voix sur les images en noir et blanc du succ\u00e8s de Rik Van Steenbergen lors du Ronde sur le V\u00e9lodrome de Gand.","sameAs":["https:\/\/www.facebook.com\/groups\/LesRoisDuPeloton","https:\/\/x.com\/https:\/\/twitter.com\/LRoisDuPeloton"],"url":"https:\/\/dicodusport.fr\/blog\/author\/emiliend\/"}]}},"_links":{"self":[{"href":"https:\/\/dicodusport.fr\/blog\/wp-json\/wp\/v2\/posts\/169317","targetHints":{"allow":["GET"]}}],"collection":[{"href":"https:\/\/dicodusport.fr\/blog\/wp-json\/wp\/v2\/posts"}],"about":[{"href":"https:\/\/dicodusport.fr\/blog\/wp-json\/wp\/v2\/types\/post"}],"author":[{"embeddable":true,"href":"https:\/\/dicodusport.fr\/blog\/wp-json\/wp\/v2\/users\/48"}],"replies":[{"embeddable":true,"href":"https:\/\/dicodusport.fr\/blog\/wp-json\/wp\/v2\/comments?post=169317"}],"version-history":[{"count":0,"href":"https:\/\/dicodusport.fr\/blog\/wp-json\/wp\/v2\/posts\/169317\/revisions"}],"wp:featuredmedia":[{"embeddable":true,"href":"https:\/\/dicodusport.fr\/blog\/wp-json\/wp\/v2\/media\/169367"}],"wp:attachment":[{"href":"https:\/\/dicodusport.fr\/blog\/wp-json\/wp\/v2\/media?parent=169317"}],"wp:term":[{"taxonomy":"category","embeddable":true,"href":"https:\/\/dicodusport.fr\/blog\/wp-json\/wp\/v2\/categories?post=169317"},{"taxonomy":"post_tag","embeddable":true,"href":"https:\/\/dicodusport.fr\/blog\/wp-json\/wp\/v2\/tags?post=169317"}],"curies":[{"name":"wp","href":"https:\/\/api.w.org\/{rel}","templated":true}]}}