{"id":169790,"date":"2021-09-28T18:14:38","date_gmt":"2021-09-28T16:14:38","guid":{"rendered":"https:\/\/dicodusport.fr\/blog\/?p=169790&#038;preview=true&#038;preview_id=169790"},"modified":"2021-09-28T18:59:57","modified_gmt":"2021-09-28T16:59:57","slug":"un-choc-entre-les-champions-amerique-du-sud-et-europe-des-nations-en-2022","status":"publish","type":"post","link":"https:\/\/dicodusport.fr\/blog\/un-choc-entre-les-champions-amerique-du-sud-et-europe-des-nations-en-2022\/","title":{"rendered":"Un choc entre les champions d&rsquo;Am\u00e9rique du Sud et d\u2019Europe des Nations en 2022"},"content":{"rendered":"<p style=\"text-align: justify;\"><strong><em>FOOTBALL &#8211; L&rsquo;UEFA et la CONMEBOL ont annonc\u00e9 ce mardi 28 septembre la tenue d&rsquo;un match entre le champion d&rsquo;Europe des Nations et celui d&rsquo;Am\u00e9rique du Sud, afin de renforcer les liens entre les deux conf\u00e9d\u00e9rations.<br \/>\n<\/em><\/strong><\/p>\n<p style=\"text-align: justify;\">Imaginez un choc entre l&rsquo;<strong>Italie<\/strong> et l&rsquo;<strong>Argentine<\/strong> au Stade Maradona \u00e0 Naples en juin 2022. Ce r\u00eave est loin d&rsquo;\u00eatre utopique. En effet, suite \u00e0 un accord entre l&rsquo;Europe et l&rsquo;Am\u00e9rique du Sud, un duel est pr\u00e9vu entre les deux champions continentaux, sacr\u00e9s cet \u00e9t\u00e9. Si le lieu et la date exacts ne sont pas encore connus, le match aura lieu pendant la fen\u00eatre internationale du mois de juin 2022, de quoi bien pr\u00e9parer le Mondial qatari quelques mois plus tard.<\/p>\n<p style=\"text-align: justify;\">Au-del\u00e0 de ce match, pr\u00e9vu pour les 3 prochaines \u00e9ditions de l&rsquo;Euro et de la Copa America, les liens entre les deux continents forts du football mondial continuent de se resserrer.\u00a0 En effet, outre ce match, d&rsquo;autres \u00e9changes sont pr\u00e9vus en termes de football f\u00e9minin, jeunes et arbitrage. Un bureau commun va \u00e9galement ouvrir d&rsquo;ici peu \u00e0 Londres, et qui sera charg\u00e9 de coordonner les diff\u00e9rents projets en commun.<\/p>\n<p style=\"text-align: justify;\"><em>\u00ab En signant ce partenariat, l&rsquo;UEFA et la CONMEBOL expriment leur engagement dans le d\u00e9veloppement du football au-del\u00e0 de leur zone g\u00e9ographique, comme un pont unifiant les gens, pays, continents et cultures \u00bb<\/em>, pr\u00e9cise l&rsquo;instance europ\u00e9enne.<\/p>\n<blockquote class=\"twitter-tweet\">\n<p dir=\"ltr\" lang=\"en\">&#x26bd; <a href=\"https:\/\/twitter.com\/hashtag\/EURO2020?src=hash&amp;ref_src=twsrc%5Etfw\">#EURO2020<\/a> winners Italy will meet <a href=\"https:\/\/twitter.com\/hashtag\/CopaAmerica?src=hash&amp;ref_src=twsrc%5Etfw\">#CopaAmerica<\/a> champions Argentina in June 2022.<\/p>\n<p>&#x1f91d; The match is part of the cooperation between UEFA and <a href=\"https:\/\/twitter.com\/CONMEBOL?ref_src=twsrc%5Etfw\">@CONMEBOL<\/a>, which includes youth and women\u2019s football, futsal, the exchange of referees and technical training schemes.<\/p>\n<p>Full story: &#x2b07;&#xfe0f;<\/p>\n<p>\u2014 UEFA (@UEFA) <a href=\"https:\/\/twitter.com\/UEFA\/status\/1442852338503409675?ref_src=twsrc%5Etfw\">September 28, 2021<\/a><\/p><\/blockquote>\n<p><script async src=\"https:\/\/platform.twitter.com\/widgets.js\" charset=\"utf-8\"><\/script><\/p>\n","protected":false},"excerpt":{"rendered":"<p>FOOTBALL &#8211; L&rsquo;UEFA et la CONMEBOL ont annonc\u00e9 ce mardi 28 septembre la tenue d&rsquo;un match entre le Champion d&rsquo;Europe des Nations et celui d&rsquo;Am\u00e9rique du Sud, afin de renforcer les liens entre les deux conf\u00e9d\u00e9rations.<\/p>\n","protected":false},"author":10,"featured_media":169822,"comment_status":"open","ping_status":"closed","sticky":false,"template":"","format":"standard","meta":{"_acf_changed":false,"_daextam_enable_autolinks":"","footnotes":""},"categories":[2301],"tags":[4209,8044,75,374,2779],"class_list":["post-169790","post","type-post","status-publish","format-standard","has-post-thumbnail","hentry","category-football","tag-argentine","tag-copa-america","tag-football","tag-italie","tag-uefa"],"acf":[],"yoast_head":"<!-- This site is optimized with the Yoast SEO Premium plugin v26.7 (Yoast SEO v26.7) - https:\/\/yoast.com\/wordpress\/plugins\/seo\/ -->\n<title>Un choc entre les champions d&#039;Am\u00e9rique du Sud et d\u2019Europe des Nations en 2022<\/title>\n<meta name=\"description\" content=\"FOOTBALL - L&#039;UEFA et la CONMEBOL ont annonc\u00e9 ce mardi 28 septembre la tenue d&#039;un match entre le Champion d&#039;Europe des Nations et celui d&#039;Am\u00e9rique du Sud.\" \/>\n<meta name=\"robots\" content=\"index, follow, max-snippet:-1, max-image-preview:large, max-video-preview:-1\" \/>\n<link rel=\"canonical\" href=\"https:\/\/dicodusport.fr\/blog\/un-choc-entre-les-champions-amerique-du-sud-et-europe-des-nations-en-2022\/\" \/>\n<meta property=\"og:locale\" content=\"fr_FR\" \/>\n<meta property=\"og:type\" content=\"article\" \/>\n<meta property=\"og:title\" content=\"Un choc entre les champions d&#039;Am\u00e9rique du Sud et d\u2019Europe des Nations en 2022\" \/>\n<meta property=\"og:description\" content=\"FOOTBALL - L&#039;UEFA et la CONMEBOL ont annonc\u00e9 ce mardi 28 septembre la tenue d&#039;un match entre le Champion d&#039;Europe des Nations et celui d&#039;Am\u00e9rique du Sud.\" \/>\n<meta property=\"og:url\" content=\"https:\/\/dicodusport.fr\/blog\/un-choc-entre-les-champions-amerique-du-sud-et-europe-des-nations-en-2022\/\" \/>\n<meta property=\"og:site_name\" content=\"Dicodusport\" \/>\n<meta property=\"article:publisher\" content=\"https:\/\/www.facebook.com\/dicodusport\" \/>\n<meta property=\"article:published_time\" content=\"2021-09-28T16:14:38+00:00\" \/>\n<meta property=\"article:modified_time\" content=\"2021-09-28T16:59:57+00:00\" \/>\n<meta property=\"og:image\" content=\"https:\/\/dicodusport.fr\/blog\/wp-content\/uploads\/2021\/09\/Un-choc-entre-les-champions-dAmerique-du-Sud-et-dEurope-des-Nations-en-2022.png\" \/>\n\t<meta property=\"og:image:width\" content=\"800\" \/>\n\t<meta property=\"og:image:height\" content=\"445\" \/>\n\t<meta property=\"og:image:type\" content=\"image\/png\" \/>\n<meta name=\"author\" content=\"Damien Meunier\" \/>\n<meta name=\"twitter:card\" content=\"summary_large_image\" \/>\n<meta name=\"twitter:title\" content=\"Un choc entre les champions d&#039;Am\u00e9rique du Sud et d\u2019Europe des Nations en 2022\" \/>\n<meta name=\"twitter:creator\" content=\"@https:\/\/x.com\/DamienMeunier69\" \/>\n<meta name=\"twitter:site\" content=\"@dicodusport\" \/>\n<script type=\"application\/ld+json\" class=\"yoast-schema-graph\">{\"@context\":\"https:\/\/schema.org\",\"@graph\":[{\"@type\":\"NewsArticle\",\"@id\":\"https:\/\/dicodusport.fr\/blog\/un-choc-entre-les-champions-amerique-du-sud-et-europe-des-nations-en-2022\/#article\",\"isPartOf\":{\"@id\":\"https:\/\/dicodusport.fr\/blog\/un-choc-entre-les-champions-amerique-du-sud-et-europe-des-nations-en-2022\/\"},\"author\":{\"name\":\"Damien Meunier\",\"@id\":\"https:\/\/dicodusport.fr\/blog\/#\/schema\/person\/7ce262eb34bbc1847cff5f60345d4735\"},\"headline\":\"Un choc entre les champions d&rsquo;Am\u00e9rique du Sud et d\u2019Europe des Nations en 2022\",\"datePublished\":\"2021-09-28T16:14:38+00:00\",\"dateModified\":\"2021-09-28T16:59:57+00:00\",\"mainEntityOfPage\":{\"@id\":\"https:\/\/dicodusport.fr\/blog\/un-choc-entre-les-champions-amerique-du-sud-et-europe-des-nations-en-2022\/\"},\"wordCount\":311,\"commentCount\":0,\"publisher\":{\"@id\":\"https:\/\/dicodusport.fr\/blog\/#organization\"},\"image\":{\"@id\":\"https:\/\/dicodusport.fr\/blog\/un-choc-entre-les-champions-amerique-du-sud-et-europe-des-nations-en-2022\/#primaryimage\"},\"thumbnailUrl\":\"https:\/\/dicodusport.fr\/blog\/wp-content\/uploads\/2021\/09\/Un-choc-entre-les-champions-dAmerique-du-Sud-et-dEurope-des-Nations-en-2022.png\",\"keywords\":[\"Argentine\",\"Copa America\",\"Football\",\"Italie\",\"UEFA\"],\"articleSection\":[\"Football\"],\"inLanguage\":\"fr-FR\",\"potentialAction\":[{\"@type\":\"CommentAction\",\"name\":\"Comment\",\"target\":[\"https:\/\/dicodusport.fr\/blog\/un-choc-entre-les-champions-amerique-du-sud-et-europe-des-nations-en-2022\/#respond\"]}],\"copyrightYear\":\"2021\",\"copyrightHolder\":{\"@id\":\"https:\/\/dicodusport.fr\/blog\/#organization\"}},{\"@type\":\"WebPage\",\"@id\":\"https:\/\/dicodusport.fr\/blog\/un-choc-entre-les-champions-amerique-du-sud-et-europe-des-nations-en-2022\/\",\"url\":\"https:\/\/dicodusport.fr\/blog\/un-choc-entre-les-champions-amerique-du-sud-et-europe-des-nations-en-2022\/\",\"name\":\"Un choc entre les champions d'Am\u00e9rique du Sud et d\u2019Europe des Nations en 2022\",\"isPartOf\":{\"@id\":\"https:\/\/dicodusport.fr\/blog\/#website\"},\"primaryImageOfPage\":{\"@id\":\"https:\/\/dicodusport.fr\/blog\/un-choc-entre-les-champions-amerique-du-sud-et-europe-des-nations-en-2022\/#primaryimage\"},\"image\":{\"@id\":\"https:\/\/dicodusport.fr\/blog\/un-choc-entre-les-champions-amerique-du-sud-et-europe-des-nations-en-2022\/#primaryimage\"},\"thumbnailUrl\":\"https:\/\/dicodusport.fr\/blog\/wp-content\/uploads\/2021\/09\/Un-choc-entre-les-champions-dAmerique-du-Sud-et-dEurope-des-Nations-en-2022.png\",\"datePublished\":\"2021-09-28T16:14:38+00:00\",\"dateModified\":\"2021-09-28T16:59:57+00:00\",\"description\":\"FOOTBALL - L'UEFA et la CONMEBOL ont annonc\u00e9 ce mardi 28 septembre la tenue d'un match entre le Champion d'Europe des Nations et celui d'Am\u00e9rique du Sud.\",\"breadcrumb\":{\"@id\":\"https:\/\/dicodusport.fr\/blog\/un-choc-entre-les-champions-amerique-du-sud-et-europe-des-nations-en-2022\/#breadcrumb\"},\"inLanguage\":\"fr-FR\",\"potentialAction\":[{\"@type\":\"ReadAction\",\"target\":[\"https:\/\/dicodusport.fr\/blog\/un-choc-entre-les-champions-amerique-du-sud-et-europe-des-nations-en-2022\/\"]}]},{\"@type\":\"ImageObject\",\"inLanguage\":\"fr-FR\",\"@id\":\"https:\/\/dicodusport.fr\/blog\/un-choc-entre-les-champions-amerique-du-sud-et-europe-des-nations-en-2022\/#primaryimage\",\"url\":\"https:\/\/dicodusport.fr\/blog\/wp-content\/uploads\/2021\/09\/Un-choc-entre-les-champions-dAmerique-du-Sud-et-dEurope-des-Nations-en-2022.png\",\"contentUrl\":\"https:\/\/dicodusport.fr\/blog\/wp-content\/uploads\/2021\/09\/Un-choc-entre-les-champions-dAmerique-du-Sud-et-dEurope-des-Nations-en-2022.png\",\"width\":800,\"height\":445,\"caption\":\"Un choc entre les champions d'Am\u00e9rique du Sud et d\u2019Europe des Nations en 2022\"},{\"@type\":\"BreadcrumbList\",\"@id\":\"https:\/\/dicodusport.fr\/blog\/un-choc-entre-les-champions-amerique-du-sud-et-europe-des-nations-en-2022\/#breadcrumb\",\"itemListElement\":[{\"@type\":\"ListItem\",\"position\":1,\"name\":\"Accueil\",\"item\":\"https:\/\/dicodusport.fr\/blog\/\"},{\"@type\":\"ListItem\",\"position\":2,\"name\":\"Un choc entre les champions d&rsquo;Am\u00e9rique du Sud et d\u2019Europe des Nations en 2022\"}]},{\"@type\":\"WebSite\",\"@id\":\"https:\/\/dicodusport.fr\/blog\/#website\",\"url\":\"https:\/\/dicodusport.fr\/blog\/\",\"name\":\"Dicodusport\",\"description\":\"L&#039;encyclop\u00e9die de l&#039;actualit\u00e9 sportive\",\"publisher\":{\"@id\":\"https:\/\/dicodusport.fr\/blog\/#organization\"},\"potentialAction\":[{\"@type\":\"SearchAction\",\"target\":{\"@type\":\"EntryPoint\",\"urlTemplate\":\"https:\/\/dicodusport.fr\/blog\/?s={search_term_string}\"},\"query-input\":{\"@type\":\"PropertyValueSpecification\",\"valueRequired\":true,\"valueName\":\"search_term_string\"}}],\"inLanguage\":\"fr-FR\"},{\"@type\":\"NewsMediaOrganization\",\"@id\":\"https:\/\/dicodusport.fr\/blog\/#organization\",\"name\":\"Dicodusport\",\"url\":\"https:\/\/dicodusport.fr\/blog\/\",\"logo\":{\"@type\":\"ImageObject\",\"inLanguage\":\"fr-FR\",\"@id\":\"https:\/\/dicodusport.fr\/blog\/#\/schema\/logo\/image\/\",\"url\":\"https:\/\/dicodusport.fr\/blog\/wp-content\/uploads\/2020\/06\/cropped-LOGO-DICODUSPORT-2020-SANS-FOND-SANS-TEXTE.png\",\"contentUrl\":\"https:\/\/dicodusport.fr\/blog\/wp-content\/uploads\/2020\/06\/cropped-LOGO-DICODUSPORT-2020-SANS-FOND-SANS-TEXTE.png\",\"width\":512,\"height\":512,\"caption\":\"Dicodusport\"},\"image\":{\"@id\":\"https:\/\/dicodusport.fr\/blog\/#\/schema\/logo\/image\/\"},\"sameAs\":[\"https:\/\/www.facebook.com\/dicodusport\",\"https:\/\/x.com\/dicodusport\",\"https:\/\/www.instagram.com\/dicodusport\/\",\"https:\/\/www.youtube.com\/channel\/UC7V2KZ5sd3htJivAbA4ZG3w\"],\"description\":\"Dicodusport est l'encyclop\u00e9die de l'actualit\u00e9 sportive.\",\"email\":\"bonjour@dicodusport.fr\",\"legalName\":\"DICODUSPORT\",\"foundingDate\":\"2018-01-14\",\"vatID\":\"FR71834470973\",\"taxID\":\"83447097300043\",\"numberOfEmployees\":{\"@type\":\"QuantitativeValue\",\"minValue\":\"1\",\"maxValue\":\"10\"}},{\"@type\":\"Person\",\"@id\":\"https:\/\/dicodusport.fr\/blog\/#\/schema\/person\/7ce262eb34bbc1847cff5f60345d4735\",\"name\":\"Damien Meunier\",\"image\":{\"@type\":\"ImageObject\",\"inLanguage\":\"fr-FR\",\"@id\":\"https:\/\/dicodusport.fr\/blog\/#\/schema\/person\/image\/\",\"url\":\"https:\/\/secure.gravatar.com\/avatar\/dfe0549a73ac21bb20dfdf302b222ba2?s=96&d=wp_user_avatar&r=g\",\"contentUrl\":\"https:\/\/secure.gravatar.com\/avatar\/dfe0549a73ac21bb20dfdf302b222ba2?s=96&d=wp_user_avatar&r=g\",\"caption\":\"Damien Meunier\"},\"description\":\"Journaliste\/r\u00e9dacteur depuis d\u00e9cembre 2016 - Amateur professionnel de sport, d\u2019abord le football, j\u2019aurais pu en faire mon m\u00e9tier. Mais bon, vous savez les \u2026 non, pas les crois\u00e9s, ils vont bien eux. Juste un manque de talent, de technique et de niveau surtout. Mais cette passion est ancr\u00e9e en moi telle la pomme dans la tarte tatin. Le c\u00f4t\u00e9 suiveur\/supporter est \u00e9videmment important au quotidien, que ce soit un soir de juillet 1998 en banlieue lyonnaise ou de juillet 2018 \u00e0 Montr\u00e9al. Car oui, depuis ma France natale, j\u2019ai migr\u00e9 outre-Atlantique, au pays des caribous. L\u00e0, le football se joue \u00e0 la main et non au pied. Et surtout, la religion sportive est plut\u00f4t froide et se joue avec une crosse. Non, ce n\u2019est pas le curling ni le Lacrosse, encore que, mais le hockey sur glace. Une autre vision, une autre culture. On troque les crudit\u00e9s devant la t\u00e9l\u00e9 pour une poutine et on s\u2019installe avec notre chandail pour suivre cela. Et en moins de temps qu\u2019il ne faut pour le dire, ou la vitesse d\u2019un slap shot de McDavid ou un arr\u00eat de la mitaine de Price, j\u2019\u00e9cris sur de l\u2019actualit\u00e9 par ici mais aussi le sport f\u00e9minin, pas assez mis en avant.\",\"sameAs\":[\"https:\/\/x.com\/https:\/\/x.com\/DamienMeunier69\"],\"url\":\"https:\/\/dicodusport.fr\/blog\/author\/damien-m\/\"}]}<\/script>\n<!-- \/ Yoast SEO Premium plugin. -->","yoast_head_json":{"title":"Un choc entre les champions d'Am\u00e9rique du Sud et d\u2019Europe des Nations en 2022","description":"FOOTBALL - L'UEFA et la CONMEBOL ont annonc\u00e9 ce mardi 28 septembre la tenue d'un match entre le Champion d'Europe des Nations et celui d'Am\u00e9rique du Sud.","robots":{"index":"index","follow":"follow","max-snippet":"max-snippet:-1","max-image-preview":"max-image-preview:large","max-video-preview":"max-video-preview:-1"},"canonical":"https:\/\/dicodusport.fr\/blog\/un-choc-entre-les-champions-amerique-du-sud-et-europe-des-nations-en-2022\/","og_locale":"fr_FR","og_type":"article","og_title":"Un choc entre les champions d'Am\u00e9rique du Sud et d\u2019Europe des Nations en 2022","og_description":"FOOTBALL - L'UEFA et la CONMEBOL ont annonc\u00e9 ce mardi 28 septembre la tenue d'un match entre le Champion d'Europe des Nations et celui d'Am\u00e9rique du Sud.","og_url":"https:\/\/dicodusport.fr\/blog\/un-choc-entre-les-champions-amerique-du-sud-et-europe-des-nations-en-2022\/","og_site_name":"Dicodusport","article_publisher":"https:\/\/www.facebook.com\/dicodusport","article_published_time":"2021-09-28T16:14:38+00:00","article_modified_time":"2021-09-28T16:59:57+00:00","og_image":[{"width":800,"height":445,"url":"https:\/\/dicodusport.fr\/blog\/wp-content\/uploads\/2021\/09\/Un-choc-entre-les-champions-dAmerique-du-Sud-et-dEurope-des-Nations-en-2022.png","type":"image\/png"}],"author":"Damien Meunier","twitter_card":"summary_large_image","twitter_title":"Un choc entre les champions d'Am\u00e9rique du Sud et d\u2019Europe des Nations en 2022","twitter_creator":"@https:\/\/x.com\/DamienMeunier69","twitter_site":"@dicodusport","schema":{"@context":"https:\/\/schema.org","@graph":[{"@type":"NewsArticle","@id":"https:\/\/dicodusport.fr\/blog\/un-choc-entre-les-champions-amerique-du-sud-et-europe-des-nations-en-2022\/#article","isPartOf":{"@id":"https:\/\/dicodusport.fr\/blog\/un-choc-entre-les-champions-amerique-du-sud-et-europe-des-nations-en-2022\/"},"author":{"name":"Damien Meunier","@id":"https:\/\/dicodusport.fr\/blog\/#\/schema\/person\/7ce262eb34bbc1847cff5f60345d4735"},"headline":"Un choc entre les champions d&rsquo;Am\u00e9rique du Sud et d\u2019Europe des Nations en 2022","datePublished":"2021-09-28T16:14:38+00:00","dateModified":"2021-09-28T16:59:57+00:00","mainEntityOfPage":{"@id":"https:\/\/dicodusport.fr\/blog\/un-choc-entre-les-champions-amerique-du-sud-et-europe-des-nations-en-2022\/"},"wordCount":311,"commentCount":0,"publisher":{"@id":"https:\/\/dicodusport.fr\/blog\/#organization"},"image":{"@id":"https:\/\/dicodusport.fr\/blog\/un-choc-entre-les-champions-amerique-du-sud-et-europe-des-nations-en-2022\/#primaryimage"},"thumbnailUrl":"https:\/\/dicodusport.fr\/blog\/wp-content\/uploads\/2021\/09\/Un-choc-entre-les-champions-dAmerique-du-Sud-et-dEurope-des-Nations-en-2022.png","keywords":["Argentine","Copa America","Football","Italie","UEFA"],"articleSection":["Football"],"inLanguage":"fr-FR","potentialAction":[{"@type":"CommentAction","name":"Comment","target":["https:\/\/dicodusport.fr\/blog\/un-choc-entre-les-champions-amerique-du-sud-et-europe-des-nations-en-2022\/#respond"]}],"copyrightYear":"2021","copyrightHolder":{"@id":"https:\/\/dicodusport.fr\/blog\/#organization"}},{"@type":"WebPage","@id":"https:\/\/dicodusport.fr\/blog\/un-choc-entre-les-champions-amerique-du-sud-et-europe-des-nations-en-2022\/","url":"https:\/\/dicodusport.fr\/blog\/un-choc-entre-les-champions-amerique-du-sud-et-europe-des-nations-en-2022\/","name":"Un choc entre les champions d'Am\u00e9rique du Sud et d\u2019Europe des Nations en 2022","isPartOf":{"@id":"https:\/\/dicodusport.fr\/blog\/#website"},"primaryImageOfPage":{"@id":"https:\/\/dicodusport.fr\/blog\/un-choc-entre-les-champions-amerique-du-sud-et-europe-des-nations-en-2022\/#primaryimage"},"image":{"@id":"https:\/\/dicodusport.fr\/blog\/un-choc-entre-les-champions-amerique-du-sud-et-europe-des-nations-en-2022\/#primaryimage"},"thumbnailUrl":"https:\/\/dicodusport.fr\/blog\/wp-content\/uploads\/2021\/09\/Un-choc-entre-les-champions-dAmerique-du-Sud-et-dEurope-des-Nations-en-2022.png","datePublished":"2021-09-28T16:14:38+00:00","dateModified":"2021-09-28T16:59:57+00:00","description":"FOOTBALL - L'UEFA et la CONMEBOL ont annonc\u00e9 ce mardi 28 septembre la tenue d'un match entre le Champion d'Europe des Nations et celui d'Am\u00e9rique du Sud.","breadcrumb":{"@id":"https:\/\/dicodusport.fr\/blog\/un-choc-entre-les-champions-amerique-du-sud-et-europe-des-nations-en-2022\/#breadcrumb"},"inLanguage":"fr-FR","potentialAction":[{"@type":"ReadAction","target":["https:\/\/dicodusport.fr\/blog\/un-choc-entre-les-champions-amerique-du-sud-et-europe-des-nations-en-2022\/"]}]},{"@type":"ImageObject","inLanguage":"fr-FR","@id":"https:\/\/dicodusport.fr\/blog\/un-choc-entre-les-champions-amerique-du-sud-et-europe-des-nations-en-2022\/#primaryimage","url":"https:\/\/dicodusport.fr\/blog\/wp-content\/uploads\/2021\/09\/Un-choc-entre-les-champions-dAmerique-du-Sud-et-dEurope-des-Nations-en-2022.png","contentUrl":"https:\/\/dicodusport.fr\/blog\/wp-content\/uploads\/2021\/09\/Un-choc-entre-les-champions-dAmerique-du-Sud-et-dEurope-des-Nations-en-2022.png","width":800,"height":445,"caption":"Un choc entre les champions d'Am\u00e9rique du Sud et d\u2019Europe des Nations en 2022"},{"@type":"BreadcrumbList","@id":"https:\/\/dicodusport.fr\/blog\/un-choc-entre-les-champions-amerique-du-sud-et-europe-des-nations-en-2022\/#breadcrumb","itemListElement":[{"@type":"ListItem","position":1,"name":"Accueil","item":"https:\/\/dicodusport.fr\/blog\/"},{"@type":"ListItem","position":2,"name":"Un choc entre les champions d&rsquo;Am\u00e9rique du Sud et d\u2019Europe des Nations en 2022"}]},{"@type":"WebSite","@id":"https:\/\/dicodusport.fr\/blog\/#website","url":"https:\/\/dicodusport.fr\/blog\/","name":"Dicodusport","description":"L&#039;encyclop\u00e9die de l&#039;actualit\u00e9 sportive","publisher":{"@id":"https:\/\/dicodusport.fr\/blog\/#organization"},"potentialAction":[{"@type":"SearchAction","target":{"@type":"EntryPoint","urlTemplate":"https:\/\/dicodusport.fr\/blog\/?s={search_term_string}"},"query-input":{"@type":"PropertyValueSpecification","valueRequired":true,"valueName":"search_term_string"}}],"inLanguage":"fr-FR"},{"@type":"NewsMediaOrganization","@id":"https:\/\/dicodusport.fr\/blog\/#organization","name":"Dicodusport","url":"https:\/\/dicodusport.fr\/blog\/","logo":{"@type":"ImageObject","inLanguage":"fr-FR","@id":"https:\/\/dicodusport.fr\/blog\/#\/schema\/logo\/image\/","url":"https:\/\/dicodusport.fr\/blog\/wp-content\/uploads\/2020\/06\/cropped-LOGO-DICODUSPORT-2020-SANS-FOND-SANS-TEXTE.png","contentUrl":"https:\/\/dicodusport.fr\/blog\/wp-content\/uploads\/2020\/06\/cropped-LOGO-DICODUSPORT-2020-SANS-FOND-SANS-TEXTE.png","width":512,"height":512,"caption":"Dicodusport"},"image":{"@id":"https:\/\/dicodusport.fr\/blog\/#\/schema\/logo\/image\/"},"sameAs":["https:\/\/www.facebook.com\/dicodusport","https:\/\/x.com\/dicodusport","https:\/\/www.instagram.com\/dicodusport\/","https:\/\/www.youtube.com\/channel\/UC7V2KZ5sd3htJivAbA4ZG3w"],"description":"Dicodusport est l'encyclop\u00e9die de l'actualit\u00e9 sportive.","email":"bonjour@dicodusport.fr","legalName":"DICODUSPORT","foundingDate":"2018-01-14","vatID":"FR71834470973","taxID":"83447097300043","numberOfEmployees":{"@type":"QuantitativeValue","minValue":"1","maxValue":"10"}},{"@type":"Person","@id":"https:\/\/dicodusport.fr\/blog\/#\/schema\/person\/7ce262eb34bbc1847cff5f60345d4735","name":"Damien Meunier","image":{"@type":"ImageObject","inLanguage":"fr-FR","@id":"https:\/\/dicodusport.fr\/blog\/#\/schema\/person\/image\/","url":"https:\/\/secure.gravatar.com\/avatar\/dfe0549a73ac21bb20dfdf302b222ba2?s=96&d=wp_user_avatar&r=g","contentUrl":"https:\/\/secure.gravatar.com\/avatar\/dfe0549a73ac21bb20dfdf302b222ba2?s=96&d=wp_user_avatar&r=g","caption":"Damien Meunier"},"description":"Journaliste\/r\u00e9dacteur depuis d\u00e9cembre 2016 - Amateur professionnel de sport, d\u2019abord le football, j\u2019aurais pu en faire mon m\u00e9tier. Mais bon, vous savez les \u2026 non, pas les crois\u00e9s, ils vont bien eux. Juste un manque de talent, de technique et de niveau surtout. Mais cette passion est ancr\u00e9e en moi telle la pomme dans la tarte tatin. Le c\u00f4t\u00e9 suiveur\/supporter est \u00e9videmment important au quotidien, que ce soit un soir de juillet 1998 en banlieue lyonnaise ou de juillet 2018 \u00e0 Montr\u00e9al. Car oui, depuis ma France natale, j\u2019ai migr\u00e9 outre-Atlantique, au pays des caribous. L\u00e0, le football se joue \u00e0 la main et non au pied. Et surtout, la religion sportive est plut\u00f4t froide et se joue avec une crosse. Non, ce n\u2019est pas le curling ni le Lacrosse, encore que, mais le hockey sur glace. Une autre vision, une autre culture. On troque les crudit\u00e9s devant la t\u00e9l\u00e9 pour une poutine et on s\u2019installe avec notre chandail pour suivre cela. Et en moins de temps qu\u2019il ne faut pour le dire, ou la vitesse d\u2019un slap shot de McDavid ou un arr\u00eat de la mitaine de Price, j\u2019\u00e9cris sur de l\u2019actualit\u00e9 par ici mais aussi le sport f\u00e9minin, pas assez mis en avant.","sameAs":["https:\/\/x.com\/https:\/\/x.com\/DamienMeunier69"],"url":"https:\/\/dicodusport.fr\/blog\/author\/damien-m\/"}]}},"_links":{"self":[{"href":"https:\/\/dicodusport.fr\/blog\/wp-json\/wp\/v2\/posts\/169790","targetHints":{"allow":["GET"]}}],"collection":[{"href":"https:\/\/dicodusport.fr\/blog\/wp-json\/wp\/v2\/posts"}],"about":[{"href":"https:\/\/dicodusport.fr\/blog\/wp-json\/wp\/v2\/types\/post"}],"author":[{"embeddable":true,"href":"https:\/\/dicodusport.fr\/blog\/wp-json\/wp\/v2\/users\/10"}],"replies":[{"embeddable":true,"href":"https:\/\/dicodusport.fr\/blog\/wp-json\/wp\/v2\/comments?post=169790"}],"version-history":[{"count":0,"href":"https:\/\/dicodusport.fr\/blog\/wp-json\/wp\/v2\/posts\/169790\/revisions"}],"wp:featuredmedia":[{"embeddable":true,"href":"https:\/\/dicodusport.fr\/blog\/wp-json\/wp\/v2\/media\/169822"}],"wp:attachment":[{"href":"https:\/\/dicodusport.fr\/blog\/wp-json\/wp\/v2\/media?parent=169790"}],"wp:term":[{"taxonomy":"category","embeddable":true,"href":"https:\/\/dicodusport.fr\/blog\/wp-json\/wp\/v2\/categories?post=169790"},{"taxonomy":"post_tag","embeddable":true,"href":"https:\/\/dicodusport.fr\/blog\/wp-json\/wp\/v2\/tags?post=169790"}],"curies":[{"name":"wp","href":"https:\/\/api.w.org\/{rel}","templated":true}]}}