{"id":170323,"date":"2021-10-01T10:11:16","date_gmt":"2021-10-01T08:11:16","guid":{"rendered":"https:\/\/dicodusport.fr\/blog\/?p=170323&#038;preview=true&#038;preview_id=170323"},"modified":"2021-10-01T10:56:35","modified_gmt":"2021-10-01T08:56:35","slug":"florian-senechal-rouler-sur-les-paves-ce-n-est-pas-le-meme-cyclisme","status":"publish","type":"post","link":"https:\/\/dicodusport.fr\/blog\/florian-senechal-rouler-sur-les-paves-ce-n-est-pas-le-meme-cyclisme\/","title":{"rendered":"Florian S\u00e9n\u00e9chal : \u00ab\u00a0Rouler sur les pav\u00e9s, ce n\u2019est pas le m\u00eame cyclisme\u00a0\u00bb"},"content":{"rendered":"<p style=\"text-align: justify;\"><strong><em>CYCLISME &#8211; En conf\u00e9rence de presse jeudi, Florian S\u00e9n\u00e9chal a \u00e9voqu\u00e9 le retour de Paris-Roubaix et ses ambitions sur sa course pr\u00e9f\u00e9r\u00e9e de la saison.\u00a0<\/em><\/strong><\/p>\n<p style=\"text-align: justify;\">Dimanche dernier, lors des Mondiaux \u00e0 Louvain, il aurait pu jouer sa carte dans le final si <strong>Julian Alaphilippe<\/strong> n&rsquo;avait pas \u00e9t\u00e9 aussi fort. Mais <strong>Florian S\u00e9n\u00e9chal<\/strong> s&rsquo;est mu\u00e9 en \u00e9quipier comme il sait si bien le faire quand la course le commande, pour marquer les autres favoris. Ce dimanche, il esp\u00e8re briller sur Paris-Roubaix qui ne s&rsquo;est pas disput\u00e9 depuis le printemps 2019.<\/p>\n<blockquote>\n<p style=\"text-align: justify;\">Forc\u00e9ment, j\u2019ai h\u00e2te. \u00c7a fait plus de deux ans que nous sommes priv\u00e9s de Paris-Roubaix. Apr\u00e8s la journ\u00e9e que j\u2019ai v\u00e9cue dimanche, une journ\u00e9e folle pour le cyclisme en g\u00e9n\u00e9ral mais aussi pour le cyclisme fran\u00e7ais, on a vu que le public voulait rattraper le temps perdu avec les confinements et les courses \u00e0 huis clos. Je pense que m\u00eame avec une mauvaise m\u00e9t\u00e9o dimanche, on aura un public belge et nordiste au rendez-vous. Ce sera une grande journ\u00e9e de v\u00e9lo.<\/p>\n<p style=\"text-align: justify;\">Je ne sais pas si je suis dans la meilleure forme de ma vie pour l\u2019instant. J\u2019esp\u00e8re que j\u2019aurai de la chance. Parce que ce n\u2019est pas une journ\u00e9e facile qui nous attend avec la m\u00e9t\u00e9o. Mais on sait qu\u2019il faudra courir devant. Rouler sur les pav\u00e9s, ce n\u2019est pas le m\u00eame cyclisme. Tu dois p\u00e9daler diff\u00e9remment, tu es plus en arri\u00e8re sur la selle pour garder de la stabilit\u00e9, tu as des sensations diff\u00e9rentes. Et il faut regarder loin devant pour \u00e9viter les pi\u00e8ges sur les pav\u00e9s. Cela s\u2019apprend, mais si tu as du talent, c\u2019est tout de suite plus facile.<\/p>\n<\/blockquote>\n<p style=\"text-align: justify;\">Le coureur fran\u00e7ais, originaire de Cambrai, sera un des leaders de la formation belge qui aura plusieurs cartes dans sa manche, comme toujours. En effet, <strong>Kasper Asgreen<\/strong>, <strong>Zdenek Stybar<\/strong>, <strong>Davide Ballerini<\/strong> et <strong>Yves Lampaert<\/strong> seront aussi au d\u00e9part.<\/p>\n<blockquote class=\"twitter-tweet\">\n<p dir=\"ltr\" lang=\"en\">we did a press conference ahead of <a href=\"https:\/\/twitter.com\/Paris_Roubaix?ref_src=twsrc%5Etfw\">@Paris_Roubaix<\/a> today.<\/p>\n<p>It gave us the opportunity to thank <a href=\"https:\/\/twitter.com\/QuickStepFloor?ref_src=twsrc%5Etfw\">@QuickStepFloor<\/a> for the excellent products we use in our homes &#x1f44d;&#x1f3fc; <a href=\"https:\/\/twitter.com\/hashtag\/designedtoperform?src=hash&amp;ref_src=twsrc%5Etfw\">#designedtoperform<\/a><\/p>\n<p>&#x1f4f8; @woutbeel <a href=\"https:\/\/t.co\/KzytFZXljS\">pic.twitter.com\/KzytFZXljS<\/a><\/p>\n<p>\u2014 Florian Senechal-Staelens (@flosenech) <a href=\"https:\/\/twitter.com\/flosenech\/status\/1443636529075834885?ref_src=twsrc%5Etfw\">September 30, 2021<\/a><\/p><\/blockquote>\n<p style=\"text-align: justify;\"><script async src=\"https:\/\/platform.twitter.com\/widgets.js\" charset=\"utf-8\"><\/script><\/p>\n","protected":false},"excerpt":{"rendered":"<p>CYCLISME &#8211; En conf\u00e9rence de presse jeudi, Florian S\u00e9n\u00e9chal a \u00e9voqu\u00e9 le retour de Paris-Roubaix et ses ambitions sur sa course pr\u00e9f\u00e9r\u00e9e de la saison.\u00a0<\/p>\n","protected":false},"author":1,"featured_media":170327,"comment_status":"open","ping_status":"closed","sticky":false,"template":"","format":"standard","meta":{"_acf_changed":false,"_daextam_enable_autolinks":"","footnotes":""},"categories":[2307],"tags":[19608,4164],"class_list":["post-170323","post","type-post","status-publish","format-standard","has-post-thumbnail","hentry","category-cyclisme","tag-florian-senechal","tag-paris-roubaix"],"acf":[],"yoast_head":"<!-- This site is optimized with the Yoast SEO Premium plugin v26.7 (Yoast SEO v26.7) - https:\/\/yoast.com\/wordpress\/plugins\/seo\/ -->\n<title>Florian S\u00e9n\u00e9chal : &quot;Rouler sur les pav\u00e9s, ce n\u2019est pas le m\u00eame cyclisme&quot;<\/title>\n<meta name=\"description\" content=\"CYCLISME - En conf\u00e9rence de presse jeudi, Florian S\u00e9n\u00e9chal a \u00e9voqu\u00e9 le retour de Paris-Roubaix et ses ambitions sur sa course pr\u00e9f\u00e9r\u00e9e.\" \/>\n<meta name=\"robots\" content=\"index, follow, max-snippet:-1, max-image-preview:large, max-video-preview:-1\" \/>\n<link rel=\"canonical\" href=\"https:\/\/dicodusport.fr\/blog\/florian-senechal-rouler-sur-les-paves-ce-n-est-pas-le-meme-cyclisme\/\" \/>\n<meta property=\"og:locale\" content=\"fr_FR\" \/>\n<meta property=\"og:type\" content=\"article\" \/>\n<meta property=\"og:title\" content=\"Florian S\u00e9n\u00e9chal : &quot;Rouler sur les pav\u00e9s, ce n\u2019est pas le m\u00eame cyclisme&quot;\" \/>\n<meta property=\"og:description\" content=\"CYCLISME - En conf\u00e9rence de presse jeudi, Florian S\u00e9n\u00e9chal a \u00e9voqu\u00e9 le retour de Paris-Roubaix et ses ambitions sur sa course pr\u00e9f\u00e9r\u00e9e.\" \/>\n<meta property=\"og:url\" content=\"https:\/\/dicodusport.fr\/blog\/florian-senechal-rouler-sur-les-paves-ce-n-est-pas-le-meme-cyclisme\/\" \/>\n<meta property=\"og:site_name\" content=\"Dicodusport\" \/>\n<meta property=\"article:publisher\" content=\"https:\/\/www.facebook.com\/dicodusport\" \/>\n<meta property=\"article:author\" content=\"https:\/\/www.facebook.com\/dicodusport\" \/>\n<meta property=\"article:published_time\" content=\"2021-10-01T08:11:16+00:00\" \/>\n<meta property=\"article:modified_time\" content=\"2021-10-01T08:56:35+00:00\" \/>\n<meta property=\"og:image\" content=\"https:\/\/dicodusport.fr\/blog\/wp-content\/uploads\/2021\/10\/Florian-Se\u0301ne\u0301chal-Rouler-sur-les-pave\u0301s-ce-nest-pas-le-me\u0302me-cyclisme.png\" \/>\n\t<meta property=\"og:image:width\" content=\"800\" \/>\n\t<meta property=\"og:image:height\" content=\"445\" \/>\n\t<meta property=\"og:image:type\" content=\"image\/png\" \/>\n<meta name=\"author\" content=\"Nicolas Jacquemard\" \/>\n<meta name=\"twitter:card\" content=\"summary_large_image\" \/>\n<meta name=\"twitter:title\" content=\"Florian S\u00e9n\u00e9chal : &quot;Rouler sur les pav\u00e9s, ce n\u2019est pas le m\u00eame cyclisme&quot;\" \/>\n<meta name=\"twitter:creator\" content=\"@https:\/\/twitter.com\/Nico_Jacquemard\" \/>\n<meta name=\"twitter:site\" content=\"@dicodusport\" \/>\n<script type=\"application\/ld+json\" class=\"yoast-schema-graph\">{\"@context\":\"https:\/\/schema.org\",\"@graph\":[{\"@type\":\"NewsArticle\",\"@id\":\"https:\/\/dicodusport.fr\/blog\/florian-senechal-rouler-sur-les-paves-ce-n-est-pas-le-meme-cyclisme\/#article\",\"isPartOf\":{\"@id\":\"https:\/\/dicodusport.fr\/blog\/florian-senechal-rouler-sur-les-paves-ce-n-est-pas-le-meme-cyclisme\/\"},\"author\":{\"name\":\"Nicolas Jacquemard\",\"@id\":\"https:\/\/dicodusport.fr\/blog\/#\/schema\/person\/55dcb50ad410894e431ed812bbb70191\"},\"headline\":\"Florian S\u00e9n\u00e9chal : \u00ab\u00a0Rouler sur les pav\u00e9s, ce n\u2019est pas le m\u00eame cyclisme\u00a0\u00bb\",\"datePublished\":\"2021-10-01T08:11:16+00:00\",\"dateModified\":\"2021-10-01T08:56:35+00:00\",\"mainEntityOfPage\":{\"@id\":\"https:\/\/dicodusport.fr\/blog\/florian-senechal-rouler-sur-les-paves-ce-n-est-pas-le-meme-cyclisme\/\"},\"wordCount\":421,\"commentCount\":0,\"publisher\":{\"@id\":\"https:\/\/dicodusport.fr\/blog\/#organization\"},\"image\":{\"@id\":\"https:\/\/dicodusport.fr\/blog\/florian-senechal-rouler-sur-les-paves-ce-n-est-pas-le-meme-cyclisme\/#primaryimage\"},\"thumbnailUrl\":\"https:\/\/dicodusport.fr\/blog\/wp-content\/uploads\/2021\/10\/Florian-Se\u0301ne\u0301chal-Rouler-sur-les-pave\u0301s-ce-nest-pas-le-me\u0302me-cyclisme.png\",\"keywords\":[\"Florian S\u00e9n\u00e9chal\",\"Paris-Roubaix\"],\"articleSection\":[\"Cyclisme\"],\"inLanguage\":\"fr-FR\",\"potentialAction\":[{\"@type\":\"CommentAction\",\"name\":\"Comment\",\"target\":[\"https:\/\/dicodusport.fr\/blog\/florian-senechal-rouler-sur-les-paves-ce-n-est-pas-le-meme-cyclisme\/#respond\"]}],\"copyrightYear\":\"2021\",\"copyrightHolder\":{\"@id\":\"https:\/\/dicodusport.fr\/blog\/#organization\"}},{\"@type\":\"WebPage\",\"@id\":\"https:\/\/dicodusport.fr\/blog\/florian-senechal-rouler-sur-les-paves-ce-n-est-pas-le-meme-cyclisme\/\",\"url\":\"https:\/\/dicodusport.fr\/blog\/florian-senechal-rouler-sur-les-paves-ce-n-est-pas-le-meme-cyclisme\/\",\"name\":\"Florian S\u00e9n\u00e9chal : \\\"Rouler sur les pav\u00e9s, ce n\u2019est pas le m\u00eame cyclisme\\\"\",\"isPartOf\":{\"@id\":\"https:\/\/dicodusport.fr\/blog\/#website\"},\"primaryImageOfPage\":{\"@id\":\"https:\/\/dicodusport.fr\/blog\/florian-senechal-rouler-sur-les-paves-ce-n-est-pas-le-meme-cyclisme\/#primaryimage\"},\"image\":{\"@id\":\"https:\/\/dicodusport.fr\/blog\/florian-senechal-rouler-sur-les-paves-ce-n-est-pas-le-meme-cyclisme\/#primaryimage\"},\"thumbnailUrl\":\"https:\/\/dicodusport.fr\/blog\/wp-content\/uploads\/2021\/10\/Florian-Se\u0301ne\u0301chal-Rouler-sur-les-pave\u0301s-ce-nest-pas-le-me\u0302me-cyclisme.png\",\"datePublished\":\"2021-10-01T08:11:16+00:00\",\"dateModified\":\"2021-10-01T08:56:35+00:00\",\"description\":\"CYCLISME - En conf\u00e9rence de presse jeudi, Florian S\u00e9n\u00e9chal a \u00e9voqu\u00e9 le retour de Paris-Roubaix et ses ambitions sur sa course pr\u00e9f\u00e9r\u00e9e.\",\"breadcrumb\":{\"@id\":\"https:\/\/dicodusport.fr\/blog\/florian-senechal-rouler-sur-les-paves-ce-n-est-pas-le-meme-cyclisme\/#breadcrumb\"},\"inLanguage\":\"fr-FR\",\"potentialAction\":[{\"@type\":\"ReadAction\",\"target\":[\"https:\/\/dicodusport.fr\/blog\/florian-senechal-rouler-sur-les-paves-ce-n-est-pas-le-meme-cyclisme\/\"]}]},{\"@type\":\"ImageObject\",\"inLanguage\":\"fr-FR\",\"@id\":\"https:\/\/dicodusport.fr\/blog\/florian-senechal-rouler-sur-les-paves-ce-n-est-pas-le-meme-cyclisme\/#primaryimage\",\"url\":\"https:\/\/dicodusport.fr\/blog\/wp-content\/uploads\/2021\/10\/Florian-Se\u0301ne\u0301chal-Rouler-sur-les-pave\u0301s-ce-nest-pas-le-me\u0302me-cyclisme.png\",\"contentUrl\":\"https:\/\/dicodusport.fr\/blog\/wp-content\/uploads\/2021\/10\/Florian-Se\u0301ne\u0301chal-Rouler-sur-les-pave\u0301s-ce-nest-pas-le-me\u0302me-cyclisme.png\",\"width\":800,\"height\":445},{\"@type\":\"BreadcrumbList\",\"@id\":\"https:\/\/dicodusport.fr\/blog\/florian-senechal-rouler-sur-les-paves-ce-n-est-pas-le-meme-cyclisme\/#breadcrumb\",\"itemListElement\":[{\"@type\":\"ListItem\",\"position\":1,\"name\":\"Accueil\",\"item\":\"https:\/\/dicodusport.fr\/blog\/\"},{\"@type\":\"ListItem\",\"position\":2,\"name\":\"Florian S\u00e9n\u00e9chal : \u00ab\u00a0Rouler sur les pav\u00e9s, ce n\u2019est pas le m\u00eame cyclisme\u00a0\u00bb\"}]},{\"@type\":\"WebSite\",\"@id\":\"https:\/\/dicodusport.fr\/blog\/#website\",\"url\":\"https:\/\/dicodusport.fr\/blog\/\",\"name\":\"Dicodusport\",\"description\":\"L&#039;encyclop\u00e9die de l&#039;actualit\u00e9 sportive\",\"publisher\":{\"@id\":\"https:\/\/dicodusport.fr\/blog\/#organization\"},\"potentialAction\":[{\"@type\":\"SearchAction\",\"target\":{\"@type\":\"EntryPoint\",\"urlTemplate\":\"https:\/\/dicodusport.fr\/blog\/?s={search_term_string}\"},\"query-input\":{\"@type\":\"PropertyValueSpecification\",\"valueRequired\":true,\"valueName\":\"search_term_string\"}}],\"inLanguage\":\"fr-FR\"},{\"@type\":\"NewsMediaOrganization\",\"@id\":\"https:\/\/dicodusport.fr\/blog\/#organization\",\"name\":\"Dicodusport\",\"url\":\"https:\/\/dicodusport.fr\/blog\/\",\"logo\":{\"@type\":\"ImageObject\",\"inLanguage\":\"fr-FR\",\"@id\":\"https:\/\/dicodusport.fr\/blog\/#\/schema\/logo\/image\/\",\"url\":\"https:\/\/dicodusport.fr\/blog\/wp-content\/uploads\/2020\/06\/cropped-LOGO-DICODUSPORT-2020-SANS-FOND-SANS-TEXTE.png\",\"contentUrl\":\"https:\/\/dicodusport.fr\/blog\/wp-content\/uploads\/2020\/06\/cropped-LOGO-DICODUSPORT-2020-SANS-FOND-SANS-TEXTE.png\",\"width\":512,\"height\":512,\"caption\":\"Dicodusport\"},\"image\":{\"@id\":\"https:\/\/dicodusport.fr\/blog\/#\/schema\/logo\/image\/\"},\"sameAs\":[\"https:\/\/www.facebook.com\/dicodusport\",\"https:\/\/x.com\/dicodusport\",\"https:\/\/www.instagram.com\/dicodusport\/\",\"https:\/\/www.youtube.com\/channel\/UC7V2KZ5sd3htJivAbA4ZG3w\"],\"description\":\"Dicodusport est l'encyclop\u00e9die de l'actualit\u00e9 sportive.\",\"email\":\"bonjour@dicodusport.fr\",\"legalName\":\"DICODUSPORT\",\"foundingDate\":\"2018-01-14\",\"vatID\":\"FR71834470973\",\"taxID\":\"83447097300043\",\"numberOfEmployees\":{\"@type\":\"QuantitativeValue\",\"minValue\":\"1\",\"maxValue\":\"10\"}},{\"@type\":\"Person\",\"@id\":\"https:\/\/dicodusport.fr\/blog\/#\/schema\/person\/55dcb50ad410894e431ed812bbb70191\",\"name\":\"Nicolas Jacquemard\",\"image\":{\"@type\":\"ImageObject\",\"inLanguage\":\"fr-FR\",\"@id\":\"https:\/\/dicodusport.fr\/blog\/#\/schema\/person\/image\/\",\"url\":\"https:\/\/dicodusport.fr\/blog\/wp-content\/uploads\/2021\/05\/Nicolas-Jacquemard-150x150.jpeg\",\"contentUrl\":\"https:\/\/dicodusport.fr\/blog\/wp-content\/uploads\/2021\/05\/Nicolas-Jacquemard-150x150.jpeg\",\"caption\":\"Nicolas Jacquemard\"},\"description\":\"Passionn\u00e9 de sport et entrepreneur depuis mes 18 ans, la cr\u00e9ation de Dicodusport m'a sembl\u00e9 \u00e9vidente pour participer \u00e0 la m\u00e9diatisation d'un plus grand nombre de sports. Le chemin est long mais avec une \u00e9quipe des plus motiv\u00e9es et les Jeux Olympiques de Paris 2024 en point de mire, nous y arriverons ! Journaliste dans le monde du sport depuis plus de 5 ans, je traite aussi bien de football, de rugby, de biathlon que de cyclisme.\",\"sameAs\":[\"https:\/\/www.facebook.com\/dicodusport\",\"https:\/\/x.com\/https:\/\/twitter.com\/Nico_Jacquemard\"],\"url\":\"https:\/\/dicodusport.fr\/blog\/author\/dicodusport\/\"}]}<\/script>\n<!-- \/ Yoast SEO Premium plugin. -->","yoast_head_json":{"title":"Florian S\u00e9n\u00e9chal : \"Rouler sur les pav\u00e9s, ce n\u2019est pas le m\u00eame cyclisme\"","description":"CYCLISME - En conf\u00e9rence de presse jeudi, Florian S\u00e9n\u00e9chal a \u00e9voqu\u00e9 le retour de Paris-Roubaix et ses ambitions sur sa course pr\u00e9f\u00e9r\u00e9e.","robots":{"index":"index","follow":"follow","max-snippet":"max-snippet:-1","max-image-preview":"max-image-preview:large","max-video-preview":"max-video-preview:-1"},"canonical":"https:\/\/dicodusport.fr\/blog\/florian-senechal-rouler-sur-les-paves-ce-n-est-pas-le-meme-cyclisme\/","og_locale":"fr_FR","og_type":"article","og_title":"Florian S\u00e9n\u00e9chal : \"Rouler sur les pav\u00e9s, ce n\u2019est pas le m\u00eame cyclisme\"","og_description":"CYCLISME - En conf\u00e9rence de presse jeudi, Florian S\u00e9n\u00e9chal a \u00e9voqu\u00e9 le retour de Paris-Roubaix et ses ambitions sur sa course pr\u00e9f\u00e9r\u00e9e.","og_url":"https:\/\/dicodusport.fr\/blog\/florian-senechal-rouler-sur-les-paves-ce-n-est-pas-le-meme-cyclisme\/","og_site_name":"Dicodusport","article_publisher":"https:\/\/www.facebook.com\/dicodusport","article_author":"https:\/\/www.facebook.com\/dicodusport","article_published_time":"2021-10-01T08:11:16+00:00","article_modified_time":"2021-10-01T08:56:35+00:00","og_image":[{"width":800,"height":445,"url":"https:\/\/dicodusport.fr\/blog\/wp-content\/uploads\/2021\/10\/Florian-Se\u0301ne\u0301chal-Rouler-sur-les-pave\u0301s-ce-nest-pas-le-me\u0302me-cyclisme.png","type":"image\/png"}],"author":"Nicolas Jacquemard","twitter_card":"summary_large_image","twitter_title":"Florian S\u00e9n\u00e9chal : \"Rouler sur les pav\u00e9s, ce n\u2019est pas le m\u00eame cyclisme\"","twitter_creator":"@https:\/\/twitter.com\/Nico_Jacquemard","twitter_site":"@dicodusport","schema":{"@context":"https:\/\/schema.org","@graph":[{"@type":"NewsArticle","@id":"https:\/\/dicodusport.fr\/blog\/florian-senechal-rouler-sur-les-paves-ce-n-est-pas-le-meme-cyclisme\/#article","isPartOf":{"@id":"https:\/\/dicodusport.fr\/blog\/florian-senechal-rouler-sur-les-paves-ce-n-est-pas-le-meme-cyclisme\/"},"author":{"name":"Nicolas Jacquemard","@id":"https:\/\/dicodusport.fr\/blog\/#\/schema\/person\/55dcb50ad410894e431ed812bbb70191"},"headline":"Florian S\u00e9n\u00e9chal : \u00ab\u00a0Rouler sur les pav\u00e9s, ce n\u2019est pas le m\u00eame cyclisme\u00a0\u00bb","datePublished":"2021-10-01T08:11:16+00:00","dateModified":"2021-10-01T08:56:35+00:00","mainEntityOfPage":{"@id":"https:\/\/dicodusport.fr\/blog\/florian-senechal-rouler-sur-les-paves-ce-n-est-pas-le-meme-cyclisme\/"},"wordCount":421,"commentCount":0,"publisher":{"@id":"https:\/\/dicodusport.fr\/blog\/#organization"},"image":{"@id":"https:\/\/dicodusport.fr\/blog\/florian-senechal-rouler-sur-les-paves-ce-n-est-pas-le-meme-cyclisme\/#primaryimage"},"thumbnailUrl":"https:\/\/dicodusport.fr\/blog\/wp-content\/uploads\/2021\/10\/Florian-Se\u0301ne\u0301chal-Rouler-sur-les-pave\u0301s-ce-nest-pas-le-me\u0302me-cyclisme.png","keywords":["Florian S\u00e9n\u00e9chal","Paris-Roubaix"],"articleSection":["Cyclisme"],"inLanguage":"fr-FR","potentialAction":[{"@type":"CommentAction","name":"Comment","target":["https:\/\/dicodusport.fr\/blog\/florian-senechal-rouler-sur-les-paves-ce-n-est-pas-le-meme-cyclisme\/#respond"]}],"copyrightYear":"2021","copyrightHolder":{"@id":"https:\/\/dicodusport.fr\/blog\/#organization"}},{"@type":"WebPage","@id":"https:\/\/dicodusport.fr\/blog\/florian-senechal-rouler-sur-les-paves-ce-n-est-pas-le-meme-cyclisme\/","url":"https:\/\/dicodusport.fr\/blog\/florian-senechal-rouler-sur-les-paves-ce-n-est-pas-le-meme-cyclisme\/","name":"Florian S\u00e9n\u00e9chal : \"Rouler sur les pav\u00e9s, ce n\u2019est pas le m\u00eame cyclisme\"","isPartOf":{"@id":"https:\/\/dicodusport.fr\/blog\/#website"},"primaryImageOfPage":{"@id":"https:\/\/dicodusport.fr\/blog\/florian-senechal-rouler-sur-les-paves-ce-n-est-pas-le-meme-cyclisme\/#primaryimage"},"image":{"@id":"https:\/\/dicodusport.fr\/blog\/florian-senechal-rouler-sur-les-paves-ce-n-est-pas-le-meme-cyclisme\/#primaryimage"},"thumbnailUrl":"https:\/\/dicodusport.fr\/blog\/wp-content\/uploads\/2021\/10\/Florian-Se\u0301ne\u0301chal-Rouler-sur-les-pave\u0301s-ce-nest-pas-le-me\u0302me-cyclisme.png","datePublished":"2021-10-01T08:11:16+00:00","dateModified":"2021-10-01T08:56:35+00:00","description":"CYCLISME - En conf\u00e9rence de presse jeudi, Florian S\u00e9n\u00e9chal a \u00e9voqu\u00e9 le retour de Paris-Roubaix et ses ambitions sur sa course pr\u00e9f\u00e9r\u00e9e.","breadcrumb":{"@id":"https:\/\/dicodusport.fr\/blog\/florian-senechal-rouler-sur-les-paves-ce-n-est-pas-le-meme-cyclisme\/#breadcrumb"},"inLanguage":"fr-FR","potentialAction":[{"@type":"ReadAction","target":["https:\/\/dicodusport.fr\/blog\/florian-senechal-rouler-sur-les-paves-ce-n-est-pas-le-meme-cyclisme\/"]}]},{"@type":"ImageObject","inLanguage":"fr-FR","@id":"https:\/\/dicodusport.fr\/blog\/florian-senechal-rouler-sur-les-paves-ce-n-est-pas-le-meme-cyclisme\/#primaryimage","url":"https:\/\/dicodusport.fr\/blog\/wp-content\/uploads\/2021\/10\/Florian-Se\u0301ne\u0301chal-Rouler-sur-les-pave\u0301s-ce-nest-pas-le-me\u0302me-cyclisme.png","contentUrl":"https:\/\/dicodusport.fr\/blog\/wp-content\/uploads\/2021\/10\/Florian-Se\u0301ne\u0301chal-Rouler-sur-les-pave\u0301s-ce-nest-pas-le-me\u0302me-cyclisme.png","width":800,"height":445},{"@type":"BreadcrumbList","@id":"https:\/\/dicodusport.fr\/blog\/florian-senechal-rouler-sur-les-paves-ce-n-est-pas-le-meme-cyclisme\/#breadcrumb","itemListElement":[{"@type":"ListItem","position":1,"name":"Accueil","item":"https:\/\/dicodusport.fr\/blog\/"},{"@type":"ListItem","position":2,"name":"Florian S\u00e9n\u00e9chal : \u00ab\u00a0Rouler sur les pav\u00e9s, ce n\u2019est pas le m\u00eame cyclisme\u00a0\u00bb"}]},{"@type":"WebSite","@id":"https:\/\/dicodusport.fr\/blog\/#website","url":"https:\/\/dicodusport.fr\/blog\/","name":"Dicodusport","description":"L&#039;encyclop\u00e9die de l&#039;actualit\u00e9 sportive","publisher":{"@id":"https:\/\/dicodusport.fr\/blog\/#organization"},"potentialAction":[{"@type":"SearchAction","target":{"@type":"EntryPoint","urlTemplate":"https:\/\/dicodusport.fr\/blog\/?s={search_term_string}"},"query-input":{"@type":"PropertyValueSpecification","valueRequired":true,"valueName":"search_term_string"}}],"inLanguage":"fr-FR"},{"@type":"NewsMediaOrganization","@id":"https:\/\/dicodusport.fr\/blog\/#organization","name":"Dicodusport","url":"https:\/\/dicodusport.fr\/blog\/","logo":{"@type":"ImageObject","inLanguage":"fr-FR","@id":"https:\/\/dicodusport.fr\/blog\/#\/schema\/logo\/image\/","url":"https:\/\/dicodusport.fr\/blog\/wp-content\/uploads\/2020\/06\/cropped-LOGO-DICODUSPORT-2020-SANS-FOND-SANS-TEXTE.png","contentUrl":"https:\/\/dicodusport.fr\/blog\/wp-content\/uploads\/2020\/06\/cropped-LOGO-DICODUSPORT-2020-SANS-FOND-SANS-TEXTE.png","width":512,"height":512,"caption":"Dicodusport"},"image":{"@id":"https:\/\/dicodusport.fr\/blog\/#\/schema\/logo\/image\/"},"sameAs":["https:\/\/www.facebook.com\/dicodusport","https:\/\/x.com\/dicodusport","https:\/\/www.instagram.com\/dicodusport\/","https:\/\/www.youtube.com\/channel\/UC7V2KZ5sd3htJivAbA4ZG3w"],"description":"Dicodusport est l'encyclop\u00e9die de l'actualit\u00e9 sportive.","email":"bonjour@dicodusport.fr","legalName":"DICODUSPORT","foundingDate":"2018-01-14","vatID":"FR71834470973","taxID":"83447097300043","numberOfEmployees":{"@type":"QuantitativeValue","minValue":"1","maxValue":"10"}},{"@type":"Person","@id":"https:\/\/dicodusport.fr\/blog\/#\/schema\/person\/55dcb50ad410894e431ed812bbb70191","name":"Nicolas Jacquemard","image":{"@type":"ImageObject","inLanguage":"fr-FR","@id":"https:\/\/dicodusport.fr\/blog\/#\/schema\/person\/image\/","url":"https:\/\/dicodusport.fr\/blog\/wp-content\/uploads\/2021\/05\/Nicolas-Jacquemard-150x150.jpeg","contentUrl":"https:\/\/dicodusport.fr\/blog\/wp-content\/uploads\/2021\/05\/Nicolas-Jacquemard-150x150.jpeg","caption":"Nicolas Jacquemard"},"description":"Passionn\u00e9 de sport et entrepreneur depuis mes 18 ans, la cr\u00e9ation de Dicodusport m'a sembl\u00e9 \u00e9vidente pour participer \u00e0 la m\u00e9diatisation d'un plus grand nombre de sports. Le chemin est long mais avec une \u00e9quipe des plus motiv\u00e9es et les Jeux Olympiques de Paris 2024 en point de mire, nous y arriverons ! Journaliste dans le monde du sport depuis plus de 5 ans, je traite aussi bien de football, de rugby, de biathlon que de cyclisme.","sameAs":["https:\/\/www.facebook.com\/dicodusport","https:\/\/x.com\/https:\/\/twitter.com\/Nico_Jacquemard"],"url":"https:\/\/dicodusport.fr\/blog\/author\/dicodusport\/"}]}},"_links":{"self":[{"href":"https:\/\/dicodusport.fr\/blog\/wp-json\/wp\/v2\/posts\/170323","targetHints":{"allow":["GET"]}}],"collection":[{"href":"https:\/\/dicodusport.fr\/blog\/wp-json\/wp\/v2\/posts"}],"about":[{"href":"https:\/\/dicodusport.fr\/blog\/wp-json\/wp\/v2\/types\/post"}],"author":[{"embeddable":true,"href":"https:\/\/dicodusport.fr\/blog\/wp-json\/wp\/v2\/users\/1"}],"replies":[{"embeddable":true,"href":"https:\/\/dicodusport.fr\/blog\/wp-json\/wp\/v2\/comments?post=170323"}],"version-history":[{"count":0,"href":"https:\/\/dicodusport.fr\/blog\/wp-json\/wp\/v2\/posts\/170323\/revisions"}],"wp:featuredmedia":[{"embeddable":true,"href":"https:\/\/dicodusport.fr\/blog\/wp-json\/wp\/v2\/media\/170327"}],"wp:attachment":[{"href":"https:\/\/dicodusport.fr\/blog\/wp-json\/wp\/v2\/media?parent=170323"}],"wp:term":[{"taxonomy":"category","embeddable":true,"href":"https:\/\/dicodusport.fr\/blog\/wp-json\/wp\/v2\/categories?post=170323"},{"taxonomy":"post_tag","embeddable":true,"href":"https:\/\/dicodusport.fr\/blog\/wp-json\/wp\/v2\/tags?post=170323"}],"curies":[{"name":"wp","href":"https:\/\/api.w.org\/{rel}","templated":true}]}}