{"id":170613,"date":"2021-10-02T15:48:09","date_gmt":"2021-10-02T13:48:09","guid":{"rendered":"https:\/\/dicodusport.fr\/blog\/?p=170613"},"modified":"2021-10-02T23:54:50","modified_gmt":"2021-10-02T21:54:50","slug":"paris-roubaix-2021-van-aert-van-der-poel-senechal-les-favoris-et-coureurs-a-suivre","status":"publish","type":"post","link":"https:\/\/dicodusport.fr\/blog\/paris-roubaix-2021-van-aert-van-der-poel-senechal-les-favoris-et-coureurs-a-suivre\/","title":{"rendered":"Paris-Roubaix 2021 : Van Aert, van der Poel, S\u00e9n\u00e9chal&#8230; les favoris et coureurs \u00e0 suivre"},"content":{"rendered":"<p style=\"text-align: justify;\"><em><span class=\"tojvnm2t a6sixzi8 abs2jz4q a8s20v7p t1p8iaqh k5wvi7nf q3lfd5jv pk4s997a bipmatt0 cebpdrjk qowsmv63 owwhemhu dp1hu0rb dhp61c6y iyyx5f41\"><strong>PARIS-ROUBAIX 2021 &#8211; Il aura fallu pr\u00e8s d&rsquo;un an et demi pour retrouver Paris-Roubaix ! La reine des Classiques tant aim\u00e9e par le public et d\u00e9test\u00e9e par certains. Voici une liste des coureurs \u00e0 suivre sur cette 118\u00e8me \u00e9dition.<\/strong> <\/span><\/em><\/p>\n<h2 style=\"text-align: justify;\">Un nouveau duel Van Aert vs Van der Poel ?<\/h2>\n<p style=\"text-align: justify;\"><span class=\"tojvnm2t a6sixzi8 abs2jz4q a8s20v7p t1p8iaqh k5wvi7nf q3lfd5jv pk4s997a bipmatt0 cebpdrjk qowsmv63 owwhemhu dp1hu0rb dhp61c6y iyyx5f41\">Les deux grands favoris seront les deux meilleurs coureurs de cyclo-cross des sept derni\u00e8res ann\u00e9es. Le champion de Belgique sur route<strong> Wout Van Aert<\/strong> n&rsquo;a pas pu remporter le titre mondial dans son propre pays avec une anonyme onzi\u00e8me place. En raison de la place inhabituelle sur le calendrier, <strong>Van Aert<\/strong> a de fortes chances \u00e0 Paris-Roubaix de prendre sa revanche, surtout quand on voit la puissance d\u00e9ploy\u00e9e sur le championnat du monde du contre-la-montre. Il y a deux ans, il avait connu beaucoup de malchance et aujourd&rsquo;hui, il est clairement bien meilleur que le WVA de cette \u00e9poque. De plus. Il comptera sur le soutien de <strong>Mike Teunissen<\/strong>, vainqueur de l&rsquo;\u00e9dition espoirs de Paris-Roubaix en 2014 et r\u00e9cemment 3e des Tours de Norv\u00e8ge et du Danemark. <\/span><\/p>\n<p style=\"text-align: justify;\"><span class=\"tojvnm2t a6sixzi8 abs2jz4q a8s20v7p t1p8iaqh k5wvi7nf q3lfd5jv pk4s997a bipmatt0 cebpdrjk qowsmv63 owwhemhu dp1hu0rb dhp61c6y iyyx5f41\">Mais, le vainqueur du Tour de Grande-Bretagne devra faire face \u00e0 son \u00e9ternel rival <strong>Mathieu van der Poel<\/strong>. Contrairement \u00e0 WVA, le leader d&rsquo;Alpecin-Fenix \u200b\u200bfera ses d\u00e9buts dans l&rsquo;Enfer du Nord. Intrins\u00e8quement, il a les qualit\u00e9s pour participer \u00e0 la lutte pour la victoire. Lors des Mondiaux, van der Poel a d\u00fb se contenter d&rsquo;un second r\u00f4le et a eu du mal \u00e0 lancer la machine. Avec une semaine en plus de pr\u00e9paration (mise \u00e0 mal par des soucis de dos), MVDP pourra-t-il jouer la gagne ? Le N\u00e9erlandais aura des coureurs de qualit\u00e9 pour le soutenir comme <strong>Tim Merlier<\/strong> (issu aussi du cyclo-cross), le champion de Suisse <strong>Silvan Dillier<\/strong> (2e en 2018) et <strong>Gianni Vermeersch<\/strong>.<\/span><\/p>\n<blockquote class=\"twitter-tweet\">\n<p dir=\"ltr\" lang=\"en\">&#x1f1eb;&#x1f1f7; <a href=\"https:\/\/twitter.com\/hashtag\/ParisRoubaix?src=hash&amp;ref_src=twsrc%5Etfw\">#ParisRoubaix<\/a><\/p>\n<p>Happy riders -&gt; happy fans?&#x1f601; <a href=\"https:\/\/t.co\/3Yh5CiQnwU\">pic.twitter.com\/3Yh5CiQnwU<\/a><\/p>\n<p>\u2014 Team Jumbo-Visma cycling (@JumboVismaRoad) <a href=\"https:\/\/twitter.com\/JumboVismaRoad\/status\/1443923437337067520?ref_src=twsrc%5Etfw\">October 1, 2021<\/a><\/p><\/blockquote>\n<p><script async src=\"https:\/\/platform.twitter.com\/widgets.js\" charset=\"utf-8\"><\/script><\/p>\n<h2 style=\"text-align: justify;\">Un dernier \u00e9clat pour Peter Sagan ?<\/h2>\n<p style=\"text-align: justify;\"><span class=\"tojvnm2t a6sixzi8 abs2jz4q a8s20v7p t1p8iaqh k5wvi7nf q3lfd5jv pk4s997a bipmatt0 cebpdrjk qowsmv63 owwhemhu dp1hu0rb dhp61c6y iyyx5f41\">Du c\u00f4t\u00e9 des outsiders, on aura un \u0153il sur le Slovaque <strong>Peter Sagan<\/strong> qui vit ses derniers mois chez BORA-Hansgrohe. D\u00e9j\u00e0 vainqueur en 2018, il a r\u00e9cemment montr\u00e9 sa bonne forme en remportant le Tour de Slovaquie, mais la concurrence n&rsquo;est pas au niveau d&rsquo;un Paris-Roubaix. Cependant, l&rsquo;\u00e9quipe allemande a une belle carte de plus \u00e0 jouer avec <strong>Nils Politt<\/strong>. Le rouleur allemand a perdu sur le v\u00e9lodrome de Roubaix il y a deux ans, face \u00e0 Philippe Gilbert. Politt a remport\u00e9 une \u00e9tape sur le Tour de France l&rsquo;\u00e9t\u00e9 dernier et a glan\u00e9 le Tour d&rsquo;Allemagne. <\/span><\/p>\n<h2 style=\"text-align: justify;\"><span class=\"tojvnm2t a6sixzi8 abs2jz4q a8s20v7p t1p8iaqh k5wvi7nf q3lfd5jv pk4s997a bipmatt0 cebpdrjk qowsmv63 owwhemhu dp1hu0rb dhp61c6y iyyx5f41\"><strong>La force collective de la Deceuninck-Quick-Step<\/strong><\/span><\/h2>\n<p style=\"text-align: justify;\"><span class=\"tojvnm2t a6sixzi8 abs2jz4q a8s20v7p t1p8iaqh k5wvi7nf q3lfd5jv pk4s997a bipmatt0 cebpdrjk qowsmv63 owwhemhu dp1hu0rb dhp61c6y iyyx5f41\">Place \u00e0 la surpuissante\u00a0<strong>Deceuninck-Quick-Step<\/strong> dirig\u00e9e par Patrick Lefevere. <strong>Florian S\u00e9n\u00e9chal<\/strong> a d\u00e9j\u00e0 remport\u00e9 la course en juniors en 2011 et a une belle pointe de vitesse pour s&rsquo;imposer sur la piste de Roubaix. D&rsquo;ailleurs, il est dans la forme de sa vie apr\u00e8s sa victoire dans la Primus Classic et sa neuvi\u00e8me place lors du championnat du monde en Flandres, en position d&rsquo;attente dans le final en cas de sprint. Le Danois<strong> Kasper Asgreen<\/strong> \u00e9tait l&rsquo;un des principaux animateurs du printemps dernier et peut rejoindre la liste des coureurs qui ont remport\u00e9 le doubl\u00e9 Tour des Flandres et Paris-Roubaix, mais avec six mois d&rsquo;\u00e9cart. <\/span><\/p>\n<p style=\"text-align: justify;\"><span class=\"tojvnm2t a6sixzi8 abs2jz4q a8s20v7p t1p8iaqh k5wvi7nf q3lfd5jv pk4s997a bipmatt0 cebpdrjk qowsmv63 owwhemhu dp1hu0rb dhp61c6y iyyx5f41\">Quatri\u00e8me du chrono des Mondiaux \u00e0 deux secondes du podium, Asgreen peut partir seul dans un secteur pav\u00e9. <strong>Yves Lampaert<\/strong> a d\u00e9j\u00e0 fini troisi\u00e8me en 2019 et il a le physique pour viser la victoire. Le Flamand a gagn\u00e9 une \u00e9tape sur le dernier Tour de Grande-Bretagne. Et puis il y a<strong> Zden\u011bk \u0160tybar<\/strong>, qui a d\u00e9j\u00e0 termin\u00e9 deuxi\u00e8me \u00e0 Roubaix \u00e0 deux reprises. De retour en forme, le Tch\u00e8que a \u00e9galement termin\u00e9 septi\u00e8me du championnat du monde sur route. Avec sa force collective, il peut profiter de la guerre entre Van Aert et van der Poel.<br \/>\n<\/span><\/p>\n<blockquote class=\"twitter-tweet\">\n<p dir=\"ltr\" lang=\"en\">Cobbles<br \/>\nCobbles<br \/>\nCobbles<br \/>\nPhoto: <a href=\"https:\/\/twitter.com\/GettySport?ref_src=twsrc%5Etfw\">@GettySport<\/a> <a href=\"https:\/\/t.co\/VTk20LXkob\">pic.twitter.com\/VTk20LXkob<\/a><\/p>\n<p>\u2014 Deceuninck-QuickStep (@deceuninck_qst) <a href=\"https:\/\/twitter.com\/deceuninck_qst\/status\/1444260359846744067?ref_src=twsrc%5Etfw\">October 2, 2021<\/a><\/p><\/blockquote>\n<p><script async src=\"https:\/\/platform.twitter.com\/widgets.js\" charset=\"utf-8\"><\/script><\/p>\n<h2 style=\"text-align: justify;\">De nombreux pr\u00e9tendants \u00e0 la victoire, voire au podium<\/h2>\n<p style=\"text-align: justify;\"><span class=\"tojvnm2t a6sixzi8 abs2jz4q a8s20v7p t1p8iaqh k5wvi7nf q3lfd5jv pk4s997a bipmatt0 cebpdrjk qowsmv63 owwhemhu dp1hu0rb dhp61c6y iyyx5f41\">\u00c0 la Trek-Segafredo, <strong>Mads Pedersen <\/strong>et <strong>Jasper Stuyven<\/strong> seront les deux coureurs prot\u00e9g\u00e9s. Le Belge a d\u00e9j\u00e0 remport\u00e9 Paris-Roubaix en juniors. Pedersen a prouv\u00e9 mercredi dernier avec sa troisi\u00e8me place sur l&rsquo;Eurom\u00e9tropole Tour (en plus d&rsquo;une belle offensive) que sa forme allait bien qui s&rsquo;est bien remis de ses deux chutes sur le championnat du monde. De plus, nous savons que le Danois adore les conditions climatiques difficiles. Le vainqueur de Milan-San Remo Jasper Stuyven a rat\u00e9 le podium au championnat du monde dans sa ville de Louvain. Surtout, ce dernier a d\u00e9j\u00e0 r\u00e9alis\u00e9 des r\u00e9sultats \u00e0 Roubaix : 4e en 2017 et 5e en 2018. <\/span><\/p>\n<p style=\"text-align: justify;\"><span class=\"tojvnm2t a6sixzi8 abs2jz4q a8s20v7p t1p8iaqh k5wvi7nf q3lfd5jv pk4s997a bipmatt0 cebpdrjk qowsmv63 owwhemhu dp1hu0rb dhp61c6y iyyx5f41\">De son c\u00f4t\u00e9, <strong>Dylan van Baarle<\/strong> est revenu de blessure avec la satisfaction d&rsquo;une m\u00e9daille d&rsquo;argent au championnat du monde. Le N\u00e9erlandais a fait des places probantes sans \u00eatre extraordinaire \u00e0 Roubaix (18e en 2018 et 19e en 2018). Soutenu par <strong>Micha\u0142 Kwiatkowski<\/strong> et par <strong>Gianni Moscon<\/strong>, le natif de Voorburg peut clairement surprendre son monde. <\/span><\/p>\n<p style=\"text-align: justify;\"><span class=\"tojvnm2t a6sixzi8 abs2jz4q a8s20v7p t1p8iaqh k5wvi7nf q3lfd5jv pk4s997a bipmatt0 cebpdrjk qowsmv63 owwhemhu dp1hu0rb dhp61c6y iyyx5f41\"><strong>Greg Van Avermaet<\/strong> a inscrit son nom au palmar\u00e8s de l&rsquo;Enfer du Nord en 2017, apr\u00e8s avoir \u00e9galement mont\u00e9 sur le podium deux ans plus t\u00f4t. Troisi\u00e8me du Ronde ce printemps, le champion olympique de Rio ne semble pas au top pour briguer \u00e0 une nouvelle victoire. Son co\u00e9quipier <strong>Stan Dewulf<\/strong> a remport\u00e9 Paris-Roubaix espoirs en 2018 et a pass\u00e9 un cap depuis cet \u00e9t\u00e9 avec une deuxi\u00e8me place sur le Tour de Wallonie, en \u00e9tant actif sur La Vuelta et en jouant le parfait lieutenant sur le championnat d&rsquo;Europe. AG2R-CITRO\u00cbN pourrait miser sur le Belge de 23 ans, \u00e0 moins qu&rsquo;<strong>Oliver Naesen<\/strong> ne retrouve ses jambes du E3 Saxo Bank Classic.<\/span><\/p>\n<h2 style=\"text-align: justify;\"><strong>Terpstra, Degenkolb, Gilbert and co en embuscade<\/strong><\/h2>\n<p style=\"text-align: justify;\"><span class=\"tojvnm2t a6sixzi8 abs2jz4q a8s20v7p t1p8iaqh k5wvi7nf q3lfd5jv pk4s997a bipmatt0 cebpdrjk qowsmv63 owwhemhu dp1hu0rb dhp61c6y iyyx5f41\">De son c\u00f4t\u00e9, <strong>Niki Terpstra<\/strong> a remport\u00e9 la course en 2014 et en est \u00e0 sa douzi\u00e8me participation. Mais,le Batave est dans le dur depuis de trop nombreuses semaines avec de multiples chutes. La TotalEnergies pourrait compter sur le r\u00e9gulier <strong>Anthony Turgis<\/strong> et le solide <strong>Adrien Petit<\/strong> (9e en 2017). <\/span><\/p>\n<p style=\"text-align: justify;\"><span class=\"tojvnm2t a6sixzi8 abs2jz4q a8s20v7p t1p8iaqh k5wvi7nf q3lfd5jv pk4s997a bipmatt0 cebpdrjk qowsmv63 owwhemhu dp1hu0rb dhp61c6y iyyx5f41\"><strong>John Degenkolb <\/strong>et <strong>Philippe Gilbert<\/strong> sont deux anciens vainqueurs chez Lotto Soudal, mais l&rsquo;homme en forme est <strong>Tosh Van der Sande<\/strong>. Le puncheur a fini deuxi\u00e8me de la Primus Classic, 3e du Grand Prix de Wallonie et de la Brussels Cycling Classic. Malheureusement, il va d\u00e9couvrir l&rsquo;Enfer du Nord et physiquement, il est davantage dessin\u00e9 pour les petits reliefs plus que par des secteurs pav\u00e9s. <\/span><\/p>\n<p style=\"text-align: justify;\"><span class=\"tojvnm2t a6sixzi8 abs2jz4q a8s20v7p t1p8iaqh k5wvi7nf q3lfd5jv pk4s997a bipmatt0 cebpdrjk qowsmv63 owwhemhu dp1hu0rb dhp61c6y iyyx5f41\">Une fois sur le podium et quatri\u00e8me \u00e0 trois reprises, le malchanceux <strong>Sep Vanmarcke<\/strong> n&rsquo;a jamais gagn\u00e9. En 2019, le Belge d&rsquo;Isra\u00ebl Start-Up Nation a vu ses chances s&rsquo;envoler en fum\u00e9e \u00e0 cause d&rsquo;un ennui m\u00e9canique. Il sait qu&rsquo;il doit arriver seul \u00e0 Roubaix pour l&#8217;emporter. Son co\u00e9quipier <strong>Mads W\u00fcrtz Schmidt<\/strong> a remport\u00e9 l&rsquo;\u00e9dition junior de Paris-Roubaix en 2012, et peut-\u00eatre une potentielle surprise.<\/span><\/p>\n<p style=\"text-align: justify;\"><span class=\"tojvnm2t a6sixzi8 abs2jz4q a8s20v7p t1p8iaqh k5wvi7nf q3lfd5jv pk4s997a bipmatt0 cebpdrjk qowsmv63 owwhemhu dp1hu0rb dhp61c6y iyyx5f41\">EF Education-Nippo comptera sur le revenant <strong>Michael Valgren<\/strong>, troisi\u00e8me du championnat du monde et laur\u00e9at de deux courses en Italie, mais le Danois sera un rookie \u00e0 Roubaix. La machine \u00e0 rouler <strong>Stefan Bissegger<\/strong> et <strong>Sebastian Langeveld<\/strong> (3e en 2017) seront aussi de belles armes pour EF. <\/span><span class=\"tojvnm2t a6sixzi8 abs2jz4q a8s20v7p t1p8iaqh k5wvi7nf q3lfd5jv pk4s997a bipmatt0 cebpdrjk qowsmv63 owwhemhu dp1hu0rb dhp61c6y iyyx5f41\">Bahrain-Victorious viendra \u00e0 Paris-Roubaix avec quelques bons \u00e9l\u00e9ments : <strong>Matej Mohori\u010d<\/strong>, le champion d&rsquo;Europe <strong>Sonny Colbrelli<\/strong> et l&rsquo;exp\u00e9riment\u00e9 <strong>Heinrich Haussler<\/strong> (6e en 2009 et 2016). <\/span><span class=\"tojvnm2t a6sixzi8 abs2jz4q a8s20v7p t1p8iaqh k5wvi7nf q3lfd5jv pk4s997a bipmatt0 cebpdrjk qowsmv63 owwhemhu dp1hu0rb dhp61c6y iyyx5f41\">UAE Emirates s&rsquo;appuiera sur <strong>Alexander Kristoff<\/strong> (9e en 2013 et 10e en 2015). La forme du solide norv\u00e9gien n&rsquo;est pas optimale en cette fin de saison malgr\u00e9 son bouquet sur le Tour d&rsquo;Allemagne. <\/span><\/p>\n<p style=\"text-align: justify;\"><span class=\"tojvnm2t a6sixzi8 abs2jz4q a8s20v7p t1p8iaqh k5wvi7nf q3lfd5jv pk4s997a bipmatt0 cebpdrjk qowsmv63 owwhemhu dp1hu0rb dhp61c6y iyyx5f41\">Chez Qhubeka NextHash, on suivra avec impatience les d\u00e9buts de <strong>Victor Campenaerts<\/strong>, qui est pass\u00e9 de pur rouleur \u00e0 coureur sur route solide avec une victoire d&rsquo;\u00e9tape sur le Giro et une belle troisi\u00e8me place sur le Benelux Tour. <\/span><span class=\"tojvnm2t a6sixzi8 abs2jz4q a8s20v7p t1p8iaqh k5wvi7nf q3lfd5jv pk4s997a bipmatt0 cebpdrjk qowsmv63 owwhemhu dp1hu0rb dhp61c6y iyyx5f41\">L&rsquo;\u00e9quipe DSM roulera avec le sixi\u00e8me des Boucles de la Mayenne <strong>Nils Eekhoff <\/strong>et <strong>S\u00f8ren Kragh Andersen<\/strong>, qui n&rsquo;a pas encore franchi la ligne d&rsquo;arriv\u00e9e en trois trois participations. <\/span><\/p>\n<p style=\"text-align: justify;\"><span class=\"tojvnm2t a6sixzi8 abs2jz4q a8s20v7p t1p8iaqh k5wvi7nf q3lfd5jv pk4s997a bipmatt0 cebpdrjk qowsmv63 owwhemhu dp1hu0rb dhp61c6y iyyx5f41\">Du c\u00f4t\u00e9 des autres \u00e9quipes fran\u00e7aise, la Groupama-FDJ visera une place dans les 10 premiers avec le double champion d&rsquo;Europe du contre-la-montre <strong>Stefan K\u00fcng<\/strong> et le sprinteur <strong>Arnaud D\u00e9mare<\/strong> tandis que sur ses terres, Cofidis portera ses espoirs sur le vainqueur du Grand Prix de Wallonie <strong>Christophe Laporte <\/strong>et <strong>Piet Allegaert<\/strong> pour \u00e9galement des places d&rsquo;honneur.<\/span><\/p>\n<h2 style=\"text-align: justify;\"><strong>\u00c0 lire aussi<\/strong><\/h2>\n<ul>\n<li style=\"text-align: justify;\"><a href=\"https:\/\/dicodusport.fr\/blog\/motogp-grand-prix-des-ameriques-2021-horaires-programme-tv-et-enjeux\/\"><strong>Le parcours en d\u00e9tail et les 30 secteurs pav\u00e9s de Paris-Roubaix 2021<\/strong><\/a><\/li>\n<li style=\"text-align: justify;\"><a href=\"https:\/\/dicodusport.fr\/blog\/remporter-paris-roubaix-ca-rapporte-combien\/\"><strong>Remporter Paris-Roubaix, \u00e7a rapporte combien ?<\/strong><\/a><\/li>\n<\/ul>\n","protected":false},"excerpt":{"rendered":"<p>PARIS-ROUBAIX 2021 &#8211; Il aura fallu pr\u00e8s d&rsquo;un an et demi pour retrouver Paris-Roubaix ! La reine des Classiques tant aim\u00e9e par le public et d\u00e9test\u00e9e par certains. Voici une liste des coureurs \u00e0 suivre sur cette 118\u00e8me \u00e9dition.<\/p>\n","protected":false},"author":48,"featured_media":170681,"comment_status":"open","ping_status":"closed","sticky":false,"template":"","format":"standard","meta":{"_acf_changed":false,"_daextam_enable_autolinks":"","footnotes":""},"categories":[2307],"tags":[3119,4164,24],"class_list":["post-170613","post","type-post","status-publish","format-standard","has-post-thumbnail","hentry","category-cyclisme","tag-actualite-cyclisme","tag-paris-roubaix","tag-sport"],"acf":[],"yoast_head":"<!-- This site is optimized with the Yoast SEO Premium plugin v26.7 (Yoast SEO v26.7) - https:\/\/yoast.com\/wordpress\/plugins\/seo\/ -->\n<title>Paris-Roubaix 2021 : Van Aert, van der Poel, S\u00e9n\u00e9chal... les favoris et coureurs \u00e0 suivre<\/title>\n<meta name=\"description\" content=\"PARIS-ROUBAIX 2021 - Il aura fallu pr\u00e8s d&#039;un an et demi pour retrouver Paris-Roubaix ! D\u00e9couvrez les favoris et les coureurs \u00e0 suivre.\" \/>\n<meta name=\"robots\" content=\"index, follow, max-snippet:-1, max-image-preview:large, max-video-preview:-1\" \/>\n<link rel=\"canonical\" href=\"https:\/\/dicodusport.fr\/blog\/paris-roubaix-2021-van-aert-van-der-poel-senechal-les-favoris-et-coureurs-a-suivre\/\" \/>\n<meta property=\"og:locale\" content=\"fr_FR\" \/>\n<meta property=\"og:type\" content=\"article\" \/>\n<meta property=\"og:title\" content=\"Paris-Roubaix 2021 : Van Aert, van der Poel, S\u00e9n\u00e9chal... les favoris et coureurs \u00e0 suivre\" \/>\n<meta property=\"og:description\" content=\"PARIS-ROUBAIX 2021 - Il aura fallu pr\u00e8s d&#039;un an et demi pour retrouver Paris-Roubaix ! D\u00e9couvrez les favoris et les coureurs \u00e0 suivre.\" \/>\n<meta property=\"og:url\" content=\"https:\/\/dicodusport.fr\/blog\/paris-roubaix-2021-van-aert-van-der-poel-senechal-les-favoris-et-coureurs-a-suivre\/\" \/>\n<meta property=\"og:site_name\" content=\"Dicodusport\" \/>\n<meta property=\"article:publisher\" content=\"https:\/\/www.facebook.com\/dicodusport\" \/>\n<meta property=\"article:author\" content=\"https:\/\/www.facebook.com\/groups\/LesRoisDuPeloton\" \/>\n<meta property=\"article:published_time\" content=\"2021-10-02T13:48:09+00:00\" \/>\n<meta property=\"article:modified_time\" content=\"2021-10-02T21:54:50+00:00\" \/>\n<meta property=\"og:image\" content=\"https:\/\/dicodusport.fr\/blog\/wp-content\/uploads\/2021\/10\/Paris-Roubaix-2021-Van-Aert-van-der-Poel-Senechal...-les-favoris-et-coureurs-a-suivre.png\" \/>\n\t<meta property=\"og:image:width\" content=\"800\" \/>\n\t<meta property=\"og:image:height\" content=\"445\" \/>\n\t<meta property=\"og:image:type\" content=\"image\/png\" \/>\n<meta name=\"author\" content=\"Emilien Descampiaux\" \/>\n<meta name=\"twitter:card\" content=\"summary_large_image\" \/>\n<meta name=\"twitter:title\" content=\"Paris-Roubaix 2021 : Van Aert, van der Poel, S\u00e9n\u00e9chal... les favoris et coureurs \u00e0 suivre\" \/>\n<meta name=\"twitter:creator\" content=\"@https:\/\/twitter.com\/LRoisDuPeloton\" \/>\n<meta name=\"twitter:site\" content=\"@dicodusport\" \/>\n<script type=\"application\/ld+json\" class=\"yoast-schema-graph\">{\"@context\":\"https:\/\/schema.org\",\"@graph\":[{\"@type\":\"NewsArticle\",\"@id\":\"https:\/\/dicodusport.fr\/blog\/paris-roubaix-2021-van-aert-van-der-poel-senechal-les-favoris-et-coureurs-a-suivre\/#article\",\"isPartOf\":{\"@id\":\"https:\/\/dicodusport.fr\/blog\/paris-roubaix-2021-van-aert-van-der-poel-senechal-les-favoris-et-coureurs-a-suivre\/\"},\"author\":{\"name\":\"Emilien Descampiaux\",\"@id\":\"https:\/\/dicodusport.fr\/blog\/#\/schema\/person\/6db4bae06b171592211be385b32876a7\"},\"headline\":\"Paris-Roubaix 2021 : Van Aert, van der Poel, S\u00e9n\u00e9chal&#8230; les favoris et coureurs \u00e0 suivre\",\"datePublished\":\"2021-10-02T13:48:09+00:00\",\"dateModified\":\"2021-10-02T21:54:50+00:00\",\"mainEntityOfPage\":{\"@id\":\"https:\/\/dicodusport.fr\/blog\/paris-roubaix-2021-van-aert-van-der-poel-senechal-les-favoris-et-coureurs-a-suivre\/\"},\"wordCount\":1446,\"commentCount\":0,\"publisher\":{\"@id\":\"https:\/\/dicodusport.fr\/blog\/#organization\"},\"image\":{\"@id\":\"https:\/\/dicodusport.fr\/blog\/paris-roubaix-2021-van-aert-van-der-poel-senechal-les-favoris-et-coureurs-a-suivre\/#primaryimage\"},\"thumbnailUrl\":\"https:\/\/dicodusport.fr\/blog\/wp-content\/uploads\/2021\/10\/Paris-Roubaix-2021-Van-Aert-van-der-Poel-Senechal...-les-favoris-et-coureurs-a-suivre.png\",\"keywords\":[\"Actualit\u00e9 Cyclisme\",\"Paris-Roubaix\",\"sport\"],\"articleSection\":[\"Cyclisme\"],\"inLanguage\":\"fr-FR\",\"potentialAction\":[{\"@type\":\"CommentAction\",\"name\":\"Comment\",\"target\":[\"https:\/\/dicodusport.fr\/blog\/paris-roubaix-2021-van-aert-van-der-poel-senechal-les-favoris-et-coureurs-a-suivre\/#respond\"]}],\"copyrightYear\":\"2021\",\"copyrightHolder\":{\"@id\":\"https:\/\/dicodusport.fr\/blog\/#organization\"}},{\"@type\":\"WebPage\",\"@id\":\"https:\/\/dicodusport.fr\/blog\/paris-roubaix-2021-van-aert-van-der-poel-senechal-les-favoris-et-coureurs-a-suivre\/\",\"url\":\"https:\/\/dicodusport.fr\/blog\/paris-roubaix-2021-van-aert-van-der-poel-senechal-les-favoris-et-coureurs-a-suivre\/\",\"name\":\"Paris-Roubaix 2021 : Van Aert, van der Poel, S\u00e9n\u00e9chal... les favoris et coureurs \u00e0 suivre\",\"isPartOf\":{\"@id\":\"https:\/\/dicodusport.fr\/blog\/#website\"},\"primaryImageOfPage\":{\"@id\":\"https:\/\/dicodusport.fr\/blog\/paris-roubaix-2021-van-aert-van-der-poel-senechal-les-favoris-et-coureurs-a-suivre\/#primaryimage\"},\"image\":{\"@id\":\"https:\/\/dicodusport.fr\/blog\/paris-roubaix-2021-van-aert-van-der-poel-senechal-les-favoris-et-coureurs-a-suivre\/#primaryimage\"},\"thumbnailUrl\":\"https:\/\/dicodusport.fr\/blog\/wp-content\/uploads\/2021\/10\/Paris-Roubaix-2021-Van-Aert-van-der-Poel-Senechal...-les-favoris-et-coureurs-a-suivre.png\",\"datePublished\":\"2021-10-02T13:48:09+00:00\",\"dateModified\":\"2021-10-02T21:54:50+00:00\",\"description\":\"PARIS-ROUBAIX 2021 - Il aura fallu pr\u00e8s d'un an et demi pour retrouver Paris-Roubaix ! D\u00e9couvrez les favoris et les coureurs \u00e0 suivre.\",\"breadcrumb\":{\"@id\":\"https:\/\/dicodusport.fr\/blog\/paris-roubaix-2021-van-aert-van-der-poel-senechal-les-favoris-et-coureurs-a-suivre\/#breadcrumb\"},\"inLanguage\":\"fr-FR\",\"potentialAction\":[{\"@type\":\"ReadAction\",\"target\":[\"https:\/\/dicodusport.fr\/blog\/paris-roubaix-2021-van-aert-van-der-poel-senechal-les-favoris-et-coureurs-a-suivre\/\"]}]},{\"@type\":\"ImageObject\",\"inLanguage\":\"fr-FR\",\"@id\":\"https:\/\/dicodusport.fr\/blog\/paris-roubaix-2021-van-aert-van-der-poel-senechal-les-favoris-et-coureurs-a-suivre\/#primaryimage\",\"url\":\"https:\/\/dicodusport.fr\/blog\/wp-content\/uploads\/2021\/10\/Paris-Roubaix-2021-Van-Aert-van-der-Poel-Senechal...-les-favoris-et-coureurs-a-suivre.png\",\"contentUrl\":\"https:\/\/dicodusport.fr\/blog\/wp-content\/uploads\/2021\/10\/Paris-Roubaix-2021-Van-Aert-van-der-Poel-Senechal...-les-favoris-et-coureurs-a-suivre.png\",\"width\":800,\"height\":445,\"caption\":\"Paris-Roubaix 2021 : Van Aert, van der Poel, S\u00e9n\u00e9chal... les favoris et coureurs \u00e0 suivre\"},{\"@type\":\"BreadcrumbList\",\"@id\":\"https:\/\/dicodusport.fr\/blog\/paris-roubaix-2021-van-aert-van-der-poel-senechal-les-favoris-et-coureurs-a-suivre\/#breadcrumb\",\"itemListElement\":[{\"@type\":\"ListItem\",\"position\":1,\"name\":\"Accueil\",\"item\":\"https:\/\/dicodusport.fr\/blog\/\"},{\"@type\":\"ListItem\",\"position\":2,\"name\":\"Paris-Roubaix 2021 : Van Aert, van der Poel, S\u00e9n\u00e9chal&#8230; les favoris et coureurs \u00e0 suivre\"}]},{\"@type\":\"WebSite\",\"@id\":\"https:\/\/dicodusport.fr\/blog\/#website\",\"url\":\"https:\/\/dicodusport.fr\/blog\/\",\"name\":\"Dicodusport\",\"description\":\"L&#039;encyclop\u00e9die de l&#039;actualit\u00e9 sportive\",\"publisher\":{\"@id\":\"https:\/\/dicodusport.fr\/blog\/#organization\"},\"potentialAction\":[{\"@type\":\"SearchAction\",\"target\":{\"@type\":\"EntryPoint\",\"urlTemplate\":\"https:\/\/dicodusport.fr\/blog\/?s={search_term_string}\"},\"query-input\":{\"@type\":\"PropertyValueSpecification\",\"valueRequired\":true,\"valueName\":\"search_term_string\"}}],\"inLanguage\":\"fr-FR\"},{\"@type\":\"NewsMediaOrganization\",\"@id\":\"https:\/\/dicodusport.fr\/blog\/#organization\",\"name\":\"Dicodusport\",\"url\":\"https:\/\/dicodusport.fr\/blog\/\",\"logo\":{\"@type\":\"ImageObject\",\"inLanguage\":\"fr-FR\",\"@id\":\"https:\/\/dicodusport.fr\/blog\/#\/schema\/logo\/image\/\",\"url\":\"https:\/\/dicodusport.fr\/blog\/wp-content\/uploads\/2020\/06\/cropped-LOGO-DICODUSPORT-2020-SANS-FOND-SANS-TEXTE.png\",\"contentUrl\":\"https:\/\/dicodusport.fr\/blog\/wp-content\/uploads\/2020\/06\/cropped-LOGO-DICODUSPORT-2020-SANS-FOND-SANS-TEXTE.png\",\"width\":512,\"height\":512,\"caption\":\"Dicodusport\"},\"image\":{\"@id\":\"https:\/\/dicodusport.fr\/blog\/#\/schema\/logo\/image\/\"},\"sameAs\":[\"https:\/\/www.facebook.com\/dicodusport\",\"https:\/\/x.com\/dicodusport\",\"https:\/\/www.instagram.com\/dicodusport\/\",\"https:\/\/www.youtube.com\/channel\/UC7V2KZ5sd3htJivAbA4ZG3w\"],\"description\":\"Dicodusport est l'encyclop\u00e9die de l'actualit\u00e9 sportive.\",\"email\":\"bonjour@dicodusport.fr\",\"legalName\":\"DICODUSPORT\",\"foundingDate\":\"2018-01-14\",\"vatID\":\"FR71834470973\",\"taxID\":\"83447097300043\",\"numberOfEmployees\":{\"@type\":\"QuantitativeValue\",\"minValue\":\"1\",\"maxValue\":\"10\"}},{\"@type\":\"Person\",\"@id\":\"https:\/\/dicodusport.fr\/blog\/#\/schema\/person\/6db4bae06b171592211be385b32876a7\",\"name\":\"Emilien Descampiaux\",\"image\":{\"@type\":\"ImageObject\",\"inLanguage\":\"fr-FR\",\"@id\":\"https:\/\/dicodusport.fr\/blog\/#\/schema\/person\/image\/\",\"url\":\"https:\/\/dicodusport.fr\/blog\/wp-content\/uploads\/2021\/05\/Emilien-Descampiaux-150x150.jpg\",\"contentUrl\":\"https:\/\/dicodusport.fr\/blog\/wp-content\/uploads\/2021\/05\/Emilien-Descampiaux-150x150.jpg\",\"caption\":\"Emilien Descampiaux\"},\"description\":\"Journaliste\/r\u00e9dacteur depuis 2014 - Fan de la classe de Frank Vandenbroucke, je vis cyclisme (et de ses paysages) depuis plus de 20 ans. Je suis tr\u00e8s impliqu\u00e9 sur mes diff\u00e9rents r\u00e9seaux sociaux pour partager ma passion sur le monde et l'Histoire de la bicyclette avec ma voix sur les images en noir et blanc du succ\u00e8s de Rik Van Steenbergen lors du Ronde sur le V\u00e9lodrome de Gand.\",\"sameAs\":[\"https:\/\/www.facebook.com\/groups\/LesRoisDuPeloton\",\"https:\/\/x.com\/https:\/\/twitter.com\/LRoisDuPeloton\"],\"url\":\"https:\/\/dicodusport.fr\/blog\/author\/emiliend\/\"}]}<\/script>\n<!-- \/ Yoast SEO Premium plugin. -->","yoast_head_json":{"title":"Paris-Roubaix 2021 : Van Aert, van der Poel, S\u00e9n\u00e9chal... les favoris et coureurs \u00e0 suivre","description":"PARIS-ROUBAIX 2021 - Il aura fallu pr\u00e8s d'un an et demi pour retrouver Paris-Roubaix ! D\u00e9couvrez les favoris et les coureurs \u00e0 suivre.","robots":{"index":"index","follow":"follow","max-snippet":"max-snippet:-1","max-image-preview":"max-image-preview:large","max-video-preview":"max-video-preview:-1"},"canonical":"https:\/\/dicodusport.fr\/blog\/paris-roubaix-2021-van-aert-van-der-poel-senechal-les-favoris-et-coureurs-a-suivre\/","og_locale":"fr_FR","og_type":"article","og_title":"Paris-Roubaix 2021 : Van Aert, van der Poel, S\u00e9n\u00e9chal... les favoris et coureurs \u00e0 suivre","og_description":"PARIS-ROUBAIX 2021 - Il aura fallu pr\u00e8s d'un an et demi pour retrouver Paris-Roubaix ! D\u00e9couvrez les favoris et les coureurs \u00e0 suivre.","og_url":"https:\/\/dicodusport.fr\/blog\/paris-roubaix-2021-van-aert-van-der-poel-senechal-les-favoris-et-coureurs-a-suivre\/","og_site_name":"Dicodusport","article_publisher":"https:\/\/www.facebook.com\/dicodusport","article_author":"https:\/\/www.facebook.com\/groups\/LesRoisDuPeloton","article_published_time":"2021-10-02T13:48:09+00:00","article_modified_time":"2021-10-02T21:54:50+00:00","og_image":[{"width":800,"height":445,"url":"https:\/\/dicodusport.fr\/blog\/wp-content\/uploads\/2021\/10\/Paris-Roubaix-2021-Van-Aert-van-der-Poel-Senechal...-les-favoris-et-coureurs-a-suivre.png","type":"image\/png"}],"author":"Emilien Descampiaux","twitter_card":"summary_large_image","twitter_title":"Paris-Roubaix 2021 : Van Aert, van der Poel, S\u00e9n\u00e9chal... les favoris et coureurs \u00e0 suivre","twitter_creator":"@https:\/\/twitter.com\/LRoisDuPeloton","twitter_site":"@dicodusport","schema":{"@context":"https:\/\/schema.org","@graph":[{"@type":"NewsArticle","@id":"https:\/\/dicodusport.fr\/blog\/paris-roubaix-2021-van-aert-van-der-poel-senechal-les-favoris-et-coureurs-a-suivre\/#article","isPartOf":{"@id":"https:\/\/dicodusport.fr\/blog\/paris-roubaix-2021-van-aert-van-der-poel-senechal-les-favoris-et-coureurs-a-suivre\/"},"author":{"name":"Emilien Descampiaux","@id":"https:\/\/dicodusport.fr\/blog\/#\/schema\/person\/6db4bae06b171592211be385b32876a7"},"headline":"Paris-Roubaix 2021 : Van Aert, van der Poel, S\u00e9n\u00e9chal&#8230; les favoris et coureurs \u00e0 suivre","datePublished":"2021-10-02T13:48:09+00:00","dateModified":"2021-10-02T21:54:50+00:00","mainEntityOfPage":{"@id":"https:\/\/dicodusport.fr\/blog\/paris-roubaix-2021-van-aert-van-der-poel-senechal-les-favoris-et-coureurs-a-suivre\/"},"wordCount":1446,"commentCount":0,"publisher":{"@id":"https:\/\/dicodusport.fr\/blog\/#organization"},"image":{"@id":"https:\/\/dicodusport.fr\/blog\/paris-roubaix-2021-van-aert-van-der-poel-senechal-les-favoris-et-coureurs-a-suivre\/#primaryimage"},"thumbnailUrl":"https:\/\/dicodusport.fr\/blog\/wp-content\/uploads\/2021\/10\/Paris-Roubaix-2021-Van-Aert-van-der-Poel-Senechal...-les-favoris-et-coureurs-a-suivre.png","keywords":["Actualit\u00e9 Cyclisme","Paris-Roubaix","sport"],"articleSection":["Cyclisme"],"inLanguage":"fr-FR","potentialAction":[{"@type":"CommentAction","name":"Comment","target":["https:\/\/dicodusport.fr\/blog\/paris-roubaix-2021-van-aert-van-der-poel-senechal-les-favoris-et-coureurs-a-suivre\/#respond"]}],"copyrightYear":"2021","copyrightHolder":{"@id":"https:\/\/dicodusport.fr\/blog\/#organization"}},{"@type":"WebPage","@id":"https:\/\/dicodusport.fr\/blog\/paris-roubaix-2021-van-aert-van-der-poel-senechal-les-favoris-et-coureurs-a-suivre\/","url":"https:\/\/dicodusport.fr\/blog\/paris-roubaix-2021-van-aert-van-der-poel-senechal-les-favoris-et-coureurs-a-suivre\/","name":"Paris-Roubaix 2021 : Van Aert, van der Poel, S\u00e9n\u00e9chal... les favoris et coureurs \u00e0 suivre","isPartOf":{"@id":"https:\/\/dicodusport.fr\/blog\/#website"},"primaryImageOfPage":{"@id":"https:\/\/dicodusport.fr\/blog\/paris-roubaix-2021-van-aert-van-der-poel-senechal-les-favoris-et-coureurs-a-suivre\/#primaryimage"},"image":{"@id":"https:\/\/dicodusport.fr\/blog\/paris-roubaix-2021-van-aert-van-der-poel-senechal-les-favoris-et-coureurs-a-suivre\/#primaryimage"},"thumbnailUrl":"https:\/\/dicodusport.fr\/blog\/wp-content\/uploads\/2021\/10\/Paris-Roubaix-2021-Van-Aert-van-der-Poel-Senechal...-les-favoris-et-coureurs-a-suivre.png","datePublished":"2021-10-02T13:48:09+00:00","dateModified":"2021-10-02T21:54:50+00:00","description":"PARIS-ROUBAIX 2021 - Il aura fallu pr\u00e8s d'un an et demi pour retrouver Paris-Roubaix ! D\u00e9couvrez les favoris et les coureurs \u00e0 suivre.","breadcrumb":{"@id":"https:\/\/dicodusport.fr\/blog\/paris-roubaix-2021-van-aert-van-der-poel-senechal-les-favoris-et-coureurs-a-suivre\/#breadcrumb"},"inLanguage":"fr-FR","potentialAction":[{"@type":"ReadAction","target":["https:\/\/dicodusport.fr\/blog\/paris-roubaix-2021-van-aert-van-der-poel-senechal-les-favoris-et-coureurs-a-suivre\/"]}]},{"@type":"ImageObject","inLanguage":"fr-FR","@id":"https:\/\/dicodusport.fr\/blog\/paris-roubaix-2021-van-aert-van-der-poel-senechal-les-favoris-et-coureurs-a-suivre\/#primaryimage","url":"https:\/\/dicodusport.fr\/blog\/wp-content\/uploads\/2021\/10\/Paris-Roubaix-2021-Van-Aert-van-der-Poel-Senechal...-les-favoris-et-coureurs-a-suivre.png","contentUrl":"https:\/\/dicodusport.fr\/blog\/wp-content\/uploads\/2021\/10\/Paris-Roubaix-2021-Van-Aert-van-der-Poel-Senechal...-les-favoris-et-coureurs-a-suivre.png","width":800,"height":445,"caption":"Paris-Roubaix 2021 : Van Aert, van der Poel, S\u00e9n\u00e9chal... les favoris et coureurs \u00e0 suivre"},{"@type":"BreadcrumbList","@id":"https:\/\/dicodusport.fr\/blog\/paris-roubaix-2021-van-aert-van-der-poel-senechal-les-favoris-et-coureurs-a-suivre\/#breadcrumb","itemListElement":[{"@type":"ListItem","position":1,"name":"Accueil","item":"https:\/\/dicodusport.fr\/blog\/"},{"@type":"ListItem","position":2,"name":"Paris-Roubaix 2021 : Van Aert, van der Poel, S\u00e9n\u00e9chal&#8230; les favoris et coureurs \u00e0 suivre"}]},{"@type":"WebSite","@id":"https:\/\/dicodusport.fr\/blog\/#website","url":"https:\/\/dicodusport.fr\/blog\/","name":"Dicodusport","description":"L&#039;encyclop\u00e9die de l&#039;actualit\u00e9 sportive","publisher":{"@id":"https:\/\/dicodusport.fr\/blog\/#organization"},"potentialAction":[{"@type":"SearchAction","target":{"@type":"EntryPoint","urlTemplate":"https:\/\/dicodusport.fr\/blog\/?s={search_term_string}"},"query-input":{"@type":"PropertyValueSpecification","valueRequired":true,"valueName":"search_term_string"}}],"inLanguage":"fr-FR"},{"@type":"NewsMediaOrganization","@id":"https:\/\/dicodusport.fr\/blog\/#organization","name":"Dicodusport","url":"https:\/\/dicodusport.fr\/blog\/","logo":{"@type":"ImageObject","inLanguage":"fr-FR","@id":"https:\/\/dicodusport.fr\/blog\/#\/schema\/logo\/image\/","url":"https:\/\/dicodusport.fr\/blog\/wp-content\/uploads\/2020\/06\/cropped-LOGO-DICODUSPORT-2020-SANS-FOND-SANS-TEXTE.png","contentUrl":"https:\/\/dicodusport.fr\/blog\/wp-content\/uploads\/2020\/06\/cropped-LOGO-DICODUSPORT-2020-SANS-FOND-SANS-TEXTE.png","width":512,"height":512,"caption":"Dicodusport"},"image":{"@id":"https:\/\/dicodusport.fr\/blog\/#\/schema\/logo\/image\/"},"sameAs":["https:\/\/www.facebook.com\/dicodusport","https:\/\/x.com\/dicodusport","https:\/\/www.instagram.com\/dicodusport\/","https:\/\/www.youtube.com\/channel\/UC7V2KZ5sd3htJivAbA4ZG3w"],"description":"Dicodusport est l'encyclop\u00e9die de l'actualit\u00e9 sportive.","email":"bonjour@dicodusport.fr","legalName":"DICODUSPORT","foundingDate":"2018-01-14","vatID":"FR71834470973","taxID":"83447097300043","numberOfEmployees":{"@type":"QuantitativeValue","minValue":"1","maxValue":"10"}},{"@type":"Person","@id":"https:\/\/dicodusport.fr\/blog\/#\/schema\/person\/6db4bae06b171592211be385b32876a7","name":"Emilien Descampiaux","image":{"@type":"ImageObject","inLanguage":"fr-FR","@id":"https:\/\/dicodusport.fr\/blog\/#\/schema\/person\/image\/","url":"https:\/\/dicodusport.fr\/blog\/wp-content\/uploads\/2021\/05\/Emilien-Descampiaux-150x150.jpg","contentUrl":"https:\/\/dicodusport.fr\/blog\/wp-content\/uploads\/2021\/05\/Emilien-Descampiaux-150x150.jpg","caption":"Emilien Descampiaux"},"description":"Journaliste\/r\u00e9dacteur depuis 2014 - Fan de la classe de Frank Vandenbroucke, je vis cyclisme (et de ses paysages) depuis plus de 20 ans. Je suis tr\u00e8s impliqu\u00e9 sur mes diff\u00e9rents r\u00e9seaux sociaux pour partager ma passion sur le monde et l'Histoire de la bicyclette avec ma voix sur les images en noir et blanc du succ\u00e8s de Rik Van Steenbergen lors du Ronde sur le V\u00e9lodrome de Gand.","sameAs":["https:\/\/www.facebook.com\/groups\/LesRoisDuPeloton","https:\/\/x.com\/https:\/\/twitter.com\/LRoisDuPeloton"],"url":"https:\/\/dicodusport.fr\/blog\/author\/emiliend\/"}]}},"_links":{"self":[{"href":"https:\/\/dicodusport.fr\/blog\/wp-json\/wp\/v2\/posts\/170613","targetHints":{"allow":["GET"]}}],"collection":[{"href":"https:\/\/dicodusport.fr\/blog\/wp-json\/wp\/v2\/posts"}],"about":[{"href":"https:\/\/dicodusport.fr\/blog\/wp-json\/wp\/v2\/types\/post"}],"author":[{"embeddable":true,"href":"https:\/\/dicodusport.fr\/blog\/wp-json\/wp\/v2\/users\/48"}],"replies":[{"embeddable":true,"href":"https:\/\/dicodusport.fr\/blog\/wp-json\/wp\/v2\/comments?post=170613"}],"version-history":[{"count":0,"href":"https:\/\/dicodusport.fr\/blog\/wp-json\/wp\/v2\/posts\/170613\/revisions"}],"wp:featuredmedia":[{"embeddable":true,"href":"https:\/\/dicodusport.fr\/blog\/wp-json\/wp\/v2\/media\/170681"}],"wp:attachment":[{"href":"https:\/\/dicodusport.fr\/blog\/wp-json\/wp\/v2\/media?parent=170613"}],"wp:term":[{"taxonomy":"category","embeddable":true,"href":"https:\/\/dicodusport.fr\/blog\/wp-json\/wp\/v2\/categories?post=170613"},{"taxonomy":"post_tag","embeddable":true,"href":"https:\/\/dicodusport.fr\/blog\/wp-json\/wp\/v2\/tags?post=170613"}],"curies":[{"name":"wp","href":"https:\/\/api.w.org\/{rel}","templated":true}]}}