{"id":170772,"date":"2021-10-02T19:41:29","date_gmt":"2021-10-02T17:41:29","guid":{"rendered":"https:\/\/dicodusport.fr\/blog\/?p=170772&#038;preview=true&#038;preview_id=170772"},"modified":"2021-10-02T23:59:11","modified_gmt":"2021-10-02T21:59:11","slug":"audrey-cordon-ragot-ce-n-etait-pas-prevu-comme-ca-mais-c-est-paris-roubaix","status":"publish","type":"post","link":"https:\/\/dicodusport.fr\/blog\/audrey-cordon-ragot-ce-n-etait-pas-prevu-comme-ca-mais-c-est-paris-roubaix\/","title":{"rendered":"Audrey Cordon-Ragot : \u00ab\u00a0Ce n&rsquo;\u00e9tait pas pr\u00e9vu comme \u00e7a, mais c&rsquo;est Paris-Roubaix\u00a0\u00bb"},"content":{"rendered":"<p style=\"text-align: justify;\"><strong><em>PARIS-ROUBAIX FEMMES &#8211; Huiti\u00e8me et premi\u00e8re Fran\u00e7aise, Audrey Cordon-Ragot (Trek-Segafredo) a r\u00e9alis\u00e9 un magnifique Paris-Roubaix pour la premi\u00e8re \u00e9dition f\u00e9minine.\u00a0<\/em><\/strong><\/p>\n<p style=\"text-align: justify;\">Et que dire de son \u00e9quipe, la Trek Segafredo, <a href=\"https:\/\/dicodusport.fr\/blog\/paris-roubaix-femmes-lizzie-deignan-gagne-la-premiere-edition-apres-un-gros-numero\/\">qui gagne la course gr\u00e2ce au num\u00e9ro de <strong>Lizzie Deignan<\/strong><\/a> et tout en prenant la troisi\u00e8me place avec <strong>Elisa Longo Borghini<\/strong>. Sur ce qu&rsquo;elle a montr\u00e9 pendant plus de 100 kilom\u00e8tres, <strong>Audrey Cordon-Ragot<\/strong> avait s\u00fbrement la possibilit\u00e9 de faire mieux. Une fois la ligne d&rsquo;arriv\u00e9e pass\u00e9e, la Bretonne d\u00e9bordait d&rsquo;\u00e9motions au micro de <em>France T\u00e9l\u00e9visions<\/em>.<\/p>\n<blockquote>\n<p style=\"text-align: justify;\">C&rsquo;est \u00e9norme, c&rsquo;est \u00e9norme ! Je ne sais pas trop, c&rsquo;est un m\u00e9lange de sensations, c&rsquo;est entre la fatigue, l&rsquo;\u00e9motion d&rsquo;arriver sur ce v\u00e9lodrome bond\u00e9, de faire une belle place et de voir mes deux co\u00e9quipi\u00e8res sur le podium. J&rsquo;aurais voulu aussi \u00eatre sur le podium mais au final que demander de plus pour l&rsquo;\u00e9quipe, c&rsquo;est juste g\u00e9nial. Ce n&rsquo;\u00e9tait pas pr\u00e9vu comme \u00e7a, c&rsquo;est vrai qu&rsquo;on a eu pas mal de malchance en d\u00e9but de course, il a fallu qu&rsquo;on revienne d\u00e8s le premier secteur car on \u00e9tait tr\u00e8s loin et quand on est rentr\u00e9, on a su que Lizzie \u00e9tait \u00e0 l&rsquo;avant. Ce n&rsquo;\u00e9tait pas pr\u00e9vu comme \u00e7a mais c&rsquo;est Paris-Roubaix. C&rsquo;est \u00e7a Paris-Roubaix.<\/p>\n<\/blockquote>\n<p style=\"text-align: justify;\">Dans des conditions compliqu\u00e9es, le premier Paris-Roubaix f\u00e9minin aura offert un magnifique spectacle, malgr\u00e9 des chutes en raison de la boue dans les secteurs pav\u00e9s.<\/p>\n<blockquote class=\"twitter-tweet\">\n<p dir=\"ltr\" lang=\"fr\">&#x1f6b4;&#x1f62e; \u00c0 l&rsquo;arriv\u00e9e du premier Paris-Roubaix f\u00e9minin de l&rsquo;histoire, toutes les coureuses apparaissent tr\u00e8s marqu\u00e9es.<\/p>\n<p>D\u00e9couvrez la r\u00e9action d&rsquo;Audrey Cordon-Ragot, premi\u00e8re Fran\u00e7aise \u00e0 la huiti\u00e8me place ! &#x1f44f; <a href=\"https:\/\/t.co\/wDscqwZjFi\">pic.twitter.com\/wDscqwZjFi<\/a><\/p>\n<p>\u2014 francetvsport (@francetvsport) <a href=\"https:\/\/twitter.com\/francetvsport\/status\/1444324207668744197?ref_src=twsrc%5Etfw\">October 2, 2021<\/a><\/p><\/blockquote>\n<p style=\"text-align: justify;\"><script async src=\"https:\/\/platform.twitter.com\/widgets.js\" charset=\"utf-8\"><\/script><\/p>\n","protected":false},"excerpt":{"rendered":"<p>PARIS-ROUBAIX FEMMES &#8211; Huiti\u00e8me et premi\u00e8re fran\u00e7aise, Audrey Cordon-Ragot (Trek-Segafredo) a r\u00e9alis\u00e9 un magnifique Paris-Roubaix pour la premi\u00e8re \u00e9dition f\u00e9minine.\u00a0<\/p>\n","protected":false},"author":1,"featured_media":170777,"comment_status":"open","ping_status":"closed","sticky":false,"template":"","format":"standard","meta":{"_acf_changed":false,"_daextam_enable_autolinks":"","footnotes":""},"categories":[2307],"tags":[10530,574,4164,19613],"class_list":["post-170772","post","type-post","status-publish","format-standard","has-post-thumbnail","hentry","category-cyclisme","tag-audrey-cordon-ragot","tag-cyclisme","tag-paris-roubaix","tag-paris-roubaix-femmes"],"acf":[],"yoast_head":"<!-- This site is optimized with the Yoast SEO Premium plugin v26.7 (Yoast SEO v26.7) - https:\/\/yoast.com\/wordpress\/plugins\/seo\/ -->\n<title>Audrey Cordon-Ragot : &quot;Ce n&#039;\u00e9tait pas pr\u00e9vu comme \u00e7a, mais c&#039;est Paris-Roubaix&quot;<\/title>\n<meta name=\"description\" content=\"PARIS-ROUBAIX FEMMES - Huiti\u00e8me et premi\u00e8re fran\u00e7aise, Audrey Cordon-Ragot (Trek-Segafredo) a r\u00e9alis\u00e9 un magnifique Paris-Roubaix.\" \/>\n<meta name=\"robots\" content=\"index, follow, max-snippet:-1, max-image-preview:large, max-video-preview:-1\" \/>\n<link rel=\"canonical\" href=\"https:\/\/dicodusport.fr\/blog\/audrey-cordon-ragot-ce-n-etait-pas-prevu-comme-ca-mais-c-est-paris-roubaix\/\" \/>\n<meta property=\"og:locale\" content=\"fr_FR\" \/>\n<meta property=\"og:type\" content=\"article\" \/>\n<meta property=\"og:title\" content=\"Audrey Cordon-Ragot : &quot;Ce n&#039;\u00e9tait pas pr\u00e9vu comme \u00e7a, mais c&#039;est Paris-Roubaix&quot;\" \/>\n<meta property=\"og:description\" content=\"PARIS-ROUBAIX FEMMES - Huiti\u00e8me et premi\u00e8re fran\u00e7aise, Audrey Cordon-Ragot (Trek-Segafredo) a r\u00e9alis\u00e9 un magnifique Paris-Roubaix.\" \/>\n<meta property=\"og:url\" content=\"https:\/\/dicodusport.fr\/blog\/audrey-cordon-ragot-ce-n-etait-pas-prevu-comme-ca-mais-c-est-paris-roubaix\/\" \/>\n<meta property=\"og:site_name\" content=\"Dicodusport\" \/>\n<meta property=\"article:publisher\" content=\"https:\/\/www.facebook.com\/dicodusport\" \/>\n<meta property=\"article:author\" content=\"https:\/\/www.facebook.com\/dicodusport\" \/>\n<meta property=\"article:published_time\" content=\"2021-10-02T17:41:29+00:00\" \/>\n<meta property=\"article:modified_time\" content=\"2021-10-02T21:59:11+00:00\" \/>\n<meta property=\"og:image\" content=\"https:\/\/dicodusport.fr\/blog\/wp-content\/uploads\/2021\/10\/Audrey-Cordon-Ragot-Ce-ne\u0301tait-pas-pre\u0301vu-comme-c\u0327a-mais-cest-Paris-Roubaix.png\" \/>\n\t<meta property=\"og:image:width\" content=\"800\" \/>\n\t<meta property=\"og:image:height\" content=\"445\" \/>\n\t<meta property=\"og:image:type\" content=\"image\/png\" \/>\n<meta name=\"author\" content=\"Nicolas Jacquemard\" \/>\n<meta name=\"twitter:card\" content=\"summary_large_image\" \/>\n<meta name=\"twitter:title\" content=\"Audrey Cordon-Ragot : &quot;Ce n&#039;\u00e9tait pas pr\u00e9vu comme \u00e7a, mais c&#039;est Paris-Roubaix&quot;\" \/>\n<meta name=\"twitter:creator\" content=\"@https:\/\/twitter.com\/Nico_Jacquemard\" \/>\n<meta name=\"twitter:site\" content=\"@dicodusport\" \/>\n<script type=\"application\/ld+json\" class=\"yoast-schema-graph\">{\"@context\":\"https:\/\/schema.org\",\"@graph\":[{\"@type\":\"NewsArticle\",\"@id\":\"https:\/\/dicodusport.fr\/blog\/audrey-cordon-ragot-ce-n-etait-pas-prevu-comme-ca-mais-c-est-paris-roubaix\/#article\",\"isPartOf\":{\"@id\":\"https:\/\/dicodusport.fr\/blog\/audrey-cordon-ragot-ce-n-etait-pas-prevu-comme-ca-mais-c-est-paris-roubaix\/\"},\"author\":{\"name\":\"Nicolas Jacquemard\",\"@id\":\"https:\/\/dicodusport.fr\/blog\/#\/schema\/person\/55dcb50ad410894e431ed812bbb70191\"},\"headline\":\"Audrey Cordon-Ragot : \u00ab\u00a0Ce n&rsquo;\u00e9tait pas pr\u00e9vu comme \u00e7a, mais c&rsquo;est Paris-Roubaix\u00a0\u00bb\",\"datePublished\":\"2021-10-02T17:41:29+00:00\",\"dateModified\":\"2021-10-02T21:59:11+00:00\",\"mainEntityOfPage\":{\"@id\":\"https:\/\/dicodusport.fr\/blog\/audrey-cordon-ragot-ce-n-etait-pas-prevu-comme-ca-mais-c-est-paris-roubaix\/\"},\"wordCount\":336,\"commentCount\":0,\"publisher\":{\"@id\":\"https:\/\/dicodusport.fr\/blog\/#organization\"},\"image\":{\"@id\":\"https:\/\/dicodusport.fr\/blog\/audrey-cordon-ragot-ce-n-etait-pas-prevu-comme-ca-mais-c-est-paris-roubaix\/#primaryimage\"},\"thumbnailUrl\":\"https:\/\/dicodusport.fr\/blog\/wp-content\/uploads\/2021\/10\/Audrey-Cordon-Ragot-Ce-ne\u0301tait-pas-pre\u0301vu-comme-c\u0327a-mais-cest-Paris-Roubaix.png\",\"keywords\":[\"Audrey Cordon-Ragot\",\"Cyclisme\",\"Paris-Roubaix\",\"Paris-Roubaix Femmes\"],\"articleSection\":[\"Cyclisme\"],\"inLanguage\":\"fr-FR\",\"potentialAction\":[{\"@type\":\"CommentAction\",\"name\":\"Comment\",\"target\":[\"https:\/\/dicodusport.fr\/blog\/audrey-cordon-ragot-ce-n-etait-pas-prevu-comme-ca-mais-c-est-paris-roubaix\/#respond\"]}],\"copyrightYear\":\"2021\",\"copyrightHolder\":{\"@id\":\"https:\/\/dicodusport.fr\/blog\/#organization\"}},{\"@type\":\"WebPage\",\"@id\":\"https:\/\/dicodusport.fr\/blog\/audrey-cordon-ragot-ce-n-etait-pas-prevu-comme-ca-mais-c-est-paris-roubaix\/\",\"url\":\"https:\/\/dicodusport.fr\/blog\/audrey-cordon-ragot-ce-n-etait-pas-prevu-comme-ca-mais-c-est-paris-roubaix\/\",\"name\":\"Audrey Cordon-Ragot : \\\"Ce n'\u00e9tait pas pr\u00e9vu comme \u00e7a, mais c'est Paris-Roubaix\\\"\",\"isPartOf\":{\"@id\":\"https:\/\/dicodusport.fr\/blog\/#website\"},\"primaryImageOfPage\":{\"@id\":\"https:\/\/dicodusport.fr\/blog\/audrey-cordon-ragot-ce-n-etait-pas-prevu-comme-ca-mais-c-est-paris-roubaix\/#primaryimage\"},\"image\":{\"@id\":\"https:\/\/dicodusport.fr\/blog\/audrey-cordon-ragot-ce-n-etait-pas-prevu-comme-ca-mais-c-est-paris-roubaix\/#primaryimage\"},\"thumbnailUrl\":\"https:\/\/dicodusport.fr\/blog\/wp-content\/uploads\/2021\/10\/Audrey-Cordon-Ragot-Ce-ne\u0301tait-pas-pre\u0301vu-comme-c\u0327a-mais-cest-Paris-Roubaix.png\",\"datePublished\":\"2021-10-02T17:41:29+00:00\",\"dateModified\":\"2021-10-02T21:59:11+00:00\",\"description\":\"PARIS-ROUBAIX FEMMES - Huiti\u00e8me et premi\u00e8re fran\u00e7aise, Audrey Cordon-Ragot (Trek-Segafredo) a r\u00e9alis\u00e9 un magnifique Paris-Roubaix.\",\"breadcrumb\":{\"@id\":\"https:\/\/dicodusport.fr\/blog\/audrey-cordon-ragot-ce-n-etait-pas-prevu-comme-ca-mais-c-est-paris-roubaix\/#breadcrumb\"},\"inLanguage\":\"fr-FR\",\"potentialAction\":[{\"@type\":\"ReadAction\",\"target\":[\"https:\/\/dicodusport.fr\/blog\/audrey-cordon-ragot-ce-n-etait-pas-prevu-comme-ca-mais-c-est-paris-roubaix\/\"]}]},{\"@type\":\"ImageObject\",\"inLanguage\":\"fr-FR\",\"@id\":\"https:\/\/dicodusport.fr\/blog\/audrey-cordon-ragot-ce-n-etait-pas-prevu-comme-ca-mais-c-est-paris-roubaix\/#primaryimage\",\"url\":\"https:\/\/dicodusport.fr\/blog\/wp-content\/uploads\/2021\/10\/Audrey-Cordon-Ragot-Ce-ne\u0301tait-pas-pre\u0301vu-comme-c\u0327a-mais-cest-Paris-Roubaix.png\",\"contentUrl\":\"https:\/\/dicodusport.fr\/blog\/wp-content\/uploads\/2021\/10\/Audrey-Cordon-Ragot-Ce-ne\u0301tait-pas-pre\u0301vu-comme-c\u0327a-mais-cest-Paris-Roubaix.png\",\"width\":800,\"height\":445},{\"@type\":\"BreadcrumbList\",\"@id\":\"https:\/\/dicodusport.fr\/blog\/audrey-cordon-ragot-ce-n-etait-pas-prevu-comme-ca-mais-c-est-paris-roubaix\/#breadcrumb\",\"itemListElement\":[{\"@type\":\"ListItem\",\"position\":1,\"name\":\"Accueil\",\"item\":\"https:\/\/dicodusport.fr\/blog\/\"},{\"@type\":\"ListItem\",\"position\":2,\"name\":\"Audrey Cordon-Ragot : \u00ab\u00a0Ce n&rsquo;\u00e9tait pas pr\u00e9vu comme \u00e7a, mais c&rsquo;est Paris-Roubaix\u00a0\u00bb\"}]},{\"@type\":\"WebSite\",\"@id\":\"https:\/\/dicodusport.fr\/blog\/#website\",\"url\":\"https:\/\/dicodusport.fr\/blog\/\",\"name\":\"Dicodusport\",\"description\":\"L&#039;encyclop\u00e9die de l&#039;actualit\u00e9 sportive\",\"publisher\":{\"@id\":\"https:\/\/dicodusport.fr\/blog\/#organization\"},\"potentialAction\":[{\"@type\":\"SearchAction\",\"target\":{\"@type\":\"EntryPoint\",\"urlTemplate\":\"https:\/\/dicodusport.fr\/blog\/?s={search_term_string}\"},\"query-input\":{\"@type\":\"PropertyValueSpecification\",\"valueRequired\":true,\"valueName\":\"search_term_string\"}}],\"inLanguage\":\"fr-FR\"},{\"@type\":\"NewsMediaOrganization\",\"@id\":\"https:\/\/dicodusport.fr\/blog\/#organization\",\"name\":\"Dicodusport\",\"url\":\"https:\/\/dicodusport.fr\/blog\/\",\"logo\":{\"@type\":\"ImageObject\",\"inLanguage\":\"fr-FR\",\"@id\":\"https:\/\/dicodusport.fr\/blog\/#\/schema\/logo\/image\/\",\"url\":\"https:\/\/dicodusport.fr\/blog\/wp-content\/uploads\/2020\/06\/cropped-LOGO-DICODUSPORT-2020-SANS-FOND-SANS-TEXTE.png\",\"contentUrl\":\"https:\/\/dicodusport.fr\/blog\/wp-content\/uploads\/2020\/06\/cropped-LOGO-DICODUSPORT-2020-SANS-FOND-SANS-TEXTE.png\",\"width\":512,\"height\":512,\"caption\":\"Dicodusport\"},\"image\":{\"@id\":\"https:\/\/dicodusport.fr\/blog\/#\/schema\/logo\/image\/\"},\"sameAs\":[\"https:\/\/www.facebook.com\/dicodusport\",\"https:\/\/x.com\/dicodusport\",\"https:\/\/www.instagram.com\/dicodusport\/\",\"https:\/\/www.youtube.com\/channel\/UC7V2KZ5sd3htJivAbA4ZG3w\"],\"description\":\"Dicodusport est l'encyclop\u00e9die de l'actualit\u00e9 sportive.\",\"email\":\"bonjour@dicodusport.fr\",\"legalName\":\"DICODUSPORT\",\"foundingDate\":\"2018-01-14\",\"vatID\":\"FR71834470973\",\"taxID\":\"83447097300043\",\"numberOfEmployees\":{\"@type\":\"QuantitativeValue\",\"minValue\":\"1\",\"maxValue\":\"10\"}},{\"@type\":\"Person\",\"@id\":\"https:\/\/dicodusport.fr\/blog\/#\/schema\/person\/55dcb50ad410894e431ed812bbb70191\",\"name\":\"Nicolas Jacquemard\",\"image\":{\"@type\":\"ImageObject\",\"inLanguage\":\"fr-FR\",\"@id\":\"https:\/\/dicodusport.fr\/blog\/#\/schema\/person\/image\/\",\"url\":\"https:\/\/dicodusport.fr\/blog\/wp-content\/uploads\/2021\/05\/Nicolas-Jacquemard-150x150.jpeg\",\"contentUrl\":\"https:\/\/dicodusport.fr\/blog\/wp-content\/uploads\/2021\/05\/Nicolas-Jacquemard-150x150.jpeg\",\"caption\":\"Nicolas Jacquemard\"},\"description\":\"Passionn\u00e9 de sport et entrepreneur depuis mes 18 ans, la cr\u00e9ation de Dicodusport m'a sembl\u00e9 \u00e9vidente pour participer \u00e0 la m\u00e9diatisation d'un plus grand nombre de sports. Le chemin est long mais avec une \u00e9quipe des plus motiv\u00e9es et les Jeux Olympiques de Paris 2024 en point de mire, nous y arriverons ! Journaliste dans le monde du sport depuis plus de 5 ans, je traite aussi bien de football, de rugby, de biathlon que de cyclisme.\",\"sameAs\":[\"https:\/\/www.facebook.com\/dicodusport\",\"https:\/\/x.com\/https:\/\/twitter.com\/Nico_Jacquemard\"],\"url\":\"https:\/\/dicodusport.fr\/blog\/author\/dicodusport\/\"}]}<\/script>\n<!-- \/ Yoast SEO Premium plugin. -->","yoast_head_json":{"title":"Audrey Cordon-Ragot : \"Ce n'\u00e9tait pas pr\u00e9vu comme \u00e7a, mais c'est Paris-Roubaix\"","description":"PARIS-ROUBAIX FEMMES - Huiti\u00e8me et premi\u00e8re fran\u00e7aise, Audrey Cordon-Ragot (Trek-Segafredo) a r\u00e9alis\u00e9 un magnifique Paris-Roubaix.","robots":{"index":"index","follow":"follow","max-snippet":"max-snippet:-1","max-image-preview":"max-image-preview:large","max-video-preview":"max-video-preview:-1"},"canonical":"https:\/\/dicodusport.fr\/blog\/audrey-cordon-ragot-ce-n-etait-pas-prevu-comme-ca-mais-c-est-paris-roubaix\/","og_locale":"fr_FR","og_type":"article","og_title":"Audrey Cordon-Ragot : \"Ce n'\u00e9tait pas pr\u00e9vu comme \u00e7a, mais c'est Paris-Roubaix\"","og_description":"PARIS-ROUBAIX FEMMES - Huiti\u00e8me et premi\u00e8re fran\u00e7aise, Audrey Cordon-Ragot (Trek-Segafredo) a r\u00e9alis\u00e9 un magnifique Paris-Roubaix.","og_url":"https:\/\/dicodusport.fr\/blog\/audrey-cordon-ragot-ce-n-etait-pas-prevu-comme-ca-mais-c-est-paris-roubaix\/","og_site_name":"Dicodusport","article_publisher":"https:\/\/www.facebook.com\/dicodusport","article_author":"https:\/\/www.facebook.com\/dicodusport","article_published_time":"2021-10-02T17:41:29+00:00","article_modified_time":"2021-10-02T21:59:11+00:00","og_image":[{"width":800,"height":445,"url":"https:\/\/dicodusport.fr\/blog\/wp-content\/uploads\/2021\/10\/Audrey-Cordon-Ragot-Ce-ne\u0301tait-pas-pre\u0301vu-comme-c\u0327a-mais-cest-Paris-Roubaix.png","type":"image\/png"}],"author":"Nicolas Jacquemard","twitter_card":"summary_large_image","twitter_title":"Audrey Cordon-Ragot : \"Ce n'\u00e9tait pas pr\u00e9vu comme \u00e7a, mais c'est Paris-Roubaix\"","twitter_creator":"@https:\/\/twitter.com\/Nico_Jacquemard","twitter_site":"@dicodusport","schema":{"@context":"https:\/\/schema.org","@graph":[{"@type":"NewsArticle","@id":"https:\/\/dicodusport.fr\/blog\/audrey-cordon-ragot-ce-n-etait-pas-prevu-comme-ca-mais-c-est-paris-roubaix\/#article","isPartOf":{"@id":"https:\/\/dicodusport.fr\/blog\/audrey-cordon-ragot-ce-n-etait-pas-prevu-comme-ca-mais-c-est-paris-roubaix\/"},"author":{"name":"Nicolas Jacquemard","@id":"https:\/\/dicodusport.fr\/blog\/#\/schema\/person\/55dcb50ad410894e431ed812bbb70191"},"headline":"Audrey Cordon-Ragot : \u00ab\u00a0Ce n&rsquo;\u00e9tait pas pr\u00e9vu comme \u00e7a, mais c&rsquo;est Paris-Roubaix\u00a0\u00bb","datePublished":"2021-10-02T17:41:29+00:00","dateModified":"2021-10-02T21:59:11+00:00","mainEntityOfPage":{"@id":"https:\/\/dicodusport.fr\/blog\/audrey-cordon-ragot-ce-n-etait-pas-prevu-comme-ca-mais-c-est-paris-roubaix\/"},"wordCount":336,"commentCount":0,"publisher":{"@id":"https:\/\/dicodusport.fr\/blog\/#organization"},"image":{"@id":"https:\/\/dicodusport.fr\/blog\/audrey-cordon-ragot-ce-n-etait-pas-prevu-comme-ca-mais-c-est-paris-roubaix\/#primaryimage"},"thumbnailUrl":"https:\/\/dicodusport.fr\/blog\/wp-content\/uploads\/2021\/10\/Audrey-Cordon-Ragot-Ce-ne\u0301tait-pas-pre\u0301vu-comme-c\u0327a-mais-cest-Paris-Roubaix.png","keywords":["Audrey Cordon-Ragot","Cyclisme","Paris-Roubaix","Paris-Roubaix Femmes"],"articleSection":["Cyclisme"],"inLanguage":"fr-FR","potentialAction":[{"@type":"CommentAction","name":"Comment","target":["https:\/\/dicodusport.fr\/blog\/audrey-cordon-ragot-ce-n-etait-pas-prevu-comme-ca-mais-c-est-paris-roubaix\/#respond"]}],"copyrightYear":"2021","copyrightHolder":{"@id":"https:\/\/dicodusport.fr\/blog\/#organization"}},{"@type":"WebPage","@id":"https:\/\/dicodusport.fr\/blog\/audrey-cordon-ragot-ce-n-etait-pas-prevu-comme-ca-mais-c-est-paris-roubaix\/","url":"https:\/\/dicodusport.fr\/blog\/audrey-cordon-ragot-ce-n-etait-pas-prevu-comme-ca-mais-c-est-paris-roubaix\/","name":"Audrey Cordon-Ragot : \"Ce n'\u00e9tait pas pr\u00e9vu comme \u00e7a, mais c'est Paris-Roubaix\"","isPartOf":{"@id":"https:\/\/dicodusport.fr\/blog\/#website"},"primaryImageOfPage":{"@id":"https:\/\/dicodusport.fr\/blog\/audrey-cordon-ragot-ce-n-etait-pas-prevu-comme-ca-mais-c-est-paris-roubaix\/#primaryimage"},"image":{"@id":"https:\/\/dicodusport.fr\/blog\/audrey-cordon-ragot-ce-n-etait-pas-prevu-comme-ca-mais-c-est-paris-roubaix\/#primaryimage"},"thumbnailUrl":"https:\/\/dicodusport.fr\/blog\/wp-content\/uploads\/2021\/10\/Audrey-Cordon-Ragot-Ce-ne\u0301tait-pas-pre\u0301vu-comme-c\u0327a-mais-cest-Paris-Roubaix.png","datePublished":"2021-10-02T17:41:29+00:00","dateModified":"2021-10-02T21:59:11+00:00","description":"PARIS-ROUBAIX FEMMES - Huiti\u00e8me et premi\u00e8re fran\u00e7aise, Audrey Cordon-Ragot (Trek-Segafredo) a r\u00e9alis\u00e9 un magnifique Paris-Roubaix.","breadcrumb":{"@id":"https:\/\/dicodusport.fr\/blog\/audrey-cordon-ragot-ce-n-etait-pas-prevu-comme-ca-mais-c-est-paris-roubaix\/#breadcrumb"},"inLanguage":"fr-FR","potentialAction":[{"@type":"ReadAction","target":["https:\/\/dicodusport.fr\/blog\/audrey-cordon-ragot-ce-n-etait-pas-prevu-comme-ca-mais-c-est-paris-roubaix\/"]}]},{"@type":"ImageObject","inLanguage":"fr-FR","@id":"https:\/\/dicodusport.fr\/blog\/audrey-cordon-ragot-ce-n-etait-pas-prevu-comme-ca-mais-c-est-paris-roubaix\/#primaryimage","url":"https:\/\/dicodusport.fr\/blog\/wp-content\/uploads\/2021\/10\/Audrey-Cordon-Ragot-Ce-ne\u0301tait-pas-pre\u0301vu-comme-c\u0327a-mais-cest-Paris-Roubaix.png","contentUrl":"https:\/\/dicodusport.fr\/blog\/wp-content\/uploads\/2021\/10\/Audrey-Cordon-Ragot-Ce-ne\u0301tait-pas-pre\u0301vu-comme-c\u0327a-mais-cest-Paris-Roubaix.png","width":800,"height":445},{"@type":"BreadcrumbList","@id":"https:\/\/dicodusport.fr\/blog\/audrey-cordon-ragot-ce-n-etait-pas-prevu-comme-ca-mais-c-est-paris-roubaix\/#breadcrumb","itemListElement":[{"@type":"ListItem","position":1,"name":"Accueil","item":"https:\/\/dicodusport.fr\/blog\/"},{"@type":"ListItem","position":2,"name":"Audrey Cordon-Ragot : \u00ab\u00a0Ce n&rsquo;\u00e9tait pas pr\u00e9vu comme \u00e7a, mais c&rsquo;est Paris-Roubaix\u00a0\u00bb"}]},{"@type":"WebSite","@id":"https:\/\/dicodusport.fr\/blog\/#website","url":"https:\/\/dicodusport.fr\/blog\/","name":"Dicodusport","description":"L&#039;encyclop\u00e9die de l&#039;actualit\u00e9 sportive","publisher":{"@id":"https:\/\/dicodusport.fr\/blog\/#organization"},"potentialAction":[{"@type":"SearchAction","target":{"@type":"EntryPoint","urlTemplate":"https:\/\/dicodusport.fr\/blog\/?s={search_term_string}"},"query-input":{"@type":"PropertyValueSpecification","valueRequired":true,"valueName":"search_term_string"}}],"inLanguage":"fr-FR"},{"@type":"NewsMediaOrganization","@id":"https:\/\/dicodusport.fr\/blog\/#organization","name":"Dicodusport","url":"https:\/\/dicodusport.fr\/blog\/","logo":{"@type":"ImageObject","inLanguage":"fr-FR","@id":"https:\/\/dicodusport.fr\/blog\/#\/schema\/logo\/image\/","url":"https:\/\/dicodusport.fr\/blog\/wp-content\/uploads\/2020\/06\/cropped-LOGO-DICODUSPORT-2020-SANS-FOND-SANS-TEXTE.png","contentUrl":"https:\/\/dicodusport.fr\/blog\/wp-content\/uploads\/2020\/06\/cropped-LOGO-DICODUSPORT-2020-SANS-FOND-SANS-TEXTE.png","width":512,"height":512,"caption":"Dicodusport"},"image":{"@id":"https:\/\/dicodusport.fr\/blog\/#\/schema\/logo\/image\/"},"sameAs":["https:\/\/www.facebook.com\/dicodusport","https:\/\/x.com\/dicodusport","https:\/\/www.instagram.com\/dicodusport\/","https:\/\/www.youtube.com\/channel\/UC7V2KZ5sd3htJivAbA4ZG3w"],"description":"Dicodusport est l'encyclop\u00e9die de l'actualit\u00e9 sportive.","email":"bonjour@dicodusport.fr","legalName":"DICODUSPORT","foundingDate":"2018-01-14","vatID":"FR71834470973","taxID":"83447097300043","numberOfEmployees":{"@type":"QuantitativeValue","minValue":"1","maxValue":"10"}},{"@type":"Person","@id":"https:\/\/dicodusport.fr\/blog\/#\/schema\/person\/55dcb50ad410894e431ed812bbb70191","name":"Nicolas Jacquemard","image":{"@type":"ImageObject","inLanguage":"fr-FR","@id":"https:\/\/dicodusport.fr\/blog\/#\/schema\/person\/image\/","url":"https:\/\/dicodusport.fr\/blog\/wp-content\/uploads\/2021\/05\/Nicolas-Jacquemard-150x150.jpeg","contentUrl":"https:\/\/dicodusport.fr\/blog\/wp-content\/uploads\/2021\/05\/Nicolas-Jacquemard-150x150.jpeg","caption":"Nicolas Jacquemard"},"description":"Passionn\u00e9 de sport et entrepreneur depuis mes 18 ans, la cr\u00e9ation de Dicodusport m'a sembl\u00e9 \u00e9vidente pour participer \u00e0 la m\u00e9diatisation d'un plus grand nombre de sports. Le chemin est long mais avec une \u00e9quipe des plus motiv\u00e9es et les Jeux Olympiques de Paris 2024 en point de mire, nous y arriverons ! Journaliste dans le monde du sport depuis plus de 5 ans, je traite aussi bien de football, de rugby, de biathlon que de cyclisme.","sameAs":["https:\/\/www.facebook.com\/dicodusport","https:\/\/x.com\/https:\/\/twitter.com\/Nico_Jacquemard"],"url":"https:\/\/dicodusport.fr\/blog\/author\/dicodusport\/"}]}},"_links":{"self":[{"href":"https:\/\/dicodusport.fr\/blog\/wp-json\/wp\/v2\/posts\/170772","targetHints":{"allow":["GET"]}}],"collection":[{"href":"https:\/\/dicodusport.fr\/blog\/wp-json\/wp\/v2\/posts"}],"about":[{"href":"https:\/\/dicodusport.fr\/blog\/wp-json\/wp\/v2\/types\/post"}],"author":[{"embeddable":true,"href":"https:\/\/dicodusport.fr\/blog\/wp-json\/wp\/v2\/users\/1"}],"replies":[{"embeddable":true,"href":"https:\/\/dicodusport.fr\/blog\/wp-json\/wp\/v2\/comments?post=170772"}],"version-history":[{"count":0,"href":"https:\/\/dicodusport.fr\/blog\/wp-json\/wp\/v2\/posts\/170772\/revisions"}],"wp:featuredmedia":[{"embeddable":true,"href":"https:\/\/dicodusport.fr\/blog\/wp-json\/wp\/v2\/media\/170777"}],"wp:attachment":[{"href":"https:\/\/dicodusport.fr\/blog\/wp-json\/wp\/v2\/media?parent=170772"}],"wp:term":[{"taxonomy":"category","embeddable":true,"href":"https:\/\/dicodusport.fr\/blog\/wp-json\/wp\/v2\/categories?post=170772"},{"taxonomy":"post_tag","embeddable":true,"href":"https:\/\/dicodusport.fr\/blog\/wp-json\/wp\/v2\/tags?post=170772"}],"curies":[{"name":"wp","href":"https:\/\/api.w.org\/{rel}","templated":true}]}}