{"id":170819,"date":"2021-10-02T21:59:29","date_gmt":"2021-10-02T19:59:29","guid":{"rendered":"https:\/\/dicodusport.fr\/blog\/?p=170819&#038;preview=true&#038;preview_id=170819"},"modified":"2021-10-02T22:12:12","modified_gmt":"2021-10-02T20:12:12","slug":"grand-prix-des-ameriques-francesco-bagnaia-encore-en-pole-devant-fabio-quartararo","status":"publish","type":"post","link":"https:\/\/dicodusport.fr\/blog\/grand-prix-des-ameriques-francesco-bagnaia-encore-en-pole-devant-fabio-quartararo\/","title":{"rendered":"Grand Prix des Am\u00e9riques : Francesco Bagnaia encore en pole devant Fabio Quartararo"},"content":{"rendered":"<p style=\"text-align: justify;\"><em><a style=\"font-weight: bold;\" href=\"https:\/\/dicodusport.fr\/blog\/motogp-grand-prix-des-ameriques-2021-horaires-programme-tv-et-enjeux\/\">MOTOGP &#8211; GRAND PRIX DES AM\u00c9RIQUES<\/a><b> &#8211; Comme en Aragon et en Italie, Francesco Bagnaia (Ducati) s&rsquo;est empar\u00e9 de la pole position. Il devance le Fran\u00e7ais Fabio Quartararo (Yamaha) qui partira 2\u00e8me et Marc Marquez (Honda). Johann Zarco (Pramac) s&rsquo;\u00e9lancera de la 6\u00e8me place.<\/b><\/em><\/p>\n<p style=\"text-align: justify;\">La premi\u00e8re phase des qualifications que l\u2019on appelle Q1 permet \u00e0 seulement deux pilotes qui d\u2019atteindre la Q2. Ils tentent ensuite d\u2019obtenir la meilleure place parmi les 4 premi\u00e8res lignes de la grille de d\u00e9part. D\u00e8s les premi\u00e8res secondes, <strong>Aleix Espargaro<\/strong> (Aprilia) a chut\u00e9 pour la troisi\u00e8me fois de la journ\u00e9e. Il a ensuite \u00e9t\u00e9 imit\u00e9 par le Portugais <strong>Miguel Olivera<\/strong> (Red Bull KTM Factory Racing).\u00a0<a href=\"https:\/\/dicodusport.fr\/blog\/fabio-quartararo-cest-tout-juste-acceptable-pour-courir-cest-une-blague\/\">La piste a \u00e9t\u00e9 vivement critiqu\u00e9e et notamment par Fabio Quartararo, qui la trouve dangereuse avec ses nombreuses bosses.<\/a><\/p>\n<p style=\"text-align: justify;\">De son c\u00f4t\u00e9, <strong>Joan Mir <\/strong>(Team Suzuki ECSTAR) a d\u2019abord mis tout le monde d\u2019accord en r\u00e9alisant un temps en moins de 2:04.00. Le pilote sera finalement le deuxi\u00e8me qualifi\u00e9 en 2:03.540 puisque un de ses concurrents a cr\u00e9\u00e9 la surprise. En effet, c\u2019est <strong>Luca Marini<\/strong> (Avintia Esponsorama) qui a r\u00e9alis\u00e9 le meilleur temps en un \u00e9poustouflant 2:03.410. Les deux hommes ont alors rejoint la deuxi\u00e8me partie des qualifications.<\/p>\n<blockquote class=\"twitter-tweet\">\n<p dir=\"ltr\" lang=\"fr\">Grand prix des Am\u00e9riques &#x1f1fa;&#x1f1f8; &#8211; Qualifs<\/p>\n<p>MotoGP &#8211; Luca Marini n&rsquo;en revient pas de son chrono<\/p>\n<p>&#x25b6;&#xfe0f; <a href=\"https:\/\/t.co\/6vTgdTN2gP\">https:\/\/t.co\/6vTgdTN2gP<\/a> <a href=\"https:\/\/t.co\/LHrZb44ITk\">pic.twitter.com\/LHrZb44ITk<\/a><\/p>\n<p>\u2014 CANAL+ MotoGP&#x2122; (@CanalplusMotoGP) <a href=\"https:\/\/twitter.com\/CanalplusMotoGP\/status\/1444383865590665218?ref_src=twsrc%5Etfw\">October 2, 2021<\/a><\/p><\/blockquote>\n<p><script async src=\"https:\/\/platform.twitter.com\/widgets.js\" charset=\"utf-8\"><\/script><\/p>\n<h2 style=\"text-align: justify;\"><strong>Un duel au sommet<\/strong><\/h2>\n<p style=\"text-align: justify;\">Les premi\u00e8res minutes de cette deuxi\u00e8me phase ont \u00e9t\u00e9 particuli\u00e8rement disput\u00e9es. Provisoirement, <strong>Marc Marquez<\/strong>\u00a0(Repsol Honda Team) s\u2019est empar\u00e9 du meilleur temps. Puis,\u00a0tout s\u2019est d\u00e9cid\u00e9 dans les derni\u00e8res secondes. Pour la troisi\u00e8me fois d\u2019affil\u00e9, c\u2019est <strong>Francesco Bagnaia<\/strong> (Ducati Lenovo Team) qui a impressionn\u00e9 en frappant un grand coup. <strong>Fabio Quartararo <\/strong>( Monster Energy Yamaha) a tent\u00e9 de le rattraper mais se contentera d\u2019une belle deuxi\u00e8me position sur la grille. <strong>Marc Marquez<\/strong> partira finalement 3<sup>\u00e8me<\/sup> et l\u2019autre Fran\u00e7ais <strong>Johann Zarco<\/strong> (Pramac Ducati) a s\u00e9curis\u00e9 la deuxi\u00e8me ligne et s&rsquo;\u00e9lancera de la 6\u00e8me place. Rendez-vous demain \u00e0 21h00 (heure fran\u00e7aise) sur Canal+ D\u00e9cal\u00e9 pour la course\u00a0!<\/p>\n<blockquote class=\"twitter-tweet\">\n<p dir=\"ltr\" lang=\"en\">Keeping the pressure on! &#x1f64c;<a href=\"https:\/\/twitter.com\/PeccoBagnaia?ref_src=twsrc%5Etfw\">@PeccoBagnaia<\/a> takes pole position ahead of title rival <a href=\"https:\/\/twitter.com\/FabioQ20?ref_src=twsrc%5Etfw\">@FabioQ20<\/a>! &#x1f51d;<a href=\"https:\/\/twitter.com\/hashtag\/AmericasGP?src=hash&amp;ref_src=twsrc%5Etfw\">#AmericasGP<\/a> &#x1f1fa;&#x1f1f8; <a href=\"https:\/\/t.co\/7knsLlukZp\">pic.twitter.com\/7knsLlukZp<\/a><\/p>\n<p>\u2014 MotoGP&#x2122;&#x1f3c1; (@MotoGP) <a href=\"https:\/\/twitter.com\/MotoGP\/status\/1444390695377199111?ref_src=twsrc%5Etfw\">October 2, 2021<\/a><\/p><\/blockquote>\n<p><script async src=\"https:\/\/platform.twitter.com\/widgets.js\" charset=\"utf-8\"><\/script><\/p>\n<h2 style=\"text-align: justify;\">\u00c0 lire aussi<\/h2>\n<ul>\n<li style=\"text-align: justify;\"><a href=\"https:\/\/dicodusport.fr\/blog\/motogp-grand-prix-des-ameriques-2021-grille-de-depart\/\"><strong>La grille de d\u00e9part du Grand Prix des Am\u00e9riques<\/strong><\/a><\/li>\n<\/ul>\n","protected":false},"excerpt":{"rendered":"<p>MOTOGP &#8211; GRAND PRIX DES AM\u00c9RIQUES &#8211; Comme en Aragon et en Italie, Francesco Bagnaia (Ducati) s&rsquo;est empar\u00e9 de la pole position. Il devance le Fran\u00e7ais Fabio Quartararo (Yamaha) qui partira 2\u00e8me et Marc Marquez (Honda). Johann Zarco (Pramac) s&rsquo;\u00e9lancera de la 6\u00e8me place.<\/p>\n","protected":false},"author":54,"featured_media":170833,"comment_status":"open","ping_status":"closed","sticky":false,"template":"","format":"standard","meta":{"_acf_changed":false,"_daextam_enable_autolinks":"","footnotes":""},"categories":[47087],"tags":[19658,19659,10938,19660],"class_list":["post-170819","post","type-post","status-publish","format-standard","has-post-thumbnail","hentry","category-motogp","tag-grand-prix-des-ameriques","tag-grand-prix-des-ameriques-motogp","tag-motogp","tag-motogp-etats-unis"],"acf":[],"yoast_head":"<!-- This site is optimized with the Yoast SEO Premium plugin v26.7 (Yoast SEO v26.7) - https:\/\/yoast.com\/wordpress\/plugins\/seo\/ -->\n<title>Grand Prix des Am\u00e9riques : Francesco Bagnaia encore en pole devant Fabio Quartararo<\/title>\n<meta name=\"description\" content=\"MOTOGP - GRAND PRIX DES AM\u00c9RIQUES - Comme en Aragon et en Italie, Francesco Bagnaia (Ducati) s&#039;est empar\u00e9 de la pole position.\" \/>\n<meta name=\"robots\" content=\"index, follow, max-snippet:-1, max-image-preview:large, max-video-preview:-1\" \/>\n<link rel=\"canonical\" href=\"https:\/\/dicodusport.fr\/blog\/grand-prix-des-ameriques-francesco-bagnaia-encore-en-pole-devant-fabio-quartararo\/\" \/>\n<meta property=\"og:locale\" content=\"fr_FR\" \/>\n<meta property=\"og:type\" content=\"article\" \/>\n<meta property=\"og:title\" content=\"Grand Prix des Am\u00e9riques : Francesco Bagnaia encore en pole devant Fabio Quartararo\" \/>\n<meta property=\"og:description\" content=\"MOTOGP - GRAND PRIX DES AM\u00c9RIQUES - Comme en Aragon et en Italie, Francesco Bagnaia (Ducati) s&#039;est empar\u00e9 de la pole position.\" \/>\n<meta property=\"og:url\" content=\"https:\/\/dicodusport.fr\/blog\/grand-prix-des-ameriques-francesco-bagnaia-encore-en-pole-devant-fabio-quartararo\/\" \/>\n<meta property=\"og:site_name\" content=\"Dicodusport\" \/>\n<meta property=\"article:publisher\" content=\"https:\/\/www.facebook.com\/dicodusport\" \/>\n<meta property=\"article:author\" content=\"https:\/\/www.facebook.com\/roxane.lecacher\" \/>\n<meta property=\"article:published_time\" content=\"2021-10-02T19:59:29+00:00\" \/>\n<meta property=\"article:modified_time\" content=\"2021-10-02T20:12:12+00:00\" \/>\n<meta property=\"og:image\" content=\"https:\/\/dicodusport.fr\/blog\/wp-content\/uploads\/2021\/10\/Grand-Prix-des-Ameriques-Francesco-Bagnaia-encore-en-pole-devant-Fabio-Quartararo.png\" \/>\n\t<meta property=\"og:image:width\" content=\"800\" \/>\n\t<meta property=\"og:image:height\" content=\"445\" \/>\n\t<meta property=\"og:image:type\" content=\"image\/png\" \/>\n<meta name=\"author\" content=\"Roxane Lecacher\" \/>\n<meta name=\"twitter:card\" content=\"summary_large_image\" \/>\n<meta name=\"twitter:title\" content=\"Grand Prix des Am\u00e9riques : Francesco Bagnaia encore en pole devant Fabio Quartararo\" \/>\n<meta name=\"twitter:creator\" content=\"@dicodusport\" \/>\n<meta name=\"twitter:site\" content=\"@dicodusport\" \/>\n<script type=\"application\/ld+json\" class=\"yoast-schema-graph\">{\"@context\":\"https:\/\/schema.org\",\"@graph\":[{\"@type\":\"NewsArticle\",\"@id\":\"https:\/\/dicodusport.fr\/blog\/grand-prix-des-ameriques-francesco-bagnaia-encore-en-pole-devant-fabio-quartararo\/#article\",\"isPartOf\":{\"@id\":\"https:\/\/dicodusport.fr\/blog\/grand-prix-des-ameriques-francesco-bagnaia-encore-en-pole-devant-fabio-quartararo\/\"},\"author\":{\"name\":\"Roxane Lecacher\",\"@id\":\"https:\/\/dicodusport.fr\/blog\/#\/schema\/person\/819fb2545dd2715bd7c0580d6d4b411a\"},\"headline\":\"Grand Prix des Am\u00e9riques : Francesco Bagnaia encore en pole devant Fabio Quartararo\",\"datePublished\":\"2021-10-02T19:59:29+00:00\",\"dateModified\":\"2021-10-02T20:12:12+00:00\",\"mainEntityOfPage\":{\"@id\":\"https:\/\/dicodusport.fr\/blog\/grand-prix-des-ameriques-francesco-bagnaia-encore-en-pole-devant-fabio-quartararo\/\"},\"wordCount\":449,\"commentCount\":0,\"publisher\":{\"@id\":\"https:\/\/dicodusport.fr\/blog\/#organization\"},\"image\":{\"@id\":\"https:\/\/dicodusport.fr\/blog\/grand-prix-des-ameriques-francesco-bagnaia-encore-en-pole-devant-fabio-quartararo\/#primaryimage\"},\"thumbnailUrl\":\"https:\/\/dicodusport.fr\/blog\/wp-content\/uploads\/2021\/10\/Grand-Prix-des-Ameriques-Francesco-Bagnaia-encore-en-pole-devant-Fabio-Quartararo.png\",\"keywords\":[\"Grand Prix des Am\u00e9riques\",\"Grand Prix des Am\u00e9riques MotoGP\",\"MotoGP\",\"MotoGP Etats-Unis\"],\"articleSection\":[\"MotoGP\"],\"inLanguage\":\"fr-FR\",\"potentialAction\":[{\"@type\":\"CommentAction\",\"name\":\"Comment\",\"target\":[\"https:\/\/dicodusport.fr\/blog\/grand-prix-des-ameriques-francesco-bagnaia-encore-en-pole-devant-fabio-quartararo\/#respond\"]}],\"copyrightYear\":\"2021\",\"copyrightHolder\":{\"@id\":\"https:\/\/dicodusport.fr\/blog\/#organization\"}},{\"@type\":\"WebPage\",\"@id\":\"https:\/\/dicodusport.fr\/blog\/grand-prix-des-ameriques-francesco-bagnaia-encore-en-pole-devant-fabio-quartararo\/\",\"url\":\"https:\/\/dicodusport.fr\/blog\/grand-prix-des-ameriques-francesco-bagnaia-encore-en-pole-devant-fabio-quartararo\/\",\"name\":\"Grand Prix des Am\u00e9riques : Francesco Bagnaia encore en pole devant Fabio Quartararo\",\"isPartOf\":{\"@id\":\"https:\/\/dicodusport.fr\/blog\/#website\"},\"primaryImageOfPage\":{\"@id\":\"https:\/\/dicodusport.fr\/blog\/grand-prix-des-ameriques-francesco-bagnaia-encore-en-pole-devant-fabio-quartararo\/#primaryimage\"},\"image\":{\"@id\":\"https:\/\/dicodusport.fr\/blog\/grand-prix-des-ameriques-francesco-bagnaia-encore-en-pole-devant-fabio-quartararo\/#primaryimage\"},\"thumbnailUrl\":\"https:\/\/dicodusport.fr\/blog\/wp-content\/uploads\/2021\/10\/Grand-Prix-des-Ameriques-Francesco-Bagnaia-encore-en-pole-devant-Fabio-Quartararo.png\",\"datePublished\":\"2021-10-02T19:59:29+00:00\",\"dateModified\":\"2021-10-02T20:12:12+00:00\",\"description\":\"MOTOGP - GRAND PRIX DES AM\u00c9RIQUES - Comme en Aragon et en Italie, Francesco Bagnaia (Ducati) s'est empar\u00e9 de la pole position.\",\"breadcrumb\":{\"@id\":\"https:\/\/dicodusport.fr\/blog\/grand-prix-des-ameriques-francesco-bagnaia-encore-en-pole-devant-fabio-quartararo\/#breadcrumb\"},\"inLanguage\":\"fr-FR\",\"potentialAction\":[{\"@type\":\"ReadAction\",\"target\":[\"https:\/\/dicodusport.fr\/blog\/grand-prix-des-ameriques-francesco-bagnaia-encore-en-pole-devant-fabio-quartararo\/\"]}]},{\"@type\":\"ImageObject\",\"inLanguage\":\"fr-FR\",\"@id\":\"https:\/\/dicodusport.fr\/blog\/grand-prix-des-ameriques-francesco-bagnaia-encore-en-pole-devant-fabio-quartararo\/#primaryimage\",\"url\":\"https:\/\/dicodusport.fr\/blog\/wp-content\/uploads\/2021\/10\/Grand-Prix-des-Ameriques-Francesco-Bagnaia-encore-en-pole-devant-Fabio-Quartararo.png\",\"contentUrl\":\"https:\/\/dicodusport.fr\/blog\/wp-content\/uploads\/2021\/10\/Grand-Prix-des-Ameriques-Francesco-Bagnaia-encore-en-pole-devant-Fabio-Quartararo.png\",\"width\":800,\"height\":445,\"caption\":\"Grand Prix des Am\u00e9riques Francesco Bagnaia encore en pole devant Fabio Quartararo\"},{\"@type\":\"BreadcrumbList\",\"@id\":\"https:\/\/dicodusport.fr\/blog\/grand-prix-des-ameriques-francesco-bagnaia-encore-en-pole-devant-fabio-quartararo\/#breadcrumb\",\"itemListElement\":[{\"@type\":\"ListItem\",\"position\":1,\"name\":\"Accueil\",\"item\":\"https:\/\/dicodusport.fr\/blog\/\"},{\"@type\":\"ListItem\",\"position\":2,\"name\":\"Grand Prix des Am\u00e9riques : Francesco Bagnaia encore en pole devant Fabio Quartararo\"}]},{\"@type\":\"WebSite\",\"@id\":\"https:\/\/dicodusport.fr\/blog\/#website\",\"url\":\"https:\/\/dicodusport.fr\/blog\/\",\"name\":\"Dicodusport\",\"description\":\"L&#039;encyclop\u00e9die de l&#039;actualit\u00e9 sportive\",\"publisher\":{\"@id\":\"https:\/\/dicodusport.fr\/blog\/#organization\"},\"potentialAction\":[{\"@type\":\"SearchAction\",\"target\":{\"@type\":\"EntryPoint\",\"urlTemplate\":\"https:\/\/dicodusport.fr\/blog\/?s={search_term_string}\"},\"query-input\":{\"@type\":\"PropertyValueSpecification\",\"valueRequired\":true,\"valueName\":\"search_term_string\"}}],\"inLanguage\":\"fr-FR\"},{\"@type\":\"NewsMediaOrganization\",\"@id\":\"https:\/\/dicodusport.fr\/blog\/#organization\",\"name\":\"Dicodusport\",\"url\":\"https:\/\/dicodusport.fr\/blog\/\",\"logo\":{\"@type\":\"ImageObject\",\"inLanguage\":\"fr-FR\",\"@id\":\"https:\/\/dicodusport.fr\/blog\/#\/schema\/logo\/image\/\",\"url\":\"https:\/\/dicodusport.fr\/blog\/wp-content\/uploads\/2020\/06\/cropped-LOGO-DICODUSPORT-2020-SANS-FOND-SANS-TEXTE.png\",\"contentUrl\":\"https:\/\/dicodusport.fr\/blog\/wp-content\/uploads\/2020\/06\/cropped-LOGO-DICODUSPORT-2020-SANS-FOND-SANS-TEXTE.png\",\"width\":512,\"height\":512,\"caption\":\"Dicodusport\"},\"image\":{\"@id\":\"https:\/\/dicodusport.fr\/blog\/#\/schema\/logo\/image\/\"},\"sameAs\":[\"https:\/\/www.facebook.com\/dicodusport\",\"https:\/\/x.com\/dicodusport\",\"https:\/\/www.instagram.com\/dicodusport\/\",\"https:\/\/www.youtube.com\/channel\/UC7V2KZ5sd3htJivAbA4ZG3w\"],\"description\":\"Dicodusport est l'encyclop\u00e9die de l'actualit\u00e9 sportive.\",\"email\":\"bonjour@dicodusport.fr\",\"legalName\":\"DICODUSPORT\",\"foundingDate\":\"2018-01-14\",\"vatID\":\"FR71834470973\",\"taxID\":\"83447097300043\",\"numberOfEmployees\":{\"@type\":\"QuantitativeValue\",\"minValue\":\"1\",\"maxValue\":\"10\"}},{\"@type\":\"Person\",\"@id\":\"https:\/\/dicodusport.fr\/blog\/#\/schema\/person\/819fb2545dd2715bd7c0580d6d4b411a\",\"name\":\"Roxane Lecacher\",\"image\":{\"@type\":\"ImageObject\",\"inLanguage\":\"fr-FR\",\"@id\":\"https:\/\/dicodusport.fr\/blog\/#\/schema\/person\/image\/\",\"url\":\"https:\/\/dicodusport.fr\/blog\/wp-content\/uploads\/2021\/05\/Roxane-Lecacher-150x150.jpg\",\"contentUrl\":\"https:\/\/dicodusport.fr\/blog\/wp-content\/uploads\/2021\/05\/Roxane-Lecacher-150x150.jpg\",\"caption\":\"Roxane Lecacher\"},\"description\":\"Journaliste\/r\u00e9dactrice depuis janvier 2021 - N\u00e9e quelques jours avant la premi\u00e8re \u00e9toile des Bleus, je baigne dans une famille tr\u00e8s sportive. Je n\u2019ai eu d\u2019autres choix que de me passionner pour le sujet. Pratiquante de l\u2019athl\u00e9tisme depuis toute petite, j\u2019ai aussi un attrait tout particulier pour la Formule 1, le biathlon et le foot. Pendant les grands \u00e9v\u00e9nements, il est impossible de d\u00e9crocher de ma t\u00e9l\u00e9. C\u2019est \u00e0 travers Dicodusport que j\u2019aime d\u00e9sormais vous transmettre mes \u00e9motions et ma passion.\",\"sameAs\":[\"https:\/\/www.facebook.com\/roxane.lecacher\",\"https:\/\/fr.linkedin.com\/in\/roxane-lecacher-23368313b\"],\"url\":\"https:\/\/dicodusport.fr\/blog\/author\/roxanel\/\"}]}<\/script>\n<!-- \/ Yoast SEO Premium plugin. -->","yoast_head_json":{"title":"Grand Prix des Am\u00e9riques : Francesco Bagnaia encore en pole devant Fabio Quartararo","description":"MOTOGP - GRAND PRIX DES AM\u00c9RIQUES - Comme en Aragon et en Italie, Francesco Bagnaia (Ducati) s'est empar\u00e9 de la pole position.","robots":{"index":"index","follow":"follow","max-snippet":"max-snippet:-1","max-image-preview":"max-image-preview:large","max-video-preview":"max-video-preview:-1"},"canonical":"https:\/\/dicodusport.fr\/blog\/grand-prix-des-ameriques-francesco-bagnaia-encore-en-pole-devant-fabio-quartararo\/","og_locale":"fr_FR","og_type":"article","og_title":"Grand Prix des Am\u00e9riques : Francesco Bagnaia encore en pole devant Fabio Quartararo","og_description":"MOTOGP - GRAND PRIX DES AM\u00c9RIQUES - Comme en Aragon et en Italie, Francesco Bagnaia (Ducati) s'est empar\u00e9 de la pole position.","og_url":"https:\/\/dicodusport.fr\/blog\/grand-prix-des-ameriques-francesco-bagnaia-encore-en-pole-devant-fabio-quartararo\/","og_site_name":"Dicodusport","article_publisher":"https:\/\/www.facebook.com\/dicodusport","article_author":"https:\/\/www.facebook.com\/roxane.lecacher","article_published_time":"2021-10-02T19:59:29+00:00","article_modified_time":"2021-10-02T20:12:12+00:00","og_image":[{"width":800,"height":445,"url":"https:\/\/dicodusport.fr\/blog\/wp-content\/uploads\/2021\/10\/Grand-Prix-des-Ameriques-Francesco-Bagnaia-encore-en-pole-devant-Fabio-Quartararo.png","type":"image\/png"}],"author":"Roxane Lecacher","twitter_card":"summary_large_image","twitter_title":"Grand Prix des Am\u00e9riques : Francesco Bagnaia encore en pole devant Fabio Quartararo","twitter_creator":"@dicodusport","twitter_site":"@dicodusport","schema":{"@context":"https:\/\/schema.org","@graph":[{"@type":"NewsArticle","@id":"https:\/\/dicodusport.fr\/blog\/grand-prix-des-ameriques-francesco-bagnaia-encore-en-pole-devant-fabio-quartararo\/#article","isPartOf":{"@id":"https:\/\/dicodusport.fr\/blog\/grand-prix-des-ameriques-francesco-bagnaia-encore-en-pole-devant-fabio-quartararo\/"},"author":{"name":"Roxane Lecacher","@id":"https:\/\/dicodusport.fr\/blog\/#\/schema\/person\/819fb2545dd2715bd7c0580d6d4b411a"},"headline":"Grand Prix des Am\u00e9riques : Francesco Bagnaia encore en pole devant Fabio Quartararo","datePublished":"2021-10-02T19:59:29+00:00","dateModified":"2021-10-02T20:12:12+00:00","mainEntityOfPage":{"@id":"https:\/\/dicodusport.fr\/blog\/grand-prix-des-ameriques-francesco-bagnaia-encore-en-pole-devant-fabio-quartararo\/"},"wordCount":449,"commentCount":0,"publisher":{"@id":"https:\/\/dicodusport.fr\/blog\/#organization"},"image":{"@id":"https:\/\/dicodusport.fr\/blog\/grand-prix-des-ameriques-francesco-bagnaia-encore-en-pole-devant-fabio-quartararo\/#primaryimage"},"thumbnailUrl":"https:\/\/dicodusport.fr\/blog\/wp-content\/uploads\/2021\/10\/Grand-Prix-des-Ameriques-Francesco-Bagnaia-encore-en-pole-devant-Fabio-Quartararo.png","keywords":["Grand Prix des Am\u00e9riques","Grand Prix des Am\u00e9riques MotoGP","MotoGP","MotoGP Etats-Unis"],"articleSection":["MotoGP"],"inLanguage":"fr-FR","potentialAction":[{"@type":"CommentAction","name":"Comment","target":["https:\/\/dicodusport.fr\/blog\/grand-prix-des-ameriques-francesco-bagnaia-encore-en-pole-devant-fabio-quartararo\/#respond"]}],"copyrightYear":"2021","copyrightHolder":{"@id":"https:\/\/dicodusport.fr\/blog\/#organization"}},{"@type":"WebPage","@id":"https:\/\/dicodusport.fr\/blog\/grand-prix-des-ameriques-francesco-bagnaia-encore-en-pole-devant-fabio-quartararo\/","url":"https:\/\/dicodusport.fr\/blog\/grand-prix-des-ameriques-francesco-bagnaia-encore-en-pole-devant-fabio-quartararo\/","name":"Grand Prix des Am\u00e9riques : Francesco Bagnaia encore en pole devant Fabio Quartararo","isPartOf":{"@id":"https:\/\/dicodusport.fr\/blog\/#website"},"primaryImageOfPage":{"@id":"https:\/\/dicodusport.fr\/blog\/grand-prix-des-ameriques-francesco-bagnaia-encore-en-pole-devant-fabio-quartararo\/#primaryimage"},"image":{"@id":"https:\/\/dicodusport.fr\/blog\/grand-prix-des-ameriques-francesco-bagnaia-encore-en-pole-devant-fabio-quartararo\/#primaryimage"},"thumbnailUrl":"https:\/\/dicodusport.fr\/blog\/wp-content\/uploads\/2021\/10\/Grand-Prix-des-Ameriques-Francesco-Bagnaia-encore-en-pole-devant-Fabio-Quartararo.png","datePublished":"2021-10-02T19:59:29+00:00","dateModified":"2021-10-02T20:12:12+00:00","description":"MOTOGP - GRAND PRIX DES AM\u00c9RIQUES - Comme en Aragon et en Italie, Francesco Bagnaia (Ducati) s'est empar\u00e9 de la pole position.","breadcrumb":{"@id":"https:\/\/dicodusport.fr\/blog\/grand-prix-des-ameriques-francesco-bagnaia-encore-en-pole-devant-fabio-quartararo\/#breadcrumb"},"inLanguage":"fr-FR","potentialAction":[{"@type":"ReadAction","target":["https:\/\/dicodusport.fr\/blog\/grand-prix-des-ameriques-francesco-bagnaia-encore-en-pole-devant-fabio-quartararo\/"]}]},{"@type":"ImageObject","inLanguage":"fr-FR","@id":"https:\/\/dicodusport.fr\/blog\/grand-prix-des-ameriques-francesco-bagnaia-encore-en-pole-devant-fabio-quartararo\/#primaryimage","url":"https:\/\/dicodusport.fr\/blog\/wp-content\/uploads\/2021\/10\/Grand-Prix-des-Ameriques-Francesco-Bagnaia-encore-en-pole-devant-Fabio-Quartararo.png","contentUrl":"https:\/\/dicodusport.fr\/blog\/wp-content\/uploads\/2021\/10\/Grand-Prix-des-Ameriques-Francesco-Bagnaia-encore-en-pole-devant-Fabio-Quartararo.png","width":800,"height":445,"caption":"Grand Prix des Am\u00e9riques Francesco Bagnaia encore en pole devant Fabio Quartararo"},{"@type":"BreadcrumbList","@id":"https:\/\/dicodusport.fr\/blog\/grand-prix-des-ameriques-francesco-bagnaia-encore-en-pole-devant-fabio-quartararo\/#breadcrumb","itemListElement":[{"@type":"ListItem","position":1,"name":"Accueil","item":"https:\/\/dicodusport.fr\/blog\/"},{"@type":"ListItem","position":2,"name":"Grand Prix des Am\u00e9riques : Francesco Bagnaia encore en pole devant Fabio Quartararo"}]},{"@type":"WebSite","@id":"https:\/\/dicodusport.fr\/blog\/#website","url":"https:\/\/dicodusport.fr\/blog\/","name":"Dicodusport","description":"L&#039;encyclop\u00e9die de l&#039;actualit\u00e9 sportive","publisher":{"@id":"https:\/\/dicodusport.fr\/blog\/#organization"},"potentialAction":[{"@type":"SearchAction","target":{"@type":"EntryPoint","urlTemplate":"https:\/\/dicodusport.fr\/blog\/?s={search_term_string}"},"query-input":{"@type":"PropertyValueSpecification","valueRequired":true,"valueName":"search_term_string"}}],"inLanguage":"fr-FR"},{"@type":"NewsMediaOrganization","@id":"https:\/\/dicodusport.fr\/blog\/#organization","name":"Dicodusport","url":"https:\/\/dicodusport.fr\/blog\/","logo":{"@type":"ImageObject","inLanguage":"fr-FR","@id":"https:\/\/dicodusport.fr\/blog\/#\/schema\/logo\/image\/","url":"https:\/\/dicodusport.fr\/blog\/wp-content\/uploads\/2020\/06\/cropped-LOGO-DICODUSPORT-2020-SANS-FOND-SANS-TEXTE.png","contentUrl":"https:\/\/dicodusport.fr\/blog\/wp-content\/uploads\/2020\/06\/cropped-LOGO-DICODUSPORT-2020-SANS-FOND-SANS-TEXTE.png","width":512,"height":512,"caption":"Dicodusport"},"image":{"@id":"https:\/\/dicodusport.fr\/blog\/#\/schema\/logo\/image\/"},"sameAs":["https:\/\/www.facebook.com\/dicodusport","https:\/\/x.com\/dicodusport","https:\/\/www.instagram.com\/dicodusport\/","https:\/\/www.youtube.com\/channel\/UC7V2KZ5sd3htJivAbA4ZG3w"],"description":"Dicodusport est l'encyclop\u00e9die de l'actualit\u00e9 sportive.","email":"bonjour@dicodusport.fr","legalName":"DICODUSPORT","foundingDate":"2018-01-14","vatID":"FR71834470973","taxID":"83447097300043","numberOfEmployees":{"@type":"QuantitativeValue","minValue":"1","maxValue":"10"}},{"@type":"Person","@id":"https:\/\/dicodusport.fr\/blog\/#\/schema\/person\/819fb2545dd2715bd7c0580d6d4b411a","name":"Roxane Lecacher","image":{"@type":"ImageObject","inLanguage":"fr-FR","@id":"https:\/\/dicodusport.fr\/blog\/#\/schema\/person\/image\/","url":"https:\/\/dicodusport.fr\/blog\/wp-content\/uploads\/2021\/05\/Roxane-Lecacher-150x150.jpg","contentUrl":"https:\/\/dicodusport.fr\/blog\/wp-content\/uploads\/2021\/05\/Roxane-Lecacher-150x150.jpg","caption":"Roxane Lecacher"},"description":"Journaliste\/r\u00e9dactrice depuis janvier 2021 - N\u00e9e quelques jours avant la premi\u00e8re \u00e9toile des Bleus, je baigne dans une famille tr\u00e8s sportive. Je n\u2019ai eu d\u2019autres choix que de me passionner pour le sujet. Pratiquante de l\u2019athl\u00e9tisme depuis toute petite, j\u2019ai aussi un attrait tout particulier pour la Formule 1, le biathlon et le foot. Pendant les grands \u00e9v\u00e9nements, il est impossible de d\u00e9crocher de ma t\u00e9l\u00e9. C\u2019est \u00e0 travers Dicodusport que j\u2019aime d\u00e9sormais vous transmettre mes \u00e9motions et ma passion.","sameAs":["https:\/\/www.facebook.com\/roxane.lecacher","https:\/\/fr.linkedin.com\/in\/roxane-lecacher-23368313b"],"url":"https:\/\/dicodusport.fr\/blog\/author\/roxanel\/"}]}},"_links":{"self":[{"href":"https:\/\/dicodusport.fr\/blog\/wp-json\/wp\/v2\/posts\/170819","targetHints":{"allow":["GET"]}}],"collection":[{"href":"https:\/\/dicodusport.fr\/blog\/wp-json\/wp\/v2\/posts"}],"about":[{"href":"https:\/\/dicodusport.fr\/blog\/wp-json\/wp\/v2\/types\/post"}],"author":[{"embeddable":true,"href":"https:\/\/dicodusport.fr\/blog\/wp-json\/wp\/v2\/users\/54"}],"replies":[{"embeddable":true,"href":"https:\/\/dicodusport.fr\/blog\/wp-json\/wp\/v2\/comments?post=170819"}],"version-history":[{"count":0,"href":"https:\/\/dicodusport.fr\/blog\/wp-json\/wp\/v2\/posts\/170819\/revisions"}],"wp:featuredmedia":[{"embeddable":true,"href":"https:\/\/dicodusport.fr\/blog\/wp-json\/wp\/v2\/media\/170833"}],"wp:attachment":[{"href":"https:\/\/dicodusport.fr\/blog\/wp-json\/wp\/v2\/media?parent=170819"}],"wp:term":[{"taxonomy":"category","embeddable":true,"href":"https:\/\/dicodusport.fr\/blog\/wp-json\/wp\/v2\/categories?post=170819"},{"taxonomy":"post_tag","embeddable":true,"href":"https:\/\/dicodusport.fr\/blog\/wp-json\/wp\/v2\/tags?post=170819"}],"curies":[{"name":"wp","href":"https:\/\/api.w.org\/{rel}","templated":true}]}}