{"id":170887,"date":"2021-10-03T08:10:45","date_gmt":"2021-10-03T06:10:45","guid":{"rendered":"https:\/\/dicodusport.fr\/blog\/?p=170887&#038;preview=true&#038;preview_id=170887"},"modified":"2021-10-03T11:44:29","modified_gmt":"2021-10-03T09:44:29","slug":"christian-prudhomme-et-puis-si-un-coureur-ne-veut-pas-partir-il-ne-part-pas","status":"publish","type":"post","link":"https:\/\/dicodusport.fr\/blog\/christian-prudhomme-et-puis-si-un-coureur-ne-veut-pas-partir-il-ne-part-pas\/","title":{"rendered":"Christian Prudhomme : \u00ab\u00a0Et puis si un coureur ne veut pas partir, il ne part pas\u00a0\u00bb"},"content":{"rendered":"<p style=\"text-align: justify;\"><strong><em>CYCLISME &#8211; Christian Prudhomme, patron d&rsquo;ASO, l&rsquo;organisateur de Paris-Roubaix, s&rsquo;est confi\u00e9 \u00e0 la RTBF concernant <a href=\"https:\/\/dicodusport.fr\/blog\/paris-roubaix-hommes-2021-le-parcours-en-detail-et-les-30-secteurs-paves\/\">l&rsquo;\u00e9dition 2021<\/a> qui pourrait \u00eatre dantesque.\u00a0<\/em><\/strong><\/p>\n<p style=\"text-align: justify;\">Pour <strong>Christian Prudhomme<\/strong>, le fait que l&rsquo;on \u00e9voque avec insistance la m\u00e9t\u00e9o de la course est une bonne chose, car cela veut dire que le Reine des Classiques fait son retour apr\u00e8s une longue absence.<\/p>\n<blockquote>\n<p style=\"text-align: justify;\">D\u2019abord on est tr\u00e8s content d\u2019\u00eatre l\u00e0. C\u2019est-\u00e0-dire que si on regarde avec inqui\u00e9tude et int\u00e9r\u00eat la m\u00e9t\u00e9o, c\u2019est tr\u00e8s bon signe. On aurait aim\u00e9 le faire au printemps dernier, \u00e0 l\u2019automne dernier et encore au printemps d\u2019avant donc \u00e7a veut dire que Paris-Roubaix est l\u00e0 apr\u00e8s 903 jours d\u2019absence. J\u2019ai cru un moment en 2020 que la seule course que nous organiserions ce serait Paris-Roubaix et \u00e7a \u00e9t\u00e9 en fait la seule quasiment qu\u2019on n\u2019a pas organis\u00e9e.<\/p>\n<\/blockquote>\n<p style=\"text-align: justify;\">Sur les conditions m\u00e9t\u00e9o annonc\u00e9es, la pluie et le vent, le directeur de la course se montre cat\u00e9gorique.<\/p>\n<blockquote>\n<p style=\"text-align: justify;\">Bien \u00e9videmment que chaque ann\u00e9e nous disions et nous r\u00e9p\u00e9tions \u00ab\u00a0Toujours pas de pluie, 20 ans sans pluie\u00a0\u00bb et maintenant que la m\u00e9t\u00e9o nous indique tr\u00e8s clairement qu\u2019il va pleuvoir, on est partag\u00e9. De toute fa\u00e7on, Paris-Roubaix c\u2019est la Reine des Classiques, sa l\u00e9gende s\u2019inscrit aussi sous la pluie. Et puis si un coureur ne veut pas partir, il ne part pas. Ce n\u2019est pas comme une course par \u00e9tapes. Sa difficult\u00e9 fait sa l\u00e9gende.<\/p>\n<\/blockquote>\n<blockquote class=\"twitter-tweet\">\n<p dir=\"ltr\" lang=\"fr\">Christian Prudhomme : \u00ab\u00a0Paris-Roubaix sans le moindre danger, \u00e7a veut dire simplement qu\u2019on n\u2019organise pas la course\u00a0\u00bb <a href=\"https:\/\/twitter.com\/hashtag\/velortbf?src=hash&amp;ref_src=twsrc%5Etfw\">#velortbf<\/a> <a href=\"https:\/\/t.co\/TLRfXN2Xq7\">https:\/\/t.co\/TLRfXN2Xq7<\/a><\/p>\n<p>\u2014 RTBF Sport (@RTBFsport) <a href=\"https:\/\/twitter.com\/RTBFsport\/status\/1444334372828717058?ref_src=twsrc%5Etfw\">October 2, 2021<\/a><\/p><\/blockquote>\n<p style=\"text-align: justify;\"><script async src=\"https:\/\/platform.twitter.com\/widgets.js\" charset=\"utf-8\"><\/script><\/p>\n","protected":false},"excerpt":{"rendered":"<p>CYCLISME &#8211; Christian Prudhomme, patron d&rsquo;ASO, l&rsquo;organisateur de Paris-Roubaix, s&rsquo;est confi\u00e9 \u00e0 la RTBF concernant l&rsquo;\u00e9dition 2021 qui pourrait \u00eatre dantesque.\u00a0<\/p>\n","protected":false},"author":1,"featured_media":170888,"comment_status":"open","ping_status":"closed","sticky":false,"template":"","format":"standard","meta":{"_acf_changed":false,"_daextam_enable_autolinks":"","footnotes":""},"categories":[2307],"tags":[5229,4164],"class_list":["post-170887","post","type-post","status-publish","format-standard","has-post-thumbnail","hentry","category-cyclisme","tag-christian-prudhomme","tag-paris-roubaix"],"acf":[],"yoast_head":"<!-- This site is optimized with the Yoast SEO Premium plugin v26.7 (Yoast SEO v26.7) - https:\/\/yoast.com\/wordpress\/plugins\/seo\/ -->\n<title>Christian Prudhomme : &quot;Et puis si un coureur ne veut pas partir, il ne part pas&quot;<\/title>\n<meta name=\"description\" content=\"CYCLISME - Christian Prudhomme, patron d&#039;ASO, l&#039;organisateur de Paris-Roubaix, s&#039;est confi\u00e9 \u00e0 la RTBF concernant l&#039;\u00e9dition 2021 qui pourrait \u00eatre dantesque.\u00a0\" \/>\n<meta name=\"robots\" content=\"index, follow, max-snippet:-1, max-image-preview:large, max-video-preview:-1\" \/>\n<link rel=\"canonical\" href=\"https:\/\/dicodusport.fr\/blog\/christian-prudhomme-et-puis-si-un-coureur-ne-veut-pas-partir-il-ne-part-pas\/\" \/>\n<meta property=\"og:locale\" content=\"fr_FR\" \/>\n<meta property=\"og:type\" content=\"article\" \/>\n<meta property=\"og:title\" content=\"Christian Prudhomme : &quot;Et puis si un coureur ne veut pas partir, il ne part pas&quot;\" \/>\n<meta property=\"og:description\" content=\"CYCLISME - Christian Prudhomme, patron d&#039;ASO, l&#039;organisateur de Paris-Roubaix, s&#039;est confi\u00e9 \u00e0 la RTBF concernant l&#039;\u00e9dition 2021 qui pourrait \u00eatre dantesque.\u00a0\" \/>\n<meta property=\"og:url\" content=\"https:\/\/dicodusport.fr\/blog\/christian-prudhomme-et-puis-si-un-coureur-ne-veut-pas-partir-il-ne-part-pas\/\" \/>\n<meta property=\"og:site_name\" content=\"Dicodusport\" \/>\n<meta property=\"article:publisher\" content=\"https:\/\/www.facebook.com\/dicodusport\" \/>\n<meta property=\"article:author\" content=\"https:\/\/www.facebook.com\/dicodusport\" \/>\n<meta property=\"article:published_time\" content=\"2021-10-03T06:10:45+00:00\" \/>\n<meta property=\"article:modified_time\" content=\"2021-10-03T09:44:29+00:00\" \/>\n<meta property=\"og:image\" content=\"https:\/\/dicodusport.fr\/blog\/wp-content\/uploads\/2021\/10\/Christian-Prudhomme-Et-puis-si-un-coureur-ne-veut-pas-partir-il-ne-part-pas.png\" \/>\n\t<meta property=\"og:image:width\" content=\"800\" \/>\n\t<meta property=\"og:image:height\" content=\"445\" \/>\n\t<meta property=\"og:image:type\" content=\"image\/png\" \/>\n<meta name=\"author\" content=\"Nicolas Jacquemard\" \/>\n<meta name=\"twitter:card\" content=\"summary_large_image\" \/>\n<meta name=\"twitter:title\" content=\"Christian Prudhomme : &quot;Et puis si un coureur ne veut pas partir, il ne part pas&quot;\" \/>\n<meta name=\"twitter:creator\" content=\"@https:\/\/twitter.com\/Nico_Jacquemard\" \/>\n<meta name=\"twitter:site\" content=\"@dicodusport\" \/>\n<script type=\"application\/ld+json\" class=\"yoast-schema-graph\">{\"@context\":\"https:\/\/schema.org\",\"@graph\":[{\"@type\":\"NewsArticle\",\"@id\":\"https:\/\/dicodusport.fr\/blog\/christian-prudhomme-et-puis-si-un-coureur-ne-veut-pas-partir-il-ne-part-pas\/#article\",\"isPartOf\":{\"@id\":\"https:\/\/dicodusport.fr\/blog\/christian-prudhomme-et-puis-si-un-coureur-ne-veut-pas-partir-il-ne-part-pas\/\"},\"author\":{\"name\":\"Nicolas Jacquemard\",\"@id\":\"https:\/\/dicodusport.fr\/blog\/#\/schema\/person\/55dcb50ad410894e431ed812bbb70191\"},\"headline\":\"Christian Prudhomme : \u00ab\u00a0Et puis si un coureur ne veut pas partir, il ne part pas\u00a0\u00bb\",\"datePublished\":\"2021-10-03T06:10:45+00:00\",\"dateModified\":\"2021-10-03T09:44:29+00:00\",\"mainEntityOfPage\":{\"@id\":\"https:\/\/dicodusport.fr\/blog\/christian-prudhomme-et-puis-si-un-coureur-ne-veut-pas-partir-il-ne-part-pas\/\"},\"wordCount\":309,\"commentCount\":0,\"publisher\":{\"@id\":\"https:\/\/dicodusport.fr\/blog\/#organization\"},\"image\":{\"@id\":\"https:\/\/dicodusport.fr\/blog\/christian-prudhomme-et-puis-si-un-coureur-ne-veut-pas-partir-il-ne-part-pas\/#primaryimage\"},\"thumbnailUrl\":\"https:\/\/dicodusport.fr\/blog\/wp-content\/uploads\/2021\/10\/Christian-Prudhomme-Et-puis-si-un-coureur-ne-veut-pas-partir-il-ne-part-pas.png\",\"keywords\":[\"Christian Prudhomme\",\"Paris-Roubaix\"],\"articleSection\":[\"Cyclisme\"],\"inLanguage\":\"fr-FR\",\"potentialAction\":[{\"@type\":\"CommentAction\",\"name\":\"Comment\",\"target\":[\"https:\/\/dicodusport.fr\/blog\/christian-prudhomme-et-puis-si-un-coureur-ne-veut-pas-partir-il-ne-part-pas\/#respond\"]}],\"copyrightYear\":\"2021\",\"copyrightHolder\":{\"@id\":\"https:\/\/dicodusport.fr\/blog\/#organization\"}},{\"@type\":\"WebPage\",\"@id\":\"https:\/\/dicodusport.fr\/blog\/christian-prudhomme-et-puis-si-un-coureur-ne-veut-pas-partir-il-ne-part-pas\/\",\"url\":\"https:\/\/dicodusport.fr\/blog\/christian-prudhomme-et-puis-si-un-coureur-ne-veut-pas-partir-il-ne-part-pas\/\",\"name\":\"Christian Prudhomme : \\\"Et puis si un coureur ne veut pas partir, il ne part pas\\\"\",\"isPartOf\":{\"@id\":\"https:\/\/dicodusport.fr\/blog\/#website\"},\"primaryImageOfPage\":{\"@id\":\"https:\/\/dicodusport.fr\/blog\/christian-prudhomme-et-puis-si-un-coureur-ne-veut-pas-partir-il-ne-part-pas\/#primaryimage\"},\"image\":{\"@id\":\"https:\/\/dicodusport.fr\/blog\/christian-prudhomme-et-puis-si-un-coureur-ne-veut-pas-partir-il-ne-part-pas\/#primaryimage\"},\"thumbnailUrl\":\"https:\/\/dicodusport.fr\/blog\/wp-content\/uploads\/2021\/10\/Christian-Prudhomme-Et-puis-si-un-coureur-ne-veut-pas-partir-il-ne-part-pas.png\",\"datePublished\":\"2021-10-03T06:10:45+00:00\",\"dateModified\":\"2021-10-03T09:44:29+00:00\",\"description\":\"CYCLISME - Christian Prudhomme, patron d'ASO, l'organisateur de Paris-Roubaix, s'est confi\u00e9 \u00e0 la RTBF concernant l'\u00e9dition 2021 qui pourrait \u00eatre dantesque.\u00a0\",\"breadcrumb\":{\"@id\":\"https:\/\/dicodusport.fr\/blog\/christian-prudhomme-et-puis-si-un-coureur-ne-veut-pas-partir-il-ne-part-pas\/#breadcrumb\"},\"inLanguage\":\"fr-FR\",\"potentialAction\":[{\"@type\":\"ReadAction\",\"target\":[\"https:\/\/dicodusport.fr\/blog\/christian-prudhomme-et-puis-si-un-coureur-ne-veut-pas-partir-il-ne-part-pas\/\"]}]},{\"@type\":\"ImageObject\",\"inLanguage\":\"fr-FR\",\"@id\":\"https:\/\/dicodusport.fr\/blog\/christian-prudhomme-et-puis-si-un-coureur-ne-veut-pas-partir-il-ne-part-pas\/#primaryimage\",\"url\":\"https:\/\/dicodusport.fr\/blog\/wp-content\/uploads\/2021\/10\/Christian-Prudhomme-Et-puis-si-un-coureur-ne-veut-pas-partir-il-ne-part-pas.png\",\"contentUrl\":\"https:\/\/dicodusport.fr\/blog\/wp-content\/uploads\/2021\/10\/Christian-Prudhomme-Et-puis-si-un-coureur-ne-veut-pas-partir-il-ne-part-pas.png\",\"width\":800,\"height\":445},{\"@type\":\"BreadcrumbList\",\"@id\":\"https:\/\/dicodusport.fr\/blog\/christian-prudhomme-et-puis-si-un-coureur-ne-veut-pas-partir-il-ne-part-pas\/#breadcrumb\",\"itemListElement\":[{\"@type\":\"ListItem\",\"position\":1,\"name\":\"Accueil\",\"item\":\"https:\/\/dicodusport.fr\/blog\/\"},{\"@type\":\"ListItem\",\"position\":2,\"name\":\"Christian Prudhomme : \u00ab\u00a0Et puis si un coureur ne veut pas partir, il ne part pas\u00a0\u00bb\"}]},{\"@type\":\"WebSite\",\"@id\":\"https:\/\/dicodusport.fr\/blog\/#website\",\"url\":\"https:\/\/dicodusport.fr\/blog\/\",\"name\":\"Dicodusport\",\"description\":\"L&#039;encyclop\u00e9die de l&#039;actualit\u00e9 sportive\",\"publisher\":{\"@id\":\"https:\/\/dicodusport.fr\/blog\/#organization\"},\"potentialAction\":[{\"@type\":\"SearchAction\",\"target\":{\"@type\":\"EntryPoint\",\"urlTemplate\":\"https:\/\/dicodusport.fr\/blog\/?s={search_term_string}\"},\"query-input\":{\"@type\":\"PropertyValueSpecification\",\"valueRequired\":true,\"valueName\":\"search_term_string\"}}],\"inLanguage\":\"fr-FR\"},{\"@type\":\"NewsMediaOrganization\",\"@id\":\"https:\/\/dicodusport.fr\/blog\/#organization\",\"name\":\"Dicodusport\",\"url\":\"https:\/\/dicodusport.fr\/blog\/\",\"logo\":{\"@type\":\"ImageObject\",\"inLanguage\":\"fr-FR\",\"@id\":\"https:\/\/dicodusport.fr\/blog\/#\/schema\/logo\/image\/\",\"url\":\"https:\/\/dicodusport.fr\/blog\/wp-content\/uploads\/2020\/06\/cropped-LOGO-DICODUSPORT-2020-SANS-FOND-SANS-TEXTE.png\",\"contentUrl\":\"https:\/\/dicodusport.fr\/blog\/wp-content\/uploads\/2020\/06\/cropped-LOGO-DICODUSPORT-2020-SANS-FOND-SANS-TEXTE.png\",\"width\":512,\"height\":512,\"caption\":\"Dicodusport\"},\"image\":{\"@id\":\"https:\/\/dicodusport.fr\/blog\/#\/schema\/logo\/image\/\"},\"sameAs\":[\"https:\/\/www.facebook.com\/dicodusport\",\"https:\/\/x.com\/dicodusport\",\"https:\/\/www.instagram.com\/dicodusport\/\",\"https:\/\/www.youtube.com\/channel\/UC7V2KZ5sd3htJivAbA4ZG3w\"],\"description\":\"Dicodusport est l'encyclop\u00e9die de l'actualit\u00e9 sportive.\",\"email\":\"bonjour@dicodusport.fr\",\"legalName\":\"DICODUSPORT\",\"foundingDate\":\"2018-01-14\",\"vatID\":\"FR71834470973\",\"taxID\":\"83447097300043\",\"numberOfEmployees\":{\"@type\":\"QuantitativeValue\",\"minValue\":\"1\",\"maxValue\":\"10\"}},{\"@type\":\"Person\",\"@id\":\"https:\/\/dicodusport.fr\/blog\/#\/schema\/person\/55dcb50ad410894e431ed812bbb70191\",\"name\":\"Nicolas Jacquemard\",\"image\":{\"@type\":\"ImageObject\",\"inLanguage\":\"fr-FR\",\"@id\":\"https:\/\/dicodusport.fr\/blog\/#\/schema\/person\/image\/\",\"url\":\"https:\/\/dicodusport.fr\/blog\/wp-content\/uploads\/2021\/05\/Nicolas-Jacquemard-150x150.jpeg\",\"contentUrl\":\"https:\/\/dicodusport.fr\/blog\/wp-content\/uploads\/2021\/05\/Nicolas-Jacquemard-150x150.jpeg\",\"caption\":\"Nicolas Jacquemard\"},\"description\":\"Passionn\u00e9 de sport et entrepreneur depuis mes 18 ans, la cr\u00e9ation de Dicodusport m'a sembl\u00e9 \u00e9vidente pour participer \u00e0 la m\u00e9diatisation d'un plus grand nombre de sports. Le chemin est long mais avec une \u00e9quipe des plus motiv\u00e9es et les Jeux Olympiques de Paris 2024 en point de mire, nous y arriverons ! Journaliste dans le monde du sport depuis plus de 5 ans, je traite aussi bien de football, de rugby, de biathlon que de cyclisme.\",\"sameAs\":[\"https:\/\/www.facebook.com\/dicodusport\",\"https:\/\/x.com\/https:\/\/twitter.com\/Nico_Jacquemard\"],\"url\":\"https:\/\/dicodusport.fr\/blog\/author\/dicodusport\/\"}]}<\/script>\n<!-- \/ Yoast SEO Premium plugin. -->","yoast_head_json":{"title":"Christian Prudhomme : \"Et puis si un coureur ne veut pas partir, il ne part pas\"","description":"CYCLISME - Christian Prudhomme, patron d'ASO, l'organisateur de Paris-Roubaix, s'est confi\u00e9 \u00e0 la RTBF concernant l'\u00e9dition 2021 qui pourrait \u00eatre dantesque.\u00a0","robots":{"index":"index","follow":"follow","max-snippet":"max-snippet:-1","max-image-preview":"max-image-preview:large","max-video-preview":"max-video-preview:-1"},"canonical":"https:\/\/dicodusport.fr\/blog\/christian-prudhomme-et-puis-si-un-coureur-ne-veut-pas-partir-il-ne-part-pas\/","og_locale":"fr_FR","og_type":"article","og_title":"Christian Prudhomme : \"Et puis si un coureur ne veut pas partir, il ne part pas\"","og_description":"CYCLISME - Christian Prudhomme, patron d'ASO, l'organisateur de Paris-Roubaix, s'est confi\u00e9 \u00e0 la RTBF concernant l'\u00e9dition 2021 qui pourrait \u00eatre dantesque.\u00a0","og_url":"https:\/\/dicodusport.fr\/blog\/christian-prudhomme-et-puis-si-un-coureur-ne-veut-pas-partir-il-ne-part-pas\/","og_site_name":"Dicodusport","article_publisher":"https:\/\/www.facebook.com\/dicodusport","article_author":"https:\/\/www.facebook.com\/dicodusport","article_published_time":"2021-10-03T06:10:45+00:00","article_modified_time":"2021-10-03T09:44:29+00:00","og_image":[{"width":800,"height":445,"url":"https:\/\/dicodusport.fr\/blog\/wp-content\/uploads\/2021\/10\/Christian-Prudhomme-Et-puis-si-un-coureur-ne-veut-pas-partir-il-ne-part-pas.png","type":"image\/png"}],"author":"Nicolas Jacquemard","twitter_card":"summary_large_image","twitter_title":"Christian Prudhomme : \"Et puis si un coureur ne veut pas partir, il ne part pas\"","twitter_creator":"@https:\/\/twitter.com\/Nico_Jacquemard","twitter_site":"@dicodusport","schema":{"@context":"https:\/\/schema.org","@graph":[{"@type":"NewsArticle","@id":"https:\/\/dicodusport.fr\/blog\/christian-prudhomme-et-puis-si-un-coureur-ne-veut-pas-partir-il-ne-part-pas\/#article","isPartOf":{"@id":"https:\/\/dicodusport.fr\/blog\/christian-prudhomme-et-puis-si-un-coureur-ne-veut-pas-partir-il-ne-part-pas\/"},"author":{"name":"Nicolas Jacquemard","@id":"https:\/\/dicodusport.fr\/blog\/#\/schema\/person\/55dcb50ad410894e431ed812bbb70191"},"headline":"Christian Prudhomme : \u00ab\u00a0Et puis si un coureur ne veut pas partir, il ne part pas\u00a0\u00bb","datePublished":"2021-10-03T06:10:45+00:00","dateModified":"2021-10-03T09:44:29+00:00","mainEntityOfPage":{"@id":"https:\/\/dicodusport.fr\/blog\/christian-prudhomme-et-puis-si-un-coureur-ne-veut-pas-partir-il-ne-part-pas\/"},"wordCount":309,"commentCount":0,"publisher":{"@id":"https:\/\/dicodusport.fr\/blog\/#organization"},"image":{"@id":"https:\/\/dicodusport.fr\/blog\/christian-prudhomme-et-puis-si-un-coureur-ne-veut-pas-partir-il-ne-part-pas\/#primaryimage"},"thumbnailUrl":"https:\/\/dicodusport.fr\/blog\/wp-content\/uploads\/2021\/10\/Christian-Prudhomme-Et-puis-si-un-coureur-ne-veut-pas-partir-il-ne-part-pas.png","keywords":["Christian Prudhomme","Paris-Roubaix"],"articleSection":["Cyclisme"],"inLanguage":"fr-FR","potentialAction":[{"@type":"CommentAction","name":"Comment","target":["https:\/\/dicodusport.fr\/blog\/christian-prudhomme-et-puis-si-un-coureur-ne-veut-pas-partir-il-ne-part-pas\/#respond"]}],"copyrightYear":"2021","copyrightHolder":{"@id":"https:\/\/dicodusport.fr\/blog\/#organization"}},{"@type":"WebPage","@id":"https:\/\/dicodusport.fr\/blog\/christian-prudhomme-et-puis-si-un-coureur-ne-veut-pas-partir-il-ne-part-pas\/","url":"https:\/\/dicodusport.fr\/blog\/christian-prudhomme-et-puis-si-un-coureur-ne-veut-pas-partir-il-ne-part-pas\/","name":"Christian Prudhomme : \"Et puis si un coureur ne veut pas partir, il ne part pas\"","isPartOf":{"@id":"https:\/\/dicodusport.fr\/blog\/#website"},"primaryImageOfPage":{"@id":"https:\/\/dicodusport.fr\/blog\/christian-prudhomme-et-puis-si-un-coureur-ne-veut-pas-partir-il-ne-part-pas\/#primaryimage"},"image":{"@id":"https:\/\/dicodusport.fr\/blog\/christian-prudhomme-et-puis-si-un-coureur-ne-veut-pas-partir-il-ne-part-pas\/#primaryimage"},"thumbnailUrl":"https:\/\/dicodusport.fr\/blog\/wp-content\/uploads\/2021\/10\/Christian-Prudhomme-Et-puis-si-un-coureur-ne-veut-pas-partir-il-ne-part-pas.png","datePublished":"2021-10-03T06:10:45+00:00","dateModified":"2021-10-03T09:44:29+00:00","description":"CYCLISME - Christian Prudhomme, patron d'ASO, l'organisateur de Paris-Roubaix, s'est confi\u00e9 \u00e0 la RTBF concernant l'\u00e9dition 2021 qui pourrait \u00eatre dantesque.\u00a0","breadcrumb":{"@id":"https:\/\/dicodusport.fr\/blog\/christian-prudhomme-et-puis-si-un-coureur-ne-veut-pas-partir-il-ne-part-pas\/#breadcrumb"},"inLanguage":"fr-FR","potentialAction":[{"@type":"ReadAction","target":["https:\/\/dicodusport.fr\/blog\/christian-prudhomme-et-puis-si-un-coureur-ne-veut-pas-partir-il-ne-part-pas\/"]}]},{"@type":"ImageObject","inLanguage":"fr-FR","@id":"https:\/\/dicodusport.fr\/blog\/christian-prudhomme-et-puis-si-un-coureur-ne-veut-pas-partir-il-ne-part-pas\/#primaryimage","url":"https:\/\/dicodusport.fr\/blog\/wp-content\/uploads\/2021\/10\/Christian-Prudhomme-Et-puis-si-un-coureur-ne-veut-pas-partir-il-ne-part-pas.png","contentUrl":"https:\/\/dicodusport.fr\/blog\/wp-content\/uploads\/2021\/10\/Christian-Prudhomme-Et-puis-si-un-coureur-ne-veut-pas-partir-il-ne-part-pas.png","width":800,"height":445},{"@type":"BreadcrumbList","@id":"https:\/\/dicodusport.fr\/blog\/christian-prudhomme-et-puis-si-un-coureur-ne-veut-pas-partir-il-ne-part-pas\/#breadcrumb","itemListElement":[{"@type":"ListItem","position":1,"name":"Accueil","item":"https:\/\/dicodusport.fr\/blog\/"},{"@type":"ListItem","position":2,"name":"Christian Prudhomme : \u00ab\u00a0Et puis si un coureur ne veut pas partir, il ne part pas\u00a0\u00bb"}]},{"@type":"WebSite","@id":"https:\/\/dicodusport.fr\/blog\/#website","url":"https:\/\/dicodusport.fr\/blog\/","name":"Dicodusport","description":"L&#039;encyclop\u00e9die de l&#039;actualit\u00e9 sportive","publisher":{"@id":"https:\/\/dicodusport.fr\/blog\/#organization"},"potentialAction":[{"@type":"SearchAction","target":{"@type":"EntryPoint","urlTemplate":"https:\/\/dicodusport.fr\/blog\/?s={search_term_string}"},"query-input":{"@type":"PropertyValueSpecification","valueRequired":true,"valueName":"search_term_string"}}],"inLanguage":"fr-FR"},{"@type":"NewsMediaOrganization","@id":"https:\/\/dicodusport.fr\/blog\/#organization","name":"Dicodusport","url":"https:\/\/dicodusport.fr\/blog\/","logo":{"@type":"ImageObject","inLanguage":"fr-FR","@id":"https:\/\/dicodusport.fr\/blog\/#\/schema\/logo\/image\/","url":"https:\/\/dicodusport.fr\/blog\/wp-content\/uploads\/2020\/06\/cropped-LOGO-DICODUSPORT-2020-SANS-FOND-SANS-TEXTE.png","contentUrl":"https:\/\/dicodusport.fr\/blog\/wp-content\/uploads\/2020\/06\/cropped-LOGO-DICODUSPORT-2020-SANS-FOND-SANS-TEXTE.png","width":512,"height":512,"caption":"Dicodusport"},"image":{"@id":"https:\/\/dicodusport.fr\/blog\/#\/schema\/logo\/image\/"},"sameAs":["https:\/\/www.facebook.com\/dicodusport","https:\/\/x.com\/dicodusport","https:\/\/www.instagram.com\/dicodusport\/","https:\/\/www.youtube.com\/channel\/UC7V2KZ5sd3htJivAbA4ZG3w"],"description":"Dicodusport est l'encyclop\u00e9die de l'actualit\u00e9 sportive.","email":"bonjour@dicodusport.fr","legalName":"DICODUSPORT","foundingDate":"2018-01-14","vatID":"FR71834470973","taxID":"83447097300043","numberOfEmployees":{"@type":"QuantitativeValue","minValue":"1","maxValue":"10"}},{"@type":"Person","@id":"https:\/\/dicodusport.fr\/blog\/#\/schema\/person\/55dcb50ad410894e431ed812bbb70191","name":"Nicolas Jacquemard","image":{"@type":"ImageObject","inLanguage":"fr-FR","@id":"https:\/\/dicodusport.fr\/blog\/#\/schema\/person\/image\/","url":"https:\/\/dicodusport.fr\/blog\/wp-content\/uploads\/2021\/05\/Nicolas-Jacquemard-150x150.jpeg","contentUrl":"https:\/\/dicodusport.fr\/blog\/wp-content\/uploads\/2021\/05\/Nicolas-Jacquemard-150x150.jpeg","caption":"Nicolas Jacquemard"},"description":"Passionn\u00e9 de sport et entrepreneur depuis mes 18 ans, la cr\u00e9ation de Dicodusport m'a sembl\u00e9 \u00e9vidente pour participer \u00e0 la m\u00e9diatisation d'un plus grand nombre de sports. Le chemin est long mais avec une \u00e9quipe des plus motiv\u00e9es et les Jeux Olympiques de Paris 2024 en point de mire, nous y arriverons ! Journaliste dans le monde du sport depuis plus de 5 ans, je traite aussi bien de football, de rugby, de biathlon que de cyclisme.","sameAs":["https:\/\/www.facebook.com\/dicodusport","https:\/\/x.com\/https:\/\/twitter.com\/Nico_Jacquemard"],"url":"https:\/\/dicodusport.fr\/blog\/author\/dicodusport\/"}]}},"_links":{"self":[{"href":"https:\/\/dicodusport.fr\/blog\/wp-json\/wp\/v2\/posts\/170887","targetHints":{"allow":["GET"]}}],"collection":[{"href":"https:\/\/dicodusport.fr\/blog\/wp-json\/wp\/v2\/posts"}],"about":[{"href":"https:\/\/dicodusport.fr\/blog\/wp-json\/wp\/v2\/types\/post"}],"author":[{"embeddable":true,"href":"https:\/\/dicodusport.fr\/blog\/wp-json\/wp\/v2\/users\/1"}],"replies":[{"embeddable":true,"href":"https:\/\/dicodusport.fr\/blog\/wp-json\/wp\/v2\/comments?post=170887"}],"version-history":[{"count":0,"href":"https:\/\/dicodusport.fr\/blog\/wp-json\/wp\/v2\/posts\/170887\/revisions"}],"wp:featuredmedia":[{"embeddable":true,"href":"https:\/\/dicodusport.fr\/blog\/wp-json\/wp\/v2\/media\/170888"}],"wp:attachment":[{"href":"https:\/\/dicodusport.fr\/blog\/wp-json\/wp\/v2\/media?parent=170887"}],"wp:term":[{"taxonomy":"category","embeddable":true,"href":"https:\/\/dicodusport.fr\/blog\/wp-json\/wp\/v2\/categories?post=170887"},{"taxonomy":"post_tag","embeddable":true,"href":"https:\/\/dicodusport.fr\/blog\/wp-json\/wp\/v2\/tags?post=170887"}],"curies":[{"name":"wp","href":"https:\/\/api.w.org\/{rel}","templated":true}]}}