{"id":171048,"date":"2021-10-03T20:57:23","date_gmt":"2021-10-03T18:57:23","guid":{"rendered":"https:\/\/dicodusport.fr\/blog\/?p=171048&#038;preview=true&#038;preview_id=171048"},"modified":"2021-10-03T21:59:02","modified_gmt":"2021-10-03T19:59:02","slug":"mathieu-van-der-poel-ce-paris-roubaix-est-a-encadrer-et-a-ne-jamais-oublier","status":"publish","type":"post","link":"https:\/\/dicodusport.fr\/blog\/mathieu-van-der-poel-ce-paris-roubaix-est-a-encadrer-et-a-ne-jamais-oublier\/","title":{"rendered":"Mathieu van der Poel : \u00ab\u00a0Ce Paris-Roubaix est \u00e0 encadrer et \u00e0 ne jamais oublier\u00a0\u00bb"},"content":{"rendered":"<p style=\"text-align: justify;\"><strong><em>CYCLISME &#8211; Troisi\u00e8me \u00e0 l&rsquo;arriv\u00e9e de <a href=\"https:\/\/dicodusport.fr\/blog\/paris-roubaix-2021-sonny-colbrelli-simpose-sur-une-118eme-edition-dantesque\/\">Paris-Roubaix<\/a> ce dimanche, Mathieu van der Poel (Alpecin Fenix) a \u00e9t\u00e9 incroyable dans l&rsquo;effort, et ce malgr\u00e9 une pr\u00e9paration tronqu\u00e9e.\u00a0<\/em><\/strong><\/p>\n<p style=\"text-align: justify;\">Le N\u00e9erlandais <strong>Mathieu van der Poel<\/strong> ne peut rien se reprocher, tant il a \u00e9t\u00e9 sur tous les fronts. Un ennui m\u00e9canique et un changement de v\u00e9lo lui ont fait faire ses premiers efforts \u00e0 haute intensit\u00e9, et il a ensuite attaqu\u00e9 et roul\u00e9 sans cesse pendant plus de 50 kilom\u00e8tres. \u00c0\u00a0 l&rsquo;arriv\u00e9e, il s&rsquo;est confi\u00e9 au m\u00e9dia <em>NOS<\/em>.<\/p>\n<blockquote>\n<p style=\"text-align: justify;\">J&rsquo;\u00e9tais \u00e0 peu pr\u00e8s \u00e0 la limite en continu pendant les 30-40 derniers kilom\u00e8tres. Vous esp\u00e9rez que les autres aussi. Mais c&rsquo;\u00e9tait vraiment fini pour moi. C&rsquo;\u00e9tait difficile aujourd&rsquo;hui. Je suis content de la course que j&rsquo;ai fait. J&rsquo;ai pu courir comme j&rsquo;aime le faire, en attaquant. C&rsquo;\u00e9tait quand m\u00eame une belle course.<\/p>\n<p style=\"text-align: justify;\">Si je dois perdre, je pr\u00e9f\u00e8re me battre. J&rsquo;en suis content. Je pense que tout le monde a mal au dos maintenant, mais cela ne m&rsquo;a pas d\u00e9rang\u00e9. C&rsquo;\u00e9tait tr\u00e8s dur, mais ce Paris-Roubaix est \u00e0 encadrer et \u00e0 ne jamais oublier.<\/p>\n<\/blockquote>\n<p style=\"text-align: justify;\"><strong>Mathieu van der Poel<\/strong> participait aujourd&rsquo;hui \u00e0 son premier Paris-Roubaix, tout comme le vainqueur du jour, Sonny Colbrelli, et son dauphin, Florian Vermeersch.<\/p>\n<blockquote class=\"twitter-tweet\">\n<p dir=\"ltr\" lang=\"nl\">Mathieu van der Poel derde in Parijs-Roubaix: \u201cAls ik moet verliezen, dan het liefst strijdend ten onder\u201d<a href=\"https:\/\/t.co\/WEQMnXggH9\">https:\/\/t.co\/WEQMnXggH9<\/a> | <a href=\"https:\/\/twitter.com\/hashtag\/wielrennen?src=hash&amp;ref_src=twsrc%5Etfw\">#wielrennen<\/a> <a href=\"https:\/\/twitter.com\/hashtag\/ParisRoubaix?src=hash&amp;ref_src=twsrc%5Etfw\">#ParisRoubaix<\/a> <a href=\"https:\/\/t.co\/jjDjhOlu2Z\">pic.twitter.com\/jjDjhOlu2Z<\/a><\/p>\n<p>\u2014 WielerFlits.nl (@WielerFlits) <a href=\"https:\/\/twitter.com\/WielerFlits\/status\/1444695538369236993?ref_src=twsrc%5Etfw\">October 3, 2021<\/a><\/p><\/blockquote>\n<p style=\"text-align: justify;\"><script async src=\"https:\/\/platform.twitter.com\/widgets.js\" charset=\"utf-8\"><\/script><\/p>\n","protected":false},"excerpt":{"rendered":"<p>CYCLISME &#8211; Troisi\u00e8me \u00e0 l&rsquo;arriv\u00e9e de Paris-Roubaix ce dimanche, Mathieu van der Poel (Alpecin Fenix) a \u00e9t\u00e9 incroyable dans l&rsquo;effort, et ce malgr\u00e9 une pr\u00e9paration tronqu\u00e9e.\u00a0<\/p>\n","protected":false},"author":1,"featured_media":171052,"comment_status":"open","ping_status":"closed","sticky":false,"template":"","format":"standard","meta":{"_acf_changed":false,"_daextam_enable_autolinks":"","footnotes":""},"categories":[2307],"tags":[6597,4164,9202],"class_list":["post-171048","post","type-post","status-publish","format-standard","has-post-thumbnail","hentry","category-cyclisme","tag-mathieu-van-der-poel","tag-paris-roubaix","tag-van-der-poel"],"acf":[],"yoast_head":"<!-- This site is optimized with the Yoast SEO Premium plugin v26.7 (Yoast SEO v26.7) - https:\/\/yoast.com\/wordpress\/plugins\/seo\/ -->\n<title>Mathieu van der Poel : &quot;Ce Paris-Roubaix est \u00e0 encadrer et \u00e0 ne jamais oublier&quot;<\/title>\n<meta name=\"description\" content=\"\u00a0CYCLISME - Troisi\u00e8me \u00e0 l&#039;arriv\u00e9e de Paris-Roubaix ce dimanche, Mathieu van der Poel (Alpecin Fenix) a \u00e9t\u00e9 incroyable dans l&#039;effort.\" \/>\n<meta name=\"robots\" content=\"index, follow, max-snippet:-1, max-image-preview:large, max-video-preview:-1\" \/>\n<link rel=\"canonical\" href=\"https:\/\/dicodusport.fr\/blog\/mathieu-van-der-poel-ce-paris-roubaix-est-a-encadrer-et-a-ne-jamais-oublier\/\" \/>\n<meta property=\"og:locale\" content=\"fr_FR\" \/>\n<meta property=\"og:type\" content=\"article\" \/>\n<meta property=\"og:title\" content=\"Mathieu van der Poel : &quot;Ce Paris-Roubaix est \u00e0 encadrer et \u00e0 ne jamais oublier&quot;\" \/>\n<meta property=\"og:description\" content=\"\u00a0CYCLISME - Troisi\u00e8me \u00e0 l&#039;arriv\u00e9e de Paris-Roubaix ce dimanche, Mathieu van der Poel (Alpecin Fenix) a \u00e9t\u00e9 incroyable dans l&#039;effort.\" \/>\n<meta property=\"og:url\" content=\"https:\/\/dicodusport.fr\/blog\/mathieu-van-der-poel-ce-paris-roubaix-est-a-encadrer-et-a-ne-jamais-oublier\/\" \/>\n<meta property=\"og:site_name\" content=\"Dicodusport\" \/>\n<meta property=\"article:publisher\" content=\"https:\/\/www.facebook.com\/dicodusport\" \/>\n<meta property=\"article:author\" content=\"https:\/\/www.facebook.com\/dicodusport\" \/>\n<meta property=\"article:published_time\" content=\"2021-10-03T18:57:23+00:00\" \/>\n<meta property=\"article:modified_time\" content=\"2021-10-03T19:59:02+00:00\" \/>\n<meta property=\"og:image\" content=\"https:\/\/dicodusport.fr\/blog\/wp-content\/uploads\/2021\/10\/Mathieu-van-der-Poel-Ce-Paris-Roubaix-est-a\u0300-encadrer-et-a\u0300-ne-jamais-oublier.png\" \/>\n\t<meta property=\"og:image:width\" content=\"800\" \/>\n\t<meta property=\"og:image:height\" content=\"445\" \/>\n\t<meta property=\"og:image:type\" content=\"image\/png\" \/>\n<meta name=\"author\" content=\"Nicolas Jacquemard\" \/>\n<meta name=\"twitter:card\" content=\"summary_large_image\" \/>\n<meta name=\"twitter:title\" content=\"Mathieu van der Poel : &quot;Ce Paris-Roubaix est \u00e0 encadrer et \u00e0 ne jamais oublier&quot;\" \/>\n<meta name=\"twitter:creator\" content=\"@https:\/\/twitter.com\/Nico_Jacquemard\" \/>\n<meta name=\"twitter:site\" content=\"@dicodusport\" \/>\n<script type=\"application\/ld+json\" class=\"yoast-schema-graph\">{\"@context\":\"https:\/\/schema.org\",\"@graph\":[{\"@type\":\"NewsArticle\",\"@id\":\"https:\/\/dicodusport.fr\/blog\/mathieu-van-der-poel-ce-paris-roubaix-est-a-encadrer-et-a-ne-jamais-oublier\/#article\",\"isPartOf\":{\"@id\":\"https:\/\/dicodusport.fr\/blog\/mathieu-van-der-poel-ce-paris-roubaix-est-a-encadrer-et-a-ne-jamais-oublier\/\"},\"author\":{\"name\":\"Nicolas Jacquemard\",\"@id\":\"https:\/\/dicodusport.fr\/blog\/#\/schema\/person\/55dcb50ad410894e431ed812bbb70191\"},\"headline\":\"Mathieu van der Poel : \u00ab\u00a0Ce Paris-Roubaix est \u00e0 encadrer et \u00e0 ne jamais oublier\u00a0\u00bb\",\"datePublished\":\"2021-10-03T18:57:23+00:00\",\"dateModified\":\"2021-10-03T19:59:02+00:00\",\"mainEntityOfPage\":{\"@id\":\"https:\/\/dicodusport.fr\/blog\/mathieu-van-der-poel-ce-paris-roubaix-est-a-encadrer-et-a-ne-jamais-oublier\/\"},\"wordCount\":272,\"commentCount\":0,\"publisher\":{\"@id\":\"https:\/\/dicodusport.fr\/blog\/#organization\"},\"image\":{\"@id\":\"https:\/\/dicodusport.fr\/blog\/mathieu-van-der-poel-ce-paris-roubaix-est-a-encadrer-et-a-ne-jamais-oublier\/#primaryimage\"},\"thumbnailUrl\":\"https:\/\/dicodusport.fr\/blog\/wp-content\/uploads\/2021\/10\/Mathieu-van-der-Poel-Ce-Paris-Roubaix-est-a\u0300-encadrer-et-a\u0300-ne-jamais-oublier.png\",\"keywords\":[\"Mathieu van der Poel\",\"Paris-Roubaix\",\"van der Poel\"],\"articleSection\":[\"Cyclisme\"],\"inLanguage\":\"fr-FR\",\"potentialAction\":[{\"@type\":\"CommentAction\",\"name\":\"Comment\",\"target\":[\"https:\/\/dicodusport.fr\/blog\/mathieu-van-der-poel-ce-paris-roubaix-est-a-encadrer-et-a-ne-jamais-oublier\/#respond\"]}],\"copyrightYear\":\"2021\",\"copyrightHolder\":{\"@id\":\"https:\/\/dicodusport.fr\/blog\/#organization\"}},{\"@type\":\"WebPage\",\"@id\":\"https:\/\/dicodusport.fr\/blog\/mathieu-van-der-poel-ce-paris-roubaix-est-a-encadrer-et-a-ne-jamais-oublier\/\",\"url\":\"https:\/\/dicodusport.fr\/blog\/mathieu-van-der-poel-ce-paris-roubaix-est-a-encadrer-et-a-ne-jamais-oublier\/\",\"name\":\"Mathieu van der Poel : \\\"Ce Paris-Roubaix est \u00e0 encadrer et \u00e0 ne jamais oublier\\\"\",\"isPartOf\":{\"@id\":\"https:\/\/dicodusport.fr\/blog\/#website\"},\"primaryImageOfPage\":{\"@id\":\"https:\/\/dicodusport.fr\/blog\/mathieu-van-der-poel-ce-paris-roubaix-est-a-encadrer-et-a-ne-jamais-oublier\/#primaryimage\"},\"image\":{\"@id\":\"https:\/\/dicodusport.fr\/blog\/mathieu-van-der-poel-ce-paris-roubaix-est-a-encadrer-et-a-ne-jamais-oublier\/#primaryimage\"},\"thumbnailUrl\":\"https:\/\/dicodusport.fr\/blog\/wp-content\/uploads\/2021\/10\/Mathieu-van-der-Poel-Ce-Paris-Roubaix-est-a\u0300-encadrer-et-a\u0300-ne-jamais-oublier.png\",\"datePublished\":\"2021-10-03T18:57:23+00:00\",\"dateModified\":\"2021-10-03T19:59:02+00:00\",\"description\":\"\u00a0CYCLISME - Troisi\u00e8me \u00e0 l'arriv\u00e9e de Paris-Roubaix ce dimanche, Mathieu van der Poel (Alpecin Fenix) a \u00e9t\u00e9 incroyable dans l'effort.\",\"breadcrumb\":{\"@id\":\"https:\/\/dicodusport.fr\/blog\/mathieu-van-der-poel-ce-paris-roubaix-est-a-encadrer-et-a-ne-jamais-oublier\/#breadcrumb\"},\"inLanguage\":\"fr-FR\",\"potentialAction\":[{\"@type\":\"ReadAction\",\"target\":[\"https:\/\/dicodusport.fr\/blog\/mathieu-van-der-poel-ce-paris-roubaix-est-a-encadrer-et-a-ne-jamais-oublier\/\"]}]},{\"@type\":\"ImageObject\",\"inLanguage\":\"fr-FR\",\"@id\":\"https:\/\/dicodusport.fr\/blog\/mathieu-van-der-poel-ce-paris-roubaix-est-a-encadrer-et-a-ne-jamais-oublier\/#primaryimage\",\"url\":\"https:\/\/dicodusport.fr\/blog\/wp-content\/uploads\/2021\/10\/Mathieu-van-der-Poel-Ce-Paris-Roubaix-est-a\u0300-encadrer-et-a\u0300-ne-jamais-oublier.png\",\"contentUrl\":\"https:\/\/dicodusport.fr\/blog\/wp-content\/uploads\/2021\/10\/Mathieu-van-der-Poel-Ce-Paris-Roubaix-est-a\u0300-encadrer-et-a\u0300-ne-jamais-oublier.png\",\"width\":800,\"height\":445,\"caption\":\"Mathieu van der Poel - Photo Icon Sport\"},{\"@type\":\"BreadcrumbList\",\"@id\":\"https:\/\/dicodusport.fr\/blog\/mathieu-van-der-poel-ce-paris-roubaix-est-a-encadrer-et-a-ne-jamais-oublier\/#breadcrumb\",\"itemListElement\":[{\"@type\":\"ListItem\",\"position\":1,\"name\":\"Accueil\",\"item\":\"https:\/\/dicodusport.fr\/blog\/\"},{\"@type\":\"ListItem\",\"position\":2,\"name\":\"Mathieu van der Poel : \u00ab\u00a0Ce Paris-Roubaix est \u00e0 encadrer et \u00e0 ne jamais oublier\u00a0\u00bb\"}]},{\"@type\":\"WebSite\",\"@id\":\"https:\/\/dicodusport.fr\/blog\/#website\",\"url\":\"https:\/\/dicodusport.fr\/blog\/\",\"name\":\"Dicodusport\",\"description\":\"L&#039;encyclop\u00e9die de l&#039;actualit\u00e9 sportive\",\"publisher\":{\"@id\":\"https:\/\/dicodusport.fr\/blog\/#organization\"},\"potentialAction\":[{\"@type\":\"SearchAction\",\"target\":{\"@type\":\"EntryPoint\",\"urlTemplate\":\"https:\/\/dicodusport.fr\/blog\/?s={search_term_string}\"},\"query-input\":{\"@type\":\"PropertyValueSpecification\",\"valueRequired\":true,\"valueName\":\"search_term_string\"}}],\"inLanguage\":\"fr-FR\"},{\"@type\":\"NewsMediaOrganization\",\"@id\":\"https:\/\/dicodusport.fr\/blog\/#organization\",\"name\":\"Dicodusport\",\"url\":\"https:\/\/dicodusport.fr\/blog\/\",\"logo\":{\"@type\":\"ImageObject\",\"inLanguage\":\"fr-FR\",\"@id\":\"https:\/\/dicodusport.fr\/blog\/#\/schema\/logo\/image\/\",\"url\":\"https:\/\/dicodusport.fr\/blog\/wp-content\/uploads\/2020\/06\/cropped-LOGO-DICODUSPORT-2020-SANS-FOND-SANS-TEXTE.png\",\"contentUrl\":\"https:\/\/dicodusport.fr\/blog\/wp-content\/uploads\/2020\/06\/cropped-LOGO-DICODUSPORT-2020-SANS-FOND-SANS-TEXTE.png\",\"width\":512,\"height\":512,\"caption\":\"Dicodusport\"},\"image\":{\"@id\":\"https:\/\/dicodusport.fr\/blog\/#\/schema\/logo\/image\/\"},\"sameAs\":[\"https:\/\/www.facebook.com\/dicodusport\",\"https:\/\/x.com\/dicodusport\",\"https:\/\/www.instagram.com\/dicodusport\/\",\"https:\/\/www.youtube.com\/channel\/UC7V2KZ5sd3htJivAbA4ZG3w\"],\"description\":\"Dicodusport est l'encyclop\u00e9die de l'actualit\u00e9 sportive.\",\"email\":\"bonjour@dicodusport.fr\",\"legalName\":\"DICODUSPORT\",\"foundingDate\":\"2018-01-14\",\"vatID\":\"FR71834470973\",\"taxID\":\"83447097300043\",\"numberOfEmployees\":{\"@type\":\"QuantitativeValue\",\"minValue\":\"1\",\"maxValue\":\"10\"}},{\"@type\":\"Person\",\"@id\":\"https:\/\/dicodusport.fr\/blog\/#\/schema\/person\/55dcb50ad410894e431ed812bbb70191\",\"name\":\"Nicolas Jacquemard\",\"image\":{\"@type\":\"ImageObject\",\"inLanguage\":\"fr-FR\",\"@id\":\"https:\/\/dicodusport.fr\/blog\/#\/schema\/person\/image\/\",\"url\":\"https:\/\/dicodusport.fr\/blog\/wp-content\/uploads\/2021\/05\/Nicolas-Jacquemard-150x150.jpeg\",\"contentUrl\":\"https:\/\/dicodusport.fr\/blog\/wp-content\/uploads\/2021\/05\/Nicolas-Jacquemard-150x150.jpeg\",\"caption\":\"Nicolas Jacquemard\"},\"description\":\"Passionn\u00e9 de sport et entrepreneur depuis mes 18 ans, la cr\u00e9ation de Dicodusport m'a sembl\u00e9 \u00e9vidente pour participer \u00e0 la m\u00e9diatisation d'un plus grand nombre de sports. Le chemin est long mais avec une \u00e9quipe des plus motiv\u00e9es et les Jeux Olympiques de Paris 2024 en point de mire, nous y arriverons ! Journaliste dans le monde du sport depuis plus de 5 ans, je traite aussi bien de football, de rugby, de biathlon que de cyclisme.\",\"sameAs\":[\"https:\/\/www.facebook.com\/dicodusport\",\"https:\/\/x.com\/https:\/\/twitter.com\/Nico_Jacquemard\"],\"url\":\"https:\/\/dicodusport.fr\/blog\/author\/dicodusport\/\"}]}<\/script>\n<!-- \/ Yoast SEO Premium plugin. -->","yoast_head_json":{"title":"Mathieu van der Poel : \"Ce Paris-Roubaix est \u00e0 encadrer et \u00e0 ne jamais oublier\"","description":"\u00a0CYCLISME - Troisi\u00e8me \u00e0 l'arriv\u00e9e de Paris-Roubaix ce dimanche, Mathieu van der Poel (Alpecin Fenix) a \u00e9t\u00e9 incroyable dans l'effort.","robots":{"index":"index","follow":"follow","max-snippet":"max-snippet:-1","max-image-preview":"max-image-preview:large","max-video-preview":"max-video-preview:-1"},"canonical":"https:\/\/dicodusport.fr\/blog\/mathieu-van-der-poel-ce-paris-roubaix-est-a-encadrer-et-a-ne-jamais-oublier\/","og_locale":"fr_FR","og_type":"article","og_title":"Mathieu van der Poel : \"Ce Paris-Roubaix est \u00e0 encadrer et \u00e0 ne jamais oublier\"","og_description":"\u00a0CYCLISME - Troisi\u00e8me \u00e0 l'arriv\u00e9e de Paris-Roubaix ce dimanche, Mathieu van der Poel (Alpecin Fenix) a \u00e9t\u00e9 incroyable dans l'effort.","og_url":"https:\/\/dicodusport.fr\/blog\/mathieu-van-der-poel-ce-paris-roubaix-est-a-encadrer-et-a-ne-jamais-oublier\/","og_site_name":"Dicodusport","article_publisher":"https:\/\/www.facebook.com\/dicodusport","article_author":"https:\/\/www.facebook.com\/dicodusport","article_published_time":"2021-10-03T18:57:23+00:00","article_modified_time":"2021-10-03T19:59:02+00:00","og_image":[{"width":800,"height":445,"url":"https:\/\/dicodusport.fr\/blog\/wp-content\/uploads\/2021\/10\/Mathieu-van-der-Poel-Ce-Paris-Roubaix-est-a\u0300-encadrer-et-a\u0300-ne-jamais-oublier.png","type":"image\/png"}],"author":"Nicolas Jacquemard","twitter_card":"summary_large_image","twitter_title":"Mathieu van der Poel : \"Ce Paris-Roubaix est \u00e0 encadrer et \u00e0 ne jamais oublier\"","twitter_creator":"@https:\/\/twitter.com\/Nico_Jacquemard","twitter_site":"@dicodusport","schema":{"@context":"https:\/\/schema.org","@graph":[{"@type":"NewsArticle","@id":"https:\/\/dicodusport.fr\/blog\/mathieu-van-der-poel-ce-paris-roubaix-est-a-encadrer-et-a-ne-jamais-oublier\/#article","isPartOf":{"@id":"https:\/\/dicodusport.fr\/blog\/mathieu-van-der-poel-ce-paris-roubaix-est-a-encadrer-et-a-ne-jamais-oublier\/"},"author":{"name":"Nicolas Jacquemard","@id":"https:\/\/dicodusport.fr\/blog\/#\/schema\/person\/55dcb50ad410894e431ed812bbb70191"},"headline":"Mathieu van der Poel : \u00ab\u00a0Ce Paris-Roubaix est \u00e0 encadrer et \u00e0 ne jamais oublier\u00a0\u00bb","datePublished":"2021-10-03T18:57:23+00:00","dateModified":"2021-10-03T19:59:02+00:00","mainEntityOfPage":{"@id":"https:\/\/dicodusport.fr\/blog\/mathieu-van-der-poel-ce-paris-roubaix-est-a-encadrer-et-a-ne-jamais-oublier\/"},"wordCount":272,"commentCount":0,"publisher":{"@id":"https:\/\/dicodusport.fr\/blog\/#organization"},"image":{"@id":"https:\/\/dicodusport.fr\/blog\/mathieu-van-der-poel-ce-paris-roubaix-est-a-encadrer-et-a-ne-jamais-oublier\/#primaryimage"},"thumbnailUrl":"https:\/\/dicodusport.fr\/blog\/wp-content\/uploads\/2021\/10\/Mathieu-van-der-Poel-Ce-Paris-Roubaix-est-a\u0300-encadrer-et-a\u0300-ne-jamais-oublier.png","keywords":["Mathieu van der Poel","Paris-Roubaix","van der Poel"],"articleSection":["Cyclisme"],"inLanguage":"fr-FR","potentialAction":[{"@type":"CommentAction","name":"Comment","target":["https:\/\/dicodusport.fr\/blog\/mathieu-van-der-poel-ce-paris-roubaix-est-a-encadrer-et-a-ne-jamais-oublier\/#respond"]}],"copyrightYear":"2021","copyrightHolder":{"@id":"https:\/\/dicodusport.fr\/blog\/#organization"}},{"@type":"WebPage","@id":"https:\/\/dicodusport.fr\/blog\/mathieu-van-der-poel-ce-paris-roubaix-est-a-encadrer-et-a-ne-jamais-oublier\/","url":"https:\/\/dicodusport.fr\/blog\/mathieu-van-der-poel-ce-paris-roubaix-est-a-encadrer-et-a-ne-jamais-oublier\/","name":"Mathieu van der Poel : \"Ce Paris-Roubaix est \u00e0 encadrer et \u00e0 ne jamais oublier\"","isPartOf":{"@id":"https:\/\/dicodusport.fr\/blog\/#website"},"primaryImageOfPage":{"@id":"https:\/\/dicodusport.fr\/blog\/mathieu-van-der-poel-ce-paris-roubaix-est-a-encadrer-et-a-ne-jamais-oublier\/#primaryimage"},"image":{"@id":"https:\/\/dicodusport.fr\/blog\/mathieu-van-der-poel-ce-paris-roubaix-est-a-encadrer-et-a-ne-jamais-oublier\/#primaryimage"},"thumbnailUrl":"https:\/\/dicodusport.fr\/blog\/wp-content\/uploads\/2021\/10\/Mathieu-van-der-Poel-Ce-Paris-Roubaix-est-a\u0300-encadrer-et-a\u0300-ne-jamais-oublier.png","datePublished":"2021-10-03T18:57:23+00:00","dateModified":"2021-10-03T19:59:02+00:00","description":"\u00a0CYCLISME - Troisi\u00e8me \u00e0 l'arriv\u00e9e de Paris-Roubaix ce dimanche, Mathieu van der Poel (Alpecin Fenix) a \u00e9t\u00e9 incroyable dans l'effort.","breadcrumb":{"@id":"https:\/\/dicodusport.fr\/blog\/mathieu-van-der-poel-ce-paris-roubaix-est-a-encadrer-et-a-ne-jamais-oublier\/#breadcrumb"},"inLanguage":"fr-FR","potentialAction":[{"@type":"ReadAction","target":["https:\/\/dicodusport.fr\/blog\/mathieu-van-der-poel-ce-paris-roubaix-est-a-encadrer-et-a-ne-jamais-oublier\/"]}]},{"@type":"ImageObject","inLanguage":"fr-FR","@id":"https:\/\/dicodusport.fr\/blog\/mathieu-van-der-poel-ce-paris-roubaix-est-a-encadrer-et-a-ne-jamais-oublier\/#primaryimage","url":"https:\/\/dicodusport.fr\/blog\/wp-content\/uploads\/2021\/10\/Mathieu-van-der-Poel-Ce-Paris-Roubaix-est-a\u0300-encadrer-et-a\u0300-ne-jamais-oublier.png","contentUrl":"https:\/\/dicodusport.fr\/blog\/wp-content\/uploads\/2021\/10\/Mathieu-van-der-Poel-Ce-Paris-Roubaix-est-a\u0300-encadrer-et-a\u0300-ne-jamais-oublier.png","width":800,"height":445,"caption":"Mathieu van der Poel - Photo Icon Sport"},{"@type":"BreadcrumbList","@id":"https:\/\/dicodusport.fr\/blog\/mathieu-van-der-poel-ce-paris-roubaix-est-a-encadrer-et-a-ne-jamais-oublier\/#breadcrumb","itemListElement":[{"@type":"ListItem","position":1,"name":"Accueil","item":"https:\/\/dicodusport.fr\/blog\/"},{"@type":"ListItem","position":2,"name":"Mathieu van der Poel : \u00ab\u00a0Ce Paris-Roubaix est \u00e0 encadrer et \u00e0 ne jamais oublier\u00a0\u00bb"}]},{"@type":"WebSite","@id":"https:\/\/dicodusport.fr\/blog\/#website","url":"https:\/\/dicodusport.fr\/blog\/","name":"Dicodusport","description":"L&#039;encyclop\u00e9die de l&#039;actualit\u00e9 sportive","publisher":{"@id":"https:\/\/dicodusport.fr\/blog\/#organization"},"potentialAction":[{"@type":"SearchAction","target":{"@type":"EntryPoint","urlTemplate":"https:\/\/dicodusport.fr\/blog\/?s={search_term_string}"},"query-input":{"@type":"PropertyValueSpecification","valueRequired":true,"valueName":"search_term_string"}}],"inLanguage":"fr-FR"},{"@type":"NewsMediaOrganization","@id":"https:\/\/dicodusport.fr\/blog\/#organization","name":"Dicodusport","url":"https:\/\/dicodusport.fr\/blog\/","logo":{"@type":"ImageObject","inLanguage":"fr-FR","@id":"https:\/\/dicodusport.fr\/blog\/#\/schema\/logo\/image\/","url":"https:\/\/dicodusport.fr\/blog\/wp-content\/uploads\/2020\/06\/cropped-LOGO-DICODUSPORT-2020-SANS-FOND-SANS-TEXTE.png","contentUrl":"https:\/\/dicodusport.fr\/blog\/wp-content\/uploads\/2020\/06\/cropped-LOGO-DICODUSPORT-2020-SANS-FOND-SANS-TEXTE.png","width":512,"height":512,"caption":"Dicodusport"},"image":{"@id":"https:\/\/dicodusport.fr\/blog\/#\/schema\/logo\/image\/"},"sameAs":["https:\/\/www.facebook.com\/dicodusport","https:\/\/x.com\/dicodusport","https:\/\/www.instagram.com\/dicodusport\/","https:\/\/www.youtube.com\/channel\/UC7V2KZ5sd3htJivAbA4ZG3w"],"description":"Dicodusport est l'encyclop\u00e9die de l'actualit\u00e9 sportive.","email":"bonjour@dicodusport.fr","legalName":"DICODUSPORT","foundingDate":"2018-01-14","vatID":"FR71834470973","taxID":"83447097300043","numberOfEmployees":{"@type":"QuantitativeValue","minValue":"1","maxValue":"10"}},{"@type":"Person","@id":"https:\/\/dicodusport.fr\/blog\/#\/schema\/person\/55dcb50ad410894e431ed812bbb70191","name":"Nicolas Jacquemard","image":{"@type":"ImageObject","inLanguage":"fr-FR","@id":"https:\/\/dicodusport.fr\/blog\/#\/schema\/person\/image\/","url":"https:\/\/dicodusport.fr\/blog\/wp-content\/uploads\/2021\/05\/Nicolas-Jacquemard-150x150.jpeg","contentUrl":"https:\/\/dicodusport.fr\/blog\/wp-content\/uploads\/2021\/05\/Nicolas-Jacquemard-150x150.jpeg","caption":"Nicolas Jacquemard"},"description":"Passionn\u00e9 de sport et entrepreneur depuis mes 18 ans, la cr\u00e9ation de Dicodusport m'a sembl\u00e9 \u00e9vidente pour participer \u00e0 la m\u00e9diatisation d'un plus grand nombre de sports. Le chemin est long mais avec une \u00e9quipe des plus motiv\u00e9es et les Jeux Olympiques de Paris 2024 en point de mire, nous y arriverons ! Journaliste dans le monde du sport depuis plus de 5 ans, je traite aussi bien de football, de rugby, de biathlon que de cyclisme.","sameAs":["https:\/\/www.facebook.com\/dicodusport","https:\/\/x.com\/https:\/\/twitter.com\/Nico_Jacquemard"],"url":"https:\/\/dicodusport.fr\/blog\/author\/dicodusport\/"}]}},"_links":{"self":[{"href":"https:\/\/dicodusport.fr\/blog\/wp-json\/wp\/v2\/posts\/171048","targetHints":{"allow":["GET"]}}],"collection":[{"href":"https:\/\/dicodusport.fr\/blog\/wp-json\/wp\/v2\/posts"}],"about":[{"href":"https:\/\/dicodusport.fr\/blog\/wp-json\/wp\/v2\/types\/post"}],"author":[{"embeddable":true,"href":"https:\/\/dicodusport.fr\/blog\/wp-json\/wp\/v2\/users\/1"}],"replies":[{"embeddable":true,"href":"https:\/\/dicodusport.fr\/blog\/wp-json\/wp\/v2\/comments?post=171048"}],"version-history":[{"count":0,"href":"https:\/\/dicodusport.fr\/blog\/wp-json\/wp\/v2\/posts\/171048\/revisions"}],"wp:featuredmedia":[{"embeddable":true,"href":"https:\/\/dicodusport.fr\/blog\/wp-json\/wp\/v2\/media\/171052"}],"wp:attachment":[{"href":"https:\/\/dicodusport.fr\/blog\/wp-json\/wp\/v2\/media?parent=171048"}],"wp:term":[{"taxonomy":"category","embeddable":true,"href":"https:\/\/dicodusport.fr\/blog\/wp-json\/wp\/v2\/categories?post=171048"},{"taxonomy":"post_tag","embeddable":true,"href":"https:\/\/dicodusport.fr\/blog\/wp-json\/wp\/v2\/tags?post=171048"}],"curies":[{"name":"wp","href":"https:\/\/api.w.org\/{rel}","templated":true}]}}