{"id":171347,"date":"2021-10-05T12:00:22","date_gmt":"2021-10-05T10:00:22","guid":{"rendered":"https:\/\/dicodusport.fr\/blog\/?p=171347&#038;preview=true&#038;preview_id=171347"},"modified":"2021-10-05T13:34:18","modified_gmt":"2021-10-05T11:34:18","slug":"emilien-jacquelin-aujourdhui-j-ai-une-plaque-et-neuf-vis-dans-le-poignet","status":"publish","type":"post","link":"https:\/\/dicodusport.fr\/blog\/emilien-jacquelin-aujourdhui-j-ai-une-plaque-et-neuf-vis-dans-le-poignet\/","title":{"rendered":"Emilien Jacquelin : \u00ab\u00a0Aujourd\u2019hui, j\u2019ai une plaque et neuf vis dans le poignet\u00a0\u00bb"},"content":{"rendered":"<p style=\"text-align: justify;\"><strong><em>BIATHLON &#8211; Dans un entretien pour Ouest-France, \u00c9milien Jacquelin est revenu sur <a href=\"https:\/\/dicodusport.fr\/blog\/fracture-du-bras-et-operation-pour-emilien-jacquelin\/\">sa chute qui lui a valu une fracture du bras<\/a>, et un d\u00e9but de pr\u00e9paration tronqu\u00e9.\u00a0<\/em><\/strong><\/p>\n<p style=\"text-align: justify;\">Deux mois apr\u00e8s sa chute, <strong>\u00c9milien Jacquelin<\/strong>, double champion du monde de la poursuite, a fait le point sur sa blessure, et ce que cela a impliqu\u00e9 pour lui et sa pr\u00e9paration.<\/p>\n<blockquote>\n<p style=\"text-align: justify;\">Il y a toujours des douleurs qui m\u2019emp\u00eachent de faire mon tir couch\u00e9 de mani\u00e8re naturelle. Aujourd\u2019hui, j\u2019ai une plaque et neuf vis dans le poignet. C\u2019est \u00e7a qui m\u2019emp\u00eache d\u2019avoir la totalit\u00e9 de sa mobilit\u00e9. Pour autant, j\u2019ai pu reprendre la pr\u00e9paration assez rapidement. Seulement quatre jours apr\u00e8s l\u2019op\u00e9ration, je reprenais la course \u00e0 pied, puis le home trainer, puis le ski \u00e0 roulettes. J\u2019ai certes un petit peu de retard sur les autres mais je suis mon chemin, j\u2019essaie d\u2019\u00eatre patient.<\/p>\n<\/blockquote>\n<p style=\"text-align: justify;\">L&rsquo;Is\u00e9rois explique aussi qu&rsquo;il a d\u00fb mettre en place une nouvelle technique de tir.<\/p>\n<blockquote>\n<p style=\"text-align: justify;\">On a trouv\u00e9 une autre technique, pas acad\u00e9mique, mais qui me permet de tirer, et bien, c\u2019est \u00e7a qui est assez incroyable ! On a essay\u00e9 des choses tr\u00e8s farfelues, assez dingues, mais il y avait des douleurs. Et c\u2019est comme si mon cerveau avait fait ce nouveau geste tout seul. Normalement, on vient poser notre carabine entre le pouce et l\u2019index. En ce moment, je le mets entre l\u2019index et le majeur. C\u2019est une position beaucoup moins optimale : la carabine bouge beaucoup plus et je suis moins rel\u00e2ch\u00e9, mais pour autant, pour le moment, je tire bien.<\/p>\n<\/blockquote>\n<blockquote class=\"twitter-tweet\">\n<p dir=\"ltr\" lang=\"fr\">Biathlon. Avec \u00ab une plaque et neuf vis dans le poignet \u00bb, \u00c9milien Jacquelin redouble d\u2019efforts <a href=\"https:\/\/t.co\/GCY2WtLe7t\">https:\/\/t.co\/GCY2WtLe7t<\/a><\/p>\n<p>\u2014 Ouest-France (@OuestFrance) <a href=\"https:\/\/twitter.com\/OuestFrance\/status\/1445278841891692546?ref_src=twsrc%5Etfw\">October 5, 2021<\/a><\/p><\/blockquote>\n<p style=\"text-align: justify;\"><script async src=\"https:\/\/platform.twitter.com\/widgets.js\" charset=\"utf-8\"><\/script><\/p>\n<ul>\n<li style=\"text-align: justify;\"><strong>\u00c0 lire aussi &#8211; <a href=\"https:\/\/dicodusport.fr\/blog\/biathlon-coupe-du-monde-2021-2022-le-calendrier-complet\/\">Biathlon &#8211; Coupe du monde 2021\/2022 : le calendrier complet<\/a><\/strong><\/li>\n<\/ul>\n","protected":false},"excerpt":{"rendered":"<p>BIATHLON &#8211; Dans un entretien pour Ouest-France, \u00c9milien Jacquelin est revenu sur sa chute qui lui a valu une fracture du bras, et un d\u00e9but de pr\u00e9paration tronqu\u00e9.\u00a0<\/p>\n","protected":false},"author":1,"featured_media":171348,"comment_status":"open","ping_status":"closed","sticky":false,"template":"","format":"standard","meta":{"_acf_changed":false,"_daextam_enable_autolinks":"","footnotes":""},"categories":[47040],"tags":[2427,2692,2693],"class_list":["post-171347","post","type-post","status-publish","format-standard","has-post-thumbnail","hentry","category-coupe-du-monde-de-biathlon","tag-biathlon","tag-emilien-jacquelin","tag-jacquelin"],"acf":[],"yoast_head":"<!-- This site is optimized with the Yoast SEO Premium plugin v26.7 (Yoast SEO v26.7) - https:\/\/yoast.com\/wordpress\/plugins\/seo\/ -->\n<title>Emilien Jacquelin : &quot;Aujourd\u2019hui, j\u2019ai une plaque et neuf vis dans le poignet&quot;<\/title>\n<meta name=\"description\" content=\"BIATHLON - Dans un entretien pour Ouest-France, \u00c9milien Jacquelin est revenu sur sa chute qui lui a valu une fracture du bras.\" \/>\n<meta name=\"robots\" content=\"index, follow, max-snippet:-1, max-image-preview:large, max-video-preview:-1\" \/>\n<link rel=\"canonical\" href=\"https:\/\/dicodusport.fr\/blog\/emilien-jacquelin-aujourdhui-j-ai-une-plaque-et-neuf-vis-dans-le-poignet\/\" \/>\n<meta property=\"og:locale\" content=\"fr_FR\" \/>\n<meta property=\"og:type\" content=\"article\" \/>\n<meta property=\"og:title\" content=\"Emilien Jacquelin : &quot;Aujourd\u2019hui, j\u2019ai une plaque et neuf vis dans le poignet&quot;\" \/>\n<meta property=\"og:description\" content=\"BIATHLON - Dans un entretien pour Ouest-France, \u00c9milien Jacquelin est revenu sur sa chute qui lui a valu une fracture du bras.\" \/>\n<meta property=\"og:url\" content=\"https:\/\/dicodusport.fr\/blog\/emilien-jacquelin-aujourdhui-j-ai-une-plaque-et-neuf-vis-dans-le-poignet\/\" \/>\n<meta property=\"og:site_name\" content=\"Dicodusport\" \/>\n<meta property=\"article:publisher\" content=\"https:\/\/www.facebook.com\/dicodusport\" \/>\n<meta property=\"article:author\" content=\"https:\/\/www.facebook.com\/dicodusport\" \/>\n<meta property=\"article:published_time\" content=\"2021-10-05T10:00:22+00:00\" \/>\n<meta property=\"article:modified_time\" content=\"2021-10-05T11:34:18+00:00\" \/>\n<meta property=\"og:image\" content=\"https:\/\/dicodusport.fr\/blog\/wp-content\/uploads\/2021\/10\/Emilien-Jacquelin-Aujourdhui-jai-une-plaque-et-neuf-vis-dans-le-poignet.png\" \/>\n\t<meta property=\"og:image:width\" content=\"800\" \/>\n\t<meta property=\"og:image:height\" content=\"445\" \/>\n\t<meta property=\"og:image:type\" content=\"image\/png\" \/>\n<meta name=\"author\" content=\"Nicolas Jacquemard\" \/>\n<meta name=\"twitter:card\" content=\"summary_large_image\" \/>\n<meta name=\"twitter:title\" content=\"Emilien Jacquelin : &quot;Aujourd\u2019hui, j\u2019ai une plaque et neuf vis dans le poignet&quot;\" \/>\n<meta name=\"twitter:creator\" content=\"@https:\/\/twitter.com\/Nico_Jacquemard\" \/>\n<meta name=\"twitter:site\" content=\"@dicodusport\" \/>\n<script type=\"application\/ld+json\" class=\"yoast-schema-graph\">{\"@context\":\"https:\/\/schema.org\",\"@graph\":[{\"@type\":\"NewsArticle\",\"@id\":\"https:\/\/dicodusport.fr\/blog\/emilien-jacquelin-aujourdhui-j-ai-une-plaque-et-neuf-vis-dans-le-poignet\/#article\",\"isPartOf\":{\"@id\":\"https:\/\/dicodusport.fr\/blog\/emilien-jacquelin-aujourdhui-j-ai-une-plaque-et-neuf-vis-dans-le-poignet\/\"},\"author\":{\"name\":\"Nicolas Jacquemard\",\"@id\":\"https:\/\/dicodusport.fr\/blog\/#\/schema\/person\/55dcb50ad410894e431ed812bbb70191\"},\"headline\":\"Emilien Jacquelin : \u00ab\u00a0Aujourd\u2019hui, j\u2019ai une plaque et neuf vis dans le poignet\u00a0\u00bb\",\"datePublished\":\"2021-10-05T10:00:22+00:00\",\"dateModified\":\"2021-10-05T11:34:18+00:00\",\"mainEntityOfPage\":{\"@id\":\"https:\/\/dicodusport.fr\/blog\/emilien-jacquelin-aujourdhui-j-ai-une-plaque-et-neuf-vis-dans-le-poignet\/\"},\"wordCount\":333,\"commentCount\":0,\"publisher\":{\"@id\":\"https:\/\/dicodusport.fr\/blog\/#organization\"},\"image\":{\"@id\":\"https:\/\/dicodusport.fr\/blog\/emilien-jacquelin-aujourdhui-j-ai-une-plaque-et-neuf-vis-dans-le-poignet\/#primaryimage\"},\"thumbnailUrl\":\"https:\/\/dicodusport.fr\/blog\/wp-content\/uploads\/2021\/10\/Emilien-Jacquelin-Aujourdhui-jai-une-plaque-et-neuf-vis-dans-le-poignet.png\",\"keywords\":[\"Biathlon\",\"Emilien Jacquelin\",\"Jacquelin\"],\"articleSection\":[\"Coupe du monde de biathlon\"],\"inLanguage\":\"fr-FR\",\"potentialAction\":[{\"@type\":\"CommentAction\",\"name\":\"Comment\",\"target\":[\"https:\/\/dicodusport.fr\/blog\/emilien-jacquelin-aujourdhui-j-ai-une-plaque-et-neuf-vis-dans-le-poignet\/#respond\"]}],\"copyrightYear\":\"2021\",\"copyrightHolder\":{\"@id\":\"https:\/\/dicodusport.fr\/blog\/#organization\"}},{\"@type\":\"WebPage\",\"@id\":\"https:\/\/dicodusport.fr\/blog\/emilien-jacquelin-aujourdhui-j-ai-une-plaque-et-neuf-vis-dans-le-poignet\/\",\"url\":\"https:\/\/dicodusport.fr\/blog\/emilien-jacquelin-aujourdhui-j-ai-une-plaque-et-neuf-vis-dans-le-poignet\/\",\"name\":\"Emilien Jacquelin : \\\"Aujourd\u2019hui, j\u2019ai une plaque et neuf vis dans le poignet\\\"\",\"isPartOf\":{\"@id\":\"https:\/\/dicodusport.fr\/blog\/#website\"},\"primaryImageOfPage\":{\"@id\":\"https:\/\/dicodusport.fr\/blog\/emilien-jacquelin-aujourdhui-j-ai-une-plaque-et-neuf-vis-dans-le-poignet\/#primaryimage\"},\"image\":{\"@id\":\"https:\/\/dicodusport.fr\/blog\/emilien-jacquelin-aujourdhui-j-ai-une-plaque-et-neuf-vis-dans-le-poignet\/#primaryimage\"},\"thumbnailUrl\":\"https:\/\/dicodusport.fr\/blog\/wp-content\/uploads\/2021\/10\/Emilien-Jacquelin-Aujourdhui-jai-une-plaque-et-neuf-vis-dans-le-poignet.png\",\"datePublished\":\"2021-10-05T10:00:22+00:00\",\"dateModified\":\"2021-10-05T11:34:18+00:00\",\"description\":\"BIATHLON - Dans un entretien pour Ouest-France, \u00c9milien Jacquelin est revenu sur sa chute qui lui a valu une fracture du bras.\",\"breadcrumb\":{\"@id\":\"https:\/\/dicodusport.fr\/blog\/emilien-jacquelin-aujourdhui-j-ai-une-plaque-et-neuf-vis-dans-le-poignet\/#breadcrumb\"},\"inLanguage\":\"fr-FR\",\"potentialAction\":[{\"@type\":\"ReadAction\",\"target\":[\"https:\/\/dicodusport.fr\/blog\/emilien-jacquelin-aujourdhui-j-ai-une-plaque-et-neuf-vis-dans-le-poignet\/\"]}]},{\"@type\":\"ImageObject\",\"inLanguage\":\"fr-FR\",\"@id\":\"https:\/\/dicodusport.fr\/blog\/emilien-jacquelin-aujourdhui-j-ai-une-plaque-et-neuf-vis-dans-le-poignet\/#primaryimage\",\"url\":\"https:\/\/dicodusport.fr\/blog\/wp-content\/uploads\/2021\/10\/Emilien-Jacquelin-Aujourdhui-jai-une-plaque-et-neuf-vis-dans-le-poignet.png\",\"contentUrl\":\"https:\/\/dicodusport.fr\/blog\/wp-content\/uploads\/2021\/10\/Emilien-Jacquelin-Aujourdhui-jai-une-plaque-et-neuf-vis-dans-le-poignet.png\",\"width\":800,\"height\":445},{\"@type\":\"BreadcrumbList\",\"@id\":\"https:\/\/dicodusport.fr\/blog\/emilien-jacquelin-aujourdhui-j-ai-une-plaque-et-neuf-vis-dans-le-poignet\/#breadcrumb\",\"itemListElement\":[{\"@type\":\"ListItem\",\"position\":1,\"name\":\"Accueil\",\"item\":\"https:\/\/dicodusport.fr\/blog\/\"},{\"@type\":\"ListItem\",\"position\":2,\"name\":\"Emilien Jacquelin : \u00ab\u00a0Aujourd\u2019hui, j\u2019ai une plaque et neuf vis dans le poignet\u00a0\u00bb\"}]},{\"@type\":\"WebSite\",\"@id\":\"https:\/\/dicodusport.fr\/blog\/#website\",\"url\":\"https:\/\/dicodusport.fr\/blog\/\",\"name\":\"Dicodusport\",\"description\":\"L&#039;encyclop\u00e9die de l&#039;actualit\u00e9 sportive\",\"publisher\":{\"@id\":\"https:\/\/dicodusport.fr\/blog\/#organization\"},\"potentialAction\":[{\"@type\":\"SearchAction\",\"target\":{\"@type\":\"EntryPoint\",\"urlTemplate\":\"https:\/\/dicodusport.fr\/blog\/?s={search_term_string}\"},\"query-input\":{\"@type\":\"PropertyValueSpecification\",\"valueRequired\":true,\"valueName\":\"search_term_string\"}}],\"inLanguage\":\"fr-FR\"},{\"@type\":\"NewsMediaOrganization\",\"@id\":\"https:\/\/dicodusport.fr\/blog\/#organization\",\"name\":\"Dicodusport\",\"url\":\"https:\/\/dicodusport.fr\/blog\/\",\"logo\":{\"@type\":\"ImageObject\",\"inLanguage\":\"fr-FR\",\"@id\":\"https:\/\/dicodusport.fr\/blog\/#\/schema\/logo\/image\/\",\"url\":\"https:\/\/dicodusport.fr\/blog\/wp-content\/uploads\/2020\/06\/cropped-LOGO-DICODUSPORT-2020-SANS-FOND-SANS-TEXTE.png\",\"contentUrl\":\"https:\/\/dicodusport.fr\/blog\/wp-content\/uploads\/2020\/06\/cropped-LOGO-DICODUSPORT-2020-SANS-FOND-SANS-TEXTE.png\",\"width\":512,\"height\":512,\"caption\":\"Dicodusport\"},\"image\":{\"@id\":\"https:\/\/dicodusport.fr\/blog\/#\/schema\/logo\/image\/\"},\"sameAs\":[\"https:\/\/www.facebook.com\/dicodusport\",\"https:\/\/x.com\/dicodusport\",\"https:\/\/www.instagram.com\/dicodusport\/\",\"https:\/\/www.youtube.com\/channel\/UC7V2KZ5sd3htJivAbA4ZG3w\"],\"description\":\"Dicodusport est l'encyclop\u00e9die de l'actualit\u00e9 sportive.\",\"email\":\"bonjour@dicodusport.fr\",\"legalName\":\"DICODUSPORT\",\"foundingDate\":\"2018-01-14\",\"vatID\":\"FR71834470973\",\"taxID\":\"83447097300043\",\"numberOfEmployees\":{\"@type\":\"QuantitativeValue\",\"minValue\":\"1\",\"maxValue\":\"10\"}},{\"@type\":\"Person\",\"@id\":\"https:\/\/dicodusport.fr\/blog\/#\/schema\/person\/55dcb50ad410894e431ed812bbb70191\",\"name\":\"Nicolas Jacquemard\",\"image\":{\"@type\":\"ImageObject\",\"inLanguage\":\"fr-FR\",\"@id\":\"https:\/\/dicodusport.fr\/blog\/#\/schema\/person\/image\/\",\"url\":\"https:\/\/dicodusport.fr\/blog\/wp-content\/uploads\/2021\/05\/Nicolas-Jacquemard-150x150.jpeg\",\"contentUrl\":\"https:\/\/dicodusport.fr\/blog\/wp-content\/uploads\/2021\/05\/Nicolas-Jacquemard-150x150.jpeg\",\"caption\":\"Nicolas Jacquemard\"},\"description\":\"Passionn\u00e9 de sport et entrepreneur depuis mes 18 ans, la cr\u00e9ation de Dicodusport m'a sembl\u00e9 \u00e9vidente pour participer \u00e0 la m\u00e9diatisation d'un plus grand nombre de sports. Le chemin est long mais avec une \u00e9quipe des plus motiv\u00e9es et les Jeux Olympiques de Paris 2024 en point de mire, nous y arriverons ! Journaliste dans le monde du sport depuis plus de 5 ans, je traite aussi bien de football, de rugby, de biathlon que de cyclisme.\",\"sameAs\":[\"https:\/\/www.facebook.com\/dicodusport\",\"https:\/\/x.com\/https:\/\/twitter.com\/Nico_Jacquemard\"],\"url\":\"https:\/\/dicodusport.fr\/blog\/author\/dicodusport\/\"}]}<\/script>\n<!-- \/ Yoast SEO Premium plugin. -->","yoast_head_json":{"title":"Emilien Jacquelin : \"Aujourd\u2019hui, j\u2019ai une plaque et neuf vis dans le poignet\"","description":"BIATHLON - Dans un entretien pour Ouest-France, \u00c9milien Jacquelin est revenu sur sa chute qui lui a valu une fracture du bras.","robots":{"index":"index","follow":"follow","max-snippet":"max-snippet:-1","max-image-preview":"max-image-preview:large","max-video-preview":"max-video-preview:-1"},"canonical":"https:\/\/dicodusport.fr\/blog\/emilien-jacquelin-aujourdhui-j-ai-une-plaque-et-neuf-vis-dans-le-poignet\/","og_locale":"fr_FR","og_type":"article","og_title":"Emilien Jacquelin : \"Aujourd\u2019hui, j\u2019ai une plaque et neuf vis dans le poignet\"","og_description":"BIATHLON - Dans un entretien pour Ouest-France, \u00c9milien Jacquelin est revenu sur sa chute qui lui a valu une fracture du bras.","og_url":"https:\/\/dicodusport.fr\/blog\/emilien-jacquelin-aujourdhui-j-ai-une-plaque-et-neuf-vis-dans-le-poignet\/","og_site_name":"Dicodusport","article_publisher":"https:\/\/www.facebook.com\/dicodusport","article_author":"https:\/\/www.facebook.com\/dicodusport","article_published_time":"2021-10-05T10:00:22+00:00","article_modified_time":"2021-10-05T11:34:18+00:00","og_image":[{"width":800,"height":445,"url":"https:\/\/dicodusport.fr\/blog\/wp-content\/uploads\/2021\/10\/Emilien-Jacquelin-Aujourdhui-jai-une-plaque-et-neuf-vis-dans-le-poignet.png","type":"image\/png"}],"author":"Nicolas Jacquemard","twitter_card":"summary_large_image","twitter_title":"Emilien Jacquelin : \"Aujourd\u2019hui, j\u2019ai une plaque et neuf vis dans le poignet\"","twitter_creator":"@https:\/\/twitter.com\/Nico_Jacquemard","twitter_site":"@dicodusport","schema":{"@context":"https:\/\/schema.org","@graph":[{"@type":"NewsArticle","@id":"https:\/\/dicodusport.fr\/blog\/emilien-jacquelin-aujourdhui-j-ai-une-plaque-et-neuf-vis-dans-le-poignet\/#article","isPartOf":{"@id":"https:\/\/dicodusport.fr\/blog\/emilien-jacquelin-aujourdhui-j-ai-une-plaque-et-neuf-vis-dans-le-poignet\/"},"author":{"name":"Nicolas Jacquemard","@id":"https:\/\/dicodusport.fr\/blog\/#\/schema\/person\/55dcb50ad410894e431ed812bbb70191"},"headline":"Emilien Jacquelin : \u00ab\u00a0Aujourd\u2019hui, j\u2019ai une plaque et neuf vis dans le poignet\u00a0\u00bb","datePublished":"2021-10-05T10:00:22+00:00","dateModified":"2021-10-05T11:34:18+00:00","mainEntityOfPage":{"@id":"https:\/\/dicodusport.fr\/blog\/emilien-jacquelin-aujourdhui-j-ai-une-plaque-et-neuf-vis-dans-le-poignet\/"},"wordCount":333,"commentCount":0,"publisher":{"@id":"https:\/\/dicodusport.fr\/blog\/#organization"},"image":{"@id":"https:\/\/dicodusport.fr\/blog\/emilien-jacquelin-aujourdhui-j-ai-une-plaque-et-neuf-vis-dans-le-poignet\/#primaryimage"},"thumbnailUrl":"https:\/\/dicodusport.fr\/blog\/wp-content\/uploads\/2021\/10\/Emilien-Jacquelin-Aujourdhui-jai-une-plaque-et-neuf-vis-dans-le-poignet.png","keywords":["Biathlon","Emilien Jacquelin","Jacquelin"],"articleSection":["Coupe du monde de biathlon"],"inLanguage":"fr-FR","potentialAction":[{"@type":"CommentAction","name":"Comment","target":["https:\/\/dicodusport.fr\/blog\/emilien-jacquelin-aujourdhui-j-ai-une-plaque-et-neuf-vis-dans-le-poignet\/#respond"]}],"copyrightYear":"2021","copyrightHolder":{"@id":"https:\/\/dicodusport.fr\/blog\/#organization"}},{"@type":"WebPage","@id":"https:\/\/dicodusport.fr\/blog\/emilien-jacquelin-aujourdhui-j-ai-une-plaque-et-neuf-vis-dans-le-poignet\/","url":"https:\/\/dicodusport.fr\/blog\/emilien-jacquelin-aujourdhui-j-ai-une-plaque-et-neuf-vis-dans-le-poignet\/","name":"Emilien Jacquelin : \"Aujourd\u2019hui, j\u2019ai une plaque et neuf vis dans le poignet\"","isPartOf":{"@id":"https:\/\/dicodusport.fr\/blog\/#website"},"primaryImageOfPage":{"@id":"https:\/\/dicodusport.fr\/blog\/emilien-jacquelin-aujourdhui-j-ai-une-plaque-et-neuf-vis-dans-le-poignet\/#primaryimage"},"image":{"@id":"https:\/\/dicodusport.fr\/blog\/emilien-jacquelin-aujourdhui-j-ai-une-plaque-et-neuf-vis-dans-le-poignet\/#primaryimage"},"thumbnailUrl":"https:\/\/dicodusport.fr\/blog\/wp-content\/uploads\/2021\/10\/Emilien-Jacquelin-Aujourdhui-jai-une-plaque-et-neuf-vis-dans-le-poignet.png","datePublished":"2021-10-05T10:00:22+00:00","dateModified":"2021-10-05T11:34:18+00:00","description":"BIATHLON - Dans un entretien pour Ouest-France, \u00c9milien Jacquelin est revenu sur sa chute qui lui a valu une fracture du bras.","breadcrumb":{"@id":"https:\/\/dicodusport.fr\/blog\/emilien-jacquelin-aujourdhui-j-ai-une-plaque-et-neuf-vis-dans-le-poignet\/#breadcrumb"},"inLanguage":"fr-FR","potentialAction":[{"@type":"ReadAction","target":["https:\/\/dicodusport.fr\/blog\/emilien-jacquelin-aujourdhui-j-ai-une-plaque-et-neuf-vis-dans-le-poignet\/"]}]},{"@type":"ImageObject","inLanguage":"fr-FR","@id":"https:\/\/dicodusport.fr\/blog\/emilien-jacquelin-aujourdhui-j-ai-une-plaque-et-neuf-vis-dans-le-poignet\/#primaryimage","url":"https:\/\/dicodusport.fr\/blog\/wp-content\/uploads\/2021\/10\/Emilien-Jacquelin-Aujourdhui-jai-une-plaque-et-neuf-vis-dans-le-poignet.png","contentUrl":"https:\/\/dicodusport.fr\/blog\/wp-content\/uploads\/2021\/10\/Emilien-Jacquelin-Aujourdhui-jai-une-plaque-et-neuf-vis-dans-le-poignet.png","width":800,"height":445},{"@type":"BreadcrumbList","@id":"https:\/\/dicodusport.fr\/blog\/emilien-jacquelin-aujourdhui-j-ai-une-plaque-et-neuf-vis-dans-le-poignet\/#breadcrumb","itemListElement":[{"@type":"ListItem","position":1,"name":"Accueil","item":"https:\/\/dicodusport.fr\/blog\/"},{"@type":"ListItem","position":2,"name":"Emilien Jacquelin : \u00ab\u00a0Aujourd\u2019hui, j\u2019ai une plaque et neuf vis dans le poignet\u00a0\u00bb"}]},{"@type":"WebSite","@id":"https:\/\/dicodusport.fr\/blog\/#website","url":"https:\/\/dicodusport.fr\/blog\/","name":"Dicodusport","description":"L&#039;encyclop\u00e9die de l&#039;actualit\u00e9 sportive","publisher":{"@id":"https:\/\/dicodusport.fr\/blog\/#organization"},"potentialAction":[{"@type":"SearchAction","target":{"@type":"EntryPoint","urlTemplate":"https:\/\/dicodusport.fr\/blog\/?s={search_term_string}"},"query-input":{"@type":"PropertyValueSpecification","valueRequired":true,"valueName":"search_term_string"}}],"inLanguage":"fr-FR"},{"@type":"NewsMediaOrganization","@id":"https:\/\/dicodusport.fr\/blog\/#organization","name":"Dicodusport","url":"https:\/\/dicodusport.fr\/blog\/","logo":{"@type":"ImageObject","inLanguage":"fr-FR","@id":"https:\/\/dicodusport.fr\/blog\/#\/schema\/logo\/image\/","url":"https:\/\/dicodusport.fr\/blog\/wp-content\/uploads\/2020\/06\/cropped-LOGO-DICODUSPORT-2020-SANS-FOND-SANS-TEXTE.png","contentUrl":"https:\/\/dicodusport.fr\/blog\/wp-content\/uploads\/2020\/06\/cropped-LOGO-DICODUSPORT-2020-SANS-FOND-SANS-TEXTE.png","width":512,"height":512,"caption":"Dicodusport"},"image":{"@id":"https:\/\/dicodusport.fr\/blog\/#\/schema\/logo\/image\/"},"sameAs":["https:\/\/www.facebook.com\/dicodusport","https:\/\/x.com\/dicodusport","https:\/\/www.instagram.com\/dicodusport\/","https:\/\/www.youtube.com\/channel\/UC7V2KZ5sd3htJivAbA4ZG3w"],"description":"Dicodusport est l'encyclop\u00e9die de l'actualit\u00e9 sportive.","email":"bonjour@dicodusport.fr","legalName":"DICODUSPORT","foundingDate":"2018-01-14","vatID":"FR71834470973","taxID":"83447097300043","numberOfEmployees":{"@type":"QuantitativeValue","minValue":"1","maxValue":"10"}},{"@type":"Person","@id":"https:\/\/dicodusport.fr\/blog\/#\/schema\/person\/55dcb50ad410894e431ed812bbb70191","name":"Nicolas Jacquemard","image":{"@type":"ImageObject","inLanguage":"fr-FR","@id":"https:\/\/dicodusport.fr\/blog\/#\/schema\/person\/image\/","url":"https:\/\/dicodusport.fr\/blog\/wp-content\/uploads\/2021\/05\/Nicolas-Jacquemard-150x150.jpeg","contentUrl":"https:\/\/dicodusport.fr\/blog\/wp-content\/uploads\/2021\/05\/Nicolas-Jacquemard-150x150.jpeg","caption":"Nicolas Jacquemard"},"description":"Passionn\u00e9 de sport et entrepreneur depuis mes 18 ans, la cr\u00e9ation de Dicodusport m'a sembl\u00e9 \u00e9vidente pour participer \u00e0 la m\u00e9diatisation d'un plus grand nombre de sports. Le chemin est long mais avec une \u00e9quipe des plus motiv\u00e9es et les Jeux Olympiques de Paris 2024 en point de mire, nous y arriverons ! Journaliste dans le monde du sport depuis plus de 5 ans, je traite aussi bien de football, de rugby, de biathlon que de cyclisme.","sameAs":["https:\/\/www.facebook.com\/dicodusport","https:\/\/x.com\/https:\/\/twitter.com\/Nico_Jacquemard"],"url":"https:\/\/dicodusport.fr\/blog\/author\/dicodusport\/"}]}},"_links":{"self":[{"href":"https:\/\/dicodusport.fr\/blog\/wp-json\/wp\/v2\/posts\/171347","targetHints":{"allow":["GET"]}}],"collection":[{"href":"https:\/\/dicodusport.fr\/blog\/wp-json\/wp\/v2\/posts"}],"about":[{"href":"https:\/\/dicodusport.fr\/blog\/wp-json\/wp\/v2\/types\/post"}],"author":[{"embeddable":true,"href":"https:\/\/dicodusport.fr\/blog\/wp-json\/wp\/v2\/users\/1"}],"replies":[{"embeddable":true,"href":"https:\/\/dicodusport.fr\/blog\/wp-json\/wp\/v2\/comments?post=171347"}],"version-history":[{"count":0,"href":"https:\/\/dicodusport.fr\/blog\/wp-json\/wp\/v2\/posts\/171347\/revisions"}],"wp:featuredmedia":[{"embeddable":true,"href":"https:\/\/dicodusport.fr\/blog\/wp-json\/wp\/v2\/media\/171348"}],"wp:attachment":[{"href":"https:\/\/dicodusport.fr\/blog\/wp-json\/wp\/v2\/media?parent=171347"}],"wp:term":[{"taxonomy":"category","embeddable":true,"href":"https:\/\/dicodusport.fr\/blog\/wp-json\/wp\/v2\/categories?post=171347"},{"taxonomy":"post_tag","embeddable":true,"href":"https:\/\/dicodusport.fr\/blog\/wp-json\/wp\/v2\/tags?post=171347"}],"curies":[{"name":"wp","href":"https:\/\/api.w.org\/{rel}","templated":true}]}}