{"id":171451,"date":"2021-10-05T20:33:01","date_gmt":"2021-10-05T18:33:01","guid":{"rendered":"https:\/\/dicodusport.fr\/blog\/?p=171451"},"modified":"2021-10-06T08:16:28","modified_gmt":"2021-10-06T06:16:28","slug":"championnats-d-europe-de-cyclisme-sur-piste-bleus-argent-vitesse-thomas-bronze-elimination","status":"publish","type":"post","link":"https:\/\/dicodusport.fr\/blog\/championnats-d-europe-de-cyclisme-sur-piste-bleus-argent-vitesse-thomas-bronze-elimination\/","title":{"rendered":"Championnats d&rsquo;Europe de cyclisme sur piste : Les Bleus en argent en vitesse, Thomas en bronze sur l&rsquo;\u00e9limination"},"content":{"rendered":"<p style=\"text-align: justify;\"><strong><em><a href=\"https:\/\/dicodusport.fr\/blog\/championnats-europe-cyclisme-sur-piste-2021-calendrier-complet-et-resultats\/\">CHAMPIONNATS D&rsquo;EUROPE DE CYCLISME SUR PISTE<\/a> &#8211; Excellente premi\u00e8re journ\u00e9e au v\u00e9lodrome de Granges en Suisse. Apr\u00e8s les 4 \u00e9v\u00e8nements du jour, la France totalise d\u00e9j\u00e0 3 m\u00e9dailles, 2 en argent et 1 en bronze.<\/em><\/strong><\/p>\n<h2 style=\"text-align: justify;\">L&rsquo;or attendra<\/h2>\n<p style=\"text-align: justify;\">Apr\u00e8s <a href=\"https:\/\/dicodusport.fr\/blog\/championnats-deurope-de-cyclisme-sur-piste-valentine-fortin-en-argent-sur-le-scratch\/\">la premi\u00e8re m\u00e9daille d&rsquo;argent obtenue par <strong>Valentine Fortin<\/strong> lors du scratch<\/a>, deux autres breloques sont venues garnir les valises fran\u00e7aises ce mardi. Champion du monde de l&rsquo;omnium en 2014, <strong>Thomas Boudat<\/strong> s&rsquo;est align\u00e9 sur la course \u00e0 l&rsquo;\u00e9limination avec une belle carte \u00e0 jouer. Bien plac\u00e9 tout au long de la course, le Girondin n&rsquo;a jamais \u00e9t\u00e9 en danger et n&rsquo;a pas d\u00e9pens\u00e9 d&rsquo;\u00e9nergie inutilement. Ayant encore trois concurrents \u00e0 ses c\u00f4t\u00e9s, il se devait de faire un dernier effort afin de garantir une m\u00e9daille, et ce fut chose faite. Cependant, dans le match \u00e0 trois, il a d\u00fb se contenter du bronze apr\u00e8s avoir jou\u00e9 son va-tout lors d&rsquo;une derni\u00e8re attaque. Le Portugais <strong>Joao Matias<\/strong> prend la m\u00e9daille d&rsquo;argent, battu par le Russe <strong>Sergey Rostovtsev<\/strong>.<\/p>\n<p style=\"text-align: justify;\">Pr\u00e9tendante elle aussi \u00e0 la m\u00e9daille, l&rsquo;\u00e9quipe de France masculine de vitesse par \u00e9quipes a r\u00e9pondu pr\u00e9sent. Avec dans ses rangs deux des trois m\u00e9daill\u00e9s olympiques \u00e0 savoir <strong>S\u00e9bastien Vigier<\/strong> et <strong>Rayan Helal<\/strong>, elle comptait \u00e9galement un petit nouveau, <strong>Timmy Gillion<\/strong>. Deuxi\u00e8me temps des qualifications, le trio fran\u00e7ais s&rsquo;est facilement d\u00e9fait des Tch\u00e8ques lors du premier tour en signant le deuxi\u00e8me meilleur chrono, synonyme de finale pour l&rsquo;or. Devant, on retrouve les intouchables n\u00e9erlandais, champions olympiques et du monde en titre. Apr\u00e8s un premier faux-d\u00e9part du lanceur fran\u00e7ais suite \u00e0 un manque d&rsquo;adh\u00e9rence de la roue arri\u00e8re, ce fut aux <em>Oranjes\u00a0<\/em>de connaitre le m\u00eame probl\u00e8me. C&rsquo;est finalement au troisi\u00e8me d\u00e9part que le titre s&rsquo;est jou\u00e9 : <strong>Jeffrey Hoogland<\/strong>, <strong>Harrie Levreysen<\/strong> et <strong>Roy van den Berg<\/strong> l&rsquo;ont emport\u00e9 sans difficult\u00e9 puisque <strong>Timmy Gillion<\/strong> a \u00e0 nouveau connu un d\u00e9part rat\u00e9. En petite finale, les Polonais ont eu raison des Britanniques.<\/p>\n<blockquote class=\"twitter-tweet\">\n<p dir=\"ltr\" lang=\"fr\"><a href=\"https:\/\/twitter.com\/hashtag\/EuroTrack21?src=hash&amp;ref_src=twsrc%5Etfw\">#EuroTrack21<\/a> | Compos\u00e9e de Timmy Gillion, Rayan Helal et S\u00e9bastien Vigier, l&rsquo;\u00c9quipe de France de vitesse par \u00e9quipes d\u00e9croche la m\u00e9daille d&rsquo;argent &#x1f948;. <a href=\"https:\/\/twitter.com\/hashtag\/JeRouleAvecSKF?src=hash&amp;ref_src=twsrc%5Etfw\">#JeRouleAvecSKF<\/a><\/p>\n<p>&#x1f4f8; <a href=\"https:\/\/twitter.com\/UEC_cycling?ref_src=twsrc%5Etfw\">@UEC_cycling<\/a> <a href=\"https:\/\/t.co\/xP4ZoE0XT6\">pic.twitter.com\/xP4ZoE0XT6<\/a><\/p>\n<p>\u2014 FFC (@FFCyclisme) <a href=\"https:\/\/twitter.com\/FFCyclisme\/status\/1445448475739516928?ref_src=twsrc%5Etfw\">October 5, 2021<\/a><\/p><\/blockquote>\n<p><script async src=\"https:\/\/platform.twitter.com\/widgets.js\" charset=\"utf-8\"><\/script><\/p>\n","protected":false},"excerpt":{"rendered":"<p>CHAMPIONNATS D&rsquo;EUROPE DE CYCLISME SUR PISTE &#8211; Excellente premi\u00e8re journ\u00e9e au v\u00e9lodrome de Granges en Suisse. Apr\u00e8s les 4 \u00e9v\u00e8nements du jour, la France totalise d\u00e9j\u00e0 3 m\u00e9dailles, 2 en argent et 1 en bronze.<\/p>\n","protected":false},"author":43,"featured_media":171489,"comment_status":"open","ping_status":"closed","sticky":false,"template":"","format":"standard","meta":{"_acf_changed":false,"_daextam_enable_autolinks":"","footnotes":""},"categories":[14089],"tags":[4799,5649,1664,2181],"class_list":["post-171451","post","type-post","status-publish","format-standard","has-post-thumbnail","hentry","category-cyclisme-sur-piste","tag-championnats-deurope","tag-championnats-deurope-de-cyclisme-sur-piste","tag-cyclisme-sur-piste","tag-sebastien-vigier"],"acf":[],"yoast_head":"<!-- This site is optimized with the Yoast SEO Premium plugin v26.7 (Yoast SEO v26.7) - https:\/\/yoast.com\/wordpress\/plugins\/seo\/ -->\n<title>Championnats d&#039;Europe de cyclisme sur piste : Les Bleus en argent en vitesse, Thomas en bronze sur l&#039;\u00e9limination<\/title>\n<meta name=\"description\" content=\"Une premi\u00e8re journ\u00e9e excellente pour les pistards fran\u00e7ais. Deux m\u00e9dailles d&#039;argent et une de bronze ont \u00e9t\u00e9 remport\u00e9es ce mardi aux Europe.\" \/>\n<meta name=\"robots\" content=\"index, follow, max-snippet:-1, max-image-preview:large, max-video-preview:-1\" \/>\n<link rel=\"canonical\" href=\"https:\/\/dicodusport.fr\/blog\/championnats-d-europe-de-cyclisme-sur-piste-bleus-argent-vitesse-thomas-bronze-elimination\/\" \/>\n<meta property=\"og:locale\" content=\"fr_FR\" \/>\n<meta property=\"og:type\" content=\"article\" \/>\n<meta property=\"og:title\" content=\"Piste - Ch. d&#039;Europe : Les Bleus en argent en vitesse, Thomas en bronze sur l&#039;\u00e9limination\" \/>\n<meta property=\"og:description\" content=\"Une premi\u00e8re journ\u00e9e excellente pour les pistards fran\u00e7ais. Deux m\u00e9dailles d&#039;argent et une de bronze ont \u00e9t\u00e9 remport\u00e9es ce mardi aux Europe.\" \/>\n<meta property=\"og:url\" content=\"https:\/\/dicodusport.fr\/blog\/championnats-d-europe-de-cyclisme-sur-piste-bleus-argent-vitesse-thomas-bronze-elimination\/\" \/>\n<meta property=\"og:site_name\" content=\"Dicodusport\" \/>\n<meta property=\"article:publisher\" content=\"https:\/\/www.facebook.com\/dicodusport\" \/>\n<meta property=\"article:author\" content=\"https:\/\/www.facebook.com\/Max.Bld2\/\" \/>\n<meta property=\"article:published_time\" content=\"2021-10-05T18:33:01+00:00\" \/>\n<meta property=\"article:modified_time\" content=\"2021-10-06T06:16:28+00:00\" \/>\n<meta property=\"og:image\" content=\"https:\/\/dicodusport.fr\/blog\/wp-content\/uploads\/2021\/10\/Championnats-dEurope-de-cyclisme-sur-piste-Les-Bleus-en-argent-en-vitesse-Thomas-en-bronze-sur-lelimination-.png\" \/>\n\t<meta property=\"og:image:width\" content=\"800\" \/>\n\t<meta property=\"og:image:height\" content=\"445\" \/>\n\t<meta property=\"og:image:type\" content=\"image\/png\" \/>\n<meta name=\"author\" content=\"Maxime Boulard\" \/>\n<meta name=\"twitter:card\" content=\"summary_large_image\" \/>\n<meta name=\"twitter:title\" content=\"Piste - Ch. d&#039;Europe : Les Bleus en argent en vitesse, Thomas en bronze sur l&#039;\u00e9limination\" \/>\n<meta name=\"twitter:creator\" content=\"@https:\/\/twitter.com\/MaximeB_2\" \/>\n<meta name=\"twitter:site\" content=\"@dicodusport\" \/>\n<script type=\"application\/ld+json\" class=\"yoast-schema-graph\">{\"@context\":\"https:\/\/schema.org\",\"@graph\":[{\"@type\":\"NewsArticle\",\"@id\":\"https:\/\/dicodusport.fr\/blog\/championnats-d-europe-de-cyclisme-sur-piste-bleus-argent-vitesse-thomas-bronze-elimination\/#article\",\"isPartOf\":{\"@id\":\"https:\/\/dicodusport.fr\/blog\/championnats-d-europe-de-cyclisme-sur-piste-bleus-argent-vitesse-thomas-bronze-elimination\/\"},\"author\":{\"name\":\"Maxime Boulard\",\"@id\":\"https:\/\/dicodusport.fr\/blog\/#\/schema\/person\/5aab10ee856e86ac63e9819a9da34784\"},\"headline\":\"Championnats d&rsquo;Europe de cyclisme sur piste : Les Bleus en argent en vitesse, Thomas en bronze sur l&rsquo;\u00e9limination\",\"datePublished\":\"2021-10-05T18:33:01+00:00\",\"dateModified\":\"2021-10-06T06:16:28+00:00\",\"mainEntityOfPage\":{\"@id\":\"https:\/\/dicodusport.fr\/blog\/championnats-d-europe-de-cyclisme-sur-piste-bleus-argent-vitesse-thomas-bronze-elimination\/\"},\"wordCount\":422,\"commentCount\":0,\"publisher\":{\"@id\":\"https:\/\/dicodusport.fr\/blog\/#organization\"},\"image\":{\"@id\":\"https:\/\/dicodusport.fr\/blog\/championnats-d-europe-de-cyclisme-sur-piste-bleus-argent-vitesse-thomas-bronze-elimination\/#primaryimage\"},\"thumbnailUrl\":\"https:\/\/dicodusport.fr\/blog\/wp-content\/uploads\/2021\/10\/Championnats-dEurope-de-cyclisme-sur-piste-Les-Bleus-en-argent-en-vitesse-Thomas-en-bronze-sur-lelimination-.png\",\"keywords\":[\"Championnats d'Europe\",\"Championnats d'Europe de cyclisme sur piste\",\"cyclisme sur piste\",\"S\u00e9bastien Vigier\"],\"articleSection\":[\"Cyclisme sur piste\"],\"inLanguage\":\"fr-FR\",\"potentialAction\":[{\"@type\":\"CommentAction\",\"name\":\"Comment\",\"target\":[\"https:\/\/dicodusport.fr\/blog\/championnats-d-europe-de-cyclisme-sur-piste-bleus-argent-vitesse-thomas-bronze-elimination\/#respond\"]}],\"copyrightYear\":\"2021\",\"copyrightHolder\":{\"@id\":\"https:\/\/dicodusport.fr\/blog\/#organization\"}},{\"@type\":\"WebPage\",\"@id\":\"https:\/\/dicodusport.fr\/blog\/championnats-d-europe-de-cyclisme-sur-piste-bleus-argent-vitesse-thomas-bronze-elimination\/\",\"url\":\"https:\/\/dicodusport.fr\/blog\/championnats-d-europe-de-cyclisme-sur-piste-bleus-argent-vitesse-thomas-bronze-elimination\/\",\"name\":\"Championnats d'Europe de cyclisme sur piste : Les Bleus en argent en vitesse, Thomas en bronze sur l'\u00e9limination\",\"isPartOf\":{\"@id\":\"https:\/\/dicodusport.fr\/blog\/#website\"},\"primaryImageOfPage\":{\"@id\":\"https:\/\/dicodusport.fr\/blog\/championnats-d-europe-de-cyclisme-sur-piste-bleus-argent-vitesse-thomas-bronze-elimination\/#primaryimage\"},\"image\":{\"@id\":\"https:\/\/dicodusport.fr\/blog\/championnats-d-europe-de-cyclisme-sur-piste-bleus-argent-vitesse-thomas-bronze-elimination\/#primaryimage\"},\"thumbnailUrl\":\"https:\/\/dicodusport.fr\/blog\/wp-content\/uploads\/2021\/10\/Championnats-dEurope-de-cyclisme-sur-piste-Les-Bleus-en-argent-en-vitesse-Thomas-en-bronze-sur-lelimination-.png\",\"datePublished\":\"2021-10-05T18:33:01+00:00\",\"dateModified\":\"2021-10-06T06:16:28+00:00\",\"description\":\"Une premi\u00e8re journ\u00e9e excellente pour les pistards fran\u00e7ais. Deux m\u00e9dailles d'argent et une de bronze ont \u00e9t\u00e9 remport\u00e9es ce mardi aux Europe.\",\"breadcrumb\":{\"@id\":\"https:\/\/dicodusport.fr\/blog\/championnats-d-europe-de-cyclisme-sur-piste-bleus-argent-vitesse-thomas-bronze-elimination\/#breadcrumb\"},\"inLanguage\":\"fr-FR\",\"potentialAction\":[{\"@type\":\"ReadAction\",\"target\":[\"https:\/\/dicodusport.fr\/blog\/championnats-d-europe-de-cyclisme-sur-piste-bleus-argent-vitesse-thomas-bronze-elimination\/\"]}]},{\"@type\":\"ImageObject\",\"inLanguage\":\"fr-FR\",\"@id\":\"https:\/\/dicodusport.fr\/blog\/championnats-d-europe-de-cyclisme-sur-piste-bleus-argent-vitesse-thomas-bronze-elimination\/#primaryimage\",\"url\":\"https:\/\/dicodusport.fr\/blog\/wp-content\/uploads\/2021\/10\/Championnats-dEurope-de-cyclisme-sur-piste-Les-Bleus-en-argent-en-vitesse-Thomas-en-bronze-sur-lelimination-.png\",\"contentUrl\":\"https:\/\/dicodusport.fr\/blog\/wp-content\/uploads\/2021\/10\/Championnats-dEurope-de-cyclisme-sur-piste-Les-Bleus-en-argent-en-vitesse-Thomas-en-bronze-sur-lelimination-.png\",\"width\":800,\"height\":445,\"caption\":\"Championnats d'Europe de cyclisme sur piste Les Bleus en argent en vitesse, Thomas en bronze sur l'\u00e9limination\"},{\"@type\":\"BreadcrumbList\",\"@id\":\"https:\/\/dicodusport.fr\/blog\/championnats-d-europe-de-cyclisme-sur-piste-bleus-argent-vitesse-thomas-bronze-elimination\/#breadcrumb\",\"itemListElement\":[{\"@type\":\"ListItem\",\"position\":1,\"name\":\"Accueil\",\"item\":\"https:\/\/dicodusport.fr\/blog\/\"},{\"@type\":\"ListItem\",\"position\":2,\"name\":\"Championnats d&rsquo;Europe de cyclisme sur piste : Les Bleus en argent en vitesse, Thomas en bronze sur l&rsquo;\u00e9limination\"}]},{\"@type\":\"WebSite\",\"@id\":\"https:\/\/dicodusport.fr\/blog\/#website\",\"url\":\"https:\/\/dicodusport.fr\/blog\/\",\"name\":\"Dicodusport\",\"description\":\"L&#039;encyclop\u00e9die de l&#039;actualit\u00e9 sportive\",\"publisher\":{\"@id\":\"https:\/\/dicodusport.fr\/blog\/#organization\"},\"potentialAction\":[{\"@type\":\"SearchAction\",\"target\":{\"@type\":\"EntryPoint\",\"urlTemplate\":\"https:\/\/dicodusport.fr\/blog\/?s={search_term_string}\"},\"query-input\":{\"@type\":\"PropertyValueSpecification\",\"valueRequired\":true,\"valueName\":\"search_term_string\"}}],\"inLanguage\":\"fr-FR\"},{\"@type\":\"NewsMediaOrganization\",\"@id\":\"https:\/\/dicodusport.fr\/blog\/#organization\",\"name\":\"Dicodusport\",\"url\":\"https:\/\/dicodusport.fr\/blog\/\",\"logo\":{\"@type\":\"ImageObject\",\"inLanguage\":\"fr-FR\",\"@id\":\"https:\/\/dicodusport.fr\/blog\/#\/schema\/logo\/image\/\",\"url\":\"https:\/\/dicodusport.fr\/blog\/wp-content\/uploads\/2020\/06\/cropped-LOGO-DICODUSPORT-2020-SANS-FOND-SANS-TEXTE.png\",\"contentUrl\":\"https:\/\/dicodusport.fr\/blog\/wp-content\/uploads\/2020\/06\/cropped-LOGO-DICODUSPORT-2020-SANS-FOND-SANS-TEXTE.png\",\"width\":512,\"height\":512,\"caption\":\"Dicodusport\"},\"image\":{\"@id\":\"https:\/\/dicodusport.fr\/blog\/#\/schema\/logo\/image\/\"},\"sameAs\":[\"https:\/\/www.facebook.com\/dicodusport\",\"https:\/\/x.com\/dicodusport\",\"https:\/\/www.instagram.com\/dicodusport\/\",\"https:\/\/www.youtube.com\/channel\/UC7V2KZ5sd3htJivAbA4ZG3w\"],\"description\":\"Dicodusport est l'encyclop\u00e9die de l'actualit\u00e9 sportive.\",\"email\":\"bonjour@dicodusport.fr\",\"legalName\":\"DICODUSPORT\",\"foundingDate\":\"2018-01-14\",\"vatID\":\"FR71834470973\",\"taxID\":\"83447097300043\",\"numberOfEmployees\":{\"@type\":\"QuantitativeValue\",\"minValue\":\"1\",\"maxValue\":\"10\"}},{\"@type\":\"Person\",\"@id\":\"https:\/\/dicodusport.fr\/blog\/#\/schema\/person\/5aab10ee856e86ac63e9819a9da34784\",\"name\":\"Maxime Boulard\",\"image\":{\"@type\":\"ImageObject\",\"inLanguage\":\"fr-FR\",\"@id\":\"https:\/\/dicodusport.fr\/blog\/#\/schema\/person\/image\/\",\"url\":\"https:\/\/dicodusport.fr\/blog\/wp-content\/uploads\/2021\/05\/Maxime-Boulard-150x150.jpg\",\"contentUrl\":\"https:\/\/dicodusport.fr\/blog\/wp-content\/uploads\/2021\/05\/Maxime-Boulard-150x150.jpg\",\"caption\":\"Maxime Boulard\"},\"description\":\"Journaliste\/r\u00e9dacteur depuis octobre 2020 - Si mon plus vieux souvenir de sport aurait pu m'en d\u00e9go\u00fbter, la finale de la Coupe du monde 2006 a \u00e9t\u00e9 tout le contraire. V\u00e9ritable d\u00e9clencheur d'une passion qui aujourd'hui ne fait que grandir avec le temps, mon leitmotiv est la France qui brille ! Je relate les exploits pass\u00e9s et pr\u00e9sents du sport bleu-blanc-rouge sans m\u00e9nagement depuis octobre 2020. Sport valide ou handisport, aucune diff\u00e9rence, il n'y a que du sport et plusieurs fa\u00e7ons de le pratiquer.\",\"sameAs\":[\"https:\/\/www.facebook.com\/Max.Bld2\/\",\"https:\/\/x.com\/https:\/\/twitter.com\/MaximeB_2\"],\"url\":\"https:\/\/dicodusport.fr\/blog\/author\/maxime-b\/\"}]}<\/script>\n<!-- \/ Yoast SEO Premium plugin. -->","yoast_head_json":{"title":"Championnats d'Europe de cyclisme sur piste : Les Bleus en argent en vitesse, Thomas en bronze sur l'\u00e9limination","description":"Une premi\u00e8re journ\u00e9e excellente pour les pistards fran\u00e7ais. Deux m\u00e9dailles d'argent et une de bronze ont \u00e9t\u00e9 remport\u00e9es ce mardi aux Europe.","robots":{"index":"index","follow":"follow","max-snippet":"max-snippet:-1","max-image-preview":"max-image-preview:large","max-video-preview":"max-video-preview:-1"},"canonical":"https:\/\/dicodusport.fr\/blog\/championnats-d-europe-de-cyclisme-sur-piste-bleus-argent-vitesse-thomas-bronze-elimination\/","og_locale":"fr_FR","og_type":"article","og_title":"Piste - Ch. d'Europe : Les Bleus en argent en vitesse, Thomas en bronze sur l'\u00e9limination","og_description":"Une premi\u00e8re journ\u00e9e excellente pour les pistards fran\u00e7ais. Deux m\u00e9dailles d'argent et une de bronze ont \u00e9t\u00e9 remport\u00e9es ce mardi aux Europe.","og_url":"https:\/\/dicodusport.fr\/blog\/championnats-d-europe-de-cyclisme-sur-piste-bleus-argent-vitesse-thomas-bronze-elimination\/","og_site_name":"Dicodusport","article_publisher":"https:\/\/www.facebook.com\/dicodusport","article_author":"https:\/\/www.facebook.com\/Max.Bld2\/","article_published_time":"2021-10-05T18:33:01+00:00","article_modified_time":"2021-10-06T06:16:28+00:00","og_image":[{"width":800,"height":445,"url":"https:\/\/dicodusport.fr\/blog\/wp-content\/uploads\/2021\/10\/Championnats-dEurope-de-cyclisme-sur-piste-Les-Bleus-en-argent-en-vitesse-Thomas-en-bronze-sur-lelimination-.png","type":"image\/png"}],"author":"Maxime Boulard","twitter_card":"summary_large_image","twitter_title":"Piste - Ch. d'Europe : Les Bleus en argent en vitesse, Thomas en bronze sur l'\u00e9limination","twitter_creator":"@https:\/\/twitter.com\/MaximeB_2","twitter_site":"@dicodusport","schema":{"@context":"https:\/\/schema.org","@graph":[{"@type":"NewsArticle","@id":"https:\/\/dicodusport.fr\/blog\/championnats-d-europe-de-cyclisme-sur-piste-bleus-argent-vitesse-thomas-bronze-elimination\/#article","isPartOf":{"@id":"https:\/\/dicodusport.fr\/blog\/championnats-d-europe-de-cyclisme-sur-piste-bleus-argent-vitesse-thomas-bronze-elimination\/"},"author":{"name":"Maxime Boulard","@id":"https:\/\/dicodusport.fr\/blog\/#\/schema\/person\/5aab10ee856e86ac63e9819a9da34784"},"headline":"Championnats d&rsquo;Europe de cyclisme sur piste : Les Bleus en argent en vitesse, Thomas en bronze sur l&rsquo;\u00e9limination","datePublished":"2021-10-05T18:33:01+00:00","dateModified":"2021-10-06T06:16:28+00:00","mainEntityOfPage":{"@id":"https:\/\/dicodusport.fr\/blog\/championnats-d-europe-de-cyclisme-sur-piste-bleus-argent-vitesse-thomas-bronze-elimination\/"},"wordCount":422,"commentCount":0,"publisher":{"@id":"https:\/\/dicodusport.fr\/blog\/#organization"},"image":{"@id":"https:\/\/dicodusport.fr\/blog\/championnats-d-europe-de-cyclisme-sur-piste-bleus-argent-vitesse-thomas-bronze-elimination\/#primaryimage"},"thumbnailUrl":"https:\/\/dicodusport.fr\/blog\/wp-content\/uploads\/2021\/10\/Championnats-dEurope-de-cyclisme-sur-piste-Les-Bleus-en-argent-en-vitesse-Thomas-en-bronze-sur-lelimination-.png","keywords":["Championnats d'Europe","Championnats d'Europe de cyclisme sur piste","cyclisme sur piste","S\u00e9bastien Vigier"],"articleSection":["Cyclisme sur piste"],"inLanguage":"fr-FR","potentialAction":[{"@type":"CommentAction","name":"Comment","target":["https:\/\/dicodusport.fr\/blog\/championnats-d-europe-de-cyclisme-sur-piste-bleus-argent-vitesse-thomas-bronze-elimination\/#respond"]}],"copyrightYear":"2021","copyrightHolder":{"@id":"https:\/\/dicodusport.fr\/blog\/#organization"}},{"@type":"WebPage","@id":"https:\/\/dicodusport.fr\/blog\/championnats-d-europe-de-cyclisme-sur-piste-bleus-argent-vitesse-thomas-bronze-elimination\/","url":"https:\/\/dicodusport.fr\/blog\/championnats-d-europe-de-cyclisme-sur-piste-bleus-argent-vitesse-thomas-bronze-elimination\/","name":"Championnats d'Europe de cyclisme sur piste : Les Bleus en argent en vitesse, Thomas en bronze sur l'\u00e9limination","isPartOf":{"@id":"https:\/\/dicodusport.fr\/blog\/#website"},"primaryImageOfPage":{"@id":"https:\/\/dicodusport.fr\/blog\/championnats-d-europe-de-cyclisme-sur-piste-bleus-argent-vitesse-thomas-bronze-elimination\/#primaryimage"},"image":{"@id":"https:\/\/dicodusport.fr\/blog\/championnats-d-europe-de-cyclisme-sur-piste-bleus-argent-vitesse-thomas-bronze-elimination\/#primaryimage"},"thumbnailUrl":"https:\/\/dicodusport.fr\/blog\/wp-content\/uploads\/2021\/10\/Championnats-dEurope-de-cyclisme-sur-piste-Les-Bleus-en-argent-en-vitesse-Thomas-en-bronze-sur-lelimination-.png","datePublished":"2021-10-05T18:33:01+00:00","dateModified":"2021-10-06T06:16:28+00:00","description":"Une premi\u00e8re journ\u00e9e excellente pour les pistards fran\u00e7ais. Deux m\u00e9dailles d'argent et une de bronze ont \u00e9t\u00e9 remport\u00e9es ce mardi aux Europe.","breadcrumb":{"@id":"https:\/\/dicodusport.fr\/blog\/championnats-d-europe-de-cyclisme-sur-piste-bleus-argent-vitesse-thomas-bronze-elimination\/#breadcrumb"},"inLanguage":"fr-FR","potentialAction":[{"@type":"ReadAction","target":["https:\/\/dicodusport.fr\/blog\/championnats-d-europe-de-cyclisme-sur-piste-bleus-argent-vitesse-thomas-bronze-elimination\/"]}]},{"@type":"ImageObject","inLanguage":"fr-FR","@id":"https:\/\/dicodusport.fr\/blog\/championnats-d-europe-de-cyclisme-sur-piste-bleus-argent-vitesse-thomas-bronze-elimination\/#primaryimage","url":"https:\/\/dicodusport.fr\/blog\/wp-content\/uploads\/2021\/10\/Championnats-dEurope-de-cyclisme-sur-piste-Les-Bleus-en-argent-en-vitesse-Thomas-en-bronze-sur-lelimination-.png","contentUrl":"https:\/\/dicodusport.fr\/blog\/wp-content\/uploads\/2021\/10\/Championnats-dEurope-de-cyclisme-sur-piste-Les-Bleus-en-argent-en-vitesse-Thomas-en-bronze-sur-lelimination-.png","width":800,"height":445,"caption":"Championnats d'Europe de cyclisme sur piste Les Bleus en argent en vitesse, Thomas en bronze sur l'\u00e9limination"},{"@type":"BreadcrumbList","@id":"https:\/\/dicodusport.fr\/blog\/championnats-d-europe-de-cyclisme-sur-piste-bleus-argent-vitesse-thomas-bronze-elimination\/#breadcrumb","itemListElement":[{"@type":"ListItem","position":1,"name":"Accueil","item":"https:\/\/dicodusport.fr\/blog\/"},{"@type":"ListItem","position":2,"name":"Championnats d&rsquo;Europe de cyclisme sur piste : Les Bleus en argent en vitesse, Thomas en bronze sur l&rsquo;\u00e9limination"}]},{"@type":"WebSite","@id":"https:\/\/dicodusport.fr\/blog\/#website","url":"https:\/\/dicodusport.fr\/blog\/","name":"Dicodusport","description":"L&#039;encyclop\u00e9die de l&#039;actualit\u00e9 sportive","publisher":{"@id":"https:\/\/dicodusport.fr\/blog\/#organization"},"potentialAction":[{"@type":"SearchAction","target":{"@type":"EntryPoint","urlTemplate":"https:\/\/dicodusport.fr\/blog\/?s={search_term_string}"},"query-input":{"@type":"PropertyValueSpecification","valueRequired":true,"valueName":"search_term_string"}}],"inLanguage":"fr-FR"},{"@type":"NewsMediaOrganization","@id":"https:\/\/dicodusport.fr\/blog\/#organization","name":"Dicodusport","url":"https:\/\/dicodusport.fr\/blog\/","logo":{"@type":"ImageObject","inLanguage":"fr-FR","@id":"https:\/\/dicodusport.fr\/blog\/#\/schema\/logo\/image\/","url":"https:\/\/dicodusport.fr\/blog\/wp-content\/uploads\/2020\/06\/cropped-LOGO-DICODUSPORT-2020-SANS-FOND-SANS-TEXTE.png","contentUrl":"https:\/\/dicodusport.fr\/blog\/wp-content\/uploads\/2020\/06\/cropped-LOGO-DICODUSPORT-2020-SANS-FOND-SANS-TEXTE.png","width":512,"height":512,"caption":"Dicodusport"},"image":{"@id":"https:\/\/dicodusport.fr\/blog\/#\/schema\/logo\/image\/"},"sameAs":["https:\/\/www.facebook.com\/dicodusport","https:\/\/x.com\/dicodusport","https:\/\/www.instagram.com\/dicodusport\/","https:\/\/www.youtube.com\/channel\/UC7V2KZ5sd3htJivAbA4ZG3w"],"description":"Dicodusport est l'encyclop\u00e9die de l'actualit\u00e9 sportive.","email":"bonjour@dicodusport.fr","legalName":"DICODUSPORT","foundingDate":"2018-01-14","vatID":"FR71834470973","taxID":"83447097300043","numberOfEmployees":{"@type":"QuantitativeValue","minValue":"1","maxValue":"10"}},{"@type":"Person","@id":"https:\/\/dicodusport.fr\/blog\/#\/schema\/person\/5aab10ee856e86ac63e9819a9da34784","name":"Maxime Boulard","image":{"@type":"ImageObject","inLanguage":"fr-FR","@id":"https:\/\/dicodusport.fr\/blog\/#\/schema\/person\/image\/","url":"https:\/\/dicodusport.fr\/blog\/wp-content\/uploads\/2021\/05\/Maxime-Boulard-150x150.jpg","contentUrl":"https:\/\/dicodusport.fr\/blog\/wp-content\/uploads\/2021\/05\/Maxime-Boulard-150x150.jpg","caption":"Maxime Boulard"},"description":"Journaliste\/r\u00e9dacteur depuis octobre 2020 - Si mon plus vieux souvenir de sport aurait pu m'en d\u00e9go\u00fbter, la finale de la Coupe du monde 2006 a \u00e9t\u00e9 tout le contraire. V\u00e9ritable d\u00e9clencheur d'une passion qui aujourd'hui ne fait que grandir avec le temps, mon leitmotiv est la France qui brille ! Je relate les exploits pass\u00e9s et pr\u00e9sents du sport bleu-blanc-rouge sans m\u00e9nagement depuis octobre 2020. Sport valide ou handisport, aucune diff\u00e9rence, il n'y a que du sport et plusieurs fa\u00e7ons de le pratiquer.","sameAs":["https:\/\/www.facebook.com\/Max.Bld2\/","https:\/\/x.com\/https:\/\/twitter.com\/MaximeB_2"],"url":"https:\/\/dicodusport.fr\/blog\/author\/maxime-b\/"}]}},"_links":{"self":[{"href":"https:\/\/dicodusport.fr\/blog\/wp-json\/wp\/v2\/posts\/171451","targetHints":{"allow":["GET"]}}],"collection":[{"href":"https:\/\/dicodusport.fr\/blog\/wp-json\/wp\/v2\/posts"}],"about":[{"href":"https:\/\/dicodusport.fr\/blog\/wp-json\/wp\/v2\/types\/post"}],"author":[{"embeddable":true,"href":"https:\/\/dicodusport.fr\/blog\/wp-json\/wp\/v2\/users\/43"}],"replies":[{"embeddable":true,"href":"https:\/\/dicodusport.fr\/blog\/wp-json\/wp\/v2\/comments?post=171451"}],"version-history":[{"count":0,"href":"https:\/\/dicodusport.fr\/blog\/wp-json\/wp\/v2\/posts\/171451\/revisions"}],"wp:featuredmedia":[{"embeddable":true,"href":"https:\/\/dicodusport.fr\/blog\/wp-json\/wp\/v2\/media\/171489"}],"wp:attachment":[{"href":"https:\/\/dicodusport.fr\/blog\/wp-json\/wp\/v2\/media?parent=171451"}],"wp:term":[{"taxonomy":"category","embeddable":true,"href":"https:\/\/dicodusport.fr\/blog\/wp-json\/wp\/v2\/categories?post=171451"},{"taxonomy":"post_tag","embeddable":true,"href":"https:\/\/dicodusport.fr\/blog\/wp-json\/wp\/v2\/tags?post=171451"}],"curies":[{"name":"wp","href":"https:\/\/api.w.org\/{rel}","templated":true}]}}