{"id":171747,"date":"2021-10-07T11:57:15","date_gmt":"2021-10-07T09:57:15","guid":{"rendered":"https:\/\/dicodusport.fr\/blog\/?p=171747&#038;preview=true&#038;preview_id=171747"},"modified":"2021-10-07T11:57:15","modified_gmt":"2021-10-07T09:57:15","slug":"wrc-sebastien-ogier-et-julien-ingrassia-mettent-fin-a-leur-collaboration","status":"publish","type":"post","link":"https:\/\/dicodusport.fr\/blog\/wrc-sebastien-ogier-et-julien-ingrassia-mettent-fin-a-leur-collaboration\/","title":{"rendered":"WRC : S\u00e9bastien Ogier et Julien Ingrassia mettent fin \u00e0 leur collaboration"},"content":{"rendered":"<p style=\"text-align: justify;\"><strong><em>RALLYE WRC &#8211; C&rsquo;\u00e9tait dans les tuyaux, c&rsquo;est d\u00e9sormais officiel. S\u00e9bastien Ogier et Julien Ingrassia ne seront plus associ\u00e9s la saison prochaine. L&rsquo;\u00e9quipe Toyota Gazoo Racing l&rsquo;a confirm\u00e9 ce jeudi sur ses r\u00e9seaux sociaux.<\/em><\/strong><\/p>\n<p style=\"text-align: justify;\">C&rsquo;est une aventure qui a d\u00e9but\u00e9 en 2006, et qui se terminera donc en cette fin de saison 2021. Apr\u00e8s 15 ans d&rsquo;une collaboration ponctu\u00e9e de sept titres mondiaux en WRC, et possiblement d&rsquo;un huiti\u00e8me dans quelques semaines, <strong>S\u00e9bastien Ogier<\/strong> et <strong>Julien Ingrassia<\/strong> ne seront plus associ\u00e9s la saison prochaine. Le co-pilote du Gapen\u00e7ais a en effet d\u00e9cid\u00e9 de tourner la page du <strong>WRC<\/strong>. Si aucune raison (officielle) de ce divorce n&rsquo;a \u00e9t\u00e9 d\u00e9voil\u00e9e, en coulisses, il se murmure que les deux hommes ne seraient plus forc\u00e9ment sur la m\u00eame longueur d&rsquo;ondes depuis quelques mois. En 2022, Ogier aura donc un nouvel acolyte, en la personne de <strong>Benjamin Veillas<\/strong>, qui a d\u00e9j\u00e0 effectu\u00e9 des tests avec le septuple champion du monde.<\/p>\n<p style=\"text-align: justify;\">Le team Toyota Gazoo Racing en a \u00e9galement profit\u00e9 pour annoncer que le programme de<strong> S\u00e9bastien Ogier<\/strong> serait tr\u00e8s all\u00e9g\u00e9 la saison prochaine. Ce dernier ne devrait en effet disputer que 6 rallyes en 2022.<\/p>\n<h2 style=\"text-align: justify;\"><strong>La r\u00e9action de S\u00e9bastien Ogier sur Twitter<\/strong><\/h2>\n<blockquote>\n<p style=\"text-align: justify;\">Je respecte \u00e0 100 % sa d\u00e9cision \u00e0 l&rsquo;heure o\u00f9 moi aussi je vais r\u00e9duire le rythme. Julien a \u00e9t\u00e9 une pi\u00e8ce ma\u00eetresse de nos succ\u00e8s. D\u00e8s mes d\u00e9buts en rallye et durant 16 ans, il a \u00e9t\u00e9 l\u00e0. On a tout construit ensemble, d\u00e9couvert le WRC et r\u00e9alis\u00e9 nos r\u00eaves. Julien, \u00e0 mes yeux, c&rsquo;est sans \u00e9quivoque : tu es le meilleur des copilotes. Qui sait ce qu&rsquo;aurait \u00e9t\u00e9 ma carri\u00e8re sans toi ? Un grand merci parce que je sais ce que je te dois. Tu seras impossible \u00e0 remplacer.<\/p>\n<\/blockquote>\n<blockquote class=\"twitter-tweet\">\n<p dir=\"ltr\" lang=\"en\">Julien has decided to stop his career as a codriver next year. It will be the end of a long and beautiful journey together &#x1f64f;&#x1f3fb; <a href=\"https:\/\/t.co\/Y1QlsVbZX0\">pic.twitter.com\/Y1QlsVbZX0<\/a><\/p>\n<p>\u2014 S\u00e9bastien Ogier (@SebOgier) <a href=\"https:\/\/twitter.com\/SebOgier\/status\/1446030834847436800?ref_src=twsrc%5Etfw\">October 7, 2021<\/a><\/p><\/blockquote>\n<p><script async src=\"https:\/\/platform.twitter.com\/widgets.js\" charset=\"utf-8\"><\/script><\/p>\n","protected":false},"excerpt":{"rendered":"<p>RALLYE WRC &#8211; C&rsquo;\u00e9tait dans les tuyaux, c&rsquo;est d\u00e9sormais officiel. S\u00e9bastien Ogier et Julien Ingrassia ne seront plus associ\u00e9s la saison prochaine. L&rsquo;\u00e9quipe Toyota Gazoo Racing l&rsquo;a confirm\u00e9 ce jeudi sur ses r\u00e9seaux sociaux.<\/p>\n","protected":false},"author":4,"featured_media":171749,"comment_status":"open","ping_status":"closed","sticky":false,"template":"","format":"standard","meta":{"_acf_changed":false,"_daextam_enable_autolinks":"","footnotes":""},"categories":[47088],"tags":[2234,2235],"class_list":["post-171747","post","type-post","status-publish","format-standard","has-post-thumbnail","hentry","category-rallye-wrc","tag-sebastien-ogier","tag-wrc"],"acf":[],"yoast_head":"<!-- This site is optimized with the Yoast SEO Premium plugin v26.7 (Yoast SEO v26.7) - https:\/\/yoast.com\/wordpress\/plugins\/seo\/ -->\n<title>WRC : S\u00e9bastien Ogier et Julien Ingrassia mettent fin \u00e0 leur collaboration<\/title>\n<meta name=\"description\" content=\"RALLYE WRC - C&#039;\u00e9tait dans les tuyaux, c&#039;est d\u00e9sormais officiel. S\u00e9bastien Ogier et Julien Ingrassia ne seront plus associ\u00e9s la saison prochaine.\" \/>\n<meta name=\"robots\" content=\"index, follow, max-snippet:-1, max-image-preview:large, max-video-preview:-1\" \/>\n<link rel=\"canonical\" href=\"https:\/\/dicodusport.fr\/blog\/wrc-sebastien-ogier-et-julien-ingrassia-mettent-fin-a-leur-collaboration\/\" \/>\n<meta property=\"og:locale\" content=\"fr_FR\" \/>\n<meta property=\"og:type\" content=\"article\" \/>\n<meta property=\"og:title\" content=\"WRC : S\u00e9bastien Ogier et Julien Ingrassia mettent fin \u00e0 leur collaboration\" \/>\n<meta property=\"og:description\" content=\"RALLYE WRC - C&#039;\u00e9tait dans les tuyaux, c&#039;est d\u00e9sormais officiel. S\u00e9bastien Ogier et Julien Ingrassia ne seront plus associ\u00e9s la saison prochaine.\" \/>\n<meta property=\"og:url\" content=\"https:\/\/dicodusport.fr\/blog\/wrc-sebastien-ogier-et-julien-ingrassia-mettent-fin-a-leur-collaboration\/\" \/>\n<meta property=\"og:site_name\" content=\"Dicodusport\" \/>\n<meta property=\"article:publisher\" content=\"https:\/\/www.facebook.com\/dicodusport\" \/>\n<meta property=\"article:author\" content=\"https:\/\/www.facebook.com\/florent.ostermann\" \/>\n<meta property=\"article:published_time\" content=\"2021-10-07T09:57:15+00:00\" \/>\n<meta property=\"og:image\" content=\"https:\/\/dicodusport.fr\/blog\/wp-content\/uploads\/2021\/10\/WRC-Sebastien-Ogier-et-Julien-Ingrassia-mettent-fin-a-leur-collaboration.png\" \/>\n\t<meta property=\"og:image:width\" content=\"800\" \/>\n\t<meta property=\"og:image:height\" content=\"445\" \/>\n\t<meta property=\"og:image:type\" content=\"image\/png\" \/>\n<meta name=\"author\" content=\"Flo Ostermann\" \/>\n<meta name=\"twitter:card\" content=\"summary_large_image\" \/>\n<meta name=\"twitter:title\" content=\"WRC : S\u00e9bastien Ogier et Julien Ingrassia mettent fin \u00e0 leur collaboration\" \/>\n<meta name=\"twitter:creator\" content=\"@https:\/\/twitter.com\/FlOstermann\" \/>\n<meta name=\"twitter:site\" content=\"@dicodusport\" \/>\n<script type=\"application\/ld+json\" class=\"yoast-schema-graph\">{\"@context\":\"https:\/\/schema.org\",\"@graph\":[{\"@type\":\"NewsArticle\",\"@id\":\"https:\/\/dicodusport.fr\/blog\/wrc-sebastien-ogier-et-julien-ingrassia-mettent-fin-a-leur-collaboration\/#article\",\"isPartOf\":{\"@id\":\"https:\/\/dicodusport.fr\/blog\/wrc-sebastien-ogier-et-julien-ingrassia-mettent-fin-a-leur-collaboration\/\"},\"author\":{\"name\":\"Flo Ostermann\",\"@id\":\"https:\/\/dicodusport.fr\/blog\/#\/schema\/person\/cb02af4c173ce4a653b55e9baf388d4a\"},\"headline\":\"WRC : S\u00e9bastien Ogier et Julien Ingrassia mettent fin \u00e0 leur collaboration\",\"datePublished\":\"2021-10-07T09:57:15+00:00\",\"mainEntityOfPage\":{\"@id\":\"https:\/\/dicodusport.fr\/blog\/wrc-sebastien-ogier-et-julien-ingrassia-mettent-fin-a-leur-collaboration\/\"},\"wordCount\":370,\"commentCount\":0,\"publisher\":{\"@id\":\"https:\/\/dicodusport.fr\/blog\/#organization\"},\"image\":{\"@id\":\"https:\/\/dicodusport.fr\/blog\/wrc-sebastien-ogier-et-julien-ingrassia-mettent-fin-a-leur-collaboration\/#primaryimage\"},\"thumbnailUrl\":\"https:\/\/dicodusport.fr\/blog\/wp-content\/uploads\/2021\/10\/WRC-Sebastien-Ogier-et-Julien-Ingrassia-mettent-fin-a-leur-collaboration.png\",\"keywords\":[\"S\u00e9bastien Ogier\",\"WRC\"],\"articleSection\":[\"Rallye WRC\"],\"inLanguage\":\"fr-FR\",\"potentialAction\":[{\"@type\":\"CommentAction\",\"name\":\"Comment\",\"target\":[\"https:\/\/dicodusport.fr\/blog\/wrc-sebastien-ogier-et-julien-ingrassia-mettent-fin-a-leur-collaboration\/#respond\"]}],\"copyrightYear\":\"2021\",\"copyrightHolder\":{\"@id\":\"https:\/\/dicodusport.fr\/blog\/#organization\"}},{\"@type\":\"WebPage\",\"@id\":\"https:\/\/dicodusport.fr\/blog\/wrc-sebastien-ogier-et-julien-ingrassia-mettent-fin-a-leur-collaboration\/\",\"url\":\"https:\/\/dicodusport.fr\/blog\/wrc-sebastien-ogier-et-julien-ingrassia-mettent-fin-a-leur-collaboration\/\",\"name\":\"WRC : S\u00e9bastien Ogier et Julien Ingrassia mettent fin \u00e0 leur collaboration\",\"isPartOf\":{\"@id\":\"https:\/\/dicodusport.fr\/blog\/#website\"},\"primaryImageOfPage\":{\"@id\":\"https:\/\/dicodusport.fr\/blog\/wrc-sebastien-ogier-et-julien-ingrassia-mettent-fin-a-leur-collaboration\/#primaryimage\"},\"image\":{\"@id\":\"https:\/\/dicodusport.fr\/blog\/wrc-sebastien-ogier-et-julien-ingrassia-mettent-fin-a-leur-collaboration\/#primaryimage\"},\"thumbnailUrl\":\"https:\/\/dicodusport.fr\/blog\/wp-content\/uploads\/2021\/10\/WRC-Sebastien-Ogier-et-Julien-Ingrassia-mettent-fin-a-leur-collaboration.png\",\"datePublished\":\"2021-10-07T09:57:15+00:00\",\"description\":\"RALLYE WRC - C'\u00e9tait dans les tuyaux, c'est d\u00e9sormais officiel. S\u00e9bastien Ogier et Julien Ingrassia ne seront plus associ\u00e9s la saison prochaine.\",\"breadcrumb\":{\"@id\":\"https:\/\/dicodusport.fr\/blog\/wrc-sebastien-ogier-et-julien-ingrassia-mettent-fin-a-leur-collaboration\/#breadcrumb\"},\"inLanguage\":\"fr-FR\",\"potentialAction\":[{\"@type\":\"ReadAction\",\"target\":[\"https:\/\/dicodusport.fr\/blog\/wrc-sebastien-ogier-et-julien-ingrassia-mettent-fin-a-leur-collaboration\/\"]}]},{\"@type\":\"ImageObject\",\"inLanguage\":\"fr-FR\",\"@id\":\"https:\/\/dicodusport.fr\/blog\/wrc-sebastien-ogier-et-julien-ingrassia-mettent-fin-a-leur-collaboration\/#primaryimage\",\"url\":\"https:\/\/dicodusport.fr\/blog\/wp-content\/uploads\/2021\/10\/WRC-Sebastien-Ogier-et-Julien-Ingrassia-mettent-fin-a-leur-collaboration.png\",\"contentUrl\":\"https:\/\/dicodusport.fr\/blog\/wp-content\/uploads\/2021\/10\/WRC-Sebastien-Ogier-et-Julien-Ingrassia-mettent-fin-a-leur-collaboration.png\",\"width\":800,\"height\":445,\"caption\":\"WRC : S\u00e9bastien Ogier et Julien Ingrassia mettent fin \u00e0 leur collaboration\"},{\"@type\":\"BreadcrumbList\",\"@id\":\"https:\/\/dicodusport.fr\/blog\/wrc-sebastien-ogier-et-julien-ingrassia-mettent-fin-a-leur-collaboration\/#breadcrumb\",\"itemListElement\":[{\"@type\":\"ListItem\",\"position\":1,\"name\":\"Accueil\",\"item\":\"https:\/\/dicodusport.fr\/blog\/\"},{\"@type\":\"ListItem\",\"position\":2,\"name\":\"WRC : S\u00e9bastien Ogier et Julien Ingrassia mettent fin \u00e0 leur collaboration\"}]},{\"@type\":\"WebSite\",\"@id\":\"https:\/\/dicodusport.fr\/blog\/#website\",\"url\":\"https:\/\/dicodusport.fr\/blog\/\",\"name\":\"Dicodusport\",\"description\":\"L&#039;encyclop\u00e9die de l&#039;actualit\u00e9 sportive\",\"publisher\":{\"@id\":\"https:\/\/dicodusport.fr\/blog\/#organization\"},\"potentialAction\":[{\"@type\":\"SearchAction\",\"target\":{\"@type\":\"EntryPoint\",\"urlTemplate\":\"https:\/\/dicodusport.fr\/blog\/?s={search_term_string}\"},\"query-input\":{\"@type\":\"PropertyValueSpecification\",\"valueRequired\":true,\"valueName\":\"search_term_string\"}}],\"inLanguage\":\"fr-FR\"},{\"@type\":\"NewsMediaOrganization\",\"@id\":\"https:\/\/dicodusport.fr\/blog\/#organization\",\"name\":\"Dicodusport\",\"url\":\"https:\/\/dicodusport.fr\/blog\/\",\"logo\":{\"@type\":\"ImageObject\",\"inLanguage\":\"fr-FR\",\"@id\":\"https:\/\/dicodusport.fr\/blog\/#\/schema\/logo\/image\/\",\"url\":\"https:\/\/dicodusport.fr\/blog\/wp-content\/uploads\/2020\/06\/cropped-LOGO-DICODUSPORT-2020-SANS-FOND-SANS-TEXTE.png\",\"contentUrl\":\"https:\/\/dicodusport.fr\/blog\/wp-content\/uploads\/2020\/06\/cropped-LOGO-DICODUSPORT-2020-SANS-FOND-SANS-TEXTE.png\",\"width\":512,\"height\":512,\"caption\":\"Dicodusport\"},\"image\":{\"@id\":\"https:\/\/dicodusport.fr\/blog\/#\/schema\/logo\/image\/\"},\"sameAs\":[\"https:\/\/www.facebook.com\/dicodusport\",\"https:\/\/x.com\/dicodusport\",\"https:\/\/www.instagram.com\/dicodusport\/\",\"https:\/\/www.youtube.com\/channel\/UC7V2KZ5sd3htJivAbA4ZG3w\"],\"description\":\"Dicodusport est l'encyclop\u00e9die de l'actualit\u00e9 sportive.\",\"email\":\"bonjour@dicodusport.fr\",\"legalName\":\"DICODUSPORT\",\"foundingDate\":\"2018-01-14\",\"vatID\":\"FR71834470973\",\"taxID\":\"83447097300043\",\"numberOfEmployees\":{\"@type\":\"QuantitativeValue\",\"minValue\":\"1\",\"maxValue\":\"10\"}},{\"@type\":\"Person\",\"@id\":\"https:\/\/dicodusport.fr\/blog\/#\/schema\/person\/cb02af4c173ce4a653b55e9baf388d4a\",\"name\":\"Flo Ostermann\",\"image\":{\"@type\":\"ImageObject\",\"inLanguage\":\"fr-FR\",\"@id\":\"https:\/\/dicodusport.fr\/blog\/#\/schema\/person\/image\/\",\"url\":\"https:\/\/dicodusport.fr\/blog\/wp-content\/uploads\/2021\/05\/Flo-Ostermann-150x150.jpg\",\"contentUrl\":\"https:\/\/dicodusport.fr\/blog\/wp-content\/uploads\/2021\/05\/Flo-Ostermann-150x150.jpg\",\"caption\":\"Flo Ostermann\"},\"description\":\"Journaliste\/R\u00e9dacteur depuis septembre 2015 - Mes premiers souvenirs dans le sport ? Les envol\u00e9es du Stade Toulousain et les duels Villeneuve-Schumacher et H\u00e4kkinen-Schumacher \u00e0 la fin des ann\u00e9es 90, la Coupe du monde de football en 1998, l\u2019exploit du XV de France face aux All Blacks en 1999, mais aussi Richard C\u0153ur de Lion qui vole sur les montagnes du Tour de France. Bien parti pour devenir professeur d\u2019EPS, les \u00e9v\u00e9nements de la vie (et la flemme d\u2019animer des s\u00e9ances de 3x500 m\u00e8tres toute ma vie) m\u2019ont conduit \u00e0 revoir mes plans. Me voil\u00e0 depuis fin 2017 sur Dicodusport, m\u00e9dia gr\u00e2ce (et pour) lequel je partage ma passion : le sport dans tous ses \u00e9tats. Le tout accompagn\u00e9 par les fous furieux et folles furieuses cit\u00e9s sur cette page !\",\"sameAs\":[\"https:\/\/www.facebook.com\/florent.ostermann\",\"https:\/\/x.com\/https:\/\/twitter.com\/FlOstermann\",\"admin\"],\"url\":\"https:\/\/dicodusport.fr\/blog\/author\/flo\/\"}]}<\/script>\n<!-- \/ Yoast SEO Premium plugin. -->","yoast_head_json":{"title":"WRC : S\u00e9bastien Ogier et Julien Ingrassia mettent fin \u00e0 leur collaboration","description":"RALLYE WRC - C'\u00e9tait dans les tuyaux, c'est d\u00e9sormais officiel. S\u00e9bastien Ogier et Julien Ingrassia ne seront plus associ\u00e9s la saison prochaine.","robots":{"index":"index","follow":"follow","max-snippet":"max-snippet:-1","max-image-preview":"max-image-preview:large","max-video-preview":"max-video-preview:-1"},"canonical":"https:\/\/dicodusport.fr\/blog\/wrc-sebastien-ogier-et-julien-ingrassia-mettent-fin-a-leur-collaboration\/","og_locale":"fr_FR","og_type":"article","og_title":"WRC : S\u00e9bastien Ogier et Julien Ingrassia mettent fin \u00e0 leur collaboration","og_description":"RALLYE WRC - C'\u00e9tait dans les tuyaux, c'est d\u00e9sormais officiel. S\u00e9bastien Ogier et Julien Ingrassia ne seront plus associ\u00e9s la saison prochaine.","og_url":"https:\/\/dicodusport.fr\/blog\/wrc-sebastien-ogier-et-julien-ingrassia-mettent-fin-a-leur-collaboration\/","og_site_name":"Dicodusport","article_publisher":"https:\/\/www.facebook.com\/dicodusport","article_author":"https:\/\/www.facebook.com\/florent.ostermann","article_published_time":"2021-10-07T09:57:15+00:00","og_image":[{"width":800,"height":445,"url":"https:\/\/dicodusport.fr\/blog\/wp-content\/uploads\/2021\/10\/WRC-Sebastien-Ogier-et-Julien-Ingrassia-mettent-fin-a-leur-collaboration.png","type":"image\/png"}],"author":"Flo Ostermann","twitter_card":"summary_large_image","twitter_title":"WRC : S\u00e9bastien Ogier et Julien Ingrassia mettent fin \u00e0 leur collaboration","twitter_creator":"@https:\/\/twitter.com\/FlOstermann","twitter_site":"@dicodusport","schema":{"@context":"https:\/\/schema.org","@graph":[{"@type":"NewsArticle","@id":"https:\/\/dicodusport.fr\/blog\/wrc-sebastien-ogier-et-julien-ingrassia-mettent-fin-a-leur-collaboration\/#article","isPartOf":{"@id":"https:\/\/dicodusport.fr\/blog\/wrc-sebastien-ogier-et-julien-ingrassia-mettent-fin-a-leur-collaboration\/"},"author":{"name":"Flo Ostermann","@id":"https:\/\/dicodusport.fr\/blog\/#\/schema\/person\/cb02af4c173ce4a653b55e9baf388d4a"},"headline":"WRC : S\u00e9bastien Ogier et Julien Ingrassia mettent fin \u00e0 leur collaboration","datePublished":"2021-10-07T09:57:15+00:00","mainEntityOfPage":{"@id":"https:\/\/dicodusport.fr\/blog\/wrc-sebastien-ogier-et-julien-ingrassia-mettent-fin-a-leur-collaboration\/"},"wordCount":370,"commentCount":0,"publisher":{"@id":"https:\/\/dicodusport.fr\/blog\/#organization"},"image":{"@id":"https:\/\/dicodusport.fr\/blog\/wrc-sebastien-ogier-et-julien-ingrassia-mettent-fin-a-leur-collaboration\/#primaryimage"},"thumbnailUrl":"https:\/\/dicodusport.fr\/blog\/wp-content\/uploads\/2021\/10\/WRC-Sebastien-Ogier-et-Julien-Ingrassia-mettent-fin-a-leur-collaboration.png","keywords":["S\u00e9bastien Ogier","WRC"],"articleSection":["Rallye WRC"],"inLanguage":"fr-FR","potentialAction":[{"@type":"CommentAction","name":"Comment","target":["https:\/\/dicodusport.fr\/blog\/wrc-sebastien-ogier-et-julien-ingrassia-mettent-fin-a-leur-collaboration\/#respond"]}],"copyrightYear":"2021","copyrightHolder":{"@id":"https:\/\/dicodusport.fr\/blog\/#organization"}},{"@type":"WebPage","@id":"https:\/\/dicodusport.fr\/blog\/wrc-sebastien-ogier-et-julien-ingrassia-mettent-fin-a-leur-collaboration\/","url":"https:\/\/dicodusport.fr\/blog\/wrc-sebastien-ogier-et-julien-ingrassia-mettent-fin-a-leur-collaboration\/","name":"WRC : S\u00e9bastien Ogier et Julien Ingrassia mettent fin \u00e0 leur collaboration","isPartOf":{"@id":"https:\/\/dicodusport.fr\/blog\/#website"},"primaryImageOfPage":{"@id":"https:\/\/dicodusport.fr\/blog\/wrc-sebastien-ogier-et-julien-ingrassia-mettent-fin-a-leur-collaboration\/#primaryimage"},"image":{"@id":"https:\/\/dicodusport.fr\/blog\/wrc-sebastien-ogier-et-julien-ingrassia-mettent-fin-a-leur-collaboration\/#primaryimage"},"thumbnailUrl":"https:\/\/dicodusport.fr\/blog\/wp-content\/uploads\/2021\/10\/WRC-Sebastien-Ogier-et-Julien-Ingrassia-mettent-fin-a-leur-collaboration.png","datePublished":"2021-10-07T09:57:15+00:00","description":"RALLYE WRC - C'\u00e9tait dans les tuyaux, c'est d\u00e9sormais officiel. S\u00e9bastien Ogier et Julien Ingrassia ne seront plus associ\u00e9s la saison prochaine.","breadcrumb":{"@id":"https:\/\/dicodusport.fr\/blog\/wrc-sebastien-ogier-et-julien-ingrassia-mettent-fin-a-leur-collaboration\/#breadcrumb"},"inLanguage":"fr-FR","potentialAction":[{"@type":"ReadAction","target":["https:\/\/dicodusport.fr\/blog\/wrc-sebastien-ogier-et-julien-ingrassia-mettent-fin-a-leur-collaboration\/"]}]},{"@type":"ImageObject","inLanguage":"fr-FR","@id":"https:\/\/dicodusport.fr\/blog\/wrc-sebastien-ogier-et-julien-ingrassia-mettent-fin-a-leur-collaboration\/#primaryimage","url":"https:\/\/dicodusport.fr\/blog\/wp-content\/uploads\/2021\/10\/WRC-Sebastien-Ogier-et-Julien-Ingrassia-mettent-fin-a-leur-collaboration.png","contentUrl":"https:\/\/dicodusport.fr\/blog\/wp-content\/uploads\/2021\/10\/WRC-Sebastien-Ogier-et-Julien-Ingrassia-mettent-fin-a-leur-collaboration.png","width":800,"height":445,"caption":"WRC : S\u00e9bastien Ogier et Julien Ingrassia mettent fin \u00e0 leur collaboration"},{"@type":"BreadcrumbList","@id":"https:\/\/dicodusport.fr\/blog\/wrc-sebastien-ogier-et-julien-ingrassia-mettent-fin-a-leur-collaboration\/#breadcrumb","itemListElement":[{"@type":"ListItem","position":1,"name":"Accueil","item":"https:\/\/dicodusport.fr\/blog\/"},{"@type":"ListItem","position":2,"name":"WRC : S\u00e9bastien Ogier et Julien Ingrassia mettent fin \u00e0 leur collaboration"}]},{"@type":"WebSite","@id":"https:\/\/dicodusport.fr\/blog\/#website","url":"https:\/\/dicodusport.fr\/blog\/","name":"Dicodusport","description":"L&#039;encyclop\u00e9die de l&#039;actualit\u00e9 sportive","publisher":{"@id":"https:\/\/dicodusport.fr\/blog\/#organization"},"potentialAction":[{"@type":"SearchAction","target":{"@type":"EntryPoint","urlTemplate":"https:\/\/dicodusport.fr\/blog\/?s={search_term_string}"},"query-input":{"@type":"PropertyValueSpecification","valueRequired":true,"valueName":"search_term_string"}}],"inLanguage":"fr-FR"},{"@type":"NewsMediaOrganization","@id":"https:\/\/dicodusport.fr\/blog\/#organization","name":"Dicodusport","url":"https:\/\/dicodusport.fr\/blog\/","logo":{"@type":"ImageObject","inLanguage":"fr-FR","@id":"https:\/\/dicodusport.fr\/blog\/#\/schema\/logo\/image\/","url":"https:\/\/dicodusport.fr\/blog\/wp-content\/uploads\/2020\/06\/cropped-LOGO-DICODUSPORT-2020-SANS-FOND-SANS-TEXTE.png","contentUrl":"https:\/\/dicodusport.fr\/blog\/wp-content\/uploads\/2020\/06\/cropped-LOGO-DICODUSPORT-2020-SANS-FOND-SANS-TEXTE.png","width":512,"height":512,"caption":"Dicodusport"},"image":{"@id":"https:\/\/dicodusport.fr\/blog\/#\/schema\/logo\/image\/"},"sameAs":["https:\/\/www.facebook.com\/dicodusport","https:\/\/x.com\/dicodusport","https:\/\/www.instagram.com\/dicodusport\/","https:\/\/www.youtube.com\/channel\/UC7V2KZ5sd3htJivAbA4ZG3w"],"description":"Dicodusport est l'encyclop\u00e9die de l'actualit\u00e9 sportive.","email":"bonjour@dicodusport.fr","legalName":"DICODUSPORT","foundingDate":"2018-01-14","vatID":"FR71834470973","taxID":"83447097300043","numberOfEmployees":{"@type":"QuantitativeValue","minValue":"1","maxValue":"10"}},{"@type":"Person","@id":"https:\/\/dicodusport.fr\/blog\/#\/schema\/person\/cb02af4c173ce4a653b55e9baf388d4a","name":"Flo Ostermann","image":{"@type":"ImageObject","inLanguage":"fr-FR","@id":"https:\/\/dicodusport.fr\/blog\/#\/schema\/person\/image\/","url":"https:\/\/dicodusport.fr\/blog\/wp-content\/uploads\/2021\/05\/Flo-Ostermann-150x150.jpg","contentUrl":"https:\/\/dicodusport.fr\/blog\/wp-content\/uploads\/2021\/05\/Flo-Ostermann-150x150.jpg","caption":"Flo Ostermann"},"description":"Journaliste\/R\u00e9dacteur depuis septembre 2015 - Mes premiers souvenirs dans le sport ? Les envol\u00e9es du Stade Toulousain et les duels Villeneuve-Schumacher et H\u00e4kkinen-Schumacher \u00e0 la fin des ann\u00e9es 90, la Coupe du monde de football en 1998, l\u2019exploit du XV de France face aux All Blacks en 1999, mais aussi Richard C\u0153ur de Lion qui vole sur les montagnes du Tour de France. Bien parti pour devenir professeur d\u2019EPS, les \u00e9v\u00e9nements de la vie (et la flemme d\u2019animer des s\u00e9ances de 3x500 m\u00e8tres toute ma vie) m\u2019ont conduit \u00e0 revoir mes plans. Me voil\u00e0 depuis fin 2017 sur Dicodusport, m\u00e9dia gr\u00e2ce (et pour) lequel je partage ma passion : le sport dans tous ses \u00e9tats. Le tout accompagn\u00e9 par les fous furieux et folles furieuses cit\u00e9s sur cette page !","sameAs":["https:\/\/www.facebook.com\/florent.ostermann","https:\/\/x.com\/https:\/\/twitter.com\/FlOstermann","admin"],"url":"https:\/\/dicodusport.fr\/blog\/author\/flo\/"}]}},"_links":{"self":[{"href":"https:\/\/dicodusport.fr\/blog\/wp-json\/wp\/v2\/posts\/171747","targetHints":{"allow":["GET"]}}],"collection":[{"href":"https:\/\/dicodusport.fr\/blog\/wp-json\/wp\/v2\/posts"}],"about":[{"href":"https:\/\/dicodusport.fr\/blog\/wp-json\/wp\/v2\/types\/post"}],"author":[{"embeddable":true,"href":"https:\/\/dicodusport.fr\/blog\/wp-json\/wp\/v2\/users\/4"}],"replies":[{"embeddable":true,"href":"https:\/\/dicodusport.fr\/blog\/wp-json\/wp\/v2\/comments?post=171747"}],"version-history":[{"count":0,"href":"https:\/\/dicodusport.fr\/blog\/wp-json\/wp\/v2\/posts\/171747\/revisions"}],"wp:featuredmedia":[{"embeddable":true,"href":"https:\/\/dicodusport.fr\/blog\/wp-json\/wp\/v2\/media\/171749"}],"wp:attachment":[{"href":"https:\/\/dicodusport.fr\/blog\/wp-json\/wp\/v2\/media?parent=171747"}],"wp:term":[{"taxonomy":"category","embeddable":true,"href":"https:\/\/dicodusport.fr\/blog\/wp-json\/wp\/v2\/categories?post=171747"},{"taxonomy":"post_tag","embeddable":true,"href":"https:\/\/dicodusport.fr\/blog\/wp-json\/wp\/v2\/tags?post=171747"}],"curies":[{"name":"wp","href":"https:\/\/api.w.org\/{rel}","templated":true}]}}