{"id":171783,"date":"2021-10-07T16:21:39","date_gmt":"2021-10-07T14:21:39","guid":{"rendered":"https:\/\/dicodusport.fr\/blog\/?p=171783&#038;preview=true&#038;preview_id=171783"},"modified":"2021-10-07T17:44:15","modified_gmt":"2021-10-07T15:44:15","slug":"motogp-le-calendrier-previsionnel-de-la-saison-2022","status":"publish","type":"post","link":"https:\/\/dicodusport.fr\/blog\/motogp-le-calendrier-previsionnel-de-la-saison-2022\/","title":{"rendered":"MotoGP : Le calendrier pr\u00e9visionnel de la saison 2022"},"content":{"rendered":"<p style=\"text-align: justify;\"><em><b><a href=\"https:\/\/dicodusport.fr\/blog\/actualites\/sports-mecaniques\/moto\/\">MOTOGP<\/a> &#8211; \u00c0 trois Grands Prix de la fin de la saison 2021, d\u00e9couvrez le calendrier complet du Championnat du monde de MotoGP 2022. Une programmation in\u00e9dite de 21 courses r\u00e9parties sur 9 mois avec plusieurs manches de retour, apr\u00e8s deux ans d&rsquo;absence au calendrier en raison de la pand\u00e9mie.<\/b><\/em><\/p>\n<h2 style=\"text-align: justify;\">Calendrier de la saison 2022 du Championnat du monde de MotoGP<\/h2>\n<h3 style=\"text-align: justify;\"><span style=\"font-size: 20px;\">1 &#8211; <\/span>Grand Prix du Qatar &#x1f1f6;&#x1f1e6;\u00a0<span style=\"font-size: 20px;\">(4 &#8211; 6 mars)<\/span><\/h3>\n<h3 style=\"text-align: justify;\"><span style=\"font-size: 24px;\"><span style=\"font-size: 20px;\">2 &#8211;<\/span> <\/span>Grand Prix d&rsquo;Indon\u00e9sie &#x1f1ee;&#x1f1e9;\u00a0<span style=\"font-size: 20px;\">(18 &#8211; 20 mars)<\/span><\/h3>\n<h3 style=\"text-align: justify;\"><span style=\"font-size: 20px;\">3 &#8211; <\/span>Grand Prix d&rsquo;Argentine &#x1f1e6;&#x1f1f7;\u00a0<span style=\"font-size: 20px;\">(1er &#8211; 3 avril)<\/span><\/h3>\n<h3 style=\"text-align: justify;\"><span style=\"font-size: 20px;\">4 &#8211; <\/span>Grand Prix des Am\u00e9riques &#x1f1fa;&#x1f1f8; (<span style=\"font-size: 20px;\">8 &#8211; 10 avril)<\/span><\/h3>\n<h3 style=\"text-align: justify;\"><span style=\"font-size: 24px;\"><span style=\"font-size: 20px;\">5 &#8211;<\/span> <\/span>Grand Prix du Portugal &#x1f1f5;&#x1f1f9;\u00a0<span style=\"font-size: 20px;\">(22 &#8211; 24 avril)<\/span><\/h3>\n<h3 style=\"text-align: justify;\"><span style=\"font-size: 20px;\">6 &#8211;<\/span> Grand Prix d&rsquo;Espagne &#x1f1ea;&#x1f1f8;\u00a0<span style=\"font-size: 20px;\">(29 &#8211; 1er mai)<\/span><\/h3>\n<h3 style=\"text-align: justify;\"><span style=\"font-size: 20px;\">7 &#8211;<\/span> Grand Prix de France &#x1f1eb;&#x1f1f7;\u00a0<span style=\"font-size: 20px;\">(13 &#8211; 15 mai)<\/span><\/h3>\n<h3 style=\"text-align: justify;\"><span style=\"font-size: 20px;\">8 &#8211; <\/span>Grand Prix d&rsquo;Italie &#x1f1ee;&#x1f1f9;\u00a0<span style=\"font-size: 20px;\">(27 &#8211; 29 mai)<\/span><\/h3>\n<h3 style=\"text-align: justify;\"><span style=\"font-size: 20px;\">9 &#8211; <\/span>Grand Prix de Catalogne &#x1f1ea;&#x1f1f8;\u00a0<span style=\"font-size: 20px;\">(3 &#8211; 5 juin)<\/span><\/h3>\n<h3 style=\"text-align: justify;\"><span style=\"font-size: 20px;\">10 &#8211;<\/span> Grand Prix d&rsquo;Allemagne &#x1f1e9;&#x1f1ea;\u00a0<span style=\"font-size: 20px;\">(17 &#8211; 19 juin)<\/span><\/h3>\n<h3 style=\"text-align: justify;\"><span style=\"font-size: 20px;\">11 &#8211;<\/span> Grand Prix des Pays-Bas &#x1f1f3;&#x1f1f1;\u00a0<span style=\"font-size: 20px;\">(24 &#8211; 26 juin)<\/span><\/h3>\n<h3 style=\"text-align: justify;\"><span style=\"font-size: 20px;\">12 &#8211;<\/span> Grand Prix de Finlande &#x1f1eb;&#x1f1ee;\u00a0<span style=\"font-size: 20px;\">(8 &#8211; 10 juillet)<\/span><\/h3>\n<h3 style=\"text-align: justify;\"><span style=\"font-size: 20px;\">13 &#8211;<\/span> Grand Prix de Grande-Bretagne &#x1f1ec;&#x1f1e7; \u00a0<span style=\"font-size: 20px;\">(5 &#8211; 7 ao\u00fbt)<\/span><\/h3>\n<h3 style=\"text-align: justify;\"><span style=\"font-size: 20px;\">14 &#8211;<\/span> Grand Prix d&rsquo;Autriche &#x1f1e6;&#x1f1f9;\u00a0<span style=\"font-size: 20px;\">(19 &#8211; 21 ao\u00fbt)<\/span><\/h3>\n<h3 style=\"text-align: justify;\"><span style=\"font-size: 20px;\">15 &#8211;<\/span> Grand Prix de Saint-Marin &#x1f1ee;&#x1f1f9;\u00a0<span style=\"font-size: 20px;\">(2 &#8211; 4 septembre)<\/span><\/h3>\n<h3 style=\"text-align: justify;\"><span style=\"font-size: 20px;\">16 &#8211;<\/span> Grand Prix d&rsquo;Aragon &#x1f1ea;&#x1f1f8;\u00a0<span style=\"font-size: 20px;\">(16 &#8211; 18 septembre)<\/span><\/h3>\n<h3 style=\"text-align: justify;\"><span style=\"font-size: 20px;\">17 &#8211;<\/span> Grand Prix du Japon &#x1f1ef;&#x1f1f5;\u00a0<span style=\"font-size: 20px;\">(23 &#8211; 25 septembre)<\/span><\/h3>\n<h3 style=\"text-align: justify;\"><span style=\"font-size: 20px;\">18 &#8211;<\/span> Grand Prix de Tha\u00eflande &#x1f1f9;&#x1f1ed;\u00a0<span style=\"font-size: 20px;\">(30 &#8211; 2 octobre)<\/span><\/h3>\n<h3 style=\"text-align: justify;\"><span style=\"font-size: 20px;\">19 &#8211;<\/span> Grand Prix d&rsquo;Australie &#x1f1e6;&#x1f1fa;\u00a0<span style=\"font-size: 20px;\">(14 &#8211; 16 octobre)<\/span><\/h3>\n<h3 style=\"text-align: justify;\"><span style=\"font-size: 20px;\">20 &#8211;<\/span> Grand Prix de Malaisie &#x1f1f2;&#x1f1fe;\u00a0<span style=\"font-size: 20px;\">(21 &#8211; 23 octobre)<\/span><\/h3>\n<h3 style=\"text-align: justify;\"><span style=\"font-size: 20px;\">21 &#8211;<\/span> Grand Prix de Valence &#x1f1ea;&#x1f1f8;\u00a0<span style=\"font-size: 20px;\">(4 &#8211; 6 novembre)<\/span><\/h3>\n<p style=\"text-align: justify;\">Attention, ce calendrier a \u00e9t\u00e9 annonc\u00e9 par le <strong>MotoGP<\/strong>, mais il n&rsquo;est que pr\u00e9visionnel, tout est susceptible de changer.<\/p>\n<blockquote class=\"twitter-tweet\">\n<p dir=\"ltr\" lang=\"en\">Race track to race track &#x1f3c1;<\/p>\n<p>The <a href=\"https:\/\/twitter.com\/hashtag\/MotoGP2022?src=hash&amp;ref_src=twsrc%5Etfw\">#MotoGP2022<\/a> journey is ready and waiting &#x1f30d;<\/p>\n<p>Get ahead of the game and sign up for 2022 tickets! &#x27a1;&#xfe0f; <a href=\"https:\/\/t.co\/vCyPY4WdJL\">https:\/\/t.co\/vCyPY4WdJL<\/a><a href=\"https:\/\/twitter.com\/hashtag\/MotoGP?src=hash&amp;ref_src=twsrc%5Etfw\">#MotoGP<\/a> <a href=\"https:\/\/t.co\/DBiPJN8SUc\">pic.twitter.com\/DBiPJN8SUc<\/a><\/p>\n<p>\u2014 MotoGP&#x2122;&#x1f3c1; (@MotoGP) <a href=\"https:\/\/twitter.com\/MotoGP\/status\/1446090808583729157?ref_src=twsrc%5Etfw\">October 7, 2021<\/a><\/p><\/blockquote>\n<p><script async src=\"https:\/\/platform.twitter.com\/widgets.js\" charset=\"utf-8\"><\/script><\/p>\n<h2>\u00c0 lire aussi<\/h2>\n<ul>\n<li><a href=\"https:\/\/dicodusport.fr\/blog\/motogp-championnat-du-monde-2021-calendrier-complet\/\" target=\"_blank\" rel=\"noopener\"><strong>MotoGP \u2013 Championnat du monde 2021 : le calendrier complet<\/strong><\/a><\/li>\n<li><a href=\"https:\/\/dicodusport.fr\/blog\/moto-gp-le-classement-du-championnat-du-monde-des-pilotes-2021\/\" target=\"_blank\" rel=\"noopener\"><strong>Le classement du championnat du monde des pilotes<\/strong><\/a><\/li>\n<li><a href=\"https:\/\/dicodusport.fr\/blog\/motogp-les-10-pilotes-les-mieux-payes-en-2021\/\"><strong>Les 10 pilotes les mieux pay\u00e9s en MotoGP<\/strong><\/a><\/li>\n<\/ul>\n","protected":false},"excerpt":{"rendered":"<p>MOTOGP &#8211; \u00c0 trois Grands Prix de la fin de la saison 2021, d\u00e9couvrez le calendrier complet du Championnat du Monde de MotoGP 2022. Une programmation in\u00e9dite de 21 courses r\u00e9parties sur 9 mois avec plusieurs manches de retour, apr\u00e8s deux ans d&rsquo;absence au calendrier en raison de la pand\u00e9mie.<\/p>\n","protected":false},"author":54,"featured_media":157994,"comment_status":"open","ping_status":"closed","sticky":false,"template":"","format":"standard","meta":{"_acf_changed":false,"_daextam_enable_autolinks":"","footnotes":""},"categories":[47087],"tags":[10938],"class_list":["post-171783","post","type-post","status-publish","format-standard","has-post-thumbnail","hentry","category-motogp","tag-motogp"],"acf":[],"yoast_head":"<!-- This site is optimized with the Yoast SEO Premium plugin v26.7 (Yoast SEO v26.7) - https:\/\/yoast.com\/wordpress\/plugins\/seo\/ -->\n<title>MotoGP : Le calendrier pr\u00e9visionnel de la saison 2022<\/title>\n<meta name=\"description\" content=\"MOTOGP - D\u00e9couvrez le calendrier pr\u00e9visionnel complet de la Championnat du Monde 2022, une saison compos\u00e9e de 21 Grands Prix.\" \/>\n<meta name=\"robots\" content=\"index, follow, max-snippet:-1, max-image-preview:large, max-video-preview:-1\" \/>\n<link rel=\"canonical\" href=\"https:\/\/dicodusport.fr\/blog\/motogp-le-calendrier-previsionnel-de-la-saison-2022\/\" \/>\n<meta property=\"og:locale\" content=\"fr_FR\" \/>\n<meta property=\"og:type\" content=\"article\" \/>\n<meta property=\"og:title\" content=\"MotoGP : Le calendrier pr\u00e9visionnel de la saison 2022\" \/>\n<meta property=\"og:description\" content=\"MOTOGP - D\u00e9couvrez le calendrier pr\u00e9visionnel complet de la Championnat du Monde 2022, une saison compos\u00e9e de 21 Grands Prix.\" \/>\n<meta property=\"og:url\" content=\"https:\/\/dicodusport.fr\/blog\/motogp-le-calendrier-previsionnel-de-la-saison-2022\/\" \/>\n<meta property=\"og:site_name\" content=\"Dicodusport\" \/>\n<meta property=\"article:publisher\" content=\"https:\/\/www.facebook.com\/dicodusport\" \/>\n<meta property=\"article:author\" content=\"https:\/\/www.facebook.com\/roxane.lecacher\" \/>\n<meta property=\"article:published_time\" content=\"2021-10-07T14:21:39+00:00\" \/>\n<meta property=\"article:modified_time\" content=\"2021-10-07T15:44:15+00:00\" \/>\n<meta property=\"og:image\" content=\"https:\/\/dicodusport.fr\/blog\/wp-content\/uploads\/2021\/08\/MotoGP-Grand-Prix-dAutriche-2021-Horaires-programme-TV-et-enjeux.png\" \/>\n\t<meta property=\"og:image:width\" content=\"800\" \/>\n\t<meta property=\"og:image:height\" content=\"445\" \/>\n\t<meta property=\"og:image:type\" content=\"image\/png\" \/>\n<meta name=\"author\" content=\"Roxane Lecacher\" \/>\n<meta name=\"twitter:card\" content=\"summary_large_image\" \/>\n<meta name=\"twitter:title\" content=\"MotoGP : Le calendrier pr\u00e9visionnel de la saison 2022\" \/>\n<meta name=\"twitter:creator\" content=\"@dicodusport\" \/>\n<meta name=\"twitter:site\" content=\"@dicodusport\" \/>\n<script type=\"application\/ld+json\" class=\"yoast-schema-graph\">{\"@context\":\"https:\/\/schema.org\",\"@graph\":[{\"@type\":\"NewsArticle\",\"@id\":\"https:\/\/dicodusport.fr\/blog\/motogp-le-calendrier-previsionnel-de-la-saison-2022\/#article\",\"isPartOf\":{\"@id\":\"https:\/\/dicodusport.fr\/blog\/motogp-le-calendrier-previsionnel-de-la-saison-2022\/\"},\"author\":{\"name\":\"Roxane Lecacher\",\"@id\":\"https:\/\/dicodusport.fr\/blog\/#\/schema\/person\/819fb2545dd2715bd7c0580d6d4b411a\"},\"headline\":\"MotoGP : Le calendrier pr\u00e9visionnel de la saison 2022\",\"datePublished\":\"2021-10-07T14:21:39+00:00\",\"dateModified\":\"2021-10-07T15:44:15+00:00\",\"mainEntityOfPage\":{\"@id\":\"https:\/\/dicodusport.fr\/blog\/motogp-le-calendrier-previsionnel-de-la-saison-2022\/\"},\"wordCount\":445,\"commentCount\":0,\"publisher\":{\"@id\":\"https:\/\/dicodusport.fr\/blog\/#organization\"},\"image\":{\"@id\":\"https:\/\/dicodusport.fr\/blog\/motogp-le-calendrier-previsionnel-de-la-saison-2022\/#primaryimage\"},\"thumbnailUrl\":\"https:\/\/dicodusport.fr\/blog\/wp-content\/uploads\/2021\/08\/MotoGP-Grand-Prix-dAutriche-2021-Horaires-programme-TV-et-enjeux.png\",\"keywords\":[\"MotoGP\"],\"articleSection\":[\"MotoGP\"],\"inLanguage\":\"fr-FR\",\"potentialAction\":[{\"@type\":\"CommentAction\",\"name\":\"Comment\",\"target\":[\"https:\/\/dicodusport.fr\/blog\/motogp-le-calendrier-previsionnel-de-la-saison-2022\/#respond\"]}],\"copyrightYear\":\"2021\",\"copyrightHolder\":{\"@id\":\"https:\/\/dicodusport.fr\/blog\/#organization\"}},{\"@type\":\"WebPage\",\"@id\":\"https:\/\/dicodusport.fr\/blog\/motogp-le-calendrier-previsionnel-de-la-saison-2022\/\",\"url\":\"https:\/\/dicodusport.fr\/blog\/motogp-le-calendrier-previsionnel-de-la-saison-2022\/\",\"name\":\"MotoGP : Le calendrier pr\u00e9visionnel de la saison 2022\",\"isPartOf\":{\"@id\":\"https:\/\/dicodusport.fr\/blog\/#website\"},\"primaryImageOfPage\":{\"@id\":\"https:\/\/dicodusport.fr\/blog\/motogp-le-calendrier-previsionnel-de-la-saison-2022\/#primaryimage\"},\"image\":{\"@id\":\"https:\/\/dicodusport.fr\/blog\/motogp-le-calendrier-previsionnel-de-la-saison-2022\/#primaryimage\"},\"thumbnailUrl\":\"https:\/\/dicodusport.fr\/blog\/wp-content\/uploads\/2021\/08\/MotoGP-Grand-Prix-dAutriche-2021-Horaires-programme-TV-et-enjeux.png\",\"datePublished\":\"2021-10-07T14:21:39+00:00\",\"dateModified\":\"2021-10-07T15:44:15+00:00\",\"description\":\"MOTOGP - D\u00e9couvrez le calendrier pr\u00e9visionnel complet de la Championnat du Monde 2022, une saison compos\u00e9e de 21 Grands Prix.\",\"breadcrumb\":{\"@id\":\"https:\/\/dicodusport.fr\/blog\/motogp-le-calendrier-previsionnel-de-la-saison-2022\/#breadcrumb\"},\"inLanguage\":\"fr-FR\",\"potentialAction\":[{\"@type\":\"ReadAction\",\"target\":[\"https:\/\/dicodusport.fr\/blog\/motogp-le-calendrier-previsionnel-de-la-saison-2022\/\"]}]},{\"@type\":\"ImageObject\",\"inLanguage\":\"fr-FR\",\"@id\":\"https:\/\/dicodusport.fr\/blog\/motogp-le-calendrier-previsionnel-de-la-saison-2022\/#primaryimage\",\"url\":\"https:\/\/dicodusport.fr\/blog\/wp-content\/uploads\/2021\/08\/MotoGP-Grand-Prix-dAutriche-2021-Horaires-programme-TV-et-enjeux.png\",\"contentUrl\":\"https:\/\/dicodusport.fr\/blog\/wp-content\/uploads\/2021\/08\/MotoGP-Grand-Prix-dAutriche-2021-Horaires-programme-TV-et-enjeux.png\",\"width\":800,\"height\":445,\"caption\":\"MotoGP : Le calendrier pr\u00e9visionnel de la saison 2022\"},{\"@type\":\"BreadcrumbList\",\"@id\":\"https:\/\/dicodusport.fr\/blog\/motogp-le-calendrier-previsionnel-de-la-saison-2022\/#breadcrumb\",\"itemListElement\":[{\"@type\":\"ListItem\",\"position\":1,\"name\":\"Accueil\",\"item\":\"https:\/\/dicodusport.fr\/blog\/\"},{\"@type\":\"ListItem\",\"position\":2,\"name\":\"MotoGP : Le calendrier pr\u00e9visionnel de la saison 2022\"}]},{\"@type\":\"WebSite\",\"@id\":\"https:\/\/dicodusport.fr\/blog\/#website\",\"url\":\"https:\/\/dicodusport.fr\/blog\/\",\"name\":\"Dicodusport\",\"description\":\"L&#039;encyclop\u00e9die de l&#039;actualit\u00e9 sportive\",\"publisher\":{\"@id\":\"https:\/\/dicodusport.fr\/blog\/#organization\"},\"potentialAction\":[{\"@type\":\"SearchAction\",\"target\":{\"@type\":\"EntryPoint\",\"urlTemplate\":\"https:\/\/dicodusport.fr\/blog\/?s={search_term_string}\"},\"query-input\":{\"@type\":\"PropertyValueSpecification\",\"valueRequired\":true,\"valueName\":\"search_term_string\"}}],\"inLanguage\":\"fr-FR\"},{\"@type\":\"NewsMediaOrganization\",\"@id\":\"https:\/\/dicodusport.fr\/blog\/#organization\",\"name\":\"Dicodusport\",\"url\":\"https:\/\/dicodusport.fr\/blog\/\",\"logo\":{\"@type\":\"ImageObject\",\"inLanguage\":\"fr-FR\",\"@id\":\"https:\/\/dicodusport.fr\/blog\/#\/schema\/logo\/image\/\",\"url\":\"https:\/\/dicodusport.fr\/blog\/wp-content\/uploads\/2020\/06\/cropped-LOGO-DICODUSPORT-2020-SANS-FOND-SANS-TEXTE.png\",\"contentUrl\":\"https:\/\/dicodusport.fr\/blog\/wp-content\/uploads\/2020\/06\/cropped-LOGO-DICODUSPORT-2020-SANS-FOND-SANS-TEXTE.png\",\"width\":512,\"height\":512,\"caption\":\"Dicodusport\"},\"image\":{\"@id\":\"https:\/\/dicodusport.fr\/blog\/#\/schema\/logo\/image\/\"},\"sameAs\":[\"https:\/\/www.facebook.com\/dicodusport\",\"https:\/\/x.com\/dicodusport\",\"https:\/\/www.instagram.com\/dicodusport\/\",\"https:\/\/www.youtube.com\/channel\/UC7V2KZ5sd3htJivAbA4ZG3w\"],\"description\":\"Dicodusport est l'encyclop\u00e9die de l'actualit\u00e9 sportive.\",\"email\":\"bonjour@dicodusport.fr\",\"legalName\":\"DICODUSPORT\",\"foundingDate\":\"2018-01-14\",\"vatID\":\"FR71834470973\",\"taxID\":\"83447097300043\",\"numberOfEmployees\":{\"@type\":\"QuantitativeValue\",\"minValue\":\"1\",\"maxValue\":\"10\"}},{\"@type\":\"Person\",\"@id\":\"https:\/\/dicodusport.fr\/blog\/#\/schema\/person\/819fb2545dd2715bd7c0580d6d4b411a\",\"name\":\"Roxane Lecacher\",\"image\":{\"@type\":\"ImageObject\",\"inLanguage\":\"fr-FR\",\"@id\":\"https:\/\/dicodusport.fr\/blog\/#\/schema\/person\/image\/\",\"url\":\"https:\/\/dicodusport.fr\/blog\/wp-content\/uploads\/2021\/05\/Roxane-Lecacher-150x150.jpg\",\"contentUrl\":\"https:\/\/dicodusport.fr\/blog\/wp-content\/uploads\/2021\/05\/Roxane-Lecacher-150x150.jpg\",\"caption\":\"Roxane Lecacher\"},\"description\":\"Journaliste\/r\u00e9dactrice depuis janvier 2021 - N\u00e9e quelques jours avant la premi\u00e8re \u00e9toile des Bleus, je baigne dans une famille tr\u00e8s sportive. Je n\u2019ai eu d\u2019autres choix que de me passionner pour le sujet. Pratiquante de l\u2019athl\u00e9tisme depuis toute petite, j\u2019ai aussi un attrait tout particulier pour la Formule 1, le biathlon et le foot. Pendant les grands \u00e9v\u00e9nements, il est impossible de d\u00e9crocher de ma t\u00e9l\u00e9. C\u2019est \u00e0 travers Dicodusport que j\u2019aime d\u00e9sormais vous transmettre mes \u00e9motions et ma passion.\",\"sameAs\":[\"https:\/\/www.facebook.com\/roxane.lecacher\",\"https:\/\/fr.linkedin.com\/in\/roxane-lecacher-23368313b\"],\"url\":\"https:\/\/dicodusport.fr\/blog\/author\/roxanel\/\"}]}<\/script>\n<!-- \/ Yoast SEO Premium plugin. -->","yoast_head_json":{"title":"MotoGP : Le calendrier pr\u00e9visionnel de la saison 2022","description":"MOTOGP - D\u00e9couvrez le calendrier pr\u00e9visionnel complet de la Championnat du Monde 2022, une saison compos\u00e9e de 21 Grands Prix.","robots":{"index":"index","follow":"follow","max-snippet":"max-snippet:-1","max-image-preview":"max-image-preview:large","max-video-preview":"max-video-preview:-1"},"canonical":"https:\/\/dicodusport.fr\/blog\/motogp-le-calendrier-previsionnel-de-la-saison-2022\/","og_locale":"fr_FR","og_type":"article","og_title":"MotoGP : Le calendrier pr\u00e9visionnel de la saison 2022","og_description":"MOTOGP - D\u00e9couvrez le calendrier pr\u00e9visionnel complet de la Championnat du Monde 2022, une saison compos\u00e9e de 21 Grands Prix.","og_url":"https:\/\/dicodusport.fr\/blog\/motogp-le-calendrier-previsionnel-de-la-saison-2022\/","og_site_name":"Dicodusport","article_publisher":"https:\/\/www.facebook.com\/dicodusport","article_author":"https:\/\/www.facebook.com\/roxane.lecacher","article_published_time":"2021-10-07T14:21:39+00:00","article_modified_time":"2021-10-07T15:44:15+00:00","og_image":[{"width":800,"height":445,"url":"https:\/\/dicodusport.fr\/blog\/wp-content\/uploads\/2021\/08\/MotoGP-Grand-Prix-dAutriche-2021-Horaires-programme-TV-et-enjeux.png","type":"image\/png"}],"author":"Roxane Lecacher","twitter_card":"summary_large_image","twitter_title":"MotoGP : Le calendrier pr\u00e9visionnel de la saison 2022","twitter_creator":"@dicodusport","twitter_site":"@dicodusport","schema":{"@context":"https:\/\/schema.org","@graph":[{"@type":"NewsArticle","@id":"https:\/\/dicodusport.fr\/blog\/motogp-le-calendrier-previsionnel-de-la-saison-2022\/#article","isPartOf":{"@id":"https:\/\/dicodusport.fr\/blog\/motogp-le-calendrier-previsionnel-de-la-saison-2022\/"},"author":{"name":"Roxane Lecacher","@id":"https:\/\/dicodusport.fr\/blog\/#\/schema\/person\/819fb2545dd2715bd7c0580d6d4b411a"},"headline":"MotoGP : Le calendrier pr\u00e9visionnel de la saison 2022","datePublished":"2021-10-07T14:21:39+00:00","dateModified":"2021-10-07T15:44:15+00:00","mainEntityOfPage":{"@id":"https:\/\/dicodusport.fr\/blog\/motogp-le-calendrier-previsionnel-de-la-saison-2022\/"},"wordCount":445,"commentCount":0,"publisher":{"@id":"https:\/\/dicodusport.fr\/blog\/#organization"},"image":{"@id":"https:\/\/dicodusport.fr\/blog\/motogp-le-calendrier-previsionnel-de-la-saison-2022\/#primaryimage"},"thumbnailUrl":"https:\/\/dicodusport.fr\/blog\/wp-content\/uploads\/2021\/08\/MotoGP-Grand-Prix-dAutriche-2021-Horaires-programme-TV-et-enjeux.png","keywords":["MotoGP"],"articleSection":["MotoGP"],"inLanguage":"fr-FR","potentialAction":[{"@type":"CommentAction","name":"Comment","target":["https:\/\/dicodusport.fr\/blog\/motogp-le-calendrier-previsionnel-de-la-saison-2022\/#respond"]}],"copyrightYear":"2021","copyrightHolder":{"@id":"https:\/\/dicodusport.fr\/blog\/#organization"}},{"@type":"WebPage","@id":"https:\/\/dicodusport.fr\/blog\/motogp-le-calendrier-previsionnel-de-la-saison-2022\/","url":"https:\/\/dicodusport.fr\/blog\/motogp-le-calendrier-previsionnel-de-la-saison-2022\/","name":"MotoGP : Le calendrier pr\u00e9visionnel de la saison 2022","isPartOf":{"@id":"https:\/\/dicodusport.fr\/blog\/#website"},"primaryImageOfPage":{"@id":"https:\/\/dicodusport.fr\/blog\/motogp-le-calendrier-previsionnel-de-la-saison-2022\/#primaryimage"},"image":{"@id":"https:\/\/dicodusport.fr\/blog\/motogp-le-calendrier-previsionnel-de-la-saison-2022\/#primaryimage"},"thumbnailUrl":"https:\/\/dicodusport.fr\/blog\/wp-content\/uploads\/2021\/08\/MotoGP-Grand-Prix-dAutriche-2021-Horaires-programme-TV-et-enjeux.png","datePublished":"2021-10-07T14:21:39+00:00","dateModified":"2021-10-07T15:44:15+00:00","description":"MOTOGP - D\u00e9couvrez le calendrier pr\u00e9visionnel complet de la Championnat du Monde 2022, une saison compos\u00e9e de 21 Grands Prix.","breadcrumb":{"@id":"https:\/\/dicodusport.fr\/blog\/motogp-le-calendrier-previsionnel-de-la-saison-2022\/#breadcrumb"},"inLanguage":"fr-FR","potentialAction":[{"@type":"ReadAction","target":["https:\/\/dicodusport.fr\/blog\/motogp-le-calendrier-previsionnel-de-la-saison-2022\/"]}]},{"@type":"ImageObject","inLanguage":"fr-FR","@id":"https:\/\/dicodusport.fr\/blog\/motogp-le-calendrier-previsionnel-de-la-saison-2022\/#primaryimage","url":"https:\/\/dicodusport.fr\/blog\/wp-content\/uploads\/2021\/08\/MotoGP-Grand-Prix-dAutriche-2021-Horaires-programme-TV-et-enjeux.png","contentUrl":"https:\/\/dicodusport.fr\/blog\/wp-content\/uploads\/2021\/08\/MotoGP-Grand-Prix-dAutriche-2021-Horaires-programme-TV-et-enjeux.png","width":800,"height":445,"caption":"MotoGP : Le calendrier pr\u00e9visionnel de la saison 2022"},{"@type":"BreadcrumbList","@id":"https:\/\/dicodusport.fr\/blog\/motogp-le-calendrier-previsionnel-de-la-saison-2022\/#breadcrumb","itemListElement":[{"@type":"ListItem","position":1,"name":"Accueil","item":"https:\/\/dicodusport.fr\/blog\/"},{"@type":"ListItem","position":2,"name":"MotoGP : Le calendrier pr\u00e9visionnel de la saison 2022"}]},{"@type":"WebSite","@id":"https:\/\/dicodusport.fr\/blog\/#website","url":"https:\/\/dicodusport.fr\/blog\/","name":"Dicodusport","description":"L&#039;encyclop\u00e9die de l&#039;actualit\u00e9 sportive","publisher":{"@id":"https:\/\/dicodusport.fr\/blog\/#organization"},"potentialAction":[{"@type":"SearchAction","target":{"@type":"EntryPoint","urlTemplate":"https:\/\/dicodusport.fr\/blog\/?s={search_term_string}"},"query-input":{"@type":"PropertyValueSpecification","valueRequired":true,"valueName":"search_term_string"}}],"inLanguage":"fr-FR"},{"@type":"NewsMediaOrganization","@id":"https:\/\/dicodusport.fr\/blog\/#organization","name":"Dicodusport","url":"https:\/\/dicodusport.fr\/blog\/","logo":{"@type":"ImageObject","inLanguage":"fr-FR","@id":"https:\/\/dicodusport.fr\/blog\/#\/schema\/logo\/image\/","url":"https:\/\/dicodusport.fr\/blog\/wp-content\/uploads\/2020\/06\/cropped-LOGO-DICODUSPORT-2020-SANS-FOND-SANS-TEXTE.png","contentUrl":"https:\/\/dicodusport.fr\/blog\/wp-content\/uploads\/2020\/06\/cropped-LOGO-DICODUSPORT-2020-SANS-FOND-SANS-TEXTE.png","width":512,"height":512,"caption":"Dicodusport"},"image":{"@id":"https:\/\/dicodusport.fr\/blog\/#\/schema\/logo\/image\/"},"sameAs":["https:\/\/www.facebook.com\/dicodusport","https:\/\/x.com\/dicodusport","https:\/\/www.instagram.com\/dicodusport\/","https:\/\/www.youtube.com\/channel\/UC7V2KZ5sd3htJivAbA4ZG3w"],"description":"Dicodusport est l'encyclop\u00e9die de l'actualit\u00e9 sportive.","email":"bonjour@dicodusport.fr","legalName":"DICODUSPORT","foundingDate":"2018-01-14","vatID":"FR71834470973","taxID":"83447097300043","numberOfEmployees":{"@type":"QuantitativeValue","minValue":"1","maxValue":"10"}},{"@type":"Person","@id":"https:\/\/dicodusport.fr\/blog\/#\/schema\/person\/819fb2545dd2715bd7c0580d6d4b411a","name":"Roxane Lecacher","image":{"@type":"ImageObject","inLanguage":"fr-FR","@id":"https:\/\/dicodusport.fr\/blog\/#\/schema\/person\/image\/","url":"https:\/\/dicodusport.fr\/blog\/wp-content\/uploads\/2021\/05\/Roxane-Lecacher-150x150.jpg","contentUrl":"https:\/\/dicodusport.fr\/blog\/wp-content\/uploads\/2021\/05\/Roxane-Lecacher-150x150.jpg","caption":"Roxane Lecacher"},"description":"Journaliste\/r\u00e9dactrice depuis janvier 2021 - N\u00e9e quelques jours avant la premi\u00e8re \u00e9toile des Bleus, je baigne dans une famille tr\u00e8s sportive. Je n\u2019ai eu d\u2019autres choix que de me passionner pour le sujet. Pratiquante de l\u2019athl\u00e9tisme depuis toute petite, j\u2019ai aussi un attrait tout particulier pour la Formule 1, le biathlon et le foot. Pendant les grands \u00e9v\u00e9nements, il est impossible de d\u00e9crocher de ma t\u00e9l\u00e9. C\u2019est \u00e0 travers Dicodusport que j\u2019aime d\u00e9sormais vous transmettre mes \u00e9motions et ma passion.","sameAs":["https:\/\/www.facebook.com\/roxane.lecacher","https:\/\/fr.linkedin.com\/in\/roxane-lecacher-23368313b"],"url":"https:\/\/dicodusport.fr\/blog\/author\/roxanel\/"}]}},"_links":{"self":[{"href":"https:\/\/dicodusport.fr\/blog\/wp-json\/wp\/v2\/posts\/171783","targetHints":{"allow":["GET"]}}],"collection":[{"href":"https:\/\/dicodusport.fr\/blog\/wp-json\/wp\/v2\/posts"}],"about":[{"href":"https:\/\/dicodusport.fr\/blog\/wp-json\/wp\/v2\/types\/post"}],"author":[{"embeddable":true,"href":"https:\/\/dicodusport.fr\/blog\/wp-json\/wp\/v2\/users\/54"}],"replies":[{"embeddable":true,"href":"https:\/\/dicodusport.fr\/blog\/wp-json\/wp\/v2\/comments?post=171783"}],"version-history":[{"count":0,"href":"https:\/\/dicodusport.fr\/blog\/wp-json\/wp\/v2\/posts\/171783\/revisions"}],"wp:featuredmedia":[{"embeddable":true,"href":"https:\/\/dicodusport.fr\/blog\/wp-json\/wp\/v2\/media\/157994"}],"wp:attachment":[{"href":"https:\/\/dicodusport.fr\/blog\/wp-json\/wp\/v2\/media?parent=171783"}],"wp:term":[{"taxonomy":"category","embeddable":true,"href":"https:\/\/dicodusport.fr\/blog\/wp-json\/wp\/v2\/categories?post=171783"},{"taxonomy":"post_tag","embeddable":true,"href":"https:\/\/dicodusport.fr\/blog\/wp-json\/wp\/v2\/tags?post=171783"}],"curies":[{"name":"wp","href":"https:\/\/api.w.org\/{rel}","templated":true}]}}