{"id":171998,"date":"2021-10-09T18:55:21","date_gmt":"2021-10-09T16:55:21","guid":{"rendered":"https:\/\/dicodusport.fr\/blog\/?p=171998"},"modified":"2021-10-09T19:04:31","modified_gmt":"2021-10-09T17:04:31","slug":"paris-tours-2021-le-parcours-en-detail-et-le-profil","status":"publish","type":"post","link":"https:\/\/dicodusport.fr\/blog\/paris-tours-2021-le-parcours-en-detail-et-le-profil\/","title":{"rendered":"Paris-Tours 2021 : Le parcours en d\u00e9tail et le profil"},"content":{"rendered":"<p style=\"text-align: justify;\"><span class=\"tojvnm2t a6sixzi8 abs2jz4q a8s20v7p t1p8iaqh k5wvi7nf q3lfd5jv pk4s997a bipmatt0 cebpdrjk qowsmv63 owwhemhu dp1hu0rb dhp61c6y iyyx5f41\"><em><strong>CYCLISME &#8211; La 115e \u00e9dition de Paris-Tours se disputera ce dimanche 10 octobre prochain avec au programme 212,3 kilom\u00e8tres entre Chartres et Tours. Neuf chemins de vigne seront propos\u00e9s dans les 50 derniers kilom\u00e8tres.<\/strong><\/em> <\/span><\/p>\n<p style=\"text-align: justify;\"><span class=\"tojvnm2t a6sixzi8 abs2jz4q a8s20v7p t1p8iaqh k5wvi7nf q3lfd5jv pk4s997a bipmatt0 cebpdrjk qowsmv63 owwhemhu dp1hu0rb dhp61c6y iyyx5f41\">D&rsquo;abord, le d\u00e9part fictif sera donn\u00e9 sur la place Ch\u00e2telet \u00e0 11h30 pour la troisi\u00e8me ann\u00e9e d\u2019affil\u00e9e. Apr\u00e8s avoir d\u00e9fil\u00e9 dans <strong>Chartres<\/strong>, le d\u00e9part r\u00e9el aura lieu \u00e0 Morancez. <\/span><span class=\"tojvnm2t a6sixzi8 abs2jz4q a8s20v7p t1p8iaqh k5wvi7nf q3lfd5jv pk4s997a bipmatt0 cebpdrjk qowsmv63 owwhemhu dp1hu0rb dhp61c6y iyyx5f41\">Ensuite, les 23 premiers kilom\u00e8tres s&rsquo;effectueront sur une longue ligne droite sur les D935 et D127 avant de virer \u00e0 droite en direction de <strong>Bonneval<\/strong>. <\/span><span class=\"tojvnm2t a6sixzi8 abs2jz4q a8s20v7p t1p8iaqh k5wvi7nf q3lfd5jv pk4s997a bipmatt0 cebpdrjk qowsmv63 owwhemhu dp1hu0rb dhp61c6y iyyx5f41\">Puis, les coureurs contourneront <strong><span class=\"correction ac\" data-start-index=\"33\" data-end-index=\"42\" data-type=\"Spelling\">Ch\u00e2teaudun<\/span> <\/strong>par <strong>Logron, Lanneray<\/strong> et <strong>Saint-Hilaire-sur-Yerre<\/strong>. <\/span><\/p>\n<p style=\"text-align: justify;\"><span class=\"tojvnm2t a6sixzi8 abs2jz4q a8s20v7p t1p8iaqh k5wvi7nf q3lfd5jv pk4s997a bipmatt0 cebpdrjk qowsmv63 owwhemhu dp1hu0rb dhp61c6y iyyx5f41\">Par la suite, ils continueront la descente vers le sud sur des routes rectilignes. Le peloton traversera les villes de <strong>Cloyes-sur-le-Loir, Vend\u00f4me<\/strong> et <strong>Herbault<\/strong>. Cependant, cette longue partie pourrait r\u00e9server de mauvaises surprises avec le vent notamment. <\/span><span class=\"tojvnm2t a6sixzi8 abs2jz4q a8s20v7p t1p8iaqh k5wvi7nf q3lfd5jv pk4s997a bipmatt0 cebpdrjk qowsmv63 owwhemhu dp1hu0rb dhp61c6y iyyx5f41\">\u00c0 partir de <strong>Cangey<\/strong>, la route deviendra plus sinueuse en longeant la Loire et la tension va monter dans le peloton \u00e0 l&rsquo;approche du final. <\/span><\/p>\n<p style=\"text-align: justify;\"><span class=\"tojvnm2t a6sixzi8 abs2jz4q a8s20v7p t1p8iaqh k5wvi7nf q3lfd5jv pk4s997a bipmatt0 cebpdrjk qowsmv63 owwhemhu dp1hu0rb dhp61c6y iyyx5f41\">Apr\u00e8s, les coureurs entameront les 50 derniers kilom\u00e8tres avec 7 c\u00f4tes et 9 chemins de vigne. Il va falloir grimper la <strong>C\u00f4te de Goguenne<\/strong> (700 m\u00e8tres \u00e0 5,4 %), la <strong>C\u00f4te du Bois de Chancay<\/strong> (900 m \u00e0 4,2 %), la <strong>C\u00f4te de la Vall\u00e9e du Vau<\/strong> (1100 m \u00e0 ), la pentue <strong>C\u00f4te de la Roch\u00e8re<\/strong> (400 m\u00e8tres \u00e0 11 %) sur une route tr\u00e8s \u00e9troite, la <strong>C\u00f4te de la Vall\u00e9e Chartier<\/strong> (700 m \u00e0 6,1 %), la <strong>C\u00f4te du Vouvray<\/strong> (500 m \u00e0 5,4 %) et la <strong>C\u00f4te de Rochecordon<\/strong> (800 m \u00e0 4 %). Le sommet de cette derni\u00e8re se situera \u00e0 11 kilom\u00e8tres de l&rsquo;arriv\u00e9e. Les chemins de vigne provoqueront de nombreuses crevaisons et pourraient contrecarrer les plans de nombreuses \u00e9quipes. <\/span><\/p>\n<p style=\"text-align: justify;\"><span class=\"tojvnm2t a6sixzi8 abs2jz4q a8s20v7p t1p8iaqh k5wvi7nf q3lfd5jv pk4s997a bipmatt0 cebpdrjk qowsmv63 owwhemhu dp1hu0rb dhp61c6y iyyx5f41\">Apr\u00e8s une courte descente, les 9 derniers kilom\u00e8tres seront plats en direction de <strong>Tours<\/strong> via <strong>Saint-Georges<\/strong> sur la rive nord de la Loire. <\/span><\/p>\n<p style=\"text-align: justify;\"><span class=\"tojvnm2t a6sixzi8 abs2jz4q a8s20v7p t1p8iaqh k5wvi7nf q3lfd5jv pk4s997a bipmatt0 cebpdrjk qowsmv63 owwhemhu dp1hu0rb dhp61c6y iyyx5f41\">Enfin, les coureurs arriveront dans Tours par le <strong>Pont Napol\u00e9on<\/strong> et l&rsquo;<strong>Avenue Proudhon<\/strong>. Apr\u00e8s avoir pass\u00e9 par le <strong>Boulevard Jean Royer<\/strong>, l&rsquo;arriv\u00e9e sera jug\u00e9e sur l\u2019<strong>Avenue de Grammont<\/strong>. Le vainqueur succ\u00e9dera \u00e0 Casper Pedersen.<\/span><\/p>\n<h2 style=\"text-align: justify;\">Le profil de Paris-Tours 2021<\/h2>\n<p><a href=\"https:\/\/dicodusport.fr\/blog\/wp-content\/uploads\/2021\/10\/Prodil-Paris-tours-2021.jpeg\"><img loading=\"lazy\" decoding=\"async\" class=\"alignnone size-full wp-image-172243\" src=\"https:\/\/dicodusport.fr\/blog\/wp-content\/uploads\/2021\/10\/Prodil-Paris-tours-2021.jpeg\" alt=\"\" width=\"1650\" height=\"625\" srcset=\"https:\/\/dicodusport.fr\/blog\/wp-content\/uploads\/2021\/10\/Prodil-Paris-tours-2021.jpeg 1650w, https:\/\/dicodusport.fr\/blog\/wp-content\/uploads\/2021\/10\/Prodil-Paris-tours-2021-300x114.jpeg 300w, https:\/\/dicodusport.fr\/blog\/wp-content\/uploads\/2021\/10\/Prodil-Paris-tours-2021-1024x388.jpeg 1024w, https:\/\/dicodusport.fr\/blog\/wp-content\/uploads\/2021\/10\/Prodil-Paris-tours-2021-768x291.jpeg 768w, https:\/\/dicodusport.fr\/blog\/wp-content\/uploads\/2021\/10\/Prodil-Paris-tours-2021-1536x582.jpeg 1536w\" sizes=\"auto, (max-width: 1650px) 100vw, 1650px\" \/><\/a><\/p>\n<h2 style=\"text-align: justify;\">\u00c0 lire aussi<\/h2>\n<ul>\n<li><a href=\"https:\/\/dicodusport.fr\/blog\/paris-tours-2021-la-liste-des-engages\/\"><strong>Les engag\u00e9s de Paris-Tours 2021<\/strong><\/a><\/li>\n<\/ul>\n","protected":false},"excerpt":{"rendered":"<p>CYCLISME &#8211; La 115e \u00e9dition de Paris-Tours se disputera ce dimanche 10 octobre prochain avec au programme 212,3 kilom\u00e8tres entre Chartres et Tours. Neuf chemins de vigne seront propos\u00e9s dans les 50 derniers kilom\u00e8tres. D&rsquo;abord, le d\u00e9part fictif sera donn\u00e9 sur la place Ch\u00e2telet \u00e0 11h30 pour la troisi\u00e8me ann\u00e9e d\u2019affil\u00e9e. Apr\u00e8s avoir d\u00e9fil\u00e9 dans [&hellip;]<\/p>\n","protected":false},"author":48,"featured_media":172245,"comment_status":"open","ping_status":"closed","sticky":false,"template":"","format":"standard","meta":{"_acf_changed":false,"_daextam_enable_autolinks":"","footnotes":""},"categories":[2307],"tags":[9006],"class_list":["post-171998","post","type-post","status-publish","format-standard","has-post-thumbnail","hentry","category-cyclisme","tag-paris-tours"],"acf":[],"yoast_head":"<!-- This site is optimized with the Yoast SEO Premium plugin v26.7 (Yoast SEO v26.7) - https:\/\/yoast.com\/wordpress\/plugins\/seo\/ -->\n<title>Paris-Tours 2021 : Le parcours en d\u00e9tail et le profil<\/title>\n<meta name=\"description\" content=\"CYCLISME - La 115e \u00e9dition de Paris-Tours se disputera ce dimanche 10 octobre prochain avec au programme 212,3 kilom\u00e8tres entre Chartres et Tours. Neuf chemins de vigne seront propos\u00e9s dans les 50 derniers kilom\u00e8tres.\" \/>\n<meta name=\"robots\" content=\"index, follow, max-snippet:-1, max-image-preview:large, max-video-preview:-1\" \/>\n<link rel=\"canonical\" href=\"https:\/\/dicodusport.fr\/blog\/paris-tours-2021-le-parcours-en-detail-et-le-profil\/\" \/>\n<meta property=\"og:locale\" content=\"fr_FR\" \/>\n<meta property=\"og:type\" content=\"article\" \/>\n<meta property=\"og:title\" content=\"Paris-Tours 2021 : Le parcours en d\u00e9tail et le profil\" \/>\n<meta property=\"og:description\" content=\"CYCLISME - La 115e \u00e9dition de Paris-Tours se disputera ce dimanche 10 octobre prochain avec au programme 212,3 kilom\u00e8tres entre Chartres et Tours. Neuf chemins de vigne seront propos\u00e9s dans les 50 derniers kilom\u00e8tres.\" \/>\n<meta property=\"og:url\" content=\"https:\/\/dicodusport.fr\/blog\/paris-tours-2021-le-parcours-en-detail-et-le-profil\/\" \/>\n<meta property=\"og:site_name\" content=\"Dicodusport\" \/>\n<meta property=\"article:publisher\" content=\"https:\/\/www.facebook.com\/dicodusport\" \/>\n<meta property=\"article:author\" content=\"https:\/\/www.facebook.com\/groups\/LesRoisDuPeloton\" \/>\n<meta property=\"article:published_time\" content=\"2021-10-09T16:55:21+00:00\" \/>\n<meta property=\"article:modified_time\" content=\"2021-10-09T17:04:31+00:00\" \/>\n<meta property=\"og:image\" content=\"https:\/\/dicodusport.fr\/blog\/wp-content\/uploads\/2021\/10\/Paris-Tours-2021-Le-parcours-en-de\u0301tail-et-le-profil.png\" \/>\n\t<meta property=\"og:image:width\" content=\"800\" \/>\n\t<meta property=\"og:image:height\" content=\"445\" \/>\n\t<meta property=\"og:image:type\" content=\"image\/png\" \/>\n<meta name=\"author\" content=\"Emilien Descampiaux\" \/>\n<meta name=\"twitter:card\" content=\"summary_large_image\" \/>\n<meta name=\"twitter:title\" content=\"Paris-Tours 2021 : Le parcours en d\u00e9tail et le profil\" \/>\n<meta name=\"twitter:creator\" content=\"@https:\/\/twitter.com\/LRoisDuPeloton\" \/>\n<meta name=\"twitter:site\" content=\"@dicodusport\" \/>\n<script type=\"application\/ld+json\" class=\"yoast-schema-graph\">{\"@context\":\"https:\/\/schema.org\",\"@graph\":[{\"@type\":\"NewsArticle\",\"@id\":\"https:\/\/dicodusport.fr\/blog\/paris-tours-2021-le-parcours-en-detail-et-le-profil\/#article\",\"isPartOf\":{\"@id\":\"https:\/\/dicodusport.fr\/blog\/paris-tours-2021-le-parcours-en-detail-et-le-profil\/\"},\"author\":{\"name\":\"Emilien Descampiaux\",\"@id\":\"https:\/\/dicodusport.fr\/blog\/#\/schema\/person\/6db4bae06b171592211be385b32876a7\"},\"headline\":\"Paris-Tours 2021 : Le parcours en d\u00e9tail et le profil\",\"datePublished\":\"2021-10-09T16:55:21+00:00\",\"dateModified\":\"2021-10-09T17:04:31+00:00\",\"mainEntityOfPage\":{\"@id\":\"https:\/\/dicodusport.fr\/blog\/paris-tours-2021-le-parcours-en-detail-et-le-profil\/\"},\"wordCount\":369,\"commentCount\":0,\"publisher\":{\"@id\":\"https:\/\/dicodusport.fr\/blog\/#organization\"},\"image\":{\"@id\":\"https:\/\/dicodusport.fr\/blog\/paris-tours-2021-le-parcours-en-detail-et-le-profil\/#primaryimage\"},\"thumbnailUrl\":\"https:\/\/dicodusport.fr\/blog\/wp-content\/uploads\/2021\/10\/Paris-Tours-2021-Le-parcours-en-de\u0301tail-et-le-profil.png\",\"keywords\":[\"Paris-Tours\"],\"articleSection\":[\"Cyclisme\"],\"inLanguage\":\"fr-FR\",\"potentialAction\":[{\"@type\":\"CommentAction\",\"name\":\"Comment\",\"target\":[\"https:\/\/dicodusport.fr\/blog\/paris-tours-2021-le-parcours-en-detail-et-le-profil\/#respond\"]}],\"copyrightYear\":\"2021\",\"copyrightHolder\":{\"@id\":\"https:\/\/dicodusport.fr\/blog\/#organization\"}},{\"@type\":\"WebPage\",\"@id\":\"https:\/\/dicodusport.fr\/blog\/paris-tours-2021-le-parcours-en-detail-et-le-profil\/\",\"url\":\"https:\/\/dicodusport.fr\/blog\/paris-tours-2021-le-parcours-en-detail-et-le-profil\/\",\"name\":\"Paris-Tours 2021 : Le parcours en d\u00e9tail et le profil\",\"isPartOf\":{\"@id\":\"https:\/\/dicodusport.fr\/blog\/#website\"},\"primaryImageOfPage\":{\"@id\":\"https:\/\/dicodusport.fr\/blog\/paris-tours-2021-le-parcours-en-detail-et-le-profil\/#primaryimage\"},\"image\":{\"@id\":\"https:\/\/dicodusport.fr\/blog\/paris-tours-2021-le-parcours-en-detail-et-le-profil\/#primaryimage\"},\"thumbnailUrl\":\"https:\/\/dicodusport.fr\/blog\/wp-content\/uploads\/2021\/10\/Paris-Tours-2021-Le-parcours-en-de\u0301tail-et-le-profil.png\",\"datePublished\":\"2021-10-09T16:55:21+00:00\",\"dateModified\":\"2021-10-09T17:04:31+00:00\",\"description\":\"CYCLISME - La 115e \u00e9dition de Paris-Tours se disputera ce dimanche 10 octobre prochain avec au programme 212,3 kilom\u00e8tres entre Chartres et Tours. Neuf chemins de vigne seront propos\u00e9s dans les 50 derniers kilom\u00e8tres.\",\"breadcrumb\":{\"@id\":\"https:\/\/dicodusport.fr\/blog\/paris-tours-2021-le-parcours-en-detail-et-le-profil\/#breadcrumb\"},\"inLanguage\":\"fr-FR\",\"potentialAction\":[{\"@type\":\"ReadAction\",\"target\":[\"https:\/\/dicodusport.fr\/blog\/paris-tours-2021-le-parcours-en-detail-et-le-profil\/\"]}]},{\"@type\":\"ImageObject\",\"inLanguage\":\"fr-FR\",\"@id\":\"https:\/\/dicodusport.fr\/blog\/paris-tours-2021-le-parcours-en-detail-et-le-profil\/#primaryimage\",\"url\":\"https:\/\/dicodusport.fr\/blog\/wp-content\/uploads\/2021\/10\/Paris-Tours-2021-Le-parcours-en-de\u0301tail-et-le-profil.png\",\"contentUrl\":\"https:\/\/dicodusport.fr\/blog\/wp-content\/uploads\/2021\/10\/Paris-Tours-2021-Le-parcours-en-de\u0301tail-et-le-profil.png\",\"width\":800,\"height\":445},{\"@type\":\"BreadcrumbList\",\"@id\":\"https:\/\/dicodusport.fr\/blog\/paris-tours-2021-le-parcours-en-detail-et-le-profil\/#breadcrumb\",\"itemListElement\":[{\"@type\":\"ListItem\",\"position\":1,\"name\":\"Accueil\",\"item\":\"https:\/\/dicodusport.fr\/blog\/\"},{\"@type\":\"ListItem\",\"position\":2,\"name\":\"Paris-Tours 2021 : Le parcours en d\u00e9tail et le profil\"}]},{\"@type\":\"WebSite\",\"@id\":\"https:\/\/dicodusport.fr\/blog\/#website\",\"url\":\"https:\/\/dicodusport.fr\/blog\/\",\"name\":\"Dicodusport\",\"description\":\"L&#039;encyclop\u00e9die de l&#039;actualit\u00e9 sportive\",\"publisher\":{\"@id\":\"https:\/\/dicodusport.fr\/blog\/#organization\"},\"potentialAction\":[{\"@type\":\"SearchAction\",\"target\":{\"@type\":\"EntryPoint\",\"urlTemplate\":\"https:\/\/dicodusport.fr\/blog\/?s={search_term_string}\"},\"query-input\":{\"@type\":\"PropertyValueSpecification\",\"valueRequired\":true,\"valueName\":\"search_term_string\"}}],\"inLanguage\":\"fr-FR\"},{\"@type\":\"NewsMediaOrganization\",\"@id\":\"https:\/\/dicodusport.fr\/blog\/#organization\",\"name\":\"Dicodusport\",\"url\":\"https:\/\/dicodusport.fr\/blog\/\",\"logo\":{\"@type\":\"ImageObject\",\"inLanguage\":\"fr-FR\",\"@id\":\"https:\/\/dicodusport.fr\/blog\/#\/schema\/logo\/image\/\",\"url\":\"https:\/\/dicodusport.fr\/blog\/wp-content\/uploads\/2020\/06\/cropped-LOGO-DICODUSPORT-2020-SANS-FOND-SANS-TEXTE.png\",\"contentUrl\":\"https:\/\/dicodusport.fr\/blog\/wp-content\/uploads\/2020\/06\/cropped-LOGO-DICODUSPORT-2020-SANS-FOND-SANS-TEXTE.png\",\"width\":512,\"height\":512,\"caption\":\"Dicodusport\"},\"image\":{\"@id\":\"https:\/\/dicodusport.fr\/blog\/#\/schema\/logo\/image\/\"},\"sameAs\":[\"https:\/\/www.facebook.com\/dicodusport\",\"https:\/\/x.com\/dicodusport\",\"https:\/\/www.instagram.com\/dicodusport\/\",\"https:\/\/www.youtube.com\/channel\/UC7V2KZ5sd3htJivAbA4ZG3w\"],\"description\":\"Dicodusport est l'encyclop\u00e9die de l'actualit\u00e9 sportive.\",\"email\":\"bonjour@dicodusport.fr\",\"legalName\":\"DICODUSPORT\",\"foundingDate\":\"2018-01-14\",\"vatID\":\"FR71834470973\",\"taxID\":\"83447097300043\",\"numberOfEmployees\":{\"@type\":\"QuantitativeValue\",\"minValue\":\"1\",\"maxValue\":\"10\"}},{\"@type\":\"Person\",\"@id\":\"https:\/\/dicodusport.fr\/blog\/#\/schema\/person\/6db4bae06b171592211be385b32876a7\",\"name\":\"Emilien Descampiaux\",\"image\":{\"@type\":\"ImageObject\",\"inLanguage\":\"fr-FR\",\"@id\":\"https:\/\/dicodusport.fr\/blog\/#\/schema\/person\/image\/\",\"url\":\"https:\/\/dicodusport.fr\/blog\/wp-content\/uploads\/2021\/05\/Emilien-Descampiaux-150x150.jpg\",\"contentUrl\":\"https:\/\/dicodusport.fr\/blog\/wp-content\/uploads\/2021\/05\/Emilien-Descampiaux-150x150.jpg\",\"caption\":\"Emilien Descampiaux\"},\"description\":\"Journaliste\/r\u00e9dacteur depuis 2014 - Fan de la classe de Frank Vandenbroucke, je vis cyclisme (et de ses paysages) depuis plus de 20 ans. Je suis tr\u00e8s impliqu\u00e9 sur mes diff\u00e9rents r\u00e9seaux sociaux pour partager ma passion sur le monde et l'Histoire de la bicyclette avec ma voix sur les images en noir et blanc du succ\u00e8s de Rik Van Steenbergen lors du Ronde sur le V\u00e9lodrome de Gand.\",\"sameAs\":[\"https:\/\/www.facebook.com\/groups\/LesRoisDuPeloton\",\"https:\/\/x.com\/https:\/\/twitter.com\/LRoisDuPeloton\"],\"url\":\"https:\/\/dicodusport.fr\/blog\/author\/emiliend\/\"}]}<\/script>\n<!-- \/ Yoast SEO Premium plugin. -->","yoast_head_json":{"title":"Paris-Tours 2021 : Le parcours en d\u00e9tail et le profil","description":"CYCLISME - La 115e \u00e9dition de Paris-Tours se disputera ce dimanche 10 octobre prochain avec au programme 212,3 kilom\u00e8tres entre Chartres et Tours. Neuf chemins de vigne seront propos\u00e9s dans les 50 derniers kilom\u00e8tres.","robots":{"index":"index","follow":"follow","max-snippet":"max-snippet:-1","max-image-preview":"max-image-preview:large","max-video-preview":"max-video-preview:-1"},"canonical":"https:\/\/dicodusport.fr\/blog\/paris-tours-2021-le-parcours-en-detail-et-le-profil\/","og_locale":"fr_FR","og_type":"article","og_title":"Paris-Tours 2021 : Le parcours en d\u00e9tail et le profil","og_description":"CYCLISME - La 115e \u00e9dition de Paris-Tours se disputera ce dimanche 10 octobre prochain avec au programme 212,3 kilom\u00e8tres entre Chartres et Tours. Neuf chemins de vigne seront propos\u00e9s dans les 50 derniers kilom\u00e8tres.","og_url":"https:\/\/dicodusport.fr\/blog\/paris-tours-2021-le-parcours-en-detail-et-le-profil\/","og_site_name":"Dicodusport","article_publisher":"https:\/\/www.facebook.com\/dicodusport","article_author":"https:\/\/www.facebook.com\/groups\/LesRoisDuPeloton","article_published_time":"2021-10-09T16:55:21+00:00","article_modified_time":"2021-10-09T17:04:31+00:00","og_image":[{"width":800,"height":445,"url":"https:\/\/dicodusport.fr\/blog\/wp-content\/uploads\/2021\/10\/Paris-Tours-2021-Le-parcours-en-de\u0301tail-et-le-profil.png","type":"image\/png"}],"author":"Emilien Descampiaux","twitter_card":"summary_large_image","twitter_title":"Paris-Tours 2021 : Le parcours en d\u00e9tail et le profil","twitter_creator":"@https:\/\/twitter.com\/LRoisDuPeloton","twitter_site":"@dicodusport","schema":{"@context":"https:\/\/schema.org","@graph":[{"@type":"NewsArticle","@id":"https:\/\/dicodusport.fr\/blog\/paris-tours-2021-le-parcours-en-detail-et-le-profil\/#article","isPartOf":{"@id":"https:\/\/dicodusport.fr\/blog\/paris-tours-2021-le-parcours-en-detail-et-le-profil\/"},"author":{"name":"Emilien Descampiaux","@id":"https:\/\/dicodusport.fr\/blog\/#\/schema\/person\/6db4bae06b171592211be385b32876a7"},"headline":"Paris-Tours 2021 : Le parcours en d\u00e9tail et le profil","datePublished":"2021-10-09T16:55:21+00:00","dateModified":"2021-10-09T17:04:31+00:00","mainEntityOfPage":{"@id":"https:\/\/dicodusport.fr\/blog\/paris-tours-2021-le-parcours-en-detail-et-le-profil\/"},"wordCount":369,"commentCount":0,"publisher":{"@id":"https:\/\/dicodusport.fr\/blog\/#organization"},"image":{"@id":"https:\/\/dicodusport.fr\/blog\/paris-tours-2021-le-parcours-en-detail-et-le-profil\/#primaryimage"},"thumbnailUrl":"https:\/\/dicodusport.fr\/blog\/wp-content\/uploads\/2021\/10\/Paris-Tours-2021-Le-parcours-en-de\u0301tail-et-le-profil.png","keywords":["Paris-Tours"],"articleSection":["Cyclisme"],"inLanguage":"fr-FR","potentialAction":[{"@type":"CommentAction","name":"Comment","target":["https:\/\/dicodusport.fr\/blog\/paris-tours-2021-le-parcours-en-detail-et-le-profil\/#respond"]}],"copyrightYear":"2021","copyrightHolder":{"@id":"https:\/\/dicodusport.fr\/blog\/#organization"}},{"@type":"WebPage","@id":"https:\/\/dicodusport.fr\/blog\/paris-tours-2021-le-parcours-en-detail-et-le-profil\/","url":"https:\/\/dicodusport.fr\/blog\/paris-tours-2021-le-parcours-en-detail-et-le-profil\/","name":"Paris-Tours 2021 : Le parcours en d\u00e9tail et le profil","isPartOf":{"@id":"https:\/\/dicodusport.fr\/blog\/#website"},"primaryImageOfPage":{"@id":"https:\/\/dicodusport.fr\/blog\/paris-tours-2021-le-parcours-en-detail-et-le-profil\/#primaryimage"},"image":{"@id":"https:\/\/dicodusport.fr\/blog\/paris-tours-2021-le-parcours-en-detail-et-le-profil\/#primaryimage"},"thumbnailUrl":"https:\/\/dicodusport.fr\/blog\/wp-content\/uploads\/2021\/10\/Paris-Tours-2021-Le-parcours-en-de\u0301tail-et-le-profil.png","datePublished":"2021-10-09T16:55:21+00:00","dateModified":"2021-10-09T17:04:31+00:00","description":"CYCLISME - La 115e \u00e9dition de Paris-Tours se disputera ce dimanche 10 octobre prochain avec au programme 212,3 kilom\u00e8tres entre Chartres et Tours. Neuf chemins de vigne seront propos\u00e9s dans les 50 derniers kilom\u00e8tres.","breadcrumb":{"@id":"https:\/\/dicodusport.fr\/blog\/paris-tours-2021-le-parcours-en-detail-et-le-profil\/#breadcrumb"},"inLanguage":"fr-FR","potentialAction":[{"@type":"ReadAction","target":["https:\/\/dicodusport.fr\/blog\/paris-tours-2021-le-parcours-en-detail-et-le-profil\/"]}]},{"@type":"ImageObject","inLanguage":"fr-FR","@id":"https:\/\/dicodusport.fr\/blog\/paris-tours-2021-le-parcours-en-detail-et-le-profil\/#primaryimage","url":"https:\/\/dicodusport.fr\/blog\/wp-content\/uploads\/2021\/10\/Paris-Tours-2021-Le-parcours-en-de\u0301tail-et-le-profil.png","contentUrl":"https:\/\/dicodusport.fr\/blog\/wp-content\/uploads\/2021\/10\/Paris-Tours-2021-Le-parcours-en-de\u0301tail-et-le-profil.png","width":800,"height":445},{"@type":"BreadcrumbList","@id":"https:\/\/dicodusport.fr\/blog\/paris-tours-2021-le-parcours-en-detail-et-le-profil\/#breadcrumb","itemListElement":[{"@type":"ListItem","position":1,"name":"Accueil","item":"https:\/\/dicodusport.fr\/blog\/"},{"@type":"ListItem","position":2,"name":"Paris-Tours 2021 : Le parcours en d\u00e9tail et le profil"}]},{"@type":"WebSite","@id":"https:\/\/dicodusport.fr\/blog\/#website","url":"https:\/\/dicodusport.fr\/blog\/","name":"Dicodusport","description":"L&#039;encyclop\u00e9die de l&#039;actualit\u00e9 sportive","publisher":{"@id":"https:\/\/dicodusport.fr\/blog\/#organization"},"potentialAction":[{"@type":"SearchAction","target":{"@type":"EntryPoint","urlTemplate":"https:\/\/dicodusport.fr\/blog\/?s={search_term_string}"},"query-input":{"@type":"PropertyValueSpecification","valueRequired":true,"valueName":"search_term_string"}}],"inLanguage":"fr-FR"},{"@type":"NewsMediaOrganization","@id":"https:\/\/dicodusport.fr\/blog\/#organization","name":"Dicodusport","url":"https:\/\/dicodusport.fr\/blog\/","logo":{"@type":"ImageObject","inLanguage":"fr-FR","@id":"https:\/\/dicodusport.fr\/blog\/#\/schema\/logo\/image\/","url":"https:\/\/dicodusport.fr\/blog\/wp-content\/uploads\/2020\/06\/cropped-LOGO-DICODUSPORT-2020-SANS-FOND-SANS-TEXTE.png","contentUrl":"https:\/\/dicodusport.fr\/blog\/wp-content\/uploads\/2020\/06\/cropped-LOGO-DICODUSPORT-2020-SANS-FOND-SANS-TEXTE.png","width":512,"height":512,"caption":"Dicodusport"},"image":{"@id":"https:\/\/dicodusport.fr\/blog\/#\/schema\/logo\/image\/"},"sameAs":["https:\/\/www.facebook.com\/dicodusport","https:\/\/x.com\/dicodusport","https:\/\/www.instagram.com\/dicodusport\/","https:\/\/www.youtube.com\/channel\/UC7V2KZ5sd3htJivAbA4ZG3w"],"description":"Dicodusport est l'encyclop\u00e9die de l'actualit\u00e9 sportive.","email":"bonjour@dicodusport.fr","legalName":"DICODUSPORT","foundingDate":"2018-01-14","vatID":"FR71834470973","taxID":"83447097300043","numberOfEmployees":{"@type":"QuantitativeValue","minValue":"1","maxValue":"10"}},{"@type":"Person","@id":"https:\/\/dicodusport.fr\/blog\/#\/schema\/person\/6db4bae06b171592211be385b32876a7","name":"Emilien Descampiaux","image":{"@type":"ImageObject","inLanguage":"fr-FR","@id":"https:\/\/dicodusport.fr\/blog\/#\/schema\/person\/image\/","url":"https:\/\/dicodusport.fr\/blog\/wp-content\/uploads\/2021\/05\/Emilien-Descampiaux-150x150.jpg","contentUrl":"https:\/\/dicodusport.fr\/blog\/wp-content\/uploads\/2021\/05\/Emilien-Descampiaux-150x150.jpg","caption":"Emilien Descampiaux"},"description":"Journaliste\/r\u00e9dacteur depuis 2014 - Fan de la classe de Frank Vandenbroucke, je vis cyclisme (et de ses paysages) depuis plus de 20 ans. Je suis tr\u00e8s impliqu\u00e9 sur mes diff\u00e9rents r\u00e9seaux sociaux pour partager ma passion sur le monde et l'Histoire de la bicyclette avec ma voix sur les images en noir et blanc du succ\u00e8s de Rik Van Steenbergen lors du Ronde sur le V\u00e9lodrome de Gand.","sameAs":["https:\/\/www.facebook.com\/groups\/LesRoisDuPeloton","https:\/\/x.com\/https:\/\/twitter.com\/LRoisDuPeloton"],"url":"https:\/\/dicodusport.fr\/blog\/author\/emiliend\/"}]}},"_links":{"self":[{"href":"https:\/\/dicodusport.fr\/blog\/wp-json\/wp\/v2\/posts\/171998","targetHints":{"allow":["GET"]}}],"collection":[{"href":"https:\/\/dicodusport.fr\/blog\/wp-json\/wp\/v2\/posts"}],"about":[{"href":"https:\/\/dicodusport.fr\/blog\/wp-json\/wp\/v2\/types\/post"}],"author":[{"embeddable":true,"href":"https:\/\/dicodusport.fr\/blog\/wp-json\/wp\/v2\/users\/48"}],"replies":[{"embeddable":true,"href":"https:\/\/dicodusport.fr\/blog\/wp-json\/wp\/v2\/comments?post=171998"}],"version-history":[{"count":0,"href":"https:\/\/dicodusport.fr\/blog\/wp-json\/wp\/v2\/posts\/171998\/revisions"}],"wp:featuredmedia":[{"embeddable":true,"href":"https:\/\/dicodusport.fr\/blog\/wp-json\/wp\/v2\/media\/172245"}],"wp:attachment":[{"href":"https:\/\/dicodusport.fr\/blog\/wp-json\/wp\/v2\/media?parent=171998"}],"wp:term":[{"taxonomy":"category","embeddable":true,"href":"https:\/\/dicodusport.fr\/blog\/wp-json\/wp\/v2\/categories?post=171998"},{"taxonomy":"post_tag","embeddable":true,"href":"https:\/\/dicodusport.fr\/blog\/wp-json\/wp\/v2\/tags?post=171998"}],"curies":[{"name":"wp","href":"https:\/\/api.w.org\/{rel}","templated":true}]}}