{"id":172149,"date":"2021-10-09T17:38:32","date_gmt":"2021-10-09T15:38:32","guid":{"rendered":"https:\/\/dicodusport.fr\/blog\/?p=172149&#038;preview=true&#038;preview_id=172149"},"modified":"2023-02-01T21:49:34","modified_gmt":"2023-02-01T20:49:34","slug":"coralie-hayme-championne-du-monde-juniors-de-judo-en-78-kg","status":"publish","type":"post","link":"https:\/\/dicodusport.fr\/blog\/coralie-hayme-championne-du-monde-juniors-de-judo-en-78-kg\/","title":{"rendered":"Coralie Hayme championne du monde juniors de judo en +78 kg"},"content":{"rendered":"<p style=\"text-align: justify;\"><strong><em><a href=\"https:\/\/www.ffjudo.com\/actualite\/championnats-du-monde-juniors-2\" target=\"_blank\" rel=\"noopener\">CHAMPIONNATS DU MONDE JUNIORS DE JUDO<\/a> &#8211; Pour cette derni\u00e8re journ\u00e9e en individuel, la France obtient deux nouvelles m\u00e9dailles en +78 kg : le titre de Coralie Hayme et le bronze de L\u00e9a Fontaine.<\/em><\/strong><\/p>\n<p style=\"text-align: justify;\"><strong>Coralie Hayme<\/strong> (+78 kg) a d&rsquo;abord battu Justina Kmieliauskaite au 2e tour sur ippon (immobilisation). En quarts, elle affrontait Ruslana Bulavina. Sa premi\u00e8re attaque a fait mouche. Elle a ensuite conclu avec un ippon. En demies elle affrontait Hilal Ozturk, comme lors des Championnats d&rsquo;Europe il y a quelques semaines. Elle est parvenue \u00e0 immobiliser la tombeuse de L\u00e9a Fontaine sur le dos. La Fran\u00e7aise \u00e9tait forc\u00e9ment tr\u00e8s contente d&rsquo;aller en finale.<\/p>\n<p style=\"text-align: justify;\">En finale, la Fran\u00e7aise n\u00b02 mondiale, affrontait la <strong>n\u00b01 mondiale Marit Kamps<\/strong>, m\u00e9daill\u00e9e de bronze aux Championnats d&rsquo;Europe juniors. A 11 secondes de la fin, la Fran\u00e7aise est parvenue \u00e0 marquer un waza-ari. Apr\u00e8s avoir remport\u00e9 les Coupes europ\u00e9ennes juniors de Sarajevo et Bucarest cet \u00e9t\u00e9, puis \u00eatre devenue vice-championne d&rsquo;Europe juniors, Coralie Hayme remporte ainsi son premier titre mondial chez les juniors.<\/p>\n<blockquote class=\"twitter-tweet\">\n<p dir=\"ltr\" lang=\"fr\">Coralie Hayme juniors !<\/p>\n<p>Elles \u00e9taient attendues et elles ont r\u00e9pondu pr\u00e9sent ! Coralie Hayme (+78kg) est m\u00e9daill\u00e9e d\u2019or, L\u00e9a Fontaine (+78kg) en bronze !<\/p>\n<p>\u00c0 l\u2019issue des comp\u00e9titions individuelles, la France se classe 3\ufe0f\u20e3\u00e8me. <a href=\"https:\/\/t.co\/Ix17gOTuLp\">pic.twitter.com\/Ix17gOTuLp<\/a><\/p>\n<p>\u2014 France Judo (@francejudo_) <a href=\"https:\/\/twitter.com\/francejudo_\/status\/1446879966721978378?ref_src=twsrc%5Etfw\">October 9, 2021<\/a><\/p><\/blockquote>\n<p><script async src=\"https:\/\/platform.twitter.com\/widgets.js\" charset=\"utf-8\"><\/script><\/p>\n<h2>L\u00e9a Fontaine en bronze<\/h2>\n<p style=\"text-align: justify;\">Apr\u00e8s deux attaques qui n&rsquo;ont pas abouti, <strong>L\u00e9a Fontaine<\/strong> (+78 kg) a battu Nicki Norcic au 2e tour sur ippon. Son quart de finale face \u00e0 Hilal Ozturk a \u00e9t\u00e9 compliqu\u00e9. Elle avait 2 p\u00e9nalit\u00e9s \u00e0 1 minute de la fin du combat. Et elle s&rsquo;est finalement inclin\u00e9e sur hansoku-make laissant \u00e9chapper la demi-finale 100% fran\u00e7aise face \u00e0 Hayme. La Turque a ainsi pris sa revanche, elle qui avait \u00e9t\u00e9 battue lors de la finale des Championnats d&rsquo;Europe par \u00e9quipes il y a quelques semaines.<\/p>\n<p style=\"text-align: justify;\">Aux rep\u00eachages, L\u00e9a Fontaine a battu Ruslana Bulavina sur ippon (immobilisation). Dans le combat pour le bronze, elle affrontait Elisabeth Pflugbeil. La n\u00b03 mondiale s&rsquo;est impos\u00e9e sur ippon apr\u00e8s immobilisation apr\u00e8s moins de 1 minute de combat.<\/p>\n<h2>Liz Ngelebeya rate le bronze<\/h2>\n<p style=\"text-align: justify;\">Pour son entr\u00e9e au 2e tour, <strong>Liz Ngelebeya<\/strong> (-78 kg) a bien d\u00e9but\u00e9. Apr\u00e8s une premi\u00e8re attaque qui a fait waza-ari apr\u00e8s 15 secondes, la seconde a fait ippon face \u00e0 Carolina Mengucci. En quarts, elle affrontait Yelyzaveta Lytvynenko. La Fran\u00e7aise n&rsquo;est pas parvenue \u00e0 conclure ses attaques et c&rsquo;est finalement l&rsquo;Ukrainienne qui s&rsquo;est impos\u00e9e sur ippon.<\/p>\n<p style=\"text-align: justify;\">Aux rep\u00eachages, elle affrontait Una Dolgilevica. Elle s&rsquo;est impos\u00e9e sur ippon. Dans le combat pour le bronze, elle affrontait la Br\u00e9silienne Eliza Ramos, championne panam\u00e9ricaine juniors en ao\u00fbt. La Fran\u00e7aise a marqu\u00e9 un waza-ari qu&rsquo;elle n&rsquo;est pas parvenue \u00e0 transformer en ippon \u00e0 36 secondes de la fin. Seulement la Br\u00e9silienne lui a r\u00e9pondu directement sur l&rsquo;attaque suivante. Et au golden score, elle a battu la Fran\u00e7aise apr\u00e8s plus d&rsquo;une minute.<\/p>\n<h2>Autres r\u00e9sultats de la journ\u00e9e<\/h2>\n<p style=\"text-align: justify;\">Apr\u00e8s 1 minute de combat, <strong>Khamzat Saparbaev<\/strong> (-100 kg) a battu Angel Garcia au 1er tour sur ippon. Au 2e tour face \u00e0 Max Gregory, il a \u00e9t\u00e9 dominant. Et apr\u00e8s un waza-ari, il s&rsquo;est impos\u00e9 sur ippon. Commme depuis le d\u00e9but la journ\u00e9e, il a \u00e9t\u00e9 entreprenant en quarts face \u00e0 Kilian Kappelmeier. Mais \u00e0 moins de 2 minutes de la fin du combat, l&rsquo;Allemand est revenu \u00e0 hauteur et il a encha\u00een\u00e9 ensuite avec un ippon.<\/p>\n<p style=\"text-align: justify;\">Aux rep\u00eachages, il s&rsquo;est inclin\u00e9 face \u00e0 Viktor Adam sur ippon.<\/p>\n<p style=\"text-align: justify;\"><strong>Tieman Diaby<\/strong> (+100 kg), n\u00b03 mondial, s&rsquo;est inclin\u00e9 au 2e tour face \u00e0 Shokhrukh Mamarasulov. L\u2019Ouzbek a r\u00e9alis\u00e9 un ippon.<\/p>\n<h2>Nouveau bilan positif pour la France<\/h2>\n<p style=\"text-align: justify;\">L&rsquo;\u00e9quipe de France termine <strong>3e<\/strong> au tableau des m\u00e9dailles avec <strong>7 breloques<\/strong> (2 en or et 5 en bronze). C&rsquo;est dans la lign\u00e9e des r\u00e9sultats positifs de l&rsquo;\u00e9quipe de France cette ann\u00e9e \u00e0 tous les niveaux. La France a am\u00e9lior\u00e9 son r\u00e9sultat de 2019 o\u00f9 elle \u00e9tait repartie avec une m\u00e9daille d&rsquo;argent et deux m\u00e9dailles de bronze. En l&rsquo;absence des Japonais, c&rsquo;est la G\u00e9orgie qui a pris la t\u00eate avec 4 titres et 5 m\u00e9dailles en tout, devant la Russie (2 m\u00e9dailles de chaque m\u00e9tal).<\/p>\n<p style=\"text-align: justify;\">Demain, place \u00e0 la <a href=\"https:\/\/www.ijf.org\/competition\/2285\/draw\" target=\"_blank\" rel=\"noopener\">comp\u00e9tition par \u00e9quipes<\/a>. Dispens\u00e9e de premier tour, la France affrontera la Tunisie ou l&rsquo;Ukraine en quarts.<\/p>\n","protected":false},"excerpt":{"rendered":"<p>Pour cette derni\u00e8re journ\u00e9e en individuel, la France obtient deux nouvelles m\u00e9dailles en +78 kg : le titre de Coralie Hayme et le bronze de L\u00e9a Fontaine.<\/p>\n","protected":false},"author":12,"featured_media":172261,"comment_status":"open","ping_status":"closed","sticky":false,"template":"","format":"standard","meta":{"_acf_changed":false,"_daextam_enable_autolinks":"","footnotes":""},"categories":[8651],"tags":[19265,19150,68,16042,24],"class_list":["post-172149","post","type-post","status-publish","format-standard","has-post-thumbnail","hentry","category-judo","tag-championnats-du-monde-juniors-de-judo","tag-coralie-hayme","tag-judo","tag-lea-fontaine","tag-sport"],"acf":[],"yoast_head":"<!-- This site is optimized with the Yoast SEO Premium plugin v26.7 (Yoast SEO v26.7) - https:\/\/yoast.com\/wordpress\/plugins\/seo\/ -->\n<title>Coralie Hayme championne du monde juniors de judo en +78 kg<\/title>\n<meta name=\"description\" content=\"Pour cette derni\u00e8re journ\u00e9e en individuel, la France ram\u00e8ne le titre de Coralie Hayme et le bronze de L\u00e9a Fontaine en +78 kg.\" \/>\n<meta name=\"robots\" content=\"index, follow, max-snippet:-1, max-image-preview:large, max-video-preview:-1\" \/>\n<link rel=\"canonical\" href=\"https:\/\/dicodusport.fr\/blog\/coralie-hayme-championne-du-monde-juniors-de-judo-en-78-kg\/\" \/>\n<meta property=\"og:locale\" content=\"fr_FR\" \/>\n<meta property=\"og:type\" content=\"article\" \/>\n<meta property=\"og:title\" content=\"Coralie Hayme championne du monde juniors de judo en +78 kg\" \/>\n<meta property=\"og:description\" content=\"Pour cette derni\u00e8re journ\u00e9e en individuel, la France ram\u00e8ne le titre de Coralie Hayme et le bronze de L\u00e9a Fontaine en +78 kg.\" \/>\n<meta property=\"og:url\" content=\"https:\/\/dicodusport.fr\/blog\/coralie-hayme-championne-du-monde-juniors-de-judo-en-78-kg\/\" \/>\n<meta property=\"og:site_name\" content=\"Dicodusport\" \/>\n<meta property=\"article:publisher\" content=\"https:\/\/www.facebook.com\/dicodusport\" \/>\n<meta property=\"article:published_time\" content=\"2021-10-09T15:38:32+00:00\" \/>\n<meta property=\"article:modified_time\" content=\"2023-02-01T20:49:34+00:00\" \/>\n<meta property=\"og:image\" content=\"https:\/\/dicodusport.fr\/blog\/wp-content\/uploads\/2021\/10\/Coralie-Hayme-championne-du-monde-juniors-de-judo-2021.jpg\" \/>\n\t<meta property=\"og:image:width\" content=\"800\" \/>\n\t<meta property=\"og:image:height\" content=\"445\" \/>\n\t<meta property=\"og:image:type\" content=\"image\/jpeg\" \/>\n<meta name=\"author\" content=\"Arlette Yeye\" \/>\n<meta name=\"twitter:card\" content=\"summary_large_image\" \/>\n<meta name=\"twitter:title\" content=\"Coralie Hayme championne du monde juniors de judo en +78 kg\" \/>\n<meta name=\"twitter:creator\" content=\"@https:\/\/twitter.com\/Shiclette94\" \/>\n<meta name=\"twitter:site\" content=\"@dicodusport\" \/>\n<script type=\"application\/ld+json\" class=\"yoast-schema-graph\">{\"@context\":\"https:\/\/schema.org\",\"@graph\":[{\"@type\":\"NewsArticle\",\"@id\":\"https:\/\/dicodusport.fr\/blog\/coralie-hayme-championne-du-monde-juniors-de-judo-en-78-kg\/#article\",\"isPartOf\":{\"@id\":\"https:\/\/dicodusport.fr\/blog\/coralie-hayme-championne-du-monde-juniors-de-judo-en-78-kg\/\"},\"author\":{\"name\":\"Arlette Yeye\",\"@id\":\"https:\/\/dicodusport.fr\/blog\/#\/schema\/person\/cce96fa88785bd8573e3d43078ac8c79\"},\"headline\":\"Coralie Hayme championne du monde juniors de judo en +78 kg\",\"datePublished\":\"2021-10-09T15:38:32+00:00\",\"dateModified\":\"2023-02-01T20:49:34+00:00\",\"mainEntityOfPage\":{\"@id\":\"https:\/\/dicodusport.fr\/blog\/coralie-hayme-championne-du-monde-juniors-de-judo-en-78-kg\/\"},\"wordCount\":771,\"commentCount\":0,\"publisher\":{\"@id\":\"https:\/\/dicodusport.fr\/blog\/#organization\"},\"image\":{\"@id\":\"https:\/\/dicodusport.fr\/blog\/coralie-hayme-championne-du-monde-juniors-de-judo-en-78-kg\/#primaryimage\"},\"thumbnailUrl\":\"https:\/\/dicodusport.fr\/blog\/wp-content\/uploads\/2021\/10\/Coralie-Hayme-championne-du-monde-juniors-de-judo-2021.jpg\",\"keywords\":[\"championnats du monde juniors de judo\",\"Coralie Haym\u00e9\",\"Judo\",\"L\u00e9a Fontaine\",\"sport\"],\"articleSection\":[\"Judo\"],\"inLanguage\":\"fr-FR\",\"potentialAction\":[{\"@type\":\"CommentAction\",\"name\":\"Comment\",\"target\":[\"https:\/\/dicodusport.fr\/blog\/coralie-hayme-championne-du-monde-juniors-de-judo-en-78-kg\/#respond\"]}],\"copyrightYear\":\"2021\",\"copyrightHolder\":{\"@id\":\"https:\/\/dicodusport.fr\/blog\/#organization\"}},{\"@type\":\"WebPage\",\"@id\":\"https:\/\/dicodusport.fr\/blog\/coralie-hayme-championne-du-monde-juniors-de-judo-en-78-kg\/\",\"url\":\"https:\/\/dicodusport.fr\/blog\/coralie-hayme-championne-du-monde-juniors-de-judo-en-78-kg\/\",\"name\":\"Coralie Hayme championne du monde juniors de judo en +78 kg\",\"isPartOf\":{\"@id\":\"https:\/\/dicodusport.fr\/blog\/#website\"},\"primaryImageOfPage\":{\"@id\":\"https:\/\/dicodusport.fr\/blog\/coralie-hayme-championne-du-monde-juniors-de-judo-en-78-kg\/#primaryimage\"},\"image\":{\"@id\":\"https:\/\/dicodusport.fr\/blog\/coralie-hayme-championne-du-monde-juniors-de-judo-en-78-kg\/#primaryimage\"},\"thumbnailUrl\":\"https:\/\/dicodusport.fr\/blog\/wp-content\/uploads\/2021\/10\/Coralie-Hayme-championne-du-monde-juniors-de-judo-2021.jpg\",\"datePublished\":\"2021-10-09T15:38:32+00:00\",\"dateModified\":\"2023-02-01T20:49:34+00:00\",\"description\":\"Pour cette derni\u00e8re journ\u00e9e en individuel, la France ram\u00e8ne le titre de Coralie Hayme et le bronze de L\u00e9a Fontaine en +78 kg.\",\"breadcrumb\":{\"@id\":\"https:\/\/dicodusport.fr\/blog\/coralie-hayme-championne-du-monde-juniors-de-judo-en-78-kg\/#breadcrumb\"},\"inLanguage\":\"fr-FR\",\"potentialAction\":[{\"@type\":\"ReadAction\",\"target\":[\"https:\/\/dicodusport.fr\/blog\/coralie-hayme-championne-du-monde-juniors-de-judo-en-78-kg\/\"]}]},{\"@type\":\"ImageObject\",\"inLanguage\":\"fr-FR\",\"@id\":\"https:\/\/dicodusport.fr\/blog\/coralie-hayme-championne-du-monde-juniors-de-judo-en-78-kg\/#primaryimage\",\"url\":\"https:\/\/dicodusport.fr\/blog\/wp-content\/uploads\/2021\/10\/Coralie-Hayme-championne-du-monde-juniors-de-judo-2021.jpg\",\"contentUrl\":\"https:\/\/dicodusport.fr\/blog\/wp-content\/uploads\/2021\/10\/Coralie-Hayme-championne-du-monde-juniors-de-judo-2021.jpg\",\"width\":800,\"height\":445,\"caption\":\"Coralie Hayme championne du monde juniors de judo 2021\"},{\"@type\":\"BreadcrumbList\",\"@id\":\"https:\/\/dicodusport.fr\/blog\/coralie-hayme-championne-du-monde-juniors-de-judo-en-78-kg\/#breadcrumb\",\"itemListElement\":[{\"@type\":\"ListItem\",\"position\":1,\"name\":\"Accueil\",\"item\":\"https:\/\/dicodusport.fr\/blog\/\"},{\"@type\":\"ListItem\",\"position\":2,\"name\":\"Coralie Hayme championne du monde juniors de judo en +78 kg\"}]},{\"@type\":\"WebSite\",\"@id\":\"https:\/\/dicodusport.fr\/blog\/#website\",\"url\":\"https:\/\/dicodusport.fr\/blog\/\",\"name\":\"Dicodusport\",\"description\":\"L&#039;encyclop\u00e9die de l&#039;actualit\u00e9 sportive\",\"publisher\":{\"@id\":\"https:\/\/dicodusport.fr\/blog\/#organization\"},\"potentialAction\":[{\"@type\":\"SearchAction\",\"target\":{\"@type\":\"EntryPoint\",\"urlTemplate\":\"https:\/\/dicodusport.fr\/blog\/?s={search_term_string}\"},\"query-input\":{\"@type\":\"PropertyValueSpecification\",\"valueRequired\":true,\"valueName\":\"search_term_string\"}}],\"inLanguage\":\"fr-FR\"},{\"@type\":\"NewsMediaOrganization\",\"@id\":\"https:\/\/dicodusport.fr\/blog\/#organization\",\"name\":\"Dicodusport\",\"url\":\"https:\/\/dicodusport.fr\/blog\/\",\"logo\":{\"@type\":\"ImageObject\",\"inLanguage\":\"fr-FR\",\"@id\":\"https:\/\/dicodusport.fr\/blog\/#\/schema\/logo\/image\/\",\"url\":\"https:\/\/dicodusport.fr\/blog\/wp-content\/uploads\/2020\/06\/cropped-LOGO-DICODUSPORT-2020-SANS-FOND-SANS-TEXTE.png\",\"contentUrl\":\"https:\/\/dicodusport.fr\/blog\/wp-content\/uploads\/2020\/06\/cropped-LOGO-DICODUSPORT-2020-SANS-FOND-SANS-TEXTE.png\",\"width\":512,\"height\":512,\"caption\":\"Dicodusport\"},\"image\":{\"@id\":\"https:\/\/dicodusport.fr\/blog\/#\/schema\/logo\/image\/\"},\"sameAs\":[\"https:\/\/www.facebook.com\/dicodusport\",\"https:\/\/x.com\/dicodusport\",\"https:\/\/www.instagram.com\/dicodusport\/\",\"https:\/\/www.youtube.com\/channel\/UC7V2KZ5sd3htJivAbA4ZG3w\"],\"description\":\"Dicodusport est l'encyclop\u00e9die de l'actualit\u00e9 sportive.\",\"email\":\"bonjour@dicodusport.fr\",\"legalName\":\"DICODUSPORT\",\"foundingDate\":\"2018-01-14\",\"vatID\":\"FR71834470973\",\"taxID\":\"83447097300043\",\"numberOfEmployees\":{\"@type\":\"QuantitativeValue\",\"minValue\":\"1\",\"maxValue\":\"10\"}},{\"@type\":\"Person\",\"@id\":\"https:\/\/dicodusport.fr\/blog\/#\/schema\/person\/cce96fa88785bd8573e3d43078ac8c79\",\"name\":\"Arlette Yeye\",\"image\":{\"@type\":\"ImageObject\",\"inLanguage\":\"fr-FR\",\"@id\":\"https:\/\/dicodusport.fr\/blog\/#\/schema\/person\/image\/\",\"url\":\"https:\/\/secure.gravatar.com\/avatar\/dca4a6239e6d708e46c45d60e160de6c?s=96&d=wp_user_avatar&r=g\",\"contentUrl\":\"https:\/\/secure.gravatar.com\/avatar\/dca4a6239e6d708e46c45d60e160de6c?s=96&d=wp_user_avatar&r=g\",\"caption\":\"Arlette Yeye\"},\"description\":\"Journaliste\/r\u00e9dactrice depuis septembre 2015 - Supportrice de Chelsea, j'ai pour sports de pr\u00e9dilection le handball, l'athl\u00e9tisme et le tennis. Si je tweete plus vite que mon ombre, vous pouvez aussi me retrouver les week-ends sur les playgrounds de Bruxelles pour un petit foot ou basket entre potes. Parcourir la France, l'Europe et plus si affinit\u00e9s pour suivre mes sportifs pr\u00e9f\u00e9r\u00e9s ? Mon kif ! Et c'est avec plaisir que je partage les r\u00e9sultats des sports populaires mais \u00e9galement plus confidentiels pour Dicodusport.\",\"sameAs\":[\"https:\/\/x.com\/https:\/\/twitter.com\/Shiclette94\"],\"url\":\"https:\/\/dicodusport.fr\/blog\/author\/arlette\/\"}]}<\/script>\n<!-- \/ Yoast SEO Premium plugin. -->","yoast_head_json":{"title":"Coralie Hayme championne du monde juniors de judo en +78 kg","description":"Pour cette derni\u00e8re journ\u00e9e en individuel, la France ram\u00e8ne le titre de Coralie Hayme et le bronze de L\u00e9a Fontaine en +78 kg.","robots":{"index":"index","follow":"follow","max-snippet":"max-snippet:-1","max-image-preview":"max-image-preview:large","max-video-preview":"max-video-preview:-1"},"canonical":"https:\/\/dicodusport.fr\/blog\/coralie-hayme-championne-du-monde-juniors-de-judo-en-78-kg\/","og_locale":"fr_FR","og_type":"article","og_title":"Coralie Hayme championne du monde juniors de judo en +78 kg","og_description":"Pour cette derni\u00e8re journ\u00e9e en individuel, la France ram\u00e8ne le titre de Coralie Hayme et le bronze de L\u00e9a Fontaine en +78 kg.","og_url":"https:\/\/dicodusport.fr\/blog\/coralie-hayme-championne-du-monde-juniors-de-judo-en-78-kg\/","og_site_name":"Dicodusport","article_publisher":"https:\/\/www.facebook.com\/dicodusport","article_published_time":"2021-10-09T15:38:32+00:00","article_modified_time":"2023-02-01T20:49:34+00:00","og_image":[{"width":800,"height":445,"url":"https:\/\/dicodusport.fr\/blog\/wp-content\/uploads\/2021\/10\/Coralie-Hayme-championne-du-monde-juniors-de-judo-2021.jpg","type":"image\/jpeg"}],"author":"Arlette Yeye","twitter_card":"summary_large_image","twitter_title":"Coralie Hayme championne du monde juniors de judo en +78 kg","twitter_creator":"@https:\/\/twitter.com\/Shiclette94","twitter_site":"@dicodusport","schema":{"@context":"https:\/\/schema.org","@graph":[{"@type":"NewsArticle","@id":"https:\/\/dicodusport.fr\/blog\/coralie-hayme-championne-du-monde-juniors-de-judo-en-78-kg\/#article","isPartOf":{"@id":"https:\/\/dicodusport.fr\/blog\/coralie-hayme-championne-du-monde-juniors-de-judo-en-78-kg\/"},"author":{"name":"Arlette Yeye","@id":"https:\/\/dicodusport.fr\/blog\/#\/schema\/person\/cce96fa88785bd8573e3d43078ac8c79"},"headline":"Coralie Hayme championne du monde juniors de judo en +78 kg","datePublished":"2021-10-09T15:38:32+00:00","dateModified":"2023-02-01T20:49:34+00:00","mainEntityOfPage":{"@id":"https:\/\/dicodusport.fr\/blog\/coralie-hayme-championne-du-monde-juniors-de-judo-en-78-kg\/"},"wordCount":771,"commentCount":0,"publisher":{"@id":"https:\/\/dicodusport.fr\/blog\/#organization"},"image":{"@id":"https:\/\/dicodusport.fr\/blog\/coralie-hayme-championne-du-monde-juniors-de-judo-en-78-kg\/#primaryimage"},"thumbnailUrl":"https:\/\/dicodusport.fr\/blog\/wp-content\/uploads\/2021\/10\/Coralie-Hayme-championne-du-monde-juniors-de-judo-2021.jpg","keywords":["championnats du monde juniors de judo","Coralie Haym\u00e9","Judo","L\u00e9a Fontaine","sport"],"articleSection":["Judo"],"inLanguage":"fr-FR","potentialAction":[{"@type":"CommentAction","name":"Comment","target":["https:\/\/dicodusport.fr\/blog\/coralie-hayme-championne-du-monde-juniors-de-judo-en-78-kg\/#respond"]}],"copyrightYear":"2021","copyrightHolder":{"@id":"https:\/\/dicodusport.fr\/blog\/#organization"}},{"@type":"WebPage","@id":"https:\/\/dicodusport.fr\/blog\/coralie-hayme-championne-du-monde-juniors-de-judo-en-78-kg\/","url":"https:\/\/dicodusport.fr\/blog\/coralie-hayme-championne-du-monde-juniors-de-judo-en-78-kg\/","name":"Coralie Hayme championne du monde juniors de judo en +78 kg","isPartOf":{"@id":"https:\/\/dicodusport.fr\/blog\/#website"},"primaryImageOfPage":{"@id":"https:\/\/dicodusport.fr\/blog\/coralie-hayme-championne-du-monde-juniors-de-judo-en-78-kg\/#primaryimage"},"image":{"@id":"https:\/\/dicodusport.fr\/blog\/coralie-hayme-championne-du-monde-juniors-de-judo-en-78-kg\/#primaryimage"},"thumbnailUrl":"https:\/\/dicodusport.fr\/blog\/wp-content\/uploads\/2021\/10\/Coralie-Hayme-championne-du-monde-juniors-de-judo-2021.jpg","datePublished":"2021-10-09T15:38:32+00:00","dateModified":"2023-02-01T20:49:34+00:00","description":"Pour cette derni\u00e8re journ\u00e9e en individuel, la France ram\u00e8ne le titre de Coralie Hayme et le bronze de L\u00e9a Fontaine en +78 kg.","breadcrumb":{"@id":"https:\/\/dicodusport.fr\/blog\/coralie-hayme-championne-du-monde-juniors-de-judo-en-78-kg\/#breadcrumb"},"inLanguage":"fr-FR","potentialAction":[{"@type":"ReadAction","target":["https:\/\/dicodusport.fr\/blog\/coralie-hayme-championne-du-monde-juniors-de-judo-en-78-kg\/"]}]},{"@type":"ImageObject","inLanguage":"fr-FR","@id":"https:\/\/dicodusport.fr\/blog\/coralie-hayme-championne-du-monde-juniors-de-judo-en-78-kg\/#primaryimage","url":"https:\/\/dicodusport.fr\/blog\/wp-content\/uploads\/2021\/10\/Coralie-Hayme-championne-du-monde-juniors-de-judo-2021.jpg","contentUrl":"https:\/\/dicodusport.fr\/blog\/wp-content\/uploads\/2021\/10\/Coralie-Hayme-championne-du-monde-juniors-de-judo-2021.jpg","width":800,"height":445,"caption":"Coralie Hayme championne du monde juniors de judo 2021"},{"@type":"BreadcrumbList","@id":"https:\/\/dicodusport.fr\/blog\/coralie-hayme-championne-du-monde-juniors-de-judo-en-78-kg\/#breadcrumb","itemListElement":[{"@type":"ListItem","position":1,"name":"Accueil","item":"https:\/\/dicodusport.fr\/blog\/"},{"@type":"ListItem","position":2,"name":"Coralie Hayme championne du monde juniors de judo en +78 kg"}]},{"@type":"WebSite","@id":"https:\/\/dicodusport.fr\/blog\/#website","url":"https:\/\/dicodusport.fr\/blog\/","name":"Dicodusport","description":"L&#039;encyclop\u00e9die de l&#039;actualit\u00e9 sportive","publisher":{"@id":"https:\/\/dicodusport.fr\/blog\/#organization"},"potentialAction":[{"@type":"SearchAction","target":{"@type":"EntryPoint","urlTemplate":"https:\/\/dicodusport.fr\/blog\/?s={search_term_string}"},"query-input":{"@type":"PropertyValueSpecification","valueRequired":true,"valueName":"search_term_string"}}],"inLanguage":"fr-FR"},{"@type":"NewsMediaOrganization","@id":"https:\/\/dicodusport.fr\/blog\/#organization","name":"Dicodusport","url":"https:\/\/dicodusport.fr\/blog\/","logo":{"@type":"ImageObject","inLanguage":"fr-FR","@id":"https:\/\/dicodusport.fr\/blog\/#\/schema\/logo\/image\/","url":"https:\/\/dicodusport.fr\/blog\/wp-content\/uploads\/2020\/06\/cropped-LOGO-DICODUSPORT-2020-SANS-FOND-SANS-TEXTE.png","contentUrl":"https:\/\/dicodusport.fr\/blog\/wp-content\/uploads\/2020\/06\/cropped-LOGO-DICODUSPORT-2020-SANS-FOND-SANS-TEXTE.png","width":512,"height":512,"caption":"Dicodusport"},"image":{"@id":"https:\/\/dicodusport.fr\/blog\/#\/schema\/logo\/image\/"},"sameAs":["https:\/\/www.facebook.com\/dicodusport","https:\/\/x.com\/dicodusport","https:\/\/www.instagram.com\/dicodusport\/","https:\/\/www.youtube.com\/channel\/UC7V2KZ5sd3htJivAbA4ZG3w"],"description":"Dicodusport est l'encyclop\u00e9die de l'actualit\u00e9 sportive.","email":"bonjour@dicodusport.fr","legalName":"DICODUSPORT","foundingDate":"2018-01-14","vatID":"FR71834470973","taxID":"83447097300043","numberOfEmployees":{"@type":"QuantitativeValue","minValue":"1","maxValue":"10"}},{"@type":"Person","@id":"https:\/\/dicodusport.fr\/blog\/#\/schema\/person\/cce96fa88785bd8573e3d43078ac8c79","name":"Arlette Yeye","image":{"@type":"ImageObject","inLanguage":"fr-FR","@id":"https:\/\/dicodusport.fr\/blog\/#\/schema\/person\/image\/","url":"https:\/\/secure.gravatar.com\/avatar\/dca4a6239e6d708e46c45d60e160de6c?s=96&d=wp_user_avatar&r=g","contentUrl":"https:\/\/secure.gravatar.com\/avatar\/dca4a6239e6d708e46c45d60e160de6c?s=96&d=wp_user_avatar&r=g","caption":"Arlette Yeye"},"description":"Journaliste\/r\u00e9dactrice depuis septembre 2015 - Supportrice de Chelsea, j'ai pour sports de pr\u00e9dilection le handball, l'athl\u00e9tisme et le tennis. Si je tweete plus vite que mon ombre, vous pouvez aussi me retrouver les week-ends sur les playgrounds de Bruxelles pour un petit foot ou basket entre potes. Parcourir la France, l'Europe et plus si affinit\u00e9s pour suivre mes sportifs pr\u00e9f\u00e9r\u00e9s ? Mon kif ! Et c'est avec plaisir que je partage les r\u00e9sultats des sports populaires mais \u00e9galement plus confidentiels pour Dicodusport.","sameAs":["https:\/\/x.com\/https:\/\/twitter.com\/Shiclette94"],"url":"https:\/\/dicodusport.fr\/blog\/author\/arlette\/"}]}},"_links":{"self":[{"href":"https:\/\/dicodusport.fr\/blog\/wp-json\/wp\/v2\/posts\/172149","targetHints":{"allow":["GET"]}}],"collection":[{"href":"https:\/\/dicodusport.fr\/blog\/wp-json\/wp\/v2\/posts"}],"about":[{"href":"https:\/\/dicodusport.fr\/blog\/wp-json\/wp\/v2\/types\/post"}],"author":[{"embeddable":true,"href":"https:\/\/dicodusport.fr\/blog\/wp-json\/wp\/v2\/users\/12"}],"replies":[{"embeddable":true,"href":"https:\/\/dicodusport.fr\/blog\/wp-json\/wp\/v2\/comments?post=172149"}],"version-history":[{"count":0,"href":"https:\/\/dicodusport.fr\/blog\/wp-json\/wp\/v2\/posts\/172149\/revisions"}],"wp:featuredmedia":[{"embeddable":true,"href":"https:\/\/dicodusport.fr\/blog\/wp-json\/wp\/v2\/media\/172261"}],"wp:attachment":[{"href":"https:\/\/dicodusport.fr\/blog\/wp-json\/wp\/v2\/media?parent=172149"}],"wp:term":[{"taxonomy":"category","embeddable":true,"href":"https:\/\/dicodusport.fr\/blog\/wp-json\/wp\/v2\/categories?post=172149"},{"taxonomy":"post_tag","embeddable":true,"href":"https:\/\/dicodusport.fr\/blog\/wp-json\/wp\/v2\/tags?post=172149"}],"curies":[{"name":"wp","href":"https:\/\/api.w.org\/{rel}","templated":true}]}}