{"id":172169,"date":"2021-10-09T14:01:18","date_gmt":"2021-10-09T12:01:18","guid":{"rendered":"https:\/\/dicodusport.fr\/blog\/?p=172169&#038;preview=true&#038;preview_id=172169"},"modified":"2021-10-09T21:46:12","modified_gmt":"2021-10-09T19:46:12","slug":"video-benoit-cosnefroy-chute-lourdement-et-abandonne-le-tour-de-lombardie","status":"publish","type":"post","link":"https:\/\/dicodusport.fr\/blog\/video-benoit-cosnefroy-chute-lourdement-et-abandonne-le-tour-de-lombardie\/","title":{"rendered":"[Vid\u00e9o] Beno\u00eet Cosnefroy chute lourdement et abandonne le Tour de Lombardie"},"content":{"rendered":"<p style=\"text-align: justify;\"><strong><em>CYCLISME &#8211; Coup dur pour Beno\u00eet Cosnefroy qui a lourdement chut\u00e9 sur le Tour de Lombardie \u00e0 un peu moins de 130 kilom\u00e8tres de l&rsquo;arriv\u00e9e.\u00a0<\/em><\/strong><\/p>\n<p style=\"text-align: justify;\">Le r\u00e9cent troisi\u00e8me des championnats d&rsquo;Europe avait l&rsquo;air sonn\u00e9 apr\u00e8s sa chute et a d\u00fb se r\u00e9soudre \u00e0 abandonner. En grande forme ces derni\u00e8res semaines, <strong>Benoit Cosnefroy<\/strong> faisait partie des outsiders de ce Tour de Lombardie.<\/p>\n<blockquote class=\"twitter-tweet\">\n<p dir=\"ltr\" lang=\"fr\">&#x1f629; Oh la chute de Benoit Cosnefroy &#x1f1eb;&#x1f1f7; ! Terrible image du Fran\u00e7ais qui a d\u00fb abandonner la course&#8230; <a href=\"https:\/\/twitter.com\/hashtag\/LesRP?src=hash&amp;ref_src=twsrc%5Etfw\">#LesRP<\/a> <a href=\"https:\/\/twitter.com\/hashtag\/iLombardia?src=hash&amp;ref_src=twsrc%5Etfw\">#iLombardia<\/a> <a href=\"https:\/\/t.co\/vKs0EtyVcG\">pic.twitter.com\/vKs0EtyVcG<\/a><\/p>\n<p>\u2014 Eurosport France (@Eurosport_FR) <a href=\"https:\/\/twitter.com\/Eurosport_FR\/status\/1446803198950391813?ref_src=twsrc%5Etfw\">October 9, 2021<\/a><\/p><\/blockquote>\n<p style=\"text-align: justify;\"><script async src=\"https:\/\/platform.twitter.com\/widgets.js\" charset=\"utf-8\"><\/script><\/p>\n","protected":false},"excerpt":{"rendered":"<p>CYCLISME &#8211; Coup dur pour Benoit Cosnefroy qui a lourdement chut\u00e9 sur le Tour de Lombardie \u00e0 un peu moins de 130 kilom\u00e8tres de l&rsquo;arriv\u00e9e.<\/p>\n","protected":false},"author":1,"featured_media":172172,"comment_status":"open","ping_status":"closed","sticky":false,"template":"","format":"standard","meta":{"_acf_changed":false,"_daextam_enable_autolinks":"","footnotes":""},"categories":[2307],"tags":[8140,574,4168],"class_list":["post-172169","post","type-post","status-publish","format-standard","has-post-thumbnail","hentry","category-cyclisme","tag-benoit-cosnefroy","tag-cyclisme","tag-tour-de-lombardie"],"acf":[],"yoast_head":"<!-- This site is optimized with the Yoast SEO Premium plugin v26.7 (Yoast SEO v26.7) - https:\/\/yoast.com\/wordpress\/plugins\/seo\/ -->\n<title>[Vid\u00e9o] Beno\u00eet Cosnefroy chute lourdement et abandonne le Tour de Lombardie<\/title>\n<meta name=\"description\" content=\"CYCLISME - Coup dur pour Benoit Cosnefroy qui a lourdement chut\u00e9 sur le Tour de Lombardie \u00e0 un peu moins de 130 kilom\u00e8tres de l&#039;arriv\u00e9e.\" \/>\n<meta name=\"robots\" content=\"index, follow, max-snippet:-1, max-image-preview:large, max-video-preview:-1\" \/>\n<link rel=\"canonical\" href=\"https:\/\/dicodusport.fr\/blog\/video-benoit-cosnefroy-chute-lourdement-et-abandonne-le-tour-de-lombardie\/\" \/>\n<meta property=\"og:locale\" content=\"fr_FR\" \/>\n<meta property=\"og:type\" content=\"article\" \/>\n<meta property=\"og:title\" content=\"[Vid\u00e9o] Beno\u00eet Cosnefroy chute lourdement et abandonne le Tour de Lombardie\" \/>\n<meta property=\"og:description\" content=\"CYCLISME - Coup dur pour Benoit Cosnefroy qui a lourdement chut\u00e9 sur le Tour de Lombardie \u00e0 un peu moins de 130 kilom\u00e8tres de l&#039;arriv\u00e9e.\" \/>\n<meta property=\"og:url\" content=\"https:\/\/dicodusport.fr\/blog\/video-benoit-cosnefroy-chute-lourdement-et-abandonne-le-tour-de-lombardie\/\" \/>\n<meta property=\"og:site_name\" content=\"Dicodusport\" \/>\n<meta property=\"article:publisher\" content=\"https:\/\/www.facebook.com\/dicodusport\" \/>\n<meta property=\"article:author\" content=\"https:\/\/www.facebook.com\/dicodusport\" \/>\n<meta property=\"article:published_time\" content=\"2021-10-09T12:01:18+00:00\" \/>\n<meta property=\"article:modified_time\" content=\"2021-10-09T19:46:12+00:00\" \/>\n<meta property=\"og:image\" content=\"https:\/\/dicodusport.fr\/blog\/wp-content\/uploads\/2021\/10\/Vide\u0301o-Benoit-Cosnefroy-chute-lourdement-et-abandonne-le-Tour-de-Lombardie.png\" \/>\n\t<meta property=\"og:image:width\" content=\"800\" \/>\n\t<meta property=\"og:image:height\" content=\"445\" \/>\n\t<meta property=\"og:image:type\" content=\"image\/png\" \/>\n<meta name=\"author\" content=\"Nicolas Jacquemard\" \/>\n<meta name=\"twitter:card\" content=\"summary_large_image\" \/>\n<meta name=\"twitter:title\" content=\"[Vid\u00e9o] Beno\u00eet Cosnefroy chute lourdement et abandonne le Tour de Lombardie\" \/>\n<meta name=\"twitter:creator\" content=\"@https:\/\/twitter.com\/Nico_Jacquemard\" \/>\n<meta name=\"twitter:site\" content=\"@dicodusport\" \/>\n<script type=\"application\/ld+json\" class=\"yoast-schema-graph\">{\"@context\":\"https:\/\/schema.org\",\"@graph\":[{\"@type\":\"NewsArticle\",\"@id\":\"https:\/\/dicodusport.fr\/blog\/video-benoit-cosnefroy-chute-lourdement-et-abandonne-le-tour-de-lombardie\/#article\",\"isPartOf\":{\"@id\":\"https:\/\/dicodusport.fr\/blog\/video-benoit-cosnefroy-chute-lourdement-et-abandonne-le-tour-de-lombardie\/\"},\"author\":{\"name\":\"Nicolas Jacquemard\",\"@id\":\"https:\/\/dicodusport.fr\/blog\/#\/schema\/person\/55dcb50ad410894e431ed812bbb70191\"},\"headline\":\"[Vid\u00e9o] Beno\u00eet Cosnefroy chute lourdement et abandonne le Tour de Lombardie\",\"datePublished\":\"2021-10-09T12:01:18+00:00\",\"dateModified\":\"2021-10-09T19:46:12+00:00\",\"mainEntityOfPage\":{\"@id\":\"https:\/\/dicodusport.fr\/blog\/video-benoit-cosnefroy-chute-lourdement-et-abandonne-le-tour-de-lombardie\/\"},\"wordCount\":119,\"commentCount\":0,\"publisher\":{\"@id\":\"https:\/\/dicodusport.fr\/blog\/#organization\"},\"image\":{\"@id\":\"https:\/\/dicodusport.fr\/blog\/video-benoit-cosnefroy-chute-lourdement-et-abandonne-le-tour-de-lombardie\/#primaryimage\"},\"thumbnailUrl\":\"https:\/\/dicodusport.fr\/blog\/wp-content\/uploads\/2021\/10\/Vide\u0301o-Benoit-Cosnefroy-chute-lourdement-et-abandonne-le-Tour-de-Lombardie.png\",\"keywords\":[\"Beno\u00eet Cosnefroy\",\"Cyclisme\",\"Tour de Lombardie\"],\"articleSection\":[\"Cyclisme\"],\"inLanguage\":\"fr-FR\",\"potentialAction\":[{\"@type\":\"CommentAction\",\"name\":\"Comment\",\"target\":[\"https:\/\/dicodusport.fr\/blog\/video-benoit-cosnefroy-chute-lourdement-et-abandonne-le-tour-de-lombardie\/#respond\"]}],\"copyrightYear\":\"2021\",\"copyrightHolder\":{\"@id\":\"https:\/\/dicodusport.fr\/blog\/#organization\"}},{\"@type\":\"WebPage\",\"@id\":\"https:\/\/dicodusport.fr\/blog\/video-benoit-cosnefroy-chute-lourdement-et-abandonne-le-tour-de-lombardie\/\",\"url\":\"https:\/\/dicodusport.fr\/blog\/video-benoit-cosnefroy-chute-lourdement-et-abandonne-le-tour-de-lombardie\/\",\"name\":\"[Vid\u00e9o] Beno\u00eet Cosnefroy chute lourdement et abandonne le Tour de Lombardie\",\"isPartOf\":{\"@id\":\"https:\/\/dicodusport.fr\/blog\/#website\"},\"primaryImageOfPage\":{\"@id\":\"https:\/\/dicodusport.fr\/blog\/video-benoit-cosnefroy-chute-lourdement-et-abandonne-le-tour-de-lombardie\/#primaryimage\"},\"image\":{\"@id\":\"https:\/\/dicodusport.fr\/blog\/video-benoit-cosnefroy-chute-lourdement-et-abandonne-le-tour-de-lombardie\/#primaryimage\"},\"thumbnailUrl\":\"https:\/\/dicodusport.fr\/blog\/wp-content\/uploads\/2021\/10\/Vide\u0301o-Benoit-Cosnefroy-chute-lourdement-et-abandonne-le-Tour-de-Lombardie.png\",\"datePublished\":\"2021-10-09T12:01:18+00:00\",\"dateModified\":\"2021-10-09T19:46:12+00:00\",\"description\":\"CYCLISME - Coup dur pour Benoit Cosnefroy qui a lourdement chut\u00e9 sur le Tour de Lombardie \u00e0 un peu moins de 130 kilom\u00e8tres de l'arriv\u00e9e.\",\"breadcrumb\":{\"@id\":\"https:\/\/dicodusport.fr\/blog\/video-benoit-cosnefroy-chute-lourdement-et-abandonne-le-tour-de-lombardie\/#breadcrumb\"},\"inLanguage\":\"fr-FR\",\"potentialAction\":[{\"@type\":\"ReadAction\",\"target\":[\"https:\/\/dicodusport.fr\/blog\/video-benoit-cosnefroy-chute-lourdement-et-abandonne-le-tour-de-lombardie\/\"]}]},{\"@type\":\"ImageObject\",\"inLanguage\":\"fr-FR\",\"@id\":\"https:\/\/dicodusport.fr\/blog\/video-benoit-cosnefroy-chute-lourdement-et-abandonne-le-tour-de-lombardie\/#primaryimage\",\"url\":\"https:\/\/dicodusport.fr\/blog\/wp-content\/uploads\/2021\/10\/Vide\u0301o-Benoit-Cosnefroy-chute-lourdement-et-abandonne-le-Tour-de-Lombardie.png\",\"contentUrl\":\"https:\/\/dicodusport.fr\/blog\/wp-content\/uploads\/2021\/10\/Vide\u0301o-Benoit-Cosnefroy-chute-lourdement-et-abandonne-le-Tour-de-Lombardie.png\",\"width\":800,\"height\":445},{\"@type\":\"BreadcrumbList\",\"@id\":\"https:\/\/dicodusport.fr\/blog\/video-benoit-cosnefroy-chute-lourdement-et-abandonne-le-tour-de-lombardie\/#breadcrumb\",\"itemListElement\":[{\"@type\":\"ListItem\",\"position\":1,\"name\":\"Accueil\",\"item\":\"https:\/\/dicodusport.fr\/blog\/\"},{\"@type\":\"ListItem\",\"position\":2,\"name\":\"[Vid\u00e9o] Beno\u00eet Cosnefroy chute lourdement et abandonne le Tour de Lombardie\"}]},{\"@type\":\"WebSite\",\"@id\":\"https:\/\/dicodusport.fr\/blog\/#website\",\"url\":\"https:\/\/dicodusport.fr\/blog\/\",\"name\":\"Dicodusport\",\"description\":\"L&#039;encyclop\u00e9die de l&#039;actualit\u00e9 sportive\",\"publisher\":{\"@id\":\"https:\/\/dicodusport.fr\/blog\/#organization\"},\"potentialAction\":[{\"@type\":\"SearchAction\",\"target\":{\"@type\":\"EntryPoint\",\"urlTemplate\":\"https:\/\/dicodusport.fr\/blog\/?s={search_term_string}\"},\"query-input\":{\"@type\":\"PropertyValueSpecification\",\"valueRequired\":true,\"valueName\":\"search_term_string\"}}],\"inLanguage\":\"fr-FR\"},{\"@type\":\"NewsMediaOrganization\",\"@id\":\"https:\/\/dicodusport.fr\/blog\/#organization\",\"name\":\"Dicodusport\",\"url\":\"https:\/\/dicodusport.fr\/blog\/\",\"logo\":{\"@type\":\"ImageObject\",\"inLanguage\":\"fr-FR\",\"@id\":\"https:\/\/dicodusport.fr\/blog\/#\/schema\/logo\/image\/\",\"url\":\"https:\/\/dicodusport.fr\/blog\/wp-content\/uploads\/2020\/06\/cropped-LOGO-DICODUSPORT-2020-SANS-FOND-SANS-TEXTE.png\",\"contentUrl\":\"https:\/\/dicodusport.fr\/blog\/wp-content\/uploads\/2020\/06\/cropped-LOGO-DICODUSPORT-2020-SANS-FOND-SANS-TEXTE.png\",\"width\":512,\"height\":512,\"caption\":\"Dicodusport\"},\"image\":{\"@id\":\"https:\/\/dicodusport.fr\/blog\/#\/schema\/logo\/image\/\"},\"sameAs\":[\"https:\/\/www.facebook.com\/dicodusport\",\"https:\/\/x.com\/dicodusport\",\"https:\/\/www.instagram.com\/dicodusport\/\",\"https:\/\/www.youtube.com\/channel\/UC7V2KZ5sd3htJivAbA4ZG3w\"],\"description\":\"Dicodusport est l'encyclop\u00e9die de l'actualit\u00e9 sportive.\",\"email\":\"bonjour@dicodusport.fr\",\"legalName\":\"DICODUSPORT\",\"foundingDate\":\"2018-01-14\",\"vatID\":\"FR71834470973\",\"taxID\":\"83447097300043\",\"numberOfEmployees\":{\"@type\":\"QuantitativeValue\",\"minValue\":\"1\",\"maxValue\":\"10\"}},{\"@type\":\"Person\",\"@id\":\"https:\/\/dicodusport.fr\/blog\/#\/schema\/person\/55dcb50ad410894e431ed812bbb70191\",\"name\":\"Nicolas Jacquemard\",\"image\":{\"@type\":\"ImageObject\",\"inLanguage\":\"fr-FR\",\"@id\":\"https:\/\/dicodusport.fr\/blog\/#\/schema\/person\/image\/\",\"url\":\"https:\/\/dicodusport.fr\/blog\/wp-content\/uploads\/2021\/05\/Nicolas-Jacquemard-150x150.jpeg\",\"contentUrl\":\"https:\/\/dicodusport.fr\/blog\/wp-content\/uploads\/2021\/05\/Nicolas-Jacquemard-150x150.jpeg\",\"caption\":\"Nicolas Jacquemard\"},\"description\":\"Passionn\u00e9 de sport et entrepreneur depuis mes 18 ans, la cr\u00e9ation de Dicodusport m'a sembl\u00e9 \u00e9vidente pour participer \u00e0 la m\u00e9diatisation d'un plus grand nombre de sports. Le chemin est long mais avec une \u00e9quipe des plus motiv\u00e9es et les Jeux Olympiques de Paris 2024 en point de mire, nous y arriverons ! Journaliste dans le monde du sport depuis plus de 5 ans, je traite aussi bien de football, de rugby, de biathlon que de cyclisme.\",\"sameAs\":[\"https:\/\/www.facebook.com\/dicodusport\",\"https:\/\/x.com\/https:\/\/twitter.com\/Nico_Jacquemard\"],\"url\":\"https:\/\/dicodusport.fr\/blog\/author\/dicodusport\/\"}]}<\/script>\n<!-- \/ Yoast SEO Premium plugin. -->","yoast_head_json":{"title":"[Vid\u00e9o] Beno\u00eet Cosnefroy chute lourdement et abandonne le Tour de Lombardie","description":"CYCLISME - Coup dur pour Benoit Cosnefroy qui a lourdement chut\u00e9 sur le Tour de Lombardie \u00e0 un peu moins de 130 kilom\u00e8tres de l'arriv\u00e9e.","robots":{"index":"index","follow":"follow","max-snippet":"max-snippet:-1","max-image-preview":"max-image-preview:large","max-video-preview":"max-video-preview:-1"},"canonical":"https:\/\/dicodusport.fr\/blog\/video-benoit-cosnefroy-chute-lourdement-et-abandonne-le-tour-de-lombardie\/","og_locale":"fr_FR","og_type":"article","og_title":"[Vid\u00e9o] Beno\u00eet Cosnefroy chute lourdement et abandonne le Tour de Lombardie","og_description":"CYCLISME - Coup dur pour Benoit Cosnefroy qui a lourdement chut\u00e9 sur le Tour de Lombardie \u00e0 un peu moins de 130 kilom\u00e8tres de l'arriv\u00e9e.","og_url":"https:\/\/dicodusport.fr\/blog\/video-benoit-cosnefroy-chute-lourdement-et-abandonne-le-tour-de-lombardie\/","og_site_name":"Dicodusport","article_publisher":"https:\/\/www.facebook.com\/dicodusport","article_author":"https:\/\/www.facebook.com\/dicodusport","article_published_time":"2021-10-09T12:01:18+00:00","article_modified_time":"2021-10-09T19:46:12+00:00","og_image":[{"width":800,"height":445,"url":"https:\/\/dicodusport.fr\/blog\/wp-content\/uploads\/2021\/10\/Vide\u0301o-Benoit-Cosnefroy-chute-lourdement-et-abandonne-le-Tour-de-Lombardie.png","type":"image\/png"}],"author":"Nicolas Jacquemard","twitter_card":"summary_large_image","twitter_title":"[Vid\u00e9o] Beno\u00eet Cosnefroy chute lourdement et abandonne le Tour de Lombardie","twitter_creator":"@https:\/\/twitter.com\/Nico_Jacquemard","twitter_site":"@dicodusport","schema":{"@context":"https:\/\/schema.org","@graph":[{"@type":"NewsArticle","@id":"https:\/\/dicodusport.fr\/blog\/video-benoit-cosnefroy-chute-lourdement-et-abandonne-le-tour-de-lombardie\/#article","isPartOf":{"@id":"https:\/\/dicodusport.fr\/blog\/video-benoit-cosnefroy-chute-lourdement-et-abandonne-le-tour-de-lombardie\/"},"author":{"name":"Nicolas Jacquemard","@id":"https:\/\/dicodusport.fr\/blog\/#\/schema\/person\/55dcb50ad410894e431ed812bbb70191"},"headline":"[Vid\u00e9o] Beno\u00eet Cosnefroy chute lourdement et abandonne le Tour de Lombardie","datePublished":"2021-10-09T12:01:18+00:00","dateModified":"2021-10-09T19:46:12+00:00","mainEntityOfPage":{"@id":"https:\/\/dicodusport.fr\/blog\/video-benoit-cosnefroy-chute-lourdement-et-abandonne-le-tour-de-lombardie\/"},"wordCount":119,"commentCount":0,"publisher":{"@id":"https:\/\/dicodusport.fr\/blog\/#organization"},"image":{"@id":"https:\/\/dicodusport.fr\/blog\/video-benoit-cosnefroy-chute-lourdement-et-abandonne-le-tour-de-lombardie\/#primaryimage"},"thumbnailUrl":"https:\/\/dicodusport.fr\/blog\/wp-content\/uploads\/2021\/10\/Vide\u0301o-Benoit-Cosnefroy-chute-lourdement-et-abandonne-le-Tour-de-Lombardie.png","keywords":["Beno\u00eet Cosnefroy","Cyclisme","Tour de Lombardie"],"articleSection":["Cyclisme"],"inLanguage":"fr-FR","potentialAction":[{"@type":"CommentAction","name":"Comment","target":["https:\/\/dicodusport.fr\/blog\/video-benoit-cosnefroy-chute-lourdement-et-abandonne-le-tour-de-lombardie\/#respond"]}],"copyrightYear":"2021","copyrightHolder":{"@id":"https:\/\/dicodusport.fr\/blog\/#organization"}},{"@type":"WebPage","@id":"https:\/\/dicodusport.fr\/blog\/video-benoit-cosnefroy-chute-lourdement-et-abandonne-le-tour-de-lombardie\/","url":"https:\/\/dicodusport.fr\/blog\/video-benoit-cosnefroy-chute-lourdement-et-abandonne-le-tour-de-lombardie\/","name":"[Vid\u00e9o] Beno\u00eet Cosnefroy chute lourdement et abandonne le Tour de Lombardie","isPartOf":{"@id":"https:\/\/dicodusport.fr\/blog\/#website"},"primaryImageOfPage":{"@id":"https:\/\/dicodusport.fr\/blog\/video-benoit-cosnefroy-chute-lourdement-et-abandonne-le-tour-de-lombardie\/#primaryimage"},"image":{"@id":"https:\/\/dicodusport.fr\/blog\/video-benoit-cosnefroy-chute-lourdement-et-abandonne-le-tour-de-lombardie\/#primaryimage"},"thumbnailUrl":"https:\/\/dicodusport.fr\/blog\/wp-content\/uploads\/2021\/10\/Vide\u0301o-Benoit-Cosnefroy-chute-lourdement-et-abandonne-le-Tour-de-Lombardie.png","datePublished":"2021-10-09T12:01:18+00:00","dateModified":"2021-10-09T19:46:12+00:00","description":"CYCLISME - Coup dur pour Benoit Cosnefroy qui a lourdement chut\u00e9 sur le Tour de Lombardie \u00e0 un peu moins de 130 kilom\u00e8tres de l'arriv\u00e9e.","breadcrumb":{"@id":"https:\/\/dicodusport.fr\/blog\/video-benoit-cosnefroy-chute-lourdement-et-abandonne-le-tour-de-lombardie\/#breadcrumb"},"inLanguage":"fr-FR","potentialAction":[{"@type":"ReadAction","target":["https:\/\/dicodusport.fr\/blog\/video-benoit-cosnefroy-chute-lourdement-et-abandonne-le-tour-de-lombardie\/"]}]},{"@type":"ImageObject","inLanguage":"fr-FR","@id":"https:\/\/dicodusport.fr\/blog\/video-benoit-cosnefroy-chute-lourdement-et-abandonne-le-tour-de-lombardie\/#primaryimage","url":"https:\/\/dicodusport.fr\/blog\/wp-content\/uploads\/2021\/10\/Vide\u0301o-Benoit-Cosnefroy-chute-lourdement-et-abandonne-le-Tour-de-Lombardie.png","contentUrl":"https:\/\/dicodusport.fr\/blog\/wp-content\/uploads\/2021\/10\/Vide\u0301o-Benoit-Cosnefroy-chute-lourdement-et-abandonne-le-Tour-de-Lombardie.png","width":800,"height":445},{"@type":"BreadcrumbList","@id":"https:\/\/dicodusport.fr\/blog\/video-benoit-cosnefroy-chute-lourdement-et-abandonne-le-tour-de-lombardie\/#breadcrumb","itemListElement":[{"@type":"ListItem","position":1,"name":"Accueil","item":"https:\/\/dicodusport.fr\/blog\/"},{"@type":"ListItem","position":2,"name":"[Vid\u00e9o] Beno\u00eet Cosnefroy chute lourdement et abandonne le Tour de Lombardie"}]},{"@type":"WebSite","@id":"https:\/\/dicodusport.fr\/blog\/#website","url":"https:\/\/dicodusport.fr\/blog\/","name":"Dicodusport","description":"L&#039;encyclop\u00e9die de l&#039;actualit\u00e9 sportive","publisher":{"@id":"https:\/\/dicodusport.fr\/blog\/#organization"},"potentialAction":[{"@type":"SearchAction","target":{"@type":"EntryPoint","urlTemplate":"https:\/\/dicodusport.fr\/blog\/?s={search_term_string}"},"query-input":{"@type":"PropertyValueSpecification","valueRequired":true,"valueName":"search_term_string"}}],"inLanguage":"fr-FR"},{"@type":"NewsMediaOrganization","@id":"https:\/\/dicodusport.fr\/blog\/#organization","name":"Dicodusport","url":"https:\/\/dicodusport.fr\/blog\/","logo":{"@type":"ImageObject","inLanguage":"fr-FR","@id":"https:\/\/dicodusport.fr\/blog\/#\/schema\/logo\/image\/","url":"https:\/\/dicodusport.fr\/blog\/wp-content\/uploads\/2020\/06\/cropped-LOGO-DICODUSPORT-2020-SANS-FOND-SANS-TEXTE.png","contentUrl":"https:\/\/dicodusport.fr\/blog\/wp-content\/uploads\/2020\/06\/cropped-LOGO-DICODUSPORT-2020-SANS-FOND-SANS-TEXTE.png","width":512,"height":512,"caption":"Dicodusport"},"image":{"@id":"https:\/\/dicodusport.fr\/blog\/#\/schema\/logo\/image\/"},"sameAs":["https:\/\/www.facebook.com\/dicodusport","https:\/\/x.com\/dicodusport","https:\/\/www.instagram.com\/dicodusport\/","https:\/\/www.youtube.com\/channel\/UC7V2KZ5sd3htJivAbA4ZG3w"],"description":"Dicodusport est l'encyclop\u00e9die de l'actualit\u00e9 sportive.","email":"bonjour@dicodusport.fr","legalName":"DICODUSPORT","foundingDate":"2018-01-14","vatID":"FR71834470973","taxID":"83447097300043","numberOfEmployees":{"@type":"QuantitativeValue","minValue":"1","maxValue":"10"}},{"@type":"Person","@id":"https:\/\/dicodusport.fr\/blog\/#\/schema\/person\/55dcb50ad410894e431ed812bbb70191","name":"Nicolas Jacquemard","image":{"@type":"ImageObject","inLanguage":"fr-FR","@id":"https:\/\/dicodusport.fr\/blog\/#\/schema\/person\/image\/","url":"https:\/\/dicodusport.fr\/blog\/wp-content\/uploads\/2021\/05\/Nicolas-Jacquemard-150x150.jpeg","contentUrl":"https:\/\/dicodusport.fr\/blog\/wp-content\/uploads\/2021\/05\/Nicolas-Jacquemard-150x150.jpeg","caption":"Nicolas Jacquemard"},"description":"Passionn\u00e9 de sport et entrepreneur depuis mes 18 ans, la cr\u00e9ation de Dicodusport m'a sembl\u00e9 \u00e9vidente pour participer \u00e0 la m\u00e9diatisation d'un plus grand nombre de sports. Le chemin est long mais avec une \u00e9quipe des plus motiv\u00e9es et les Jeux Olympiques de Paris 2024 en point de mire, nous y arriverons ! Journaliste dans le monde du sport depuis plus de 5 ans, je traite aussi bien de football, de rugby, de biathlon que de cyclisme.","sameAs":["https:\/\/www.facebook.com\/dicodusport","https:\/\/x.com\/https:\/\/twitter.com\/Nico_Jacquemard"],"url":"https:\/\/dicodusport.fr\/blog\/author\/dicodusport\/"}]}},"_links":{"self":[{"href":"https:\/\/dicodusport.fr\/blog\/wp-json\/wp\/v2\/posts\/172169","targetHints":{"allow":["GET"]}}],"collection":[{"href":"https:\/\/dicodusport.fr\/blog\/wp-json\/wp\/v2\/posts"}],"about":[{"href":"https:\/\/dicodusport.fr\/blog\/wp-json\/wp\/v2\/types\/post"}],"author":[{"embeddable":true,"href":"https:\/\/dicodusport.fr\/blog\/wp-json\/wp\/v2\/users\/1"}],"replies":[{"embeddable":true,"href":"https:\/\/dicodusport.fr\/blog\/wp-json\/wp\/v2\/comments?post=172169"}],"version-history":[{"count":0,"href":"https:\/\/dicodusport.fr\/blog\/wp-json\/wp\/v2\/posts\/172169\/revisions"}],"wp:featuredmedia":[{"embeddable":true,"href":"https:\/\/dicodusport.fr\/blog\/wp-json\/wp\/v2\/media\/172172"}],"wp:attachment":[{"href":"https:\/\/dicodusport.fr\/blog\/wp-json\/wp\/v2\/media?parent=172169"}],"wp:term":[{"taxonomy":"category","embeddable":true,"href":"https:\/\/dicodusport.fr\/blog\/wp-json\/wp\/v2\/categories?post=172169"},{"taxonomy":"post_tag","embeddable":true,"href":"https:\/\/dicodusport.fr\/blog\/wp-json\/wp\/v2\/tags?post=172169"}],"curies":[{"name":"wp","href":"https:\/\/api.w.org\/{rel}","templated":true}]}}