{"id":172509,"date":"2021-10-10T23:10:10","date_gmt":"2021-10-10T21:10:10","guid":{"rendered":"https:\/\/dicodusport.fr\/blog\/?p=172509&#038;preview=true&#038;preview_id=172509"},"modified":"2021-10-10T23:10:10","modified_gmt":"2021-10-10T21:10:10","slug":"espagne-france-notes-des-bleus","status":"publish","type":"post","link":"https:\/\/dicodusport.fr\/blog\/espagne-france-notes-des-bleus\/","title":{"rendered":"Espagne &#8211; France : Les notes des Bleus"},"content":{"rendered":"<p style=\"text-align: justify;\"><strong><em>LIGUE DES NATIONS &#8211; Une nouvelle fois renversante, <a href=\"https:\/\/dicodusport.fr\/blog\/ligue-des-nations-france-triomphe-en-finale-en-battant-espagne\/\">l&rsquo;\u00e9quipe de France a battu l&rsquo;Espagne (1-2)<\/a> et remporte la Ligue des Nations 2021. Les notes des Bleus.<\/em><\/strong><\/p>\n<h2 style=\"text-align: justify;\">Les notes des Bleus face \u00e0 l&rsquo;Espagne<\/h2>\n<h3 style=\"text-align: justify;\">Les notes du gardien, des d\u00e9fenseurs et des pistons<\/h3>\n<p style=\"text-align: justify;\"><strong>Hugo Lloris (6)\u00a0:<\/strong> Il a redonn\u00e9 beaucoup des ballons faciles \u00e0 l\u2019Espagne. Coupable sur le but espagnol, il fait ensuite deux parades d\u00e9cisives en fin de match.<\/p>\n<p style=\"text-align: justify;\"><strong>Jules Kound\u00e9 (6)\u00a0:<\/strong> Ce fou est le patron de la d\u00e9fense fran\u00e7aise \u00e0 seulement 22 ans. 3\/5 au duel, 91 % de passes r\u00e9ussies. Solide !<\/p>\n<p style=\"text-align: justify;\"><strong>Rapha\u00ebl Varane (4)\u00a0:<\/strong> En difficult\u00e9 (33 % de duels gagn\u00e9s) puis remplac\u00e9 \u00e0 la 42\u00e8me minute par <strong>Dayot Upamecano (4)<\/strong> plut\u00f4t inspir\u00e9 jusqu\u2019\u00e0 sa grosse erreur sur le but d\u2019Oyarzabal.<\/p>\n<p style=\"text-align: justify;\"><strong>Presnel Kimpemb\u00e9 (6)\u00a0:<\/strong> On a toujours une goutte d\u2019eau qui court au milieu de notre dos quand il a le ballon. Pourtant, il tourne toujours \u00e0 80 % de duels gagn\u00e9s.<\/p>\n<p style=\"text-align: justify;\"><strong>Benjamin Pavard (4)\u00a0:<\/strong> Dans les Tuche 5, Jeff trouve une place en \u00e9quipe de France. Le tournage se tenait ce soir \u00e0 San Siro et <strong>Benjamin Pavard<\/strong> a remplac\u00e9 Jean-Paul Rouve. Remplac\u00e9 \u00e0 la 79\u00e8me minute par <strong>L\u00e9o Dubois<\/strong>.<\/p>\n<p style=\"text-align: justify;\"><strong>Th\u00e9o Hernandez (5) :<\/strong> Il se projette bien, pas loin d&rsquo;ouvrir le score (63&prime;). Il lui a manqu\u00e9 plus de compacit\u00e9 d\u00e9fensive. Du d\u00e9chet \u00e9galement, avec 70 % de passes r\u00e9ussies seulement.<\/p>\n<p style=\"text-align: center;\"><a href=\"http:\/\/dicodusport.fr\/blog\/espagne-france-notes-des-bleus\/2\/#notesmilieuxetattaquants\" class=\"su-button su-button-style-flat\" style=\"color:#FFFFFF;background-color:#005f9b;border-color:#004c7c;border-radius:4px\" target=\"_self\"><span style=\"color:#FFFFFF;padding:0px 26px;font-size:20px;line-height:40px;border-color:#4d8fb9;border-radius:4px;text-shadow:none\"> Les notes des milieux et des attaquants<\/span><\/a>\n<p><!--nextpage--><a id=\"notesmilieuxetattaquants\"><\/a><\/p>\n<p style=\"text-align: justify;\"><em><strong>LIGUE DES NATIONS &#8211; Une nouvelle fois renversante, l&rsquo;\u00e9quipe de France a battu l&rsquo;Espagne (1-2) et remporte la Ligue des Nations 2021. Les notes des Bleus.<\/strong><\/em><\/p>\n<h3 style=\"text-align: justify;\">Les notes des milieux et des attaquants<\/h3>\n<p style=\"text-align: justify;\"><strong>Paul Pogba (6)\u00a0:<\/strong> Quelques pertes de balles \u00e9vitables, il a n\u00e9anmoins \u00e9t\u00e9 \u00e0 la base du pressing fran\u00e7ais et de la relance. 6\/6 sur ses dribles tent\u00e9s pour la Pioche !<\/p>\n<p style=\"text-align: justify;\"><strong>Aur\u00e9lien Tchouam\u00e9ni (7)\u00a0:<\/strong> Il a beaucoup couru, il a beaucoup r\u00e9cup\u00e9r\u00e9 (70% de duels remport\u00e9s), donn\u00e9 beaucoup de bons ballons (80% de passes r\u00e9ussies). Merci pour les travaux Aur\u00e9lien.<\/p>\n<p style=\"text-align: justify;\"><strong>Antoine Griezmann (4)\u00a0:<\/strong> Le meneur de jeu fran\u00e7ais a jou\u00e9 milieu d\u00e9fensif et tout le monde trouve \u00e7a normal. Pas merci Simeone. Remplac\u00e9 par <strong>Jordan Veretout<\/strong> \u00e0 la 92\u00e8me minute.<\/p>\n<p style=\"text-align: justify;\"><strong>Kylian Mbapp\u00e9 (6) :<\/strong> Il a refait du Mbapp\u00e9 ce soir et pas toujours du bon, avec un manque d&rsquo;altruisme sur certains s\u00e9quences. Son but ajoute du relief \u00e0 son match, et son passement de jambes est stratosph\u00e9rique.<\/p>\n<p style=\"text-align: justify;\"><strong>Karim Benzema (8)\u00a0:<\/strong> R1 + Rond. But.<\/p>\n<p style=\"text-align: center;\"><a href=\"http:\/\/dicodusport.fr\/blog\/espagne-france-notes-des-bleus\/\" class=\"su-button su-button-style-flat\" style=\"color:#FFFFFF;background-color:#005f9b;border-color:#004c7c;border-radius:4px\" target=\"_self\"><span style=\"color:#FFFFFF;padding:0px 26px;font-size:20px;line-height:40px;border-color:#4d8fb9;border-radius:4px;text-shadow:none\"> Revenir aux notes du gardien, des d\u00e9fenseurs et des pistons<\/span><\/a>\n<p>&nbsp;<\/p>\n","protected":false},"excerpt":{"rendered":"<p>LIGUE DES NATIONS &#8211; Une nouvelle fois renversante, l&rsquo;\u00e9quipe de France a battu l&rsquo;Espagne (1-2) et remporte la Ligue des Nations 2021. Les notes des Bleus.<\/p>\n","protected":false},"author":40,"featured_media":172543,"comment_status":"open","ping_status":"closed","sticky":false,"template":"","format":"standard","meta":{"_acf_changed":false,"_daextam_enable_autolinks":"","footnotes":""},"categories":[2301],"tags":[6966,359,75,30,3514,6693],"class_list":["post-172509","post","type-post","status-publish","format-standard","has-post-thumbnail","hentry","category-football","tag-equipe-de-france-de-football","tag-espagne","tag-football","tag-france","tag-ligue-des-nations","tag-notes-france"],"acf":[],"yoast_head":"<!-- This site is optimized with the Yoast SEO Premium plugin v26.7 (Yoast SEO v26.7) - https:\/\/yoast.com\/wordpress\/plugins\/seo\/ -->\n<title>Espagne - France : Les notes des Bleus<\/title>\n<meta name=\"description\" content=\"LIGUE DES NATIONS - Encore renversante, l&#039;\u00e9quipe de France a battu l&#039;Espagne (1-2) et remporte la Ligue des Nations. Les notes des Bleus.\" \/>\n<meta name=\"robots\" content=\"index, follow, max-snippet:-1, max-image-preview:large, max-video-preview:-1\" \/>\n<link rel=\"canonical\" href=\"https:\/\/dicodusport.fr\/blog\/espagne-france-notes-des-bleus\/\" \/>\n<link rel=\"next\" href=\"https:\/\/dicodusport.fr\/blog\/espagne-france-notes-des-bleus\/2\/\" \/>\n<meta property=\"og:locale\" content=\"fr_FR\" \/>\n<meta property=\"og:type\" content=\"article\" \/>\n<meta property=\"og:title\" content=\"Espagne - France : Les notes des Bleus\" \/>\n<meta property=\"og:description\" content=\"LIGUE DES NATIONS - Encore renversante, l&#039;\u00e9quipe de France a battu l&#039;Espagne (1-2) et remporte la Ligue des Nations. Les notes des Bleus.\" \/>\n<meta property=\"og:url\" content=\"https:\/\/dicodusport.fr\/blog\/espagne-france-notes-des-bleus\/\" \/>\n<meta property=\"og:site_name\" content=\"Dicodusport\" \/>\n<meta property=\"article:publisher\" content=\"https:\/\/www.facebook.com\/dicodusport\" \/>\n<meta property=\"article:published_time\" content=\"2021-10-10T21:10:10+00:00\" \/>\n<meta property=\"og:image\" content=\"https:\/\/dicodusport.fr\/blog\/wp-content\/uploads\/2021\/10\/Espagne-France-Les-notes-des-Bleus.png\" \/>\n\t<meta property=\"og:image:width\" content=\"800\" \/>\n\t<meta property=\"og:image:height\" content=\"445\" \/>\n\t<meta property=\"og:image:type\" content=\"image\/png\" \/>\n<meta name=\"author\" content=\"Jordane Mougenot-Pelletier\" \/>\n<meta name=\"twitter:card\" content=\"summary_large_image\" \/>\n<meta name=\"twitter:title\" content=\"Espagne - France : Les notes des Bleus\" \/>\n<meta name=\"twitter:creator\" content=\"@https:\/\/twitter.com\/jmp_pmj\" \/>\n<meta name=\"twitter:site\" content=\"@dicodusport\" \/>\n<script type=\"application\/ld+json\" class=\"yoast-schema-graph\">{\"@context\":\"https:\/\/schema.org\",\"@graph\":[{\"@type\":\"NewsArticle\",\"@id\":\"https:\/\/dicodusport.fr\/blog\/espagne-france-notes-des-bleus\/#article\",\"isPartOf\":{\"@id\":\"https:\/\/dicodusport.fr\/blog\/espagne-france-notes-des-bleus\/\"},\"author\":{\"name\":\"Jordane Mougenot-Pelletier\",\"@id\":\"https:\/\/dicodusport.fr\/blog\/#\/schema\/person\/20a73cde459581e727623fffec174040\"},\"headline\":\"Espagne &#8211; France : Les notes des Bleus\",\"datePublished\":\"2021-10-10T21:10:10+00:00\",\"mainEntityOfPage\":{\"@id\":\"https:\/\/dicodusport.fr\/blog\/espagne-france-notes-des-bleus\/\"},\"wordCount\":450,\"commentCount\":0,\"publisher\":{\"@id\":\"https:\/\/dicodusport.fr\/blog\/#organization\"},\"image\":{\"@id\":\"https:\/\/dicodusport.fr\/blog\/espagne-france-notes-des-bleus\/#primaryimage\"},\"thumbnailUrl\":\"https:\/\/dicodusport.fr\/blog\/wp-content\/uploads\/2021\/10\/Espagne-France-Les-notes-des-Bleus.png\",\"keywords\":[\"Equipe de France de football\",\"Espagne\",\"Football\",\"France\",\"Ligue des nations\",\"Notes France\"],\"articleSection\":[\"Football\"],\"inLanguage\":\"fr-FR\",\"potentialAction\":[{\"@type\":\"CommentAction\",\"name\":\"Comment\",\"target\":[\"https:\/\/dicodusport.fr\/blog\/espagne-france-notes-des-bleus\/#respond\"]}],\"copyrightYear\":\"2021\",\"copyrightHolder\":{\"@id\":\"https:\/\/dicodusport.fr\/blog\/#organization\"}},{\"@type\":\"WebPage\",\"@id\":\"https:\/\/dicodusport.fr\/blog\/espagne-france-notes-des-bleus\/\",\"url\":\"https:\/\/dicodusport.fr\/blog\/espagne-france-notes-des-bleus\/\",\"name\":\"Espagne - France : Les notes des Bleus\",\"isPartOf\":{\"@id\":\"https:\/\/dicodusport.fr\/blog\/#website\"},\"primaryImageOfPage\":{\"@id\":\"https:\/\/dicodusport.fr\/blog\/espagne-france-notes-des-bleus\/#primaryimage\"},\"image\":{\"@id\":\"https:\/\/dicodusport.fr\/blog\/espagne-france-notes-des-bleus\/#primaryimage\"},\"thumbnailUrl\":\"https:\/\/dicodusport.fr\/blog\/wp-content\/uploads\/2021\/10\/Espagne-France-Les-notes-des-Bleus.png\",\"datePublished\":\"2021-10-10T21:10:10+00:00\",\"description\":\"LIGUE DES NATIONS - Encore renversante, l'\u00e9quipe de France a battu l'Espagne (1-2) et remporte la Ligue des Nations. Les notes des Bleus.\",\"inLanguage\":\"fr-FR\",\"potentialAction\":[{\"@type\":\"ReadAction\",\"target\":[\"https:\/\/dicodusport.fr\/blog\/espagne-france-notes-des-bleus\/\"]}]},{\"@type\":\"ImageObject\",\"inLanguage\":\"fr-FR\",\"@id\":\"https:\/\/dicodusport.fr\/blog\/espagne-france-notes-des-bleus\/#primaryimage\",\"url\":\"https:\/\/dicodusport.fr\/blog\/wp-content\/uploads\/2021\/10\/Espagne-France-Les-notes-des-Bleus.png\",\"contentUrl\":\"https:\/\/dicodusport.fr\/blog\/wp-content\/uploads\/2021\/10\/Espagne-France-Les-notes-des-Bleus.png\",\"width\":800,\"height\":445,\"caption\":\"Espagne - France : Les notes des Bleus\"},{\"@type\":\"WebSite\",\"@id\":\"https:\/\/dicodusport.fr\/blog\/#website\",\"url\":\"https:\/\/dicodusport.fr\/blog\/\",\"name\":\"Dicodusport\",\"description\":\"L&#039;encyclop\u00e9die de l&#039;actualit\u00e9 sportive\",\"publisher\":{\"@id\":\"https:\/\/dicodusport.fr\/blog\/#organization\"},\"potentialAction\":[{\"@type\":\"SearchAction\",\"target\":{\"@type\":\"EntryPoint\",\"urlTemplate\":\"https:\/\/dicodusport.fr\/blog\/?s={search_term_string}\"},\"query-input\":{\"@type\":\"PropertyValueSpecification\",\"valueRequired\":true,\"valueName\":\"search_term_string\"}}],\"inLanguage\":\"fr-FR\"},{\"@type\":\"NewsMediaOrganization\",\"@id\":\"https:\/\/dicodusport.fr\/blog\/#organization\",\"name\":\"Dicodusport\",\"url\":\"https:\/\/dicodusport.fr\/blog\/\",\"logo\":{\"@type\":\"ImageObject\",\"inLanguage\":\"fr-FR\",\"@id\":\"https:\/\/dicodusport.fr\/blog\/#\/schema\/logo\/image\/\",\"url\":\"https:\/\/dicodusport.fr\/blog\/wp-content\/uploads\/2020\/06\/cropped-LOGO-DICODUSPORT-2020-SANS-FOND-SANS-TEXTE.png\",\"contentUrl\":\"https:\/\/dicodusport.fr\/blog\/wp-content\/uploads\/2020\/06\/cropped-LOGO-DICODUSPORT-2020-SANS-FOND-SANS-TEXTE.png\",\"width\":512,\"height\":512,\"caption\":\"Dicodusport\"},\"image\":{\"@id\":\"https:\/\/dicodusport.fr\/blog\/#\/schema\/logo\/image\/\"},\"sameAs\":[\"https:\/\/www.facebook.com\/dicodusport\",\"https:\/\/x.com\/dicodusport\",\"https:\/\/www.instagram.com\/dicodusport\/\",\"https:\/\/www.youtube.com\/channel\/UC7V2KZ5sd3htJivAbA4ZG3w\"],\"description\":\"Dicodusport est l'encyclop\u00e9die de l'actualit\u00e9 sportive.\",\"email\":\"bonjour@dicodusport.fr\",\"legalName\":\"DICODUSPORT\",\"foundingDate\":\"2018-01-14\",\"vatID\":\"FR71834470973\",\"taxID\":\"83447097300043\",\"numberOfEmployees\":{\"@type\":\"QuantitativeValue\",\"minValue\":\"1\",\"maxValue\":\"10\"}},{\"@type\":\"Person\",\"@id\":\"https:\/\/dicodusport.fr\/blog\/#\/schema\/person\/20a73cde459581e727623fffec174040\",\"name\":\"Jordane Mougenot-Pelletier\",\"image\":{\"@type\":\"ImageObject\",\"inLanguage\":\"fr-FR\",\"@id\":\"https:\/\/dicodusport.fr\/blog\/#\/schema\/person\/image\/\",\"url\":\"https:\/\/dicodusport.fr\/blog\/wp-content\/uploads\/2021\/05\/Jordane-MP-150x150.jpg\",\"contentUrl\":\"https:\/\/dicodusport.fr\/blog\/wp-content\/uploads\/2021\/05\/Jordane-MP-150x150.jpg\",\"caption\":\"Jordane Mougenot-Pelletier\"},\"description\":\"Journaliste\/r\u00e9dacteur depuis mai 2018 - Dans mon sang coule \u00e0 la fois le feu des penne \u00e0 l'arrabiata et la glace du Grand Colombier. Amoureux des belles lettres et des Talking Heads, je supporte un club olympique. Int\u00e9ress\u00e9 par les relations qu'entretient le sport avec la soci\u00e9t\u00e9, je m'int\u00e9resse autant \u00e0 Marc C\u00e9cillon qu'\u00e0 Pep Guardiola, \u00e0 Tonya Harding qu'\u00e0 Philipp Roth. Enfant des 90's, on ne me fera pas croire qu'il y a eu plus beau \u00e0 voir depuis Zin\u00e9dine Zidane, Marco Pantani et Pete Sampras. La b\u00e9chamel est une invention du diable, la Super Ligue aussi.\",\"sameAs\":[\"https:\/\/x.com\/https:\/\/twitter.com\/jmp_pmj\"],\"url\":\"https:\/\/dicodusport.fr\/blog\/author\/jordane\/\"}]}<\/script>\n<!-- \/ Yoast SEO Premium plugin. -->","yoast_head_json":{"title":"Espagne - France : Les notes des Bleus","description":"LIGUE DES NATIONS - Encore renversante, l'\u00e9quipe de France a battu l'Espagne (1-2) et remporte la Ligue des Nations. Les notes des Bleus.","robots":{"index":"index","follow":"follow","max-snippet":"max-snippet:-1","max-image-preview":"max-image-preview:large","max-video-preview":"max-video-preview:-1"},"canonical":"https:\/\/dicodusport.fr\/blog\/espagne-france-notes-des-bleus\/","next":"https:\/\/dicodusport.fr\/blog\/espagne-france-notes-des-bleus\/2\/","og_locale":"fr_FR","og_type":"article","og_title":"Espagne - France : Les notes des Bleus","og_description":"LIGUE DES NATIONS - Encore renversante, l'\u00e9quipe de France a battu l'Espagne (1-2) et remporte la Ligue des Nations. Les notes des Bleus.","og_url":"https:\/\/dicodusport.fr\/blog\/espagne-france-notes-des-bleus\/","og_site_name":"Dicodusport","article_publisher":"https:\/\/www.facebook.com\/dicodusport","article_published_time":"2021-10-10T21:10:10+00:00","og_image":[{"width":800,"height":445,"url":"https:\/\/dicodusport.fr\/blog\/wp-content\/uploads\/2021\/10\/Espagne-France-Les-notes-des-Bleus.png","type":"image\/png"}],"author":"Jordane Mougenot-Pelletier","twitter_card":"summary_large_image","twitter_title":"Espagne - France : Les notes des Bleus","twitter_creator":"@https:\/\/twitter.com\/jmp_pmj","twitter_site":"@dicodusport","schema":{"@context":"https:\/\/schema.org","@graph":[{"@type":"NewsArticle","@id":"https:\/\/dicodusport.fr\/blog\/espagne-france-notes-des-bleus\/#article","isPartOf":{"@id":"https:\/\/dicodusport.fr\/blog\/espagne-france-notes-des-bleus\/"},"author":{"name":"Jordane Mougenot-Pelletier","@id":"https:\/\/dicodusport.fr\/blog\/#\/schema\/person\/20a73cde459581e727623fffec174040"},"headline":"Espagne &#8211; France : Les notes des Bleus","datePublished":"2021-10-10T21:10:10+00:00","mainEntityOfPage":{"@id":"https:\/\/dicodusport.fr\/blog\/espagne-france-notes-des-bleus\/"},"wordCount":450,"commentCount":0,"publisher":{"@id":"https:\/\/dicodusport.fr\/blog\/#organization"},"image":{"@id":"https:\/\/dicodusport.fr\/blog\/espagne-france-notes-des-bleus\/#primaryimage"},"thumbnailUrl":"https:\/\/dicodusport.fr\/blog\/wp-content\/uploads\/2021\/10\/Espagne-France-Les-notes-des-Bleus.png","keywords":["Equipe de France de football","Espagne","Football","France","Ligue des nations","Notes France"],"articleSection":["Football"],"inLanguage":"fr-FR","potentialAction":[{"@type":"CommentAction","name":"Comment","target":["https:\/\/dicodusport.fr\/blog\/espagne-france-notes-des-bleus\/#respond"]}],"copyrightYear":"2021","copyrightHolder":{"@id":"https:\/\/dicodusport.fr\/blog\/#organization"}},{"@type":"WebPage","@id":"https:\/\/dicodusport.fr\/blog\/espagne-france-notes-des-bleus\/","url":"https:\/\/dicodusport.fr\/blog\/espagne-france-notes-des-bleus\/","name":"Espagne - France : Les notes des Bleus","isPartOf":{"@id":"https:\/\/dicodusport.fr\/blog\/#website"},"primaryImageOfPage":{"@id":"https:\/\/dicodusport.fr\/blog\/espagne-france-notes-des-bleus\/#primaryimage"},"image":{"@id":"https:\/\/dicodusport.fr\/blog\/espagne-france-notes-des-bleus\/#primaryimage"},"thumbnailUrl":"https:\/\/dicodusport.fr\/blog\/wp-content\/uploads\/2021\/10\/Espagne-France-Les-notes-des-Bleus.png","datePublished":"2021-10-10T21:10:10+00:00","description":"LIGUE DES NATIONS - Encore renversante, l'\u00e9quipe de France a battu l'Espagne (1-2) et remporte la Ligue des Nations. Les notes des Bleus.","inLanguage":"fr-FR","potentialAction":[{"@type":"ReadAction","target":["https:\/\/dicodusport.fr\/blog\/espagne-france-notes-des-bleus\/"]}]},{"@type":"ImageObject","inLanguage":"fr-FR","@id":"https:\/\/dicodusport.fr\/blog\/espagne-france-notes-des-bleus\/#primaryimage","url":"https:\/\/dicodusport.fr\/blog\/wp-content\/uploads\/2021\/10\/Espagne-France-Les-notes-des-Bleus.png","contentUrl":"https:\/\/dicodusport.fr\/blog\/wp-content\/uploads\/2021\/10\/Espagne-France-Les-notes-des-Bleus.png","width":800,"height":445,"caption":"Espagne - France : Les notes des Bleus"},{"@type":"WebSite","@id":"https:\/\/dicodusport.fr\/blog\/#website","url":"https:\/\/dicodusport.fr\/blog\/","name":"Dicodusport","description":"L&#039;encyclop\u00e9die de l&#039;actualit\u00e9 sportive","publisher":{"@id":"https:\/\/dicodusport.fr\/blog\/#organization"},"potentialAction":[{"@type":"SearchAction","target":{"@type":"EntryPoint","urlTemplate":"https:\/\/dicodusport.fr\/blog\/?s={search_term_string}"},"query-input":{"@type":"PropertyValueSpecification","valueRequired":true,"valueName":"search_term_string"}}],"inLanguage":"fr-FR"},{"@type":"NewsMediaOrganization","@id":"https:\/\/dicodusport.fr\/blog\/#organization","name":"Dicodusport","url":"https:\/\/dicodusport.fr\/blog\/","logo":{"@type":"ImageObject","inLanguage":"fr-FR","@id":"https:\/\/dicodusport.fr\/blog\/#\/schema\/logo\/image\/","url":"https:\/\/dicodusport.fr\/blog\/wp-content\/uploads\/2020\/06\/cropped-LOGO-DICODUSPORT-2020-SANS-FOND-SANS-TEXTE.png","contentUrl":"https:\/\/dicodusport.fr\/blog\/wp-content\/uploads\/2020\/06\/cropped-LOGO-DICODUSPORT-2020-SANS-FOND-SANS-TEXTE.png","width":512,"height":512,"caption":"Dicodusport"},"image":{"@id":"https:\/\/dicodusport.fr\/blog\/#\/schema\/logo\/image\/"},"sameAs":["https:\/\/www.facebook.com\/dicodusport","https:\/\/x.com\/dicodusport","https:\/\/www.instagram.com\/dicodusport\/","https:\/\/www.youtube.com\/channel\/UC7V2KZ5sd3htJivAbA4ZG3w"],"description":"Dicodusport est l'encyclop\u00e9die de l'actualit\u00e9 sportive.","email":"bonjour@dicodusport.fr","legalName":"DICODUSPORT","foundingDate":"2018-01-14","vatID":"FR71834470973","taxID":"83447097300043","numberOfEmployees":{"@type":"QuantitativeValue","minValue":"1","maxValue":"10"}},{"@type":"Person","@id":"https:\/\/dicodusport.fr\/blog\/#\/schema\/person\/20a73cde459581e727623fffec174040","name":"Jordane Mougenot-Pelletier","image":{"@type":"ImageObject","inLanguage":"fr-FR","@id":"https:\/\/dicodusport.fr\/blog\/#\/schema\/person\/image\/","url":"https:\/\/dicodusport.fr\/blog\/wp-content\/uploads\/2021\/05\/Jordane-MP-150x150.jpg","contentUrl":"https:\/\/dicodusport.fr\/blog\/wp-content\/uploads\/2021\/05\/Jordane-MP-150x150.jpg","caption":"Jordane Mougenot-Pelletier"},"description":"Journaliste\/r\u00e9dacteur depuis mai 2018 - Dans mon sang coule \u00e0 la fois le feu des penne \u00e0 l'arrabiata et la glace du Grand Colombier. Amoureux des belles lettres et des Talking Heads, je supporte un club olympique. Int\u00e9ress\u00e9 par les relations qu'entretient le sport avec la soci\u00e9t\u00e9, je m'int\u00e9resse autant \u00e0 Marc C\u00e9cillon qu'\u00e0 Pep Guardiola, \u00e0 Tonya Harding qu'\u00e0 Philipp Roth. Enfant des 90's, on ne me fera pas croire qu'il y a eu plus beau \u00e0 voir depuis Zin\u00e9dine Zidane, Marco Pantani et Pete Sampras. La b\u00e9chamel est une invention du diable, la Super Ligue aussi.","sameAs":["https:\/\/x.com\/https:\/\/twitter.com\/jmp_pmj"],"url":"https:\/\/dicodusport.fr\/blog\/author\/jordane\/"}]}},"_links":{"self":[{"href":"https:\/\/dicodusport.fr\/blog\/wp-json\/wp\/v2\/posts\/172509","targetHints":{"allow":["GET"]}}],"collection":[{"href":"https:\/\/dicodusport.fr\/blog\/wp-json\/wp\/v2\/posts"}],"about":[{"href":"https:\/\/dicodusport.fr\/blog\/wp-json\/wp\/v2\/types\/post"}],"author":[{"embeddable":true,"href":"https:\/\/dicodusport.fr\/blog\/wp-json\/wp\/v2\/users\/40"}],"replies":[{"embeddable":true,"href":"https:\/\/dicodusport.fr\/blog\/wp-json\/wp\/v2\/comments?post=172509"}],"version-history":[{"count":0,"href":"https:\/\/dicodusport.fr\/blog\/wp-json\/wp\/v2\/posts\/172509\/revisions"}],"wp:featuredmedia":[{"embeddable":true,"href":"https:\/\/dicodusport.fr\/blog\/wp-json\/wp\/v2\/media\/172543"}],"wp:attachment":[{"href":"https:\/\/dicodusport.fr\/blog\/wp-json\/wp\/v2\/media?parent=172509"}],"wp:term":[{"taxonomy":"category","embeddable":true,"href":"https:\/\/dicodusport.fr\/blog\/wp-json\/wp\/v2\/categories?post=172509"},{"taxonomy":"post_tag","embeddable":true,"href":"https:\/\/dicodusport.fr\/blog\/wp-json\/wp\/v2\/tags?post=172509"}],"curies":[{"name":"wp","href":"https:\/\/api.w.org\/{rel}","templated":true}]}}