{"id":172771,"date":"2021-10-12T18:51:53","date_gmt":"2021-10-12T16:51:53","guid":{"rendered":"https:\/\/dicodusport.fr\/blog\/?p=172771&#038;preview=true&#038;preview_id=172771"},"modified":"2022-01-06T11:08:06","modified_gmt":"2022-01-06T10:08:06","slug":"uae-team-emirates-lancera-son-equipe-feminine-en-2022","status":"publish","type":"post","link":"https:\/\/dicodusport.fr\/blog\/uae-team-emirates-lancera-son-equipe-feminine-en-2022\/","title":{"rendered":"UAE Team Emirates lancera son \u00e9quipe f\u00e9minine en 2022"},"content":{"rendered":"<p style=\"text-align: justify;\"><em><b>CYCLISME &#8211; Par le biais du directeur de l&rsquo;\u00e9quipe \u00e9mirati, Mauro Giannetti, UAE Team Emirates a annonc\u00e9 son projet de lancer une \u00e9quipe f\u00e9minine en 2022 pour concourir dans le World Tour f\u00e9minin, gr\u00e2ce \u00e0 un rachat de licence.\u00a0\u00a0<\/b><\/em><\/p>\n<p style=\"text-align: justify;\">Actuellement, l&rsquo;<strong>UCI World Tour f\u00e9minin<\/strong> est compos\u00e9e de neuf \u00e9quipes, dont les plus connues sont la <strong>Trek-Segafredo<\/strong> d&rsquo;<strong>Elisa Longo Borghini<\/strong>, <strong>Lizzie Deignan<\/strong> et <strong>Ellen van Dyk<\/strong> ou encore la <strong>Movistar d&rsquo;Annemiek van Vleuten<\/strong>. Cependant, l&rsquo;UCI a pour projet de d\u00e9velopper le nombre d&rsquo;\u00e9quipes professionnelles, pour passer \u00e0 <strong>15 \u00e9quipes en 2022<\/strong>.<\/p>\n<p style=\"text-align: justify;\">\u00c0 cette occasion, l&rsquo;<strong>UAE Team Emirates de Tadej Pogacar<\/strong>, double vainqueur du Tour de France et r\u00e9cemment <a href=\"https:\/\/dicodusport.fr\/blog\/tour-de-lombardie-2021-tadej-pogacar-bat-fausto-masnada\/\">vainqueur du Tour de Lombardie<\/a>, voudrait en profiter. En acqu\u00e9rant la licence actuellement d\u00e9tenue par <strong>Al\u00e9 BTC Ljubljana<\/strong>, participante au World Tour f\u00e9minin, l&rsquo;\u00e9quipe \u00e9miratie voudrait monter sa propre \u00e9quipe f\u00e9minine.<\/p>\n<h2 style=\"text-align: justify;\"><strong>Un effectif qui sera conserv\u00e9<\/strong><\/h2>\n<p style=\"text-align: justify;\">Apr\u00e8s cette annonce, le patron d&rsquo;<strong>UAE Team Emirates<\/strong>, <strong>Mauro Giannetti<\/strong>, a notamment d\u00e9clar\u00e9 : \u00a0\u00bb <em>Team Emirates est ravie d&rsquo;annoncer que nous travaillons \u00e0 la cr\u00e9ation d&rsquo;une \u00e9quipe f\u00e9minine pour participer au World Tour f\u00e9minin dans le cadre de l&rsquo;ambition des Emirats Arabes Unis de d\u00e9velopper le cyclisme, chez les hommes et aussi bien chez les femmes. Avec Al\u00e9 BTC Ljubljana, nous avons trouv\u00e9 la bonne opportunit\u00e9 que nous recherchions depuis longtemps. Avec l&rsquo;UCI, nous pr\u00e9parons les documents n\u00e9cessaires pour finaliser l&rsquo;acquisition de la licence World Tour f\u00e9minin \u00e0 partir du 1er janvier 2022. Nous serons pr\u00eats \u00e0 vous pr\u00e9senter le projet d&rsquo;ici les semaines \u00e0 venir.<\/em> \u00a0\u00bb<\/p>\n<p style=\"text-align: justify;\">En rachetant la licence d&rsquo;<strong>Al\u00e9 BTC Ljubljana<\/strong>, UAE conserverait les cyclistes actuelles de l&rsquo;\u00e9quipe toujours son contrat pour la saison prochaine. Fond\u00e9e en 2014, on peut trouver dans ses rangs des pointures du cyclisme f\u00e9minin. <strong>Marlen Reusser<\/strong>, r\u00e9cemment titr\u00e9e championne d&rsquo;Europe du contre-la-montre sur route, <strong>Marta Bastianelli<\/strong>, ancienne championne du monde ou encore <strong>Tatiana Guderzo<\/strong>, championne d&rsquo;Espagne sur route.<\/p>\n<blockquote class=\"twitter-tweet\">\n<p dir=\"ltr\" lang=\"und\">UAE Team Emirates announces it will be taking over Al\u00e9-BTC-Ljubljana women&rsquo;s team <a href=\"https:\/\/t.co\/t9Yo5034jG\">https:\/\/t.co\/t9Yo5034jG<\/a><\/p>\n<p>\u2014 Cycling Weekly (@cyclingweekly) <a href=\"https:\/\/twitter.com\/cyclingweekly\/status\/1447858996879187969?ref_src=twsrc%5Etfw\">October 12, 2021<\/a><\/p><\/blockquote>\n<p><script async src=\"https:\/\/platform.twitter.com\/widgets.js\" charset=\"utf-8\"><\/script><\/p>\n","protected":false},"excerpt":{"rendered":"<p>CYCLISME &#8211; Par le biais du directeur de l&rsquo;\u00e9quipe \u00e9mirati, Mauro Giannetti, UAE Team Emirates a annonc\u00e9 son projet de lancer une \u00e9quipe f\u00e9minine en 2022 pour concourir dans le World Tour f\u00e9minin, gr\u00e2ce \u00e0 un rachat de licence.\u00a0\u00a0<\/p>\n","protected":false},"author":42,"featured_media":172778,"comment_status":"open","ping_status":"closed","sticky":false,"template":"","format":"standard","meta":{"_acf_changed":false,"_daextam_enable_autolinks":"","footnotes":""},"categories":[2307,46994],"tags":[14884],"class_list":["post-172771","post","type-post","status-publish","format-standard","has-post-thumbnail","hentry","category-cyclisme","category-cyclisme-sur-route","tag-uae-team-emirates"],"acf":[],"yoast_head":"<!-- This site is optimized with the Yoast SEO Premium plugin v26.7 (Yoast SEO v26.7) - https:\/\/yoast.com\/wordpress\/plugins\/seo\/ -->\n<title>UAE Team Emirates lancera son \u00e9quipe f\u00e9minine en 2022<\/title>\n<meta name=\"description\" content=\"CYCLISME - Par le biais du directeur de l&#039;\u00e9quipe \u00e9mirati, Mauro Giannetti, UAE Team Emirates a annonc\u00e9 son projet de lancer une \u00e9quipe f\u00e9minine.\" \/>\n<meta name=\"robots\" content=\"index, follow, max-snippet:-1, max-image-preview:large, max-video-preview:-1\" \/>\n<link rel=\"canonical\" href=\"https:\/\/dicodusport.fr\/blog\/uae-team-emirates-lancera-son-equipe-feminine-en-2022\/\" \/>\n<meta property=\"og:locale\" content=\"fr_FR\" \/>\n<meta property=\"og:type\" content=\"article\" \/>\n<meta property=\"og:title\" content=\"UAE Team Emirates lancera son \u00e9quipe f\u00e9minine en 2022\" \/>\n<meta property=\"og:description\" content=\"CYCLISME - Par le biais du directeur de l&#039;\u00e9quipe \u00e9mirati, Mauro Giannetti, UAE Team Emirates a annonc\u00e9 son projet de lancer une \u00e9quipe f\u00e9minine.\" \/>\n<meta property=\"og:url\" content=\"https:\/\/dicodusport.fr\/blog\/uae-team-emirates-lancera-son-equipe-feminine-en-2022\/\" \/>\n<meta property=\"og:site_name\" content=\"Dicodusport\" \/>\n<meta property=\"article:publisher\" content=\"https:\/\/www.facebook.com\/dicodusport\" \/>\n<meta property=\"article:published_time\" content=\"2021-10-12T16:51:53+00:00\" \/>\n<meta property=\"article:modified_time\" content=\"2022-01-06T10:08:06+00:00\" \/>\n<meta property=\"og:image\" content=\"https:\/\/dicodusport.fr\/blog\/wp-content\/uploads\/2021\/10\/UAE-Team-Emirates-lancera-son-equipe-feminine-en-2022.png\" \/>\n\t<meta property=\"og:image:width\" content=\"800\" \/>\n\t<meta property=\"og:image:height\" content=\"445\" \/>\n\t<meta property=\"og:image:type\" content=\"image\/png\" \/>\n<meta name=\"author\" content=\"Nicolas Mezine\" \/>\n<meta name=\"twitter:card\" content=\"summary_large_image\" \/>\n<meta name=\"twitter:title\" content=\"UAE Team Emirates lancera son \u00e9quipe f\u00e9minine en 2022\" \/>\n<meta name=\"twitter:creator\" content=\"@https:\/\/twitter.com\/Lbiji13\" \/>\n<meta name=\"twitter:site\" content=\"@dicodusport\" \/>\n<script type=\"application\/ld+json\" class=\"yoast-schema-graph\">{\"@context\":\"https:\/\/schema.org\",\"@graph\":[{\"@type\":\"NewsArticle\",\"@id\":\"https:\/\/dicodusport.fr\/blog\/uae-team-emirates-lancera-son-equipe-feminine-en-2022\/#article\",\"isPartOf\":{\"@id\":\"https:\/\/dicodusport.fr\/blog\/uae-team-emirates-lancera-son-equipe-feminine-en-2022\/\"},\"author\":{\"name\":\"Nicolas Mezine\",\"@id\":\"https:\/\/dicodusport.fr\/blog\/#\/schema\/person\/99fcf31b3ee0d51fed53ade78139bbbf\"},\"headline\":\"UAE Team Emirates lancera son \u00e9quipe f\u00e9minine en 2022\",\"datePublished\":\"2021-10-12T16:51:53+00:00\",\"dateModified\":\"2022-01-06T10:08:06+00:00\",\"mainEntityOfPage\":{\"@id\":\"https:\/\/dicodusport.fr\/blog\/uae-team-emirates-lancera-son-equipe-feminine-en-2022\/\"},\"wordCount\":373,\"commentCount\":0,\"publisher\":{\"@id\":\"https:\/\/dicodusport.fr\/blog\/#organization\"},\"image\":{\"@id\":\"https:\/\/dicodusport.fr\/blog\/uae-team-emirates-lancera-son-equipe-feminine-en-2022\/#primaryimage\"},\"thumbnailUrl\":\"https:\/\/dicodusport.fr\/blog\/wp-content\/uploads\/2021\/10\/UAE-Team-Emirates-lancera-son-equipe-feminine-en-2022.png\",\"keywords\":[\"UAE Team Emirates\"],\"articleSection\":[\"Cyclisme\",\"Cyclisme sur route\"],\"inLanguage\":\"fr-FR\",\"potentialAction\":[{\"@type\":\"CommentAction\",\"name\":\"Comment\",\"target\":[\"https:\/\/dicodusport.fr\/blog\/uae-team-emirates-lancera-son-equipe-feminine-en-2022\/#respond\"]}],\"copyrightYear\":\"2021\",\"copyrightHolder\":{\"@id\":\"https:\/\/dicodusport.fr\/blog\/#organization\"}},{\"@type\":\"WebPage\",\"@id\":\"https:\/\/dicodusport.fr\/blog\/uae-team-emirates-lancera-son-equipe-feminine-en-2022\/\",\"url\":\"https:\/\/dicodusport.fr\/blog\/uae-team-emirates-lancera-son-equipe-feminine-en-2022\/\",\"name\":\"UAE Team Emirates lancera son \u00e9quipe f\u00e9minine en 2022\",\"isPartOf\":{\"@id\":\"https:\/\/dicodusport.fr\/blog\/#website\"},\"primaryImageOfPage\":{\"@id\":\"https:\/\/dicodusport.fr\/blog\/uae-team-emirates-lancera-son-equipe-feminine-en-2022\/#primaryimage\"},\"image\":{\"@id\":\"https:\/\/dicodusport.fr\/blog\/uae-team-emirates-lancera-son-equipe-feminine-en-2022\/#primaryimage\"},\"thumbnailUrl\":\"https:\/\/dicodusport.fr\/blog\/wp-content\/uploads\/2021\/10\/UAE-Team-Emirates-lancera-son-equipe-feminine-en-2022.png\",\"datePublished\":\"2021-10-12T16:51:53+00:00\",\"dateModified\":\"2022-01-06T10:08:06+00:00\",\"description\":\"CYCLISME - Par le biais du directeur de l'\u00e9quipe \u00e9mirati, Mauro Giannetti, UAE Team Emirates a annonc\u00e9 son projet de lancer une \u00e9quipe f\u00e9minine.\",\"breadcrumb\":{\"@id\":\"https:\/\/dicodusport.fr\/blog\/uae-team-emirates-lancera-son-equipe-feminine-en-2022\/#breadcrumb\"},\"inLanguage\":\"fr-FR\",\"potentialAction\":[{\"@type\":\"ReadAction\",\"target\":[\"https:\/\/dicodusport.fr\/blog\/uae-team-emirates-lancera-son-equipe-feminine-en-2022\/\"]}]},{\"@type\":\"ImageObject\",\"inLanguage\":\"fr-FR\",\"@id\":\"https:\/\/dicodusport.fr\/blog\/uae-team-emirates-lancera-son-equipe-feminine-en-2022\/#primaryimage\",\"url\":\"https:\/\/dicodusport.fr\/blog\/wp-content\/uploads\/2021\/10\/UAE-Team-Emirates-lancera-son-equipe-feminine-en-2022.png\",\"contentUrl\":\"https:\/\/dicodusport.fr\/blog\/wp-content\/uploads\/2021\/10\/UAE-Team-Emirates-lancera-son-equipe-feminine-en-2022.png\",\"width\":800,\"height\":445,\"caption\":\"UAE Team Emirates lancera son \u00e9quipe f\u00e9minine en 2022\"},{\"@type\":\"BreadcrumbList\",\"@id\":\"https:\/\/dicodusport.fr\/blog\/uae-team-emirates-lancera-son-equipe-feminine-en-2022\/#breadcrumb\",\"itemListElement\":[{\"@type\":\"ListItem\",\"position\":1,\"name\":\"Accueil\",\"item\":\"https:\/\/dicodusport.fr\/blog\/\"},{\"@type\":\"ListItem\",\"position\":2,\"name\":\"UAE Team Emirates lancera son \u00e9quipe f\u00e9minine en 2022\"}]},{\"@type\":\"WebSite\",\"@id\":\"https:\/\/dicodusport.fr\/blog\/#website\",\"url\":\"https:\/\/dicodusport.fr\/blog\/\",\"name\":\"Dicodusport\",\"description\":\"L&#039;encyclop\u00e9die de l&#039;actualit\u00e9 sportive\",\"publisher\":{\"@id\":\"https:\/\/dicodusport.fr\/blog\/#organization\"},\"potentialAction\":[{\"@type\":\"SearchAction\",\"target\":{\"@type\":\"EntryPoint\",\"urlTemplate\":\"https:\/\/dicodusport.fr\/blog\/?s={search_term_string}\"},\"query-input\":{\"@type\":\"PropertyValueSpecification\",\"valueRequired\":true,\"valueName\":\"search_term_string\"}}],\"inLanguage\":\"fr-FR\"},{\"@type\":\"NewsMediaOrganization\",\"@id\":\"https:\/\/dicodusport.fr\/blog\/#organization\",\"name\":\"Dicodusport\",\"url\":\"https:\/\/dicodusport.fr\/blog\/\",\"logo\":{\"@type\":\"ImageObject\",\"inLanguage\":\"fr-FR\",\"@id\":\"https:\/\/dicodusport.fr\/blog\/#\/schema\/logo\/image\/\",\"url\":\"https:\/\/dicodusport.fr\/blog\/wp-content\/uploads\/2020\/06\/cropped-LOGO-DICODUSPORT-2020-SANS-FOND-SANS-TEXTE.png\",\"contentUrl\":\"https:\/\/dicodusport.fr\/blog\/wp-content\/uploads\/2020\/06\/cropped-LOGO-DICODUSPORT-2020-SANS-FOND-SANS-TEXTE.png\",\"width\":512,\"height\":512,\"caption\":\"Dicodusport\"},\"image\":{\"@id\":\"https:\/\/dicodusport.fr\/blog\/#\/schema\/logo\/image\/\"},\"sameAs\":[\"https:\/\/www.facebook.com\/dicodusport\",\"https:\/\/x.com\/dicodusport\",\"https:\/\/www.instagram.com\/dicodusport\/\",\"https:\/\/www.youtube.com\/channel\/UC7V2KZ5sd3htJivAbA4ZG3w\"],\"description\":\"Dicodusport est l'encyclop\u00e9die de l'actualit\u00e9 sportive.\",\"email\":\"bonjour@dicodusport.fr\",\"legalName\":\"DICODUSPORT\",\"foundingDate\":\"2018-01-14\",\"vatID\":\"FR71834470973\",\"taxID\":\"83447097300043\",\"numberOfEmployees\":{\"@type\":\"QuantitativeValue\",\"minValue\":\"1\",\"maxValue\":\"10\"}},{\"@type\":\"Person\",\"@id\":\"https:\/\/dicodusport.fr\/blog\/#\/schema\/person\/99fcf31b3ee0d51fed53ade78139bbbf\",\"name\":\"Nicolas Mezine\",\"image\":{\"@type\":\"ImageObject\",\"inLanguage\":\"fr-FR\",\"@id\":\"https:\/\/dicodusport.fr\/blog\/#\/schema\/person\/image\/\",\"url\":\"https:\/\/dicodusport.fr\/blog\/wp-content\/uploads\/2021\/09\/IMG_4655-e1631787111223-150x150.jpg\",\"contentUrl\":\"https:\/\/dicodusport.fr\/blog\/wp-content\/uploads\/2021\/09\/IMG_4655-e1631787111223-150x150.jpg\",\"caption\":\"Nicolas Mezine\"},\"description\":\"Passionn\u00e9 de sport, notamment de rugby dans toutes ses variantes (XV, XIII et VII). Fan du RC Toulon et de l'Olympique de Marseille.\",\"sameAs\":[\"https:\/\/www.linkedin.com\/in\/nicolas-mezine-521380160\/\",\"https:\/\/x.com\/https:\/\/twitter.com\/Lbiji13\"],\"url\":\"https:\/\/dicodusport.fr\/blog\/author\/nicolas-m\/\"}]}<\/script>\n<!-- \/ Yoast SEO Premium plugin. -->","yoast_head_json":{"title":"UAE Team Emirates lancera son \u00e9quipe f\u00e9minine en 2022","description":"CYCLISME - Par le biais du directeur de l'\u00e9quipe \u00e9mirati, Mauro Giannetti, UAE Team Emirates a annonc\u00e9 son projet de lancer une \u00e9quipe f\u00e9minine.","robots":{"index":"index","follow":"follow","max-snippet":"max-snippet:-1","max-image-preview":"max-image-preview:large","max-video-preview":"max-video-preview:-1"},"canonical":"https:\/\/dicodusport.fr\/blog\/uae-team-emirates-lancera-son-equipe-feminine-en-2022\/","og_locale":"fr_FR","og_type":"article","og_title":"UAE Team Emirates lancera son \u00e9quipe f\u00e9minine en 2022","og_description":"CYCLISME - Par le biais du directeur de l'\u00e9quipe \u00e9mirati, Mauro Giannetti, UAE Team Emirates a annonc\u00e9 son projet de lancer une \u00e9quipe f\u00e9minine.","og_url":"https:\/\/dicodusport.fr\/blog\/uae-team-emirates-lancera-son-equipe-feminine-en-2022\/","og_site_name":"Dicodusport","article_publisher":"https:\/\/www.facebook.com\/dicodusport","article_published_time":"2021-10-12T16:51:53+00:00","article_modified_time":"2022-01-06T10:08:06+00:00","og_image":[{"width":800,"height":445,"url":"https:\/\/dicodusport.fr\/blog\/wp-content\/uploads\/2021\/10\/UAE-Team-Emirates-lancera-son-equipe-feminine-en-2022.png","type":"image\/png"}],"author":"Nicolas Mezine","twitter_card":"summary_large_image","twitter_title":"UAE Team Emirates lancera son \u00e9quipe f\u00e9minine en 2022","twitter_creator":"@https:\/\/twitter.com\/Lbiji13","twitter_site":"@dicodusport","schema":{"@context":"https:\/\/schema.org","@graph":[{"@type":"NewsArticle","@id":"https:\/\/dicodusport.fr\/blog\/uae-team-emirates-lancera-son-equipe-feminine-en-2022\/#article","isPartOf":{"@id":"https:\/\/dicodusport.fr\/blog\/uae-team-emirates-lancera-son-equipe-feminine-en-2022\/"},"author":{"name":"Nicolas Mezine","@id":"https:\/\/dicodusport.fr\/blog\/#\/schema\/person\/99fcf31b3ee0d51fed53ade78139bbbf"},"headline":"UAE Team Emirates lancera son \u00e9quipe f\u00e9minine en 2022","datePublished":"2021-10-12T16:51:53+00:00","dateModified":"2022-01-06T10:08:06+00:00","mainEntityOfPage":{"@id":"https:\/\/dicodusport.fr\/blog\/uae-team-emirates-lancera-son-equipe-feminine-en-2022\/"},"wordCount":373,"commentCount":0,"publisher":{"@id":"https:\/\/dicodusport.fr\/blog\/#organization"},"image":{"@id":"https:\/\/dicodusport.fr\/blog\/uae-team-emirates-lancera-son-equipe-feminine-en-2022\/#primaryimage"},"thumbnailUrl":"https:\/\/dicodusport.fr\/blog\/wp-content\/uploads\/2021\/10\/UAE-Team-Emirates-lancera-son-equipe-feminine-en-2022.png","keywords":["UAE Team Emirates"],"articleSection":["Cyclisme","Cyclisme sur route"],"inLanguage":"fr-FR","potentialAction":[{"@type":"CommentAction","name":"Comment","target":["https:\/\/dicodusport.fr\/blog\/uae-team-emirates-lancera-son-equipe-feminine-en-2022\/#respond"]}],"copyrightYear":"2021","copyrightHolder":{"@id":"https:\/\/dicodusport.fr\/blog\/#organization"}},{"@type":"WebPage","@id":"https:\/\/dicodusport.fr\/blog\/uae-team-emirates-lancera-son-equipe-feminine-en-2022\/","url":"https:\/\/dicodusport.fr\/blog\/uae-team-emirates-lancera-son-equipe-feminine-en-2022\/","name":"UAE Team Emirates lancera son \u00e9quipe f\u00e9minine en 2022","isPartOf":{"@id":"https:\/\/dicodusport.fr\/blog\/#website"},"primaryImageOfPage":{"@id":"https:\/\/dicodusport.fr\/blog\/uae-team-emirates-lancera-son-equipe-feminine-en-2022\/#primaryimage"},"image":{"@id":"https:\/\/dicodusport.fr\/blog\/uae-team-emirates-lancera-son-equipe-feminine-en-2022\/#primaryimage"},"thumbnailUrl":"https:\/\/dicodusport.fr\/blog\/wp-content\/uploads\/2021\/10\/UAE-Team-Emirates-lancera-son-equipe-feminine-en-2022.png","datePublished":"2021-10-12T16:51:53+00:00","dateModified":"2022-01-06T10:08:06+00:00","description":"CYCLISME - Par le biais du directeur de l'\u00e9quipe \u00e9mirati, Mauro Giannetti, UAE Team Emirates a annonc\u00e9 son projet de lancer une \u00e9quipe f\u00e9minine.","breadcrumb":{"@id":"https:\/\/dicodusport.fr\/blog\/uae-team-emirates-lancera-son-equipe-feminine-en-2022\/#breadcrumb"},"inLanguage":"fr-FR","potentialAction":[{"@type":"ReadAction","target":["https:\/\/dicodusport.fr\/blog\/uae-team-emirates-lancera-son-equipe-feminine-en-2022\/"]}]},{"@type":"ImageObject","inLanguage":"fr-FR","@id":"https:\/\/dicodusport.fr\/blog\/uae-team-emirates-lancera-son-equipe-feminine-en-2022\/#primaryimage","url":"https:\/\/dicodusport.fr\/blog\/wp-content\/uploads\/2021\/10\/UAE-Team-Emirates-lancera-son-equipe-feminine-en-2022.png","contentUrl":"https:\/\/dicodusport.fr\/blog\/wp-content\/uploads\/2021\/10\/UAE-Team-Emirates-lancera-son-equipe-feminine-en-2022.png","width":800,"height":445,"caption":"UAE Team Emirates lancera son \u00e9quipe f\u00e9minine en 2022"},{"@type":"BreadcrumbList","@id":"https:\/\/dicodusport.fr\/blog\/uae-team-emirates-lancera-son-equipe-feminine-en-2022\/#breadcrumb","itemListElement":[{"@type":"ListItem","position":1,"name":"Accueil","item":"https:\/\/dicodusport.fr\/blog\/"},{"@type":"ListItem","position":2,"name":"UAE Team Emirates lancera son \u00e9quipe f\u00e9minine en 2022"}]},{"@type":"WebSite","@id":"https:\/\/dicodusport.fr\/blog\/#website","url":"https:\/\/dicodusport.fr\/blog\/","name":"Dicodusport","description":"L&#039;encyclop\u00e9die de l&#039;actualit\u00e9 sportive","publisher":{"@id":"https:\/\/dicodusport.fr\/blog\/#organization"},"potentialAction":[{"@type":"SearchAction","target":{"@type":"EntryPoint","urlTemplate":"https:\/\/dicodusport.fr\/blog\/?s={search_term_string}"},"query-input":{"@type":"PropertyValueSpecification","valueRequired":true,"valueName":"search_term_string"}}],"inLanguage":"fr-FR"},{"@type":"NewsMediaOrganization","@id":"https:\/\/dicodusport.fr\/blog\/#organization","name":"Dicodusport","url":"https:\/\/dicodusport.fr\/blog\/","logo":{"@type":"ImageObject","inLanguage":"fr-FR","@id":"https:\/\/dicodusport.fr\/blog\/#\/schema\/logo\/image\/","url":"https:\/\/dicodusport.fr\/blog\/wp-content\/uploads\/2020\/06\/cropped-LOGO-DICODUSPORT-2020-SANS-FOND-SANS-TEXTE.png","contentUrl":"https:\/\/dicodusport.fr\/blog\/wp-content\/uploads\/2020\/06\/cropped-LOGO-DICODUSPORT-2020-SANS-FOND-SANS-TEXTE.png","width":512,"height":512,"caption":"Dicodusport"},"image":{"@id":"https:\/\/dicodusport.fr\/blog\/#\/schema\/logo\/image\/"},"sameAs":["https:\/\/www.facebook.com\/dicodusport","https:\/\/x.com\/dicodusport","https:\/\/www.instagram.com\/dicodusport\/","https:\/\/www.youtube.com\/channel\/UC7V2KZ5sd3htJivAbA4ZG3w"],"description":"Dicodusport est l'encyclop\u00e9die de l'actualit\u00e9 sportive.","email":"bonjour@dicodusport.fr","legalName":"DICODUSPORT","foundingDate":"2018-01-14","vatID":"FR71834470973","taxID":"83447097300043","numberOfEmployees":{"@type":"QuantitativeValue","minValue":"1","maxValue":"10"}},{"@type":"Person","@id":"https:\/\/dicodusport.fr\/blog\/#\/schema\/person\/99fcf31b3ee0d51fed53ade78139bbbf","name":"Nicolas Mezine","image":{"@type":"ImageObject","inLanguage":"fr-FR","@id":"https:\/\/dicodusport.fr\/blog\/#\/schema\/person\/image\/","url":"https:\/\/dicodusport.fr\/blog\/wp-content\/uploads\/2021\/09\/IMG_4655-e1631787111223-150x150.jpg","contentUrl":"https:\/\/dicodusport.fr\/blog\/wp-content\/uploads\/2021\/09\/IMG_4655-e1631787111223-150x150.jpg","caption":"Nicolas Mezine"},"description":"Passionn\u00e9 de sport, notamment de rugby dans toutes ses variantes (XV, XIII et VII). Fan du RC Toulon et de l'Olympique de Marseille.","sameAs":["https:\/\/www.linkedin.com\/in\/nicolas-mezine-521380160\/","https:\/\/x.com\/https:\/\/twitter.com\/Lbiji13"],"url":"https:\/\/dicodusport.fr\/blog\/author\/nicolas-m\/"}]}},"_links":{"self":[{"href":"https:\/\/dicodusport.fr\/blog\/wp-json\/wp\/v2\/posts\/172771","targetHints":{"allow":["GET"]}}],"collection":[{"href":"https:\/\/dicodusport.fr\/blog\/wp-json\/wp\/v2\/posts"}],"about":[{"href":"https:\/\/dicodusport.fr\/blog\/wp-json\/wp\/v2\/types\/post"}],"author":[{"embeddable":true,"href":"https:\/\/dicodusport.fr\/blog\/wp-json\/wp\/v2\/users\/42"}],"replies":[{"embeddable":true,"href":"https:\/\/dicodusport.fr\/blog\/wp-json\/wp\/v2\/comments?post=172771"}],"version-history":[{"count":0,"href":"https:\/\/dicodusport.fr\/blog\/wp-json\/wp\/v2\/posts\/172771\/revisions"}],"wp:featuredmedia":[{"embeddable":true,"href":"https:\/\/dicodusport.fr\/blog\/wp-json\/wp\/v2\/media\/172778"}],"wp:attachment":[{"href":"https:\/\/dicodusport.fr\/blog\/wp-json\/wp\/v2\/media?parent=172771"}],"wp:term":[{"taxonomy":"category","embeddable":true,"href":"https:\/\/dicodusport.fr\/blog\/wp-json\/wp\/v2\/categories?post=172771"},{"taxonomy":"post_tag","embeddable":true,"href":"https:\/\/dicodusport.fr\/blog\/wp-json\/wp\/v2\/tags?post=172771"}],"curies":[{"name":"wp","href":"https:\/\/api.w.org\/{rel}","templated":true}]}}