{"id":173052,"date":"2021-10-14T09:33:58","date_gmt":"2021-10-14T07:33:58","guid":{"rendered":"https:\/\/dicodusport.fr\/blog\/?p=173052&#038;preview=true&#038;preview_id=173052"},"modified":"2021-10-14T09:33:58","modified_gmt":"2021-10-14T07:33:58","slug":"olivier-giroud-j-adore-jouer-avec-karim-benzema","status":"publish","type":"post","link":"https:\/\/dicodusport.fr\/blog\/olivier-giroud-j-adore-jouer-avec-karim-benzema\/","title":{"rendered":"Olivier Giroud : \u00ab\u00a0J&rsquo;adore jouer avec Karim Benzema\u00a0\u00bb"},"content":{"rendered":"<p style=\"text-align: justify;\"><strong><em>FOOTBALL &#8211; Alors qu&rsquo;il a \u00e9t\u00e9 \u00e9cart\u00e9 des Bleus sur les deux derniers rassemblements, Olivier Giroud a donn\u00e9 une interview dans The Guardian, \u00e9voquant notamment sa relation avec Karim Benzema.<\/em><\/strong><\/p>\n<p style=\"text-align: justify;\">M\u00eame quand <strong>Karim Benzema<\/strong> n&rsquo;\u00e9tait plus appel\u00e9 par Didier Deschamps, il \u00e9tait toujours oppos\u00e9 \u00e0 <strong>Olivier Giroud<\/strong> qui devenait le deuxi\u00e8me meilleur buteur de l&rsquo;histoire des Bleus. L&rsquo;avant-centre du Milan AC a de nouveau tenu \u00e0 mettre les choses au clair \u00e0 ce sujet.<\/p>\n<blockquote>\n<p style=\"text-align: justify;\">Toute ma carri\u00e8re en \u00e9quipe nationale, ils m\u2019ont oppos\u00e9 \u00e0 lui. Vous aviez les pro-Benzema et les pro-Giroud. J\u2019ai toujours dit que je n\u2019avais aucun probl\u00e8me avec lui et que j\u2019adorais jouer avec lui mais c\u2019\u00e9tait une chose m\u00e9diatique de faire croire que nous nous battions. Cela n\u2019a jamais \u00e9t\u00e9 vrai.<\/p>\n<\/blockquote>\n<p style=\"text-align: justify;\"><strong>Olivier Giroud<\/strong> a aussi \u00e9voqu\u00e9 l&rsquo;histoire avec <strong>Kylian Mbapp\u00e9<\/strong> qu&rsquo;il qualifie de <em>\u00ab petite chose \u00bb<\/em>, avant d&rsquo;ajouter qu&rsquo;ils avaient eu une discussion pour clarifier le choses.<\/p>\n<blockquote class=\"twitter-tweet\">\n<p dir=\"ltr\" lang=\"fr\">Giroud : \u00ab\u00a0Toute ma carri\u00e8re en Bleus, on m&rsquo;a oppos\u00e9 \u00e0 Karim. Vous aviez les pro-Benzema et les pro-Giroud. J&rsquo;ai toujours dit que je n&rsquo;avais aucun probl\u00e8me avec lui et que j&rsquo;adorais jouer avec lui, mais c&rsquo;\u00e9tait une chose m\u00e9diatique de faire croire que nous nous battions.\u00a0\u00bb <a href=\"https:\/\/t.co\/AhzCDhSS1b\">pic.twitter.com\/AhzCDhSS1b<\/a><\/p>\n<p>\u2014 BeFoot (@_BeFoot) <a href=\"https:\/\/twitter.com\/_BeFoot\/status\/1448223825594920965?ref_src=twsrc%5Etfw\">October 13, 2021<\/a><\/p><\/blockquote>\n<p><script async src=\"https:\/\/platform.twitter.com\/widgets.js\" charset=\"utf-8\"><\/script><\/p>\n","protected":false},"excerpt":{"rendered":"<p>FOOTBALL &#8211; Alors qu&rsquo;il a \u00e9t\u00e9 \u00e9cart\u00e9 des Bleus sur les deux derniers rassemblements, Olivier Giroud a donn\u00e9 une interview dans The Guardian, \u00e9voquant notamment sa relation avec Karim Benzema.<\/p>\n","protected":false},"author":1,"featured_media":173055,"comment_status":"open","ping_status":"closed","sticky":false,"template":"","format":"standard","meta":{"_acf_changed":false,"_daextam_enable_autolinks":"","footnotes":""},"categories":[2301],"tags":[75,30,4727,3681],"class_list":["post-173052","post","type-post","status-publish","format-standard","has-post-thumbnail","hentry","category-football","tag-football","tag-france","tag-karim-benzema","tag-olivier-giroud"],"acf":[],"yoast_head":"<!-- This site is optimized with the Yoast SEO Premium plugin v26.7 (Yoast SEO v26.7) - https:\/\/yoast.com\/wordpress\/plugins\/seo\/ -->\n<title>Olivier Giroud : &quot;J&#039;adore jouer avec Karim Benzema&quot;<\/title>\n<meta name=\"description\" content=\"FOOTBALL - Alors qu&#039;il a \u00e9t\u00e9 \u00e9cart\u00e9 des Bleus sur les deux derniers rassemblements, Olivier Giroud a donn\u00e9 une interview dans The Guardian.\" \/>\n<meta name=\"robots\" content=\"index, follow, max-snippet:-1, max-image-preview:large, max-video-preview:-1\" \/>\n<link rel=\"canonical\" href=\"https:\/\/dicodusport.fr\/blog\/olivier-giroud-j-adore-jouer-avec-karim-benzema\/\" \/>\n<meta property=\"og:locale\" content=\"fr_FR\" \/>\n<meta property=\"og:type\" content=\"article\" \/>\n<meta property=\"og:title\" content=\"Olivier Giroud : &quot;J&#039;adore jouer avec Karim Benzema&quot;\" \/>\n<meta property=\"og:description\" content=\"FOOTBALL - Alors qu&#039;il a \u00e9t\u00e9 \u00e9cart\u00e9 des Bleus sur les deux derniers rassemblements, Olivier Giroud a donn\u00e9 une interview dans The Guardian.\" \/>\n<meta property=\"og:url\" content=\"https:\/\/dicodusport.fr\/blog\/olivier-giroud-j-adore-jouer-avec-karim-benzema\/\" \/>\n<meta property=\"og:site_name\" content=\"Dicodusport\" \/>\n<meta property=\"article:publisher\" content=\"https:\/\/www.facebook.com\/dicodusport\" \/>\n<meta property=\"article:author\" content=\"https:\/\/www.facebook.com\/dicodusport\" \/>\n<meta property=\"article:published_time\" content=\"2021-10-14T07:33:58+00:00\" \/>\n<meta property=\"og:image\" content=\"https:\/\/dicodusport.fr\/blog\/wp-content\/uploads\/2021\/10\/Olivier-Giroud-Jadore-jouer-avec-Karim-Benzema.png\" \/>\n\t<meta property=\"og:image:width\" content=\"800\" \/>\n\t<meta property=\"og:image:height\" content=\"445\" \/>\n\t<meta property=\"og:image:type\" content=\"image\/png\" \/>\n<meta name=\"author\" content=\"Nicolas Jacquemard\" \/>\n<meta name=\"twitter:card\" content=\"summary_large_image\" \/>\n<meta name=\"twitter:title\" content=\"Olivier Giroud : &quot;J&#039;adore jouer avec Karim Benzema&quot;\" \/>\n<meta name=\"twitter:creator\" content=\"@https:\/\/twitter.com\/Nico_Jacquemard\" \/>\n<meta name=\"twitter:site\" content=\"@dicodusport\" \/>\n<script type=\"application\/ld+json\" class=\"yoast-schema-graph\">{\"@context\":\"https:\/\/schema.org\",\"@graph\":[{\"@type\":\"NewsArticle\",\"@id\":\"https:\/\/dicodusport.fr\/blog\/olivier-giroud-j-adore-jouer-avec-karim-benzema\/#article\",\"isPartOf\":{\"@id\":\"https:\/\/dicodusport.fr\/blog\/olivier-giroud-j-adore-jouer-avec-karim-benzema\/\"},\"author\":{\"name\":\"Nicolas Jacquemard\",\"@id\":\"https:\/\/dicodusport.fr\/blog\/#\/schema\/person\/55dcb50ad410894e431ed812bbb70191\"},\"headline\":\"Olivier Giroud : \u00ab\u00a0J&rsquo;adore jouer avec Karim Benzema\u00a0\u00bb\",\"datePublished\":\"2021-10-14T07:33:58+00:00\",\"mainEntityOfPage\":{\"@id\":\"https:\/\/dicodusport.fr\/blog\/olivier-giroud-j-adore-jouer-avec-karim-benzema\/\"},\"wordCount\":234,\"commentCount\":0,\"publisher\":{\"@id\":\"https:\/\/dicodusport.fr\/blog\/#organization\"},\"image\":{\"@id\":\"https:\/\/dicodusport.fr\/blog\/olivier-giroud-j-adore-jouer-avec-karim-benzema\/#primaryimage\"},\"thumbnailUrl\":\"https:\/\/dicodusport.fr\/blog\/wp-content\/uploads\/2021\/10\/Olivier-Giroud-Jadore-jouer-avec-Karim-Benzema.png\",\"keywords\":[\"Football\",\"France\",\"Karim Benzema\",\"Olivier Giroud\"],\"articleSection\":[\"Football\"],\"inLanguage\":\"fr-FR\",\"potentialAction\":[{\"@type\":\"CommentAction\",\"name\":\"Comment\",\"target\":[\"https:\/\/dicodusport.fr\/blog\/olivier-giroud-j-adore-jouer-avec-karim-benzema\/#respond\"]}],\"copyrightYear\":\"2021\",\"copyrightHolder\":{\"@id\":\"https:\/\/dicodusport.fr\/blog\/#organization\"}},{\"@type\":\"WebPage\",\"@id\":\"https:\/\/dicodusport.fr\/blog\/olivier-giroud-j-adore-jouer-avec-karim-benzema\/\",\"url\":\"https:\/\/dicodusport.fr\/blog\/olivier-giroud-j-adore-jouer-avec-karim-benzema\/\",\"name\":\"Olivier Giroud : \\\"J'adore jouer avec Karim Benzema\\\"\",\"isPartOf\":{\"@id\":\"https:\/\/dicodusport.fr\/blog\/#website\"},\"primaryImageOfPage\":{\"@id\":\"https:\/\/dicodusport.fr\/blog\/olivier-giroud-j-adore-jouer-avec-karim-benzema\/#primaryimage\"},\"image\":{\"@id\":\"https:\/\/dicodusport.fr\/blog\/olivier-giroud-j-adore-jouer-avec-karim-benzema\/#primaryimage\"},\"thumbnailUrl\":\"https:\/\/dicodusport.fr\/blog\/wp-content\/uploads\/2021\/10\/Olivier-Giroud-Jadore-jouer-avec-Karim-Benzema.png\",\"datePublished\":\"2021-10-14T07:33:58+00:00\",\"description\":\"FOOTBALL - Alors qu'il a \u00e9t\u00e9 \u00e9cart\u00e9 des Bleus sur les deux derniers rassemblements, Olivier Giroud a donn\u00e9 une interview dans The Guardian.\",\"breadcrumb\":{\"@id\":\"https:\/\/dicodusport.fr\/blog\/olivier-giroud-j-adore-jouer-avec-karim-benzema\/#breadcrumb\"},\"inLanguage\":\"fr-FR\",\"potentialAction\":[{\"@type\":\"ReadAction\",\"target\":[\"https:\/\/dicodusport.fr\/blog\/olivier-giroud-j-adore-jouer-avec-karim-benzema\/\"]}]},{\"@type\":\"ImageObject\",\"inLanguage\":\"fr-FR\",\"@id\":\"https:\/\/dicodusport.fr\/blog\/olivier-giroud-j-adore-jouer-avec-karim-benzema\/#primaryimage\",\"url\":\"https:\/\/dicodusport.fr\/blog\/wp-content\/uploads\/2021\/10\/Olivier-Giroud-Jadore-jouer-avec-Karim-Benzema.png\",\"contentUrl\":\"https:\/\/dicodusport.fr\/blog\/wp-content\/uploads\/2021\/10\/Olivier-Giroud-Jadore-jouer-avec-Karim-Benzema.png\",\"width\":800,\"height\":445},{\"@type\":\"BreadcrumbList\",\"@id\":\"https:\/\/dicodusport.fr\/blog\/olivier-giroud-j-adore-jouer-avec-karim-benzema\/#breadcrumb\",\"itemListElement\":[{\"@type\":\"ListItem\",\"position\":1,\"name\":\"Accueil\",\"item\":\"https:\/\/dicodusport.fr\/blog\/\"},{\"@type\":\"ListItem\",\"position\":2,\"name\":\"Olivier Giroud : \u00ab\u00a0J&rsquo;adore jouer avec Karim Benzema\u00a0\u00bb\"}]},{\"@type\":\"WebSite\",\"@id\":\"https:\/\/dicodusport.fr\/blog\/#website\",\"url\":\"https:\/\/dicodusport.fr\/blog\/\",\"name\":\"Dicodusport\",\"description\":\"L&#039;encyclop\u00e9die de l&#039;actualit\u00e9 sportive\",\"publisher\":{\"@id\":\"https:\/\/dicodusport.fr\/blog\/#organization\"},\"potentialAction\":[{\"@type\":\"SearchAction\",\"target\":{\"@type\":\"EntryPoint\",\"urlTemplate\":\"https:\/\/dicodusport.fr\/blog\/?s={search_term_string}\"},\"query-input\":{\"@type\":\"PropertyValueSpecification\",\"valueRequired\":true,\"valueName\":\"search_term_string\"}}],\"inLanguage\":\"fr-FR\"},{\"@type\":\"NewsMediaOrganization\",\"@id\":\"https:\/\/dicodusport.fr\/blog\/#organization\",\"name\":\"Dicodusport\",\"url\":\"https:\/\/dicodusport.fr\/blog\/\",\"logo\":{\"@type\":\"ImageObject\",\"inLanguage\":\"fr-FR\",\"@id\":\"https:\/\/dicodusport.fr\/blog\/#\/schema\/logo\/image\/\",\"url\":\"https:\/\/dicodusport.fr\/blog\/wp-content\/uploads\/2020\/06\/cropped-LOGO-DICODUSPORT-2020-SANS-FOND-SANS-TEXTE.png\",\"contentUrl\":\"https:\/\/dicodusport.fr\/blog\/wp-content\/uploads\/2020\/06\/cropped-LOGO-DICODUSPORT-2020-SANS-FOND-SANS-TEXTE.png\",\"width\":512,\"height\":512,\"caption\":\"Dicodusport\"},\"image\":{\"@id\":\"https:\/\/dicodusport.fr\/blog\/#\/schema\/logo\/image\/\"},\"sameAs\":[\"https:\/\/www.facebook.com\/dicodusport\",\"https:\/\/x.com\/dicodusport\",\"https:\/\/www.instagram.com\/dicodusport\/\",\"https:\/\/www.youtube.com\/channel\/UC7V2KZ5sd3htJivAbA4ZG3w\"],\"description\":\"Dicodusport est l'encyclop\u00e9die de l'actualit\u00e9 sportive.\",\"email\":\"bonjour@dicodusport.fr\",\"legalName\":\"DICODUSPORT\",\"foundingDate\":\"2018-01-14\",\"vatID\":\"FR71834470973\",\"taxID\":\"83447097300043\",\"numberOfEmployees\":{\"@type\":\"QuantitativeValue\",\"minValue\":\"1\",\"maxValue\":\"10\"}},{\"@type\":\"Person\",\"@id\":\"https:\/\/dicodusport.fr\/blog\/#\/schema\/person\/55dcb50ad410894e431ed812bbb70191\",\"name\":\"Nicolas Jacquemard\",\"image\":{\"@type\":\"ImageObject\",\"inLanguage\":\"fr-FR\",\"@id\":\"https:\/\/dicodusport.fr\/blog\/#\/schema\/person\/image\/\",\"url\":\"https:\/\/dicodusport.fr\/blog\/wp-content\/uploads\/2021\/05\/Nicolas-Jacquemard-150x150.jpeg\",\"contentUrl\":\"https:\/\/dicodusport.fr\/blog\/wp-content\/uploads\/2021\/05\/Nicolas-Jacquemard-150x150.jpeg\",\"caption\":\"Nicolas Jacquemard\"},\"description\":\"Passionn\u00e9 de sport et entrepreneur depuis mes 18 ans, la cr\u00e9ation de Dicodusport m'a sembl\u00e9 \u00e9vidente pour participer \u00e0 la m\u00e9diatisation d'un plus grand nombre de sports. Le chemin est long mais avec une \u00e9quipe des plus motiv\u00e9es et les Jeux Olympiques de Paris 2024 en point de mire, nous y arriverons ! Journaliste dans le monde du sport depuis plus de 5 ans, je traite aussi bien de football, de rugby, de biathlon que de cyclisme.\",\"sameAs\":[\"https:\/\/www.facebook.com\/dicodusport\",\"https:\/\/x.com\/https:\/\/twitter.com\/Nico_Jacquemard\"],\"url\":\"https:\/\/dicodusport.fr\/blog\/author\/dicodusport\/\"}]}<\/script>\n<!-- \/ Yoast SEO Premium plugin. -->","yoast_head_json":{"title":"Olivier Giroud : \"J'adore jouer avec Karim Benzema\"","description":"FOOTBALL - Alors qu'il a \u00e9t\u00e9 \u00e9cart\u00e9 des Bleus sur les deux derniers rassemblements, Olivier Giroud a donn\u00e9 une interview dans The Guardian.","robots":{"index":"index","follow":"follow","max-snippet":"max-snippet:-1","max-image-preview":"max-image-preview:large","max-video-preview":"max-video-preview:-1"},"canonical":"https:\/\/dicodusport.fr\/blog\/olivier-giroud-j-adore-jouer-avec-karim-benzema\/","og_locale":"fr_FR","og_type":"article","og_title":"Olivier Giroud : \"J'adore jouer avec Karim Benzema\"","og_description":"FOOTBALL - Alors qu'il a \u00e9t\u00e9 \u00e9cart\u00e9 des Bleus sur les deux derniers rassemblements, Olivier Giroud a donn\u00e9 une interview dans The Guardian.","og_url":"https:\/\/dicodusport.fr\/blog\/olivier-giroud-j-adore-jouer-avec-karim-benzema\/","og_site_name":"Dicodusport","article_publisher":"https:\/\/www.facebook.com\/dicodusport","article_author":"https:\/\/www.facebook.com\/dicodusport","article_published_time":"2021-10-14T07:33:58+00:00","og_image":[{"width":800,"height":445,"url":"https:\/\/dicodusport.fr\/blog\/wp-content\/uploads\/2021\/10\/Olivier-Giroud-Jadore-jouer-avec-Karim-Benzema.png","type":"image\/png"}],"author":"Nicolas Jacquemard","twitter_card":"summary_large_image","twitter_title":"Olivier Giroud : \"J'adore jouer avec Karim Benzema\"","twitter_creator":"@https:\/\/twitter.com\/Nico_Jacquemard","twitter_site":"@dicodusport","schema":{"@context":"https:\/\/schema.org","@graph":[{"@type":"NewsArticle","@id":"https:\/\/dicodusport.fr\/blog\/olivier-giroud-j-adore-jouer-avec-karim-benzema\/#article","isPartOf":{"@id":"https:\/\/dicodusport.fr\/blog\/olivier-giroud-j-adore-jouer-avec-karim-benzema\/"},"author":{"name":"Nicolas Jacquemard","@id":"https:\/\/dicodusport.fr\/blog\/#\/schema\/person\/55dcb50ad410894e431ed812bbb70191"},"headline":"Olivier Giroud : \u00ab\u00a0J&rsquo;adore jouer avec Karim Benzema\u00a0\u00bb","datePublished":"2021-10-14T07:33:58+00:00","mainEntityOfPage":{"@id":"https:\/\/dicodusport.fr\/blog\/olivier-giroud-j-adore-jouer-avec-karim-benzema\/"},"wordCount":234,"commentCount":0,"publisher":{"@id":"https:\/\/dicodusport.fr\/blog\/#organization"},"image":{"@id":"https:\/\/dicodusport.fr\/blog\/olivier-giroud-j-adore-jouer-avec-karim-benzema\/#primaryimage"},"thumbnailUrl":"https:\/\/dicodusport.fr\/blog\/wp-content\/uploads\/2021\/10\/Olivier-Giroud-Jadore-jouer-avec-Karim-Benzema.png","keywords":["Football","France","Karim Benzema","Olivier Giroud"],"articleSection":["Football"],"inLanguage":"fr-FR","potentialAction":[{"@type":"CommentAction","name":"Comment","target":["https:\/\/dicodusport.fr\/blog\/olivier-giroud-j-adore-jouer-avec-karim-benzema\/#respond"]}],"copyrightYear":"2021","copyrightHolder":{"@id":"https:\/\/dicodusport.fr\/blog\/#organization"}},{"@type":"WebPage","@id":"https:\/\/dicodusport.fr\/blog\/olivier-giroud-j-adore-jouer-avec-karim-benzema\/","url":"https:\/\/dicodusport.fr\/blog\/olivier-giroud-j-adore-jouer-avec-karim-benzema\/","name":"Olivier Giroud : \"J'adore jouer avec Karim Benzema\"","isPartOf":{"@id":"https:\/\/dicodusport.fr\/blog\/#website"},"primaryImageOfPage":{"@id":"https:\/\/dicodusport.fr\/blog\/olivier-giroud-j-adore-jouer-avec-karim-benzema\/#primaryimage"},"image":{"@id":"https:\/\/dicodusport.fr\/blog\/olivier-giroud-j-adore-jouer-avec-karim-benzema\/#primaryimage"},"thumbnailUrl":"https:\/\/dicodusport.fr\/blog\/wp-content\/uploads\/2021\/10\/Olivier-Giroud-Jadore-jouer-avec-Karim-Benzema.png","datePublished":"2021-10-14T07:33:58+00:00","description":"FOOTBALL - Alors qu'il a \u00e9t\u00e9 \u00e9cart\u00e9 des Bleus sur les deux derniers rassemblements, Olivier Giroud a donn\u00e9 une interview dans The Guardian.","breadcrumb":{"@id":"https:\/\/dicodusport.fr\/blog\/olivier-giroud-j-adore-jouer-avec-karim-benzema\/#breadcrumb"},"inLanguage":"fr-FR","potentialAction":[{"@type":"ReadAction","target":["https:\/\/dicodusport.fr\/blog\/olivier-giroud-j-adore-jouer-avec-karim-benzema\/"]}]},{"@type":"ImageObject","inLanguage":"fr-FR","@id":"https:\/\/dicodusport.fr\/blog\/olivier-giroud-j-adore-jouer-avec-karim-benzema\/#primaryimage","url":"https:\/\/dicodusport.fr\/blog\/wp-content\/uploads\/2021\/10\/Olivier-Giroud-Jadore-jouer-avec-Karim-Benzema.png","contentUrl":"https:\/\/dicodusport.fr\/blog\/wp-content\/uploads\/2021\/10\/Olivier-Giroud-Jadore-jouer-avec-Karim-Benzema.png","width":800,"height":445},{"@type":"BreadcrumbList","@id":"https:\/\/dicodusport.fr\/blog\/olivier-giroud-j-adore-jouer-avec-karim-benzema\/#breadcrumb","itemListElement":[{"@type":"ListItem","position":1,"name":"Accueil","item":"https:\/\/dicodusport.fr\/blog\/"},{"@type":"ListItem","position":2,"name":"Olivier Giroud : \u00ab\u00a0J&rsquo;adore jouer avec Karim Benzema\u00a0\u00bb"}]},{"@type":"WebSite","@id":"https:\/\/dicodusport.fr\/blog\/#website","url":"https:\/\/dicodusport.fr\/blog\/","name":"Dicodusport","description":"L&#039;encyclop\u00e9die de l&#039;actualit\u00e9 sportive","publisher":{"@id":"https:\/\/dicodusport.fr\/blog\/#organization"},"potentialAction":[{"@type":"SearchAction","target":{"@type":"EntryPoint","urlTemplate":"https:\/\/dicodusport.fr\/blog\/?s={search_term_string}"},"query-input":{"@type":"PropertyValueSpecification","valueRequired":true,"valueName":"search_term_string"}}],"inLanguage":"fr-FR"},{"@type":"NewsMediaOrganization","@id":"https:\/\/dicodusport.fr\/blog\/#organization","name":"Dicodusport","url":"https:\/\/dicodusport.fr\/blog\/","logo":{"@type":"ImageObject","inLanguage":"fr-FR","@id":"https:\/\/dicodusport.fr\/blog\/#\/schema\/logo\/image\/","url":"https:\/\/dicodusport.fr\/blog\/wp-content\/uploads\/2020\/06\/cropped-LOGO-DICODUSPORT-2020-SANS-FOND-SANS-TEXTE.png","contentUrl":"https:\/\/dicodusport.fr\/blog\/wp-content\/uploads\/2020\/06\/cropped-LOGO-DICODUSPORT-2020-SANS-FOND-SANS-TEXTE.png","width":512,"height":512,"caption":"Dicodusport"},"image":{"@id":"https:\/\/dicodusport.fr\/blog\/#\/schema\/logo\/image\/"},"sameAs":["https:\/\/www.facebook.com\/dicodusport","https:\/\/x.com\/dicodusport","https:\/\/www.instagram.com\/dicodusport\/","https:\/\/www.youtube.com\/channel\/UC7V2KZ5sd3htJivAbA4ZG3w"],"description":"Dicodusport est l'encyclop\u00e9die de l'actualit\u00e9 sportive.","email":"bonjour@dicodusport.fr","legalName":"DICODUSPORT","foundingDate":"2018-01-14","vatID":"FR71834470973","taxID":"83447097300043","numberOfEmployees":{"@type":"QuantitativeValue","minValue":"1","maxValue":"10"}},{"@type":"Person","@id":"https:\/\/dicodusport.fr\/blog\/#\/schema\/person\/55dcb50ad410894e431ed812bbb70191","name":"Nicolas Jacquemard","image":{"@type":"ImageObject","inLanguage":"fr-FR","@id":"https:\/\/dicodusport.fr\/blog\/#\/schema\/person\/image\/","url":"https:\/\/dicodusport.fr\/blog\/wp-content\/uploads\/2021\/05\/Nicolas-Jacquemard-150x150.jpeg","contentUrl":"https:\/\/dicodusport.fr\/blog\/wp-content\/uploads\/2021\/05\/Nicolas-Jacquemard-150x150.jpeg","caption":"Nicolas Jacquemard"},"description":"Passionn\u00e9 de sport et entrepreneur depuis mes 18 ans, la cr\u00e9ation de Dicodusport m'a sembl\u00e9 \u00e9vidente pour participer \u00e0 la m\u00e9diatisation d'un plus grand nombre de sports. Le chemin est long mais avec une \u00e9quipe des plus motiv\u00e9es et les Jeux Olympiques de Paris 2024 en point de mire, nous y arriverons ! Journaliste dans le monde du sport depuis plus de 5 ans, je traite aussi bien de football, de rugby, de biathlon que de cyclisme.","sameAs":["https:\/\/www.facebook.com\/dicodusport","https:\/\/x.com\/https:\/\/twitter.com\/Nico_Jacquemard"],"url":"https:\/\/dicodusport.fr\/blog\/author\/dicodusport\/"}]}},"_links":{"self":[{"href":"https:\/\/dicodusport.fr\/blog\/wp-json\/wp\/v2\/posts\/173052","targetHints":{"allow":["GET"]}}],"collection":[{"href":"https:\/\/dicodusport.fr\/blog\/wp-json\/wp\/v2\/posts"}],"about":[{"href":"https:\/\/dicodusport.fr\/blog\/wp-json\/wp\/v2\/types\/post"}],"author":[{"embeddable":true,"href":"https:\/\/dicodusport.fr\/blog\/wp-json\/wp\/v2\/users\/1"}],"replies":[{"embeddable":true,"href":"https:\/\/dicodusport.fr\/blog\/wp-json\/wp\/v2\/comments?post=173052"}],"version-history":[{"count":0,"href":"https:\/\/dicodusport.fr\/blog\/wp-json\/wp\/v2\/posts\/173052\/revisions"}],"wp:featuredmedia":[{"embeddable":true,"href":"https:\/\/dicodusport.fr\/blog\/wp-json\/wp\/v2\/media\/173055"}],"wp:attachment":[{"href":"https:\/\/dicodusport.fr\/blog\/wp-json\/wp\/v2\/media?parent=173052"}],"wp:term":[{"taxonomy":"category","embeddable":true,"href":"https:\/\/dicodusport.fr\/blog\/wp-json\/wp\/v2\/categories?post=173052"},{"taxonomy":"post_tag","embeddable":true,"href":"https:\/\/dicodusport.fr\/blog\/wp-json\/wp\/v2\/tags?post=173052"}],"curies":[{"name":"wp","href":"https:\/\/api.w.org\/{rel}","templated":true}]}}