{"id":173084,"date":"2021-10-14T17:25:59","date_gmt":"2021-10-14T15:25:59","guid":{"rendered":"https:\/\/dicodusport.fr\/blog\/?p=173084"},"modified":"2022-01-06T11:08:06","modified_gmt":"2022-01-06T10:08:06","slug":"les-etapes-cles-du-tour-de-france-2022","status":"publish","type":"post","link":"https:\/\/dicodusport.fr\/blog\/les-etapes-cles-du-tour-de-france-2022\/","title":{"rendered":"Les \u00e9tapes cl\u00e9s du Tour de France 2022"},"content":{"rendered":"<p style=\"text-align: justify;\"><em><strong>TOUR DE FRANCE 2022 &#8211; ASO et Christian Prudhomme ont pr\u00e9sent\u00e9 ce jeudi midi <a href=\"https:\/\/dicodusport.fr\/blog\/tour-de-france-2022-parcours-109eme-edition\/\">le parcours du Tour de France 2022<\/a>. La r\u00e9daction de Dicodusport vous propose d&rsquo;en analyser les \u00e9tapes cl\u00e9s.<\/strong> <\/em><\/p>\n<h2 style=\"text-align: justify;\">\u00c9tape 2 : Roskilde &#8211; Nyborg, les premi\u00e8re bordures du Tour de France 2022 ?<\/h2>\n<p style=\"text-align: justify;\">C&rsquo;est la premi\u00e8re fois que la Grande Boucle s&rsquo;\u00e9lancera du pays de <strong>Michael Valgren <\/strong>et <strong>Rasmussen.<\/strong> Et c&rsquo;est forc\u00e9ment un \u00e9v\u00e9nement. Le Danemark s&rsquo;est impos\u00e9 depuis une quinzaine d&rsquo;ann\u00e9es comme une place forte du cyclisme mondial et le <strong>Tour de France 2022<\/strong> ne s&rsquo;y est pas tromp\u00e9. Pendant trois jours, le peloton sillonnera les routes de Sa Majest\u00e9e Margrethe II.<\/p>\n<p style=\"text-align: justify;\">Le chrono inaugural de 18 kilom\u00e8tres ne devrait pas \u00eatre d\u00e9cisif pour le reste de la comp\u00e9tition. La deuxi\u00e8me \u00e9tape entre <strong>Roskilde<\/strong> et <strong>Nyborg<\/strong> pourrait se r\u00e9v\u00e9ler plus pi\u00e9geuse. La travers\u00e9e du pont du Grand Belt long de 18 kilom\u00e8tres sera propice aux bordures et pourrait en surprendre plus d&rsquo;un. Par ailleurs, cette \u00e9tape reliera deux des villes les plus riches architecturalement. <strong>Roskilde<\/strong>, ancienne capitale danoise, est class\u00e9e au patrimoine mondial de l&rsquo;UNESCO. <strong>Nyborg<\/strong> abrite un spectaculaire ch\u00e2teau m\u00e9di\u00e9val du XII\u00e8me si\u00e8cle.<\/p>\n<blockquote class=\"twitter-tweet\">\n<p dir=\"ltr\" lang=\"fr\">Etape 2 \/ Stage 2<br \/>\n&#x1f6a9;<a href=\"https:\/\/twitter.com\/roskildekommune?ref_src=twsrc%5Etfw\">@roskildekommune<\/a> &#8211; Nyborg &#x1f3c1; 199 km <a href=\"https:\/\/twitter.com\/hashtag\/TDF2022?src=hash&amp;ref_src=twsrc%5Etfw\">#TDF2022<\/a><\/p>\n<p>&#x1f4a8; Watch out for the crosswinds on the 18 exposed kilometres just before the finish.<\/p>\n<p>&#x1f4a8; Attention aux bordures sur les 18 km expos\u00e9s au vent au dessus de la mer juste avant l&rsquo;arriv\u00e9e !<\/p>\n<p>&#x1f4f8; Evan Hemmingsen <a href=\"https:\/\/t.co\/mmDIqalV8D\">pic.twitter.com\/mmDIqalV8D<\/a><\/p>\n<p>\u2014 Tour de France&#x2122; (@LeTour) <a href=\"https:\/\/twitter.com\/LeTour\/status\/1448599137050578947?ref_src=twsrc%5Etfw\">October 14, 2021<\/a><\/p><\/blockquote>\n<p><script async src=\"https:\/\/platform.twitter.com\/widgets.js\" charset=\"utf-8\"><\/script><\/p>\n<h2 style=\"text-align: justify;\">\u00c9tape 5 : Lille &#8211; Wallers Arenberg, l&rsquo;Enfer du Nord est de retour<\/h2>\n<p style=\"text-align: justify;\">La derni\u00e8re arriv\u00e9e sur les pav\u00e9s du Nord \u00e9tait pass\u00e9e un peu au second plan de l&rsquo;actualit\u00e9. Le 15 juillet 2018, <strong>John Degenkolb<\/strong> s&rsquo;imposait \u00e0 Roubaix tandis que la France remportait sa deuxi\u00e8me Coupe du monde de football le soir-m\u00eame. Cette fois, pas de Coupe du monde pour venir occulter le passage du <strong>Tour de France 2022<\/strong> sur l&rsquo;un des lieux les plus mythiques du cyclisme mondial. Entre <strong>Lille<\/strong> et <strong>Wallers-Arenberg<\/strong>, le peloton va probablement se fragmenter et s&rsquo;\u00e9parpiller fa\u00e7on puzzle sur les 11 secteurs pav\u00e9s. 5 seront in\u00e9dits, Paris-Roubaix compris. Spectacle garanti.<\/p>\n<blockquote class=\"twitter-tweet\">\n<p dir=\"ltr\" lang=\"fr\">&#x1f50e; Etape 5 \/ Stage 5 <a href=\"https:\/\/twitter.com\/hashtag\/TDF2022?src=hash&amp;ref_src=twsrc%5Etfw\">#TDF2022<\/a><\/p>\n<p>&#x25fb;&#x25fb;11 cobbled sectors in the last 75km<br \/>\n&#x1f4cf; Lengths ranging between 1.3 and 2.8km<br \/>\n&#x1f4c8; Total length : 19.4km<\/p>\n<p>&#x25fb;&#x25fb;11 secteurs pav\u00e9s dans les 75 derniers km.<br \/>\n&#x1f4cf; Longueur comprise entre 1,3 et 2,8 km<br \/>\n&#x1f4c8; Distance totale : 19,4 km <a href=\"https:\/\/t.co\/b2eJs75EAj\">pic.twitter.com\/b2eJs75EAj<\/a><\/p>\n<p>\u2014 Tour de France&#x2122; (@LeTour) <a href=\"https:\/\/twitter.com\/LeTour\/status\/1448599800010641408?ref_src=twsrc%5Etfw\">October 14, 2021<\/a><\/p><\/blockquote>\n<p><script async src=\"https:\/\/platform.twitter.com\/widgets.js\" charset=\"utf-8\"><\/script><\/p>\n<h2 style=\"text-align: justify;\">\u00c9tape 7 : Tomblaine &#8211; La (Super) Planche des Belles Filles, nouveau classique<\/h2>\n<p style=\"text-align: justify;\">En l&rsquo;espace de 10 ans, <strong>la Planche des Belles Filles<\/strong> est devenue une mont\u00e9e incontournable du Tour. Ce ne sont pas moins de 5 arriv\u00e9es qui y ont \u00e9t\u00e9 adjug\u00e9es depuis 2012 et la victoire d&rsquo;un certain <strong>Christopher Froome<\/strong>. Comme en 2012 justement, l&rsquo;\u00e9tape devrait relier <strong>Tomblaine<\/strong> \u00e0 la <strong>Planche<\/strong>. Cette fois pourtant, on ira jusqu&rsquo;en haut de la Planche, comme en 2019, avec une derni\u00e8re rampe \u00e0 24 %, le tout sur un chemin gravel.<\/p>\n<p style=\"text-align: justify;\">Est-il besoin de rappeler que la <strong>Planche des Belles Filles<\/strong> a plusieurs fois \u00e9t\u00e9 un lieu d\u00e9cisif dans la bataille pour le maillot jaune ? R\u00e9cemment, l&rsquo;illustration la plus embl\u00e9matique serait bien s\u00fbr la victoire de <strong>Tadej Pogacar<\/strong> dans le contre-la-montre de la p\u00e9nulti\u00e8me \u00e9tape du Tour 2020. Une victoire au sommet qui lui avait permis de ravir le maillot jaune \u00e0 son compatriote <strong>Primoz Roglic<\/strong> et inaugurait son doubl\u00e9 \u00e0 venir sur le <strong>Tour de France<\/strong>. Cette ann\u00e9e, <strong>la Planche<\/strong> devrait \u00e9videmment cr\u00e9er de nouveau des \u00e9carts. Mais ils ne devraient pas \u00eatre d\u00e9cisifs pour la victoire finale. Il restera aux malheureux du jour de quoi se refaire la cerise plus tard dans les Alpes ou les Pyr\u00e9n\u00e9es.<\/p>\n<blockquote class=\"twitter-tweet\">\n<p dir=\"ltr\" lang=\"fr\">&#x1f50e; Etape 7 \/ Stage 7 <a href=\"https:\/\/twitter.com\/hashtag\/TDF2022?src=hash&amp;ref_src=twsrc%5Etfw\">#TDF2022<\/a><\/p>\n<p>&#x26f0; La Super Planche des Belles Filles:<\/p>\n<p>&#x1f4c8; 7 km, 8.7%<br \/>\n&#x1f6b4;&#x200d;&#x2640;&#xfe0f; A climb that the women will also be taking on a few days later!<\/p>\n<p>&#x1f4c8; 7 km, 8,7%<br \/>\n&#x1f6b4;&#x200d;&#x2640;&#xfe0f; Une ascension que retrouveront les coureuses du <a href=\"https:\/\/twitter.com\/hashtag\/TDFF?src=hash&amp;ref_src=twsrc%5Etfw\">#TDFF<\/a> quelques jours plus tard ! <a href=\"https:\/\/t.co\/1h29L67FKG\">pic.twitter.com\/1h29L67FKG<\/a><\/p>\n<p>\u2014 Tour de France&#x2122; (@LeTour) <a href=\"https:\/\/twitter.com\/LeTour\/status\/1448600415323541509?ref_src=twsrc%5Etfw\">October 14, 2021<\/a><\/p><\/blockquote>\n<p><script async src=\"https:\/\/platform.twitter.com\/widgets.js\" charset=\"utf-8\"><\/script><\/p>\n<h2 style=\"text-align: justify;\">\u00c9tape 11 : Albertville &#8211; Col du Granon, le record du Tour de France 2022<\/h2>\n<p style=\"text-align: justify;\">C&rsquo;\u00e9tait l&rsquo;\u00e9tape la plus haute qui est jamais arriv\u00e9e sur un Tour. En 1986, <strong>Bernard Hinault<\/strong> portait pour la derni\u00e8re fois le maillot jaune et le Tour atteignait donc des altitudes jamais \u00e9gal\u00e9es. Sur le <strong>Tour de France 2022<\/strong>, on \u00e9galera donc le record.<\/p>\n<p style=\"text-align: justify;\">Au menu de cette journ\u00e9e qui pourrait multiplier les qualificatifs en -esque, <strong>le T\u00e9l\u00e9graphe, le Galibier <\/strong>et <strong>le Granon<\/strong>. Rien que \u00e7a. 149 kilom\u00e8tres que les leaders du classement g\u00e9n\u00e9ral cocheront forc\u00e9ment sur leur carnet de route. L&rsquo;encha\u00eenement des trois cols va faire mal.<\/p>\n<blockquote class=\"twitter-tweet\">\n<p dir=\"ltr\" lang=\"fr\">Etape 11 \/ Stage 11<br \/>\n&#x1f6a9; <a href=\"https:\/\/twitter.com\/Albertville_fr?ref_src=twsrc%5Etfw\">@Albertville_fr<\/a> &#8211; Col du Granon &#x1f3c1; 149 km <a href=\"https:\/\/twitter.com\/hashtag\/TDF2022?src=hash&amp;ref_src=twsrc%5Etfw\">#TDF2022<\/a><\/p>\n<p>&#x26f0; An unmissable date for the Yellow Jersey candidates!<\/p>\n<p>&#x26f0;Un rendez-vous obligatoire pour les candidats au <a href=\"https:\/\/twitter.com\/MaillotjauneLCL?ref_src=twsrc%5Etfw\">@MaillotjauneLCL<\/a> ! <a href=\"https:\/\/t.co\/qKE0ans58P\">pic.twitter.com\/qKE0ans58P<\/a><\/p>\n<p>\u2014 Tour de France&#x2122; (@LeTour) <a href=\"https:\/\/twitter.com\/LeTour\/status\/1448601734054649858?ref_src=twsrc%5Etfw\">October 14, 2021<\/a><\/p><\/blockquote>\n<p><script async src=\"https:\/\/platform.twitter.com\/widgets.js\" charset=\"utf-8\"><\/script><\/p>\n<h2 style=\"text-align: justify;\">\u00c9tape 12 : Brian\u00e7on &#8211; Alpe d&rsquo;Huez, l&rsquo;\u00e9tape cocorico<\/h2>\n<p style=\"text-align: justify;\">Il y a beaucoup de choses \u00e0 dire sur cette \u00e9tape qui est la r\u00e9plique de celle du Tour 1986 (encore lui) au cours duquel <strong>LeMond<\/strong> et <strong>Hinault<\/strong> (toujours lui) avaient fini main dans la main. Pour la photo, et pour Bernard Tapie.<\/p>\n<p style=\"text-align: justify;\">Le 14 juillet 2022, il y a fort \u00e0 parier que deux leaders du classement g\u00e9n\u00e9ral et deux l\u00e9gendes du cyclisme ne se tiendront pas la main \u00e0 l&rsquo;arriv\u00e9e. Pour autant, il y aura du spectacle avec cet encha\u00eenement <strong>Croix de Fer<\/strong> et <strong>Alpe d&rsquo;Huez<\/strong>. Ce sera l&rsquo;\u00e9tape avec le d\u00e9nivel\u00e9 le plus important, 4750 m\u00e8tres. Surtout, ce sera l&rsquo;\u00e9tape du 14 juillet, forc\u00e9ment donc une \u00e9tape scrut\u00e9e et une victoire de prestige. Surtout si celui qui l\u00e8ve les bras \u00e0 l&rsquo;arriv\u00e9e est Fran\u00e7ais.<\/p>\n<blockquote class=\"twitter-tweet\">\n<p dir=\"ltr\" lang=\"fr\">Etape 12 \/ Stage 12<br \/>\n&#x1f6a9; <a href=\"https:\/\/twitter.com\/VilleBriancon?ref_src=twsrc%5Etfw\">@VilleBriancon<\/a> &#8211; <a href=\"https:\/\/twitter.com\/alpedhuez?ref_src=twsrc%5Etfw\">@alpedhuez<\/a> &#x1f3c1; 166 km <a href=\"https:\/\/twitter.com\/hashtag\/TDF2022?src=hash&amp;ref_src=twsrc%5Etfw\">#TDF2022<\/a><\/p>\n<p>&#x26f0; The French climbers will be eager to shine on Bastille Day<\/p>\n<p>&#x26f0; Les grimpeurs fran\u00e7ais voudront briller en ce jour de f\u00eate nationale ! <a href=\"https:\/\/t.co\/QoC3K7TSWZ\">pic.twitter.com\/QoC3K7TSWZ<\/a><\/p>\n<p>\u2014 Tour de France&#x2122; (@LeTour) <a href=\"https:\/\/twitter.com\/LeTour\/status\/1448601905723236353?ref_src=twsrc%5Etfw\">October 14, 2021<\/a><\/p><\/blockquote>\n<p><script async src=\"https:\/\/platform.twitter.com\/widgets.js\" charset=\"utf-8\"><\/script><\/p>\n<h2 style=\"text-align: justify;\">\u00c9tape 18 : Lourdes &#8211; Hautacam, la course des miracles<\/h2>\n<p style=\"text-align: justify;\">Cette ann\u00e9e, le <strong>Tour de France<\/strong> ne s&rsquo;attardera pas dans les Pyr\u00e9n\u00e9es. Pour autant, le programme choisi est coriace. La 17\u00e8me \u00e9tape aura reli\u00e9 <strong>Saint-Gaudens<\/strong> \u00e0 <strong>Peyragudes<\/strong> et grimp\u00e9 <strong>Aspin, la Hourquette d&rsquo;Ancizan, Val Louron-Azet <\/strong>et<strong> Peyragudes<\/strong> et son altiport donc.<\/p>\n<p style=\"text-align: justify;\">Lors de la 18\u00e8me, le programme n&rsquo;en est pas moins dense avec une nouvelle \u00e9tape relativement courte de 143 kilom\u00e8tres. Il faudra tout de m\u00eame venir \u00e0 bout d&rsquo;<strong>Aubisque<\/strong>, <strong>Spandelles<\/strong> et d&rsquo;<strong>Hautacam<\/strong>. Et l\u00e0, attention aux \u00e9carts. Dans ce Tour ultra-montagneux et caboss\u00e9, les leaders ne devront pas se faire d\u00e9cramponner. Les organismes seront fatigu\u00e9s, il faudra suivre les attaques et les provoquer aussi. L&rsquo;\u00e9tape sera sans aucun doute la plus importante de ce Tour avec celle qui vient.<\/p>\n<blockquote class=\"twitter-tweet\">\n<p dir=\"ltr\" lang=\"fr\">Etape 18 \/ Stage 18<br \/>\n&#x1f6a9;Lourdes &#8211; Hautacam &#x1f3c1; 143 km <a href=\"https:\/\/twitter.com\/hashtag\/TDF2022?src=hash&amp;ref_src=twsrc%5Etfw\">#TDF2022<\/a><\/p>\n<p>&#x1f4aa; A final chance in the mountains, no weakness allowed!<\/p>\n<p>&#x1f4aa;Derni\u00e8re explication au sommet, d\u00e9faillance interdite ! <a href=\"https:\/\/t.co\/yNnZLk6t59\">pic.twitter.com\/yNnZLk6t59<\/a><\/p>\n<p>\u2014 Tour de France&#x2122; (@LeTour) <a href=\"https:\/\/twitter.com\/LeTour\/status\/1448604072437854213?ref_src=twsrc%5Etfw\">October 14, 2021<\/a><\/p><\/blockquote>\n<p><script async src=\"https:\/\/platform.twitter.com\/widgets.js\" charset=\"utf-8\"><\/script><\/p>\n<p>&nbsp;<\/p>\n<h2 style=\"text-align: justify;\">\u00c9tape 20 : Lacapelle-Marival &#8211; Rocamadour, la grande explication du Tour de France 2022<\/h2>\n<p style=\"text-align: justify;\"><strong>Christian Prudhomme<\/strong> nous a concoct\u00e9 un petit chrono de derri\u00e8re les fagots comme il en a la sp\u00e9cialit\u00e9. La veille de l&rsquo;arriv\u00e9e sur les Champs, les costauds au classement g\u00e9n\u00e9ral figeront les places d&rsquo;honneur ou les feront bouger.<\/p>\n<p style=\"text-align: justify;\">Entre <strong>Lacapelle-Marival<\/strong> et <strong>Rocamadour<\/strong>, le contre-la-montre sera sans aucun doute d\u00e9cisif. Le parcours sera accident\u00e9 et les deux derni\u00e8res mont\u00e9es sans \u00eatre infernales seront s\u00e9lectives. La derni\u00e8re en particulier qui grimpera pendant 1,5 kilom\u00e8tres \u00e0 7% de moyenne. Il faudra du punch pour y marquer les esprits et esp\u00e9rer grapiller des secondes au classement g\u00e9n\u00e9ral. Le\u00a0soir du 23 juillet, \u00e0 Rocamadour, nous saurons qui aura remport\u00e9 le <strong>Tour de France 2022<\/strong>.<\/p>\n<blockquote class=\"twitter-tweet\">\n<p dir=\"ltr\" lang=\"fr\">&#x1f50e; Etape 20 \/ Stage 20 <a href=\"https:\/\/twitter.com\/hashtag\/TDF2022?src=hash&amp;ref_src=twsrc%5Etfw\">#TDF2022<\/a><\/p>\n<p>&#x23f1; You&rsquo;ll need to manage your effort to clear the 2 climbs at the end of the route<\/p>\n<p>&#x23f1;Il faudra g\u00e9rer son effort pour bien passer les 2 c\u00f4tes de la fin de parcours.<\/p>\n<p>&#x1f4c8; C\u00f4te de Mag\u00e8s (1,6 km, 4,7%)<br \/>\n&#x1f4c8; C\u00f4te de l&rsquo;Hospitalet (1,5km, 7%) <a href=\"https:\/\/t.co\/JuHxhAUKMi\">pic.twitter.com\/JuHxhAUKMi<\/a><\/p>\n<p>\u2014 Tour de France&#x2122; (@LeTour) <a href=\"https:\/\/twitter.com\/LeTour\/status\/1448604462273208322?ref_src=twsrc%5Etfw\">October 14, 2021<\/a><\/p><\/blockquote>\n<p><script async src=\"https:\/\/platform.twitter.com\/widgets.js\" charset=\"utf-8\"><\/script><\/p>\n<ul>\n<li style=\"text-align: justify;\"><strong>\u00c0 lire aussi &#8211; <a href=\"https:\/\/dicodusport.fr\/blog\/tour-de-france-2022-les-chiffres-a-retenir\/\">Les chiffres du parcours du Tour de France 2022<\/a><\/strong><\/li>\n<\/ul>\n","protected":false},"excerpt":{"rendered":"<p>TOUR DE FRANCE 2022 &#8211; ASO et Christian Prudhomme ont pr\u00e9sent\u00e9 ce jeudi midi le parcours du Tour de France 2022. La r\u00e9daction de Dicodusport vous propose d&rsquo;en analyser les \u00e9tapes cl\u00e9s.<\/p>\n","protected":false},"author":40,"featured_media":173186,"comment_status":"open","ping_status":"closed","sticky":false,"template":"","format":"standard","meta":{"_acf_changed":false,"_daextam_enable_autolinks":"","footnotes":""},"categories":[46994,46995],"tags":[574,1262],"class_list":["post-173084","post","type-post","status-publish","format-standard","has-post-thumbnail","hentry","category-cyclisme-sur-route","category-tour-de-france","tag-cyclisme","tag-tour-de-france"],"acf":[],"yoast_head":"<!-- This site is optimized with the Yoast SEO Premium plugin v26.7 (Yoast SEO v26.7) - https:\/\/yoast.com\/wordpress\/plugins\/seo\/ -->\n<title>Les \u00e9tapes cl\u00e9s du Tour de France 2022<\/title>\n<meta name=\"description\" content=\"ASO et Christian Prudhomme ont pr\u00e9sent\u00e9 ce midi au Palais des Congr\u00e8s de Paris le parcours du Tour de France 2022. En voici les \u00e9tapes majeures.\" \/>\n<meta name=\"robots\" content=\"index, follow, max-snippet:-1, max-image-preview:large, max-video-preview:-1\" \/>\n<link rel=\"canonical\" href=\"https:\/\/dicodusport.fr\/blog\/les-etapes-cles-du-tour-de-france-2022\/\" \/>\n<meta property=\"og:locale\" content=\"fr_FR\" \/>\n<meta property=\"og:type\" content=\"article\" \/>\n<meta property=\"og:title\" content=\"Les \u00e9tapes cl\u00e9s du Tour de France 2022\" \/>\n<meta property=\"og:description\" content=\"ASO et Christian Prudhomme ont pr\u00e9sent\u00e9 ce midi au Palais des Congr\u00e8s de Paris le parcours du Tour de France 2022. En voici les \u00e9tapes majeures.\" \/>\n<meta property=\"og:url\" content=\"https:\/\/dicodusport.fr\/blog\/les-etapes-cles-du-tour-de-france-2022\/\" \/>\n<meta property=\"og:site_name\" content=\"Dicodusport\" \/>\n<meta property=\"article:publisher\" content=\"https:\/\/www.facebook.com\/dicodusport\" \/>\n<meta property=\"article:published_time\" content=\"2021-10-14T15:25:59+00:00\" \/>\n<meta property=\"article:modified_time\" content=\"2022-01-06T10:08:06+00:00\" \/>\n<meta property=\"og:image\" content=\"https:\/\/dicodusport.fr\/blog\/wp-content\/uploads\/2021\/10\/Les-etapes-cles-du-Tour-de-France-2022.png\" \/>\n\t<meta property=\"og:image:width\" content=\"800\" \/>\n\t<meta property=\"og:image:height\" content=\"445\" \/>\n\t<meta property=\"og:image:type\" content=\"image\/png\" \/>\n<meta name=\"author\" content=\"Jordane Mougenot-Pelletier\" \/>\n<meta name=\"twitter:card\" content=\"summary_large_image\" \/>\n<meta name=\"twitter:title\" content=\"Les \u00e9tapes cl\u00e9s du Tour de France 2022\" \/>\n<meta name=\"twitter:creator\" content=\"@https:\/\/twitter.com\/jmp_pmj\" \/>\n<meta name=\"twitter:site\" content=\"@dicodusport\" \/>\n<script type=\"application\/ld+json\" class=\"yoast-schema-graph\">{\"@context\":\"https:\/\/schema.org\",\"@graph\":[{\"@type\":\"NewsArticle\",\"@id\":\"https:\/\/dicodusport.fr\/blog\/les-etapes-cles-du-tour-de-france-2022\/#article\",\"isPartOf\":{\"@id\":\"https:\/\/dicodusport.fr\/blog\/les-etapes-cles-du-tour-de-france-2022\/\"},\"author\":{\"name\":\"Jordane Mougenot-Pelletier\",\"@id\":\"https:\/\/dicodusport.fr\/blog\/#\/schema\/person\/20a73cde459581e727623fffec174040\"},\"headline\":\"Les \u00e9tapes cl\u00e9s du Tour de France 2022\",\"datePublished\":\"2021-10-14T15:25:59+00:00\",\"dateModified\":\"2022-01-06T10:08:06+00:00\",\"mainEntityOfPage\":{\"@id\":\"https:\/\/dicodusport.fr\/blog\/les-etapes-cles-du-tour-de-france-2022\/\"},\"wordCount\":1515,\"commentCount\":0,\"publisher\":{\"@id\":\"https:\/\/dicodusport.fr\/blog\/#organization\"},\"image\":{\"@id\":\"https:\/\/dicodusport.fr\/blog\/les-etapes-cles-du-tour-de-france-2022\/#primaryimage\"},\"thumbnailUrl\":\"https:\/\/dicodusport.fr\/blog\/wp-content\/uploads\/2021\/10\/Les-etapes-cles-du-Tour-de-France-2022.png\",\"keywords\":[\"Cyclisme\",\"Tour de France\"],\"articleSection\":[\"Cyclisme sur route\",\"Tour de France\"],\"inLanguage\":\"fr-FR\",\"potentialAction\":[{\"@type\":\"CommentAction\",\"name\":\"Comment\",\"target\":[\"https:\/\/dicodusport.fr\/blog\/les-etapes-cles-du-tour-de-france-2022\/#respond\"]}],\"copyrightYear\":\"2021\",\"copyrightHolder\":{\"@id\":\"https:\/\/dicodusport.fr\/blog\/#organization\"}},{\"@type\":\"WebPage\",\"@id\":\"https:\/\/dicodusport.fr\/blog\/les-etapes-cles-du-tour-de-france-2022\/\",\"url\":\"https:\/\/dicodusport.fr\/blog\/les-etapes-cles-du-tour-de-france-2022\/\",\"name\":\"Les \u00e9tapes cl\u00e9s du Tour de France 2022\",\"isPartOf\":{\"@id\":\"https:\/\/dicodusport.fr\/blog\/#website\"},\"primaryImageOfPage\":{\"@id\":\"https:\/\/dicodusport.fr\/blog\/les-etapes-cles-du-tour-de-france-2022\/#primaryimage\"},\"image\":{\"@id\":\"https:\/\/dicodusport.fr\/blog\/les-etapes-cles-du-tour-de-france-2022\/#primaryimage\"},\"thumbnailUrl\":\"https:\/\/dicodusport.fr\/blog\/wp-content\/uploads\/2021\/10\/Les-etapes-cles-du-Tour-de-France-2022.png\",\"datePublished\":\"2021-10-14T15:25:59+00:00\",\"dateModified\":\"2022-01-06T10:08:06+00:00\",\"description\":\"ASO et Christian Prudhomme ont pr\u00e9sent\u00e9 ce midi au Palais des Congr\u00e8s de Paris le parcours du Tour de France 2022. En voici les \u00e9tapes majeures.\",\"breadcrumb\":{\"@id\":\"https:\/\/dicodusport.fr\/blog\/les-etapes-cles-du-tour-de-france-2022\/#breadcrumb\"},\"inLanguage\":\"fr-FR\",\"potentialAction\":[{\"@type\":\"ReadAction\",\"target\":[\"https:\/\/dicodusport.fr\/blog\/les-etapes-cles-du-tour-de-france-2022\/\"]}]},{\"@type\":\"ImageObject\",\"inLanguage\":\"fr-FR\",\"@id\":\"https:\/\/dicodusport.fr\/blog\/les-etapes-cles-du-tour-de-france-2022\/#primaryimage\",\"url\":\"https:\/\/dicodusport.fr\/blog\/wp-content\/uploads\/2021\/10\/Les-etapes-cles-du-Tour-de-France-2022.png\",\"contentUrl\":\"https:\/\/dicodusport.fr\/blog\/wp-content\/uploads\/2021\/10\/Les-etapes-cles-du-Tour-de-France-2022.png\",\"width\":800,\"height\":445,\"caption\":\"Les \u00e9tapes cl\u00e9s du Tour de France 2022\"},{\"@type\":\"BreadcrumbList\",\"@id\":\"https:\/\/dicodusport.fr\/blog\/les-etapes-cles-du-tour-de-france-2022\/#breadcrumb\",\"itemListElement\":[{\"@type\":\"ListItem\",\"position\":1,\"name\":\"Accueil\",\"item\":\"https:\/\/dicodusport.fr\/blog\/\"},{\"@type\":\"ListItem\",\"position\":2,\"name\":\"Les \u00e9tapes cl\u00e9s du Tour de France 2022\"}]},{\"@type\":\"WebSite\",\"@id\":\"https:\/\/dicodusport.fr\/blog\/#website\",\"url\":\"https:\/\/dicodusport.fr\/blog\/\",\"name\":\"Dicodusport\",\"description\":\"L&#039;encyclop\u00e9die de l&#039;actualit\u00e9 sportive\",\"publisher\":{\"@id\":\"https:\/\/dicodusport.fr\/blog\/#organization\"},\"potentialAction\":[{\"@type\":\"SearchAction\",\"target\":{\"@type\":\"EntryPoint\",\"urlTemplate\":\"https:\/\/dicodusport.fr\/blog\/?s={search_term_string}\"},\"query-input\":{\"@type\":\"PropertyValueSpecification\",\"valueRequired\":true,\"valueName\":\"search_term_string\"}}],\"inLanguage\":\"fr-FR\"},{\"@type\":\"NewsMediaOrganization\",\"@id\":\"https:\/\/dicodusport.fr\/blog\/#organization\",\"name\":\"Dicodusport\",\"url\":\"https:\/\/dicodusport.fr\/blog\/\",\"logo\":{\"@type\":\"ImageObject\",\"inLanguage\":\"fr-FR\",\"@id\":\"https:\/\/dicodusport.fr\/blog\/#\/schema\/logo\/image\/\",\"url\":\"https:\/\/dicodusport.fr\/blog\/wp-content\/uploads\/2020\/06\/cropped-LOGO-DICODUSPORT-2020-SANS-FOND-SANS-TEXTE.png\",\"contentUrl\":\"https:\/\/dicodusport.fr\/blog\/wp-content\/uploads\/2020\/06\/cropped-LOGO-DICODUSPORT-2020-SANS-FOND-SANS-TEXTE.png\",\"width\":512,\"height\":512,\"caption\":\"Dicodusport\"},\"image\":{\"@id\":\"https:\/\/dicodusport.fr\/blog\/#\/schema\/logo\/image\/\"},\"sameAs\":[\"https:\/\/www.facebook.com\/dicodusport\",\"https:\/\/x.com\/dicodusport\",\"https:\/\/www.instagram.com\/dicodusport\/\",\"https:\/\/www.youtube.com\/channel\/UC7V2KZ5sd3htJivAbA4ZG3w\"],\"description\":\"Dicodusport est l'encyclop\u00e9die de l'actualit\u00e9 sportive.\",\"email\":\"bonjour@dicodusport.fr\",\"legalName\":\"DICODUSPORT\",\"foundingDate\":\"2018-01-14\",\"vatID\":\"FR71834470973\",\"taxID\":\"83447097300043\",\"numberOfEmployees\":{\"@type\":\"QuantitativeValue\",\"minValue\":\"1\",\"maxValue\":\"10\"}},{\"@type\":\"Person\",\"@id\":\"https:\/\/dicodusport.fr\/blog\/#\/schema\/person\/20a73cde459581e727623fffec174040\",\"name\":\"Jordane Mougenot-Pelletier\",\"image\":{\"@type\":\"ImageObject\",\"inLanguage\":\"fr-FR\",\"@id\":\"https:\/\/dicodusport.fr\/blog\/#\/schema\/person\/image\/\",\"url\":\"https:\/\/dicodusport.fr\/blog\/wp-content\/uploads\/2021\/05\/Jordane-MP-150x150.jpg\",\"contentUrl\":\"https:\/\/dicodusport.fr\/blog\/wp-content\/uploads\/2021\/05\/Jordane-MP-150x150.jpg\",\"caption\":\"Jordane Mougenot-Pelletier\"},\"description\":\"Journaliste\/r\u00e9dacteur depuis mai 2018 - Dans mon sang coule \u00e0 la fois le feu des penne \u00e0 l'arrabiata et la glace du Grand Colombier. Amoureux des belles lettres et des Talking Heads, je supporte un club olympique. Int\u00e9ress\u00e9 par les relations qu'entretient le sport avec la soci\u00e9t\u00e9, je m'int\u00e9resse autant \u00e0 Marc C\u00e9cillon qu'\u00e0 Pep Guardiola, \u00e0 Tonya Harding qu'\u00e0 Philipp Roth. Enfant des 90's, on ne me fera pas croire qu'il y a eu plus beau \u00e0 voir depuis Zin\u00e9dine Zidane, Marco Pantani et Pete Sampras. La b\u00e9chamel est une invention du diable, la Super Ligue aussi.\",\"sameAs\":[\"https:\/\/x.com\/https:\/\/twitter.com\/jmp_pmj\"],\"url\":\"https:\/\/dicodusport.fr\/blog\/author\/jordane\/\"}]}<\/script>\n<!-- \/ Yoast SEO Premium plugin. -->","yoast_head_json":{"title":"Les \u00e9tapes cl\u00e9s du Tour de France 2022","description":"ASO et Christian Prudhomme ont pr\u00e9sent\u00e9 ce midi au Palais des Congr\u00e8s de Paris le parcours du Tour de France 2022. En voici les \u00e9tapes majeures.","robots":{"index":"index","follow":"follow","max-snippet":"max-snippet:-1","max-image-preview":"max-image-preview:large","max-video-preview":"max-video-preview:-1"},"canonical":"https:\/\/dicodusport.fr\/blog\/les-etapes-cles-du-tour-de-france-2022\/","og_locale":"fr_FR","og_type":"article","og_title":"Les \u00e9tapes cl\u00e9s du Tour de France 2022","og_description":"ASO et Christian Prudhomme ont pr\u00e9sent\u00e9 ce midi au Palais des Congr\u00e8s de Paris le parcours du Tour de France 2022. En voici les \u00e9tapes majeures.","og_url":"https:\/\/dicodusport.fr\/blog\/les-etapes-cles-du-tour-de-france-2022\/","og_site_name":"Dicodusport","article_publisher":"https:\/\/www.facebook.com\/dicodusport","article_published_time":"2021-10-14T15:25:59+00:00","article_modified_time":"2022-01-06T10:08:06+00:00","og_image":[{"width":800,"height":445,"url":"https:\/\/dicodusport.fr\/blog\/wp-content\/uploads\/2021\/10\/Les-etapes-cles-du-Tour-de-France-2022.png","type":"image\/png"}],"author":"Jordane Mougenot-Pelletier","twitter_card":"summary_large_image","twitter_title":"Les \u00e9tapes cl\u00e9s du Tour de France 2022","twitter_creator":"@https:\/\/twitter.com\/jmp_pmj","twitter_site":"@dicodusport","schema":{"@context":"https:\/\/schema.org","@graph":[{"@type":"NewsArticle","@id":"https:\/\/dicodusport.fr\/blog\/les-etapes-cles-du-tour-de-france-2022\/#article","isPartOf":{"@id":"https:\/\/dicodusport.fr\/blog\/les-etapes-cles-du-tour-de-france-2022\/"},"author":{"name":"Jordane Mougenot-Pelletier","@id":"https:\/\/dicodusport.fr\/blog\/#\/schema\/person\/20a73cde459581e727623fffec174040"},"headline":"Les \u00e9tapes cl\u00e9s du Tour de France 2022","datePublished":"2021-10-14T15:25:59+00:00","dateModified":"2022-01-06T10:08:06+00:00","mainEntityOfPage":{"@id":"https:\/\/dicodusport.fr\/blog\/les-etapes-cles-du-tour-de-france-2022\/"},"wordCount":1515,"commentCount":0,"publisher":{"@id":"https:\/\/dicodusport.fr\/blog\/#organization"},"image":{"@id":"https:\/\/dicodusport.fr\/blog\/les-etapes-cles-du-tour-de-france-2022\/#primaryimage"},"thumbnailUrl":"https:\/\/dicodusport.fr\/blog\/wp-content\/uploads\/2021\/10\/Les-etapes-cles-du-Tour-de-France-2022.png","keywords":["Cyclisme","Tour de France"],"articleSection":["Cyclisme sur route","Tour de France"],"inLanguage":"fr-FR","potentialAction":[{"@type":"CommentAction","name":"Comment","target":["https:\/\/dicodusport.fr\/blog\/les-etapes-cles-du-tour-de-france-2022\/#respond"]}],"copyrightYear":"2021","copyrightHolder":{"@id":"https:\/\/dicodusport.fr\/blog\/#organization"}},{"@type":"WebPage","@id":"https:\/\/dicodusport.fr\/blog\/les-etapes-cles-du-tour-de-france-2022\/","url":"https:\/\/dicodusport.fr\/blog\/les-etapes-cles-du-tour-de-france-2022\/","name":"Les \u00e9tapes cl\u00e9s du Tour de France 2022","isPartOf":{"@id":"https:\/\/dicodusport.fr\/blog\/#website"},"primaryImageOfPage":{"@id":"https:\/\/dicodusport.fr\/blog\/les-etapes-cles-du-tour-de-france-2022\/#primaryimage"},"image":{"@id":"https:\/\/dicodusport.fr\/blog\/les-etapes-cles-du-tour-de-france-2022\/#primaryimage"},"thumbnailUrl":"https:\/\/dicodusport.fr\/blog\/wp-content\/uploads\/2021\/10\/Les-etapes-cles-du-Tour-de-France-2022.png","datePublished":"2021-10-14T15:25:59+00:00","dateModified":"2022-01-06T10:08:06+00:00","description":"ASO et Christian Prudhomme ont pr\u00e9sent\u00e9 ce midi au Palais des Congr\u00e8s de Paris le parcours du Tour de France 2022. En voici les \u00e9tapes majeures.","breadcrumb":{"@id":"https:\/\/dicodusport.fr\/blog\/les-etapes-cles-du-tour-de-france-2022\/#breadcrumb"},"inLanguage":"fr-FR","potentialAction":[{"@type":"ReadAction","target":["https:\/\/dicodusport.fr\/blog\/les-etapes-cles-du-tour-de-france-2022\/"]}]},{"@type":"ImageObject","inLanguage":"fr-FR","@id":"https:\/\/dicodusport.fr\/blog\/les-etapes-cles-du-tour-de-france-2022\/#primaryimage","url":"https:\/\/dicodusport.fr\/blog\/wp-content\/uploads\/2021\/10\/Les-etapes-cles-du-Tour-de-France-2022.png","contentUrl":"https:\/\/dicodusport.fr\/blog\/wp-content\/uploads\/2021\/10\/Les-etapes-cles-du-Tour-de-France-2022.png","width":800,"height":445,"caption":"Les \u00e9tapes cl\u00e9s du Tour de France 2022"},{"@type":"BreadcrumbList","@id":"https:\/\/dicodusport.fr\/blog\/les-etapes-cles-du-tour-de-france-2022\/#breadcrumb","itemListElement":[{"@type":"ListItem","position":1,"name":"Accueil","item":"https:\/\/dicodusport.fr\/blog\/"},{"@type":"ListItem","position":2,"name":"Les \u00e9tapes cl\u00e9s du Tour de France 2022"}]},{"@type":"WebSite","@id":"https:\/\/dicodusport.fr\/blog\/#website","url":"https:\/\/dicodusport.fr\/blog\/","name":"Dicodusport","description":"L&#039;encyclop\u00e9die de l&#039;actualit\u00e9 sportive","publisher":{"@id":"https:\/\/dicodusport.fr\/blog\/#organization"},"potentialAction":[{"@type":"SearchAction","target":{"@type":"EntryPoint","urlTemplate":"https:\/\/dicodusport.fr\/blog\/?s={search_term_string}"},"query-input":{"@type":"PropertyValueSpecification","valueRequired":true,"valueName":"search_term_string"}}],"inLanguage":"fr-FR"},{"@type":"NewsMediaOrganization","@id":"https:\/\/dicodusport.fr\/blog\/#organization","name":"Dicodusport","url":"https:\/\/dicodusport.fr\/blog\/","logo":{"@type":"ImageObject","inLanguage":"fr-FR","@id":"https:\/\/dicodusport.fr\/blog\/#\/schema\/logo\/image\/","url":"https:\/\/dicodusport.fr\/blog\/wp-content\/uploads\/2020\/06\/cropped-LOGO-DICODUSPORT-2020-SANS-FOND-SANS-TEXTE.png","contentUrl":"https:\/\/dicodusport.fr\/blog\/wp-content\/uploads\/2020\/06\/cropped-LOGO-DICODUSPORT-2020-SANS-FOND-SANS-TEXTE.png","width":512,"height":512,"caption":"Dicodusport"},"image":{"@id":"https:\/\/dicodusport.fr\/blog\/#\/schema\/logo\/image\/"},"sameAs":["https:\/\/www.facebook.com\/dicodusport","https:\/\/x.com\/dicodusport","https:\/\/www.instagram.com\/dicodusport\/","https:\/\/www.youtube.com\/channel\/UC7V2KZ5sd3htJivAbA4ZG3w"],"description":"Dicodusport est l'encyclop\u00e9die de l'actualit\u00e9 sportive.","email":"bonjour@dicodusport.fr","legalName":"DICODUSPORT","foundingDate":"2018-01-14","vatID":"FR71834470973","taxID":"83447097300043","numberOfEmployees":{"@type":"QuantitativeValue","minValue":"1","maxValue":"10"}},{"@type":"Person","@id":"https:\/\/dicodusport.fr\/blog\/#\/schema\/person\/20a73cde459581e727623fffec174040","name":"Jordane Mougenot-Pelletier","image":{"@type":"ImageObject","inLanguage":"fr-FR","@id":"https:\/\/dicodusport.fr\/blog\/#\/schema\/person\/image\/","url":"https:\/\/dicodusport.fr\/blog\/wp-content\/uploads\/2021\/05\/Jordane-MP-150x150.jpg","contentUrl":"https:\/\/dicodusport.fr\/blog\/wp-content\/uploads\/2021\/05\/Jordane-MP-150x150.jpg","caption":"Jordane Mougenot-Pelletier"},"description":"Journaliste\/r\u00e9dacteur depuis mai 2018 - Dans mon sang coule \u00e0 la fois le feu des penne \u00e0 l'arrabiata et la glace du Grand Colombier. Amoureux des belles lettres et des Talking Heads, je supporte un club olympique. Int\u00e9ress\u00e9 par les relations qu'entretient le sport avec la soci\u00e9t\u00e9, je m'int\u00e9resse autant \u00e0 Marc C\u00e9cillon qu'\u00e0 Pep Guardiola, \u00e0 Tonya Harding qu'\u00e0 Philipp Roth. Enfant des 90's, on ne me fera pas croire qu'il y a eu plus beau \u00e0 voir depuis Zin\u00e9dine Zidane, Marco Pantani et Pete Sampras. La b\u00e9chamel est une invention du diable, la Super Ligue aussi.","sameAs":["https:\/\/x.com\/https:\/\/twitter.com\/jmp_pmj"],"url":"https:\/\/dicodusport.fr\/blog\/author\/jordane\/"}]}},"_links":{"self":[{"href":"https:\/\/dicodusport.fr\/blog\/wp-json\/wp\/v2\/posts\/173084","targetHints":{"allow":["GET"]}}],"collection":[{"href":"https:\/\/dicodusport.fr\/blog\/wp-json\/wp\/v2\/posts"}],"about":[{"href":"https:\/\/dicodusport.fr\/blog\/wp-json\/wp\/v2\/types\/post"}],"author":[{"embeddable":true,"href":"https:\/\/dicodusport.fr\/blog\/wp-json\/wp\/v2\/users\/40"}],"replies":[{"embeddable":true,"href":"https:\/\/dicodusport.fr\/blog\/wp-json\/wp\/v2\/comments?post=173084"}],"version-history":[{"count":0,"href":"https:\/\/dicodusport.fr\/blog\/wp-json\/wp\/v2\/posts\/173084\/revisions"}],"wp:featuredmedia":[{"embeddable":true,"href":"https:\/\/dicodusport.fr\/blog\/wp-json\/wp\/v2\/media\/173186"}],"wp:attachment":[{"href":"https:\/\/dicodusport.fr\/blog\/wp-json\/wp\/v2\/media?parent=173084"}],"wp:term":[{"taxonomy":"category","embeddable":true,"href":"https:\/\/dicodusport.fr\/blog\/wp-json\/wp\/v2\/categories?post=173084"},{"taxonomy":"post_tag","embeddable":true,"href":"https:\/\/dicodusport.fr\/blog\/wp-json\/wp\/v2\/tags?post=173084"}],"curies":[{"name":"wp","href":"https:\/\/api.w.org\/{rel}","templated":true}]}}