{"id":173291,"date":"2021-10-15T12:43:30","date_gmt":"2021-10-15T10:43:30","guid":{"rendered":"https:\/\/dicodusport.fr\/blog\/?p=173291&#038;preview=true&#038;preview_id=173291"},"modified":"2021-10-15T14:51:57","modified_gmt":"2021-10-15T12:51:57","slug":"retour-chez-astana-pour-miguel-angel-lopez","status":"publish","type":"post","link":"https:\/\/dicodusport.fr\/blog\/retour-chez-astana-pour-miguel-angel-lopez\/","title":{"rendered":"Retour chez Astana pour Miguel Angel Lopez"},"content":{"rendered":"<p style=\"text-align: justify;\"><strong><em>TRANSFERTS &#8211; Apr\u00e8s une ann\u00e9e 2021 qui s&rsquo;est mal termin\u00e9e avec son \u00e9quipe de la Movistar, le grimpeur de 27 ans, Miguel Angez Lopez, retourne chez Astana o\u00f9 il a effectu\u00e9 ses d\u00e9buts professionnels en World Tour.<\/em><\/strong><\/p>\n<p style=\"text-align: justify;\">C&rsquo;est d\u00e9sormais officiel, <strong>Miguel Angel Lopez<\/strong> quitte <strong>Movistar<\/strong> pour retourner chez <strong>Astana<\/strong>. Cette rupture de contrat anticip\u00e9e entam\u00e9e par l&rsquo;\u00e9quipe espagnole est notamment apr\u00e8s l&rsquo;\u00e9pisode de la <strong>20\u00e8me \u00e9tape de la derni\u00e8re Vuelta<\/strong>.<\/p>\n<h2 style=\"text-align: justify;\">L&rsquo;\u00e9pisode de la 20\u00e8me \u00e9tape de la Vuelta 2021<\/h2>\n<p style=\"text-align: justify;\">Au d\u00e9but du Tour d&rsquo;Espagne, tout se passe bien pour l&rsquo;\u00e9quipe d&rsquo;<strong>Eusebio Unzu\u00e9<\/strong> qui voit ses deux leaders, <strong>Enric Mas<\/strong>, et <strong>Miguel Angel Lopez<\/strong>, vainqueur de la 18\u00e8me \u00e9tape, sur le podium derri\u00e8re<strong> Primoz Roglic<\/strong>. Cependant, lors de l&rsquo;avant-derni\u00e8re \u00e9tape, <strong>Jack Haig<\/strong> place une attaque et emm\u00e8ne dans sa roue plusieurs favoris, tels que <strong>Roglic<\/strong> ou <strong>Mas<\/strong>. <strong>Miguel Angel Lopez<\/strong> ne peut pas suivre et est bloqu\u00e9 dans ce groupe de retard\u00e9s avec notamment <strong>Egan Bernal.<\/strong> Seul \u00e0 mener la chasse derri\u00e8re le groupe de favoris, le groupe <strong>Bernal\/Lopez<\/strong> perd rapidement quatre minutes sur le premier groupe. En col\u00e8re, \u00e9nerv\u00e9, d\u00e9sabus\u00e9, conscient de perdre sa place sur le podium de la <strong>Vuelta<\/strong>, <a href=\"https:\/\/dicodusport.fr\/blog\/miguel-angel-lopez-le-debut-de-la-fin-chez-movistar\/\"><em>Superman<\/em> finit par abandonner en plein milieu<\/a> de l&rsquo;\u00e9tape malgr\u00e9 les tentatives de ses co\u00e9quipiers tels qu&rsquo;<strong>Erviti<\/strong> ou <strong>Rojas<\/strong> de le remotiver.<\/p>\n<p style=\"text-align: justify;\">Cette affaire a fait grandement pol\u00e9mique en Espagne, la <strong>Movistar<\/strong> s&rsquo;est sentie insult\u00e9e par <strong>Miguel Angel Lopez<\/strong>, estimant qu&rsquo;il n&rsquo;avait pas respect\u00e9 l&rsquo;esprit d&rsquo;\u00e9quipe et les sponsors qui paient en partie son salaire de cycliste. En septembre dernier, lors d&rsquo;une interview, le patron de la <strong>Movistar<\/strong>, <strong>Eusebio Unzu\u00e9,<\/strong> a \u00e9voqu\u00e9 le fait que la formation espagnole pourrait rompre le contrat du colombien.<\/p>\n<blockquote class=\"twitter-tweet\">\n<p dir=\"ltr\" lang=\"fr\">Apr\u00e8s une saison avec Movistar, qui s&rsquo;est termin\u00e9e par une rupture \u00e0 l&rsquo;amiable \u00e0 l&rsquo;issue de la Vuelta, Miguel Angel Lopez (27 ans, &#x1f1e8;&#x1f1f4;) s&rsquo;est engag\u00e9 pour 2 ans avec Astana. \u00ab\u00a0Superman\u00a0\u00bb retrouve son ancienne \u00e9quipe, o\u00f9 il \u00e9tait pass\u00e9 pro en 2015. <a href=\"https:\/\/twitter.com\/hashtag\/Mercato?src=hash&amp;ref_src=twsrc%5Etfw\">#Mercato<\/a> <a href=\"https:\/\/t.co\/bDJKyG4IAQ\">pic.twitter.com\/bDJKyG4IAQ<\/a><\/p>\n<p>\u2014 Le Gruppetto (@LeGruppetto) <a href=\"https:\/\/twitter.com\/LeGruppetto\/status\/1448930006781018112?ref_src=twsrc%5Etfw\">October 15, 2021<\/a><\/p><\/blockquote>\n<p><script async src=\"https:\/\/platform.twitter.com\/widgets.js\" charset=\"utf-8\"><\/script><\/p>\n<h2 style=\"text-align: justify;\">Retour aux sources<\/h2>\n<p style=\"text-align: justify;\">Un mois plus tard, c&rsquo;est chose faite. Le Colombien retourne dans la formation kazakhe, qui lui a permis d&rsquo;effectuer ses d\u00e9buts professionnels. En effet, apr\u00e8s sa victoire sur le <strong>Tour de l&rsquo;Avenir en 2014<\/strong>, le cycliste colombien est recrut\u00e9 par l&rsquo;\u00e9quipe <strong>Astana<\/strong>, o\u00f9 il disputera 5 saisons en World Tour avec des coureurs de renomm\u00e9e mondiale comme <strong>Jakob Fulgsang<\/strong>.\u00a0<strong>Miguel Angez Lopez<\/strong> s&rsquo;est dit satisfait de ce retour dans une \u00e9quipe qu&rsquo;il conna\u00eet bien.<\/p>\n<blockquote>\n<p style=\"text-align: justify;\">Je reviens \u00e0 la maison. Dans le monde du cyclisme professionnel, un coureur qui veut avancer doit parfois changer d&rsquo;air afin de d\u00e9couvrir une nouvelle exp\u00e9rience. Je retourne dans la maison qui m&rsquo;a tant donn\u00e9, avec laquelle nous pouvons vivre beaucoup de moments merveilleux.<\/p>\n<\/blockquote>\n<p style=\"text-align: justify;\">Le directeur g\u00e9n\u00e9ral d&rsquo;Astana, <strong>Alexandr Vinokourov<\/strong>, est ravi de ce recrutement effectu\u00e9 par la formation kazakhe.<\/p>\n<blockquote>\n<p style=\"text-align: justify;\">Superman est un coureur qui a grandi, plus m\u00fbr et qui a r\u00e9alis\u00e9 ses plus grands succ\u00e8s dans notre \u00e9quipe. Je suis donc tr\u00e8s content de le voir revenir chez nous. Il a prouv\u00e9 sur cette derni\u00e8re Vuelta qu&rsquo;il \u00e9tait un des coureurs les plus forts au monde, en encha\u00eenant des grosses performances, donc c&rsquo;est juste formidable pour Astana qu&rsquo;il poursuive sa carri\u00e8re chez nous.<\/p>\n<\/blockquote>\n<p style=\"text-align: justify;\">C&rsquo;est une nouvelle recrue pour l&rsquo;\u00e9quipe kazakhe, qui change de strat\u00e9gie cet \u00e9t\u00e9 en se montrant tr\u00e8s active sur le march\u00e9 des transferts. <strong>Fulgsang, Houle, Vlasov, Izagirre, Aranburu, Fraile <\/strong>ou<strong> Luis Leon Sanchez<\/strong> rejoindront de nouvelles \u00e9quipes l&rsquo;an prochain, tandis que des coureurs exp\u00e9riment\u00e9s tels que <strong>Gianni Moscon <\/strong>ou<strong> Vincenzo Nibali<\/strong> rejoindront quant \u00e0 eux la formation kazakhe pour 2022.<\/p>\n<blockquote class=\"twitter-tweet\">\n<p dir=\"ltr\" lang=\"en\">&#x1f9b8;&#x200d;&#x2642;&#xfe0f; Miguel Angel Lopez is set to return to Astana Qazaqstan Team for two seasons<\/p>\n<p>&#x1f399;&#xfe0f;\u00a0\u00bbComing back to the Astana team is a return home\u00a0\u00bb, &#8211; <a href=\"https:\/\/twitter.com\/SupermanlopezN?ref_src=twsrc%5Etfw\">@SupermanlopezN<\/a><\/p>\n<p>&#x1f4f0;&#x1f449; <a href=\"https:\/\/t.co\/pNioWZ61nV\">https:\/\/t.co\/pNioWZ61nV<\/a><a href=\"https:\/\/twitter.com\/hashtag\/AstanaQazaqstanTeam?src=hash&amp;ref_src=twsrc%5Etfw\">#AstanaQazaqstanTeam<\/a><\/p>\n<p>&#x1f4f8; <a href=\"https:\/\/twitter.com\/GettySport?ref_src=twsrc%5Etfw\">@GettySport<\/a> <a href=\"https:\/\/t.co\/BOn4o5dWZo\">pic.twitter.com\/BOn4o5dWZo<\/a><\/p>\n<p>\u2014 Astana \u2013 Premier Tech (@AstanaPremTech) <a href=\"https:\/\/twitter.com\/AstanaPremTech\/status\/1448930007980593154?ref_src=twsrc%5Etfw\">October 15, 2021<\/a><\/p><\/blockquote>\n<p><script async src=\"https:\/\/platform.twitter.com\/widgets.js\" charset=\"utf-8\"><\/script><\/p>\n","protected":false},"excerpt":{"rendered":"<p>TRANSFERTS &#8211; Apr\u00e8s une ann\u00e9e 2021 qui s&rsquo;est mal termin\u00e9e avec son \u00e9quipe de la Movistar, le grimpeur de 27 ans, Miguel Angez Lopez, retourne chez Astana o\u00f9 il a effectu\u00e9 ses d\u00e9buts professionnels en World Tour.<\/p>\n","protected":false},"author":42,"featured_media":173303,"comment_status":"open","ping_status":"closed","sticky":false,"template":"","format":"standard","meta":{"_acf_changed":false,"_daextam_enable_autolinks":"","footnotes":""},"categories":[2307],"tags":[6891,11931,5354],"class_list":["post-173291","post","type-post","status-publish","format-standard","has-post-thumbnail","hentry","category-cyclisme","tag-astana","tag-miguel-angel-lopez","tag-movistar"],"acf":[],"yoast_head":"<!-- This site is optimized with the Yoast SEO Premium plugin v26.7 (Yoast SEO v26.7) - https:\/\/yoast.com\/wordpress\/plugins\/seo\/ -->\n<title>Retour chez Astana pour Miguel Angel Lopez<\/title>\n<meta name=\"description\" content=\"Apr\u00e8s l&#039;\u00e9pisode de la derni\u00e8re Vuelta, Movistar a rompu le contrat de Miguel Angel Lopez, qui rebondit chez Astana pour 2022.\" \/>\n<meta name=\"robots\" content=\"index, follow, max-snippet:-1, max-image-preview:large, max-video-preview:-1\" \/>\n<link rel=\"canonical\" href=\"https:\/\/dicodusport.fr\/blog\/retour-chez-astana-pour-miguel-angel-lopez\/\" \/>\n<meta property=\"og:locale\" content=\"fr_FR\" \/>\n<meta property=\"og:type\" content=\"article\" \/>\n<meta property=\"og:title\" content=\"Retour chez Astana pour Miguel Angel Lopez\" \/>\n<meta property=\"og:description\" content=\"Apr\u00e8s l&#039;\u00e9pisode de la derni\u00e8re Vuelta, Movistar a rompu le contrat de Miguel Angel Lopez, qui rebondit chez Astana pour 2022.\" \/>\n<meta property=\"og:url\" content=\"https:\/\/dicodusport.fr\/blog\/retour-chez-astana-pour-miguel-angel-lopez\/\" \/>\n<meta property=\"og:site_name\" content=\"Dicodusport\" \/>\n<meta property=\"article:publisher\" content=\"https:\/\/www.facebook.com\/dicodusport\" \/>\n<meta property=\"article:published_time\" content=\"2021-10-15T10:43:30+00:00\" \/>\n<meta property=\"article:modified_time\" content=\"2021-10-15T12:51:57+00:00\" \/>\n<meta property=\"og:image\" content=\"https:\/\/dicodusport.fr\/blog\/wp-content\/uploads\/2021\/10\/Retour-chez-Astana-pour-Miguel-Angel-Lopez.png\" \/>\n\t<meta property=\"og:image:width\" content=\"800\" \/>\n\t<meta property=\"og:image:height\" content=\"445\" \/>\n\t<meta property=\"og:image:type\" content=\"image\/png\" \/>\n<meta name=\"author\" content=\"Nicolas Mezine\" \/>\n<meta name=\"twitter:card\" content=\"summary_large_image\" \/>\n<meta name=\"twitter:title\" content=\"Retour chez Astana pour Miguel Angel Lopez\" \/>\n<meta name=\"twitter:creator\" content=\"@https:\/\/twitter.com\/Lbiji13\" \/>\n<meta name=\"twitter:site\" content=\"@dicodusport\" \/>\n<script type=\"application\/ld+json\" class=\"yoast-schema-graph\">{\"@context\":\"https:\/\/schema.org\",\"@graph\":[{\"@type\":\"NewsArticle\",\"@id\":\"https:\/\/dicodusport.fr\/blog\/retour-chez-astana-pour-miguel-angel-lopez\/#article\",\"isPartOf\":{\"@id\":\"https:\/\/dicodusport.fr\/blog\/retour-chez-astana-pour-miguel-angel-lopez\/\"},\"author\":{\"name\":\"Nicolas Mezine\",\"@id\":\"https:\/\/dicodusport.fr\/blog\/#\/schema\/person\/99fcf31b3ee0d51fed53ade78139bbbf\"},\"headline\":\"Retour chez Astana pour Miguel Angel Lopez\",\"datePublished\":\"2021-10-15T10:43:30+00:00\",\"dateModified\":\"2021-10-15T12:51:57+00:00\",\"mainEntityOfPage\":{\"@id\":\"https:\/\/dicodusport.fr\/blog\/retour-chez-astana-pour-miguel-angel-lopez\/\"},\"wordCount\":730,\"commentCount\":0,\"publisher\":{\"@id\":\"https:\/\/dicodusport.fr\/blog\/#organization\"},\"image\":{\"@id\":\"https:\/\/dicodusport.fr\/blog\/retour-chez-astana-pour-miguel-angel-lopez\/#primaryimage\"},\"thumbnailUrl\":\"https:\/\/dicodusport.fr\/blog\/wp-content\/uploads\/2021\/10\/Retour-chez-Astana-pour-Miguel-Angel-Lopez.png\",\"keywords\":[\"Astana\",\"Miguel Angel Lopez\",\"Movistar\"],\"articleSection\":[\"Cyclisme\"],\"inLanguage\":\"fr-FR\",\"potentialAction\":[{\"@type\":\"CommentAction\",\"name\":\"Comment\",\"target\":[\"https:\/\/dicodusport.fr\/blog\/retour-chez-astana-pour-miguel-angel-lopez\/#respond\"]}],\"copyrightYear\":\"2021\",\"copyrightHolder\":{\"@id\":\"https:\/\/dicodusport.fr\/blog\/#organization\"}},{\"@type\":\"WebPage\",\"@id\":\"https:\/\/dicodusport.fr\/blog\/retour-chez-astana-pour-miguel-angel-lopez\/\",\"url\":\"https:\/\/dicodusport.fr\/blog\/retour-chez-astana-pour-miguel-angel-lopez\/\",\"name\":\"Retour chez Astana pour Miguel Angel Lopez\",\"isPartOf\":{\"@id\":\"https:\/\/dicodusport.fr\/blog\/#website\"},\"primaryImageOfPage\":{\"@id\":\"https:\/\/dicodusport.fr\/blog\/retour-chez-astana-pour-miguel-angel-lopez\/#primaryimage\"},\"image\":{\"@id\":\"https:\/\/dicodusport.fr\/blog\/retour-chez-astana-pour-miguel-angel-lopez\/#primaryimage\"},\"thumbnailUrl\":\"https:\/\/dicodusport.fr\/blog\/wp-content\/uploads\/2021\/10\/Retour-chez-Astana-pour-Miguel-Angel-Lopez.png\",\"datePublished\":\"2021-10-15T10:43:30+00:00\",\"dateModified\":\"2021-10-15T12:51:57+00:00\",\"description\":\"Apr\u00e8s l'\u00e9pisode de la derni\u00e8re Vuelta, Movistar a rompu le contrat de Miguel Angel Lopez, qui rebondit chez Astana pour 2022.\",\"breadcrumb\":{\"@id\":\"https:\/\/dicodusport.fr\/blog\/retour-chez-astana-pour-miguel-angel-lopez\/#breadcrumb\"},\"inLanguage\":\"fr-FR\",\"potentialAction\":[{\"@type\":\"ReadAction\",\"target\":[\"https:\/\/dicodusport.fr\/blog\/retour-chez-astana-pour-miguel-angel-lopez\/\"]}]},{\"@type\":\"ImageObject\",\"inLanguage\":\"fr-FR\",\"@id\":\"https:\/\/dicodusport.fr\/blog\/retour-chez-astana-pour-miguel-angel-lopez\/#primaryimage\",\"url\":\"https:\/\/dicodusport.fr\/blog\/wp-content\/uploads\/2021\/10\/Retour-chez-Astana-pour-Miguel-Angel-Lopez.png\",\"contentUrl\":\"https:\/\/dicodusport.fr\/blog\/wp-content\/uploads\/2021\/10\/Retour-chez-Astana-pour-Miguel-Angel-Lopez.png\",\"width\":800,\"height\":445,\"caption\":\"Retour chez Astana pour Miguel Angel Lopez\"},{\"@type\":\"BreadcrumbList\",\"@id\":\"https:\/\/dicodusport.fr\/blog\/retour-chez-astana-pour-miguel-angel-lopez\/#breadcrumb\",\"itemListElement\":[{\"@type\":\"ListItem\",\"position\":1,\"name\":\"Accueil\",\"item\":\"https:\/\/dicodusport.fr\/blog\/\"},{\"@type\":\"ListItem\",\"position\":2,\"name\":\"Retour chez Astana pour Miguel Angel Lopez\"}]},{\"@type\":\"WebSite\",\"@id\":\"https:\/\/dicodusport.fr\/blog\/#website\",\"url\":\"https:\/\/dicodusport.fr\/blog\/\",\"name\":\"Dicodusport\",\"description\":\"L&#039;encyclop\u00e9die de l&#039;actualit\u00e9 sportive\",\"publisher\":{\"@id\":\"https:\/\/dicodusport.fr\/blog\/#organization\"},\"potentialAction\":[{\"@type\":\"SearchAction\",\"target\":{\"@type\":\"EntryPoint\",\"urlTemplate\":\"https:\/\/dicodusport.fr\/blog\/?s={search_term_string}\"},\"query-input\":{\"@type\":\"PropertyValueSpecification\",\"valueRequired\":true,\"valueName\":\"search_term_string\"}}],\"inLanguage\":\"fr-FR\"},{\"@type\":\"NewsMediaOrganization\",\"@id\":\"https:\/\/dicodusport.fr\/blog\/#organization\",\"name\":\"Dicodusport\",\"url\":\"https:\/\/dicodusport.fr\/blog\/\",\"logo\":{\"@type\":\"ImageObject\",\"inLanguage\":\"fr-FR\",\"@id\":\"https:\/\/dicodusport.fr\/blog\/#\/schema\/logo\/image\/\",\"url\":\"https:\/\/dicodusport.fr\/blog\/wp-content\/uploads\/2020\/06\/cropped-LOGO-DICODUSPORT-2020-SANS-FOND-SANS-TEXTE.png\",\"contentUrl\":\"https:\/\/dicodusport.fr\/blog\/wp-content\/uploads\/2020\/06\/cropped-LOGO-DICODUSPORT-2020-SANS-FOND-SANS-TEXTE.png\",\"width\":512,\"height\":512,\"caption\":\"Dicodusport\"},\"image\":{\"@id\":\"https:\/\/dicodusport.fr\/blog\/#\/schema\/logo\/image\/\"},\"sameAs\":[\"https:\/\/www.facebook.com\/dicodusport\",\"https:\/\/x.com\/dicodusport\",\"https:\/\/www.instagram.com\/dicodusport\/\",\"https:\/\/www.youtube.com\/channel\/UC7V2KZ5sd3htJivAbA4ZG3w\"],\"description\":\"Dicodusport est l'encyclop\u00e9die de l'actualit\u00e9 sportive.\",\"email\":\"bonjour@dicodusport.fr\",\"legalName\":\"DICODUSPORT\",\"foundingDate\":\"2018-01-14\",\"vatID\":\"FR71834470973\",\"taxID\":\"83447097300043\",\"numberOfEmployees\":{\"@type\":\"QuantitativeValue\",\"minValue\":\"1\",\"maxValue\":\"10\"}},{\"@type\":\"Person\",\"@id\":\"https:\/\/dicodusport.fr\/blog\/#\/schema\/person\/99fcf31b3ee0d51fed53ade78139bbbf\",\"name\":\"Nicolas Mezine\",\"image\":{\"@type\":\"ImageObject\",\"inLanguage\":\"fr-FR\",\"@id\":\"https:\/\/dicodusport.fr\/blog\/#\/schema\/person\/image\/\",\"url\":\"https:\/\/dicodusport.fr\/blog\/wp-content\/uploads\/2021\/09\/IMG_4655-e1631787111223-150x150.jpg\",\"contentUrl\":\"https:\/\/dicodusport.fr\/blog\/wp-content\/uploads\/2021\/09\/IMG_4655-e1631787111223-150x150.jpg\",\"caption\":\"Nicolas Mezine\"},\"description\":\"Passionn\u00e9 de sport, notamment de rugby dans toutes ses variantes (XV, XIII et VII). Fan du RC Toulon et de l'Olympique de Marseille.\",\"sameAs\":[\"https:\/\/www.linkedin.com\/in\/nicolas-mezine-521380160\/\",\"https:\/\/x.com\/https:\/\/twitter.com\/Lbiji13\"],\"url\":\"https:\/\/dicodusport.fr\/blog\/author\/nicolas-m\/\"}]}<\/script>\n<!-- \/ Yoast SEO Premium plugin. -->","yoast_head_json":{"title":"Retour chez Astana pour Miguel Angel Lopez","description":"Apr\u00e8s l'\u00e9pisode de la derni\u00e8re Vuelta, Movistar a rompu le contrat de Miguel Angel Lopez, qui rebondit chez Astana pour 2022.","robots":{"index":"index","follow":"follow","max-snippet":"max-snippet:-1","max-image-preview":"max-image-preview:large","max-video-preview":"max-video-preview:-1"},"canonical":"https:\/\/dicodusport.fr\/blog\/retour-chez-astana-pour-miguel-angel-lopez\/","og_locale":"fr_FR","og_type":"article","og_title":"Retour chez Astana pour Miguel Angel Lopez","og_description":"Apr\u00e8s l'\u00e9pisode de la derni\u00e8re Vuelta, Movistar a rompu le contrat de Miguel Angel Lopez, qui rebondit chez Astana pour 2022.","og_url":"https:\/\/dicodusport.fr\/blog\/retour-chez-astana-pour-miguel-angel-lopez\/","og_site_name":"Dicodusport","article_publisher":"https:\/\/www.facebook.com\/dicodusport","article_published_time":"2021-10-15T10:43:30+00:00","article_modified_time":"2021-10-15T12:51:57+00:00","og_image":[{"width":800,"height":445,"url":"https:\/\/dicodusport.fr\/blog\/wp-content\/uploads\/2021\/10\/Retour-chez-Astana-pour-Miguel-Angel-Lopez.png","type":"image\/png"}],"author":"Nicolas Mezine","twitter_card":"summary_large_image","twitter_title":"Retour chez Astana pour Miguel Angel Lopez","twitter_creator":"@https:\/\/twitter.com\/Lbiji13","twitter_site":"@dicodusport","schema":{"@context":"https:\/\/schema.org","@graph":[{"@type":"NewsArticle","@id":"https:\/\/dicodusport.fr\/blog\/retour-chez-astana-pour-miguel-angel-lopez\/#article","isPartOf":{"@id":"https:\/\/dicodusport.fr\/blog\/retour-chez-astana-pour-miguel-angel-lopez\/"},"author":{"name":"Nicolas Mezine","@id":"https:\/\/dicodusport.fr\/blog\/#\/schema\/person\/99fcf31b3ee0d51fed53ade78139bbbf"},"headline":"Retour chez Astana pour Miguel Angel Lopez","datePublished":"2021-10-15T10:43:30+00:00","dateModified":"2021-10-15T12:51:57+00:00","mainEntityOfPage":{"@id":"https:\/\/dicodusport.fr\/blog\/retour-chez-astana-pour-miguel-angel-lopez\/"},"wordCount":730,"commentCount":0,"publisher":{"@id":"https:\/\/dicodusport.fr\/blog\/#organization"},"image":{"@id":"https:\/\/dicodusport.fr\/blog\/retour-chez-astana-pour-miguel-angel-lopez\/#primaryimage"},"thumbnailUrl":"https:\/\/dicodusport.fr\/blog\/wp-content\/uploads\/2021\/10\/Retour-chez-Astana-pour-Miguel-Angel-Lopez.png","keywords":["Astana","Miguel Angel Lopez","Movistar"],"articleSection":["Cyclisme"],"inLanguage":"fr-FR","potentialAction":[{"@type":"CommentAction","name":"Comment","target":["https:\/\/dicodusport.fr\/blog\/retour-chez-astana-pour-miguel-angel-lopez\/#respond"]}],"copyrightYear":"2021","copyrightHolder":{"@id":"https:\/\/dicodusport.fr\/blog\/#organization"}},{"@type":"WebPage","@id":"https:\/\/dicodusport.fr\/blog\/retour-chez-astana-pour-miguel-angel-lopez\/","url":"https:\/\/dicodusport.fr\/blog\/retour-chez-astana-pour-miguel-angel-lopez\/","name":"Retour chez Astana pour Miguel Angel Lopez","isPartOf":{"@id":"https:\/\/dicodusport.fr\/blog\/#website"},"primaryImageOfPage":{"@id":"https:\/\/dicodusport.fr\/blog\/retour-chez-astana-pour-miguel-angel-lopez\/#primaryimage"},"image":{"@id":"https:\/\/dicodusport.fr\/blog\/retour-chez-astana-pour-miguel-angel-lopez\/#primaryimage"},"thumbnailUrl":"https:\/\/dicodusport.fr\/blog\/wp-content\/uploads\/2021\/10\/Retour-chez-Astana-pour-Miguel-Angel-Lopez.png","datePublished":"2021-10-15T10:43:30+00:00","dateModified":"2021-10-15T12:51:57+00:00","description":"Apr\u00e8s l'\u00e9pisode de la derni\u00e8re Vuelta, Movistar a rompu le contrat de Miguel Angel Lopez, qui rebondit chez Astana pour 2022.","breadcrumb":{"@id":"https:\/\/dicodusport.fr\/blog\/retour-chez-astana-pour-miguel-angel-lopez\/#breadcrumb"},"inLanguage":"fr-FR","potentialAction":[{"@type":"ReadAction","target":["https:\/\/dicodusport.fr\/blog\/retour-chez-astana-pour-miguel-angel-lopez\/"]}]},{"@type":"ImageObject","inLanguage":"fr-FR","@id":"https:\/\/dicodusport.fr\/blog\/retour-chez-astana-pour-miguel-angel-lopez\/#primaryimage","url":"https:\/\/dicodusport.fr\/blog\/wp-content\/uploads\/2021\/10\/Retour-chez-Astana-pour-Miguel-Angel-Lopez.png","contentUrl":"https:\/\/dicodusport.fr\/blog\/wp-content\/uploads\/2021\/10\/Retour-chez-Astana-pour-Miguel-Angel-Lopez.png","width":800,"height":445,"caption":"Retour chez Astana pour Miguel Angel Lopez"},{"@type":"BreadcrumbList","@id":"https:\/\/dicodusport.fr\/blog\/retour-chez-astana-pour-miguel-angel-lopez\/#breadcrumb","itemListElement":[{"@type":"ListItem","position":1,"name":"Accueil","item":"https:\/\/dicodusport.fr\/blog\/"},{"@type":"ListItem","position":2,"name":"Retour chez Astana pour Miguel Angel Lopez"}]},{"@type":"WebSite","@id":"https:\/\/dicodusport.fr\/blog\/#website","url":"https:\/\/dicodusport.fr\/blog\/","name":"Dicodusport","description":"L&#039;encyclop\u00e9die de l&#039;actualit\u00e9 sportive","publisher":{"@id":"https:\/\/dicodusport.fr\/blog\/#organization"},"potentialAction":[{"@type":"SearchAction","target":{"@type":"EntryPoint","urlTemplate":"https:\/\/dicodusport.fr\/blog\/?s={search_term_string}"},"query-input":{"@type":"PropertyValueSpecification","valueRequired":true,"valueName":"search_term_string"}}],"inLanguage":"fr-FR"},{"@type":"NewsMediaOrganization","@id":"https:\/\/dicodusport.fr\/blog\/#organization","name":"Dicodusport","url":"https:\/\/dicodusport.fr\/blog\/","logo":{"@type":"ImageObject","inLanguage":"fr-FR","@id":"https:\/\/dicodusport.fr\/blog\/#\/schema\/logo\/image\/","url":"https:\/\/dicodusport.fr\/blog\/wp-content\/uploads\/2020\/06\/cropped-LOGO-DICODUSPORT-2020-SANS-FOND-SANS-TEXTE.png","contentUrl":"https:\/\/dicodusport.fr\/blog\/wp-content\/uploads\/2020\/06\/cropped-LOGO-DICODUSPORT-2020-SANS-FOND-SANS-TEXTE.png","width":512,"height":512,"caption":"Dicodusport"},"image":{"@id":"https:\/\/dicodusport.fr\/blog\/#\/schema\/logo\/image\/"},"sameAs":["https:\/\/www.facebook.com\/dicodusport","https:\/\/x.com\/dicodusport","https:\/\/www.instagram.com\/dicodusport\/","https:\/\/www.youtube.com\/channel\/UC7V2KZ5sd3htJivAbA4ZG3w"],"description":"Dicodusport est l'encyclop\u00e9die de l'actualit\u00e9 sportive.","email":"bonjour@dicodusport.fr","legalName":"DICODUSPORT","foundingDate":"2018-01-14","vatID":"FR71834470973","taxID":"83447097300043","numberOfEmployees":{"@type":"QuantitativeValue","minValue":"1","maxValue":"10"}},{"@type":"Person","@id":"https:\/\/dicodusport.fr\/blog\/#\/schema\/person\/99fcf31b3ee0d51fed53ade78139bbbf","name":"Nicolas Mezine","image":{"@type":"ImageObject","inLanguage":"fr-FR","@id":"https:\/\/dicodusport.fr\/blog\/#\/schema\/person\/image\/","url":"https:\/\/dicodusport.fr\/blog\/wp-content\/uploads\/2021\/09\/IMG_4655-e1631787111223-150x150.jpg","contentUrl":"https:\/\/dicodusport.fr\/blog\/wp-content\/uploads\/2021\/09\/IMG_4655-e1631787111223-150x150.jpg","caption":"Nicolas Mezine"},"description":"Passionn\u00e9 de sport, notamment de rugby dans toutes ses variantes (XV, XIII et VII). Fan du RC Toulon et de l'Olympique de Marseille.","sameAs":["https:\/\/www.linkedin.com\/in\/nicolas-mezine-521380160\/","https:\/\/x.com\/https:\/\/twitter.com\/Lbiji13"],"url":"https:\/\/dicodusport.fr\/blog\/author\/nicolas-m\/"}]}},"_links":{"self":[{"href":"https:\/\/dicodusport.fr\/blog\/wp-json\/wp\/v2\/posts\/173291","targetHints":{"allow":["GET"]}}],"collection":[{"href":"https:\/\/dicodusport.fr\/blog\/wp-json\/wp\/v2\/posts"}],"about":[{"href":"https:\/\/dicodusport.fr\/blog\/wp-json\/wp\/v2\/types\/post"}],"author":[{"embeddable":true,"href":"https:\/\/dicodusport.fr\/blog\/wp-json\/wp\/v2\/users\/42"}],"replies":[{"embeddable":true,"href":"https:\/\/dicodusport.fr\/blog\/wp-json\/wp\/v2\/comments?post=173291"}],"version-history":[{"count":0,"href":"https:\/\/dicodusport.fr\/blog\/wp-json\/wp\/v2\/posts\/173291\/revisions"}],"wp:featuredmedia":[{"embeddable":true,"href":"https:\/\/dicodusport.fr\/blog\/wp-json\/wp\/v2\/media\/173303"}],"wp:attachment":[{"href":"https:\/\/dicodusport.fr\/blog\/wp-json\/wp\/v2\/media?parent=173291"}],"wp:term":[{"taxonomy":"category","embeddable":true,"href":"https:\/\/dicodusport.fr\/blog\/wp-json\/wp\/v2\/categories?post=173291"},{"taxonomy":"post_tag","embeddable":true,"href":"https:\/\/dicodusport.fr\/blog\/wp-json\/wp\/v2\/tags?post=173291"}],"curies":[{"name":"wp","href":"https:\/\/api.w.org\/{rel}","templated":true}]}}