{"id":173366,"date":"2021-10-16T08:59:41","date_gmt":"2021-10-16T06:59:41","guid":{"rendered":"https:\/\/dicodusport.fr\/blog\/?p=173366&#038;preview=true&#038;preview_id=173366"},"modified":"2021-10-16T09:08:49","modified_gmt":"2021-10-16T07:08:49","slug":"cyclisme-les-cyclistes-retraites-au-terme-de-la-saison-2021","status":"publish","type":"post","link":"https:\/\/dicodusport.fr\/blog\/cyclisme-les-cyclistes-retraites-au-terme-de-la-saison-2021\/","title":{"rendered":"Cyclisme sur route : Les cyclistes retrait\u00e9s au terme de la saison 2021"},"content":{"rendered":"<p style=\"text-align: justify;\"><em><b><a href=\"https:\/\/dicodusport.fr\/blog\/actualites\/cyclisme\/\">CYCLISME<\/a> &#8211; Comme chaque ann\u00e9e, le mois d&rsquo;octobre offre les derni\u00e8res courses de la saison et les ultimes coups de p\u00e9dale de plusieurs membres du peloton cycliste professionnel. Dan Martin, Fabio Aru, Andr\u00e9 Greipel, Tony Martin&#8230; nombreux sont les coureurs au palmar\u00e8s bien garni \u00e0 tirer leur r\u00e9v\u00e9rence en cette fin de saison 2021. Revue d&rsquo;effectif de l&rsquo;\u00e9quipe des n\u00e9o-retrait\u00e9s.<\/b><\/em><\/p>\n<h2 style=\"text-align: justify;\">Le peloton international perd plusieurs de ses figures embl\u00e9matiques<\/h2>\n<p style=\"text-align: justify;\">Dernier en date \u00e0 annoncer la fin de sa carri\u00e8re, <strong>Roman Kreuziger<\/strong>, vainqueur de l\u2019Amstel Gold Race en 2013 et fid\u00e8le lieutenant d\u2019Alberto Contador chez Tinkoff, vient s\u2019ajouter \u00e0 la liste des jeunes retrait\u00e9s du peloton professionnel. A ses c\u00f4t\u00e9s, d\u2019autres champions ont d\u00e9cid\u00e9 de tourner la page. <strong>Andr\u00e9 Greipel<\/strong>, 39 ans et 158 succ\u00e8s en carri\u00e8re, dont 11 sur le Tour de France et 18 sur le Tour Down Under, m\u00e8ne la troupe.<\/p>\n<p style=\"text-align: justify;\">Son compatriote <strong>Tony Martin<\/strong> et ses 4 titres de champion du monde de contre-la-montre fait de m\u00eame. Le meilleur rouleur du monde du d\u00e9but des ann\u00e9es 2010 a conclu en apoth\u00e9ose sa carri\u00e8re avec le titre mondial du relais mixte en Belgique le 22 septembre dernier.<\/p>\n<p style=\"text-align: justify;\">La plus haute marche du podium, <strong>Fabio Aru<\/strong> en a r\u00eav\u00e9 lui aussi. L\u2019Italien a jet\u00e9 ses derniers coups de p\u00e9dale sur le dernier Tour d\u2019Espagne pour y d\u00e9crocher une victoire, en vain. Vainqueur de la Vuelta en 2015, l\u2019Italien de 31 ans n\u2019aura finalement jamais su confirmer ce succ\u00e8s de prestige.<\/p>\n<blockquote class=\"twitter-tweet\">\n<p dir=\"ltr\" lang=\"en\">We are pleased to announce Roman Kreuziger as a new Sports Director for the 2022 season.<\/p>\n<p>Welcome <a href=\"https:\/\/twitter.com\/Roman86_K?ref_src=twsrc%5Etfw\">@Roman86_K<\/a> &#x1f64c;<a href=\"https:\/\/twitter.com\/hashtag\/RideAsOne?src=hash&amp;ref_src=twsrc%5Etfw\">#RideAsOne<\/a><\/p>\n<p>&#x1f5de;&#xfe0f; <a href=\"https:\/\/t.co\/Cio12cuIQY\">https:\/\/t.co\/Cio12cuIQY<\/a> <a href=\"https:\/\/t.co\/34ItR6Jjn3\">pic.twitter.com\/34ItR6Jjn3<\/a><\/p>\n<p>\u2014 Team Bahrain Victorious (@BHRVictorious) <a href=\"https:\/\/twitter.com\/BHRVictorious\/status\/1448975584449675272?ref_src=twsrc%5Etfw\">October 15, 2021<\/a><\/p><\/blockquote>\n<p><script async src=\"https:\/\/platform.twitter.com\/widgets.js\" charset=\"utf-8\"><\/script><\/p>\n<h2 style=\"text-align: justify;\">L\u2019Irlande orpheline de ses deux t\u00eates d\u2019affiche<\/h2>\n<p style=\"text-align: justify;\">Outre la Mannschaft, l\u2019Irlande perd \u00e9galement ses deux embl\u00e9matiques coureurs. <strong>Dan Martin<\/strong> tout d\u2019abord. Vainqueur d\u2019une \u00e9tape du Giro 2021, le puncheur a disput\u00e9 sa derni\u00e8re course professionnelle ce samedi sur le Tour de Lombardie. Epreuve qu\u2019il avait remport\u00e9e en 2014, tout comme, s&rsquo;il vous pla\u00eet, Li\u00e8ge-Bastogne-Li\u00e8ge en 2013.<\/p>\n<p style=\"text-align: justify;\">Plus r\u00e9cemment, son cousin, <strong>Nicolas Roche<\/strong>, le plus fran\u00e7ais des Irlandais, a annonc\u00e9 la fin de sa carri\u00e8re. Apr\u00e8s 18 saisons professionnelles, dont 9 au sein d\u2019\u00e9quipes fran\u00e7aises (Cofidis, Cr\u00e9dit-Agricole puis AG2R La Mondiale), le fils de Stephen Roche a disput\u00e9 sa derni\u00e8re course sur ses terres, lors du championnat d\u2019Irlande. Une belle et longue carri\u00e8re dont les principaux faits d\u2019armes resteront en Espagne. Deux victoires d\u2019\u00e9tapes sur la Vuelta en 2015 et 2013, et plus r\u00e9cemment, le port du maillot rouge de leader en 2019, pendant trois jours.<\/p>\n<p style=\"text-align: justify;\">Sans contrats pour la saison \u00e0 venir et \u00e2g\u00e9s respectivement de 37 et 38 ans, <strong>Niki Terpstra<\/strong> et <strong>Domenico Pozzovivo<\/strong> pourraient venir se rajouter \u00e0 la liste des n\u00e9o-retrait\u00e9s. R\u00e9ponse dans les jours \u00e0 venir.<\/p>\n<h2 style=\"text-align: justify;\">Ces co\u00e9quipiers mod\u00e8les fran\u00e7ais d\u00e9sormais retrait\u00e9s<\/h2>\n<p style=\"text-align: justify;\">C\u00f4t\u00e9 fran\u00e7ais, les palmar\u00e8s des jeunes retrait\u00e9s sont moins garnis que leurs homologues irlandais ou allemands, mais leur carri\u00e8re est tout aussi respectable. <strong>William Bonnet<\/strong> et <strong>Micka\u00ebl Delage<\/strong> auront \u00e9t\u00e9 des co\u00e9quipiers remarquables jusqu\u2019au bout chez Groupama-FDJ. Ancien pensionnaire de la formation de Marc Madiot, <strong>K\u00e9vin Reza<\/strong> raccroche \u00e9galement. Tout comme le coureur de classiques d\u2019AG2R Citro\u00ebn, <strong>Julien Duval<\/strong>.<\/p>\n<blockquote class=\"twitter-tweet\">\n<p dir=\"ltr\" lang=\"fr\">\u00ab\u00a0Ca me tenait \u00e0 coeur de faire ma derni\u00e8re course aux c\u00f4t\u00e9s de Thibaut\u00a0\u00bb &#x1f449; Une \u00e9motion particuli\u00e8re sur Milan-Turin, avec le dernier jour de comp\u00e9tition de la carri\u00e8re de William Bonnet. <a href=\"https:\/\/t.co\/SoYwBIXrk2\">pic.twitter.com\/SoYwBIXrk2<\/a><\/p>\n<p>\u2014 \u00c9quipe Cycliste Groupama-FDJ (@GroupamaFDJ) <a href=\"https:\/\/twitter.com\/GroupamaFDJ\/status\/1445684659212283912?ref_src=twsrc%5Etfw\">October 6, 2021<\/a><\/p><\/blockquote>\n<p><script async src=\"https:\/\/platform.twitter.com\/widgets.js\" charset=\"utf-8\"><\/script><\/p>\n<h2 style=\"text-align: justify;\">La liste des coureurs retrait\u00e9s en 2021<\/h2>\n<ul>\n<li style=\"text-align: justify;\">Fabio Aru<\/li>\n<li style=\"text-align: justify;\">Roman Kreuziger<\/li>\n<li style=\"text-align: justify;\">Petr Vakoc<\/li>\n<li style=\"text-align: justify;\">Daniel Martin<\/li>\n<li style=\"text-align: justify;\">Nicolas Roche<\/li>\n<li style=\"text-align: justify;\">Andr\u00e9 Greipel<\/li>\n<li style=\"text-align: justify;\">William Bonnet<\/li>\n<li style=\"text-align: justify;\">Mickael Delage<\/li>\n<li style=\"text-align: justify;\">Fabio Sabatini<\/li>\n<li style=\"text-align: justify;\">Bert De Backer<\/li>\n<li style=\"text-align: justify;\">Romain Sicard<\/li>\n<li style=\"text-align: justify;\">Julien Duval<\/li>\n<li style=\"text-align: justify;\">Ben Gastauer<\/li>\n<li style=\"text-align: justify;\">Mathias Frank<\/li>\n<li style=\"text-align: justify;\">Marcel Sieberg<\/li>\n<li style=\"text-align: justify;\">Andreas Schillinger<\/li>\n<li style=\"text-align: justify;\">Mitchell Docker<\/li>\n<li style=\"text-align: justify;\">Moreno Hofland<\/li>\n<li style=\"text-align: justify;\">Tejay Van Garderen<\/li>\n<li style=\"text-align: justify;\">Michal Golas<\/li>\n<li style=\"text-align: justify;\">Tony Martin<\/li>\n<li style=\"text-align: justify;\">Paul Martens<\/li>\n<li style=\"text-align: justify;\">Tomasz Marczynski<\/li>\n<li style=\"text-align: justify;\">Ludwig de Winter<\/li>\n<li style=\"text-align: justify;\">Brent Bookwalter<\/li>\n<li style=\"text-align: justify;\">Koen de Kort<\/li>\n<li style=\"text-align: justify;\">Kiel Reijnen<\/li>\n<li style=\"text-align: justify;\">Marco Marcato<\/li>\n<li style=\"text-align: justify;\">Fred Backaert<\/li>\n<li style=\"text-align: justify;\">Kevin Reza<\/li>\n<li style=\"text-align: justify;\">Manuel Belletti<\/li>\n<\/ul>\n<hr \/>\n<ul>\n<li style=\"text-align: justify;\"><strong>\u00c0 lire aussi &#8211; <a href=\"https:\/\/dicodusport.fr\/blog\/cyclisme-transferts-2021-2022-tableau-mercato\/\">Le tableau des transferts 2022<\/a><\/strong><\/li>\n<\/ul>\n","protected":false},"excerpt":{"rendered":"<p>CYCLISME &#8211; Comme chaque ann\u00e9e, le mois d&rsquo;octobre offre les derni\u00e8res courses de la saison et les ultimes coups de p\u00e9dale de plusieurs membres du peloton cycliste professionnel. Dan Martin, Fabio Aru, Andr\u00e9 Greipel, Tony Martin&#8230; nombreux sont les coureurs au palmar\u00e8s bien garni \u00e0 tirer leur r\u00e9v\u00e9rence en cette fin de saison 2021. Revue d&rsquo;effectif de l&rsquo;\u00e9quipe des n\u00e9o-retrait\u00e9s.<\/p>\n","protected":false},"author":60,"featured_media":173444,"comment_status":"open","ping_status":"closed","sticky":false,"template":"","format":"standard","meta":{"_acf_changed":false,"_daextam_enable_autolinks":"","footnotes":""},"categories":[2307],"tags":[574,3043,24,10855],"class_list":["post-173366","post","type-post","status-publish","format-standard","has-post-thumbnail","hentry","category-cyclisme","tag-cyclisme","tag-retraite","tag-sport","tag-uci-worldteam"],"acf":[],"yoast_head":"<!-- This site is optimized with the Yoast SEO Premium plugin v26.7 (Yoast SEO v26.7) - https:\/\/yoast.com\/wordpress\/plugins\/seo\/ -->\n<title>Cyclisme sur route : Les cyclistes retrait\u00e9s au terme de la saison 2021<\/title>\n<meta name=\"description\" content=\"CYCLISME : Les cyclistes retrait\u00e9s au terme de la saison 2021. Liste des coureurs qui mettent un terme \u00e0 leur carri\u00e8re professionnelle.\" \/>\n<meta name=\"robots\" content=\"index, follow, max-snippet:-1, max-image-preview:large, max-video-preview:-1\" \/>\n<link rel=\"canonical\" href=\"https:\/\/dicodusport.fr\/blog\/cyclisme-les-cyclistes-retraites-au-terme-de-la-saison-2021\/\" \/>\n<meta property=\"og:locale\" content=\"fr_FR\" \/>\n<meta property=\"og:type\" content=\"article\" \/>\n<meta property=\"og:title\" content=\"Cyclisme sur route : Les cyclistes retrait\u00e9s au terme de la saison 2021\" \/>\n<meta property=\"og:description\" content=\"CYCLISME : Les cyclistes retrait\u00e9s au terme de la saison 2021. Liste des coureurs qui mettent un terme \u00e0 leur carri\u00e8re professionnelle.\" \/>\n<meta property=\"og:url\" content=\"https:\/\/dicodusport.fr\/blog\/cyclisme-les-cyclistes-retraites-au-terme-de-la-saison-2021\/\" \/>\n<meta property=\"og:site_name\" content=\"Dicodusport\" \/>\n<meta property=\"article:publisher\" content=\"https:\/\/www.facebook.com\/dicodusport\" \/>\n<meta property=\"article:published_time\" content=\"2021-10-16T06:59:41+00:00\" \/>\n<meta property=\"article:modified_time\" content=\"2021-10-16T07:08:49+00:00\" \/>\n<meta property=\"og:image\" content=\"https:\/\/dicodusport.fr\/blog\/wp-content\/uploads\/2021\/10\/Cyclisme-sur-route-Les-cyclistes-retraites-au-terme-de-la-saison-2021.png\" \/>\n\t<meta property=\"og:image:width\" content=\"800\" \/>\n\t<meta property=\"og:image:height\" content=\"445\" \/>\n\t<meta property=\"og:image:type\" content=\"image\/png\" \/>\n<meta name=\"author\" content=\"Victor Friot\" \/>\n<meta name=\"twitter:card\" content=\"summary_large_image\" \/>\n<meta name=\"twitter:title\" content=\"Cyclisme sur route : Les cyclistes retrait\u00e9s au terme de la saison 2021\" \/>\n<meta name=\"twitter:creator\" content=\"@dicodusport\" \/>\n<meta name=\"twitter:site\" content=\"@dicodusport\" \/>\n<script type=\"application\/ld+json\" class=\"yoast-schema-graph\">{\"@context\":\"https:\/\/schema.org\",\"@graph\":[{\"@type\":\"NewsArticle\",\"@id\":\"https:\/\/dicodusport.fr\/blog\/cyclisme-les-cyclistes-retraites-au-terme-de-la-saison-2021\/#article\",\"isPartOf\":{\"@id\":\"https:\/\/dicodusport.fr\/blog\/cyclisme-les-cyclistes-retraites-au-terme-de-la-saison-2021\/\"},\"author\":{\"name\":\"Victor Friot\",\"@id\":\"https:\/\/dicodusport.fr\/blog\/#\/schema\/person\/463bd3fdf7997eaf381a70f42317d8db\"},\"headline\":\"Cyclisme sur route : Les cyclistes retrait\u00e9s au terme de la saison 2021\",\"datePublished\":\"2021-10-16T06:59:41+00:00\",\"dateModified\":\"2021-10-16T07:08:49+00:00\",\"mainEntityOfPage\":{\"@id\":\"https:\/\/dicodusport.fr\/blog\/cyclisme-les-cyclistes-retraites-au-terme-de-la-saison-2021\/\"},\"wordCount\":727,\"commentCount\":1,\"publisher\":{\"@id\":\"https:\/\/dicodusport.fr\/blog\/#organization\"},\"image\":{\"@id\":\"https:\/\/dicodusport.fr\/blog\/cyclisme-les-cyclistes-retraites-au-terme-de-la-saison-2021\/#primaryimage\"},\"thumbnailUrl\":\"https:\/\/dicodusport.fr\/blog\/wp-content\/uploads\/2021\/10\/Cyclisme-sur-route-Les-cyclistes-retraites-au-terme-de-la-saison-2021.png\",\"keywords\":[\"Cyclisme\",\"retraite\",\"sport\",\"UCI WorldTeam\"],\"articleSection\":[\"Cyclisme\"],\"inLanguage\":\"fr-FR\",\"potentialAction\":[{\"@type\":\"CommentAction\",\"name\":\"Comment\",\"target\":[\"https:\/\/dicodusport.fr\/blog\/cyclisme-les-cyclistes-retraites-au-terme-de-la-saison-2021\/#respond\"]}],\"copyrightYear\":\"2021\",\"copyrightHolder\":{\"@id\":\"https:\/\/dicodusport.fr\/blog\/#organization\"}},{\"@type\":\"WebPage\",\"@id\":\"https:\/\/dicodusport.fr\/blog\/cyclisme-les-cyclistes-retraites-au-terme-de-la-saison-2021\/\",\"url\":\"https:\/\/dicodusport.fr\/blog\/cyclisme-les-cyclistes-retraites-au-terme-de-la-saison-2021\/\",\"name\":\"Cyclisme sur route : Les cyclistes retrait\u00e9s au terme de la saison 2021\",\"isPartOf\":{\"@id\":\"https:\/\/dicodusport.fr\/blog\/#website\"},\"primaryImageOfPage\":{\"@id\":\"https:\/\/dicodusport.fr\/blog\/cyclisme-les-cyclistes-retraites-au-terme-de-la-saison-2021\/#primaryimage\"},\"image\":{\"@id\":\"https:\/\/dicodusport.fr\/blog\/cyclisme-les-cyclistes-retraites-au-terme-de-la-saison-2021\/#primaryimage\"},\"thumbnailUrl\":\"https:\/\/dicodusport.fr\/blog\/wp-content\/uploads\/2021\/10\/Cyclisme-sur-route-Les-cyclistes-retraites-au-terme-de-la-saison-2021.png\",\"datePublished\":\"2021-10-16T06:59:41+00:00\",\"dateModified\":\"2021-10-16T07:08:49+00:00\",\"description\":\"CYCLISME : Les cyclistes retrait\u00e9s au terme de la saison 2021. Liste des coureurs qui mettent un terme \u00e0 leur carri\u00e8re professionnelle.\",\"breadcrumb\":{\"@id\":\"https:\/\/dicodusport.fr\/blog\/cyclisme-les-cyclistes-retraites-au-terme-de-la-saison-2021\/#breadcrumb\"},\"inLanguage\":\"fr-FR\",\"potentialAction\":[{\"@type\":\"ReadAction\",\"target\":[\"https:\/\/dicodusport.fr\/blog\/cyclisme-les-cyclistes-retraites-au-terme-de-la-saison-2021\/\"]}]},{\"@type\":\"ImageObject\",\"inLanguage\":\"fr-FR\",\"@id\":\"https:\/\/dicodusport.fr\/blog\/cyclisme-les-cyclistes-retraites-au-terme-de-la-saison-2021\/#primaryimage\",\"url\":\"https:\/\/dicodusport.fr\/blog\/wp-content\/uploads\/2021\/10\/Cyclisme-sur-route-Les-cyclistes-retraites-au-terme-de-la-saison-2021.png\",\"contentUrl\":\"https:\/\/dicodusport.fr\/blog\/wp-content\/uploads\/2021\/10\/Cyclisme-sur-route-Les-cyclistes-retraites-au-terme-de-la-saison-2021.png\",\"width\":800,\"height\":445,\"caption\":\"Cyclisme sur route : Les cyclistes retrait\u00e9s au terme de la saison 2021\"},{\"@type\":\"BreadcrumbList\",\"@id\":\"https:\/\/dicodusport.fr\/blog\/cyclisme-les-cyclistes-retraites-au-terme-de-la-saison-2021\/#breadcrumb\",\"itemListElement\":[{\"@type\":\"ListItem\",\"position\":1,\"name\":\"Accueil\",\"item\":\"https:\/\/dicodusport.fr\/blog\/\"},{\"@type\":\"ListItem\",\"position\":2,\"name\":\"Cyclisme sur route : Les cyclistes retrait\u00e9s au terme de la saison 2021\"}]},{\"@type\":\"WebSite\",\"@id\":\"https:\/\/dicodusport.fr\/blog\/#website\",\"url\":\"https:\/\/dicodusport.fr\/blog\/\",\"name\":\"Dicodusport\",\"description\":\"L&#039;encyclop\u00e9die de l&#039;actualit\u00e9 sportive\",\"publisher\":{\"@id\":\"https:\/\/dicodusport.fr\/blog\/#organization\"},\"potentialAction\":[{\"@type\":\"SearchAction\",\"target\":{\"@type\":\"EntryPoint\",\"urlTemplate\":\"https:\/\/dicodusport.fr\/blog\/?s={search_term_string}\"},\"query-input\":{\"@type\":\"PropertyValueSpecification\",\"valueRequired\":true,\"valueName\":\"search_term_string\"}}],\"inLanguage\":\"fr-FR\"},{\"@type\":\"NewsMediaOrganization\",\"@id\":\"https:\/\/dicodusport.fr\/blog\/#organization\",\"name\":\"Dicodusport\",\"url\":\"https:\/\/dicodusport.fr\/blog\/\",\"logo\":{\"@type\":\"ImageObject\",\"inLanguage\":\"fr-FR\",\"@id\":\"https:\/\/dicodusport.fr\/blog\/#\/schema\/logo\/image\/\",\"url\":\"https:\/\/dicodusport.fr\/blog\/wp-content\/uploads\/2020\/06\/cropped-LOGO-DICODUSPORT-2020-SANS-FOND-SANS-TEXTE.png\",\"contentUrl\":\"https:\/\/dicodusport.fr\/blog\/wp-content\/uploads\/2020\/06\/cropped-LOGO-DICODUSPORT-2020-SANS-FOND-SANS-TEXTE.png\",\"width\":512,\"height\":512,\"caption\":\"Dicodusport\"},\"image\":{\"@id\":\"https:\/\/dicodusport.fr\/blog\/#\/schema\/logo\/image\/\"},\"sameAs\":[\"https:\/\/www.facebook.com\/dicodusport\",\"https:\/\/x.com\/dicodusport\",\"https:\/\/www.instagram.com\/dicodusport\/\",\"https:\/\/www.youtube.com\/channel\/UC7V2KZ5sd3htJivAbA4ZG3w\"],\"description\":\"Dicodusport est l'encyclop\u00e9die de l'actualit\u00e9 sportive.\",\"email\":\"bonjour@dicodusport.fr\",\"legalName\":\"DICODUSPORT\",\"foundingDate\":\"2018-01-14\",\"vatID\":\"FR71834470973\",\"taxID\":\"83447097300043\",\"numberOfEmployees\":{\"@type\":\"QuantitativeValue\",\"minValue\":\"1\",\"maxValue\":\"10\"}},{\"@type\":\"Person\",\"@id\":\"https:\/\/dicodusport.fr\/blog\/#\/schema\/person\/463bd3fdf7997eaf381a70f42317d8db\",\"name\":\"Victor Friot\",\"image\":{\"@type\":\"ImageObject\",\"inLanguage\":\"fr-FR\",\"@id\":\"https:\/\/dicodusport.fr\/blog\/#\/schema\/person\/image\/\",\"url\":\"https:\/\/dicodusport.fr\/blog\/wp-content\/uploads\/2020\/06\/LOGO-DICODUSPORT-2020-SANS-FOND-SANS-TEXTE-150x150.png\",\"contentUrl\":\"https:\/\/dicodusport.fr\/blog\/wp-content\/uploads\/2020\/06\/LOGO-DICODUSPORT-2020-SANS-FOND-SANS-TEXTE-150x150.png\",\"caption\":\"Victor Friot\"},\"url\":\"https:\/\/dicodusport.fr\/blog\/author\/victor-friot\/\"}]}<\/script>\n<!-- \/ Yoast SEO Premium plugin. -->","yoast_head_json":{"title":"Cyclisme sur route : Les cyclistes retrait\u00e9s au terme de la saison 2021","description":"CYCLISME : Les cyclistes retrait\u00e9s au terme de la saison 2021. Liste des coureurs qui mettent un terme \u00e0 leur carri\u00e8re professionnelle.","robots":{"index":"index","follow":"follow","max-snippet":"max-snippet:-1","max-image-preview":"max-image-preview:large","max-video-preview":"max-video-preview:-1"},"canonical":"https:\/\/dicodusport.fr\/blog\/cyclisme-les-cyclistes-retraites-au-terme-de-la-saison-2021\/","og_locale":"fr_FR","og_type":"article","og_title":"Cyclisme sur route : Les cyclistes retrait\u00e9s au terme de la saison 2021","og_description":"CYCLISME : Les cyclistes retrait\u00e9s au terme de la saison 2021. Liste des coureurs qui mettent un terme \u00e0 leur carri\u00e8re professionnelle.","og_url":"https:\/\/dicodusport.fr\/blog\/cyclisme-les-cyclistes-retraites-au-terme-de-la-saison-2021\/","og_site_name":"Dicodusport","article_publisher":"https:\/\/www.facebook.com\/dicodusport","article_published_time":"2021-10-16T06:59:41+00:00","article_modified_time":"2021-10-16T07:08:49+00:00","og_image":[{"width":800,"height":445,"url":"https:\/\/dicodusport.fr\/blog\/wp-content\/uploads\/2021\/10\/Cyclisme-sur-route-Les-cyclistes-retraites-au-terme-de-la-saison-2021.png","type":"image\/png"}],"author":"Victor Friot","twitter_card":"summary_large_image","twitter_title":"Cyclisme sur route : Les cyclistes retrait\u00e9s au terme de la saison 2021","twitter_creator":"@dicodusport","twitter_site":"@dicodusport","schema":{"@context":"https:\/\/schema.org","@graph":[{"@type":"NewsArticle","@id":"https:\/\/dicodusport.fr\/blog\/cyclisme-les-cyclistes-retraites-au-terme-de-la-saison-2021\/#article","isPartOf":{"@id":"https:\/\/dicodusport.fr\/blog\/cyclisme-les-cyclistes-retraites-au-terme-de-la-saison-2021\/"},"author":{"name":"Victor Friot","@id":"https:\/\/dicodusport.fr\/blog\/#\/schema\/person\/463bd3fdf7997eaf381a70f42317d8db"},"headline":"Cyclisme sur route : Les cyclistes retrait\u00e9s au terme de la saison 2021","datePublished":"2021-10-16T06:59:41+00:00","dateModified":"2021-10-16T07:08:49+00:00","mainEntityOfPage":{"@id":"https:\/\/dicodusport.fr\/blog\/cyclisme-les-cyclistes-retraites-au-terme-de-la-saison-2021\/"},"wordCount":727,"commentCount":1,"publisher":{"@id":"https:\/\/dicodusport.fr\/blog\/#organization"},"image":{"@id":"https:\/\/dicodusport.fr\/blog\/cyclisme-les-cyclistes-retraites-au-terme-de-la-saison-2021\/#primaryimage"},"thumbnailUrl":"https:\/\/dicodusport.fr\/blog\/wp-content\/uploads\/2021\/10\/Cyclisme-sur-route-Les-cyclistes-retraites-au-terme-de-la-saison-2021.png","keywords":["Cyclisme","retraite","sport","UCI WorldTeam"],"articleSection":["Cyclisme"],"inLanguage":"fr-FR","potentialAction":[{"@type":"CommentAction","name":"Comment","target":["https:\/\/dicodusport.fr\/blog\/cyclisme-les-cyclistes-retraites-au-terme-de-la-saison-2021\/#respond"]}],"copyrightYear":"2021","copyrightHolder":{"@id":"https:\/\/dicodusport.fr\/blog\/#organization"}},{"@type":"WebPage","@id":"https:\/\/dicodusport.fr\/blog\/cyclisme-les-cyclistes-retraites-au-terme-de-la-saison-2021\/","url":"https:\/\/dicodusport.fr\/blog\/cyclisme-les-cyclistes-retraites-au-terme-de-la-saison-2021\/","name":"Cyclisme sur route : Les cyclistes retrait\u00e9s au terme de la saison 2021","isPartOf":{"@id":"https:\/\/dicodusport.fr\/blog\/#website"},"primaryImageOfPage":{"@id":"https:\/\/dicodusport.fr\/blog\/cyclisme-les-cyclistes-retraites-au-terme-de-la-saison-2021\/#primaryimage"},"image":{"@id":"https:\/\/dicodusport.fr\/blog\/cyclisme-les-cyclistes-retraites-au-terme-de-la-saison-2021\/#primaryimage"},"thumbnailUrl":"https:\/\/dicodusport.fr\/blog\/wp-content\/uploads\/2021\/10\/Cyclisme-sur-route-Les-cyclistes-retraites-au-terme-de-la-saison-2021.png","datePublished":"2021-10-16T06:59:41+00:00","dateModified":"2021-10-16T07:08:49+00:00","description":"CYCLISME : Les cyclistes retrait\u00e9s au terme de la saison 2021. Liste des coureurs qui mettent un terme \u00e0 leur carri\u00e8re professionnelle.","breadcrumb":{"@id":"https:\/\/dicodusport.fr\/blog\/cyclisme-les-cyclistes-retraites-au-terme-de-la-saison-2021\/#breadcrumb"},"inLanguage":"fr-FR","potentialAction":[{"@type":"ReadAction","target":["https:\/\/dicodusport.fr\/blog\/cyclisme-les-cyclistes-retraites-au-terme-de-la-saison-2021\/"]}]},{"@type":"ImageObject","inLanguage":"fr-FR","@id":"https:\/\/dicodusport.fr\/blog\/cyclisme-les-cyclistes-retraites-au-terme-de-la-saison-2021\/#primaryimage","url":"https:\/\/dicodusport.fr\/blog\/wp-content\/uploads\/2021\/10\/Cyclisme-sur-route-Les-cyclistes-retraites-au-terme-de-la-saison-2021.png","contentUrl":"https:\/\/dicodusport.fr\/blog\/wp-content\/uploads\/2021\/10\/Cyclisme-sur-route-Les-cyclistes-retraites-au-terme-de-la-saison-2021.png","width":800,"height":445,"caption":"Cyclisme sur route : Les cyclistes retrait\u00e9s au terme de la saison 2021"},{"@type":"BreadcrumbList","@id":"https:\/\/dicodusport.fr\/blog\/cyclisme-les-cyclistes-retraites-au-terme-de-la-saison-2021\/#breadcrumb","itemListElement":[{"@type":"ListItem","position":1,"name":"Accueil","item":"https:\/\/dicodusport.fr\/blog\/"},{"@type":"ListItem","position":2,"name":"Cyclisme sur route : Les cyclistes retrait\u00e9s au terme de la saison 2021"}]},{"@type":"WebSite","@id":"https:\/\/dicodusport.fr\/blog\/#website","url":"https:\/\/dicodusport.fr\/blog\/","name":"Dicodusport","description":"L&#039;encyclop\u00e9die de l&#039;actualit\u00e9 sportive","publisher":{"@id":"https:\/\/dicodusport.fr\/blog\/#organization"},"potentialAction":[{"@type":"SearchAction","target":{"@type":"EntryPoint","urlTemplate":"https:\/\/dicodusport.fr\/blog\/?s={search_term_string}"},"query-input":{"@type":"PropertyValueSpecification","valueRequired":true,"valueName":"search_term_string"}}],"inLanguage":"fr-FR"},{"@type":"NewsMediaOrganization","@id":"https:\/\/dicodusport.fr\/blog\/#organization","name":"Dicodusport","url":"https:\/\/dicodusport.fr\/blog\/","logo":{"@type":"ImageObject","inLanguage":"fr-FR","@id":"https:\/\/dicodusport.fr\/blog\/#\/schema\/logo\/image\/","url":"https:\/\/dicodusport.fr\/blog\/wp-content\/uploads\/2020\/06\/cropped-LOGO-DICODUSPORT-2020-SANS-FOND-SANS-TEXTE.png","contentUrl":"https:\/\/dicodusport.fr\/blog\/wp-content\/uploads\/2020\/06\/cropped-LOGO-DICODUSPORT-2020-SANS-FOND-SANS-TEXTE.png","width":512,"height":512,"caption":"Dicodusport"},"image":{"@id":"https:\/\/dicodusport.fr\/blog\/#\/schema\/logo\/image\/"},"sameAs":["https:\/\/www.facebook.com\/dicodusport","https:\/\/x.com\/dicodusport","https:\/\/www.instagram.com\/dicodusport\/","https:\/\/www.youtube.com\/channel\/UC7V2KZ5sd3htJivAbA4ZG3w"],"description":"Dicodusport est l'encyclop\u00e9die de l'actualit\u00e9 sportive.","email":"bonjour@dicodusport.fr","legalName":"DICODUSPORT","foundingDate":"2018-01-14","vatID":"FR71834470973","taxID":"83447097300043","numberOfEmployees":{"@type":"QuantitativeValue","minValue":"1","maxValue":"10"}},{"@type":"Person","@id":"https:\/\/dicodusport.fr\/blog\/#\/schema\/person\/463bd3fdf7997eaf381a70f42317d8db","name":"Victor Friot","image":{"@type":"ImageObject","inLanguage":"fr-FR","@id":"https:\/\/dicodusport.fr\/blog\/#\/schema\/person\/image\/","url":"https:\/\/dicodusport.fr\/blog\/wp-content\/uploads\/2020\/06\/LOGO-DICODUSPORT-2020-SANS-FOND-SANS-TEXTE-150x150.png","contentUrl":"https:\/\/dicodusport.fr\/blog\/wp-content\/uploads\/2020\/06\/LOGO-DICODUSPORT-2020-SANS-FOND-SANS-TEXTE-150x150.png","caption":"Victor Friot"},"url":"https:\/\/dicodusport.fr\/blog\/author\/victor-friot\/"}]}},"_links":{"self":[{"href":"https:\/\/dicodusport.fr\/blog\/wp-json\/wp\/v2\/posts\/173366","targetHints":{"allow":["GET"]}}],"collection":[{"href":"https:\/\/dicodusport.fr\/blog\/wp-json\/wp\/v2\/posts"}],"about":[{"href":"https:\/\/dicodusport.fr\/blog\/wp-json\/wp\/v2\/types\/post"}],"author":[{"embeddable":true,"href":"https:\/\/dicodusport.fr\/blog\/wp-json\/wp\/v2\/users\/60"}],"replies":[{"embeddable":true,"href":"https:\/\/dicodusport.fr\/blog\/wp-json\/wp\/v2\/comments?post=173366"}],"version-history":[{"count":0,"href":"https:\/\/dicodusport.fr\/blog\/wp-json\/wp\/v2\/posts\/173366\/revisions"}],"wp:featuredmedia":[{"embeddable":true,"href":"https:\/\/dicodusport.fr\/blog\/wp-json\/wp\/v2\/media\/173444"}],"wp:attachment":[{"href":"https:\/\/dicodusport.fr\/blog\/wp-json\/wp\/v2\/media?parent=173366"}],"wp:term":[{"taxonomy":"category","embeddable":true,"href":"https:\/\/dicodusport.fr\/blog\/wp-json\/wp\/v2\/categories?post=173366"},{"taxonomy":"post_tag","embeddable":true,"href":"https:\/\/dicodusport.fr\/blog\/wp-json\/wp\/v2\/tags?post=173366"}],"curies":[{"name":"wp","href":"https:\/\/api.w.org\/{rel}","templated":true}]}}