{"id":173470,"date":"2021-10-16T15:32:57","date_gmt":"2021-10-16T13:32:57","guid":{"rendered":"https:\/\/dicodusport.fr\/blog\/?p=173470&#038;preview=true&#038;preview_id=173470"},"modified":"2021-10-16T16:03:14","modified_gmt":"2021-10-16T14:03:14","slug":"paris-grand-slam-2021-les-resultats-francais-de-la-matinee","status":"publish","type":"post","link":"https:\/\/dicodusport.fr\/blog\/paris-grand-slam-2021-les-resultats-francais-de-la-matinee\/","title":{"rendered":"Paris Grand Slam 2021 : les r\u00e9sultats fran\u00e7ais de la matin\u00e9e"},"content":{"rendered":"<p style=\"text-align: justify;\"><strong><em><a href=\"https:\/\/dicodusport.fr\/blog\/judo-paris-grand-slam-2021-le-programme-complet\/\" target=\"_blank\" rel=\"noopener\">PARIS GRAND SLAM 2021<\/a> &#8211; 28 Fran\u00e7ais \u00e9taient engag\u00e9s lors de cette premi\u00e8re journ\u00e9e. Un peu moins de la moiti\u00e9 combattront pour une m\u00e9daille.<\/em><\/strong><\/p>\n<p style=\"text-align: justify;\">Pour beaucoup de jeunes, ce Grand Chelem de Paris repr\u00e9sentait une grande premi\u00e8re. Ils ont connu des fortunes diverses mais auront engrang\u00e9 de l&rsquo;exp\u00e9rience.<\/p>\n<p style=\"text-align: justify;\"><strong>M\u00e9lanie Vieu<\/strong> (-48 kg) a battu Baasankhuu Bavuudorj. Apr\u00e8s un waza-ari rapide, la Mongole lui a r\u00e9pondu avant que la Fran\u00e7aise ne r\u00e9alise un ippon en fin de combat. Au 2e tour, elle s&rsquo;est inclin\u00e9e face \u00e0 Milica Nikolic sur ippon.<\/p>\n<p style=\"text-align: justify;\"><strong>L\u00e9onie Gonzalez<\/strong> (-52 kg) a \u00e9t\u00e9 battu par Kelly Deguchi sur waza-ari.<\/p>\n<p style=\"text-align: justify;\">Dans la m\u00eame cat\u00e9gorie, <strong>Ana\u00efs Mosdier<\/strong> a \u00e9t\u00e9 battue au 2e tour par Gefen Primo apr\u00e8s avoir re\u00e7u une 3e p\u00e9nalit\u00e9 au golden score.<\/p>\n<p style=\"text-align: justify;\"><strong>Martha Fawaz<\/strong> (-57 kg) a battu Pleuni Cornelisse au 2e tour sur ippon. Elle s&rsquo;est inclin\u00e9e face \u00e0 Caroline Fritze en quarts sur ippon. Aux rep\u00eachages, c&rsquo;est \u00e0 8 secondes de la fin qu&rsquo;elle s&rsquo;est inclin\u00e9e sur ippon face \u00e0 Mina Libeer.<\/p>\n<p style=\"text-align: justify;\">Dans la m\u00eame cat\u00e9gorie, <strong>Priscilla Gneto<\/strong> a battu Ichinkhorloo Munkhtsedev sur ippon au 2e tour. Elle s&rsquo;est ensuite inclin\u00e9e sur ippon face \u00e0 Haruka Funakubo en quarts et aux rep\u00eachages face \u00e0 Eteri Liparteliani.<\/p>\n<p style=\"text-align: justify;\">Toujours en -57 kg, <strong>Ophelie Vellozi<\/strong> a \u00e9t\u00e9 battue par Enkhriilen Lkhagvatogoo sur ippon au golden score.<\/p>\n<p style=\"text-align: justify;\"><strong>Agathe Devitry<\/strong> (-63 kg) a battu Sara Golden sur ippon apr\u00e8s 30 secondes au golden score. Elle s&rsquo;est ensuite inclin\u00e9e face \u00e0 Cristina Cabana Perez dans un combat ferm\u00e9 et apr\u00e8s plus de 3 minutes au golden score.<\/p>\n<p style=\"text-align: justify;\">Dans la m\u00eame cat\u00e9gorie, <strong>Rania Drid<\/strong> a battu Isabelle Harris avec un waza-ari et s&rsquo;est ensuite inclin\u00e9e face \u00e0 Renata Zachova sur ippon.<\/p>\n<p style=\"text-align: justify;\">Enfin, <strong>M\u00e9lodie Turpin<\/strong> a battu Kamila Badurova avant de s&rsquo;incliner face \u00e0 Geke Van den Berg.<\/p>\n<p style=\"text-align: justify;\"><strong>Maxime Merlin<\/strong> (-60 kg) a battu Justo Nunez Rodriguez au 2e tour. Apr\u00e8s un waza-ari rapide, l&rsquo;Espagnol a \u00e9galis\u00e9 \u00e0 30 secondes de la fin du combat. Le Fran\u00e7ais s&rsquo;est impos\u00e9 sur ippon au golden score. En quarts, il a \u00e9t\u00e9 battu par Sumiyaba Enkhtaivan avec un waza-ari \u00e0 la derni\u00e8re minute. Aux rep\u00eachages, il affrontait Genki Koga. Il a marqu\u00e9 un waza-ari rapide alors que le public pensait que c&rsquo;\u00e9tait un ippon. En fin de combat, au sol sur le dos, le Japonais est parvenu \u00e0 contre-attaque pour r\u00e9aliser un ippon.<\/p>\n<p style=\"text-align: justify;\">Dans la m\u00eame cat\u00e9gorie, <strong>Richard Vergnes<\/strong> a battu Nicolae Foca au 2e tour avec une immobilisation \u00e0 25 secondes de la fin. En quarts, il menait face \u00e0 Ramazan Abdulaev mais le Russe a finit par \u00e9galises et a ensuite r\u00e9alis\u00e9 un ippon au golden score. Aux rep\u00eachages, il s&rsquo;est inclin\u00e9 face \u00e0 son compatriote Valadier Picard.<\/p>\n<p style=\"text-align: justify;\">Toujours en -60 kg, <strong>Jolan Florimont<\/strong> s&rsquo;est inclin\u00e9 au 2e tour face \u00e0 Balabay Aghayev. Apr\u00e8s un waza-ari annul\u00e9 apr\u00e8s 2 minutes au golden score, le Fran\u00e7ais s&rsquo;est inclin\u00e9 apr\u00e8s 3 minutes 30.<\/p>\n<p style=\"text-align: justify;\"><strong>Robin Corrado<\/strong> (-66 kg) a battu Ismayil Ibrahimov sur ippon en toute fin de combat. Au 2e tour, il a \u00e9t\u00e9 battu par Denis Vieru apr\u00e8s 2 minutes 30 au golden score.<\/p>\n<p style=\"text-align: justify;\">Dans la m\u00eame cat\u00e9gorie, <strong>Maxime Gobert<\/strong> a \u00e9t\u00e9 battu par Ryoma Tanaka. Si le Japonais a \u00e9t\u00e9 le premier \u00e0 avoir 2 p\u00e9nalit\u00e9s avant de d\u00e9buter le golden score, c&rsquo;est finalement le Fran\u00e7ais qui a fini avec 3 p\u00e9nalit\u00e9s apr\u00e8s 2 minutes 23.<\/p>\n<p style=\"text-align: justify;\"><strong>Joan-Benjamin Gaba<\/strong> (-73 kg) a battu Salvador Cases Roca apr\u00e8s 5 minutes 16 au golden score avec un o-uchi-gari. Au2e tour, il a \u00e9t\u00e9 battu par Kemshi Harada, une nouvelle fois au golden score, apr\u00e8s 1 minute 30.<\/p>\n<p style=\"text-align: justify;\">Dans la m\u00eame cat\u00e9gorie, <strong>Enzo GIbelli<\/strong> a \u00e9t\u00e9 battu par Hidayat Heydarov sur waza-ari.<\/p>\n<h2 style=\"text-align: justify;\">12 Fran\u00e7ais pour une m\u00e9daille<\/h2>\n<p style=\"text-align: justify;\">3 Fran\u00e7ais se sont qualifi\u00e9es pour aller d\u00e9crocher l&rsquo;or : <strong>M\u00e9lanie Cl\u00e9ment<\/strong> (-48 kg), <strong>Astride Gneto<\/strong> (-52 kg) et <strong>Th\u00e9o Riquin<\/strong> (-73 kg).<\/p>\n<p style=\"text-align: justify;\">De plus, 9 Tricolores combattront pour le <strong>bronze<\/strong> : Shirine Boukli et Blandine Pont (-48 kg), Chlo\u00e9 Devictor (-52 kg), Fa\u00efza Mokdar (-57 kg), Manon Deketer (-63 kg), Romain Valadier-Picard (-60 kg), Orlando Cazorla (-66 kg), Walide Khyar (-66 kg) et Guillaume Chaine (-73 kg).<\/p>\n<p style=\"text-align: justify;\">Rendez-vous \u00e0 <strong>17h<\/strong> sur la cha\u00eene Sport en France, Eurosport et <a href=\"https:\/\/www.france.tv\/sport\/tous-les-directs\/\" target=\"_blank\" rel=\"noopener\">France TV Sport<\/a>\u00a0!<\/p>\n<blockquote class=\"twitter-tweet\">\n<p dir=\"ltr\" lang=\"fr\">Premier jour de comp\u00e9tition et 12 chances de m\u00e9dailles \u00e0 venir pour nos Bleus ! &#x1f525;&#x1f1eb;&#x1f1f7;<\/p>\n<p>Soutenez nos judokas d\u00e8s 17H en direct sur <a href=\"https:\/\/twitter.com\/sport_en_france?ref_src=twsrc%5Etfw\">@sport_en_france<\/a> (cha\u00eenes box nationales : Orange : 174 | SFR : 129 | Bouygues : 192 | Free : 190) et sur <a href=\"https:\/\/t.co\/MJzvuGbOPu\">https:\/\/t.co\/MJzvuGbOPu<\/a> ! &#x1f4aa;&#x1f5a5;<a href=\"https:\/\/twitter.com\/hashtag\/JudoParis?src=hash&amp;ref_src=twsrc%5Etfw\">#JudoParis<\/a> <a href=\"https:\/\/t.co\/jitgaoyMnS\">pic.twitter.com\/jitgaoyMnS<\/a><\/p>\n<p>\u2014 France Judo (@francejudo_) <a href=\"https:\/\/twitter.com\/francejudo_\/status\/1449373888136323077?ref_src=twsrc%5Etfw\">October 16, 2021<\/a><\/p><\/blockquote>\n<p><script async src=\"https:\/\/platform.twitter.com\/widgets.js\" charset=\"utf-8\"><\/script><\/p>\n","protected":false},"excerpt":{"rendered":"<p>PARIS GRAND SLAM 2021 &#8211; 28 Fran\u00e7ais \u00e9taient engag\u00e9s lors de cette premi\u00e8re journ\u00e9e. Un peu moins de la moiti\u00e9 combattront pour une m\u00e9daille.<\/p>\n","protected":false},"author":12,"featured_media":173516,"comment_status":"open","ping_status":"closed","sticky":false,"template":"","format":"standard","meta":{"_acf_changed":false,"_daextam_enable_autolinks":"","footnotes":""},"categories":[8651],"tags":[68,7236],"class_list":["post-173470","post","type-post","status-publish","format-standard","has-post-thumbnail","hentry","category-judo","tag-judo","tag-paris-grand-slam"],"acf":[],"yoast_head":"<!-- This site is optimized with the Yoast SEO Premium plugin v26.7 (Yoast SEO v26.7) - https:\/\/yoast.com\/wordpress\/plugins\/seo\/ -->\n<title>Paris Grand Slam 2021 : les r\u00e9sultats fran\u00e7ais de la matin\u00e9e<\/title>\n<meta name=\"description\" content=\"PARIS GRAND SLAM 2021 - 28 Fran\u00e7ais \u00e9taient engag\u00e9s lors de cette premi\u00e8re journ\u00e9e. Un peu moins de la moiti\u00e9 combattront pour une m\u00e9daille.\" \/>\n<meta name=\"robots\" content=\"index, follow, max-snippet:-1, max-image-preview:large, max-video-preview:-1\" \/>\n<link rel=\"canonical\" href=\"https:\/\/dicodusport.fr\/blog\/paris-grand-slam-2021-les-resultats-francais-de-la-matinee\/\" \/>\n<meta property=\"og:locale\" content=\"fr_FR\" \/>\n<meta property=\"og:type\" content=\"article\" \/>\n<meta property=\"og:title\" content=\"Paris Grand Slam 2021 : les r\u00e9sultats fran\u00e7ais de la matin\u00e9e\" \/>\n<meta property=\"og:description\" content=\"PARIS GRAND SLAM 2021 - 28 Fran\u00e7ais \u00e9taient engag\u00e9s lors de cette premi\u00e8re journ\u00e9e. Un peu moins de la moiti\u00e9 combattront pour une m\u00e9daille.\" \/>\n<meta property=\"og:url\" content=\"https:\/\/dicodusport.fr\/blog\/paris-grand-slam-2021-les-resultats-francais-de-la-matinee\/\" \/>\n<meta property=\"og:site_name\" content=\"Dicodusport\" \/>\n<meta property=\"article:publisher\" content=\"https:\/\/www.facebook.com\/dicodusport\" \/>\n<meta property=\"article:published_time\" content=\"2021-10-16T13:32:57+00:00\" \/>\n<meta property=\"article:modified_time\" content=\"2021-10-16T14:03:14+00:00\" \/>\n<meta property=\"og:image\" content=\"https:\/\/dicodusport.fr\/blog\/wp-content\/uploads\/2021\/10\/Paris-Grand-Slam-2021-les-resultats-francais-de-la-matinee.jpg\" \/>\n\t<meta property=\"og:image:width\" content=\"800\" \/>\n\t<meta property=\"og:image:height\" content=\"445\" \/>\n\t<meta property=\"og:image:type\" content=\"image\/jpeg\" \/>\n<meta name=\"author\" content=\"Arlette Yeye\" \/>\n<meta name=\"twitter:card\" content=\"summary_large_image\" \/>\n<meta name=\"twitter:title\" content=\"Paris Grand Slam 2021 : les r\u00e9sultats fran\u00e7ais de la matin\u00e9e\" \/>\n<meta name=\"twitter:creator\" content=\"@https:\/\/twitter.com\/Shiclette94\" \/>\n<meta name=\"twitter:site\" content=\"@dicodusport\" \/>\n<script type=\"application\/ld+json\" class=\"yoast-schema-graph\">{\"@context\":\"https:\/\/schema.org\",\"@graph\":[{\"@type\":\"NewsArticle\",\"@id\":\"https:\/\/dicodusport.fr\/blog\/paris-grand-slam-2021-les-resultats-francais-de-la-matinee\/#article\",\"isPartOf\":{\"@id\":\"https:\/\/dicodusport.fr\/blog\/paris-grand-slam-2021-les-resultats-francais-de-la-matinee\/\"},\"author\":{\"name\":\"Arlette Yeye\",\"@id\":\"https:\/\/dicodusport.fr\/blog\/#\/schema\/person\/cce96fa88785bd8573e3d43078ac8c79\"},\"headline\":\"Paris Grand Slam 2021 : les r\u00e9sultats fran\u00e7ais de la matin\u00e9e\",\"datePublished\":\"2021-10-16T13:32:57+00:00\",\"dateModified\":\"2021-10-16T14:03:14+00:00\",\"mainEntityOfPage\":{\"@id\":\"https:\/\/dicodusport.fr\/blog\/paris-grand-slam-2021-les-resultats-francais-de-la-matinee\/\"},\"wordCount\":814,\"commentCount\":0,\"publisher\":{\"@id\":\"https:\/\/dicodusport.fr\/blog\/#organization\"},\"image\":{\"@id\":\"https:\/\/dicodusport.fr\/blog\/paris-grand-slam-2021-les-resultats-francais-de-la-matinee\/#primaryimage\"},\"thumbnailUrl\":\"https:\/\/dicodusport.fr\/blog\/wp-content\/uploads\/2021\/10\/Paris-Grand-Slam-2021-les-resultats-francais-de-la-matinee.jpg\",\"keywords\":[\"Judo\",\"Paris Grand Slam\"],\"articleSection\":[\"Judo\"],\"inLanguage\":\"fr-FR\",\"potentialAction\":[{\"@type\":\"CommentAction\",\"name\":\"Comment\",\"target\":[\"https:\/\/dicodusport.fr\/blog\/paris-grand-slam-2021-les-resultats-francais-de-la-matinee\/#respond\"]}],\"copyrightYear\":\"2021\",\"copyrightHolder\":{\"@id\":\"https:\/\/dicodusport.fr\/blog\/#organization\"}},{\"@type\":\"WebPage\",\"@id\":\"https:\/\/dicodusport.fr\/blog\/paris-grand-slam-2021-les-resultats-francais-de-la-matinee\/\",\"url\":\"https:\/\/dicodusport.fr\/blog\/paris-grand-slam-2021-les-resultats-francais-de-la-matinee\/\",\"name\":\"Paris Grand Slam 2021 : les r\u00e9sultats fran\u00e7ais de la matin\u00e9e\",\"isPartOf\":{\"@id\":\"https:\/\/dicodusport.fr\/blog\/#website\"},\"primaryImageOfPage\":{\"@id\":\"https:\/\/dicodusport.fr\/blog\/paris-grand-slam-2021-les-resultats-francais-de-la-matinee\/#primaryimage\"},\"image\":{\"@id\":\"https:\/\/dicodusport.fr\/blog\/paris-grand-slam-2021-les-resultats-francais-de-la-matinee\/#primaryimage\"},\"thumbnailUrl\":\"https:\/\/dicodusport.fr\/blog\/wp-content\/uploads\/2021\/10\/Paris-Grand-Slam-2021-les-resultats-francais-de-la-matinee.jpg\",\"datePublished\":\"2021-10-16T13:32:57+00:00\",\"dateModified\":\"2021-10-16T14:03:14+00:00\",\"description\":\"PARIS GRAND SLAM 2021 - 28 Fran\u00e7ais \u00e9taient engag\u00e9s lors de cette premi\u00e8re journ\u00e9e. Un peu moins de la moiti\u00e9 combattront pour une m\u00e9daille.\",\"breadcrumb\":{\"@id\":\"https:\/\/dicodusport.fr\/blog\/paris-grand-slam-2021-les-resultats-francais-de-la-matinee\/#breadcrumb\"},\"inLanguage\":\"fr-FR\",\"potentialAction\":[{\"@type\":\"ReadAction\",\"target\":[\"https:\/\/dicodusport.fr\/blog\/paris-grand-slam-2021-les-resultats-francais-de-la-matinee\/\"]}]},{\"@type\":\"ImageObject\",\"inLanguage\":\"fr-FR\",\"@id\":\"https:\/\/dicodusport.fr\/blog\/paris-grand-slam-2021-les-resultats-francais-de-la-matinee\/#primaryimage\",\"url\":\"https:\/\/dicodusport.fr\/blog\/wp-content\/uploads\/2021\/10\/Paris-Grand-Slam-2021-les-resultats-francais-de-la-matinee.jpg\",\"contentUrl\":\"https:\/\/dicodusport.fr\/blog\/wp-content\/uploads\/2021\/10\/Paris-Grand-Slam-2021-les-resultats-francais-de-la-matinee.jpg\",\"width\":800,\"height\":445,\"caption\":\"Paris Grand Slam 2021 les r\u00e9sultats fran\u00e7ais de la matin\u00e9e\"},{\"@type\":\"BreadcrumbList\",\"@id\":\"https:\/\/dicodusport.fr\/blog\/paris-grand-slam-2021-les-resultats-francais-de-la-matinee\/#breadcrumb\",\"itemListElement\":[{\"@type\":\"ListItem\",\"position\":1,\"name\":\"Accueil\",\"item\":\"https:\/\/dicodusport.fr\/blog\/\"},{\"@type\":\"ListItem\",\"position\":2,\"name\":\"Paris Grand Slam 2021 : les r\u00e9sultats fran\u00e7ais de la matin\u00e9e\"}]},{\"@type\":\"WebSite\",\"@id\":\"https:\/\/dicodusport.fr\/blog\/#website\",\"url\":\"https:\/\/dicodusport.fr\/blog\/\",\"name\":\"Dicodusport\",\"description\":\"L&#039;encyclop\u00e9die de l&#039;actualit\u00e9 sportive\",\"publisher\":{\"@id\":\"https:\/\/dicodusport.fr\/blog\/#organization\"},\"potentialAction\":[{\"@type\":\"SearchAction\",\"target\":{\"@type\":\"EntryPoint\",\"urlTemplate\":\"https:\/\/dicodusport.fr\/blog\/?s={search_term_string}\"},\"query-input\":{\"@type\":\"PropertyValueSpecification\",\"valueRequired\":true,\"valueName\":\"search_term_string\"}}],\"inLanguage\":\"fr-FR\"},{\"@type\":\"NewsMediaOrganization\",\"@id\":\"https:\/\/dicodusport.fr\/blog\/#organization\",\"name\":\"Dicodusport\",\"url\":\"https:\/\/dicodusport.fr\/blog\/\",\"logo\":{\"@type\":\"ImageObject\",\"inLanguage\":\"fr-FR\",\"@id\":\"https:\/\/dicodusport.fr\/blog\/#\/schema\/logo\/image\/\",\"url\":\"https:\/\/dicodusport.fr\/blog\/wp-content\/uploads\/2020\/06\/cropped-LOGO-DICODUSPORT-2020-SANS-FOND-SANS-TEXTE.png\",\"contentUrl\":\"https:\/\/dicodusport.fr\/blog\/wp-content\/uploads\/2020\/06\/cropped-LOGO-DICODUSPORT-2020-SANS-FOND-SANS-TEXTE.png\",\"width\":512,\"height\":512,\"caption\":\"Dicodusport\"},\"image\":{\"@id\":\"https:\/\/dicodusport.fr\/blog\/#\/schema\/logo\/image\/\"},\"sameAs\":[\"https:\/\/www.facebook.com\/dicodusport\",\"https:\/\/x.com\/dicodusport\",\"https:\/\/www.instagram.com\/dicodusport\/\",\"https:\/\/www.youtube.com\/channel\/UC7V2KZ5sd3htJivAbA4ZG3w\"],\"description\":\"Dicodusport est l'encyclop\u00e9die de l'actualit\u00e9 sportive.\",\"email\":\"bonjour@dicodusport.fr\",\"legalName\":\"DICODUSPORT\",\"foundingDate\":\"2018-01-14\",\"vatID\":\"FR71834470973\",\"taxID\":\"83447097300043\",\"numberOfEmployees\":{\"@type\":\"QuantitativeValue\",\"minValue\":\"1\",\"maxValue\":\"10\"}},{\"@type\":\"Person\",\"@id\":\"https:\/\/dicodusport.fr\/blog\/#\/schema\/person\/cce96fa88785bd8573e3d43078ac8c79\",\"name\":\"Arlette Yeye\",\"image\":{\"@type\":\"ImageObject\",\"inLanguage\":\"fr-FR\",\"@id\":\"https:\/\/dicodusport.fr\/blog\/#\/schema\/person\/image\/\",\"url\":\"https:\/\/secure.gravatar.com\/avatar\/dca4a6239e6d708e46c45d60e160de6c?s=96&d=wp_user_avatar&r=g\",\"contentUrl\":\"https:\/\/secure.gravatar.com\/avatar\/dca4a6239e6d708e46c45d60e160de6c?s=96&d=wp_user_avatar&r=g\",\"caption\":\"Arlette Yeye\"},\"description\":\"Journaliste\/r\u00e9dactrice depuis septembre 2015 - Supportrice de Chelsea, j'ai pour sports de pr\u00e9dilection le handball, l'athl\u00e9tisme et le tennis. Si je tweete plus vite que mon ombre, vous pouvez aussi me retrouver les week-ends sur les playgrounds de Bruxelles pour un petit foot ou basket entre potes. Parcourir la France, l'Europe et plus si affinit\u00e9s pour suivre mes sportifs pr\u00e9f\u00e9r\u00e9s ? Mon kif ! Et c'est avec plaisir que je partage les r\u00e9sultats des sports populaires mais \u00e9galement plus confidentiels pour Dicodusport.\",\"sameAs\":[\"https:\/\/x.com\/https:\/\/twitter.com\/Shiclette94\"],\"url\":\"https:\/\/dicodusport.fr\/blog\/author\/arlette\/\"}]}<\/script>\n<!-- \/ Yoast SEO Premium plugin. -->","yoast_head_json":{"title":"Paris Grand Slam 2021 : les r\u00e9sultats fran\u00e7ais de la matin\u00e9e","description":"PARIS GRAND SLAM 2021 - 28 Fran\u00e7ais \u00e9taient engag\u00e9s lors de cette premi\u00e8re journ\u00e9e. Un peu moins de la moiti\u00e9 combattront pour une m\u00e9daille.","robots":{"index":"index","follow":"follow","max-snippet":"max-snippet:-1","max-image-preview":"max-image-preview:large","max-video-preview":"max-video-preview:-1"},"canonical":"https:\/\/dicodusport.fr\/blog\/paris-grand-slam-2021-les-resultats-francais-de-la-matinee\/","og_locale":"fr_FR","og_type":"article","og_title":"Paris Grand Slam 2021 : les r\u00e9sultats fran\u00e7ais de la matin\u00e9e","og_description":"PARIS GRAND SLAM 2021 - 28 Fran\u00e7ais \u00e9taient engag\u00e9s lors de cette premi\u00e8re journ\u00e9e. Un peu moins de la moiti\u00e9 combattront pour une m\u00e9daille.","og_url":"https:\/\/dicodusport.fr\/blog\/paris-grand-slam-2021-les-resultats-francais-de-la-matinee\/","og_site_name":"Dicodusport","article_publisher":"https:\/\/www.facebook.com\/dicodusport","article_published_time":"2021-10-16T13:32:57+00:00","article_modified_time":"2021-10-16T14:03:14+00:00","og_image":[{"width":800,"height":445,"url":"https:\/\/dicodusport.fr\/blog\/wp-content\/uploads\/2021\/10\/Paris-Grand-Slam-2021-les-resultats-francais-de-la-matinee.jpg","type":"image\/jpeg"}],"author":"Arlette Yeye","twitter_card":"summary_large_image","twitter_title":"Paris Grand Slam 2021 : les r\u00e9sultats fran\u00e7ais de la matin\u00e9e","twitter_creator":"@https:\/\/twitter.com\/Shiclette94","twitter_site":"@dicodusport","schema":{"@context":"https:\/\/schema.org","@graph":[{"@type":"NewsArticle","@id":"https:\/\/dicodusport.fr\/blog\/paris-grand-slam-2021-les-resultats-francais-de-la-matinee\/#article","isPartOf":{"@id":"https:\/\/dicodusport.fr\/blog\/paris-grand-slam-2021-les-resultats-francais-de-la-matinee\/"},"author":{"name":"Arlette Yeye","@id":"https:\/\/dicodusport.fr\/blog\/#\/schema\/person\/cce96fa88785bd8573e3d43078ac8c79"},"headline":"Paris Grand Slam 2021 : les r\u00e9sultats fran\u00e7ais de la matin\u00e9e","datePublished":"2021-10-16T13:32:57+00:00","dateModified":"2021-10-16T14:03:14+00:00","mainEntityOfPage":{"@id":"https:\/\/dicodusport.fr\/blog\/paris-grand-slam-2021-les-resultats-francais-de-la-matinee\/"},"wordCount":814,"commentCount":0,"publisher":{"@id":"https:\/\/dicodusport.fr\/blog\/#organization"},"image":{"@id":"https:\/\/dicodusport.fr\/blog\/paris-grand-slam-2021-les-resultats-francais-de-la-matinee\/#primaryimage"},"thumbnailUrl":"https:\/\/dicodusport.fr\/blog\/wp-content\/uploads\/2021\/10\/Paris-Grand-Slam-2021-les-resultats-francais-de-la-matinee.jpg","keywords":["Judo","Paris Grand Slam"],"articleSection":["Judo"],"inLanguage":"fr-FR","potentialAction":[{"@type":"CommentAction","name":"Comment","target":["https:\/\/dicodusport.fr\/blog\/paris-grand-slam-2021-les-resultats-francais-de-la-matinee\/#respond"]}],"copyrightYear":"2021","copyrightHolder":{"@id":"https:\/\/dicodusport.fr\/blog\/#organization"}},{"@type":"WebPage","@id":"https:\/\/dicodusport.fr\/blog\/paris-grand-slam-2021-les-resultats-francais-de-la-matinee\/","url":"https:\/\/dicodusport.fr\/blog\/paris-grand-slam-2021-les-resultats-francais-de-la-matinee\/","name":"Paris Grand Slam 2021 : les r\u00e9sultats fran\u00e7ais de la matin\u00e9e","isPartOf":{"@id":"https:\/\/dicodusport.fr\/blog\/#website"},"primaryImageOfPage":{"@id":"https:\/\/dicodusport.fr\/blog\/paris-grand-slam-2021-les-resultats-francais-de-la-matinee\/#primaryimage"},"image":{"@id":"https:\/\/dicodusport.fr\/blog\/paris-grand-slam-2021-les-resultats-francais-de-la-matinee\/#primaryimage"},"thumbnailUrl":"https:\/\/dicodusport.fr\/blog\/wp-content\/uploads\/2021\/10\/Paris-Grand-Slam-2021-les-resultats-francais-de-la-matinee.jpg","datePublished":"2021-10-16T13:32:57+00:00","dateModified":"2021-10-16T14:03:14+00:00","description":"PARIS GRAND SLAM 2021 - 28 Fran\u00e7ais \u00e9taient engag\u00e9s lors de cette premi\u00e8re journ\u00e9e. Un peu moins de la moiti\u00e9 combattront pour une m\u00e9daille.","breadcrumb":{"@id":"https:\/\/dicodusport.fr\/blog\/paris-grand-slam-2021-les-resultats-francais-de-la-matinee\/#breadcrumb"},"inLanguage":"fr-FR","potentialAction":[{"@type":"ReadAction","target":["https:\/\/dicodusport.fr\/blog\/paris-grand-slam-2021-les-resultats-francais-de-la-matinee\/"]}]},{"@type":"ImageObject","inLanguage":"fr-FR","@id":"https:\/\/dicodusport.fr\/blog\/paris-grand-slam-2021-les-resultats-francais-de-la-matinee\/#primaryimage","url":"https:\/\/dicodusport.fr\/blog\/wp-content\/uploads\/2021\/10\/Paris-Grand-Slam-2021-les-resultats-francais-de-la-matinee.jpg","contentUrl":"https:\/\/dicodusport.fr\/blog\/wp-content\/uploads\/2021\/10\/Paris-Grand-Slam-2021-les-resultats-francais-de-la-matinee.jpg","width":800,"height":445,"caption":"Paris Grand Slam 2021 les r\u00e9sultats fran\u00e7ais de la matin\u00e9e"},{"@type":"BreadcrumbList","@id":"https:\/\/dicodusport.fr\/blog\/paris-grand-slam-2021-les-resultats-francais-de-la-matinee\/#breadcrumb","itemListElement":[{"@type":"ListItem","position":1,"name":"Accueil","item":"https:\/\/dicodusport.fr\/blog\/"},{"@type":"ListItem","position":2,"name":"Paris Grand Slam 2021 : les r\u00e9sultats fran\u00e7ais de la matin\u00e9e"}]},{"@type":"WebSite","@id":"https:\/\/dicodusport.fr\/blog\/#website","url":"https:\/\/dicodusport.fr\/blog\/","name":"Dicodusport","description":"L&#039;encyclop\u00e9die de l&#039;actualit\u00e9 sportive","publisher":{"@id":"https:\/\/dicodusport.fr\/blog\/#organization"},"potentialAction":[{"@type":"SearchAction","target":{"@type":"EntryPoint","urlTemplate":"https:\/\/dicodusport.fr\/blog\/?s={search_term_string}"},"query-input":{"@type":"PropertyValueSpecification","valueRequired":true,"valueName":"search_term_string"}}],"inLanguage":"fr-FR"},{"@type":"NewsMediaOrganization","@id":"https:\/\/dicodusport.fr\/blog\/#organization","name":"Dicodusport","url":"https:\/\/dicodusport.fr\/blog\/","logo":{"@type":"ImageObject","inLanguage":"fr-FR","@id":"https:\/\/dicodusport.fr\/blog\/#\/schema\/logo\/image\/","url":"https:\/\/dicodusport.fr\/blog\/wp-content\/uploads\/2020\/06\/cropped-LOGO-DICODUSPORT-2020-SANS-FOND-SANS-TEXTE.png","contentUrl":"https:\/\/dicodusport.fr\/blog\/wp-content\/uploads\/2020\/06\/cropped-LOGO-DICODUSPORT-2020-SANS-FOND-SANS-TEXTE.png","width":512,"height":512,"caption":"Dicodusport"},"image":{"@id":"https:\/\/dicodusport.fr\/blog\/#\/schema\/logo\/image\/"},"sameAs":["https:\/\/www.facebook.com\/dicodusport","https:\/\/x.com\/dicodusport","https:\/\/www.instagram.com\/dicodusport\/","https:\/\/www.youtube.com\/channel\/UC7V2KZ5sd3htJivAbA4ZG3w"],"description":"Dicodusport est l'encyclop\u00e9die de l'actualit\u00e9 sportive.","email":"bonjour@dicodusport.fr","legalName":"DICODUSPORT","foundingDate":"2018-01-14","vatID":"FR71834470973","taxID":"83447097300043","numberOfEmployees":{"@type":"QuantitativeValue","minValue":"1","maxValue":"10"}},{"@type":"Person","@id":"https:\/\/dicodusport.fr\/blog\/#\/schema\/person\/cce96fa88785bd8573e3d43078ac8c79","name":"Arlette Yeye","image":{"@type":"ImageObject","inLanguage":"fr-FR","@id":"https:\/\/dicodusport.fr\/blog\/#\/schema\/person\/image\/","url":"https:\/\/secure.gravatar.com\/avatar\/dca4a6239e6d708e46c45d60e160de6c?s=96&d=wp_user_avatar&r=g","contentUrl":"https:\/\/secure.gravatar.com\/avatar\/dca4a6239e6d708e46c45d60e160de6c?s=96&d=wp_user_avatar&r=g","caption":"Arlette Yeye"},"description":"Journaliste\/r\u00e9dactrice depuis septembre 2015 - Supportrice de Chelsea, j'ai pour sports de pr\u00e9dilection le handball, l'athl\u00e9tisme et le tennis. Si je tweete plus vite que mon ombre, vous pouvez aussi me retrouver les week-ends sur les playgrounds de Bruxelles pour un petit foot ou basket entre potes. Parcourir la France, l'Europe et plus si affinit\u00e9s pour suivre mes sportifs pr\u00e9f\u00e9r\u00e9s ? Mon kif ! Et c'est avec plaisir que je partage les r\u00e9sultats des sports populaires mais \u00e9galement plus confidentiels pour Dicodusport.","sameAs":["https:\/\/x.com\/https:\/\/twitter.com\/Shiclette94"],"url":"https:\/\/dicodusport.fr\/blog\/author\/arlette\/"}]}},"_links":{"self":[{"href":"https:\/\/dicodusport.fr\/blog\/wp-json\/wp\/v2\/posts\/173470","targetHints":{"allow":["GET"]}}],"collection":[{"href":"https:\/\/dicodusport.fr\/blog\/wp-json\/wp\/v2\/posts"}],"about":[{"href":"https:\/\/dicodusport.fr\/blog\/wp-json\/wp\/v2\/types\/post"}],"author":[{"embeddable":true,"href":"https:\/\/dicodusport.fr\/blog\/wp-json\/wp\/v2\/users\/12"}],"replies":[{"embeddable":true,"href":"https:\/\/dicodusport.fr\/blog\/wp-json\/wp\/v2\/comments?post=173470"}],"version-history":[{"count":0,"href":"https:\/\/dicodusport.fr\/blog\/wp-json\/wp\/v2\/posts\/173470\/revisions"}],"wp:featuredmedia":[{"embeddable":true,"href":"https:\/\/dicodusport.fr\/blog\/wp-json\/wp\/v2\/media\/173516"}],"wp:attachment":[{"href":"https:\/\/dicodusport.fr\/blog\/wp-json\/wp\/v2\/media?parent=173470"}],"wp:term":[{"taxonomy":"category","embeddable":true,"href":"https:\/\/dicodusport.fr\/blog\/wp-json\/wp\/v2\/categories?post=173470"},{"taxonomy":"post_tag","embeddable":true,"href":"https:\/\/dicodusport.fr\/blog\/wp-json\/wp\/v2\/tags?post=173470"}],"curies":[{"name":"wp","href":"https:\/\/api.w.org\/{rel}","templated":true}]}}