{"id":17387,"date":"2018-04-30T14:00:28","date_gmt":"2018-04-30T12:00:28","guid":{"rendered":"http:\/\/dicodusport.fr\/blog\/?p=17387"},"modified":"2018-04-30T11:28:58","modified_gmt":"2018-04-30T09:28:58","slug":"world-triathlon-series-triple-norvegien","status":"publish","type":"post","link":"https:\/\/dicodusport.fr\/blog\/world-triathlon-series-triple-norvegien\/","title":{"rendered":"World Triathlon Series: un tripl\u00e9 Norv\u00e9gien pour l&rsquo;histoire"},"content":{"rendered":"<p style=\"text-align: justify;\"><em><strong>Les triathl\u00e8tes avaient rendez-vous aux Bermudes ce week-end pour la seconde \u00e9tape des World Series, le circuit mondial de Triathlon. Bilan mitig\u00e9 pour nos Fran\u00e7ais, mais exceptionnel c\u00f4t\u00e9 norv\u00e9gien !<\/strong><\/em><\/p>\n<p style=\"text-align: justify;\">Pour ce second rendez-vous de la saison en triathlon, les Fran\u00e7ais, apr\u00e8s de bons r\u00e9sultats sur la premi\u00e8re \u00e9tape \u00e0 Abu Dhabi, avaient de r\u00e9elles ambitions. Parmi eux, Vincent Luis, troisi\u00e8me sur cette premi\u00e8re \u00e9tape et L\u00e9o Berg\u00e8re, quatri\u00e8me, avaient un coup \u00e0 jouer, avec notamment l\u2019absence des deux fr\u00e8res Brownlee et des meilleurs triathl\u00e8tes australiens, suite \u00e0 leur pr\u00e9sence aux derniers Jeux du Commonwealth.<\/p>\n<div id=\"attachment_17392\" style=\"width: 650px\" class=\"wp-caption aligncenter\"><img loading=\"lazy\" decoding=\"async\" aria-describedby=\"caption-attachment-17392\" class=\"size-full wp-image-17392\" src=\"http:\/\/dicodusport.fr\/blog\/wp-content\/uploads\/2018\/04\/Vincent-Luis-troisie\u0300me-de-la-premie\u0300re-e\u0301tape-des-World-Triathlon-Series-a\u0300-Abu-Dhabi-Trimag.jpg\" alt=\"\" width=\"640\" height=\"427\" srcset=\"https:\/\/dicodusport.fr\/blog\/wp-content\/uploads\/2018\/04\/Vincent-Luis-troisie\u0300me-de-la-premie\u0300re-e\u0301tape-des-World-Triathlon-Series-a\u0300-Abu-Dhabi-Trimag.jpg 640w, https:\/\/dicodusport.fr\/blog\/wp-content\/uploads\/2018\/04\/Vincent-Luis-troisie\u0300me-de-la-premie\u0300re-e\u0301tape-des-World-Triathlon-Series-a\u0300-Abu-Dhabi-Trimag-300x200.jpg 300w\" sizes=\"auto, (max-width: 640px) 100vw, 640px\" \/><p id=\"caption-attachment-17392\" class=\"wp-caption-text\">Vincent Luis, troisie\u0300me de la premie\u0300re e\u0301tape des World Triathlon Series a\u0300 Abu Dhabi &#8211; Trimag<\/p><\/div>\n<p style=\"text-align: justify;\">Les Bermudes proposaient aux triathl\u00e8tes, hommes et femmes, une distance olympique pour ce second rendez-vous de l\u2019ann\u00e9e, avec 1,5 kilom\u00e8tres de natation, 40 kilom\u00e8tres de v\u00e9lo (10 boucles de 4 kilom\u00e8tres \u00e0 parcourir) et 10 kilom\u00e8tres de course \u00e0 pied pour terminer (en 4 boucles de 2,5 kilom\u00e8tres).<\/p>\n<p style=\"text-align: justify;\">Chez les hommes, apr\u00e8s une natation \u00e9quilibr\u00e9e, c\u2019est le Norv\u00e9gien Casper Stornes qui prit rapidement les commandes de la course apr\u00e8s une acc\u00e9l\u00e9ration dans la bosse de ce parcours exigeant de v\u00e9lo. Ayant sous-estim\u00e9 les qualit\u00e9s de rouleur du jeune Norv\u00e9gien, le peloton a tard\u00e9 \u00e0 r\u00e9agir et a m\u00eame laiss\u00e9 partir en chasse deux autres Norv\u00e9giens, Kristian Blummenfelt et Gustav Iden. L\u2019avance de ces trois triathl\u00e8tes \u00e9tait cons\u00e9quente au cours de l\u2019ultime transition avant d\u2019attaquer la partie en course \u00e0 pied. La Norv\u00e8ge, qui n\u2019avait jamais vu un de ses triathl\u00e8tes remporter une \u00e9preuve sur le circuit mondial, r\u00e9alisa pour la premi\u00e8re fois de l\u2019histoire un tripl\u00e9 national sur ce genre d\u2019\u00e9preuve. Casper Stornes remporte ainsi sa premi\u00e8re victoire en World Series, devant ses compatriotes Kristian Blummenfelt (deuxi\u00e8me) et Gustav Iden (troisi\u00e8me).<\/p>\n<p><span class=\"CyV7fH3o6S7b50M4njd9JvKASkZ9rvhtPspRUDonkeWxBwZmNdrqHaUOT8ixbiuWDP0EIet4cYIyC\"><\/p>\n<blockquote class=\"twitter-tweet\" data-width=\"550\" data-dnt=\"true\">\n<p lang=\"en\" dir=\"ltr\">History being made! Norway sweeps the <a href=\"https:\/\/twitter.com\/hashtag\/WTSBermuda?src=hash&amp;ref_src=twsrc%5Etfw\">#WTSBermuda<\/a> as the first country to ever sweep a men\u2019s WTS podium! Congrats to Casper Stornes, <a href=\"https:\/\/twitter.com\/kristianblu?ref_src=twsrc%5Etfw\">@kristianblu<\/a> &amp; Gustav Iden on the \ud83e\udd47 \ud83e\udd48 \ud83e\udd49 \ud83c\uddf3\ud83c\uddf4 \ud83c\uddf3\ud83c\uddf4 \ud83c\uddf3\ud83c\uddf4 <a href=\"https:\/\/t.co\/dg8WidC1m2\">pic.twitter.com\/dg8WidC1m2<\/a><\/p>\n<p>&mdash; World Triathlon (@worldtriathlon) <a href=\"https:\/\/twitter.com\/worldtriathlon\/status\/990293235175215105?ref_src=twsrc%5Etfw\">April 28, 2018<\/a><\/p><\/blockquote>\n<p><script async src=\"https:\/\/platform.twitter.com\/widgets.js\" charset=\"utf-8\"><\/script><\/span><\/p>\n<p style=\"text-align: justify;\">C\u00f4t\u00e9 Fran\u00e7ais, Vincent Luis a \u00e9t\u00e9 contraint d\u2019abandonner \u00e0 v\u00e9lo, lui qui restait sur une belle performance \u00e0 Abu Dhabi. Pour les autres tricolores, c\u2019est une septi\u00e8me place pour Dorian Coninx, une douzi\u00e8me pour Pierre Le Corre et une quatorzi\u00e8me place pour L\u00e9o Berg\u00e8re. Un bilan plut\u00f4t compliqu\u00e9 et une \u00e9tape du World Series \u00e0 oublier rapidement pour nos Fran\u00e7ais.<\/p>\n<p style=\"text-align: justify;\">Chez les femmes, on a assist\u00e9 \u00e0 une d\u00e9monstration de la favorite Flora Duffy, intouchable, qui plus est sur ses terres. La triathl\u00e8te locale, originaire des Bermudes, n\u2019a laiss\u00e9 aucune chance \u00e0 ses poursuivantes, effa\u00e7ant ainsi le couac d\u2019Abu Dhabi. La Britannique Vicky Holland et l\u2019Am\u00e9ricaine Katie Zaferes compl\u00e8tent le podium de cette seconde \u00e9tape du World Series.<\/p>\n<div id=\"attachment_17395\" style=\"width: 642px\" class=\"wp-caption aligncenter\"><img loading=\"lazy\" decoding=\"async\" aria-describedby=\"caption-attachment-17395\" class=\"size-full wp-image-17395\" src=\"http:\/\/dicodusport.fr\/blog\/wp-content\/uploads\/2018\/04\/Flora-Duffy-a-une-nouvelle-fois-impressionne\u0301-chez-elle-aux-Bermudes-Forever-Bermuda.jpg\" alt=\"\" width=\"632\" height=\"421\" srcset=\"https:\/\/dicodusport.fr\/blog\/wp-content\/uploads\/2018\/04\/Flora-Duffy-a-une-nouvelle-fois-impressionne\u0301-chez-elle-aux-Bermudes-Forever-Bermuda.jpg 632w, https:\/\/dicodusport.fr\/blog\/wp-content\/uploads\/2018\/04\/Flora-Duffy-a-une-nouvelle-fois-impressionne\u0301-chez-elle-aux-Bermudes-Forever-Bermuda-300x200.jpg 300w\" sizes=\"auto, (max-width: 632px) 100vw, 632px\" \/><p id=\"caption-attachment-17395\" class=\"wp-caption-text\">Flora Duffy a une nouvelle fois impressionne\u0301 chez elle, aux Bermudes &#8211; Forever Bermuda<\/p><\/div>\n<p><strong><em>Bastien Pitte<br \/>\n<a href=\"https:\/\/www.facebook.com\/bastien.pitte\" target=\"_blank\" rel=\"noopener\"><img loading=\"lazy\" decoding=\"async\" class=\"alignnone wp-image-2909\" src=\"http:\/\/dicodusport.fr\/blog\/wp-content\/uploads\/2017\/07\/logo-facebook-150x150.png\" alt=\"\" width=\"39\" height=\"39\" \/><\/a><\/em><\/strong><a href=\"https:\/\/www.linkedin.com\/in\/bastien-pitte\" target=\"_blank\" rel=\"noopener\"><img loading=\"lazy\" decoding=\"async\" class=\"alignnone wp-image-3711\" src=\"http:\/\/dicodusport.fr\/blog\/wp-content\/uploads\/2017\/08\/signature-linkedin-150x150.png\" alt=\"\" width=\"39\" height=\"39\" srcset=\"https:\/\/dicodusport.fr\/blog\/wp-content\/uploads\/2017\/08\/signature-linkedin-150x150.png 150w, https:\/\/dicodusport.fr\/blog\/wp-content\/uploads\/2017\/08\/signature-linkedin.png 295w\" sizes=\"auto, (max-width: 39px) 100vw, 39px\" \/><\/a><\/p>\n","protected":false},"excerpt":{"rendered":"<p>Les triathl\u00e8tes avaient rendez-vous aux Bermudes ce week-end pour la seconde \u00e9tape des World Series, le circuit mondial de Triathlon. Bilan mitig\u00e9 pour nos Fran\u00e7ais, mais exceptionnel c\u00f4t\u00e9 Norv\u00e9giens !<\/p>\n","protected":false},"author":28,"featured_media":17472,"comment_status":"open","ping_status":"closed","sticky":false,"template":"","format":"standard","meta":{"_acf_changed":false,"_daextam_enable_autolinks":"","footnotes":""},"categories":[2,2316],"tags":[4683,4684,3620,589,1874],"class_list":["post-17387","post","type-post","status-publish","format-standard","has-post-thumbnail","hentry","category-actualites","category-tous-les-sports","tag-dorian-coninx","tag-leo-bergere","tag-pierre-le-corre","tag-triathlon","tag-vincent-luis"],"acf":[],"yoast_head":"<!-- This site is optimized with the Yoast SEO Premium plugin v26.7 (Yoast SEO v26.7) - https:\/\/yoast.com\/wordpress\/plugins\/seo\/ -->\n<title>World Triathlon Series: un tripl\u00e9 Norv\u00e9gien pour l&#039;histoire<\/title>\n<meta name=\"description\" content=\"Les triathl\u00e8tes avaient rendez-vous aux Bermudes ce week-end pour la seconde \u00e9tape des World Series, le circuit mondial de Triathlon. Bilan mitig\u00e9 pour nos Fran\u00e7ais, mais exceptionnel c\u00f4t\u00e9 Norv\u00e9giens\u00a0!\" \/>\n<meta name=\"robots\" content=\"index, follow, max-snippet:-1, max-image-preview:large, max-video-preview:-1\" \/>\n<link rel=\"canonical\" href=\"https:\/\/dicodusport.fr\/blog\/world-triathlon-series-triple-norvegien\/\" \/>\n<meta property=\"og:locale\" content=\"fr_FR\" \/>\n<meta property=\"og:type\" content=\"article\" \/>\n<meta property=\"og:title\" content=\"World Triathlon Series: un tripl\u00e9 Norv\u00e9gien pour l&#039;histoire\" \/>\n<meta property=\"og:description\" content=\"Les triathl\u00e8tes avaient rendez-vous aux Bermudes ce week-end pour la seconde \u00e9tape des World Series, le circuit mondial de Triathlon. Bilan mitig\u00e9 pour nos Fran\u00e7ais, mais exceptionnel c\u00f4t\u00e9 Norv\u00e9giens\u00a0!\" \/>\n<meta property=\"og:url\" content=\"https:\/\/dicodusport.fr\/blog\/world-triathlon-series-triple-norvegien\/\" \/>\n<meta property=\"og:site_name\" content=\"Dicodusport\" \/>\n<meta property=\"article:publisher\" content=\"https:\/\/www.facebook.com\/dicodusport\" \/>\n<meta property=\"article:published_time\" content=\"2018-04-30T12:00:28+00:00\" \/>\n<meta property=\"og:image\" content=\"https:\/\/dicodusport.fr\/blog\/wp-content\/uploads\/2018\/04\/Triathlon-Bermudes.png\" \/>\n\t<meta property=\"og:image:width\" content=\"800\" \/>\n\t<meta property=\"og:image:height\" content=\"445\" \/>\n\t<meta property=\"og:image:type\" content=\"image\/png\" \/>\n<meta name=\"author\" content=\"Bastien Pitte\" \/>\n<meta name=\"twitter:card\" content=\"summary_large_image\" \/>\n<meta name=\"twitter:creator\" content=\"@dicodusport\" \/>\n<meta name=\"twitter:site\" content=\"@dicodusport\" \/>\n<script type=\"application\/ld+json\" class=\"yoast-schema-graph\">{\"@context\":\"https:\/\/schema.org\",\"@graph\":[{\"@type\":\"NewsArticle\",\"@id\":\"https:\/\/dicodusport.fr\/blog\/world-triathlon-series-triple-norvegien\/#article\",\"isPartOf\":{\"@id\":\"https:\/\/dicodusport.fr\/blog\/world-triathlon-series-triple-norvegien\/\"},\"author\":{\"name\":\"Bastien Pitte\",\"@id\":\"https:\/\/dicodusport.fr\/blog\/#\/schema\/person\/0d3ca824646a2d0c77bdd7e45230c071\"},\"headline\":\"World Triathlon Series: un tripl\u00e9 Norv\u00e9gien pour l&rsquo;histoire\",\"datePublished\":\"2018-04-30T12:00:28+00:00\",\"mainEntityOfPage\":{\"@id\":\"https:\/\/dicodusport.fr\/blog\/world-triathlon-series-triple-norvegien\/\"},\"wordCount\":513,\"commentCount\":0,\"publisher\":{\"@id\":\"https:\/\/dicodusport.fr\/blog\/#organization\"},\"image\":{\"@id\":\"https:\/\/dicodusport.fr\/blog\/world-triathlon-series-triple-norvegien\/#primaryimage\"},\"thumbnailUrl\":\"https:\/\/dicodusport.fr\/blog\/wp-content\/uploads\/2018\/04\/Triathlon-Bermudes.png\",\"keywords\":[\"Dorian Coninx\",\"L\u00e9o Berg\u00e8re\",\"Pierre Le Corre\",\"triathlon\",\"Vincent Luis\"],\"articleSection\":[\"Actualit\u00e9s\",\"Sports\"],\"inLanguage\":\"fr-FR\",\"potentialAction\":[{\"@type\":\"CommentAction\",\"name\":\"Comment\",\"target\":[\"https:\/\/dicodusport.fr\/blog\/world-triathlon-series-triple-norvegien\/#respond\"]}],\"copyrightYear\":\"2018\",\"copyrightHolder\":{\"@id\":\"https:\/\/dicodusport.fr\/blog\/#organization\"}},{\"@type\":\"WebPage\",\"@id\":\"https:\/\/dicodusport.fr\/blog\/world-triathlon-series-triple-norvegien\/\",\"url\":\"https:\/\/dicodusport.fr\/blog\/world-triathlon-series-triple-norvegien\/\",\"name\":\"World Triathlon Series: un tripl\u00e9 Norv\u00e9gien pour l'histoire\",\"isPartOf\":{\"@id\":\"https:\/\/dicodusport.fr\/blog\/#website\"},\"primaryImageOfPage\":{\"@id\":\"https:\/\/dicodusport.fr\/blog\/world-triathlon-series-triple-norvegien\/#primaryimage\"},\"image\":{\"@id\":\"https:\/\/dicodusport.fr\/blog\/world-triathlon-series-triple-norvegien\/#primaryimage\"},\"thumbnailUrl\":\"https:\/\/dicodusport.fr\/blog\/wp-content\/uploads\/2018\/04\/Triathlon-Bermudes.png\",\"datePublished\":\"2018-04-30T12:00:28+00:00\",\"description\":\"Les triathl\u00e8tes avaient rendez-vous aux Bermudes ce week-end pour la seconde \u00e9tape des World Series, le circuit mondial de Triathlon. Bilan mitig\u00e9 pour nos Fran\u00e7ais, mais exceptionnel c\u00f4t\u00e9 Norv\u00e9giens\u00a0!\",\"breadcrumb\":{\"@id\":\"https:\/\/dicodusport.fr\/blog\/world-triathlon-series-triple-norvegien\/#breadcrumb\"},\"inLanguage\":\"fr-FR\",\"potentialAction\":[{\"@type\":\"ReadAction\",\"target\":[\"https:\/\/dicodusport.fr\/blog\/world-triathlon-series-triple-norvegien\/\"]}]},{\"@type\":\"ImageObject\",\"inLanguage\":\"fr-FR\",\"@id\":\"https:\/\/dicodusport.fr\/blog\/world-triathlon-series-triple-norvegien\/#primaryimage\",\"url\":\"https:\/\/dicodusport.fr\/blog\/wp-content\/uploads\/2018\/04\/Triathlon-Bermudes.png\",\"contentUrl\":\"https:\/\/dicodusport.fr\/blog\/wp-content\/uploads\/2018\/04\/Triathlon-Bermudes.png\",\"width\":800,\"height\":445},{\"@type\":\"BreadcrumbList\",\"@id\":\"https:\/\/dicodusport.fr\/blog\/world-triathlon-series-triple-norvegien\/#breadcrumb\",\"itemListElement\":[{\"@type\":\"ListItem\",\"position\":1,\"name\":\"Accueil\",\"item\":\"https:\/\/dicodusport.fr\/blog\/\"},{\"@type\":\"ListItem\",\"position\":2,\"name\":\"World Triathlon Series: un tripl\u00e9 Norv\u00e9gien pour l&rsquo;histoire\"}]},{\"@type\":\"WebSite\",\"@id\":\"https:\/\/dicodusport.fr\/blog\/#website\",\"url\":\"https:\/\/dicodusport.fr\/blog\/\",\"name\":\"Dicodusport\",\"description\":\"L&#039;encyclop\u00e9die de l&#039;actualit\u00e9 sportive\",\"publisher\":{\"@id\":\"https:\/\/dicodusport.fr\/blog\/#organization\"},\"potentialAction\":[{\"@type\":\"SearchAction\",\"target\":{\"@type\":\"EntryPoint\",\"urlTemplate\":\"https:\/\/dicodusport.fr\/blog\/?s={search_term_string}\"},\"query-input\":{\"@type\":\"PropertyValueSpecification\",\"valueRequired\":true,\"valueName\":\"search_term_string\"}}],\"inLanguage\":\"fr-FR\"},{\"@type\":\"NewsMediaOrganization\",\"@id\":\"https:\/\/dicodusport.fr\/blog\/#organization\",\"name\":\"Dicodusport\",\"url\":\"https:\/\/dicodusport.fr\/blog\/\",\"logo\":{\"@type\":\"ImageObject\",\"inLanguage\":\"fr-FR\",\"@id\":\"https:\/\/dicodusport.fr\/blog\/#\/schema\/logo\/image\/\",\"url\":\"https:\/\/dicodusport.fr\/blog\/wp-content\/uploads\/2020\/06\/cropped-LOGO-DICODUSPORT-2020-SANS-FOND-SANS-TEXTE.png\",\"contentUrl\":\"https:\/\/dicodusport.fr\/blog\/wp-content\/uploads\/2020\/06\/cropped-LOGO-DICODUSPORT-2020-SANS-FOND-SANS-TEXTE.png\",\"width\":512,\"height\":512,\"caption\":\"Dicodusport\"},\"image\":{\"@id\":\"https:\/\/dicodusport.fr\/blog\/#\/schema\/logo\/image\/\"},\"sameAs\":[\"https:\/\/www.facebook.com\/dicodusport\",\"https:\/\/x.com\/dicodusport\",\"https:\/\/www.instagram.com\/dicodusport\/\",\"https:\/\/www.youtube.com\/channel\/UC7V2KZ5sd3htJivAbA4ZG3w\"],\"description\":\"Dicodusport est l'encyclop\u00e9die de l'actualit\u00e9 sportive.\",\"email\":\"bonjour@dicodusport.fr\",\"legalName\":\"DICODUSPORT\",\"foundingDate\":\"2018-01-14\",\"vatID\":\"FR71834470973\",\"taxID\":\"83447097300043\",\"numberOfEmployees\":{\"@type\":\"QuantitativeValue\",\"minValue\":\"1\",\"maxValue\":\"10\"}},{\"@type\":\"Person\",\"@id\":\"https:\/\/dicodusport.fr\/blog\/#\/schema\/person\/0d3ca824646a2d0c77bdd7e45230c071\",\"name\":\"Bastien Pitte\",\"image\":{\"@type\":\"ImageObject\",\"inLanguage\":\"fr-FR\",\"@id\":\"https:\/\/dicodusport.fr\/blog\/#\/schema\/person\/image\/\",\"url\":\"https:\/\/dicodusport.fr\/blog\/wp-content\/uploads\/2020\/06\/cropped-LOGO-DICODUSPORT-2020-SANS-FOND-SANS-TEXTE-150x150.png\",\"contentUrl\":\"https:\/\/dicodusport.fr\/blog\/wp-content\/uploads\/2020\/06\/cropped-LOGO-DICODUSPORT-2020-SANS-FOND-SANS-TEXTE-150x150.png\",\"caption\":\"Bastien Pitte\"},\"url\":\"https:\/\/dicodusport.fr\/blog\/author\/bastien\/\"}]}<\/script>\n<!-- \/ Yoast SEO Premium plugin. -->","yoast_head_json":{"title":"World Triathlon Series: un tripl\u00e9 Norv\u00e9gien pour l'histoire","description":"Les triathl\u00e8tes avaient rendez-vous aux Bermudes ce week-end pour la seconde \u00e9tape des World Series, le circuit mondial de Triathlon. Bilan mitig\u00e9 pour nos Fran\u00e7ais, mais exceptionnel c\u00f4t\u00e9 Norv\u00e9giens\u00a0!","robots":{"index":"index","follow":"follow","max-snippet":"max-snippet:-1","max-image-preview":"max-image-preview:large","max-video-preview":"max-video-preview:-1"},"canonical":"https:\/\/dicodusport.fr\/blog\/world-triathlon-series-triple-norvegien\/","og_locale":"fr_FR","og_type":"article","og_title":"World Triathlon Series: un tripl\u00e9 Norv\u00e9gien pour l'histoire","og_description":"Les triathl\u00e8tes avaient rendez-vous aux Bermudes ce week-end pour la seconde \u00e9tape des World Series, le circuit mondial de Triathlon. Bilan mitig\u00e9 pour nos Fran\u00e7ais, mais exceptionnel c\u00f4t\u00e9 Norv\u00e9giens\u00a0!","og_url":"https:\/\/dicodusport.fr\/blog\/world-triathlon-series-triple-norvegien\/","og_site_name":"Dicodusport","article_publisher":"https:\/\/www.facebook.com\/dicodusport","article_published_time":"2018-04-30T12:00:28+00:00","og_image":[{"width":800,"height":445,"url":"https:\/\/dicodusport.fr\/blog\/wp-content\/uploads\/2018\/04\/Triathlon-Bermudes.png","type":"image\/png"}],"author":"Bastien Pitte","twitter_card":"summary_large_image","twitter_creator":"@dicodusport","twitter_site":"@dicodusport","schema":{"@context":"https:\/\/schema.org","@graph":[{"@type":"NewsArticle","@id":"https:\/\/dicodusport.fr\/blog\/world-triathlon-series-triple-norvegien\/#article","isPartOf":{"@id":"https:\/\/dicodusport.fr\/blog\/world-triathlon-series-triple-norvegien\/"},"author":{"name":"Bastien Pitte","@id":"https:\/\/dicodusport.fr\/blog\/#\/schema\/person\/0d3ca824646a2d0c77bdd7e45230c071"},"headline":"World Triathlon Series: un tripl\u00e9 Norv\u00e9gien pour l&rsquo;histoire","datePublished":"2018-04-30T12:00:28+00:00","mainEntityOfPage":{"@id":"https:\/\/dicodusport.fr\/blog\/world-triathlon-series-triple-norvegien\/"},"wordCount":513,"commentCount":0,"publisher":{"@id":"https:\/\/dicodusport.fr\/blog\/#organization"},"image":{"@id":"https:\/\/dicodusport.fr\/blog\/world-triathlon-series-triple-norvegien\/#primaryimage"},"thumbnailUrl":"https:\/\/dicodusport.fr\/blog\/wp-content\/uploads\/2018\/04\/Triathlon-Bermudes.png","keywords":["Dorian Coninx","L\u00e9o Berg\u00e8re","Pierre Le Corre","triathlon","Vincent Luis"],"articleSection":["Actualit\u00e9s","Sports"],"inLanguage":"fr-FR","potentialAction":[{"@type":"CommentAction","name":"Comment","target":["https:\/\/dicodusport.fr\/blog\/world-triathlon-series-triple-norvegien\/#respond"]}],"copyrightYear":"2018","copyrightHolder":{"@id":"https:\/\/dicodusport.fr\/blog\/#organization"}},{"@type":"WebPage","@id":"https:\/\/dicodusport.fr\/blog\/world-triathlon-series-triple-norvegien\/","url":"https:\/\/dicodusport.fr\/blog\/world-triathlon-series-triple-norvegien\/","name":"World Triathlon Series: un tripl\u00e9 Norv\u00e9gien pour l'histoire","isPartOf":{"@id":"https:\/\/dicodusport.fr\/blog\/#website"},"primaryImageOfPage":{"@id":"https:\/\/dicodusport.fr\/blog\/world-triathlon-series-triple-norvegien\/#primaryimage"},"image":{"@id":"https:\/\/dicodusport.fr\/blog\/world-triathlon-series-triple-norvegien\/#primaryimage"},"thumbnailUrl":"https:\/\/dicodusport.fr\/blog\/wp-content\/uploads\/2018\/04\/Triathlon-Bermudes.png","datePublished":"2018-04-30T12:00:28+00:00","description":"Les triathl\u00e8tes avaient rendez-vous aux Bermudes ce week-end pour la seconde \u00e9tape des World Series, le circuit mondial de Triathlon. Bilan mitig\u00e9 pour nos Fran\u00e7ais, mais exceptionnel c\u00f4t\u00e9 Norv\u00e9giens\u00a0!","breadcrumb":{"@id":"https:\/\/dicodusport.fr\/blog\/world-triathlon-series-triple-norvegien\/#breadcrumb"},"inLanguage":"fr-FR","potentialAction":[{"@type":"ReadAction","target":["https:\/\/dicodusport.fr\/blog\/world-triathlon-series-triple-norvegien\/"]}]},{"@type":"ImageObject","inLanguage":"fr-FR","@id":"https:\/\/dicodusport.fr\/blog\/world-triathlon-series-triple-norvegien\/#primaryimage","url":"https:\/\/dicodusport.fr\/blog\/wp-content\/uploads\/2018\/04\/Triathlon-Bermudes.png","contentUrl":"https:\/\/dicodusport.fr\/blog\/wp-content\/uploads\/2018\/04\/Triathlon-Bermudes.png","width":800,"height":445},{"@type":"BreadcrumbList","@id":"https:\/\/dicodusport.fr\/blog\/world-triathlon-series-triple-norvegien\/#breadcrumb","itemListElement":[{"@type":"ListItem","position":1,"name":"Accueil","item":"https:\/\/dicodusport.fr\/blog\/"},{"@type":"ListItem","position":2,"name":"World Triathlon Series: un tripl\u00e9 Norv\u00e9gien pour l&rsquo;histoire"}]},{"@type":"WebSite","@id":"https:\/\/dicodusport.fr\/blog\/#website","url":"https:\/\/dicodusport.fr\/blog\/","name":"Dicodusport","description":"L&#039;encyclop\u00e9die de l&#039;actualit\u00e9 sportive","publisher":{"@id":"https:\/\/dicodusport.fr\/blog\/#organization"},"potentialAction":[{"@type":"SearchAction","target":{"@type":"EntryPoint","urlTemplate":"https:\/\/dicodusport.fr\/blog\/?s={search_term_string}"},"query-input":{"@type":"PropertyValueSpecification","valueRequired":true,"valueName":"search_term_string"}}],"inLanguage":"fr-FR"},{"@type":"NewsMediaOrganization","@id":"https:\/\/dicodusport.fr\/blog\/#organization","name":"Dicodusport","url":"https:\/\/dicodusport.fr\/blog\/","logo":{"@type":"ImageObject","inLanguage":"fr-FR","@id":"https:\/\/dicodusport.fr\/blog\/#\/schema\/logo\/image\/","url":"https:\/\/dicodusport.fr\/blog\/wp-content\/uploads\/2020\/06\/cropped-LOGO-DICODUSPORT-2020-SANS-FOND-SANS-TEXTE.png","contentUrl":"https:\/\/dicodusport.fr\/blog\/wp-content\/uploads\/2020\/06\/cropped-LOGO-DICODUSPORT-2020-SANS-FOND-SANS-TEXTE.png","width":512,"height":512,"caption":"Dicodusport"},"image":{"@id":"https:\/\/dicodusport.fr\/blog\/#\/schema\/logo\/image\/"},"sameAs":["https:\/\/www.facebook.com\/dicodusport","https:\/\/x.com\/dicodusport","https:\/\/www.instagram.com\/dicodusport\/","https:\/\/www.youtube.com\/channel\/UC7V2KZ5sd3htJivAbA4ZG3w"],"description":"Dicodusport est l'encyclop\u00e9die de l'actualit\u00e9 sportive.","email":"bonjour@dicodusport.fr","legalName":"DICODUSPORT","foundingDate":"2018-01-14","vatID":"FR71834470973","taxID":"83447097300043","numberOfEmployees":{"@type":"QuantitativeValue","minValue":"1","maxValue":"10"}},{"@type":"Person","@id":"https:\/\/dicodusport.fr\/blog\/#\/schema\/person\/0d3ca824646a2d0c77bdd7e45230c071","name":"Bastien Pitte","image":{"@type":"ImageObject","inLanguage":"fr-FR","@id":"https:\/\/dicodusport.fr\/blog\/#\/schema\/person\/image\/","url":"https:\/\/dicodusport.fr\/blog\/wp-content\/uploads\/2020\/06\/cropped-LOGO-DICODUSPORT-2020-SANS-FOND-SANS-TEXTE-150x150.png","contentUrl":"https:\/\/dicodusport.fr\/blog\/wp-content\/uploads\/2020\/06\/cropped-LOGO-DICODUSPORT-2020-SANS-FOND-SANS-TEXTE-150x150.png","caption":"Bastien Pitte"},"url":"https:\/\/dicodusport.fr\/blog\/author\/bastien\/"}]}},"_links":{"self":[{"href":"https:\/\/dicodusport.fr\/blog\/wp-json\/wp\/v2\/posts\/17387","targetHints":{"allow":["GET"]}}],"collection":[{"href":"https:\/\/dicodusport.fr\/blog\/wp-json\/wp\/v2\/posts"}],"about":[{"href":"https:\/\/dicodusport.fr\/blog\/wp-json\/wp\/v2\/types\/post"}],"author":[{"embeddable":true,"href":"https:\/\/dicodusport.fr\/blog\/wp-json\/wp\/v2\/users\/28"}],"replies":[{"embeddable":true,"href":"https:\/\/dicodusport.fr\/blog\/wp-json\/wp\/v2\/comments?post=17387"}],"version-history":[{"count":0,"href":"https:\/\/dicodusport.fr\/blog\/wp-json\/wp\/v2\/posts\/17387\/revisions"}],"wp:featuredmedia":[{"embeddable":true,"href":"https:\/\/dicodusport.fr\/blog\/wp-json\/wp\/v2\/media\/17472"}],"wp:attachment":[{"href":"https:\/\/dicodusport.fr\/blog\/wp-json\/wp\/v2\/media?parent=17387"}],"wp:term":[{"taxonomy":"category","embeddable":true,"href":"https:\/\/dicodusport.fr\/blog\/wp-json\/wp\/v2\/categories?post=17387"},{"taxonomy":"post_tag","embeddable":true,"href":"https:\/\/dicodusport.fr\/blog\/wp-json\/wp\/v2\/tags?post=17387"}],"curies":[{"name":"wp","href":"https:\/\/api.w.org\/{rel}","templated":true}]}}