{"id":173874,"date":"2021-10-17T22:10:34","date_gmt":"2021-10-17T20:10:34","guid":{"rendered":"https:\/\/dicodusport.fr\/blog\/?p=173874"},"modified":"2021-10-17T22:29:18","modified_gmt":"2021-10-17T20:29:18","slug":"coupe-du-monde-iowa-city-2021-eli-iserbyt-s-impose-en-patron","status":"publish","type":"post","link":"https:\/\/dicodusport.fr\/blog\/coupe-du-monde-iowa-city-2021-eli-iserbyt-s-impose-en-patron\/","title":{"rendered":"Coupe du monde d&rsquo;Iowa City 2021 : Eli Iserbyt s&rsquo;impose en patron"},"content":{"rendered":"<p style=\"text-align: justify;\"><b><i><a href=\"https:\/\/dicodusport.fr\/blog\/coupe-du-monde-cyclo-cross-2021-2022-calendrier-complet\/\">COUPE DU MONDE DE CYCLO-CROSS 2021-2022<\/a> &#8211; Le champion d&rsquo;Europe Eli Iserbyt (Pauwels Sauzen &#8211; Bingoal) s&rsquo;est impos\u00e9 sur la troisi\u00e8me manche de la Coupe du monde qui se d\u00e9roulait ce dimanche \u00e0 Iowa City. Il l&#8217;emporte devant Lars van der Haar (Trek Baloise Lions) et Michael Vanthourenhout (Pauwels Sauzen &#8211; Bingoal).\u00a0<\/i><\/b><\/p>\n<h2 style=\"text-align: justify;\">Eli Iserbyt \u00e0 la peine \u00e0 l&rsquo;allumage<\/h2>\n<p style=\"text-align: justify;\">D&rsquo;abord, <strong>Quinten Hermans <\/strong>et<strong> Corn\u00e9 van Kessel<\/strong> (Tormans &#8211; Circus Cyclo Cross Team) ont pris le meilleur d\u00e9part alors que Toon Aerts et Eli Iserbyt se sont retrouv\u00e9s en plein milieu du peloton. <strong>Ryan Kamp<\/strong> (Pauwels Sauzen &#8211; Bingoal) a ramen\u00e9 un petit groupe sur le duo de la Tormans &#8211; Circus Cyclo Cross Team. <strong>Iserbyt<\/strong> a d\u00fb produire un effort pour recoller \u00e0 la t\u00eate de la course.<\/p>\n<p style=\"text-align: justify;\">Dans le deuxi\u00e8me tour, cinq coureurs (<strong>Kamp, Van der Haar, Hermans, Vanthourenhout <\/strong>et <strong>Iserbyt<\/strong>) se sont d\u00e9gag\u00e9s dans la portion difficile au d\u00e9but de la boucle sous l&rsquo;impulsion de Lars van der Haar alors que Toon Aerts a d\u00e9chauss\u00e9 dans la mont\u00e9e, perdant beaucoup de temps.<\/p>\n<p style=\"text-align: justify;\">Ensuite, <strong>Quinten Hermans<\/strong> a port\u00e9 une violente attaque au d\u00e9but du troisi\u00e8me tour et seul <strong>Eli Iserbyt<\/strong> a r\u00e9ussi \u00e0 suivre le vainqueur de la manche de Fayetteville. <strong>Van der Haar<\/strong> et <strong>Vanthourenhout<\/strong> ont fait la jonction sur la fin du parcours.<\/p>\n<h2 style=\"text-align: justify;\">Le duel Iserbyt &#8211; Hermans<\/h2>\n<p style=\"text-align: justify;\">Dans le quatri\u00e8me tour, le duo <strong>Toon Aerts<\/strong> et<strong> Jens Adams<\/strong> \u00e9taient en poursuite \u00e0 10 secondes derri\u00e8re le quatuor o\u00f9 Van der Haar a impos\u00e9 le tempo. <strong>Ryan Kamp<\/strong>, quant \u00e0 lui, a pay\u00e9 son d\u00e9part canon. Puis, dans le 5\u00e8me tour, <strong>Toon Aerts<\/strong> a produit son effort dans la mont\u00e9e pour faire la jonction sur le groupe de t\u00eate emmen\u00e9 par <strong>Michael Vanthourenhout<\/strong>. <strong>Quinten Hermans<\/strong> est rest\u00e9 en position d&rsquo;attente quand le leader de la Coupe du monde Eli Iserbyt a acc\u00e9l\u00e9r\u00e9.<\/p>\n<p style=\"text-align: justify;\"><strong>Jens Adams<\/strong> est enfin revenu sur la t\u00eate de course sur le 6\u00e8me tour mais l&rsquo;attaque dans la bosse d&rsquo;<strong>Eli Iserbyt<\/strong> lui a \u00e9t\u00e9 fatale. Cette offensive lui a permis de s&rsquo;\u00e9chapper avec <strong>Hermans<\/strong>. <strong>Toon Aerts<\/strong> a accus\u00e9 le coup. Mais, ce dernier a rejoint le duo avec Vanthourenhout et van der Haar \u00e0 l&rsquo;entame du tour suivant.<\/p>\n<blockquote class=\"twitter-tweet\">\n<p dir=\"ltr\" lang=\"en\">Iserbyt is also in shape! &#x1f525;He surprises with a firm acceleration, only Quinten Hermans was able to follow the European Champion. Van der Haar, Aerts and Vanthourenhout close the gap at the end of the lap.<br \/>\n&#x1f4fa; Follow the action &#x1f449; <a href=\"https:\/\/t.co\/iJP4HQUngW\">https:\/\/t.co\/iJP4HQUngW<\/a> <a href=\"https:\/\/twitter.com\/hashtag\/CXWorldCup?src=hash&amp;ref_src=twsrc%5Etfw\">#CXWorldCup<\/a> <a href=\"https:\/\/t.co\/GK2KpjCR3r\">pic.twitter.com\/GK2KpjCR3r<\/a><\/p>\n<p>\u2014 UCI Cyclo-cross World Cup (@UCIcyclocrossWC) <a href=\"https:\/\/twitter.com\/UCIcyclocrossWC\/status\/1449824750591688713?ref_src=twsrc%5Etfw\">October 17, 2021<\/a><\/p><\/blockquote>\n<p><script async src=\"https:\/\/platform.twitter.com\/widgets.js\" charset=\"utf-8\"><\/script><\/p>\n<h2 style=\"text-align: justify;\">La grosse faute de Quinten Hermans<\/h2>\n<p style=\"text-align: justify;\">De son c\u00f4t\u00e9,<strong> Lars van der Haar<\/strong> a port\u00e9 plusieurs attaques lors du septi\u00e8me tour. Alors que <strong>Quinten Hermans<\/strong> a chut\u00e9 lors du passage sur les planches. <strong>Iserbyt<\/strong> s&rsquo;est pas fait attendre pour profiter de la situation pour prendre les commandes de la course. Sur les deux tours suivants, <strong>Eli Iserbyt<\/strong> a fait la diff\u00e9rence sur ses adversaires. Le coureur de la Pauwels Sauzen &#8211; Bingoal s&rsquo;est montr\u00e9 particuli\u00e8rement \u00e0 l&rsquo;aise dans la seconde partie du circuit pour avoir 7 secondes d&rsquo;avance avant le dernier tour. Le duo <strong>Vanthourenhout<\/strong> et <strong>Aerts<\/strong> \u00e9taient \u00e0 la lutte pour la 3e place \u00e0 30 secondes. <strong>Hermans<\/strong> a d\u00e9pass\u00e9 <strong>Adams<\/strong>.<\/p>\n<p style=\"text-align: justify;\">Finalement, sur ce circuit sec et tr\u00e8s roulant,<strong> Eli Iserbyt<\/strong> (Pauwels Sauzen &#8211; Bingoal) s&rsquo;est impos\u00e9 avec 11 secondes d&rsquo;avance sur<strong> Lars van der Haar<\/strong> (Baloise Trek Lions). <strong>Michael Vanthourenhout<\/strong> (Pauwels Sauzen &#8211; Bingoal) a profit\u00e9 de la bosse pour d\u00e9crocher <strong>Toon Aerts<\/strong> (Baloise Trek Lions) pour glaner la troisi\u00e8me place \u00e0 33 secondes. <strong>Quinten Hermans<\/strong> (Tormans &#8211; Circus Cyclo Cross Team) a fini 5e \u00e0 53 secondes.<\/p>\n<blockquote class=\"twitter-tweet\">\n<p dir=\"ltr\" lang=\"en\">European Champion Eli Iserbyt wins his second UCI Cyclo-cross World Cup race of this season! He consolidates his leadership position! &#x1f4aa; Van der Haar &#x1f948;, Vanthourenhout &#x1f949;<br \/>\n&#x1f4fa; Follow the action &#x1f449; <a href=\"https:\/\/t.co\/iJP4HQUngW\">https:\/\/t.co\/iJP4HQUngW<\/a> <a href=\"https:\/\/twitter.com\/hashtag\/CXWorldCup?src=hash&amp;ref_src=twsrc%5Etfw\">#CXWorldCup<\/a> <a href=\"https:\/\/t.co\/1fZnci04Zd\">pic.twitter.com\/1fZnci04Zd<\/a><\/p>\n<p>\u2014 UCI Cyclo-cross World Cup (@UCIcyclocrossWC) <a href=\"https:\/\/twitter.com\/UCIcyclocrossWC\/status\/1449833449129451531?ref_src=twsrc%5Etfw\">October 17, 2021<\/a><\/p><\/blockquote>\n<p><script async src=\"https:\/\/platform.twitter.com\/widgets.js\" charset=\"utf-8\"><\/script><\/p>\n<p style=\"text-align: justify;\">Au classement de la coupe du monde, avec ce deuxi\u00e8me succ\u00e8s apr\u00e8s Waterloo, <strong>Eli Iserbyt<\/strong> compte 110 point. Il devance <strong>Hermans<\/strong>, 86 points et <strong>Vanthourenhout<\/strong>, 80 points.<\/p>\n<h2><strong>\u00c0 lire aussi<\/strong><\/h2>\n<ul>\n<li style=\"text-align: justify;\"><a href=\"https:\/\/dicodusport.fr\/blog\/cyclo-cross-coupe-du-monde-iowa-city-2021-classement-course-hommes\/\"><strong>Le classement complet de la course hommes<\/strong><\/a><\/li>\n<li style=\"text-align: justify;\"><a href=\"https:\/\/dicodusport.fr\/blog\/cyclo-cross-coupe-du-monde-de-cyclo-cross-2021-2022-classement-general-hommes\/\"><strong>Le classement g\u00e9n\u00e9ral de la Coupe du monde<\/strong><\/a><\/li>\n<\/ul>\n","protected":false},"excerpt":{"rendered":"<p>COUPE DU MONDE DE CYCLO-CROSS 2021-2022 &#8211; Le champion d&rsquo;Europe Eli Iserbyt (Pauwels Sauzen &#8211; Bingoal) s&rsquo;est impos\u00e9 sur la troisi\u00e8me manche de la Coupe du monde qui se d\u00e9roulait ce dimanche \u00e0 Iowa City. Il l&#8217;emporte devant Lars van der Haar (Trek Baloise Lions) et Michael Vanthourenhout (Pauwels Sauzen &#8211; Bingoal).\u00a0<\/p>\n","protected":false},"author":48,"featured_media":173883,"comment_status":"open","ping_status":"closed","sticky":false,"template":"","format":"standard","meta":{"_acf_changed":false,"_daextam_enable_autolinks":"","footnotes":""},"categories":[9611],"tags":[6666],"class_list":["post-173874","post","type-post","status-publish","format-standard","has-post-thumbnail","hentry","category-cyclo-cross","tag-cyclo-cross"],"acf":[],"yoast_head":"<!-- This site is optimized with the Yoast SEO Premium plugin v26.7 (Yoast SEO v26.7) - https:\/\/yoast.com\/wordpress\/plugins\/seo\/ -->\n<title>Coupe du monde d&#039;Iowa City 2021 : Eli Iserbyt s&#039;impose en patron<\/title>\n<meta name=\"description\" content=\"COUPE DU MONDE DE CYCLO-CROSS 2021-2022 - Le champion d&#039;Europe Eli Iserbyt (Pauwels Sauzen - Bingoal) s&#039;est impos\u00e9 \u00e0 Iowa City (USA).\" \/>\n<meta name=\"robots\" content=\"index, follow, max-snippet:-1, max-image-preview:large, max-video-preview:-1\" \/>\n<link rel=\"canonical\" href=\"https:\/\/dicodusport.fr\/blog\/coupe-du-monde-iowa-city-2021-eli-iserbyt-s-impose-en-patron\/\" \/>\n<meta property=\"og:locale\" content=\"fr_FR\" \/>\n<meta property=\"og:type\" content=\"article\" \/>\n<meta property=\"og:title\" content=\"Coupe du monde d&#039;Iowa City 2021 : Eli Iserbyt s&#039;impose en patron\" \/>\n<meta property=\"og:description\" content=\"COUPE DU MONDE DE CYCLO-CROSS 2021-2022 - Le champion d&#039;Europe Eli Iserbyt (Pauwels Sauzen - Bingoal) s&#039;est impos\u00e9 \u00e0 Iowa City (USA).\" \/>\n<meta property=\"og:url\" content=\"https:\/\/dicodusport.fr\/blog\/coupe-du-monde-iowa-city-2021-eli-iserbyt-s-impose-en-patron\/\" \/>\n<meta property=\"og:site_name\" content=\"Dicodusport\" \/>\n<meta property=\"article:publisher\" content=\"https:\/\/www.facebook.com\/dicodusport\" \/>\n<meta property=\"article:author\" content=\"https:\/\/www.facebook.com\/groups\/LesRoisDuPeloton\" \/>\n<meta property=\"article:published_time\" content=\"2021-10-17T20:10:34+00:00\" \/>\n<meta property=\"article:modified_time\" content=\"2021-10-17T20:29:18+00:00\" \/>\n<meta property=\"og:image\" content=\"https:\/\/dicodusport.fr\/blog\/wp-content\/uploads\/2021\/10\/Coupe-du-monde-dIowa-City-2021-Eli-Iserbyt-simpose-en-patron.png\" \/>\n\t<meta property=\"og:image:width\" content=\"800\" \/>\n\t<meta property=\"og:image:height\" content=\"445\" \/>\n\t<meta property=\"og:image:type\" content=\"image\/png\" \/>\n<meta name=\"author\" content=\"Emilien Descampiaux\" \/>\n<meta name=\"twitter:card\" content=\"summary_large_image\" \/>\n<meta name=\"twitter:title\" content=\"Coupe du monde d&#039;Iowa City 2021 : Eli Iserbyt s&#039;impose en patron\" \/>\n<meta name=\"twitter:creator\" content=\"@https:\/\/twitter.com\/LRoisDuPeloton\" \/>\n<meta name=\"twitter:site\" content=\"@dicodusport\" \/>\n<script type=\"application\/ld+json\" class=\"yoast-schema-graph\">{\"@context\":\"https:\/\/schema.org\",\"@graph\":[{\"@type\":\"NewsArticle\",\"@id\":\"https:\/\/dicodusport.fr\/blog\/coupe-du-monde-iowa-city-2021-eli-iserbyt-s-impose-en-patron\/#article\",\"isPartOf\":{\"@id\":\"https:\/\/dicodusport.fr\/blog\/coupe-du-monde-iowa-city-2021-eli-iserbyt-s-impose-en-patron\/\"},\"author\":{\"name\":\"Emilien Descampiaux\",\"@id\":\"https:\/\/dicodusport.fr\/blog\/#\/schema\/person\/6db4bae06b171592211be385b32876a7\"},\"headline\":\"Coupe du monde d&rsquo;Iowa City 2021 : Eli Iserbyt s&rsquo;impose en patron\",\"datePublished\":\"2021-10-17T20:10:34+00:00\",\"dateModified\":\"2021-10-17T20:29:18+00:00\",\"mainEntityOfPage\":{\"@id\":\"https:\/\/dicodusport.fr\/blog\/coupe-du-monde-iowa-city-2021-eli-iserbyt-s-impose-en-patron\/\"},\"wordCount\":749,\"commentCount\":0,\"publisher\":{\"@id\":\"https:\/\/dicodusport.fr\/blog\/#organization\"},\"image\":{\"@id\":\"https:\/\/dicodusport.fr\/blog\/coupe-du-monde-iowa-city-2021-eli-iserbyt-s-impose-en-patron\/#primaryimage\"},\"thumbnailUrl\":\"https:\/\/dicodusport.fr\/blog\/wp-content\/uploads\/2021\/10\/Coupe-du-monde-dIowa-City-2021-Eli-Iserbyt-simpose-en-patron.png\",\"keywords\":[\"Cyclo-cross\"],\"articleSection\":[\"Cyclo-cross\"],\"inLanguage\":\"fr-FR\",\"potentialAction\":[{\"@type\":\"CommentAction\",\"name\":\"Comment\",\"target\":[\"https:\/\/dicodusport.fr\/blog\/coupe-du-monde-iowa-city-2021-eli-iserbyt-s-impose-en-patron\/#respond\"]}],\"copyrightYear\":\"2021\",\"copyrightHolder\":{\"@id\":\"https:\/\/dicodusport.fr\/blog\/#organization\"}},{\"@type\":\"WebPage\",\"@id\":\"https:\/\/dicodusport.fr\/blog\/coupe-du-monde-iowa-city-2021-eli-iserbyt-s-impose-en-patron\/\",\"url\":\"https:\/\/dicodusport.fr\/blog\/coupe-du-monde-iowa-city-2021-eli-iserbyt-s-impose-en-patron\/\",\"name\":\"Coupe du monde d'Iowa City 2021 : Eli Iserbyt s'impose en patron\",\"isPartOf\":{\"@id\":\"https:\/\/dicodusport.fr\/blog\/#website\"},\"primaryImageOfPage\":{\"@id\":\"https:\/\/dicodusport.fr\/blog\/coupe-du-monde-iowa-city-2021-eli-iserbyt-s-impose-en-patron\/#primaryimage\"},\"image\":{\"@id\":\"https:\/\/dicodusport.fr\/blog\/coupe-du-monde-iowa-city-2021-eli-iserbyt-s-impose-en-patron\/#primaryimage\"},\"thumbnailUrl\":\"https:\/\/dicodusport.fr\/blog\/wp-content\/uploads\/2021\/10\/Coupe-du-monde-dIowa-City-2021-Eli-Iserbyt-simpose-en-patron.png\",\"datePublished\":\"2021-10-17T20:10:34+00:00\",\"dateModified\":\"2021-10-17T20:29:18+00:00\",\"description\":\"COUPE DU MONDE DE CYCLO-CROSS 2021-2022 - Le champion d'Europe Eli Iserbyt (Pauwels Sauzen - Bingoal) s'est impos\u00e9 \u00e0 Iowa City (USA).\",\"breadcrumb\":{\"@id\":\"https:\/\/dicodusport.fr\/blog\/coupe-du-monde-iowa-city-2021-eli-iserbyt-s-impose-en-patron\/#breadcrumb\"},\"inLanguage\":\"fr-FR\",\"potentialAction\":[{\"@type\":\"ReadAction\",\"target\":[\"https:\/\/dicodusport.fr\/blog\/coupe-du-monde-iowa-city-2021-eli-iserbyt-s-impose-en-patron\/\"]}]},{\"@type\":\"ImageObject\",\"inLanguage\":\"fr-FR\",\"@id\":\"https:\/\/dicodusport.fr\/blog\/coupe-du-monde-iowa-city-2021-eli-iserbyt-s-impose-en-patron\/#primaryimage\",\"url\":\"https:\/\/dicodusport.fr\/blog\/wp-content\/uploads\/2021\/10\/Coupe-du-monde-dIowa-City-2021-Eli-Iserbyt-simpose-en-patron.png\",\"contentUrl\":\"https:\/\/dicodusport.fr\/blog\/wp-content\/uploads\/2021\/10\/Coupe-du-monde-dIowa-City-2021-Eli-Iserbyt-simpose-en-patron.png\",\"width\":800,\"height\":445,\"caption\":\"Coupe du monde d\u2019Iowa City 2021 Eli Iserbyt s'impose en patron\"},{\"@type\":\"BreadcrumbList\",\"@id\":\"https:\/\/dicodusport.fr\/blog\/coupe-du-monde-iowa-city-2021-eli-iserbyt-s-impose-en-patron\/#breadcrumb\",\"itemListElement\":[{\"@type\":\"ListItem\",\"position\":1,\"name\":\"Accueil\",\"item\":\"https:\/\/dicodusport.fr\/blog\/\"},{\"@type\":\"ListItem\",\"position\":2,\"name\":\"Coupe du monde d&rsquo;Iowa City 2021 : Eli Iserbyt s&rsquo;impose en patron\"}]},{\"@type\":\"WebSite\",\"@id\":\"https:\/\/dicodusport.fr\/blog\/#website\",\"url\":\"https:\/\/dicodusport.fr\/blog\/\",\"name\":\"Dicodusport\",\"description\":\"L&#039;encyclop\u00e9die de l&#039;actualit\u00e9 sportive\",\"publisher\":{\"@id\":\"https:\/\/dicodusport.fr\/blog\/#organization\"},\"potentialAction\":[{\"@type\":\"SearchAction\",\"target\":{\"@type\":\"EntryPoint\",\"urlTemplate\":\"https:\/\/dicodusport.fr\/blog\/?s={search_term_string}\"},\"query-input\":{\"@type\":\"PropertyValueSpecification\",\"valueRequired\":true,\"valueName\":\"search_term_string\"}}],\"inLanguage\":\"fr-FR\"},{\"@type\":\"NewsMediaOrganization\",\"@id\":\"https:\/\/dicodusport.fr\/blog\/#organization\",\"name\":\"Dicodusport\",\"url\":\"https:\/\/dicodusport.fr\/blog\/\",\"logo\":{\"@type\":\"ImageObject\",\"inLanguage\":\"fr-FR\",\"@id\":\"https:\/\/dicodusport.fr\/blog\/#\/schema\/logo\/image\/\",\"url\":\"https:\/\/dicodusport.fr\/blog\/wp-content\/uploads\/2020\/06\/cropped-LOGO-DICODUSPORT-2020-SANS-FOND-SANS-TEXTE.png\",\"contentUrl\":\"https:\/\/dicodusport.fr\/blog\/wp-content\/uploads\/2020\/06\/cropped-LOGO-DICODUSPORT-2020-SANS-FOND-SANS-TEXTE.png\",\"width\":512,\"height\":512,\"caption\":\"Dicodusport\"},\"image\":{\"@id\":\"https:\/\/dicodusport.fr\/blog\/#\/schema\/logo\/image\/\"},\"sameAs\":[\"https:\/\/www.facebook.com\/dicodusport\",\"https:\/\/x.com\/dicodusport\",\"https:\/\/www.instagram.com\/dicodusport\/\",\"https:\/\/www.youtube.com\/channel\/UC7V2KZ5sd3htJivAbA4ZG3w\"],\"description\":\"Dicodusport est l'encyclop\u00e9die de l'actualit\u00e9 sportive.\",\"email\":\"bonjour@dicodusport.fr\",\"legalName\":\"DICODUSPORT\",\"foundingDate\":\"2018-01-14\",\"vatID\":\"FR71834470973\",\"taxID\":\"83447097300043\",\"numberOfEmployees\":{\"@type\":\"QuantitativeValue\",\"minValue\":\"1\",\"maxValue\":\"10\"}},{\"@type\":\"Person\",\"@id\":\"https:\/\/dicodusport.fr\/blog\/#\/schema\/person\/6db4bae06b171592211be385b32876a7\",\"name\":\"Emilien Descampiaux\",\"image\":{\"@type\":\"ImageObject\",\"inLanguage\":\"fr-FR\",\"@id\":\"https:\/\/dicodusport.fr\/blog\/#\/schema\/person\/image\/\",\"url\":\"https:\/\/dicodusport.fr\/blog\/wp-content\/uploads\/2021\/05\/Emilien-Descampiaux-150x150.jpg\",\"contentUrl\":\"https:\/\/dicodusport.fr\/blog\/wp-content\/uploads\/2021\/05\/Emilien-Descampiaux-150x150.jpg\",\"caption\":\"Emilien Descampiaux\"},\"description\":\"Journaliste\/r\u00e9dacteur depuis 2014 - Fan de la classe de Frank Vandenbroucke, je vis cyclisme (et de ses paysages) depuis plus de 20 ans. Je suis tr\u00e8s impliqu\u00e9 sur mes diff\u00e9rents r\u00e9seaux sociaux pour partager ma passion sur le monde et l'Histoire de la bicyclette avec ma voix sur les images en noir et blanc du succ\u00e8s de Rik Van Steenbergen lors du Ronde sur le V\u00e9lodrome de Gand.\",\"sameAs\":[\"https:\/\/www.facebook.com\/groups\/LesRoisDuPeloton\",\"https:\/\/x.com\/https:\/\/twitter.com\/LRoisDuPeloton\"],\"url\":\"https:\/\/dicodusport.fr\/blog\/author\/emiliend\/\"}]}<\/script>\n<!-- \/ Yoast SEO Premium plugin. -->","yoast_head_json":{"title":"Coupe du monde d'Iowa City 2021 : Eli Iserbyt s'impose en patron","description":"COUPE DU MONDE DE CYCLO-CROSS 2021-2022 - Le champion d'Europe Eli Iserbyt (Pauwels Sauzen - Bingoal) s'est impos\u00e9 \u00e0 Iowa City (USA).","robots":{"index":"index","follow":"follow","max-snippet":"max-snippet:-1","max-image-preview":"max-image-preview:large","max-video-preview":"max-video-preview:-1"},"canonical":"https:\/\/dicodusport.fr\/blog\/coupe-du-monde-iowa-city-2021-eli-iserbyt-s-impose-en-patron\/","og_locale":"fr_FR","og_type":"article","og_title":"Coupe du monde d'Iowa City 2021 : Eli Iserbyt s'impose en patron","og_description":"COUPE DU MONDE DE CYCLO-CROSS 2021-2022 - Le champion d'Europe Eli Iserbyt (Pauwels Sauzen - Bingoal) s'est impos\u00e9 \u00e0 Iowa City (USA).","og_url":"https:\/\/dicodusport.fr\/blog\/coupe-du-monde-iowa-city-2021-eli-iserbyt-s-impose-en-patron\/","og_site_name":"Dicodusport","article_publisher":"https:\/\/www.facebook.com\/dicodusport","article_author":"https:\/\/www.facebook.com\/groups\/LesRoisDuPeloton","article_published_time":"2021-10-17T20:10:34+00:00","article_modified_time":"2021-10-17T20:29:18+00:00","og_image":[{"width":800,"height":445,"url":"https:\/\/dicodusport.fr\/blog\/wp-content\/uploads\/2021\/10\/Coupe-du-monde-dIowa-City-2021-Eli-Iserbyt-simpose-en-patron.png","type":"image\/png"}],"author":"Emilien Descampiaux","twitter_card":"summary_large_image","twitter_title":"Coupe du monde d'Iowa City 2021 : Eli Iserbyt s'impose en patron","twitter_creator":"@https:\/\/twitter.com\/LRoisDuPeloton","twitter_site":"@dicodusport","schema":{"@context":"https:\/\/schema.org","@graph":[{"@type":"NewsArticle","@id":"https:\/\/dicodusport.fr\/blog\/coupe-du-monde-iowa-city-2021-eli-iserbyt-s-impose-en-patron\/#article","isPartOf":{"@id":"https:\/\/dicodusport.fr\/blog\/coupe-du-monde-iowa-city-2021-eli-iserbyt-s-impose-en-patron\/"},"author":{"name":"Emilien Descampiaux","@id":"https:\/\/dicodusport.fr\/blog\/#\/schema\/person\/6db4bae06b171592211be385b32876a7"},"headline":"Coupe du monde d&rsquo;Iowa City 2021 : Eli Iserbyt s&rsquo;impose en patron","datePublished":"2021-10-17T20:10:34+00:00","dateModified":"2021-10-17T20:29:18+00:00","mainEntityOfPage":{"@id":"https:\/\/dicodusport.fr\/blog\/coupe-du-monde-iowa-city-2021-eli-iserbyt-s-impose-en-patron\/"},"wordCount":749,"commentCount":0,"publisher":{"@id":"https:\/\/dicodusport.fr\/blog\/#organization"},"image":{"@id":"https:\/\/dicodusport.fr\/blog\/coupe-du-monde-iowa-city-2021-eli-iserbyt-s-impose-en-patron\/#primaryimage"},"thumbnailUrl":"https:\/\/dicodusport.fr\/blog\/wp-content\/uploads\/2021\/10\/Coupe-du-monde-dIowa-City-2021-Eli-Iserbyt-simpose-en-patron.png","keywords":["Cyclo-cross"],"articleSection":["Cyclo-cross"],"inLanguage":"fr-FR","potentialAction":[{"@type":"CommentAction","name":"Comment","target":["https:\/\/dicodusport.fr\/blog\/coupe-du-monde-iowa-city-2021-eli-iserbyt-s-impose-en-patron\/#respond"]}],"copyrightYear":"2021","copyrightHolder":{"@id":"https:\/\/dicodusport.fr\/blog\/#organization"}},{"@type":"WebPage","@id":"https:\/\/dicodusport.fr\/blog\/coupe-du-monde-iowa-city-2021-eli-iserbyt-s-impose-en-patron\/","url":"https:\/\/dicodusport.fr\/blog\/coupe-du-monde-iowa-city-2021-eli-iserbyt-s-impose-en-patron\/","name":"Coupe du monde d'Iowa City 2021 : Eli Iserbyt s'impose en patron","isPartOf":{"@id":"https:\/\/dicodusport.fr\/blog\/#website"},"primaryImageOfPage":{"@id":"https:\/\/dicodusport.fr\/blog\/coupe-du-monde-iowa-city-2021-eli-iserbyt-s-impose-en-patron\/#primaryimage"},"image":{"@id":"https:\/\/dicodusport.fr\/blog\/coupe-du-monde-iowa-city-2021-eli-iserbyt-s-impose-en-patron\/#primaryimage"},"thumbnailUrl":"https:\/\/dicodusport.fr\/blog\/wp-content\/uploads\/2021\/10\/Coupe-du-monde-dIowa-City-2021-Eli-Iserbyt-simpose-en-patron.png","datePublished":"2021-10-17T20:10:34+00:00","dateModified":"2021-10-17T20:29:18+00:00","description":"COUPE DU MONDE DE CYCLO-CROSS 2021-2022 - Le champion d'Europe Eli Iserbyt (Pauwels Sauzen - Bingoal) s'est impos\u00e9 \u00e0 Iowa City (USA).","breadcrumb":{"@id":"https:\/\/dicodusport.fr\/blog\/coupe-du-monde-iowa-city-2021-eli-iserbyt-s-impose-en-patron\/#breadcrumb"},"inLanguage":"fr-FR","potentialAction":[{"@type":"ReadAction","target":["https:\/\/dicodusport.fr\/blog\/coupe-du-monde-iowa-city-2021-eli-iserbyt-s-impose-en-patron\/"]}]},{"@type":"ImageObject","inLanguage":"fr-FR","@id":"https:\/\/dicodusport.fr\/blog\/coupe-du-monde-iowa-city-2021-eli-iserbyt-s-impose-en-patron\/#primaryimage","url":"https:\/\/dicodusport.fr\/blog\/wp-content\/uploads\/2021\/10\/Coupe-du-monde-dIowa-City-2021-Eli-Iserbyt-simpose-en-patron.png","contentUrl":"https:\/\/dicodusport.fr\/blog\/wp-content\/uploads\/2021\/10\/Coupe-du-monde-dIowa-City-2021-Eli-Iserbyt-simpose-en-patron.png","width":800,"height":445,"caption":"Coupe du monde d\u2019Iowa City 2021 Eli Iserbyt s'impose en patron"},{"@type":"BreadcrumbList","@id":"https:\/\/dicodusport.fr\/blog\/coupe-du-monde-iowa-city-2021-eli-iserbyt-s-impose-en-patron\/#breadcrumb","itemListElement":[{"@type":"ListItem","position":1,"name":"Accueil","item":"https:\/\/dicodusport.fr\/blog\/"},{"@type":"ListItem","position":2,"name":"Coupe du monde d&rsquo;Iowa City 2021 : Eli Iserbyt s&rsquo;impose en patron"}]},{"@type":"WebSite","@id":"https:\/\/dicodusport.fr\/blog\/#website","url":"https:\/\/dicodusport.fr\/blog\/","name":"Dicodusport","description":"L&#039;encyclop\u00e9die de l&#039;actualit\u00e9 sportive","publisher":{"@id":"https:\/\/dicodusport.fr\/blog\/#organization"},"potentialAction":[{"@type":"SearchAction","target":{"@type":"EntryPoint","urlTemplate":"https:\/\/dicodusport.fr\/blog\/?s={search_term_string}"},"query-input":{"@type":"PropertyValueSpecification","valueRequired":true,"valueName":"search_term_string"}}],"inLanguage":"fr-FR"},{"@type":"NewsMediaOrganization","@id":"https:\/\/dicodusport.fr\/blog\/#organization","name":"Dicodusport","url":"https:\/\/dicodusport.fr\/blog\/","logo":{"@type":"ImageObject","inLanguage":"fr-FR","@id":"https:\/\/dicodusport.fr\/blog\/#\/schema\/logo\/image\/","url":"https:\/\/dicodusport.fr\/blog\/wp-content\/uploads\/2020\/06\/cropped-LOGO-DICODUSPORT-2020-SANS-FOND-SANS-TEXTE.png","contentUrl":"https:\/\/dicodusport.fr\/blog\/wp-content\/uploads\/2020\/06\/cropped-LOGO-DICODUSPORT-2020-SANS-FOND-SANS-TEXTE.png","width":512,"height":512,"caption":"Dicodusport"},"image":{"@id":"https:\/\/dicodusport.fr\/blog\/#\/schema\/logo\/image\/"},"sameAs":["https:\/\/www.facebook.com\/dicodusport","https:\/\/x.com\/dicodusport","https:\/\/www.instagram.com\/dicodusport\/","https:\/\/www.youtube.com\/channel\/UC7V2KZ5sd3htJivAbA4ZG3w"],"description":"Dicodusport est l'encyclop\u00e9die de l'actualit\u00e9 sportive.","email":"bonjour@dicodusport.fr","legalName":"DICODUSPORT","foundingDate":"2018-01-14","vatID":"FR71834470973","taxID":"83447097300043","numberOfEmployees":{"@type":"QuantitativeValue","minValue":"1","maxValue":"10"}},{"@type":"Person","@id":"https:\/\/dicodusport.fr\/blog\/#\/schema\/person\/6db4bae06b171592211be385b32876a7","name":"Emilien Descampiaux","image":{"@type":"ImageObject","inLanguage":"fr-FR","@id":"https:\/\/dicodusport.fr\/blog\/#\/schema\/person\/image\/","url":"https:\/\/dicodusport.fr\/blog\/wp-content\/uploads\/2021\/05\/Emilien-Descampiaux-150x150.jpg","contentUrl":"https:\/\/dicodusport.fr\/blog\/wp-content\/uploads\/2021\/05\/Emilien-Descampiaux-150x150.jpg","caption":"Emilien Descampiaux"},"description":"Journaliste\/r\u00e9dacteur depuis 2014 - Fan de la classe de Frank Vandenbroucke, je vis cyclisme (et de ses paysages) depuis plus de 20 ans. Je suis tr\u00e8s impliqu\u00e9 sur mes diff\u00e9rents r\u00e9seaux sociaux pour partager ma passion sur le monde et l'Histoire de la bicyclette avec ma voix sur les images en noir et blanc du succ\u00e8s de Rik Van Steenbergen lors du Ronde sur le V\u00e9lodrome de Gand.","sameAs":["https:\/\/www.facebook.com\/groups\/LesRoisDuPeloton","https:\/\/x.com\/https:\/\/twitter.com\/LRoisDuPeloton"],"url":"https:\/\/dicodusport.fr\/blog\/author\/emiliend\/"}]}},"_links":{"self":[{"href":"https:\/\/dicodusport.fr\/blog\/wp-json\/wp\/v2\/posts\/173874","targetHints":{"allow":["GET"]}}],"collection":[{"href":"https:\/\/dicodusport.fr\/blog\/wp-json\/wp\/v2\/posts"}],"about":[{"href":"https:\/\/dicodusport.fr\/blog\/wp-json\/wp\/v2\/types\/post"}],"author":[{"embeddable":true,"href":"https:\/\/dicodusport.fr\/blog\/wp-json\/wp\/v2\/users\/48"}],"replies":[{"embeddable":true,"href":"https:\/\/dicodusport.fr\/blog\/wp-json\/wp\/v2\/comments?post=173874"}],"version-history":[{"count":0,"href":"https:\/\/dicodusport.fr\/blog\/wp-json\/wp\/v2\/posts\/173874\/revisions"}],"wp:featuredmedia":[{"embeddable":true,"href":"https:\/\/dicodusport.fr\/blog\/wp-json\/wp\/v2\/media\/173883"}],"wp:attachment":[{"href":"https:\/\/dicodusport.fr\/blog\/wp-json\/wp\/v2\/media?parent=173874"}],"wp:term":[{"taxonomy":"category","embeddable":true,"href":"https:\/\/dicodusport.fr\/blog\/wp-json\/wp\/v2\/categories?post=173874"},{"taxonomy":"post_tag","embeddable":true,"href":"https:\/\/dicodusport.fr\/blog\/wp-json\/wp\/v2\/tags?post=173874"}],"curies":[{"name":"wp","href":"https:\/\/api.w.org\/{rel}","templated":true}]}}