{"id":173969,"date":"2021-10-18T09:58:04","date_gmt":"2021-10-18T07:58:04","guid":{"rendered":"https:\/\/dicodusport.fr\/blog\/?p=173969&#038;preview=true&#038;preview_id=173969"},"modified":"2021-10-18T09:58:04","modified_gmt":"2021-10-18T07:58:04","slug":"marc-hirschi-je-veux-retrouver-mon-niveau-de-2020","status":"publish","type":"post","link":"https:\/\/dicodusport.fr\/blog\/marc-hirschi-je-veux-retrouver-mon-niveau-de-2020\/","title":{"rendered":"Marc Hirschi : \u00ab\u00a0Je veux retrouver mon niveau de 2020\u00a0\u00bb"},"content":{"rendered":"<p style=\"text-align: justify;\"><strong><em>CYCLISME &#8211; R\u00e9v\u00e9lation de la saison 2020 avec un tr\u00e8s bon Tour de France notamment, Marc Hirschi a \u00e9t\u00e9 beaucoup plus discret en 2021 avec sa nouvelle \u00e9quipe, UAE Team Emirates.<\/em><\/strong><\/p>\n<p style=\"text-align: justify;\"><a href=\"https:\/\/dicodusport.fr\/blog\/marc-hirschi-quitte-son-equipe-avec-effet-immediat\/\">Apr\u00e8s avoir quitt\u00e9 le Team DSM<\/a> pour UAE Team Emirates malgr\u00e9 un contrat en cours, on s&rsquo;attendait \u00e0 la saison de la confirmation pour <strong>Marc Hirschi<\/strong>, mais il n&rsquo;en aura rien \u00e9t\u00e9. Si sa fin de saison a montr\u00e9 des signaux positifs, le Suisse veut faire bien mieux en 2022, comme il l&rsquo;a expliqu\u00e9 \u00e0 <em>Cycling News<\/em>.<\/p>\n<blockquote>\n<p style=\"text-align: justify;\">Apr\u00e8s mon d\u00e9part de DSM, je n&rsquo;\u00e9tais pas au niveau o\u00f9 je voulais \u00eatre. J&rsquo;ai finalement r\u00e9ussi \u00e0 me mettre assez bien en forme, mais j&rsquo;ai ensuite chut\u00e9 \u00e0 nouveau au Tour de France. J&rsquo;\u00e9tais \u00e0 nouveau \u00e0 un tr\u00e8s bon niveau au Luxembourg et malheureusement aux Mondiaux, je me suis \u00e9cras\u00e9, puis je suis tomb\u00e9 un peu malade. Je n&rsquo;\u00e9tais pas loin de mon niveau de l&rsquo;ann\u00e9e derni\u00e8re sur le Tour du Luxembourg. Cela fait toujours une diff\u00e9rence lorsque vous gagnez. Cela m&rsquo;a donn\u00e9 beaucoup de motivation. Je vais couper bri\u00e8vement afin de travailler dur pour 2022, annonce-t-il. Je veux retrouver mon niveau de 2020.<\/p>\n<\/blockquote>\n<p style=\"text-align: justify;\">Le Suisse aura une concurrence encore plus importante dans sa formation en 2022, avec notamment les signatures de <strong>Georg Bennett<\/strong>, <strong>Joao Almeida<\/strong> ou encore <strong>Marc Soler<\/strong>.<\/p>\n<blockquote class=\"twitter-tweet\">\n<p dir=\"ltr\" lang=\"en\">Marc Hirschi: Next season I want to get back to my level of 2020<\/p>\n<p>Swiss rider looks back at mixed campaign after switch from DSM to UAE Team Emirates<a href=\"https:\/\/t.co\/SgpFWifXwE\">https:\/\/t.co\/SgpFWifXwE<\/a><\/p>\n<p>\u2014 Cyclingnews.com (@Cyclingnewsfeed) <a href=\"https:\/\/twitter.com\/Cyclingnewsfeed\/status\/1448884713188384789?ref_src=twsrc%5Etfw\">October 15, 2021<\/a><\/p><\/blockquote>\n<p><script async src=\"https:\/\/platform.twitter.com\/widgets.js\" charset=\"utf-8\"><\/script><\/p>\n","protected":false},"excerpt":{"rendered":"<p>CYCLISME &#8211; R\u00e9v\u00e9lation de la saison 2020 avec un tr\u00e8s bon Tour de France notamment, Marc Hirschi a \u00e9t\u00e9 beaucoup plus discret en 2021 avec sa nouvelle \u00e9quipe, UAE Team Emirates.<\/p>\n","protected":false},"author":1,"featured_media":173971,"comment_status":"open","ping_status":"closed","sticky":false,"template":"","format":"standard","meta":{"_acf_changed":false,"_daextam_enable_autolinks":"","footnotes":""},"categories":[2307],"tags":[11957,14884],"class_list":["post-173969","post","type-post","status-publish","format-standard","has-post-thumbnail","hentry","category-cyclisme","tag-marc-hirschi","tag-uae-team-emirates"],"acf":[],"yoast_head":"<!-- This site is optimized with the Yoast SEO Premium plugin v26.7 (Yoast SEO v26.7) - https:\/\/yoast.com\/wordpress\/plugins\/seo\/ -->\n<title>Marc Hirschi : &quot;Je veux retrouver mon niveau de 2020&quot;<\/title>\n<meta name=\"description\" content=\"CYCLISME - R\u00e9v\u00e9lation de la saison 2020 avec un tr\u00e8s bon Tour de France notamment, Marc Hirschi a \u00e9t\u00e9 beaucoup plus discret en 2021.\" \/>\n<meta name=\"robots\" content=\"index, follow, max-snippet:-1, max-image-preview:large, max-video-preview:-1\" \/>\n<link rel=\"canonical\" href=\"https:\/\/dicodusport.fr\/blog\/marc-hirschi-je-veux-retrouver-mon-niveau-de-2020\/\" \/>\n<meta property=\"og:locale\" content=\"fr_FR\" \/>\n<meta property=\"og:type\" content=\"article\" \/>\n<meta property=\"og:title\" content=\"Marc Hirschi : &quot;Je veux retrouver mon niveau de 2020&quot;\" \/>\n<meta property=\"og:description\" content=\"CYCLISME - R\u00e9v\u00e9lation de la saison 2020 avec un tr\u00e8s bon Tour de France notamment, Marc Hirschi a \u00e9t\u00e9 beaucoup plus discret en 2021.\" \/>\n<meta property=\"og:url\" content=\"https:\/\/dicodusport.fr\/blog\/marc-hirschi-je-veux-retrouver-mon-niveau-de-2020\/\" \/>\n<meta property=\"og:site_name\" content=\"Dicodusport\" \/>\n<meta property=\"article:publisher\" content=\"https:\/\/www.facebook.com\/dicodusport\" \/>\n<meta property=\"article:author\" content=\"https:\/\/www.facebook.com\/dicodusport\" \/>\n<meta property=\"article:published_time\" content=\"2021-10-18T07:58:04+00:00\" \/>\n<meta property=\"og:image\" content=\"https:\/\/dicodusport.fr\/blog\/wp-content\/uploads\/2021\/10\/Marc-Hirschi-Je-veux-retrouver-mon-niveau-de-2020.png\" \/>\n\t<meta property=\"og:image:width\" content=\"800\" \/>\n\t<meta property=\"og:image:height\" content=\"445\" \/>\n\t<meta property=\"og:image:type\" content=\"image\/png\" \/>\n<meta name=\"author\" content=\"Nicolas Jacquemard\" \/>\n<meta name=\"twitter:card\" content=\"summary_large_image\" \/>\n<meta name=\"twitter:title\" content=\"Marc Hirschi : &quot;Je veux retrouver mon niveau de 2020&quot;\" \/>\n<meta name=\"twitter:creator\" content=\"@https:\/\/twitter.com\/Nico_Jacquemard\" \/>\n<meta name=\"twitter:site\" content=\"@dicodusport\" \/>\n<script type=\"application\/ld+json\" class=\"yoast-schema-graph\">{\"@context\":\"https:\/\/schema.org\",\"@graph\":[{\"@type\":\"NewsArticle\",\"@id\":\"https:\/\/dicodusport.fr\/blog\/marc-hirschi-je-veux-retrouver-mon-niveau-de-2020\/#article\",\"isPartOf\":{\"@id\":\"https:\/\/dicodusport.fr\/blog\/marc-hirschi-je-veux-retrouver-mon-niveau-de-2020\/\"},\"author\":{\"name\":\"Nicolas Jacquemard\",\"@id\":\"https:\/\/dicodusport.fr\/blog\/#\/schema\/person\/55dcb50ad410894e431ed812bbb70191\"},\"headline\":\"Marc Hirschi : \u00ab\u00a0Je veux retrouver mon niveau de 2020\u00a0\u00bb\",\"datePublished\":\"2021-10-18T07:58:04+00:00\",\"mainEntityOfPage\":{\"@id\":\"https:\/\/dicodusport.fr\/blog\/marc-hirschi-je-veux-retrouver-mon-niveau-de-2020\/\"},\"wordCount\":273,\"commentCount\":0,\"publisher\":{\"@id\":\"https:\/\/dicodusport.fr\/blog\/#organization\"},\"image\":{\"@id\":\"https:\/\/dicodusport.fr\/blog\/marc-hirschi-je-veux-retrouver-mon-niveau-de-2020\/#primaryimage\"},\"thumbnailUrl\":\"https:\/\/dicodusport.fr\/blog\/wp-content\/uploads\/2021\/10\/Marc-Hirschi-Je-veux-retrouver-mon-niveau-de-2020.png\",\"keywords\":[\"Marc Hirschi\",\"UAE Team Emirates\"],\"articleSection\":[\"Cyclisme\"],\"inLanguage\":\"fr-FR\",\"potentialAction\":[{\"@type\":\"CommentAction\",\"name\":\"Comment\",\"target\":[\"https:\/\/dicodusport.fr\/blog\/marc-hirschi-je-veux-retrouver-mon-niveau-de-2020\/#respond\"]}],\"copyrightYear\":\"2021\",\"copyrightHolder\":{\"@id\":\"https:\/\/dicodusport.fr\/blog\/#organization\"}},{\"@type\":\"WebPage\",\"@id\":\"https:\/\/dicodusport.fr\/blog\/marc-hirschi-je-veux-retrouver-mon-niveau-de-2020\/\",\"url\":\"https:\/\/dicodusport.fr\/blog\/marc-hirschi-je-veux-retrouver-mon-niveau-de-2020\/\",\"name\":\"Marc Hirschi : \\\"Je veux retrouver mon niveau de 2020\\\"\",\"isPartOf\":{\"@id\":\"https:\/\/dicodusport.fr\/blog\/#website\"},\"primaryImageOfPage\":{\"@id\":\"https:\/\/dicodusport.fr\/blog\/marc-hirschi-je-veux-retrouver-mon-niveau-de-2020\/#primaryimage\"},\"image\":{\"@id\":\"https:\/\/dicodusport.fr\/blog\/marc-hirschi-je-veux-retrouver-mon-niveau-de-2020\/#primaryimage\"},\"thumbnailUrl\":\"https:\/\/dicodusport.fr\/blog\/wp-content\/uploads\/2021\/10\/Marc-Hirschi-Je-veux-retrouver-mon-niveau-de-2020.png\",\"datePublished\":\"2021-10-18T07:58:04+00:00\",\"description\":\"CYCLISME - R\u00e9v\u00e9lation de la saison 2020 avec un tr\u00e8s bon Tour de France notamment, Marc Hirschi a \u00e9t\u00e9 beaucoup plus discret en 2021.\",\"breadcrumb\":{\"@id\":\"https:\/\/dicodusport.fr\/blog\/marc-hirschi-je-veux-retrouver-mon-niveau-de-2020\/#breadcrumb\"},\"inLanguage\":\"fr-FR\",\"potentialAction\":[{\"@type\":\"ReadAction\",\"target\":[\"https:\/\/dicodusport.fr\/blog\/marc-hirschi-je-veux-retrouver-mon-niveau-de-2020\/\"]}]},{\"@type\":\"ImageObject\",\"inLanguage\":\"fr-FR\",\"@id\":\"https:\/\/dicodusport.fr\/blog\/marc-hirschi-je-veux-retrouver-mon-niveau-de-2020\/#primaryimage\",\"url\":\"https:\/\/dicodusport.fr\/blog\/wp-content\/uploads\/2021\/10\/Marc-Hirschi-Je-veux-retrouver-mon-niveau-de-2020.png\",\"contentUrl\":\"https:\/\/dicodusport.fr\/blog\/wp-content\/uploads\/2021\/10\/Marc-Hirschi-Je-veux-retrouver-mon-niveau-de-2020.png\",\"width\":800,\"height\":445},{\"@type\":\"BreadcrumbList\",\"@id\":\"https:\/\/dicodusport.fr\/blog\/marc-hirschi-je-veux-retrouver-mon-niveau-de-2020\/#breadcrumb\",\"itemListElement\":[{\"@type\":\"ListItem\",\"position\":1,\"name\":\"Accueil\",\"item\":\"https:\/\/dicodusport.fr\/blog\/\"},{\"@type\":\"ListItem\",\"position\":2,\"name\":\"Marc Hirschi : \u00ab\u00a0Je veux retrouver mon niveau de 2020\u00a0\u00bb\"}]},{\"@type\":\"WebSite\",\"@id\":\"https:\/\/dicodusport.fr\/blog\/#website\",\"url\":\"https:\/\/dicodusport.fr\/blog\/\",\"name\":\"Dicodusport\",\"description\":\"L&#039;encyclop\u00e9die de l&#039;actualit\u00e9 sportive\",\"publisher\":{\"@id\":\"https:\/\/dicodusport.fr\/blog\/#organization\"},\"potentialAction\":[{\"@type\":\"SearchAction\",\"target\":{\"@type\":\"EntryPoint\",\"urlTemplate\":\"https:\/\/dicodusport.fr\/blog\/?s={search_term_string}\"},\"query-input\":{\"@type\":\"PropertyValueSpecification\",\"valueRequired\":true,\"valueName\":\"search_term_string\"}}],\"inLanguage\":\"fr-FR\"},{\"@type\":\"NewsMediaOrganization\",\"@id\":\"https:\/\/dicodusport.fr\/blog\/#organization\",\"name\":\"Dicodusport\",\"url\":\"https:\/\/dicodusport.fr\/blog\/\",\"logo\":{\"@type\":\"ImageObject\",\"inLanguage\":\"fr-FR\",\"@id\":\"https:\/\/dicodusport.fr\/blog\/#\/schema\/logo\/image\/\",\"url\":\"https:\/\/dicodusport.fr\/blog\/wp-content\/uploads\/2020\/06\/cropped-LOGO-DICODUSPORT-2020-SANS-FOND-SANS-TEXTE.png\",\"contentUrl\":\"https:\/\/dicodusport.fr\/blog\/wp-content\/uploads\/2020\/06\/cropped-LOGO-DICODUSPORT-2020-SANS-FOND-SANS-TEXTE.png\",\"width\":512,\"height\":512,\"caption\":\"Dicodusport\"},\"image\":{\"@id\":\"https:\/\/dicodusport.fr\/blog\/#\/schema\/logo\/image\/\"},\"sameAs\":[\"https:\/\/www.facebook.com\/dicodusport\",\"https:\/\/x.com\/dicodusport\",\"https:\/\/www.instagram.com\/dicodusport\/\",\"https:\/\/www.youtube.com\/channel\/UC7V2KZ5sd3htJivAbA4ZG3w\"],\"description\":\"Dicodusport est l'encyclop\u00e9die de l'actualit\u00e9 sportive.\",\"email\":\"bonjour@dicodusport.fr\",\"legalName\":\"DICODUSPORT\",\"foundingDate\":\"2018-01-14\",\"vatID\":\"FR71834470973\",\"taxID\":\"83447097300043\",\"numberOfEmployees\":{\"@type\":\"QuantitativeValue\",\"minValue\":\"1\",\"maxValue\":\"10\"}},{\"@type\":\"Person\",\"@id\":\"https:\/\/dicodusport.fr\/blog\/#\/schema\/person\/55dcb50ad410894e431ed812bbb70191\",\"name\":\"Nicolas Jacquemard\",\"image\":{\"@type\":\"ImageObject\",\"inLanguage\":\"fr-FR\",\"@id\":\"https:\/\/dicodusport.fr\/blog\/#\/schema\/person\/image\/\",\"url\":\"https:\/\/dicodusport.fr\/blog\/wp-content\/uploads\/2021\/05\/Nicolas-Jacquemard-150x150.jpeg\",\"contentUrl\":\"https:\/\/dicodusport.fr\/blog\/wp-content\/uploads\/2021\/05\/Nicolas-Jacquemard-150x150.jpeg\",\"caption\":\"Nicolas Jacquemard\"},\"description\":\"Passionn\u00e9 de sport et entrepreneur depuis mes 18 ans, la cr\u00e9ation de Dicodusport m'a sembl\u00e9 \u00e9vidente pour participer \u00e0 la m\u00e9diatisation d'un plus grand nombre de sports. Le chemin est long mais avec une \u00e9quipe des plus motiv\u00e9es et les Jeux Olympiques de Paris 2024 en point de mire, nous y arriverons ! Journaliste dans le monde du sport depuis plus de 5 ans, je traite aussi bien de football, de rugby, de biathlon que de cyclisme.\",\"sameAs\":[\"https:\/\/www.facebook.com\/dicodusport\",\"https:\/\/x.com\/https:\/\/twitter.com\/Nico_Jacquemard\"],\"url\":\"https:\/\/dicodusport.fr\/blog\/author\/dicodusport\/\"}]}<\/script>\n<!-- \/ Yoast SEO Premium plugin. -->","yoast_head_json":{"title":"Marc Hirschi : \"Je veux retrouver mon niveau de 2020\"","description":"CYCLISME - R\u00e9v\u00e9lation de la saison 2020 avec un tr\u00e8s bon Tour de France notamment, Marc Hirschi a \u00e9t\u00e9 beaucoup plus discret en 2021.","robots":{"index":"index","follow":"follow","max-snippet":"max-snippet:-1","max-image-preview":"max-image-preview:large","max-video-preview":"max-video-preview:-1"},"canonical":"https:\/\/dicodusport.fr\/blog\/marc-hirschi-je-veux-retrouver-mon-niveau-de-2020\/","og_locale":"fr_FR","og_type":"article","og_title":"Marc Hirschi : \"Je veux retrouver mon niveau de 2020\"","og_description":"CYCLISME - R\u00e9v\u00e9lation de la saison 2020 avec un tr\u00e8s bon Tour de France notamment, Marc Hirschi a \u00e9t\u00e9 beaucoup plus discret en 2021.","og_url":"https:\/\/dicodusport.fr\/blog\/marc-hirschi-je-veux-retrouver-mon-niveau-de-2020\/","og_site_name":"Dicodusport","article_publisher":"https:\/\/www.facebook.com\/dicodusport","article_author":"https:\/\/www.facebook.com\/dicodusport","article_published_time":"2021-10-18T07:58:04+00:00","og_image":[{"width":800,"height":445,"url":"https:\/\/dicodusport.fr\/blog\/wp-content\/uploads\/2021\/10\/Marc-Hirschi-Je-veux-retrouver-mon-niveau-de-2020.png","type":"image\/png"}],"author":"Nicolas Jacquemard","twitter_card":"summary_large_image","twitter_title":"Marc Hirschi : \"Je veux retrouver mon niveau de 2020\"","twitter_creator":"@https:\/\/twitter.com\/Nico_Jacquemard","twitter_site":"@dicodusport","schema":{"@context":"https:\/\/schema.org","@graph":[{"@type":"NewsArticle","@id":"https:\/\/dicodusport.fr\/blog\/marc-hirschi-je-veux-retrouver-mon-niveau-de-2020\/#article","isPartOf":{"@id":"https:\/\/dicodusport.fr\/blog\/marc-hirschi-je-veux-retrouver-mon-niveau-de-2020\/"},"author":{"name":"Nicolas Jacquemard","@id":"https:\/\/dicodusport.fr\/blog\/#\/schema\/person\/55dcb50ad410894e431ed812bbb70191"},"headline":"Marc Hirschi : \u00ab\u00a0Je veux retrouver mon niveau de 2020\u00a0\u00bb","datePublished":"2021-10-18T07:58:04+00:00","mainEntityOfPage":{"@id":"https:\/\/dicodusport.fr\/blog\/marc-hirschi-je-veux-retrouver-mon-niveau-de-2020\/"},"wordCount":273,"commentCount":0,"publisher":{"@id":"https:\/\/dicodusport.fr\/blog\/#organization"},"image":{"@id":"https:\/\/dicodusport.fr\/blog\/marc-hirschi-je-veux-retrouver-mon-niveau-de-2020\/#primaryimage"},"thumbnailUrl":"https:\/\/dicodusport.fr\/blog\/wp-content\/uploads\/2021\/10\/Marc-Hirschi-Je-veux-retrouver-mon-niveau-de-2020.png","keywords":["Marc Hirschi","UAE Team Emirates"],"articleSection":["Cyclisme"],"inLanguage":"fr-FR","potentialAction":[{"@type":"CommentAction","name":"Comment","target":["https:\/\/dicodusport.fr\/blog\/marc-hirschi-je-veux-retrouver-mon-niveau-de-2020\/#respond"]}],"copyrightYear":"2021","copyrightHolder":{"@id":"https:\/\/dicodusport.fr\/blog\/#organization"}},{"@type":"WebPage","@id":"https:\/\/dicodusport.fr\/blog\/marc-hirschi-je-veux-retrouver-mon-niveau-de-2020\/","url":"https:\/\/dicodusport.fr\/blog\/marc-hirschi-je-veux-retrouver-mon-niveau-de-2020\/","name":"Marc Hirschi : \"Je veux retrouver mon niveau de 2020\"","isPartOf":{"@id":"https:\/\/dicodusport.fr\/blog\/#website"},"primaryImageOfPage":{"@id":"https:\/\/dicodusport.fr\/blog\/marc-hirschi-je-veux-retrouver-mon-niveau-de-2020\/#primaryimage"},"image":{"@id":"https:\/\/dicodusport.fr\/blog\/marc-hirschi-je-veux-retrouver-mon-niveau-de-2020\/#primaryimage"},"thumbnailUrl":"https:\/\/dicodusport.fr\/blog\/wp-content\/uploads\/2021\/10\/Marc-Hirschi-Je-veux-retrouver-mon-niveau-de-2020.png","datePublished":"2021-10-18T07:58:04+00:00","description":"CYCLISME - R\u00e9v\u00e9lation de la saison 2020 avec un tr\u00e8s bon Tour de France notamment, Marc Hirschi a \u00e9t\u00e9 beaucoup plus discret en 2021.","breadcrumb":{"@id":"https:\/\/dicodusport.fr\/blog\/marc-hirschi-je-veux-retrouver-mon-niveau-de-2020\/#breadcrumb"},"inLanguage":"fr-FR","potentialAction":[{"@type":"ReadAction","target":["https:\/\/dicodusport.fr\/blog\/marc-hirschi-je-veux-retrouver-mon-niveau-de-2020\/"]}]},{"@type":"ImageObject","inLanguage":"fr-FR","@id":"https:\/\/dicodusport.fr\/blog\/marc-hirschi-je-veux-retrouver-mon-niveau-de-2020\/#primaryimage","url":"https:\/\/dicodusport.fr\/blog\/wp-content\/uploads\/2021\/10\/Marc-Hirschi-Je-veux-retrouver-mon-niveau-de-2020.png","contentUrl":"https:\/\/dicodusport.fr\/blog\/wp-content\/uploads\/2021\/10\/Marc-Hirschi-Je-veux-retrouver-mon-niveau-de-2020.png","width":800,"height":445},{"@type":"BreadcrumbList","@id":"https:\/\/dicodusport.fr\/blog\/marc-hirschi-je-veux-retrouver-mon-niveau-de-2020\/#breadcrumb","itemListElement":[{"@type":"ListItem","position":1,"name":"Accueil","item":"https:\/\/dicodusport.fr\/blog\/"},{"@type":"ListItem","position":2,"name":"Marc Hirschi : \u00ab\u00a0Je veux retrouver mon niveau de 2020\u00a0\u00bb"}]},{"@type":"WebSite","@id":"https:\/\/dicodusport.fr\/blog\/#website","url":"https:\/\/dicodusport.fr\/blog\/","name":"Dicodusport","description":"L&#039;encyclop\u00e9die de l&#039;actualit\u00e9 sportive","publisher":{"@id":"https:\/\/dicodusport.fr\/blog\/#organization"},"potentialAction":[{"@type":"SearchAction","target":{"@type":"EntryPoint","urlTemplate":"https:\/\/dicodusport.fr\/blog\/?s={search_term_string}"},"query-input":{"@type":"PropertyValueSpecification","valueRequired":true,"valueName":"search_term_string"}}],"inLanguage":"fr-FR"},{"@type":"NewsMediaOrganization","@id":"https:\/\/dicodusport.fr\/blog\/#organization","name":"Dicodusport","url":"https:\/\/dicodusport.fr\/blog\/","logo":{"@type":"ImageObject","inLanguage":"fr-FR","@id":"https:\/\/dicodusport.fr\/blog\/#\/schema\/logo\/image\/","url":"https:\/\/dicodusport.fr\/blog\/wp-content\/uploads\/2020\/06\/cropped-LOGO-DICODUSPORT-2020-SANS-FOND-SANS-TEXTE.png","contentUrl":"https:\/\/dicodusport.fr\/blog\/wp-content\/uploads\/2020\/06\/cropped-LOGO-DICODUSPORT-2020-SANS-FOND-SANS-TEXTE.png","width":512,"height":512,"caption":"Dicodusport"},"image":{"@id":"https:\/\/dicodusport.fr\/blog\/#\/schema\/logo\/image\/"},"sameAs":["https:\/\/www.facebook.com\/dicodusport","https:\/\/x.com\/dicodusport","https:\/\/www.instagram.com\/dicodusport\/","https:\/\/www.youtube.com\/channel\/UC7V2KZ5sd3htJivAbA4ZG3w"],"description":"Dicodusport est l'encyclop\u00e9die de l'actualit\u00e9 sportive.","email":"bonjour@dicodusport.fr","legalName":"DICODUSPORT","foundingDate":"2018-01-14","vatID":"FR71834470973","taxID":"83447097300043","numberOfEmployees":{"@type":"QuantitativeValue","minValue":"1","maxValue":"10"}},{"@type":"Person","@id":"https:\/\/dicodusport.fr\/blog\/#\/schema\/person\/55dcb50ad410894e431ed812bbb70191","name":"Nicolas Jacquemard","image":{"@type":"ImageObject","inLanguage":"fr-FR","@id":"https:\/\/dicodusport.fr\/blog\/#\/schema\/person\/image\/","url":"https:\/\/dicodusport.fr\/blog\/wp-content\/uploads\/2021\/05\/Nicolas-Jacquemard-150x150.jpeg","contentUrl":"https:\/\/dicodusport.fr\/blog\/wp-content\/uploads\/2021\/05\/Nicolas-Jacquemard-150x150.jpeg","caption":"Nicolas Jacquemard"},"description":"Passionn\u00e9 de sport et entrepreneur depuis mes 18 ans, la cr\u00e9ation de Dicodusport m'a sembl\u00e9 \u00e9vidente pour participer \u00e0 la m\u00e9diatisation d'un plus grand nombre de sports. Le chemin est long mais avec une \u00e9quipe des plus motiv\u00e9es et les Jeux Olympiques de Paris 2024 en point de mire, nous y arriverons ! Journaliste dans le monde du sport depuis plus de 5 ans, je traite aussi bien de football, de rugby, de biathlon que de cyclisme.","sameAs":["https:\/\/www.facebook.com\/dicodusport","https:\/\/x.com\/https:\/\/twitter.com\/Nico_Jacquemard"],"url":"https:\/\/dicodusport.fr\/blog\/author\/dicodusport\/"}]}},"_links":{"self":[{"href":"https:\/\/dicodusport.fr\/blog\/wp-json\/wp\/v2\/posts\/173969","targetHints":{"allow":["GET"]}}],"collection":[{"href":"https:\/\/dicodusport.fr\/blog\/wp-json\/wp\/v2\/posts"}],"about":[{"href":"https:\/\/dicodusport.fr\/blog\/wp-json\/wp\/v2\/types\/post"}],"author":[{"embeddable":true,"href":"https:\/\/dicodusport.fr\/blog\/wp-json\/wp\/v2\/users\/1"}],"replies":[{"embeddable":true,"href":"https:\/\/dicodusport.fr\/blog\/wp-json\/wp\/v2\/comments?post=173969"}],"version-history":[{"count":0,"href":"https:\/\/dicodusport.fr\/blog\/wp-json\/wp\/v2\/posts\/173969\/revisions"}],"wp:featuredmedia":[{"embeddable":true,"href":"https:\/\/dicodusport.fr\/blog\/wp-json\/wp\/v2\/media\/173971"}],"wp:attachment":[{"href":"https:\/\/dicodusport.fr\/blog\/wp-json\/wp\/v2\/media?parent=173969"}],"wp:term":[{"taxonomy":"category","embeddable":true,"href":"https:\/\/dicodusport.fr\/blog\/wp-json\/wp\/v2\/categories?post=173969"},{"taxonomy":"post_tag","embeddable":true,"href":"https:\/\/dicodusport.fr\/blog\/wp-json\/wp\/v2\/tags?post=173969"}],"curies":[{"name":"wp","href":"https:\/\/api.w.org\/{rel}","templated":true}]}}