{"id":174624,"date":"2022-03-13T13:33:27","date_gmt":"2022-03-13T12:33:27","guid":{"rendered":"https:\/\/dicodusport.fr\/blog\/?p=174624&#038;preview=true&#038;preview_id=174624"},"modified":"2022-03-20T16:26:40","modified_gmt":"2022-03-20T15:26:40","slug":"coupe-du-monde-ski-alpin-2021-2022-calendrier-saison-hommes","status":"publish","type":"post","link":"https:\/\/dicodusport.fr\/blog\/coupe-du-monde-ski-alpin-2021-2022-calendrier-saison-hommes\/","title":{"rendered":"Ski alpin hommes 2021-2022 : Calendrier et r\u00e9sultats"},"content":{"rendered":"<p style=\"text-align: justify;\"><strong><em>COUPE DU MONDE DE SKI ALPIN HOMMES 2021-2022 &#8211; Descente, g\u00e9ant, slalom, Super-G : retrouvez le calendrier complet de la saison de ski alpin.<\/em><\/strong><\/p>\n<h2 style=\"text-align: justify;\"><strong>Le calendrier de la Coupe du monde hommes de ski alpin 2021-2022<\/strong><\/h2>\n<table style=\"width: 800px; border-collapse: collapse;\">\n<tbody>\n<tr>\n<td style=\"width: 800px; background-color: #009fc7; text-align: center; vertical-align: middle;\" colspan=\"3\"><span style=\"color: #ffffff;\"><strong>DESCENTE<\/strong><\/span><\/td>\n<\/tr>\n<tr>\n<td style=\"text-align: center; vertical-align: middle; width: 30%; background-color: #76b3c2;\"><span style=\"color: #ffffff; font-size: 0.9em;\"><strong>Date<\/strong><\/span><\/td>\n<td style=\"text-align: center; vertical-align: middle; width: 35%; background-color: #76b3c2;\"><span style=\"color: #ffffff; font-size: 0.9em;\"><strong>Lieu<\/strong><\/span><\/td>\n<td style=\"text-align: center; vertical-align: middle; width: 35%; background-color: #76b3c2;\"><span style=\"color: #ffffff; font-size: 0.9em;\"><strong>Vainqueur<\/strong><\/span><\/td>\n<\/tr>\n<tr>\n<td style=\"text-align: center; vertical-align: middle; width: 30%;\"><span style=\"font-size: 0.9em;\"><strong>Vendredi 26 <\/strong><b>novembre<\/b><\/span><\/td>\n<td style=\"text-align: center; vertical-align: middle; width: 35%;\"><span style=\"font-size: 0.9em;\">&#x1f1e8;&#x1f1e6; Lake Louise<\/span><\/td>\n<td style=\"text-align: center; vertical-align: middle; width: 35%;\"><strong>Annul\u00e9<\/strong><\/td>\n<\/tr>\n<tr>\n<td style=\"text-align: center; vertical-align: middle; width: 30%;\"><span style=\"font-size: 0.9em;\"><strong>Samedi 27 <\/strong><b>novembre<\/b><\/span><\/td>\n<td style=\"text-align: center; vertical-align: middle; width: 35%;\"><span style=\"font-size: 0.9em;\">&#x1f1e8;&#x1f1e6; Lake Louise<\/span><\/td>\n<td style=\"text-align: center; vertical-align: middle; width: 35%;\"><span style=\"font-size: 0.9em;\">&#x1f1e6;&#x1f1f9; Matthias Mayer<\/span><\/td>\n<\/tr>\n<tr>\n<td style=\"text-align: center; vertical-align: middle; width: 30%;\"><span style=\"font-size: 0.9em;\"><strong>Samedi 4 <\/strong><b>d\u00e9cembre<\/b><\/span><\/td>\n<td style=\"text-align: center; vertical-align: middle; width: 35%;\"><span style=\"font-size: 0.9em;\">&#x1f1fa;&#x1f1f8; Beaver Creek<\/span><\/td>\n<td style=\"text-align: center; vertical-align: middle; width: 35%;\"><span style=\"font-size: 0.9em;\">&#x1f1f3;&#x1f1f4; <span class=\"tojvnm2t a6sixzi8 abs2jz4q a8s20v7p t1p8iaqh k5wvi7nf q3lfd5jv pk4s997a bipmatt0 cebpdrjk qowsmv63 owwhemhu dp1hu0rb dhp61c6y iyyx5f41\">Aleksander Aamodt Kilde<\/span><\/span><\/td>\n<\/tr>\n<tr>\n<td style=\"text-align: center; vertical-align: middle; width: 30%;\"><span style=\"font-size: 0.9em;\"><strong>Dimanche 5 <\/strong><b>d\u00e9cembre<\/b><\/span><\/td>\n<td style=\"text-align: center; vertical-align: middle; width: 35%;\"><span style=\"font-size: 0.9em;\">&#x1f1fa;&#x1f1f8; Beaver Creek<\/span><\/td>\n<td style=\"text-align: center; vertical-align: middle; width: 35%;\"><strong>Annul\u00e9<\/strong><\/td>\n<\/tr>\n<tr>\n<td style=\"text-align: center; vertical-align: middle; width: 30%;\"><span style=\"font-size: 0.9em;\"><strong>Samedi 18 d\u00e9cembre<\/strong><\/span><\/td>\n<td style=\"text-align: center; vertical-align: middle; width: 35%;\"><span style=\"font-size: 0.9em;\">&#x1f1ee;&#x1f1f9; Val Gardena<\/span><\/td>\n<td style=\"text-align: center; vertical-align: middle; width: 35%;\"><span style=\"font-size: 0.9em;\">&#x1f1fa;&#x1f1f8; Bryce Bennett<\/span><\/td>\n<\/tr>\n<tr>\n<td style=\"text-align: center; vertical-align: middle; width: 30%;\"><span style=\"font-size: 0.9em;\"><strong>Mardi 28 d\u00e9cembre<\/strong><\/span><\/td>\n<td style=\"text-align: center; vertical-align: middle; width: 35%;\"><span style=\"font-size: 0.9em;\">&#x1f1ee;&#x1f1f9; Bormio<\/span><\/td>\n<td style=\"text-align: center; vertical-align: middle; width: 35%;\"><span style=\"font-size: 0.9em;\">&#x1f1ee;&#x1f1f9; Dominik Paris<\/span><\/td>\n<\/tr>\n<tr>\n<td style=\"text-align: center; vertical-align: middle; width: 30%;\"><span style=\"font-size: 0.9em;\"><b>Vendredi 14 janvier<\/b><\/span><\/td>\n<td style=\"text-align: center; vertical-align: middle; width: 35%;\"><span style=\"font-size: 0.9em;\">&#x1f1e8;&#x1f1ed; Wengen<\/span><\/td>\n<td style=\"text-align: center; vertical-align: middle; width: 35%;\"><span style=\"font-size: 0.9em;\">&#x1f1f3;&#x1f1f4; <span class=\"tojvnm2t a6sixzi8 abs2jz4q a8s20v7p t1p8iaqh k5wvi7nf q3lfd5jv pk4s997a bipmatt0 cebpdrjk qowsmv63 owwhemhu dp1hu0rb dhp61c6y iyyx5f41\">Aleksander Aamodt Kilde<\/span><\/span><\/td>\n<\/tr>\n<tr>\n<td style=\"text-align: center; vertical-align: middle; width: 30%;\"><span style=\"font-size: 0.9em;\"><b>Samedi 15 janvier<\/b><\/span><\/td>\n<td style=\"text-align: center; vertical-align: middle; width: 35%;\"><span style=\"font-size: 0.9em;\">&#x1f1e8;&#x1f1ed; Wengen<\/span><\/td>\n<td style=\"text-align: center; vertical-align: middle; width: 35%;\"><span style=\"font-size: 0.9em;\">&#x1f1e6;&#x1f1f9; Vincent Kriechmayr<\/span><\/td>\n<\/tr>\n<tr>\n<td style=\"text-align: center; vertical-align: middle; width: 30%;\"><span style=\"font-size: 0.9em;\"><b>Vendredi 21 janvier<\/b><\/span><\/td>\n<td style=\"text-align: center; vertical-align: middle; width: 35%;\"><span style=\"font-size: 0.9em;\">&#x1f1e6;&#x1f1f9; Kitzb\u00fchel<\/span><\/td>\n<td style=\"text-align: center; vertical-align: middle; width: 35%;\"><span style=\"font-size: 0.9em;\">&#x1f1f3;&#x1f1f4; <span class=\"tojvnm2t a6sixzi8 abs2jz4q a8s20v7p t1p8iaqh k5wvi7nf q3lfd5jv pk4s997a bipmatt0 cebpdrjk qowsmv63 owwhemhu dp1hu0rb dhp61c6y iyyx5f41\">Aleksander Aamodt Kilde<\/span><\/span><\/td>\n<\/tr>\n<tr>\n<td style=\"text-align: center; vertical-align: middle; width: 30%;\"><span style=\"font-size: 0.9em;\"><b>Dimanche 23 janvier<\/b><\/span><\/td>\n<td style=\"text-align: center; vertical-align: middle; width: 35%;\"><span style=\"font-size: 0.9em;\">&#x1f1e6;&#x1f1f9; Kitzb\u00fchel<\/span><\/td>\n<td style=\"text-align: center; vertical-align: middle; width: 35%;\"><span style=\"font-size: 0.9em;\">&#x1f1e8;&#x1f1ed; Beat Feuz<\/span><\/td>\n<\/tr>\n<tr>\n<td style=\"text-align: center; vertical-align: middle; width: 30%;\"><span style=\"font-size: 0.9em;\"><b>Vendredi 4 mars<\/b><\/span><\/td>\n<td style=\"text-align: center; vertical-align: middle; width: 35%;\"><span style=\"font-size: 0.9em;\">&#x1f1f3;&#x1f1f4; Kvitfjell<\/span><\/td>\n<td style=\"text-align: center; vertical-align: middle; width: 35%;\"><span style=\"font-size: 0.9em;\">&#x1f1e8;&#x1f1ed; Niels Hintermann et &#x1f1e8;&#x1f1e6; Cameron Alexander<\/span><\/td>\n<\/tr>\n<tr>\n<td style=\"text-align: center; vertical-align: middle; width: 30%;\"><span style=\"font-size: 0.9em;\"><b>Samedi 5 mars<\/b><\/span><\/td>\n<td style=\"text-align: center; vertical-align: middle; width: 35%;\"><span style=\"font-size: 0.9em;\">&#x1f1f3;&#x1f1f4; Kvitfjell<\/span><\/td>\n<td style=\"text-align: center; vertical-align: middle; width: 35%;\"><span style=\"font-size: 0.9em;\">&#x1f1ee;&#x1f1f9; Dominik Paris<\/span><\/td>\n<\/tr>\n<tr>\n<td style=\"text-align: center; vertical-align: middle; width: 30%;\"><span style=\"font-size: 0.9em;\"><strong>Mercredi 16 <\/strong><b>mars<\/b><\/span><\/td>\n<td style=\"text-align: center; vertical-align: middle; width: 35%;\"><span style=\"font-size: 0.9em;\">&#x1f1eb;&#x1f1f7; Courchevel\/M\u00e9ribel<\/span><\/td>\n<td style=\"text-align: center; vertical-align: middle; width: 35%;\"><span style=\"font-size: 0.9em;\">&#x1f1e6;&#x1f1f9; Vincent Kriechmayr<\/span><\/td>\n<\/tr>\n<tr>\n<td style=\"text-align: center; vertical-align: middle; width: 30%;\" colspan=\"3\"><span style=\"font-size: 0.9em;\"><strong>PETIT GLOBE :<\/strong> <strong>&#x1f1f3;&#x1f1f4; <span class=\"tojvnm2t a6sixzi8 abs2jz4q a8s20v7p t1p8iaqh k5wvi7nf q3lfd5jv pk4s997a bipmatt0 cebpdrjk qowsmv63 owwhemhu dp1hu0rb dhp61c6y iyyx5f41\">Aleksander Aamodt Kilde<\/span><\/strong><\/span><span style=\"font-size: 0.9em;\"><br \/>\n<\/span><\/td>\n<\/tr>\n<\/tbody>\n<\/table>\n<table style=\"width: 800px; border-collapse: collapse;\">\n<tbody>\n<tr>\n<td style=\"width: 800px; background-color: #009fc7; text-align: center; vertical-align: middle;\" colspan=\"3\"><span style=\"color: #ffffff;\"><strong>SUPER-G<\/strong><\/span><\/td>\n<\/tr>\n<tr>\n<td style=\"text-align: center; vertical-align: middle; width: 30%; background-color: #76b3c2;\"><span style=\"color: #ffffff; font-size: 0.9em;\"><strong>Date<\/strong><\/span><\/td>\n<td style=\"text-align: center; vertical-align: middle; width: 35%; background-color: #76b3c2;\"><span style=\"color: #ffffff; font-size: 0.9em;\"><strong>Lieu<\/strong><\/span><\/td>\n<td style=\"text-align: center; vertical-align: middle; width: 35%; background-color: #76b3c2;\"><span style=\"color: #ffffff; font-size: 0.9em;\"><strong>Vainqueur<\/strong><\/span><\/td>\n<\/tr>\n<tr>\n<td style=\"text-align: center; vertical-align: middle; width: 30%;\"><span style=\"font-size: 0.9em;\"><strong>Dimanche 28 <\/strong><b>novembre<\/b><\/span><\/td>\n<td style=\"text-align: center; vertical-align: middle; width: 35%;\"><span style=\"font-size: 0.9em;\">&#x1f1e8;&#x1f1e6; Lake Louise<\/span><\/td>\n<td style=\"text-align: center; vertical-align: middle; width: 35%;\"><strong>Annul\u00e9<\/strong><\/td>\n<\/tr>\n<tr>\n<td style=\"text-align: center; vertical-align: middle; width: 30%;\"><span style=\"font-size: 0.9em;\"><strong>Jeudi 2 <\/strong><b>d\u00e9cembre<\/b><\/span><\/td>\n<td style=\"text-align: center; vertical-align: middle; width: 35%;\"><span style=\"font-size: 0.9em;\">&#x1f1fa;&#x1f1f8; Beaver Creek<\/span><\/td>\n<td style=\"text-align: center; vertical-align: middle; width: 35%;\"><span style=\"font-size: 0.9em;\">&#x1f1e8;&#x1f1ed; Marco Odermatt<\/span><\/td>\n<\/tr>\n<tr>\n<td style=\"text-align: center; vertical-align: middle; width: 30%;\"><span style=\"font-size: 0.9em;\"><strong>Vendredi 3 <\/strong><b>d\u00e9cembre<\/b><\/span><\/td>\n<td style=\"text-align: center; vertical-align: middle; width: 35%;\"><span style=\"font-size: 0.9em;\">&#x1f1fa;&#x1f1f8; Beaver Creek<\/span><\/td>\n<td style=\"text-align: center; vertical-align: middle; width: 35%;\"><span style=\"font-size: 0.9em;\">&#x1f1f3;&#x1f1f4; <span class=\"tojvnm2t a6sixzi8 abs2jz4q a8s20v7p t1p8iaqh k5wvi7nf q3lfd5jv pk4s997a bipmatt0 cebpdrjk qowsmv63 owwhemhu dp1hu0rb dhp61c6y iyyx5f41\">Aleksander Aamodt Kilde<\/span><\/span><\/td>\n<\/tr>\n<tr>\n<td style=\"text-align: center; vertical-align: middle; width: 30%;\"><span style=\"font-size: 0.9em;\"><strong>Vendredi 17 d\u00e9cembre<\/strong><\/span><\/td>\n<td style=\"text-align: center; vertical-align: middle; width: 35%;\"><span style=\"font-size: 0.9em;\">&#x1f1ee;&#x1f1f9; Val Gardena<\/span><\/td>\n<td style=\"text-align: center; vertical-align: middle; width: 35%;\"><span style=\"font-size: 0.9em;\">&#x1f1f3;&#x1f1f4; <span class=\"tojvnm2t a6sixzi8 abs2jz4q a8s20v7p t1p8iaqh k5wvi7nf q3lfd5jv pk4s997a bipmatt0 cebpdrjk qowsmv63 owwhemhu dp1hu0rb dhp61c6y iyyx5f41\">Aleksander Aamodt Kilde<\/span><\/span><\/td>\n<\/tr>\n<tr>\n<td style=\"text-align: center; vertical-align: middle; width: 30%;\"><span style=\"font-size: 0.9em;\"><strong>Mercredi 29 d\u00e9cembre<\/strong><\/span><\/td>\n<td style=\"text-align: center; vertical-align: middle; width: 35%;\"><span style=\"font-size: 0.9em;\">&#x1f1ee;&#x1f1f9; Bormio<\/span><\/td>\n<td style=\"text-align: center; vertical-align: middle; width: 35%;\"><span style=\"font-size: 0.9em;\">&#x1f1f3;&#x1f1f4; <span class=\"tojvnm2t a6sixzi8 abs2jz4q a8s20v7p t1p8iaqh k5wvi7nf q3lfd5jv pk4s997a bipmatt0 cebpdrjk qowsmv63 owwhemhu dp1hu0rb dhp61c6y iyyx5f41\">Aleksander Aamodt Kilde<\/span><\/span><\/td>\n<\/tr>\n<tr>\n<td style=\"text-align: center; vertical-align: middle; width: 30%;\"><span style=\"font-size: 0.9em;\"><strong>Jeudi 13 janvier<\/strong><\/span><\/td>\n<td style=\"text-align: center; vertical-align: middle; width: 35%;\"><span style=\"font-size: 0.9em;\">&#x1f1e8;&#x1f1ed; Wengen<\/span><\/td>\n<td style=\"text-align: center; vertical-align: middle; width: 35%;\"><span style=\"font-size: 0.9em;\">&#x1f1e8;&#x1f1ed; Marco Odermatt<\/span><\/td>\n<\/tr>\n<tr>\n<td style=\"text-align: center; vertical-align: middle; width: 30%;\"><span style=\"font-size: 0.9em;\"><b>Dimanche 6 mars<\/b><\/span><\/td>\n<td style=\"text-align: center; vertical-align: middle; width: 35%;\"><span style=\"font-size: 0.9em;\">&#x1f1f3;&#x1f1f4; Kvitfjell<\/span><\/td>\n<td style=\"text-align: center; vertical-align: middle; width: 35%;\"><span style=\"font-size: 0.9em;\">&#x1f1f3;&#x1f1f4; <span class=\"tojvnm2t a6sixzi8 abs2jz4q a8s20v7p t1p8iaqh k5wvi7nf q3lfd5jv pk4s997a bipmatt0 cebpdrjk qowsmv63 owwhemhu dp1hu0rb dhp61c6y iyyx5f41\">Aleksander Aamodt Kilde<\/span><\/span><\/td>\n<\/tr>\n<tr>\n<td style=\"text-align: center; vertical-align: middle; width: 30%;\"><span style=\"font-size: 0.9em;\"><strong>Jeudi 17 <\/strong><b>mars<\/b><\/span><\/td>\n<td style=\"text-align: center; vertical-align: middle; width: 35%;\"><span style=\"font-size: 0.9em;\">&#x1f1eb;&#x1f1f7; Courchevel\/M\u00e9ribel<\/span><\/td>\n<td style=\"text-align: center; vertical-align: middle; width: 35%;\"><span style=\"font-size: 0.9em;\">&#x1f1e6;&#x1f1f9; Vincent Kriechmayr<\/span><\/td>\n<\/tr>\n<tr>\n<td style=\"text-align: center; vertical-align: middle; width: 30%;\" colspan=\"3\"><span style=\"font-size: 0.9em;\"><strong>PETIT GLOBE :<\/strong> <strong>&#x1f1f3;&#x1f1f4; <span class=\"tojvnm2t a6sixzi8 abs2jz4q a8s20v7p t1p8iaqh k5wvi7nf q3lfd5jv pk4s997a bipmatt0 cebpdrjk qowsmv63 owwhemhu dp1hu0rb dhp61c6y iyyx5f41\">Aleksander Aamodt Kilde<\/span><\/strong><\/span><\/td>\n<\/tr>\n<\/tbody>\n<\/table>\n<table style=\"width: 800px; border-collapse: collapse;\">\n<tbody>\n<tr>\n<td style=\"width: 800px; background-color: #009fc7; text-align: center; vertical-align: middle;\" colspan=\"3\"><span style=\"color: #ffffff;\"><strong>G\u00c9ANT<\/strong><\/span><\/td>\n<\/tr>\n<tr>\n<td style=\"text-align: center; vertical-align: middle; width: 30%; background-color: #76b3c2;\"><span style=\"color: #ffffff; font-size: 0.9em;\"><strong>Date<\/strong><\/span><\/td>\n<td style=\"text-align: center; vertical-align: middle; width: 35%; background-color: #76b3c2;\"><span style=\"color: #ffffff; font-size: 0.9em;\"><strong>Lieu<\/strong><\/span><\/td>\n<td style=\"text-align: center; vertical-align: middle; width: 35%; background-color: #76b3c2;\"><span style=\"color: #ffffff; font-size: 0.9em;\"><strong>Vainqueur<\/strong><\/span><\/td>\n<\/tr>\n<tr>\n<td style=\"text-align: center; vertical-align: middle; width: 30%;\"><span style=\"font-size: 0.9em;\"><strong>Dimanche 24 octobre<\/strong><\/span><\/td>\n<td style=\"text-align: center; vertical-align: middle; width: 35%;\"><span style=\"font-size: 0.9em;\"> &#x1f1e6;&#x1f1f9; S\u00f6lden<\/span><\/td>\n<td style=\"text-align: center; vertical-align: middle; width: 35%;\"><span style=\"font-size: 0.9em;\">&#x1f1e8;&#x1f1ed; Marco Odermatt<\/span><\/td>\n<\/tr>\n<tr>\n<td style=\"text-align: center; vertical-align: middle; width: 30%;\"><span style=\"font-size: 0.9em;\"><strong>Samedi 11 <\/strong><b>d\u00e9cembre<\/b><\/span><\/td>\n<td style=\"text-align: center; vertical-align: middle; width: 35%;\"><span style=\"font-size: 0.9em;\">&#x1f1eb;&#x1f1f7; Val d&rsquo;Is\u00e8re<\/span><\/td>\n<td style=\"text-align: center; vertical-align: middle; width: 35%;\"><span style=\"font-size: 0.9em;\">&#x1f1e8;&#x1f1ed; Marco Odermatt<\/span><\/td>\n<\/tr>\n<tr>\n<td style=\"text-align: center; vertical-align: middle; width: 30%;\"><span style=\"font-size: 0.9em;\"><strong>Dimanche 19 d\u00e9cembre<\/strong><\/span><\/td>\n<td style=\"text-align: center; vertical-align: middle; width: 35%;\"><span style=\"font-size: 0.9em;\">&#x1f1ee;&#x1f1f9; Alta Badia<\/span><\/td>\n<td style=\"text-align: center; vertical-align: middle; width: 35%;\"><span style=\"font-size: 0.9em;\">&#x1f1f3;&#x1f1f4; <span class=\"tojvnm2t a6sixzi8 abs2jz4q a8s20v7p t1p8iaqh k5wvi7nf q3lfd5jv pk4s997a bipmatt0 cebpdrjk qowsmv63 owwhemhu dp1hu0rb dhp61c6y iyyx5f41\">Henrik Kristoffersen<\/span><\/span><\/td>\n<\/tr>\n<tr>\n<td style=\"text-align: center; vertical-align: middle; width: 30%;\"><span style=\"font-size: 0.9em;\"><strong>Lundi 20 d\u00e9cembre<\/strong><\/span><\/td>\n<td style=\"text-align: center; vertical-align: middle; width: 35%;\"><span style=\"font-size: 0.9em;\">&#x1f1ee;&#x1f1f9; Alta Badia<\/span><\/td>\n<td style=\"text-align: center; vertical-align: middle; width: 35%;\"><span style=\"font-size: 0.9em;\">&#x1f1e8;&#x1f1ed; Marco Odermatt<\/span><\/td>\n<\/tr>\n<tr>\n<td style=\"text-align: center; vertical-align: middle; width: 30%;\"><span style=\"font-size: 0.9em;\"><b>Samedi 8 janvier<\/b><\/span><\/td>\n<td style=\"text-align: center; vertical-align: middle; width: 35%;\"><span style=\"font-size: 0.9em;\">&#x1f1e8;&#x1f1ed; Adelboden<\/span><\/td>\n<td style=\"text-align: center; vertical-align: middle; width: 35%;\"><span style=\"font-size: 0.9em;\">&#x1f1e8;&#x1f1ed; Marco Odermatt<\/span><\/td>\n<\/tr>\n<tr>\n<td style=\"text-align: center; vertical-align: middle; width: 30%;\"><span style=\"font-size: 0.9em;\"><strong>Samedi 12 mars<\/strong><\/span><\/td>\n<td style=\"text-align: center; vertical-align: middle; width: 35%;\"><span style=\"font-size: 0.9em;\">&#x1f1f8;&#x1f1ee; Kranjska Gora<\/span><\/td>\n<td style=\"text-align: center; vertical-align: middle; width: 35%;\"><span style=\"font-size: 0.9em;\">&#x1f1f3;&#x1f1f4; <span class=\"tojvnm2t a6sixzi8 abs2jz4q a8s20v7p t1p8iaqh k5wvi7nf q3lfd5jv pk4s997a bipmatt0 cebpdrjk qowsmv63 owwhemhu dp1hu0rb dhp61c6y iyyx5f41\">Henrik Kristoffersen<\/span><\/span><\/td>\n<\/tr>\n<tr>\n<td style=\"text-align: center; vertical-align: middle; width: 30%;\"><span style=\"font-size: 0.9em;\"><strong>Dimanche 13 mars<\/strong><\/span><\/td>\n<td style=\"text-align: center; vertical-align: middle; width: 35%;\"><span style=\"font-size: 0.9em;\">&#x1f1f8;&#x1f1ee; Kranjska Gora<\/span><\/td>\n<td style=\"text-align: center; vertical-align: middle; width: 35%;\"><span style=\"font-size: 0.9em;\">&#x1f1f3;&#x1f1f4; <span class=\"tojvnm2t a6sixzi8 abs2jz4q a8s20v7p t1p8iaqh k5wvi7nf q3lfd5jv pk4s997a bipmatt0 cebpdrjk qowsmv63 owwhemhu dp1hu0rb dhp61c6y iyyx5f41\">Henrik Kristoffersen<\/span><\/span><\/td>\n<\/tr>\n<tr>\n<td style=\"text-align: center; vertical-align: middle; width: 30%;\"><span style=\"font-size: 0.9em;\"><strong>Samedi 19 <\/strong><b>mars<\/b><\/span><\/td>\n<td style=\"text-align: center; vertical-align: middle; width: 35%;\"><span style=\"font-size: 0.9em;\">&#x1f1eb;&#x1f1f7; Courchevel\/M\u00e9ribel<\/span><\/td>\n<td style=\"text-align: center; vertical-align: middle; width: 35%;\"><span style=\"font-size: 0.9em;\">&#x1f1e8;&#x1f1ed; Marco Odermatt<\/span><\/td>\n<\/tr>\n<tr>\n<td style=\"text-align: center; vertical-align: middle; width: 30%;\" colspan=\"3\"><span style=\"font-size: 0.9em;\"><strong>PETIT GLOBE :<\/strong> <strong>&#x1f1e8;&#x1f1ed; Marco Odermatt<\/strong><\/span><\/td>\n<\/tr>\n<\/tbody>\n<\/table>\n<table style=\"width: 800px; border-collapse: collapse;\">\n<tbody>\n<tr>\n<td style=\"width: 800px; background-color: #009fc7; text-align: center; vertical-align: middle;\" colspan=\"3\"><span style=\"color: #ffffff;\"><strong>SLALOM<\/strong><\/span><\/td>\n<\/tr>\n<tr>\n<td style=\"text-align: center; vertical-align: middle; width: 30%; background-color: #76b3c2;\"><span style=\"color: #ffffff; font-size: 0.9em;\"><strong>Date<\/strong><\/span><\/td>\n<td style=\"text-align: center; vertical-align: middle; width: 35%; background-color: #76b3c2;\"><span style=\"color: #ffffff; font-size: 0.9em;\"><strong>Lieu<\/strong><\/span><\/td>\n<td style=\"text-align: center; vertical-align: middle; width: 35%; background-color: #76b3c2;\"><span style=\"color: #ffffff; font-size: 0.9em;\"><strong>Vainqueur<\/strong><\/span><\/td>\n<\/tr>\n<tr>\n<td style=\"text-align: center; vertical-align: middle; width: 30%;\"><span style=\"font-size: 0.9em;\"><strong>Dimanche 12 <\/strong><b>d\u00e9cembre<\/b><\/span><\/td>\n<td style=\"text-align: center; vertical-align: middle; width: 35%;\"><span style=\"font-size: 0.9em;\">&#x1f1eb;&#x1f1f7; Val d&rsquo;Is\u00e8re<\/span><\/td>\n<td style=\"text-align: center; vertical-align: middle; width: 35%;\"><span style=\"font-size: 0.9em;\">&#x1f1eb;&#x1f1f7; Cl\u00e9ment No\u00ebl<\/span><\/td>\n<\/tr>\n<tr>\n<td style=\"text-align: center; vertical-align: middle; width: 30%;\"><span style=\"font-size: 0.9em;\"><strong>Mercredi 22 d\u00e9cembre<\/strong><\/span><\/td>\n<td style=\"text-align: center; vertical-align: middle; width: 35%;\"><span style=\"font-size: 0.9em;\">&#x1f1ee;&#x1f1f9; Madonna<\/span><\/td>\n<td style=\"text-align: center; vertical-align: middle; width: 35%;\"><span style=\"font-size: 0.9em;\">&#x1f1f3;&#x1f1f4; <span class=\"tojvnm2t a6sixzi8 abs2jz4q a8s20v7p t1p8iaqh k5wvi7nf q3lfd5jv pk4s997a bipmatt0 cebpdrjk qowsmv63 owwhemhu dp1hu0rb dhp61c6y iyyx5f41\">Sebastian Foss-Solevaag<\/span><\/span><\/td>\n<\/tr>\n<tr>\n<td style=\"text-align: center; vertical-align: middle; width: 30%;\"><span style=\"font-size: 0.9em;\"><strong>Jeudi 6 janvier<\/strong><\/span><\/td>\n<td style=\"text-align: center; vertical-align: middle; width: 35%;\"><span style=\"font-size: 0.9em;\">&#x1f1ed;&#x1f1f7; Zagreb<\/span><\/td>\n<td style=\"text-align: center; vertical-align: middle; width: 35%;\"><strong>Annul\u00e9<\/strong><\/td>\n<\/tr>\n<tr>\n<td style=\"text-align: center; vertical-align: middle; width: 30%;\"><span style=\"font-size: 0.9em;\"><b>Dimanche 9 janvier<\/b><\/span><\/td>\n<td style=\"text-align: center; vertical-align: middle; width: 35%;\"><span style=\"font-size: 0.9em;\">&#x1f1e8;&#x1f1ed; Adelboden<\/span><\/td>\n<td style=\"text-align: center; vertical-align: middle; width: 35%;\"><span style=\"font-size: 0.9em;\">&#x1f1e6;&#x1f1f9; Johannes Strolz<\/span><\/td>\n<\/tr>\n<tr>\n<td style=\"text-align: center; vertical-align: middle; width: 30%;\"><span style=\"font-size: 0.9em;\"><b>Dimanche 16 janvier<\/b><\/span><\/td>\n<td style=\"text-align: center; vertical-align: middle; width: 35%;\"><span style=\"font-size: 0.9em;\">&#x1f1e8;&#x1f1ed; Wengen<\/span><\/td>\n<td style=\"text-align: center; vertical-align: middle; width: 35%;\"><span style=\"font-size: 0.9em;\">&#x1f1f3;&#x1f1f4; <span class=\"tojvnm2t a6sixzi8 abs2jz4q a8s20v7p t1p8iaqh k5wvi7nf q3lfd5jv pk4s997a bipmatt0 cebpdrjk qowsmv63 owwhemhu dp1hu0rb dhp61c6y iyyx5f41\">Lucas Braathen<\/span><\/span><\/td>\n<\/tr>\n<tr>\n<td style=\"text-align: center; vertical-align: middle; width: 30%;\"><span style=\"font-size: 0.9em;\"><b>Samedi 22 janvier<\/b><\/span><\/td>\n<td style=\"text-align: center; vertical-align: middle; width: 35%;\"><span style=\"font-size: 0.9em;\">&#x1f1e6;&#x1f1f9; Kitzb\u00fchel<\/span><\/td>\n<td style=\"text-align: center; vertical-align: middle; width: 35%;\"><span style=\"font-size: 0.9em;\">&#x1f1ec;&#x1f1e7; <span class=\"tojvnm2t a6sixzi8 abs2jz4q a8s20v7p t1p8iaqh k5wvi7nf q3lfd5jv pk4s997a bipmatt0 cebpdrjk qowsmv63 owwhemhu dp1hu0rb dhp61c6y iyyx5f41\">Dave Ryding<\/span><\/span><\/td>\n<\/tr>\n<tr>\n<td style=\"text-align: center; vertical-align: middle; width: 30%;\"><span style=\"font-size: 0.9em;\"><b>Mardi 25 janvier<\/b><\/span><\/td>\n<td style=\"text-align: center; vertical-align: middle; width: 35%;\"><span style=\"font-size: 0.9em;\">&#x1f1e6;&#x1f1f9; Schladming<\/span><\/td>\n<td style=\"text-align: center; vertical-align: middle; width: 35%;\"><span style=\"font-size: 0.9em;\">&#x1f1e9;&#x1f1ea; Linus Strasser<\/span><\/td>\n<\/tr>\n<tr>\n<td style=\"text-align: center; vertical-align: middle; width: 30%;\"><span style=\"font-size: 0.9em;\"><strong>Samedi 26 f\u00e9vrier<\/strong><\/span><\/td>\n<td style=\"text-align: center; vertical-align: middle; width: 35%;\"><span style=\"font-size: 0.9em;\">&#x1f1e9;&#x1f1ea; Garmisch-Partenkirchen<\/span><\/td>\n<td style=\"text-align: center; vertical-align: middle; width: 35%;\"><span style=\"font-size: 0.9em;\">&#x1f1f3;&#x1f1f4; <span class=\"tojvnm2t a6sixzi8 abs2jz4q a8s20v7p t1p8iaqh k5wvi7nf q3lfd5jv pk4s997a bipmatt0 cebpdrjk qowsmv63 owwhemhu dp1hu0rb dhp61c6y iyyx5f41\">Henrik Kristoffersen<\/span><\/span><\/td>\n<\/tr>\n<tr>\n<td style=\"text-align: center; vertical-align: middle; width: 30%;\"><span style=\"font-size: 0.9em;\"><strong>Dimanche 27 f\u00e9vrier<\/strong><\/span><\/td>\n<td style=\"text-align: center; vertical-align: middle; width: 35%;\"><span style=\"font-size: 0.9em;\">&#x1f1e9;&#x1f1ea; Garmisch-Partenkirchen<\/span><\/td>\n<td style=\"text-align: center; vertical-align: middle; width: 35%;\"><span style=\"font-size: 0.9em;\">&#x1f1f3;&#x1f1f4; <span class=\"tojvnm2t a6sixzi8 abs2jz4q a8s20v7p t1p8iaqh k5wvi7nf q3lfd5jv pk4s997a bipmatt0 cebpdrjk qowsmv63 owwhemhu dp1hu0rb dhp61c6y iyyx5f41\">Henrik Kristoffersen<\/span><\/span><\/td>\n<\/tr>\n<tr>\n<td style=\"text-align: center; vertical-align: middle; width: 30%;\"><span style=\"font-size: 0.9em;\"><strong>Mercredi 9 mars<\/strong><\/span><\/td>\n<td style=\"text-align: center; vertical-align: middle; width: 35%;\"><span style=\"font-size: 0.9em;\">&#x1f1e6;&#x1f1f9; Flachau<\/span><\/td>\n<td style=\"text-align: center; vertical-align: middle; width: 35%;\"><span style=\"font-size: 0.9em;\">&#x1f1f3;&#x1f1f4; Atle Lie McGrath<\/span><\/td>\n<\/tr>\n<tr>\n<td style=\"text-align: center; vertical-align: middle; width: 30%;\"><span style=\"font-size: 0.9em;\"><strong>Dimanche 20 <\/strong><b>mars<\/b><\/span><\/td>\n<td style=\"text-align: center; vertical-align: middle; width: 35%;\"><span style=\"font-size: 0.9em;\">&#x1f1eb;&#x1f1f7; Courchevel\/M\u00e9ribel<\/span><\/td>\n<td style=\"text-align: center; vertical-align: middle; width: 35%;\"><span style=\"font-size: 0.9em;\">&#x1f1f3;&#x1f1f4; Atle Lie McGrath<\/span><\/td>\n<\/tr>\n<tr>\n<td style=\"text-align: center; vertical-align: middle; width: 30%;\"><span style=\"font-size: 0.9em;\"><strong>\u00a0<\/strong><\/span><\/td>\n<td style=\"text-align: center; vertical-align: middle; width: 35%;\"><span style=\"font-size: 0.9em;\">\u00a0<\/span><\/td>\n<td style=\"text-align: center; vertical-align: middle; width: 35%;\"><span style=\"font-size: 0.9em;\">\u00a0<\/span><\/td>\n<\/tr>\n<\/tbody>\n<\/table>\n<table style=\"width: 800px; border-collapse: collapse;\">\n<tbody>\n<tr>\n<td style=\"width: 800px; background-color: #009fc7; text-align: center; vertical-align: middle;\" colspan=\"3\"><span style=\"color: #ffffff;\"><strong>PARALL\u00c8LE<\/strong><\/span><\/td>\n<\/tr>\n<tr>\n<td style=\"text-align: center; vertical-align: middle; width: 30%; background-color: #76b3c2;\"><span style=\"color: #ffffff; font-size: 0.9em;\"><strong>Date<\/strong><\/span><\/td>\n<td style=\"text-align: center; vertical-align: middle; width: 35%; background-color: #76b3c2;\"><span style=\"color: #ffffff; font-size: 0.9em;\"><strong>Lieu<\/strong><\/span><\/td>\n<td style=\"text-align: center; vertical-align: middle; width: 35%; background-color: #76b3c2;\"><span style=\"color: #ffffff; font-size: 0.9em;\"><strong>Vainqueur<\/strong><\/span><\/td>\n<\/tr>\n<tr>\n<td style=\"text-align: center; vertical-align: middle; width: 30%;\"><span style=\"font-size: 0.9em;\"><strong>Dimanche 14 novembre<\/strong><\/span><\/td>\n<td style=\"text-align: center; vertical-align: middle; width: 35%;\"><span style=\"font-size: 0.9em;\">&#x1f1e6;&#x1f1f9; Z\u00fcrs<\/span><\/td>\n<td style=\"text-align: center; vertical-align: middle; width: 35%;\"><span style=\"font-size: 0.9em;\">&#x1f1e6;&#x1f1f9; Christian Hirschb\u00fchel<\/span><\/td>\n<\/tr>\n<tr>\n<td style=\"text-align: center; vertical-align: middle; width: 30%;\"><span style=\"font-size: 0.9em;\"><strong>Vendredi 18 <\/strong><b>mars (mixte)<\/b><\/span><\/td>\n<td style=\"text-align: center; vertical-align: middle; width: 35%;\"><span style=\"font-size: 0.9em;\">&#x1f1eb;&#x1f1f7; Courchevel\/M\u00e9ribel<\/span><\/td>\n<td style=\"text-align: center; vertical-align: middle; width: 35%;\"><\/td>\n<\/tr>\n<\/tbody>\n<\/table>\n<ul>\n<li style=\"text-align: justify;\"><strong>\u00c0 lire aussi &#8211; <a href=\"https:\/\/dicodusport.fr\/blog\/ski-alpin-coupe-du-monde-2021-2022-classement-general-hommes\/\">Le classement g\u00e9n\u00e9ral de la Coupe du monde de ski alpin<\/a><\/strong><\/li>\n<\/ul>\n","protected":false},"excerpt":{"rendered":"<p>COUPE DU MONDE DE SKI ALPIN HOMMES 2021-2022 &#8211; Descente, g\u00e9ant, slalom, Super-G : retrouvez le calendrier complet de la saison de ski alpin.<\/p>\n","protected":false},"author":1,"featured_media":174708,"comment_status":"open","ping_status":"closed","sticky":false,"template":"","format":"standard","meta":{"_acf_changed":false,"_daextam_enable_autolinks":"","footnotes":""},"categories":[47084],"tags":[12586,2233],"class_list":["post-174624","post","type-post","status-publish","format-standard","has-post-thumbnail","hentry","category-coupe-du-monde-ski-alpin","tag-coupe-du-monde-de-ski-alpin","tag-ski-alpin"],"acf":[],"yoast_head":"<!-- This site is optimized with the Yoast SEO Premium plugin v26.7 (Yoast SEO v26.7) - https:\/\/yoast.com\/wordpress\/plugins\/seo\/ -->\n<title>Ski alpin hommes 2021-2022 : Calendrier et r\u00e9sultats<\/title>\n<meta name=\"description\" content=\"COUPE DU MONDE DE SKI ALPIN HOMMES 2021-2022 - Descente, g\u00e9ant, slalom, Super-G : retrouvez le calendrier complet de la saison de ski alpin.\" \/>\n<meta name=\"robots\" content=\"index, follow, max-snippet:-1, max-image-preview:large, max-video-preview:-1\" \/>\n<link rel=\"canonical\" href=\"https:\/\/dicodusport.fr\/blog\/coupe-du-monde-ski-alpin-2021-2022-calendrier-saison-hommes\/\" \/>\n<meta property=\"og:locale\" content=\"fr_FR\" \/>\n<meta property=\"og:type\" content=\"article\" \/>\n<meta property=\"og:title\" content=\"Ski alpin hommes 2021-2022 : Calendrier et r\u00e9sultats\" \/>\n<meta property=\"og:description\" content=\"COUPE DU MONDE DE SKI ALPIN HOMMES 2021-2022 - Descente, g\u00e9ant, slalom, Super-G : retrouvez le calendrier complet de la saison de ski alpin.\" \/>\n<meta property=\"og:url\" content=\"https:\/\/dicodusport.fr\/blog\/coupe-du-monde-ski-alpin-2021-2022-calendrier-saison-hommes\/\" \/>\n<meta property=\"og:site_name\" content=\"Dicodusport\" \/>\n<meta property=\"article:publisher\" content=\"https:\/\/www.facebook.com\/dicodusport\" \/>\n<meta property=\"article:author\" content=\"https:\/\/www.facebook.com\/dicodusport\" \/>\n<meta property=\"article:published_time\" content=\"2022-03-13T12:33:27+00:00\" \/>\n<meta property=\"article:modified_time\" content=\"2022-03-20T15:26:40+00:00\" \/>\n<meta property=\"og:image\" content=\"https:\/\/dicodusport.fr\/blog\/wp-content\/uploads\/2021\/10\/Coupe-du-monde-de-ski-alpin-2021-2022-Le-calendrier-de-la-saison-hommes.png\" \/>\n\t<meta property=\"og:image:width\" content=\"1200\" \/>\n\t<meta property=\"og:image:height\" content=\"670\" \/>\n\t<meta property=\"og:image:type\" content=\"image\/png\" \/>\n<meta name=\"author\" content=\"Nicolas Jacquemard\" \/>\n<meta name=\"twitter:card\" content=\"summary_large_image\" \/>\n<meta name=\"twitter:title\" content=\"Ski alpin hommes 2021-2022 : Calendrier et r\u00e9sultats\" \/>\n<meta name=\"twitter:creator\" content=\"@https:\/\/twitter.com\/Nico_Jacquemard\" \/>\n<meta name=\"twitter:site\" content=\"@dicodusport\" \/>\n<script type=\"application\/ld+json\" class=\"yoast-schema-graph\">{\"@context\":\"https:\/\/schema.org\",\"@graph\":[{\"@type\":\"NewsArticle\",\"@id\":\"https:\/\/dicodusport.fr\/blog\/coupe-du-monde-ski-alpin-2021-2022-calendrier-saison-hommes\/#article\",\"isPartOf\":{\"@id\":\"https:\/\/dicodusport.fr\/blog\/coupe-du-monde-ski-alpin-2021-2022-calendrier-saison-hommes\/\"},\"author\":{\"name\":\"Nicolas Jacquemard\",\"@id\":\"https:\/\/dicodusport.fr\/blog\/#\/schema\/person\/55dcb50ad410894e431ed812bbb70191\"},\"headline\":\"Ski alpin hommes 2021-2022 : Calendrier et r\u00e9sultats\",\"datePublished\":\"2022-03-13T12:33:27+00:00\",\"dateModified\":\"2022-03-20T15:26:40+00:00\",\"mainEntityOfPage\":{\"@id\":\"https:\/\/dicodusport.fr\/blog\/coupe-du-monde-ski-alpin-2021-2022-calendrier-saison-hommes\/\"},\"wordCount\":863,\"commentCount\":0,\"publisher\":{\"@id\":\"https:\/\/dicodusport.fr\/blog\/#organization\"},\"image\":{\"@id\":\"https:\/\/dicodusport.fr\/blog\/coupe-du-monde-ski-alpin-2021-2022-calendrier-saison-hommes\/#primaryimage\"},\"thumbnailUrl\":\"https:\/\/dicodusport.fr\/blog\/wp-content\/uploads\/2021\/10\/Coupe-du-monde-de-ski-alpin-2021-2022-Le-calendrier-de-la-saison-hommes.png\",\"keywords\":[\"Coupe du monde de ski alpin\",\"Ski alpin\"],\"articleSection\":[\"Coupe du monde de ski alpin\"],\"inLanguage\":\"fr-FR\",\"potentialAction\":[{\"@type\":\"CommentAction\",\"name\":\"Comment\",\"target\":[\"https:\/\/dicodusport.fr\/blog\/coupe-du-monde-ski-alpin-2021-2022-calendrier-saison-hommes\/#respond\"]}],\"copyrightYear\":\"2022\",\"copyrightHolder\":{\"@id\":\"https:\/\/dicodusport.fr\/blog\/#organization\"}},{\"@type\":\"WebPage\",\"@id\":\"https:\/\/dicodusport.fr\/blog\/coupe-du-monde-ski-alpin-2021-2022-calendrier-saison-hommes\/\",\"url\":\"https:\/\/dicodusport.fr\/blog\/coupe-du-monde-ski-alpin-2021-2022-calendrier-saison-hommes\/\",\"name\":\"Ski alpin hommes 2021-2022 : Calendrier et r\u00e9sultats\",\"isPartOf\":{\"@id\":\"https:\/\/dicodusport.fr\/blog\/#website\"},\"primaryImageOfPage\":{\"@id\":\"https:\/\/dicodusport.fr\/blog\/coupe-du-monde-ski-alpin-2021-2022-calendrier-saison-hommes\/#primaryimage\"},\"image\":{\"@id\":\"https:\/\/dicodusport.fr\/blog\/coupe-du-monde-ski-alpin-2021-2022-calendrier-saison-hommes\/#primaryimage\"},\"thumbnailUrl\":\"https:\/\/dicodusport.fr\/blog\/wp-content\/uploads\/2021\/10\/Coupe-du-monde-de-ski-alpin-2021-2022-Le-calendrier-de-la-saison-hommes.png\",\"datePublished\":\"2022-03-13T12:33:27+00:00\",\"dateModified\":\"2022-03-20T15:26:40+00:00\",\"description\":\"COUPE DU MONDE DE SKI ALPIN HOMMES 2021-2022 - Descente, g\u00e9ant, slalom, Super-G : retrouvez le calendrier complet de la saison de ski alpin.\",\"breadcrumb\":{\"@id\":\"https:\/\/dicodusport.fr\/blog\/coupe-du-monde-ski-alpin-2021-2022-calendrier-saison-hommes\/#breadcrumb\"},\"inLanguage\":\"fr-FR\",\"potentialAction\":[{\"@type\":\"ReadAction\",\"target\":[\"https:\/\/dicodusport.fr\/blog\/coupe-du-monde-ski-alpin-2021-2022-calendrier-saison-hommes\/\"]}]},{\"@type\":\"ImageObject\",\"inLanguage\":\"fr-FR\",\"@id\":\"https:\/\/dicodusport.fr\/blog\/coupe-du-monde-ski-alpin-2021-2022-calendrier-saison-hommes\/#primaryimage\",\"url\":\"https:\/\/dicodusport.fr\/blog\/wp-content\/uploads\/2021\/10\/Coupe-du-monde-de-ski-alpin-2021-2022-Le-calendrier-de-la-saison-hommes.png\",\"contentUrl\":\"https:\/\/dicodusport.fr\/blog\/wp-content\/uploads\/2021\/10\/Coupe-du-monde-de-ski-alpin-2021-2022-Le-calendrier-de-la-saison-hommes.png\",\"width\":1200,\"height\":670,\"caption\":\"Coupe du monde de ski alpin 2021-2022 : Le calendrier de la saison hommes\"},{\"@type\":\"BreadcrumbList\",\"@id\":\"https:\/\/dicodusport.fr\/blog\/coupe-du-monde-ski-alpin-2021-2022-calendrier-saison-hommes\/#breadcrumb\",\"itemListElement\":[{\"@type\":\"ListItem\",\"position\":1,\"name\":\"Accueil\",\"item\":\"https:\/\/dicodusport.fr\/blog\/\"},{\"@type\":\"ListItem\",\"position\":2,\"name\":\"Ski alpin hommes 2021-2022 : Calendrier et r\u00e9sultats\"}]},{\"@type\":\"WebSite\",\"@id\":\"https:\/\/dicodusport.fr\/blog\/#website\",\"url\":\"https:\/\/dicodusport.fr\/blog\/\",\"name\":\"Dicodusport\",\"description\":\"L&#039;encyclop\u00e9die de l&#039;actualit\u00e9 sportive\",\"publisher\":{\"@id\":\"https:\/\/dicodusport.fr\/blog\/#organization\"},\"potentialAction\":[{\"@type\":\"SearchAction\",\"target\":{\"@type\":\"EntryPoint\",\"urlTemplate\":\"https:\/\/dicodusport.fr\/blog\/?s={search_term_string}\"},\"query-input\":{\"@type\":\"PropertyValueSpecification\",\"valueRequired\":true,\"valueName\":\"search_term_string\"}}],\"inLanguage\":\"fr-FR\"},{\"@type\":\"NewsMediaOrganization\",\"@id\":\"https:\/\/dicodusport.fr\/blog\/#organization\",\"name\":\"Dicodusport\",\"url\":\"https:\/\/dicodusport.fr\/blog\/\",\"logo\":{\"@type\":\"ImageObject\",\"inLanguage\":\"fr-FR\",\"@id\":\"https:\/\/dicodusport.fr\/blog\/#\/schema\/logo\/image\/\",\"url\":\"https:\/\/dicodusport.fr\/blog\/wp-content\/uploads\/2020\/06\/cropped-LOGO-DICODUSPORT-2020-SANS-FOND-SANS-TEXTE.png\",\"contentUrl\":\"https:\/\/dicodusport.fr\/blog\/wp-content\/uploads\/2020\/06\/cropped-LOGO-DICODUSPORT-2020-SANS-FOND-SANS-TEXTE.png\",\"width\":512,\"height\":512,\"caption\":\"Dicodusport\"},\"image\":{\"@id\":\"https:\/\/dicodusport.fr\/blog\/#\/schema\/logo\/image\/\"},\"sameAs\":[\"https:\/\/www.facebook.com\/dicodusport\",\"https:\/\/x.com\/dicodusport\",\"https:\/\/www.instagram.com\/dicodusport\/\",\"https:\/\/www.youtube.com\/channel\/UC7V2KZ5sd3htJivAbA4ZG3w\"],\"description\":\"Dicodusport est l'encyclop\u00e9die de l'actualit\u00e9 sportive.\",\"email\":\"bonjour@dicodusport.fr\",\"legalName\":\"DICODUSPORT\",\"foundingDate\":\"2018-01-14\",\"vatID\":\"FR71834470973\",\"taxID\":\"83447097300043\",\"numberOfEmployees\":{\"@type\":\"QuantitativeValue\",\"minValue\":\"1\",\"maxValue\":\"10\"}},{\"@type\":\"Person\",\"@id\":\"https:\/\/dicodusport.fr\/blog\/#\/schema\/person\/55dcb50ad410894e431ed812bbb70191\",\"name\":\"Nicolas Jacquemard\",\"image\":{\"@type\":\"ImageObject\",\"inLanguage\":\"fr-FR\",\"@id\":\"https:\/\/dicodusport.fr\/blog\/#\/schema\/person\/image\/\",\"url\":\"https:\/\/dicodusport.fr\/blog\/wp-content\/uploads\/2021\/05\/Nicolas-Jacquemard-150x150.jpeg\",\"contentUrl\":\"https:\/\/dicodusport.fr\/blog\/wp-content\/uploads\/2021\/05\/Nicolas-Jacquemard-150x150.jpeg\",\"caption\":\"Nicolas Jacquemard\"},\"description\":\"Passionn\u00e9 de sport et entrepreneur depuis mes 18 ans, la cr\u00e9ation de Dicodusport m'a sembl\u00e9 \u00e9vidente pour participer \u00e0 la m\u00e9diatisation d'un plus grand nombre de sports. Le chemin est long mais avec une \u00e9quipe des plus motiv\u00e9es et les Jeux Olympiques de Paris 2024 en point de mire, nous y arriverons ! Journaliste dans le monde du sport depuis plus de 5 ans, je traite aussi bien de football, de rugby, de biathlon que de cyclisme.\",\"sameAs\":[\"https:\/\/www.facebook.com\/dicodusport\",\"https:\/\/x.com\/https:\/\/twitter.com\/Nico_Jacquemard\"],\"url\":\"https:\/\/dicodusport.fr\/blog\/author\/dicodusport\/\"}]}<\/script>\n<!-- \/ Yoast SEO Premium plugin. -->","yoast_head_json":{"title":"Ski alpin hommes 2021-2022 : Calendrier et r\u00e9sultats","description":"COUPE DU MONDE DE SKI ALPIN HOMMES 2021-2022 - Descente, g\u00e9ant, slalom, Super-G : retrouvez le calendrier complet de la saison de ski alpin.","robots":{"index":"index","follow":"follow","max-snippet":"max-snippet:-1","max-image-preview":"max-image-preview:large","max-video-preview":"max-video-preview:-1"},"canonical":"https:\/\/dicodusport.fr\/blog\/coupe-du-monde-ski-alpin-2021-2022-calendrier-saison-hommes\/","og_locale":"fr_FR","og_type":"article","og_title":"Ski alpin hommes 2021-2022 : Calendrier et r\u00e9sultats","og_description":"COUPE DU MONDE DE SKI ALPIN HOMMES 2021-2022 - Descente, g\u00e9ant, slalom, Super-G : retrouvez le calendrier complet de la saison de ski alpin.","og_url":"https:\/\/dicodusport.fr\/blog\/coupe-du-monde-ski-alpin-2021-2022-calendrier-saison-hommes\/","og_site_name":"Dicodusport","article_publisher":"https:\/\/www.facebook.com\/dicodusport","article_author":"https:\/\/www.facebook.com\/dicodusport","article_published_time":"2022-03-13T12:33:27+00:00","article_modified_time":"2022-03-20T15:26:40+00:00","og_image":[{"width":1200,"height":670,"url":"https:\/\/dicodusport.fr\/blog\/wp-content\/uploads\/2021\/10\/Coupe-du-monde-de-ski-alpin-2021-2022-Le-calendrier-de-la-saison-hommes.png","type":"image\/png"}],"author":"Nicolas Jacquemard","twitter_card":"summary_large_image","twitter_title":"Ski alpin hommes 2021-2022 : Calendrier et r\u00e9sultats","twitter_creator":"@https:\/\/twitter.com\/Nico_Jacquemard","twitter_site":"@dicodusport","schema":{"@context":"https:\/\/schema.org","@graph":[{"@type":"NewsArticle","@id":"https:\/\/dicodusport.fr\/blog\/coupe-du-monde-ski-alpin-2021-2022-calendrier-saison-hommes\/#article","isPartOf":{"@id":"https:\/\/dicodusport.fr\/blog\/coupe-du-monde-ski-alpin-2021-2022-calendrier-saison-hommes\/"},"author":{"name":"Nicolas Jacquemard","@id":"https:\/\/dicodusport.fr\/blog\/#\/schema\/person\/55dcb50ad410894e431ed812bbb70191"},"headline":"Ski alpin hommes 2021-2022 : Calendrier et r\u00e9sultats","datePublished":"2022-03-13T12:33:27+00:00","dateModified":"2022-03-20T15:26:40+00:00","mainEntityOfPage":{"@id":"https:\/\/dicodusport.fr\/blog\/coupe-du-monde-ski-alpin-2021-2022-calendrier-saison-hommes\/"},"wordCount":863,"commentCount":0,"publisher":{"@id":"https:\/\/dicodusport.fr\/blog\/#organization"},"image":{"@id":"https:\/\/dicodusport.fr\/blog\/coupe-du-monde-ski-alpin-2021-2022-calendrier-saison-hommes\/#primaryimage"},"thumbnailUrl":"https:\/\/dicodusport.fr\/blog\/wp-content\/uploads\/2021\/10\/Coupe-du-monde-de-ski-alpin-2021-2022-Le-calendrier-de-la-saison-hommes.png","keywords":["Coupe du monde de ski alpin","Ski alpin"],"articleSection":["Coupe du monde de ski alpin"],"inLanguage":"fr-FR","potentialAction":[{"@type":"CommentAction","name":"Comment","target":["https:\/\/dicodusport.fr\/blog\/coupe-du-monde-ski-alpin-2021-2022-calendrier-saison-hommes\/#respond"]}],"copyrightYear":"2022","copyrightHolder":{"@id":"https:\/\/dicodusport.fr\/blog\/#organization"}},{"@type":"WebPage","@id":"https:\/\/dicodusport.fr\/blog\/coupe-du-monde-ski-alpin-2021-2022-calendrier-saison-hommes\/","url":"https:\/\/dicodusport.fr\/blog\/coupe-du-monde-ski-alpin-2021-2022-calendrier-saison-hommes\/","name":"Ski alpin hommes 2021-2022 : Calendrier et r\u00e9sultats","isPartOf":{"@id":"https:\/\/dicodusport.fr\/blog\/#website"},"primaryImageOfPage":{"@id":"https:\/\/dicodusport.fr\/blog\/coupe-du-monde-ski-alpin-2021-2022-calendrier-saison-hommes\/#primaryimage"},"image":{"@id":"https:\/\/dicodusport.fr\/blog\/coupe-du-monde-ski-alpin-2021-2022-calendrier-saison-hommes\/#primaryimage"},"thumbnailUrl":"https:\/\/dicodusport.fr\/blog\/wp-content\/uploads\/2021\/10\/Coupe-du-monde-de-ski-alpin-2021-2022-Le-calendrier-de-la-saison-hommes.png","datePublished":"2022-03-13T12:33:27+00:00","dateModified":"2022-03-20T15:26:40+00:00","description":"COUPE DU MONDE DE SKI ALPIN HOMMES 2021-2022 - Descente, g\u00e9ant, slalom, Super-G : retrouvez le calendrier complet de la saison de ski alpin.","breadcrumb":{"@id":"https:\/\/dicodusport.fr\/blog\/coupe-du-monde-ski-alpin-2021-2022-calendrier-saison-hommes\/#breadcrumb"},"inLanguage":"fr-FR","potentialAction":[{"@type":"ReadAction","target":["https:\/\/dicodusport.fr\/blog\/coupe-du-monde-ski-alpin-2021-2022-calendrier-saison-hommes\/"]}]},{"@type":"ImageObject","inLanguage":"fr-FR","@id":"https:\/\/dicodusport.fr\/blog\/coupe-du-monde-ski-alpin-2021-2022-calendrier-saison-hommes\/#primaryimage","url":"https:\/\/dicodusport.fr\/blog\/wp-content\/uploads\/2021\/10\/Coupe-du-monde-de-ski-alpin-2021-2022-Le-calendrier-de-la-saison-hommes.png","contentUrl":"https:\/\/dicodusport.fr\/blog\/wp-content\/uploads\/2021\/10\/Coupe-du-monde-de-ski-alpin-2021-2022-Le-calendrier-de-la-saison-hommes.png","width":1200,"height":670,"caption":"Coupe du monde de ski alpin 2021-2022 : Le calendrier de la saison hommes"},{"@type":"BreadcrumbList","@id":"https:\/\/dicodusport.fr\/blog\/coupe-du-monde-ski-alpin-2021-2022-calendrier-saison-hommes\/#breadcrumb","itemListElement":[{"@type":"ListItem","position":1,"name":"Accueil","item":"https:\/\/dicodusport.fr\/blog\/"},{"@type":"ListItem","position":2,"name":"Ski alpin hommes 2021-2022 : Calendrier et r\u00e9sultats"}]},{"@type":"WebSite","@id":"https:\/\/dicodusport.fr\/blog\/#website","url":"https:\/\/dicodusport.fr\/blog\/","name":"Dicodusport","description":"L&#039;encyclop\u00e9die de l&#039;actualit\u00e9 sportive","publisher":{"@id":"https:\/\/dicodusport.fr\/blog\/#organization"},"potentialAction":[{"@type":"SearchAction","target":{"@type":"EntryPoint","urlTemplate":"https:\/\/dicodusport.fr\/blog\/?s={search_term_string}"},"query-input":{"@type":"PropertyValueSpecification","valueRequired":true,"valueName":"search_term_string"}}],"inLanguage":"fr-FR"},{"@type":"NewsMediaOrganization","@id":"https:\/\/dicodusport.fr\/blog\/#organization","name":"Dicodusport","url":"https:\/\/dicodusport.fr\/blog\/","logo":{"@type":"ImageObject","inLanguage":"fr-FR","@id":"https:\/\/dicodusport.fr\/blog\/#\/schema\/logo\/image\/","url":"https:\/\/dicodusport.fr\/blog\/wp-content\/uploads\/2020\/06\/cropped-LOGO-DICODUSPORT-2020-SANS-FOND-SANS-TEXTE.png","contentUrl":"https:\/\/dicodusport.fr\/blog\/wp-content\/uploads\/2020\/06\/cropped-LOGO-DICODUSPORT-2020-SANS-FOND-SANS-TEXTE.png","width":512,"height":512,"caption":"Dicodusport"},"image":{"@id":"https:\/\/dicodusport.fr\/blog\/#\/schema\/logo\/image\/"},"sameAs":["https:\/\/www.facebook.com\/dicodusport","https:\/\/x.com\/dicodusport","https:\/\/www.instagram.com\/dicodusport\/","https:\/\/www.youtube.com\/channel\/UC7V2KZ5sd3htJivAbA4ZG3w"],"description":"Dicodusport est l'encyclop\u00e9die de l'actualit\u00e9 sportive.","email":"bonjour@dicodusport.fr","legalName":"DICODUSPORT","foundingDate":"2018-01-14","vatID":"FR71834470973","taxID":"83447097300043","numberOfEmployees":{"@type":"QuantitativeValue","minValue":"1","maxValue":"10"}},{"@type":"Person","@id":"https:\/\/dicodusport.fr\/blog\/#\/schema\/person\/55dcb50ad410894e431ed812bbb70191","name":"Nicolas Jacquemard","image":{"@type":"ImageObject","inLanguage":"fr-FR","@id":"https:\/\/dicodusport.fr\/blog\/#\/schema\/person\/image\/","url":"https:\/\/dicodusport.fr\/blog\/wp-content\/uploads\/2021\/05\/Nicolas-Jacquemard-150x150.jpeg","contentUrl":"https:\/\/dicodusport.fr\/blog\/wp-content\/uploads\/2021\/05\/Nicolas-Jacquemard-150x150.jpeg","caption":"Nicolas Jacquemard"},"description":"Passionn\u00e9 de sport et entrepreneur depuis mes 18 ans, la cr\u00e9ation de Dicodusport m'a sembl\u00e9 \u00e9vidente pour participer \u00e0 la m\u00e9diatisation d'un plus grand nombre de sports. Le chemin est long mais avec une \u00e9quipe des plus motiv\u00e9es et les Jeux Olympiques de Paris 2024 en point de mire, nous y arriverons ! Journaliste dans le monde du sport depuis plus de 5 ans, je traite aussi bien de football, de rugby, de biathlon que de cyclisme.","sameAs":["https:\/\/www.facebook.com\/dicodusport","https:\/\/x.com\/https:\/\/twitter.com\/Nico_Jacquemard"],"url":"https:\/\/dicodusport.fr\/blog\/author\/dicodusport\/"}]}},"_links":{"self":[{"href":"https:\/\/dicodusport.fr\/blog\/wp-json\/wp\/v2\/posts\/174624","targetHints":{"allow":["GET"]}}],"collection":[{"href":"https:\/\/dicodusport.fr\/blog\/wp-json\/wp\/v2\/posts"}],"about":[{"href":"https:\/\/dicodusport.fr\/blog\/wp-json\/wp\/v2\/types\/post"}],"author":[{"embeddable":true,"href":"https:\/\/dicodusport.fr\/blog\/wp-json\/wp\/v2\/users\/1"}],"replies":[{"embeddable":true,"href":"https:\/\/dicodusport.fr\/blog\/wp-json\/wp\/v2\/comments?post=174624"}],"version-history":[{"count":0,"href":"https:\/\/dicodusport.fr\/blog\/wp-json\/wp\/v2\/posts\/174624\/revisions"}],"wp:featuredmedia":[{"embeddable":true,"href":"https:\/\/dicodusport.fr\/blog\/wp-json\/wp\/v2\/media\/174708"}],"wp:attachment":[{"href":"https:\/\/dicodusport.fr\/blog\/wp-json\/wp\/v2\/media?parent=174624"}],"wp:term":[{"taxonomy":"category","embeddable":true,"href":"https:\/\/dicodusport.fr\/blog\/wp-json\/wp\/v2\/categories?post=174624"},{"taxonomy":"post_tag","embeddable":true,"href":"https:\/\/dicodusport.fr\/blog\/wp-json\/wp\/v2\/tags?post=174624"}],"curies":[{"name":"wp","href":"https:\/\/api.w.org\/{rel}","templated":true}]}}