{"id":174672,"date":"2021-10-21T15:38:24","date_gmt":"2021-10-21T13:38:24","guid":{"rendered":"https:\/\/dicodusport.fr\/blog\/?p=174672&#038;preview=true&#038;preview_id=174672"},"modified":"2021-10-21T15:38:24","modified_gmt":"2021-10-21T13:38:24","slug":"cyclisme-dorian-godon-nouvelle-dimension","status":"publish","type":"post","link":"https:\/\/dicodusport.fr\/blog\/cyclisme-dorian-godon-nouvelle-dimension\/","title":{"rendered":"Bilan cyclisme 2021 : Cette saison, Dorian Godon a pris une nouvelle dimension"},"content":{"rendered":"<p style=\"text-align: justify;\"><strong><em>CYCLISME &#8211; Dimanche dernier, sur les Boucles de l&rsquo;Aulne, Dorian Godon s&rsquo;est adjug\u00e9 la Coupe de France FDJ 2021. Avec trois succ\u00e8s cette saison, le coureur d&rsquo;AG2R Citro\u00ebn confirme les espoirs plac\u00e9s en lui par Vincent Lavenu. \u00c0 25 ans et avec un nouveau statut de coureur prot\u00e9g\u00e9, l&rsquo;avenir est devant lui.<\/em><\/strong><\/p>\n<h2 style=\"text-align: justify;\">Dorian Godon remporte la Coupe de France FDJ<\/h2>\n<p style=\"text-align: justify;\">Le champagne pouvait couler \u00e0 flots dimanche soir au sein de l&rsquo;\u00e9quipe AG2R Citro\u00ebn. La formation fran\u00e7aise avait d&rsquo;ailleurs plusieurs succ\u00e8s \u00e0 f\u00eater au terme des Boucles de l&rsquo;Aulne, derni\u00e8re \u00e9preuve de la saison. Outre <a href=\"https:\/\/dicodusport.fr\/blog\/les-boucles-de-laulne-stan-dewulf-decroche-son-premier-succes-professionnel\/\">la victoire de <strong>Stan Dewulf<\/strong><\/a>, sa premi\u00e8re en tant que professionnel, <strong>Dorion Godon<\/strong> pouvait profitait lui de sa victoire au classement g\u00e9n\u00e9ral de la Coupe de France 2021. Au terme de la 16e manche et d&rsquo;un dernier duel avec son ultime adversaire Elia Viviani, qui a finalement abandonn\u00e9, le Fran\u00e7ais pouvait savourer. Ce titre conclut tout simplement sa meilleure saison en tant que professionnel.<\/p>\n<p style=\"text-align: justify;\">En juin, d\u00e9j\u00e0, Godon avait marqu\u00e9 les esprits en remportant pour la deuxi\u00e8me fois cons\u00e9cutive Paris-Camembert. L&rsquo;app\u00e9tit ouvert et le Tour de France dig\u00e9r\u00e9, il remportait au mois d&rsquo;ao\u00fbt <a href=\"https:\/\/dicodusport.fr\/blog\/tour-du-limousin-2021-dorian-godon-rafle-tout-2eme-etape-payzac\/\">une \u00e9tape sur le Tour du Limousin<\/a> avant n\u00e9anmoins de craquer sur la derni\u00e8re \u00e9tape, maillot de leader sur le dos. Enfin, sa victoire sur le Tour du Doubs d\u00e9but septembre lui permettait d&rsquo;inscrire un troisi\u00e8me succ\u00e8s cette saison, et surtout de b\u00e2tir son triomphe sur la Coupe de France. Quelques semaines plus tard, il succ\u00e9dait donc \u00e0 <strong>Nacer Bouhanni<\/strong> (2020), <strong>Marc Sarreau<\/strong> (2019) et <strong>Hugo Hofstetter<\/strong> (2018).<\/p>\n<blockquote class=\"twitter-tweet\">\n<p dir=\"ltr\" lang=\"fr\">&#x1f1eb;&#x1f1f7; <a href=\"https:\/\/twitter.com\/hashtag\/BouclesdelAulne?src=hash&amp;ref_src=twsrc%5Etfw\">#BouclesdelAulne<\/a><\/p>\n<p>L&rsquo;\u00e9quipe r\u00e9alise un magnifique tripl\u00e9 sur cette Coupe de France 2021 &#x1f4a5;<br \/>\n&#x1f3c6; G\u00e9n\u00e9ral<br \/>\n&#x1f3c6; Par \u00e9quipe<br \/>\n&#x1f3c6; Jeune<\/p>\n<p>The team achieves a beautiful hat-trick in this Coupe de France 2021 &#x1f4a5;<br \/>\n&#x1f3c6; Overall<br \/>\n&#x1f3c6; Team<br \/>\n&#x1f3c6; Young<a href=\"https:\/\/twitter.com\/hashtag\/AG2RCITRO%C3%8BNTEAM?src=hash&amp;ref_src=twsrc%5Etfw\">#AG2RCITRO\u00cbNTEAM<\/a> <a href=\"https:\/\/twitter.com\/hashtag\/RoulonsAutrement?src=hash&amp;ref_src=twsrc%5Etfw\">#RoulonsAutrement<\/a> <a href=\"https:\/\/twitter.com\/hashtag\/RideDifferently?src=hash&amp;ref_src=twsrc%5Etfw\">#RideDifferently<\/a> <a href=\"https:\/\/t.co\/dVEt6s0wgb\">pic.twitter.com\/dVEt6s0wgb<\/a><\/p>\n<p>\u2014 AG2R CITRO\u00cbN TEAM (@AG2RCITROENTEAM) <a href=\"https:\/\/twitter.com\/AG2RCITROENTEAM\/status\/1449766585405673479?ref_src=twsrc%5Etfw\">October 17, 2021<\/a><\/p><\/blockquote>\n<p><script async src=\"https:\/\/platform.twitter.com\/widgets.js\" charset=\"utf-8\"><\/script><\/p>\n<h2 style=\"text-align: justify;\">L&rsquo;aventure avec AG2R Citro\u00ebn prolong\u00e9e jusqu&rsquo;en 2024<\/h2>\n<p style=\"text-align: justify;\">Entam\u00e9e en 2019, l&rsquo;histoire entre l&rsquo;\u00e9quipe de <strong>Vincent Lavenu<\/strong> et <strong>Dorian Godon<\/strong> va se poursuivre jusqu&rsquo;en 2024, au moins. D\u00e9but juin, l&rsquo;annonce avait \u00e9t\u00e9 faite par la formation fran\u00e7aise. Comme Aur\u00e9lien Paret-Peintre, \u00e2g\u00e9 \u00e9galement de 25 ans, mais aussi de <strong>Champoussin<\/strong> ou <strong>Cosnefroy<\/strong>, Godon fait d\u00e9sormais partie des jeunes hommes forts d&rsquo;AG2R Citro\u00ebn. Avec son profil tout terrain, celui qui allie \u00e9tudes de kin\u00e9 et sport de haut niveau au quotidien peut aborder 2022 avec confiance et ambition.<\/p>\n<p style=\"text-align: justify;\">Aupr\u00e8s de <em>Cyclism&rsquo;Actu<\/em>, <strong>Vincent Lavenu<\/strong> a soulign\u00e9 la qualit\u00e9 de son prot\u00e9g\u00e9 : <em>\u00ab<\/em> <em>C\u2019est un gar\u00e7on qui monte en puissance. La Coupe de France est une belle r\u00e9compense. Ce n\u2019est qu\u2019un d\u00e9but, il a encore un bel avenir devant lui ! \u00bb. <\/em>Avant de saluer la prestation de son \u00e9quipe<em> : \u00ab Concernant la victoire sur la Coupe de France par \u00e9quipes, elle vient saluer notre travail sur l\u2019ensemble de la saison. Cela montre que notre boulot a \u00e9t\u00e9 efficace \u00bb. <\/em>Avec 13 succ\u00e8s contre 5 seulement l&rsquo;an dernier, les chiffres confirment ce constat.<\/p>\n","protected":false},"excerpt":{"rendered":"<p>CYCLISME &#8211; Dimanche dernier, sur les Boucles de l&rsquo;Aulne, Dorian Godon s&rsquo;est adjug\u00e9 la Coupe de France FDJ 2021. Avec trois succ\u00e8s cette saison, le coureur d&rsquo;AG2R Citro\u00ebn confirme les espoirs plac\u00e9s en lui par Vincent Lavenu. A 25 ans et avec un nouveau statut de coureur prot\u00e9g\u00e9, l&rsquo;avenir est devant lui.<\/p>\n","protected":false},"author":60,"featured_media":175025,"comment_status":"open","ping_status":"closed","sticky":false,"template":"","format":"standard","meta":{"_acf_changed":false,"_daextam_enable_autolinks":"","footnotes":""},"categories":[2307],"tags":[11261,13942],"class_list":["post-174672","post","type-post","status-publish","format-standard","has-post-thumbnail","hentry","category-cyclisme","tag-ag2r-citroen-team","tag-coupe-de-france-de-cyclisme"],"acf":[],"yoast_head":"<!-- This site is optimized with the Yoast SEO Premium plugin v26.7 (Yoast SEO v26.7) - https:\/\/yoast.com\/wordpress\/plugins\/seo\/ -->\n<title>Bilan cyclisme 2021 : Cette saison, Dorian Godon a pris une nouvelle dimension<\/title>\n<meta name=\"description\" content=\"Cyclisme - Vainqueur de la Coupe de France FDJ et de trois succ\u00e8s cette saison, Dorian Godon prend une nouvelle dimension avec AG2R Citro\u00ebn\" \/>\n<meta name=\"robots\" content=\"index, follow, max-snippet:-1, max-image-preview:large, max-video-preview:-1\" \/>\n<link rel=\"canonical\" href=\"https:\/\/dicodusport.fr\/blog\/cyclisme-dorian-godon-nouvelle-dimension\/\" \/>\n<meta property=\"og:locale\" content=\"fr_FR\" \/>\n<meta property=\"og:type\" content=\"article\" \/>\n<meta property=\"og:title\" content=\"Bilan cyclisme 2021 : Cette saison, Dorian Godon a pris une nouvelle dimension\" \/>\n<meta property=\"og:description\" content=\"Cyclisme - Vainqueur de la Coupe de France FDJ et de trois succ\u00e8s cette saison, Dorian Godon prend une nouvelle dimension avec AG2R Citro\u00ebn\" \/>\n<meta property=\"og:url\" content=\"https:\/\/dicodusport.fr\/blog\/cyclisme-dorian-godon-nouvelle-dimension\/\" \/>\n<meta property=\"og:site_name\" content=\"Dicodusport\" \/>\n<meta property=\"article:publisher\" content=\"https:\/\/www.facebook.com\/dicodusport\" \/>\n<meta property=\"article:published_time\" content=\"2021-10-21T13:38:24+00:00\" \/>\n<meta property=\"og:image\" content=\"https:\/\/dicodusport.fr\/blog\/wp-content\/uploads\/2021\/10\/Bilan-cyclisme-2021-Cette-saison-Dorian-Godon-a-pris-une-nouvelle-dimension.png\" \/>\n\t<meta property=\"og:image:width\" content=\"800\" \/>\n\t<meta property=\"og:image:height\" content=\"445\" \/>\n\t<meta property=\"og:image:type\" content=\"image\/png\" \/>\n<meta name=\"author\" content=\"Victor Friot\" \/>\n<meta name=\"twitter:card\" content=\"summary_large_image\" \/>\n<meta name=\"twitter:title\" content=\"Bilan cyclisme 2021 : Cette saison, Dorian Godon a pris une nouvelle dimension\" \/>\n<meta name=\"twitter:creator\" content=\"@dicodusport\" \/>\n<meta name=\"twitter:site\" content=\"@dicodusport\" \/>\n<script type=\"application\/ld+json\" class=\"yoast-schema-graph\">{\"@context\":\"https:\/\/schema.org\",\"@graph\":[{\"@type\":\"NewsArticle\",\"@id\":\"https:\/\/dicodusport.fr\/blog\/cyclisme-dorian-godon-nouvelle-dimension\/#article\",\"isPartOf\":{\"@id\":\"https:\/\/dicodusport.fr\/blog\/cyclisme-dorian-godon-nouvelle-dimension\/\"},\"author\":{\"name\":\"Victor Friot\",\"@id\":\"https:\/\/dicodusport.fr\/blog\/#\/schema\/person\/463bd3fdf7997eaf381a70f42317d8db\"},\"headline\":\"Bilan cyclisme 2021 : Cette saison, Dorian Godon a pris une nouvelle dimension\",\"datePublished\":\"2021-10-21T13:38:24+00:00\",\"mainEntityOfPage\":{\"@id\":\"https:\/\/dicodusport.fr\/blog\/cyclisme-dorian-godon-nouvelle-dimension\/\"},\"wordCount\":573,\"commentCount\":0,\"publisher\":{\"@id\":\"https:\/\/dicodusport.fr\/blog\/#organization\"},\"image\":{\"@id\":\"https:\/\/dicodusport.fr\/blog\/cyclisme-dorian-godon-nouvelle-dimension\/#primaryimage\"},\"thumbnailUrl\":\"https:\/\/dicodusport.fr\/blog\/wp-content\/uploads\/2021\/10\/Bilan-cyclisme-2021-Cette-saison-Dorian-Godon-a-pris-une-nouvelle-dimension.png\",\"keywords\":[\"AG2R Citro\u00ebn Team\",\"Coupe de France de cyclisme\"],\"articleSection\":[\"Cyclisme\"],\"inLanguage\":\"fr-FR\",\"potentialAction\":[{\"@type\":\"CommentAction\",\"name\":\"Comment\",\"target\":[\"https:\/\/dicodusport.fr\/blog\/cyclisme-dorian-godon-nouvelle-dimension\/#respond\"]}],\"copyrightYear\":\"2021\",\"copyrightHolder\":{\"@id\":\"https:\/\/dicodusport.fr\/blog\/#organization\"}},{\"@type\":\"WebPage\",\"@id\":\"https:\/\/dicodusport.fr\/blog\/cyclisme-dorian-godon-nouvelle-dimension\/\",\"url\":\"https:\/\/dicodusport.fr\/blog\/cyclisme-dorian-godon-nouvelle-dimension\/\",\"name\":\"Bilan cyclisme 2021 : Cette saison, Dorian Godon a pris une nouvelle dimension\",\"isPartOf\":{\"@id\":\"https:\/\/dicodusport.fr\/blog\/#website\"},\"primaryImageOfPage\":{\"@id\":\"https:\/\/dicodusport.fr\/blog\/cyclisme-dorian-godon-nouvelle-dimension\/#primaryimage\"},\"image\":{\"@id\":\"https:\/\/dicodusport.fr\/blog\/cyclisme-dorian-godon-nouvelle-dimension\/#primaryimage\"},\"thumbnailUrl\":\"https:\/\/dicodusport.fr\/blog\/wp-content\/uploads\/2021\/10\/Bilan-cyclisme-2021-Cette-saison-Dorian-Godon-a-pris-une-nouvelle-dimension.png\",\"datePublished\":\"2021-10-21T13:38:24+00:00\",\"description\":\"Cyclisme - Vainqueur de la Coupe de France FDJ et de trois succ\u00e8s cette saison, Dorian Godon prend une nouvelle dimension avec AG2R Citro\u00ebn\",\"breadcrumb\":{\"@id\":\"https:\/\/dicodusport.fr\/blog\/cyclisme-dorian-godon-nouvelle-dimension\/#breadcrumb\"},\"inLanguage\":\"fr-FR\",\"potentialAction\":[{\"@type\":\"ReadAction\",\"target\":[\"https:\/\/dicodusport.fr\/blog\/cyclisme-dorian-godon-nouvelle-dimension\/\"]}]},{\"@type\":\"ImageObject\",\"inLanguage\":\"fr-FR\",\"@id\":\"https:\/\/dicodusport.fr\/blog\/cyclisme-dorian-godon-nouvelle-dimension\/#primaryimage\",\"url\":\"https:\/\/dicodusport.fr\/blog\/wp-content\/uploads\/2021\/10\/Bilan-cyclisme-2021-Cette-saison-Dorian-Godon-a-pris-une-nouvelle-dimension.png\",\"contentUrl\":\"https:\/\/dicodusport.fr\/blog\/wp-content\/uploads\/2021\/10\/Bilan-cyclisme-2021-Cette-saison-Dorian-Godon-a-pris-une-nouvelle-dimension.png\",\"width\":800,\"height\":445,\"caption\":\"Bilan cyclisme 2021 Cette saison, Dorian Godon a pris une nouvelle dimension\"},{\"@type\":\"BreadcrumbList\",\"@id\":\"https:\/\/dicodusport.fr\/blog\/cyclisme-dorian-godon-nouvelle-dimension\/#breadcrumb\",\"itemListElement\":[{\"@type\":\"ListItem\",\"position\":1,\"name\":\"Accueil\",\"item\":\"https:\/\/dicodusport.fr\/blog\/\"},{\"@type\":\"ListItem\",\"position\":2,\"name\":\"Bilan cyclisme 2021 : Cette saison, Dorian Godon a pris une nouvelle dimension\"}]},{\"@type\":\"WebSite\",\"@id\":\"https:\/\/dicodusport.fr\/blog\/#website\",\"url\":\"https:\/\/dicodusport.fr\/blog\/\",\"name\":\"Dicodusport\",\"description\":\"L&#039;encyclop\u00e9die de l&#039;actualit\u00e9 sportive\",\"publisher\":{\"@id\":\"https:\/\/dicodusport.fr\/blog\/#organization\"},\"potentialAction\":[{\"@type\":\"SearchAction\",\"target\":{\"@type\":\"EntryPoint\",\"urlTemplate\":\"https:\/\/dicodusport.fr\/blog\/?s={search_term_string}\"},\"query-input\":{\"@type\":\"PropertyValueSpecification\",\"valueRequired\":true,\"valueName\":\"search_term_string\"}}],\"inLanguage\":\"fr-FR\"},{\"@type\":\"NewsMediaOrganization\",\"@id\":\"https:\/\/dicodusport.fr\/blog\/#organization\",\"name\":\"Dicodusport\",\"url\":\"https:\/\/dicodusport.fr\/blog\/\",\"logo\":{\"@type\":\"ImageObject\",\"inLanguage\":\"fr-FR\",\"@id\":\"https:\/\/dicodusport.fr\/blog\/#\/schema\/logo\/image\/\",\"url\":\"https:\/\/dicodusport.fr\/blog\/wp-content\/uploads\/2020\/06\/cropped-LOGO-DICODUSPORT-2020-SANS-FOND-SANS-TEXTE.png\",\"contentUrl\":\"https:\/\/dicodusport.fr\/blog\/wp-content\/uploads\/2020\/06\/cropped-LOGO-DICODUSPORT-2020-SANS-FOND-SANS-TEXTE.png\",\"width\":512,\"height\":512,\"caption\":\"Dicodusport\"},\"image\":{\"@id\":\"https:\/\/dicodusport.fr\/blog\/#\/schema\/logo\/image\/\"},\"sameAs\":[\"https:\/\/www.facebook.com\/dicodusport\",\"https:\/\/x.com\/dicodusport\",\"https:\/\/www.instagram.com\/dicodusport\/\",\"https:\/\/www.youtube.com\/channel\/UC7V2KZ5sd3htJivAbA4ZG3w\"],\"description\":\"Dicodusport est l'encyclop\u00e9die de l'actualit\u00e9 sportive.\",\"email\":\"bonjour@dicodusport.fr\",\"legalName\":\"DICODUSPORT\",\"foundingDate\":\"2018-01-14\",\"vatID\":\"FR71834470973\",\"taxID\":\"83447097300043\",\"numberOfEmployees\":{\"@type\":\"QuantitativeValue\",\"minValue\":\"1\",\"maxValue\":\"10\"}},{\"@type\":\"Person\",\"@id\":\"https:\/\/dicodusport.fr\/blog\/#\/schema\/person\/463bd3fdf7997eaf381a70f42317d8db\",\"name\":\"Victor Friot\",\"image\":{\"@type\":\"ImageObject\",\"inLanguage\":\"fr-FR\",\"@id\":\"https:\/\/dicodusport.fr\/blog\/#\/schema\/person\/image\/\",\"url\":\"https:\/\/dicodusport.fr\/blog\/wp-content\/uploads\/2020\/06\/LOGO-DICODUSPORT-2020-SANS-FOND-SANS-TEXTE-150x150.png\",\"contentUrl\":\"https:\/\/dicodusport.fr\/blog\/wp-content\/uploads\/2020\/06\/LOGO-DICODUSPORT-2020-SANS-FOND-SANS-TEXTE-150x150.png\",\"caption\":\"Victor Friot\"},\"url\":\"https:\/\/dicodusport.fr\/blog\/author\/victor-friot\/\"}]}<\/script>\n<!-- \/ Yoast SEO Premium plugin. -->","yoast_head_json":{"title":"Bilan cyclisme 2021 : Cette saison, Dorian Godon a pris une nouvelle dimension","description":"Cyclisme - Vainqueur de la Coupe de France FDJ et de trois succ\u00e8s cette saison, Dorian Godon prend une nouvelle dimension avec AG2R Citro\u00ebn","robots":{"index":"index","follow":"follow","max-snippet":"max-snippet:-1","max-image-preview":"max-image-preview:large","max-video-preview":"max-video-preview:-1"},"canonical":"https:\/\/dicodusport.fr\/blog\/cyclisme-dorian-godon-nouvelle-dimension\/","og_locale":"fr_FR","og_type":"article","og_title":"Bilan cyclisme 2021 : Cette saison, Dorian Godon a pris une nouvelle dimension","og_description":"Cyclisme - Vainqueur de la Coupe de France FDJ et de trois succ\u00e8s cette saison, Dorian Godon prend une nouvelle dimension avec AG2R Citro\u00ebn","og_url":"https:\/\/dicodusport.fr\/blog\/cyclisme-dorian-godon-nouvelle-dimension\/","og_site_name":"Dicodusport","article_publisher":"https:\/\/www.facebook.com\/dicodusport","article_published_time":"2021-10-21T13:38:24+00:00","og_image":[{"width":800,"height":445,"url":"https:\/\/dicodusport.fr\/blog\/wp-content\/uploads\/2021\/10\/Bilan-cyclisme-2021-Cette-saison-Dorian-Godon-a-pris-une-nouvelle-dimension.png","type":"image\/png"}],"author":"Victor Friot","twitter_card":"summary_large_image","twitter_title":"Bilan cyclisme 2021 : Cette saison, Dorian Godon a pris une nouvelle dimension","twitter_creator":"@dicodusport","twitter_site":"@dicodusport","schema":{"@context":"https:\/\/schema.org","@graph":[{"@type":"NewsArticle","@id":"https:\/\/dicodusport.fr\/blog\/cyclisme-dorian-godon-nouvelle-dimension\/#article","isPartOf":{"@id":"https:\/\/dicodusport.fr\/blog\/cyclisme-dorian-godon-nouvelle-dimension\/"},"author":{"name":"Victor Friot","@id":"https:\/\/dicodusport.fr\/blog\/#\/schema\/person\/463bd3fdf7997eaf381a70f42317d8db"},"headline":"Bilan cyclisme 2021 : Cette saison, Dorian Godon a pris une nouvelle dimension","datePublished":"2021-10-21T13:38:24+00:00","mainEntityOfPage":{"@id":"https:\/\/dicodusport.fr\/blog\/cyclisme-dorian-godon-nouvelle-dimension\/"},"wordCount":573,"commentCount":0,"publisher":{"@id":"https:\/\/dicodusport.fr\/blog\/#organization"},"image":{"@id":"https:\/\/dicodusport.fr\/blog\/cyclisme-dorian-godon-nouvelle-dimension\/#primaryimage"},"thumbnailUrl":"https:\/\/dicodusport.fr\/blog\/wp-content\/uploads\/2021\/10\/Bilan-cyclisme-2021-Cette-saison-Dorian-Godon-a-pris-une-nouvelle-dimension.png","keywords":["AG2R Citro\u00ebn Team","Coupe de France de cyclisme"],"articleSection":["Cyclisme"],"inLanguage":"fr-FR","potentialAction":[{"@type":"CommentAction","name":"Comment","target":["https:\/\/dicodusport.fr\/blog\/cyclisme-dorian-godon-nouvelle-dimension\/#respond"]}],"copyrightYear":"2021","copyrightHolder":{"@id":"https:\/\/dicodusport.fr\/blog\/#organization"}},{"@type":"WebPage","@id":"https:\/\/dicodusport.fr\/blog\/cyclisme-dorian-godon-nouvelle-dimension\/","url":"https:\/\/dicodusport.fr\/blog\/cyclisme-dorian-godon-nouvelle-dimension\/","name":"Bilan cyclisme 2021 : Cette saison, Dorian Godon a pris une nouvelle dimension","isPartOf":{"@id":"https:\/\/dicodusport.fr\/blog\/#website"},"primaryImageOfPage":{"@id":"https:\/\/dicodusport.fr\/blog\/cyclisme-dorian-godon-nouvelle-dimension\/#primaryimage"},"image":{"@id":"https:\/\/dicodusport.fr\/blog\/cyclisme-dorian-godon-nouvelle-dimension\/#primaryimage"},"thumbnailUrl":"https:\/\/dicodusport.fr\/blog\/wp-content\/uploads\/2021\/10\/Bilan-cyclisme-2021-Cette-saison-Dorian-Godon-a-pris-une-nouvelle-dimension.png","datePublished":"2021-10-21T13:38:24+00:00","description":"Cyclisme - Vainqueur de la Coupe de France FDJ et de trois succ\u00e8s cette saison, Dorian Godon prend une nouvelle dimension avec AG2R Citro\u00ebn","breadcrumb":{"@id":"https:\/\/dicodusport.fr\/blog\/cyclisme-dorian-godon-nouvelle-dimension\/#breadcrumb"},"inLanguage":"fr-FR","potentialAction":[{"@type":"ReadAction","target":["https:\/\/dicodusport.fr\/blog\/cyclisme-dorian-godon-nouvelle-dimension\/"]}]},{"@type":"ImageObject","inLanguage":"fr-FR","@id":"https:\/\/dicodusport.fr\/blog\/cyclisme-dorian-godon-nouvelle-dimension\/#primaryimage","url":"https:\/\/dicodusport.fr\/blog\/wp-content\/uploads\/2021\/10\/Bilan-cyclisme-2021-Cette-saison-Dorian-Godon-a-pris-une-nouvelle-dimension.png","contentUrl":"https:\/\/dicodusport.fr\/blog\/wp-content\/uploads\/2021\/10\/Bilan-cyclisme-2021-Cette-saison-Dorian-Godon-a-pris-une-nouvelle-dimension.png","width":800,"height":445,"caption":"Bilan cyclisme 2021 Cette saison, Dorian Godon a pris une nouvelle dimension"},{"@type":"BreadcrumbList","@id":"https:\/\/dicodusport.fr\/blog\/cyclisme-dorian-godon-nouvelle-dimension\/#breadcrumb","itemListElement":[{"@type":"ListItem","position":1,"name":"Accueil","item":"https:\/\/dicodusport.fr\/blog\/"},{"@type":"ListItem","position":2,"name":"Bilan cyclisme 2021 : Cette saison, Dorian Godon a pris une nouvelle dimension"}]},{"@type":"WebSite","@id":"https:\/\/dicodusport.fr\/blog\/#website","url":"https:\/\/dicodusport.fr\/blog\/","name":"Dicodusport","description":"L&#039;encyclop\u00e9die de l&#039;actualit\u00e9 sportive","publisher":{"@id":"https:\/\/dicodusport.fr\/blog\/#organization"},"potentialAction":[{"@type":"SearchAction","target":{"@type":"EntryPoint","urlTemplate":"https:\/\/dicodusport.fr\/blog\/?s={search_term_string}"},"query-input":{"@type":"PropertyValueSpecification","valueRequired":true,"valueName":"search_term_string"}}],"inLanguage":"fr-FR"},{"@type":"NewsMediaOrganization","@id":"https:\/\/dicodusport.fr\/blog\/#organization","name":"Dicodusport","url":"https:\/\/dicodusport.fr\/blog\/","logo":{"@type":"ImageObject","inLanguage":"fr-FR","@id":"https:\/\/dicodusport.fr\/blog\/#\/schema\/logo\/image\/","url":"https:\/\/dicodusport.fr\/blog\/wp-content\/uploads\/2020\/06\/cropped-LOGO-DICODUSPORT-2020-SANS-FOND-SANS-TEXTE.png","contentUrl":"https:\/\/dicodusport.fr\/blog\/wp-content\/uploads\/2020\/06\/cropped-LOGO-DICODUSPORT-2020-SANS-FOND-SANS-TEXTE.png","width":512,"height":512,"caption":"Dicodusport"},"image":{"@id":"https:\/\/dicodusport.fr\/blog\/#\/schema\/logo\/image\/"},"sameAs":["https:\/\/www.facebook.com\/dicodusport","https:\/\/x.com\/dicodusport","https:\/\/www.instagram.com\/dicodusport\/","https:\/\/www.youtube.com\/channel\/UC7V2KZ5sd3htJivAbA4ZG3w"],"description":"Dicodusport est l'encyclop\u00e9die de l'actualit\u00e9 sportive.","email":"bonjour@dicodusport.fr","legalName":"DICODUSPORT","foundingDate":"2018-01-14","vatID":"FR71834470973","taxID":"83447097300043","numberOfEmployees":{"@type":"QuantitativeValue","minValue":"1","maxValue":"10"}},{"@type":"Person","@id":"https:\/\/dicodusport.fr\/blog\/#\/schema\/person\/463bd3fdf7997eaf381a70f42317d8db","name":"Victor Friot","image":{"@type":"ImageObject","inLanguage":"fr-FR","@id":"https:\/\/dicodusport.fr\/blog\/#\/schema\/person\/image\/","url":"https:\/\/dicodusport.fr\/blog\/wp-content\/uploads\/2020\/06\/LOGO-DICODUSPORT-2020-SANS-FOND-SANS-TEXTE-150x150.png","contentUrl":"https:\/\/dicodusport.fr\/blog\/wp-content\/uploads\/2020\/06\/LOGO-DICODUSPORT-2020-SANS-FOND-SANS-TEXTE-150x150.png","caption":"Victor Friot"},"url":"https:\/\/dicodusport.fr\/blog\/author\/victor-friot\/"}]}},"_links":{"self":[{"href":"https:\/\/dicodusport.fr\/blog\/wp-json\/wp\/v2\/posts\/174672","targetHints":{"allow":["GET"]}}],"collection":[{"href":"https:\/\/dicodusport.fr\/blog\/wp-json\/wp\/v2\/posts"}],"about":[{"href":"https:\/\/dicodusport.fr\/blog\/wp-json\/wp\/v2\/types\/post"}],"author":[{"embeddable":true,"href":"https:\/\/dicodusport.fr\/blog\/wp-json\/wp\/v2\/users\/60"}],"replies":[{"embeddable":true,"href":"https:\/\/dicodusport.fr\/blog\/wp-json\/wp\/v2\/comments?post=174672"}],"version-history":[{"count":0,"href":"https:\/\/dicodusport.fr\/blog\/wp-json\/wp\/v2\/posts\/174672\/revisions"}],"wp:featuredmedia":[{"embeddable":true,"href":"https:\/\/dicodusport.fr\/blog\/wp-json\/wp\/v2\/media\/175025"}],"wp:attachment":[{"href":"https:\/\/dicodusport.fr\/blog\/wp-json\/wp\/v2\/media?parent=174672"}],"wp:term":[{"taxonomy":"category","embeddable":true,"href":"https:\/\/dicodusport.fr\/blog\/wp-json\/wp\/v2\/categories?post=174672"},{"taxonomy":"post_tag","embeddable":true,"href":"https:\/\/dicodusport.fr\/blog\/wp-json\/wp\/v2\/tags?post=174672"}],"curies":[{"name":"wp","href":"https:\/\/api.w.org\/{rel}","templated":true}]}}