{"id":174793,"date":"2021-10-22T16:42:06","date_gmt":"2021-10-22T14:42:06","guid":{"rendered":"https:\/\/dicodusport.fr\/blog\/?p=174793"},"modified":"2021-10-22T16:42:56","modified_gmt":"2021-10-22T14:42:56","slug":"coupe-du-monde-de-ski-alpin-geant-hommes-favoris-outsiders-et-calendrier-saison","status":"publish","type":"post","link":"https:\/\/dicodusport.fr\/blog\/coupe-du-monde-de-ski-alpin-geant-hommes-favoris-outsiders-et-calendrier-saison\/","title":{"rendered":"Coupe du monde de ski alpin &#8211; G\u00e9ant hommes : Favoris, outsiders et calendrier de la saison"},"content":{"rendered":"<p style=\"text-align: justify;\"><em><strong><a href=\"https:\/\/dicodusport.fr\/blog\/coupe-du-monde-ski-alpin-2021-2022-calendrier-saison-hommes\/\" target=\"_blank\" rel=\"noopener\">COUPE DU MONDE DE SKI ALPIN 2021-2022<\/a> &#8211; Dimanche, les hommes d\u00e9buteront la saison de la Coupe du monde avec le g\u00e9ant de S\u00f6lden. Voici les skieurs \u00e0 suivre pour la lutte du petit globe de cristal.<\/strong><\/em><\/p>\n<h2 style=\"text-align: justify;\"><strong>Les favoris<\/strong><\/h2>\n<p style=\"text-align: justify;\"><strong>Alexis Pinturault<\/strong> sera le grand favori pour acqu\u00e9rir le petit globe du g\u00e9ant. Le skieur de Courchevel est dans les 3 premiers dans la discipline depuis 2013 et voudra conserver son bien. L&rsquo;an dernier, il a \u00e9t\u00e9 tr\u00e8s solide avec quatre succ\u00e8s \u00e0 Alta Badia, \u00e0 Adelboden (\u00e0 deux reprises) et \u00e0 Lenzerheide, pour cinq podiums au final. Avec la retraite d&rsquo;Hirscher, il a su faire face \u00e0 la pression pour gagner \u00e9galement le gros globe.<\/p>\n<p style=\"text-align: justify;\">Son principal adversaire sera <strong>Marco Odermatt<\/strong>, son dauphin avec 2 victoires (\u00e0 Santa Caterina di Valfurva et \u00e0 Kranjska Gora) et six podiums, l&rsquo;hiver pass\u00e9. Le sp\u00e9cialiste du Super G et du g\u00e9ant, licenci\u00e9 au SC Veysonnaz Mont-Rouge, a montr\u00e9 \u00e0 24 ans qu&rsquo;il \u00e9tait un pr\u00e9tendant s\u00e9rieux aux petits globes du g\u00e9ant, du Super G et au gros globe du g\u00e9n\u00e9ral. Avec un an de plus, Odermatt peut largement combler les 50 points d&rsquo;\u00e9cart avec Pinturault et acqu\u00e9rir le petit globe.<\/p>\n<p style=\"text-align: justify;\">Troisi\u00e8me des deux derni\u00e8res saisons en g\u00e9ant, le Croate <strong>Filip Zub\u010di\u0107<\/strong> a tout pour remporter le globe de la discipline. Pour lutter avec les deux cit\u00e9s pr\u00e9c\u00e9demment, Zub\u010di\u0107 doit absolument \u00eatre encore plus propre que lors des deux derni\u00e8res ann\u00e9es, mais surtout gagner plus.<\/p>\n<h2 style=\"text-align: justify;\">Les outsiders<\/h2>\n<p style=\"text-align: justify;\"><strong>Henrik Kristoffersen<\/strong> a remport\u00e9 le petit globe en 2020 et a fini deuxi\u00e8me en 2018 et en 2019. Mais, le Norv\u00e9gien a connu des r\u00e9sultats inconstants durant l&rsquo;hiver 2020-2021 avec juste une 5\u00e8me place \u00e0 S\u00f6lden comme meilleure performance. De plus, cet \u00e9t\u00e9, il s&rsquo;est fractur\u00e9 de la cheville gauche lors d&rsquo;une sortie en motocross et a \u00e9t\u00e9 contraint \u00e0 plusieurs semaines d&rsquo;arr\u00eat. M\u00e9daill\u00e9 d&rsquo;argent \u00e0 Pyeongchang, il pourrait centrer sa pr\u00e9paration sur les JO de P\u00e9kin afin d&rsquo;acqu\u00e9rir enfin l&rsquo;or.<\/p>\n<p style=\"text-align: justify;\"><strong>Lo\u00efc Meillard<\/strong> a r\u00e9alis\u00e9 une tr\u00e8s belle saison 2020-2021 avec une victoire en G\u00e9ant Parall\u00e8le et deux m\u00e9dailles de bronze aux Championnats du monde. Le Neuch\u00e2telois a termin\u00e9 4\u00e8me du classement en g\u00e9ant, mais \u00e0 plus de 200 points du podium.<\/p>\n<p style=\"text-align: justify;\">De son c\u00f4t\u00e9,<strong> Mathieu Faivre<\/strong> a retrouv\u00e9 le chemin de la victoire lors de son superbe week-end \u00e0 Bansko en se classant deuxi\u00e8me derri\u00e8re Filip Zub\u010di\u0107 lors de la premi\u00e8re course, avant de l&#8217;emporter le lendemain devant Marco Odermatt, 1547 jours apr\u00e8s sa premi\u00e8re victoire en d\u00e9cembre 2016. Deuxi\u00e8me en 2017, le Ni\u00e7ois peut, avec une belle r\u00e9gularit\u00e9, viser le podium de la discipline.<\/p>\n<div id=\"attachment_175192\" style=\"width: 750px\" class=\"wp-caption aligncenter\"><img loading=\"lazy\" decoding=\"async\" aria-describedby=\"caption-attachment-175192\" class=\"size-large wp-image-175192\" src=\"https:\/\/dicodusport.fr\/blog\/wp-content\/uploads\/2021\/10\/Mathieu-Faivre-1024x683.jpg\" alt=\"Mathieu Faivre\" width=\"740\" height=\"494\" srcset=\"https:\/\/dicodusport.fr\/blog\/wp-content\/uploads\/2021\/10\/Mathieu-Faivre-1024x683.jpg 1024w, https:\/\/dicodusport.fr\/blog\/wp-content\/uploads\/2021\/10\/Mathieu-Faivre-300x200.jpg 300w, https:\/\/dicodusport.fr\/blog\/wp-content\/uploads\/2021\/10\/Mathieu-Faivre-768x512.jpg 768w, https:\/\/dicodusport.fr\/blog\/wp-content\/uploads\/2021\/10\/Mathieu-Faivre-1536x1024.jpg 1536w, https:\/\/dicodusport.fr\/blog\/wp-content\/uploads\/2021\/10\/Mathieu-Faivre-2048x1365.jpg 2048w\" sizes=\"auto, (max-width: 740px) 100vw, 740px\" \/><p id=\"caption-attachment-175192\" class=\"wp-caption-text\">Mathieu Faivre &#8211; Photo Icon Sport<\/p><\/div>\n<p style=\"text-align: justify;\">Parmi les 10 meilleurs g\u00e9antistes au monde depuis 4 ans, <strong>\u017dan Kranjec<\/strong> a remport\u00e9 deux succ\u00e8s en g\u00e9ant au cours de sa carri\u00e8re. En retrouvant le chemin de la victoire, le Slov\u00e8ne peut se rapprocher du podium de la discipline \u00e0 la fin de saison. Ensuite, <strong>Stefan Brennsteiner<\/strong> progresse de saison en saison. \u00c0 30 ans, il a fini troisi\u00e8me du slalom g\u00e9ant de Bansko et a offert \u00e0 l&rsquo;Autriche son premier podium dans la discipline depuis deux ans et la retraite de Marcel Hirscher.<\/p>\n<p style=\"text-align: justify;\">Laur\u00e9at du gros globe en 2020, <strong>Aleksander Aamodt Kilde<\/strong> s&rsquo;est bless\u00e9 au genou \u00e0 l&rsquo;entra\u00eenement mi-janvier et a \u00e9t\u00e9 contraint de mettre un terme \u00e0 sa saison. Sp\u00e9cialiste de la vitesse, Kilde fera son retour. Enfin, d&rsquo;autres concurrents seront \u00e0 suivre comme <strong>Tommy Ford<\/strong> (laur\u00e9at du g\u00e9ant de Beaver Creek en 2019 mais souffrant du dos), <strong>Leif Kristian Nestvold-Haugen<\/strong>, <strong>Thibaut Favrot<\/strong> (4\u00e8me du second g\u00e9ant de Bransko l&rsquo;hiver dernier avec de nombreuses places dans les 10) ou encore <strong>Justin Murisier<\/strong> (monter pour la premi\u00e8re fois sur un podium de Coupe du monde \u00e0 Alta Badia en d\u00e9cembre).<\/p>\n<h2 style=\"text-align: justify;\"><strong>Le calendrier de la saison en g\u00e9ant<\/strong><\/h2>\n<table style=\"width: 100%; border-collapse: collapse;\">\n<tbody>\n<tr>\n<td style=\"width: 520px; background-color: #009fc7; text-align: center; vertical-align: middle;\" colspan=\"2\"><span style=\"color: #ffffff;\"><strong>G\u00c9ANT<\/strong><\/span><\/td>\n<\/tr>\n<tr>\n<td style=\"text-align: center; vertical-align: middle; width: 240px; background-color: #76b3c2;\"><span style=\"color: #ffffff; font-size: 0.9em;\"><strong>Date<\/strong><\/span><\/td>\n<td style=\"text-align: center; vertical-align: middle; width: 280px; background-color: #76b3c2;\"><span style=\"color: #ffffff; font-size: 0.9em;\"><strong>Lieu<\/strong><\/span><\/td>\n<\/tr>\n<tr>\n<td style=\"text-align: center; vertical-align: middle; width: 240px;\"><span style=\"font-size: 0.9em;\"><strong>Dimanche 24 octobre<\/strong><\/span><\/td>\n<td style=\"text-align: center; vertical-align: middle; width: 280px;\"><span style=\"font-size: 0.9em;\"> &#x1f1e6;&#x1f1f9; S\u00f6lden<\/span><\/td>\n<\/tr>\n<tr>\n<td style=\"text-align: center; vertical-align: middle; width: 240px;\"><span style=\"font-size: 0.9em;\"><strong>Samedi 11 <\/strong><b>d\u00e9cembre<\/b><\/span><\/td>\n<td style=\"text-align: center; vertical-align: middle; width: 280px;\"><span style=\"font-size: 0.9em;\">&#x1f1eb;&#x1f1f7; Val d&rsquo;Is\u00e8re<\/span><\/td>\n<\/tr>\n<tr>\n<td style=\"text-align: center; vertical-align: middle; width: 240px;\"><span style=\"font-size: 0.9em;\"><strong>Dimanche 19 d\u00e9cembre<\/strong><\/span><\/td>\n<td style=\"text-align: center; vertical-align: middle; width: 280px;\"><span style=\"font-size: 0.9em;\">&#x1f1ee;&#x1f1f9; Alta Badia<\/span><\/td>\n<\/tr>\n<tr>\n<td style=\"text-align: center; vertical-align: middle; width: 240px;\"><span style=\"font-size: 0.9em;\"><strong>Lundi 20 d\u00e9cembre<\/strong><\/span><\/td>\n<td style=\"text-align: center; vertical-align: middle; width: 280px;\"><span style=\"font-size: 0.9em;\">&#x1f1ee;&#x1f1f9; Alta Badia<\/span><\/td>\n<\/tr>\n<tr>\n<td style=\"text-align: center; vertical-align: middle; width: 240px;\"><span style=\"font-size: 0.9em;\"><b>Samedi 8 janvier<\/b><\/span><\/td>\n<td style=\"text-align: center; vertical-align: middle; width: 280px;\"><span style=\"font-size: 0.9em;\">&#x1f1e8;&#x1f1ed; Adelboden<\/span><\/td>\n<\/tr>\n<tr>\n<td style=\"text-align: center; vertical-align: middle; width: 240px;\"><span style=\"font-size: 0.9em;\"><strong>Samedi 12 mars<\/strong><\/span><\/td>\n<td style=\"text-align: center; vertical-align: middle; width: 280px;\"><span style=\"font-size: 0.9em;\">&#x1f1f8;&#x1f1ee; Kranjska Gora<\/span><\/td>\n<\/tr>\n<tr>\n<td style=\"text-align: center; vertical-align: middle; width: 240px;\"><span style=\"font-size: 0.9em;\"><strong>Dimanche 13 mars<\/strong><\/span><\/td>\n<td style=\"text-align: center; vertical-align: middle; width: 280px;\"><span style=\"font-size: 0.9em;\">&#x1f1f8;&#x1f1ee; Kranjska Gora<\/span><\/td>\n<\/tr>\n<tr>\n<td style=\"text-align: center; vertical-align: middle; width: 240px;\"><span style=\"font-size: 0.9em;\"><strong>Samedi 19 <\/strong><b>mars<\/b><\/span><\/td>\n<td style=\"text-align: center; vertical-align: middle; width: 280px;\"><span style=\"font-size: 0.9em;\">&#x1f1eb;&#x1f1f7; Courchevel\/M\u00e9ribel<\/span><\/td>\n<\/tr>\n<\/tbody>\n<\/table>\n<p>&nbsp;<\/p>\n","protected":false},"excerpt":{"rendered":"<p>COUPE DU MONDE DE SKI ALPIN 2021-2022 &#8211; Dimanche, les hommes d\u00e9buteront la saison de la Coupe du monde avec le g\u00e9ant de S\u00f6lden. Voici les skieurs \u00e0 suivre pour la lutte du petit globe de cristal.<\/p>\n","protected":false},"author":48,"featured_media":175191,"comment_status":"open","ping_status":"closed","sticky":false,"template":"","format":"standard","meta":{"_acf_changed":false,"_daextam_enable_autolinks":"","footnotes":""},"categories":[47084],"tags":[2233],"class_list":["post-174793","post","type-post","status-publish","format-standard","has-post-thumbnail","hentry","category-coupe-du-monde-ski-alpin","tag-ski-alpin"],"acf":[],"yoast_head":"<!-- This site is optimized with the Yoast SEO Premium plugin v26.7 (Yoast SEO v26.7) - https:\/\/yoast.com\/wordpress\/plugins\/seo\/ -->\n<title>Coupe du monde de ski alpin - G\u00e9ant hommes : Favoris, outsiders et calendrier de la saison<\/title>\n<meta name=\"description\" content=\"COUPE DU MONDE DE SKI ALPIN 2021-2022 - Dimanche, les hommes d\u00e9buteront la saison de la Coupe du monde avec le g\u00e9ant de S\u00f6lden. Les skieurs \u00e0 suivre.\" \/>\n<meta name=\"robots\" content=\"index, follow, max-snippet:-1, max-image-preview:large, max-video-preview:-1\" \/>\n<link rel=\"canonical\" href=\"https:\/\/dicodusport.fr\/blog\/coupe-du-monde-de-ski-alpin-geant-hommes-favoris-outsiders-et-calendrier-saison\/\" \/>\n<meta property=\"og:locale\" content=\"fr_FR\" \/>\n<meta property=\"og:type\" content=\"article\" \/>\n<meta property=\"og:title\" content=\"Coupe du monde de ski alpin - G\u00e9ant hommes : Favoris, outsiders et calendrier de la saison\" \/>\n<meta property=\"og:description\" content=\"COUPE DU MONDE DE SKI ALPIN 2021-2022 - Dimanche, les hommes d\u00e9buteront la saison de la Coupe du monde avec le g\u00e9ant de S\u00f6lden. Les skieurs \u00e0 suivre.\" \/>\n<meta property=\"og:url\" content=\"https:\/\/dicodusport.fr\/blog\/coupe-du-monde-de-ski-alpin-geant-hommes-favoris-outsiders-et-calendrier-saison\/\" \/>\n<meta property=\"og:site_name\" content=\"Dicodusport\" \/>\n<meta property=\"article:publisher\" content=\"https:\/\/www.facebook.com\/dicodusport\" \/>\n<meta property=\"article:author\" content=\"https:\/\/www.facebook.com\/groups\/LesRoisDuPeloton\" \/>\n<meta property=\"article:published_time\" content=\"2021-10-22T14:42:06+00:00\" \/>\n<meta property=\"article:modified_time\" content=\"2021-10-22T14:42:56+00:00\" \/>\n<meta property=\"og:image\" content=\"https:\/\/dicodusport.fr\/blog\/wp-content\/uploads\/2021\/10\/Coupe-du-monde-de-ski-alpin-Geant-hommes-Favoris-outsiders-et-calendrier-de-la-saison.png\" \/>\n\t<meta property=\"og:image:width\" content=\"800\" \/>\n\t<meta property=\"og:image:height\" content=\"445\" \/>\n\t<meta property=\"og:image:type\" content=\"image\/png\" \/>\n<meta name=\"author\" content=\"Emilien Descampiaux\" \/>\n<meta name=\"twitter:card\" content=\"summary_large_image\" \/>\n<meta name=\"twitter:title\" content=\"Coupe du monde de ski alpin - G\u00e9ant hommes : Favoris, outsiders et calendrier de la saison\" \/>\n<meta name=\"twitter:creator\" content=\"@https:\/\/twitter.com\/LRoisDuPeloton\" \/>\n<meta name=\"twitter:site\" content=\"@dicodusport\" \/>\n<script type=\"application\/ld+json\" class=\"yoast-schema-graph\">{\"@context\":\"https:\/\/schema.org\",\"@graph\":[{\"@type\":\"NewsArticle\",\"@id\":\"https:\/\/dicodusport.fr\/blog\/coupe-du-monde-de-ski-alpin-geant-hommes-favoris-outsiders-et-calendrier-saison\/#article\",\"isPartOf\":{\"@id\":\"https:\/\/dicodusport.fr\/blog\/coupe-du-monde-de-ski-alpin-geant-hommes-favoris-outsiders-et-calendrier-saison\/\"},\"author\":{\"name\":\"Emilien Descampiaux\",\"@id\":\"https:\/\/dicodusport.fr\/blog\/#\/schema\/person\/6db4bae06b171592211be385b32876a7\"},\"headline\":\"Coupe du monde de ski alpin &#8211; G\u00e9ant hommes : Favoris, outsiders et calendrier de la saison\",\"datePublished\":\"2021-10-22T14:42:06+00:00\",\"dateModified\":\"2021-10-22T14:42:56+00:00\",\"mainEntityOfPage\":{\"@id\":\"https:\/\/dicodusport.fr\/blog\/coupe-du-monde-de-ski-alpin-geant-hommes-favoris-outsiders-et-calendrier-saison\/\"},\"wordCount\":786,\"commentCount\":0,\"publisher\":{\"@id\":\"https:\/\/dicodusport.fr\/blog\/#organization\"},\"image\":{\"@id\":\"https:\/\/dicodusport.fr\/blog\/coupe-du-monde-de-ski-alpin-geant-hommes-favoris-outsiders-et-calendrier-saison\/#primaryimage\"},\"thumbnailUrl\":\"https:\/\/dicodusport.fr\/blog\/wp-content\/uploads\/2021\/10\/Coupe-du-monde-de-ski-alpin-Geant-hommes-Favoris-outsiders-et-calendrier-de-la-saison.png\",\"keywords\":[\"Ski alpin\"],\"articleSection\":[\"Coupe du monde de ski alpin\"],\"inLanguage\":\"fr-FR\",\"potentialAction\":[{\"@type\":\"CommentAction\",\"name\":\"Comment\",\"target\":[\"https:\/\/dicodusport.fr\/blog\/coupe-du-monde-de-ski-alpin-geant-hommes-favoris-outsiders-et-calendrier-saison\/#respond\"]}],\"copyrightYear\":\"2021\",\"copyrightHolder\":{\"@id\":\"https:\/\/dicodusport.fr\/blog\/#organization\"}},{\"@type\":\"WebPage\",\"@id\":\"https:\/\/dicodusport.fr\/blog\/coupe-du-monde-de-ski-alpin-geant-hommes-favoris-outsiders-et-calendrier-saison\/\",\"url\":\"https:\/\/dicodusport.fr\/blog\/coupe-du-monde-de-ski-alpin-geant-hommes-favoris-outsiders-et-calendrier-saison\/\",\"name\":\"Coupe du monde de ski alpin - G\u00e9ant hommes : Favoris, outsiders et calendrier de la saison\",\"isPartOf\":{\"@id\":\"https:\/\/dicodusport.fr\/blog\/#website\"},\"primaryImageOfPage\":{\"@id\":\"https:\/\/dicodusport.fr\/blog\/coupe-du-monde-de-ski-alpin-geant-hommes-favoris-outsiders-et-calendrier-saison\/#primaryimage\"},\"image\":{\"@id\":\"https:\/\/dicodusport.fr\/blog\/coupe-du-monde-de-ski-alpin-geant-hommes-favoris-outsiders-et-calendrier-saison\/#primaryimage\"},\"thumbnailUrl\":\"https:\/\/dicodusport.fr\/blog\/wp-content\/uploads\/2021\/10\/Coupe-du-monde-de-ski-alpin-Geant-hommes-Favoris-outsiders-et-calendrier-de-la-saison.png\",\"datePublished\":\"2021-10-22T14:42:06+00:00\",\"dateModified\":\"2021-10-22T14:42:56+00:00\",\"description\":\"COUPE DU MONDE DE SKI ALPIN 2021-2022 - Dimanche, les hommes d\u00e9buteront la saison de la Coupe du monde avec le g\u00e9ant de S\u00f6lden. Les skieurs \u00e0 suivre.\",\"breadcrumb\":{\"@id\":\"https:\/\/dicodusport.fr\/blog\/coupe-du-monde-de-ski-alpin-geant-hommes-favoris-outsiders-et-calendrier-saison\/#breadcrumb\"},\"inLanguage\":\"fr-FR\",\"potentialAction\":[{\"@type\":\"ReadAction\",\"target\":[\"https:\/\/dicodusport.fr\/blog\/coupe-du-monde-de-ski-alpin-geant-hommes-favoris-outsiders-et-calendrier-saison\/\"]}]},{\"@type\":\"ImageObject\",\"inLanguage\":\"fr-FR\",\"@id\":\"https:\/\/dicodusport.fr\/blog\/coupe-du-monde-de-ski-alpin-geant-hommes-favoris-outsiders-et-calendrier-saison\/#primaryimage\",\"url\":\"https:\/\/dicodusport.fr\/blog\/wp-content\/uploads\/2021\/10\/Coupe-du-monde-de-ski-alpin-Geant-hommes-Favoris-outsiders-et-calendrier-de-la-saison.png\",\"contentUrl\":\"https:\/\/dicodusport.fr\/blog\/wp-content\/uploads\/2021\/10\/Coupe-du-monde-de-ski-alpin-Geant-hommes-Favoris-outsiders-et-calendrier-de-la-saison.png\",\"width\":800,\"height\":445,\"caption\":\"Coupe du monde de ski alpin - G\u00e9ant hommes Favoris, outsiders et calendrier de la saison\"},{\"@type\":\"BreadcrumbList\",\"@id\":\"https:\/\/dicodusport.fr\/blog\/coupe-du-monde-de-ski-alpin-geant-hommes-favoris-outsiders-et-calendrier-saison\/#breadcrumb\",\"itemListElement\":[{\"@type\":\"ListItem\",\"position\":1,\"name\":\"Accueil\",\"item\":\"https:\/\/dicodusport.fr\/blog\/\"},{\"@type\":\"ListItem\",\"position\":2,\"name\":\"Coupe du monde de ski alpin &#8211; G\u00e9ant hommes : Favoris, outsiders et calendrier de la saison\"}]},{\"@type\":\"WebSite\",\"@id\":\"https:\/\/dicodusport.fr\/blog\/#website\",\"url\":\"https:\/\/dicodusport.fr\/blog\/\",\"name\":\"Dicodusport\",\"description\":\"L&#039;encyclop\u00e9die de l&#039;actualit\u00e9 sportive\",\"publisher\":{\"@id\":\"https:\/\/dicodusport.fr\/blog\/#organization\"},\"potentialAction\":[{\"@type\":\"SearchAction\",\"target\":{\"@type\":\"EntryPoint\",\"urlTemplate\":\"https:\/\/dicodusport.fr\/blog\/?s={search_term_string}\"},\"query-input\":{\"@type\":\"PropertyValueSpecification\",\"valueRequired\":true,\"valueName\":\"search_term_string\"}}],\"inLanguage\":\"fr-FR\"},{\"@type\":\"NewsMediaOrganization\",\"@id\":\"https:\/\/dicodusport.fr\/blog\/#organization\",\"name\":\"Dicodusport\",\"url\":\"https:\/\/dicodusport.fr\/blog\/\",\"logo\":{\"@type\":\"ImageObject\",\"inLanguage\":\"fr-FR\",\"@id\":\"https:\/\/dicodusport.fr\/blog\/#\/schema\/logo\/image\/\",\"url\":\"https:\/\/dicodusport.fr\/blog\/wp-content\/uploads\/2020\/06\/cropped-LOGO-DICODUSPORT-2020-SANS-FOND-SANS-TEXTE.png\",\"contentUrl\":\"https:\/\/dicodusport.fr\/blog\/wp-content\/uploads\/2020\/06\/cropped-LOGO-DICODUSPORT-2020-SANS-FOND-SANS-TEXTE.png\",\"width\":512,\"height\":512,\"caption\":\"Dicodusport\"},\"image\":{\"@id\":\"https:\/\/dicodusport.fr\/blog\/#\/schema\/logo\/image\/\"},\"sameAs\":[\"https:\/\/www.facebook.com\/dicodusport\",\"https:\/\/x.com\/dicodusport\",\"https:\/\/www.instagram.com\/dicodusport\/\",\"https:\/\/www.youtube.com\/channel\/UC7V2KZ5sd3htJivAbA4ZG3w\"],\"description\":\"Dicodusport est l'encyclop\u00e9die de l'actualit\u00e9 sportive.\",\"email\":\"bonjour@dicodusport.fr\",\"legalName\":\"DICODUSPORT\",\"foundingDate\":\"2018-01-14\",\"vatID\":\"FR71834470973\",\"taxID\":\"83447097300043\",\"numberOfEmployees\":{\"@type\":\"QuantitativeValue\",\"minValue\":\"1\",\"maxValue\":\"10\"}},{\"@type\":\"Person\",\"@id\":\"https:\/\/dicodusport.fr\/blog\/#\/schema\/person\/6db4bae06b171592211be385b32876a7\",\"name\":\"Emilien Descampiaux\",\"image\":{\"@type\":\"ImageObject\",\"inLanguage\":\"fr-FR\",\"@id\":\"https:\/\/dicodusport.fr\/blog\/#\/schema\/person\/image\/\",\"url\":\"https:\/\/dicodusport.fr\/blog\/wp-content\/uploads\/2021\/05\/Emilien-Descampiaux-150x150.jpg\",\"contentUrl\":\"https:\/\/dicodusport.fr\/blog\/wp-content\/uploads\/2021\/05\/Emilien-Descampiaux-150x150.jpg\",\"caption\":\"Emilien Descampiaux\"},\"description\":\"Journaliste\/r\u00e9dacteur depuis 2014 - Fan de la classe de Frank Vandenbroucke, je vis cyclisme (et de ses paysages) depuis plus de 20 ans. Je suis tr\u00e8s impliqu\u00e9 sur mes diff\u00e9rents r\u00e9seaux sociaux pour partager ma passion sur le monde et l'Histoire de la bicyclette avec ma voix sur les images en noir et blanc du succ\u00e8s de Rik Van Steenbergen lors du Ronde sur le V\u00e9lodrome de Gand.\",\"sameAs\":[\"https:\/\/www.facebook.com\/groups\/LesRoisDuPeloton\",\"https:\/\/x.com\/https:\/\/twitter.com\/LRoisDuPeloton\"],\"url\":\"https:\/\/dicodusport.fr\/blog\/author\/emiliend\/\"}]}<\/script>\n<!-- \/ Yoast SEO Premium plugin. -->","yoast_head_json":{"title":"Coupe du monde de ski alpin - G\u00e9ant hommes : Favoris, outsiders et calendrier de la saison","description":"COUPE DU MONDE DE SKI ALPIN 2021-2022 - Dimanche, les hommes d\u00e9buteront la saison de la Coupe du monde avec le g\u00e9ant de S\u00f6lden. Les skieurs \u00e0 suivre.","robots":{"index":"index","follow":"follow","max-snippet":"max-snippet:-1","max-image-preview":"max-image-preview:large","max-video-preview":"max-video-preview:-1"},"canonical":"https:\/\/dicodusport.fr\/blog\/coupe-du-monde-de-ski-alpin-geant-hommes-favoris-outsiders-et-calendrier-saison\/","og_locale":"fr_FR","og_type":"article","og_title":"Coupe du monde de ski alpin - G\u00e9ant hommes : Favoris, outsiders et calendrier de la saison","og_description":"COUPE DU MONDE DE SKI ALPIN 2021-2022 - Dimanche, les hommes d\u00e9buteront la saison de la Coupe du monde avec le g\u00e9ant de S\u00f6lden. Les skieurs \u00e0 suivre.","og_url":"https:\/\/dicodusport.fr\/blog\/coupe-du-monde-de-ski-alpin-geant-hommes-favoris-outsiders-et-calendrier-saison\/","og_site_name":"Dicodusport","article_publisher":"https:\/\/www.facebook.com\/dicodusport","article_author":"https:\/\/www.facebook.com\/groups\/LesRoisDuPeloton","article_published_time":"2021-10-22T14:42:06+00:00","article_modified_time":"2021-10-22T14:42:56+00:00","og_image":[{"width":800,"height":445,"url":"https:\/\/dicodusport.fr\/blog\/wp-content\/uploads\/2021\/10\/Coupe-du-monde-de-ski-alpin-Geant-hommes-Favoris-outsiders-et-calendrier-de-la-saison.png","type":"image\/png"}],"author":"Emilien Descampiaux","twitter_card":"summary_large_image","twitter_title":"Coupe du monde de ski alpin - G\u00e9ant hommes : Favoris, outsiders et calendrier de la saison","twitter_creator":"@https:\/\/twitter.com\/LRoisDuPeloton","twitter_site":"@dicodusport","schema":{"@context":"https:\/\/schema.org","@graph":[{"@type":"NewsArticle","@id":"https:\/\/dicodusport.fr\/blog\/coupe-du-monde-de-ski-alpin-geant-hommes-favoris-outsiders-et-calendrier-saison\/#article","isPartOf":{"@id":"https:\/\/dicodusport.fr\/blog\/coupe-du-monde-de-ski-alpin-geant-hommes-favoris-outsiders-et-calendrier-saison\/"},"author":{"name":"Emilien Descampiaux","@id":"https:\/\/dicodusport.fr\/blog\/#\/schema\/person\/6db4bae06b171592211be385b32876a7"},"headline":"Coupe du monde de ski alpin &#8211; G\u00e9ant hommes : Favoris, outsiders et calendrier de la saison","datePublished":"2021-10-22T14:42:06+00:00","dateModified":"2021-10-22T14:42:56+00:00","mainEntityOfPage":{"@id":"https:\/\/dicodusport.fr\/blog\/coupe-du-monde-de-ski-alpin-geant-hommes-favoris-outsiders-et-calendrier-saison\/"},"wordCount":786,"commentCount":0,"publisher":{"@id":"https:\/\/dicodusport.fr\/blog\/#organization"},"image":{"@id":"https:\/\/dicodusport.fr\/blog\/coupe-du-monde-de-ski-alpin-geant-hommes-favoris-outsiders-et-calendrier-saison\/#primaryimage"},"thumbnailUrl":"https:\/\/dicodusport.fr\/blog\/wp-content\/uploads\/2021\/10\/Coupe-du-monde-de-ski-alpin-Geant-hommes-Favoris-outsiders-et-calendrier-de-la-saison.png","keywords":["Ski alpin"],"articleSection":["Coupe du monde de ski alpin"],"inLanguage":"fr-FR","potentialAction":[{"@type":"CommentAction","name":"Comment","target":["https:\/\/dicodusport.fr\/blog\/coupe-du-monde-de-ski-alpin-geant-hommes-favoris-outsiders-et-calendrier-saison\/#respond"]}],"copyrightYear":"2021","copyrightHolder":{"@id":"https:\/\/dicodusport.fr\/blog\/#organization"}},{"@type":"WebPage","@id":"https:\/\/dicodusport.fr\/blog\/coupe-du-monde-de-ski-alpin-geant-hommes-favoris-outsiders-et-calendrier-saison\/","url":"https:\/\/dicodusport.fr\/blog\/coupe-du-monde-de-ski-alpin-geant-hommes-favoris-outsiders-et-calendrier-saison\/","name":"Coupe du monde de ski alpin - G\u00e9ant hommes : Favoris, outsiders et calendrier de la saison","isPartOf":{"@id":"https:\/\/dicodusport.fr\/blog\/#website"},"primaryImageOfPage":{"@id":"https:\/\/dicodusport.fr\/blog\/coupe-du-monde-de-ski-alpin-geant-hommes-favoris-outsiders-et-calendrier-saison\/#primaryimage"},"image":{"@id":"https:\/\/dicodusport.fr\/blog\/coupe-du-monde-de-ski-alpin-geant-hommes-favoris-outsiders-et-calendrier-saison\/#primaryimage"},"thumbnailUrl":"https:\/\/dicodusport.fr\/blog\/wp-content\/uploads\/2021\/10\/Coupe-du-monde-de-ski-alpin-Geant-hommes-Favoris-outsiders-et-calendrier-de-la-saison.png","datePublished":"2021-10-22T14:42:06+00:00","dateModified":"2021-10-22T14:42:56+00:00","description":"COUPE DU MONDE DE SKI ALPIN 2021-2022 - Dimanche, les hommes d\u00e9buteront la saison de la Coupe du monde avec le g\u00e9ant de S\u00f6lden. Les skieurs \u00e0 suivre.","breadcrumb":{"@id":"https:\/\/dicodusport.fr\/blog\/coupe-du-monde-de-ski-alpin-geant-hommes-favoris-outsiders-et-calendrier-saison\/#breadcrumb"},"inLanguage":"fr-FR","potentialAction":[{"@type":"ReadAction","target":["https:\/\/dicodusport.fr\/blog\/coupe-du-monde-de-ski-alpin-geant-hommes-favoris-outsiders-et-calendrier-saison\/"]}]},{"@type":"ImageObject","inLanguage":"fr-FR","@id":"https:\/\/dicodusport.fr\/blog\/coupe-du-monde-de-ski-alpin-geant-hommes-favoris-outsiders-et-calendrier-saison\/#primaryimage","url":"https:\/\/dicodusport.fr\/blog\/wp-content\/uploads\/2021\/10\/Coupe-du-monde-de-ski-alpin-Geant-hommes-Favoris-outsiders-et-calendrier-de-la-saison.png","contentUrl":"https:\/\/dicodusport.fr\/blog\/wp-content\/uploads\/2021\/10\/Coupe-du-monde-de-ski-alpin-Geant-hommes-Favoris-outsiders-et-calendrier-de-la-saison.png","width":800,"height":445,"caption":"Coupe du monde de ski alpin - G\u00e9ant hommes Favoris, outsiders et calendrier de la saison"},{"@type":"BreadcrumbList","@id":"https:\/\/dicodusport.fr\/blog\/coupe-du-monde-de-ski-alpin-geant-hommes-favoris-outsiders-et-calendrier-saison\/#breadcrumb","itemListElement":[{"@type":"ListItem","position":1,"name":"Accueil","item":"https:\/\/dicodusport.fr\/blog\/"},{"@type":"ListItem","position":2,"name":"Coupe du monde de ski alpin &#8211; G\u00e9ant hommes : Favoris, outsiders et calendrier de la saison"}]},{"@type":"WebSite","@id":"https:\/\/dicodusport.fr\/blog\/#website","url":"https:\/\/dicodusport.fr\/blog\/","name":"Dicodusport","description":"L&#039;encyclop\u00e9die de l&#039;actualit\u00e9 sportive","publisher":{"@id":"https:\/\/dicodusport.fr\/blog\/#organization"},"potentialAction":[{"@type":"SearchAction","target":{"@type":"EntryPoint","urlTemplate":"https:\/\/dicodusport.fr\/blog\/?s={search_term_string}"},"query-input":{"@type":"PropertyValueSpecification","valueRequired":true,"valueName":"search_term_string"}}],"inLanguage":"fr-FR"},{"@type":"NewsMediaOrganization","@id":"https:\/\/dicodusport.fr\/blog\/#organization","name":"Dicodusport","url":"https:\/\/dicodusport.fr\/blog\/","logo":{"@type":"ImageObject","inLanguage":"fr-FR","@id":"https:\/\/dicodusport.fr\/blog\/#\/schema\/logo\/image\/","url":"https:\/\/dicodusport.fr\/blog\/wp-content\/uploads\/2020\/06\/cropped-LOGO-DICODUSPORT-2020-SANS-FOND-SANS-TEXTE.png","contentUrl":"https:\/\/dicodusport.fr\/blog\/wp-content\/uploads\/2020\/06\/cropped-LOGO-DICODUSPORT-2020-SANS-FOND-SANS-TEXTE.png","width":512,"height":512,"caption":"Dicodusport"},"image":{"@id":"https:\/\/dicodusport.fr\/blog\/#\/schema\/logo\/image\/"},"sameAs":["https:\/\/www.facebook.com\/dicodusport","https:\/\/x.com\/dicodusport","https:\/\/www.instagram.com\/dicodusport\/","https:\/\/www.youtube.com\/channel\/UC7V2KZ5sd3htJivAbA4ZG3w"],"description":"Dicodusport est l'encyclop\u00e9die de l'actualit\u00e9 sportive.","email":"bonjour@dicodusport.fr","legalName":"DICODUSPORT","foundingDate":"2018-01-14","vatID":"FR71834470973","taxID":"83447097300043","numberOfEmployees":{"@type":"QuantitativeValue","minValue":"1","maxValue":"10"}},{"@type":"Person","@id":"https:\/\/dicodusport.fr\/blog\/#\/schema\/person\/6db4bae06b171592211be385b32876a7","name":"Emilien Descampiaux","image":{"@type":"ImageObject","inLanguage":"fr-FR","@id":"https:\/\/dicodusport.fr\/blog\/#\/schema\/person\/image\/","url":"https:\/\/dicodusport.fr\/blog\/wp-content\/uploads\/2021\/05\/Emilien-Descampiaux-150x150.jpg","contentUrl":"https:\/\/dicodusport.fr\/blog\/wp-content\/uploads\/2021\/05\/Emilien-Descampiaux-150x150.jpg","caption":"Emilien Descampiaux"},"description":"Journaliste\/r\u00e9dacteur depuis 2014 - Fan de la classe de Frank Vandenbroucke, je vis cyclisme (et de ses paysages) depuis plus de 20 ans. Je suis tr\u00e8s impliqu\u00e9 sur mes diff\u00e9rents r\u00e9seaux sociaux pour partager ma passion sur le monde et l'Histoire de la bicyclette avec ma voix sur les images en noir et blanc du succ\u00e8s de Rik Van Steenbergen lors du Ronde sur le V\u00e9lodrome de Gand.","sameAs":["https:\/\/www.facebook.com\/groups\/LesRoisDuPeloton","https:\/\/x.com\/https:\/\/twitter.com\/LRoisDuPeloton"],"url":"https:\/\/dicodusport.fr\/blog\/author\/emiliend\/"}]}},"_links":{"self":[{"href":"https:\/\/dicodusport.fr\/blog\/wp-json\/wp\/v2\/posts\/174793","targetHints":{"allow":["GET"]}}],"collection":[{"href":"https:\/\/dicodusport.fr\/blog\/wp-json\/wp\/v2\/posts"}],"about":[{"href":"https:\/\/dicodusport.fr\/blog\/wp-json\/wp\/v2\/types\/post"}],"author":[{"embeddable":true,"href":"https:\/\/dicodusport.fr\/blog\/wp-json\/wp\/v2\/users\/48"}],"replies":[{"embeddable":true,"href":"https:\/\/dicodusport.fr\/blog\/wp-json\/wp\/v2\/comments?post=174793"}],"version-history":[{"count":0,"href":"https:\/\/dicodusport.fr\/blog\/wp-json\/wp\/v2\/posts\/174793\/revisions"}],"wp:featuredmedia":[{"embeddable":true,"href":"https:\/\/dicodusport.fr\/blog\/wp-json\/wp\/v2\/media\/175191"}],"wp:attachment":[{"href":"https:\/\/dicodusport.fr\/blog\/wp-json\/wp\/v2\/media?parent=174793"}],"wp:term":[{"taxonomy":"category","embeddable":true,"href":"https:\/\/dicodusport.fr\/blog\/wp-json\/wp\/v2\/categories?post=174793"},{"taxonomy":"post_tag","embeddable":true,"href":"https:\/\/dicodusport.fr\/blog\/wp-json\/wp\/v2\/tags?post=174793"}],"curies":[{"name":"wp","href":"https:\/\/api.w.org\/{rel}","templated":true}]}}