{"id":175787,"date":"2021-10-24T18:17:49","date_gmt":"2021-10-24T16:17:49","guid":{"rendered":"https:\/\/dicodusport.fr\/blog\/?p=175787&#038;preview=true&#038;preview_id=175787"},"modified":"2023-01-20T15:45:14","modified_gmt":"2023-01-20T14:45:14","slug":"liga-real-madrid-eteint-barca-lors-du-clasico","status":"publish","type":"post","link":"https:\/\/dicodusport.fr\/blog\/liga-real-madrid-eteint-barca-lors-du-clasico\/","title":{"rendered":"Liga : Le Real Madrid \u00e9teint le Bar\u00e7a lors du Clasico"},"content":{"rendered":"<p style=\"text-align: justify;\"><strong><em>LIGA &#8211; Le Real Madrid s&rsquo;est impos\u00e9 2-1 sur la pelouse du FC Barcelone dans le Clasico de la Liga. R\u00e9alistes et solides en d\u00e9fense : Alaba et Vazquez ont donn\u00e9 la victoire \u00e0 leur \u00e9quipe, permettant au Real Madrid de reprendre la t\u00eate de la Liga. Aguero est le buteur c\u00f4t\u00e9 barcelonais.\u00a0<\/em><\/strong><\/p>\n<p style=\"text-align: justify;\">Durant le premier quart d&rsquo;heure, on aurait pu penser que ce match ressemblerait \u00e0 une partie d&rsquo;\u00e9checs. Les deux \u00e9quipes prenaient leur temps dans la construction, le <strong>Real Madrid<\/strong> n&rsquo;exer\u00e7ait pas un pressing acharn\u00e9 sur le porteur de balle blaugrana et se contentait d&rsquo;\u00eatre bien regroup\u00e9 dans son camp. Les erreurs techniques et les mauvais choix fusaient mais heureusement, <strong>Vinicius Jr<\/strong>, auteur d&rsquo;un doubl\u00e9 face au Shaktar Donetsk en <strong>Ligue des Champions<\/strong>, r\u00e9veillait les supporters du <strong>Camp Nou<\/strong>.<\/p>\n<p style=\"text-align: justify;\">Apr\u00e8s avoir mystifi\u00e9 <strong>Mingueza<\/strong> sur son aile gauche, le Br\u00e9silien pensait obtenir un penalty suite \u00e0 une faute du lat\u00e9ral barcelonais. <strong>Jos\u00e9 Mar\u00eda S\u00e1nchez Mart\u00ednez<\/strong>, au sifflet de ce classique, ne bronchait pas. <strong>Sergino Dest<\/strong> n&rsquo;\u00e9voluait pas dans sa position habituelle de lat\u00e9ral droit ce soir certes, mais on se demande encore comment il a pu rater cette offrande de <strong>Memphis Depay<\/strong> face \u00e0 <strong>Courtois<\/strong> (24&prime;). On ne sait pas si le plan tactique du <strong>Real<\/strong> sur ce match \u00e9tait d&rsquo;attendre le <strong>Bar\u00e7a<\/strong> pour ensuite les prendre en contre-attaque, mais c&rsquo;est ce qui a permis \u00e0 <strong>Alaba<\/strong>, pourtant d\u00e9fenseur central, d&rsquo;ouvrir le score. Apr\u00e8s une contre-attaque parfaitement initi\u00e9e entre <strong>Vinicius Jr et Rodrygo<\/strong>, l&rsquo;Allemand \u00e9tait bien plac\u00e9 aux 20m pour allumer Ter Stegen sur son c\u00f4t\u00e9 oppos\u00e9. (0-1, 31&prime;). Le Real prenait les devants dans ce match sur sa seul frappe de la premi\u00e8re p\u00e9riode. Le <strong>Bar\u00e7a<\/strong> a ensuite r\u00e9agi, se cr\u00e9ant quelques situations, mais les joueurs de <strong>Ronald Koeman<\/strong> manquaient de justesse et de lucidit\u00e9 dans les trente derniers m\u00e8tres madril\u00e8nes pour terminer leurs actions.<\/p>\n<blockquote class=\"twitter-tweet\">\n<p dir=\"ltr\" lang=\"fr\">[\ud83d\udcfa VID\u00c9O BUT] \ud83c\uddea\ud83c\uddf8 <a href=\"https:\/\/twitter.com\/hashtag\/ElClasico?src=hash&amp;ref_src=twsrc%5Etfw\">#ElClasico<\/a><br \/>\n\u26a1 David Alaba ouvre le score pour le Real Madrid !<br \/>\n\ud83d\udd25 Un golazo depuis le c\u00f4t\u00e9 gauche de la surface de r\u00e9paration ! <a href=\"https:\/\/t.co\/WaUoIOuIGc\">pic.twitter.com\/WaUoIOuIGc<\/a><\/p>\n<p>\u2014 beIN SPORTS (@beinsports_FR) <a href=\"https:\/\/twitter.com\/beinsports_FR\/status\/1452287055296450560?ref_src=twsrc%5Etfw\">October 24, 2021<\/a><\/p><\/blockquote>\n<p><script async src=\"https:\/\/platform.twitter.com\/widgets.js\" charset=\"utf-8\"><\/script><\/p>\n<h2 style=\"text-align: justify;\"><strong>Le Bar\u00e7a tente de r\u00e9agir, en vain<\/strong><\/h2>\n<p style=\"text-align: justify;\">Pour donner plus de peps offensif et \u00eatre plus solide sur le c\u00f4t\u00e9 droit, <strong>Koeman<\/strong> d\u00e9cidait de sortir<strong> Mingueza<\/strong> pour faire entrer <strong>Coutinho<\/strong>, <strong>Dest<\/strong> repassant lat\u00e9ral droit. L&rsquo;entr\u00e9e du Br\u00e9silien a fait du bien au Bar\u00e7a, bien entr\u00e9 dans ce second acte. Cependant, les tentatives de <strong>Depay et Ansu Fati<\/strong> \u00e9taient encore une fois bien annihil\u00e9es par la d\u00e9fense madril\u00e8ne et un <strong>Courtois<\/strong> imperturbable sur sa ligne. Le Real n&rsquo;a pas boug\u00e9 d&rsquo;une oreille au niveau du plan de jeu, toujours bien regroup\u00e9 dans ses 40m afin d&rsquo;exploiter les failles en contre pour tenir l&rsquo;avantage au score. A l&rsquo;heure de jeu, <strong>Karim Benzema<\/strong> s&rsquo;est cr\u00e9e une \u00e9norme occasion pour donner un avantage cons\u00e9quent \u00e0 son \u00e9quipe, mais la frappe du capitaine madril\u00e8ne fut bien arr\u00eat\u00e9e par <strong>Ter Stegen<\/strong>.<\/p>\n<p style=\"text-align: justify;\">Plus les minutes passaient, moins le Bar\u00e7a trouvaient la faille pour \u00e9galiser. Curieusement, l&rsquo;entra\u00eeneur barcelonais d\u00e9cidait de sortir <strong>Ansu Fati<\/strong> \u00e0 un quart d&rsquo;heure de la fin, le Barcelonais le plus tranchant cet apr\u00e8s-midi, \u00e0 la place de <strong>Kun Aguero<\/strong>. La fin de match fut moins anim\u00e9e, l&rsquo;\u00e9quipe de Carlo Ancelotti contr\u00f4lait les d\u00e9bats sans \u00eatre dangereuse, tout comme le Bar\u00e7a qui n&rsquo;y arrivait d\u00e9cid\u00e9ment pas ce soir, et les supporters commen\u00e7aient \u00e0 s&rsquo;impatienter. On notera le tr\u00e8s bon match de la paire <strong>Militao \/ Alaba<\/strong> en d\u00e9fense centrale, imp\u00e9riale sur chacune des situations dangereuses dans la surface de r\u00e9paration. En fin de match, <strong>Lucas Vazquez<\/strong>, excellent ce soir, a permis de donner d\u00e9finitivement la victoire aux siens (0-2, 90+4&prime;). La r\u00e9duction du score de <strong>Kun Aguero<\/strong> en fin de match sera anodine, le Barca ayant trop tard\u00e9 pour redresser la barre (1-2, 90+6&prime;).<\/p>\n<blockquote class=\"twitter-tweet\">\n<p dir=\"ltr\" lang=\"en\">\u26bd <a href=\"https:\/\/twitter.com\/hashtag\/ClubbeINEurope?src=hash&amp;ref_src=twsrc%5Etfw\">#ClubbeINEurope<\/a><br \/>\n\ud83c\uddea\ud83c\uddf8 Le Real Madrid s&rsquo;impose face au FC Barcelone !<a href=\"https:\/\/twitter.com\/hashtag\/ElClasico?src=hash&amp;ref_src=twsrc%5Etfw\">#ElClasico<\/a> <a href=\"https:\/\/t.co\/IR2Irhjgmv\">pic.twitter.com\/IR2Irhjgmv<\/a><\/p>\n<p>\u2014 beIN SPORTS (@beinsports_FR) <a href=\"https:\/\/twitter.com\/beinsports_FR\/status\/1452307162747875329?ref_src=twsrc%5Etfw\">October 24, 2021<\/a><\/p><\/blockquote>\n<p><script async src=\"https:\/\/platform.twitter.com\/widgets.js\" charset=\"utf-8\"><\/script><\/p>\n<p style=\"text-align: justify;\">Avec cette victoire, la 4\u00e8me de suite dans le Clasico face \u00e0 <strong>Barcelone<\/strong>, le <strong>Real Madrid reprend le tr\u00f4ne de leader<\/strong> de la Liga avant la confrontation entre l&rsquo;Atletico Madrid et la Real Sociedad ce soir. Le Real Madrid a \u00e9t\u00e9 loin d&rsquo;\u00eatre flamboyant ce soir, mais a \u00e9t\u00e9 beaucoup plus r\u00e9aliste que le FC Barcelone qui s&rsquo;est cr\u00e9e plusieurs situations mais a manqu\u00e9 de pr\u00e9cision au moment de conclure. Le Bar\u00e7a n&rsquo;a pas lev\u00e9 les doutes concernant son niveau de jeu. N&rsquo;ayant pas \u00e9t\u00e9 \u00e0 leur avantage face \u00e0 Kiev cette semaine en Ligue des Champions, les Barcelonais n&rsquo;ont pas convaincu leur public du Camp Nou ce soir.<\/p>\n<p style=\"text-align: justify;\">\n","protected":false},"excerpt":{"rendered":"<p>LIGA &#8211; Le Real Madrid s&rsquo;est impos\u00e9 2-1 sur la pelouse du FC Barcelone dans le Clasico de la Liga. R\u00e9alistes et solides en d\u00e9fense : Alaba et Vasquez ont donn\u00e9 la victoire \u00e0 leur \u00e9quipe, permettant au Real Madrid de reprendre la t\u00eate de la Liga. Aguero est le buteur c\u00f4t\u00e9 barcelonais.\u00a0<\/p>\n","protected":false},"author":42,"featured_media":175794,"comment_status":"open","ping_status":"closed","sticky":false,"template":"","format":"standard","meta":{"_acf_changed":false,"_daextam_enable_autolinks":"","footnotes":""},"categories":[2301],"tags":[4203,75,4204,521],"class_list":["post-175787","post","type-post","status-publish","format-standard","has-post-thumbnail","hentry","category-football","tag-fc-barcelone","tag-football","tag-liga","tag-real-madrid"],"acf":[],"yoast_head":"<!-- This site is optimized with the Yoast SEO Premium plugin v26.7 (Yoast SEO v26.7) - https:\/\/yoast.com\/wordpress\/plugins\/seo\/ -->\n<title>Liga : Le Real Madrid \u00e9teint le Bar\u00e7a lors du Clasico<\/title>\n<meta name=\"description\" content=\"LIGA - Le Real Madrid s&#039;est impos\u00e9 2-1 sur la pelouse du FC Barcelone dans le Classico de la Liga. R\u00e9alistes et solides en d\u00e9fense.\" \/>\n<meta name=\"robots\" content=\"index, follow, max-snippet:-1, max-image-preview:large, max-video-preview:-1\" \/>\n<link rel=\"canonical\" href=\"https:\/\/dicodusport.fr\/blog\/liga-real-madrid-eteint-barca-lors-du-clasico\/\" \/>\n<meta property=\"og:locale\" content=\"fr_FR\" \/>\n<meta property=\"og:type\" content=\"article\" \/>\n<meta property=\"og:title\" content=\"Liga : Le Real Madrid \u00e9teint le Bar\u00e7a lors du Clasico\" \/>\n<meta property=\"og:description\" content=\"LIGA - Le Real Madrid s&#039;est impos\u00e9 2-1 sur la pelouse du FC Barcelone dans le Classico de la Liga. R\u00e9alistes et solides en d\u00e9fense.\" \/>\n<meta property=\"og:url\" content=\"https:\/\/dicodusport.fr\/blog\/liga-real-madrid-eteint-barca-lors-du-clasico\/\" \/>\n<meta property=\"og:site_name\" content=\"Dicodusport\" \/>\n<meta property=\"article:publisher\" content=\"https:\/\/www.facebook.com\/dicodusport\" \/>\n<meta property=\"article:published_time\" content=\"2021-10-24T16:17:49+00:00\" \/>\n<meta property=\"article:modified_time\" content=\"2023-01-20T14:45:14+00:00\" \/>\n<meta property=\"og:image\" content=\"https:\/\/dicodusport.fr\/blog\/wp-content\/uploads\/2021\/10\/Liga-Le-Real-Madrid-eteint-le-Barca-lors-du-Clasico.png\" \/>\n\t<meta property=\"og:image:width\" content=\"800\" \/>\n\t<meta property=\"og:image:height\" content=\"445\" \/>\n\t<meta property=\"og:image:type\" content=\"image\/png\" \/>\n<meta name=\"author\" content=\"Nicolas Mezine\" \/>\n<meta name=\"twitter:card\" content=\"summary_large_image\" \/>\n<meta name=\"twitter:title\" content=\"Liga : Le Real Madrid \u00e9teint le Bar\u00e7a lors du Clasico\" \/>\n<meta name=\"twitter:creator\" content=\"@https:\/\/twitter.com\/Lbiji13\" \/>\n<meta name=\"twitter:site\" content=\"@dicodusport\" \/>\n<script type=\"application\/ld+json\" class=\"yoast-schema-graph\">{\"@context\":\"https:\/\/schema.org\",\"@graph\":[{\"@type\":\"NewsArticle\",\"@id\":\"https:\/\/dicodusport.fr\/blog\/liga-real-madrid-eteint-barca-lors-du-clasico\/#article\",\"isPartOf\":{\"@id\":\"https:\/\/dicodusport.fr\/blog\/liga-real-madrid-eteint-barca-lors-du-clasico\/\"},\"author\":{\"name\":\"Nicolas Mezine\",\"@id\":\"https:\/\/dicodusport.fr\/blog\/#\/schema\/person\/99fcf31b3ee0d51fed53ade78139bbbf\"},\"headline\":\"Liga : Le Real Madrid \u00e9teint le Bar\u00e7a lors du Clasico\",\"datePublished\":\"2021-10-24T16:17:49+00:00\",\"dateModified\":\"2023-01-20T14:45:14+00:00\",\"mainEntityOfPage\":{\"@id\":\"https:\/\/dicodusport.fr\/blog\/liga-real-madrid-eteint-barca-lors-du-clasico\/\"},\"wordCount\":836,\"commentCount\":0,\"publisher\":{\"@id\":\"https:\/\/dicodusport.fr\/blog\/#organization\"},\"image\":{\"@id\":\"https:\/\/dicodusport.fr\/blog\/liga-real-madrid-eteint-barca-lors-du-clasico\/#primaryimage\"},\"thumbnailUrl\":\"https:\/\/dicodusport.fr\/blog\/wp-content\/uploads\/2021\/10\/Liga-Le-Real-Madrid-eteint-le-Barca-lors-du-Clasico.png\",\"keywords\":[\"FC Barcelone\",\"Football\",\"Liga\",\"Real Madrid\"],\"articleSection\":[\"Football\"],\"inLanguage\":\"fr-FR\",\"potentialAction\":[{\"@type\":\"CommentAction\",\"name\":\"Comment\",\"target\":[\"https:\/\/dicodusport.fr\/blog\/liga-real-madrid-eteint-barca-lors-du-clasico\/#respond\"]}],\"copyrightYear\":\"2021\",\"copyrightHolder\":{\"@id\":\"https:\/\/dicodusport.fr\/blog\/#organization\"}},{\"@type\":\"WebPage\",\"@id\":\"https:\/\/dicodusport.fr\/blog\/liga-real-madrid-eteint-barca-lors-du-clasico\/\",\"url\":\"https:\/\/dicodusport.fr\/blog\/liga-real-madrid-eteint-barca-lors-du-clasico\/\",\"name\":\"Liga : Le Real Madrid \u00e9teint le Bar\u00e7a lors du Clasico\",\"isPartOf\":{\"@id\":\"https:\/\/dicodusport.fr\/blog\/#website\"},\"primaryImageOfPage\":{\"@id\":\"https:\/\/dicodusport.fr\/blog\/liga-real-madrid-eteint-barca-lors-du-clasico\/#primaryimage\"},\"image\":{\"@id\":\"https:\/\/dicodusport.fr\/blog\/liga-real-madrid-eteint-barca-lors-du-clasico\/#primaryimage\"},\"thumbnailUrl\":\"https:\/\/dicodusport.fr\/blog\/wp-content\/uploads\/2021\/10\/Liga-Le-Real-Madrid-eteint-le-Barca-lors-du-Clasico.png\",\"datePublished\":\"2021-10-24T16:17:49+00:00\",\"dateModified\":\"2023-01-20T14:45:14+00:00\",\"description\":\"LIGA - Le Real Madrid s'est impos\u00e9 2-1 sur la pelouse du FC Barcelone dans le Classico de la Liga. R\u00e9alistes et solides en d\u00e9fense.\",\"breadcrumb\":{\"@id\":\"https:\/\/dicodusport.fr\/blog\/liga-real-madrid-eteint-barca-lors-du-clasico\/#breadcrumb\"},\"inLanguage\":\"fr-FR\",\"potentialAction\":[{\"@type\":\"ReadAction\",\"target\":[\"https:\/\/dicodusport.fr\/blog\/liga-real-madrid-eteint-barca-lors-du-clasico\/\"]}]},{\"@type\":\"ImageObject\",\"inLanguage\":\"fr-FR\",\"@id\":\"https:\/\/dicodusport.fr\/blog\/liga-real-madrid-eteint-barca-lors-du-clasico\/#primaryimage\",\"url\":\"https:\/\/dicodusport.fr\/blog\/wp-content\/uploads\/2021\/10\/Liga-Le-Real-Madrid-eteint-le-Barca-lors-du-Clasico.png\",\"contentUrl\":\"https:\/\/dicodusport.fr\/blog\/wp-content\/uploads\/2021\/10\/Liga-Le-Real-Madrid-eteint-le-Barca-lors-du-Clasico.png\",\"width\":800,\"height\":445,\"caption\":\"Liga Le Real Madrid \u00e9teint le Bar\u00e7a lors du Clasico\"},{\"@type\":\"BreadcrumbList\",\"@id\":\"https:\/\/dicodusport.fr\/blog\/liga-real-madrid-eteint-barca-lors-du-clasico\/#breadcrumb\",\"itemListElement\":[{\"@type\":\"ListItem\",\"position\":1,\"name\":\"Accueil\",\"item\":\"https:\/\/dicodusport.fr\/blog\/\"},{\"@type\":\"ListItem\",\"position\":2,\"name\":\"Liga : Le Real Madrid \u00e9teint le Bar\u00e7a lors du Clasico\"}]},{\"@type\":\"WebSite\",\"@id\":\"https:\/\/dicodusport.fr\/blog\/#website\",\"url\":\"https:\/\/dicodusport.fr\/blog\/\",\"name\":\"Dicodusport\",\"description\":\"L&#039;encyclop\u00e9die de l&#039;actualit\u00e9 sportive\",\"publisher\":{\"@id\":\"https:\/\/dicodusport.fr\/blog\/#organization\"},\"potentialAction\":[{\"@type\":\"SearchAction\",\"target\":{\"@type\":\"EntryPoint\",\"urlTemplate\":\"https:\/\/dicodusport.fr\/blog\/?s={search_term_string}\"},\"query-input\":{\"@type\":\"PropertyValueSpecification\",\"valueRequired\":true,\"valueName\":\"search_term_string\"}}],\"inLanguage\":\"fr-FR\"},{\"@type\":\"NewsMediaOrganization\",\"@id\":\"https:\/\/dicodusport.fr\/blog\/#organization\",\"name\":\"Dicodusport\",\"url\":\"https:\/\/dicodusport.fr\/blog\/\",\"logo\":{\"@type\":\"ImageObject\",\"inLanguage\":\"fr-FR\",\"@id\":\"https:\/\/dicodusport.fr\/blog\/#\/schema\/logo\/image\/\",\"url\":\"https:\/\/dicodusport.fr\/blog\/wp-content\/uploads\/2020\/06\/cropped-LOGO-DICODUSPORT-2020-SANS-FOND-SANS-TEXTE.png\",\"contentUrl\":\"https:\/\/dicodusport.fr\/blog\/wp-content\/uploads\/2020\/06\/cropped-LOGO-DICODUSPORT-2020-SANS-FOND-SANS-TEXTE.png\",\"width\":512,\"height\":512,\"caption\":\"Dicodusport\"},\"image\":{\"@id\":\"https:\/\/dicodusport.fr\/blog\/#\/schema\/logo\/image\/\"},\"sameAs\":[\"https:\/\/www.facebook.com\/dicodusport\",\"https:\/\/x.com\/dicodusport\",\"https:\/\/www.instagram.com\/dicodusport\/\",\"https:\/\/www.youtube.com\/channel\/UC7V2KZ5sd3htJivAbA4ZG3w\"],\"description\":\"Dicodusport est l'encyclop\u00e9die de l'actualit\u00e9 sportive.\",\"email\":\"bonjour@dicodusport.fr\",\"legalName\":\"DICODUSPORT\",\"foundingDate\":\"2018-01-14\",\"vatID\":\"FR71834470973\",\"taxID\":\"83447097300043\",\"numberOfEmployees\":{\"@type\":\"QuantitativeValue\",\"minValue\":\"1\",\"maxValue\":\"10\"}},{\"@type\":\"Person\",\"@id\":\"https:\/\/dicodusport.fr\/blog\/#\/schema\/person\/99fcf31b3ee0d51fed53ade78139bbbf\",\"name\":\"Nicolas Mezine\",\"image\":{\"@type\":\"ImageObject\",\"inLanguage\":\"fr-FR\",\"@id\":\"https:\/\/dicodusport.fr\/blog\/#\/schema\/person\/image\/\",\"url\":\"https:\/\/dicodusport.fr\/blog\/wp-content\/uploads\/2021\/09\/IMG_4655-e1631787111223-150x150.jpg\",\"contentUrl\":\"https:\/\/dicodusport.fr\/blog\/wp-content\/uploads\/2021\/09\/IMG_4655-e1631787111223-150x150.jpg\",\"caption\":\"Nicolas Mezine\"},\"description\":\"Passionn\u00e9 de sport, notamment de rugby dans toutes ses variantes (XV, XIII et VII). Fan du RC Toulon et de l'Olympique de Marseille.\",\"sameAs\":[\"https:\/\/www.linkedin.com\/in\/nicolas-mezine-521380160\/\",\"https:\/\/x.com\/https:\/\/twitter.com\/Lbiji13\"],\"url\":\"https:\/\/dicodusport.fr\/blog\/author\/nicolas-m\/\"}]}<\/script>\n<!-- \/ Yoast SEO Premium plugin. -->","yoast_head_json":{"title":"Liga : Le Real Madrid \u00e9teint le Bar\u00e7a lors du Clasico","description":"LIGA - Le Real Madrid s'est impos\u00e9 2-1 sur la pelouse du FC Barcelone dans le Classico de la Liga. R\u00e9alistes et solides en d\u00e9fense.","robots":{"index":"index","follow":"follow","max-snippet":"max-snippet:-1","max-image-preview":"max-image-preview:large","max-video-preview":"max-video-preview:-1"},"canonical":"https:\/\/dicodusport.fr\/blog\/liga-real-madrid-eteint-barca-lors-du-clasico\/","og_locale":"fr_FR","og_type":"article","og_title":"Liga : Le Real Madrid \u00e9teint le Bar\u00e7a lors du Clasico","og_description":"LIGA - Le Real Madrid s'est impos\u00e9 2-1 sur la pelouse du FC Barcelone dans le Classico de la Liga. R\u00e9alistes et solides en d\u00e9fense.","og_url":"https:\/\/dicodusport.fr\/blog\/liga-real-madrid-eteint-barca-lors-du-clasico\/","og_site_name":"Dicodusport","article_publisher":"https:\/\/www.facebook.com\/dicodusport","article_published_time":"2021-10-24T16:17:49+00:00","article_modified_time":"2023-01-20T14:45:14+00:00","og_image":[{"width":800,"height":445,"url":"https:\/\/dicodusport.fr\/blog\/wp-content\/uploads\/2021\/10\/Liga-Le-Real-Madrid-eteint-le-Barca-lors-du-Clasico.png","type":"image\/png"}],"author":"Nicolas Mezine","twitter_card":"summary_large_image","twitter_title":"Liga : Le Real Madrid \u00e9teint le Bar\u00e7a lors du Clasico","twitter_creator":"@https:\/\/twitter.com\/Lbiji13","twitter_site":"@dicodusport","schema":{"@context":"https:\/\/schema.org","@graph":[{"@type":"NewsArticle","@id":"https:\/\/dicodusport.fr\/blog\/liga-real-madrid-eteint-barca-lors-du-clasico\/#article","isPartOf":{"@id":"https:\/\/dicodusport.fr\/blog\/liga-real-madrid-eteint-barca-lors-du-clasico\/"},"author":{"name":"Nicolas Mezine","@id":"https:\/\/dicodusport.fr\/blog\/#\/schema\/person\/99fcf31b3ee0d51fed53ade78139bbbf"},"headline":"Liga : Le Real Madrid \u00e9teint le Bar\u00e7a lors du Clasico","datePublished":"2021-10-24T16:17:49+00:00","dateModified":"2023-01-20T14:45:14+00:00","mainEntityOfPage":{"@id":"https:\/\/dicodusport.fr\/blog\/liga-real-madrid-eteint-barca-lors-du-clasico\/"},"wordCount":836,"commentCount":0,"publisher":{"@id":"https:\/\/dicodusport.fr\/blog\/#organization"},"image":{"@id":"https:\/\/dicodusport.fr\/blog\/liga-real-madrid-eteint-barca-lors-du-clasico\/#primaryimage"},"thumbnailUrl":"https:\/\/dicodusport.fr\/blog\/wp-content\/uploads\/2021\/10\/Liga-Le-Real-Madrid-eteint-le-Barca-lors-du-Clasico.png","keywords":["FC Barcelone","Football","Liga","Real Madrid"],"articleSection":["Football"],"inLanguage":"fr-FR","potentialAction":[{"@type":"CommentAction","name":"Comment","target":["https:\/\/dicodusport.fr\/blog\/liga-real-madrid-eteint-barca-lors-du-clasico\/#respond"]}],"copyrightYear":"2021","copyrightHolder":{"@id":"https:\/\/dicodusport.fr\/blog\/#organization"}},{"@type":"WebPage","@id":"https:\/\/dicodusport.fr\/blog\/liga-real-madrid-eteint-barca-lors-du-clasico\/","url":"https:\/\/dicodusport.fr\/blog\/liga-real-madrid-eteint-barca-lors-du-clasico\/","name":"Liga : Le Real Madrid \u00e9teint le Bar\u00e7a lors du Clasico","isPartOf":{"@id":"https:\/\/dicodusport.fr\/blog\/#website"},"primaryImageOfPage":{"@id":"https:\/\/dicodusport.fr\/blog\/liga-real-madrid-eteint-barca-lors-du-clasico\/#primaryimage"},"image":{"@id":"https:\/\/dicodusport.fr\/blog\/liga-real-madrid-eteint-barca-lors-du-clasico\/#primaryimage"},"thumbnailUrl":"https:\/\/dicodusport.fr\/blog\/wp-content\/uploads\/2021\/10\/Liga-Le-Real-Madrid-eteint-le-Barca-lors-du-Clasico.png","datePublished":"2021-10-24T16:17:49+00:00","dateModified":"2023-01-20T14:45:14+00:00","description":"LIGA - Le Real Madrid s'est impos\u00e9 2-1 sur la pelouse du FC Barcelone dans le Classico de la Liga. R\u00e9alistes et solides en d\u00e9fense.","breadcrumb":{"@id":"https:\/\/dicodusport.fr\/blog\/liga-real-madrid-eteint-barca-lors-du-clasico\/#breadcrumb"},"inLanguage":"fr-FR","potentialAction":[{"@type":"ReadAction","target":["https:\/\/dicodusport.fr\/blog\/liga-real-madrid-eteint-barca-lors-du-clasico\/"]}]},{"@type":"ImageObject","inLanguage":"fr-FR","@id":"https:\/\/dicodusport.fr\/blog\/liga-real-madrid-eteint-barca-lors-du-clasico\/#primaryimage","url":"https:\/\/dicodusport.fr\/blog\/wp-content\/uploads\/2021\/10\/Liga-Le-Real-Madrid-eteint-le-Barca-lors-du-Clasico.png","contentUrl":"https:\/\/dicodusport.fr\/blog\/wp-content\/uploads\/2021\/10\/Liga-Le-Real-Madrid-eteint-le-Barca-lors-du-Clasico.png","width":800,"height":445,"caption":"Liga Le Real Madrid \u00e9teint le Bar\u00e7a lors du Clasico"},{"@type":"BreadcrumbList","@id":"https:\/\/dicodusport.fr\/blog\/liga-real-madrid-eteint-barca-lors-du-clasico\/#breadcrumb","itemListElement":[{"@type":"ListItem","position":1,"name":"Accueil","item":"https:\/\/dicodusport.fr\/blog\/"},{"@type":"ListItem","position":2,"name":"Liga : Le Real Madrid \u00e9teint le Bar\u00e7a lors du Clasico"}]},{"@type":"WebSite","@id":"https:\/\/dicodusport.fr\/blog\/#website","url":"https:\/\/dicodusport.fr\/blog\/","name":"Dicodusport","description":"L&#039;encyclop\u00e9die de l&#039;actualit\u00e9 sportive","publisher":{"@id":"https:\/\/dicodusport.fr\/blog\/#organization"},"potentialAction":[{"@type":"SearchAction","target":{"@type":"EntryPoint","urlTemplate":"https:\/\/dicodusport.fr\/blog\/?s={search_term_string}"},"query-input":{"@type":"PropertyValueSpecification","valueRequired":true,"valueName":"search_term_string"}}],"inLanguage":"fr-FR"},{"@type":"NewsMediaOrganization","@id":"https:\/\/dicodusport.fr\/blog\/#organization","name":"Dicodusport","url":"https:\/\/dicodusport.fr\/blog\/","logo":{"@type":"ImageObject","inLanguage":"fr-FR","@id":"https:\/\/dicodusport.fr\/blog\/#\/schema\/logo\/image\/","url":"https:\/\/dicodusport.fr\/blog\/wp-content\/uploads\/2020\/06\/cropped-LOGO-DICODUSPORT-2020-SANS-FOND-SANS-TEXTE.png","contentUrl":"https:\/\/dicodusport.fr\/blog\/wp-content\/uploads\/2020\/06\/cropped-LOGO-DICODUSPORT-2020-SANS-FOND-SANS-TEXTE.png","width":512,"height":512,"caption":"Dicodusport"},"image":{"@id":"https:\/\/dicodusport.fr\/blog\/#\/schema\/logo\/image\/"},"sameAs":["https:\/\/www.facebook.com\/dicodusport","https:\/\/x.com\/dicodusport","https:\/\/www.instagram.com\/dicodusport\/","https:\/\/www.youtube.com\/channel\/UC7V2KZ5sd3htJivAbA4ZG3w"],"description":"Dicodusport est l'encyclop\u00e9die de l'actualit\u00e9 sportive.","email":"bonjour@dicodusport.fr","legalName":"DICODUSPORT","foundingDate":"2018-01-14","vatID":"FR71834470973","taxID":"83447097300043","numberOfEmployees":{"@type":"QuantitativeValue","minValue":"1","maxValue":"10"}},{"@type":"Person","@id":"https:\/\/dicodusport.fr\/blog\/#\/schema\/person\/99fcf31b3ee0d51fed53ade78139bbbf","name":"Nicolas Mezine","image":{"@type":"ImageObject","inLanguage":"fr-FR","@id":"https:\/\/dicodusport.fr\/blog\/#\/schema\/person\/image\/","url":"https:\/\/dicodusport.fr\/blog\/wp-content\/uploads\/2021\/09\/IMG_4655-e1631787111223-150x150.jpg","contentUrl":"https:\/\/dicodusport.fr\/blog\/wp-content\/uploads\/2021\/09\/IMG_4655-e1631787111223-150x150.jpg","caption":"Nicolas Mezine"},"description":"Passionn\u00e9 de sport, notamment de rugby dans toutes ses variantes (XV, XIII et VII). Fan du RC Toulon et de l'Olympique de Marseille.","sameAs":["https:\/\/www.linkedin.com\/in\/nicolas-mezine-521380160\/","https:\/\/x.com\/https:\/\/twitter.com\/Lbiji13"],"url":"https:\/\/dicodusport.fr\/blog\/author\/nicolas-m\/"}]}},"_links":{"self":[{"href":"https:\/\/dicodusport.fr\/blog\/wp-json\/wp\/v2\/posts\/175787","targetHints":{"allow":["GET"]}}],"collection":[{"href":"https:\/\/dicodusport.fr\/blog\/wp-json\/wp\/v2\/posts"}],"about":[{"href":"https:\/\/dicodusport.fr\/blog\/wp-json\/wp\/v2\/types\/post"}],"author":[{"embeddable":true,"href":"https:\/\/dicodusport.fr\/blog\/wp-json\/wp\/v2\/users\/42"}],"replies":[{"embeddable":true,"href":"https:\/\/dicodusport.fr\/blog\/wp-json\/wp\/v2\/comments?post=175787"}],"version-history":[{"count":0,"href":"https:\/\/dicodusport.fr\/blog\/wp-json\/wp\/v2\/posts\/175787\/revisions"}],"wp:featuredmedia":[{"embeddable":true,"href":"https:\/\/dicodusport.fr\/blog\/wp-json\/wp\/v2\/media\/175794"}],"wp:attachment":[{"href":"https:\/\/dicodusport.fr\/blog\/wp-json\/wp\/v2\/media?parent=175787"}],"wp:term":[{"taxonomy":"category","embeddable":true,"href":"https:\/\/dicodusport.fr\/blog\/wp-json\/wp\/v2\/categories?post=175787"},{"taxonomy":"post_tag","embeddable":true,"href":"https:\/\/dicodusport.fr\/blog\/wp-json\/wp\/v2\/tags?post=175787"}],"curies":[{"name":"wp","href":"https:\/\/api.w.org\/{rel}","templated":true}]}}