{"id":175799,"date":"2021-10-24T20:07:25","date_gmt":"2021-10-24T18:07:25","guid":{"rendered":"https:\/\/dicodusport.fr\/blog\/?p=175799&#038;preview=true&#038;preview_id=175799"},"modified":"2021-10-24T20:07:25","modified_gmt":"2021-10-24T18:07:25","slug":"victoires-pour-diane-parry-et-chloe-paquet-les-francaises-brillent-sur-circuit-itf","status":"publish","type":"post","link":"https:\/\/dicodusport.fr\/blog\/victoires-pour-diane-parry-et-chloe-paquet-les-francaises-brillent-sur-circuit-itf\/","title":{"rendered":"Victoires pour Diane Parry et Chlo\u00e9 Paquet : les Fran\u00e7aises brillent sur le circuit ITF"},"content":{"rendered":"<p style=\"text-align: justify;\"><strong><em>TENNIS &#8211; Peu en verve sur le circuit principal, la WTA, les joueuses fran\u00e7aises sont bien plus constantes \u00e0 l&rsquo;\u00e9chelon inf\u00e9rieur, le circuit ITF. Ainsi, Diane Parry et Chlo\u00e9 Paquet ont toutes deux remport\u00e9 un tournoi de cat\u00e9gorie W25 ce week-end. Focus sur ces deux performances et les perspectives des laur\u00e9ates.<\/em><\/strong><\/p>\n<h2 style=\"text-align: justify;\">Diane Parry, la championne du monde juniors qui ne demande qu&rsquo;\u00e0 exploser<\/h2>\n<p style=\"text-align: justify;\">La terre battue est la surface de pr\u00e9dilection de <strong>Diane Parry<\/strong>, qui a disput\u00e9 tous ses matchs sur cette surface depuis f\u00e9vrier. Ce samedi, elle s&rsquo;est impos\u00e9e en finale du tournoi W25 (qui rapporte donc \u00e0 la gagnante 25 points ATP) de S\u00e9ville sur cette surface. Elle a surclass\u00e9 en finale la Russe <strong>Elina Avanesyan<\/strong>, 6-2, 6-0, et remport\u00e9 son troisi\u00e8me titre cette saison (elle a \u00e9galement remport\u00e9 deux tournois du m\u00eame niveau \u00e0 P\u00e9rigueux et Turin), le quatri\u00e8me de sa carri\u00e8re. Elle s&rsquo;est particuli\u00e8rement distingu\u00e9e cette semaine, gagnant tous ses matchs en deux manches et ne perdant que 25 jeux en cinq rencontres.<\/p>\n<p style=\"text-align: justify;\">La saison est donc tr\u00e8s positive pour <a href=\"https:\/\/dicodusport.fr\/blog\/diane-parry-remporte-le-masters-juniors-chengdu\/\">la championne du monde 2019 chez les juniors<\/a>. Au lieu de d\u00e9barquer sur le circuit WTA, elle pr\u00e9f\u00e8re se faire les dents sur le circuit secondaire ITF. Avec 34 victoires pour 20 d\u00e9faites cette saison, elle a gagn\u00e9 plus de 100 places au classement WTA. 193\u00e8me en d\u00e9but de semaine, elle va logiquement gagner encore quelques places. Pourtant, malgr\u00e9 son statut dans les cat\u00e9gories de jeunes, elle semble encore un peu verte pour les grands \u00e9v\u00e8nements. Elle a d\u00e9j\u00e0 disput\u00e9 Roland-Garros \u00e0 quatre reprises, la majorit\u00e9 gr\u00e2ce \u00e0 une wildcard, mais n&rsquo;y a remport\u00e9 qu&rsquo;un seul match dans le tableau principal, \u00e9liminant une obscure joueuse bi\u00e9lorusse en 2019.<\/p>\n<p style=\"text-align: justify;\">Peut-\u00eatre que sa magnifique saison l&rsquo;encouragera \u00e0 disputer plus de qualifications pour des tournois WTA, afin de voir si elle peut transposer chez les s\u00e9niors son niveau junior, ce que n&rsquo;a pas r\u00e9ussi \u00e0 faire pour le moment celle a qui elle a succ\u00e9d\u00e9 sur le tr\u00f4ne des juniors,<strong> Clara Burel<\/strong>.<\/p>\n<blockquote class=\"twitter-tweet\">\n<p dir=\"ltr\" lang=\"fr\">&#x1f1eb;&#x1f1f7;&#x1f4aa;Oh la belle victoire de <a href=\"https:\/\/twitter.com\/dparry02?ref_src=twsrc%5Etfw\">@dparry02<\/a> \u00e0 S\u00e9ville (25000$) ! La Fran\u00e7aise de 19 ans a \u00e9t\u00e9 inarr\u00eatable en Espagne, avec deux jeux conc\u00e9d\u00e9s en finale et aucun set perdu du tournoi.<br \/>\nC&rsquo;est son 4e titre sur le circuit pro &#x1f3c6;&#x1f3c6;&#x1f3c6;&#x1f3c6; <a href=\"https:\/\/t.co\/SmCiyEYgFG\">pic.twitter.com\/SmCiyEYgFG<\/a><\/p>\n<p>\u2014 FFT (@FFTennis) <a href=\"https:\/\/twitter.com\/FFTennis\/status\/1451885504794963971?ref_src=twsrc%5Etfw\">October 23, 2021<\/a><\/p><\/blockquote>\n<p><script async src=\"https:\/\/platform.twitter.com\/widgets.js\" charset=\"utf-8\"><\/script><\/p>\n<h2 style=\"text-align: justify;\">Chlo\u00e9 Paquet, l&rsquo;\u00e9loge de la patience<\/h2>\n<p style=\"text-align: justify;\">La Francilienne a elle aussi remport\u00e9 son troisi\u00e8me troph\u00e9e W25 de la saison (apr\u00e8s Wroclaw en Pologne et Kiev en Ukraine), sur les courts en dur de Netanya, en Isra\u00ebl. Elle a facilement domin\u00e9 l&rsquo;Anglaise <strong>Matilda Mutavzic<\/strong>, 6-3, 6-3, pour mettre un point final \u00e0 une saison de bonne qualit\u00e9 sur le circuit inf\u00e9rieur, puisqu&rsquo;elle vient de remporter huit de ses neuf derniers matchs. L&rsquo;affaire a \u00e9t\u00e9 autrement plus cors\u00e9e en WTA, puisqu&rsquo;elle n&rsquo;a remport\u00e9 aucun match en tableau principal, ne d\u00e9crochant qu&rsquo;une poign\u00e9e de victoires en qualifications.<\/p>\n<p style=\"text-align: justify;\">L\u00e9g\u00e8rement mieux class\u00e9e que <strong>Diane Parry<\/strong> (165\u00e8me lundi dernier), elle est aussi plus \u00e2g\u00e9e. A 27 ans, elle n&rsquo;a plus beaucoup de temps \u00e0 perdre. On la croyait lanc\u00e9e vers une belle carri\u00e8re apr\u00e8s une saison 2018 r\u00e9ussie, o\u00f9 elle avait remport\u00e9 son premier titre au W25 de Jou\u00e9-L\u00e8s-Tours, mais apr\u00e8s une ann\u00e9e 2019 en demi-teinte, la pand\u00e9mie est pass\u00e9e par l\u00e0, et <strong>Chlo\u00e9 Paquet<\/strong> n&rsquo;a disput\u00e9 que 13 matchs l&rsquo;an dernier. Apr\u00e8s beaucoup de revers sur le circuit WTA jusqu&rsquo;en juin, elle a pass\u00e9 la majorit\u00e9 de son temps par la suite sur le circuit inf\u00e9rieur. Bien lui en a pris, puisque d\u00e8s le mois de juillet, elle a empoch\u00e9 deux nouveau titres sur terre battue, avant cette belle victoire ce dimanche.<strong> Chlo\u00e9 Paquet<\/strong> a plusieurs fois b\u00e9n\u00e9fici\u00e9 d&rsquo;invitations pour des grands chelems, et une belle performance dans un tournoi majeur pourrait lui offrir l&rsquo;exposition n\u00e9cessaire \u00e0 son ascension<\/p>\n<blockquote class=\"twitter-tweet\">\n<p dir=\"ltr\" lang=\"fr\">[<a href=\"https:\/\/twitter.com\/hashtag\/ITF?src=hash&amp;ref_src=twsrc%5Etfw\">#ITF<\/a>] Chlo\u00e9 <a href=\"https:\/\/twitter.com\/hashtag\/Paquet?src=hash&amp;ref_src=twsrc%5Etfw\">#Paquet<\/a> (n\u00b0165) &#x1f1e8;&#x1f1f5; s&rsquo;impose ce dimanche \u00e0 <a href=\"https:\/\/twitter.com\/hashtag\/Netanya?src=hash&amp;ref_src=twsrc%5Etfw\">#Netanya<\/a> (Isra\u00ebl, W25, dur ext\u00e9rieur) ! T\u00eate de s\u00e9rie n\u00b02, elle a battu Matilda <a href=\"https:\/\/twitter.com\/hashtag\/Mutavdzic?src=hash&amp;ref_src=twsrc%5Etfw\">#Mutavdzic<\/a> (n\u00b0599) &#x1f1ec;&#x1f1e7; en deux sets 6-3, 6-3. C&rsquo;est son cinqui\u00e8me titre &#x1f3c6; professionnel, le troisi\u00e8me en 2021.<\/p>\n<p>(&#x1f4f8; : <a href=\"https:\/\/twitter.com\/FFTennis?ref_src=twsrc%5Etfw\">@FFTennis<\/a>) <a href=\"https:\/\/t.co\/XeQbKJLtbs\">pic.twitter.com\/XeQbKJLtbs<\/a><\/p>\n<p>\u2014 Jeu, Set Et Match (@jeu_set_etmatch) <a href=\"https:\/\/twitter.com\/jeu_set_etmatch\/status\/1452272602341326852?ref_src=twsrc%5Etfw\">October 24, 2021<\/a><\/p><\/blockquote>\n<p><script async src=\"https:\/\/platform.twitter.com\/widgets.js\" charset=\"utf-8\"><\/script><\/p>\n<p style=\"text-align: justify;\">Ces deux performances prouvent que le tennis fran\u00e7ais dispose d&rsquo;un r\u00e9servoir important, mais l&rsquo;affaire est bien diff\u00e9rente sur le circuit principal, puisque la meilleure Tricolore, <strong>Aliz\u00e9 Cornet<\/strong>, est class\u00e9e 66\u00e8me mondiale. Ainsi, ces deux joueuses pr\u00e9f\u00e8rent garnir leur palmar\u00e8s sur le circuit inf\u00e9rieur que faire de la figuration dans des tournois plus hupp\u00e9s. Pragmatisme froid ou manque d&rsquo;ambition ? Nul n&rsquo;est besoin de juger, mais tout succ\u00e8s est bon \u00e0 prendre pour l&rsquo;essor du tennis f\u00e9minin fran\u00e7ais en l&rsquo;absence d&rsquo;une locomotive capable de performances r\u00e9guli\u00e8res \u00e0 tr\u00e8s haut niveau.<\/p>\n<p style=\"text-align: justify;\">\n","protected":false},"excerpt":{"rendered":"<p>TENNIS &#8211; Peu en verve sur le circuit principal, la WTA, les joueuses fran\u00e7aises sont bien plus constantes \u00e0 l&rsquo;\u00e9chelon inf\u00e9rieur, le circuit ITF. Ainsi, Diane Parry et Chlo\u00e9 Paquet ont toutes deux remport\u00e9 un tournoi de cat\u00e9gorie W25 ce week-end. Focus sur ces deux performances et les perspectives des laur\u00e9ates.<\/p>\n","protected":false},"author":59,"featured_media":175812,"comment_status":"open","ping_status":"closed","sticky":false,"template":"","format":"standard","meta":{"_acf_changed":false,"_daextam_enable_autolinks":"","footnotes":""},"categories":[2302],"tags":[7938,4936,2099],"class_list":["post-175799","post","type-post","status-publish","format-standard","has-post-thumbnail","hentry","category-tennis","tag-chloe-paquet","tag-diane-parry","tag-tennis-feminin"],"acf":[],"yoast_head":"<!-- This site is optimized with the Yoast SEO Premium plugin v26.7 (Yoast SEO v26.7) - https:\/\/yoast.com\/wordpress\/plugins\/seo\/ -->\n<title>Victoires pour Diane Parry et Chlo\u00e9 Paquet : les Fran\u00e7aises brillent sur le circuit ITF<\/title>\n<meta name=\"description\" content=\"TENNIS - Ainsi, Diane Parry et Chlo\u00e9 Paquet ont toutes deux remport\u00e9 un tournoi de cat\u00e9gorie W25 ce week-end.\" \/>\n<meta name=\"robots\" content=\"index, follow, max-snippet:-1, max-image-preview:large, max-video-preview:-1\" \/>\n<link rel=\"canonical\" href=\"https:\/\/dicodusport.fr\/blog\/victoires-pour-diane-parry-et-chloe-paquet-les-francaises-brillent-sur-circuit-itf\/\" \/>\n<meta property=\"og:locale\" content=\"fr_FR\" \/>\n<meta property=\"og:type\" content=\"article\" \/>\n<meta property=\"og:title\" content=\"Victoires pour Diane Parry et Chlo\u00e9 Paquet : les Fran\u00e7aises brillent sur le circuit ITF\" \/>\n<meta property=\"og:description\" content=\"TENNIS - Ainsi, Diane Parry et Chlo\u00e9 Paquet ont toutes deux remport\u00e9 un tournoi de cat\u00e9gorie W25 ce week-end.\" \/>\n<meta property=\"og:url\" content=\"https:\/\/dicodusport.fr\/blog\/victoires-pour-diane-parry-et-chloe-paquet-les-francaises-brillent-sur-circuit-itf\/\" \/>\n<meta property=\"og:site_name\" content=\"Dicodusport\" \/>\n<meta property=\"article:publisher\" content=\"https:\/\/www.facebook.com\/dicodusport\" \/>\n<meta property=\"article:author\" content=\"https:\/\/www.facebook.com\/sebastien.gente\/\" \/>\n<meta property=\"article:published_time\" content=\"2021-10-24T18:07:25+00:00\" \/>\n<meta property=\"og:image\" content=\"https:\/\/dicodusport.fr\/blog\/wp-content\/uploads\/2021\/10\/Victoires-pour-Diane-Parry-et-Chloe-Paquet-les-Francaises-brillent-sur-le-circuit-ITF.png\" \/>\n\t<meta property=\"og:image:width\" content=\"800\" \/>\n\t<meta property=\"og:image:height\" content=\"445\" \/>\n\t<meta property=\"og:image:type\" content=\"image\/png\" \/>\n<meta name=\"author\" content=\"S\u00e9bastien Gente\" \/>\n<meta name=\"twitter:card\" content=\"summary_large_image\" \/>\n<meta name=\"twitter:title\" content=\"Victoires pour Diane Parry et Chlo\u00e9 Paquet : les Fran\u00e7aises brillent sur le circuit ITF\" \/>\n<meta name=\"twitter:creator\" content=\"@https:\/\/twitter.com\/globulo24\" \/>\n<meta name=\"twitter:site\" content=\"@dicodusport\" \/>\n<script type=\"application\/ld+json\" class=\"yoast-schema-graph\">{\"@context\":\"https:\/\/schema.org\",\"@graph\":[{\"@type\":\"NewsArticle\",\"@id\":\"https:\/\/dicodusport.fr\/blog\/victoires-pour-diane-parry-et-chloe-paquet-les-francaises-brillent-sur-circuit-itf\/#article\",\"isPartOf\":{\"@id\":\"https:\/\/dicodusport.fr\/blog\/victoires-pour-diane-parry-et-chloe-paquet-les-francaises-brillent-sur-circuit-itf\/\"},\"author\":{\"name\":\"S\u00e9bastien Gente\",\"@id\":\"https:\/\/dicodusport.fr\/blog\/#\/schema\/person\/627966a6cde45dbd8c5e36ac85d783da\"},\"headline\":\"Victoires pour Diane Parry et Chlo\u00e9 Paquet : les Fran\u00e7aises brillent sur le circuit ITF\",\"datePublished\":\"2021-10-24T18:07:25+00:00\",\"mainEntityOfPage\":{\"@id\":\"https:\/\/dicodusport.fr\/blog\/victoires-pour-diane-parry-et-chloe-paquet-les-francaises-brillent-sur-circuit-itf\/\"},\"wordCount\":902,\"commentCount\":0,\"publisher\":{\"@id\":\"https:\/\/dicodusport.fr\/blog\/#organization\"},\"image\":{\"@id\":\"https:\/\/dicodusport.fr\/blog\/victoires-pour-diane-parry-et-chloe-paquet-les-francaises-brillent-sur-circuit-itf\/#primaryimage\"},\"thumbnailUrl\":\"https:\/\/dicodusport.fr\/blog\/wp-content\/uploads\/2021\/10\/Victoires-pour-Diane-Parry-et-Chloe-Paquet-les-Francaises-brillent-sur-le-circuit-ITF.png\",\"keywords\":[\"Chlo\u00e9 Paquet\",\"Diane Parry\",\"tennis f\u00e9minin\"],\"articleSection\":[\"Tennis\"],\"inLanguage\":\"fr-FR\",\"potentialAction\":[{\"@type\":\"CommentAction\",\"name\":\"Comment\",\"target\":[\"https:\/\/dicodusport.fr\/blog\/victoires-pour-diane-parry-et-chloe-paquet-les-francaises-brillent-sur-circuit-itf\/#respond\"]}],\"copyrightYear\":\"2021\",\"copyrightHolder\":{\"@id\":\"https:\/\/dicodusport.fr\/blog\/#organization\"}},{\"@type\":\"WebPage\",\"@id\":\"https:\/\/dicodusport.fr\/blog\/victoires-pour-diane-parry-et-chloe-paquet-les-francaises-brillent-sur-circuit-itf\/\",\"url\":\"https:\/\/dicodusport.fr\/blog\/victoires-pour-diane-parry-et-chloe-paquet-les-francaises-brillent-sur-circuit-itf\/\",\"name\":\"Victoires pour Diane Parry et Chlo\u00e9 Paquet : les Fran\u00e7aises brillent sur le circuit ITF\",\"isPartOf\":{\"@id\":\"https:\/\/dicodusport.fr\/blog\/#website\"},\"primaryImageOfPage\":{\"@id\":\"https:\/\/dicodusport.fr\/blog\/victoires-pour-diane-parry-et-chloe-paquet-les-francaises-brillent-sur-circuit-itf\/#primaryimage\"},\"image\":{\"@id\":\"https:\/\/dicodusport.fr\/blog\/victoires-pour-diane-parry-et-chloe-paquet-les-francaises-brillent-sur-circuit-itf\/#primaryimage\"},\"thumbnailUrl\":\"https:\/\/dicodusport.fr\/blog\/wp-content\/uploads\/2021\/10\/Victoires-pour-Diane-Parry-et-Chloe-Paquet-les-Francaises-brillent-sur-le-circuit-ITF.png\",\"datePublished\":\"2021-10-24T18:07:25+00:00\",\"description\":\"TENNIS - Ainsi, Diane Parry et Chlo\u00e9 Paquet ont toutes deux remport\u00e9 un tournoi de cat\u00e9gorie W25 ce week-end.\",\"breadcrumb\":{\"@id\":\"https:\/\/dicodusport.fr\/blog\/victoires-pour-diane-parry-et-chloe-paquet-les-francaises-brillent-sur-circuit-itf\/#breadcrumb\"},\"inLanguage\":\"fr-FR\",\"potentialAction\":[{\"@type\":\"ReadAction\",\"target\":[\"https:\/\/dicodusport.fr\/blog\/victoires-pour-diane-parry-et-chloe-paquet-les-francaises-brillent-sur-circuit-itf\/\"]}]},{\"@type\":\"ImageObject\",\"inLanguage\":\"fr-FR\",\"@id\":\"https:\/\/dicodusport.fr\/blog\/victoires-pour-diane-parry-et-chloe-paquet-les-francaises-brillent-sur-circuit-itf\/#primaryimage\",\"url\":\"https:\/\/dicodusport.fr\/blog\/wp-content\/uploads\/2021\/10\/Victoires-pour-Diane-Parry-et-Chloe-Paquet-les-Francaises-brillent-sur-le-circuit-ITF.png\",\"contentUrl\":\"https:\/\/dicodusport.fr\/blog\/wp-content\/uploads\/2021\/10\/Victoires-pour-Diane-Parry-et-Chloe-Paquet-les-Francaises-brillent-sur-le-circuit-ITF.png\",\"width\":800,\"height\":445},{\"@type\":\"BreadcrumbList\",\"@id\":\"https:\/\/dicodusport.fr\/blog\/victoires-pour-diane-parry-et-chloe-paquet-les-francaises-brillent-sur-circuit-itf\/#breadcrumb\",\"itemListElement\":[{\"@type\":\"ListItem\",\"position\":1,\"name\":\"Accueil\",\"item\":\"https:\/\/dicodusport.fr\/blog\/\"},{\"@type\":\"ListItem\",\"position\":2,\"name\":\"Victoires pour Diane Parry et Chlo\u00e9 Paquet : les Fran\u00e7aises brillent sur le circuit ITF\"}]},{\"@type\":\"WebSite\",\"@id\":\"https:\/\/dicodusport.fr\/blog\/#website\",\"url\":\"https:\/\/dicodusport.fr\/blog\/\",\"name\":\"Dicodusport\",\"description\":\"L&#039;encyclop\u00e9die de l&#039;actualit\u00e9 sportive\",\"publisher\":{\"@id\":\"https:\/\/dicodusport.fr\/blog\/#organization\"},\"potentialAction\":[{\"@type\":\"SearchAction\",\"target\":{\"@type\":\"EntryPoint\",\"urlTemplate\":\"https:\/\/dicodusport.fr\/blog\/?s={search_term_string}\"},\"query-input\":{\"@type\":\"PropertyValueSpecification\",\"valueRequired\":true,\"valueName\":\"search_term_string\"}}],\"inLanguage\":\"fr-FR\"},{\"@type\":\"NewsMediaOrganization\",\"@id\":\"https:\/\/dicodusport.fr\/blog\/#organization\",\"name\":\"Dicodusport\",\"url\":\"https:\/\/dicodusport.fr\/blog\/\",\"logo\":{\"@type\":\"ImageObject\",\"inLanguage\":\"fr-FR\",\"@id\":\"https:\/\/dicodusport.fr\/blog\/#\/schema\/logo\/image\/\",\"url\":\"https:\/\/dicodusport.fr\/blog\/wp-content\/uploads\/2020\/06\/cropped-LOGO-DICODUSPORT-2020-SANS-FOND-SANS-TEXTE.png\",\"contentUrl\":\"https:\/\/dicodusport.fr\/blog\/wp-content\/uploads\/2020\/06\/cropped-LOGO-DICODUSPORT-2020-SANS-FOND-SANS-TEXTE.png\",\"width\":512,\"height\":512,\"caption\":\"Dicodusport\"},\"image\":{\"@id\":\"https:\/\/dicodusport.fr\/blog\/#\/schema\/logo\/image\/\"},\"sameAs\":[\"https:\/\/www.facebook.com\/dicodusport\",\"https:\/\/x.com\/dicodusport\",\"https:\/\/www.instagram.com\/dicodusport\/\",\"https:\/\/www.youtube.com\/channel\/UC7V2KZ5sd3htJivAbA4ZG3w\"],\"description\":\"Dicodusport est l'encyclop\u00e9die de l'actualit\u00e9 sportive.\",\"email\":\"bonjour@dicodusport.fr\",\"legalName\":\"DICODUSPORT\",\"foundingDate\":\"2018-01-14\",\"vatID\":\"FR71834470973\",\"taxID\":\"83447097300043\",\"numberOfEmployees\":{\"@type\":\"QuantitativeValue\",\"minValue\":\"1\",\"maxValue\":\"10\"}},{\"@type\":\"Person\",\"@id\":\"https:\/\/dicodusport.fr\/blog\/#\/schema\/person\/627966a6cde45dbd8c5e36ac85d783da\",\"name\":\"S\u00e9bastien Gente\",\"image\":{\"@type\":\"ImageObject\",\"inLanguage\":\"fr-FR\",\"@id\":\"https:\/\/dicodusport.fr\/blog\/#\/schema\/person\/image\/\",\"url\":\"https:\/\/dicodusport.fr\/blog\/wp-content\/uploads\/2021\/09\/1510990_10205810251400683_4124423575079401707_n-150x150.jpg\",\"contentUrl\":\"https:\/\/dicodusport.fr\/blog\/wp-content\/uploads\/2021\/09\/1510990_10205810251400683_4124423575079401707_n-150x150.jpg\",\"caption\":\"S\u00e9bastien Gente\"},\"description\":\"John Stockton, Gianni Bugno, Zinedine Zidane, Steffi Graf, Frode Andresen, St\u00e9phane Stoecklin, Davis Kamoga, Primoz Peterka, Werner Schlager et Aur\u00e9lien Rougerie. Point commun entre ces sportifs? Ils m'ont fait r\u00eaver et ont berc\u00e9 mon adolescence. Je suis un fondu de sports et j'essaie de retranscrire ma passion \u00e0 travers mes articles. Originaire du P\u00e9rigord, ma passion pour les Girondins, les Jaunards et les Jazzmen transpire dans mes \u00e9crits. \u00c0 Dicodusport depuis 2021, je d\u00e9niche les sports m\u00e9connus dans lesquels la France brille, et il y en a !\",\"sameAs\":[\"https:\/\/www.facebook.com\/sebastien.gente\/\",\"https:\/\/www.instagram.com\/sebgente\/\",\"https:\/\/www.linkedin.com\/in\/sbastien-gente-a29583169\/\",\"https:\/\/x.com\/https:\/\/twitter.com\/globulo24\",\"SebastienGente\"],\"worksFor\":\"S\u00e9bastien GENTE\",\"url\":\"https:\/\/dicodusport.fr\/blog\/author\/sebastiengente\/\"}]}<\/script>\n<!-- \/ Yoast SEO Premium plugin. -->","yoast_head_json":{"title":"Victoires pour Diane Parry et Chlo\u00e9 Paquet : les Fran\u00e7aises brillent sur le circuit ITF","description":"TENNIS - Ainsi, Diane Parry et Chlo\u00e9 Paquet ont toutes deux remport\u00e9 un tournoi de cat\u00e9gorie W25 ce week-end.","robots":{"index":"index","follow":"follow","max-snippet":"max-snippet:-1","max-image-preview":"max-image-preview:large","max-video-preview":"max-video-preview:-1"},"canonical":"https:\/\/dicodusport.fr\/blog\/victoires-pour-diane-parry-et-chloe-paquet-les-francaises-brillent-sur-circuit-itf\/","og_locale":"fr_FR","og_type":"article","og_title":"Victoires pour Diane Parry et Chlo\u00e9 Paquet : les Fran\u00e7aises brillent sur le circuit ITF","og_description":"TENNIS - Ainsi, Diane Parry et Chlo\u00e9 Paquet ont toutes deux remport\u00e9 un tournoi de cat\u00e9gorie W25 ce week-end.","og_url":"https:\/\/dicodusport.fr\/blog\/victoires-pour-diane-parry-et-chloe-paquet-les-francaises-brillent-sur-circuit-itf\/","og_site_name":"Dicodusport","article_publisher":"https:\/\/www.facebook.com\/dicodusport","article_author":"https:\/\/www.facebook.com\/sebastien.gente\/","article_published_time":"2021-10-24T18:07:25+00:00","og_image":[{"width":800,"height":445,"url":"https:\/\/dicodusport.fr\/blog\/wp-content\/uploads\/2021\/10\/Victoires-pour-Diane-Parry-et-Chloe-Paquet-les-Francaises-brillent-sur-le-circuit-ITF.png","type":"image\/png"}],"author":"S\u00e9bastien Gente","twitter_card":"summary_large_image","twitter_title":"Victoires pour Diane Parry et Chlo\u00e9 Paquet : les Fran\u00e7aises brillent sur le circuit ITF","twitter_creator":"@https:\/\/twitter.com\/globulo24","twitter_site":"@dicodusport","schema":{"@context":"https:\/\/schema.org","@graph":[{"@type":"NewsArticle","@id":"https:\/\/dicodusport.fr\/blog\/victoires-pour-diane-parry-et-chloe-paquet-les-francaises-brillent-sur-circuit-itf\/#article","isPartOf":{"@id":"https:\/\/dicodusport.fr\/blog\/victoires-pour-diane-parry-et-chloe-paquet-les-francaises-brillent-sur-circuit-itf\/"},"author":{"name":"S\u00e9bastien Gente","@id":"https:\/\/dicodusport.fr\/blog\/#\/schema\/person\/627966a6cde45dbd8c5e36ac85d783da"},"headline":"Victoires pour Diane Parry et Chlo\u00e9 Paquet : les Fran\u00e7aises brillent sur le circuit ITF","datePublished":"2021-10-24T18:07:25+00:00","mainEntityOfPage":{"@id":"https:\/\/dicodusport.fr\/blog\/victoires-pour-diane-parry-et-chloe-paquet-les-francaises-brillent-sur-circuit-itf\/"},"wordCount":902,"commentCount":0,"publisher":{"@id":"https:\/\/dicodusport.fr\/blog\/#organization"},"image":{"@id":"https:\/\/dicodusport.fr\/blog\/victoires-pour-diane-parry-et-chloe-paquet-les-francaises-brillent-sur-circuit-itf\/#primaryimage"},"thumbnailUrl":"https:\/\/dicodusport.fr\/blog\/wp-content\/uploads\/2021\/10\/Victoires-pour-Diane-Parry-et-Chloe-Paquet-les-Francaises-brillent-sur-le-circuit-ITF.png","keywords":["Chlo\u00e9 Paquet","Diane Parry","tennis f\u00e9minin"],"articleSection":["Tennis"],"inLanguage":"fr-FR","potentialAction":[{"@type":"CommentAction","name":"Comment","target":["https:\/\/dicodusport.fr\/blog\/victoires-pour-diane-parry-et-chloe-paquet-les-francaises-brillent-sur-circuit-itf\/#respond"]}],"copyrightYear":"2021","copyrightHolder":{"@id":"https:\/\/dicodusport.fr\/blog\/#organization"}},{"@type":"WebPage","@id":"https:\/\/dicodusport.fr\/blog\/victoires-pour-diane-parry-et-chloe-paquet-les-francaises-brillent-sur-circuit-itf\/","url":"https:\/\/dicodusport.fr\/blog\/victoires-pour-diane-parry-et-chloe-paquet-les-francaises-brillent-sur-circuit-itf\/","name":"Victoires pour Diane Parry et Chlo\u00e9 Paquet : les Fran\u00e7aises brillent sur le circuit ITF","isPartOf":{"@id":"https:\/\/dicodusport.fr\/blog\/#website"},"primaryImageOfPage":{"@id":"https:\/\/dicodusport.fr\/blog\/victoires-pour-diane-parry-et-chloe-paquet-les-francaises-brillent-sur-circuit-itf\/#primaryimage"},"image":{"@id":"https:\/\/dicodusport.fr\/blog\/victoires-pour-diane-parry-et-chloe-paquet-les-francaises-brillent-sur-circuit-itf\/#primaryimage"},"thumbnailUrl":"https:\/\/dicodusport.fr\/blog\/wp-content\/uploads\/2021\/10\/Victoires-pour-Diane-Parry-et-Chloe-Paquet-les-Francaises-brillent-sur-le-circuit-ITF.png","datePublished":"2021-10-24T18:07:25+00:00","description":"TENNIS - Ainsi, Diane Parry et Chlo\u00e9 Paquet ont toutes deux remport\u00e9 un tournoi de cat\u00e9gorie W25 ce week-end.","breadcrumb":{"@id":"https:\/\/dicodusport.fr\/blog\/victoires-pour-diane-parry-et-chloe-paquet-les-francaises-brillent-sur-circuit-itf\/#breadcrumb"},"inLanguage":"fr-FR","potentialAction":[{"@type":"ReadAction","target":["https:\/\/dicodusport.fr\/blog\/victoires-pour-diane-parry-et-chloe-paquet-les-francaises-brillent-sur-circuit-itf\/"]}]},{"@type":"ImageObject","inLanguage":"fr-FR","@id":"https:\/\/dicodusport.fr\/blog\/victoires-pour-diane-parry-et-chloe-paquet-les-francaises-brillent-sur-circuit-itf\/#primaryimage","url":"https:\/\/dicodusport.fr\/blog\/wp-content\/uploads\/2021\/10\/Victoires-pour-Diane-Parry-et-Chloe-Paquet-les-Francaises-brillent-sur-le-circuit-ITF.png","contentUrl":"https:\/\/dicodusport.fr\/blog\/wp-content\/uploads\/2021\/10\/Victoires-pour-Diane-Parry-et-Chloe-Paquet-les-Francaises-brillent-sur-le-circuit-ITF.png","width":800,"height":445},{"@type":"BreadcrumbList","@id":"https:\/\/dicodusport.fr\/blog\/victoires-pour-diane-parry-et-chloe-paquet-les-francaises-brillent-sur-circuit-itf\/#breadcrumb","itemListElement":[{"@type":"ListItem","position":1,"name":"Accueil","item":"https:\/\/dicodusport.fr\/blog\/"},{"@type":"ListItem","position":2,"name":"Victoires pour Diane Parry et Chlo\u00e9 Paquet : les Fran\u00e7aises brillent sur le circuit ITF"}]},{"@type":"WebSite","@id":"https:\/\/dicodusport.fr\/blog\/#website","url":"https:\/\/dicodusport.fr\/blog\/","name":"Dicodusport","description":"L&#039;encyclop\u00e9die de l&#039;actualit\u00e9 sportive","publisher":{"@id":"https:\/\/dicodusport.fr\/blog\/#organization"},"potentialAction":[{"@type":"SearchAction","target":{"@type":"EntryPoint","urlTemplate":"https:\/\/dicodusport.fr\/blog\/?s={search_term_string}"},"query-input":{"@type":"PropertyValueSpecification","valueRequired":true,"valueName":"search_term_string"}}],"inLanguage":"fr-FR"},{"@type":"NewsMediaOrganization","@id":"https:\/\/dicodusport.fr\/blog\/#organization","name":"Dicodusport","url":"https:\/\/dicodusport.fr\/blog\/","logo":{"@type":"ImageObject","inLanguage":"fr-FR","@id":"https:\/\/dicodusport.fr\/blog\/#\/schema\/logo\/image\/","url":"https:\/\/dicodusport.fr\/blog\/wp-content\/uploads\/2020\/06\/cropped-LOGO-DICODUSPORT-2020-SANS-FOND-SANS-TEXTE.png","contentUrl":"https:\/\/dicodusport.fr\/blog\/wp-content\/uploads\/2020\/06\/cropped-LOGO-DICODUSPORT-2020-SANS-FOND-SANS-TEXTE.png","width":512,"height":512,"caption":"Dicodusport"},"image":{"@id":"https:\/\/dicodusport.fr\/blog\/#\/schema\/logo\/image\/"},"sameAs":["https:\/\/www.facebook.com\/dicodusport","https:\/\/x.com\/dicodusport","https:\/\/www.instagram.com\/dicodusport\/","https:\/\/www.youtube.com\/channel\/UC7V2KZ5sd3htJivAbA4ZG3w"],"description":"Dicodusport est l'encyclop\u00e9die de l'actualit\u00e9 sportive.","email":"bonjour@dicodusport.fr","legalName":"DICODUSPORT","foundingDate":"2018-01-14","vatID":"FR71834470973","taxID":"83447097300043","numberOfEmployees":{"@type":"QuantitativeValue","minValue":"1","maxValue":"10"}},{"@type":"Person","@id":"https:\/\/dicodusport.fr\/blog\/#\/schema\/person\/627966a6cde45dbd8c5e36ac85d783da","name":"S\u00e9bastien Gente","image":{"@type":"ImageObject","inLanguage":"fr-FR","@id":"https:\/\/dicodusport.fr\/blog\/#\/schema\/person\/image\/","url":"https:\/\/dicodusport.fr\/blog\/wp-content\/uploads\/2021\/09\/1510990_10205810251400683_4124423575079401707_n-150x150.jpg","contentUrl":"https:\/\/dicodusport.fr\/blog\/wp-content\/uploads\/2021\/09\/1510990_10205810251400683_4124423575079401707_n-150x150.jpg","caption":"S\u00e9bastien Gente"},"description":"John Stockton, Gianni Bugno, Zinedine Zidane, Steffi Graf, Frode Andresen, St\u00e9phane Stoecklin, Davis Kamoga, Primoz Peterka, Werner Schlager et Aur\u00e9lien Rougerie. Point commun entre ces sportifs? Ils m'ont fait r\u00eaver et ont berc\u00e9 mon adolescence. Je suis un fondu de sports et j'essaie de retranscrire ma passion \u00e0 travers mes articles. Originaire du P\u00e9rigord, ma passion pour les Girondins, les Jaunards et les Jazzmen transpire dans mes \u00e9crits. \u00c0 Dicodusport depuis 2021, je d\u00e9niche les sports m\u00e9connus dans lesquels la France brille, et il y en a !","sameAs":["https:\/\/www.facebook.com\/sebastien.gente\/","https:\/\/www.instagram.com\/sebgente\/","https:\/\/www.linkedin.com\/in\/sbastien-gente-a29583169\/","https:\/\/x.com\/https:\/\/twitter.com\/globulo24","SebastienGente"],"worksFor":"S\u00e9bastien GENTE","url":"https:\/\/dicodusport.fr\/blog\/author\/sebastiengente\/"}]}},"_links":{"self":[{"href":"https:\/\/dicodusport.fr\/blog\/wp-json\/wp\/v2\/posts\/175799","targetHints":{"allow":["GET"]}}],"collection":[{"href":"https:\/\/dicodusport.fr\/blog\/wp-json\/wp\/v2\/posts"}],"about":[{"href":"https:\/\/dicodusport.fr\/blog\/wp-json\/wp\/v2\/types\/post"}],"author":[{"embeddable":true,"href":"https:\/\/dicodusport.fr\/blog\/wp-json\/wp\/v2\/users\/59"}],"replies":[{"embeddable":true,"href":"https:\/\/dicodusport.fr\/blog\/wp-json\/wp\/v2\/comments?post=175799"}],"version-history":[{"count":0,"href":"https:\/\/dicodusport.fr\/blog\/wp-json\/wp\/v2\/posts\/175799\/revisions"}],"wp:featuredmedia":[{"embeddable":true,"href":"https:\/\/dicodusport.fr\/blog\/wp-json\/wp\/v2\/media\/175812"}],"wp:attachment":[{"href":"https:\/\/dicodusport.fr\/blog\/wp-json\/wp\/v2\/media?parent=175799"}],"wp:term":[{"taxonomy":"category","embeddable":true,"href":"https:\/\/dicodusport.fr\/blog\/wp-json\/wp\/v2\/categories?post=175799"},{"taxonomy":"post_tag","embeddable":true,"href":"https:\/\/dicodusport.fr\/blog\/wp-json\/wp\/v2\/tags?post=175799"}],"curies":[{"name":"wp","href":"https:\/\/api.w.org\/{rel}","templated":true}]}}