{"id":175926,"date":"2021-10-25T14:11:48","date_gmt":"2021-10-25T12:11:48","guid":{"rendered":"https:\/\/dicodusport.fr\/blog\/?p=175926&#038;preview=true&#038;preview_id=175926"},"modified":"2022-08-25T20:54:50","modified_gmt":"2022-08-25T18:54:50","slug":"etre-champion-du-monde-a-domicile-l-objectif-de-caleb-ewan-en-2022","status":"publish","type":"post","link":"https:\/\/dicodusport.fr\/blog\/etre-champion-du-monde-a-domicile-l-objectif-de-caleb-ewan-en-2022\/","title":{"rendered":"\u00catre champion du monde \u00e0 domicile, l&rsquo;objectif de Caleb Ewan en 2022"},"content":{"rendered":"<p style=\"text-align: justify;\"><strong><em>CYCLISME &#8211; Apr\u00e8s avoir \u00e9chou\u00e9 sur son objectif de la saison 2021, qui \u00e9tait de remporter une \u00e9tape sur les trois grands tours, Caleb Ewan (Lotto-Soudal) se fixe de nouveaux objectifs pour 2022. Son objectif num\u00e9ro 1 sera d&rsquo;\u00eatre sacr\u00e9 champion du monde \u00e0 domicile, puisque les mondiaux de cyclisme en 2022 auront lieu \u00e0 Wollongong, en Australie.\u00a0<\/em><\/strong><\/p>\n<p style=\"text-align: justify;\">On a encore tous en t\u00eate l&rsquo;image de <strong>Caleb Ewan<\/strong> au sol sur le <strong>Tour de France<\/strong>. <a href=\"https:\/\/dicodusport.fr\/blog\/tour-de-france-2021-tim-merlier-simpose-au-sprint-sur-la-3eme-etape\/\">Lors de la troisi\u00e8me \u00e9tape qui arrivait \u00e0 Pontivy<\/a>, le sprinteur de la Lotto-Soudal \u00e9tait bien plac\u00e9 en t\u00eate pour aborder le sprint final. Sauf qu&rsquo;\u00e0 environ 200m de la ligne, il a touch\u00e9 la roue de <strong>Tim Merlier<\/strong> et a chut\u00e9 lourdement, entra\u00eenant Peter Sagan avec lui dans sa chute. Apr\u00e8s cette \u00e9tape, l&rsquo;Australien a d\u00fb abandonner car il souffrait d&rsquo;une fracture de la clavicule. Il avait pour <strong>objectif sur cette saison 2021 de devenir le premier cycliste depuis 2003 et un certain Alessandro Petacchi \u00e0 remporter une \u00e9tape sur chacun des trois grands tours la m\u00eame ann\u00e9e<\/strong>.<\/p>\n<p style=\"text-align: justify;\">Cela avait parfaitement commenc\u00e9 car au <strong>Giro<\/strong>, <strong>Caleb Ewan<\/strong> avait remport\u00e9 deux \u00e9tapes au sprint, \u00e0 Catollica et Termoli. Au Tour de France, l&rsquo;\u00e9quipe \u00e9tait organis\u00e9e autour de lui, afin de continuer \u00e0 r\u00eaver un peu plus pour atteindre l&rsquo;objectif qu&rsquo;il s&rsquo;\u00e9tait fix\u00e9. Apr\u00e8s sa chute, qui l&rsquo;a \u00e9cart\u00e9 des routes pendant une tr\u00e8s longue p\u00e9riode, il n&rsquo;a pas pu participer \u00e0 la Vuelta. Il a repris en fin de saison o\u00f9 il a remport\u00e9 la 5\u00e8me \u00e9tape du Tour du Benelux. Il a \u00e9galement particip\u00e9 aux Mondiaux sur route \u00e0 Louvain, mais le parcours ne convenait pas \u00e0 ses capacit\u00e9s, et n&rsquo;a pas \u00e9t\u00e9 pr\u00e9sent dans le final.<\/p>\n<blockquote class=\"twitter-tweet\">\n<p dir=\"ltr\" lang=\"fr\">Tim Merlier remporte la 3e \u00e9tape au sprint \u00e0 Pontivy, o\u00f9 Caleb Ewan a lourdement chut\u00e9 \u00e0 quelques m\u00e8tres de l&rsquo;arriv\u00e9e !<\/p>\n<p>Suivez le Tour de France sur Eurosport et <a href=\"https:\/\/t.co\/7qbNJch1A0\">https:\/\/t.co\/7qbNJch1A0<\/a> <a href=\"https:\/\/t.co\/bYXzz6EZ6H\">pic.twitter.com\/bYXzz6EZ6H<\/a><\/p>\n<p>\u2014 Eurosport France (@Eurosport_FR) <a href=\"https:\/\/twitter.com\/Eurosport_FR\/status\/1409534993022566405?ref_src=twsrc%5Etfw\">June 28, 2021<\/a><\/p><\/blockquote>\n<p><script async src=\"https:\/\/platform.twitter.com\/widgets.js\" charset=\"utf-8\"><\/script><\/p>\n<h2 style=\"text-align: justify;\">De nouveaux objectifs pour 2022<\/h2>\n<p style=\"text-align: justify;\">Aupr\u00e8s du m\u00e9dia n\u00e9erlandais <em>WielerFlits<\/em>, l&rsquo;Australien a d\u00e9voil\u00e9 ses objectifs pour 2022. <em>\u00ab<\/em> <em>Les championnats du Monde auront lieu \u00e0 Wollongong en Australie l&rsquo;ann\u00e9e prochaine. Je sais que je peux gagner l\u00e0-bas car je serais \u00e0 <\/em><i>domicile \u00bb<\/i>, a d\u00e9clar\u00e9 <strong>Caleb Ewan<\/strong>. <em>\u00ab<\/em> <em>Dans la seconde moiti\u00e9 de ma saison, je me concentrerai principalement sur cette course. La Vuelta ne sera probablement pas la meilleure pr\u00e9paration pour cela. Mon programme n&rsquo;est pas encore fix\u00e9, mais pour l&rsquo;instant je ne pense pas que cette course fera partie de mes pr\u00e9parations pour cet objectif <i>\u00bb. <\/i><\/em>\u00c0 ce jour, le parcours n&rsquo;a pas encore \u00e9t\u00e9 d\u00e9voil\u00e9 par les organisateurs, mais on peut penser que celui-ci devrait convenir aux capacit\u00e9s de l&rsquo;Australien.<\/p>\n<p style=\"text-align: justify;\"><strong>Deuxi\u00e8me de Milan &#8211; San Remo en 2021<\/strong>, derri\u00e8re Jasper Stuyven au printemps dernier, le sprinteur de la Lotto-Soudal visera \u00e9galement cette course dans son calendrier. <em>\u00ab<\/em>\u00a0<em>Bien s\u00fbr, il y a des courses o\u00f9 je veux performer en d\u00e9but de saison, mais le grand objectif est Milan-San Remo. C&rsquo;est le seul Monument que je peux gagner donc c&rsquo;est logique pour moi d&rsquo;y aller. Comme je l&rsquo;ai montr\u00e9 dans les \u00e9ditions pr\u00e9c\u00e9dentes et cette ann\u00e9e, c&rsquo;est d\u00e9finitivement une course que je peux gagner car j&rsquo;ai appris \u00e0 passer le Poggio<\/em>. \u00bb<\/p>\n<p style=\"text-align: justify;\">Son train de sprint sera peut \u00eatre plus fort cette saison, puisque la formation belge a notamment recrut\u00e9 <strong>Rudiger Selig <\/strong>et<strong> Victor Campenaerts<\/strong>. Auteur de six victoires en 2021, <strong>Caleb Ewan<\/strong> esp\u00e8re faire mieux en 2022, avec l&rsquo;objectif de porter le maillot arc-en-ciel en 2023.<\/p>\n<blockquote class=\"twitter-tweet\">\n<p dir=\"ltr\" lang=\"en\">Caleb Ewan takes aim at Wollongong Worlds in 2022 <a href=\"https:\/\/t.co\/wHc00IPaH1\">https:\/\/t.co\/wHc00IPaH1<\/a> <a href=\"https:\/\/t.co\/8VKxogwkF6\">pic.twitter.com\/8VKxogwkF6<\/a><\/p>\n<p>\u2014 Cycle Sport (@CycleSportMag) <a href=\"https:\/\/twitter.com\/CycleSportMag\/status\/1452210418764681217?ref_src=twsrc%5Etfw\">October 24, 2021<\/a><\/p><\/blockquote>\n<p><script async src=\"https:\/\/platform.twitter.com\/widgets.js\" charset=\"utf-8\"><\/script><\/p>\n","protected":false},"excerpt":{"rendered":"<p>CYCLISME &#8211; Apr\u00e8s avoir \u00e9chou\u00e9 sur son objectif de la saison 2021, qui \u00e9tait de remporter une \u00e9tape sur les trois grands tours, Caleb Ewan (Lotto-Soudal) se fixe de nouveaux objectifs pour 2022. Son objectif num\u00e9ro 1 sera d&rsquo;\u00eatre sacr\u00e9 champion du monde \u00e0 domicile, puisque les mondiaux de cyclisme en 2022 auront lieu \u00e0 Wollongong, en Australie.\u00a0<\/p>\n","protected":false},"author":42,"featured_media":175951,"comment_status":"open","ping_status":"closed","sticky":false,"template":"","format":"standard","meta":{"_acf_changed":false,"_daextam_enable_autolinks":"","footnotes":""},"categories":[2307,46994],"tags":[7060],"class_list":["post-175926","post","type-post","status-publish","format-standard","has-post-thumbnail","hentry","category-cyclisme","category-cyclisme-sur-route","tag-caleb-ewan"],"acf":[],"yoast_head":"<!-- This site is optimized with the Yoast SEO Premium plugin v26.7 (Yoast SEO v26.7) - https:\/\/yoast.com\/wordpress\/plugins\/seo\/ -->\n<title>\u00catre champion du monde \u00e0 domicile, l&#039;objectif de Caleb Ewan en 2022<\/title>\n<meta name=\"description\" content=\"Apr\u00e8s une saison 2021 contrari\u00e9e par les blessures, le sprinteur australien Caleb Ewan veut devenir champion du monde en 2022, \u00e0 domicile.\" \/>\n<meta name=\"robots\" content=\"index, follow, max-snippet:-1, max-image-preview:large, max-video-preview:-1\" \/>\n<link rel=\"canonical\" href=\"https:\/\/dicodusport.fr\/blog\/etre-champion-du-monde-a-domicile-l-objectif-de-caleb-ewan-en-2022\/\" \/>\n<meta property=\"og:locale\" content=\"fr_FR\" \/>\n<meta property=\"og:type\" content=\"article\" \/>\n<meta property=\"og:title\" content=\"\u00catre champion du monde \u00e0 domicile, l&#039;objectif de Caleb Ewan en 2022\" \/>\n<meta property=\"og:description\" content=\"Apr\u00e8s une saison 2021 contrari\u00e9e par les blessures, le sprinteur australien Caleb Ewan veut devenir champion du monde en 2022, \u00e0 domicile.\" \/>\n<meta property=\"og:url\" content=\"https:\/\/dicodusport.fr\/blog\/etre-champion-du-monde-a-domicile-l-objectif-de-caleb-ewan-en-2022\/\" \/>\n<meta property=\"og:site_name\" content=\"Dicodusport\" \/>\n<meta property=\"article:publisher\" content=\"https:\/\/www.facebook.com\/dicodusport\" \/>\n<meta property=\"article:published_time\" content=\"2021-10-25T12:11:48+00:00\" \/>\n<meta property=\"article:modified_time\" content=\"2022-08-25T18:54:50+00:00\" \/>\n<meta property=\"og:image\" content=\"https:\/\/dicodusport.fr\/blog\/wp-content\/uploads\/2021\/10\/Etre-champion-du-monde-a-domicile-lobjectif-de-Caleb-Ewan-en-2022.png\" \/>\n\t<meta property=\"og:image:width\" content=\"800\" \/>\n\t<meta property=\"og:image:height\" content=\"445\" \/>\n\t<meta property=\"og:image:type\" content=\"image\/png\" \/>\n<meta name=\"author\" content=\"Nicolas Mezine\" \/>\n<meta name=\"twitter:card\" content=\"summary_large_image\" \/>\n<meta name=\"twitter:title\" content=\"\u00catre champion du monde \u00e0 domicile, l&#039;objectif de Caleb Ewan en 2022\" \/>\n<meta name=\"twitter:creator\" content=\"@https:\/\/twitter.com\/Lbiji13\" \/>\n<meta name=\"twitter:site\" content=\"@dicodusport\" \/>\n<script type=\"application\/ld+json\" class=\"yoast-schema-graph\">{\"@context\":\"https:\/\/schema.org\",\"@graph\":[{\"@type\":\"NewsArticle\",\"@id\":\"https:\/\/dicodusport.fr\/blog\/etre-champion-du-monde-a-domicile-l-objectif-de-caleb-ewan-en-2022\/#article\",\"isPartOf\":{\"@id\":\"https:\/\/dicodusport.fr\/blog\/etre-champion-du-monde-a-domicile-l-objectif-de-caleb-ewan-en-2022\/\"},\"author\":{\"name\":\"Nicolas Mezine\",\"@id\":\"https:\/\/dicodusport.fr\/blog\/#\/schema\/person\/99fcf31b3ee0d51fed53ade78139bbbf\"},\"headline\":\"\u00catre champion du monde \u00e0 domicile, l&rsquo;objectif de Caleb Ewan en 2022\",\"datePublished\":\"2021-10-25T12:11:48+00:00\",\"dateModified\":\"2022-08-25T18:54:50+00:00\",\"mainEntityOfPage\":{\"@id\":\"https:\/\/dicodusport.fr\/blog\/etre-champion-du-monde-a-domicile-l-objectif-de-caleb-ewan-en-2022\/\"},\"wordCount\":649,\"commentCount\":0,\"publisher\":{\"@id\":\"https:\/\/dicodusport.fr\/blog\/#organization\"},\"image\":{\"@id\":\"https:\/\/dicodusport.fr\/blog\/etre-champion-du-monde-a-domicile-l-objectif-de-caleb-ewan-en-2022\/#primaryimage\"},\"thumbnailUrl\":\"https:\/\/dicodusport.fr\/blog\/wp-content\/uploads\/2021\/10\/Etre-champion-du-monde-a-domicile-lobjectif-de-Caleb-Ewan-en-2022.png\",\"keywords\":[\"Caleb Ewan\"],\"articleSection\":[\"Cyclisme\",\"Cyclisme sur route\"],\"inLanguage\":\"fr-FR\",\"potentialAction\":[{\"@type\":\"CommentAction\",\"name\":\"Comment\",\"target\":[\"https:\/\/dicodusport.fr\/blog\/etre-champion-du-monde-a-domicile-l-objectif-de-caleb-ewan-en-2022\/#respond\"]}],\"copyrightYear\":\"2021\",\"copyrightHolder\":{\"@id\":\"https:\/\/dicodusport.fr\/blog\/#organization\"}},{\"@type\":\"WebPage\",\"@id\":\"https:\/\/dicodusport.fr\/blog\/etre-champion-du-monde-a-domicile-l-objectif-de-caleb-ewan-en-2022\/\",\"url\":\"https:\/\/dicodusport.fr\/blog\/etre-champion-du-monde-a-domicile-l-objectif-de-caleb-ewan-en-2022\/\",\"name\":\"\u00catre champion du monde \u00e0 domicile, l'objectif de Caleb Ewan en 2022\",\"isPartOf\":{\"@id\":\"https:\/\/dicodusport.fr\/blog\/#website\"},\"primaryImageOfPage\":{\"@id\":\"https:\/\/dicodusport.fr\/blog\/etre-champion-du-monde-a-domicile-l-objectif-de-caleb-ewan-en-2022\/#primaryimage\"},\"image\":{\"@id\":\"https:\/\/dicodusport.fr\/blog\/etre-champion-du-monde-a-domicile-l-objectif-de-caleb-ewan-en-2022\/#primaryimage\"},\"thumbnailUrl\":\"https:\/\/dicodusport.fr\/blog\/wp-content\/uploads\/2021\/10\/Etre-champion-du-monde-a-domicile-lobjectif-de-Caleb-Ewan-en-2022.png\",\"datePublished\":\"2021-10-25T12:11:48+00:00\",\"dateModified\":\"2022-08-25T18:54:50+00:00\",\"description\":\"Apr\u00e8s une saison 2021 contrari\u00e9e par les blessures, le sprinteur australien Caleb Ewan veut devenir champion du monde en 2022, \u00e0 domicile.\",\"breadcrumb\":{\"@id\":\"https:\/\/dicodusport.fr\/blog\/etre-champion-du-monde-a-domicile-l-objectif-de-caleb-ewan-en-2022\/#breadcrumb\"},\"inLanguage\":\"fr-FR\",\"potentialAction\":[{\"@type\":\"ReadAction\",\"target\":[\"https:\/\/dicodusport.fr\/blog\/etre-champion-du-monde-a-domicile-l-objectif-de-caleb-ewan-en-2022\/\"]}]},{\"@type\":\"ImageObject\",\"inLanguage\":\"fr-FR\",\"@id\":\"https:\/\/dicodusport.fr\/blog\/etre-champion-du-monde-a-domicile-l-objectif-de-caleb-ewan-en-2022\/#primaryimage\",\"url\":\"https:\/\/dicodusport.fr\/blog\/wp-content\/uploads\/2021\/10\/Etre-champion-du-monde-a-domicile-lobjectif-de-Caleb-Ewan-en-2022.png\",\"contentUrl\":\"https:\/\/dicodusport.fr\/blog\/wp-content\/uploads\/2021\/10\/Etre-champion-du-monde-a-domicile-lobjectif-de-Caleb-Ewan-en-2022.png\",\"width\":800,\"height\":445,\"caption\":\"\u00catre champion du monde \u00e0 domicile, l'objectif de Caleb Ewan en 2022\"},{\"@type\":\"BreadcrumbList\",\"@id\":\"https:\/\/dicodusport.fr\/blog\/etre-champion-du-monde-a-domicile-l-objectif-de-caleb-ewan-en-2022\/#breadcrumb\",\"itemListElement\":[{\"@type\":\"ListItem\",\"position\":1,\"name\":\"Accueil\",\"item\":\"https:\/\/dicodusport.fr\/blog\/\"},{\"@type\":\"ListItem\",\"position\":2,\"name\":\"\u00catre champion du monde \u00e0 domicile, l&rsquo;objectif de Caleb Ewan en 2022\"}]},{\"@type\":\"WebSite\",\"@id\":\"https:\/\/dicodusport.fr\/blog\/#website\",\"url\":\"https:\/\/dicodusport.fr\/blog\/\",\"name\":\"Dicodusport\",\"description\":\"L&#039;encyclop\u00e9die de l&#039;actualit\u00e9 sportive\",\"publisher\":{\"@id\":\"https:\/\/dicodusport.fr\/blog\/#organization\"},\"potentialAction\":[{\"@type\":\"SearchAction\",\"target\":{\"@type\":\"EntryPoint\",\"urlTemplate\":\"https:\/\/dicodusport.fr\/blog\/?s={search_term_string}\"},\"query-input\":{\"@type\":\"PropertyValueSpecification\",\"valueRequired\":true,\"valueName\":\"search_term_string\"}}],\"inLanguage\":\"fr-FR\"},{\"@type\":\"NewsMediaOrganization\",\"@id\":\"https:\/\/dicodusport.fr\/blog\/#organization\",\"name\":\"Dicodusport\",\"url\":\"https:\/\/dicodusport.fr\/blog\/\",\"logo\":{\"@type\":\"ImageObject\",\"inLanguage\":\"fr-FR\",\"@id\":\"https:\/\/dicodusport.fr\/blog\/#\/schema\/logo\/image\/\",\"url\":\"https:\/\/dicodusport.fr\/blog\/wp-content\/uploads\/2020\/06\/cropped-LOGO-DICODUSPORT-2020-SANS-FOND-SANS-TEXTE.png\",\"contentUrl\":\"https:\/\/dicodusport.fr\/blog\/wp-content\/uploads\/2020\/06\/cropped-LOGO-DICODUSPORT-2020-SANS-FOND-SANS-TEXTE.png\",\"width\":512,\"height\":512,\"caption\":\"Dicodusport\"},\"image\":{\"@id\":\"https:\/\/dicodusport.fr\/blog\/#\/schema\/logo\/image\/\"},\"sameAs\":[\"https:\/\/www.facebook.com\/dicodusport\",\"https:\/\/x.com\/dicodusport\",\"https:\/\/www.instagram.com\/dicodusport\/\",\"https:\/\/www.youtube.com\/channel\/UC7V2KZ5sd3htJivAbA4ZG3w\"],\"description\":\"Dicodusport est l'encyclop\u00e9die de l'actualit\u00e9 sportive.\",\"email\":\"bonjour@dicodusport.fr\",\"legalName\":\"DICODUSPORT\",\"foundingDate\":\"2018-01-14\",\"vatID\":\"FR71834470973\",\"taxID\":\"83447097300043\",\"numberOfEmployees\":{\"@type\":\"QuantitativeValue\",\"minValue\":\"1\",\"maxValue\":\"10\"}},{\"@type\":\"Person\",\"@id\":\"https:\/\/dicodusport.fr\/blog\/#\/schema\/person\/99fcf31b3ee0d51fed53ade78139bbbf\",\"name\":\"Nicolas Mezine\",\"image\":{\"@type\":\"ImageObject\",\"inLanguage\":\"fr-FR\",\"@id\":\"https:\/\/dicodusport.fr\/blog\/#\/schema\/person\/image\/\",\"url\":\"https:\/\/dicodusport.fr\/blog\/wp-content\/uploads\/2021\/09\/IMG_4655-e1631787111223-150x150.jpg\",\"contentUrl\":\"https:\/\/dicodusport.fr\/blog\/wp-content\/uploads\/2021\/09\/IMG_4655-e1631787111223-150x150.jpg\",\"caption\":\"Nicolas Mezine\"},\"description\":\"Passionn\u00e9 de sport, notamment de rugby dans toutes ses variantes (XV, XIII et VII). Fan du RC Toulon et de l'Olympique de Marseille.\",\"sameAs\":[\"https:\/\/www.linkedin.com\/in\/nicolas-mezine-521380160\/\",\"https:\/\/x.com\/https:\/\/twitter.com\/Lbiji13\"],\"url\":\"https:\/\/dicodusport.fr\/blog\/author\/nicolas-m\/\"}]}<\/script>\n<!-- \/ Yoast SEO Premium plugin. -->","yoast_head_json":{"title":"\u00catre champion du monde \u00e0 domicile, l'objectif de Caleb Ewan en 2022","description":"Apr\u00e8s une saison 2021 contrari\u00e9e par les blessures, le sprinteur australien Caleb Ewan veut devenir champion du monde en 2022, \u00e0 domicile.","robots":{"index":"index","follow":"follow","max-snippet":"max-snippet:-1","max-image-preview":"max-image-preview:large","max-video-preview":"max-video-preview:-1"},"canonical":"https:\/\/dicodusport.fr\/blog\/etre-champion-du-monde-a-domicile-l-objectif-de-caleb-ewan-en-2022\/","og_locale":"fr_FR","og_type":"article","og_title":"\u00catre champion du monde \u00e0 domicile, l'objectif de Caleb Ewan en 2022","og_description":"Apr\u00e8s une saison 2021 contrari\u00e9e par les blessures, le sprinteur australien Caleb Ewan veut devenir champion du monde en 2022, \u00e0 domicile.","og_url":"https:\/\/dicodusport.fr\/blog\/etre-champion-du-monde-a-domicile-l-objectif-de-caleb-ewan-en-2022\/","og_site_name":"Dicodusport","article_publisher":"https:\/\/www.facebook.com\/dicodusport","article_published_time":"2021-10-25T12:11:48+00:00","article_modified_time":"2022-08-25T18:54:50+00:00","og_image":[{"width":800,"height":445,"url":"https:\/\/dicodusport.fr\/blog\/wp-content\/uploads\/2021\/10\/Etre-champion-du-monde-a-domicile-lobjectif-de-Caleb-Ewan-en-2022.png","type":"image\/png"}],"author":"Nicolas Mezine","twitter_card":"summary_large_image","twitter_title":"\u00catre champion du monde \u00e0 domicile, l'objectif de Caleb Ewan en 2022","twitter_creator":"@https:\/\/twitter.com\/Lbiji13","twitter_site":"@dicodusport","schema":{"@context":"https:\/\/schema.org","@graph":[{"@type":"NewsArticle","@id":"https:\/\/dicodusport.fr\/blog\/etre-champion-du-monde-a-domicile-l-objectif-de-caleb-ewan-en-2022\/#article","isPartOf":{"@id":"https:\/\/dicodusport.fr\/blog\/etre-champion-du-monde-a-domicile-l-objectif-de-caleb-ewan-en-2022\/"},"author":{"name":"Nicolas Mezine","@id":"https:\/\/dicodusport.fr\/blog\/#\/schema\/person\/99fcf31b3ee0d51fed53ade78139bbbf"},"headline":"\u00catre champion du monde \u00e0 domicile, l&rsquo;objectif de Caleb Ewan en 2022","datePublished":"2021-10-25T12:11:48+00:00","dateModified":"2022-08-25T18:54:50+00:00","mainEntityOfPage":{"@id":"https:\/\/dicodusport.fr\/blog\/etre-champion-du-monde-a-domicile-l-objectif-de-caleb-ewan-en-2022\/"},"wordCount":649,"commentCount":0,"publisher":{"@id":"https:\/\/dicodusport.fr\/blog\/#organization"},"image":{"@id":"https:\/\/dicodusport.fr\/blog\/etre-champion-du-monde-a-domicile-l-objectif-de-caleb-ewan-en-2022\/#primaryimage"},"thumbnailUrl":"https:\/\/dicodusport.fr\/blog\/wp-content\/uploads\/2021\/10\/Etre-champion-du-monde-a-domicile-lobjectif-de-Caleb-Ewan-en-2022.png","keywords":["Caleb Ewan"],"articleSection":["Cyclisme","Cyclisme sur route"],"inLanguage":"fr-FR","potentialAction":[{"@type":"CommentAction","name":"Comment","target":["https:\/\/dicodusport.fr\/blog\/etre-champion-du-monde-a-domicile-l-objectif-de-caleb-ewan-en-2022\/#respond"]}],"copyrightYear":"2021","copyrightHolder":{"@id":"https:\/\/dicodusport.fr\/blog\/#organization"}},{"@type":"WebPage","@id":"https:\/\/dicodusport.fr\/blog\/etre-champion-du-monde-a-domicile-l-objectif-de-caleb-ewan-en-2022\/","url":"https:\/\/dicodusport.fr\/blog\/etre-champion-du-monde-a-domicile-l-objectif-de-caleb-ewan-en-2022\/","name":"\u00catre champion du monde \u00e0 domicile, l'objectif de Caleb Ewan en 2022","isPartOf":{"@id":"https:\/\/dicodusport.fr\/blog\/#website"},"primaryImageOfPage":{"@id":"https:\/\/dicodusport.fr\/blog\/etre-champion-du-monde-a-domicile-l-objectif-de-caleb-ewan-en-2022\/#primaryimage"},"image":{"@id":"https:\/\/dicodusport.fr\/blog\/etre-champion-du-monde-a-domicile-l-objectif-de-caleb-ewan-en-2022\/#primaryimage"},"thumbnailUrl":"https:\/\/dicodusport.fr\/blog\/wp-content\/uploads\/2021\/10\/Etre-champion-du-monde-a-domicile-lobjectif-de-Caleb-Ewan-en-2022.png","datePublished":"2021-10-25T12:11:48+00:00","dateModified":"2022-08-25T18:54:50+00:00","description":"Apr\u00e8s une saison 2021 contrari\u00e9e par les blessures, le sprinteur australien Caleb Ewan veut devenir champion du monde en 2022, \u00e0 domicile.","breadcrumb":{"@id":"https:\/\/dicodusport.fr\/blog\/etre-champion-du-monde-a-domicile-l-objectif-de-caleb-ewan-en-2022\/#breadcrumb"},"inLanguage":"fr-FR","potentialAction":[{"@type":"ReadAction","target":["https:\/\/dicodusport.fr\/blog\/etre-champion-du-monde-a-domicile-l-objectif-de-caleb-ewan-en-2022\/"]}]},{"@type":"ImageObject","inLanguage":"fr-FR","@id":"https:\/\/dicodusport.fr\/blog\/etre-champion-du-monde-a-domicile-l-objectif-de-caleb-ewan-en-2022\/#primaryimage","url":"https:\/\/dicodusport.fr\/blog\/wp-content\/uploads\/2021\/10\/Etre-champion-du-monde-a-domicile-lobjectif-de-Caleb-Ewan-en-2022.png","contentUrl":"https:\/\/dicodusport.fr\/blog\/wp-content\/uploads\/2021\/10\/Etre-champion-du-monde-a-domicile-lobjectif-de-Caleb-Ewan-en-2022.png","width":800,"height":445,"caption":"\u00catre champion du monde \u00e0 domicile, l'objectif de Caleb Ewan en 2022"},{"@type":"BreadcrumbList","@id":"https:\/\/dicodusport.fr\/blog\/etre-champion-du-monde-a-domicile-l-objectif-de-caleb-ewan-en-2022\/#breadcrumb","itemListElement":[{"@type":"ListItem","position":1,"name":"Accueil","item":"https:\/\/dicodusport.fr\/blog\/"},{"@type":"ListItem","position":2,"name":"\u00catre champion du monde \u00e0 domicile, l&rsquo;objectif de Caleb Ewan en 2022"}]},{"@type":"WebSite","@id":"https:\/\/dicodusport.fr\/blog\/#website","url":"https:\/\/dicodusport.fr\/blog\/","name":"Dicodusport","description":"L&#039;encyclop\u00e9die de l&#039;actualit\u00e9 sportive","publisher":{"@id":"https:\/\/dicodusport.fr\/blog\/#organization"},"potentialAction":[{"@type":"SearchAction","target":{"@type":"EntryPoint","urlTemplate":"https:\/\/dicodusport.fr\/blog\/?s={search_term_string}"},"query-input":{"@type":"PropertyValueSpecification","valueRequired":true,"valueName":"search_term_string"}}],"inLanguage":"fr-FR"},{"@type":"NewsMediaOrganization","@id":"https:\/\/dicodusport.fr\/blog\/#organization","name":"Dicodusport","url":"https:\/\/dicodusport.fr\/blog\/","logo":{"@type":"ImageObject","inLanguage":"fr-FR","@id":"https:\/\/dicodusport.fr\/blog\/#\/schema\/logo\/image\/","url":"https:\/\/dicodusport.fr\/blog\/wp-content\/uploads\/2020\/06\/cropped-LOGO-DICODUSPORT-2020-SANS-FOND-SANS-TEXTE.png","contentUrl":"https:\/\/dicodusport.fr\/blog\/wp-content\/uploads\/2020\/06\/cropped-LOGO-DICODUSPORT-2020-SANS-FOND-SANS-TEXTE.png","width":512,"height":512,"caption":"Dicodusport"},"image":{"@id":"https:\/\/dicodusport.fr\/blog\/#\/schema\/logo\/image\/"},"sameAs":["https:\/\/www.facebook.com\/dicodusport","https:\/\/x.com\/dicodusport","https:\/\/www.instagram.com\/dicodusport\/","https:\/\/www.youtube.com\/channel\/UC7V2KZ5sd3htJivAbA4ZG3w"],"description":"Dicodusport est l'encyclop\u00e9die de l'actualit\u00e9 sportive.","email":"bonjour@dicodusport.fr","legalName":"DICODUSPORT","foundingDate":"2018-01-14","vatID":"FR71834470973","taxID":"83447097300043","numberOfEmployees":{"@type":"QuantitativeValue","minValue":"1","maxValue":"10"}},{"@type":"Person","@id":"https:\/\/dicodusport.fr\/blog\/#\/schema\/person\/99fcf31b3ee0d51fed53ade78139bbbf","name":"Nicolas Mezine","image":{"@type":"ImageObject","inLanguage":"fr-FR","@id":"https:\/\/dicodusport.fr\/blog\/#\/schema\/person\/image\/","url":"https:\/\/dicodusport.fr\/blog\/wp-content\/uploads\/2021\/09\/IMG_4655-e1631787111223-150x150.jpg","contentUrl":"https:\/\/dicodusport.fr\/blog\/wp-content\/uploads\/2021\/09\/IMG_4655-e1631787111223-150x150.jpg","caption":"Nicolas Mezine"},"description":"Passionn\u00e9 de sport, notamment de rugby dans toutes ses variantes (XV, XIII et VII). Fan du RC Toulon et de l'Olympique de Marseille.","sameAs":["https:\/\/www.linkedin.com\/in\/nicolas-mezine-521380160\/","https:\/\/x.com\/https:\/\/twitter.com\/Lbiji13"],"url":"https:\/\/dicodusport.fr\/blog\/author\/nicolas-m\/"}]}},"_links":{"self":[{"href":"https:\/\/dicodusport.fr\/blog\/wp-json\/wp\/v2\/posts\/175926","targetHints":{"allow":["GET"]}}],"collection":[{"href":"https:\/\/dicodusport.fr\/blog\/wp-json\/wp\/v2\/posts"}],"about":[{"href":"https:\/\/dicodusport.fr\/blog\/wp-json\/wp\/v2\/types\/post"}],"author":[{"embeddable":true,"href":"https:\/\/dicodusport.fr\/blog\/wp-json\/wp\/v2\/users\/42"}],"replies":[{"embeddable":true,"href":"https:\/\/dicodusport.fr\/blog\/wp-json\/wp\/v2\/comments?post=175926"}],"version-history":[{"count":0,"href":"https:\/\/dicodusport.fr\/blog\/wp-json\/wp\/v2\/posts\/175926\/revisions"}],"wp:featuredmedia":[{"embeddable":true,"href":"https:\/\/dicodusport.fr\/blog\/wp-json\/wp\/v2\/media\/175951"}],"wp:attachment":[{"href":"https:\/\/dicodusport.fr\/blog\/wp-json\/wp\/v2\/media?parent=175926"}],"wp:term":[{"taxonomy":"category","embeddable":true,"href":"https:\/\/dicodusport.fr\/blog\/wp-json\/wp\/v2\/categories?post=175926"},{"taxonomy":"post_tag","embeddable":true,"href":"https:\/\/dicodusport.fr\/blog\/wp-json\/wp\/v2\/tags?post=175926"}],"curies":[{"name":"wp","href":"https:\/\/api.w.org\/{rel}","templated":true}]}}