{"id":175942,"date":"2021-10-26T08:40:59","date_gmt":"2021-10-26T06:40:59","guid":{"rendered":"https:\/\/dicodusport.fr\/blog\/?p=175942&#038;preview=true&#038;preview_id=175942"},"modified":"2021-10-26T10:37:55","modified_gmt":"2021-10-26T08:37:55","slug":"thomas-voeckler-remporte-un-trail-un-vendee","status":"publish","type":"post","link":"https:\/\/dicodusport.fr\/blog\/thomas-voeckler-remporte-un-trail-un-vendee\/","title":{"rendered":"Thomas Voeckler remporte un trail un Vend\u00e9e"},"content":{"rendered":"<p style=\"text-align: justify;\"><strong><em>Quand il n&rsquo;est pas s\u00e9lectionneur de l&rsquo;\u00e9quipe de France de cyclisme ou consultant pour France T\u00e9l\u00e9visions, Thomas Voeckler en profite pour assouvir sa nouvelle passion, la course \u00e0 pied.\u00a0<\/em><\/strong><\/p>\n<p style=\"text-align: justify;\">Dimanche, l&rsquo;ancien coureur professionnel, <strong>Thomas Voeckler<\/strong>, a particip\u00e9 et remport\u00e9 les Foul\u00e9es Bourgadines, un trail de 16 kilom\u00e8tres \u00e0 La Roche-Sur-Yon. L&rsquo;ancien maillot jaune du Tour de France a d\u00e9marr\u00e9 \u00e0 deux kilom\u00e8tres de l&rsquo;arriv\u00e9e pour semer ses adversaires et s&rsquo;imposer avec 18 secondes d&rsquo;avance sur <strong>S\u00e9bastien Chevillon<\/strong> et 28 sur <strong>Alexis Gendre<\/strong>. Le s\u00e9lectionneur de l&rsquo;\u00e9quipe de France, qui a couru les 16 kilom\u00e8tres en 1 heure 1 minute et 27 secondes, a partag\u00e9 ses impressions \u00e0 l&rsquo;arriv\u00e9e, \u00e0 nos confr\u00e8res de <em>Ouest-France<\/em>.<\/p>\n<blockquote>\n<p style=\"text-align: justify;\">C\u2019est devenu une pratique r\u00e9guli\u00e8re, sinon je ne serais pas parvenu \u00e0 courir 16 bornes en un peu plus d\u2019une heure, assure-t-il. Pour \u00eatre honn\u00eate, j\u2019y ai pris go\u00fbt petit \u00e0 petit. Apr\u00e8s ma carri\u00e8re, j\u2019ai couru un petit peu, mais il m\u2019a fallu trois ans pour que mes articulations et mes muscles s\u2019y habituent. Trois ann\u00e9es, vraiment. J\u2019ai maigri un petit peu, car j\u2019avais pas mal grossi. Et avec quelques kilos de moins, c\u2019est tout de suite plus agr\u00e9able\u2026<\/p>\n<\/blockquote>\n<p style=\"text-align: justify;\">Avant de peut-\u00eatre participer \u00e0 un marathon, <strong>Thomas Voeckler<\/strong> va s&rsquo;aligner sur un semi dans les prochaines semaines, soit \u00e0 Deauville, soit \u00e0 La Rochelle.<\/p>\n<blockquote class=\"twitter-tweet\">\n<p dir=\"ltr\" lang=\"en\">Running. Quand Thomas Voeckler s\u2019amuse et gagne un trail\u2026 <a href=\"https:\/\/t.co\/vHzv1gTOOV\">https:\/\/t.co\/vHzv1gTOOV<\/a><\/p>\n<p>\u2014 Ouest-France (@OuestFrance) <a href=\"https:\/\/twitter.com\/OuestFrance\/status\/1452318610265890822?ref_src=twsrc%5Etfw\">October 24, 2021<\/a><\/p><\/blockquote>\n<p style=\"text-align: justify;\"><script async src=\"https:\/\/platform.twitter.com\/widgets.js\" charset=\"utf-8\"><\/script><\/p>\n","protected":false},"excerpt":{"rendered":"<p>Quand il n&rsquo;est pas s\u00e9lectionneur de l&rsquo;\u00e9quipe de France de cyclisme ou consultant pour France T\u00e9l\u00e9visions, Thomas Voeckler en profite pour assouvir sa nouvelle passion, la course \u00e0 pied.\u00a0<\/p>\n","protected":false},"author":1,"featured_media":175953,"comment_status":"open","ping_status":"closed","sticky":false,"template":"","format":"standard","meta":{"_acf_changed":false,"_daextam_enable_autolinks":"","footnotes":""},"categories":[2307,8673],"tags":[5218,862,1848],"class_list":["post-175942","post","type-post","status-publish","format-standard","has-post-thumbnail","hentry","category-cyclisme","category-trail","tag-thomas-voeckler","tag-trail","tag-voeckler"],"acf":[],"yoast_head":"<!-- This site is optimized with the Yoast SEO Premium plugin v26.7 (Yoast SEO v26.7) - https:\/\/yoast.com\/wordpress\/plugins\/seo\/ -->\n<title>Thomas Voeckler remporte un trail un Vend\u00e9e<\/title>\n<meta name=\"description\" content=\"Quand il n&#039;est pas s\u00e9lectionneur de l&#039;\u00e9quipe de France de cyclisme, Thomas Voeckler en profite pour assouvir sa nouvelle passion, la course \u00e0 pied.\u00a0\" \/>\n<meta name=\"robots\" content=\"index, follow, max-snippet:-1, max-image-preview:large, max-video-preview:-1\" \/>\n<link rel=\"canonical\" href=\"https:\/\/dicodusport.fr\/blog\/thomas-voeckler-remporte-un-trail-un-vendee\/\" \/>\n<meta property=\"og:locale\" content=\"fr_FR\" \/>\n<meta property=\"og:type\" content=\"article\" \/>\n<meta property=\"og:title\" content=\"Thomas Voeckler remporte un trail un Vend\u00e9e\" \/>\n<meta property=\"og:description\" content=\"Quand il n&#039;est pas s\u00e9lectionneur de l&#039;\u00e9quipe de France de cyclisme, Thomas Voeckler en profite pour assouvir sa nouvelle passion, la course \u00e0 pied.\u00a0\" \/>\n<meta property=\"og:url\" content=\"https:\/\/dicodusport.fr\/blog\/thomas-voeckler-remporte-un-trail-un-vendee\/\" \/>\n<meta property=\"og:site_name\" content=\"Dicodusport\" \/>\n<meta property=\"article:publisher\" content=\"https:\/\/www.facebook.com\/dicodusport\" \/>\n<meta property=\"article:author\" content=\"https:\/\/www.facebook.com\/dicodusport\" \/>\n<meta property=\"article:published_time\" content=\"2021-10-26T06:40:59+00:00\" \/>\n<meta property=\"article:modified_time\" content=\"2021-10-26T08:37:55+00:00\" \/>\n<meta property=\"og:image\" content=\"https:\/\/dicodusport.fr\/blog\/wp-content\/uploads\/2021\/10\/Thomas-Voeckler-remporte-un-trail-un-Vende\u0301e.png\" \/>\n\t<meta property=\"og:image:width\" content=\"800\" \/>\n\t<meta property=\"og:image:height\" content=\"445\" \/>\n\t<meta property=\"og:image:type\" content=\"image\/png\" \/>\n<meta name=\"author\" content=\"Nicolas Jacquemard\" \/>\n<meta name=\"twitter:card\" content=\"summary_large_image\" \/>\n<meta name=\"twitter:title\" content=\"Thomas Voeckler remporte un trail un Vend\u00e9e\" \/>\n<meta name=\"twitter:creator\" content=\"@https:\/\/twitter.com\/Nico_Jacquemard\" \/>\n<meta name=\"twitter:site\" content=\"@dicodusport\" \/>\n<script type=\"application\/ld+json\" class=\"yoast-schema-graph\">{\"@context\":\"https:\/\/schema.org\",\"@graph\":[{\"@type\":\"NewsArticle\",\"@id\":\"https:\/\/dicodusport.fr\/blog\/thomas-voeckler-remporte-un-trail-un-vendee\/#article\",\"isPartOf\":{\"@id\":\"https:\/\/dicodusport.fr\/blog\/thomas-voeckler-remporte-un-trail-un-vendee\/\"},\"author\":{\"name\":\"Nicolas Jacquemard\",\"@id\":\"https:\/\/dicodusport.fr\/blog\/#\/schema\/person\/55dcb50ad410894e431ed812bbb70191\"},\"headline\":\"Thomas Voeckler remporte un trail un Vend\u00e9e\",\"datePublished\":\"2021-10-26T06:40:59+00:00\",\"dateModified\":\"2021-10-26T08:37:55+00:00\",\"mainEntityOfPage\":{\"@id\":\"https:\/\/dicodusport.fr\/blog\/thomas-voeckler-remporte-un-trail-un-vendee\/\"},\"wordCount\":267,\"commentCount\":0,\"publisher\":{\"@id\":\"https:\/\/dicodusport.fr\/blog\/#organization\"},\"image\":{\"@id\":\"https:\/\/dicodusport.fr\/blog\/thomas-voeckler-remporte-un-trail-un-vendee\/#primaryimage\"},\"thumbnailUrl\":\"https:\/\/dicodusport.fr\/blog\/wp-content\/uploads\/2021\/10\/Thomas-Voeckler-remporte-un-trail-un-Vende\u0301e.png\",\"keywords\":[\"Thomas Voeckler\",\"trail\",\"voeckler\"],\"articleSection\":[\"Cyclisme\",\"Trail\"],\"inLanguage\":\"fr-FR\",\"potentialAction\":[{\"@type\":\"CommentAction\",\"name\":\"Comment\",\"target\":[\"https:\/\/dicodusport.fr\/blog\/thomas-voeckler-remporte-un-trail-un-vendee\/#respond\"]}],\"copyrightYear\":\"2021\",\"copyrightHolder\":{\"@id\":\"https:\/\/dicodusport.fr\/blog\/#organization\"}},{\"@type\":\"WebPage\",\"@id\":\"https:\/\/dicodusport.fr\/blog\/thomas-voeckler-remporte-un-trail-un-vendee\/\",\"url\":\"https:\/\/dicodusport.fr\/blog\/thomas-voeckler-remporte-un-trail-un-vendee\/\",\"name\":\"Thomas Voeckler remporte un trail un Vend\u00e9e\",\"isPartOf\":{\"@id\":\"https:\/\/dicodusport.fr\/blog\/#website\"},\"primaryImageOfPage\":{\"@id\":\"https:\/\/dicodusport.fr\/blog\/thomas-voeckler-remporte-un-trail-un-vendee\/#primaryimage\"},\"image\":{\"@id\":\"https:\/\/dicodusport.fr\/blog\/thomas-voeckler-remporte-un-trail-un-vendee\/#primaryimage\"},\"thumbnailUrl\":\"https:\/\/dicodusport.fr\/blog\/wp-content\/uploads\/2021\/10\/Thomas-Voeckler-remporte-un-trail-un-Vende\u0301e.png\",\"datePublished\":\"2021-10-26T06:40:59+00:00\",\"dateModified\":\"2021-10-26T08:37:55+00:00\",\"description\":\"Quand il n'est pas s\u00e9lectionneur de l'\u00e9quipe de France de cyclisme, Thomas Voeckler en profite pour assouvir sa nouvelle passion, la course \u00e0 pied.\u00a0\",\"breadcrumb\":{\"@id\":\"https:\/\/dicodusport.fr\/blog\/thomas-voeckler-remporte-un-trail-un-vendee\/#breadcrumb\"},\"inLanguage\":\"fr-FR\",\"potentialAction\":[{\"@type\":\"ReadAction\",\"target\":[\"https:\/\/dicodusport.fr\/blog\/thomas-voeckler-remporte-un-trail-un-vendee\/\"]}]},{\"@type\":\"ImageObject\",\"inLanguage\":\"fr-FR\",\"@id\":\"https:\/\/dicodusport.fr\/blog\/thomas-voeckler-remporte-un-trail-un-vendee\/#primaryimage\",\"url\":\"https:\/\/dicodusport.fr\/blog\/wp-content\/uploads\/2021\/10\/Thomas-Voeckler-remporte-un-trail-un-Vende\u0301e.png\",\"contentUrl\":\"https:\/\/dicodusport.fr\/blog\/wp-content\/uploads\/2021\/10\/Thomas-Voeckler-remporte-un-trail-un-Vende\u0301e.png\",\"width\":800,\"height\":445},{\"@type\":\"BreadcrumbList\",\"@id\":\"https:\/\/dicodusport.fr\/blog\/thomas-voeckler-remporte-un-trail-un-vendee\/#breadcrumb\",\"itemListElement\":[{\"@type\":\"ListItem\",\"position\":1,\"name\":\"Accueil\",\"item\":\"https:\/\/dicodusport.fr\/blog\/\"},{\"@type\":\"ListItem\",\"position\":2,\"name\":\"Thomas Voeckler remporte un trail un Vend\u00e9e\"}]},{\"@type\":\"WebSite\",\"@id\":\"https:\/\/dicodusport.fr\/blog\/#website\",\"url\":\"https:\/\/dicodusport.fr\/blog\/\",\"name\":\"Dicodusport\",\"description\":\"L&#039;encyclop\u00e9die de l&#039;actualit\u00e9 sportive\",\"publisher\":{\"@id\":\"https:\/\/dicodusport.fr\/blog\/#organization\"},\"potentialAction\":[{\"@type\":\"SearchAction\",\"target\":{\"@type\":\"EntryPoint\",\"urlTemplate\":\"https:\/\/dicodusport.fr\/blog\/?s={search_term_string}\"},\"query-input\":{\"@type\":\"PropertyValueSpecification\",\"valueRequired\":true,\"valueName\":\"search_term_string\"}}],\"inLanguage\":\"fr-FR\"},{\"@type\":\"NewsMediaOrganization\",\"@id\":\"https:\/\/dicodusport.fr\/blog\/#organization\",\"name\":\"Dicodusport\",\"url\":\"https:\/\/dicodusport.fr\/blog\/\",\"logo\":{\"@type\":\"ImageObject\",\"inLanguage\":\"fr-FR\",\"@id\":\"https:\/\/dicodusport.fr\/blog\/#\/schema\/logo\/image\/\",\"url\":\"https:\/\/dicodusport.fr\/blog\/wp-content\/uploads\/2020\/06\/cropped-LOGO-DICODUSPORT-2020-SANS-FOND-SANS-TEXTE.png\",\"contentUrl\":\"https:\/\/dicodusport.fr\/blog\/wp-content\/uploads\/2020\/06\/cropped-LOGO-DICODUSPORT-2020-SANS-FOND-SANS-TEXTE.png\",\"width\":512,\"height\":512,\"caption\":\"Dicodusport\"},\"image\":{\"@id\":\"https:\/\/dicodusport.fr\/blog\/#\/schema\/logo\/image\/\"},\"sameAs\":[\"https:\/\/www.facebook.com\/dicodusport\",\"https:\/\/x.com\/dicodusport\",\"https:\/\/www.instagram.com\/dicodusport\/\",\"https:\/\/www.youtube.com\/channel\/UC7V2KZ5sd3htJivAbA4ZG3w\"],\"description\":\"Dicodusport est l'encyclop\u00e9die de l'actualit\u00e9 sportive.\",\"email\":\"bonjour@dicodusport.fr\",\"legalName\":\"DICODUSPORT\",\"foundingDate\":\"2018-01-14\",\"vatID\":\"FR71834470973\",\"taxID\":\"83447097300043\",\"numberOfEmployees\":{\"@type\":\"QuantitativeValue\",\"minValue\":\"1\",\"maxValue\":\"10\"}},{\"@type\":\"Person\",\"@id\":\"https:\/\/dicodusport.fr\/blog\/#\/schema\/person\/55dcb50ad410894e431ed812bbb70191\",\"name\":\"Nicolas Jacquemard\",\"image\":{\"@type\":\"ImageObject\",\"inLanguage\":\"fr-FR\",\"@id\":\"https:\/\/dicodusport.fr\/blog\/#\/schema\/person\/image\/\",\"url\":\"https:\/\/dicodusport.fr\/blog\/wp-content\/uploads\/2021\/05\/Nicolas-Jacquemard-150x150.jpeg\",\"contentUrl\":\"https:\/\/dicodusport.fr\/blog\/wp-content\/uploads\/2021\/05\/Nicolas-Jacquemard-150x150.jpeg\",\"caption\":\"Nicolas Jacquemard\"},\"description\":\"Passionn\u00e9 de sport et entrepreneur depuis mes 18 ans, la cr\u00e9ation de Dicodusport m'a sembl\u00e9 \u00e9vidente pour participer \u00e0 la m\u00e9diatisation d'un plus grand nombre de sports. Le chemin est long mais avec une \u00e9quipe des plus motiv\u00e9es et les Jeux Olympiques de Paris 2024 en point de mire, nous y arriverons ! Journaliste dans le monde du sport depuis plus de 5 ans, je traite aussi bien de football, de rugby, de biathlon que de cyclisme.\",\"sameAs\":[\"https:\/\/www.facebook.com\/dicodusport\",\"https:\/\/x.com\/https:\/\/twitter.com\/Nico_Jacquemard\"],\"url\":\"https:\/\/dicodusport.fr\/blog\/author\/dicodusport\/\"}]}<\/script>\n<!-- \/ Yoast SEO Premium plugin. -->","yoast_head_json":{"title":"Thomas Voeckler remporte un trail un Vend\u00e9e","description":"Quand il n'est pas s\u00e9lectionneur de l'\u00e9quipe de France de cyclisme, Thomas Voeckler en profite pour assouvir sa nouvelle passion, la course \u00e0 pied.\u00a0","robots":{"index":"index","follow":"follow","max-snippet":"max-snippet:-1","max-image-preview":"max-image-preview:large","max-video-preview":"max-video-preview:-1"},"canonical":"https:\/\/dicodusport.fr\/blog\/thomas-voeckler-remporte-un-trail-un-vendee\/","og_locale":"fr_FR","og_type":"article","og_title":"Thomas Voeckler remporte un trail un Vend\u00e9e","og_description":"Quand il n'est pas s\u00e9lectionneur de l'\u00e9quipe de France de cyclisme, Thomas Voeckler en profite pour assouvir sa nouvelle passion, la course \u00e0 pied.\u00a0","og_url":"https:\/\/dicodusport.fr\/blog\/thomas-voeckler-remporte-un-trail-un-vendee\/","og_site_name":"Dicodusport","article_publisher":"https:\/\/www.facebook.com\/dicodusport","article_author":"https:\/\/www.facebook.com\/dicodusport","article_published_time":"2021-10-26T06:40:59+00:00","article_modified_time":"2021-10-26T08:37:55+00:00","og_image":[{"width":800,"height":445,"url":"https:\/\/dicodusport.fr\/blog\/wp-content\/uploads\/2021\/10\/Thomas-Voeckler-remporte-un-trail-un-Vende\u0301e.png","type":"image\/png"}],"author":"Nicolas Jacquemard","twitter_card":"summary_large_image","twitter_title":"Thomas Voeckler remporte un trail un Vend\u00e9e","twitter_creator":"@https:\/\/twitter.com\/Nico_Jacquemard","twitter_site":"@dicodusport","schema":{"@context":"https:\/\/schema.org","@graph":[{"@type":"NewsArticle","@id":"https:\/\/dicodusport.fr\/blog\/thomas-voeckler-remporte-un-trail-un-vendee\/#article","isPartOf":{"@id":"https:\/\/dicodusport.fr\/blog\/thomas-voeckler-remporte-un-trail-un-vendee\/"},"author":{"name":"Nicolas Jacquemard","@id":"https:\/\/dicodusport.fr\/blog\/#\/schema\/person\/55dcb50ad410894e431ed812bbb70191"},"headline":"Thomas Voeckler remporte un trail un Vend\u00e9e","datePublished":"2021-10-26T06:40:59+00:00","dateModified":"2021-10-26T08:37:55+00:00","mainEntityOfPage":{"@id":"https:\/\/dicodusport.fr\/blog\/thomas-voeckler-remporte-un-trail-un-vendee\/"},"wordCount":267,"commentCount":0,"publisher":{"@id":"https:\/\/dicodusport.fr\/blog\/#organization"},"image":{"@id":"https:\/\/dicodusport.fr\/blog\/thomas-voeckler-remporte-un-trail-un-vendee\/#primaryimage"},"thumbnailUrl":"https:\/\/dicodusport.fr\/blog\/wp-content\/uploads\/2021\/10\/Thomas-Voeckler-remporte-un-trail-un-Vende\u0301e.png","keywords":["Thomas Voeckler","trail","voeckler"],"articleSection":["Cyclisme","Trail"],"inLanguage":"fr-FR","potentialAction":[{"@type":"CommentAction","name":"Comment","target":["https:\/\/dicodusport.fr\/blog\/thomas-voeckler-remporte-un-trail-un-vendee\/#respond"]}],"copyrightYear":"2021","copyrightHolder":{"@id":"https:\/\/dicodusport.fr\/blog\/#organization"}},{"@type":"WebPage","@id":"https:\/\/dicodusport.fr\/blog\/thomas-voeckler-remporte-un-trail-un-vendee\/","url":"https:\/\/dicodusport.fr\/blog\/thomas-voeckler-remporte-un-trail-un-vendee\/","name":"Thomas Voeckler remporte un trail un Vend\u00e9e","isPartOf":{"@id":"https:\/\/dicodusport.fr\/blog\/#website"},"primaryImageOfPage":{"@id":"https:\/\/dicodusport.fr\/blog\/thomas-voeckler-remporte-un-trail-un-vendee\/#primaryimage"},"image":{"@id":"https:\/\/dicodusport.fr\/blog\/thomas-voeckler-remporte-un-trail-un-vendee\/#primaryimage"},"thumbnailUrl":"https:\/\/dicodusport.fr\/blog\/wp-content\/uploads\/2021\/10\/Thomas-Voeckler-remporte-un-trail-un-Vende\u0301e.png","datePublished":"2021-10-26T06:40:59+00:00","dateModified":"2021-10-26T08:37:55+00:00","description":"Quand il n'est pas s\u00e9lectionneur de l'\u00e9quipe de France de cyclisme, Thomas Voeckler en profite pour assouvir sa nouvelle passion, la course \u00e0 pied.\u00a0","breadcrumb":{"@id":"https:\/\/dicodusport.fr\/blog\/thomas-voeckler-remporte-un-trail-un-vendee\/#breadcrumb"},"inLanguage":"fr-FR","potentialAction":[{"@type":"ReadAction","target":["https:\/\/dicodusport.fr\/blog\/thomas-voeckler-remporte-un-trail-un-vendee\/"]}]},{"@type":"ImageObject","inLanguage":"fr-FR","@id":"https:\/\/dicodusport.fr\/blog\/thomas-voeckler-remporte-un-trail-un-vendee\/#primaryimage","url":"https:\/\/dicodusport.fr\/blog\/wp-content\/uploads\/2021\/10\/Thomas-Voeckler-remporte-un-trail-un-Vende\u0301e.png","contentUrl":"https:\/\/dicodusport.fr\/blog\/wp-content\/uploads\/2021\/10\/Thomas-Voeckler-remporte-un-trail-un-Vende\u0301e.png","width":800,"height":445},{"@type":"BreadcrumbList","@id":"https:\/\/dicodusport.fr\/blog\/thomas-voeckler-remporte-un-trail-un-vendee\/#breadcrumb","itemListElement":[{"@type":"ListItem","position":1,"name":"Accueil","item":"https:\/\/dicodusport.fr\/blog\/"},{"@type":"ListItem","position":2,"name":"Thomas Voeckler remporte un trail un Vend\u00e9e"}]},{"@type":"WebSite","@id":"https:\/\/dicodusport.fr\/blog\/#website","url":"https:\/\/dicodusport.fr\/blog\/","name":"Dicodusport","description":"L&#039;encyclop\u00e9die de l&#039;actualit\u00e9 sportive","publisher":{"@id":"https:\/\/dicodusport.fr\/blog\/#organization"},"potentialAction":[{"@type":"SearchAction","target":{"@type":"EntryPoint","urlTemplate":"https:\/\/dicodusport.fr\/blog\/?s={search_term_string}"},"query-input":{"@type":"PropertyValueSpecification","valueRequired":true,"valueName":"search_term_string"}}],"inLanguage":"fr-FR"},{"@type":"NewsMediaOrganization","@id":"https:\/\/dicodusport.fr\/blog\/#organization","name":"Dicodusport","url":"https:\/\/dicodusport.fr\/blog\/","logo":{"@type":"ImageObject","inLanguage":"fr-FR","@id":"https:\/\/dicodusport.fr\/blog\/#\/schema\/logo\/image\/","url":"https:\/\/dicodusport.fr\/blog\/wp-content\/uploads\/2020\/06\/cropped-LOGO-DICODUSPORT-2020-SANS-FOND-SANS-TEXTE.png","contentUrl":"https:\/\/dicodusport.fr\/blog\/wp-content\/uploads\/2020\/06\/cropped-LOGO-DICODUSPORT-2020-SANS-FOND-SANS-TEXTE.png","width":512,"height":512,"caption":"Dicodusport"},"image":{"@id":"https:\/\/dicodusport.fr\/blog\/#\/schema\/logo\/image\/"},"sameAs":["https:\/\/www.facebook.com\/dicodusport","https:\/\/x.com\/dicodusport","https:\/\/www.instagram.com\/dicodusport\/","https:\/\/www.youtube.com\/channel\/UC7V2KZ5sd3htJivAbA4ZG3w"],"description":"Dicodusport est l'encyclop\u00e9die de l'actualit\u00e9 sportive.","email":"bonjour@dicodusport.fr","legalName":"DICODUSPORT","foundingDate":"2018-01-14","vatID":"FR71834470973","taxID":"83447097300043","numberOfEmployees":{"@type":"QuantitativeValue","minValue":"1","maxValue":"10"}},{"@type":"Person","@id":"https:\/\/dicodusport.fr\/blog\/#\/schema\/person\/55dcb50ad410894e431ed812bbb70191","name":"Nicolas Jacquemard","image":{"@type":"ImageObject","inLanguage":"fr-FR","@id":"https:\/\/dicodusport.fr\/blog\/#\/schema\/person\/image\/","url":"https:\/\/dicodusport.fr\/blog\/wp-content\/uploads\/2021\/05\/Nicolas-Jacquemard-150x150.jpeg","contentUrl":"https:\/\/dicodusport.fr\/blog\/wp-content\/uploads\/2021\/05\/Nicolas-Jacquemard-150x150.jpeg","caption":"Nicolas Jacquemard"},"description":"Passionn\u00e9 de sport et entrepreneur depuis mes 18 ans, la cr\u00e9ation de Dicodusport m'a sembl\u00e9 \u00e9vidente pour participer \u00e0 la m\u00e9diatisation d'un plus grand nombre de sports. Le chemin est long mais avec une \u00e9quipe des plus motiv\u00e9es et les Jeux Olympiques de Paris 2024 en point de mire, nous y arriverons ! Journaliste dans le monde du sport depuis plus de 5 ans, je traite aussi bien de football, de rugby, de biathlon que de cyclisme.","sameAs":["https:\/\/www.facebook.com\/dicodusport","https:\/\/x.com\/https:\/\/twitter.com\/Nico_Jacquemard"],"url":"https:\/\/dicodusport.fr\/blog\/author\/dicodusport\/"}]}},"_links":{"self":[{"href":"https:\/\/dicodusport.fr\/blog\/wp-json\/wp\/v2\/posts\/175942","targetHints":{"allow":["GET"]}}],"collection":[{"href":"https:\/\/dicodusport.fr\/blog\/wp-json\/wp\/v2\/posts"}],"about":[{"href":"https:\/\/dicodusport.fr\/blog\/wp-json\/wp\/v2\/types\/post"}],"author":[{"embeddable":true,"href":"https:\/\/dicodusport.fr\/blog\/wp-json\/wp\/v2\/users\/1"}],"replies":[{"embeddable":true,"href":"https:\/\/dicodusport.fr\/blog\/wp-json\/wp\/v2\/comments?post=175942"}],"version-history":[{"count":0,"href":"https:\/\/dicodusport.fr\/blog\/wp-json\/wp\/v2\/posts\/175942\/revisions"}],"wp:featuredmedia":[{"embeddable":true,"href":"https:\/\/dicodusport.fr\/blog\/wp-json\/wp\/v2\/media\/175953"}],"wp:attachment":[{"href":"https:\/\/dicodusport.fr\/blog\/wp-json\/wp\/v2\/media?parent=175942"}],"wp:term":[{"taxonomy":"category","embeddable":true,"href":"https:\/\/dicodusport.fr\/blog\/wp-json\/wp\/v2\/categories?post=175942"},{"taxonomy":"post_tag","embeddable":true,"href":"https:\/\/dicodusport.fr\/blog\/wp-json\/wp\/v2\/tags?post=175942"}],"curies":[{"name":"wp","href":"https:\/\/api.w.org\/{rel}","templated":true}]}}