{"id":176005,"date":"2021-10-25T18:14:28","date_gmt":"2021-10-25T16:14:28","guid":{"rendered":"https:\/\/dicodusport.fr\/blog\/?p=176005&#038;preview=true&#038;preview_id=176005"},"modified":"2025-09-16T08:58:58","modified_gmt":"2025-09-16T06:58:58","slug":"borussia-dortmund-erling-haaland-absent-plusieurs-semaines","status":"publish","type":"post","link":"https:\/\/dicodusport.fr\/blog\/borussia-dortmund-erling-haaland-absent-plusieurs-semaines\/","title":{"rendered":"Borussia Dortmund : Erling Haaland absent plusieurs semaines"},"content":{"rendered":"<p style=\"text-align: justify;\"><strong><em>FOOTBALL &#8211; Coup dur pour le Borussia Dortmund. Son attaquant vedette, Erling Haaland, souffre d&rsquo;une blessure aux fl\u00e9chisseurs de la hanche. Le prodige de 21 ans est absent pour les prochaines semaines. Pire, il ne pourrait retrouver les terrains qu&rsquo;en 2022.<\/em><\/strong><\/p>\n<h2 style=\"text-align: justify;\">Ann\u00e9e 2021 potentiellement termin\u00e9e<\/h2>\n<p style=\"text-align: justify;\">La nouvelle redout\u00e9e par les supporters du <strong>Borussia Dortmund<\/strong> fait son chemin en Allemagne. Le journal <em>Bild <\/em>d\u00e9voile que l&rsquo;attaquant<strong> Erling Haaland<\/strong> sera absent, au moins, pour les prochaines semaines. Touch\u00e9 face \u00e0 l&rsquo;Ajax Amsterdam mardi dernier (d\u00e9faite 0-4), le Norv\u00e9gien souffre finalement d&rsquo;une blessure aux fl\u00e9chisseurs de la hanche. Le s\u00e9rial scoreur, auteur de 49 buts en autant de matchs avec la formation allemande en 2021, pourrait m\u00eame ne plus rejouer en 2021. C&rsquo;est en tout cas l&rsquo;information avanc\u00e9e par un ami proche de la famille.<\/p>\n<p style=\"text-align: justify;\">Auteur de 13 buts en 10 rencontres cette saison, <strong>Haaland<\/strong> va donc manquer cruellement au Borussia Dortmund. L&rsquo;\u00e9quipe pointe actuellement au deuxi\u00e8me rang de la Bundesliga, un point derri\u00e8re le Bayern Munich. M\u00eame position dans la poule C de Ligue des Champions, mais trois points derri\u00e8re l&rsquo;Ajax et trois devant le Sporting Portugal.<\/p>\n<blockquote class=\"twitter-tweet\">\n<p dir=\"ltr\" lang=\"en\">Time to focus on my recovery. I\u2019ll be back stronger! &#x1f51c;&#x1f4aa;&#x1f3fb; <a href=\"https:\/\/t.co\/G5Ez5bohTv\">pic.twitter.com\/G5Ez5bohTv<\/a><\/p>\n<p>\u2014 Erling Haaland (@ErlingHaaland) <a href=\"https:\/\/twitter.com\/ErlingHaaland\/status\/1451500278289666072?ref_src=twsrc%5Etfw\">October 22, 2021<\/a><\/p><\/blockquote>\n<p><script async src=\"https:\/\/platform.twitter.com\/widgets.js\" charset=\"utf-8\"><\/script><\/p>\n","protected":false},"excerpt":{"rendered":"<p>FOOTBALL &#8211; Coup dur pour le Borussia Dortmund. Son attaquant vedette, Erling Haaland, souffre d&rsquo;une blessure aux fl\u00e9chisseurs de la hanche. Le prodige de 21 ans est absent pour les prochaines semaines. Pire, il pourrait retrouver les terrains qu&rsquo;en 2022.<\/p>\n","protected":false},"author":60,"featured_media":176015,"comment_status":"open","ping_status":"closed","sticky":false,"template":"","format":"standard","meta":{"_acf_changed":false,"_daextam_enable_autolinks":"","footnotes":""},"categories":[47250],"tags":[6153,7173,10806,75,419],"class_list":["post-176005","post","type-post","status-publish","format-standard","has-post-thumbnail","hentry","category-ligue-des-champions-de-football","tag-borussia-dortmund","tag-bundesliga","tag-erling-haaland","tag-football","tag-ligue-des-champions"],"acf":[],"yoast_head":"<!-- This site is optimized with the Yoast SEO Premium plugin v26.7 (Yoast SEO v26.7) - https:\/\/yoast.com\/wordpress\/plugins\/seo\/ -->\n<title>Borussia Dortmund : Erling Haaland absent plusieurs semaines<\/title>\n<meta name=\"description\" content=\"FOOTBALL - Bless\u00e9 \u00e0 la hanche face \u00e0 l&#039;Ajax Amsterdam, Erling Haaland manquera au Borussia Dortmund pour les prochaines semaines.\" \/>\n<meta name=\"robots\" content=\"index, follow, max-snippet:-1, max-image-preview:large, max-video-preview:-1\" \/>\n<link rel=\"canonical\" href=\"https:\/\/dicodusport.fr\/blog\/borussia-dortmund-erling-haaland-absent-plusieurs-semaines\/\" \/>\n<meta property=\"og:locale\" content=\"fr_FR\" \/>\n<meta property=\"og:type\" content=\"article\" \/>\n<meta property=\"og:title\" content=\"Borussia Dortmund : Erling Haaland absent plusieurs semaines\" \/>\n<meta property=\"og:description\" content=\"FOOTBALL - Bless\u00e9 \u00e0 la hanche face \u00e0 l&#039;Ajax Amsterdam, Erling Haaland manquera au Borussia Dortmund pour les prochaines semaines.\" \/>\n<meta property=\"og:url\" content=\"https:\/\/dicodusport.fr\/blog\/borussia-dortmund-erling-haaland-absent-plusieurs-semaines\/\" \/>\n<meta property=\"og:site_name\" content=\"Dicodusport\" \/>\n<meta property=\"article:publisher\" content=\"https:\/\/www.facebook.com\/dicodusport\" \/>\n<meta property=\"article:published_time\" content=\"2021-10-25T16:14:28+00:00\" \/>\n<meta property=\"article:modified_time\" content=\"2025-09-16T06:58:58+00:00\" \/>\n<meta property=\"og:image\" content=\"https:\/\/dicodusport.fr\/blog\/wp-content\/uploads\/2021\/10\/Borussia-Dortmund-Erling-Haaland-absent-plusieurs-semaines.png\" \/>\n\t<meta property=\"og:image:width\" content=\"800\" \/>\n\t<meta property=\"og:image:height\" content=\"445\" \/>\n\t<meta property=\"og:image:type\" content=\"image\/png\" \/>\n<meta name=\"author\" content=\"Victor Friot\" \/>\n<meta name=\"twitter:card\" content=\"summary_large_image\" \/>\n<meta name=\"twitter:title\" content=\"Borussia Dortmund : Erling Haaland absent plusieurs semaines\" \/>\n<meta name=\"twitter:creator\" content=\"@dicodusport\" \/>\n<meta name=\"twitter:site\" content=\"@dicodusport\" \/>\n<script type=\"application\/ld+json\" class=\"yoast-schema-graph\">{\"@context\":\"https:\/\/schema.org\",\"@graph\":[{\"@type\":\"NewsArticle\",\"@id\":\"https:\/\/dicodusport.fr\/blog\/borussia-dortmund-erling-haaland-absent-plusieurs-semaines\/#article\",\"isPartOf\":{\"@id\":\"https:\/\/dicodusport.fr\/blog\/borussia-dortmund-erling-haaland-absent-plusieurs-semaines\/\"},\"author\":{\"name\":\"Victor Friot\",\"@id\":\"https:\/\/dicodusport.fr\/blog\/#\/schema\/person\/463bd3fdf7997eaf381a70f42317d8db\"},\"headline\":\"Borussia Dortmund : Erling Haaland absent plusieurs semaines\",\"datePublished\":\"2021-10-25T16:14:28+00:00\",\"dateModified\":\"2025-09-16T06:58:58+00:00\",\"mainEntityOfPage\":{\"@id\":\"https:\/\/dicodusport.fr\/blog\/borussia-dortmund-erling-haaland-absent-plusieurs-semaines\/\"},\"wordCount\":237,\"commentCount\":0,\"publisher\":{\"@id\":\"https:\/\/dicodusport.fr\/blog\/#organization\"},\"image\":{\"@id\":\"https:\/\/dicodusport.fr\/blog\/borussia-dortmund-erling-haaland-absent-plusieurs-semaines\/#primaryimage\"},\"thumbnailUrl\":\"https:\/\/dicodusport.fr\/blog\/wp-content\/uploads\/2021\/10\/Borussia-Dortmund-Erling-Haaland-absent-plusieurs-semaines.png\",\"keywords\":[\"Borussia Dortmund\",\"Bundesliga\",\"Erling Haaland\",\"Football\",\"Ligue des champions\"],\"articleSection\":[\"Ligue des Champions de football\"],\"inLanguage\":\"fr-FR\",\"potentialAction\":[{\"@type\":\"CommentAction\",\"name\":\"Comment\",\"target\":[\"https:\/\/dicodusport.fr\/blog\/borussia-dortmund-erling-haaland-absent-plusieurs-semaines\/#respond\"]}],\"copyrightYear\":\"2021\",\"copyrightHolder\":{\"@id\":\"https:\/\/dicodusport.fr\/blog\/#organization\"}},{\"@type\":\"WebPage\",\"@id\":\"https:\/\/dicodusport.fr\/blog\/borussia-dortmund-erling-haaland-absent-plusieurs-semaines\/\",\"url\":\"https:\/\/dicodusport.fr\/blog\/borussia-dortmund-erling-haaland-absent-plusieurs-semaines\/\",\"name\":\"Borussia Dortmund : Erling Haaland absent plusieurs semaines\",\"isPartOf\":{\"@id\":\"https:\/\/dicodusport.fr\/blog\/#website\"},\"primaryImageOfPage\":{\"@id\":\"https:\/\/dicodusport.fr\/blog\/borussia-dortmund-erling-haaland-absent-plusieurs-semaines\/#primaryimage\"},\"image\":{\"@id\":\"https:\/\/dicodusport.fr\/blog\/borussia-dortmund-erling-haaland-absent-plusieurs-semaines\/#primaryimage\"},\"thumbnailUrl\":\"https:\/\/dicodusport.fr\/blog\/wp-content\/uploads\/2021\/10\/Borussia-Dortmund-Erling-Haaland-absent-plusieurs-semaines.png\",\"datePublished\":\"2021-10-25T16:14:28+00:00\",\"dateModified\":\"2025-09-16T06:58:58+00:00\",\"description\":\"FOOTBALL - Bless\u00e9 \u00e0 la hanche face \u00e0 l'Ajax Amsterdam, Erling Haaland manquera au Borussia Dortmund pour les prochaines semaines.\",\"breadcrumb\":{\"@id\":\"https:\/\/dicodusport.fr\/blog\/borussia-dortmund-erling-haaland-absent-plusieurs-semaines\/#breadcrumb\"},\"inLanguage\":\"fr-FR\",\"potentialAction\":[{\"@type\":\"ReadAction\",\"target\":[\"https:\/\/dicodusport.fr\/blog\/borussia-dortmund-erling-haaland-absent-plusieurs-semaines\/\"]}]},{\"@type\":\"ImageObject\",\"inLanguage\":\"fr-FR\",\"@id\":\"https:\/\/dicodusport.fr\/blog\/borussia-dortmund-erling-haaland-absent-plusieurs-semaines\/#primaryimage\",\"url\":\"https:\/\/dicodusport.fr\/blog\/wp-content\/uploads\/2021\/10\/Borussia-Dortmund-Erling-Haaland-absent-plusieurs-semaines.png\",\"contentUrl\":\"https:\/\/dicodusport.fr\/blog\/wp-content\/uploads\/2021\/10\/Borussia-Dortmund-Erling-Haaland-absent-plusieurs-semaines.png\",\"width\":800,\"height\":445,\"caption\":\"Borussia Dortmund Erling Haaland absent plusieurs semaines\"},{\"@type\":\"BreadcrumbList\",\"@id\":\"https:\/\/dicodusport.fr\/blog\/borussia-dortmund-erling-haaland-absent-plusieurs-semaines\/#breadcrumb\",\"itemListElement\":[{\"@type\":\"ListItem\",\"position\":1,\"name\":\"Accueil\",\"item\":\"https:\/\/dicodusport.fr\/blog\/\"},{\"@type\":\"ListItem\",\"position\":2,\"name\":\"Borussia Dortmund : Erling Haaland absent plusieurs semaines\"}]},{\"@type\":\"WebSite\",\"@id\":\"https:\/\/dicodusport.fr\/blog\/#website\",\"url\":\"https:\/\/dicodusport.fr\/blog\/\",\"name\":\"Dicodusport\",\"description\":\"L&#039;encyclop\u00e9die de l&#039;actualit\u00e9 sportive\",\"publisher\":{\"@id\":\"https:\/\/dicodusport.fr\/blog\/#organization\"},\"potentialAction\":[{\"@type\":\"SearchAction\",\"target\":{\"@type\":\"EntryPoint\",\"urlTemplate\":\"https:\/\/dicodusport.fr\/blog\/?s={search_term_string}\"},\"query-input\":{\"@type\":\"PropertyValueSpecification\",\"valueRequired\":true,\"valueName\":\"search_term_string\"}}],\"inLanguage\":\"fr-FR\"},{\"@type\":\"NewsMediaOrganization\",\"@id\":\"https:\/\/dicodusport.fr\/blog\/#organization\",\"name\":\"Dicodusport\",\"url\":\"https:\/\/dicodusport.fr\/blog\/\",\"logo\":{\"@type\":\"ImageObject\",\"inLanguage\":\"fr-FR\",\"@id\":\"https:\/\/dicodusport.fr\/blog\/#\/schema\/logo\/image\/\",\"url\":\"https:\/\/dicodusport.fr\/blog\/wp-content\/uploads\/2020\/06\/cropped-LOGO-DICODUSPORT-2020-SANS-FOND-SANS-TEXTE.png\",\"contentUrl\":\"https:\/\/dicodusport.fr\/blog\/wp-content\/uploads\/2020\/06\/cropped-LOGO-DICODUSPORT-2020-SANS-FOND-SANS-TEXTE.png\",\"width\":512,\"height\":512,\"caption\":\"Dicodusport\"},\"image\":{\"@id\":\"https:\/\/dicodusport.fr\/blog\/#\/schema\/logo\/image\/\"},\"sameAs\":[\"https:\/\/www.facebook.com\/dicodusport\",\"https:\/\/x.com\/dicodusport\",\"https:\/\/www.instagram.com\/dicodusport\/\",\"https:\/\/www.youtube.com\/channel\/UC7V2KZ5sd3htJivAbA4ZG3w\"],\"description\":\"Dicodusport est l'encyclop\u00e9die de l'actualit\u00e9 sportive.\",\"email\":\"bonjour@dicodusport.fr\",\"legalName\":\"DICODUSPORT\",\"foundingDate\":\"2018-01-14\",\"vatID\":\"FR71834470973\",\"taxID\":\"83447097300043\",\"numberOfEmployees\":{\"@type\":\"QuantitativeValue\",\"minValue\":\"1\",\"maxValue\":\"10\"}},{\"@type\":\"Person\",\"@id\":\"https:\/\/dicodusport.fr\/blog\/#\/schema\/person\/463bd3fdf7997eaf381a70f42317d8db\",\"name\":\"Victor Friot\",\"image\":{\"@type\":\"ImageObject\",\"inLanguage\":\"fr-FR\",\"@id\":\"https:\/\/dicodusport.fr\/blog\/#\/schema\/person\/image\/\",\"url\":\"https:\/\/dicodusport.fr\/blog\/wp-content\/uploads\/2020\/06\/LOGO-DICODUSPORT-2020-SANS-FOND-SANS-TEXTE-150x150.png\",\"contentUrl\":\"https:\/\/dicodusport.fr\/blog\/wp-content\/uploads\/2020\/06\/LOGO-DICODUSPORT-2020-SANS-FOND-SANS-TEXTE-150x150.png\",\"caption\":\"Victor Friot\"},\"url\":\"https:\/\/dicodusport.fr\/blog\/author\/victor-friot\/\"}]}<\/script>\n<!-- \/ Yoast SEO Premium plugin. -->","yoast_head_json":{"title":"Borussia Dortmund : Erling Haaland absent plusieurs semaines","description":"FOOTBALL - Bless\u00e9 \u00e0 la hanche face \u00e0 l'Ajax Amsterdam, Erling Haaland manquera au Borussia Dortmund pour les prochaines semaines.","robots":{"index":"index","follow":"follow","max-snippet":"max-snippet:-1","max-image-preview":"max-image-preview:large","max-video-preview":"max-video-preview:-1"},"canonical":"https:\/\/dicodusport.fr\/blog\/borussia-dortmund-erling-haaland-absent-plusieurs-semaines\/","og_locale":"fr_FR","og_type":"article","og_title":"Borussia Dortmund : Erling Haaland absent plusieurs semaines","og_description":"FOOTBALL - Bless\u00e9 \u00e0 la hanche face \u00e0 l'Ajax Amsterdam, Erling Haaland manquera au Borussia Dortmund pour les prochaines semaines.","og_url":"https:\/\/dicodusport.fr\/blog\/borussia-dortmund-erling-haaland-absent-plusieurs-semaines\/","og_site_name":"Dicodusport","article_publisher":"https:\/\/www.facebook.com\/dicodusport","article_published_time":"2021-10-25T16:14:28+00:00","article_modified_time":"2025-09-16T06:58:58+00:00","og_image":[{"width":800,"height":445,"url":"https:\/\/dicodusport.fr\/blog\/wp-content\/uploads\/2021\/10\/Borussia-Dortmund-Erling-Haaland-absent-plusieurs-semaines.png","type":"image\/png"}],"author":"Victor Friot","twitter_card":"summary_large_image","twitter_title":"Borussia Dortmund : Erling Haaland absent plusieurs semaines","twitter_creator":"@dicodusport","twitter_site":"@dicodusport","schema":{"@context":"https:\/\/schema.org","@graph":[{"@type":"NewsArticle","@id":"https:\/\/dicodusport.fr\/blog\/borussia-dortmund-erling-haaland-absent-plusieurs-semaines\/#article","isPartOf":{"@id":"https:\/\/dicodusport.fr\/blog\/borussia-dortmund-erling-haaland-absent-plusieurs-semaines\/"},"author":{"name":"Victor Friot","@id":"https:\/\/dicodusport.fr\/blog\/#\/schema\/person\/463bd3fdf7997eaf381a70f42317d8db"},"headline":"Borussia Dortmund : Erling Haaland absent plusieurs semaines","datePublished":"2021-10-25T16:14:28+00:00","dateModified":"2025-09-16T06:58:58+00:00","mainEntityOfPage":{"@id":"https:\/\/dicodusport.fr\/blog\/borussia-dortmund-erling-haaland-absent-plusieurs-semaines\/"},"wordCount":237,"commentCount":0,"publisher":{"@id":"https:\/\/dicodusport.fr\/blog\/#organization"},"image":{"@id":"https:\/\/dicodusport.fr\/blog\/borussia-dortmund-erling-haaland-absent-plusieurs-semaines\/#primaryimage"},"thumbnailUrl":"https:\/\/dicodusport.fr\/blog\/wp-content\/uploads\/2021\/10\/Borussia-Dortmund-Erling-Haaland-absent-plusieurs-semaines.png","keywords":["Borussia Dortmund","Bundesliga","Erling Haaland","Football","Ligue des champions"],"articleSection":["Ligue des Champions de football"],"inLanguage":"fr-FR","potentialAction":[{"@type":"CommentAction","name":"Comment","target":["https:\/\/dicodusport.fr\/blog\/borussia-dortmund-erling-haaland-absent-plusieurs-semaines\/#respond"]}],"copyrightYear":"2021","copyrightHolder":{"@id":"https:\/\/dicodusport.fr\/blog\/#organization"}},{"@type":"WebPage","@id":"https:\/\/dicodusport.fr\/blog\/borussia-dortmund-erling-haaland-absent-plusieurs-semaines\/","url":"https:\/\/dicodusport.fr\/blog\/borussia-dortmund-erling-haaland-absent-plusieurs-semaines\/","name":"Borussia Dortmund : Erling Haaland absent plusieurs semaines","isPartOf":{"@id":"https:\/\/dicodusport.fr\/blog\/#website"},"primaryImageOfPage":{"@id":"https:\/\/dicodusport.fr\/blog\/borussia-dortmund-erling-haaland-absent-plusieurs-semaines\/#primaryimage"},"image":{"@id":"https:\/\/dicodusport.fr\/blog\/borussia-dortmund-erling-haaland-absent-plusieurs-semaines\/#primaryimage"},"thumbnailUrl":"https:\/\/dicodusport.fr\/blog\/wp-content\/uploads\/2021\/10\/Borussia-Dortmund-Erling-Haaland-absent-plusieurs-semaines.png","datePublished":"2021-10-25T16:14:28+00:00","dateModified":"2025-09-16T06:58:58+00:00","description":"FOOTBALL - Bless\u00e9 \u00e0 la hanche face \u00e0 l'Ajax Amsterdam, Erling Haaland manquera au Borussia Dortmund pour les prochaines semaines.","breadcrumb":{"@id":"https:\/\/dicodusport.fr\/blog\/borussia-dortmund-erling-haaland-absent-plusieurs-semaines\/#breadcrumb"},"inLanguage":"fr-FR","potentialAction":[{"@type":"ReadAction","target":["https:\/\/dicodusport.fr\/blog\/borussia-dortmund-erling-haaland-absent-plusieurs-semaines\/"]}]},{"@type":"ImageObject","inLanguage":"fr-FR","@id":"https:\/\/dicodusport.fr\/blog\/borussia-dortmund-erling-haaland-absent-plusieurs-semaines\/#primaryimage","url":"https:\/\/dicodusport.fr\/blog\/wp-content\/uploads\/2021\/10\/Borussia-Dortmund-Erling-Haaland-absent-plusieurs-semaines.png","contentUrl":"https:\/\/dicodusport.fr\/blog\/wp-content\/uploads\/2021\/10\/Borussia-Dortmund-Erling-Haaland-absent-plusieurs-semaines.png","width":800,"height":445,"caption":"Borussia Dortmund Erling Haaland absent plusieurs semaines"},{"@type":"BreadcrumbList","@id":"https:\/\/dicodusport.fr\/blog\/borussia-dortmund-erling-haaland-absent-plusieurs-semaines\/#breadcrumb","itemListElement":[{"@type":"ListItem","position":1,"name":"Accueil","item":"https:\/\/dicodusport.fr\/blog\/"},{"@type":"ListItem","position":2,"name":"Borussia Dortmund : Erling Haaland absent plusieurs semaines"}]},{"@type":"WebSite","@id":"https:\/\/dicodusport.fr\/blog\/#website","url":"https:\/\/dicodusport.fr\/blog\/","name":"Dicodusport","description":"L&#039;encyclop\u00e9die de l&#039;actualit\u00e9 sportive","publisher":{"@id":"https:\/\/dicodusport.fr\/blog\/#organization"},"potentialAction":[{"@type":"SearchAction","target":{"@type":"EntryPoint","urlTemplate":"https:\/\/dicodusport.fr\/blog\/?s={search_term_string}"},"query-input":{"@type":"PropertyValueSpecification","valueRequired":true,"valueName":"search_term_string"}}],"inLanguage":"fr-FR"},{"@type":"NewsMediaOrganization","@id":"https:\/\/dicodusport.fr\/blog\/#organization","name":"Dicodusport","url":"https:\/\/dicodusport.fr\/blog\/","logo":{"@type":"ImageObject","inLanguage":"fr-FR","@id":"https:\/\/dicodusport.fr\/blog\/#\/schema\/logo\/image\/","url":"https:\/\/dicodusport.fr\/blog\/wp-content\/uploads\/2020\/06\/cropped-LOGO-DICODUSPORT-2020-SANS-FOND-SANS-TEXTE.png","contentUrl":"https:\/\/dicodusport.fr\/blog\/wp-content\/uploads\/2020\/06\/cropped-LOGO-DICODUSPORT-2020-SANS-FOND-SANS-TEXTE.png","width":512,"height":512,"caption":"Dicodusport"},"image":{"@id":"https:\/\/dicodusport.fr\/blog\/#\/schema\/logo\/image\/"},"sameAs":["https:\/\/www.facebook.com\/dicodusport","https:\/\/x.com\/dicodusport","https:\/\/www.instagram.com\/dicodusport\/","https:\/\/www.youtube.com\/channel\/UC7V2KZ5sd3htJivAbA4ZG3w"],"description":"Dicodusport est l'encyclop\u00e9die de l'actualit\u00e9 sportive.","email":"bonjour@dicodusport.fr","legalName":"DICODUSPORT","foundingDate":"2018-01-14","vatID":"FR71834470973","taxID":"83447097300043","numberOfEmployees":{"@type":"QuantitativeValue","minValue":"1","maxValue":"10"}},{"@type":"Person","@id":"https:\/\/dicodusport.fr\/blog\/#\/schema\/person\/463bd3fdf7997eaf381a70f42317d8db","name":"Victor Friot","image":{"@type":"ImageObject","inLanguage":"fr-FR","@id":"https:\/\/dicodusport.fr\/blog\/#\/schema\/person\/image\/","url":"https:\/\/dicodusport.fr\/blog\/wp-content\/uploads\/2020\/06\/LOGO-DICODUSPORT-2020-SANS-FOND-SANS-TEXTE-150x150.png","contentUrl":"https:\/\/dicodusport.fr\/blog\/wp-content\/uploads\/2020\/06\/LOGO-DICODUSPORT-2020-SANS-FOND-SANS-TEXTE-150x150.png","caption":"Victor Friot"},"url":"https:\/\/dicodusport.fr\/blog\/author\/victor-friot\/"}]}},"_links":{"self":[{"href":"https:\/\/dicodusport.fr\/blog\/wp-json\/wp\/v2\/posts\/176005","targetHints":{"allow":["GET"]}}],"collection":[{"href":"https:\/\/dicodusport.fr\/blog\/wp-json\/wp\/v2\/posts"}],"about":[{"href":"https:\/\/dicodusport.fr\/blog\/wp-json\/wp\/v2\/types\/post"}],"author":[{"embeddable":true,"href":"https:\/\/dicodusport.fr\/blog\/wp-json\/wp\/v2\/users\/60"}],"replies":[{"embeddable":true,"href":"https:\/\/dicodusport.fr\/blog\/wp-json\/wp\/v2\/comments?post=176005"}],"version-history":[{"count":1,"href":"https:\/\/dicodusport.fr\/blog\/wp-json\/wp\/v2\/posts\/176005\/revisions"}],"predecessor-version":[{"id":611520,"href":"https:\/\/dicodusport.fr\/blog\/wp-json\/wp\/v2\/posts\/176005\/revisions\/611520"}],"wp:featuredmedia":[{"embeddable":true,"href":"https:\/\/dicodusport.fr\/blog\/wp-json\/wp\/v2\/media\/176015"}],"wp:attachment":[{"href":"https:\/\/dicodusport.fr\/blog\/wp-json\/wp\/v2\/media?parent=176005"}],"wp:term":[{"taxonomy":"category","embeddable":true,"href":"https:\/\/dicodusport.fr\/blog\/wp-json\/wp\/v2\/categories?post=176005"},{"taxonomy":"post_tag","embeddable":true,"href":"https:\/\/dicodusport.fr\/blog\/wp-json\/wp\/v2\/tags?post=176005"}],"curies":[{"name":"wp","href":"https:\/\/api.w.org\/{rel}","templated":true}]}}