{"id":176022,"date":"2021-10-26T08:15:37","date_gmt":"2021-10-26T06:15:37","guid":{"rendered":"https:\/\/dicodusport.fr\/blog\/?p=176022"},"modified":"2021-10-26T08:05:39","modified_gmt":"2021-10-26T06:05:39","slug":"le-programme-des-yonex-internationaux-de-france-de-badminton","status":"publish","type":"post","link":"https:\/\/dicodusport.fr\/blog\/le-programme-des-yonex-internationaux-de-france-de-badminton\/","title":{"rendered":"Le programme des Yonex Internationaux de France de Badminton"},"content":{"rendered":"<p style=\"text-align: justify;\"><em><strong><a href=\"https:\/\/dicodusport.fr\/blog\/actualites\/badminton\/\">BADMINTON<\/a> &#8211; Du 26 au 31 octobre 2021, les Yonex Internationaux de France se d\u00e9rouleront au stade Pierre de Coubertin \u00e0 Paris. Les meilleurs mondiaux seront l\u00e0 pour un programme all\u00e9chant.<\/strong><\/em><\/p>\n<p style=\"text-align: justify;\">Devenus depuis plus de 10 ans <strong>une des 12 plus grandes \u00e9tapes du circuit international<\/strong>, les Internationaux de France sont une r\u00e9f\u00e9rence dans le monde du badminton. <strong>La salle Pierre de Coubertin \u00e0 Paris<\/strong> accueille encore cette ann\u00e9e un \u00e9v\u00e8nement qui rassemble <strong>les meilleurs joueurs au monde<\/strong> sur les cinq tableaux (simple hommes, simple dames, double hommes, double dames et double mixte). Sur l\u2019\u00e9dition pr\u00e9c\u00e9dente en 2019, sur 6 jours de comp\u00e9tition 24 pays \u00e9taient repr\u00e9sent\u00e9s, avec 19 000 spectateurs pr\u00e9sents et 154 matchs jou\u00e9s.<\/p>\n<h2 style=\"text-align: justify;\">Les meilleurs mondiaux seront l\u00e0 chez les hommes<\/h2>\n<blockquote class=\"twitter-tweet\">\n<p dir=\"ltr\" lang=\"en\">Olympic Champion Viktor Axelsen &#x1f1e9;&#x1f1f0; and world champion Kento Momota &#x1f1ef;&#x1f1f5; give Odense fans a final for the ages.<a href=\"https:\/\/twitter.com\/hashtag\/BWFWorldTour?src=hash&amp;ref_src=twsrc%5Etfw\">#BWFWorldTour<\/a> <a href=\"https:\/\/twitter.com\/hashtag\/DenmarkOpen2021?src=hash&amp;ref_src=twsrc%5Etfw\">#DenmarkOpen2021<\/a> <a href=\"https:\/\/twitter.com\/hashtag\/RaiseARacket?src=hash&amp;ref_src=twsrc%5Etfw\">#RaiseARacket<\/a> &#x1f3f8; <a href=\"https:\/\/t.co\/eiyhzeeijQ\">pic.twitter.com\/eiyhzeeijQ<\/a><\/p>\n<p>\u2014 BWF (@bwfmedia) <a href=\"https:\/\/twitter.com\/bwfmedia\/status\/1452315864892596237?ref_src=twsrc%5Etfw\">October 24, 2021<\/a><\/p><\/blockquote>\n<p><script async src=\"https:\/\/platform.twitter.com\/widgets.js\" charset=\"utf-8\"><\/script><\/p>\n<p style=\"text-align: justify;\">En simple hommes, le n\u00b01 mondial <strong>Kento Momota<\/strong> (Japon) sera pr\u00e9sent, tout comme le Danois <strong>Viktor Axelsen<\/strong> (n\u00b02 et champion olympique). Les deux hommes se retrouveront peut-\u00eatre pour une revanche, quelques jours apr\u00e8s leur affrontement en finale de l&rsquo;Open de Danemark, o\u00f9 Axelsen est sorti victorieux. Les spectateurs pr\u00e9sents \u00e0 Coubertin en auront \u00e0 coup s\u00fbr pour leur argent si pareil affrontement venait \u00e0 se reproduire.<\/p>\n<p style=\"text-align: justify;\">Au premier tour, Momota rencontrera l\u2019Indien <strong>Srikanth Kidambi<\/strong> (n\u00b014), vainqueur \u00e0 Paris en 2017. <strong>Anders Antonsen<\/strong> (n\u00b03) et <strong>Jonathan Christie<\/strong> (n\u00b07), m\u00e9daill\u00e9 d\u2019argent aux Internationaux de France 2019, font \u00e9galement partie de ce haut de tableau. \u00c0 noter que <strong>Chou Tien Chen<\/strong> (n\u00b04 \u2013 Taipei) pourrait retrouver sur sa route en quarts de finale l\u2019Indon\u00e9sien <strong>Anthony Sinisuka Ginting<\/strong> (n\u00b05), en bronze en 2019 et aux Jeux de Tokyo, pour un choc qui s&rsquo;annoncerait explosif.<\/p>\n<p style=\"text-align: justify;\">C\u00f4t\u00e9 fran\u00e7ais, trois hommes seront \u00e0 domicile lors de ces Internationaux de France : <strong>Toma Junior Popov<\/strong> (n\u00b034), <strong>Brice Leverdez<\/strong> (n\u00b037) et <strong>Thomas Rouxel<\/strong> (n\u00b042). Leurs parcours respectifs ne seront \u00e9videmment pas simples et il leur faudra sortir des rencontres de haut vol pour acc\u00e9der au tableau final.<\/p>\n<blockquote class=\"twitter-tweet\">\n<p dir=\"ltr\" lang=\"fr\">Les Fran\u00e7ais commencent leur entra\u00eenement pour les <a href=\"https:\/\/twitter.com\/hashtag\/YonexIFB?src=hash&amp;ref_src=twsrc%5Etfw\">#YonexIFB<\/a> &#x1f525;&#x1f525;<\/p>\n<p>Venez les encourager d\u00e8s demain au Stade Pierre de Coubertin \u00e0 Paris ! &#x1f3f8; <a href=\"https:\/\/t.co\/plNVG4M32P\">pic.twitter.com\/plNVG4M32P<\/a><\/p>\n<p>\u2014 FFBaD (@FFBaD) <a href=\"https:\/\/twitter.com\/FFBaD\/status\/1452634417302736900?ref_src=twsrc%5Etfw\">October 25, 2021<\/a><\/p><\/blockquote>\n<p><script async src=\"https:\/\/platform.twitter.com\/widgets.js\" charset=\"utf-8\"><\/script><\/p>\n<h2 style=\"text-align: justify;\">Chez les femmes, trois Fran\u00e7aises au programme<\/h2>\n<p style=\"text-align: justify;\">Nous l&rsquo;avions vu \u00e0 Tokyo et elle n&rsquo;avait pas d\u00e9m\u00e9rit\u00e9 : la Bretonne <strong>Qi Xuefei<\/strong>, 41<sup>\u00e8me<\/sup> mondiale, a finalement d\u00e9clar\u00e9 forfait. Pour la remplacer c&rsquo;est finalement <strong>Yaelle Hoyaux<\/strong> (n\u00b074) qui sera pr\u00e9sente en derni\u00e8re minute \u00e0 Coubertin pour porter les couleurs bleu-blanc-rouge. Elle sera accompagn\u00e9e de <strong>Marie Batomene<\/strong>, 59<sup>\u00e8me<\/sup> mondiale et de <strong>L\u00e9onice Huet<\/strong> (n\u00b069). Dans les autres joueuses en lice pour le simple dames, la tenante du titre<strong> An Se Young<\/strong> (n\u00b08) viendra remettre son titre en jeu. Sa partie de tableau sera relev\u00e9e avec une confrontation possible avec la danoise <strong>Mia Blichfeldt<\/strong> (n\u00b012) d\u00e8s le second tour.<\/p>\n<p style=\"text-align: justify;\">T\u00eate de s\u00e9rie n\u00b01 de la comp\u00e9tition et num\u00e9ro 5 mondiale, <strong>Akane Yamaguchi<\/strong> (Japon) retrouvera pour son premier match la Cor\u00e9enne <strong>Kim Gaeun<\/strong> (n\u00b017), qu\u2019elle a battue aux Jeux Olympiques cet \u00e9t\u00e9. L\u2019Indienne <strong>V. Sindhu Pusarla<\/strong>\u00a0(n\u00b07), class\u00e9e t\u00eate de s\u00e9rie n\u00b03, m\u00e9daill\u00e9e de bronze aux Jeux Olympiques de Tokyo, sera dans une partie de tableau plus facile qui devrait lui permettre d\u2019atteindre les quarts de finale.<\/p>\n<h2 style=\"text-align: justify;\">Trois paires bleu\/blanc\/rouge en place pour le double hommes<\/h2>\n<p style=\"text-align: justify;\">En double hommes, les num\u00e9ros 1 mondiaux <strong>Sukamuljo\/Gideon<\/strong>, vainqueurs sur la derni\u00e8re \u00e9dition, auront un tableau favorable qui devrait leur permettre d\u2019atteindre les quarts sans difficult\u00e9s. La paire m\u00e9daill\u00e9e de bronze aux Jeux Olympiques de Tokyo, <strong>Chia\/Soh<\/strong> (n\u00b08) peut esp\u00e9rer monter sur le podium avec une premi\u00e8re confrontation face \u00e0 leurs homologues malaisiens <strong>Goh\/Low<\/strong>. En cas de victoire ils pourraient rencontrer les Fran\u00e7ais <strong>Corv\u00e9e\/Labar<\/strong> (n\u00b0116) au second tour, qui ont les moyens de gagner leur premier match face \u00e0 une autre paire malaisienne, class\u00e9e 153<sup>\u00e8me<\/sup> mondiale. Les Indiens <strong>Shetty\/Rankireddy<\/strong> (n\u00b010), finalistes de la derni\u00e8re \u00e9dition, peuvent pr\u00e9tendre \u00e9galement \u00e0 une place dans le dernier quart.<\/p>\n<blockquote class=\"twitter-tweet\">\n<p dir=\"ltr\" lang=\"fr\"><a href=\"https:\/\/twitter.com\/hashtag\/YonexIFB?src=hash&amp;ref_src=twsrc%5Etfw\">#YonexIFB<\/a> : J-4 !<br \/>\nOn regarde de plus pr\u00e8s le 1er tour du double hommes. Prometteur non ?! &#x1f440;<\/p>\n<p>&#x1f1e9;&#x1f1f0; ASTRUP\/RASMUSSEN (n\u00b011) &#x1f19a; SAITO\/KOGA (n\u00b027) &#x1f1ef;&#x1f1f5;<br \/>\n&#x1f1ee;&#x1f1f3; RANKIREDDY\/SHETTY (n\u00b010) &#x1f19a; YANG Po-Hsuan\/LEE Jhe-Huei (n\u00b028, TPE)<br \/>\n&#x1f1eb;&#x1f1f7; POPOV\/POPOV (n\u00b036) &#x1f19a; LUNDGAARD\/THYRRI (n\u00b052) &#x1f1e9;&#x1f1f0; <a href=\"https:\/\/t.co\/kJ8kCpkDXL\">pic.twitter.com\/kJ8kCpkDXL<\/a><\/p>\n<p>\u2014 FFBaD (@FFBaD) <a href=\"https:\/\/twitter.com\/FFBaD\/status\/1451517691597103126?ref_src=twsrc%5Etfw\">October 22, 2021<\/a><\/p><\/blockquote>\n<p><script async src=\"https:\/\/platform.twitter.com\/widgets.js\" charset=\"utf-8\"><\/script><\/p>\n<p style=\"text-align: justify;\">L\u2019Europe sera notamment repr\u00e9sent\u00e9e par la paire danoise <strong>Astrum\/Rasmussen<\/strong> (n\u00b011) qui devrait passer les premiers tours pour ensuite affronter normalement les num\u00e9ros 2 mondiaux <strong>Setiawan\/Ahsan <\/strong>(Indon\u00e9sie), 4<sup>\u00e8mes<\/sup> aux Jeux de Tokyo. Enfin, c\u00f4t\u00e9 fran\u00e7ais, les paires <strong>Christo Popov\/Toma Junior Popov<\/strong> (n\u00b039) et <strong>Fabien Delrue\/William Villeger<\/strong> (n\u00b089) devront batailler et sortir un exploit pour se passer au tour suivant.<\/p>\n<h2>Peu de Tricolores dans les deux derniers tableaux<\/h2>\n<p style=\"text-align: justify;\">En doubles dames, le tableau est \u00e9galement tr\u00e8s relev\u00e9. <strong>Lee Sohee et Shing Seungchan<\/strong>, 4<sup>\u00e8mes<\/sup> mondiales et class\u00e9es t\u00eates de s\u00e9rie n\u00b01, pourraient croiser la route des <strong>s\u0153urs Stoeva<\/strong> (n\u00b012, t\u00eate de s\u00e9rie n\u00b05) d\u00e8s les quarts de finale. Au niveau des paires fran\u00e7aises, deux \u00e9quipes \u00e9taient engag\u00e9es. <strong>L\u00e9a Palermo\/Delphine Delrue<\/strong> ont d\u00fb d\u00e9clarer forfait suite \u00e0 la blessure de <strong>L\u00e9a Palermo<\/strong> (rupture des ligaments crois\u00e9s et d\u00e9placement du m\u00e9nisque). N\u00e9anmoins, la paire<strong> Anne Tran\/Margot Lambert<\/strong> (n\u00b0356) sera bien oppos\u00e9e aux Anglaises <strong>Smith\/Birch<\/strong> (n\u00b014, t\u00eates de s\u00e9ries n\u00b06). Au vu des rankings respectifs, une surprise est malheureusement peu probable pour nos tricolores.<\/p>\n<p style=\"text-align: justify;\">En double mixte, la paire indon\u00e9sienne<strong> Jordan\/Oktavianti<\/strong> (n\u00b04) viendra d\u00e9fendre son titre \u00e0 Paris. T\u00eate de s\u00e9rie n\u00b02, ils devraient acc\u00e9der facilement aux quarts de finale. Les n\u00b03 mondiaux et vainqueurs des finales du World Tour 2020, <strong>Puavaranukroh\/Taerattanachai<\/strong> (n\u00b03 et t\u00eates de s\u00e9ries n\u00b01 &#8211; Tha\u00eflande) seront favoris de la comp\u00e9tition. \u00c0 noter que le Fran\u00e7ais <strong>Ronan Labar<\/strong> sera associ\u00e9 \u00e0 l\u2019australienne <strong>Gronva Somerville<\/strong> dans ce tableau de double mixte.<\/p>\n<p style=\"text-align: justify;\">Malheureusement, la paire fran\u00e7aise <strong>Thom Gicquel\/Delphine Delrue<\/strong> (n\u00b010), qui \u00e9tait pourtant class\u00e9e t\u00eates de s\u00e9ries n\u00b06, a du d\u00e9clarer <strong>forfait \u00e0 la derni\u00e8re minute<\/strong>, suite \u00e0 une l\u00e9sion au grand adducteur contract\u00e9e par Thom Gicquel. Un coup dur pour Thom et un nouveau coup du sort du destin pour Delphine, qui aurait du jouer sur deux tableaux en double mais a vu ses deux partenaires se blesser quelques jours avant le d\u00e9but de la comp\u00e9tition.<\/p>\n<p style=\"text-align: justify;\"><strong>D\u00e9but de la comp\u00e9tition au stade Pierre de Coubertin ce mardi 26 octobre avec les 16<sup>\u00e8mes<\/sup> de finales, de 10h \u00e0 19h. Les finales auront lieu le dimanche 31 octobre, de 13h \u00e0 18h.<\/strong><\/p>\n","protected":false},"excerpt":{"rendered":"<p>BADMINTON &#8211; Du 26 au 31 octobre 2021, les Yonex Internationaux de France se d\u00e9rouleront au stade Pierre de Coubertin \u00e0 Paris. Les meilleurs mondiaux seront l\u00e0 pour un programme all\u00e9chant.<\/p>\n","protected":false},"author":21,"featured_media":176050,"comment_status":"open","ping_status":"closed","sticky":false,"template":"","format":"standard","meta":{"_acf_changed":false,"_daextam_enable_autolinks":"","footnotes":""},"categories":[13604],"tags":[],"class_list":["post-176022","post","type-post","status-publish","format-standard","has-post-thumbnail","hentry","category-badminton"],"acf":[],"yoast_head":"<!-- This site is optimized with the Yoast SEO Premium plugin v26.7 (Yoast SEO v26.7) - https:\/\/yoast.com\/wordpress\/plugins\/seo\/ -->\n<title>Le programme des Yonex Internationaux de France de Badminton<\/title>\n<meta name=\"description\" content=\"BADMINTON - Du 26 au 31 octobre 2021, les meilleurs badistes mondiaux s&#039;affronteront lors des Internationaux de France au stade Coubertin.\" \/>\n<meta name=\"robots\" content=\"index, follow, max-snippet:-1, max-image-preview:large, max-video-preview:-1\" \/>\n<link rel=\"canonical\" href=\"https:\/\/dicodusport.fr\/blog\/le-programme-des-yonex-internationaux-de-france-de-badminton\/\" \/>\n<meta property=\"og:locale\" content=\"fr_FR\" \/>\n<meta property=\"og:type\" content=\"article\" \/>\n<meta property=\"og:title\" content=\"Le programme des Yonex Internationaux de France de Badminton\" \/>\n<meta property=\"og:description\" content=\"BADMINTON - Du 26 au 31 octobre 2021, les meilleurs badistes mondiaux s&#039;affronteront lors des Internationaux de France au stade Coubertin.\" \/>\n<meta property=\"og:url\" content=\"https:\/\/dicodusport.fr\/blog\/le-programme-des-yonex-internationaux-de-france-de-badminton\/\" \/>\n<meta property=\"og:site_name\" content=\"Dicodusport\" \/>\n<meta property=\"article:publisher\" content=\"https:\/\/www.facebook.com\/dicodusport\" \/>\n<meta property=\"article:published_time\" content=\"2021-10-26T06:15:37+00:00\" \/>\n<meta property=\"og:image\" content=\"https:\/\/dicodusport.fr\/blog\/wp-content\/uploads\/2021\/10\/Le-programme-des-Yonex-Internationaux-de-France-de-Badminton.png\" \/>\n\t<meta property=\"og:image:width\" content=\"800\" \/>\n\t<meta property=\"og:image:height\" content=\"445\" \/>\n\t<meta property=\"og:image:type\" content=\"image\/png\" \/>\n<meta name=\"author\" content=\"Mathieu Veillon\" \/>\n<meta name=\"twitter:card\" content=\"summary_large_image\" \/>\n<meta name=\"twitter:title\" content=\"Le programme des Yonex Internationaux de France de Badminton\" \/>\n<meta name=\"twitter:creator\" content=\"@https:\/\/twitter.com\/MathieuVeillon\" \/>\n<meta name=\"twitter:site\" content=\"@dicodusport\" \/>\n<script type=\"application\/ld+json\" class=\"yoast-schema-graph\">{\"@context\":\"https:\/\/schema.org\",\"@graph\":[{\"@type\":\"NewsArticle\",\"@id\":\"https:\/\/dicodusport.fr\/blog\/le-programme-des-yonex-internationaux-de-france-de-badminton\/#article\",\"isPartOf\":{\"@id\":\"https:\/\/dicodusport.fr\/blog\/le-programme-des-yonex-internationaux-de-france-de-badminton\/\"},\"author\":{\"name\":\"Mathieu Veillon\",\"@id\":\"https:\/\/dicodusport.fr\/blog\/#\/schema\/person\/9731cdc747db1ceb457a2bfa9180a806\"},\"headline\":\"Le programme des Yonex Internationaux de France de Badminton\",\"datePublished\":\"2021-10-26T06:15:37+00:00\",\"mainEntityOfPage\":{\"@id\":\"https:\/\/dicodusport.fr\/blog\/le-programme-des-yonex-internationaux-de-france-de-badminton\/\"},\"wordCount\":1212,\"commentCount\":0,\"publisher\":{\"@id\":\"https:\/\/dicodusport.fr\/blog\/#organization\"},\"image\":{\"@id\":\"https:\/\/dicodusport.fr\/blog\/le-programme-des-yonex-internationaux-de-france-de-badminton\/#primaryimage\"},\"thumbnailUrl\":\"https:\/\/dicodusport.fr\/blog\/wp-content\/uploads\/2021\/10\/Le-programme-des-Yonex-Internationaux-de-France-de-Badminton.png\",\"articleSection\":[\"Badminton\"],\"inLanguage\":\"fr-FR\",\"potentialAction\":[{\"@type\":\"CommentAction\",\"name\":\"Comment\",\"target\":[\"https:\/\/dicodusport.fr\/blog\/le-programme-des-yonex-internationaux-de-france-de-badminton\/#respond\"]}],\"copyrightYear\":\"2021\",\"copyrightHolder\":{\"@id\":\"https:\/\/dicodusport.fr\/blog\/#organization\"}},{\"@type\":\"WebPage\",\"@id\":\"https:\/\/dicodusport.fr\/blog\/le-programme-des-yonex-internationaux-de-france-de-badminton\/\",\"url\":\"https:\/\/dicodusport.fr\/blog\/le-programme-des-yonex-internationaux-de-france-de-badminton\/\",\"name\":\"Le programme des Yonex Internationaux de France de Badminton\",\"isPartOf\":{\"@id\":\"https:\/\/dicodusport.fr\/blog\/#website\"},\"primaryImageOfPage\":{\"@id\":\"https:\/\/dicodusport.fr\/blog\/le-programme-des-yonex-internationaux-de-france-de-badminton\/#primaryimage\"},\"image\":{\"@id\":\"https:\/\/dicodusport.fr\/blog\/le-programme-des-yonex-internationaux-de-france-de-badminton\/#primaryimage\"},\"thumbnailUrl\":\"https:\/\/dicodusport.fr\/blog\/wp-content\/uploads\/2021\/10\/Le-programme-des-Yonex-Internationaux-de-France-de-Badminton.png\",\"datePublished\":\"2021-10-26T06:15:37+00:00\",\"description\":\"BADMINTON - Du 26 au 31 octobre 2021, les meilleurs badistes mondiaux s'affronteront lors des Internationaux de France au stade Coubertin.\",\"breadcrumb\":{\"@id\":\"https:\/\/dicodusport.fr\/blog\/le-programme-des-yonex-internationaux-de-france-de-badminton\/#breadcrumb\"},\"inLanguage\":\"fr-FR\",\"potentialAction\":[{\"@type\":\"ReadAction\",\"target\":[\"https:\/\/dicodusport.fr\/blog\/le-programme-des-yonex-internationaux-de-france-de-badminton\/\"]}]},{\"@type\":\"ImageObject\",\"inLanguage\":\"fr-FR\",\"@id\":\"https:\/\/dicodusport.fr\/blog\/le-programme-des-yonex-internationaux-de-france-de-badminton\/#primaryimage\",\"url\":\"https:\/\/dicodusport.fr\/blog\/wp-content\/uploads\/2021\/10\/Le-programme-des-Yonex-Internationaux-de-France-de-Badminton.png\",\"contentUrl\":\"https:\/\/dicodusport.fr\/blog\/wp-content\/uploads\/2021\/10\/Le-programme-des-Yonex-Internationaux-de-France-de-Badminton.png\",\"width\":800,\"height\":445,\"caption\":\"Le programme des Yonex Internationaux de France de Badminton\"},{\"@type\":\"BreadcrumbList\",\"@id\":\"https:\/\/dicodusport.fr\/blog\/le-programme-des-yonex-internationaux-de-france-de-badminton\/#breadcrumb\",\"itemListElement\":[{\"@type\":\"ListItem\",\"position\":1,\"name\":\"Accueil\",\"item\":\"https:\/\/dicodusport.fr\/blog\/\"},{\"@type\":\"ListItem\",\"position\":2,\"name\":\"Le programme des Yonex Internationaux de France de Badminton\"}]},{\"@type\":\"WebSite\",\"@id\":\"https:\/\/dicodusport.fr\/blog\/#website\",\"url\":\"https:\/\/dicodusport.fr\/blog\/\",\"name\":\"Dicodusport\",\"description\":\"L&#039;encyclop\u00e9die de l&#039;actualit\u00e9 sportive\",\"publisher\":{\"@id\":\"https:\/\/dicodusport.fr\/blog\/#organization\"},\"potentialAction\":[{\"@type\":\"SearchAction\",\"target\":{\"@type\":\"EntryPoint\",\"urlTemplate\":\"https:\/\/dicodusport.fr\/blog\/?s={search_term_string}\"},\"query-input\":{\"@type\":\"PropertyValueSpecification\",\"valueRequired\":true,\"valueName\":\"search_term_string\"}}],\"inLanguage\":\"fr-FR\"},{\"@type\":\"NewsMediaOrganization\",\"@id\":\"https:\/\/dicodusport.fr\/blog\/#organization\",\"name\":\"Dicodusport\",\"url\":\"https:\/\/dicodusport.fr\/blog\/\",\"logo\":{\"@type\":\"ImageObject\",\"inLanguage\":\"fr-FR\",\"@id\":\"https:\/\/dicodusport.fr\/blog\/#\/schema\/logo\/image\/\",\"url\":\"https:\/\/dicodusport.fr\/blog\/wp-content\/uploads\/2020\/06\/cropped-LOGO-DICODUSPORT-2020-SANS-FOND-SANS-TEXTE.png\",\"contentUrl\":\"https:\/\/dicodusport.fr\/blog\/wp-content\/uploads\/2020\/06\/cropped-LOGO-DICODUSPORT-2020-SANS-FOND-SANS-TEXTE.png\",\"width\":512,\"height\":512,\"caption\":\"Dicodusport\"},\"image\":{\"@id\":\"https:\/\/dicodusport.fr\/blog\/#\/schema\/logo\/image\/\"},\"sameAs\":[\"https:\/\/www.facebook.com\/dicodusport\",\"https:\/\/x.com\/dicodusport\",\"https:\/\/www.instagram.com\/dicodusport\/\",\"https:\/\/www.youtube.com\/channel\/UC7V2KZ5sd3htJivAbA4ZG3w\"],\"description\":\"Dicodusport est l'encyclop\u00e9die de l'actualit\u00e9 sportive.\",\"email\":\"bonjour@dicodusport.fr\",\"legalName\":\"DICODUSPORT\",\"foundingDate\":\"2018-01-14\",\"vatID\":\"FR71834470973\",\"taxID\":\"83447097300043\",\"numberOfEmployees\":{\"@type\":\"QuantitativeValue\",\"minValue\":\"1\",\"maxValue\":\"10\"}},{\"@type\":\"Person\",\"@id\":\"https:\/\/dicodusport.fr\/blog\/#\/schema\/person\/9731cdc747db1ceb457a2bfa9180a806\",\"name\":\"Mathieu Veillon\",\"image\":{\"@type\":\"ImageObject\",\"inLanguage\":\"fr-FR\",\"@id\":\"https:\/\/dicodusport.fr\/blog\/#\/schema\/person\/image\/\",\"url\":\"https:\/\/dicodusport.fr\/blog\/wp-content\/uploads\/2021\/05\/Mathieu-Veillon-150x150.jpg\",\"contentUrl\":\"https:\/\/dicodusport.fr\/blog\/wp-content\/uploads\/2021\/05\/Mathieu-Veillon-150x150.jpg\",\"caption\":\"Mathieu Veillon\"},\"description\":\"Journaliste\/r\u00e9dacteur depuis septembre 2015 - Ma d\u00e9finition du bonheur ? Une galette-saucisse au Roazhon Park ou un caf\u00e9 devant un Lakers\/Celtics au petit matin. Fid\u00e8le membre de la team insomniaque de la r\u00e9dac, j\u2019ai le pouvoir de rester \u00e9veill\u00e9 jusqu\u2019\u00e0 l\u2019aube pour faire vivre aux lecteurs ma passion du sport. Ainsi, j\u2019\u00e9cris principalement sur la NBA, le biathlon, le cyclisme ou encore la F1. Comptez dans mes exploits sportifs le fait d\u2019avoir fait gagner le Tour de France 2018 \u00e0 Tony Gallopin sur Pro Cycling Manager, ou encore d\u2019avoir men\u00e9 l\u2019\u00e9quipe nationale de Bretagne en finale de Coupe du monde sur Football Manager.\",\"sameAs\":[\"https:\/\/x.com\/https:\/\/twitter.com\/MathieuVeillon\"],\"url\":\"https:\/\/dicodusport.fr\/blog\/author\/mathieu\/\"}]}<\/script>\n<!-- \/ Yoast SEO Premium plugin. -->","yoast_head_json":{"title":"Le programme des Yonex Internationaux de France de Badminton","description":"BADMINTON - Du 26 au 31 octobre 2021, les meilleurs badistes mondiaux s'affronteront lors des Internationaux de France au stade Coubertin.","robots":{"index":"index","follow":"follow","max-snippet":"max-snippet:-1","max-image-preview":"max-image-preview:large","max-video-preview":"max-video-preview:-1"},"canonical":"https:\/\/dicodusport.fr\/blog\/le-programme-des-yonex-internationaux-de-france-de-badminton\/","og_locale":"fr_FR","og_type":"article","og_title":"Le programme des Yonex Internationaux de France de Badminton","og_description":"BADMINTON - Du 26 au 31 octobre 2021, les meilleurs badistes mondiaux s'affronteront lors des Internationaux de France au stade Coubertin.","og_url":"https:\/\/dicodusport.fr\/blog\/le-programme-des-yonex-internationaux-de-france-de-badminton\/","og_site_name":"Dicodusport","article_publisher":"https:\/\/www.facebook.com\/dicodusport","article_published_time":"2021-10-26T06:15:37+00:00","og_image":[{"width":800,"height":445,"url":"https:\/\/dicodusport.fr\/blog\/wp-content\/uploads\/2021\/10\/Le-programme-des-Yonex-Internationaux-de-France-de-Badminton.png","type":"image\/png"}],"author":"Mathieu Veillon","twitter_card":"summary_large_image","twitter_title":"Le programme des Yonex Internationaux de France de Badminton","twitter_creator":"@https:\/\/twitter.com\/MathieuVeillon","twitter_site":"@dicodusport","schema":{"@context":"https:\/\/schema.org","@graph":[{"@type":"NewsArticle","@id":"https:\/\/dicodusport.fr\/blog\/le-programme-des-yonex-internationaux-de-france-de-badminton\/#article","isPartOf":{"@id":"https:\/\/dicodusport.fr\/blog\/le-programme-des-yonex-internationaux-de-france-de-badminton\/"},"author":{"name":"Mathieu Veillon","@id":"https:\/\/dicodusport.fr\/blog\/#\/schema\/person\/9731cdc747db1ceb457a2bfa9180a806"},"headline":"Le programme des Yonex Internationaux de France de Badminton","datePublished":"2021-10-26T06:15:37+00:00","mainEntityOfPage":{"@id":"https:\/\/dicodusport.fr\/blog\/le-programme-des-yonex-internationaux-de-france-de-badminton\/"},"wordCount":1212,"commentCount":0,"publisher":{"@id":"https:\/\/dicodusport.fr\/blog\/#organization"},"image":{"@id":"https:\/\/dicodusport.fr\/blog\/le-programme-des-yonex-internationaux-de-france-de-badminton\/#primaryimage"},"thumbnailUrl":"https:\/\/dicodusport.fr\/blog\/wp-content\/uploads\/2021\/10\/Le-programme-des-Yonex-Internationaux-de-France-de-Badminton.png","articleSection":["Badminton"],"inLanguage":"fr-FR","potentialAction":[{"@type":"CommentAction","name":"Comment","target":["https:\/\/dicodusport.fr\/blog\/le-programme-des-yonex-internationaux-de-france-de-badminton\/#respond"]}],"copyrightYear":"2021","copyrightHolder":{"@id":"https:\/\/dicodusport.fr\/blog\/#organization"}},{"@type":"WebPage","@id":"https:\/\/dicodusport.fr\/blog\/le-programme-des-yonex-internationaux-de-france-de-badminton\/","url":"https:\/\/dicodusport.fr\/blog\/le-programme-des-yonex-internationaux-de-france-de-badminton\/","name":"Le programme des Yonex Internationaux de France de Badminton","isPartOf":{"@id":"https:\/\/dicodusport.fr\/blog\/#website"},"primaryImageOfPage":{"@id":"https:\/\/dicodusport.fr\/blog\/le-programme-des-yonex-internationaux-de-france-de-badminton\/#primaryimage"},"image":{"@id":"https:\/\/dicodusport.fr\/blog\/le-programme-des-yonex-internationaux-de-france-de-badminton\/#primaryimage"},"thumbnailUrl":"https:\/\/dicodusport.fr\/blog\/wp-content\/uploads\/2021\/10\/Le-programme-des-Yonex-Internationaux-de-France-de-Badminton.png","datePublished":"2021-10-26T06:15:37+00:00","description":"BADMINTON - Du 26 au 31 octobre 2021, les meilleurs badistes mondiaux s'affronteront lors des Internationaux de France au stade Coubertin.","breadcrumb":{"@id":"https:\/\/dicodusport.fr\/blog\/le-programme-des-yonex-internationaux-de-france-de-badminton\/#breadcrumb"},"inLanguage":"fr-FR","potentialAction":[{"@type":"ReadAction","target":["https:\/\/dicodusport.fr\/blog\/le-programme-des-yonex-internationaux-de-france-de-badminton\/"]}]},{"@type":"ImageObject","inLanguage":"fr-FR","@id":"https:\/\/dicodusport.fr\/blog\/le-programme-des-yonex-internationaux-de-france-de-badminton\/#primaryimage","url":"https:\/\/dicodusport.fr\/blog\/wp-content\/uploads\/2021\/10\/Le-programme-des-Yonex-Internationaux-de-France-de-Badminton.png","contentUrl":"https:\/\/dicodusport.fr\/blog\/wp-content\/uploads\/2021\/10\/Le-programme-des-Yonex-Internationaux-de-France-de-Badminton.png","width":800,"height":445,"caption":"Le programme des Yonex Internationaux de France de Badminton"},{"@type":"BreadcrumbList","@id":"https:\/\/dicodusport.fr\/blog\/le-programme-des-yonex-internationaux-de-france-de-badminton\/#breadcrumb","itemListElement":[{"@type":"ListItem","position":1,"name":"Accueil","item":"https:\/\/dicodusport.fr\/blog\/"},{"@type":"ListItem","position":2,"name":"Le programme des Yonex Internationaux de France de Badminton"}]},{"@type":"WebSite","@id":"https:\/\/dicodusport.fr\/blog\/#website","url":"https:\/\/dicodusport.fr\/blog\/","name":"Dicodusport","description":"L&#039;encyclop\u00e9die de l&#039;actualit\u00e9 sportive","publisher":{"@id":"https:\/\/dicodusport.fr\/blog\/#organization"},"potentialAction":[{"@type":"SearchAction","target":{"@type":"EntryPoint","urlTemplate":"https:\/\/dicodusport.fr\/blog\/?s={search_term_string}"},"query-input":{"@type":"PropertyValueSpecification","valueRequired":true,"valueName":"search_term_string"}}],"inLanguage":"fr-FR"},{"@type":"NewsMediaOrganization","@id":"https:\/\/dicodusport.fr\/blog\/#organization","name":"Dicodusport","url":"https:\/\/dicodusport.fr\/blog\/","logo":{"@type":"ImageObject","inLanguage":"fr-FR","@id":"https:\/\/dicodusport.fr\/blog\/#\/schema\/logo\/image\/","url":"https:\/\/dicodusport.fr\/blog\/wp-content\/uploads\/2020\/06\/cropped-LOGO-DICODUSPORT-2020-SANS-FOND-SANS-TEXTE.png","contentUrl":"https:\/\/dicodusport.fr\/blog\/wp-content\/uploads\/2020\/06\/cropped-LOGO-DICODUSPORT-2020-SANS-FOND-SANS-TEXTE.png","width":512,"height":512,"caption":"Dicodusport"},"image":{"@id":"https:\/\/dicodusport.fr\/blog\/#\/schema\/logo\/image\/"},"sameAs":["https:\/\/www.facebook.com\/dicodusport","https:\/\/x.com\/dicodusport","https:\/\/www.instagram.com\/dicodusport\/","https:\/\/www.youtube.com\/channel\/UC7V2KZ5sd3htJivAbA4ZG3w"],"description":"Dicodusport est l'encyclop\u00e9die de l'actualit\u00e9 sportive.","email":"bonjour@dicodusport.fr","legalName":"DICODUSPORT","foundingDate":"2018-01-14","vatID":"FR71834470973","taxID":"83447097300043","numberOfEmployees":{"@type":"QuantitativeValue","minValue":"1","maxValue":"10"}},{"@type":"Person","@id":"https:\/\/dicodusport.fr\/blog\/#\/schema\/person\/9731cdc747db1ceb457a2bfa9180a806","name":"Mathieu Veillon","image":{"@type":"ImageObject","inLanguage":"fr-FR","@id":"https:\/\/dicodusport.fr\/blog\/#\/schema\/person\/image\/","url":"https:\/\/dicodusport.fr\/blog\/wp-content\/uploads\/2021\/05\/Mathieu-Veillon-150x150.jpg","contentUrl":"https:\/\/dicodusport.fr\/blog\/wp-content\/uploads\/2021\/05\/Mathieu-Veillon-150x150.jpg","caption":"Mathieu Veillon"},"description":"Journaliste\/r\u00e9dacteur depuis septembre 2015 - Ma d\u00e9finition du bonheur ? Une galette-saucisse au Roazhon Park ou un caf\u00e9 devant un Lakers\/Celtics au petit matin. Fid\u00e8le membre de la team insomniaque de la r\u00e9dac, j\u2019ai le pouvoir de rester \u00e9veill\u00e9 jusqu\u2019\u00e0 l\u2019aube pour faire vivre aux lecteurs ma passion du sport. Ainsi, j\u2019\u00e9cris principalement sur la NBA, le biathlon, le cyclisme ou encore la F1. Comptez dans mes exploits sportifs le fait d\u2019avoir fait gagner le Tour de France 2018 \u00e0 Tony Gallopin sur Pro Cycling Manager, ou encore d\u2019avoir men\u00e9 l\u2019\u00e9quipe nationale de Bretagne en finale de Coupe du monde sur Football Manager.","sameAs":["https:\/\/x.com\/https:\/\/twitter.com\/MathieuVeillon"],"url":"https:\/\/dicodusport.fr\/blog\/author\/mathieu\/"}]}},"_links":{"self":[{"href":"https:\/\/dicodusport.fr\/blog\/wp-json\/wp\/v2\/posts\/176022","targetHints":{"allow":["GET"]}}],"collection":[{"href":"https:\/\/dicodusport.fr\/blog\/wp-json\/wp\/v2\/posts"}],"about":[{"href":"https:\/\/dicodusport.fr\/blog\/wp-json\/wp\/v2\/types\/post"}],"author":[{"embeddable":true,"href":"https:\/\/dicodusport.fr\/blog\/wp-json\/wp\/v2\/users\/21"}],"replies":[{"embeddable":true,"href":"https:\/\/dicodusport.fr\/blog\/wp-json\/wp\/v2\/comments?post=176022"}],"version-history":[{"count":0,"href":"https:\/\/dicodusport.fr\/blog\/wp-json\/wp\/v2\/posts\/176022\/revisions"}],"wp:featuredmedia":[{"embeddable":true,"href":"https:\/\/dicodusport.fr\/blog\/wp-json\/wp\/v2\/media\/176050"}],"wp:attachment":[{"href":"https:\/\/dicodusport.fr\/blog\/wp-json\/wp\/v2\/media?parent=176022"}],"wp:term":[{"taxonomy":"category","embeddable":true,"href":"https:\/\/dicodusport.fr\/blog\/wp-json\/wp\/v2\/categories?post=176022"},{"taxonomy":"post_tag","embeddable":true,"href":"https:\/\/dicodusport.fr\/blog\/wp-json\/wp\/v2\/tags?post=176022"}],"curies":[{"name":"wp","href":"https:\/\/api.w.org\/{rel}","templated":true}]}}