{"id":176134,"date":"2021-10-26T18:29:56","date_gmt":"2021-10-26T16:29:56","guid":{"rendered":"https:\/\/dicodusport.fr\/blog\/?p=176134&#038;preview=true&#038;preview_id=176134"},"modified":"2021-10-26T22:33:22","modified_gmt":"2021-10-26T20:33:22","slug":"coupe-davis-djokovic-en-sera-pas-zverev-ni-monfils-point-sur-tetes-d-affiche","status":"publish","type":"post","link":"https:\/\/dicodusport.fr\/blog\/coupe-davis-djokovic-en-sera-pas-zverev-ni-monfils-point-sur-tetes-d-affiche\/","title":{"rendered":"Coupe Davis : Djokovic en sera, pas Zverev ni Monfils, le point sur les t\u00eates d&rsquo;affiche"},"content":{"rendered":"<p style=\"text-align: justify;\"><strong><em>COUPE DAVIS &#8211; Le Serbe Novak Djokovic fera son grand retour \u00e0 la comp\u00e9tition \u00e0 l&rsquo;occasion de la Coupe Davis. Toujours en d\u00e9saccord avec le format, Alexander Zverev refuse toujours d&rsquo;y participer. C\u00f4t\u00e9 fran\u00e7ais, Ga\u00ebl Monfils n&rsquo;a pas \u00e9t\u00e9 s\u00e9lectionn\u00e9, au contraire d&rsquo;Arthur Rinderknech. L&rsquo;\u00e9preuve aura lieu du 25 novembre au 5 d\u00e9cembre.<\/em><\/strong><\/p>\n<h2 style=\"text-align: justify;\">Novak Djokovic de retour \u00e0 la comp\u00e9tition<\/h2>\n<p style=\"text-align: justify;\">Un temps incertain, <strong>Novak Djokovic<\/strong> sera bien pr\u00e9sent pour disputer la Coupe Davis. Depuis sa d\u00e9faite en finale de l&rsquo;US Open face \u00e0 Medvedev le 12 septembre dernier, le privant du Grand Chelem absolu, et apr\u00e8s un \u00e9t\u00e9 \u00e9galement marqu\u00e9 par sa d\u00e9faite en demi-finale des Jeux Olympiques face \u00e0 <strong>Alexander Zverev<\/strong>, le Serbe se remet physiquement mais surtout mentalement de ces deux revers cinglants. Apr\u00e8s Paris et le Masters de fin d&rsquo;ann\u00e9e, il jouera sous les couleurs de son \u00e9quipe nationale. Il participera aux phases de poule de la Coupe Davis \u00e0 partir du 25 novembre prochain \u00e0 Innsbruck. La Serbie battra le fer avec l&rsquo;Allemagne et le pays h\u00f4te, l&rsquo;Autriche.<\/p>\n<blockquote class=\"twitter-tweet\">\n<p dir=\"ltr\" lang=\"en\">Group stage and quarter-finals will be played in Madrid, Innsbruck and Turin. Madrid will host the semi-finals &amp; final of the tournament<\/p>\n<p>MADRID<br \/>\nA: &#x1f1ea;&#x1f1f8;&#x1f1f7;&#x1f1fa;&#x1f1ea;&#x1f1e8;<br \/>\nB: &#x1f1e8;&#x1f1e6;&#x1f1f8;&#x1f1ea;&#x1f1f0;&#x1f1ff;<\/p>\n<p>INNSBRUCK<br \/>\nC: &#x1f1eb;&#x1f1f7;&#x1f1ec;&#x1f1e7;&#x1f1e8;&#x1f1ff;<br \/>\nF: &#x1f1f7;&#x1f1f8;&#x1f1e9;&#x1f1ea;&#x1f1e6;&#x1f1f9;<\/p>\n<p>TURIN<br \/>\nD: &#x1f1ed;&#x1f1f7;&#x1f1e6;&#x1f1fa;&#x1f1ed;&#x1f1fa;<br \/>\nE: &#x1f1fa;&#x1f1f8;&#x1f1ee;&#x1f1f9;&#x1f1e8;&#x1f1f4;<\/p>\n<p>More info : <a href=\"https:\/\/t.co\/hh2bq5iOPr\">https:\/\/t.co\/hh2bq5iOPr<\/a> <a href=\"https:\/\/t.co\/BLoxRSVT3n\">pic.twitter.com\/BLoxRSVT3n<\/a><\/p>\n<p>\u2014 Davis Cup (@DavisCup) <a href=\"https:\/\/twitter.com\/DavisCup\/status\/1381551027053268994?ref_src=twsrc%5Etfw\">April 12, 2021<\/a><\/p><\/blockquote>\n<p><script async src=\"https:\/\/platform.twitter.com\/widgets.js\" charset=\"utf-8\"><\/script><\/p>\n<h2 style=\"text-align: justify;\">Zverev et Nadal absents<\/h2>\n<p style=\"text-align: justify;\">Si la Serbie se qualifie, Novak Djokovic pourrait retrouver en phases finales \u00e0 Madrid un certain <strong>Daniil Medvedev<\/strong>. Avec <strong>Andrey Rublev<\/strong>, 6\u00e8me joueur \u00e0 l&rsquo;ATP, <strong>Aslan Karatsev<\/strong>, r\u00e9cent vainqueur du tournoi de Moscou, et <strong>Karen Khachanov<\/strong>, le deuxi\u00e8me joueur mondial et sa s\u00e9lection font office de favoris pour la deuxi\u00e8me \u00e9dition de la Coupe Davis sous son nouveau format. Les trois autres membres du Top 5 seront eux absents de l&rsquo;\u00e9preuve.<\/p>\n<p style=\"text-align: justify;\">La Gr\u00e8ce de <strong>Stefanos Tsitsipas<\/strong> n&rsquo;est pas qualifi\u00e9e.<strong> Rafael Nadal<\/strong> est lui forfait car toujours bless\u00e9 au pied. Il est d&rsquo;ailleurs remplac\u00e9 par le prodige <strong>Carlos Alcaraz<\/strong>. Quant \u00e0 <strong>Alexander Zverev<\/strong>, il a rappel\u00e9 dimanche en conf\u00e9rence de presse \u00e0 Vienne son d\u00e9saccord avec le format du tournoi. <em>\u00ab<\/em> <em>V<\/em><i>ous ne pouvez pas ruiner l&rsquo;histoire du tennis pour de l&rsquo;argent. Je ne l&rsquo;ai pas jou\u00e9e il y a deux ans et cette ann\u00e9e je vais faire la m\u00eame chose. Ce n&rsquo;est pas la vraie Coupe Davis. Le format devrait changer \u00bb. <\/i>R\u00e9cent vainqueur du Master 1000 d&rsquo;Indian Wells, <strong>Cameron Norrie<\/strong> m\u00e8nera la Grande-Bretagne, premier adversaire de la France.<\/p>\n<h2 style=\"text-align: justify;\">La France avec Rinderknech et Humbert, mais sans Monfils<\/h2>\n<p style=\"text-align: justify;\">S\u00e9bastien Grosjean, le s\u00e9lectionneur des Bleus, a lui aussi d\u00e9voil\u00e9 sa liste de cinq joueurs pour l&rsquo;\u00e9preuve. <strong>Ugo Humbert<\/strong>, <strong>Arthur Rinderknech<\/strong>, <strong>Richard Gasquet<\/strong>, <strong>Pierre-Hugues Herbert<\/strong> et <strong>Nicolas Mahut<\/strong> sont les Fran\u00e7ais retenus, contrairement \u00e0 <strong>Ga\u00ebl Monfils<\/strong>. Grosjean a justifi\u00e9 ses choix aupr\u00e8s de <em>L&rsquo;Equipe.<\/em> La s\u00e9lection <em>\u00ab<\/em> <em>est un m\u00e9lange de jeunesse et d&rsquo;exp\u00e9rience \u00bb<\/em>. M\u00eame s&rsquo;il n&rsquo;a plus gagn\u00e9 depuis le 8 ao\u00fbt dernier, <strong>Ugo Humbert<\/strong> est le \u00ab <em>num\u00e9ro un de l&rsquo;\u00e9quipe \u00bb<\/em>. A ses c\u00f4t\u00e9s, <strong>Arthur Rinderknech<\/strong> gr\u00e2ce \u00e0 ses 52 victoires cette saison, a convaincu le s\u00e9lectionneur : <em>\u00ab<\/em> <em>Ses r\u00e9sultats, son nombre de victoires, ses ambitions et son niveau de jeu font qu&rsquo;il m\u00e9rite cette s\u00e9lection \u00bb<\/em>.<\/p>\n<p style=\"text-align: justify;\">Concernant le cas Monfils, <strong>S\u00e9bastien Grosjean<\/strong> assure avoir discut\u00e9 avec le joueur qui <em>\u00ab comprend mon choix \u00bb<\/em>. M\u00eame si la possibilit\u00e9 de s\u00e9lectionner le 21\u00e8me joueur mondial <em>\u00ab <\/em><em>peut \u00eatre une \u00e9ventualit\u00e9 \u00bb<\/em> en fonction de ses prochains r\u00e9sultats indoor. <em>\u00ab <\/em><em>C&rsquo;est dans le r\u00e8glement, on a le droit de changer trois noms \u00bb.<\/em> Les Bleus joueront leurs matchs de groupe \u00e0 Innsbruck, face \u00e0 la Grande-Bretagne puis la R\u00e9publique Tch\u00e8que.<\/p>\n<blockquote class=\"twitter-tweet\">\n<p dir=\"ltr\" lang=\"fr\">&#x1f4ac; \u00ab\u00a0M\u00e9langer jeunesse et exp\u00e9rience\u00a0\u00bb<\/p>\n<p>Le capitaine de <a href=\"https:\/\/twitter.com\/DavisCup?ref_src=twsrc%5Etfw\">@DavisCup<\/a>, S\u00e9bastien Grosjean (<a href=\"https:\/\/twitter.com\/sebboca29?ref_src=twsrc%5Etfw\">@sebboca29<\/a>), explique sa s\u00e9lection pour la phase finale qui aura lieu \u00e0 partir du 25 novembre \u00e0 Innsbruck.<\/p>\n<p>&#x1f1eb;&#x1f1f7; ALLEZ LES BLEUS ! <a href=\"https:\/\/t.co\/SO4vPWpSdo\">pic.twitter.com\/SO4vPWpSdo<\/a><\/p>\n<p>\u2014 FFT (@FFTennis) <a href=\"https:\/\/twitter.com\/FFTennis\/status\/1452604503761604610?ref_src=twsrc%5Etfw\">October 25, 2021<\/a><\/p><\/blockquote>\n<p><script async src=\"https:\/\/platform.twitter.com\/widgets.js\" charset=\"utf-8\"><\/script><\/p>\n","protected":false},"excerpt":{"rendered":"<p>COUPE DAVIS &#8211; Le Serbe Novak Djokovic fera son grand retour \u00e0 la comp\u00e9tition \u00e0 l&rsquo;occasion de la Coupe Davis. Toujours en d\u00e9saccord avec le format, Alexander Zverev refuse toujours d&rsquo;y participer. C\u00f4t\u00e9 fran\u00e7ais, Ga\u00ebl Monfils n&rsquo;a pas \u00e9t\u00e9 s\u00e9lectionn\u00e9, au contraire d&rsquo;Arthur Rinderknech. L&rsquo;\u00e9preuve aura lieu du 25 novembre au 5 d\u00e9cembre.<\/p>\n","protected":false},"author":60,"featured_media":176144,"comment_status":"open","ping_status":"closed","sticky":false,"template":"","format":"standard","meta":{"_acf_changed":false,"_daextam_enable_autolinks":"","footnotes":""},"categories":[2302],"tags":[4371,2540,2804,3224],"class_list":["post-176134","post","type-post","status-publish","format-standard","has-post-thumbnail","hentry","category-tennis","tag-alexander-zverev","tag-coupe-davis","tag-gael-monfils","tag-novak-djokovic"],"acf":[],"yoast_head":"<!-- This site is optimized with the Yoast SEO Premium plugin v26.7 (Yoast SEO v26.7) - https:\/\/yoast.com\/wordpress\/plugins\/seo\/ -->\n<title>Coupe Davis : Djokovic en sera, pas Zverev ni Monfils, le point sur les t\u00eates d&#039;affiche<\/title>\n<meta name=\"description\" content=\"COUPE DAVIS - Novak Djokovic fera son grand retour \u00e0 la comp\u00e9tition lors de la Coupe Davis du 25 novembre au 5 d\u00e9cembre.\" \/>\n<meta name=\"robots\" content=\"index, follow, max-snippet:-1, max-image-preview:large, max-video-preview:-1\" \/>\n<link rel=\"canonical\" href=\"https:\/\/dicodusport.fr\/blog\/coupe-davis-djokovic-en-sera-pas-zverev-ni-monfils-point-sur-tetes-d-affiche\/\" \/>\n<meta property=\"og:locale\" content=\"fr_FR\" \/>\n<meta property=\"og:type\" content=\"article\" \/>\n<meta property=\"og:title\" content=\"Coupe Davis : Djokovic en sera, pas Zverev ni Monfils, le point sur les t\u00eates d&#039;affiche\" \/>\n<meta property=\"og:description\" content=\"COUPE DAVIS - Novak Djokovic fera son grand retour \u00e0 la comp\u00e9tition lors de la Coupe Davis du 25 novembre au 5 d\u00e9cembre.\" \/>\n<meta property=\"og:url\" content=\"https:\/\/dicodusport.fr\/blog\/coupe-davis-djokovic-en-sera-pas-zverev-ni-monfils-point-sur-tetes-d-affiche\/\" \/>\n<meta property=\"og:site_name\" content=\"Dicodusport\" \/>\n<meta property=\"article:publisher\" content=\"https:\/\/www.facebook.com\/dicodusport\" \/>\n<meta property=\"article:published_time\" content=\"2021-10-26T16:29:56+00:00\" \/>\n<meta property=\"article:modified_time\" content=\"2021-10-26T20:33:22+00:00\" \/>\n<meta property=\"og:image\" content=\"https:\/\/dicodusport.fr\/blog\/wp-content\/uploads\/2021\/10\/Coupe-Davis-Djokovic-en-sera-pas-Zverev-ni-Monfils-le-point-sur-les-tetes-daffiche-.png\" \/>\n\t<meta property=\"og:image:width\" content=\"800\" \/>\n\t<meta property=\"og:image:height\" content=\"445\" \/>\n\t<meta property=\"og:image:type\" content=\"image\/png\" \/>\n<meta name=\"author\" content=\"Victor Friot\" \/>\n<meta name=\"twitter:card\" content=\"summary_large_image\" \/>\n<meta name=\"twitter:title\" content=\"Coupe Davis : Djokovic en sera, pas Zverev ni Monfils, le point sur les t\u00eates d&#039;affiche\" \/>\n<meta name=\"twitter:creator\" content=\"@dicodusport\" \/>\n<meta name=\"twitter:site\" content=\"@dicodusport\" \/>\n<script type=\"application\/ld+json\" class=\"yoast-schema-graph\">{\"@context\":\"https:\/\/schema.org\",\"@graph\":[{\"@type\":\"NewsArticle\",\"@id\":\"https:\/\/dicodusport.fr\/blog\/coupe-davis-djokovic-en-sera-pas-zverev-ni-monfils-point-sur-tetes-d-affiche\/#article\",\"isPartOf\":{\"@id\":\"https:\/\/dicodusport.fr\/blog\/coupe-davis-djokovic-en-sera-pas-zverev-ni-monfils-point-sur-tetes-d-affiche\/\"},\"author\":{\"name\":\"Victor Friot\",\"@id\":\"https:\/\/dicodusport.fr\/blog\/#\/schema\/person\/463bd3fdf7997eaf381a70f42317d8db\"},\"headline\":\"Coupe Davis : Djokovic en sera, pas Zverev ni Monfils, le point sur les t\u00eates d&rsquo;affiche\",\"datePublished\":\"2021-10-26T16:29:56+00:00\",\"dateModified\":\"2021-10-26T20:33:22+00:00\",\"mainEntityOfPage\":{\"@id\":\"https:\/\/dicodusport.fr\/blog\/coupe-davis-djokovic-en-sera-pas-zverev-ni-monfils-point-sur-tetes-d-affiche\/\"},\"wordCount\":813,\"commentCount\":0,\"publisher\":{\"@id\":\"https:\/\/dicodusport.fr\/blog\/#organization\"},\"image\":{\"@id\":\"https:\/\/dicodusport.fr\/blog\/coupe-davis-djokovic-en-sera-pas-zverev-ni-monfils-point-sur-tetes-d-affiche\/#primaryimage\"},\"thumbnailUrl\":\"https:\/\/dicodusport.fr\/blog\/wp-content\/uploads\/2021\/10\/Coupe-Davis-Djokovic-en-sera-pas-Zverev-ni-Monfils-le-point-sur-les-tetes-daffiche-.png\",\"keywords\":[\"Alexander Zverev\",\"Coupe Davis\",\"Ga\u00ebl Monfils\",\"Novak Djokovic\"],\"articleSection\":[\"Tennis\"],\"inLanguage\":\"fr-FR\",\"potentialAction\":[{\"@type\":\"CommentAction\",\"name\":\"Comment\",\"target\":[\"https:\/\/dicodusport.fr\/blog\/coupe-davis-djokovic-en-sera-pas-zverev-ni-monfils-point-sur-tetes-d-affiche\/#respond\"]}],\"copyrightYear\":\"2021\",\"copyrightHolder\":{\"@id\":\"https:\/\/dicodusport.fr\/blog\/#organization\"}},{\"@type\":\"WebPage\",\"@id\":\"https:\/\/dicodusport.fr\/blog\/coupe-davis-djokovic-en-sera-pas-zverev-ni-monfils-point-sur-tetes-d-affiche\/\",\"url\":\"https:\/\/dicodusport.fr\/blog\/coupe-davis-djokovic-en-sera-pas-zverev-ni-monfils-point-sur-tetes-d-affiche\/\",\"name\":\"Coupe Davis : Djokovic en sera, pas Zverev ni Monfils, le point sur les t\u00eates d'affiche\",\"isPartOf\":{\"@id\":\"https:\/\/dicodusport.fr\/blog\/#website\"},\"primaryImageOfPage\":{\"@id\":\"https:\/\/dicodusport.fr\/blog\/coupe-davis-djokovic-en-sera-pas-zverev-ni-monfils-point-sur-tetes-d-affiche\/#primaryimage\"},\"image\":{\"@id\":\"https:\/\/dicodusport.fr\/blog\/coupe-davis-djokovic-en-sera-pas-zverev-ni-monfils-point-sur-tetes-d-affiche\/#primaryimage\"},\"thumbnailUrl\":\"https:\/\/dicodusport.fr\/blog\/wp-content\/uploads\/2021\/10\/Coupe-Davis-Djokovic-en-sera-pas-Zverev-ni-Monfils-le-point-sur-les-tetes-daffiche-.png\",\"datePublished\":\"2021-10-26T16:29:56+00:00\",\"dateModified\":\"2021-10-26T20:33:22+00:00\",\"description\":\"COUPE DAVIS - Novak Djokovic fera son grand retour \u00e0 la comp\u00e9tition lors de la Coupe Davis du 25 novembre au 5 d\u00e9cembre.\",\"breadcrumb\":{\"@id\":\"https:\/\/dicodusport.fr\/blog\/coupe-davis-djokovic-en-sera-pas-zverev-ni-monfils-point-sur-tetes-d-affiche\/#breadcrumb\"},\"inLanguage\":\"fr-FR\",\"potentialAction\":[{\"@type\":\"ReadAction\",\"target\":[\"https:\/\/dicodusport.fr\/blog\/coupe-davis-djokovic-en-sera-pas-zverev-ni-monfils-point-sur-tetes-d-affiche\/\"]}]},{\"@type\":\"ImageObject\",\"inLanguage\":\"fr-FR\",\"@id\":\"https:\/\/dicodusport.fr\/blog\/coupe-davis-djokovic-en-sera-pas-zverev-ni-monfils-point-sur-tetes-d-affiche\/#primaryimage\",\"url\":\"https:\/\/dicodusport.fr\/blog\/wp-content\/uploads\/2021\/10\/Coupe-Davis-Djokovic-en-sera-pas-Zverev-ni-Monfils-le-point-sur-les-tetes-daffiche-.png\",\"contentUrl\":\"https:\/\/dicodusport.fr\/blog\/wp-content\/uploads\/2021\/10\/Coupe-Davis-Djokovic-en-sera-pas-Zverev-ni-Monfils-le-point-sur-les-tetes-daffiche-.png\",\"width\":800,\"height\":445,\"caption\":\"Coupe Davis Djokovic en sera, pas Zverev ni Monfils, le point sur les t\u00eates d'affiche\"},{\"@type\":\"BreadcrumbList\",\"@id\":\"https:\/\/dicodusport.fr\/blog\/coupe-davis-djokovic-en-sera-pas-zverev-ni-monfils-point-sur-tetes-d-affiche\/#breadcrumb\",\"itemListElement\":[{\"@type\":\"ListItem\",\"position\":1,\"name\":\"Accueil\",\"item\":\"https:\/\/dicodusport.fr\/blog\/\"},{\"@type\":\"ListItem\",\"position\":2,\"name\":\"Coupe Davis : Djokovic en sera, pas Zverev ni Monfils, le point sur les t\u00eates d&rsquo;affiche\"}]},{\"@type\":\"WebSite\",\"@id\":\"https:\/\/dicodusport.fr\/blog\/#website\",\"url\":\"https:\/\/dicodusport.fr\/blog\/\",\"name\":\"Dicodusport\",\"description\":\"L&#039;encyclop\u00e9die de l&#039;actualit\u00e9 sportive\",\"publisher\":{\"@id\":\"https:\/\/dicodusport.fr\/blog\/#organization\"},\"potentialAction\":[{\"@type\":\"SearchAction\",\"target\":{\"@type\":\"EntryPoint\",\"urlTemplate\":\"https:\/\/dicodusport.fr\/blog\/?s={search_term_string}\"},\"query-input\":{\"@type\":\"PropertyValueSpecification\",\"valueRequired\":true,\"valueName\":\"search_term_string\"}}],\"inLanguage\":\"fr-FR\"},{\"@type\":\"NewsMediaOrganization\",\"@id\":\"https:\/\/dicodusport.fr\/blog\/#organization\",\"name\":\"Dicodusport\",\"url\":\"https:\/\/dicodusport.fr\/blog\/\",\"logo\":{\"@type\":\"ImageObject\",\"inLanguage\":\"fr-FR\",\"@id\":\"https:\/\/dicodusport.fr\/blog\/#\/schema\/logo\/image\/\",\"url\":\"https:\/\/dicodusport.fr\/blog\/wp-content\/uploads\/2020\/06\/cropped-LOGO-DICODUSPORT-2020-SANS-FOND-SANS-TEXTE.png\",\"contentUrl\":\"https:\/\/dicodusport.fr\/blog\/wp-content\/uploads\/2020\/06\/cropped-LOGO-DICODUSPORT-2020-SANS-FOND-SANS-TEXTE.png\",\"width\":512,\"height\":512,\"caption\":\"Dicodusport\"},\"image\":{\"@id\":\"https:\/\/dicodusport.fr\/blog\/#\/schema\/logo\/image\/\"},\"sameAs\":[\"https:\/\/www.facebook.com\/dicodusport\",\"https:\/\/x.com\/dicodusport\",\"https:\/\/www.instagram.com\/dicodusport\/\",\"https:\/\/www.youtube.com\/channel\/UC7V2KZ5sd3htJivAbA4ZG3w\"],\"description\":\"Dicodusport est l'encyclop\u00e9die de l'actualit\u00e9 sportive.\",\"email\":\"bonjour@dicodusport.fr\",\"legalName\":\"DICODUSPORT\",\"foundingDate\":\"2018-01-14\",\"vatID\":\"FR71834470973\",\"taxID\":\"83447097300043\",\"numberOfEmployees\":{\"@type\":\"QuantitativeValue\",\"minValue\":\"1\",\"maxValue\":\"10\"}},{\"@type\":\"Person\",\"@id\":\"https:\/\/dicodusport.fr\/blog\/#\/schema\/person\/463bd3fdf7997eaf381a70f42317d8db\",\"name\":\"Victor Friot\",\"image\":{\"@type\":\"ImageObject\",\"inLanguage\":\"fr-FR\",\"@id\":\"https:\/\/dicodusport.fr\/blog\/#\/schema\/person\/image\/\",\"url\":\"https:\/\/dicodusport.fr\/blog\/wp-content\/uploads\/2020\/06\/LOGO-DICODUSPORT-2020-SANS-FOND-SANS-TEXTE-150x150.png\",\"contentUrl\":\"https:\/\/dicodusport.fr\/blog\/wp-content\/uploads\/2020\/06\/LOGO-DICODUSPORT-2020-SANS-FOND-SANS-TEXTE-150x150.png\",\"caption\":\"Victor Friot\"},\"url\":\"https:\/\/dicodusport.fr\/blog\/author\/victor-friot\/\"}]}<\/script>\n<!-- \/ Yoast SEO Premium plugin. -->","yoast_head_json":{"title":"Coupe Davis : Djokovic en sera, pas Zverev ni Monfils, le point sur les t\u00eates d'affiche","description":"COUPE DAVIS - Novak Djokovic fera son grand retour \u00e0 la comp\u00e9tition lors de la Coupe Davis du 25 novembre au 5 d\u00e9cembre.","robots":{"index":"index","follow":"follow","max-snippet":"max-snippet:-1","max-image-preview":"max-image-preview:large","max-video-preview":"max-video-preview:-1"},"canonical":"https:\/\/dicodusport.fr\/blog\/coupe-davis-djokovic-en-sera-pas-zverev-ni-monfils-point-sur-tetes-d-affiche\/","og_locale":"fr_FR","og_type":"article","og_title":"Coupe Davis : Djokovic en sera, pas Zverev ni Monfils, le point sur les t\u00eates d'affiche","og_description":"COUPE DAVIS - Novak Djokovic fera son grand retour \u00e0 la comp\u00e9tition lors de la Coupe Davis du 25 novembre au 5 d\u00e9cembre.","og_url":"https:\/\/dicodusport.fr\/blog\/coupe-davis-djokovic-en-sera-pas-zverev-ni-monfils-point-sur-tetes-d-affiche\/","og_site_name":"Dicodusport","article_publisher":"https:\/\/www.facebook.com\/dicodusport","article_published_time":"2021-10-26T16:29:56+00:00","article_modified_time":"2021-10-26T20:33:22+00:00","og_image":[{"width":800,"height":445,"url":"https:\/\/dicodusport.fr\/blog\/wp-content\/uploads\/2021\/10\/Coupe-Davis-Djokovic-en-sera-pas-Zverev-ni-Monfils-le-point-sur-les-tetes-daffiche-.png","type":"image\/png"}],"author":"Victor Friot","twitter_card":"summary_large_image","twitter_title":"Coupe Davis : Djokovic en sera, pas Zverev ni Monfils, le point sur les t\u00eates d'affiche","twitter_creator":"@dicodusport","twitter_site":"@dicodusport","schema":{"@context":"https:\/\/schema.org","@graph":[{"@type":"NewsArticle","@id":"https:\/\/dicodusport.fr\/blog\/coupe-davis-djokovic-en-sera-pas-zverev-ni-monfils-point-sur-tetes-d-affiche\/#article","isPartOf":{"@id":"https:\/\/dicodusport.fr\/blog\/coupe-davis-djokovic-en-sera-pas-zverev-ni-monfils-point-sur-tetes-d-affiche\/"},"author":{"name":"Victor Friot","@id":"https:\/\/dicodusport.fr\/blog\/#\/schema\/person\/463bd3fdf7997eaf381a70f42317d8db"},"headline":"Coupe Davis : Djokovic en sera, pas Zverev ni Monfils, le point sur les t\u00eates d&rsquo;affiche","datePublished":"2021-10-26T16:29:56+00:00","dateModified":"2021-10-26T20:33:22+00:00","mainEntityOfPage":{"@id":"https:\/\/dicodusport.fr\/blog\/coupe-davis-djokovic-en-sera-pas-zverev-ni-monfils-point-sur-tetes-d-affiche\/"},"wordCount":813,"commentCount":0,"publisher":{"@id":"https:\/\/dicodusport.fr\/blog\/#organization"},"image":{"@id":"https:\/\/dicodusport.fr\/blog\/coupe-davis-djokovic-en-sera-pas-zverev-ni-monfils-point-sur-tetes-d-affiche\/#primaryimage"},"thumbnailUrl":"https:\/\/dicodusport.fr\/blog\/wp-content\/uploads\/2021\/10\/Coupe-Davis-Djokovic-en-sera-pas-Zverev-ni-Monfils-le-point-sur-les-tetes-daffiche-.png","keywords":["Alexander Zverev","Coupe Davis","Ga\u00ebl Monfils","Novak Djokovic"],"articleSection":["Tennis"],"inLanguage":"fr-FR","potentialAction":[{"@type":"CommentAction","name":"Comment","target":["https:\/\/dicodusport.fr\/blog\/coupe-davis-djokovic-en-sera-pas-zverev-ni-monfils-point-sur-tetes-d-affiche\/#respond"]}],"copyrightYear":"2021","copyrightHolder":{"@id":"https:\/\/dicodusport.fr\/blog\/#organization"}},{"@type":"WebPage","@id":"https:\/\/dicodusport.fr\/blog\/coupe-davis-djokovic-en-sera-pas-zverev-ni-monfils-point-sur-tetes-d-affiche\/","url":"https:\/\/dicodusport.fr\/blog\/coupe-davis-djokovic-en-sera-pas-zverev-ni-monfils-point-sur-tetes-d-affiche\/","name":"Coupe Davis : Djokovic en sera, pas Zverev ni Monfils, le point sur les t\u00eates d'affiche","isPartOf":{"@id":"https:\/\/dicodusport.fr\/blog\/#website"},"primaryImageOfPage":{"@id":"https:\/\/dicodusport.fr\/blog\/coupe-davis-djokovic-en-sera-pas-zverev-ni-monfils-point-sur-tetes-d-affiche\/#primaryimage"},"image":{"@id":"https:\/\/dicodusport.fr\/blog\/coupe-davis-djokovic-en-sera-pas-zverev-ni-monfils-point-sur-tetes-d-affiche\/#primaryimage"},"thumbnailUrl":"https:\/\/dicodusport.fr\/blog\/wp-content\/uploads\/2021\/10\/Coupe-Davis-Djokovic-en-sera-pas-Zverev-ni-Monfils-le-point-sur-les-tetes-daffiche-.png","datePublished":"2021-10-26T16:29:56+00:00","dateModified":"2021-10-26T20:33:22+00:00","description":"COUPE DAVIS - Novak Djokovic fera son grand retour \u00e0 la comp\u00e9tition lors de la Coupe Davis du 25 novembre au 5 d\u00e9cembre.","breadcrumb":{"@id":"https:\/\/dicodusport.fr\/blog\/coupe-davis-djokovic-en-sera-pas-zverev-ni-monfils-point-sur-tetes-d-affiche\/#breadcrumb"},"inLanguage":"fr-FR","potentialAction":[{"@type":"ReadAction","target":["https:\/\/dicodusport.fr\/blog\/coupe-davis-djokovic-en-sera-pas-zverev-ni-monfils-point-sur-tetes-d-affiche\/"]}]},{"@type":"ImageObject","inLanguage":"fr-FR","@id":"https:\/\/dicodusport.fr\/blog\/coupe-davis-djokovic-en-sera-pas-zverev-ni-monfils-point-sur-tetes-d-affiche\/#primaryimage","url":"https:\/\/dicodusport.fr\/blog\/wp-content\/uploads\/2021\/10\/Coupe-Davis-Djokovic-en-sera-pas-Zverev-ni-Monfils-le-point-sur-les-tetes-daffiche-.png","contentUrl":"https:\/\/dicodusport.fr\/blog\/wp-content\/uploads\/2021\/10\/Coupe-Davis-Djokovic-en-sera-pas-Zverev-ni-Monfils-le-point-sur-les-tetes-daffiche-.png","width":800,"height":445,"caption":"Coupe Davis Djokovic en sera, pas Zverev ni Monfils, le point sur les t\u00eates d'affiche"},{"@type":"BreadcrumbList","@id":"https:\/\/dicodusport.fr\/blog\/coupe-davis-djokovic-en-sera-pas-zverev-ni-monfils-point-sur-tetes-d-affiche\/#breadcrumb","itemListElement":[{"@type":"ListItem","position":1,"name":"Accueil","item":"https:\/\/dicodusport.fr\/blog\/"},{"@type":"ListItem","position":2,"name":"Coupe Davis : Djokovic en sera, pas Zverev ni Monfils, le point sur les t\u00eates d&rsquo;affiche"}]},{"@type":"WebSite","@id":"https:\/\/dicodusport.fr\/blog\/#website","url":"https:\/\/dicodusport.fr\/blog\/","name":"Dicodusport","description":"L&#039;encyclop\u00e9die de l&#039;actualit\u00e9 sportive","publisher":{"@id":"https:\/\/dicodusport.fr\/blog\/#organization"},"potentialAction":[{"@type":"SearchAction","target":{"@type":"EntryPoint","urlTemplate":"https:\/\/dicodusport.fr\/blog\/?s={search_term_string}"},"query-input":{"@type":"PropertyValueSpecification","valueRequired":true,"valueName":"search_term_string"}}],"inLanguage":"fr-FR"},{"@type":"NewsMediaOrganization","@id":"https:\/\/dicodusport.fr\/blog\/#organization","name":"Dicodusport","url":"https:\/\/dicodusport.fr\/blog\/","logo":{"@type":"ImageObject","inLanguage":"fr-FR","@id":"https:\/\/dicodusport.fr\/blog\/#\/schema\/logo\/image\/","url":"https:\/\/dicodusport.fr\/blog\/wp-content\/uploads\/2020\/06\/cropped-LOGO-DICODUSPORT-2020-SANS-FOND-SANS-TEXTE.png","contentUrl":"https:\/\/dicodusport.fr\/blog\/wp-content\/uploads\/2020\/06\/cropped-LOGO-DICODUSPORT-2020-SANS-FOND-SANS-TEXTE.png","width":512,"height":512,"caption":"Dicodusport"},"image":{"@id":"https:\/\/dicodusport.fr\/blog\/#\/schema\/logo\/image\/"},"sameAs":["https:\/\/www.facebook.com\/dicodusport","https:\/\/x.com\/dicodusport","https:\/\/www.instagram.com\/dicodusport\/","https:\/\/www.youtube.com\/channel\/UC7V2KZ5sd3htJivAbA4ZG3w"],"description":"Dicodusport est l'encyclop\u00e9die de l'actualit\u00e9 sportive.","email":"bonjour@dicodusport.fr","legalName":"DICODUSPORT","foundingDate":"2018-01-14","vatID":"FR71834470973","taxID":"83447097300043","numberOfEmployees":{"@type":"QuantitativeValue","minValue":"1","maxValue":"10"}},{"@type":"Person","@id":"https:\/\/dicodusport.fr\/blog\/#\/schema\/person\/463bd3fdf7997eaf381a70f42317d8db","name":"Victor Friot","image":{"@type":"ImageObject","inLanguage":"fr-FR","@id":"https:\/\/dicodusport.fr\/blog\/#\/schema\/person\/image\/","url":"https:\/\/dicodusport.fr\/blog\/wp-content\/uploads\/2020\/06\/LOGO-DICODUSPORT-2020-SANS-FOND-SANS-TEXTE-150x150.png","contentUrl":"https:\/\/dicodusport.fr\/blog\/wp-content\/uploads\/2020\/06\/LOGO-DICODUSPORT-2020-SANS-FOND-SANS-TEXTE-150x150.png","caption":"Victor Friot"},"url":"https:\/\/dicodusport.fr\/blog\/author\/victor-friot\/"}]}},"_links":{"self":[{"href":"https:\/\/dicodusport.fr\/blog\/wp-json\/wp\/v2\/posts\/176134","targetHints":{"allow":["GET"]}}],"collection":[{"href":"https:\/\/dicodusport.fr\/blog\/wp-json\/wp\/v2\/posts"}],"about":[{"href":"https:\/\/dicodusport.fr\/blog\/wp-json\/wp\/v2\/types\/post"}],"author":[{"embeddable":true,"href":"https:\/\/dicodusport.fr\/blog\/wp-json\/wp\/v2\/users\/60"}],"replies":[{"embeddable":true,"href":"https:\/\/dicodusport.fr\/blog\/wp-json\/wp\/v2\/comments?post=176134"}],"version-history":[{"count":0,"href":"https:\/\/dicodusport.fr\/blog\/wp-json\/wp\/v2\/posts\/176134\/revisions"}],"wp:featuredmedia":[{"embeddable":true,"href":"https:\/\/dicodusport.fr\/blog\/wp-json\/wp\/v2\/media\/176144"}],"wp:attachment":[{"href":"https:\/\/dicodusport.fr\/blog\/wp-json\/wp\/v2\/media?parent=176134"}],"wp:term":[{"taxonomy":"category","embeddable":true,"href":"https:\/\/dicodusport.fr\/blog\/wp-json\/wp\/v2\/categories?post=176134"},{"taxonomy":"post_tag","embeddable":true,"href":"https:\/\/dicodusport.fr\/blog\/wp-json\/wp\/v2\/tags?post=176134"}],"curies":[{"name":"wp","href":"https:\/\/api.w.org\/{rel}","templated":true}]}}