{"id":176165,"date":"2021-10-27T08:55:26","date_gmt":"2021-10-27T06:55:26","guid":{"rendered":"https:\/\/dicodusport.fr\/blog\/?p=176165"},"modified":"2021-10-27T08:55:08","modified_gmt":"2021-10-27T06:55:08","slug":"27-octobre-2019-pinturault-et-faivre-realisent-le-double","status":"publish","type":"post","link":"https:\/\/dicodusport.fr\/blog\/27-octobre-2019-pinturault-et-faivre-realisent-le-double\/","title":{"rendered":"27 octobre 2019 : Pinturault et Faivre r\u00e9alisent le doubl\u00e9"},"content":{"rendered":"<p style=\"text-align: justify;\"><em><strong><a href=\"https:\/\/dicodusport.fr\/definition-sport\/ski-alpin\/\">SKI ALPIN<\/a> &#8211; Alexis Pinturault avait termin\u00e9 sa saison 2018-2019 avec une victoire sur le g\u00e9ant de Soldeu. Le voil\u00e0 qui entame maintenant la nouvelle en montant sur la plus haute marche du podium \u00e0 S\u00f6lden. Il est cette fois-ci accompagn\u00e9 par un second Fran\u00e7ais, Mathieu Faivre.<\/strong><\/em><\/p>\n<h2>\u00c7a s&rsquo;est pass\u00e9 le 27 octobre 2019<\/h2>\n<p style=\"text-align: justify;\">Apr\u00e8s la retraite de <strong>Marcel Hirscher<\/strong>, <strong>Alexis Pinturault<\/strong> compte bien d\u00e9crocher le gros globe du classement g\u00e9n\u00e9ral de la Coupe du monde. Et pour mettre toutes les chances de son c\u00f4t\u00e9, le skieur de Courchevel ouvre, d\u00e8s le premier g\u00e9ant de la saison, son compteur de victoires. Sur la piste autrichienne, <strong>Alexis Pinturault<\/strong> s\u2019est d\u2019abord class\u00e9 en t\u00eate de la premi\u00e8re manche, avec seulement 2 centi\u00e8mes d\u2019avance sur<strong>\u00a0Mathieu Faivre<\/strong>.<\/p>\n<p style=\"text-align: justify;\">C\u2019est sur la seconde que le tenant du titre \u00e0 S\u00f6lden a creus\u00e9 davantage l\u2019\u00e9cart. Avec un temps de 2\u201914\u2019\u201914, il s\u2019impose devant son compatriote, ce dernier affichant un chrono de 2\u201914\u2019\u201968. C\u2019est le premier doubl\u00e9 tricolore r\u00e9alis\u00e9 en Autriche et pour le champion du monde en titre du combin\u00e9, la 24<sup>\u00e8me<\/sup> victoire de sa carri\u00e8re. Malheureusement, cette saison-l\u00e0, malgr\u00e9 six victoires, <strong>Alexis Pinturault<\/strong> prendra la seconde place au g\u00e9n\u00e9ral. Pas de panique, il r\u00e9cup\u00e9rera <a href=\"https:\/\/dicodusport.fr\/blog\/slalom-geant-lenzerheide-alexis-punturault-s-impose-et-s-adjuge-le-gros-globe\/\">le gros globe de cristal l\u2019ann\u00e9e suivante<\/a>, s\u2019adjugeant \u00e9galement le petit de la sp\u00e9cialit\u00e9.<\/p>\n<p>PHOTO I-S ref : Italy_Photo_Press_917262<\/p>\n<p style=\"text-align: justify;\"><strong>Info<\/strong> : Ce doubl\u00e9 Pinturault-Faivre avait d\u00e9j\u00e0 au lieu avant ce 27 octobre 2019. C\u2019\u00e9tait sur le g\u00e9ant de Naeba, en f\u00e9vrier 2016.<\/p>\n","protected":false},"excerpt":{"rendered":"<p>SKI ALPIN &#8211; Alexis Pinturault avait termin\u00e9 sa saison 2018-2019 avec une victoire sur le g\u00e9ant de Soldeu. Le voil\u00e0 qui entame maintenant la nouvelle en montant sur la plus haute marche du podium \u00e0 S\u00f6lden. Il est cette fois-ci accompagn\u00e9 par un second Fran\u00e7ais, Mathieu Faivre.<\/p>\n","protected":false},"author":18,"featured_media":176210,"comment_status":"open","ping_status":"closed","sticky":false,"template":"","format":"standard","meta":{"_acf_changed":false,"_daextam_enable_autolinks":"","footnotes":""},"categories":[8,9217],"tags":[2806,8481,3889,2233],"class_list":["post-176165","post","type-post","status-publish","format-standard","has-post-thumbnail","hentry","category-histoire","category-ski","tag-alexis-pinturault","tag-histoire","tag-mathieu-faivre","tag-ski-alpin"],"acf":[],"yoast_head":"<!-- This site is optimized with the Yoast SEO Premium plugin v26.7 (Yoast SEO v26.7) - https:\/\/yoast.com\/wordpress\/plugins\/seo\/ -->\n<title>27 octobre 2019 : Pinturault et Faivre r\u00e9alisent le doubl\u00e9<\/title>\n<meta name=\"description\" content=\"Retour sur le 27 octobre 2019 et le doubl\u00e9 tricolore r\u00e9alis\u00e9 par Alexis Pinturault et Mathieu Favire sur le g\u00e9ant de S\u00f6lden.\" \/>\n<meta name=\"robots\" content=\"index, follow, max-snippet:-1, max-image-preview:large, max-video-preview:-1\" \/>\n<link rel=\"canonical\" href=\"https:\/\/dicodusport.fr\/blog\/27-octobre-2019-pinturault-et-faivre-realisent-le-double\/\" \/>\n<meta property=\"og:locale\" content=\"fr_FR\" \/>\n<meta property=\"og:type\" content=\"article\" \/>\n<meta property=\"og:title\" content=\"27 octobre 2019 : Pinturault et Faivre r\u00e9alisent le doubl\u00e9\" \/>\n<meta property=\"og:description\" content=\"Retour sur le 27 octobre 2019 et le doubl\u00e9 tricolore r\u00e9alis\u00e9 par Alexis Pinturault et Mathieu Favire sur le g\u00e9ant de S\u00f6lden.\" \/>\n<meta property=\"og:url\" content=\"https:\/\/dicodusport.fr\/blog\/27-octobre-2019-pinturault-et-faivre-realisent-le-double\/\" \/>\n<meta property=\"og:site_name\" content=\"Dicodusport\" \/>\n<meta property=\"article:publisher\" content=\"https:\/\/www.facebook.com\/dicodusport\" \/>\n<meta property=\"article:author\" content=\"https:\/\/www.facebook.com\/soocube\" \/>\n<meta property=\"article:published_time\" content=\"2021-10-27T06:55:26+00:00\" \/>\n<meta property=\"og:image\" content=\"https:\/\/dicodusport.fr\/blog\/wp-content\/uploads\/2021\/10\/27-octobre-2019-Pinturault-et-Faivre-realisent-le-double.png\" \/>\n\t<meta property=\"og:image:width\" content=\"800\" \/>\n\t<meta property=\"og:image:height\" content=\"445\" \/>\n\t<meta property=\"og:image:type\" content=\"image\/png\" \/>\n<meta name=\"author\" content=\"Sophie Clapier\" \/>\n<meta name=\"twitter:card\" content=\"summary_large_image\" \/>\n<meta name=\"twitter:title\" content=\"27 octobre 2019 : Pinturault et Faivre r\u00e9alisent le doubl\u00e9\" \/>\n<meta name=\"twitter:creator\" content=\"@https:\/\/twitter.com\/soocube\" \/>\n<meta name=\"twitter:site\" content=\"@dicodusport\" \/>\n<script type=\"application\/ld+json\" class=\"yoast-schema-graph\">{\"@context\":\"https:\/\/schema.org\",\"@graph\":[{\"@type\":\"NewsArticle\",\"@id\":\"https:\/\/dicodusport.fr\/blog\/27-octobre-2019-pinturault-et-faivre-realisent-le-double\/#article\",\"isPartOf\":{\"@id\":\"https:\/\/dicodusport.fr\/blog\/27-octobre-2019-pinturault-et-faivre-realisent-le-double\/\"},\"author\":{\"name\":\"Sophie Clapier\",\"@id\":\"https:\/\/dicodusport.fr\/blog\/#\/schema\/person\/416c975648aca9da8839bdfe333a21c9\"},\"headline\":\"27 octobre 2019 : Pinturault et Faivre r\u00e9alisent le doubl\u00e9\",\"datePublished\":\"2021-10-27T06:55:26+00:00\",\"mainEntityOfPage\":{\"@id\":\"https:\/\/dicodusport.fr\/blog\/27-octobre-2019-pinturault-et-faivre-realisent-le-double\/\"},\"wordCount\":275,\"commentCount\":0,\"publisher\":{\"@id\":\"https:\/\/dicodusport.fr\/blog\/#organization\"},\"image\":{\"@id\":\"https:\/\/dicodusport.fr\/blog\/27-octobre-2019-pinturault-et-faivre-realisent-le-double\/#primaryimage\"},\"thumbnailUrl\":\"https:\/\/dicodusport.fr\/blog\/wp-content\/uploads\/2021\/10\/27-octobre-2019-Pinturault-et-Faivre-realisent-le-double.png\",\"keywords\":[\"Alexis Pinturault\",\"histoire\",\"Mathieu Faivre\",\"Ski alpin\"],\"articleSection\":[\"Histoire\",\"Ski\"],\"inLanguage\":\"fr-FR\",\"potentialAction\":[{\"@type\":\"CommentAction\",\"name\":\"Comment\",\"target\":[\"https:\/\/dicodusport.fr\/blog\/27-octobre-2019-pinturault-et-faivre-realisent-le-double\/#respond\"]}],\"copyrightYear\":\"2021\",\"copyrightHolder\":{\"@id\":\"https:\/\/dicodusport.fr\/blog\/#organization\"}},{\"@type\":\"WebPage\",\"@id\":\"https:\/\/dicodusport.fr\/blog\/27-octobre-2019-pinturault-et-faivre-realisent-le-double\/\",\"url\":\"https:\/\/dicodusport.fr\/blog\/27-octobre-2019-pinturault-et-faivre-realisent-le-double\/\",\"name\":\"27 octobre 2019 : Pinturault et Faivre r\u00e9alisent le doubl\u00e9\",\"isPartOf\":{\"@id\":\"https:\/\/dicodusport.fr\/blog\/#website\"},\"primaryImageOfPage\":{\"@id\":\"https:\/\/dicodusport.fr\/blog\/27-octobre-2019-pinturault-et-faivre-realisent-le-double\/#primaryimage\"},\"image\":{\"@id\":\"https:\/\/dicodusport.fr\/blog\/27-octobre-2019-pinturault-et-faivre-realisent-le-double\/#primaryimage\"},\"thumbnailUrl\":\"https:\/\/dicodusport.fr\/blog\/wp-content\/uploads\/2021\/10\/27-octobre-2019-Pinturault-et-Faivre-realisent-le-double.png\",\"datePublished\":\"2021-10-27T06:55:26+00:00\",\"description\":\"Retour sur le 27 octobre 2019 et le doubl\u00e9 tricolore r\u00e9alis\u00e9 par Alexis Pinturault et Mathieu Favire sur le g\u00e9ant de S\u00f6lden.\",\"breadcrumb\":{\"@id\":\"https:\/\/dicodusport.fr\/blog\/27-octobre-2019-pinturault-et-faivre-realisent-le-double\/#breadcrumb\"},\"inLanguage\":\"fr-FR\",\"potentialAction\":[{\"@type\":\"ReadAction\",\"target\":[\"https:\/\/dicodusport.fr\/blog\/27-octobre-2019-pinturault-et-faivre-realisent-le-double\/\"]}]},{\"@type\":\"ImageObject\",\"inLanguage\":\"fr-FR\",\"@id\":\"https:\/\/dicodusport.fr\/blog\/27-octobre-2019-pinturault-et-faivre-realisent-le-double\/#primaryimage\",\"url\":\"https:\/\/dicodusport.fr\/blog\/wp-content\/uploads\/2021\/10\/27-octobre-2019-Pinturault-et-Faivre-realisent-le-double.png\",\"contentUrl\":\"https:\/\/dicodusport.fr\/blog\/wp-content\/uploads\/2021\/10\/27-octobre-2019-Pinturault-et-Faivre-realisent-le-double.png\",\"width\":800,\"height\":445,\"caption\":\"27 octobre 2019 Pinturault et Faivre r\u00e9alisent le doubl\u00e9\"},{\"@type\":\"BreadcrumbList\",\"@id\":\"https:\/\/dicodusport.fr\/blog\/27-octobre-2019-pinturault-et-faivre-realisent-le-double\/#breadcrumb\",\"itemListElement\":[{\"@type\":\"ListItem\",\"position\":1,\"name\":\"Accueil\",\"item\":\"https:\/\/dicodusport.fr\/blog\/\"},{\"@type\":\"ListItem\",\"position\":2,\"name\":\"27 octobre 2019 : Pinturault et Faivre r\u00e9alisent le doubl\u00e9\"}]},{\"@type\":\"WebSite\",\"@id\":\"https:\/\/dicodusport.fr\/blog\/#website\",\"url\":\"https:\/\/dicodusport.fr\/blog\/\",\"name\":\"Dicodusport\",\"description\":\"L&#039;encyclop\u00e9die de l&#039;actualit\u00e9 sportive\",\"publisher\":{\"@id\":\"https:\/\/dicodusport.fr\/blog\/#organization\"},\"potentialAction\":[{\"@type\":\"SearchAction\",\"target\":{\"@type\":\"EntryPoint\",\"urlTemplate\":\"https:\/\/dicodusport.fr\/blog\/?s={search_term_string}\"},\"query-input\":{\"@type\":\"PropertyValueSpecification\",\"valueRequired\":true,\"valueName\":\"search_term_string\"}}],\"inLanguage\":\"fr-FR\"},{\"@type\":\"NewsMediaOrganization\",\"@id\":\"https:\/\/dicodusport.fr\/blog\/#organization\",\"name\":\"Dicodusport\",\"url\":\"https:\/\/dicodusport.fr\/blog\/\",\"logo\":{\"@type\":\"ImageObject\",\"inLanguage\":\"fr-FR\",\"@id\":\"https:\/\/dicodusport.fr\/blog\/#\/schema\/logo\/image\/\",\"url\":\"https:\/\/dicodusport.fr\/blog\/wp-content\/uploads\/2020\/06\/cropped-LOGO-DICODUSPORT-2020-SANS-FOND-SANS-TEXTE.png\",\"contentUrl\":\"https:\/\/dicodusport.fr\/blog\/wp-content\/uploads\/2020\/06\/cropped-LOGO-DICODUSPORT-2020-SANS-FOND-SANS-TEXTE.png\",\"width\":512,\"height\":512,\"caption\":\"Dicodusport\"},\"image\":{\"@id\":\"https:\/\/dicodusport.fr\/blog\/#\/schema\/logo\/image\/\"},\"sameAs\":[\"https:\/\/www.facebook.com\/dicodusport\",\"https:\/\/x.com\/dicodusport\",\"https:\/\/www.instagram.com\/dicodusport\/\",\"https:\/\/www.youtube.com\/channel\/UC7V2KZ5sd3htJivAbA4ZG3w\"],\"description\":\"Dicodusport est l'encyclop\u00e9die de l'actualit\u00e9 sportive.\",\"email\":\"bonjour@dicodusport.fr\",\"legalName\":\"DICODUSPORT\",\"foundingDate\":\"2018-01-14\",\"vatID\":\"FR71834470973\",\"taxID\":\"83447097300043\",\"numberOfEmployees\":{\"@type\":\"QuantitativeValue\",\"minValue\":\"1\",\"maxValue\":\"10\"}},{\"@type\":\"Person\",\"@id\":\"https:\/\/dicodusport.fr\/blog\/#\/schema\/person\/416c975648aca9da8839bdfe333a21c9\",\"name\":\"Sophie Clapier\",\"image\":{\"@type\":\"ImageObject\",\"inLanguage\":\"fr-FR\",\"@id\":\"https:\/\/dicodusport.fr\/blog\/#\/schema\/person\/image\/\",\"url\":\"https:\/\/dicodusport.fr\/blog\/wp-content\/uploads\/2021\/05\/Sophie-Clapier-150x150.jpg\",\"contentUrl\":\"https:\/\/dicodusport.fr\/blog\/wp-content\/uploads\/2021\/05\/Sophie-Clapier-150x150.jpg\",\"caption\":\"Sophie Clapier\"},\"description\":\"Journaliste\/r\u00e9dactrice depuis janvier 2016 - Passionn\u00e9e de sport depuis toujours, j\u2019en ai pratiqu\u00e9 quelques-uns. Judo, football, handball ou encore tennis, je n\u2019ai jamais pu me mettre d\u2019accord sur un en particulier. Mais \u00e7a, c\u2019\u00e9tait avant de d\u00e9couvrir le basket, devenu mon sport de pr\u00e9dilection. Les actions NBA, le All-Star Week-end, la fureur des Game 7 pendant les playoffs ou mieux, lors des Finals, this is why we play. Team Spurs T.P, je m\u2019accroche encore \u00e0 Gregg Popovich (don\u2019t leave !). Team chef Curry, je souhaite qu\u2019il finisse aux Warriors (staaaay !). Non, il n\u2019y a pas qu\u2019eux, des petits nouveaux -et des petites nouvelles \u00e9videmment- arrivent chaque jour dans toutes les disciplines et cr\u00e9ent de nouveaux exploits. Alors pour les grands \u00e9v\u00e9nements et comp\u00e9titions internationales, vive les pulsations 240\/minutes et le d\u00e9fibrillateur pas loin, et allez les Bleu(e)s ! C\u2019est s\u00fbr, j\u2019aurai plus vu ma vie sur un terrain de sport, mais \u00e0 d\u00e9faut d\u2019en faire en haut niveau, je le partage avec vous.\",\"sameAs\":[\"https:\/\/www.facebook.com\/soocube\",\"https:\/\/x.com\/https:\/\/twitter.com\/soocube\",\"admin\"],\"url\":\"https:\/\/dicodusport.fr\/blog\/author\/sophie\/\"}]}<\/script>\n<!-- \/ Yoast SEO Premium plugin. -->","yoast_head_json":{"title":"27 octobre 2019 : Pinturault et Faivre r\u00e9alisent le doubl\u00e9","description":"Retour sur le 27 octobre 2019 et le doubl\u00e9 tricolore r\u00e9alis\u00e9 par Alexis Pinturault et Mathieu Favire sur le g\u00e9ant de S\u00f6lden.","robots":{"index":"index","follow":"follow","max-snippet":"max-snippet:-1","max-image-preview":"max-image-preview:large","max-video-preview":"max-video-preview:-1"},"canonical":"https:\/\/dicodusport.fr\/blog\/27-octobre-2019-pinturault-et-faivre-realisent-le-double\/","og_locale":"fr_FR","og_type":"article","og_title":"27 octobre 2019 : Pinturault et Faivre r\u00e9alisent le doubl\u00e9","og_description":"Retour sur le 27 octobre 2019 et le doubl\u00e9 tricolore r\u00e9alis\u00e9 par Alexis Pinturault et Mathieu Favire sur le g\u00e9ant de S\u00f6lden.","og_url":"https:\/\/dicodusport.fr\/blog\/27-octobre-2019-pinturault-et-faivre-realisent-le-double\/","og_site_name":"Dicodusport","article_publisher":"https:\/\/www.facebook.com\/dicodusport","article_author":"https:\/\/www.facebook.com\/soocube","article_published_time":"2021-10-27T06:55:26+00:00","og_image":[{"width":800,"height":445,"url":"https:\/\/dicodusport.fr\/blog\/wp-content\/uploads\/2021\/10\/27-octobre-2019-Pinturault-et-Faivre-realisent-le-double.png","type":"image\/png"}],"author":"Sophie Clapier","twitter_card":"summary_large_image","twitter_title":"27 octobre 2019 : Pinturault et Faivre r\u00e9alisent le doubl\u00e9","twitter_creator":"@https:\/\/twitter.com\/soocube","twitter_site":"@dicodusport","schema":{"@context":"https:\/\/schema.org","@graph":[{"@type":"NewsArticle","@id":"https:\/\/dicodusport.fr\/blog\/27-octobre-2019-pinturault-et-faivre-realisent-le-double\/#article","isPartOf":{"@id":"https:\/\/dicodusport.fr\/blog\/27-octobre-2019-pinturault-et-faivre-realisent-le-double\/"},"author":{"name":"Sophie Clapier","@id":"https:\/\/dicodusport.fr\/blog\/#\/schema\/person\/416c975648aca9da8839bdfe333a21c9"},"headline":"27 octobre 2019 : Pinturault et Faivre r\u00e9alisent le doubl\u00e9","datePublished":"2021-10-27T06:55:26+00:00","mainEntityOfPage":{"@id":"https:\/\/dicodusport.fr\/blog\/27-octobre-2019-pinturault-et-faivre-realisent-le-double\/"},"wordCount":275,"commentCount":0,"publisher":{"@id":"https:\/\/dicodusport.fr\/blog\/#organization"},"image":{"@id":"https:\/\/dicodusport.fr\/blog\/27-octobre-2019-pinturault-et-faivre-realisent-le-double\/#primaryimage"},"thumbnailUrl":"https:\/\/dicodusport.fr\/blog\/wp-content\/uploads\/2021\/10\/27-octobre-2019-Pinturault-et-Faivre-realisent-le-double.png","keywords":["Alexis Pinturault","histoire","Mathieu Faivre","Ski alpin"],"articleSection":["Histoire","Ski"],"inLanguage":"fr-FR","potentialAction":[{"@type":"CommentAction","name":"Comment","target":["https:\/\/dicodusport.fr\/blog\/27-octobre-2019-pinturault-et-faivre-realisent-le-double\/#respond"]}],"copyrightYear":"2021","copyrightHolder":{"@id":"https:\/\/dicodusport.fr\/blog\/#organization"}},{"@type":"WebPage","@id":"https:\/\/dicodusport.fr\/blog\/27-octobre-2019-pinturault-et-faivre-realisent-le-double\/","url":"https:\/\/dicodusport.fr\/blog\/27-octobre-2019-pinturault-et-faivre-realisent-le-double\/","name":"27 octobre 2019 : Pinturault et Faivre r\u00e9alisent le doubl\u00e9","isPartOf":{"@id":"https:\/\/dicodusport.fr\/blog\/#website"},"primaryImageOfPage":{"@id":"https:\/\/dicodusport.fr\/blog\/27-octobre-2019-pinturault-et-faivre-realisent-le-double\/#primaryimage"},"image":{"@id":"https:\/\/dicodusport.fr\/blog\/27-octobre-2019-pinturault-et-faivre-realisent-le-double\/#primaryimage"},"thumbnailUrl":"https:\/\/dicodusport.fr\/blog\/wp-content\/uploads\/2021\/10\/27-octobre-2019-Pinturault-et-Faivre-realisent-le-double.png","datePublished":"2021-10-27T06:55:26+00:00","description":"Retour sur le 27 octobre 2019 et le doubl\u00e9 tricolore r\u00e9alis\u00e9 par Alexis Pinturault et Mathieu Favire sur le g\u00e9ant de S\u00f6lden.","breadcrumb":{"@id":"https:\/\/dicodusport.fr\/blog\/27-octobre-2019-pinturault-et-faivre-realisent-le-double\/#breadcrumb"},"inLanguage":"fr-FR","potentialAction":[{"@type":"ReadAction","target":["https:\/\/dicodusport.fr\/blog\/27-octobre-2019-pinturault-et-faivre-realisent-le-double\/"]}]},{"@type":"ImageObject","inLanguage":"fr-FR","@id":"https:\/\/dicodusport.fr\/blog\/27-octobre-2019-pinturault-et-faivre-realisent-le-double\/#primaryimage","url":"https:\/\/dicodusport.fr\/blog\/wp-content\/uploads\/2021\/10\/27-octobre-2019-Pinturault-et-Faivre-realisent-le-double.png","contentUrl":"https:\/\/dicodusport.fr\/blog\/wp-content\/uploads\/2021\/10\/27-octobre-2019-Pinturault-et-Faivre-realisent-le-double.png","width":800,"height":445,"caption":"27 octobre 2019 Pinturault et Faivre r\u00e9alisent le doubl\u00e9"},{"@type":"BreadcrumbList","@id":"https:\/\/dicodusport.fr\/blog\/27-octobre-2019-pinturault-et-faivre-realisent-le-double\/#breadcrumb","itemListElement":[{"@type":"ListItem","position":1,"name":"Accueil","item":"https:\/\/dicodusport.fr\/blog\/"},{"@type":"ListItem","position":2,"name":"27 octobre 2019 : Pinturault et Faivre r\u00e9alisent le doubl\u00e9"}]},{"@type":"WebSite","@id":"https:\/\/dicodusport.fr\/blog\/#website","url":"https:\/\/dicodusport.fr\/blog\/","name":"Dicodusport","description":"L&#039;encyclop\u00e9die de l&#039;actualit\u00e9 sportive","publisher":{"@id":"https:\/\/dicodusport.fr\/blog\/#organization"},"potentialAction":[{"@type":"SearchAction","target":{"@type":"EntryPoint","urlTemplate":"https:\/\/dicodusport.fr\/blog\/?s={search_term_string}"},"query-input":{"@type":"PropertyValueSpecification","valueRequired":true,"valueName":"search_term_string"}}],"inLanguage":"fr-FR"},{"@type":"NewsMediaOrganization","@id":"https:\/\/dicodusport.fr\/blog\/#organization","name":"Dicodusport","url":"https:\/\/dicodusport.fr\/blog\/","logo":{"@type":"ImageObject","inLanguage":"fr-FR","@id":"https:\/\/dicodusport.fr\/blog\/#\/schema\/logo\/image\/","url":"https:\/\/dicodusport.fr\/blog\/wp-content\/uploads\/2020\/06\/cropped-LOGO-DICODUSPORT-2020-SANS-FOND-SANS-TEXTE.png","contentUrl":"https:\/\/dicodusport.fr\/blog\/wp-content\/uploads\/2020\/06\/cropped-LOGO-DICODUSPORT-2020-SANS-FOND-SANS-TEXTE.png","width":512,"height":512,"caption":"Dicodusport"},"image":{"@id":"https:\/\/dicodusport.fr\/blog\/#\/schema\/logo\/image\/"},"sameAs":["https:\/\/www.facebook.com\/dicodusport","https:\/\/x.com\/dicodusport","https:\/\/www.instagram.com\/dicodusport\/","https:\/\/www.youtube.com\/channel\/UC7V2KZ5sd3htJivAbA4ZG3w"],"description":"Dicodusport est l'encyclop\u00e9die de l'actualit\u00e9 sportive.","email":"bonjour@dicodusport.fr","legalName":"DICODUSPORT","foundingDate":"2018-01-14","vatID":"FR71834470973","taxID":"83447097300043","numberOfEmployees":{"@type":"QuantitativeValue","minValue":"1","maxValue":"10"}},{"@type":"Person","@id":"https:\/\/dicodusport.fr\/blog\/#\/schema\/person\/416c975648aca9da8839bdfe333a21c9","name":"Sophie Clapier","image":{"@type":"ImageObject","inLanguage":"fr-FR","@id":"https:\/\/dicodusport.fr\/blog\/#\/schema\/person\/image\/","url":"https:\/\/dicodusport.fr\/blog\/wp-content\/uploads\/2021\/05\/Sophie-Clapier-150x150.jpg","contentUrl":"https:\/\/dicodusport.fr\/blog\/wp-content\/uploads\/2021\/05\/Sophie-Clapier-150x150.jpg","caption":"Sophie Clapier"},"description":"Journaliste\/r\u00e9dactrice depuis janvier 2016 - Passionn\u00e9e de sport depuis toujours, j\u2019en ai pratiqu\u00e9 quelques-uns. Judo, football, handball ou encore tennis, je n\u2019ai jamais pu me mettre d\u2019accord sur un en particulier. Mais \u00e7a, c\u2019\u00e9tait avant de d\u00e9couvrir le basket, devenu mon sport de pr\u00e9dilection. Les actions NBA, le All-Star Week-end, la fureur des Game 7 pendant les playoffs ou mieux, lors des Finals, this is why we play. Team Spurs T.P, je m\u2019accroche encore \u00e0 Gregg Popovich (don\u2019t leave !). Team chef Curry, je souhaite qu\u2019il finisse aux Warriors (staaaay !). Non, il n\u2019y a pas qu\u2019eux, des petits nouveaux -et des petites nouvelles \u00e9videmment- arrivent chaque jour dans toutes les disciplines et cr\u00e9ent de nouveaux exploits. Alors pour les grands \u00e9v\u00e9nements et comp\u00e9titions internationales, vive les pulsations 240\/minutes et le d\u00e9fibrillateur pas loin, et allez les Bleu(e)s ! C\u2019est s\u00fbr, j\u2019aurai plus vu ma vie sur un terrain de sport, mais \u00e0 d\u00e9faut d\u2019en faire en haut niveau, je le partage avec vous.","sameAs":["https:\/\/www.facebook.com\/soocube","https:\/\/x.com\/https:\/\/twitter.com\/soocube","admin"],"url":"https:\/\/dicodusport.fr\/blog\/author\/sophie\/"}]}},"_links":{"self":[{"href":"https:\/\/dicodusport.fr\/blog\/wp-json\/wp\/v2\/posts\/176165","targetHints":{"allow":["GET"]}}],"collection":[{"href":"https:\/\/dicodusport.fr\/blog\/wp-json\/wp\/v2\/posts"}],"about":[{"href":"https:\/\/dicodusport.fr\/blog\/wp-json\/wp\/v2\/types\/post"}],"author":[{"embeddable":true,"href":"https:\/\/dicodusport.fr\/blog\/wp-json\/wp\/v2\/users\/18"}],"replies":[{"embeddable":true,"href":"https:\/\/dicodusport.fr\/blog\/wp-json\/wp\/v2\/comments?post=176165"}],"version-history":[{"count":0,"href":"https:\/\/dicodusport.fr\/blog\/wp-json\/wp\/v2\/posts\/176165\/revisions"}],"wp:featuredmedia":[{"embeddable":true,"href":"https:\/\/dicodusport.fr\/blog\/wp-json\/wp\/v2\/media\/176210"}],"wp:attachment":[{"href":"https:\/\/dicodusport.fr\/blog\/wp-json\/wp\/v2\/media?parent=176165"}],"wp:term":[{"taxonomy":"category","embeddable":true,"href":"https:\/\/dicodusport.fr\/blog\/wp-json\/wp\/v2\/categories?post=176165"},{"taxonomy":"post_tag","embeddable":true,"href":"https:\/\/dicodusport.fr\/blog\/wp-json\/wp\/v2\/tags?post=176165"}],"curies":[{"name":"wp","href":"https:\/\/api.w.org\/{rel}","templated":true}]}}