{"id":176386,"date":"2021-10-28T13:42:40","date_gmt":"2021-10-28T11:42:40","guid":{"rendered":"https:\/\/dicodusport.fr\/blog\/?p=176386&#038;preview=true&#038;preview_id=176386"},"modified":"2021-10-28T15:35:26","modified_gmt":"2021-10-28T13:35:26","slug":"david-henderson-reconnu-coupable-mise-en-danger-affaire-sala","status":"publish","type":"post","link":"https:\/\/dicodusport.fr\/blog\/david-henderson-reconnu-coupable-mise-en-danger-affaire-sala\/","title":{"rendered":"David Henderson reconnu coupable de mise en danger dans l&rsquo;affaire Sala"},"content":{"rendered":"<p style=\"text-align: justify;\"><strong><em>FOOTBALL &#8211; David Henderson, qui a organis\u00e9 le vol fatal d&rsquo;Emiliano Sala lors de son transfert \u00e0 Cardiff, a \u00e9t\u00e9 reconnu coupable de mise en danger de l&rsquo;appareil par le tribunal.<\/em><\/strong><\/p>\n<p style=\"text-align: justify;\">Pr\u00e8s de deux ans apr\u00e8s <a href=\"https:\/\/dicodusport.fr\/blog\/30-janvier-2019-fc-nantes-saint-etienne-lhommage-a-emiliano-sala\/\">le d\u00e9c\u00e8s tragique d&rsquo;<strong>Emiliano Sala<\/strong><\/a>, les responsabilit\u00e9s de cet accident commencent \u00e0 \u00eatre connues. <strong>David Henderson<\/strong> \u00e9tait jug\u00e9 par le tribunal de Cardiff et a \u00e9t\u00e9 reconnu coupable de mise en danger de l&rsquo;appareil, comme le confirment nos confr\u00e8res de <em>L&rsquo;\u00c9quipe<\/em>. Pour rappel, <strong>David Henderson<\/strong> devait initialement assurer le vol, mais l&rsquo;avait finalement d\u00e9l\u00e9gu\u00e9 \u00e0 <strong>David Ibboston<\/strong>, aussi d\u00e9c\u00e9d\u00e9 dans le crash, et qui n&rsquo;avait pas de licence de pilote commercial : sa qualification pour ce type d&rsquo;appareil n&rsquo;\u00e9tait plus valable, et il n&rsquo;\u00e9tait pas comp\u00e9tent pour voler la nuit.<\/p>\n<p style=\"text-align: justify;\">La <em>BBC<\/em> explique de son c\u00f4t\u00e9 qu&rsquo;il a fallu plus de 7 heures au jury pour rendre son verdict, et que le pilote conna\u00eetra sa condamnation le 12 novembre prochain.<\/p>\n<blockquote class=\"twitter-tweet\">\n<p dir=\"ltr\" lang=\"fr\">Affaire Sala : David Henderson reconnu coupable de mise en danger de l&rsquo;appareil<\/p>\n<p>Jug\u00e9 pour avoir organis\u00e9 le vol dans lequel a p\u00e9ri le Emiliano Sala en 2019, l&rsquo;interm\u00e9diaire David Henderson a \u00e9t\u00e9 reconnu coupable de mise en danger de l&rsquo;appareil.<a href=\"https:\/\/t.co\/qlhwOLEQib\">https:\/\/t.co\/qlhwOLEQib<\/a> <a href=\"https:\/\/t.co\/CeZxuZjdUE\">pic.twitter.com\/CeZxuZjdUE<\/a><\/p>\n<p>\u2014 L&rsquo;\u00c9QUIPE (@lequipe) <a href=\"https:\/\/twitter.com\/lequipe\/status\/1453684366949986307?ref_src=twsrc%5Etfw\">October 28, 2021<\/a><\/p><\/blockquote>\n<p><script async src=\"https:\/\/platform.twitter.com\/widgets.js\" charset=\"utf-8\"><\/script><\/p>\n","protected":false},"excerpt":{"rendered":"<p>FOOTBALL &#8211; David Henderson, qui a organis\u00e9 le vol fatal \u00e0 Emiliano Sala lors de son transfert \u00e0 Cardiff, a \u00e9t\u00e9 reconnu coupable de mise en danger de l&rsquo;appareil par le tribunal.<\/p>\n","protected":false},"author":1,"featured_media":176392,"comment_status":"open","ping_status":"closed","sticky":false,"template":"","format":"standard","meta":{"_acf_changed":false,"_daextam_enable_autolinks":"","footnotes":""},"categories":[2301],"tags":[7159,75],"class_list":["post-176386","post","type-post","status-publish","format-standard","has-post-thumbnail","hentry","category-football","tag-emiliano-sala","tag-football"],"acf":[],"yoast_head":"<!-- This site is optimized with the Yoast SEO Premium plugin v26.7 (Yoast SEO v26.7) - https:\/\/yoast.com\/wordpress\/plugins\/seo\/ -->\n<title>David Henderson reconnu coupable de mise en danger dans l&#039;affaire Sala<\/title>\n<meta name=\"description\" content=\"FOOTBALL - David Henderson, qui a organis\u00e9 le vol fatal d&#039;Emiliano Sala lors de son transfert \u00e0 Cardiff, a \u00e9t\u00e9 reconnu coupable de mise en danger de l&#039;appareil par le tribunal.\" \/>\n<meta name=\"robots\" content=\"index, follow, max-snippet:-1, max-image-preview:large, max-video-preview:-1\" \/>\n<link rel=\"canonical\" href=\"https:\/\/dicodusport.fr\/blog\/david-henderson-reconnu-coupable-mise-en-danger-affaire-sala\/\" \/>\n<meta property=\"og:locale\" content=\"fr_FR\" \/>\n<meta property=\"og:type\" content=\"article\" \/>\n<meta property=\"og:title\" content=\"David Henderson reconnu coupable de mise en danger dans l&#039;affaire Sala\" \/>\n<meta property=\"og:description\" content=\"FOOTBALL - David Henderson, qui a organis\u00e9 le vol fatal d&#039;Emiliano Sala lors de son transfert \u00e0 Cardiff, a \u00e9t\u00e9 reconnu coupable de mise en danger de l&#039;appareil par le tribunal.\" \/>\n<meta property=\"og:url\" content=\"https:\/\/dicodusport.fr\/blog\/david-henderson-reconnu-coupable-mise-en-danger-affaire-sala\/\" \/>\n<meta property=\"og:site_name\" content=\"Dicodusport\" \/>\n<meta property=\"article:publisher\" content=\"https:\/\/www.facebook.com\/dicodusport\" \/>\n<meta property=\"article:author\" content=\"https:\/\/www.facebook.com\/dicodusport\" \/>\n<meta property=\"article:published_time\" content=\"2021-10-28T11:42:40+00:00\" \/>\n<meta property=\"article:modified_time\" content=\"2021-10-28T13:35:26+00:00\" \/>\n<meta property=\"og:image\" content=\"https:\/\/dicodusport.fr\/blog\/wp-content\/uploads\/2021\/10\/David-Henderson-reconnu-coupable-de-mise-en-danger-dans-laffaire-Sala.png\" \/>\n\t<meta property=\"og:image:width\" content=\"800\" \/>\n\t<meta property=\"og:image:height\" content=\"445\" \/>\n\t<meta property=\"og:image:type\" content=\"image\/png\" \/>\n<meta name=\"author\" content=\"Nicolas Jacquemard\" \/>\n<meta name=\"twitter:card\" content=\"summary_large_image\" \/>\n<meta name=\"twitter:title\" content=\"David Henderson reconnu coupable de mise en danger dans l&#039;affaire Sala\" \/>\n<meta name=\"twitter:creator\" content=\"@https:\/\/twitter.com\/Nico_Jacquemard\" \/>\n<meta name=\"twitter:site\" content=\"@dicodusport\" \/>\n<script type=\"application\/ld+json\" class=\"yoast-schema-graph\">{\"@context\":\"https:\/\/schema.org\",\"@graph\":[{\"@type\":\"NewsArticle\",\"@id\":\"https:\/\/dicodusport.fr\/blog\/david-henderson-reconnu-coupable-mise-en-danger-affaire-sala\/#article\",\"isPartOf\":{\"@id\":\"https:\/\/dicodusport.fr\/blog\/david-henderson-reconnu-coupable-mise-en-danger-affaire-sala\/\"},\"author\":{\"name\":\"Nicolas Jacquemard\",\"@id\":\"https:\/\/dicodusport.fr\/blog\/#\/schema\/person\/55dcb50ad410894e431ed812bbb70191\"},\"headline\":\"David Henderson reconnu coupable de mise en danger dans l&rsquo;affaire Sala\",\"datePublished\":\"2021-10-28T11:42:40+00:00\",\"dateModified\":\"2021-10-28T13:35:26+00:00\",\"mainEntityOfPage\":{\"@id\":\"https:\/\/dicodusport.fr\/blog\/david-henderson-reconnu-coupable-mise-en-danger-affaire-sala\/\"},\"wordCount\":242,\"commentCount\":0,\"publisher\":{\"@id\":\"https:\/\/dicodusport.fr\/blog\/#organization\"},\"image\":{\"@id\":\"https:\/\/dicodusport.fr\/blog\/david-henderson-reconnu-coupable-mise-en-danger-affaire-sala\/#primaryimage\"},\"thumbnailUrl\":\"https:\/\/dicodusport.fr\/blog\/wp-content\/uploads\/2021\/10\/David-Henderson-reconnu-coupable-de-mise-en-danger-dans-laffaire-Sala.png\",\"keywords\":[\"Emiliano Sala\",\"Football\"],\"articleSection\":[\"Football\"],\"inLanguage\":\"fr-FR\",\"potentialAction\":[{\"@type\":\"CommentAction\",\"name\":\"Comment\",\"target\":[\"https:\/\/dicodusport.fr\/blog\/david-henderson-reconnu-coupable-mise-en-danger-affaire-sala\/#respond\"]}],\"copyrightYear\":\"2021\",\"copyrightHolder\":{\"@id\":\"https:\/\/dicodusport.fr\/blog\/#organization\"}},{\"@type\":\"WebPage\",\"@id\":\"https:\/\/dicodusport.fr\/blog\/david-henderson-reconnu-coupable-mise-en-danger-affaire-sala\/\",\"url\":\"https:\/\/dicodusport.fr\/blog\/david-henderson-reconnu-coupable-mise-en-danger-affaire-sala\/\",\"name\":\"David Henderson reconnu coupable de mise en danger dans l'affaire Sala\",\"isPartOf\":{\"@id\":\"https:\/\/dicodusport.fr\/blog\/#website\"},\"primaryImageOfPage\":{\"@id\":\"https:\/\/dicodusport.fr\/blog\/david-henderson-reconnu-coupable-mise-en-danger-affaire-sala\/#primaryimage\"},\"image\":{\"@id\":\"https:\/\/dicodusport.fr\/blog\/david-henderson-reconnu-coupable-mise-en-danger-affaire-sala\/#primaryimage\"},\"thumbnailUrl\":\"https:\/\/dicodusport.fr\/blog\/wp-content\/uploads\/2021\/10\/David-Henderson-reconnu-coupable-de-mise-en-danger-dans-laffaire-Sala.png\",\"datePublished\":\"2021-10-28T11:42:40+00:00\",\"dateModified\":\"2021-10-28T13:35:26+00:00\",\"description\":\"FOOTBALL - David Henderson, qui a organis\u00e9 le vol fatal d'Emiliano Sala lors de son transfert \u00e0 Cardiff, a \u00e9t\u00e9 reconnu coupable de mise en danger de l'appareil par le tribunal.\",\"breadcrumb\":{\"@id\":\"https:\/\/dicodusport.fr\/blog\/david-henderson-reconnu-coupable-mise-en-danger-affaire-sala\/#breadcrumb\"},\"inLanguage\":\"fr-FR\",\"potentialAction\":[{\"@type\":\"ReadAction\",\"target\":[\"https:\/\/dicodusport.fr\/blog\/david-henderson-reconnu-coupable-mise-en-danger-affaire-sala\/\"]}]},{\"@type\":\"ImageObject\",\"inLanguage\":\"fr-FR\",\"@id\":\"https:\/\/dicodusport.fr\/blog\/david-henderson-reconnu-coupable-mise-en-danger-affaire-sala\/#primaryimage\",\"url\":\"https:\/\/dicodusport.fr\/blog\/wp-content\/uploads\/2021\/10\/David-Henderson-reconnu-coupable-de-mise-en-danger-dans-laffaire-Sala.png\",\"contentUrl\":\"https:\/\/dicodusport.fr\/blog\/wp-content\/uploads\/2021\/10\/David-Henderson-reconnu-coupable-de-mise-en-danger-dans-laffaire-Sala.png\",\"width\":800,\"height\":445},{\"@type\":\"BreadcrumbList\",\"@id\":\"https:\/\/dicodusport.fr\/blog\/david-henderson-reconnu-coupable-mise-en-danger-affaire-sala\/#breadcrumb\",\"itemListElement\":[{\"@type\":\"ListItem\",\"position\":1,\"name\":\"Accueil\",\"item\":\"https:\/\/dicodusport.fr\/blog\/\"},{\"@type\":\"ListItem\",\"position\":2,\"name\":\"David Henderson reconnu coupable de mise en danger dans l&rsquo;affaire Sala\"}]},{\"@type\":\"WebSite\",\"@id\":\"https:\/\/dicodusport.fr\/blog\/#website\",\"url\":\"https:\/\/dicodusport.fr\/blog\/\",\"name\":\"Dicodusport\",\"description\":\"L&#039;encyclop\u00e9die de l&#039;actualit\u00e9 sportive\",\"publisher\":{\"@id\":\"https:\/\/dicodusport.fr\/blog\/#organization\"},\"potentialAction\":[{\"@type\":\"SearchAction\",\"target\":{\"@type\":\"EntryPoint\",\"urlTemplate\":\"https:\/\/dicodusport.fr\/blog\/?s={search_term_string}\"},\"query-input\":{\"@type\":\"PropertyValueSpecification\",\"valueRequired\":true,\"valueName\":\"search_term_string\"}}],\"inLanguage\":\"fr-FR\"},{\"@type\":\"NewsMediaOrganization\",\"@id\":\"https:\/\/dicodusport.fr\/blog\/#organization\",\"name\":\"Dicodusport\",\"url\":\"https:\/\/dicodusport.fr\/blog\/\",\"logo\":{\"@type\":\"ImageObject\",\"inLanguage\":\"fr-FR\",\"@id\":\"https:\/\/dicodusport.fr\/blog\/#\/schema\/logo\/image\/\",\"url\":\"https:\/\/dicodusport.fr\/blog\/wp-content\/uploads\/2020\/06\/cropped-LOGO-DICODUSPORT-2020-SANS-FOND-SANS-TEXTE.png\",\"contentUrl\":\"https:\/\/dicodusport.fr\/blog\/wp-content\/uploads\/2020\/06\/cropped-LOGO-DICODUSPORT-2020-SANS-FOND-SANS-TEXTE.png\",\"width\":512,\"height\":512,\"caption\":\"Dicodusport\"},\"image\":{\"@id\":\"https:\/\/dicodusport.fr\/blog\/#\/schema\/logo\/image\/\"},\"sameAs\":[\"https:\/\/www.facebook.com\/dicodusport\",\"https:\/\/x.com\/dicodusport\",\"https:\/\/www.instagram.com\/dicodusport\/\",\"https:\/\/www.youtube.com\/channel\/UC7V2KZ5sd3htJivAbA4ZG3w\"],\"description\":\"Dicodusport est l'encyclop\u00e9die de l'actualit\u00e9 sportive.\",\"email\":\"bonjour@dicodusport.fr\",\"legalName\":\"DICODUSPORT\",\"foundingDate\":\"2018-01-14\",\"vatID\":\"FR71834470973\",\"taxID\":\"83447097300043\",\"numberOfEmployees\":{\"@type\":\"QuantitativeValue\",\"minValue\":\"1\",\"maxValue\":\"10\"}},{\"@type\":\"Person\",\"@id\":\"https:\/\/dicodusport.fr\/blog\/#\/schema\/person\/55dcb50ad410894e431ed812bbb70191\",\"name\":\"Nicolas Jacquemard\",\"image\":{\"@type\":\"ImageObject\",\"inLanguage\":\"fr-FR\",\"@id\":\"https:\/\/dicodusport.fr\/blog\/#\/schema\/person\/image\/\",\"url\":\"https:\/\/dicodusport.fr\/blog\/wp-content\/uploads\/2021\/05\/Nicolas-Jacquemard-150x150.jpeg\",\"contentUrl\":\"https:\/\/dicodusport.fr\/blog\/wp-content\/uploads\/2021\/05\/Nicolas-Jacquemard-150x150.jpeg\",\"caption\":\"Nicolas Jacquemard\"},\"description\":\"Passionn\u00e9 de sport et entrepreneur depuis mes 18 ans, la cr\u00e9ation de Dicodusport m'a sembl\u00e9 \u00e9vidente pour participer \u00e0 la m\u00e9diatisation d'un plus grand nombre de sports. Le chemin est long mais avec une \u00e9quipe des plus motiv\u00e9es et les Jeux Olympiques de Paris 2024 en point de mire, nous y arriverons ! Journaliste dans le monde du sport depuis plus de 5 ans, je traite aussi bien de football, de rugby, de biathlon que de cyclisme.\",\"sameAs\":[\"https:\/\/www.facebook.com\/dicodusport\",\"https:\/\/x.com\/https:\/\/twitter.com\/Nico_Jacquemard\"],\"url\":\"https:\/\/dicodusport.fr\/blog\/author\/dicodusport\/\"}]}<\/script>\n<!-- \/ Yoast SEO Premium plugin. -->","yoast_head_json":{"title":"David Henderson reconnu coupable de mise en danger dans l'affaire Sala","description":"FOOTBALL - David Henderson, qui a organis\u00e9 le vol fatal d'Emiliano Sala lors de son transfert \u00e0 Cardiff, a \u00e9t\u00e9 reconnu coupable de mise en danger de l'appareil par le tribunal.","robots":{"index":"index","follow":"follow","max-snippet":"max-snippet:-1","max-image-preview":"max-image-preview:large","max-video-preview":"max-video-preview:-1"},"canonical":"https:\/\/dicodusport.fr\/blog\/david-henderson-reconnu-coupable-mise-en-danger-affaire-sala\/","og_locale":"fr_FR","og_type":"article","og_title":"David Henderson reconnu coupable de mise en danger dans l'affaire Sala","og_description":"FOOTBALL - David Henderson, qui a organis\u00e9 le vol fatal d'Emiliano Sala lors de son transfert \u00e0 Cardiff, a \u00e9t\u00e9 reconnu coupable de mise en danger de l'appareil par le tribunal.","og_url":"https:\/\/dicodusport.fr\/blog\/david-henderson-reconnu-coupable-mise-en-danger-affaire-sala\/","og_site_name":"Dicodusport","article_publisher":"https:\/\/www.facebook.com\/dicodusport","article_author":"https:\/\/www.facebook.com\/dicodusport","article_published_time":"2021-10-28T11:42:40+00:00","article_modified_time":"2021-10-28T13:35:26+00:00","og_image":[{"width":800,"height":445,"url":"https:\/\/dicodusport.fr\/blog\/wp-content\/uploads\/2021\/10\/David-Henderson-reconnu-coupable-de-mise-en-danger-dans-laffaire-Sala.png","type":"image\/png"}],"author":"Nicolas Jacquemard","twitter_card":"summary_large_image","twitter_title":"David Henderson reconnu coupable de mise en danger dans l'affaire Sala","twitter_creator":"@https:\/\/twitter.com\/Nico_Jacquemard","twitter_site":"@dicodusport","schema":{"@context":"https:\/\/schema.org","@graph":[{"@type":"NewsArticle","@id":"https:\/\/dicodusport.fr\/blog\/david-henderson-reconnu-coupable-mise-en-danger-affaire-sala\/#article","isPartOf":{"@id":"https:\/\/dicodusport.fr\/blog\/david-henderson-reconnu-coupable-mise-en-danger-affaire-sala\/"},"author":{"name":"Nicolas Jacquemard","@id":"https:\/\/dicodusport.fr\/blog\/#\/schema\/person\/55dcb50ad410894e431ed812bbb70191"},"headline":"David Henderson reconnu coupable de mise en danger dans l&rsquo;affaire Sala","datePublished":"2021-10-28T11:42:40+00:00","dateModified":"2021-10-28T13:35:26+00:00","mainEntityOfPage":{"@id":"https:\/\/dicodusport.fr\/blog\/david-henderson-reconnu-coupable-mise-en-danger-affaire-sala\/"},"wordCount":242,"commentCount":0,"publisher":{"@id":"https:\/\/dicodusport.fr\/blog\/#organization"},"image":{"@id":"https:\/\/dicodusport.fr\/blog\/david-henderson-reconnu-coupable-mise-en-danger-affaire-sala\/#primaryimage"},"thumbnailUrl":"https:\/\/dicodusport.fr\/blog\/wp-content\/uploads\/2021\/10\/David-Henderson-reconnu-coupable-de-mise-en-danger-dans-laffaire-Sala.png","keywords":["Emiliano Sala","Football"],"articleSection":["Football"],"inLanguage":"fr-FR","potentialAction":[{"@type":"CommentAction","name":"Comment","target":["https:\/\/dicodusport.fr\/blog\/david-henderson-reconnu-coupable-mise-en-danger-affaire-sala\/#respond"]}],"copyrightYear":"2021","copyrightHolder":{"@id":"https:\/\/dicodusport.fr\/blog\/#organization"}},{"@type":"WebPage","@id":"https:\/\/dicodusport.fr\/blog\/david-henderson-reconnu-coupable-mise-en-danger-affaire-sala\/","url":"https:\/\/dicodusport.fr\/blog\/david-henderson-reconnu-coupable-mise-en-danger-affaire-sala\/","name":"David Henderson reconnu coupable de mise en danger dans l'affaire Sala","isPartOf":{"@id":"https:\/\/dicodusport.fr\/blog\/#website"},"primaryImageOfPage":{"@id":"https:\/\/dicodusport.fr\/blog\/david-henderson-reconnu-coupable-mise-en-danger-affaire-sala\/#primaryimage"},"image":{"@id":"https:\/\/dicodusport.fr\/blog\/david-henderson-reconnu-coupable-mise-en-danger-affaire-sala\/#primaryimage"},"thumbnailUrl":"https:\/\/dicodusport.fr\/blog\/wp-content\/uploads\/2021\/10\/David-Henderson-reconnu-coupable-de-mise-en-danger-dans-laffaire-Sala.png","datePublished":"2021-10-28T11:42:40+00:00","dateModified":"2021-10-28T13:35:26+00:00","description":"FOOTBALL - David Henderson, qui a organis\u00e9 le vol fatal d'Emiliano Sala lors de son transfert \u00e0 Cardiff, a \u00e9t\u00e9 reconnu coupable de mise en danger de l'appareil par le tribunal.","breadcrumb":{"@id":"https:\/\/dicodusport.fr\/blog\/david-henderson-reconnu-coupable-mise-en-danger-affaire-sala\/#breadcrumb"},"inLanguage":"fr-FR","potentialAction":[{"@type":"ReadAction","target":["https:\/\/dicodusport.fr\/blog\/david-henderson-reconnu-coupable-mise-en-danger-affaire-sala\/"]}]},{"@type":"ImageObject","inLanguage":"fr-FR","@id":"https:\/\/dicodusport.fr\/blog\/david-henderson-reconnu-coupable-mise-en-danger-affaire-sala\/#primaryimage","url":"https:\/\/dicodusport.fr\/blog\/wp-content\/uploads\/2021\/10\/David-Henderson-reconnu-coupable-de-mise-en-danger-dans-laffaire-Sala.png","contentUrl":"https:\/\/dicodusport.fr\/blog\/wp-content\/uploads\/2021\/10\/David-Henderson-reconnu-coupable-de-mise-en-danger-dans-laffaire-Sala.png","width":800,"height":445},{"@type":"BreadcrumbList","@id":"https:\/\/dicodusport.fr\/blog\/david-henderson-reconnu-coupable-mise-en-danger-affaire-sala\/#breadcrumb","itemListElement":[{"@type":"ListItem","position":1,"name":"Accueil","item":"https:\/\/dicodusport.fr\/blog\/"},{"@type":"ListItem","position":2,"name":"David Henderson reconnu coupable de mise en danger dans l&rsquo;affaire Sala"}]},{"@type":"WebSite","@id":"https:\/\/dicodusport.fr\/blog\/#website","url":"https:\/\/dicodusport.fr\/blog\/","name":"Dicodusport","description":"L&#039;encyclop\u00e9die de l&#039;actualit\u00e9 sportive","publisher":{"@id":"https:\/\/dicodusport.fr\/blog\/#organization"},"potentialAction":[{"@type":"SearchAction","target":{"@type":"EntryPoint","urlTemplate":"https:\/\/dicodusport.fr\/blog\/?s={search_term_string}"},"query-input":{"@type":"PropertyValueSpecification","valueRequired":true,"valueName":"search_term_string"}}],"inLanguage":"fr-FR"},{"@type":"NewsMediaOrganization","@id":"https:\/\/dicodusport.fr\/blog\/#organization","name":"Dicodusport","url":"https:\/\/dicodusport.fr\/blog\/","logo":{"@type":"ImageObject","inLanguage":"fr-FR","@id":"https:\/\/dicodusport.fr\/blog\/#\/schema\/logo\/image\/","url":"https:\/\/dicodusport.fr\/blog\/wp-content\/uploads\/2020\/06\/cropped-LOGO-DICODUSPORT-2020-SANS-FOND-SANS-TEXTE.png","contentUrl":"https:\/\/dicodusport.fr\/blog\/wp-content\/uploads\/2020\/06\/cropped-LOGO-DICODUSPORT-2020-SANS-FOND-SANS-TEXTE.png","width":512,"height":512,"caption":"Dicodusport"},"image":{"@id":"https:\/\/dicodusport.fr\/blog\/#\/schema\/logo\/image\/"},"sameAs":["https:\/\/www.facebook.com\/dicodusport","https:\/\/x.com\/dicodusport","https:\/\/www.instagram.com\/dicodusport\/","https:\/\/www.youtube.com\/channel\/UC7V2KZ5sd3htJivAbA4ZG3w"],"description":"Dicodusport est l'encyclop\u00e9die de l'actualit\u00e9 sportive.","email":"bonjour@dicodusport.fr","legalName":"DICODUSPORT","foundingDate":"2018-01-14","vatID":"FR71834470973","taxID":"83447097300043","numberOfEmployees":{"@type":"QuantitativeValue","minValue":"1","maxValue":"10"}},{"@type":"Person","@id":"https:\/\/dicodusport.fr\/blog\/#\/schema\/person\/55dcb50ad410894e431ed812bbb70191","name":"Nicolas Jacquemard","image":{"@type":"ImageObject","inLanguage":"fr-FR","@id":"https:\/\/dicodusport.fr\/blog\/#\/schema\/person\/image\/","url":"https:\/\/dicodusport.fr\/blog\/wp-content\/uploads\/2021\/05\/Nicolas-Jacquemard-150x150.jpeg","contentUrl":"https:\/\/dicodusport.fr\/blog\/wp-content\/uploads\/2021\/05\/Nicolas-Jacquemard-150x150.jpeg","caption":"Nicolas Jacquemard"},"description":"Passionn\u00e9 de sport et entrepreneur depuis mes 18 ans, la cr\u00e9ation de Dicodusport m'a sembl\u00e9 \u00e9vidente pour participer \u00e0 la m\u00e9diatisation d'un plus grand nombre de sports. Le chemin est long mais avec une \u00e9quipe des plus motiv\u00e9es et les Jeux Olympiques de Paris 2024 en point de mire, nous y arriverons ! Journaliste dans le monde du sport depuis plus de 5 ans, je traite aussi bien de football, de rugby, de biathlon que de cyclisme.","sameAs":["https:\/\/www.facebook.com\/dicodusport","https:\/\/x.com\/https:\/\/twitter.com\/Nico_Jacquemard"],"url":"https:\/\/dicodusport.fr\/blog\/author\/dicodusport\/"}]}},"_links":{"self":[{"href":"https:\/\/dicodusport.fr\/blog\/wp-json\/wp\/v2\/posts\/176386","targetHints":{"allow":["GET"]}}],"collection":[{"href":"https:\/\/dicodusport.fr\/blog\/wp-json\/wp\/v2\/posts"}],"about":[{"href":"https:\/\/dicodusport.fr\/blog\/wp-json\/wp\/v2\/types\/post"}],"author":[{"embeddable":true,"href":"https:\/\/dicodusport.fr\/blog\/wp-json\/wp\/v2\/users\/1"}],"replies":[{"embeddable":true,"href":"https:\/\/dicodusport.fr\/blog\/wp-json\/wp\/v2\/comments?post=176386"}],"version-history":[{"count":0,"href":"https:\/\/dicodusport.fr\/blog\/wp-json\/wp\/v2\/posts\/176386\/revisions"}],"wp:featuredmedia":[{"embeddable":true,"href":"https:\/\/dicodusport.fr\/blog\/wp-json\/wp\/v2\/media\/176392"}],"wp:attachment":[{"href":"https:\/\/dicodusport.fr\/blog\/wp-json\/wp\/v2\/media?parent=176386"}],"wp:term":[{"taxonomy":"category","embeddable":true,"href":"https:\/\/dicodusport.fr\/blog\/wp-json\/wp\/v2\/categories?post=176386"},{"taxonomy":"post_tag","embeddable":true,"href":"https:\/\/dicodusport.fr\/blog\/wp-json\/wp\/v2\/tags?post=176386"}],"curies":[{"name":"wp","href":"https:\/\/api.w.org\/{rel}","templated":true}]}}