{"id":17651,"date":"2018-05-02T18:00:14","date_gmt":"2018-05-02T16:00:14","guid":{"rendered":"http:\/\/dicodusport.fr\/blog\/?p=17651"},"modified":"2025-09-16T09:15:22","modified_gmt":"2025-09-16T07:15:22","slug":"karim-benzema-la-ligue-des-champions-lui-va-si-bien","status":"publish","type":"post","link":"https:\/\/dicodusport.fr\/blog\/karim-benzema-la-ligue-des-champions-lui-va-si-bien\/","title":{"rendered":"Karim Benzema, la Ligue des Champions lui va si bien"},"content":{"rendered":"<p style=\"text-align: justify;\"><em><strong>En difficult\u00e9 en club cette saison et ind\u00e9sirable en \u00e9quipe de France depuis plus de deux ans, le parcours de Karim Benzema est loin d&rsquo;\u00eatre un long fleuve tranquille. Pourtant, comme souvent, c&rsquo;est sur le terrain que le Fran\u00e7ais a r\u00e9pondu hier soir, en demi-finale de Ligue des Champions.\u00a0<\/strong><\/em><\/p>\n<p style=\"text-align: justify;\">Seulement 5 buts en championnat et un rendement dans le jeu inconstant lui ont valu \u00e0 de nombreuses reprises les sifflets de Santiago Bernabeu. Si Karim Benzema est habitu\u00e9 \u00e0 \u00eatre critiqu\u00e9 depuis son arriv\u00e9e au Real Madrid, il r\u00e9alise sa pire saison en termes de statistiques depuis sa premi\u00e8re ann\u00e9e dans la capitale espagnole.<\/p>\n<p style=\"text-align: justify;\">Hier soir, titulaire, alors qu&rsquo;il avait \u00e9t\u00e9 rempla\u00e7ant au match aller, le Fran\u00e7ais a sauv\u00e9 la Maison Blanche, en marquant deux buts mais aussi par son activit\u00e9 offensive et d\u00e9fensive d\u00e9terminante pour son \u00e9quipe. Sur le premier but, il se d\u00e9fait du marquage d&rsquo;Alaba et reprend l&rsquo;offrande de Marcelo. Sur le second, il profite de l&rsquo;erreur du gardien allemand. Dans le jeu, il a beaucoup boug\u00e9, permut\u00e9 et touch\u00e9 un grand nombre de ballons pour cr\u00e9er des d\u00e9calages et comme son entra\u00eeneur, Zin\u00e9dine Zidane le rappelle souvent, ce n&rsquo;est pas seulement devant le but que le Tricolore est important. Ajoutez \u00e0 cela un travail d\u00e9fensif colossal et vous obtenez une prestation presque parfaite et le pardon des journalistes et du peuple madril\u00e8ne.<\/p>\n<h4 style=\"text-align: justify;\">Cinqui\u00e8me meilleur buteur de l&rsquo;histoire de la Ligue des Champions<\/h4>\n<p style=\"text-align: justify;\">Il y a un an, c&rsquo;est d\u00e9j\u00e0 Karim Benzema qui avait sorti le Real d&rsquo;une mauvaise passe en demi-finale retour de la Ligue des Champions, en se d\u00e9faisant de trois adversaires le long de la ligne de but pour permettre \u00e0 Isco de r\u00e9duire le score. En 2014, en demi-finale aller contre le Bayern d\u00e9j\u00e0, c&rsquo;est lui qui avait donn\u00e9 la victoire au Real Madrid. Les grands joueurs r\u00e9pondent pr\u00e9sents dans les grands rendez-vous, l&rsquo;ancien Lyonnais en fait partie.<\/p>\n<p style=\"text-align: justify;\">Hier, gr\u00e2ce \u00e0 son doubl\u00e9, Karim Benzema, 5\u00e8me meilleur buteur de l&rsquo;histoire de la Ligue des Champions, est maintenant \u00e0 une longueur du quatri\u00e8me :\u00a0Ruud van Nistelrooy. A ses 55 buts, il faut ajouter 24 passes d\u00e9cisives en 103 matchs. Une comp\u00e9tition qui va \u00e0 ravir au Fran\u00e7ais qui est en moyenne d\u00e9cisif dans plus de 3 matchs sur 4. Sans oublier qu&rsquo;il a marqu\u00e9 autant de buts en demi-finale de la Ligue des Champions qu&rsquo;un certain Leo Messi en moins de matchs jou\u00e9s que ce dernier, et qu&rsquo;il a d\u00e9j\u00e0 remport\u00e9 trois fois la Coupe aux Grandes Oreilles. On peut se rendre compte \u00e0 quel point Karim Benzema aura marqu\u00e9 l&rsquo;histoire de cette comp\u00e9tition.<\/p>\n<p style=\"text-align: justify;\"><strong><em>Nicolas Jacquemard<\/em><\/strong><br \/>\n<a style=\"color: #000000;\" href=\"https:\/\/twitter.com\/Nico_Jacquemard\" target=\"_blank\" rel=\"noopener noreferrer\"><img loading=\"lazy\" decoding=\"async\" class=\"alignnone wp-image-2908\" src=\"http:\/\/dicodusport.fr\/blog\/wp-content\/uploads\/2017\/07\/logo-twitter-150x150.png\" alt=\"\" width=\"39\" height=\"39\" \/><\/a><a style=\"color: #000000;\" href=\"https:\/\/www.facebook.com\/dicodusport\/\" target=\"_blank\" rel=\"noopener noreferrer\"><img loading=\"lazy\" decoding=\"async\" class=\"alignnone wp-image-2909\" src=\"http:\/\/dicodusport.fr\/blog\/wp-content\/uploads\/2017\/07\/logo-facebook-150x150.png\" alt=\"\" width=\"40\" height=\"40\" \/><\/a><\/p>\n","protected":false},"excerpt":{"rendered":"<p>En difficult\u00e9 en club cette saison et ind\u00e9sirable en \u00e9quipe de France depuis plus de deux ans, le parcours de Karim Benzema est loin d&rsquo;\u00eatre un long fleuve tranquille. Pourtant, comme souvent, c&rsquo;est sur le terrain que le Fran\u00e7ais a r\u00e9pondu hier soir, en demi-finale de Ligue des Champions. <\/p>\n","protected":false},"author":1,"featured_media":17657,"comment_status":"open","ping_status":"closed","sticky":false,"template":"","format":"standard","meta":{"_acf_changed":false,"_daextam_enable_autolinks":"","footnotes":""},"categories":[2301,47250],"tags":[3072,75,4727,419,2350,521],"class_list":["post-17651","post","type-post","status-publish","format-standard","has-post-thumbnail","hentry","category-football","category-ligue-des-champions-de-football","tag-benzema","tag-football","tag-karim-benzema","tag-ligue-des-champions","tag-madrid","tag-real-madrid"],"acf":[],"yoast_head":"<!-- This site is optimized with the Yoast SEO Premium plugin v26.7 (Yoast SEO v26.7) - https:\/\/yoast.com\/wordpress\/plugins\/seo\/ -->\n<title>Karim Benzema, la Ligue des Champions lui va si bien<\/title>\n<meta name=\"description\" content=\"En difficult\u00e9 en club cette saison et ind\u00e9sirable en \u00e9quipe de France depuis plus de deux ans, le parcours de Karim Benzema est loin d&#039;\u00eatre un long fleuve tranquille. Pourtant, comme souvent, c&#039;est sur le terrain que le Fran\u00e7ais a r\u00e9pondu hier soir, en demi-finale de Ligue des Champions.\" \/>\n<meta name=\"robots\" content=\"index, follow, max-snippet:-1, max-image-preview:large, max-video-preview:-1\" \/>\n<link rel=\"canonical\" href=\"https:\/\/dicodusport.fr\/blog\/karim-benzema-la-ligue-des-champions-lui-va-si-bien\/\" \/>\n<meta property=\"og:locale\" content=\"fr_FR\" \/>\n<meta property=\"og:type\" content=\"article\" \/>\n<meta property=\"og:title\" content=\"Karim Benzema, la Ligue des Champions lui va si bien\" \/>\n<meta property=\"og:description\" content=\"En difficult\u00e9 en club cette saison et ind\u00e9sirable en \u00e9quipe de France depuis plus de deux ans, le parcours de Karim Benzema est loin d&#039;\u00eatre un long fleuve tranquille. Pourtant, comme souvent, c&#039;est sur le terrain que le Fran\u00e7ais a r\u00e9pondu hier soir, en demi-finale de Ligue des Champions.\" \/>\n<meta property=\"og:url\" content=\"https:\/\/dicodusport.fr\/blog\/karim-benzema-la-ligue-des-champions-lui-va-si-bien\/\" \/>\n<meta property=\"og:site_name\" content=\"Dicodusport\" \/>\n<meta property=\"article:publisher\" content=\"https:\/\/www.facebook.com\/dicodusport\" \/>\n<meta property=\"article:author\" content=\"https:\/\/www.facebook.com\/dicodusport\" \/>\n<meta property=\"article:published_time\" content=\"2018-05-02T16:00:14+00:00\" \/>\n<meta property=\"article:modified_time\" content=\"2025-09-16T07:15:22+00:00\" \/>\n<meta property=\"og:image\" content=\"https:\/\/dicodusport.fr\/blog\/wp-content\/uploads\/2018\/05\/Karim-Benzema.png\" \/>\n\t<meta property=\"og:image:width\" content=\"1200\" \/>\n\t<meta property=\"og:image:height\" content=\"670\" \/>\n\t<meta property=\"og:image:type\" content=\"image\/png\" \/>\n<meta name=\"author\" content=\"Nicolas Jacquemard\" \/>\n<meta name=\"twitter:card\" content=\"summary_large_image\" \/>\n<meta name=\"twitter:creator\" content=\"@https:\/\/twitter.com\/Nico_Jacquemard\" \/>\n<meta name=\"twitter:site\" content=\"@dicodusport\" \/>\n<script type=\"application\/ld+json\" class=\"yoast-schema-graph\">{\"@context\":\"https:\/\/schema.org\",\"@graph\":[{\"@type\":\"NewsArticle\",\"@id\":\"https:\/\/dicodusport.fr\/blog\/karim-benzema-la-ligue-des-champions-lui-va-si-bien\/#article\",\"isPartOf\":{\"@id\":\"https:\/\/dicodusport.fr\/blog\/karim-benzema-la-ligue-des-champions-lui-va-si-bien\/\"},\"author\":{\"name\":\"Nicolas Jacquemard\",\"@id\":\"https:\/\/dicodusport.fr\/blog\/#\/schema\/person\/55dcb50ad410894e431ed812bbb70191\"},\"headline\":\"Karim Benzema, la Ligue des Champions lui va si bien\",\"datePublished\":\"2018-05-02T16:00:14+00:00\",\"dateModified\":\"2025-09-16T07:15:22+00:00\",\"mainEntityOfPage\":{\"@id\":\"https:\/\/dicodusport.fr\/blog\/karim-benzema-la-ligue-des-champions-lui-va-si-bien\/\"},\"wordCount\":478,\"commentCount\":0,\"publisher\":{\"@id\":\"https:\/\/dicodusport.fr\/blog\/#organization\"},\"image\":{\"@id\":\"https:\/\/dicodusport.fr\/blog\/karim-benzema-la-ligue-des-champions-lui-va-si-bien\/#primaryimage\"},\"thumbnailUrl\":\"https:\/\/dicodusport.fr\/blog\/wp-content\/uploads\/2018\/05\/Karim-Benzema.png\",\"keywords\":[\"benzema\",\"Football\",\"Karim Benzema\",\"Ligue des champions\",\"madrid\",\"Real Madrid\"],\"articleSection\":[\"Football\",\"Ligue des Champions de football\"],\"inLanguage\":\"fr-FR\",\"potentialAction\":[{\"@type\":\"CommentAction\",\"name\":\"Comment\",\"target\":[\"https:\/\/dicodusport.fr\/blog\/karim-benzema-la-ligue-des-champions-lui-va-si-bien\/#respond\"]}],\"copyrightYear\":\"2018\",\"copyrightHolder\":{\"@id\":\"https:\/\/dicodusport.fr\/blog\/#organization\"}},{\"@type\":\"WebPage\",\"@id\":\"https:\/\/dicodusport.fr\/blog\/karim-benzema-la-ligue-des-champions-lui-va-si-bien\/\",\"url\":\"https:\/\/dicodusport.fr\/blog\/karim-benzema-la-ligue-des-champions-lui-va-si-bien\/\",\"name\":\"Karim Benzema, la Ligue des Champions lui va si bien\",\"isPartOf\":{\"@id\":\"https:\/\/dicodusport.fr\/blog\/#website\"},\"primaryImageOfPage\":{\"@id\":\"https:\/\/dicodusport.fr\/blog\/karim-benzema-la-ligue-des-champions-lui-va-si-bien\/#primaryimage\"},\"image\":{\"@id\":\"https:\/\/dicodusport.fr\/blog\/karim-benzema-la-ligue-des-champions-lui-va-si-bien\/#primaryimage\"},\"thumbnailUrl\":\"https:\/\/dicodusport.fr\/blog\/wp-content\/uploads\/2018\/05\/Karim-Benzema.png\",\"datePublished\":\"2018-05-02T16:00:14+00:00\",\"dateModified\":\"2025-09-16T07:15:22+00:00\",\"description\":\"En difficult\u00e9 en club cette saison et ind\u00e9sirable en \u00e9quipe de France depuis plus de deux ans, le parcours de Karim Benzema est loin d'\u00eatre un long fleuve tranquille. Pourtant, comme souvent, c'est sur le terrain que le Fran\u00e7ais a r\u00e9pondu hier soir, en demi-finale de Ligue des Champions.\",\"breadcrumb\":{\"@id\":\"https:\/\/dicodusport.fr\/blog\/karim-benzema-la-ligue-des-champions-lui-va-si-bien\/#breadcrumb\"},\"inLanguage\":\"fr-FR\",\"potentialAction\":[{\"@type\":\"ReadAction\",\"target\":[\"https:\/\/dicodusport.fr\/blog\/karim-benzema-la-ligue-des-champions-lui-va-si-bien\/\"]}]},{\"@type\":\"ImageObject\",\"inLanguage\":\"fr-FR\",\"@id\":\"https:\/\/dicodusport.fr\/blog\/karim-benzema-la-ligue-des-champions-lui-va-si-bien\/#primaryimage\",\"url\":\"https:\/\/dicodusport.fr\/blog\/wp-content\/uploads\/2018\/05\/Karim-Benzema.png\",\"contentUrl\":\"https:\/\/dicodusport.fr\/blog\/wp-content\/uploads\/2018\/05\/Karim-Benzema.png\",\"width\":1200,\"height\":670},{\"@type\":\"BreadcrumbList\",\"@id\":\"https:\/\/dicodusport.fr\/blog\/karim-benzema-la-ligue-des-champions-lui-va-si-bien\/#breadcrumb\",\"itemListElement\":[{\"@type\":\"ListItem\",\"position\":1,\"name\":\"Accueil\",\"item\":\"https:\/\/dicodusport.fr\/blog\/\"},{\"@type\":\"ListItem\",\"position\":2,\"name\":\"Karim Benzema, la Ligue des Champions lui va si bien\"}]},{\"@type\":\"WebSite\",\"@id\":\"https:\/\/dicodusport.fr\/blog\/#website\",\"url\":\"https:\/\/dicodusport.fr\/blog\/\",\"name\":\"Dicodusport\",\"description\":\"L&#039;encyclop\u00e9die de l&#039;actualit\u00e9 sportive\",\"publisher\":{\"@id\":\"https:\/\/dicodusport.fr\/blog\/#organization\"},\"potentialAction\":[{\"@type\":\"SearchAction\",\"target\":{\"@type\":\"EntryPoint\",\"urlTemplate\":\"https:\/\/dicodusport.fr\/blog\/?s={search_term_string}\"},\"query-input\":{\"@type\":\"PropertyValueSpecification\",\"valueRequired\":true,\"valueName\":\"search_term_string\"}}],\"inLanguage\":\"fr-FR\"},{\"@type\":\"NewsMediaOrganization\",\"@id\":\"https:\/\/dicodusport.fr\/blog\/#organization\",\"name\":\"Dicodusport\",\"url\":\"https:\/\/dicodusport.fr\/blog\/\",\"logo\":{\"@type\":\"ImageObject\",\"inLanguage\":\"fr-FR\",\"@id\":\"https:\/\/dicodusport.fr\/blog\/#\/schema\/logo\/image\/\",\"url\":\"https:\/\/dicodusport.fr\/blog\/wp-content\/uploads\/2020\/06\/cropped-LOGO-DICODUSPORT-2020-SANS-FOND-SANS-TEXTE.png\",\"contentUrl\":\"https:\/\/dicodusport.fr\/blog\/wp-content\/uploads\/2020\/06\/cropped-LOGO-DICODUSPORT-2020-SANS-FOND-SANS-TEXTE.png\",\"width\":512,\"height\":512,\"caption\":\"Dicodusport\"},\"image\":{\"@id\":\"https:\/\/dicodusport.fr\/blog\/#\/schema\/logo\/image\/\"},\"sameAs\":[\"https:\/\/www.facebook.com\/dicodusport\",\"https:\/\/x.com\/dicodusport\",\"https:\/\/www.instagram.com\/dicodusport\/\",\"https:\/\/www.youtube.com\/channel\/UC7V2KZ5sd3htJivAbA4ZG3w\"],\"description\":\"Dicodusport est l'encyclop\u00e9die de l'actualit\u00e9 sportive.\",\"email\":\"bonjour@dicodusport.fr\",\"legalName\":\"DICODUSPORT\",\"foundingDate\":\"2018-01-14\",\"vatID\":\"FR71834470973\",\"taxID\":\"83447097300043\",\"numberOfEmployees\":{\"@type\":\"QuantitativeValue\",\"minValue\":\"1\",\"maxValue\":\"10\"}},{\"@type\":\"Person\",\"@id\":\"https:\/\/dicodusport.fr\/blog\/#\/schema\/person\/55dcb50ad410894e431ed812bbb70191\",\"name\":\"Nicolas Jacquemard\",\"image\":{\"@type\":\"ImageObject\",\"inLanguage\":\"fr-FR\",\"@id\":\"https:\/\/dicodusport.fr\/blog\/#\/schema\/person\/image\/\",\"url\":\"https:\/\/dicodusport.fr\/blog\/wp-content\/uploads\/2021\/05\/Nicolas-Jacquemard-150x150.jpeg\",\"contentUrl\":\"https:\/\/dicodusport.fr\/blog\/wp-content\/uploads\/2021\/05\/Nicolas-Jacquemard-150x150.jpeg\",\"caption\":\"Nicolas Jacquemard\"},\"description\":\"Passionn\u00e9 de sport et entrepreneur depuis mes 18 ans, la cr\u00e9ation de Dicodusport m'a sembl\u00e9 \u00e9vidente pour participer \u00e0 la m\u00e9diatisation d'un plus grand nombre de sports. Le chemin est long mais avec une \u00e9quipe des plus motiv\u00e9es et les Jeux Olympiques de Paris 2024 en point de mire, nous y arriverons ! Journaliste dans le monde du sport depuis plus de 5 ans, je traite aussi bien de football, de rugby, de biathlon que de cyclisme.\",\"sameAs\":[\"https:\/\/www.facebook.com\/dicodusport\",\"https:\/\/x.com\/https:\/\/twitter.com\/Nico_Jacquemard\"],\"url\":\"https:\/\/dicodusport.fr\/blog\/author\/dicodusport\/\"}]}<\/script>\n<!-- \/ Yoast SEO Premium plugin. -->","yoast_head_json":{"title":"Karim Benzema, la Ligue des Champions lui va si bien","description":"En difficult\u00e9 en club cette saison et ind\u00e9sirable en \u00e9quipe de France depuis plus de deux ans, le parcours de Karim Benzema est loin d'\u00eatre un long fleuve tranquille. Pourtant, comme souvent, c'est sur le terrain que le Fran\u00e7ais a r\u00e9pondu hier soir, en demi-finale de Ligue des Champions.","robots":{"index":"index","follow":"follow","max-snippet":"max-snippet:-1","max-image-preview":"max-image-preview:large","max-video-preview":"max-video-preview:-1"},"canonical":"https:\/\/dicodusport.fr\/blog\/karim-benzema-la-ligue-des-champions-lui-va-si-bien\/","og_locale":"fr_FR","og_type":"article","og_title":"Karim Benzema, la Ligue des Champions lui va si bien","og_description":"En difficult\u00e9 en club cette saison et ind\u00e9sirable en \u00e9quipe de France depuis plus de deux ans, le parcours de Karim Benzema est loin d'\u00eatre un long fleuve tranquille. Pourtant, comme souvent, c'est sur le terrain que le Fran\u00e7ais a r\u00e9pondu hier soir, en demi-finale de Ligue des Champions.","og_url":"https:\/\/dicodusport.fr\/blog\/karim-benzema-la-ligue-des-champions-lui-va-si-bien\/","og_site_name":"Dicodusport","article_publisher":"https:\/\/www.facebook.com\/dicodusport","article_author":"https:\/\/www.facebook.com\/dicodusport","article_published_time":"2018-05-02T16:00:14+00:00","article_modified_time":"2025-09-16T07:15:22+00:00","og_image":[{"width":1200,"height":670,"url":"https:\/\/dicodusport.fr\/blog\/wp-content\/uploads\/2018\/05\/Karim-Benzema.png","type":"image\/png"}],"author":"Nicolas Jacquemard","twitter_card":"summary_large_image","twitter_creator":"@https:\/\/twitter.com\/Nico_Jacquemard","twitter_site":"@dicodusport","schema":{"@context":"https:\/\/schema.org","@graph":[{"@type":"NewsArticle","@id":"https:\/\/dicodusport.fr\/blog\/karim-benzema-la-ligue-des-champions-lui-va-si-bien\/#article","isPartOf":{"@id":"https:\/\/dicodusport.fr\/blog\/karim-benzema-la-ligue-des-champions-lui-va-si-bien\/"},"author":{"name":"Nicolas Jacquemard","@id":"https:\/\/dicodusport.fr\/blog\/#\/schema\/person\/55dcb50ad410894e431ed812bbb70191"},"headline":"Karim Benzema, la Ligue des Champions lui va si bien","datePublished":"2018-05-02T16:00:14+00:00","dateModified":"2025-09-16T07:15:22+00:00","mainEntityOfPage":{"@id":"https:\/\/dicodusport.fr\/blog\/karim-benzema-la-ligue-des-champions-lui-va-si-bien\/"},"wordCount":478,"commentCount":0,"publisher":{"@id":"https:\/\/dicodusport.fr\/blog\/#organization"},"image":{"@id":"https:\/\/dicodusport.fr\/blog\/karim-benzema-la-ligue-des-champions-lui-va-si-bien\/#primaryimage"},"thumbnailUrl":"https:\/\/dicodusport.fr\/blog\/wp-content\/uploads\/2018\/05\/Karim-Benzema.png","keywords":["benzema","Football","Karim Benzema","Ligue des champions","madrid","Real Madrid"],"articleSection":["Football","Ligue des Champions de football"],"inLanguage":"fr-FR","potentialAction":[{"@type":"CommentAction","name":"Comment","target":["https:\/\/dicodusport.fr\/blog\/karim-benzema-la-ligue-des-champions-lui-va-si-bien\/#respond"]}],"copyrightYear":"2018","copyrightHolder":{"@id":"https:\/\/dicodusport.fr\/blog\/#organization"}},{"@type":"WebPage","@id":"https:\/\/dicodusport.fr\/blog\/karim-benzema-la-ligue-des-champions-lui-va-si-bien\/","url":"https:\/\/dicodusport.fr\/blog\/karim-benzema-la-ligue-des-champions-lui-va-si-bien\/","name":"Karim Benzema, la Ligue des Champions lui va si bien","isPartOf":{"@id":"https:\/\/dicodusport.fr\/blog\/#website"},"primaryImageOfPage":{"@id":"https:\/\/dicodusport.fr\/blog\/karim-benzema-la-ligue-des-champions-lui-va-si-bien\/#primaryimage"},"image":{"@id":"https:\/\/dicodusport.fr\/blog\/karim-benzema-la-ligue-des-champions-lui-va-si-bien\/#primaryimage"},"thumbnailUrl":"https:\/\/dicodusport.fr\/blog\/wp-content\/uploads\/2018\/05\/Karim-Benzema.png","datePublished":"2018-05-02T16:00:14+00:00","dateModified":"2025-09-16T07:15:22+00:00","description":"En difficult\u00e9 en club cette saison et ind\u00e9sirable en \u00e9quipe de France depuis plus de deux ans, le parcours de Karim Benzema est loin d'\u00eatre un long fleuve tranquille. Pourtant, comme souvent, c'est sur le terrain que le Fran\u00e7ais a r\u00e9pondu hier soir, en demi-finale de Ligue des Champions.","breadcrumb":{"@id":"https:\/\/dicodusport.fr\/blog\/karim-benzema-la-ligue-des-champions-lui-va-si-bien\/#breadcrumb"},"inLanguage":"fr-FR","potentialAction":[{"@type":"ReadAction","target":["https:\/\/dicodusport.fr\/blog\/karim-benzema-la-ligue-des-champions-lui-va-si-bien\/"]}]},{"@type":"ImageObject","inLanguage":"fr-FR","@id":"https:\/\/dicodusport.fr\/blog\/karim-benzema-la-ligue-des-champions-lui-va-si-bien\/#primaryimage","url":"https:\/\/dicodusport.fr\/blog\/wp-content\/uploads\/2018\/05\/Karim-Benzema.png","contentUrl":"https:\/\/dicodusport.fr\/blog\/wp-content\/uploads\/2018\/05\/Karim-Benzema.png","width":1200,"height":670},{"@type":"BreadcrumbList","@id":"https:\/\/dicodusport.fr\/blog\/karim-benzema-la-ligue-des-champions-lui-va-si-bien\/#breadcrumb","itemListElement":[{"@type":"ListItem","position":1,"name":"Accueil","item":"https:\/\/dicodusport.fr\/blog\/"},{"@type":"ListItem","position":2,"name":"Karim Benzema, la Ligue des Champions lui va si bien"}]},{"@type":"WebSite","@id":"https:\/\/dicodusport.fr\/blog\/#website","url":"https:\/\/dicodusport.fr\/blog\/","name":"Dicodusport","description":"L&#039;encyclop\u00e9die de l&#039;actualit\u00e9 sportive","publisher":{"@id":"https:\/\/dicodusport.fr\/blog\/#organization"},"potentialAction":[{"@type":"SearchAction","target":{"@type":"EntryPoint","urlTemplate":"https:\/\/dicodusport.fr\/blog\/?s={search_term_string}"},"query-input":{"@type":"PropertyValueSpecification","valueRequired":true,"valueName":"search_term_string"}}],"inLanguage":"fr-FR"},{"@type":"NewsMediaOrganization","@id":"https:\/\/dicodusport.fr\/blog\/#organization","name":"Dicodusport","url":"https:\/\/dicodusport.fr\/blog\/","logo":{"@type":"ImageObject","inLanguage":"fr-FR","@id":"https:\/\/dicodusport.fr\/blog\/#\/schema\/logo\/image\/","url":"https:\/\/dicodusport.fr\/blog\/wp-content\/uploads\/2020\/06\/cropped-LOGO-DICODUSPORT-2020-SANS-FOND-SANS-TEXTE.png","contentUrl":"https:\/\/dicodusport.fr\/blog\/wp-content\/uploads\/2020\/06\/cropped-LOGO-DICODUSPORT-2020-SANS-FOND-SANS-TEXTE.png","width":512,"height":512,"caption":"Dicodusport"},"image":{"@id":"https:\/\/dicodusport.fr\/blog\/#\/schema\/logo\/image\/"},"sameAs":["https:\/\/www.facebook.com\/dicodusport","https:\/\/x.com\/dicodusport","https:\/\/www.instagram.com\/dicodusport\/","https:\/\/www.youtube.com\/channel\/UC7V2KZ5sd3htJivAbA4ZG3w"],"description":"Dicodusport est l'encyclop\u00e9die de l'actualit\u00e9 sportive.","email":"bonjour@dicodusport.fr","legalName":"DICODUSPORT","foundingDate":"2018-01-14","vatID":"FR71834470973","taxID":"83447097300043","numberOfEmployees":{"@type":"QuantitativeValue","minValue":"1","maxValue":"10"}},{"@type":"Person","@id":"https:\/\/dicodusport.fr\/blog\/#\/schema\/person\/55dcb50ad410894e431ed812bbb70191","name":"Nicolas Jacquemard","image":{"@type":"ImageObject","inLanguage":"fr-FR","@id":"https:\/\/dicodusport.fr\/blog\/#\/schema\/person\/image\/","url":"https:\/\/dicodusport.fr\/blog\/wp-content\/uploads\/2021\/05\/Nicolas-Jacquemard-150x150.jpeg","contentUrl":"https:\/\/dicodusport.fr\/blog\/wp-content\/uploads\/2021\/05\/Nicolas-Jacquemard-150x150.jpeg","caption":"Nicolas Jacquemard"},"description":"Passionn\u00e9 de sport et entrepreneur depuis mes 18 ans, la cr\u00e9ation de Dicodusport m'a sembl\u00e9 \u00e9vidente pour participer \u00e0 la m\u00e9diatisation d'un plus grand nombre de sports. Le chemin est long mais avec une \u00e9quipe des plus motiv\u00e9es et les Jeux Olympiques de Paris 2024 en point de mire, nous y arriverons ! Journaliste dans le monde du sport depuis plus de 5 ans, je traite aussi bien de football, de rugby, de biathlon que de cyclisme.","sameAs":["https:\/\/www.facebook.com\/dicodusport","https:\/\/x.com\/https:\/\/twitter.com\/Nico_Jacquemard"],"url":"https:\/\/dicodusport.fr\/blog\/author\/dicodusport\/"}]}},"_links":{"self":[{"href":"https:\/\/dicodusport.fr\/blog\/wp-json\/wp\/v2\/posts\/17651","targetHints":{"allow":["GET"]}}],"collection":[{"href":"https:\/\/dicodusport.fr\/blog\/wp-json\/wp\/v2\/posts"}],"about":[{"href":"https:\/\/dicodusport.fr\/blog\/wp-json\/wp\/v2\/types\/post"}],"author":[{"embeddable":true,"href":"https:\/\/dicodusport.fr\/blog\/wp-json\/wp\/v2\/users\/1"}],"replies":[{"embeddable":true,"href":"https:\/\/dicodusport.fr\/blog\/wp-json\/wp\/v2\/comments?post=17651"}],"version-history":[{"count":1,"href":"https:\/\/dicodusport.fr\/blog\/wp-json\/wp\/v2\/posts\/17651\/revisions"}],"predecessor-version":[{"id":611816,"href":"https:\/\/dicodusport.fr\/blog\/wp-json\/wp\/v2\/posts\/17651\/revisions\/611816"}],"wp:featuredmedia":[{"embeddable":true,"href":"https:\/\/dicodusport.fr\/blog\/wp-json\/wp\/v2\/media\/17657"}],"wp:attachment":[{"href":"https:\/\/dicodusport.fr\/blog\/wp-json\/wp\/v2\/media?parent=17651"}],"wp:term":[{"taxonomy":"category","embeddable":true,"href":"https:\/\/dicodusport.fr\/blog\/wp-json\/wp\/v2\/categories?post=17651"},{"taxonomy":"post_tag","embeddable":true,"href":"https:\/\/dicodusport.fr\/blog\/wp-json\/wp\/v2\/tags?post=17651"}],"curies":[{"name":"wp","href":"https:\/\/api.w.org\/{rel}","templated":true}]}}