{"id":176515,"date":"2021-10-29T09:24:35","date_gmt":"2021-10-29T07:24:35","guid":{"rendered":"https:\/\/dicodusport.fr\/blog\/?p=176515&#038;preview=true&#038;preview_id=176515"},"modified":"2021-10-29T09:24:35","modified_gmt":"2021-10-29T07:24:35","slug":"wout-van-aert-participer-aux-mondiaux-de-cyclo-cross-sera-difficile","status":"publish","type":"post","link":"https:\/\/dicodusport.fr\/blog\/wout-van-aert-participer-aux-mondiaux-de-cyclo-cross-sera-difficile\/","title":{"rendered":"Wout Van Aert : \u00ab\u00a0Participer aux Mondiaux de cyclo-cross sera difficile\u00a0\u00bb"},"content":{"rendered":"<p style=\"text-align: justify;\"><strong><em>CYCLO-CROSS &#8211; Wout Van Aert (Jumbo-Visma) en a termin\u00e9 avec ses vacances et va reprendre l&rsquo;entra\u00eenement pour pr\u00e9parer la prochaine saison.\u00a0<\/em><\/strong><\/p>\n<p style=\"text-align: justify;\"><strong>Wout Van Aert<\/strong> (Jumbo-Visma) en a profit\u00e9 pour se confier au <a href=\"https:\/\/www.nieuwsblad.be\/cnt\/dmf20211027_96299570?#vanaert\" target=\"_blank\" rel=\"nofollow noopener\"><em>Het Nieuwsblad<\/em><\/a> sur la saison de cyclo-cross qui se profile. Le Belge s&rsquo;est notamment exprim\u00e9 sur les Mondiaux aux \u00c9tats-Unis (30 janvier), qui sont, pour le moment, entre parenth\u00e8ses pour le coureur tout terrain.<\/p>\n<blockquote>\n<p style=\"text-align: justify;\">Participer aux Championnats du monde sera difficile. La date n&rsquo;est pas id\u00e9ale. Une telle \u00e9preuve en Am\u00e9rique est diff\u00e9rente de la conduite d&rsquo;une \u00e9preuve \u00e0 Ostende. Il y a tout un voyage et un d\u00e9calage horaire. Au d\u00e9part j&rsquo;ai eu l&rsquo;id\u00e9e de sauter les Championnats du monde cet hiver, mais l&rsquo;envie d&rsquo;y rouler demeure. Surtout quand j&rsquo;ai vu r\u00e9cemment le parcours : c&rsquo;est vraiment quelque chose pour moi. Le verdict sur le Championnat du monde n&rsquo;a pas encore \u00e9t\u00e9 rendu.<\/p>\n<\/blockquote>\n<p style=\"text-align: justify;\"><strong>Wout Van Aert<\/strong> va se poser dans les prochains jours avec son \u00e9quipe pour d\u00e9terminer son programme de cyclo-cross, puis celui sur route pour le printemps prochain. La tendance donnerait donc la priorit\u00e9 aux classique de printemps, sur la route.<\/p>\n<blockquote class=\"twitter-tweet\">\n<p dir=\"ltr\" lang=\"nl\">Waarom Van Aert twijfelt aan WK in Amerika en dat voor Pidcock en Van der Poel \u2018geen issue\u2019 is: \u201cJanuari is voor Wout enorm belangrijk\u201d <a href=\"https:\/\/t.co\/Qgc4UUTjAl\">https:\/\/t.co\/Qgc4UUTjAl<\/a> <a href=\"https:\/\/t.co\/KUymHvOc9a\">pic.twitter.com\/KUymHvOc9a<\/a><\/p>\n<p>\u2014 Sportwereld.be (@sportwereld_be) <a href=\"https:\/\/twitter.com\/sportwereld_be\/status\/1453415837902147584?ref_src=twsrc%5Etfw\">October 27, 2021<\/a><\/p><\/blockquote>\n<p style=\"text-align: justify;\"><script async src=\"https:\/\/platform.twitter.com\/widgets.js\" charset=\"utf-8\"><\/script><\/p>\n","protected":false},"excerpt":{"rendered":"<p>CYCLO-CROSS &#8211; Wout Van Aert (Jumbo-Visma) en a termin\u00e9 avec ses vacances et va reprendre l&rsquo;entra\u00eenement pour pr\u00e9parer la prochaine saison.\u00a0<\/p>\n","protected":false},"author":1,"featured_media":176516,"comment_status":"open","ping_status":"closed","sticky":false,"template":"","format":"standard","meta":{"_acf_changed":false,"_daextam_enable_autolinks":"","footnotes":""},"categories":[2307,9611],"tags":[6666,8091],"class_list":["post-176515","post","type-post","status-publish","format-standard","has-post-thumbnail","hentry","category-cyclisme","category-cyclo-cross","tag-cyclo-cross","tag-wout-van-aert"],"acf":[],"yoast_head":"<!-- This site is optimized with the Yoast SEO Premium plugin v26.7 (Yoast SEO v26.7) - https:\/\/yoast.com\/wordpress\/plugins\/seo\/ -->\n<title>Wout Van Aert : &quot;Participer aux Mondiaux de cyclo-cross sera difficile&quot;<\/title>\n<meta name=\"description\" content=\"CYCLO-CROSS - Wout Van Aert (Jumbo-Visma) en a termin\u00e9 avec ses vacances et va reprendre l&#039;entra\u00eenement pour pr\u00e9parer la prochaine saison.\u00a0\" \/>\n<meta name=\"robots\" content=\"index, follow, max-snippet:-1, max-image-preview:large, max-video-preview:-1\" \/>\n<link rel=\"canonical\" href=\"https:\/\/dicodusport.fr\/blog\/wout-van-aert-participer-aux-mondiaux-de-cyclo-cross-sera-difficile\/\" \/>\n<meta property=\"og:locale\" content=\"fr_FR\" \/>\n<meta property=\"og:type\" content=\"article\" \/>\n<meta property=\"og:title\" content=\"Wout Van Aert : &quot;Participer aux Mondiaux de cyclo-cross sera difficile&quot;\" \/>\n<meta property=\"og:description\" content=\"CYCLO-CROSS - Wout Van Aert (Jumbo-Visma) en a termin\u00e9 avec ses vacances et va reprendre l&#039;entra\u00eenement pour pr\u00e9parer la prochaine saison.\u00a0\" \/>\n<meta property=\"og:url\" content=\"https:\/\/dicodusport.fr\/blog\/wout-van-aert-participer-aux-mondiaux-de-cyclo-cross-sera-difficile\/\" \/>\n<meta property=\"og:site_name\" content=\"Dicodusport\" \/>\n<meta property=\"article:publisher\" content=\"https:\/\/www.facebook.com\/dicodusport\" \/>\n<meta property=\"article:author\" content=\"https:\/\/www.facebook.com\/dicodusport\" \/>\n<meta property=\"article:published_time\" content=\"2021-10-29T07:24:35+00:00\" \/>\n<meta property=\"og:image\" content=\"https:\/\/dicodusport.fr\/blog\/wp-content\/uploads\/2021\/10\/Wout-Van-Aert-Participer-aux-Mondiaux-de-cyclo-cross-sera-difficile.png\" \/>\n\t<meta property=\"og:image:width\" content=\"800\" \/>\n\t<meta property=\"og:image:height\" content=\"445\" \/>\n\t<meta property=\"og:image:type\" content=\"image\/png\" \/>\n<meta name=\"author\" content=\"Nicolas Jacquemard\" \/>\n<meta name=\"twitter:card\" content=\"summary_large_image\" \/>\n<meta name=\"twitter:title\" content=\"Wout Van Aert : &quot;Participer aux Mondiaux de cyclo-cross sera difficile&quot;\" \/>\n<meta name=\"twitter:creator\" content=\"@https:\/\/twitter.com\/Nico_Jacquemard\" \/>\n<meta name=\"twitter:site\" content=\"@dicodusport\" \/>\n<script type=\"application\/ld+json\" class=\"yoast-schema-graph\">{\"@context\":\"https:\/\/schema.org\",\"@graph\":[{\"@type\":\"NewsArticle\",\"@id\":\"https:\/\/dicodusport.fr\/blog\/wout-van-aert-participer-aux-mondiaux-de-cyclo-cross-sera-difficile\/#article\",\"isPartOf\":{\"@id\":\"https:\/\/dicodusport.fr\/blog\/wout-van-aert-participer-aux-mondiaux-de-cyclo-cross-sera-difficile\/\"},\"author\":{\"name\":\"Nicolas Jacquemard\",\"@id\":\"https:\/\/dicodusport.fr\/blog\/#\/schema\/person\/55dcb50ad410894e431ed812bbb70191\"},\"headline\":\"Wout Van Aert : \u00ab\u00a0Participer aux Mondiaux de cyclo-cross sera difficile\u00a0\u00bb\",\"datePublished\":\"2021-10-29T07:24:35+00:00\",\"mainEntityOfPage\":{\"@id\":\"https:\/\/dicodusport.fr\/blog\/wout-van-aert-participer-aux-mondiaux-de-cyclo-cross-sera-difficile\/\"},\"wordCount\":255,\"commentCount\":0,\"publisher\":{\"@id\":\"https:\/\/dicodusport.fr\/blog\/#organization\"},\"image\":{\"@id\":\"https:\/\/dicodusport.fr\/blog\/wout-van-aert-participer-aux-mondiaux-de-cyclo-cross-sera-difficile\/#primaryimage\"},\"thumbnailUrl\":\"https:\/\/dicodusport.fr\/blog\/wp-content\/uploads\/2021\/10\/Wout-Van-Aert-Participer-aux-Mondiaux-de-cyclo-cross-sera-difficile.png\",\"keywords\":[\"Cyclo-cross\",\"Wout Van Aert\"],\"articleSection\":[\"Cyclisme\",\"Cyclo-cross\"],\"inLanguage\":\"fr-FR\",\"potentialAction\":[{\"@type\":\"CommentAction\",\"name\":\"Comment\",\"target\":[\"https:\/\/dicodusport.fr\/blog\/wout-van-aert-participer-aux-mondiaux-de-cyclo-cross-sera-difficile\/#respond\"]}],\"copyrightYear\":\"2021\",\"copyrightHolder\":{\"@id\":\"https:\/\/dicodusport.fr\/blog\/#organization\"}},{\"@type\":\"WebPage\",\"@id\":\"https:\/\/dicodusport.fr\/blog\/wout-van-aert-participer-aux-mondiaux-de-cyclo-cross-sera-difficile\/\",\"url\":\"https:\/\/dicodusport.fr\/blog\/wout-van-aert-participer-aux-mondiaux-de-cyclo-cross-sera-difficile\/\",\"name\":\"Wout Van Aert : \\\"Participer aux Mondiaux de cyclo-cross sera difficile\\\"\",\"isPartOf\":{\"@id\":\"https:\/\/dicodusport.fr\/blog\/#website\"},\"primaryImageOfPage\":{\"@id\":\"https:\/\/dicodusport.fr\/blog\/wout-van-aert-participer-aux-mondiaux-de-cyclo-cross-sera-difficile\/#primaryimage\"},\"image\":{\"@id\":\"https:\/\/dicodusport.fr\/blog\/wout-van-aert-participer-aux-mondiaux-de-cyclo-cross-sera-difficile\/#primaryimage\"},\"thumbnailUrl\":\"https:\/\/dicodusport.fr\/blog\/wp-content\/uploads\/2021\/10\/Wout-Van-Aert-Participer-aux-Mondiaux-de-cyclo-cross-sera-difficile.png\",\"datePublished\":\"2021-10-29T07:24:35+00:00\",\"description\":\"CYCLO-CROSS - Wout Van Aert (Jumbo-Visma) en a termin\u00e9 avec ses vacances et va reprendre l'entra\u00eenement pour pr\u00e9parer la prochaine saison.\u00a0\",\"breadcrumb\":{\"@id\":\"https:\/\/dicodusport.fr\/blog\/wout-van-aert-participer-aux-mondiaux-de-cyclo-cross-sera-difficile\/#breadcrumb\"},\"inLanguage\":\"fr-FR\",\"potentialAction\":[{\"@type\":\"ReadAction\",\"target\":[\"https:\/\/dicodusport.fr\/blog\/wout-van-aert-participer-aux-mondiaux-de-cyclo-cross-sera-difficile\/\"]}]},{\"@type\":\"ImageObject\",\"inLanguage\":\"fr-FR\",\"@id\":\"https:\/\/dicodusport.fr\/blog\/wout-van-aert-participer-aux-mondiaux-de-cyclo-cross-sera-difficile\/#primaryimage\",\"url\":\"https:\/\/dicodusport.fr\/blog\/wp-content\/uploads\/2021\/10\/Wout-Van-Aert-Participer-aux-Mondiaux-de-cyclo-cross-sera-difficile.png\",\"contentUrl\":\"https:\/\/dicodusport.fr\/blog\/wp-content\/uploads\/2021\/10\/Wout-Van-Aert-Participer-aux-Mondiaux-de-cyclo-cross-sera-difficile.png\",\"width\":800,\"height\":445},{\"@type\":\"BreadcrumbList\",\"@id\":\"https:\/\/dicodusport.fr\/blog\/wout-van-aert-participer-aux-mondiaux-de-cyclo-cross-sera-difficile\/#breadcrumb\",\"itemListElement\":[{\"@type\":\"ListItem\",\"position\":1,\"name\":\"Accueil\",\"item\":\"https:\/\/dicodusport.fr\/blog\/\"},{\"@type\":\"ListItem\",\"position\":2,\"name\":\"Wout Van Aert : \u00ab\u00a0Participer aux Mondiaux de cyclo-cross sera difficile\u00a0\u00bb\"}]},{\"@type\":\"WebSite\",\"@id\":\"https:\/\/dicodusport.fr\/blog\/#website\",\"url\":\"https:\/\/dicodusport.fr\/blog\/\",\"name\":\"Dicodusport\",\"description\":\"L&#039;encyclop\u00e9die de l&#039;actualit\u00e9 sportive\",\"publisher\":{\"@id\":\"https:\/\/dicodusport.fr\/blog\/#organization\"},\"potentialAction\":[{\"@type\":\"SearchAction\",\"target\":{\"@type\":\"EntryPoint\",\"urlTemplate\":\"https:\/\/dicodusport.fr\/blog\/?s={search_term_string}\"},\"query-input\":{\"@type\":\"PropertyValueSpecification\",\"valueRequired\":true,\"valueName\":\"search_term_string\"}}],\"inLanguage\":\"fr-FR\"},{\"@type\":\"NewsMediaOrganization\",\"@id\":\"https:\/\/dicodusport.fr\/blog\/#organization\",\"name\":\"Dicodusport\",\"url\":\"https:\/\/dicodusport.fr\/blog\/\",\"logo\":{\"@type\":\"ImageObject\",\"inLanguage\":\"fr-FR\",\"@id\":\"https:\/\/dicodusport.fr\/blog\/#\/schema\/logo\/image\/\",\"url\":\"https:\/\/dicodusport.fr\/blog\/wp-content\/uploads\/2020\/06\/cropped-LOGO-DICODUSPORT-2020-SANS-FOND-SANS-TEXTE.png\",\"contentUrl\":\"https:\/\/dicodusport.fr\/blog\/wp-content\/uploads\/2020\/06\/cropped-LOGO-DICODUSPORT-2020-SANS-FOND-SANS-TEXTE.png\",\"width\":512,\"height\":512,\"caption\":\"Dicodusport\"},\"image\":{\"@id\":\"https:\/\/dicodusport.fr\/blog\/#\/schema\/logo\/image\/\"},\"sameAs\":[\"https:\/\/www.facebook.com\/dicodusport\",\"https:\/\/x.com\/dicodusport\",\"https:\/\/www.instagram.com\/dicodusport\/\",\"https:\/\/www.youtube.com\/channel\/UC7V2KZ5sd3htJivAbA4ZG3w\"],\"description\":\"Dicodusport est l'encyclop\u00e9die de l'actualit\u00e9 sportive.\",\"email\":\"bonjour@dicodusport.fr\",\"legalName\":\"DICODUSPORT\",\"foundingDate\":\"2018-01-14\",\"vatID\":\"FR71834470973\",\"taxID\":\"83447097300043\",\"numberOfEmployees\":{\"@type\":\"QuantitativeValue\",\"minValue\":\"1\",\"maxValue\":\"10\"}},{\"@type\":\"Person\",\"@id\":\"https:\/\/dicodusport.fr\/blog\/#\/schema\/person\/55dcb50ad410894e431ed812bbb70191\",\"name\":\"Nicolas Jacquemard\",\"image\":{\"@type\":\"ImageObject\",\"inLanguage\":\"fr-FR\",\"@id\":\"https:\/\/dicodusport.fr\/blog\/#\/schema\/person\/image\/\",\"url\":\"https:\/\/dicodusport.fr\/blog\/wp-content\/uploads\/2021\/05\/Nicolas-Jacquemard-150x150.jpeg\",\"contentUrl\":\"https:\/\/dicodusport.fr\/blog\/wp-content\/uploads\/2021\/05\/Nicolas-Jacquemard-150x150.jpeg\",\"caption\":\"Nicolas Jacquemard\"},\"description\":\"Passionn\u00e9 de sport et entrepreneur depuis mes 18 ans, la cr\u00e9ation de Dicodusport m'a sembl\u00e9 \u00e9vidente pour participer \u00e0 la m\u00e9diatisation d'un plus grand nombre de sports. Le chemin est long mais avec une \u00e9quipe des plus motiv\u00e9es et les Jeux Olympiques de Paris 2024 en point de mire, nous y arriverons ! Journaliste dans le monde du sport depuis plus de 5 ans, je traite aussi bien de football, de rugby, de biathlon que de cyclisme.\",\"sameAs\":[\"https:\/\/www.facebook.com\/dicodusport\",\"https:\/\/x.com\/https:\/\/twitter.com\/Nico_Jacquemard\"],\"url\":\"https:\/\/dicodusport.fr\/blog\/author\/dicodusport\/\"}]}<\/script>\n<!-- \/ Yoast SEO Premium plugin. -->","yoast_head_json":{"title":"Wout Van Aert : \"Participer aux Mondiaux de cyclo-cross sera difficile\"","description":"CYCLO-CROSS - Wout Van Aert (Jumbo-Visma) en a termin\u00e9 avec ses vacances et va reprendre l'entra\u00eenement pour pr\u00e9parer la prochaine saison.\u00a0","robots":{"index":"index","follow":"follow","max-snippet":"max-snippet:-1","max-image-preview":"max-image-preview:large","max-video-preview":"max-video-preview:-1"},"canonical":"https:\/\/dicodusport.fr\/blog\/wout-van-aert-participer-aux-mondiaux-de-cyclo-cross-sera-difficile\/","og_locale":"fr_FR","og_type":"article","og_title":"Wout Van Aert : \"Participer aux Mondiaux de cyclo-cross sera difficile\"","og_description":"CYCLO-CROSS - Wout Van Aert (Jumbo-Visma) en a termin\u00e9 avec ses vacances et va reprendre l'entra\u00eenement pour pr\u00e9parer la prochaine saison.\u00a0","og_url":"https:\/\/dicodusport.fr\/blog\/wout-van-aert-participer-aux-mondiaux-de-cyclo-cross-sera-difficile\/","og_site_name":"Dicodusport","article_publisher":"https:\/\/www.facebook.com\/dicodusport","article_author":"https:\/\/www.facebook.com\/dicodusport","article_published_time":"2021-10-29T07:24:35+00:00","og_image":[{"width":800,"height":445,"url":"https:\/\/dicodusport.fr\/blog\/wp-content\/uploads\/2021\/10\/Wout-Van-Aert-Participer-aux-Mondiaux-de-cyclo-cross-sera-difficile.png","type":"image\/png"}],"author":"Nicolas Jacquemard","twitter_card":"summary_large_image","twitter_title":"Wout Van Aert : \"Participer aux Mondiaux de cyclo-cross sera difficile\"","twitter_creator":"@https:\/\/twitter.com\/Nico_Jacquemard","twitter_site":"@dicodusport","schema":{"@context":"https:\/\/schema.org","@graph":[{"@type":"NewsArticle","@id":"https:\/\/dicodusport.fr\/blog\/wout-van-aert-participer-aux-mondiaux-de-cyclo-cross-sera-difficile\/#article","isPartOf":{"@id":"https:\/\/dicodusport.fr\/blog\/wout-van-aert-participer-aux-mondiaux-de-cyclo-cross-sera-difficile\/"},"author":{"name":"Nicolas Jacquemard","@id":"https:\/\/dicodusport.fr\/blog\/#\/schema\/person\/55dcb50ad410894e431ed812bbb70191"},"headline":"Wout Van Aert : \u00ab\u00a0Participer aux Mondiaux de cyclo-cross sera difficile\u00a0\u00bb","datePublished":"2021-10-29T07:24:35+00:00","mainEntityOfPage":{"@id":"https:\/\/dicodusport.fr\/blog\/wout-van-aert-participer-aux-mondiaux-de-cyclo-cross-sera-difficile\/"},"wordCount":255,"commentCount":0,"publisher":{"@id":"https:\/\/dicodusport.fr\/blog\/#organization"},"image":{"@id":"https:\/\/dicodusport.fr\/blog\/wout-van-aert-participer-aux-mondiaux-de-cyclo-cross-sera-difficile\/#primaryimage"},"thumbnailUrl":"https:\/\/dicodusport.fr\/blog\/wp-content\/uploads\/2021\/10\/Wout-Van-Aert-Participer-aux-Mondiaux-de-cyclo-cross-sera-difficile.png","keywords":["Cyclo-cross","Wout Van Aert"],"articleSection":["Cyclisme","Cyclo-cross"],"inLanguage":"fr-FR","potentialAction":[{"@type":"CommentAction","name":"Comment","target":["https:\/\/dicodusport.fr\/blog\/wout-van-aert-participer-aux-mondiaux-de-cyclo-cross-sera-difficile\/#respond"]}],"copyrightYear":"2021","copyrightHolder":{"@id":"https:\/\/dicodusport.fr\/blog\/#organization"}},{"@type":"WebPage","@id":"https:\/\/dicodusport.fr\/blog\/wout-van-aert-participer-aux-mondiaux-de-cyclo-cross-sera-difficile\/","url":"https:\/\/dicodusport.fr\/blog\/wout-van-aert-participer-aux-mondiaux-de-cyclo-cross-sera-difficile\/","name":"Wout Van Aert : \"Participer aux Mondiaux de cyclo-cross sera difficile\"","isPartOf":{"@id":"https:\/\/dicodusport.fr\/blog\/#website"},"primaryImageOfPage":{"@id":"https:\/\/dicodusport.fr\/blog\/wout-van-aert-participer-aux-mondiaux-de-cyclo-cross-sera-difficile\/#primaryimage"},"image":{"@id":"https:\/\/dicodusport.fr\/blog\/wout-van-aert-participer-aux-mondiaux-de-cyclo-cross-sera-difficile\/#primaryimage"},"thumbnailUrl":"https:\/\/dicodusport.fr\/blog\/wp-content\/uploads\/2021\/10\/Wout-Van-Aert-Participer-aux-Mondiaux-de-cyclo-cross-sera-difficile.png","datePublished":"2021-10-29T07:24:35+00:00","description":"CYCLO-CROSS - Wout Van Aert (Jumbo-Visma) en a termin\u00e9 avec ses vacances et va reprendre l'entra\u00eenement pour pr\u00e9parer la prochaine saison.\u00a0","breadcrumb":{"@id":"https:\/\/dicodusport.fr\/blog\/wout-van-aert-participer-aux-mondiaux-de-cyclo-cross-sera-difficile\/#breadcrumb"},"inLanguage":"fr-FR","potentialAction":[{"@type":"ReadAction","target":["https:\/\/dicodusport.fr\/blog\/wout-van-aert-participer-aux-mondiaux-de-cyclo-cross-sera-difficile\/"]}]},{"@type":"ImageObject","inLanguage":"fr-FR","@id":"https:\/\/dicodusport.fr\/blog\/wout-van-aert-participer-aux-mondiaux-de-cyclo-cross-sera-difficile\/#primaryimage","url":"https:\/\/dicodusport.fr\/blog\/wp-content\/uploads\/2021\/10\/Wout-Van-Aert-Participer-aux-Mondiaux-de-cyclo-cross-sera-difficile.png","contentUrl":"https:\/\/dicodusport.fr\/blog\/wp-content\/uploads\/2021\/10\/Wout-Van-Aert-Participer-aux-Mondiaux-de-cyclo-cross-sera-difficile.png","width":800,"height":445},{"@type":"BreadcrumbList","@id":"https:\/\/dicodusport.fr\/blog\/wout-van-aert-participer-aux-mondiaux-de-cyclo-cross-sera-difficile\/#breadcrumb","itemListElement":[{"@type":"ListItem","position":1,"name":"Accueil","item":"https:\/\/dicodusport.fr\/blog\/"},{"@type":"ListItem","position":2,"name":"Wout Van Aert : \u00ab\u00a0Participer aux Mondiaux de cyclo-cross sera difficile\u00a0\u00bb"}]},{"@type":"WebSite","@id":"https:\/\/dicodusport.fr\/blog\/#website","url":"https:\/\/dicodusport.fr\/blog\/","name":"Dicodusport","description":"L&#039;encyclop\u00e9die de l&#039;actualit\u00e9 sportive","publisher":{"@id":"https:\/\/dicodusport.fr\/blog\/#organization"},"potentialAction":[{"@type":"SearchAction","target":{"@type":"EntryPoint","urlTemplate":"https:\/\/dicodusport.fr\/blog\/?s={search_term_string}"},"query-input":{"@type":"PropertyValueSpecification","valueRequired":true,"valueName":"search_term_string"}}],"inLanguage":"fr-FR"},{"@type":"NewsMediaOrganization","@id":"https:\/\/dicodusport.fr\/blog\/#organization","name":"Dicodusport","url":"https:\/\/dicodusport.fr\/blog\/","logo":{"@type":"ImageObject","inLanguage":"fr-FR","@id":"https:\/\/dicodusport.fr\/blog\/#\/schema\/logo\/image\/","url":"https:\/\/dicodusport.fr\/blog\/wp-content\/uploads\/2020\/06\/cropped-LOGO-DICODUSPORT-2020-SANS-FOND-SANS-TEXTE.png","contentUrl":"https:\/\/dicodusport.fr\/blog\/wp-content\/uploads\/2020\/06\/cropped-LOGO-DICODUSPORT-2020-SANS-FOND-SANS-TEXTE.png","width":512,"height":512,"caption":"Dicodusport"},"image":{"@id":"https:\/\/dicodusport.fr\/blog\/#\/schema\/logo\/image\/"},"sameAs":["https:\/\/www.facebook.com\/dicodusport","https:\/\/x.com\/dicodusport","https:\/\/www.instagram.com\/dicodusport\/","https:\/\/www.youtube.com\/channel\/UC7V2KZ5sd3htJivAbA4ZG3w"],"description":"Dicodusport est l'encyclop\u00e9die de l'actualit\u00e9 sportive.","email":"bonjour@dicodusport.fr","legalName":"DICODUSPORT","foundingDate":"2018-01-14","vatID":"FR71834470973","taxID":"83447097300043","numberOfEmployees":{"@type":"QuantitativeValue","minValue":"1","maxValue":"10"}},{"@type":"Person","@id":"https:\/\/dicodusport.fr\/blog\/#\/schema\/person\/55dcb50ad410894e431ed812bbb70191","name":"Nicolas Jacquemard","image":{"@type":"ImageObject","inLanguage":"fr-FR","@id":"https:\/\/dicodusport.fr\/blog\/#\/schema\/person\/image\/","url":"https:\/\/dicodusport.fr\/blog\/wp-content\/uploads\/2021\/05\/Nicolas-Jacquemard-150x150.jpeg","contentUrl":"https:\/\/dicodusport.fr\/blog\/wp-content\/uploads\/2021\/05\/Nicolas-Jacquemard-150x150.jpeg","caption":"Nicolas Jacquemard"},"description":"Passionn\u00e9 de sport et entrepreneur depuis mes 18 ans, la cr\u00e9ation de Dicodusport m'a sembl\u00e9 \u00e9vidente pour participer \u00e0 la m\u00e9diatisation d'un plus grand nombre de sports. Le chemin est long mais avec une \u00e9quipe des plus motiv\u00e9es et les Jeux Olympiques de Paris 2024 en point de mire, nous y arriverons ! Journaliste dans le monde du sport depuis plus de 5 ans, je traite aussi bien de football, de rugby, de biathlon que de cyclisme.","sameAs":["https:\/\/www.facebook.com\/dicodusport","https:\/\/x.com\/https:\/\/twitter.com\/Nico_Jacquemard"],"url":"https:\/\/dicodusport.fr\/blog\/author\/dicodusport\/"}]}},"_links":{"self":[{"href":"https:\/\/dicodusport.fr\/blog\/wp-json\/wp\/v2\/posts\/176515","targetHints":{"allow":["GET"]}}],"collection":[{"href":"https:\/\/dicodusport.fr\/blog\/wp-json\/wp\/v2\/posts"}],"about":[{"href":"https:\/\/dicodusport.fr\/blog\/wp-json\/wp\/v2\/types\/post"}],"author":[{"embeddable":true,"href":"https:\/\/dicodusport.fr\/blog\/wp-json\/wp\/v2\/users\/1"}],"replies":[{"embeddable":true,"href":"https:\/\/dicodusport.fr\/blog\/wp-json\/wp\/v2\/comments?post=176515"}],"version-history":[{"count":0,"href":"https:\/\/dicodusport.fr\/blog\/wp-json\/wp\/v2\/posts\/176515\/revisions"}],"wp:featuredmedia":[{"embeddable":true,"href":"https:\/\/dicodusport.fr\/blog\/wp-json\/wp\/v2\/media\/176516"}],"wp:attachment":[{"href":"https:\/\/dicodusport.fr\/blog\/wp-json\/wp\/v2\/media?parent=176515"}],"wp:term":[{"taxonomy":"category","embeddable":true,"href":"https:\/\/dicodusport.fr\/blog\/wp-json\/wp\/v2\/categories?post=176515"},{"taxonomy":"post_tag","embeddable":true,"href":"https:\/\/dicodusport.fr\/blog\/wp-json\/wp\/v2\/tags?post=176515"}],"curies":[{"name":"wp","href":"https:\/\/api.w.org\/{rel}","templated":true}]}}