{"id":176865,"date":"2021-10-31T14:34:02","date_gmt":"2021-10-31T13:34:02","guid":{"rendered":"https:\/\/dicodusport.fr\/blog\/?p=176865"},"modified":"2021-10-31T14:45:10","modified_gmt":"2021-10-31T13:45:10","slug":"coupe-du-monde-overijse-2021-kata-blanka-vas-remporte-la-course-feminine","status":"publish","type":"post","link":"https:\/\/dicodusport.fr\/blog\/coupe-du-monde-overijse-2021-kata-blanka-vas-remporte-la-course-feminine\/","title":{"rendered":"Coupe du monde d&rsquo;Overijse 2021 : Kata Blanka Vas remporte la course f\u00e9minine"},"content":{"rendered":"<p style=\"text-align: justify;\"><b><i><a href=\"https:\/\/dicodusport.fr\/blog\/coupe-du-monde-cyclo-cross-2021-2022-calendrier-complet\/\">COUPE DU MONDE DE CYCLO-CROSS 2021-2022<\/a> &#8211; La championne de Hongrie Kata Blanka Vas (Team SD Worx) s&rsquo;est impos\u00e9e sur la cinqui\u00e8me \u00e9tape \u00e0 Overijse ce dimanche. Elle a devanc\u00e9 Puck Pieterse (Alpecin Fenix) et Lucinda Brand (Baloise Trek Lions). La jeune fran\u00e7aise Line Burquier (A.S Bike Crossteam) a encore r\u00e9alis\u00e9 une superbe course en finissant \u00e0 la sixi\u00e8me place.<br \/>\n<\/i><\/b><\/p>\n<h2 style=\"text-align: justify;\">Betsema part fort<\/h2>\n<p style=\"text-align: justify;\">D&rsquo;abord, <strong>Denise Betsema<\/strong> (Pauwels Sauzen Bingoal) et <strong>Puck Pieterse<\/strong> ont pris le meilleur d\u00e9part tout comme les Fran\u00e7aises <strong>H\u00e9l\u00e8ne Clauzel<\/strong> (A.S Bike Crossteam), <strong>Line Burquier<\/strong> (A.S Bike Crossteam) et la championne de France <strong>Amandine Fouquenet<\/strong> (Ark\u00e9a Samsic), pr\u00e9sentes dans les cinq premi\u00e8res. <strong>Blanka Vas<\/strong> a profit\u00e9 de la premi\u00e8re partie difficile pour prendre les commandes alors que <strong>Lucinda Brand<\/strong> (Baloise Trek Lions) et <strong>Ceylin Alvarado<\/strong> ont pris du retard en changeant de v\u00e9lo. Mais, <strong>Betsema<\/strong> a fait une petite diff\u00e9rence sur la seconde moiti\u00e9 du circuit avec 5 secondes d&rsquo;avance sur <strong>Kata Blanka Vas<\/strong> (Team SD Worx) et <strong>Puck Pieterse<\/strong> (Alpecin Fenix). Laur\u00e9ate deux fois en Coupe de France, Amandine Fouquenet \u00e9tait pass\u00e9e en cinqui\u00e8me position.<\/p>\n<h2 style=\"text-align: justify;\">La jeunesse au pouvoir<\/h2>\n<p style=\"text-align: justify;\">Dans le deuxi\u00e8me tour, <strong>Lucinda Brand<\/strong> a commenc\u00e9 sa remont\u00e9e sur un parcours tr\u00e8s gras qui a oblig\u00e9 les concurrentes \u00e0 changer souvent de monture. Devant, <strong>Denise Betsema<\/strong> a fortement chut\u00e9, permettant \u00e0 ses deux poursuivantes de revenir. <strong>Line Burquier<\/strong> s&rsquo;est accroch\u00e9e au rythme de Honsinger et de Van der Heijden en 8e position.<\/p>\n<p style=\"text-align: justify;\">Puis, <strong>Pieterse<\/strong> et <strong>Vas<\/strong> ont hauss\u00e9 le rythme sur le troisi\u00e8me tour pour mettre la pression sur <strong>Betsema<\/strong> qui a \u00e0 nouveau chut\u00e9 et a perdu 10 secondes. <strong>Line Burquier<\/strong> est pass\u00e9 en 7e position \u00e0 32 secondes. Pour sa deuxi\u00e8me course de sa saison, <strong>Alvarado<\/strong> a sembl\u00e9 pein\u00e9 sur ce parcours tr\u00e8s boueux et tr\u00e8s technique.<\/p>\n<h2 style=\"text-align: justify;\">Betsema a faibli, pas Vas<\/h2>\n<p style=\"text-align: justify;\">Par la suite, lors du quatri\u00e8me tour, <strong>Vas<\/strong> a r\u00e9ussi \u00e0 distancer sa rivale au classement de la Coupe du monde espoirs, m\u00eame si cette derni\u00e8re s&rsquo;est montr\u00e9e \u00e0 l&rsquo;aise dans le sous-bois. <strong>Denise Betsema<\/strong> est pass\u00e9e en troisi\u00e8me position \u00e0 24 secondes devant Lucinda Brand et surtout <strong>Line Burquier<\/strong>, 6e \u00e0 43 secondes.<\/p>\n<p style=\"text-align: justify;\">Dans le dernier tour, <strong>Lucinda Brand<\/strong> a recoll\u00e9 \u00e0 <strong>Denise Betsema<\/strong>. Tandis que <strong>Line Burquier<\/strong> a perdu le contact avec la championne des \u00c9tats-Unis <strong>Honsinger<\/strong> dans la lutte pour le top 5, devant, les deux coureuses de t\u00eate ont g\u00e9r\u00e9 leur fin de course.<\/p>\n<p style=\"text-align: justify;\">Finalement, <strong>Kata Blanka Vas<\/strong> (Team SD Worx) a remport\u00e9 son premier succ\u00e8s en Coupe du monde avec 15 secondes d&rsquo;avance sur <strong>Puck Pieterse<\/strong> (Alpecin Fenix). La championne du monde <strong>Lucinda Brand<\/strong> (Baloise Trek Lions) a compl\u00e9t\u00e9 au sprint le podium devant<strong> Denise Betsema<\/strong> (Pauwels Sauzen Bingoal) \u00e0 33 secondes. <strong>Line Burquier<\/strong> (A.S Bike Crossteam) a termin\u00e9 6e \u00e0 53 secondes derri\u00e8re <strong>Clara Honsinger<\/strong> (Cannondale Cyclocrossworld). Un autre Fran\u00e7aise est entr\u00e9e dans le top 10 \u00e0 Overijse avec <strong>Amandine Fouquenet<\/strong> (Ark\u00e9a Samsic) \u00e0 la 9e place \u00e0 1 minute et 52 secondes.<\/p>\n<blockquote class=\"twitter-tweet\">\n<p dir=\"ltr\" lang=\"en\">Kata Blanka Vas wins her first <a href=\"https:\/\/twitter.com\/hashtag\/CXWorldCup?src=hash&amp;ref_src=twsrc%5Etfw\">#CXWorldCup<\/a> ever! &#x1f3c6; Pieterse and Brand complete the podium. <a href=\"https:\/\/t.co\/XdHVHx8z5X\">pic.twitter.com\/XdHVHx8z5X<\/a><\/p>\n<p>\u2014 UCI Cyclo-cross World Cup (@UCIcyclocrossWC) <a href=\"https:\/\/twitter.com\/UCIcyclocrossWC\/status\/1454804516910649345?ref_src=twsrc%5Etfw\">October 31, 2021<\/a><\/p><\/blockquote>\n<p><script async src=\"https:\/\/platform.twitter.com\/widgets.js\" charset=\"utf-8\"><\/script><\/p>\n<h2><strong>\u00c0 lire aussi<\/strong><\/h2>\n<ul>\n<li><strong><a href=\"https:\/\/dicodusport.fr\/blog\/cyclo-cross-coupe-du-monde-overijse-2021-classement-course-femmes\/\">Le classement complet de la course femmes<\/a><br \/>\n<\/strong><\/li>\n<li><a href=\"https:\/\/dicodusport.fr\/blog\/coupe-du-monde-de-cyclo-cross-2021-2022-classement-general-femmes\/\"><strong>Le classement g\u00e9n\u00e9ral de la Coupe du monde<\/strong><\/a><\/li>\n<li><a href=\"https:\/\/dicodusport.fr\/blog\/coupe-du-monde-cyclo-cross-2021-2022-calendrier-complet\/\"><strong>Le calendrier complet de la Coupe du monde de cyclo-cross 2021-2022<\/strong><\/a><\/li>\n<\/ul>\n","protected":false},"excerpt":{"rendered":"<p>COUPE DU MONDE DE CYCLO-CROSS 2021-2022 &#8211; La championne de Hongrie Kata Blanka Vas (Team SD Worx) s&rsquo;est impos\u00e9e sur la cinqui\u00e8me \u00e9tape \u00e0 Overijse ce dimanche. Elle a devanc\u00e9 Puck Pieterse (Alpecin Fenix) et Lucinda Brand (Baloise Trek Lions). La jeune fran\u00e7aise Line Burquier a encore r\u00e9alis\u00e9 une superbe course en finissant \u00e0 la sixi\u00e8me place.<\/p>\n","protected":false},"author":48,"featured_media":176884,"comment_status":"open","ping_status":"closed","sticky":false,"template":"","format":"standard","meta":{"_acf_changed":false,"_daextam_enable_autolinks":"","footnotes":""},"categories":[9611],"tags":[13830,13838],"class_list":["post-176865","post","type-post","status-publish","format-standard","has-post-thumbnail","hentry","category-cyclo-cross","tag-coupe-du-monde-doverijse","tag-cyclo-cross-overijse"],"acf":[],"yoast_head":"<!-- This site is optimized with the Yoast SEO Premium plugin v26.7 (Yoast SEO v26.7) - https:\/\/yoast.com\/wordpress\/plugins\/seo\/ -->\n<title>Coupe du monde d&#039;Overijse 2021 : Kata Blanka Vas remporte la course f\u00e9minine<\/title>\n<meta name=\"description\" content=\"COUPE DU MONDE DE CYCLO-CROSS 2021-2022 - La Hongroise Kata Blanka Vas (Team SD Worx) s&#039;est impos\u00e9e sur la cinqui\u00e8me \u00e9tape \u00e0 Overijse.\" \/>\n<meta name=\"robots\" content=\"index, follow, max-snippet:-1, max-image-preview:large, max-video-preview:-1\" \/>\n<link rel=\"canonical\" href=\"https:\/\/dicodusport.fr\/blog\/coupe-du-monde-overijse-2021-kata-blanka-vas-remporte-la-course-feminine\/\" \/>\n<meta property=\"og:locale\" content=\"fr_FR\" \/>\n<meta property=\"og:type\" content=\"article\" \/>\n<meta property=\"og:title\" content=\"Coupe du monde d&#039;Overijse 2021 : Kata Blanka Vas remporte la course f\u00e9minine\" \/>\n<meta property=\"og:description\" content=\"COUPE DU MONDE DE CYCLO-CROSS 2021-2022 - La Hongroise Kata Blanka Vas (Team SD Worx) s&#039;est impos\u00e9e sur la cinqui\u00e8me \u00e9tape \u00e0 Overijse.\" \/>\n<meta property=\"og:url\" content=\"https:\/\/dicodusport.fr\/blog\/coupe-du-monde-overijse-2021-kata-blanka-vas-remporte-la-course-feminine\/\" \/>\n<meta property=\"og:site_name\" content=\"Dicodusport\" \/>\n<meta property=\"article:publisher\" content=\"https:\/\/www.facebook.com\/dicodusport\" \/>\n<meta property=\"article:author\" content=\"https:\/\/www.facebook.com\/groups\/LesRoisDuPeloton\" \/>\n<meta property=\"article:published_time\" content=\"2021-10-31T13:34:02+00:00\" \/>\n<meta property=\"article:modified_time\" content=\"2021-10-31T13:45:10+00:00\" \/>\n<meta property=\"og:image\" content=\"https:\/\/dicodusport.fr\/blog\/wp-content\/uploads\/2021\/10\/Coupe-du-monde-dOverijse-2021-Kata-Blanka-Vas-remporte-la-course-feminine.png\" \/>\n\t<meta property=\"og:image:width\" content=\"800\" \/>\n\t<meta property=\"og:image:height\" content=\"445\" \/>\n\t<meta property=\"og:image:type\" content=\"image\/png\" \/>\n<meta name=\"author\" content=\"Emilien Descampiaux\" \/>\n<meta name=\"twitter:card\" content=\"summary_large_image\" \/>\n<meta name=\"twitter:title\" content=\"Coupe du monde d&#039;Overijse 2021 : Kata Blanka Vas remporte la course f\u00e9minine\" \/>\n<meta name=\"twitter:creator\" content=\"@https:\/\/twitter.com\/LRoisDuPeloton\" \/>\n<meta name=\"twitter:site\" content=\"@dicodusport\" \/>\n<script type=\"application\/ld+json\" class=\"yoast-schema-graph\">{\"@context\":\"https:\/\/schema.org\",\"@graph\":[{\"@type\":\"NewsArticle\",\"@id\":\"https:\/\/dicodusport.fr\/blog\/coupe-du-monde-overijse-2021-kata-blanka-vas-remporte-la-course-feminine\/#article\",\"isPartOf\":{\"@id\":\"https:\/\/dicodusport.fr\/blog\/coupe-du-monde-overijse-2021-kata-blanka-vas-remporte-la-course-feminine\/\"},\"author\":{\"name\":\"Emilien Descampiaux\",\"@id\":\"https:\/\/dicodusport.fr\/blog\/#\/schema\/person\/6db4bae06b171592211be385b32876a7\"},\"headline\":\"Coupe du monde d&rsquo;Overijse 2021 : Kata Blanka Vas remporte la course f\u00e9minine\",\"datePublished\":\"2021-10-31T13:34:02+00:00\",\"dateModified\":\"2021-10-31T13:45:10+00:00\",\"mainEntityOfPage\":{\"@id\":\"https:\/\/dicodusport.fr\/blog\/coupe-du-monde-overijse-2021-kata-blanka-vas-remporte-la-course-feminine\/\"},\"wordCount\":584,\"commentCount\":0,\"publisher\":{\"@id\":\"https:\/\/dicodusport.fr\/blog\/#organization\"},\"image\":{\"@id\":\"https:\/\/dicodusport.fr\/blog\/coupe-du-monde-overijse-2021-kata-blanka-vas-remporte-la-course-feminine\/#primaryimage\"},\"thumbnailUrl\":\"https:\/\/dicodusport.fr\/blog\/wp-content\/uploads\/2021\/10\/Coupe-du-monde-dOverijse-2021-Kata-Blanka-Vas-remporte-la-course-feminine.png\",\"keywords\":[\"Coupe du monde d'Overijse\",\"Cyclo-cross Overijse\"],\"articleSection\":[\"Cyclo-cross\"],\"inLanguage\":\"fr-FR\",\"potentialAction\":[{\"@type\":\"CommentAction\",\"name\":\"Comment\",\"target\":[\"https:\/\/dicodusport.fr\/blog\/coupe-du-monde-overijse-2021-kata-blanka-vas-remporte-la-course-feminine\/#respond\"]}],\"copyrightYear\":\"2021\",\"copyrightHolder\":{\"@id\":\"https:\/\/dicodusport.fr\/blog\/#organization\"}},{\"@type\":\"WebPage\",\"@id\":\"https:\/\/dicodusport.fr\/blog\/coupe-du-monde-overijse-2021-kata-blanka-vas-remporte-la-course-feminine\/\",\"url\":\"https:\/\/dicodusport.fr\/blog\/coupe-du-monde-overijse-2021-kata-blanka-vas-remporte-la-course-feminine\/\",\"name\":\"Coupe du monde d'Overijse 2021 : Kata Blanka Vas remporte la course f\u00e9minine\",\"isPartOf\":{\"@id\":\"https:\/\/dicodusport.fr\/blog\/#website\"},\"primaryImageOfPage\":{\"@id\":\"https:\/\/dicodusport.fr\/blog\/coupe-du-monde-overijse-2021-kata-blanka-vas-remporte-la-course-feminine\/#primaryimage\"},\"image\":{\"@id\":\"https:\/\/dicodusport.fr\/blog\/coupe-du-monde-overijse-2021-kata-blanka-vas-remporte-la-course-feminine\/#primaryimage\"},\"thumbnailUrl\":\"https:\/\/dicodusport.fr\/blog\/wp-content\/uploads\/2021\/10\/Coupe-du-monde-dOverijse-2021-Kata-Blanka-Vas-remporte-la-course-feminine.png\",\"datePublished\":\"2021-10-31T13:34:02+00:00\",\"dateModified\":\"2021-10-31T13:45:10+00:00\",\"description\":\"COUPE DU MONDE DE CYCLO-CROSS 2021-2022 - La Hongroise Kata Blanka Vas (Team SD Worx) s'est impos\u00e9e sur la cinqui\u00e8me \u00e9tape \u00e0 Overijse.\",\"breadcrumb\":{\"@id\":\"https:\/\/dicodusport.fr\/blog\/coupe-du-monde-overijse-2021-kata-blanka-vas-remporte-la-course-feminine\/#breadcrumb\"},\"inLanguage\":\"fr-FR\",\"potentialAction\":[{\"@type\":\"ReadAction\",\"target\":[\"https:\/\/dicodusport.fr\/blog\/coupe-du-monde-overijse-2021-kata-blanka-vas-remporte-la-course-feminine\/\"]}]},{\"@type\":\"ImageObject\",\"inLanguage\":\"fr-FR\",\"@id\":\"https:\/\/dicodusport.fr\/blog\/coupe-du-monde-overijse-2021-kata-blanka-vas-remporte-la-course-feminine\/#primaryimage\",\"url\":\"https:\/\/dicodusport.fr\/blog\/wp-content\/uploads\/2021\/10\/Coupe-du-monde-dOverijse-2021-Kata-Blanka-Vas-remporte-la-course-feminine.png\",\"contentUrl\":\"https:\/\/dicodusport.fr\/blog\/wp-content\/uploads\/2021\/10\/Coupe-du-monde-dOverijse-2021-Kata-Blanka-Vas-remporte-la-course-feminine.png\",\"width\":800,\"height\":445,\"caption\":\"Coupe du monde d'Overijse 2021 Kata Blanka Vas remporte la course f\u00e9minine\"},{\"@type\":\"BreadcrumbList\",\"@id\":\"https:\/\/dicodusport.fr\/blog\/coupe-du-monde-overijse-2021-kata-blanka-vas-remporte-la-course-feminine\/#breadcrumb\",\"itemListElement\":[{\"@type\":\"ListItem\",\"position\":1,\"name\":\"Accueil\",\"item\":\"https:\/\/dicodusport.fr\/blog\/\"},{\"@type\":\"ListItem\",\"position\":2,\"name\":\"Coupe du monde d&rsquo;Overijse 2021 : Kata Blanka Vas remporte la course f\u00e9minine\"}]},{\"@type\":\"WebSite\",\"@id\":\"https:\/\/dicodusport.fr\/blog\/#website\",\"url\":\"https:\/\/dicodusport.fr\/blog\/\",\"name\":\"Dicodusport\",\"description\":\"L&#039;encyclop\u00e9die de l&#039;actualit\u00e9 sportive\",\"publisher\":{\"@id\":\"https:\/\/dicodusport.fr\/blog\/#organization\"},\"potentialAction\":[{\"@type\":\"SearchAction\",\"target\":{\"@type\":\"EntryPoint\",\"urlTemplate\":\"https:\/\/dicodusport.fr\/blog\/?s={search_term_string}\"},\"query-input\":{\"@type\":\"PropertyValueSpecification\",\"valueRequired\":true,\"valueName\":\"search_term_string\"}}],\"inLanguage\":\"fr-FR\"},{\"@type\":\"NewsMediaOrganization\",\"@id\":\"https:\/\/dicodusport.fr\/blog\/#organization\",\"name\":\"Dicodusport\",\"url\":\"https:\/\/dicodusport.fr\/blog\/\",\"logo\":{\"@type\":\"ImageObject\",\"inLanguage\":\"fr-FR\",\"@id\":\"https:\/\/dicodusport.fr\/blog\/#\/schema\/logo\/image\/\",\"url\":\"https:\/\/dicodusport.fr\/blog\/wp-content\/uploads\/2020\/06\/cropped-LOGO-DICODUSPORT-2020-SANS-FOND-SANS-TEXTE.png\",\"contentUrl\":\"https:\/\/dicodusport.fr\/blog\/wp-content\/uploads\/2020\/06\/cropped-LOGO-DICODUSPORT-2020-SANS-FOND-SANS-TEXTE.png\",\"width\":512,\"height\":512,\"caption\":\"Dicodusport\"},\"image\":{\"@id\":\"https:\/\/dicodusport.fr\/blog\/#\/schema\/logo\/image\/\"},\"sameAs\":[\"https:\/\/www.facebook.com\/dicodusport\",\"https:\/\/x.com\/dicodusport\",\"https:\/\/www.instagram.com\/dicodusport\/\",\"https:\/\/www.youtube.com\/channel\/UC7V2KZ5sd3htJivAbA4ZG3w\"],\"description\":\"Dicodusport est l'encyclop\u00e9die de l'actualit\u00e9 sportive.\",\"email\":\"bonjour@dicodusport.fr\",\"legalName\":\"DICODUSPORT\",\"foundingDate\":\"2018-01-14\",\"vatID\":\"FR71834470973\",\"taxID\":\"83447097300043\",\"numberOfEmployees\":{\"@type\":\"QuantitativeValue\",\"minValue\":\"1\",\"maxValue\":\"10\"}},{\"@type\":\"Person\",\"@id\":\"https:\/\/dicodusport.fr\/blog\/#\/schema\/person\/6db4bae06b171592211be385b32876a7\",\"name\":\"Emilien Descampiaux\",\"image\":{\"@type\":\"ImageObject\",\"inLanguage\":\"fr-FR\",\"@id\":\"https:\/\/dicodusport.fr\/blog\/#\/schema\/person\/image\/\",\"url\":\"https:\/\/dicodusport.fr\/blog\/wp-content\/uploads\/2021\/05\/Emilien-Descampiaux-150x150.jpg\",\"contentUrl\":\"https:\/\/dicodusport.fr\/blog\/wp-content\/uploads\/2021\/05\/Emilien-Descampiaux-150x150.jpg\",\"caption\":\"Emilien Descampiaux\"},\"description\":\"Journaliste\/r\u00e9dacteur depuis 2014 - Fan de la classe de Frank Vandenbroucke, je vis cyclisme (et de ses paysages) depuis plus de 20 ans. Je suis tr\u00e8s impliqu\u00e9 sur mes diff\u00e9rents r\u00e9seaux sociaux pour partager ma passion sur le monde et l'Histoire de la bicyclette avec ma voix sur les images en noir et blanc du succ\u00e8s de Rik Van Steenbergen lors du Ronde sur le V\u00e9lodrome de Gand.\",\"sameAs\":[\"https:\/\/www.facebook.com\/groups\/LesRoisDuPeloton\",\"https:\/\/x.com\/https:\/\/twitter.com\/LRoisDuPeloton\"],\"url\":\"https:\/\/dicodusport.fr\/blog\/author\/emiliend\/\"}]}<\/script>\n<!-- \/ Yoast SEO Premium plugin. -->","yoast_head_json":{"title":"Coupe du monde d'Overijse 2021 : Kata Blanka Vas remporte la course f\u00e9minine","description":"COUPE DU MONDE DE CYCLO-CROSS 2021-2022 - La Hongroise Kata Blanka Vas (Team SD Worx) s'est impos\u00e9e sur la cinqui\u00e8me \u00e9tape \u00e0 Overijse.","robots":{"index":"index","follow":"follow","max-snippet":"max-snippet:-1","max-image-preview":"max-image-preview:large","max-video-preview":"max-video-preview:-1"},"canonical":"https:\/\/dicodusport.fr\/blog\/coupe-du-monde-overijse-2021-kata-blanka-vas-remporte-la-course-feminine\/","og_locale":"fr_FR","og_type":"article","og_title":"Coupe du monde d'Overijse 2021 : Kata Blanka Vas remporte la course f\u00e9minine","og_description":"COUPE DU MONDE DE CYCLO-CROSS 2021-2022 - La Hongroise Kata Blanka Vas (Team SD Worx) s'est impos\u00e9e sur la cinqui\u00e8me \u00e9tape \u00e0 Overijse.","og_url":"https:\/\/dicodusport.fr\/blog\/coupe-du-monde-overijse-2021-kata-blanka-vas-remporte-la-course-feminine\/","og_site_name":"Dicodusport","article_publisher":"https:\/\/www.facebook.com\/dicodusport","article_author":"https:\/\/www.facebook.com\/groups\/LesRoisDuPeloton","article_published_time":"2021-10-31T13:34:02+00:00","article_modified_time":"2021-10-31T13:45:10+00:00","og_image":[{"width":800,"height":445,"url":"https:\/\/dicodusport.fr\/blog\/wp-content\/uploads\/2021\/10\/Coupe-du-monde-dOverijse-2021-Kata-Blanka-Vas-remporte-la-course-feminine.png","type":"image\/png"}],"author":"Emilien Descampiaux","twitter_card":"summary_large_image","twitter_title":"Coupe du monde d'Overijse 2021 : Kata Blanka Vas remporte la course f\u00e9minine","twitter_creator":"@https:\/\/twitter.com\/LRoisDuPeloton","twitter_site":"@dicodusport","schema":{"@context":"https:\/\/schema.org","@graph":[{"@type":"NewsArticle","@id":"https:\/\/dicodusport.fr\/blog\/coupe-du-monde-overijse-2021-kata-blanka-vas-remporte-la-course-feminine\/#article","isPartOf":{"@id":"https:\/\/dicodusport.fr\/blog\/coupe-du-monde-overijse-2021-kata-blanka-vas-remporte-la-course-feminine\/"},"author":{"name":"Emilien Descampiaux","@id":"https:\/\/dicodusport.fr\/blog\/#\/schema\/person\/6db4bae06b171592211be385b32876a7"},"headline":"Coupe du monde d&rsquo;Overijse 2021 : Kata Blanka Vas remporte la course f\u00e9minine","datePublished":"2021-10-31T13:34:02+00:00","dateModified":"2021-10-31T13:45:10+00:00","mainEntityOfPage":{"@id":"https:\/\/dicodusport.fr\/blog\/coupe-du-monde-overijse-2021-kata-blanka-vas-remporte-la-course-feminine\/"},"wordCount":584,"commentCount":0,"publisher":{"@id":"https:\/\/dicodusport.fr\/blog\/#organization"},"image":{"@id":"https:\/\/dicodusport.fr\/blog\/coupe-du-monde-overijse-2021-kata-blanka-vas-remporte-la-course-feminine\/#primaryimage"},"thumbnailUrl":"https:\/\/dicodusport.fr\/blog\/wp-content\/uploads\/2021\/10\/Coupe-du-monde-dOverijse-2021-Kata-Blanka-Vas-remporte-la-course-feminine.png","keywords":["Coupe du monde d'Overijse","Cyclo-cross Overijse"],"articleSection":["Cyclo-cross"],"inLanguage":"fr-FR","potentialAction":[{"@type":"CommentAction","name":"Comment","target":["https:\/\/dicodusport.fr\/blog\/coupe-du-monde-overijse-2021-kata-blanka-vas-remporte-la-course-feminine\/#respond"]}],"copyrightYear":"2021","copyrightHolder":{"@id":"https:\/\/dicodusport.fr\/blog\/#organization"}},{"@type":"WebPage","@id":"https:\/\/dicodusport.fr\/blog\/coupe-du-monde-overijse-2021-kata-blanka-vas-remporte-la-course-feminine\/","url":"https:\/\/dicodusport.fr\/blog\/coupe-du-monde-overijse-2021-kata-blanka-vas-remporte-la-course-feminine\/","name":"Coupe du monde d'Overijse 2021 : Kata Blanka Vas remporte la course f\u00e9minine","isPartOf":{"@id":"https:\/\/dicodusport.fr\/blog\/#website"},"primaryImageOfPage":{"@id":"https:\/\/dicodusport.fr\/blog\/coupe-du-monde-overijse-2021-kata-blanka-vas-remporte-la-course-feminine\/#primaryimage"},"image":{"@id":"https:\/\/dicodusport.fr\/blog\/coupe-du-monde-overijse-2021-kata-blanka-vas-remporte-la-course-feminine\/#primaryimage"},"thumbnailUrl":"https:\/\/dicodusport.fr\/blog\/wp-content\/uploads\/2021\/10\/Coupe-du-monde-dOverijse-2021-Kata-Blanka-Vas-remporte-la-course-feminine.png","datePublished":"2021-10-31T13:34:02+00:00","dateModified":"2021-10-31T13:45:10+00:00","description":"COUPE DU MONDE DE CYCLO-CROSS 2021-2022 - La Hongroise Kata Blanka Vas (Team SD Worx) s'est impos\u00e9e sur la cinqui\u00e8me \u00e9tape \u00e0 Overijse.","breadcrumb":{"@id":"https:\/\/dicodusport.fr\/blog\/coupe-du-monde-overijse-2021-kata-blanka-vas-remporte-la-course-feminine\/#breadcrumb"},"inLanguage":"fr-FR","potentialAction":[{"@type":"ReadAction","target":["https:\/\/dicodusport.fr\/blog\/coupe-du-monde-overijse-2021-kata-blanka-vas-remporte-la-course-feminine\/"]}]},{"@type":"ImageObject","inLanguage":"fr-FR","@id":"https:\/\/dicodusport.fr\/blog\/coupe-du-monde-overijse-2021-kata-blanka-vas-remporte-la-course-feminine\/#primaryimage","url":"https:\/\/dicodusport.fr\/blog\/wp-content\/uploads\/2021\/10\/Coupe-du-monde-dOverijse-2021-Kata-Blanka-Vas-remporte-la-course-feminine.png","contentUrl":"https:\/\/dicodusport.fr\/blog\/wp-content\/uploads\/2021\/10\/Coupe-du-monde-dOverijse-2021-Kata-Blanka-Vas-remporte-la-course-feminine.png","width":800,"height":445,"caption":"Coupe du monde d'Overijse 2021 Kata Blanka Vas remporte la course f\u00e9minine"},{"@type":"BreadcrumbList","@id":"https:\/\/dicodusport.fr\/blog\/coupe-du-monde-overijse-2021-kata-blanka-vas-remporte-la-course-feminine\/#breadcrumb","itemListElement":[{"@type":"ListItem","position":1,"name":"Accueil","item":"https:\/\/dicodusport.fr\/blog\/"},{"@type":"ListItem","position":2,"name":"Coupe du monde d&rsquo;Overijse 2021 : Kata Blanka Vas remporte la course f\u00e9minine"}]},{"@type":"WebSite","@id":"https:\/\/dicodusport.fr\/blog\/#website","url":"https:\/\/dicodusport.fr\/blog\/","name":"Dicodusport","description":"L&#039;encyclop\u00e9die de l&#039;actualit\u00e9 sportive","publisher":{"@id":"https:\/\/dicodusport.fr\/blog\/#organization"},"potentialAction":[{"@type":"SearchAction","target":{"@type":"EntryPoint","urlTemplate":"https:\/\/dicodusport.fr\/blog\/?s={search_term_string}"},"query-input":{"@type":"PropertyValueSpecification","valueRequired":true,"valueName":"search_term_string"}}],"inLanguage":"fr-FR"},{"@type":"NewsMediaOrganization","@id":"https:\/\/dicodusport.fr\/blog\/#organization","name":"Dicodusport","url":"https:\/\/dicodusport.fr\/blog\/","logo":{"@type":"ImageObject","inLanguage":"fr-FR","@id":"https:\/\/dicodusport.fr\/blog\/#\/schema\/logo\/image\/","url":"https:\/\/dicodusport.fr\/blog\/wp-content\/uploads\/2020\/06\/cropped-LOGO-DICODUSPORT-2020-SANS-FOND-SANS-TEXTE.png","contentUrl":"https:\/\/dicodusport.fr\/blog\/wp-content\/uploads\/2020\/06\/cropped-LOGO-DICODUSPORT-2020-SANS-FOND-SANS-TEXTE.png","width":512,"height":512,"caption":"Dicodusport"},"image":{"@id":"https:\/\/dicodusport.fr\/blog\/#\/schema\/logo\/image\/"},"sameAs":["https:\/\/www.facebook.com\/dicodusport","https:\/\/x.com\/dicodusport","https:\/\/www.instagram.com\/dicodusport\/","https:\/\/www.youtube.com\/channel\/UC7V2KZ5sd3htJivAbA4ZG3w"],"description":"Dicodusport est l'encyclop\u00e9die de l'actualit\u00e9 sportive.","email":"bonjour@dicodusport.fr","legalName":"DICODUSPORT","foundingDate":"2018-01-14","vatID":"FR71834470973","taxID":"83447097300043","numberOfEmployees":{"@type":"QuantitativeValue","minValue":"1","maxValue":"10"}},{"@type":"Person","@id":"https:\/\/dicodusport.fr\/blog\/#\/schema\/person\/6db4bae06b171592211be385b32876a7","name":"Emilien Descampiaux","image":{"@type":"ImageObject","inLanguage":"fr-FR","@id":"https:\/\/dicodusport.fr\/blog\/#\/schema\/person\/image\/","url":"https:\/\/dicodusport.fr\/blog\/wp-content\/uploads\/2021\/05\/Emilien-Descampiaux-150x150.jpg","contentUrl":"https:\/\/dicodusport.fr\/blog\/wp-content\/uploads\/2021\/05\/Emilien-Descampiaux-150x150.jpg","caption":"Emilien Descampiaux"},"description":"Journaliste\/r\u00e9dacteur depuis 2014 - Fan de la classe de Frank Vandenbroucke, je vis cyclisme (et de ses paysages) depuis plus de 20 ans. Je suis tr\u00e8s impliqu\u00e9 sur mes diff\u00e9rents r\u00e9seaux sociaux pour partager ma passion sur le monde et l'Histoire de la bicyclette avec ma voix sur les images en noir et blanc du succ\u00e8s de Rik Van Steenbergen lors du Ronde sur le V\u00e9lodrome de Gand.","sameAs":["https:\/\/www.facebook.com\/groups\/LesRoisDuPeloton","https:\/\/x.com\/https:\/\/twitter.com\/LRoisDuPeloton"],"url":"https:\/\/dicodusport.fr\/blog\/author\/emiliend\/"}]}},"_links":{"self":[{"href":"https:\/\/dicodusport.fr\/blog\/wp-json\/wp\/v2\/posts\/176865","targetHints":{"allow":["GET"]}}],"collection":[{"href":"https:\/\/dicodusport.fr\/blog\/wp-json\/wp\/v2\/posts"}],"about":[{"href":"https:\/\/dicodusport.fr\/blog\/wp-json\/wp\/v2\/types\/post"}],"author":[{"embeddable":true,"href":"https:\/\/dicodusport.fr\/blog\/wp-json\/wp\/v2\/users\/48"}],"replies":[{"embeddable":true,"href":"https:\/\/dicodusport.fr\/blog\/wp-json\/wp\/v2\/comments?post=176865"}],"version-history":[{"count":0,"href":"https:\/\/dicodusport.fr\/blog\/wp-json\/wp\/v2\/posts\/176865\/revisions"}],"wp:featuredmedia":[{"embeddable":true,"href":"https:\/\/dicodusport.fr\/blog\/wp-json\/wp\/v2\/media\/176884"}],"wp:attachment":[{"href":"https:\/\/dicodusport.fr\/blog\/wp-json\/wp\/v2\/media?parent=176865"}],"wp:term":[{"taxonomy":"category","embeddable":true,"href":"https:\/\/dicodusport.fr\/blog\/wp-json\/wp\/v2\/categories?post=176865"},{"taxonomy":"post_tag","embeddable":true,"href":"https:\/\/dicodusport.fr\/blog\/wp-json\/wp\/v2\/tags?post=176865"}],"curies":[{"name":"wp","href":"https:\/\/api.w.org\/{rel}","templated":true}]}}