{"id":176867,"date":"2021-10-31T16:12:16","date_gmt":"2021-10-31T15:12:16","guid":{"rendered":"https:\/\/dicodusport.fr\/blog\/?p=176867"},"modified":"2021-10-31T16:21:11","modified_gmt":"2021-10-31T15:21:11","slug":"coupe-du-monde-doverijse-2021-eli-iserbyt-remporte-la-course-masculine","status":"publish","type":"post","link":"https:\/\/dicodusport.fr\/blog\/coupe-du-monde-doverijse-2021-eli-iserbyt-remporte-la-course-masculine\/","title":{"rendered":"Coupe du monde d&rsquo;Overijse 2021 : Eli Iserbyt remporte la course masculine"},"content":{"rendered":"<p style=\"text-align: justify;\"><b><i><a href=\"https:\/\/dicodusport.fr\/blog\/coupe-du-monde-cyclo-cross-2021-2022-calendrier-complet\/\">COUPE DU MONDE DE CYCLO-CROSS 2021-2022<\/a> &#8211; Sous la pluie, Eli Iserbyt (Pauwels Sauzen \u2013 Bingoal) s&rsquo;est impos\u00e9 ce dimanche sur la cinqui\u00e8me manche \u00e0 Overijse et a accentu\u00e9 son avance au classement de la Coupe du monde. Il a devanc\u00e9 Michael Vanthourenhout (Pauwels Sauzen \u2013 Bingoal) et Toon Aerts (Trek Baloise Lions).<br \/>\n<\/i><\/b><\/p>\n<p style=\"text-align: justify;\">D&rsquo;abord, <strong>Daan Soete<\/strong> a pris le meilleur d\u00e9part avec <strong>Eli Iserbyt<\/strong> (Pauwels Sauzen \u2013 Bingoal) et <strong>Quinten Hermans<\/strong> (Tormans Cyclo Cross Team) alors que <strong>Lars van der Haar<\/strong> (Trek Baloise Lions) s&rsquo;est rat\u00e9 avec notamment une chute. Les concurrents se sont montr\u00e9s prudents sur ce premier tour sur un parcours pi\u00e9geux. Sur la fin du parcours, <strong>Soete<\/strong> et <strong>Hermans<\/strong> ont pris quelques m\u00e8tres d&rsquo;avance sur un groupe de chasse.<\/p>\n<p style=\"text-align: justify;\">Puis, dans le deuxi\u00e8me tour, <strong>Daan Soete<\/strong> a accus\u00e9 le coup tandis que <strong>Quinten Hermans, Eli Iserbyt <\/strong>et <strong>Michael Vanthourenhout<\/strong> (Pauwels Sauzen \u2013 Bingoal) ont pris les commandes. Derri\u00e8re, <strong>Corn\u00e9 van Kessel <\/strong>et <strong>Toon Aerts<\/strong> ont accus\u00e9 un retard de 12 secondes. Pour sa premi\u00e8re manche de la Coupe du monde de la saison, <strong>Joshua Dubau<\/strong> \u00e9tait \u00e0 la lutte pour une place dans les 10 premiers.<\/p>\n<h2 style=\"text-align: justify;\">Les d\u00e9boires de Quinten Hermans<\/h2>\n<p style=\"text-align: justify;\">Dans le troisi\u00e8me tour, <strong>Toon Aerts<\/strong> (Trek Baloise Lions) a r\u00e9ussi \u00e0 se d\u00e9barrasser de <strong>van Kessel<\/strong> pour se rapprocher du trio de t\u00eate. Devant, <strong>Quinten Hermans<\/strong> a chut\u00e9 dans le sous-bois et a \u00e9t\u00e9 repris par <strong>Aerts<\/strong>. <strong>Dubau<\/strong> est pass\u00e9 en 7e position. Toon Aerts faisait quant \u00e0 lui son retour<\/p>\n<p style=\"text-align: justify;\">Par la suite, <strong>Hermans<\/strong> a perdu beaucoup de temps puisqu&rsquo;il a cass\u00e9 sa chaussure lors du quatri\u00e8me tour alors que <strong>Aerts<\/strong> a fait la jonction avec les deux hommes de t\u00eate. Derri\u00e8re, <strong>Hermans<\/strong> a encore chut\u00e9 dans un d\u00e9vers tr\u00e8s boueux. <strong>Dubau<\/strong> a perdu un peu de temps et est descendu en 9e position. Dans le cinqui\u00e8me tour, <strong>Michael Vanthourenhout<\/strong> a acc\u00e9l\u00e9r\u00e9 dans les portions tr\u00e8s techniques. Derri\u00e8re, <strong>Laurens Sweeck<\/strong> (Pauwels Sauzen \u2013 Bingoal) a refait petit \u00e0 petit son retard. van der Haar et Hermans est encore tomb\u00e9. Dubau a accentu\u00e9 son retard puisqu&rsquo;il a cass\u00e9 sa scelle.<\/p>\n<p style=\"text-align: justify;\">Au d\u00e9but du sixi\u00e8me tour, <strong>Sweeck<\/strong> a fait la jonction \u00e0 l&rsquo;avant de la course mais il a nouveau c\u00e9d\u00e9 du terrain avec l&rsquo;acc\u00e9l\u00e9ration d&rsquo;<strong>Aerts<\/strong> puis de <strong>Vanthourenhout<\/strong> sur la fin du circuit. <strong>Sweeck<\/strong> est pass\u00e9 avec 11 secondes de retard.<\/p>\n<h2 style=\"text-align: justify;\">Quel dernier tour d&rsquo;Eli Iserbyt<\/h2>\n<p style=\"text-align: justify;\">Ensuite,<strong> Toon Aerts<\/strong> a hauss\u00e9 le ton dans la mont\u00e9e au d\u00e9but de circuit mais <strong>Iserbyt<\/strong> a pris les devants afin de g\u00e9rer les parties descendantes o\u00f9 il \u00e9tait moins \u00e0 l&rsquo;aise. Le leader de la Coupe du monde a produit un gros effort dans la portion de course \u00e0 pied. De son c\u00f4t\u00e9, <strong>Toon Aerts<\/strong> a compl\u00e9tement perdu le contact.<\/p>\n<blockquote class=\"twitter-tweet\">\n<p dir=\"ltr\" lang=\"en\">Eli Iserbyt attacks in the final lap and wins in Overijse! &#x1f37e; His teammate Vanthourenhout earns&#x1f948;, Aerts is&#x1f949;. <a href=\"https:\/\/twitter.com\/hashtag\/CXWorldCup?src=hash&amp;ref_src=twsrc%5Etfw\">#CXWorldCup<\/a> <a href=\"https:\/\/t.co\/HkSOZnLQZI\">pic.twitter.com\/HkSOZnLQZI<\/a><\/p>\n<p>\u2014 UCI Cyclo-cross World Cup (@UCIcyclocrossWC) <a href=\"https:\/\/twitter.com\/UCIcyclocrossWC\/status\/1454828615112273921?ref_src=twsrc%5Etfw\">October 31, 2021<\/a><\/p><\/blockquote>\n<p><script async src=\"https:\/\/platform.twitter.com\/widgets.js\" charset=\"utf-8\"><\/script><\/p>\n<p style=\"text-align: justify;\">Finalement, <strong>Eli Iserbyt<\/strong> (Pauwels Sauzen \u2013 Bingoal) s&rsquo;est impos\u00e9 devant <strong>Michael Vanthourenhout<\/strong> (Pauwels Sauzen \u2013 Bingoal) \u00e0 9 secondes.<strong> Toon Aerts<\/strong> (Trek Baloise Lions) a compl\u00e9t\u00e9 le podium \u00e0 26 secondes. <strong>Quinten Hermans<\/strong> (Tormans Cyclo Cross Team) a termin\u00e9 5e \u00e0 1&rsquo;02 derri\u00e8re <strong>Laurens Sweeck<\/strong> (Pauwels Sauzen \u2013 Bingoal). Le Fran\u00e7ais <strong>Josha Dubau<\/strong> a fini 14e \u00e0 3 minutes et 6 secondes.<\/p>\n<h2><strong>\u00c0 lire aussi<\/strong><\/h2>\n<ul>\n<li><strong><a href=\"https:\/\/dicodusport.fr\/blog\/cyclo-cross-coupe-du-monde-de-cyclo-cross-2021-2022-classement-general-hommes\/\">Le classement complet de la course hommes<\/a><br \/>\n<\/strong><\/li>\n<li><a href=\"https:\/\/dicodusport.fr\/blog\/cyclo-cross-coupe-du-monde-de-cyclo-cross-2021-2022-classement-general-hommes\/\"><strong>Le classement g\u00e9n\u00e9ral de l<\/strong><strong>a Coupe du monde<\/strong><\/a><\/li>\n<li><a href=\"https:\/\/dicodusport.fr\/blog\/coupe-du-monde-cyclo-cross-2021-2022-calendrier-complet\/\"><strong>Le calendrier complet de la Coupe du monde de cyclo-cross 2021-2022<\/strong><\/a><\/li>\n<\/ul>\n","protected":false},"excerpt":{"rendered":"<p>COUPE DU MONDE DE CYCLO-CROSS 2021-2022 &#8211; Sous la pluie, Eli Iserbyt (Pauwels Sauzen \u2013 Bingoal) s&rsquo;est impos\u00e9 ce dimanche sur la cinqui\u00e8me manche \u00e0 Overijse et a accentu\u00e9 son avance au classement de la Coupe du monde. Il a devanc\u00e9 Michael Vanthourenhout (Pauwels Sauzen \u2013 Bingoal) et Toon Aerts (Trek Baloise Lions).<\/p>\n","protected":false},"author":48,"featured_media":176915,"comment_status":"open","ping_status":"closed","sticky":false,"template":"","format":"standard","meta":{"_acf_changed":false,"_daextam_enable_autolinks":"","footnotes":""},"categories":[9611],"tags":[13838],"class_list":["post-176867","post","type-post","status-publish","format-standard","has-post-thumbnail","hentry","category-cyclo-cross","tag-cyclo-cross-overijse"],"acf":[],"yoast_head":"<!-- This site is optimized with the Yoast SEO Premium plugin v26.7 (Yoast SEO v26.7) - https:\/\/yoast.com\/wordpress\/plugins\/seo\/ -->\n<title>Coupe du monde d&#039;Overijse 2021 : Eli Iserbyt remporte la course masculine<\/title>\n<meta name=\"description\" content=\"COUPE DU MONDE DE CYCLO-CROSS 2021-2022 - Sous la pluie, Eli Iserbyt (Pauwels Sauzen \u2013 Bingoal) s&#039;est impos\u00e9 \u00e0 Overijse.\" \/>\n<meta name=\"robots\" content=\"index, follow, max-snippet:-1, max-image-preview:large, max-video-preview:-1\" \/>\n<link rel=\"canonical\" href=\"https:\/\/dicodusport.fr\/blog\/coupe-du-monde-doverijse-2021-eli-iserbyt-remporte-la-course-masculine\/\" \/>\n<meta property=\"og:locale\" content=\"fr_FR\" \/>\n<meta property=\"og:type\" content=\"article\" \/>\n<meta property=\"og:title\" content=\"Coupe du monde d&#039;Overijse 2021 : Eli Iserbyt remporte la course masculine\" \/>\n<meta property=\"og:description\" content=\"COUPE DU MONDE DE CYCLO-CROSS 2021-2022 - Sous la pluie, Eli Iserbyt (Pauwels Sauzen \u2013 Bingoal) s&#039;est impos\u00e9 \u00e0 Overijse.\" \/>\n<meta property=\"og:url\" content=\"https:\/\/dicodusport.fr\/blog\/coupe-du-monde-doverijse-2021-eli-iserbyt-remporte-la-course-masculine\/\" \/>\n<meta property=\"og:site_name\" content=\"Dicodusport\" \/>\n<meta property=\"article:publisher\" content=\"https:\/\/www.facebook.com\/dicodusport\" \/>\n<meta property=\"article:author\" content=\"https:\/\/www.facebook.com\/groups\/LesRoisDuPeloton\" \/>\n<meta property=\"article:published_time\" content=\"2021-10-31T15:12:16+00:00\" \/>\n<meta property=\"article:modified_time\" content=\"2021-10-31T15:21:11+00:00\" \/>\n<meta property=\"og:image\" content=\"https:\/\/dicodusport.fr\/blog\/wp-content\/uploads\/2021\/10\/Coupe-du-monde-dOverijse-2021-Eli-Iserbyt-remporte-la-course-masculine.png\" \/>\n\t<meta property=\"og:image:width\" content=\"800\" \/>\n\t<meta property=\"og:image:height\" content=\"445\" \/>\n\t<meta property=\"og:image:type\" content=\"image\/png\" \/>\n<meta name=\"author\" content=\"Emilien Descampiaux\" \/>\n<meta name=\"twitter:card\" content=\"summary_large_image\" \/>\n<meta name=\"twitter:title\" content=\"Coupe du monde d&#039;Overijse 2021 : Eli Iserbyt remporte la course masculine\" \/>\n<meta name=\"twitter:creator\" content=\"@https:\/\/twitter.com\/LRoisDuPeloton\" \/>\n<meta name=\"twitter:site\" content=\"@dicodusport\" \/>\n<script type=\"application\/ld+json\" class=\"yoast-schema-graph\">{\"@context\":\"https:\/\/schema.org\",\"@graph\":[{\"@type\":\"NewsArticle\",\"@id\":\"https:\/\/dicodusport.fr\/blog\/coupe-du-monde-doverijse-2021-eli-iserbyt-remporte-la-course-masculine\/#article\",\"isPartOf\":{\"@id\":\"https:\/\/dicodusport.fr\/blog\/coupe-du-monde-doverijse-2021-eli-iserbyt-remporte-la-course-masculine\/\"},\"author\":{\"name\":\"Emilien Descampiaux\",\"@id\":\"https:\/\/dicodusport.fr\/blog\/#\/schema\/person\/6db4bae06b171592211be385b32876a7\"},\"headline\":\"Coupe du monde d&rsquo;Overijse 2021 : Eli Iserbyt remporte la course masculine\",\"datePublished\":\"2021-10-31T15:12:16+00:00\",\"dateModified\":\"2021-10-31T15:21:11+00:00\",\"mainEntityOfPage\":{\"@id\":\"https:\/\/dicodusport.fr\/blog\/coupe-du-monde-doverijse-2021-eli-iserbyt-remporte-la-course-masculine\/\"},\"wordCount\":611,\"commentCount\":0,\"publisher\":{\"@id\":\"https:\/\/dicodusport.fr\/blog\/#organization\"},\"image\":{\"@id\":\"https:\/\/dicodusport.fr\/blog\/coupe-du-monde-doverijse-2021-eli-iserbyt-remporte-la-course-masculine\/#primaryimage\"},\"thumbnailUrl\":\"https:\/\/dicodusport.fr\/blog\/wp-content\/uploads\/2021\/10\/Coupe-du-monde-dOverijse-2021-Eli-Iserbyt-remporte-la-course-masculine.png\",\"keywords\":[\"Cyclo-cross Overijse\"],\"articleSection\":[\"Cyclo-cross\"],\"inLanguage\":\"fr-FR\",\"potentialAction\":[{\"@type\":\"CommentAction\",\"name\":\"Comment\",\"target\":[\"https:\/\/dicodusport.fr\/blog\/coupe-du-monde-doverijse-2021-eli-iserbyt-remporte-la-course-masculine\/#respond\"]}],\"copyrightYear\":\"2021\",\"copyrightHolder\":{\"@id\":\"https:\/\/dicodusport.fr\/blog\/#organization\"}},{\"@type\":\"WebPage\",\"@id\":\"https:\/\/dicodusport.fr\/blog\/coupe-du-monde-doverijse-2021-eli-iserbyt-remporte-la-course-masculine\/\",\"url\":\"https:\/\/dicodusport.fr\/blog\/coupe-du-monde-doverijse-2021-eli-iserbyt-remporte-la-course-masculine\/\",\"name\":\"Coupe du monde d'Overijse 2021 : Eli Iserbyt remporte la course masculine\",\"isPartOf\":{\"@id\":\"https:\/\/dicodusport.fr\/blog\/#website\"},\"primaryImageOfPage\":{\"@id\":\"https:\/\/dicodusport.fr\/blog\/coupe-du-monde-doverijse-2021-eli-iserbyt-remporte-la-course-masculine\/#primaryimage\"},\"image\":{\"@id\":\"https:\/\/dicodusport.fr\/blog\/coupe-du-monde-doverijse-2021-eli-iserbyt-remporte-la-course-masculine\/#primaryimage\"},\"thumbnailUrl\":\"https:\/\/dicodusport.fr\/blog\/wp-content\/uploads\/2021\/10\/Coupe-du-monde-dOverijse-2021-Eli-Iserbyt-remporte-la-course-masculine.png\",\"datePublished\":\"2021-10-31T15:12:16+00:00\",\"dateModified\":\"2021-10-31T15:21:11+00:00\",\"description\":\"COUPE DU MONDE DE CYCLO-CROSS 2021-2022 - Sous la pluie, Eli Iserbyt (Pauwels Sauzen \u2013 Bingoal) s'est impos\u00e9 \u00e0 Overijse.\",\"breadcrumb\":{\"@id\":\"https:\/\/dicodusport.fr\/blog\/coupe-du-monde-doverijse-2021-eli-iserbyt-remporte-la-course-masculine\/#breadcrumb\"},\"inLanguage\":\"fr-FR\",\"potentialAction\":[{\"@type\":\"ReadAction\",\"target\":[\"https:\/\/dicodusport.fr\/blog\/coupe-du-monde-doverijse-2021-eli-iserbyt-remporte-la-course-masculine\/\"]}]},{\"@type\":\"ImageObject\",\"inLanguage\":\"fr-FR\",\"@id\":\"https:\/\/dicodusport.fr\/blog\/coupe-du-monde-doverijse-2021-eli-iserbyt-remporte-la-course-masculine\/#primaryimage\",\"url\":\"https:\/\/dicodusport.fr\/blog\/wp-content\/uploads\/2021\/10\/Coupe-du-monde-dOverijse-2021-Eli-Iserbyt-remporte-la-course-masculine.png\",\"contentUrl\":\"https:\/\/dicodusport.fr\/blog\/wp-content\/uploads\/2021\/10\/Coupe-du-monde-dOverijse-2021-Eli-Iserbyt-remporte-la-course-masculine.png\",\"width\":800,\"height\":445,\"caption\":\"Coupe du monde d'Overijse 2021 Eli Iserbyt remporte la course masculine\"},{\"@type\":\"BreadcrumbList\",\"@id\":\"https:\/\/dicodusport.fr\/blog\/coupe-du-monde-doverijse-2021-eli-iserbyt-remporte-la-course-masculine\/#breadcrumb\",\"itemListElement\":[{\"@type\":\"ListItem\",\"position\":1,\"name\":\"Accueil\",\"item\":\"https:\/\/dicodusport.fr\/blog\/\"},{\"@type\":\"ListItem\",\"position\":2,\"name\":\"Coupe du monde d&rsquo;Overijse 2021 : Eli Iserbyt remporte la course masculine\"}]},{\"@type\":\"WebSite\",\"@id\":\"https:\/\/dicodusport.fr\/blog\/#website\",\"url\":\"https:\/\/dicodusport.fr\/blog\/\",\"name\":\"Dicodusport\",\"description\":\"L&#039;encyclop\u00e9die de l&#039;actualit\u00e9 sportive\",\"publisher\":{\"@id\":\"https:\/\/dicodusport.fr\/blog\/#organization\"},\"potentialAction\":[{\"@type\":\"SearchAction\",\"target\":{\"@type\":\"EntryPoint\",\"urlTemplate\":\"https:\/\/dicodusport.fr\/blog\/?s={search_term_string}\"},\"query-input\":{\"@type\":\"PropertyValueSpecification\",\"valueRequired\":true,\"valueName\":\"search_term_string\"}}],\"inLanguage\":\"fr-FR\"},{\"@type\":\"NewsMediaOrganization\",\"@id\":\"https:\/\/dicodusport.fr\/blog\/#organization\",\"name\":\"Dicodusport\",\"url\":\"https:\/\/dicodusport.fr\/blog\/\",\"logo\":{\"@type\":\"ImageObject\",\"inLanguage\":\"fr-FR\",\"@id\":\"https:\/\/dicodusport.fr\/blog\/#\/schema\/logo\/image\/\",\"url\":\"https:\/\/dicodusport.fr\/blog\/wp-content\/uploads\/2020\/06\/cropped-LOGO-DICODUSPORT-2020-SANS-FOND-SANS-TEXTE.png\",\"contentUrl\":\"https:\/\/dicodusport.fr\/blog\/wp-content\/uploads\/2020\/06\/cropped-LOGO-DICODUSPORT-2020-SANS-FOND-SANS-TEXTE.png\",\"width\":512,\"height\":512,\"caption\":\"Dicodusport\"},\"image\":{\"@id\":\"https:\/\/dicodusport.fr\/blog\/#\/schema\/logo\/image\/\"},\"sameAs\":[\"https:\/\/www.facebook.com\/dicodusport\",\"https:\/\/x.com\/dicodusport\",\"https:\/\/www.instagram.com\/dicodusport\/\",\"https:\/\/www.youtube.com\/channel\/UC7V2KZ5sd3htJivAbA4ZG3w\"],\"description\":\"Dicodusport est l'encyclop\u00e9die de l'actualit\u00e9 sportive.\",\"email\":\"bonjour@dicodusport.fr\",\"legalName\":\"DICODUSPORT\",\"foundingDate\":\"2018-01-14\",\"vatID\":\"FR71834470973\",\"taxID\":\"83447097300043\",\"numberOfEmployees\":{\"@type\":\"QuantitativeValue\",\"minValue\":\"1\",\"maxValue\":\"10\"}},{\"@type\":\"Person\",\"@id\":\"https:\/\/dicodusport.fr\/blog\/#\/schema\/person\/6db4bae06b171592211be385b32876a7\",\"name\":\"Emilien Descampiaux\",\"image\":{\"@type\":\"ImageObject\",\"inLanguage\":\"fr-FR\",\"@id\":\"https:\/\/dicodusport.fr\/blog\/#\/schema\/person\/image\/\",\"url\":\"https:\/\/dicodusport.fr\/blog\/wp-content\/uploads\/2021\/05\/Emilien-Descampiaux-150x150.jpg\",\"contentUrl\":\"https:\/\/dicodusport.fr\/blog\/wp-content\/uploads\/2021\/05\/Emilien-Descampiaux-150x150.jpg\",\"caption\":\"Emilien Descampiaux\"},\"description\":\"Journaliste\/r\u00e9dacteur depuis 2014 - Fan de la classe de Frank Vandenbroucke, je vis cyclisme (et de ses paysages) depuis plus de 20 ans. Je suis tr\u00e8s impliqu\u00e9 sur mes diff\u00e9rents r\u00e9seaux sociaux pour partager ma passion sur le monde et l'Histoire de la bicyclette avec ma voix sur les images en noir et blanc du succ\u00e8s de Rik Van Steenbergen lors du Ronde sur le V\u00e9lodrome de Gand.\",\"sameAs\":[\"https:\/\/www.facebook.com\/groups\/LesRoisDuPeloton\",\"https:\/\/x.com\/https:\/\/twitter.com\/LRoisDuPeloton\"],\"url\":\"https:\/\/dicodusport.fr\/blog\/author\/emiliend\/\"}]}<\/script>\n<!-- \/ Yoast SEO Premium plugin. -->","yoast_head_json":{"title":"Coupe du monde d'Overijse 2021 : Eli Iserbyt remporte la course masculine","description":"COUPE DU MONDE DE CYCLO-CROSS 2021-2022 - Sous la pluie, Eli Iserbyt (Pauwels Sauzen \u2013 Bingoal) s'est impos\u00e9 \u00e0 Overijse.","robots":{"index":"index","follow":"follow","max-snippet":"max-snippet:-1","max-image-preview":"max-image-preview:large","max-video-preview":"max-video-preview:-1"},"canonical":"https:\/\/dicodusport.fr\/blog\/coupe-du-monde-doverijse-2021-eli-iserbyt-remporte-la-course-masculine\/","og_locale":"fr_FR","og_type":"article","og_title":"Coupe du monde d'Overijse 2021 : Eli Iserbyt remporte la course masculine","og_description":"COUPE DU MONDE DE CYCLO-CROSS 2021-2022 - Sous la pluie, Eli Iserbyt (Pauwels Sauzen \u2013 Bingoal) s'est impos\u00e9 \u00e0 Overijse.","og_url":"https:\/\/dicodusport.fr\/blog\/coupe-du-monde-doverijse-2021-eli-iserbyt-remporte-la-course-masculine\/","og_site_name":"Dicodusport","article_publisher":"https:\/\/www.facebook.com\/dicodusport","article_author":"https:\/\/www.facebook.com\/groups\/LesRoisDuPeloton","article_published_time":"2021-10-31T15:12:16+00:00","article_modified_time":"2021-10-31T15:21:11+00:00","og_image":[{"width":800,"height":445,"url":"https:\/\/dicodusport.fr\/blog\/wp-content\/uploads\/2021\/10\/Coupe-du-monde-dOverijse-2021-Eli-Iserbyt-remporte-la-course-masculine.png","type":"image\/png"}],"author":"Emilien Descampiaux","twitter_card":"summary_large_image","twitter_title":"Coupe du monde d'Overijse 2021 : Eli Iserbyt remporte la course masculine","twitter_creator":"@https:\/\/twitter.com\/LRoisDuPeloton","twitter_site":"@dicodusport","schema":{"@context":"https:\/\/schema.org","@graph":[{"@type":"NewsArticle","@id":"https:\/\/dicodusport.fr\/blog\/coupe-du-monde-doverijse-2021-eli-iserbyt-remporte-la-course-masculine\/#article","isPartOf":{"@id":"https:\/\/dicodusport.fr\/blog\/coupe-du-monde-doverijse-2021-eli-iserbyt-remporte-la-course-masculine\/"},"author":{"name":"Emilien Descampiaux","@id":"https:\/\/dicodusport.fr\/blog\/#\/schema\/person\/6db4bae06b171592211be385b32876a7"},"headline":"Coupe du monde d&rsquo;Overijse 2021 : Eli Iserbyt remporte la course masculine","datePublished":"2021-10-31T15:12:16+00:00","dateModified":"2021-10-31T15:21:11+00:00","mainEntityOfPage":{"@id":"https:\/\/dicodusport.fr\/blog\/coupe-du-monde-doverijse-2021-eli-iserbyt-remporte-la-course-masculine\/"},"wordCount":611,"commentCount":0,"publisher":{"@id":"https:\/\/dicodusport.fr\/blog\/#organization"},"image":{"@id":"https:\/\/dicodusport.fr\/blog\/coupe-du-monde-doverijse-2021-eli-iserbyt-remporte-la-course-masculine\/#primaryimage"},"thumbnailUrl":"https:\/\/dicodusport.fr\/blog\/wp-content\/uploads\/2021\/10\/Coupe-du-monde-dOverijse-2021-Eli-Iserbyt-remporte-la-course-masculine.png","keywords":["Cyclo-cross Overijse"],"articleSection":["Cyclo-cross"],"inLanguage":"fr-FR","potentialAction":[{"@type":"CommentAction","name":"Comment","target":["https:\/\/dicodusport.fr\/blog\/coupe-du-monde-doverijse-2021-eli-iserbyt-remporte-la-course-masculine\/#respond"]}],"copyrightYear":"2021","copyrightHolder":{"@id":"https:\/\/dicodusport.fr\/blog\/#organization"}},{"@type":"WebPage","@id":"https:\/\/dicodusport.fr\/blog\/coupe-du-monde-doverijse-2021-eli-iserbyt-remporte-la-course-masculine\/","url":"https:\/\/dicodusport.fr\/blog\/coupe-du-monde-doverijse-2021-eli-iserbyt-remporte-la-course-masculine\/","name":"Coupe du monde d'Overijse 2021 : Eli Iserbyt remporte la course masculine","isPartOf":{"@id":"https:\/\/dicodusport.fr\/blog\/#website"},"primaryImageOfPage":{"@id":"https:\/\/dicodusport.fr\/blog\/coupe-du-monde-doverijse-2021-eli-iserbyt-remporte-la-course-masculine\/#primaryimage"},"image":{"@id":"https:\/\/dicodusport.fr\/blog\/coupe-du-monde-doverijse-2021-eli-iserbyt-remporte-la-course-masculine\/#primaryimage"},"thumbnailUrl":"https:\/\/dicodusport.fr\/blog\/wp-content\/uploads\/2021\/10\/Coupe-du-monde-dOverijse-2021-Eli-Iserbyt-remporte-la-course-masculine.png","datePublished":"2021-10-31T15:12:16+00:00","dateModified":"2021-10-31T15:21:11+00:00","description":"COUPE DU MONDE DE CYCLO-CROSS 2021-2022 - Sous la pluie, Eli Iserbyt (Pauwels Sauzen \u2013 Bingoal) s'est impos\u00e9 \u00e0 Overijse.","breadcrumb":{"@id":"https:\/\/dicodusport.fr\/blog\/coupe-du-monde-doverijse-2021-eli-iserbyt-remporte-la-course-masculine\/#breadcrumb"},"inLanguage":"fr-FR","potentialAction":[{"@type":"ReadAction","target":["https:\/\/dicodusport.fr\/blog\/coupe-du-monde-doverijse-2021-eli-iserbyt-remporte-la-course-masculine\/"]}]},{"@type":"ImageObject","inLanguage":"fr-FR","@id":"https:\/\/dicodusport.fr\/blog\/coupe-du-monde-doverijse-2021-eli-iserbyt-remporte-la-course-masculine\/#primaryimage","url":"https:\/\/dicodusport.fr\/blog\/wp-content\/uploads\/2021\/10\/Coupe-du-monde-dOverijse-2021-Eli-Iserbyt-remporte-la-course-masculine.png","contentUrl":"https:\/\/dicodusport.fr\/blog\/wp-content\/uploads\/2021\/10\/Coupe-du-monde-dOverijse-2021-Eli-Iserbyt-remporte-la-course-masculine.png","width":800,"height":445,"caption":"Coupe du monde d'Overijse 2021 Eli Iserbyt remporte la course masculine"},{"@type":"BreadcrumbList","@id":"https:\/\/dicodusport.fr\/blog\/coupe-du-monde-doverijse-2021-eli-iserbyt-remporte-la-course-masculine\/#breadcrumb","itemListElement":[{"@type":"ListItem","position":1,"name":"Accueil","item":"https:\/\/dicodusport.fr\/blog\/"},{"@type":"ListItem","position":2,"name":"Coupe du monde d&rsquo;Overijse 2021 : Eli Iserbyt remporte la course masculine"}]},{"@type":"WebSite","@id":"https:\/\/dicodusport.fr\/blog\/#website","url":"https:\/\/dicodusport.fr\/blog\/","name":"Dicodusport","description":"L&#039;encyclop\u00e9die de l&#039;actualit\u00e9 sportive","publisher":{"@id":"https:\/\/dicodusport.fr\/blog\/#organization"},"potentialAction":[{"@type":"SearchAction","target":{"@type":"EntryPoint","urlTemplate":"https:\/\/dicodusport.fr\/blog\/?s={search_term_string}"},"query-input":{"@type":"PropertyValueSpecification","valueRequired":true,"valueName":"search_term_string"}}],"inLanguage":"fr-FR"},{"@type":"NewsMediaOrganization","@id":"https:\/\/dicodusport.fr\/blog\/#organization","name":"Dicodusport","url":"https:\/\/dicodusport.fr\/blog\/","logo":{"@type":"ImageObject","inLanguage":"fr-FR","@id":"https:\/\/dicodusport.fr\/blog\/#\/schema\/logo\/image\/","url":"https:\/\/dicodusport.fr\/blog\/wp-content\/uploads\/2020\/06\/cropped-LOGO-DICODUSPORT-2020-SANS-FOND-SANS-TEXTE.png","contentUrl":"https:\/\/dicodusport.fr\/blog\/wp-content\/uploads\/2020\/06\/cropped-LOGO-DICODUSPORT-2020-SANS-FOND-SANS-TEXTE.png","width":512,"height":512,"caption":"Dicodusport"},"image":{"@id":"https:\/\/dicodusport.fr\/blog\/#\/schema\/logo\/image\/"},"sameAs":["https:\/\/www.facebook.com\/dicodusport","https:\/\/x.com\/dicodusport","https:\/\/www.instagram.com\/dicodusport\/","https:\/\/www.youtube.com\/channel\/UC7V2KZ5sd3htJivAbA4ZG3w"],"description":"Dicodusport est l'encyclop\u00e9die de l'actualit\u00e9 sportive.","email":"bonjour@dicodusport.fr","legalName":"DICODUSPORT","foundingDate":"2018-01-14","vatID":"FR71834470973","taxID":"83447097300043","numberOfEmployees":{"@type":"QuantitativeValue","minValue":"1","maxValue":"10"}},{"@type":"Person","@id":"https:\/\/dicodusport.fr\/blog\/#\/schema\/person\/6db4bae06b171592211be385b32876a7","name":"Emilien Descampiaux","image":{"@type":"ImageObject","inLanguage":"fr-FR","@id":"https:\/\/dicodusport.fr\/blog\/#\/schema\/person\/image\/","url":"https:\/\/dicodusport.fr\/blog\/wp-content\/uploads\/2021\/05\/Emilien-Descampiaux-150x150.jpg","contentUrl":"https:\/\/dicodusport.fr\/blog\/wp-content\/uploads\/2021\/05\/Emilien-Descampiaux-150x150.jpg","caption":"Emilien Descampiaux"},"description":"Journaliste\/r\u00e9dacteur depuis 2014 - Fan de la classe de Frank Vandenbroucke, je vis cyclisme (et de ses paysages) depuis plus de 20 ans. Je suis tr\u00e8s impliqu\u00e9 sur mes diff\u00e9rents r\u00e9seaux sociaux pour partager ma passion sur le monde et l'Histoire de la bicyclette avec ma voix sur les images en noir et blanc du succ\u00e8s de Rik Van Steenbergen lors du Ronde sur le V\u00e9lodrome de Gand.","sameAs":["https:\/\/www.facebook.com\/groups\/LesRoisDuPeloton","https:\/\/x.com\/https:\/\/twitter.com\/LRoisDuPeloton"],"url":"https:\/\/dicodusport.fr\/blog\/author\/emiliend\/"}]}},"_links":{"self":[{"href":"https:\/\/dicodusport.fr\/blog\/wp-json\/wp\/v2\/posts\/176867","targetHints":{"allow":["GET"]}}],"collection":[{"href":"https:\/\/dicodusport.fr\/blog\/wp-json\/wp\/v2\/posts"}],"about":[{"href":"https:\/\/dicodusport.fr\/blog\/wp-json\/wp\/v2\/types\/post"}],"author":[{"embeddable":true,"href":"https:\/\/dicodusport.fr\/blog\/wp-json\/wp\/v2\/users\/48"}],"replies":[{"embeddable":true,"href":"https:\/\/dicodusport.fr\/blog\/wp-json\/wp\/v2\/comments?post=176867"}],"version-history":[{"count":0,"href":"https:\/\/dicodusport.fr\/blog\/wp-json\/wp\/v2\/posts\/176867\/revisions"}],"wp:featuredmedia":[{"embeddable":true,"href":"https:\/\/dicodusport.fr\/blog\/wp-json\/wp\/v2\/media\/176915"}],"wp:attachment":[{"href":"https:\/\/dicodusport.fr\/blog\/wp-json\/wp\/v2\/media?parent=176867"}],"wp:term":[{"taxonomy":"category","embeddable":true,"href":"https:\/\/dicodusport.fr\/blog\/wp-json\/wp\/v2\/categories?post=176867"},{"taxonomy":"post_tag","embeddable":true,"href":"https:\/\/dicodusport.fr\/blog\/wp-json\/wp\/v2\/tags?post=176867"}],"curies":[{"name":"wp","href":"https:\/\/api.w.org\/{rel}","templated":true}]}}