{"id":176991,"date":"2021-11-01T08:42:17","date_gmt":"2021-11-01T07:42:17","guid":{"rendered":"https:\/\/dicodusport.fr\/blog\/?p=176991&#038;preview=true&#038;preview_id=176991"},"modified":"2021-11-01T13:26:12","modified_gmt":"2021-11-01T12:26:12","slug":"maxime-machenaud-va-rejoindre-laviron-bayonnais","status":"publish","type":"post","link":"https:\/\/dicodusport.fr\/blog\/maxime-machenaud-va-rejoindre-laviron-bayonnais\/","title":{"rendered":"Maxime Machenaud va rejoindre l&rsquo;Aviron Bayonnais"},"content":{"rendered":"<p style=\"text-align: justify;\"><strong><em>TOP 14 &#8211; Selon le <a href=\"https:\/\/www.rugbyrama.fr\/rugby\/transferts\/2021\/transferts-information-midi-olympique-maxime-machenaud-racing-92-va-s-engager-a-bayonne_sto8609880\/story.shtml\" target=\"_blank\" rel=\"nofollow noopener\">Midi Olympique<\/a>, Maxime Machenaud (Racing 92) va s&rsquo;engager avec l&rsquo;Aviron Bayonnais pour deux saisons avec une en option.\u00a0<\/em><\/strong><\/p>\n<p style=\"text-align: justify;\">Un page devrait se tourner au Racing 92. Arriv\u00e9 au club en 2012, <strong>Maxime Machenaud<\/strong> aura disput\u00e9 au total 10 saisons avec le club francilien, pour un titre de champion de France en 2016. L&rsquo;international fran\u00e7ais, 38 s\u00e9lections, va d\u00e9couvrir un quatri\u00e8me club apr\u00e8s le SU Agen, l&rsquo;Union Bordeaux B\u00e8gles et donc le Racing 92. Si l&rsquo;Aviron Bayonnais est pour le moment deuxi\u00e8me de Pro D2, le demi de m\u00eal\u00e9e de 32 ans ne sait pas \u00e0 quel niveau il \u00e9voluera la saison prochaine.<\/p>\n<blockquote class=\"twitter-tweet\">\n<p dir=\"ltr\" lang=\"fr\">&#x1f6a8; Information Midi Olympique &#x1f6a8;<\/p>\n<p>Le demi de m\u00eal\u00e9e international va s&rsquo;engager pour deux saisons plus une troisi\u00e8me en option avec Bayonne &#x1f535;&#x26aa;&#xfe0f;. Avec cette signature, l&rsquo;Aviron frappe fort sur le march\u00e9.<a href=\"https:\/\/t.co\/ulzT7fQmC3\">https:\/\/t.co\/ulzT7fQmC3<\/a><\/p>\n<p>\u2014 Midi Olympique (@midi_olympique) <a href=\"https:\/\/twitter.com\/midi_olympique\/status\/1454888772424896514?ref_src=twsrc%5Etfw\">October 31, 2021<\/a><\/p><\/blockquote>\n<p style=\"text-align: justify;\"><script async src=\"https:\/\/platform.twitter.com\/widgets.js\" charset=\"utf-8\"><\/script><\/p>\n","protected":false},"excerpt":{"rendered":"<p>TOP 14 &#8211; Selon le Midi Olympique, Maxime Machenaud (Racing 92) va s&rsquo;engager avec l&rsquo;Aviron Bayonnais pour deux saisons avec une en option.\u00a0<\/p>\n","protected":false},"author":1,"featured_media":176995,"comment_status":"open","ping_status":"closed","sticky":false,"template":"","format":"standard","meta":{"_acf_changed":false,"_daextam_enable_autolinks":"","footnotes":""},"categories":[47050],"tags":[8158,3630,3131],"class_list":["post-176991","post","type-post","status-publish","format-standard","has-post-thumbnail","hentry","category-top-14","tag-aviron-bayonnais","tag-maxime-machenaud","tag-racing-92"],"acf":[],"yoast_head":"<!-- This site is optimized with the Yoast SEO Premium plugin v26.7 (Yoast SEO v26.7) - https:\/\/yoast.com\/wordpress\/plugins\/seo\/ -->\n<title>Maxime Machenaud va rejoindre l&#039;Aviron Bayonnais<\/title>\n<meta name=\"description\" content=\"TOP 14 - Selon le Midi Olympique, Maxime Machenaud (Racing 92) va s&#039;engager avec l&#039;Aviron Bayonnais pour deux saisons avec une en option.\u00a0\" \/>\n<meta name=\"robots\" content=\"index, follow, max-snippet:-1, max-image-preview:large, max-video-preview:-1\" \/>\n<link rel=\"canonical\" href=\"https:\/\/dicodusport.fr\/blog\/maxime-machenaud-va-rejoindre-laviron-bayonnais\/\" \/>\n<meta property=\"og:locale\" content=\"fr_FR\" \/>\n<meta property=\"og:type\" content=\"article\" \/>\n<meta property=\"og:title\" content=\"Maxime Machenaud va rejoindre l&#039;Aviron Bayonnais\" \/>\n<meta property=\"og:description\" content=\"TOP 14 - Selon le Midi Olympique, Maxime Machenaud (Racing 92) va s&#039;engager avec l&#039;Aviron Bayonnais pour deux saisons avec une en option.\u00a0\" \/>\n<meta property=\"og:url\" content=\"https:\/\/dicodusport.fr\/blog\/maxime-machenaud-va-rejoindre-laviron-bayonnais\/\" \/>\n<meta property=\"og:site_name\" content=\"Dicodusport\" \/>\n<meta property=\"article:publisher\" content=\"https:\/\/www.facebook.com\/dicodusport\" \/>\n<meta property=\"article:author\" content=\"https:\/\/www.facebook.com\/dicodusport\" \/>\n<meta property=\"article:published_time\" content=\"2021-11-01T07:42:17+00:00\" \/>\n<meta property=\"article:modified_time\" content=\"2021-11-01T12:26:12+00:00\" \/>\n<meta property=\"og:image\" content=\"https:\/\/dicodusport.fr\/blog\/wp-content\/uploads\/2021\/11\/Maxime-Machenaud-va-rejoindre-lAviron-Bayonnais.png\" \/>\n\t<meta property=\"og:image:width\" content=\"800\" \/>\n\t<meta property=\"og:image:height\" content=\"445\" \/>\n\t<meta property=\"og:image:type\" content=\"image\/png\" \/>\n<meta name=\"author\" content=\"Nicolas Jacquemard\" \/>\n<meta name=\"twitter:card\" content=\"summary_large_image\" \/>\n<meta name=\"twitter:title\" content=\"Maxime Machenaud va rejoindre l&#039;Aviron Bayonnais\" \/>\n<meta name=\"twitter:creator\" content=\"@https:\/\/twitter.com\/Nico_Jacquemard\" \/>\n<meta name=\"twitter:site\" content=\"@dicodusport\" \/>\n<script type=\"application\/ld+json\" class=\"yoast-schema-graph\">{\"@context\":\"https:\/\/schema.org\",\"@graph\":[{\"@type\":\"NewsArticle\",\"@id\":\"https:\/\/dicodusport.fr\/blog\/maxime-machenaud-va-rejoindre-laviron-bayonnais\/#article\",\"isPartOf\":{\"@id\":\"https:\/\/dicodusport.fr\/blog\/maxime-machenaud-va-rejoindre-laviron-bayonnais\/\"},\"author\":{\"name\":\"Nicolas Jacquemard\",\"@id\":\"https:\/\/dicodusport.fr\/blog\/#\/schema\/person\/55dcb50ad410894e431ed812bbb70191\"},\"headline\":\"Maxime Machenaud va rejoindre l&rsquo;Aviron Bayonnais\",\"datePublished\":\"2021-11-01T07:42:17+00:00\",\"dateModified\":\"2021-11-01T12:26:12+00:00\",\"mainEntityOfPage\":{\"@id\":\"https:\/\/dicodusport.fr\/blog\/maxime-machenaud-va-rejoindre-laviron-bayonnais\/\"},\"wordCount\":174,\"commentCount\":0,\"publisher\":{\"@id\":\"https:\/\/dicodusport.fr\/blog\/#organization\"},\"image\":{\"@id\":\"https:\/\/dicodusport.fr\/blog\/maxime-machenaud-va-rejoindre-laviron-bayonnais\/#primaryimage\"},\"thumbnailUrl\":\"https:\/\/dicodusport.fr\/blog\/wp-content\/uploads\/2021\/11\/Maxime-Machenaud-va-rejoindre-lAviron-Bayonnais.png\",\"keywords\":[\"Aviron Bayonnais\",\"Maxime Machenaud\",\"Racing 92\"],\"articleSection\":[\"Top 14\"],\"inLanguage\":\"fr-FR\",\"potentialAction\":[{\"@type\":\"CommentAction\",\"name\":\"Comment\",\"target\":[\"https:\/\/dicodusport.fr\/blog\/maxime-machenaud-va-rejoindre-laviron-bayonnais\/#respond\"]}],\"copyrightYear\":\"2021\",\"copyrightHolder\":{\"@id\":\"https:\/\/dicodusport.fr\/blog\/#organization\"}},{\"@type\":\"WebPage\",\"@id\":\"https:\/\/dicodusport.fr\/blog\/maxime-machenaud-va-rejoindre-laviron-bayonnais\/\",\"url\":\"https:\/\/dicodusport.fr\/blog\/maxime-machenaud-va-rejoindre-laviron-bayonnais\/\",\"name\":\"Maxime Machenaud va rejoindre l'Aviron Bayonnais\",\"isPartOf\":{\"@id\":\"https:\/\/dicodusport.fr\/blog\/#website\"},\"primaryImageOfPage\":{\"@id\":\"https:\/\/dicodusport.fr\/blog\/maxime-machenaud-va-rejoindre-laviron-bayonnais\/#primaryimage\"},\"image\":{\"@id\":\"https:\/\/dicodusport.fr\/blog\/maxime-machenaud-va-rejoindre-laviron-bayonnais\/#primaryimage\"},\"thumbnailUrl\":\"https:\/\/dicodusport.fr\/blog\/wp-content\/uploads\/2021\/11\/Maxime-Machenaud-va-rejoindre-lAviron-Bayonnais.png\",\"datePublished\":\"2021-11-01T07:42:17+00:00\",\"dateModified\":\"2021-11-01T12:26:12+00:00\",\"description\":\"TOP 14 - Selon le Midi Olympique, Maxime Machenaud (Racing 92) va s'engager avec l'Aviron Bayonnais pour deux saisons avec une en option.\u00a0\",\"breadcrumb\":{\"@id\":\"https:\/\/dicodusport.fr\/blog\/maxime-machenaud-va-rejoindre-laviron-bayonnais\/#breadcrumb\"},\"inLanguage\":\"fr-FR\",\"potentialAction\":[{\"@type\":\"ReadAction\",\"target\":[\"https:\/\/dicodusport.fr\/blog\/maxime-machenaud-va-rejoindre-laviron-bayonnais\/\"]}]},{\"@type\":\"ImageObject\",\"inLanguage\":\"fr-FR\",\"@id\":\"https:\/\/dicodusport.fr\/blog\/maxime-machenaud-va-rejoindre-laviron-bayonnais\/#primaryimage\",\"url\":\"https:\/\/dicodusport.fr\/blog\/wp-content\/uploads\/2021\/11\/Maxime-Machenaud-va-rejoindre-lAviron-Bayonnais.png\",\"contentUrl\":\"https:\/\/dicodusport.fr\/blog\/wp-content\/uploads\/2021\/11\/Maxime-Machenaud-va-rejoindre-lAviron-Bayonnais.png\",\"width\":800,\"height\":445},{\"@type\":\"BreadcrumbList\",\"@id\":\"https:\/\/dicodusport.fr\/blog\/maxime-machenaud-va-rejoindre-laviron-bayonnais\/#breadcrumb\",\"itemListElement\":[{\"@type\":\"ListItem\",\"position\":1,\"name\":\"Accueil\",\"item\":\"https:\/\/dicodusport.fr\/blog\/\"},{\"@type\":\"ListItem\",\"position\":2,\"name\":\"Maxime Machenaud va rejoindre l&rsquo;Aviron Bayonnais\"}]},{\"@type\":\"WebSite\",\"@id\":\"https:\/\/dicodusport.fr\/blog\/#website\",\"url\":\"https:\/\/dicodusport.fr\/blog\/\",\"name\":\"Dicodusport\",\"description\":\"L&#039;encyclop\u00e9die de l&#039;actualit\u00e9 sportive\",\"publisher\":{\"@id\":\"https:\/\/dicodusport.fr\/blog\/#organization\"},\"potentialAction\":[{\"@type\":\"SearchAction\",\"target\":{\"@type\":\"EntryPoint\",\"urlTemplate\":\"https:\/\/dicodusport.fr\/blog\/?s={search_term_string}\"},\"query-input\":{\"@type\":\"PropertyValueSpecification\",\"valueRequired\":true,\"valueName\":\"search_term_string\"}}],\"inLanguage\":\"fr-FR\"},{\"@type\":\"NewsMediaOrganization\",\"@id\":\"https:\/\/dicodusport.fr\/blog\/#organization\",\"name\":\"Dicodusport\",\"url\":\"https:\/\/dicodusport.fr\/blog\/\",\"logo\":{\"@type\":\"ImageObject\",\"inLanguage\":\"fr-FR\",\"@id\":\"https:\/\/dicodusport.fr\/blog\/#\/schema\/logo\/image\/\",\"url\":\"https:\/\/dicodusport.fr\/blog\/wp-content\/uploads\/2020\/06\/cropped-LOGO-DICODUSPORT-2020-SANS-FOND-SANS-TEXTE.png\",\"contentUrl\":\"https:\/\/dicodusport.fr\/blog\/wp-content\/uploads\/2020\/06\/cropped-LOGO-DICODUSPORT-2020-SANS-FOND-SANS-TEXTE.png\",\"width\":512,\"height\":512,\"caption\":\"Dicodusport\"},\"image\":{\"@id\":\"https:\/\/dicodusport.fr\/blog\/#\/schema\/logo\/image\/\"},\"sameAs\":[\"https:\/\/www.facebook.com\/dicodusport\",\"https:\/\/x.com\/dicodusport\",\"https:\/\/www.instagram.com\/dicodusport\/\",\"https:\/\/www.youtube.com\/channel\/UC7V2KZ5sd3htJivAbA4ZG3w\"],\"description\":\"Dicodusport est l'encyclop\u00e9die de l'actualit\u00e9 sportive.\",\"email\":\"bonjour@dicodusport.fr\",\"legalName\":\"DICODUSPORT\",\"foundingDate\":\"2018-01-14\",\"vatID\":\"FR71834470973\",\"taxID\":\"83447097300043\",\"numberOfEmployees\":{\"@type\":\"QuantitativeValue\",\"minValue\":\"1\",\"maxValue\":\"10\"}},{\"@type\":\"Person\",\"@id\":\"https:\/\/dicodusport.fr\/blog\/#\/schema\/person\/55dcb50ad410894e431ed812bbb70191\",\"name\":\"Nicolas Jacquemard\",\"image\":{\"@type\":\"ImageObject\",\"inLanguage\":\"fr-FR\",\"@id\":\"https:\/\/dicodusport.fr\/blog\/#\/schema\/person\/image\/\",\"url\":\"https:\/\/dicodusport.fr\/blog\/wp-content\/uploads\/2021\/05\/Nicolas-Jacquemard-150x150.jpeg\",\"contentUrl\":\"https:\/\/dicodusport.fr\/blog\/wp-content\/uploads\/2021\/05\/Nicolas-Jacquemard-150x150.jpeg\",\"caption\":\"Nicolas Jacquemard\"},\"description\":\"Passionn\u00e9 de sport et entrepreneur depuis mes 18 ans, la cr\u00e9ation de Dicodusport m'a sembl\u00e9 \u00e9vidente pour participer \u00e0 la m\u00e9diatisation d'un plus grand nombre de sports. Le chemin est long mais avec une \u00e9quipe des plus motiv\u00e9es et les Jeux Olympiques de Paris 2024 en point de mire, nous y arriverons ! Journaliste dans le monde du sport depuis plus de 5 ans, je traite aussi bien de football, de rugby, de biathlon que de cyclisme.\",\"sameAs\":[\"https:\/\/www.facebook.com\/dicodusport\",\"https:\/\/x.com\/https:\/\/twitter.com\/Nico_Jacquemard\"],\"url\":\"https:\/\/dicodusport.fr\/blog\/author\/dicodusport\/\"}]}<\/script>\n<!-- \/ Yoast SEO Premium plugin. -->","yoast_head_json":{"title":"Maxime Machenaud va rejoindre l'Aviron Bayonnais","description":"TOP 14 - Selon le Midi Olympique, Maxime Machenaud (Racing 92) va s'engager avec l'Aviron Bayonnais pour deux saisons avec une en option.\u00a0","robots":{"index":"index","follow":"follow","max-snippet":"max-snippet:-1","max-image-preview":"max-image-preview:large","max-video-preview":"max-video-preview:-1"},"canonical":"https:\/\/dicodusport.fr\/blog\/maxime-machenaud-va-rejoindre-laviron-bayonnais\/","og_locale":"fr_FR","og_type":"article","og_title":"Maxime Machenaud va rejoindre l'Aviron Bayonnais","og_description":"TOP 14 - Selon le Midi Olympique, Maxime Machenaud (Racing 92) va s'engager avec l'Aviron Bayonnais pour deux saisons avec une en option.\u00a0","og_url":"https:\/\/dicodusport.fr\/blog\/maxime-machenaud-va-rejoindre-laviron-bayonnais\/","og_site_name":"Dicodusport","article_publisher":"https:\/\/www.facebook.com\/dicodusport","article_author":"https:\/\/www.facebook.com\/dicodusport","article_published_time":"2021-11-01T07:42:17+00:00","article_modified_time":"2021-11-01T12:26:12+00:00","og_image":[{"width":800,"height":445,"url":"https:\/\/dicodusport.fr\/blog\/wp-content\/uploads\/2021\/11\/Maxime-Machenaud-va-rejoindre-lAviron-Bayonnais.png","type":"image\/png"}],"author":"Nicolas Jacquemard","twitter_card":"summary_large_image","twitter_title":"Maxime Machenaud va rejoindre l'Aviron Bayonnais","twitter_creator":"@https:\/\/twitter.com\/Nico_Jacquemard","twitter_site":"@dicodusport","schema":{"@context":"https:\/\/schema.org","@graph":[{"@type":"NewsArticle","@id":"https:\/\/dicodusport.fr\/blog\/maxime-machenaud-va-rejoindre-laviron-bayonnais\/#article","isPartOf":{"@id":"https:\/\/dicodusport.fr\/blog\/maxime-machenaud-va-rejoindre-laviron-bayonnais\/"},"author":{"name":"Nicolas Jacquemard","@id":"https:\/\/dicodusport.fr\/blog\/#\/schema\/person\/55dcb50ad410894e431ed812bbb70191"},"headline":"Maxime Machenaud va rejoindre l&rsquo;Aviron Bayonnais","datePublished":"2021-11-01T07:42:17+00:00","dateModified":"2021-11-01T12:26:12+00:00","mainEntityOfPage":{"@id":"https:\/\/dicodusport.fr\/blog\/maxime-machenaud-va-rejoindre-laviron-bayonnais\/"},"wordCount":174,"commentCount":0,"publisher":{"@id":"https:\/\/dicodusport.fr\/blog\/#organization"},"image":{"@id":"https:\/\/dicodusport.fr\/blog\/maxime-machenaud-va-rejoindre-laviron-bayonnais\/#primaryimage"},"thumbnailUrl":"https:\/\/dicodusport.fr\/blog\/wp-content\/uploads\/2021\/11\/Maxime-Machenaud-va-rejoindre-lAviron-Bayonnais.png","keywords":["Aviron Bayonnais","Maxime Machenaud","Racing 92"],"articleSection":["Top 14"],"inLanguage":"fr-FR","potentialAction":[{"@type":"CommentAction","name":"Comment","target":["https:\/\/dicodusport.fr\/blog\/maxime-machenaud-va-rejoindre-laviron-bayonnais\/#respond"]}],"copyrightYear":"2021","copyrightHolder":{"@id":"https:\/\/dicodusport.fr\/blog\/#organization"}},{"@type":"WebPage","@id":"https:\/\/dicodusport.fr\/blog\/maxime-machenaud-va-rejoindre-laviron-bayonnais\/","url":"https:\/\/dicodusport.fr\/blog\/maxime-machenaud-va-rejoindre-laviron-bayonnais\/","name":"Maxime Machenaud va rejoindre l'Aviron Bayonnais","isPartOf":{"@id":"https:\/\/dicodusport.fr\/blog\/#website"},"primaryImageOfPage":{"@id":"https:\/\/dicodusport.fr\/blog\/maxime-machenaud-va-rejoindre-laviron-bayonnais\/#primaryimage"},"image":{"@id":"https:\/\/dicodusport.fr\/blog\/maxime-machenaud-va-rejoindre-laviron-bayonnais\/#primaryimage"},"thumbnailUrl":"https:\/\/dicodusport.fr\/blog\/wp-content\/uploads\/2021\/11\/Maxime-Machenaud-va-rejoindre-lAviron-Bayonnais.png","datePublished":"2021-11-01T07:42:17+00:00","dateModified":"2021-11-01T12:26:12+00:00","description":"TOP 14 - Selon le Midi Olympique, Maxime Machenaud (Racing 92) va s'engager avec l'Aviron Bayonnais pour deux saisons avec une en option.\u00a0","breadcrumb":{"@id":"https:\/\/dicodusport.fr\/blog\/maxime-machenaud-va-rejoindre-laviron-bayonnais\/#breadcrumb"},"inLanguage":"fr-FR","potentialAction":[{"@type":"ReadAction","target":["https:\/\/dicodusport.fr\/blog\/maxime-machenaud-va-rejoindre-laviron-bayonnais\/"]}]},{"@type":"ImageObject","inLanguage":"fr-FR","@id":"https:\/\/dicodusport.fr\/blog\/maxime-machenaud-va-rejoindre-laviron-bayonnais\/#primaryimage","url":"https:\/\/dicodusport.fr\/blog\/wp-content\/uploads\/2021\/11\/Maxime-Machenaud-va-rejoindre-lAviron-Bayonnais.png","contentUrl":"https:\/\/dicodusport.fr\/blog\/wp-content\/uploads\/2021\/11\/Maxime-Machenaud-va-rejoindre-lAviron-Bayonnais.png","width":800,"height":445},{"@type":"BreadcrumbList","@id":"https:\/\/dicodusport.fr\/blog\/maxime-machenaud-va-rejoindre-laviron-bayonnais\/#breadcrumb","itemListElement":[{"@type":"ListItem","position":1,"name":"Accueil","item":"https:\/\/dicodusport.fr\/blog\/"},{"@type":"ListItem","position":2,"name":"Maxime Machenaud va rejoindre l&rsquo;Aviron Bayonnais"}]},{"@type":"WebSite","@id":"https:\/\/dicodusport.fr\/blog\/#website","url":"https:\/\/dicodusport.fr\/blog\/","name":"Dicodusport","description":"L&#039;encyclop\u00e9die de l&#039;actualit\u00e9 sportive","publisher":{"@id":"https:\/\/dicodusport.fr\/blog\/#organization"},"potentialAction":[{"@type":"SearchAction","target":{"@type":"EntryPoint","urlTemplate":"https:\/\/dicodusport.fr\/blog\/?s={search_term_string}"},"query-input":{"@type":"PropertyValueSpecification","valueRequired":true,"valueName":"search_term_string"}}],"inLanguage":"fr-FR"},{"@type":"NewsMediaOrganization","@id":"https:\/\/dicodusport.fr\/blog\/#organization","name":"Dicodusport","url":"https:\/\/dicodusport.fr\/blog\/","logo":{"@type":"ImageObject","inLanguage":"fr-FR","@id":"https:\/\/dicodusport.fr\/blog\/#\/schema\/logo\/image\/","url":"https:\/\/dicodusport.fr\/blog\/wp-content\/uploads\/2020\/06\/cropped-LOGO-DICODUSPORT-2020-SANS-FOND-SANS-TEXTE.png","contentUrl":"https:\/\/dicodusport.fr\/blog\/wp-content\/uploads\/2020\/06\/cropped-LOGO-DICODUSPORT-2020-SANS-FOND-SANS-TEXTE.png","width":512,"height":512,"caption":"Dicodusport"},"image":{"@id":"https:\/\/dicodusport.fr\/blog\/#\/schema\/logo\/image\/"},"sameAs":["https:\/\/www.facebook.com\/dicodusport","https:\/\/x.com\/dicodusport","https:\/\/www.instagram.com\/dicodusport\/","https:\/\/www.youtube.com\/channel\/UC7V2KZ5sd3htJivAbA4ZG3w"],"description":"Dicodusport est l'encyclop\u00e9die de l'actualit\u00e9 sportive.","email":"bonjour@dicodusport.fr","legalName":"DICODUSPORT","foundingDate":"2018-01-14","vatID":"FR71834470973","taxID":"83447097300043","numberOfEmployees":{"@type":"QuantitativeValue","minValue":"1","maxValue":"10"}},{"@type":"Person","@id":"https:\/\/dicodusport.fr\/blog\/#\/schema\/person\/55dcb50ad410894e431ed812bbb70191","name":"Nicolas Jacquemard","image":{"@type":"ImageObject","inLanguage":"fr-FR","@id":"https:\/\/dicodusport.fr\/blog\/#\/schema\/person\/image\/","url":"https:\/\/dicodusport.fr\/blog\/wp-content\/uploads\/2021\/05\/Nicolas-Jacquemard-150x150.jpeg","contentUrl":"https:\/\/dicodusport.fr\/blog\/wp-content\/uploads\/2021\/05\/Nicolas-Jacquemard-150x150.jpeg","caption":"Nicolas Jacquemard"},"description":"Passionn\u00e9 de sport et entrepreneur depuis mes 18 ans, la cr\u00e9ation de Dicodusport m'a sembl\u00e9 \u00e9vidente pour participer \u00e0 la m\u00e9diatisation d'un plus grand nombre de sports. Le chemin est long mais avec une \u00e9quipe des plus motiv\u00e9es et les Jeux Olympiques de Paris 2024 en point de mire, nous y arriverons ! Journaliste dans le monde du sport depuis plus de 5 ans, je traite aussi bien de football, de rugby, de biathlon que de cyclisme.","sameAs":["https:\/\/www.facebook.com\/dicodusport","https:\/\/x.com\/https:\/\/twitter.com\/Nico_Jacquemard"],"url":"https:\/\/dicodusport.fr\/blog\/author\/dicodusport\/"}]}},"_links":{"self":[{"href":"https:\/\/dicodusport.fr\/blog\/wp-json\/wp\/v2\/posts\/176991","targetHints":{"allow":["GET"]}}],"collection":[{"href":"https:\/\/dicodusport.fr\/blog\/wp-json\/wp\/v2\/posts"}],"about":[{"href":"https:\/\/dicodusport.fr\/blog\/wp-json\/wp\/v2\/types\/post"}],"author":[{"embeddable":true,"href":"https:\/\/dicodusport.fr\/blog\/wp-json\/wp\/v2\/users\/1"}],"replies":[{"embeddable":true,"href":"https:\/\/dicodusport.fr\/blog\/wp-json\/wp\/v2\/comments?post=176991"}],"version-history":[{"count":0,"href":"https:\/\/dicodusport.fr\/blog\/wp-json\/wp\/v2\/posts\/176991\/revisions"}],"wp:featuredmedia":[{"embeddable":true,"href":"https:\/\/dicodusport.fr\/blog\/wp-json\/wp\/v2\/media\/176995"}],"wp:attachment":[{"href":"https:\/\/dicodusport.fr\/blog\/wp-json\/wp\/v2\/media?parent=176991"}],"wp:term":[{"taxonomy":"category","embeddable":true,"href":"https:\/\/dicodusport.fr\/blog\/wp-json\/wp\/v2\/categories?post=176991"},{"taxonomy":"post_tag","embeddable":true,"href":"https:\/\/dicodusport.fr\/blog\/wp-json\/wp\/v2\/tags?post=176991"}],"curies":[{"name":"wp","href":"https:\/\/api.w.org\/{rel}","templated":true}]}}