{"id":177174,"date":"2021-11-02T18:20:02","date_gmt":"2021-11-02T17:20:02","guid":{"rendered":"https:\/\/dicodusport.fr\/blog\/?p=177174&#038;preview=true&#038;preview_id=177174"},"modified":"2021-11-02T18:20:02","modified_gmt":"2021-11-02T17:20:02","slug":"nolann-le-garrec-deja-aux-portes-du-xv-de-france","status":"publish","type":"post","link":"https:\/\/dicodusport.fr\/blog\/nolann-le-garrec-deja-aux-portes-du-xv-de-france\/","title":{"rendered":"Nolann Le Garrec (d\u00e9j\u00e0) aux portes du XV de France"},"content":{"rendered":"<p style=\"text-align: justify;\"><strong><em>XV DE FRANCE &#8211; La performance de Nolann Le Garrec avec le Racing 92 face au Stade Toulousain dimanche soir n&rsquo;est pas pass\u00e9e inaper\u00e7ue aux yeux du XV de France. En conf\u00e9rence de presse ce mardi, Laurent Labit pr\u00e9voit m\u00eame son arriv\u00e9e \u00e0 Marcoussis \u00ab dans les mois qui arrivent \u00bb. \u00c0 19 ans, le Francilien se pr\u00e9sente (d\u00e9j\u00e0) comme l&rsquo;un des nombreux pr\u00e9tendants au poste de num\u00e9ro 9.<\/em><\/strong><\/p>\n<h2 style=\"text-align: justify;\">Le Garrec, d\u00e9j\u00e0 tout d&rsquo;un grand<\/h2>\n<p style=\"text-align: justify;\"><strong>Nolann Le Garrec <\/strong>continue d&rsquo;\u00e9pater le monde du rugby. Ce dimanche <a href=\"https:\/\/dicodusport.fr\/blog\/les-chiffres-de-la-victoire-du-racing-92-face-au-stade-toulousain\/\">face au Stade Toulousain (victoire 27-18)<\/a>, le Vannetais de formation a honor\u00e9 la confiance \u00e9mise par le staff du Racing 92. Pr\u00e9f\u00e9r\u00e9 \u00e0 l&rsquo;exp\u00e9riment\u00e9 Maxime Machenaud pour d\u00e9buter le match, il a grandement particip\u00e9 au succ\u00e8s de son \u00e9quipe. Auteur d&rsquo;une partition sans fausse note, Le Garrec s&rsquo;est m\u00eame offert un essai gr\u00e2ce \u00e0 une combinaison finement ex\u00e9cut\u00e9e suite \u00e0 une touche. Apr\u00e8s le match face \u00e0 Clermont, cette <strong>deuxi\u00e8me prestation de haut vol cette saison <\/strong>n&rsquo;a pas \u00e9chapp\u00e9 au staff de l&rsquo;\u00e9quipe de France. En conf\u00e9rence de presse \u00e0 Marcoussis, <strong>Laurent Labit<\/strong>, l&rsquo;entra\u00eeneur des arri\u00e8res des Bleus n&rsquo;a pas cach\u00e9 l&rsquo;int\u00e9r\u00eat port\u00e9 sur le jeune prodige de 19 ans aupr\u00e8s de <em>Rugbyrama<\/em>.<\/p>\n<blockquote>\n<p style=\"text-align: justify;\">On est ravi de voir les performances de Nolann. On est tr\u00e8s satisfait d&rsquo;Antoine, de ce qu&rsquo;a fait Max Lucu la semaine derni\u00e8re, et de Baptiste Couilloud aussi qui est l\u00e0. Il fait partie des joueurs qui vont se m\u00ealer \u00e0 Marcoussis dans les mois ou ann\u00e9es qui arrivent, comme d&rsquo;autres que l&rsquo;on regarde.<\/p>\n<\/blockquote>\n<p style=\"text-align: justify;\"><strong>Nolann Le Garrec<\/strong> aurait d\u00fb participer ce samedi au match des Barbarians face aux Tonga \u00e0 Lyon. Par pr\u00e9caution, notamment suite \u00e0 la blessure de Teddy Iribaren, le staff du Racing 92 a souhait\u00e9 le conserver.<\/p>\n<blockquote class=\"twitter-tweet\">\n<p dir=\"ltr\" lang=\"en\">Defence is very iffy here but Nolann Le Garrec is a special talent<\/p>\n<p>Just 19 and already first choice for one of the biggest teams in France. Playing for the French BaaBaas this November, expect him to be in the senior set-up by 2023 (likely sooner)<\/p>\n<p><a href=\"https:\/\/t.co\/mvOSq2gV3L\">pic.twitter.com\/mvOSq2gV3L<\/a><\/p>\n<p>\u2014 Paul Eddison (@pauleddison) <a href=\"https:\/\/twitter.com\/pauleddison\/status\/1455455872109383682?ref_src=twsrc%5Etfw\">November 2, 2021<\/a><\/p><\/blockquote>\n<p><script async src=\"https:\/\/platform.twitter.com\/widgets.js\" charset=\"utf-8\"><\/script><\/p>\n","protected":false},"excerpt":{"rendered":"<p>XV DE FRANCE &#8211; La performance de Nolann Le Garrec avec le Racing 92 face au Stade Toulousain dimanche soir n&rsquo;est pas pass\u00e9e inaper\u00e7ue aux yeux du XV de France. En conf\u00e9rence de presse ce mardi, Laurent Labit pr\u00e9voit m\u00eame son arriv\u00e9e \u00e0 Marcoussis \u00ab dans les mois qui arrivent \u00bb. \u00c0 19 ans, le Francilien se pr\u00e9sente (d\u00e9j\u00e0) comme l&rsquo;un des nombreux pr\u00e9tendants au poste de num\u00e9ro 9.<\/p>\n","protected":false},"author":60,"featured_media":177188,"comment_status":"open","ping_status":"closed","sticky":false,"template":"","format":"standard","meta":{"_acf_changed":false,"_daextam_enable_autolinks":"","footnotes":""},"categories":[19951],"tags":[20185,3131,1638],"class_list":["post-177174","post","type-post","status-publish","format-standard","has-post-thumbnail","hentry","category-xv-de-france","tag-nolann-le-garrec","tag-racing-92","tag-xv-de-france"],"acf":[],"yoast_head":"<!-- This site is optimized with the Yoast SEO Premium plugin v26.7 (Yoast SEO v26.7) - https:\/\/yoast.com\/wordpress\/plugins\/seo\/ -->\n<title>Nolann Le Garrec (d\u00e9j\u00e0) aux portes du XV de France<\/title>\n<meta name=\"description\" content=\"RUGBY - \u00c2g\u00e9 de seulement 19 ans, le demi de m\u00eal\u00e9e du Racing 92, Nolann Le Garrec, est suivi de pr\u00e8s par le staff du XV de France\" \/>\n<meta name=\"robots\" content=\"index, follow, max-snippet:-1, max-image-preview:large, max-video-preview:-1\" \/>\n<link rel=\"canonical\" href=\"https:\/\/dicodusport.fr\/blog\/nolann-le-garrec-deja-aux-portes-du-xv-de-france\/\" \/>\n<meta property=\"og:locale\" content=\"fr_FR\" \/>\n<meta property=\"og:type\" content=\"article\" \/>\n<meta property=\"og:title\" content=\"Nolann Le Garrec (d\u00e9j\u00e0) aux portes du XV de France\" \/>\n<meta property=\"og:description\" content=\"RUGBY - \u00c2g\u00e9 de seulement 19 ans, le demi de m\u00eal\u00e9e du Racing 92, Nolann Le Garrec, est suivi de pr\u00e8s par le staff du XV de France\" \/>\n<meta property=\"og:url\" content=\"https:\/\/dicodusport.fr\/blog\/nolann-le-garrec-deja-aux-portes-du-xv-de-france\/\" \/>\n<meta property=\"og:site_name\" content=\"Dicodusport\" \/>\n<meta property=\"article:publisher\" content=\"https:\/\/www.facebook.com\/dicodusport\" \/>\n<meta property=\"article:published_time\" content=\"2021-11-02T17:20:02+00:00\" \/>\n<meta property=\"og:image\" content=\"https:\/\/dicodusport.fr\/blog\/wp-content\/uploads\/2021\/11\/Nolann-Le-Garrec-deja-aux-portes-du-XV-de-France.png\" \/>\n\t<meta property=\"og:image:width\" content=\"800\" \/>\n\t<meta property=\"og:image:height\" content=\"445\" \/>\n\t<meta property=\"og:image:type\" content=\"image\/png\" \/>\n<meta name=\"author\" content=\"Victor Friot\" \/>\n<meta name=\"twitter:card\" content=\"summary_large_image\" \/>\n<meta name=\"twitter:title\" content=\"Nolann Le Garrec (d\u00e9j\u00e0) aux portes du XV de France\" \/>\n<meta name=\"twitter:creator\" content=\"@dicodusport\" \/>\n<meta name=\"twitter:site\" content=\"@dicodusport\" \/>\n<script type=\"application\/ld+json\" class=\"yoast-schema-graph\">{\"@context\":\"https:\/\/schema.org\",\"@graph\":[{\"@type\":\"NewsArticle\",\"@id\":\"https:\/\/dicodusport.fr\/blog\/nolann-le-garrec-deja-aux-portes-du-xv-de-france\/#article\",\"isPartOf\":{\"@id\":\"https:\/\/dicodusport.fr\/blog\/nolann-le-garrec-deja-aux-portes-du-xv-de-france\/\"},\"author\":{\"name\":\"Victor Friot\",\"@id\":\"https:\/\/dicodusport.fr\/blog\/#\/schema\/person\/463bd3fdf7997eaf381a70f42317d8db\"},\"headline\":\"Nolann Le Garrec (d\u00e9j\u00e0) aux portes du XV de France\",\"datePublished\":\"2021-11-02T17:20:02+00:00\",\"mainEntityOfPage\":{\"@id\":\"https:\/\/dicodusport.fr\/blog\/nolann-le-garrec-deja-aux-portes-du-xv-de-france\/\"},\"wordCount\":385,\"commentCount\":0,\"publisher\":{\"@id\":\"https:\/\/dicodusport.fr\/blog\/#organization\"},\"image\":{\"@id\":\"https:\/\/dicodusport.fr\/blog\/nolann-le-garrec-deja-aux-portes-du-xv-de-france\/#primaryimage\"},\"thumbnailUrl\":\"https:\/\/dicodusport.fr\/blog\/wp-content\/uploads\/2021\/11\/Nolann-Le-Garrec-deja-aux-portes-du-XV-de-France.png\",\"keywords\":[\"Nolann Le Garrec\",\"Racing 92\",\"XV de France\"],\"articleSection\":[\"XV de France\"],\"inLanguage\":\"fr-FR\",\"potentialAction\":[{\"@type\":\"CommentAction\",\"name\":\"Comment\",\"target\":[\"https:\/\/dicodusport.fr\/blog\/nolann-le-garrec-deja-aux-portes-du-xv-de-france\/#respond\"]}],\"copyrightYear\":\"2021\",\"copyrightHolder\":{\"@id\":\"https:\/\/dicodusport.fr\/blog\/#organization\"}},{\"@type\":\"WebPage\",\"@id\":\"https:\/\/dicodusport.fr\/blog\/nolann-le-garrec-deja-aux-portes-du-xv-de-france\/\",\"url\":\"https:\/\/dicodusport.fr\/blog\/nolann-le-garrec-deja-aux-portes-du-xv-de-france\/\",\"name\":\"Nolann Le Garrec (d\u00e9j\u00e0) aux portes du XV de France\",\"isPartOf\":{\"@id\":\"https:\/\/dicodusport.fr\/blog\/#website\"},\"primaryImageOfPage\":{\"@id\":\"https:\/\/dicodusport.fr\/blog\/nolann-le-garrec-deja-aux-portes-du-xv-de-france\/#primaryimage\"},\"image\":{\"@id\":\"https:\/\/dicodusport.fr\/blog\/nolann-le-garrec-deja-aux-portes-du-xv-de-france\/#primaryimage\"},\"thumbnailUrl\":\"https:\/\/dicodusport.fr\/blog\/wp-content\/uploads\/2021\/11\/Nolann-Le-Garrec-deja-aux-portes-du-XV-de-France.png\",\"datePublished\":\"2021-11-02T17:20:02+00:00\",\"description\":\"RUGBY - \u00c2g\u00e9 de seulement 19 ans, le demi de m\u00eal\u00e9e du Racing 92, Nolann Le Garrec, est suivi de pr\u00e8s par le staff du XV de France\",\"breadcrumb\":{\"@id\":\"https:\/\/dicodusport.fr\/blog\/nolann-le-garrec-deja-aux-portes-du-xv-de-france\/#breadcrumb\"},\"inLanguage\":\"fr-FR\",\"potentialAction\":[{\"@type\":\"ReadAction\",\"target\":[\"https:\/\/dicodusport.fr\/blog\/nolann-le-garrec-deja-aux-portes-du-xv-de-france\/\"]}]},{\"@type\":\"ImageObject\",\"inLanguage\":\"fr-FR\",\"@id\":\"https:\/\/dicodusport.fr\/blog\/nolann-le-garrec-deja-aux-portes-du-xv-de-france\/#primaryimage\",\"url\":\"https:\/\/dicodusport.fr\/blog\/wp-content\/uploads\/2021\/11\/Nolann-Le-Garrec-deja-aux-portes-du-XV-de-France.png\",\"contentUrl\":\"https:\/\/dicodusport.fr\/blog\/wp-content\/uploads\/2021\/11\/Nolann-Le-Garrec-deja-aux-portes-du-XV-de-France.png\",\"width\":800,\"height\":445,\"caption\":\"Nolann Le Garrec (d\u00e9j\u00e0) aux portes du XV de France\"},{\"@type\":\"BreadcrumbList\",\"@id\":\"https:\/\/dicodusport.fr\/blog\/nolann-le-garrec-deja-aux-portes-du-xv-de-france\/#breadcrumb\",\"itemListElement\":[{\"@type\":\"ListItem\",\"position\":1,\"name\":\"Accueil\",\"item\":\"https:\/\/dicodusport.fr\/blog\/\"},{\"@type\":\"ListItem\",\"position\":2,\"name\":\"Nolann Le Garrec (d\u00e9j\u00e0) aux portes du XV de France\"}]},{\"@type\":\"WebSite\",\"@id\":\"https:\/\/dicodusport.fr\/blog\/#website\",\"url\":\"https:\/\/dicodusport.fr\/blog\/\",\"name\":\"Dicodusport\",\"description\":\"L&#039;encyclop\u00e9die de l&#039;actualit\u00e9 sportive\",\"publisher\":{\"@id\":\"https:\/\/dicodusport.fr\/blog\/#organization\"},\"potentialAction\":[{\"@type\":\"SearchAction\",\"target\":{\"@type\":\"EntryPoint\",\"urlTemplate\":\"https:\/\/dicodusport.fr\/blog\/?s={search_term_string}\"},\"query-input\":{\"@type\":\"PropertyValueSpecification\",\"valueRequired\":true,\"valueName\":\"search_term_string\"}}],\"inLanguage\":\"fr-FR\"},{\"@type\":\"NewsMediaOrganization\",\"@id\":\"https:\/\/dicodusport.fr\/blog\/#organization\",\"name\":\"Dicodusport\",\"url\":\"https:\/\/dicodusport.fr\/blog\/\",\"logo\":{\"@type\":\"ImageObject\",\"inLanguage\":\"fr-FR\",\"@id\":\"https:\/\/dicodusport.fr\/blog\/#\/schema\/logo\/image\/\",\"url\":\"https:\/\/dicodusport.fr\/blog\/wp-content\/uploads\/2020\/06\/cropped-LOGO-DICODUSPORT-2020-SANS-FOND-SANS-TEXTE.png\",\"contentUrl\":\"https:\/\/dicodusport.fr\/blog\/wp-content\/uploads\/2020\/06\/cropped-LOGO-DICODUSPORT-2020-SANS-FOND-SANS-TEXTE.png\",\"width\":512,\"height\":512,\"caption\":\"Dicodusport\"},\"image\":{\"@id\":\"https:\/\/dicodusport.fr\/blog\/#\/schema\/logo\/image\/\"},\"sameAs\":[\"https:\/\/www.facebook.com\/dicodusport\",\"https:\/\/x.com\/dicodusport\",\"https:\/\/www.instagram.com\/dicodusport\/\",\"https:\/\/www.youtube.com\/channel\/UC7V2KZ5sd3htJivAbA4ZG3w\"],\"description\":\"Dicodusport est l'encyclop\u00e9die de l'actualit\u00e9 sportive.\",\"email\":\"bonjour@dicodusport.fr\",\"legalName\":\"DICODUSPORT\",\"foundingDate\":\"2018-01-14\",\"vatID\":\"FR71834470973\",\"taxID\":\"83447097300043\",\"numberOfEmployees\":{\"@type\":\"QuantitativeValue\",\"minValue\":\"1\",\"maxValue\":\"10\"}},{\"@type\":\"Person\",\"@id\":\"https:\/\/dicodusport.fr\/blog\/#\/schema\/person\/463bd3fdf7997eaf381a70f42317d8db\",\"name\":\"Victor Friot\",\"image\":{\"@type\":\"ImageObject\",\"inLanguage\":\"fr-FR\",\"@id\":\"https:\/\/dicodusport.fr\/blog\/#\/schema\/person\/image\/\",\"url\":\"https:\/\/dicodusport.fr\/blog\/wp-content\/uploads\/2020\/06\/LOGO-DICODUSPORT-2020-SANS-FOND-SANS-TEXTE-150x150.png\",\"contentUrl\":\"https:\/\/dicodusport.fr\/blog\/wp-content\/uploads\/2020\/06\/LOGO-DICODUSPORT-2020-SANS-FOND-SANS-TEXTE-150x150.png\",\"caption\":\"Victor Friot\"},\"url\":\"https:\/\/dicodusport.fr\/blog\/author\/victor-friot\/\"}]}<\/script>\n<!-- \/ Yoast SEO Premium plugin. -->","yoast_head_json":{"title":"Nolann Le Garrec (d\u00e9j\u00e0) aux portes du XV de France","description":"RUGBY - \u00c2g\u00e9 de seulement 19 ans, le demi de m\u00eal\u00e9e du Racing 92, Nolann Le Garrec, est suivi de pr\u00e8s par le staff du XV de France","robots":{"index":"index","follow":"follow","max-snippet":"max-snippet:-1","max-image-preview":"max-image-preview:large","max-video-preview":"max-video-preview:-1"},"canonical":"https:\/\/dicodusport.fr\/blog\/nolann-le-garrec-deja-aux-portes-du-xv-de-france\/","og_locale":"fr_FR","og_type":"article","og_title":"Nolann Le Garrec (d\u00e9j\u00e0) aux portes du XV de France","og_description":"RUGBY - \u00c2g\u00e9 de seulement 19 ans, le demi de m\u00eal\u00e9e du Racing 92, Nolann Le Garrec, est suivi de pr\u00e8s par le staff du XV de France","og_url":"https:\/\/dicodusport.fr\/blog\/nolann-le-garrec-deja-aux-portes-du-xv-de-france\/","og_site_name":"Dicodusport","article_publisher":"https:\/\/www.facebook.com\/dicodusport","article_published_time":"2021-11-02T17:20:02+00:00","og_image":[{"width":800,"height":445,"url":"https:\/\/dicodusport.fr\/blog\/wp-content\/uploads\/2021\/11\/Nolann-Le-Garrec-deja-aux-portes-du-XV-de-France.png","type":"image\/png"}],"author":"Victor Friot","twitter_card":"summary_large_image","twitter_title":"Nolann Le Garrec (d\u00e9j\u00e0) aux portes du XV de France","twitter_creator":"@dicodusport","twitter_site":"@dicodusport","schema":{"@context":"https:\/\/schema.org","@graph":[{"@type":"NewsArticle","@id":"https:\/\/dicodusport.fr\/blog\/nolann-le-garrec-deja-aux-portes-du-xv-de-france\/#article","isPartOf":{"@id":"https:\/\/dicodusport.fr\/blog\/nolann-le-garrec-deja-aux-portes-du-xv-de-france\/"},"author":{"name":"Victor Friot","@id":"https:\/\/dicodusport.fr\/blog\/#\/schema\/person\/463bd3fdf7997eaf381a70f42317d8db"},"headline":"Nolann Le Garrec (d\u00e9j\u00e0) aux portes du XV de France","datePublished":"2021-11-02T17:20:02+00:00","mainEntityOfPage":{"@id":"https:\/\/dicodusport.fr\/blog\/nolann-le-garrec-deja-aux-portes-du-xv-de-france\/"},"wordCount":385,"commentCount":0,"publisher":{"@id":"https:\/\/dicodusport.fr\/blog\/#organization"},"image":{"@id":"https:\/\/dicodusport.fr\/blog\/nolann-le-garrec-deja-aux-portes-du-xv-de-france\/#primaryimage"},"thumbnailUrl":"https:\/\/dicodusport.fr\/blog\/wp-content\/uploads\/2021\/11\/Nolann-Le-Garrec-deja-aux-portes-du-XV-de-France.png","keywords":["Nolann Le Garrec","Racing 92","XV de France"],"articleSection":["XV de France"],"inLanguage":"fr-FR","potentialAction":[{"@type":"CommentAction","name":"Comment","target":["https:\/\/dicodusport.fr\/blog\/nolann-le-garrec-deja-aux-portes-du-xv-de-france\/#respond"]}],"copyrightYear":"2021","copyrightHolder":{"@id":"https:\/\/dicodusport.fr\/blog\/#organization"}},{"@type":"WebPage","@id":"https:\/\/dicodusport.fr\/blog\/nolann-le-garrec-deja-aux-portes-du-xv-de-france\/","url":"https:\/\/dicodusport.fr\/blog\/nolann-le-garrec-deja-aux-portes-du-xv-de-france\/","name":"Nolann Le Garrec (d\u00e9j\u00e0) aux portes du XV de France","isPartOf":{"@id":"https:\/\/dicodusport.fr\/blog\/#website"},"primaryImageOfPage":{"@id":"https:\/\/dicodusport.fr\/blog\/nolann-le-garrec-deja-aux-portes-du-xv-de-france\/#primaryimage"},"image":{"@id":"https:\/\/dicodusport.fr\/blog\/nolann-le-garrec-deja-aux-portes-du-xv-de-france\/#primaryimage"},"thumbnailUrl":"https:\/\/dicodusport.fr\/blog\/wp-content\/uploads\/2021\/11\/Nolann-Le-Garrec-deja-aux-portes-du-XV-de-France.png","datePublished":"2021-11-02T17:20:02+00:00","description":"RUGBY - \u00c2g\u00e9 de seulement 19 ans, le demi de m\u00eal\u00e9e du Racing 92, Nolann Le Garrec, est suivi de pr\u00e8s par le staff du XV de France","breadcrumb":{"@id":"https:\/\/dicodusport.fr\/blog\/nolann-le-garrec-deja-aux-portes-du-xv-de-france\/#breadcrumb"},"inLanguage":"fr-FR","potentialAction":[{"@type":"ReadAction","target":["https:\/\/dicodusport.fr\/blog\/nolann-le-garrec-deja-aux-portes-du-xv-de-france\/"]}]},{"@type":"ImageObject","inLanguage":"fr-FR","@id":"https:\/\/dicodusport.fr\/blog\/nolann-le-garrec-deja-aux-portes-du-xv-de-france\/#primaryimage","url":"https:\/\/dicodusport.fr\/blog\/wp-content\/uploads\/2021\/11\/Nolann-Le-Garrec-deja-aux-portes-du-XV-de-France.png","contentUrl":"https:\/\/dicodusport.fr\/blog\/wp-content\/uploads\/2021\/11\/Nolann-Le-Garrec-deja-aux-portes-du-XV-de-France.png","width":800,"height":445,"caption":"Nolann Le Garrec (d\u00e9j\u00e0) aux portes du XV de France"},{"@type":"BreadcrumbList","@id":"https:\/\/dicodusport.fr\/blog\/nolann-le-garrec-deja-aux-portes-du-xv-de-france\/#breadcrumb","itemListElement":[{"@type":"ListItem","position":1,"name":"Accueil","item":"https:\/\/dicodusport.fr\/blog\/"},{"@type":"ListItem","position":2,"name":"Nolann Le Garrec (d\u00e9j\u00e0) aux portes du XV de France"}]},{"@type":"WebSite","@id":"https:\/\/dicodusport.fr\/blog\/#website","url":"https:\/\/dicodusport.fr\/blog\/","name":"Dicodusport","description":"L&#039;encyclop\u00e9die de l&#039;actualit\u00e9 sportive","publisher":{"@id":"https:\/\/dicodusport.fr\/blog\/#organization"},"potentialAction":[{"@type":"SearchAction","target":{"@type":"EntryPoint","urlTemplate":"https:\/\/dicodusport.fr\/blog\/?s={search_term_string}"},"query-input":{"@type":"PropertyValueSpecification","valueRequired":true,"valueName":"search_term_string"}}],"inLanguage":"fr-FR"},{"@type":"NewsMediaOrganization","@id":"https:\/\/dicodusport.fr\/blog\/#organization","name":"Dicodusport","url":"https:\/\/dicodusport.fr\/blog\/","logo":{"@type":"ImageObject","inLanguage":"fr-FR","@id":"https:\/\/dicodusport.fr\/blog\/#\/schema\/logo\/image\/","url":"https:\/\/dicodusport.fr\/blog\/wp-content\/uploads\/2020\/06\/cropped-LOGO-DICODUSPORT-2020-SANS-FOND-SANS-TEXTE.png","contentUrl":"https:\/\/dicodusport.fr\/blog\/wp-content\/uploads\/2020\/06\/cropped-LOGO-DICODUSPORT-2020-SANS-FOND-SANS-TEXTE.png","width":512,"height":512,"caption":"Dicodusport"},"image":{"@id":"https:\/\/dicodusport.fr\/blog\/#\/schema\/logo\/image\/"},"sameAs":["https:\/\/www.facebook.com\/dicodusport","https:\/\/x.com\/dicodusport","https:\/\/www.instagram.com\/dicodusport\/","https:\/\/www.youtube.com\/channel\/UC7V2KZ5sd3htJivAbA4ZG3w"],"description":"Dicodusport est l'encyclop\u00e9die de l'actualit\u00e9 sportive.","email":"bonjour@dicodusport.fr","legalName":"DICODUSPORT","foundingDate":"2018-01-14","vatID":"FR71834470973","taxID":"83447097300043","numberOfEmployees":{"@type":"QuantitativeValue","minValue":"1","maxValue":"10"}},{"@type":"Person","@id":"https:\/\/dicodusport.fr\/blog\/#\/schema\/person\/463bd3fdf7997eaf381a70f42317d8db","name":"Victor Friot","image":{"@type":"ImageObject","inLanguage":"fr-FR","@id":"https:\/\/dicodusport.fr\/blog\/#\/schema\/person\/image\/","url":"https:\/\/dicodusport.fr\/blog\/wp-content\/uploads\/2020\/06\/LOGO-DICODUSPORT-2020-SANS-FOND-SANS-TEXTE-150x150.png","contentUrl":"https:\/\/dicodusport.fr\/blog\/wp-content\/uploads\/2020\/06\/LOGO-DICODUSPORT-2020-SANS-FOND-SANS-TEXTE-150x150.png","caption":"Victor Friot"},"url":"https:\/\/dicodusport.fr\/blog\/author\/victor-friot\/"}]}},"_links":{"self":[{"href":"https:\/\/dicodusport.fr\/blog\/wp-json\/wp\/v2\/posts\/177174","targetHints":{"allow":["GET"]}}],"collection":[{"href":"https:\/\/dicodusport.fr\/blog\/wp-json\/wp\/v2\/posts"}],"about":[{"href":"https:\/\/dicodusport.fr\/blog\/wp-json\/wp\/v2\/types\/post"}],"author":[{"embeddable":true,"href":"https:\/\/dicodusport.fr\/blog\/wp-json\/wp\/v2\/users\/60"}],"replies":[{"embeddable":true,"href":"https:\/\/dicodusport.fr\/blog\/wp-json\/wp\/v2\/comments?post=177174"}],"version-history":[{"count":0,"href":"https:\/\/dicodusport.fr\/blog\/wp-json\/wp\/v2\/posts\/177174\/revisions"}],"wp:featuredmedia":[{"embeddable":true,"href":"https:\/\/dicodusport.fr\/blog\/wp-json\/wp\/v2\/media\/177188"}],"wp:attachment":[{"href":"https:\/\/dicodusport.fr\/blog\/wp-json\/wp\/v2\/media?parent=177174"}],"wp:term":[{"taxonomy":"category","embeddable":true,"href":"https:\/\/dicodusport.fr\/blog\/wp-json\/wp\/v2\/categories?post=177174"},{"taxonomy":"post_tag","embeddable":true,"href":"https:\/\/dicodusport.fr\/blog\/wp-json\/wp\/v2\/tags?post=177174"}],"curies":[{"name":"wp","href":"https:\/\/api.w.org\/{rel}","templated":true}]}}