{"id":177324,"date":"2021-11-03T11:11:05","date_gmt":"2021-11-03T10:11:05","guid":{"rendered":"https:\/\/dicodusport.fr\/blog\/?p=177324&#038;preview=true&#038;preview_id=177324"},"modified":"2021-11-03T11:11:05","modified_gmt":"2021-11-03T10:11:05","slug":"ancien-pilier-toulon-et-all-blacks-carl-hayman-souffre-de-demence-precoce","status":"publish","type":"post","link":"https:\/\/dicodusport.fr\/blog\/ancien-pilier-toulon-et-all-blacks-carl-hayman-souffre-de-demence-precoce\/","title":{"rendered":"Ancien pilier de Toulon et des All Blacks, Carl Hayman souffre de d\u00e9mence pr\u00e9coce"},"content":{"rendered":"<p style=\"text-align: justify;\"><strong><em>RUGBY &#8211; Dans un entretien accord\u00e9 \u00e0 The Spinoff, Carl Hayman, ancien pilier du RC Toulon et des All Blacks, r\u00e9v\u00e8le qu&rsquo;il est atteint de d\u00e9mence pr\u00e9coce.\u00a0<\/em><\/strong><\/p>\n<p style=\"text-align: justify;\">Triste nouvelle pour l&rsquo;ancien pilier de 41 ans qui comptabilise 45 s\u00e9lections avec la Nouvelle-Z\u00e9lande. <strong>Carl Hayman<\/strong> a expliqu\u00e9 qu&rsquo;il souffrait de d\u00e9mence pr\u00e9coce dans un t\u00e9moignage fort, o\u00f9 il avoue aussi avoir parfois oubli\u00e9 le pr\u00e9nom de son fils.<\/p>\n<blockquote>\n<p style=\"text-align: justify;\">J\u2019ai pass\u00e9 plusieurs ann\u00e9es \u00e0 penser que je devenais fou, et \u00e0 un certain point c\u2019est vraiment ce que je pensais. C\u2019\u00e9taient des migraines constantes, et toutes ces choses qui arrivaient et que je ne parvenais pas \u00e0 comprendre.<\/p>\n<\/blockquote>\n<p style=\"text-align: justify;\">Diagnostiqu\u00e9 malade d&rsquo;une d\u00e9mence pr\u00e9coce et d&rsquo;une une maladie neurod\u00e9g\u00e9n\u00e9rative, il a rejoint l&rsquo;action contre World Rugby lanc\u00e9e par l&rsquo;Angleterre, et explique pourquoi.<\/p>\n<blockquote>\n<p style=\"text-align: justify;\">Les plus jeunes espoirs doivent savoir vers quoi ils se dirigent et il doit y avoir plus de soutiens et une meilleure surveillance au sujet des blessures \u00e0 la t\u00eate et des charges de travail.<\/p>\n<\/blockquote>\n<blockquote class=\"twitter-tweet\">\n<p dir=\"ltr\" lang=\"fr\">L\u2019ancien pilier All Black Carl Hayman souffre de d\u00e9mence pr\u00e9coce<\/p>\n<p>&#x1f4ac; \u00abJ\u2019ai pass\u00e9 plusieurs ann\u00e9es \u00e0 penser que je devenais fou, et \u00e0 un certain point c\u2019est vraiment ce que je pensais\u00bb<\/p>\n<p>&#x27a1;&#xfe0f; <a href=\"https:\/\/t.co\/DwpjOUf0e0\">https:\/\/t.co\/DwpjOUf0e0<\/a> <a href=\"https:\/\/t.co\/1BOjbQ0m19\">pic.twitter.com\/1BOjbQ0m19<\/a><\/p>\n<p>\u2014 Le Parisien (@le_Parisien) <a href=\"https:\/\/twitter.com\/le_Parisien\/status\/1455778995929337857?ref_src=twsrc%5Etfw\">November 3, 2021<\/a><\/p><\/blockquote>\n<p><script async src=\"https:\/\/platform.twitter.com\/widgets.js\" charset=\"utf-8\"><\/script><\/p>\n","protected":false},"excerpt":{"rendered":"<p>RUGBY &#8211; Dans un entretien accord\u00e9 \u00e0 The Spinoff, Carl Hayman, ancien pilier du RC Toulon et des All Blacks, r\u00e9v\u00e8le qu&rsquo;il est atteint de d\u00e9mence pr\u00e9coce.\u00a0<\/p>\n","protected":false},"author":1,"featured_media":177335,"comment_status":"open","ping_status":"closed","sticky":false,"template":"","format":"standard","meta":{"_acf_changed":false,"_daextam_enable_autolinks":"","footnotes":""},"categories":[9129],"tags":[110,5940],"class_list":["post-177324","post","type-post","status-publish","format-standard","has-post-thumbnail","hentry","category-rugby-a-xv","tag-rugby-a-xv","tag-world-rugby"],"acf":[],"yoast_head":"<!-- This site is optimized with the Yoast SEO Premium plugin v26.7 (Yoast SEO v26.7) - https:\/\/yoast.com\/wordpress\/plugins\/seo\/ -->\n<title>Ancien pilier de Toulon et des All Blacks, Carl Hayman souffre de d\u00e9mence pr\u00e9coce<\/title>\n<meta name=\"description\" content=\"Dans un entretien accord\u00e9 \u00e0 The Spinoff, Carl Hayman, ancien pilier du RC Toulon et des All Blacks, r\u00e9v\u00e8le qu&#039;il est atteint de d\u00e9mence pr\u00e9coce.\u00a0\" \/>\n<meta name=\"robots\" content=\"index, follow, max-snippet:-1, max-image-preview:large, max-video-preview:-1\" \/>\n<link rel=\"canonical\" href=\"https:\/\/dicodusport.fr\/blog\/ancien-pilier-toulon-et-all-blacks-carl-hayman-souffre-de-demence-precoce\/\" \/>\n<meta property=\"og:locale\" content=\"fr_FR\" \/>\n<meta property=\"og:type\" content=\"article\" \/>\n<meta property=\"og:title\" content=\"Ancien pilier de Toulon et des All Blacks, Carl Hayman souffre de d\u00e9mence pr\u00e9coce\" \/>\n<meta property=\"og:description\" content=\"Dans un entretien accord\u00e9 \u00e0 The Spinoff, Carl Hayman, ancien pilier du RC Toulon et des All Blacks, r\u00e9v\u00e8le qu&#039;il est atteint de d\u00e9mence pr\u00e9coce.\u00a0\" \/>\n<meta property=\"og:url\" content=\"https:\/\/dicodusport.fr\/blog\/ancien-pilier-toulon-et-all-blacks-carl-hayman-souffre-de-demence-precoce\/\" \/>\n<meta property=\"og:site_name\" content=\"Dicodusport\" \/>\n<meta property=\"article:publisher\" content=\"https:\/\/www.facebook.com\/dicodusport\" \/>\n<meta property=\"article:author\" content=\"https:\/\/www.facebook.com\/dicodusport\" \/>\n<meta property=\"article:published_time\" content=\"2021-11-03T10:11:05+00:00\" \/>\n<meta property=\"og:image\" content=\"https:\/\/dicodusport.fr\/blog\/wp-content\/uploads\/2021\/11\/Carl-Hayman-souffre-de-de\u0301mence-pre\u0301coce.png\" \/>\n\t<meta property=\"og:image:width\" content=\"800\" \/>\n\t<meta property=\"og:image:height\" content=\"445\" \/>\n\t<meta property=\"og:image:type\" content=\"image\/png\" \/>\n<meta name=\"author\" content=\"Nicolas Jacquemard\" \/>\n<meta name=\"twitter:card\" content=\"summary_large_image\" \/>\n<meta name=\"twitter:title\" content=\"Ancien pilier de Toulon et des All Blacks, Carl Hayman souffre de d\u00e9mence pr\u00e9coce\" \/>\n<meta name=\"twitter:creator\" content=\"@https:\/\/twitter.com\/Nico_Jacquemard\" \/>\n<meta name=\"twitter:site\" content=\"@dicodusport\" \/>\n<script type=\"application\/ld+json\" class=\"yoast-schema-graph\">{\"@context\":\"https:\/\/schema.org\",\"@graph\":[{\"@type\":\"NewsArticle\",\"@id\":\"https:\/\/dicodusport.fr\/blog\/ancien-pilier-toulon-et-all-blacks-carl-hayman-souffre-de-demence-precoce\/#article\",\"isPartOf\":{\"@id\":\"https:\/\/dicodusport.fr\/blog\/ancien-pilier-toulon-et-all-blacks-carl-hayman-souffre-de-demence-precoce\/\"},\"author\":{\"name\":\"Nicolas Jacquemard\",\"@id\":\"https:\/\/dicodusport.fr\/blog\/#\/schema\/person\/55dcb50ad410894e431ed812bbb70191\"},\"headline\":\"Ancien pilier de Toulon et des All Blacks, Carl Hayman souffre de d\u00e9mence pr\u00e9coce\",\"datePublished\":\"2021-11-03T10:11:05+00:00\",\"mainEntityOfPage\":{\"@id\":\"https:\/\/dicodusport.fr\/blog\/ancien-pilier-toulon-et-all-blacks-carl-hayman-souffre-de-demence-precoce\/\"},\"wordCount\":258,\"commentCount\":0,\"publisher\":{\"@id\":\"https:\/\/dicodusport.fr\/blog\/#organization\"},\"image\":{\"@id\":\"https:\/\/dicodusport.fr\/blog\/ancien-pilier-toulon-et-all-blacks-carl-hayman-souffre-de-demence-precoce\/#primaryimage\"},\"thumbnailUrl\":\"https:\/\/dicodusport.fr\/blog\/wp-content\/uploads\/2021\/11\/Carl-Hayman-souffre-de-de\u0301mence-pre\u0301coce.png\",\"keywords\":[\"Rugby \u00e0 XV\",\"World Rugby\"],\"articleSection\":[\"Rugby \u00e0 XV\"],\"inLanguage\":\"fr-FR\",\"potentialAction\":[{\"@type\":\"CommentAction\",\"name\":\"Comment\",\"target\":[\"https:\/\/dicodusport.fr\/blog\/ancien-pilier-toulon-et-all-blacks-carl-hayman-souffre-de-demence-precoce\/#respond\"]}],\"copyrightYear\":\"2021\",\"copyrightHolder\":{\"@id\":\"https:\/\/dicodusport.fr\/blog\/#organization\"}},{\"@type\":\"WebPage\",\"@id\":\"https:\/\/dicodusport.fr\/blog\/ancien-pilier-toulon-et-all-blacks-carl-hayman-souffre-de-demence-precoce\/\",\"url\":\"https:\/\/dicodusport.fr\/blog\/ancien-pilier-toulon-et-all-blacks-carl-hayman-souffre-de-demence-precoce\/\",\"name\":\"Ancien pilier de Toulon et des All Blacks, Carl Hayman souffre de d\u00e9mence pr\u00e9coce\",\"isPartOf\":{\"@id\":\"https:\/\/dicodusport.fr\/blog\/#website\"},\"primaryImageOfPage\":{\"@id\":\"https:\/\/dicodusport.fr\/blog\/ancien-pilier-toulon-et-all-blacks-carl-hayman-souffre-de-demence-precoce\/#primaryimage\"},\"image\":{\"@id\":\"https:\/\/dicodusport.fr\/blog\/ancien-pilier-toulon-et-all-blacks-carl-hayman-souffre-de-demence-precoce\/#primaryimage\"},\"thumbnailUrl\":\"https:\/\/dicodusport.fr\/blog\/wp-content\/uploads\/2021\/11\/Carl-Hayman-souffre-de-de\u0301mence-pre\u0301coce.png\",\"datePublished\":\"2021-11-03T10:11:05+00:00\",\"description\":\"Dans un entretien accord\u00e9 \u00e0 The Spinoff, Carl Hayman, ancien pilier du RC Toulon et des All Blacks, r\u00e9v\u00e8le qu'il est atteint de d\u00e9mence pr\u00e9coce.\u00a0\",\"breadcrumb\":{\"@id\":\"https:\/\/dicodusport.fr\/blog\/ancien-pilier-toulon-et-all-blacks-carl-hayman-souffre-de-demence-precoce\/#breadcrumb\"},\"inLanguage\":\"fr-FR\",\"potentialAction\":[{\"@type\":\"ReadAction\",\"target\":[\"https:\/\/dicodusport.fr\/blog\/ancien-pilier-toulon-et-all-blacks-carl-hayman-souffre-de-demence-precoce\/\"]}]},{\"@type\":\"ImageObject\",\"inLanguage\":\"fr-FR\",\"@id\":\"https:\/\/dicodusport.fr\/blog\/ancien-pilier-toulon-et-all-blacks-carl-hayman-souffre-de-demence-precoce\/#primaryimage\",\"url\":\"https:\/\/dicodusport.fr\/blog\/wp-content\/uploads\/2021\/11\/Carl-Hayman-souffre-de-de\u0301mence-pre\u0301coce.png\",\"contentUrl\":\"https:\/\/dicodusport.fr\/blog\/wp-content\/uploads\/2021\/11\/Carl-Hayman-souffre-de-de\u0301mence-pre\u0301coce.png\",\"width\":800,\"height\":445},{\"@type\":\"BreadcrumbList\",\"@id\":\"https:\/\/dicodusport.fr\/blog\/ancien-pilier-toulon-et-all-blacks-carl-hayman-souffre-de-demence-precoce\/#breadcrumb\",\"itemListElement\":[{\"@type\":\"ListItem\",\"position\":1,\"name\":\"Accueil\",\"item\":\"https:\/\/dicodusport.fr\/blog\/\"},{\"@type\":\"ListItem\",\"position\":2,\"name\":\"Ancien pilier de Toulon et des All Blacks, Carl Hayman souffre de d\u00e9mence pr\u00e9coce\"}]},{\"@type\":\"WebSite\",\"@id\":\"https:\/\/dicodusport.fr\/blog\/#website\",\"url\":\"https:\/\/dicodusport.fr\/blog\/\",\"name\":\"Dicodusport\",\"description\":\"L&#039;encyclop\u00e9die de l&#039;actualit\u00e9 sportive\",\"publisher\":{\"@id\":\"https:\/\/dicodusport.fr\/blog\/#organization\"},\"potentialAction\":[{\"@type\":\"SearchAction\",\"target\":{\"@type\":\"EntryPoint\",\"urlTemplate\":\"https:\/\/dicodusport.fr\/blog\/?s={search_term_string}\"},\"query-input\":{\"@type\":\"PropertyValueSpecification\",\"valueRequired\":true,\"valueName\":\"search_term_string\"}}],\"inLanguage\":\"fr-FR\"},{\"@type\":\"NewsMediaOrganization\",\"@id\":\"https:\/\/dicodusport.fr\/blog\/#organization\",\"name\":\"Dicodusport\",\"url\":\"https:\/\/dicodusport.fr\/blog\/\",\"logo\":{\"@type\":\"ImageObject\",\"inLanguage\":\"fr-FR\",\"@id\":\"https:\/\/dicodusport.fr\/blog\/#\/schema\/logo\/image\/\",\"url\":\"https:\/\/dicodusport.fr\/blog\/wp-content\/uploads\/2020\/06\/cropped-LOGO-DICODUSPORT-2020-SANS-FOND-SANS-TEXTE.png\",\"contentUrl\":\"https:\/\/dicodusport.fr\/blog\/wp-content\/uploads\/2020\/06\/cropped-LOGO-DICODUSPORT-2020-SANS-FOND-SANS-TEXTE.png\",\"width\":512,\"height\":512,\"caption\":\"Dicodusport\"},\"image\":{\"@id\":\"https:\/\/dicodusport.fr\/blog\/#\/schema\/logo\/image\/\"},\"sameAs\":[\"https:\/\/www.facebook.com\/dicodusport\",\"https:\/\/x.com\/dicodusport\",\"https:\/\/www.instagram.com\/dicodusport\/\",\"https:\/\/www.youtube.com\/channel\/UC7V2KZ5sd3htJivAbA4ZG3w\"],\"description\":\"Dicodusport est l'encyclop\u00e9die de l'actualit\u00e9 sportive.\",\"email\":\"bonjour@dicodusport.fr\",\"legalName\":\"DICODUSPORT\",\"foundingDate\":\"2018-01-14\",\"vatID\":\"FR71834470973\",\"taxID\":\"83447097300043\",\"numberOfEmployees\":{\"@type\":\"QuantitativeValue\",\"minValue\":\"1\",\"maxValue\":\"10\"}},{\"@type\":\"Person\",\"@id\":\"https:\/\/dicodusport.fr\/blog\/#\/schema\/person\/55dcb50ad410894e431ed812bbb70191\",\"name\":\"Nicolas Jacquemard\",\"image\":{\"@type\":\"ImageObject\",\"inLanguage\":\"fr-FR\",\"@id\":\"https:\/\/dicodusport.fr\/blog\/#\/schema\/person\/image\/\",\"url\":\"https:\/\/dicodusport.fr\/blog\/wp-content\/uploads\/2021\/05\/Nicolas-Jacquemard-150x150.jpeg\",\"contentUrl\":\"https:\/\/dicodusport.fr\/blog\/wp-content\/uploads\/2021\/05\/Nicolas-Jacquemard-150x150.jpeg\",\"caption\":\"Nicolas Jacquemard\"},\"description\":\"Passionn\u00e9 de sport et entrepreneur depuis mes 18 ans, la cr\u00e9ation de Dicodusport m'a sembl\u00e9 \u00e9vidente pour participer \u00e0 la m\u00e9diatisation d'un plus grand nombre de sports. Le chemin est long mais avec une \u00e9quipe des plus motiv\u00e9es et les Jeux Olympiques de Paris 2024 en point de mire, nous y arriverons ! Journaliste dans le monde du sport depuis plus de 5 ans, je traite aussi bien de football, de rugby, de biathlon que de cyclisme.\",\"sameAs\":[\"https:\/\/www.facebook.com\/dicodusport\",\"https:\/\/x.com\/https:\/\/twitter.com\/Nico_Jacquemard\"],\"url\":\"https:\/\/dicodusport.fr\/blog\/author\/dicodusport\/\"}]}<\/script>\n<!-- \/ Yoast SEO Premium plugin. -->","yoast_head_json":{"title":"Ancien pilier de Toulon et des All Blacks, Carl Hayman souffre de d\u00e9mence pr\u00e9coce","description":"Dans un entretien accord\u00e9 \u00e0 The Spinoff, Carl Hayman, ancien pilier du RC Toulon et des All Blacks, r\u00e9v\u00e8le qu'il est atteint de d\u00e9mence pr\u00e9coce.\u00a0","robots":{"index":"index","follow":"follow","max-snippet":"max-snippet:-1","max-image-preview":"max-image-preview:large","max-video-preview":"max-video-preview:-1"},"canonical":"https:\/\/dicodusport.fr\/blog\/ancien-pilier-toulon-et-all-blacks-carl-hayman-souffre-de-demence-precoce\/","og_locale":"fr_FR","og_type":"article","og_title":"Ancien pilier de Toulon et des All Blacks, Carl Hayman souffre de d\u00e9mence pr\u00e9coce","og_description":"Dans un entretien accord\u00e9 \u00e0 The Spinoff, Carl Hayman, ancien pilier du RC Toulon et des All Blacks, r\u00e9v\u00e8le qu'il est atteint de d\u00e9mence pr\u00e9coce.\u00a0","og_url":"https:\/\/dicodusport.fr\/blog\/ancien-pilier-toulon-et-all-blacks-carl-hayman-souffre-de-demence-precoce\/","og_site_name":"Dicodusport","article_publisher":"https:\/\/www.facebook.com\/dicodusport","article_author":"https:\/\/www.facebook.com\/dicodusport","article_published_time":"2021-11-03T10:11:05+00:00","og_image":[{"width":800,"height":445,"url":"https:\/\/dicodusport.fr\/blog\/wp-content\/uploads\/2021\/11\/Carl-Hayman-souffre-de-de\u0301mence-pre\u0301coce.png","type":"image\/png"}],"author":"Nicolas Jacquemard","twitter_card":"summary_large_image","twitter_title":"Ancien pilier de Toulon et des All Blacks, Carl Hayman souffre de d\u00e9mence pr\u00e9coce","twitter_creator":"@https:\/\/twitter.com\/Nico_Jacquemard","twitter_site":"@dicodusport","schema":{"@context":"https:\/\/schema.org","@graph":[{"@type":"NewsArticle","@id":"https:\/\/dicodusport.fr\/blog\/ancien-pilier-toulon-et-all-blacks-carl-hayman-souffre-de-demence-precoce\/#article","isPartOf":{"@id":"https:\/\/dicodusport.fr\/blog\/ancien-pilier-toulon-et-all-blacks-carl-hayman-souffre-de-demence-precoce\/"},"author":{"name":"Nicolas Jacquemard","@id":"https:\/\/dicodusport.fr\/blog\/#\/schema\/person\/55dcb50ad410894e431ed812bbb70191"},"headline":"Ancien pilier de Toulon et des All Blacks, Carl Hayman souffre de d\u00e9mence pr\u00e9coce","datePublished":"2021-11-03T10:11:05+00:00","mainEntityOfPage":{"@id":"https:\/\/dicodusport.fr\/blog\/ancien-pilier-toulon-et-all-blacks-carl-hayman-souffre-de-demence-precoce\/"},"wordCount":258,"commentCount":0,"publisher":{"@id":"https:\/\/dicodusport.fr\/blog\/#organization"},"image":{"@id":"https:\/\/dicodusport.fr\/blog\/ancien-pilier-toulon-et-all-blacks-carl-hayman-souffre-de-demence-precoce\/#primaryimage"},"thumbnailUrl":"https:\/\/dicodusport.fr\/blog\/wp-content\/uploads\/2021\/11\/Carl-Hayman-souffre-de-de\u0301mence-pre\u0301coce.png","keywords":["Rugby \u00e0 XV","World Rugby"],"articleSection":["Rugby \u00e0 XV"],"inLanguage":"fr-FR","potentialAction":[{"@type":"CommentAction","name":"Comment","target":["https:\/\/dicodusport.fr\/blog\/ancien-pilier-toulon-et-all-blacks-carl-hayman-souffre-de-demence-precoce\/#respond"]}],"copyrightYear":"2021","copyrightHolder":{"@id":"https:\/\/dicodusport.fr\/blog\/#organization"}},{"@type":"WebPage","@id":"https:\/\/dicodusport.fr\/blog\/ancien-pilier-toulon-et-all-blacks-carl-hayman-souffre-de-demence-precoce\/","url":"https:\/\/dicodusport.fr\/blog\/ancien-pilier-toulon-et-all-blacks-carl-hayman-souffre-de-demence-precoce\/","name":"Ancien pilier de Toulon et des All Blacks, Carl Hayman souffre de d\u00e9mence pr\u00e9coce","isPartOf":{"@id":"https:\/\/dicodusport.fr\/blog\/#website"},"primaryImageOfPage":{"@id":"https:\/\/dicodusport.fr\/blog\/ancien-pilier-toulon-et-all-blacks-carl-hayman-souffre-de-demence-precoce\/#primaryimage"},"image":{"@id":"https:\/\/dicodusport.fr\/blog\/ancien-pilier-toulon-et-all-blacks-carl-hayman-souffre-de-demence-precoce\/#primaryimage"},"thumbnailUrl":"https:\/\/dicodusport.fr\/blog\/wp-content\/uploads\/2021\/11\/Carl-Hayman-souffre-de-de\u0301mence-pre\u0301coce.png","datePublished":"2021-11-03T10:11:05+00:00","description":"Dans un entretien accord\u00e9 \u00e0 The Spinoff, Carl Hayman, ancien pilier du RC Toulon et des All Blacks, r\u00e9v\u00e8le qu'il est atteint de d\u00e9mence pr\u00e9coce.\u00a0","breadcrumb":{"@id":"https:\/\/dicodusport.fr\/blog\/ancien-pilier-toulon-et-all-blacks-carl-hayman-souffre-de-demence-precoce\/#breadcrumb"},"inLanguage":"fr-FR","potentialAction":[{"@type":"ReadAction","target":["https:\/\/dicodusport.fr\/blog\/ancien-pilier-toulon-et-all-blacks-carl-hayman-souffre-de-demence-precoce\/"]}]},{"@type":"ImageObject","inLanguage":"fr-FR","@id":"https:\/\/dicodusport.fr\/blog\/ancien-pilier-toulon-et-all-blacks-carl-hayman-souffre-de-demence-precoce\/#primaryimage","url":"https:\/\/dicodusport.fr\/blog\/wp-content\/uploads\/2021\/11\/Carl-Hayman-souffre-de-de\u0301mence-pre\u0301coce.png","contentUrl":"https:\/\/dicodusport.fr\/blog\/wp-content\/uploads\/2021\/11\/Carl-Hayman-souffre-de-de\u0301mence-pre\u0301coce.png","width":800,"height":445},{"@type":"BreadcrumbList","@id":"https:\/\/dicodusport.fr\/blog\/ancien-pilier-toulon-et-all-blacks-carl-hayman-souffre-de-demence-precoce\/#breadcrumb","itemListElement":[{"@type":"ListItem","position":1,"name":"Accueil","item":"https:\/\/dicodusport.fr\/blog\/"},{"@type":"ListItem","position":2,"name":"Ancien pilier de Toulon et des All Blacks, Carl Hayman souffre de d\u00e9mence pr\u00e9coce"}]},{"@type":"WebSite","@id":"https:\/\/dicodusport.fr\/blog\/#website","url":"https:\/\/dicodusport.fr\/blog\/","name":"Dicodusport","description":"L&#039;encyclop\u00e9die de l&#039;actualit\u00e9 sportive","publisher":{"@id":"https:\/\/dicodusport.fr\/blog\/#organization"},"potentialAction":[{"@type":"SearchAction","target":{"@type":"EntryPoint","urlTemplate":"https:\/\/dicodusport.fr\/blog\/?s={search_term_string}"},"query-input":{"@type":"PropertyValueSpecification","valueRequired":true,"valueName":"search_term_string"}}],"inLanguage":"fr-FR"},{"@type":"NewsMediaOrganization","@id":"https:\/\/dicodusport.fr\/blog\/#organization","name":"Dicodusport","url":"https:\/\/dicodusport.fr\/blog\/","logo":{"@type":"ImageObject","inLanguage":"fr-FR","@id":"https:\/\/dicodusport.fr\/blog\/#\/schema\/logo\/image\/","url":"https:\/\/dicodusport.fr\/blog\/wp-content\/uploads\/2020\/06\/cropped-LOGO-DICODUSPORT-2020-SANS-FOND-SANS-TEXTE.png","contentUrl":"https:\/\/dicodusport.fr\/blog\/wp-content\/uploads\/2020\/06\/cropped-LOGO-DICODUSPORT-2020-SANS-FOND-SANS-TEXTE.png","width":512,"height":512,"caption":"Dicodusport"},"image":{"@id":"https:\/\/dicodusport.fr\/blog\/#\/schema\/logo\/image\/"},"sameAs":["https:\/\/www.facebook.com\/dicodusport","https:\/\/x.com\/dicodusport","https:\/\/www.instagram.com\/dicodusport\/","https:\/\/www.youtube.com\/channel\/UC7V2KZ5sd3htJivAbA4ZG3w"],"description":"Dicodusport est l'encyclop\u00e9die de l'actualit\u00e9 sportive.","email":"bonjour@dicodusport.fr","legalName":"DICODUSPORT","foundingDate":"2018-01-14","vatID":"FR71834470973","taxID":"83447097300043","numberOfEmployees":{"@type":"QuantitativeValue","minValue":"1","maxValue":"10"}},{"@type":"Person","@id":"https:\/\/dicodusport.fr\/blog\/#\/schema\/person\/55dcb50ad410894e431ed812bbb70191","name":"Nicolas Jacquemard","image":{"@type":"ImageObject","inLanguage":"fr-FR","@id":"https:\/\/dicodusport.fr\/blog\/#\/schema\/person\/image\/","url":"https:\/\/dicodusport.fr\/blog\/wp-content\/uploads\/2021\/05\/Nicolas-Jacquemard-150x150.jpeg","contentUrl":"https:\/\/dicodusport.fr\/blog\/wp-content\/uploads\/2021\/05\/Nicolas-Jacquemard-150x150.jpeg","caption":"Nicolas Jacquemard"},"description":"Passionn\u00e9 de sport et entrepreneur depuis mes 18 ans, la cr\u00e9ation de Dicodusport m'a sembl\u00e9 \u00e9vidente pour participer \u00e0 la m\u00e9diatisation d'un plus grand nombre de sports. Le chemin est long mais avec une \u00e9quipe des plus motiv\u00e9es et les Jeux Olympiques de Paris 2024 en point de mire, nous y arriverons ! Journaliste dans le monde du sport depuis plus de 5 ans, je traite aussi bien de football, de rugby, de biathlon que de cyclisme.","sameAs":["https:\/\/www.facebook.com\/dicodusport","https:\/\/x.com\/https:\/\/twitter.com\/Nico_Jacquemard"],"url":"https:\/\/dicodusport.fr\/blog\/author\/dicodusport\/"}]}},"_links":{"self":[{"href":"https:\/\/dicodusport.fr\/blog\/wp-json\/wp\/v2\/posts\/177324","targetHints":{"allow":["GET"]}}],"collection":[{"href":"https:\/\/dicodusport.fr\/blog\/wp-json\/wp\/v2\/posts"}],"about":[{"href":"https:\/\/dicodusport.fr\/blog\/wp-json\/wp\/v2\/types\/post"}],"author":[{"embeddable":true,"href":"https:\/\/dicodusport.fr\/blog\/wp-json\/wp\/v2\/users\/1"}],"replies":[{"embeddable":true,"href":"https:\/\/dicodusport.fr\/blog\/wp-json\/wp\/v2\/comments?post=177324"}],"version-history":[{"count":0,"href":"https:\/\/dicodusport.fr\/blog\/wp-json\/wp\/v2\/posts\/177324\/revisions"}],"wp:featuredmedia":[{"embeddable":true,"href":"https:\/\/dicodusport.fr\/blog\/wp-json\/wp\/v2\/media\/177335"}],"wp:attachment":[{"href":"https:\/\/dicodusport.fr\/blog\/wp-json\/wp\/v2\/media?parent=177324"}],"wp:term":[{"taxonomy":"category","embeddable":true,"href":"https:\/\/dicodusport.fr\/blog\/wp-json\/wp\/v2\/categories?post=177324"},{"taxonomy":"post_tag","embeddable":true,"href":"https:\/\/dicodusport.fr\/blog\/wp-json\/wp\/v2\/tags?post=177324"}],"curies":[{"name":"wp","href":"https:\/\/api.w.org\/{rel}","templated":true}]}}