{"id":177341,"date":"2021-11-04T11:15:25","date_gmt":"2021-11-04T10:15:25","guid":{"rendered":"https:\/\/dicodusport.fr\/blog\/?p=177341&#038;preview=true&#038;preview_id=177341"},"modified":"2021-11-04T14:07:03","modified_gmt":"2021-11-04T13:07:03","slug":"emilien-jacquelin-je-me-concentre-beaucoup-plus-sur-les-jeux-olympiques","status":"publish","type":"post","link":"https:\/\/dicodusport.fr\/blog\/emilien-jacquelin-je-me-concentre-beaucoup-plus-sur-les-jeux-olympiques\/","title":{"rendered":"\u00c9milien Jacquelin : \u00ab Je me concentre beaucoup plus sur les Jeux Olympiques \u00bb"},"content":{"rendered":"<p style=\"text-align: justify;\"><strong><em>BIATHLON &#8211; Double champion du monde en titre de la poursuite, \u00c9milien Jacquelin sera, une nouvelle fois, l&rsquo;une des t\u00eates d&rsquo;affiche de l&rsquo;\u00e9quipe de France de biathlon cette saison. Sa blessure au bras et sa pr\u00e9paration perturb\u00e9e, ses objectifs, le futur, l&rsquo;Is\u00e9rois a r\u00e9pondu \u00e0 nos questions, \u00e0 moins d&rsquo;un mois de l&rsquo;ouverture de la Coupe du monde.<\/em><\/strong><\/p>\n<h3 style=\"text-align: justify;\">\u00c9milien, comment vas-tu \u00e0 moins d&rsquo;un mois du d\u00e9but de la Coupe du monde 2021-2022 ?<\/h3>\n<p style=\"text-align: justify;\">\u00c7a va ! Je suis assez content, la forme revient bien. Je sens bien que je retrouve petit \u00e0 petit mon niveau. Il y avait un peu d&rsquo;appr\u00e9hension apr\u00e8s ma blessure du mois d&rsquo;ao\u00fbt, notamment concernant la forme physique et pour savoir si j&rsquo;avais pris du retard par rapport aux autres. Ce que je remarque c&rsquo;est que oui, en effet, j&rsquo;ai un peu de retard par rapport aux coll\u00e8gues, notamment d&rsquo;un point de vue musculaire, mais c&rsquo;est en train de revenir gentiment, et je me pose moins de questions. Cela me permet de rester concentrer sur le tir.<\/p>\n<h3 style=\"text-align: justify;\">Justement, en parlant du tir, j&rsquo;ai lu que tu avais d\u00fb revoir ta fa\u00e7on de tirer, en raison de cette blessure au bras, sans que cela ait un mauvais impact sur ta pr\u00e9cision. Peux-tu nous en dire plus ?<\/h3>\n<p style=\"text-align: justify;\">En effet ! La mobilit\u00e9 de mon poignet n&rsquo;est pas encore optimale, ce qui fait que je ne peux pas tirer de mani\u00e8re naturelle sur le couch\u00e9. Ce n&rsquo;est toujours pas le cas aujourd&rsquo;hui et par cons\u00e9quent, j&rsquo;ai une pi\u00e8ce qui est adapt\u00e9e pour le tir couch\u00e9. D&rsquo;habitude, on vient placer notre main entre le pouce et l&rsquo;index, mais cela cr\u00e9e trop de contraintes sur mon poignet. Par cons\u00e9quent, je place ma main entre l&rsquo;index et le majeur. Il faut savoir que l&rsquo;on n&rsquo;a jamais appris \u00e0 tirer de cette fa\u00e7on depuis notre plus jeune \u00e2ge. C&rsquo;est un vrai challenge pour moi que d&rsquo;essayer d&rsquo;\u00eatre r\u00e9gulier avec cette position que je vais garder cette saison. Jusqu&rsquo;ici, tout va bien, que ce soit en entra\u00eenement ou en comp\u00e9tition, puisque j&rsquo;ai fait un sans-faute lors des championnats de France sur les tirs couch\u00e9s.<\/p>\n<blockquote class=\"twitter-tweet\">\n<p dir=\"ltr\" lang=\"fr\">&#x1f1eb;&#x1f1f7; Quentin Fillon Maillet champion de France de la poursuite devant \u00c9milien Jacquelin &#x1f3c6; <a href=\"https:\/\/twitter.com\/hashtag\/Biathlon?src=hash&amp;ref_src=twsrc%5Etfw\">#Biathlon<\/a><a href=\"https:\/\/t.co\/jbjoYnH73q\">https:\/\/t.co\/jbjoYnH73q<\/a><\/p>\n<p>\u2014 Dicodusport &#x2b50;&#x2b50; (@dicodusport) <a href=\"https:\/\/twitter.com\/dicodusport\/status\/1449739121816219648?ref_src=twsrc%5Etfw\">October 17, 2021<\/a><\/p><\/blockquote>\n<p><script async src=\"https:\/\/platform.twitter.com\/widgets.js\" charset=\"utf-8\"><\/script><\/p>\n<h3 style=\"text-align: justify;\">Cette saison va forc\u00e9ment \u00eatre particuli\u00e8re, avec en point d&rsquo;orgue, les Jeux de P\u00e9kin. Comment abordes-tu cet exercice 2021-2022 ?<\/h3>\n<p style=\"text-align: justify;\">En r\u00e9alit\u00e9, <a href=\"https:\/\/dicodusport.fr\/blog\/fracture-du-bras-et-operation-pour-emilien-jacquelin\/\">la blessure au bras<\/a> fait que je me concentre beaucoup plus sur les Jeux Olympiques que la Coupe du monde. Alors bien-s\u00fbr que j&rsquo;ai envie de performer sur les diff\u00e9rentes \u00e9tapes, et dans les ann\u00e9es futures de jouer le classement g\u00e9n\u00e9ral, mais je ne pense pas avoir eu la pr\u00e9paration optimale pour le faire d\u00e8s cette saison. Et puis on conna\u00eet la grandeur des JO, de l&rsquo;\u00e9v\u00e9nement, c&rsquo;est d\u00e9j\u00e0 un r\u00eave d&rsquo;enfant que d&rsquo;y participer. Maintenant,\u00a0 j&rsquo;ai vraiment envie de revenir de P\u00e9kin avec au moins une m\u00e9daille, ce serait un accomplissement, et encore plus avec les al\u00e9as de ma pr\u00e9paration.<\/p>\n<h3 style=\"text-align: justify;\">Justement, en vue des Jeux Olympiques de P\u00e9kin, et selon le sc\u00e9nario de la Coupe du monde au mois de janvier, des impasses sont-elles envisageables ?<\/h3>\n<p style=\"text-align: justify;\">Je pense que ce sera du cas par cas pour ma part. Nous n&rsquo;avons pas encore parl\u00e9 de tout \u00e7a avec les entra\u00eeneurs, et je pense qu&rsquo;il y a beaucoup \u00e0 faire sur la Coupe du monde, \u00e0 commencer par retrouver mon niveau, pour \u00eatre le plus performant possible aux JO. Pour l&rsquo;instant, ce n&rsquo;est pas pr\u00e9vu. Apr\u00e8s, cela pourrait \u00eatre envisageable dans certains cas particuliers, et notamment si on ressent une l\u00e9g\u00e8re fatigue. Il faut dire aussi que ce n&rsquo;est pas quelque chose de traditionnel de faire \u00e7a en France : Martin Fourcade n&rsquo;a par exemple jamais fait d&rsquo;impasses avant les Jeux. Dans l&rsquo;id\u00e9e, pour le moment, le but est de tout courir.<\/p>\n<h3 style=\"text-align: justify;\">Avant de parler d&rsquo;impasse, il y aura l&rsquo;\u00e9tape du Grand-Bornand, qui sera de retour cette saison. On imagine que c&rsquo;est une grande joie pour toi et l&rsquo;\u00e9quipe de France d&rsquo;y revenir ?<\/h3>\n<p style=\"text-align: justify;\">Oui, vraiment ! L&rsquo;an dernier, on n&rsquo;a pas pu y venir \u00e0 cause de la situation sanitaire. Mais c&rsquo;est vraiment une belle f\u00eate et grande joie de courir \u00e0 la maison. C&rsquo;est vrai qu&rsquo;on a moins l&rsquo;habitude de le faire que nos homologues allemands ou norv\u00e9giens par exemple. Pour autant, je trouve qu&rsquo;il y a vraiment une ferveur qui se d\u00e9gage au Grand-Bornand, et ce n&rsquo;est pas \u00eatre chauvin de dire \u00e7a, puisque les autres nations adorent \u00e9galement y courir, notamment gr\u00e2ce \u00e0 la grosse ambiance pr\u00e9sente \u00e0 chaque fois sur le site. Personnellement, j&rsquo;y ai de fabuleux souvenirs, et j&rsquo;esp\u00e8re en avoir d&rsquo;autres au mois de d\u00e9cembre.<\/p>\n<h3 style=\"text-align: justify;\">Sans parler de tes objectifs, qu&rsquo;est-ce que ce serait une saison r\u00e9ussie pour toi ?<\/h3>\n<p style=\"text-align: justify;\">Au vu des circonstances et de ma pr\u00e9paration, retrouver mon niveau d\u00e8s le d\u00e9but de saison serait une premi\u00e8re r\u00e9ussite. Ensuite, ce serait de gagner des Coupes du monde et de revenir des Jeux Olympiques avec une m\u00e9daille individuelle et collective, l\u00e0, je serai tr\u00e8s content de ma saison.<\/p>\n<h3 style=\"text-align: justify;\">Tu parlais de la possibilit\u00e9 de jouer le classement g\u00e9n\u00e9ral de la Coupe du monde lors des prochaines saisons. Selon toi, qu&rsquo;est-ce qu&rsquo;il te manque encore pour rivaliser avec un Johannes Boe durant toute une saison ?<\/h3>\n<p style=\"text-align: justify;\">De la r\u00e9gularit\u00e9 mentale je dirais. C&rsquo;est-\u00e0-dire que je pense avoir les qualit\u00e9s pour jouer les premiers r\u00f4les lorsque je le d\u00e9cide, et notamment sur les courses d&rsquo;un jour, car c&rsquo;est ce qui me fait vibrer dans mon sport. Ma principale difficult\u00e9 finalement, c&rsquo;est de donner 100% de moi-m\u00eame et de repousser mes limites \u00e0 chaque course, que ce soit dans la difficult\u00e9 ou la facilit\u00e9. C&rsquo;est ce qu&rsquo;il me manque aujourd&rsquo;hui, car pour jouer un classement g\u00e9n\u00e9ral, il ne faut rien l\u00e2cher sur chaque course, et m\u00eame sur chaque balle. Jusqu&rsquo;\u00e0 aujourd&rsquo;hui, ce n&rsquo;est pas le cas pour moi. Je n&rsquo;ai pas encore cette capacit\u00e9. Je travaille dans ce sens-l\u00e0, mais c&rsquo;est aussi une question de maturit\u00e9. Je sens que j&rsquo;\u00e9volue, maintenant, seul l&rsquo;avenir me dira si j&rsquo;en suis vraiment capable.<\/p>\n<h3 style=\"text-align: justify;\">Avec le d\u00e9part \u00e0 la retraite de Martin Fourcade il y a 2 ans, il n&rsquo;y a pas de leader naturel incontestable en \u00e9quipe de France, mais bien deux t\u00eates d&rsquo;affiche avec Quentin Fillon Maillet et toi. Penses-tu pouvoir prochainement remplir ce r\u00f4le, notamment en passant un autre grand cap cette saison ?<\/h3>\n<p style=\"text-align: justify;\">Je ne sais pas. Je pense qu&rsquo;\u00eatre leader, \u00e7a se fait naturellement. Quentin (Fillon Maillet), par exemple, a \u00e0 c\u0153ur d&rsquo;\u00eatre le leader de l&rsquo;\u00e9quipe, de par son \u00e2ge et son palmar\u00e8s. On a deux profils diff\u00e9rents je pense, lui est beaucoup plus r\u00e9gulier, et il lui manque pour l&rsquo;instant la toute petite chose pour aller chercher des titres, alors qu&rsquo;il en a bien-s\u00fbr les capacit\u00e9s. \u00c0 l&rsquo;inverse, de mon c\u00f4t\u00e9, c&rsquo;est sur les courses d&rsquo;un jour que je brille pour l&rsquo;instant, et moins sur la r\u00e9gularit\u00e9. Apr\u00e8s, que ce soit avec Quentin ou le reste de l&rsquo;\u00e9quipe, on se tire tous vers le haut. Le fait qu&rsquo;il n&rsquo;y ait pas de leader naturel, je ne pense pas que ce soit un probl\u00e8me au final.<\/p>\n<blockquote class=\"twitter-tweet\">\n<p dir=\"ltr\" lang=\"fr\">IL EST VRAIMENT PH\u00c9NOM\u00c9NAL ! &#x1f929;&#x1f1eb;&#x1f1f7;<\/p>\n<p>\u00c9milien Jacquelin conserve son titre mondial sur la poursuite et offre \u00e0 la France une premi\u00e8re m\u00e9daille d&rsquo;or \u00e0 Pokljuka &#x1f947; <a href=\"https:\/\/twitter.com\/hashtag\/Pokljuka2021?src=hash&amp;ref_src=twsrc%5Etfw\">#Pokljuka2021<\/a> <a href=\"https:\/\/twitter.com\/hashtag\/Biathlon?src=hash&amp;ref_src=twsrc%5Etfw\">#Biathlon<\/a><\/p>\n<p>\u2014 Dicodusport &#x2b50;&#x2b50; (@dicodusport) <a href=\"https:\/\/twitter.com\/dicodusport\/status\/1360934240339296256?ref_src=twsrc%5Etfw\">February 14, 2021<\/a><\/p><\/blockquote>\n<p><script async src=\"https:\/\/platform.twitter.com\/widgets.js\" charset=\"utf-8\"><\/script><\/p>\n<h3 style=\"text-align: justify;\">Tout autre chose et pour aller plus loin, c&rsquo;est vrai qu&rsquo;une carri\u00e8re de sportif de haut niveau, \u00e7a file vite. Tu n&rsquo;as que 26 ans et de belles ann\u00e9es devant toi. N\u00e9anmoins, as-tu d\u00e9j\u00e0 pens\u00e9 \u00e0 ton apr\u00e8s carri\u00e8re ? Te verrais-tu entra\u00eener par la suite ?<\/h3>\n<p style=\"text-align: justify;\">Ce qui est s\u00fbr, c&rsquo;est que j&rsquo;ai envie de partager mon exp\u00e9rience et mon histoire aux jeunes biathl\u00e8tes, mais aussi \u00e0 ceux qui suivent le biathlon. Le sport de haut niveau, c&rsquo;est une aventure personnelle, enrichissante, avec des hauts et des bas. J&rsquo;ai vraiment envie de partager tout \u00e7a. Pour ce qui est d&rsquo;entra\u00eener, ce n&rsquo;est pas une priorit\u00e9 pour l&rsquo;instant. Mais c&rsquo;est s\u00fbr qu&rsquo;il y aura cette envie de partager ce que j&rsquo;ai v\u00e9cu au cours de ma carri\u00e8re.<\/p>\n<h3 style=\"text-align: justify;\">Derni\u00e8re petite question bonus : si on consid\u00e8re que Martin Fourcade est le Roger Federer du biathlon, par son palmar\u00e8s et sa long\u00e9vit\u00e9, est-ce que cela te convient si on dit de toi que tu es le Ga\u00ebl Monfils du biathlon, pour le c\u00f4t\u00e9 spectacle que tu donnes sur tes courses, mais aussi les frissons lors de tes victoires ?<\/h3>\n<p style=\"text-align: justify;\">Alors je ne suis pas trop tennis, mais oui, je connais Ga\u00ebl Monfils et ses exploits \u00e0 Roland-Garros. Mais c&rsquo;est vrai que je me reconnais dans cette comparaison, pour le c\u00f4t\u00e9 plaisir que je prends et donne dans ma discipline. Apr\u00e8s, je me reconnais davantage dans des coureurs cyclistes comme Thibaut Pinot et Julian Alaphilippe pour le c\u00f4t\u00e9 panache. C&rsquo;est ce que j&rsquo;aime, et c&rsquo;est vrai que le sport spectacle, c&rsquo;est aussi le sport de haut niveau, et \u00e7a reste pour moi un divertissement qui procure des \u00e9motions. Personnellement, j&rsquo;ai parfois l&rsquo;impression de courir comme j&rsquo;aimerai voir les biathl\u00e8tes courir en regardant une course \u00e0 la t\u00e9l\u00e9vision. C&rsquo;est ma fa\u00e7on de voir les choses.<\/p>\n<ul>\n<li style=\"text-align: justify;\"><strong>\u00c0 lire aussi &#8211; <a href=\"https:\/\/dicodusport.fr\/blog\/biathlon-coupe-du-monde-2021-2022-le-calendrier-complet\/\">Le calendrier de la Coupe du monde de biathlon 2021-2022<\/a><\/strong><\/li>\n<\/ul>\n","protected":false},"excerpt":{"rendered":"<p>BIATHLON &#8211; Double champion du monde en titre de la poursuite, \u00c9milien Jacquelin sera, une nouvelle fois, l&rsquo;une des t\u00eates d&rsquo;affiche de l&rsquo;\u00e9quipe de France de biathlon cette saison. Sa blessure au bras et sa pr\u00e9paration perturb\u00e9e, ses objectifs, le futur, l&rsquo;Is\u00e9rois a r\u00e9pondu \u00e0 nos questions, \u00e0 moins d&rsquo;un mois de l&rsquo;ouverture de la Coupe du monde.<\/p>\n","protected":false},"author":4,"featured_media":177494,"comment_status":"open","ping_status":"closed","sticky":false,"template":"","format":"standard","meta":{"_acf_changed":false,"_daextam_enable_autolinks":"","footnotes":""},"categories":[47040],"tags":[2427,2692,24],"class_list":["post-177341","post","type-post","status-publish","format-standard","has-post-thumbnail","hentry","category-coupe-du-monde-de-biathlon","tag-biathlon","tag-emilien-jacquelin","tag-sport"],"acf":[],"yoast_head":"<!-- This site is optimized with the Yoast SEO Premium plugin v26.7 (Yoast SEO v26.7) - https:\/\/yoast.com\/wordpress\/plugins\/seo\/ -->\n<title>\u00c9milien Jacquelin : \u00ab Je me concentre beaucoup plus sur les Jeux Olympiques \u00bb<\/title>\n<meta name=\"description\" content=\"BIATHLON - Double champion du monde de la poursuite, \u00c9milien Jacquelin a r\u00e9pondu \u00e0 nos questions, \u00e0 moins d&#039;un mois de la Coupe du monde.\" \/>\n<meta name=\"robots\" content=\"index, follow, max-snippet:-1, max-image-preview:large, max-video-preview:-1\" \/>\n<link rel=\"canonical\" href=\"https:\/\/dicodusport.fr\/blog\/emilien-jacquelin-je-me-concentre-beaucoup-plus-sur-les-jeux-olympiques\/\" \/>\n<meta property=\"og:locale\" content=\"fr_FR\" \/>\n<meta property=\"og:type\" content=\"article\" \/>\n<meta property=\"og:title\" content=\"\u00c9milien Jacquelin : \u00ab Je me concentre beaucoup plus sur les Jeux Olympiques \u00bb\" \/>\n<meta property=\"og:description\" content=\"BIATHLON - Double champion du monde de la poursuite, \u00c9milien Jacquelin a r\u00e9pondu \u00e0 nos questions, \u00e0 moins d&#039;un mois de la Coupe du monde.\" \/>\n<meta property=\"og:url\" content=\"https:\/\/dicodusport.fr\/blog\/emilien-jacquelin-je-me-concentre-beaucoup-plus-sur-les-jeux-olympiques\/\" \/>\n<meta property=\"og:site_name\" content=\"Dicodusport\" \/>\n<meta property=\"article:publisher\" content=\"https:\/\/www.facebook.com\/dicodusport\" \/>\n<meta property=\"article:author\" content=\"https:\/\/www.facebook.com\/florent.ostermann\" \/>\n<meta property=\"article:published_time\" content=\"2021-11-04T10:15:25+00:00\" \/>\n<meta property=\"article:modified_time\" content=\"2021-11-04T13:07:03+00:00\" \/>\n<meta property=\"og:image\" content=\"https:\/\/dicodusport.fr\/blog\/wp-content\/uploads\/2021\/11\/Emilien-Jacquelin-Je-me-concentre-beaucoup-plus-sur-les-Jeux-Olympiques-.png\" \/>\n\t<meta property=\"og:image:width\" content=\"800\" \/>\n\t<meta property=\"og:image:height\" content=\"445\" \/>\n\t<meta property=\"og:image:type\" content=\"image\/png\" \/>\n<meta name=\"author\" content=\"Flo Ostermann\" \/>\n<meta name=\"twitter:card\" content=\"summary_large_image\" \/>\n<meta name=\"twitter:title\" content=\"\u00c9milien Jacquelin : \u00ab Je me concentre beaucoup plus sur les Jeux Olympiques \u00bb\" \/>\n<meta name=\"twitter:creator\" content=\"@https:\/\/twitter.com\/FlOstermann\" \/>\n<meta name=\"twitter:site\" content=\"@dicodusport\" \/>\n<script type=\"application\/ld+json\" class=\"yoast-schema-graph\">{\"@context\":\"https:\/\/schema.org\",\"@graph\":[{\"@type\":\"NewsArticle\",\"@id\":\"https:\/\/dicodusport.fr\/blog\/emilien-jacquelin-je-me-concentre-beaucoup-plus-sur-les-jeux-olympiques\/#article\",\"isPartOf\":{\"@id\":\"https:\/\/dicodusport.fr\/blog\/emilien-jacquelin-je-me-concentre-beaucoup-plus-sur-les-jeux-olympiques\/\"},\"author\":{\"name\":\"Flo Ostermann\",\"@id\":\"https:\/\/dicodusport.fr\/blog\/#\/schema\/person\/cb02af4c173ce4a653b55e9baf388d4a\"},\"headline\":\"\u00c9milien Jacquelin : \u00ab Je me concentre beaucoup plus sur les Jeux Olympiques \u00bb\",\"datePublished\":\"2021-11-04T10:15:25+00:00\",\"dateModified\":\"2021-11-04T13:07:03+00:00\",\"mainEntityOfPage\":{\"@id\":\"https:\/\/dicodusport.fr\/blog\/emilien-jacquelin-je-me-concentre-beaucoup-plus-sur-les-jeux-olympiques\/\"},\"wordCount\":1764,\"commentCount\":0,\"publisher\":{\"@id\":\"https:\/\/dicodusport.fr\/blog\/#organization\"},\"image\":{\"@id\":\"https:\/\/dicodusport.fr\/blog\/emilien-jacquelin-je-me-concentre-beaucoup-plus-sur-les-jeux-olympiques\/#primaryimage\"},\"thumbnailUrl\":\"https:\/\/dicodusport.fr\/blog\/wp-content\/uploads\/2021\/11\/Emilien-Jacquelin-Je-me-concentre-beaucoup-plus-sur-les-Jeux-Olympiques-.png\",\"keywords\":[\"Biathlon\",\"Emilien Jacquelin\",\"sport\"],\"articleSection\":[\"Coupe du monde de biathlon\"],\"inLanguage\":\"fr-FR\",\"potentialAction\":[{\"@type\":\"CommentAction\",\"name\":\"Comment\",\"target\":[\"https:\/\/dicodusport.fr\/blog\/emilien-jacquelin-je-me-concentre-beaucoup-plus-sur-les-jeux-olympiques\/#respond\"]}],\"copyrightYear\":\"2021\",\"copyrightHolder\":{\"@id\":\"https:\/\/dicodusport.fr\/blog\/#organization\"}},{\"@type\":\"WebPage\",\"@id\":\"https:\/\/dicodusport.fr\/blog\/emilien-jacquelin-je-me-concentre-beaucoup-plus-sur-les-jeux-olympiques\/\",\"url\":\"https:\/\/dicodusport.fr\/blog\/emilien-jacquelin-je-me-concentre-beaucoup-plus-sur-les-jeux-olympiques\/\",\"name\":\"\u00c9milien Jacquelin : \u00ab Je me concentre beaucoup plus sur les Jeux Olympiques \u00bb\",\"isPartOf\":{\"@id\":\"https:\/\/dicodusport.fr\/blog\/#website\"},\"primaryImageOfPage\":{\"@id\":\"https:\/\/dicodusport.fr\/blog\/emilien-jacquelin-je-me-concentre-beaucoup-plus-sur-les-jeux-olympiques\/#primaryimage\"},\"image\":{\"@id\":\"https:\/\/dicodusport.fr\/blog\/emilien-jacquelin-je-me-concentre-beaucoup-plus-sur-les-jeux-olympiques\/#primaryimage\"},\"thumbnailUrl\":\"https:\/\/dicodusport.fr\/blog\/wp-content\/uploads\/2021\/11\/Emilien-Jacquelin-Je-me-concentre-beaucoup-plus-sur-les-Jeux-Olympiques-.png\",\"datePublished\":\"2021-11-04T10:15:25+00:00\",\"dateModified\":\"2021-11-04T13:07:03+00:00\",\"description\":\"BIATHLON - Double champion du monde de la poursuite, \u00c9milien Jacquelin a r\u00e9pondu \u00e0 nos questions, \u00e0 moins d'un mois de la Coupe du monde.\",\"breadcrumb\":{\"@id\":\"https:\/\/dicodusport.fr\/blog\/emilien-jacquelin-je-me-concentre-beaucoup-plus-sur-les-jeux-olympiques\/#breadcrumb\"},\"inLanguage\":\"fr-FR\",\"potentialAction\":[{\"@type\":\"ReadAction\",\"target\":[\"https:\/\/dicodusport.fr\/blog\/emilien-jacquelin-je-me-concentre-beaucoup-plus-sur-les-jeux-olympiques\/\"]}]},{\"@type\":\"ImageObject\",\"inLanguage\":\"fr-FR\",\"@id\":\"https:\/\/dicodusport.fr\/blog\/emilien-jacquelin-je-me-concentre-beaucoup-plus-sur-les-jeux-olympiques\/#primaryimage\",\"url\":\"https:\/\/dicodusport.fr\/blog\/wp-content\/uploads\/2021\/11\/Emilien-Jacquelin-Je-me-concentre-beaucoup-plus-sur-les-Jeux-Olympiques-.png\",\"contentUrl\":\"https:\/\/dicodusport.fr\/blog\/wp-content\/uploads\/2021\/11\/Emilien-Jacquelin-Je-me-concentre-beaucoup-plus-sur-les-Jeux-Olympiques-.png\",\"width\":800,\"height\":445,\"caption\":\"\u00c9milien Jacquelin \u00ab Je me concentre beaucoup plus sur les Jeux Olympiques \u00bb\"},{\"@type\":\"BreadcrumbList\",\"@id\":\"https:\/\/dicodusport.fr\/blog\/emilien-jacquelin-je-me-concentre-beaucoup-plus-sur-les-jeux-olympiques\/#breadcrumb\",\"itemListElement\":[{\"@type\":\"ListItem\",\"position\":1,\"name\":\"Accueil\",\"item\":\"https:\/\/dicodusport.fr\/blog\/\"},{\"@type\":\"ListItem\",\"position\":2,\"name\":\"\u00c9milien Jacquelin : \u00ab Je me concentre beaucoup plus sur les Jeux Olympiques \u00bb\"}]},{\"@type\":\"WebSite\",\"@id\":\"https:\/\/dicodusport.fr\/blog\/#website\",\"url\":\"https:\/\/dicodusport.fr\/blog\/\",\"name\":\"Dicodusport\",\"description\":\"L&#039;encyclop\u00e9die de l&#039;actualit\u00e9 sportive\",\"publisher\":{\"@id\":\"https:\/\/dicodusport.fr\/blog\/#organization\"},\"potentialAction\":[{\"@type\":\"SearchAction\",\"target\":{\"@type\":\"EntryPoint\",\"urlTemplate\":\"https:\/\/dicodusport.fr\/blog\/?s={search_term_string}\"},\"query-input\":{\"@type\":\"PropertyValueSpecification\",\"valueRequired\":true,\"valueName\":\"search_term_string\"}}],\"inLanguage\":\"fr-FR\"},{\"@type\":\"NewsMediaOrganization\",\"@id\":\"https:\/\/dicodusport.fr\/blog\/#organization\",\"name\":\"Dicodusport\",\"url\":\"https:\/\/dicodusport.fr\/blog\/\",\"logo\":{\"@type\":\"ImageObject\",\"inLanguage\":\"fr-FR\",\"@id\":\"https:\/\/dicodusport.fr\/blog\/#\/schema\/logo\/image\/\",\"url\":\"https:\/\/dicodusport.fr\/blog\/wp-content\/uploads\/2020\/06\/cropped-LOGO-DICODUSPORT-2020-SANS-FOND-SANS-TEXTE.png\",\"contentUrl\":\"https:\/\/dicodusport.fr\/blog\/wp-content\/uploads\/2020\/06\/cropped-LOGO-DICODUSPORT-2020-SANS-FOND-SANS-TEXTE.png\",\"width\":512,\"height\":512,\"caption\":\"Dicodusport\"},\"image\":{\"@id\":\"https:\/\/dicodusport.fr\/blog\/#\/schema\/logo\/image\/\"},\"sameAs\":[\"https:\/\/www.facebook.com\/dicodusport\",\"https:\/\/x.com\/dicodusport\",\"https:\/\/www.instagram.com\/dicodusport\/\",\"https:\/\/www.youtube.com\/channel\/UC7V2KZ5sd3htJivAbA4ZG3w\"],\"description\":\"Dicodusport est l'encyclop\u00e9die de l'actualit\u00e9 sportive.\",\"email\":\"bonjour@dicodusport.fr\",\"legalName\":\"DICODUSPORT\",\"foundingDate\":\"2018-01-14\",\"vatID\":\"FR71834470973\",\"taxID\":\"83447097300043\",\"numberOfEmployees\":{\"@type\":\"QuantitativeValue\",\"minValue\":\"1\",\"maxValue\":\"10\"}},{\"@type\":\"Person\",\"@id\":\"https:\/\/dicodusport.fr\/blog\/#\/schema\/person\/cb02af4c173ce4a653b55e9baf388d4a\",\"name\":\"Flo Ostermann\",\"image\":{\"@type\":\"ImageObject\",\"inLanguage\":\"fr-FR\",\"@id\":\"https:\/\/dicodusport.fr\/blog\/#\/schema\/person\/image\/\",\"url\":\"https:\/\/dicodusport.fr\/blog\/wp-content\/uploads\/2021\/05\/Flo-Ostermann-150x150.jpg\",\"contentUrl\":\"https:\/\/dicodusport.fr\/blog\/wp-content\/uploads\/2021\/05\/Flo-Ostermann-150x150.jpg\",\"caption\":\"Flo Ostermann\"},\"description\":\"Journaliste\/R\u00e9dacteur depuis septembre 2015 - Mes premiers souvenirs dans le sport ? Les envol\u00e9es du Stade Toulousain et les duels Villeneuve-Schumacher et H\u00e4kkinen-Schumacher \u00e0 la fin des ann\u00e9es 90, la Coupe du monde de football en 1998, l\u2019exploit du XV de France face aux All Blacks en 1999, mais aussi Richard C\u0153ur de Lion qui vole sur les montagnes du Tour de France. Bien parti pour devenir professeur d\u2019EPS, les \u00e9v\u00e9nements de la vie (et la flemme d\u2019animer des s\u00e9ances de 3x500 m\u00e8tres toute ma vie) m\u2019ont conduit \u00e0 revoir mes plans. Me voil\u00e0 depuis fin 2017 sur Dicodusport, m\u00e9dia gr\u00e2ce (et pour) lequel je partage ma passion : le sport dans tous ses \u00e9tats. Le tout accompagn\u00e9 par les fous furieux et folles furieuses cit\u00e9s sur cette page !\",\"sameAs\":[\"https:\/\/www.facebook.com\/florent.ostermann\",\"https:\/\/x.com\/https:\/\/twitter.com\/FlOstermann\",\"admin\"],\"url\":\"https:\/\/dicodusport.fr\/blog\/author\/flo\/\"}]}<\/script>\n<!-- \/ Yoast SEO Premium plugin. -->","yoast_head_json":{"title":"\u00c9milien Jacquelin : \u00ab Je me concentre beaucoup plus sur les Jeux Olympiques \u00bb","description":"BIATHLON - Double champion du monde de la poursuite, \u00c9milien Jacquelin a r\u00e9pondu \u00e0 nos questions, \u00e0 moins d'un mois de la Coupe du monde.","robots":{"index":"index","follow":"follow","max-snippet":"max-snippet:-1","max-image-preview":"max-image-preview:large","max-video-preview":"max-video-preview:-1"},"canonical":"https:\/\/dicodusport.fr\/blog\/emilien-jacquelin-je-me-concentre-beaucoup-plus-sur-les-jeux-olympiques\/","og_locale":"fr_FR","og_type":"article","og_title":"\u00c9milien Jacquelin : \u00ab Je me concentre beaucoup plus sur les Jeux Olympiques \u00bb","og_description":"BIATHLON - Double champion du monde de la poursuite, \u00c9milien Jacquelin a r\u00e9pondu \u00e0 nos questions, \u00e0 moins d'un mois de la Coupe du monde.","og_url":"https:\/\/dicodusport.fr\/blog\/emilien-jacquelin-je-me-concentre-beaucoup-plus-sur-les-jeux-olympiques\/","og_site_name":"Dicodusport","article_publisher":"https:\/\/www.facebook.com\/dicodusport","article_author":"https:\/\/www.facebook.com\/florent.ostermann","article_published_time":"2021-11-04T10:15:25+00:00","article_modified_time":"2021-11-04T13:07:03+00:00","og_image":[{"width":800,"height":445,"url":"https:\/\/dicodusport.fr\/blog\/wp-content\/uploads\/2021\/11\/Emilien-Jacquelin-Je-me-concentre-beaucoup-plus-sur-les-Jeux-Olympiques-.png","type":"image\/png"}],"author":"Flo Ostermann","twitter_card":"summary_large_image","twitter_title":"\u00c9milien Jacquelin : \u00ab Je me concentre beaucoup plus sur les Jeux Olympiques \u00bb","twitter_creator":"@https:\/\/twitter.com\/FlOstermann","twitter_site":"@dicodusport","schema":{"@context":"https:\/\/schema.org","@graph":[{"@type":"NewsArticle","@id":"https:\/\/dicodusport.fr\/blog\/emilien-jacquelin-je-me-concentre-beaucoup-plus-sur-les-jeux-olympiques\/#article","isPartOf":{"@id":"https:\/\/dicodusport.fr\/blog\/emilien-jacquelin-je-me-concentre-beaucoup-plus-sur-les-jeux-olympiques\/"},"author":{"name":"Flo Ostermann","@id":"https:\/\/dicodusport.fr\/blog\/#\/schema\/person\/cb02af4c173ce4a653b55e9baf388d4a"},"headline":"\u00c9milien Jacquelin : \u00ab Je me concentre beaucoup plus sur les Jeux Olympiques \u00bb","datePublished":"2021-11-04T10:15:25+00:00","dateModified":"2021-11-04T13:07:03+00:00","mainEntityOfPage":{"@id":"https:\/\/dicodusport.fr\/blog\/emilien-jacquelin-je-me-concentre-beaucoup-plus-sur-les-jeux-olympiques\/"},"wordCount":1764,"commentCount":0,"publisher":{"@id":"https:\/\/dicodusport.fr\/blog\/#organization"},"image":{"@id":"https:\/\/dicodusport.fr\/blog\/emilien-jacquelin-je-me-concentre-beaucoup-plus-sur-les-jeux-olympiques\/#primaryimage"},"thumbnailUrl":"https:\/\/dicodusport.fr\/blog\/wp-content\/uploads\/2021\/11\/Emilien-Jacquelin-Je-me-concentre-beaucoup-plus-sur-les-Jeux-Olympiques-.png","keywords":["Biathlon","Emilien Jacquelin","sport"],"articleSection":["Coupe du monde de biathlon"],"inLanguage":"fr-FR","potentialAction":[{"@type":"CommentAction","name":"Comment","target":["https:\/\/dicodusport.fr\/blog\/emilien-jacquelin-je-me-concentre-beaucoup-plus-sur-les-jeux-olympiques\/#respond"]}],"copyrightYear":"2021","copyrightHolder":{"@id":"https:\/\/dicodusport.fr\/blog\/#organization"}},{"@type":"WebPage","@id":"https:\/\/dicodusport.fr\/blog\/emilien-jacquelin-je-me-concentre-beaucoup-plus-sur-les-jeux-olympiques\/","url":"https:\/\/dicodusport.fr\/blog\/emilien-jacquelin-je-me-concentre-beaucoup-plus-sur-les-jeux-olympiques\/","name":"\u00c9milien Jacquelin : \u00ab Je me concentre beaucoup plus sur les Jeux Olympiques \u00bb","isPartOf":{"@id":"https:\/\/dicodusport.fr\/blog\/#website"},"primaryImageOfPage":{"@id":"https:\/\/dicodusport.fr\/blog\/emilien-jacquelin-je-me-concentre-beaucoup-plus-sur-les-jeux-olympiques\/#primaryimage"},"image":{"@id":"https:\/\/dicodusport.fr\/blog\/emilien-jacquelin-je-me-concentre-beaucoup-plus-sur-les-jeux-olympiques\/#primaryimage"},"thumbnailUrl":"https:\/\/dicodusport.fr\/blog\/wp-content\/uploads\/2021\/11\/Emilien-Jacquelin-Je-me-concentre-beaucoup-plus-sur-les-Jeux-Olympiques-.png","datePublished":"2021-11-04T10:15:25+00:00","dateModified":"2021-11-04T13:07:03+00:00","description":"BIATHLON - Double champion du monde de la poursuite, \u00c9milien Jacquelin a r\u00e9pondu \u00e0 nos questions, \u00e0 moins d'un mois de la Coupe du monde.","breadcrumb":{"@id":"https:\/\/dicodusport.fr\/blog\/emilien-jacquelin-je-me-concentre-beaucoup-plus-sur-les-jeux-olympiques\/#breadcrumb"},"inLanguage":"fr-FR","potentialAction":[{"@type":"ReadAction","target":["https:\/\/dicodusport.fr\/blog\/emilien-jacquelin-je-me-concentre-beaucoup-plus-sur-les-jeux-olympiques\/"]}]},{"@type":"ImageObject","inLanguage":"fr-FR","@id":"https:\/\/dicodusport.fr\/blog\/emilien-jacquelin-je-me-concentre-beaucoup-plus-sur-les-jeux-olympiques\/#primaryimage","url":"https:\/\/dicodusport.fr\/blog\/wp-content\/uploads\/2021\/11\/Emilien-Jacquelin-Je-me-concentre-beaucoup-plus-sur-les-Jeux-Olympiques-.png","contentUrl":"https:\/\/dicodusport.fr\/blog\/wp-content\/uploads\/2021\/11\/Emilien-Jacquelin-Je-me-concentre-beaucoup-plus-sur-les-Jeux-Olympiques-.png","width":800,"height":445,"caption":"\u00c9milien Jacquelin \u00ab Je me concentre beaucoup plus sur les Jeux Olympiques \u00bb"},{"@type":"BreadcrumbList","@id":"https:\/\/dicodusport.fr\/blog\/emilien-jacquelin-je-me-concentre-beaucoup-plus-sur-les-jeux-olympiques\/#breadcrumb","itemListElement":[{"@type":"ListItem","position":1,"name":"Accueil","item":"https:\/\/dicodusport.fr\/blog\/"},{"@type":"ListItem","position":2,"name":"\u00c9milien Jacquelin : \u00ab Je me concentre beaucoup plus sur les Jeux Olympiques \u00bb"}]},{"@type":"WebSite","@id":"https:\/\/dicodusport.fr\/blog\/#website","url":"https:\/\/dicodusport.fr\/blog\/","name":"Dicodusport","description":"L&#039;encyclop\u00e9die de l&#039;actualit\u00e9 sportive","publisher":{"@id":"https:\/\/dicodusport.fr\/blog\/#organization"},"potentialAction":[{"@type":"SearchAction","target":{"@type":"EntryPoint","urlTemplate":"https:\/\/dicodusport.fr\/blog\/?s={search_term_string}"},"query-input":{"@type":"PropertyValueSpecification","valueRequired":true,"valueName":"search_term_string"}}],"inLanguage":"fr-FR"},{"@type":"NewsMediaOrganization","@id":"https:\/\/dicodusport.fr\/blog\/#organization","name":"Dicodusport","url":"https:\/\/dicodusport.fr\/blog\/","logo":{"@type":"ImageObject","inLanguage":"fr-FR","@id":"https:\/\/dicodusport.fr\/blog\/#\/schema\/logo\/image\/","url":"https:\/\/dicodusport.fr\/blog\/wp-content\/uploads\/2020\/06\/cropped-LOGO-DICODUSPORT-2020-SANS-FOND-SANS-TEXTE.png","contentUrl":"https:\/\/dicodusport.fr\/blog\/wp-content\/uploads\/2020\/06\/cropped-LOGO-DICODUSPORT-2020-SANS-FOND-SANS-TEXTE.png","width":512,"height":512,"caption":"Dicodusport"},"image":{"@id":"https:\/\/dicodusport.fr\/blog\/#\/schema\/logo\/image\/"},"sameAs":["https:\/\/www.facebook.com\/dicodusport","https:\/\/x.com\/dicodusport","https:\/\/www.instagram.com\/dicodusport\/","https:\/\/www.youtube.com\/channel\/UC7V2KZ5sd3htJivAbA4ZG3w"],"description":"Dicodusport est l'encyclop\u00e9die de l'actualit\u00e9 sportive.","email":"bonjour@dicodusport.fr","legalName":"DICODUSPORT","foundingDate":"2018-01-14","vatID":"FR71834470973","taxID":"83447097300043","numberOfEmployees":{"@type":"QuantitativeValue","minValue":"1","maxValue":"10"}},{"@type":"Person","@id":"https:\/\/dicodusport.fr\/blog\/#\/schema\/person\/cb02af4c173ce4a653b55e9baf388d4a","name":"Flo Ostermann","image":{"@type":"ImageObject","inLanguage":"fr-FR","@id":"https:\/\/dicodusport.fr\/blog\/#\/schema\/person\/image\/","url":"https:\/\/dicodusport.fr\/blog\/wp-content\/uploads\/2021\/05\/Flo-Ostermann-150x150.jpg","contentUrl":"https:\/\/dicodusport.fr\/blog\/wp-content\/uploads\/2021\/05\/Flo-Ostermann-150x150.jpg","caption":"Flo Ostermann"},"description":"Journaliste\/R\u00e9dacteur depuis septembre 2015 - Mes premiers souvenirs dans le sport ? Les envol\u00e9es du Stade Toulousain et les duels Villeneuve-Schumacher et H\u00e4kkinen-Schumacher \u00e0 la fin des ann\u00e9es 90, la Coupe du monde de football en 1998, l\u2019exploit du XV de France face aux All Blacks en 1999, mais aussi Richard C\u0153ur de Lion qui vole sur les montagnes du Tour de France. Bien parti pour devenir professeur d\u2019EPS, les \u00e9v\u00e9nements de la vie (et la flemme d\u2019animer des s\u00e9ances de 3x500 m\u00e8tres toute ma vie) m\u2019ont conduit \u00e0 revoir mes plans. Me voil\u00e0 depuis fin 2017 sur Dicodusport, m\u00e9dia gr\u00e2ce (et pour) lequel je partage ma passion : le sport dans tous ses \u00e9tats. Le tout accompagn\u00e9 par les fous furieux et folles furieuses cit\u00e9s sur cette page !","sameAs":["https:\/\/www.facebook.com\/florent.ostermann","https:\/\/x.com\/https:\/\/twitter.com\/FlOstermann","admin"],"url":"https:\/\/dicodusport.fr\/blog\/author\/flo\/"}]}},"_links":{"self":[{"href":"https:\/\/dicodusport.fr\/blog\/wp-json\/wp\/v2\/posts\/177341","targetHints":{"allow":["GET"]}}],"collection":[{"href":"https:\/\/dicodusport.fr\/blog\/wp-json\/wp\/v2\/posts"}],"about":[{"href":"https:\/\/dicodusport.fr\/blog\/wp-json\/wp\/v2\/types\/post"}],"author":[{"embeddable":true,"href":"https:\/\/dicodusport.fr\/blog\/wp-json\/wp\/v2\/users\/4"}],"replies":[{"embeddable":true,"href":"https:\/\/dicodusport.fr\/blog\/wp-json\/wp\/v2\/comments?post=177341"}],"version-history":[{"count":0,"href":"https:\/\/dicodusport.fr\/blog\/wp-json\/wp\/v2\/posts\/177341\/revisions"}],"wp:featuredmedia":[{"embeddable":true,"href":"https:\/\/dicodusport.fr\/blog\/wp-json\/wp\/v2\/media\/177494"}],"wp:attachment":[{"href":"https:\/\/dicodusport.fr\/blog\/wp-json\/wp\/v2\/media?parent=177341"}],"wp:term":[{"taxonomy":"category","embeddable":true,"href":"https:\/\/dicodusport.fr\/blog\/wp-json\/wp\/v2\/categories?post=177341"},{"taxonomy":"post_tag","embeddable":true,"href":"https:\/\/dicodusport.fr\/blog\/wp-json\/wp\/v2\/tags?post=177341"}],"curies":[{"name":"wp","href":"https:\/\/api.w.org\/{rel}","templated":true}]}}