{"id":177435,"date":"2021-11-03T23:00:49","date_gmt":"2021-11-03T22:00:49","guid":{"rendered":"https:\/\/dicodusport.fr\/blog\/?p=177435&#038;preview=true&#038;preview_id=177435"},"modified":"2025-09-16T08:58:49","modified_gmt":"2025-09-16T06:58:49","slug":"ligue-des-champions-le-psg-accroche-a-leipzig","status":"publish","type":"post","link":"https:\/\/dicodusport.fr\/blog\/ligue-des-champions-le-psg-accroche-a-leipzig\/","title":{"rendered":"Ligue des Champions : Le PSG accroch\u00e9 \u00e0 Leipzig"},"content":{"rendered":"<p style=\"text-align: justify;\"><strong><i>LIGUE DES CHAMPIONS &#8211; Bien que plus r\u00e9aliste, le PSG a finalement \u00e9t\u00e9 rejoint dans les derniers instants par le RB Leipzig (2-2). Un nul qui n&rsquo;arrange personne, et surtout pas les Parisiens, toujours en manque \u00e9vident de ma\u00eetrise.<\/i><\/strong><\/p>\n<p style=\"text-align: justify;\">Frustrant. Bien parti pour s\u2019imposer, le <strong>PSG<\/strong> a finalement partag\u00e9 les points avec le RB <strong>Leipzig<\/strong> (2-2) Un r\u00e9sultat qui scelle le sort des Allemands, qui ne pourront plus se qualifier pour la phase finale de la Champions League. Tout avait pourtant tr\u00e8s mal d\u00e9marr\u00e9 pour les hommes de Mauricio Pochettino. D\u00e8s la huiti\u00e8me minute, <strong>Angelino<\/strong> a d\u00e9pos\u00e9 un amour de centre sur la t\u00eate de <strong>Christopher Nkunku<\/strong>, qui s\u2019est montr\u00e9 sans piti\u00e9 pour son club formateur (1-0).<\/p>\n<p style=\"text-align: justify;\">Moins de deux minutes plus tard, Leipzig a obtenu un penalty pour une faute de Danilo dans la surface. L\u2019attaquant portugais <strong>Andr\u00e9 Silva<\/strong> s\u2019\u00e9lance, mais rate son duel face \u00e0 <strong>Donnarumma<\/strong>. Ce rat\u00e9 sera le tournant de la premi\u00e8re p\u00e9riode. \u00c0 la vingti\u00e8me minute, le PSG va offrir une le\u00e7on de r\u00e9alisme \u00e0 la jeune \u00e9quipe allemande. <strong>Neymar<\/strong> lance dans le dos de la d\u00e9fense <strong>Mbapp\u00e9<\/strong> qui sert dans la foul\u00e9e un caviar \u00e0 <strong>Wijnaldum<\/strong> qui \u00e9galise sur la premi\u00e8re incursion parisienne dans la surface adverse (1-1). Ce m\u00eame Wijnaldum va doubler la mise sur corner peu avant la mi-temps (1-2) et sans doute lancer pleinement son aventure parisienne.<\/p>\n<p style=\"text-align: justify;\">Bien que domin\u00e9 dans l\u2019ensemble, le <strong>PSG<\/strong> est rentr\u00e9 aux vestiaires avec l\u2019avantage. Pr\u00e9cis, les co\u00e9quipiers de <strong>Mbapp\u00e9<\/strong> n\u2019ont eu besoin que de trois tirs pour inscrire deux buts.<\/p>\n<h2 style=\"text-align: justify;\">Paris peut nourrir des regrets<\/h2>\n<p style=\"text-align: justify;\">Apr\u00e8s un d\u00e9but de deuxi\u00e8me p\u00e9riode plut\u00f4t \u00e9quilibr\u00e9, le <strong>PSG<\/strong> aura un gros temps fort autour de l\u2019heure de jeu. <strong>Kylian Mbapp\u00e9<\/strong> en profitera pour se cr\u00e9er deux grosses occasions, mais une frappe trop enlev\u00e9e (52\u2019) et un bel arr\u00eat de Gulasci (64\u2019) vont emp\u00eacher le g\u00e9nie fran\u00e7ais de tuer le match. La suite du match sera tout en gestion pour le PSG.<\/p>\n<p style=\"text-align: justify;\">Gr\u00e2ce \u00e0 un <strong>Marquinhos<\/strong> imp\u00e9rial, la d\u00e9fense parisienne a tranquillement g\u00e9r\u00e9 les offensives allemandes\u2026 jusqu\u2019au money time ! Sur un coup-franc banal obtenu \u00e0 la 89\u2019, <strong>Presnel Kimpembe<\/strong> va se rendre coupable d\u2019une charge dans le dos de <strong>Nkunku<\/strong> dans la surface. Apr\u00e8s visionnage de la VAR, l\u2019arbitre va accorder un penalty aux <em>Roten Bullen<\/em>. Entr\u00e9 en cours de jeu, <strong>Dominik Szoboszlai<\/strong> transforme et prive le <strong>PSG<\/strong> d\u2019un succ\u00e8s qui lui tendait les bras. 2-2 score final. Le PSG va sans doute devoir aller chercher la premi\u00e8re place du groupe sur la pelouse de <strong>Manchester City<\/strong> dans trois semaines.<\/p>\n<blockquote class=\"twitter-tweet\">\n<p dir=\"ltr\" lang=\"en\">Fin du match sur ce score de parit\u00e9, 2&#x20e3;-2&#x20e3;.<a href=\"https:\/\/twitter.com\/hashtag\/UCL?src=hash&amp;ref_src=twsrc%5Etfw\">#UCL<\/a> | <a href=\"https:\/\/twitter.com\/hashtag\/RBLPSG?src=hash&amp;ref_src=twsrc%5Etfw\">#RBLPSG<\/a> <a href=\"https:\/\/t.co\/VU5ghSRNae\">pic.twitter.com\/VU5ghSRNae<\/a><\/p>\n<p>\u2014 Paris Saint-Germain (@PSG_inside) <a href=\"https:\/\/twitter.com\/PSG_inside\/status\/1456017698085871620?ref_src=twsrc%5Etfw\">November 3, 2021<\/a><\/p><\/blockquote>\n<p><script async src=\"https:\/\/platform.twitter.com\/widgets.js\" charset=\"utf-8\"><\/script><\/p>\n","protected":false},"excerpt":{"rendered":"<p>LIGUE DES CHAMPIONS &#8211; Bien que plus r\u00e9aliste, le PSG a finalement \u00e9t\u00e9 rejoint dans les derniers instants par le RB Leipzig (2-2). Un nul qui n&rsquo;arrange personne, et surtout pas les Parisiens, toujours en manque \u00e9vident de ma\u00eetrise.<\/p>\n","protected":false},"author":39,"featured_media":177439,"comment_status":"open","ping_status":"closed","sticky":false,"template":"","format":"standard","meta":{"_acf_changed":false,"_daextam_enable_autolinks":"","footnotes":""},"categories":[47250],"tags":[914,75,419,910,4415],"class_list":["post-177435","post","type-post","status-publish","format-standard","has-post-thumbnail","hentry","category-ligue-des-champions-de-football","tag-champions-league","tag-football","tag-ligue-des-champions","tag-psg","tag-rb-leipzig"],"acf":[],"yoast_head":"<!-- This site is optimized with the Yoast SEO Premium plugin v26.7 (Yoast SEO v26.7) - https:\/\/yoast.com\/wordpress\/plugins\/seo\/ -->\n<title>Ligue des Champions : Le PSG accroch\u00e9 \u00e0 Leipzig<\/title>\n<meta name=\"description\" content=\"LIGUE DES CHAMPIONS - Bien que plus r\u00e9aliste, le PSG a finalement \u00e9t\u00e9 rejoint dans les\u00a0derniers instants par le RB Leipzig (2-2).\" \/>\n<meta name=\"robots\" content=\"index, follow, max-snippet:-1, max-image-preview:large, max-video-preview:-1\" \/>\n<link rel=\"canonical\" href=\"https:\/\/dicodusport.fr\/blog\/ligue-des-champions-le-psg-accroche-a-leipzig\/\" \/>\n<meta property=\"og:locale\" content=\"fr_FR\" \/>\n<meta property=\"og:type\" content=\"article\" \/>\n<meta property=\"og:title\" content=\"Ligue des Champions : Le PSG accroch\u00e9 \u00e0 Leipzig\" \/>\n<meta property=\"og:description\" content=\"LIGUE DES CHAMPIONS - Bien que plus r\u00e9aliste, le PSG a finalement \u00e9t\u00e9 rejoint dans les\u00a0derniers instants par le RB Leipzig (2-2).\" \/>\n<meta property=\"og:url\" content=\"https:\/\/dicodusport.fr\/blog\/ligue-des-champions-le-psg-accroche-a-leipzig\/\" \/>\n<meta property=\"og:site_name\" content=\"Dicodusport\" \/>\n<meta property=\"article:publisher\" content=\"https:\/\/www.facebook.com\/dicodusport\" \/>\n<meta property=\"article:published_time\" content=\"2021-11-03T22:00:49+00:00\" \/>\n<meta property=\"article:modified_time\" content=\"2025-09-16T06:58:49+00:00\" \/>\n<meta property=\"og:image\" content=\"https:\/\/dicodusport.fr\/blog\/wp-content\/uploads\/2021\/11\/Ligue-des-Champions-Le-PSG-accroche-a-Leipzig.png\" \/>\n\t<meta property=\"og:image:width\" content=\"800\" \/>\n\t<meta property=\"og:image:height\" content=\"445\" \/>\n\t<meta property=\"og:image:type\" content=\"image\/png\" \/>\n<meta name=\"author\" content=\"Idriss Ahamada\" \/>\n<meta name=\"twitter:card\" content=\"summary_large_image\" \/>\n<meta name=\"twitter:title\" content=\"Ligue des Champions : Le PSG accroch\u00e9 \u00e0 Leipzig\" \/>\n<meta name=\"twitter:creator\" content=\"@https:\/\/twitter.com\/idriss_ia7\" \/>\n<meta name=\"twitter:site\" content=\"@dicodusport\" \/>\n<script type=\"application\/ld+json\" class=\"yoast-schema-graph\">{\"@context\":\"https:\/\/schema.org\",\"@graph\":[{\"@type\":\"NewsArticle\",\"@id\":\"https:\/\/dicodusport.fr\/blog\/ligue-des-champions-le-psg-accroche-a-leipzig\/#article\",\"isPartOf\":{\"@id\":\"https:\/\/dicodusport.fr\/blog\/ligue-des-champions-le-psg-accroche-a-leipzig\/\"},\"author\":{\"name\":\"Idriss Ahamada\",\"@id\":\"https:\/\/dicodusport.fr\/blog\/#\/schema\/person\/f3797823174b5e2975b9efe0302f16f4\"},\"headline\":\"Ligue des Champions : Le PSG accroch\u00e9 \u00e0 Leipzig\",\"datePublished\":\"2021-11-03T22:00:49+00:00\",\"dateModified\":\"2025-09-16T06:58:49+00:00\",\"mainEntityOfPage\":{\"@id\":\"https:\/\/dicodusport.fr\/blog\/ligue-des-champions-le-psg-accroche-a-leipzig\/\"},\"wordCount\":495,\"commentCount\":0,\"publisher\":{\"@id\":\"https:\/\/dicodusport.fr\/blog\/#organization\"},\"image\":{\"@id\":\"https:\/\/dicodusport.fr\/blog\/ligue-des-champions-le-psg-accroche-a-leipzig\/#primaryimage\"},\"thumbnailUrl\":\"https:\/\/dicodusport.fr\/blog\/wp-content\/uploads\/2021\/11\/Ligue-des-Champions-Le-PSG-accroche-a-Leipzig.png\",\"keywords\":[\"champions league\",\"Football\",\"Ligue des champions\",\"PSG\",\"RB Leipzig\"],\"articleSection\":[\"Ligue des Champions de football\"],\"inLanguage\":\"fr-FR\",\"potentialAction\":[{\"@type\":\"CommentAction\",\"name\":\"Comment\",\"target\":[\"https:\/\/dicodusport.fr\/blog\/ligue-des-champions-le-psg-accroche-a-leipzig\/#respond\"]}],\"copyrightYear\":\"2021\",\"copyrightHolder\":{\"@id\":\"https:\/\/dicodusport.fr\/blog\/#organization\"}},{\"@type\":\"WebPage\",\"@id\":\"https:\/\/dicodusport.fr\/blog\/ligue-des-champions-le-psg-accroche-a-leipzig\/\",\"url\":\"https:\/\/dicodusport.fr\/blog\/ligue-des-champions-le-psg-accroche-a-leipzig\/\",\"name\":\"Ligue des Champions : Le PSG accroch\u00e9 \u00e0 Leipzig\",\"isPartOf\":{\"@id\":\"https:\/\/dicodusport.fr\/blog\/#website\"},\"primaryImageOfPage\":{\"@id\":\"https:\/\/dicodusport.fr\/blog\/ligue-des-champions-le-psg-accroche-a-leipzig\/#primaryimage\"},\"image\":{\"@id\":\"https:\/\/dicodusport.fr\/blog\/ligue-des-champions-le-psg-accroche-a-leipzig\/#primaryimage\"},\"thumbnailUrl\":\"https:\/\/dicodusport.fr\/blog\/wp-content\/uploads\/2021\/11\/Ligue-des-Champions-Le-PSG-accroche-a-Leipzig.png\",\"datePublished\":\"2021-11-03T22:00:49+00:00\",\"dateModified\":\"2025-09-16T06:58:49+00:00\",\"description\":\"LIGUE DES CHAMPIONS - Bien que plus r\u00e9aliste, le PSG a finalement \u00e9t\u00e9 rejoint dans les\u00a0derniers instants par le RB Leipzig (2-2).\",\"breadcrumb\":{\"@id\":\"https:\/\/dicodusport.fr\/blog\/ligue-des-champions-le-psg-accroche-a-leipzig\/#breadcrumb\"},\"inLanguage\":\"fr-FR\",\"potentialAction\":[{\"@type\":\"ReadAction\",\"target\":[\"https:\/\/dicodusport.fr\/blog\/ligue-des-champions-le-psg-accroche-a-leipzig\/\"]}]},{\"@type\":\"ImageObject\",\"inLanguage\":\"fr-FR\",\"@id\":\"https:\/\/dicodusport.fr\/blog\/ligue-des-champions-le-psg-accroche-a-leipzig\/#primaryimage\",\"url\":\"https:\/\/dicodusport.fr\/blog\/wp-content\/uploads\/2021\/11\/Ligue-des-Champions-Le-PSG-accroche-a-Leipzig.png\",\"contentUrl\":\"https:\/\/dicodusport.fr\/blog\/wp-content\/uploads\/2021\/11\/Ligue-des-Champions-Le-PSG-accroche-a-Leipzig.png\",\"width\":800,\"height\":445,\"caption\":\"Ligue des Champions Le PSG accroch\u00e9 \u00e0 Leipzig\"},{\"@type\":\"BreadcrumbList\",\"@id\":\"https:\/\/dicodusport.fr\/blog\/ligue-des-champions-le-psg-accroche-a-leipzig\/#breadcrumb\",\"itemListElement\":[{\"@type\":\"ListItem\",\"position\":1,\"name\":\"Accueil\",\"item\":\"https:\/\/dicodusport.fr\/blog\/\"},{\"@type\":\"ListItem\",\"position\":2,\"name\":\"Ligue des Champions : Le PSG accroch\u00e9 \u00e0 Leipzig\"}]},{\"@type\":\"WebSite\",\"@id\":\"https:\/\/dicodusport.fr\/blog\/#website\",\"url\":\"https:\/\/dicodusport.fr\/blog\/\",\"name\":\"Dicodusport\",\"description\":\"L&#039;encyclop\u00e9die de l&#039;actualit\u00e9 sportive\",\"publisher\":{\"@id\":\"https:\/\/dicodusport.fr\/blog\/#organization\"},\"potentialAction\":[{\"@type\":\"SearchAction\",\"target\":{\"@type\":\"EntryPoint\",\"urlTemplate\":\"https:\/\/dicodusport.fr\/blog\/?s={search_term_string}\"},\"query-input\":{\"@type\":\"PropertyValueSpecification\",\"valueRequired\":true,\"valueName\":\"search_term_string\"}}],\"inLanguage\":\"fr-FR\"},{\"@type\":\"NewsMediaOrganization\",\"@id\":\"https:\/\/dicodusport.fr\/blog\/#organization\",\"name\":\"Dicodusport\",\"url\":\"https:\/\/dicodusport.fr\/blog\/\",\"logo\":{\"@type\":\"ImageObject\",\"inLanguage\":\"fr-FR\",\"@id\":\"https:\/\/dicodusport.fr\/blog\/#\/schema\/logo\/image\/\",\"url\":\"https:\/\/dicodusport.fr\/blog\/wp-content\/uploads\/2020\/06\/cropped-LOGO-DICODUSPORT-2020-SANS-FOND-SANS-TEXTE.png\",\"contentUrl\":\"https:\/\/dicodusport.fr\/blog\/wp-content\/uploads\/2020\/06\/cropped-LOGO-DICODUSPORT-2020-SANS-FOND-SANS-TEXTE.png\",\"width\":512,\"height\":512,\"caption\":\"Dicodusport\"},\"image\":{\"@id\":\"https:\/\/dicodusport.fr\/blog\/#\/schema\/logo\/image\/\"},\"sameAs\":[\"https:\/\/www.facebook.com\/dicodusport\",\"https:\/\/x.com\/dicodusport\",\"https:\/\/www.instagram.com\/dicodusport\/\",\"https:\/\/www.youtube.com\/channel\/UC7V2KZ5sd3htJivAbA4ZG3w\"],\"description\":\"Dicodusport est l'encyclop\u00e9die de l'actualit\u00e9 sportive.\",\"email\":\"bonjour@dicodusport.fr\",\"legalName\":\"DICODUSPORT\",\"foundingDate\":\"2018-01-14\",\"vatID\":\"FR71834470973\",\"taxID\":\"83447097300043\",\"numberOfEmployees\":{\"@type\":\"QuantitativeValue\",\"minValue\":\"1\",\"maxValue\":\"10\"}},{\"@type\":\"Person\",\"@id\":\"https:\/\/dicodusport.fr\/blog\/#\/schema\/person\/f3797823174b5e2975b9efe0302f16f4\",\"name\":\"Idriss Ahamada\",\"image\":{\"@type\":\"ImageObject\",\"inLanguage\":\"fr-FR\",\"@id\":\"https:\/\/dicodusport.fr\/blog\/#\/schema\/person\/image\/\",\"url\":\"https:\/\/dicodusport.fr\/blog\/wp-content\/uploads\/2021\/04\/Maillot-Idriss-Dicodusport-150x150.png\",\"contentUrl\":\"https:\/\/dicodusport.fr\/blog\/wp-content\/uploads\/2021\/04\/Maillot-Idriss-Dicodusport-150x150.png\",\"caption\":\"Idriss Ahamada\"},\"description\":\"Passionn\u00e9 de sport depuis toujours, c\u2019est tout naturellement qu\u2019apr\u00e8s avoir compris que je n\u2019avais pas le niveau pour jouer \u00e0 Manchester United, et pas la force n\u00e9cessaire pour combattre \u00e0 l\u2019UFC que je me suis tourn\u00e9 vers le journalisme pour raconter les exploits et les histoires de ceux qui en sont capables. Le football, surtout quand il est jou\u00e9 en Angleterre, reste mon premier amour. Mais j\u2019aime aussi veiller la nuit pour vous parler de KO et de victoires unanimes \u00e0 l\u2019UFC ou sur les rings de boxe. Mon c\u00f4t\u00e9 fan de Wayne Rooney m\u2019a \u00e9galement pouss\u00e9 \u00e0 devenir polyvalent et \u00e0 parler aussi de rugby (\u00e0 XIII comme \u00e0 XV) et occasionnellement de cyclisme. C\u2019est donc logiquement que j\u2019ai rejoint Dicodusport, pour pouvoir parler de l\u2019actualit\u00e9, sur tous les terrains.\",\"sameAs\":[\"https:\/\/x.com\/https:\/\/twitter.com\/idriss_ia7\"],\"url\":\"https:\/\/dicodusport.fr\/blog\/author\/idriss\/\"}]}<\/script>\n<!-- \/ Yoast SEO Premium plugin. -->","yoast_head_json":{"title":"Ligue des Champions : Le PSG accroch\u00e9 \u00e0 Leipzig","description":"LIGUE DES CHAMPIONS - Bien que plus r\u00e9aliste, le PSG a finalement \u00e9t\u00e9 rejoint dans les\u00a0derniers instants par le RB Leipzig (2-2).","robots":{"index":"index","follow":"follow","max-snippet":"max-snippet:-1","max-image-preview":"max-image-preview:large","max-video-preview":"max-video-preview:-1"},"canonical":"https:\/\/dicodusport.fr\/blog\/ligue-des-champions-le-psg-accroche-a-leipzig\/","og_locale":"fr_FR","og_type":"article","og_title":"Ligue des Champions : Le PSG accroch\u00e9 \u00e0 Leipzig","og_description":"LIGUE DES CHAMPIONS - Bien que plus r\u00e9aliste, le PSG a finalement \u00e9t\u00e9 rejoint dans les\u00a0derniers instants par le RB Leipzig (2-2).","og_url":"https:\/\/dicodusport.fr\/blog\/ligue-des-champions-le-psg-accroche-a-leipzig\/","og_site_name":"Dicodusport","article_publisher":"https:\/\/www.facebook.com\/dicodusport","article_published_time":"2021-11-03T22:00:49+00:00","article_modified_time":"2025-09-16T06:58:49+00:00","og_image":[{"width":800,"height":445,"url":"https:\/\/dicodusport.fr\/blog\/wp-content\/uploads\/2021\/11\/Ligue-des-Champions-Le-PSG-accroche-a-Leipzig.png","type":"image\/png"}],"author":"Idriss Ahamada","twitter_card":"summary_large_image","twitter_title":"Ligue des Champions : Le PSG accroch\u00e9 \u00e0 Leipzig","twitter_creator":"@https:\/\/twitter.com\/idriss_ia7","twitter_site":"@dicodusport","schema":{"@context":"https:\/\/schema.org","@graph":[{"@type":"NewsArticle","@id":"https:\/\/dicodusport.fr\/blog\/ligue-des-champions-le-psg-accroche-a-leipzig\/#article","isPartOf":{"@id":"https:\/\/dicodusport.fr\/blog\/ligue-des-champions-le-psg-accroche-a-leipzig\/"},"author":{"name":"Idriss Ahamada","@id":"https:\/\/dicodusport.fr\/blog\/#\/schema\/person\/f3797823174b5e2975b9efe0302f16f4"},"headline":"Ligue des Champions : Le PSG accroch\u00e9 \u00e0 Leipzig","datePublished":"2021-11-03T22:00:49+00:00","dateModified":"2025-09-16T06:58:49+00:00","mainEntityOfPage":{"@id":"https:\/\/dicodusport.fr\/blog\/ligue-des-champions-le-psg-accroche-a-leipzig\/"},"wordCount":495,"commentCount":0,"publisher":{"@id":"https:\/\/dicodusport.fr\/blog\/#organization"},"image":{"@id":"https:\/\/dicodusport.fr\/blog\/ligue-des-champions-le-psg-accroche-a-leipzig\/#primaryimage"},"thumbnailUrl":"https:\/\/dicodusport.fr\/blog\/wp-content\/uploads\/2021\/11\/Ligue-des-Champions-Le-PSG-accroche-a-Leipzig.png","keywords":["champions league","Football","Ligue des champions","PSG","RB Leipzig"],"articleSection":["Ligue des Champions de football"],"inLanguage":"fr-FR","potentialAction":[{"@type":"CommentAction","name":"Comment","target":["https:\/\/dicodusport.fr\/blog\/ligue-des-champions-le-psg-accroche-a-leipzig\/#respond"]}],"copyrightYear":"2021","copyrightHolder":{"@id":"https:\/\/dicodusport.fr\/blog\/#organization"}},{"@type":"WebPage","@id":"https:\/\/dicodusport.fr\/blog\/ligue-des-champions-le-psg-accroche-a-leipzig\/","url":"https:\/\/dicodusport.fr\/blog\/ligue-des-champions-le-psg-accroche-a-leipzig\/","name":"Ligue des Champions : Le PSG accroch\u00e9 \u00e0 Leipzig","isPartOf":{"@id":"https:\/\/dicodusport.fr\/blog\/#website"},"primaryImageOfPage":{"@id":"https:\/\/dicodusport.fr\/blog\/ligue-des-champions-le-psg-accroche-a-leipzig\/#primaryimage"},"image":{"@id":"https:\/\/dicodusport.fr\/blog\/ligue-des-champions-le-psg-accroche-a-leipzig\/#primaryimage"},"thumbnailUrl":"https:\/\/dicodusport.fr\/blog\/wp-content\/uploads\/2021\/11\/Ligue-des-Champions-Le-PSG-accroche-a-Leipzig.png","datePublished":"2021-11-03T22:00:49+00:00","dateModified":"2025-09-16T06:58:49+00:00","description":"LIGUE DES CHAMPIONS - Bien que plus r\u00e9aliste, le PSG a finalement \u00e9t\u00e9 rejoint dans les\u00a0derniers instants par le RB Leipzig (2-2).","breadcrumb":{"@id":"https:\/\/dicodusport.fr\/blog\/ligue-des-champions-le-psg-accroche-a-leipzig\/#breadcrumb"},"inLanguage":"fr-FR","potentialAction":[{"@type":"ReadAction","target":["https:\/\/dicodusport.fr\/blog\/ligue-des-champions-le-psg-accroche-a-leipzig\/"]}]},{"@type":"ImageObject","inLanguage":"fr-FR","@id":"https:\/\/dicodusport.fr\/blog\/ligue-des-champions-le-psg-accroche-a-leipzig\/#primaryimage","url":"https:\/\/dicodusport.fr\/blog\/wp-content\/uploads\/2021\/11\/Ligue-des-Champions-Le-PSG-accroche-a-Leipzig.png","contentUrl":"https:\/\/dicodusport.fr\/blog\/wp-content\/uploads\/2021\/11\/Ligue-des-Champions-Le-PSG-accroche-a-Leipzig.png","width":800,"height":445,"caption":"Ligue des Champions Le PSG accroch\u00e9 \u00e0 Leipzig"},{"@type":"BreadcrumbList","@id":"https:\/\/dicodusport.fr\/blog\/ligue-des-champions-le-psg-accroche-a-leipzig\/#breadcrumb","itemListElement":[{"@type":"ListItem","position":1,"name":"Accueil","item":"https:\/\/dicodusport.fr\/blog\/"},{"@type":"ListItem","position":2,"name":"Ligue des Champions : Le PSG accroch\u00e9 \u00e0 Leipzig"}]},{"@type":"WebSite","@id":"https:\/\/dicodusport.fr\/blog\/#website","url":"https:\/\/dicodusport.fr\/blog\/","name":"Dicodusport","description":"L&#039;encyclop\u00e9die de l&#039;actualit\u00e9 sportive","publisher":{"@id":"https:\/\/dicodusport.fr\/blog\/#organization"},"potentialAction":[{"@type":"SearchAction","target":{"@type":"EntryPoint","urlTemplate":"https:\/\/dicodusport.fr\/blog\/?s={search_term_string}"},"query-input":{"@type":"PropertyValueSpecification","valueRequired":true,"valueName":"search_term_string"}}],"inLanguage":"fr-FR"},{"@type":"NewsMediaOrganization","@id":"https:\/\/dicodusport.fr\/blog\/#organization","name":"Dicodusport","url":"https:\/\/dicodusport.fr\/blog\/","logo":{"@type":"ImageObject","inLanguage":"fr-FR","@id":"https:\/\/dicodusport.fr\/blog\/#\/schema\/logo\/image\/","url":"https:\/\/dicodusport.fr\/blog\/wp-content\/uploads\/2020\/06\/cropped-LOGO-DICODUSPORT-2020-SANS-FOND-SANS-TEXTE.png","contentUrl":"https:\/\/dicodusport.fr\/blog\/wp-content\/uploads\/2020\/06\/cropped-LOGO-DICODUSPORT-2020-SANS-FOND-SANS-TEXTE.png","width":512,"height":512,"caption":"Dicodusport"},"image":{"@id":"https:\/\/dicodusport.fr\/blog\/#\/schema\/logo\/image\/"},"sameAs":["https:\/\/www.facebook.com\/dicodusport","https:\/\/x.com\/dicodusport","https:\/\/www.instagram.com\/dicodusport\/","https:\/\/www.youtube.com\/channel\/UC7V2KZ5sd3htJivAbA4ZG3w"],"description":"Dicodusport est l'encyclop\u00e9die de l'actualit\u00e9 sportive.","email":"bonjour@dicodusport.fr","legalName":"DICODUSPORT","foundingDate":"2018-01-14","vatID":"FR71834470973","taxID":"83447097300043","numberOfEmployees":{"@type":"QuantitativeValue","minValue":"1","maxValue":"10"}},{"@type":"Person","@id":"https:\/\/dicodusport.fr\/blog\/#\/schema\/person\/f3797823174b5e2975b9efe0302f16f4","name":"Idriss Ahamada","image":{"@type":"ImageObject","inLanguage":"fr-FR","@id":"https:\/\/dicodusport.fr\/blog\/#\/schema\/person\/image\/","url":"https:\/\/dicodusport.fr\/blog\/wp-content\/uploads\/2021\/04\/Maillot-Idriss-Dicodusport-150x150.png","contentUrl":"https:\/\/dicodusport.fr\/blog\/wp-content\/uploads\/2021\/04\/Maillot-Idriss-Dicodusport-150x150.png","caption":"Idriss Ahamada"},"description":"Passionn\u00e9 de sport depuis toujours, c\u2019est tout naturellement qu\u2019apr\u00e8s avoir compris que je n\u2019avais pas le niveau pour jouer \u00e0 Manchester United, et pas la force n\u00e9cessaire pour combattre \u00e0 l\u2019UFC que je me suis tourn\u00e9 vers le journalisme pour raconter les exploits et les histoires de ceux qui en sont capables. Le football, surtout quand il est jou\u00e9 en Angleterre, reste mon premier amour. Mais j\u2019aime aussi veiller la nuit pour vous parler de KO et de victoires unanimes \u00e0 l\u2019UFC ou sur les rings de boxe. Mon c\u00f4t\u00e9 fan de Wayne Rooney m\u2019a \u00e9galement pouss\u00e9 \u00e0 devenir polyvalent et \u00e0 parler aussi de rugby (\u00e0 XIII comme \u00e0 XV) et occasionnellement de cyclisme. C\u2019est donc logiquement que j\u2019ai rejoint Dicodusport, pour pouvoir parler de l\u2019actualit\u00e9, sur tous les terrains.","sameAs":["https:\/\/x.com\/https:\/\/twitter.com\/idriss_ia7"],"url":"https:\/\/dicodusport.fr\/blog\/author\/idriss\/"}]}},"_links":{"self":[{"href":"https:\/\/dicodusport.fr\/blog\/wp-json\/wp\/v2\/posts\/177435","targetHints":{"allow":["GET"]}}],"collection":[{"href":"https:\/\/dicodusport.fr\/blog\/wp-json\/wp\/v2\/posts"}],"about":[{"href":"https:\/\/dicodusport.fr\/blog\/wp-json\/wp\/v2\/types\/post"}],"author":[{"embeddable":true,"href":"https:\/\/dicodusport.fr\/blog\/wp-json\/wp\/v2\/users\/39"}],"replies":[{"embeddable":true,"href":"https:\/\/dicodusport.fr\/blog\/wp-json\/wp\/v2\/comments?post=177435"}],"version-history":[{"count":1,"href":"https:\/\/dicodusport.fr\/blog\/wp-json\/wp\/v2\/posts\/177435\/revisions"}],"predecessor-version":[{"id":611510,"href":"https:\/\/dicodusport.fr\/blog\/wp-json\/wp\/v2\/posts\/177435\/revisions\/611510"}],"wp:featuredmedia":[{"embeddable":true,"href":"https:\/\/dicodusport.fr\/blog\/wp-json\/wp\/v2\/media\/177439"}],"wp:attachment":[{"href":"https:\/\/dicodusport.fr\/blog\/wp-json\/wp\/v2\/media?parent=177435"}],"wp:term":[{"taxonomy":"category","embeddable":true,"href":"https:\/\/dicodusport.fr\/blog\/wp-json\/wp\/v2\/categories?post=177435"},{"taxonomy":"post_tag","embeddable":true,"href":"https:\/\/dicodusport.fr\/blog\/wp-json\/wp\/v2\/tags?post=177435"}],"curies":[{"name":"wp","href":"https:\/\/api.w.org\/{rel}","templated":true}]}}