{"id":177556,"date":"2021-11-04T18:19:01","date_gmt":"2021-11-04T17:19:01","guid":{"rendered":"https:\/\/dicodusport.fr\/blog\/?p=177556&#038;preview=true&#038;preview_id=177556"},"modified":"2021-11-04T18:19:01","modified_gmt":"2021-11-04T17:19:01","slug":"fabien-galthie-nous-avons-mis-des-joueurs-sur-le-banc-qui-ont-de-limpact","status":"publish","type":"post","link":"https:\/\/dicodusport.fr\/blog\/fabien-galthie-nous-avons-mis-des-joueurs-sur-le-banc-qui-ont-de-limpact\/","title":{"rendered":"Fabien Galthi\u00e9 : \u00ab\u00a0Nous avons mis des joueurs sur le banc qui ont de l\u2019impact\u00a0\u00bb"},"content":{"rendered":"<p style=\"text-align: justify;\"><strong><em>XV DE FRANCE &#8211; En conf\u00e9rence de presse, Fabien Galthi\u00e9 est revenu sur ses choix de joueurs et sur les \u00e9volutions possibles au cours de <a href=\"https:\/\/dicodusport.fr\/blog\/france-argentine-la-composition-du-xv-de-france-en-chiffres\/\">la rencontre face \u00e0 l&rsquo;Argentine<\/a>.\u00a0<\/em><\/strong><\/p>\n<p style=\"text-align: justify;\"><strong>Sekou Macalou<\/strong> pourrait \u00eatre utilis\u00e9 \u00e0 l&rsquo;aile alors que <strong>Cameron Woki<\/strong> pourrait monter en deuxi\u00e8me ligne. Le s\u00e9lectionneur de l&rsquo;\u00e9quipe de France explique qu&rsquo;il a voulu mettre de l&rsquo;impact sur le banc de touche pour le premier test-match.<\/p>\n<blockquote>\n<p style=\"text-align: justify;\">On s\u2019entra\u00eene \u00e0 modifier l\u2019\u00e9quipe et \u00e0 essayer de toucher toutes les \u00e9ventualit\u00e9s possibles. On essaie d\u2019avoir un plan mais on a boug\u00e9 un peu les joueurs avec la possibilit\u00e9 de faire monter Cameron Woki en deuxi\u00e8me ligne et de l\u2019associer avec Romain Taofifenua. On a aussi fait \u00e9voluer Sekou Macalou en troisi\u00e8me ligne et \u00e0 l\u2019aile. Il va nous couvrir deux postes. C\u2019est pourquoi ce banc est compos\u00e9 de six avants et deux trois-quarts. On peut voir \u00e9galement Damian Penaud au centre, Jalibert glisser \u00e0 l\u2019arri\u00e8re. Nous avons mis des joueurs sur le banc qui ont de l\u2019impact. Greg Alldritt, un de nos vice-capitaines sera pr\u00e9sent quand il entrera en jeu. Sans oublier Jonathan Danty qui a beaucoup donn\u00e9 sur les trois test-matchs en Australie. On essaie de construire une \u00e9quipe de finisseurs et de starters qui soit compl\u00e9mentaires, quels que soient les sc\u00e9narios.<\/p>\n<\/blockquote>\n<p style=\"text-align: justify;\"><strong>Fabien Galthi\u00e9<\/strong> a aussi expliqu\u00e9 que le jeu au pied serait assur\u00e9 par deux joueurs. <strong>Melvyn Jaminet<\/strong> sera en effet en charge de buter mais aussi des coups de pied en touche et les renvois d&rsquo;en-but alors que <strong>Matthieu Jalibert<\/strong> fera les renvois aux 22 m\u00e8tres et aux 50 m\u00e8tres.<\/p>\n<blockquote class=\"twitter-tweet\">\n<p dir=\"ltr\" lang=\"fr\">Galthi\u00e9 : \u00ab\u00a0Il y a toujours des changements\u00a0\u00bb<\/p>\n<p>Le patron des Bleus a justifi\u00e9 ses choix sur la compo des Bleus. &#x1f447;<a href=\"https:\/\/twitter.com\/hashtag\/XVdeFrance?src=hash&amp;ref_src=twsrc%5Etfw\">#XVdeFrance<\/a> &#x1f1eb;&#x1f1f7;<a href=\"https:\/\/t.co\/WAMth0OuRA\">https:\/\/t.co\/WAMth0OuRA<\/a><\/p>\n<p>\u2014 RUGBYRAMA (@RugbyramaFR) <a href=\"https:\/\/twitter.com\/RugbyramaFR\/status\/1456241319509204996?ref_src=twsrc%5Etfw\">November 4, 2021<\/a><\/p><\/blockquote>\n<p style=\"text-align: justify;\"><script async src=\"https:\/\/platform.twitter.com\/widgets.js\" charset=\"utf-8\"><\/script><\/p>\n","protected":false},"excerpt":{"rendered":"<p>XV DE FRANCE &#8211; En conf\u00e9rence de presse, Fabien Galthi\u00e9 est revenu sur ses choix de joueurs et sur les \u00e9volutions possibles au cours de la rencontre face \u00e0 l&rsquo;Argentine.\u00a0<\/p>\n","protected":false},"author":1,"featured_media":177557,"comment_status":"open","ping_status":"closed","sticky":false,"template":"","format":"standard","meta":{"_acf_changed":false,"_daextam_enable_autolinks":"","footnotes":""},"categories":[19951],"tags":[7515,1638],"class_list":["post-177556","post","type-post","status-publish","format-standard","has-post-thumbnail","hentry","category-xv-de-france","tag-fabien-galthie","tag-xv-de-france"],"acf":[],"yoast_head":"<!-- This site is optimized with the Yoast SEO Premium plugin v26.7 (Yoast SEO v26.7) - https:\/\/yoast.com\/wordpress\/plugins\/seo\/ -->\n<title>Fabien Galthi\u00e9 : &quot;Nous avons mis des joueurs sur le banc qui ont de l\u2019impact&quot;<\/title>\n<meta name=\"description\" content=\"XV DE FRANCE - En conf\u00e9rence de presse, Fabien Galthi\u00e9 est revenu sur ses choix de joueurs et sur les \u00e9volutions possibles face \u00e0 l&#039;Argentine.\u00a0\" \/>\n<meta name=\"robots\" content=\"index, follow, max-snippet:-1, max-image-preview:large, max-video-preview:-1\" \/>\n<link rel=\"canonical\" href=\"https:\/\/dicodusport.fr\/blog\/fabien-galthie-nous-avons-mis-des-joueurs-sur-le-banc-qui-ont-de-limpact\/\" \/>\n<meta property=\"og:locale\" content=\"fr_FR\" \/>\n<meta property=\"og:type\" content=\"article\" \/>\n<meta property=\"og:title\" content=\"Fabien Galthi\u00e9 : &quot;Nous avons mis des joueurs sur le banc qui ont de l\u2019impact&quot;\" \/>\n<meta property=\"og:description\" content=\"XV DE FRANCE - En conf\u00e9rence de presse, Fabien Galthi\u00e9 est revenu sur ses choix de joueurs et sur les \u00e9volutions possibles face \u00e0 l&#039;Argentine.\u00a0\" \/>\n<meta property=\"og:url\" content=\"https:\/\/dicodusport.fr\/blog\/fabien-galthie-nous-avons-mis-des-joueurs-sur-le-banc-qui-ont-de-limpact\/\" \/>\n<meta property=\"og:site_name\" content=\"Dicodusport\" \/>\n<meta property=\"article:publisher\" content=\"https:\/\/www.facebook.com\/dicodusport\" \/>\n<meta property=\"article:author\" content=\"https:\/\/www.facebook.com\/dicodusport\" \/>\n<meta property=\"article:published_time\" content=\"2021-11-04T17:19:01+00:00\" \/>\n<meta property=\"og:image\" content=\"https:\/\/dicodusport.fr\/blog\/wp-content\/uploads\/2021\/11\/Fabien-Galthie\u0301-Nous-avons-mis-des-joueurs-sur-le-banc-qui-ont-de-limpact.png\" \/>\n\t<meta property=\"og:image:width\" content=\"800\" \/>\n\t<meta property=\"og:image:height\" content=\"445\" \/>\n\t<meta property=\"og:image:type\" content=\"image\/png\" \/>\n<meta name=\"author\" content=\"Nicolas Jacquemard\" \/>\n<meta name=\"twitter:card\" content=\"summary_large_image\" \/>\n<meta name=\"twitter:title\" content=\"Fabien Galthi\u00e9 : &quot;Nous avons mis des joueurs sur le banc qui ont de l\u2019impact&quot;\" \/>\n<meta name=\"twitter:creator\" content=\"@https:\/\/twitter.com\/Nico_Jacquemard\" \/>\n<meta name=\"twitter:site\" content=\"@dicodusport\" \/>\n<script type=\"application\/ld+json\" class=\"yoast-schema-graph\">{\"@context\":\"https:\/\/schema.org\",\"@graph\":[{\"@type\":\"NewsArticle\",\"@id\":\"https:\/\/dicodusport.fr\/blog\/fabien-galthie-nous-avons-mis-des-joueurs-sur-le-banc-qui-ont-de-limpact\/#article\",\"isPartOf\":{\"@id\":\"https:\/\/dicodusport.fr\/blog\/fabien-galthie-nous-avons-mis-des-joueurs-sur-le-banc-qui-ont-de-limpact\/\"},\"author\":{\"name\":\"Nicolas Jacquemard\",\"@id\":\"https:\/\/dicodusport.fr\/blog\/#\/schema\/person\/55dcb50ad410894e431ed812bbb70191\"},\"headline\":\"Fabien Galthi\u00e9 : \u00ab\u00a0Nous avons mis des joueurs sur le banc qui ont de l\u2019impact\u00a0\u00bb\",\"datePublished\":\"2021-11-04T17:19:01+00:00\",\"mainEntityOfPage\":{\"@id\":\"https:\/\/dicodusport.fr\/blog\/fabien-galthie-nous-avons-mis-des-joueurs-sur-le-banc-qui-ont-de-limpact\/\"},\"wordCount\":334,\"commentCount\":0,\"publisher\":{\"@id\":\"https:\/\/dicodusport.fr\/blog\/#organization\"},\"image\":{\"@id\":\"https:\/\/dicodusport.fr\/blog\/fabien-galthie-nous-avons-mis-des-joueurs-sur-le-banc-qui-ont-de-limpact\/#primaryimage\"},\"thumbnailUrl\":\"https:\/\/dicodusport.fr\/blog\/wp-content\/uploads\/2021\/11\/Fabien-Galthie\u0301-Nous-avons-mis-des-joueurs-sur-le-banc-qui-ont-de-limpact.png\",\"keywords\":[\"Fabien Galthi\u00e9\",\"XV de France\"],\"articleSection\":[\"XV de France\"],\"inLanguage\":\"fr-FR\",\"potentialAction\":[{\"@type\":\"CommentAction\",\"name\":\"Comment\",\"target\":[\"https:\/\/dicodusport.fr\/blog\/fabien-galthie-nous-avons-mis-des-joueurs-sur-le-banc-qui-ont-de-limpact\/#respond\"]}],\"copyrightYear\":\"2021\",\"copyrightHolder\":{\"@id\":\"https:\/\/dicodusport.fr\/blog\/#organization\"}},{\"@type\":\"WebPage\",\"@id\":\"https:\/\/dicodusport.fr\/blog\/fabien-galthie-nous-avons-mis-des-joueurs-sur-le-banc-qui-ont-de-limpact\/\",\"url\":\"https:\/\/dicodusport.fr\/blog\/fabien-galthie-nous-avons-mis-des-joueurs-sur-le-banc-qui-ont-de-limpact\/\",\"name\":\"Fabien Galthi\u00e9 : \\\"Nous avons mis des joueurs sur le banc qui ont de l\u2019impact\\\"\",\"isPartOf\":{\"@id\":\"https:\/\/dicodusport.fr\/blog\/#website\"},\"primaryImageOfPage\":{\"@id\":\"https:\/\/dicodusport.fr\/blog\/fabien-galthie-nous-avons-mis-des-joueurs-sur-le-banc-qui-ont-de-limpact\/#primaryimage\"},\"image\":{\"@id\":\"https:\/\/dicodusport.fr\/blog\/fabien-galthie-nous-avons-mis-des-joueurs-sur-le-banc-qui-ont-de-limpact\/#primaryimage\"},\"thumbnailUrl\":\"https:\/\/dicodusport.fr\/blog\/wp-content\/uploads\/2021\/11\/Fabien-Galthie\u0301-Nous-avons-mis-des-joueurs-sur-le-banc-qui-ont-de-limpact.png\",\"datePublished\":\"2021-11-04T17:19:01+00:00\",\"description\":\"XV DE FRANCE - En conf\u00e9rence de presse, Fabien Galthi\u00e9 est revenu sur ses choix de joueurs et sur les \u00e9volutions possibles face \u00e0 l'Argentine.\u00a0\",\"breadcrumb\":{\"@id\":\"https:\/\/dicodusport.fr\/blog\/fabien-galthie-nous-avons-mis-des-joueurs-sur-le-banc-qui-ont-de-limpact\/#breadcrumb\"},\"inLanguage\":\"fr-FR\",\"potentialAction\":[{\"@type\":\"ReadAction\",\"target\":[\"https:\/\/dicodusport.fr\/blog\/fabien-galthie-nous-avons-mis-des-joueurs-sur-le-banc-qui-ont-de-limpact\/\"]}]},{\"@type\":\"ImageObject\",\"inLanguage\":\"fr-FR\",\"@id\":\"https:\/\/dicodusport.fr\/blog\/fabien-galthie-nous-avons-mis-des-joueurs-sur-le-banc-qui-ont-de-limpact\/#primaryimage\",\"url\":\"https:\/\/dicodusport.fr\/blog\/wp-content\/uploads\/2021\/11\/Fabien-Galthie\u0301-Nous-avons-mis-des-joueurs-sur-le-banc-qui-ont-de-limpact.png\",\"contentUrl\":\"https:\/\/dicodusport.fr\/blog\/wp-content\/uploads\/2021\/11\/Fabien-Galthie\u0301-Nous-avons-mis-des-joueurs-sur-le-banc-qui-ont-de-limpact.png\",\"width\":800,\"height\":445},{\"@type\":\"BreadcrumbList\",\"@id\":\"https:\/\/dicodusport.fr\/blog\/fabien-galthie-nous-avons-mis-des-joueurs-sur-le-banc-qui-ont-de-limpact\/#breadcrumb\",\"itemListElement\":[{\"@type\":\"ListItem\",\"position\":1,\"name\":\"Accueil\",\"item\":\"https:\/\/dicodusport.fr\/blog\/\"},{\"@type\":\"ListItem\",\"position\":2,\"name\":\"Fabien Galthi\u00e9 : \u00ab\u00a0Nous avons mis des joueurs sur le banc qui ont de l\u2019impact\u00a0\u00bb\"}]},{\"@type\":\"WebSite\",\"@id\":\"https:\/\/dicodusport.fr\/blog\/#website\",\"url\":\"https:\/\/dicodusport.fr\/blog\/\",\"name\":\"Dicodusport\",\"description\":\"L&#039;encyclop\u00e9die de l&#039;actualit\u00e9 sportive\",\"publisher\":{\"@id\":\"https:\/\/dicodusport.fr\/blog\/#organization\"},\"potentialAction\":[{\"@type\":\"SearchAction\",\"target\":{\"@type\":\"EntryPoint\",\"urlTemplate\":\"https:\/\/dicodusport.fr\/blog\/?s={search_term_string}\"},\"query-input\":{\"@type\":\"PropertyValueSpecification\",\"valueRequired\":true,\"valueName\":\"search_term_string\"}}],\"inLanguage\":\"fr-FR\"},{\"@type\":\"NewsMediaOrganization\",\"@id\":\"https:\/\/dicodusport.fr\/blog\/#organization\",\"name\":\"Dicodusport\",\"url\":\"https:\/\/dicodusport.fr\/blog\/\",\"logo\":{\"@type\":\"ImageObject\",\"inLanguage\":\"fr-FR\",\"@id\":\"https:\/\/dicodusport.fr\/blog\/#\/schema\/logo\/image\/\",\"url\":\"https:\/\/dicodusport.fr\/blog\/wp-content\/uploads\/2020\/06\/cropped-LOGO-DICODUSPORT-2020-SANS-FOND-SANS-TEXTE.png\",\"contentUrl\":\"https:\/\/dicodusport.fr\/blog\/wp-content\/uploads\/2020\/06\/cropped-LOGO-DICODUSPORT-2020-SANS-FOND-SANS-TEXTE.png\",\"width\":512,\"height\":512,\"caption\":\"Dicodusport\"},\"image\":{\"@id\":\"https:\/\/dicodusport.fr\/blog\/#\/schema\/logo\/image\/\"},\"sameAs\":[\"https:\/\/www.facebook.com\/dicodusport\",\"https:\/\/x.com\/dicodusport\",\"https:\/\/www.instagram.com\/dicodusport\/\",\"https:\/\/www.youtube.com\/channel\/UC7V2KZ5sd3htJivAbA4ZG3w\"],\"description\":\"Dicodusport est l'encyclop\u00e9die de l'actualit\u00e9 sportive.\",\"email\":\"bonjour@dicodusport.fr\",\"legalName\":\"DICODUSPORT\",\"foundingDate\":\"2018-01-14\",\"vatID\":\"FR71834470973\",\"taxID\":\"83447097300043\",\"numberOfEmployees\":{\"@type\":\"QuantitativeValue\",\"minValue\":\"1\",\"maxValue\":\"10\"}},{\"@type\":\"Person\",\"@id\":\"https:\/\/dicodusport.fr\/blog\/#\/schema\/person\/55dcb50ad410894e431ed812bbb70191\",\"name\":\"Nicolas Jacquemard\",\"image\":{\"@type\":\"ImageObject\",\"inLanguage\":\"fr-FR\",\"@id\":\"https:\/\/dicodusport.fr\/blog\/#\/schema\/person\/image\/\",\"url\":\"https:\/\/dicodusport.fr\/blog\/wp-content\/uploads\/2021\/05\/Nicolas-Jacquemard-150x150.jpeg\",\"contentUrl\":\"https:\/\/dicodusport.fr\/blog\/wp-content\/uploads\/2021\/05\/Nicolas-Jacquemard-150x150.jpeg\",\"caption\":\"Nicolas Jacquemard\"},\"description\":\"Passionn\u00e9 de sport et entrepreneur depuis mes 18 ans, la cr\u00e9ation de Dicodusport m'a sembl\u00e9 \u00e9vidente pour participer \u00e0 la m\u00e9diatisation d'un plus grand nombre de sports. Le chemin est long mais avec une \u00e9quipe des plus motiv\u00e9es et les Jeux Olympiques de Paris 2024 en point de mire, nous y arriverons ! Journaliste dans le monde du sport depuis plus de 5 ans, je traite aussi bien de football, de rugby, de biathlon que de cyclisme.\",\"sameAs\":[\"https:\/\/www.facebook.com\/dicodusport\",\"https:\/\/x.com\/https:\/\/twitter.com\/Nico_Jacquemard\"],\"url\":\"https:\/\/dicodusport.fr\/blog\/author\/dicodusport\/\"}]}<\/script>\n<!-- \/ Yoast SEO Premium plugin. -->","yoast_head_json":{"title":"Fabien Galthi\u00e9 : \"Nous avons mis des joueurs sur le banc qui ont de l\u2019impact\"","description":"XV DE FRANCE - En conf\u00e9rence de presse, Fabien Galthi\u00e9 est revenu sur ses choix de joueurs et sur les \u00e9volutions possibles face \u00e0 l'Argentine.\u00a0","robots":{"index":"index","follow":"follow","max-snippet":"max-snippet:-1","max-image-preview":"max-image-preview:large","max-video-preview":"max-video-preview:-1"},"canonical":"https:\/\/dicodusport.fr\/blog\/fabien-galthie-nous-avons-mis-des-joueurs-sur-le-banc-qui-ont-de-limpact\/","og_locale":"fr_FR","og_type":"article","og_title":"Fabien Galthi\u00e9 : \"Nous avons mis des joueurs sur le banc qui ont de l\u2019impact\"","og_description":"XV DE FRANCE - En conf\u00e9rence de presse, Fabien Galthi\u00e9 est revenu sur ses choix de joueurs et sur les \u00e9volutions possibles face \u00e0 l'Argentine.\u00a0","og_url":"https:\/\/dicodusport.fr\/blog\/fabien-galthie-nous-avons-mis-des-joueurs-sur-le-banc-qui-ont-de-limpact\/","og_site_name":"Dicodusport","article_publisher":"https:\/\/www.facebook.com\/dicodusport","article_author":"https:\/\/www.facebook.com\/dicodusport","article_published_time":"2021-11-04T17:19:01+00:00","og_image":[{"width":800,"height":445,"url":"https:\/\/dicodusport.fr\/blog\/wp-content\/uploads\/2021\/11\/Fabien-Galthie\u0301-Nous-avons-mis-des-joueurs-sur-le-banc-qui-ont-de-limpact.png","type":"image\/png"}],"author":"Nicolas Jacquemard","twitter_card":"summary_large_image","twitter_title":"Fabien Galthi\u00e9 : \"Nous avons mis des joueurs sur le banc qui ont de l\u2019impact\"","twitter_creator":"@https:\/\/twitter.com\/Nico_Jacquemard","twitter_site":"@dicodusport","schema":{"@context":"https:\/\/schema.org","@graph":[{"@type":"NewsArticle","@id":"https:\/\/dicodusport.fr\/blog\/fabien-galthie-nous-avons-mis-des-joueurs-sur-le-banc-qui-ont-de-limpact\/#article","isPartOf":{"@id":"https:\/\/dicodusport.fr\/blog\/fabien-galthie-nous-avons-mis-des-joueurs-sur-le-banc-qui-ont-de-limpact\/"},"author":{"name":"Nicolas Jacquemard","@id":"https:\/\/dicodusport.fr\/blog\/#\/schema\/person\/55dcb50ad410894e431ed812bbb70191"},"headline":"Fabien Galthi\u00e9 : \u00ab\u00a0Nous avons mis des joueurs sur le banc qui ont de l\u2019impact\u00a0\u00bb","datePublished":"2021-11-04T17:19:01+00:00","mainEntityOfPage":{"@id":"https:\/\/dicodusport.fr\/blog\/fabien-galthie-nous-avons-mis-des-joueurs-sur-le-banc-qui-ont-de-limpact\/"},"wordCount":334,"commentCount":0,"publisher":{"@id":"https:\/\/dicodusport.fr\/blog\/#organization"},"image":{"@id":"https:\/\/dicodusport.fr\/blog\/fabien-galthie-nous-avons-mis-des-joueurs-sur-le-banc-qui-ont-de-limpact\/#primaryimage"},"thumbnailUrl":"https:\/\/dicodusport.fr\/blog\/wp-content\/uploads\/2021\/11\/Fabien-Galthie\u0301-Nous-avons-mis-des-joueurs-sur-le-banc-qui-ont-de-limpact.png","keywords":["Fabien Galthi\u00e9","XV de France"],"articleSection":["XV de France"],"inLanguage":"fr-FR","potentialAction":[{"@type":"CommentAction","name":"Comment","target":["https:\/\/dicodusport.fr\/blog\/fabien-galthie-nous-avons-mis-des-joueurs-sur-le-banc-qui-ont-de-limpact\/#respond"]}],"copyrightYear":"2021","copyrightHolder":{"@id":"https:\/\/dicodusport.fr\/blog\/#organization"}},{"@type":"WebPage","@id":"https:\/\/dicodusport.fr\/blog\/fabien-galthie-nous-avons-mis-des-joueurs-sur-le-banc-qui-ont-de-limpact\/","url":"https:\/\/dicodusport.fr\/blog\/fabien-galthie-nous-avons-mis-des-joueurs-sur-le-banc-qui-ont-de-limpact\/","name":"Fabien Galthi\u00e9 : \"Nous avons mis des joueurs sur le banc qui ont de l\u2019impact\"","isPartOf":{"@id":"https:\/\/dicodusport.fr\/blog\/#website"},"primaryImageOfPage":{"@id":"https:\/\/dicodusport.fr\/blog\/fabien-galthie-nous-avons-mis-des-joueurs-sur-le-banc-qui-ont-de-limpact\/#primaryimage"},"image":{"@id":"https:\/\/dicodusport.fr\/blog\/fabien-galthie-nous-avons-mis-des-joueurs-sur-le-banc-qui-ont-de-limpact\/#primaryimage"},"thumbnailUrl":"https:\/\/dicodusport.fr\/blog\/wp-content\/uploads\/2021\/11\/Fabien-Galthie\u0301-Nous-avons-mis-des-joueurs-sur-le-banc-qui-ont-de-limpact.png","datePublished":"2021-11-04T17:19:01+00:00","description":"XV DE FRANCE - En conf\u00e9rence de presse, Fabien Galthi\u00e9 est revenu sur ses choix de joueurs et sur les \u00e9volutions possibles face \u00e0 l'Argentine.\u00a0","breadcrumb":{"@id":"https:\/\/dicodusport.fr\/blog\/fabien-galthie-nous-avons-mis-des-joueurs-sur-le-banc-qui-ont-de-limpact\/#breadcrumb"},"inLanguage":"fr-FR","potentialAction":[{"@type":"ReadAction","target":["https:\/\/dicodusport.fr\/blog\/fabien-galthie-nous-avons-mis-des-joueurs-sur-le-banc-qui-ont-de-limpact\/"]}]},{"@type":"ImageObject","inLanguage":"fr-FR","@id":"https:\/\/dicodusport.fr\/blog\/fabien-galthie-nous-avons-mis-des-joueurs-sur-le-banc-qui-ont-de-limpact\/#primaryimage","url":"https:\/\/dicodusport.fr\/blog\/wp-content\/uploads\/2021\/11\/Fabien-Galthie\u0301-Nous-avons-mis-des-joueurs-sur-le-banc-qui-ont-de-limpact.png","contentUrl":"https:\/\/dicodusport.fr\/blog\/wp-content\/uploads\/2021\/11\/Fabien-Galthie\u0301-Nous-avons-mis-des-joueurs-sur-le-banc-qui-ont-de-limpact.png","width":800,"height":445},{"@type":"BreadcrumbList","@id":"https:\/\/dicodusport.fr\/blog\/fabien-galthie-nous-avons-mis-des-joueurs-sur-le-banc-qui-ont-de-limpact\/#breadcrumb","itemListElement":[{"@type":"ListItem","position":1,"name":"Accueil","item":"https:\/\/dicodusport.fr\/blog\/"},{"@type":"ListItem","position":2,"name":"Fabien Galthi\u00e9 : \u00ab\u00a0Nous avons mis des joueurs sur le banc qui ont de l\u2019impact\u00a0\u00bb"}]},{"@type":"WebSite","@id":"https:\/\/dicodusport.fr\/blog\/#website","url":"https:\/\/dicodusport.fr\/blog\/","name":"Dicodusport","description":"L&#039;encyclop\u00e9die de l&#039;actualit\u00e9 sportive","publisher":{"@id":"https:\/\/dicodusport.fr\/blog\/#organization"},"potentialAction":[{"@type":"SearchAction","target":{"@type":"EntryPoint","urlTemplate":"https:\/\/dicodusport.fr\/blog\/?s={search_term_string}"},"query-input":{"@type":"PropertyValueSpecification","valueRequired":true,"valueName":"search_term_string"}}],"inLanguage":"fr-FR"},{"@type":"NewsMediaOrganization","@id":"https:\/\/dicodusport.fr\/blog\/#organization","name":"Dicodusport","url":"https:\/\/dicodusport.fr\/blog\/","logo":{"@type":"ImageObject","inLanguage":"fr-FR","@id":"https:\/\/dicodusport.fr\/blog\/#\/schema\/logo\/image\/","url":"https:\/\/dicodusport.fr\/blog\/wp-content\/uploads\/2020\/06\/cropped-LOGO-DICODUSPORT-2020-SANS-FOND-SANS-TEXTE.png","contentUrl":"https:\/\/dicodusport.fr\/blog\/wp-content\/uploads\/2020\/06\/cropped-LOGO-DICODUSPORT-2020-SANS-FOND-SANS-TEXTE.png","width":512,"height":512,"caption":"Dicodusport"},"image":{"@id":"https:\/\/dicodusport.fr\/blog\/#\/schema\/logo\/image\/"},"sameAs":["https:\/\/www.facebook.com\/dicodusport","https:\/\/x.com\/dicodusport","https:\/\/www.instagram.com\/dicodusport\/","https:\/\/www.youtube.com\/channel\/UC7V2KZ5sd3htJivAbA4ZG3w"],"description":"Dicodusport est l'encyclop\u00e9die de l'actualit\u00e9 sportive.","email":"bonjour@dicodusport.fr","legalName":"DICODUSPORT","foundingDate":"2018-01-14","vatID":"FR71834470973","taxID":"83447097300043","numberOfEmployees":{"@type":"QuantitativeValue","minValue":"1","maxValue":"10"}},{"@type":"Person","@id":"https:\/\/dicodusport.fr\/blog\/#\/schema\/person\/55dcb50ad410894e431ed812bbb70191","name":"Nicolas Jacquemard","image":{"@type":"ImageObject","inLanguage":"fr-FR","@id":"https:\/\/dicodusport.fr\/blog\/#\/schema\/person\/image\/","url":"https:\/\/dicodusport.fr\/blog\/wp-content\/uploads\/2021\/05\/Nicolas-Jacquemard-150x150.jpeg","contentUrl":"https:\/\/dicodusport.fr\/blog\/wp-content\/uploads\/2021\/05\/Nicolas-Jacquemard-150x150.jpeg","caption":"Nicolas Jacquemard"},"description":"Passionn\u00e9 de sport et entrepreneur depuis mes 18 ans, la cr\u00e9ation de Dicodusport m'a sembl\u00e9 \u00e9vidente pour participer \u00e0 la m\u00e9diatisation d'un plus grand nombre de sports. Le chemin est long mais avec une \u00e9quipe des plus motiv\u00e9es et les Jeux Olympiques de Paris 2024 en point de mire, nous y arriverons ! Journaliste dans le monde du sport depuis plus de 5 ans, je traite aussi bien de football, de rugby, de biathlon que de cyclisme.","sameAs":["https:\/\/www.facebook.com\/dicodusport","https:\/\/x.com\/https:\/\/twitter.com\/Nico_Jacquemard"],"url":"https:\/\/dicodusport.fr\/blog\/author\/dicodusport\/"}]}},"_links":{"self":[{"href":"https:\/\/dicodusport.fr\/blog\/wp-json\/wp\/v2\/posts\/177556","targetHints":{"allow":["GET"]}}],"collection":[{"href":"https:\/\/dicodusport.fr\/blog\/wp-json\/wp\/v2\/posts"}],"about":[{"href":"https:\/\/dicodusport.fr\/blog\/wp-json\/wp\/v2\/types\/post"}],"author":[{"embeddable":true,"href":"https:\/\/dicodusport.fr\/blog\/wp-json\/wp\/v2\/users\/1"}],"replies":[{"embeddable":true,"href":"https:\/\/dicodusport.fr\/blog\/wp-json\/wp\/v2\/comments?post=177556"}],"version-history":[{"count":0,"href":"https:\/\/dicodusport.fr\/blog\/wp-json\/wp\/v2\/posts\/177556\/revisions"}],"wp:featuredmedia":[{"embeddable":true,"href":"https:\/\/dicodusport.fr\/blog\/wp-json\/wp\/v2\/media\/177557"}],"wp:attachment":[{"href":"https:\/\/dicodusport.fr\/blog\/wp-json\/wp\/v2\/media?parent=177556"}],"wp:term":[{"taxonomy":"category","embeddable":true,"href":"https:\/\/dicodusport.fr\/blog\/wp-json\/wp\/v2\/categories?post=177556"},{"taxonomy":"post_tag","embeddable":true,"href":"https:\/\/dicodusport.fr\/blog\/wp-json\/wp\/v2\/tags?post=177556"}],"curies":[{"name":"wp","href":"https:\/\/api.w.org\/{rel}","templated":true}]}}